{"id":41019,"date":"2022-12-03T21:46:32","date_gmt":"2022-12-04T00:46:32","guid":{"rendered":"https:\/\/www.cidademarketing.com.br\/marketing\/?p=41019"},"modified":"2022-12-03T21:46:32","modified_gmt":"2022-12-04T00:46:32","slug":"ninho-convida-consumidores-a-conhecerem-jornada-sustentavel-da-marca-e-lanca-embalagens-comemorativas","status":"publish","type":"post","link":"https:\/\/www.cidademarketing.com.br\/marketing\/2022\/12\/03\/ninho-convida-consumidores-a-conhecerem-jornada-sustentavel-da-marca-e-lanca-embalagens-comemorativas\/","title":{"rendered":"NINHO\u00ae convida consumidores a conhecerem jornada sustent\u00e1vel da marca e lan\u00e7a embalagens comemorativas"},"content":{"rendered":"<p>A Nestl\u00e9\u00ae prioriza e acelera o incentivo de pr\u00e1ticas regenerativas nas fazendas que fornecem leite para a companhia, tendo o compromisso de, no Brasil, obter 30% das principais mat\u00e9rias-primas (leite, caf\u00e9 e cacau) por meio de pr\u00e1ticas regenerativas at\u00e9 2025. Neste contexto, a marca NINHO\u00ae possui um programa que incentiva e remunera produtores e parceiros a adotarem pr\u00e1ticas sustent\u00e1veis e regenerativas, contribuindo para a jornada de neutraliza\u00e7\u00e3o das emiss\u00f5es de carbono.<\/p>\n<p><iframe title=\"Spotify Embed: Podcast CidadeMarketing\" style=\"border-radius: 12px\" width=\"100%\" height=\"152\" frameborder=\"0\" allowfullscreen allow=\"autoplay; clipboard-write; encrypted-media; fullscreen; picture-in-picture\" loading=\"lazy\" src=\"https:\/\/open.spotify.com\/embed\/show\/4khMKzP3FgFRWVwb73xicc?si=252fe5bff2b34909&#038;utm_source=oembed\"><\/iframe><\/p>\n<p>E, para aproximar o consumidor das pr\u00e1ticas realizadas nas fazendas, NINHO\u00ae lan\u00e7a embalagens comemorativas com o mote A Diferen\u00e7a que vem da fazenda para celebrar mais de 300 milh\u00f5es de copos de leite vindos de fazendas que adotam pr\u00e1ticas avan\u00e7adas de agricultura regenerativa focadas em tr\u00eas pilares: cuidados com o solo, redu\u00e7\u00e3o do uso da \u00e1gua e bem-estar animal. S\u00e3o embalagens que unem conhecimento sobre sustentabilidade \u00e0 tecnologia, em uma edi\u00e7\u00e3o limitada da linha NINHO\u00ae Forti+, nas vers\u00f5es instant\u00e2neo e integral.<\/p>\n<p>Em cada uma das latas especiais, um QR Code direciona o consumidor para uma p\u00e1gina no site da marca com conte\u00fados que explicam como NINHO\u00ae tem transformado a produ\u00e7\u00e3o de leite junto aos produtores. As embalagens estar\u00e3o nos pontos de vendas das regi\u00f5es sudeste e centro-oeste, a partir de janeiro.<\/p>\n<p>As fazendas fornecedoras de NINHO\u00ae com pr\u00e1ticas regenerativas representam, juntas, mais de 30 mil vacas vivendo em ambientes climatizados que proporcionam mais conforto e sa\u00fade; nos cuidados com o solo, as pr\u00e1ticas regenerativas contribuem com a redu\u00e7\u00e3o do impacto em uma \u00e1rea equivalente a 7 mil campos de futebol; e desde 2020, j\u00e1 se economizou o equivalente a 75 milh\u00f5es de litros por meio da gest\u00e3o do uso da \u00e1gua. Medidas que est\u00e3o alinhadas \u00e0 meta de descarboniza\u00e7\u00e3o da Nestl\u00e9 para reduzir suas emiss\u00f5es pela metade at\u00e9 2030 e atingir emiss\u00f5es l\u00edquidas zero em 2050.<\/p>\n<p>\u201cAcreditamos que as pr\u00e1ticas sustent\u00e1veis e regenerativas incentivadas pela Nestl\u00e9 vem transformando a produ\u00e7\u00e3o de leite nacional. A marca Ninho tem um papel relevante nessa jornada de transforma\u00e7\u00e3o e no futuro dos nossos brasileirinhos. As embalagens comemorativas visam aproximar do consumidor o trabalho e pioneirismo que est\u00e3o sendo feitos no campo e conscientiz\u00e1-lo sobre a import\u00e2ncia do cuidado com o meio ambiente\u201d, explica Stephanie Arnesen, diretora de L\u00e1cteos na Nestl\u00e9 Brasil.<\/p>\n<p>Programa Nature por NINHO\u00ae<\/p>\n<p>A Nestl\u00e9 conta com o programa Nature por NINHO\u00ae, direcionado \u00e0 cadeia do leite, que incentiva e remunera o produtor de acordo com ado\u00e7\u00e3o de pr\u00e1ticas regenerativas classificadas como Bronze, Prata e Ouro. Estas pr\u00e1ticas objetivam o aumento da biodiversidade e sa\u00fade do solo por meio do cultivo m\u00ednimo, do plantio de cobertura, diversidade e rota\u00e7\u00e3o de culturas, al\u00e9m das medidas de manejo e inclus\u00e3o de dejetos no plano de fertiliza\u00e7\u00e3o do solo. As pr\u00e1ticas tamb\u00e9m abrangem\u202fconserva\u00e7\u00e3o dos recursos h\u00eddricos, e a\u00e7\u00f5es de sa\u00fade e bem-estar animal. Hoje, 176 fazendas j\u00e1 s\u00e3o certificadas no programa entre as categorias Prata e Ouro, o que significa mais de 14 milh\u00f5es de litros de leite produzidos por m\u00eas, em mais de 11 mil hectares, que j\u00e1 v\u00eam adotando pr\u00e1ticas de agricultura e pecu\u00e1ria regenerativas e \u00e9 por meio da agricultura regenerativa que a Nestl\u00e9 est\u00e1 promovendo a descarboniza\u00e7\u00e3o da cadeia.<\/p>\n<p>Parceria com a Embrapa<\/p>\n<p>De forma pioneira, em 2021 a Nestl\u00e9 assinou a parceria com a Embrapa para a pecu\u00e1ria de leite de baixo carbono e firmou o compromisso de transformar a primeira fazenda Net Zero em emiss\u00f5es de carbono no Brasil. S\u00e3o iniciativas que sustentam o compromisso global pela redu\u00e7\u00e3o das emiss\u00f5es de gases de efeito estufa, por meio de pr\u00e1ticas de agricultura regenerativa nas propriedades fornecedoras, compartilhamento dos dados cient\u00edficos mais atuais sobre o tema e dicas pr\u00e1ticas da atua\u00e7\u00e3o em campo.<\/p>\n<p>Em fevereiro, Nestl\u00e9 e Embrapa anunciaram o desenvolvimento do primeiro protocolo nacional para pecu\u00e1ria de leite de baixo carbono. A iniciativa envolve a cria\u00e7\u00e3o de diretrizes para os produtores em temas como manejo do solo, bem-estar dos animais, tratamento e destina\u00e7\u00e3o de dejetos, al\u00e9m de uma calculadora que mostrar\u00e1 o balan\u00e7o de carbono equivalente das propriedades leiteiras em diferentes biomas e sistemas de produ\u00e7\u00e3o, com um retrato individualizado para as fazendas \u2013 e consequente plano de a\u00e7\u00e3o personalizado, com a\u00e7\u00f5es coordenadas.<\/p>\n<p><iframe style=\"width: 100%; max-width: 660px; overflow: hidden; background: transparent;\" src=\"https:\/\/embed.podcasts.apple.com\/br\/podcast\/podcast-cidademarketing\/id1371923283\" height=\"450\" frameborder=\"0\" sandbox=\"allow-forms allow-popups allow-same-origin allow-scripts allow-storage-access-by-user-activation allow-top-navigation-by-user-activation\"><\/iframe><\/p>\n<p>&nbsp;<\/p>\n","protected":false},"excerpt":{"rendered":"<p>A Nestl\u00e9\u00ae prioriza e acelera o incentivo de pr\u00e1ticas regenerativas nas fazendas que fornecem leite para a companhia, tendo o compromisso de, no Brasil, obter 30% das principais mat\u00e9rias-primas (leite, caf\u00e9 e cacau) por meio de pr\u00e1ticas regenerativas at\u00e9 2025. Neste contexto, a marca NINHO\u00ae possui um programa que incentiva e remunera produtores e parceiros [&hellip;]<\/p>\n","protected":false},"author":1,"featured_media":35952,"comment_status":"open","ping_status":"open","sticky":false,"template":"","format":"standard","meta":{"tdm_status":"","tdm_grid_status":"","footnotes":""},"categories":[6],"tags":[65,33,28,177,1237,131,1853,176],"class_list":["post-41019","post","type-post","status-publish","format-standard","has-post-thumbnail","hentry","category-noticias","tag-campanha","tag-estrategia","tag-marketing","tag-marketing-social","tag-meio-ambiente","tag-nestle","tag-ninho","tag-sustentabilidade"],"yoast_head":"<!-- This site is optimized with the Yoast SEO plugin v27.5 - https:\/\/yoast.com\/product\/yoast-seo-wordpress\/ -->\n<title>NINHO\u00ae convida consumidores a conhecerem jornada sustent\u00e1vel da marca e lan\u00e7a embalagens comemorativas - CidadeMarketing<\/title>\n<meta name=\"robots\" content=\"index, follow, max-snippet:-1, max-image-preview:large, max-video-preview:-1\" \/>\n<link rel=\"canonical\" href=\"https:\/\/www.cidademarketing.com.br\/marketing\/2022\/12\/03\/ninho-convida-consumidores-a-conhecerem-jornada-sustentavel-da-marca-e-lanca-embalagens-comemorativas\/\" \/>\n<meta property=\"og:locale\" content=\"pt_BR\" \/>\n<meta property=\"og:type\" content=\"article\" \/>\n<meta property=\"og:title\" content=\"NINHO\u00ae convida consumidores a conhecerem jornada sustent\u00e1vel da marca e lan\u00e7a embalagens comemorativas - CidadeMarketing\" \/>\n<meta property=\"og:description\" content=\"A Nestl\u00e9\u00ae prioriza e acelera o incentivo de pr\u00e1ticas regenerativas nas fazendas que fornecem leite para a companhia, tendo o compromisso de, no Brasil, obter 30% das principais mat\u00e9rias-primas (leite, caf\u00e9 e cacau) por meio de pr\u00e1ticas regenerativas at\u00e9 2025. Neste contexto, a marca NINHO\u00ae possui um programa que incentiva e remunera produtores e parceiros [&hellip;]\" \/>\n<meta property=\"og:url\" content=\"https:\/\/www.cidademarketing.com.br\/marketing\/2022\/12\/03\/ninho-convida-consumidores-a-conhecerem-jornada-sustentavel-da-marca-e-lanca-embalagens-comemorativas\/\" \/>\n<meta property=\"og:site_name\" content=\"CidadeMarketing\" \/>\n<meta property=\"article:publisher\" content=\"https:\/\/www.facebook.com\/portalcidademarketing\" \/>\n<meta property=\"article:author\" content=\"https:\/\/www.facebook.com\/thalesbrandao\" \/>\n<meta property=\"article:published_time\" content=\"2022-12-04T00:46:32+00:00\" \/>\n<meta property=\"og:image\" content=\"https:\/\/www.cidademarketing.com.br\/marketing\/wp-content\/uploads\/2022\/04\/nestle_ninho.png\" \/>\n\t<meta property=\"og:image:width\" content=\"480\" \/>\n\t<meta property=\"og:image:height\" content=\"480\" \/>\n\t<meta property=\"og:image:type\" content=\"image\/png\" \/>\n<meta name=\"author\" content=\"Thales Brand\u00e3o\" \/>\n<meta name=\"twitter:card\" content=\"summary_large_image\" \/>\n<meta name=\"twitter:creator\" content=\"@http:\/\/www.twitter.com\/thalesbrandao\" \/>\n<meta name=\"twitter:site\" content=\"@CidadeMarketing\" \/>\n<meta name=\"twitter:label1\" content=\"Escrito por\" \/>\n\t<meta name=\"twitter:data1\" content=\"Thales Brand\u00e3o\" \/>\n\t<meta name=\"twitter:label2\" content=\"Est. tempo de leitura\" \/>\n\t<meta name=\"twitter:data2\" content=\"4 minutos\" \/>\n<script type=\"application\/ld+json\" class=\"yoast-schema-graph\">{\"@context\":\"https:\\\/\\\/schema.org\",\"@graph\":[{\"@type\":\"Article\",\"@id\":\"https:\\\/\\\/www.cidademarketing.com.br\\\/marketing\\\/2022\\\/12\\\/03\\\/ninho-convida-consumidores-a-conhecerem-jornada-sustentavel-da-marca-e-lanca-embalagens-comemorativas\\\/#article\",\"isPartOf\":{\"@id\":\"https:\\\/\\\/www.cidademarketing.com.br\\\/marketing\\\/2022\\\/12\\\/03\\\/ninho-convida-consumidores-a-conhecerem-jornada-sustentavel-da-marca-e-lanca-embalagens-comemorativas\\\/\"},\"author\":{\"name\":\"Thales Brand\u00e3o\",\"@id\":\"https:\\\/\\\/www.cidademarketing.com.br\\\/marketing\\\/#\\\/schema\\\/person\\\/02daff9f18bd9378c9e01eb6b2db155f\"},\"headline\":\"NINHO\u00ae convida consumidores a conhecerem jornada sustent\u00e1vel da marca e lan\u00e7a embalagens comemorativas\",\"datePublished\":\"2022-12-04T00:46:32+00:00\",\"mainEntityOfPage\":{\"@id\":\"https:\\\/\\\/www.cidademarketing.com.br\\\/marketing\\\/2022\\\/12\\\/03\\\/ninho-convida-consumidores-a-conhecerem-jornada-sustentavel-da-marca-e-lanca-embalagens-comemorativas\\\/\"},\"wordCount\":779,\"commentCount\":0,\"publisher\":{\"@id\":\"https:\\\/\\\/www.cidademarketing.com.br\\\/marketing\\\/#organization\"},\"image\":{\"@id\":\"https:\\\/\\\/www.cidademarketing.com.br\\\/marketing\\\/2022\\\/12\\\/03\\\/ninho-convida-consumidores-a-conhecerem-jornada-sustentavel-da-marca-e-lanca-embalagens-comemorativas\\\/#primaryimage\"},\"thumbnailUrl\":\"https:\\\/\\\/www.cidademarketing.com.br\\\/marketing\\\/wp-content\\\/uploads\\\/2022\\\/04\\\/nestle_ninho.png\",\"keywords\":[\"campanha\",\"estrat\u00e9gia\",\"marketing\",\"marketing social\",\"meio ambiente\",\"Nestl\u00e9\",\"Ninho\",\"sustentabilidade\"],\"articleSection\":[\"Not\u00edcias\"],\"inLanguage\":\"pt-BR\",\"potentialAction\":[{\"@type\":\"CommentAction\",\"name\":\"Comment\",\"target\":[\"https:\\\/\\\/www.cidademarketing.com.br\\\/marketing\\\/2022\\\/12\\\/03\\\/ninho-convida-consumidores-a-conhecerem-jornada-sustentavel-da-marca-e-lanca-embalagens-comemorativas\\\/#respond\"]}]},{\"@type\":\"WebPage\",\"@id\":\"https:\\\/\\\/www.cidademarketing.com.br\\\/marketing\\\/2022\\\/12\\\/03\\\/ninho-convida-consumidores-a-conhecerem-jornada-sustentavel-da-marca-e-lanca-embalagens-comemorativas\\\/\",\"url\":\"https:\\\/\\\/www.cidademarketing.com.br\\\/marketing\\\/2022\\\/12\\\/03\\\/ninho-convida-consumidores-a-conhecerem-jornada-sustentavel-da-marca-e-lanca-embalagens-comemorativas\\\/\",\"name\":\"NINHO\u00ae convida consumidores a conhecerem jornada sustent\u00e1vel da marca e lan\u00e7a embalagens comemorativas - CidadeMarketing\",\"isPartOf\":{\"@id\":\"https:\\\/\\\/www.cidademarketing.com.br\\\/marketing\\\/#website\"},\"primaryImageOfPage\":{\"@id\":\"https:\\\/\\\/www.cidademarketing.com.br\\\/marketing\\\/2022\\\/12\\\/03\\\/ninho-convida-consumidores-a-conhecerem-jornada-sustentavel-da-marca-e-lanca-embalagens-comemorativas\\\/#primaryimage\"},\"image\":{\"@id\":\"https:\\\/\\\/www.cidademarketing.com.br\\\/marketing\\\/2022\\\/12\\\/03\\\/ninho-convida-consumidores-a-conhecerem-jornada-sustentavel-da-marca-e-lanca-embalagens-comemorativas\\\/#primaryimage\"},\"thumbnailUrl\":\"https:\\\/\\\/www.cidademarketing.com.br\\\/marketing\\\/wp-content\\\/uploads\\\/2022\\\/04\\\/nestle_ninho.png\",\"datePublished\":\"2022-12-04T00:46:32+00:00\",\"breadcrumb\":{\"@id\":\"https:\\\/\\\/www.cidademarketing.com.br\\\/marketing\\\/2022\\\/12\\\/03\\\/ninho-convida-consumidores-a-conhecerem-jornada-sustentavel-da-marca-e-lanca-embalagens-comemorativas\\\/#breadcrumb\"},\"inLanguage\":\"pt-BR\",\"potentialAction\":[{\"@type\":\"ReadAction\",\"target\":[\"https:\\\/\\\/www.cidademarketing.com.br\\\/marketing\\\/2022\\\/12\\\/03\\\/ninho-convida-consumidores-a-conhecerem-jornada-sustentavel-da-marca-e-lanca-embalagens-comemorativas\\\/\"]}]},{\"@type\":\"ImageObject\",\"inLanguage\":\"pt-BR\",\"@id\":\"https:\\\/\\\/www.cidademarketing.com.br\\\/marketing\\\/2022\\\/12\\\/03\\\/ninho-convida-consumidores-a-conhecerem-jornada-sustentavel-da-marca-e-lanca-embalagens-comemorativas\\\/#primaryimage\",\"url\":\"https:\\\/\\\/www.cidademarketing.com.br\\\/marketing\\\/wp-content\\\/uploads\\\/2022\\\/04\\\/nestle_ninho.png\",\"contentUrl\":\"https:\\\/\\\/www.cidademarketing.com.br\\\/marketing\\\/wp-content\\\/uploads\\\/2022\\\/04\\\/nestle_ninho.png\",\"width\":480,\"height\":480},{\"@type\":\"BreadcrumbList\",\"@id\":\"https:\\\/\\\/www.cidademarketing.com.br\\\/marketing\\\/2022\\\/12\\\/03\\\/ninho-convida-consumidores-a-conhecerem-jornada-sustentavel-da-marca-e-lanca-embalagens-comemorativas\\\/#breadcrumb\",\"itemListElement\":[{\"@type\":\"ListItem\",\"position\":1,\"name\":\"In\u00edcio\",\"item\":\"https:\\\/\\\/www.cidademarketing.com.br\\\/marketing\\\/\"},{\"@type\":\"ListItem\",\"position\":2,\"name\":\"NINHO\u00ae convida consumidores a conhecerem jornada sustent\u00e1vel da marca e lan\u00e7a embalagens comemorativas\"}]},{\"@type\":\"WebSite\",\"@id\":\"https:\\\/\\\/www.cidademarketing.com.br\\\/marketing\\\/#website\",\"url\":\"https:\\\/\\\/www.cidademarketing.com.br\\\/marketing\\\/\",\"name\":\"CidadeMarketing\",\"description\":\"Somos um ve\u00edculo de comunica\u00e7\u00e3o de destaque no Brasil, reconhecido por conte\u00fados nos segmentos de marketing, empreendedorismo e inova\u00e7\u00e3o.\",\"publisher\":{\"@id\":\"https:\\\/\\\/www.cidademarketing.com.br\\\/marketing\\\/#organization\"},\"alternateName\":\"CidadeMarketing\",\"potentialAction\":[{\"@type\":\"SearchAction\",\"target\":{\"@type\":\"EntryPoint\",\"urlTemplate\":\"https:\\\/\\\/www.cidademarketing.com.br\\\/marketing\\\/?s={search_term_string}\"},\"query-input\":{\"@type\":\"PropertyValueSpecification\",\"valueRequired\":true,\"valueName\":\"search_term_string\"}}],\"inLanguage\":\"pt-BR\"},{\"@type\":\"Organization\",\"@id\":\"https:\\\/\\\/www.cidademarketing.com.br\\\/marketing\\\/#organization\",\"name\":\"CidadeMarketing\",\"alternateName\":\"CidadeMarketing\",\"url\":\"https:\\\/\\\/www.cidademarketing.com.br\\\/marketing\\\/\",\"logo\":{\"@type\":\"ImageObject\",\"inLanguage\":\"pt-BR\",\"@id\":\"https:\\\/\\\/www.cidademarketing.com.br\\\/marketing\\\/#\\\/schema\\\/logo\\\/image\\\/\",\"url\":\"https:\\\/\\\/www.cidademarketing.com.br\\\/marketing\\\/wp-content\\\/uploads\\\/2020\\\/01\\\/cidademarketing_marca_mobile.png\",\"contentUrl\":\"https:\\\/\\\/www.cidademarketing.com.br\\\/marketing\\\/wp-content\\\/uploads\\\/2020\\\/01\\\/cidademarketing_marca_mobile.png\",\"width\":230,\"height\":92,\"caption\":\"CidadeMarketing\"},\"image\":{\"@id\":\"https:\\\/\\\/www.cidademarketing.com.br\\\/marketing\\\/#\\\/schema\\\/logo\\\/image\\\/\"},\"sameAs\":[\"https:\\\/\\\/www.facebook.com\\\/portalcidademarketing\",\"https:\\\/\\\/x.com\\\/CidadeMarketing\",\"https:\\\/\\\/www.instagram.com\\\/cidademarketing\\\/\"]},{\"@type\":\"Person\",\"@id\":\"https:\\\/\\\/www.cidademarketing.com.br\\\/marketing\\\/#\\\/schema\\\/person\\\/02daff9f18bd9378c9e01eb6b2db155f\",\"name\":\"Thales Brand\u00e3o\",\"image\":{\"@type\":\"ImageObject\",\"inLanguage\":\"pt-BR\",\"@id\":\"https:\\\/\\\/secure.gravatar.com\\\/avatar\\\/7ca3206950207cc3cb48feec56a8a7898741ab725c368d99d5d7a5a50aab80c6?s=96&d=mm&r=g\",\"url\":\"https:\\\/\\\/secure.gravatar.com\\\/avatar\\\/7ca3206950207cc3cb48feec56a8a7898741ab725c368d99d5d7a5a50aab80c6?s=96&d=mm&r=g\",\"contentUrl\":\"https:\\\/\\\/secure.gravatar.com\\\/avatar\\\/7ca3206950207cc3cb48feec56a8a7898741ab725c368d99d5d7a5a50aab80c6?s=96&d=mm&r=g\",\"caption\":\"Thales Brand\u00e3o\"},\"description\":\"Editor Executivo do Portal CidadeMarketing.com.br &gt; Mestre em Comunica\u00e7\u00e3o e Sociedade pela Universidade Federal de Sergipe. Possui MBA Executivo em Administra\u00e7\u00e3o com \u00eanfase em Marketing pela Funda\u00e7\u00e3o Get\u00falio Vargas - Rio de Janeiro. Consultor, Palestrante e Pesquisador sobre Empreendedorismo, Marketing, Redes Sociais e Neg\u00f3cios Digitais. Professor, Palestrante TedxTalks e Campus Party. Twitter: @ThalesBrandao\",\"sameAs\":[\"http:\\\/\\\/www.mandacaru.com.br\",\"https:\\\/\\\/www.facebook.com\\\/thalesbrandao\",\"http:\\\/\\\/www.instagram.com.br\\\/thalesbrandaoferreira\",\"https:\\\/\\\/www.linkedin.com\\\/in\\\/thales-brand\u00e3o-3948609\\\/\",\"https:\\\/\\\/x.com\\\/http:\\\/\\\/www.twitter.com\\\/thalesbrandao\"],\"url\":\"https:\\\/\\\/www.cidademarketing.com.br\\\/marketing\\\/author\\\/thalesbrandao\\\/\"}]}<\/script>\n<!-- \/ Yoast SEO plugin. -->","yoast_head_json":{"title":"NINHO\u00ae convida consumidores a conhecerem jornada sustent\u00e1vel da marca e lan\u00e7a embalagens comemorativas - CidadeMarketing","robots":{"index":"index","follow":"follow","max-snippet":"max-snippet:-1","max-image-preview":"max-image-preview:large","max-video-preview":"max-video-preview:-1"},"canonical":"https:\/\/www.cidademarketing.com.br\/marketing\/2022\/12\/03\/ninho-convida-consumidores-a-conhecerem-jornada-sustentavel-da-marca-e-lanca-embalagens-comemorativas\/","og_locale":"pt_BR","og_type":"article","og_title":"NINHO\u00ae convida consumidores a conhecerem jornada sustent\u00e1vel da marca e lan\u00e7a embalagens comemorativas - CidadeMarketing","og_description":"A Nestl\u00e9\u00ae prioriza e acelera o incentivo de pr\u00e1ticas regenerativas nas fazendas que fornecem leite para a companhia, tendo o compromisso de, no Brasil, obter 30% das principais mat\u00e9rias-primas (leite, caf\u00e9 e cacau) por meio de pr\u00e1ticas regenerativas at\u00e9 2025. Neste contexto, a marca NINHO\u00ae possui um programa que incentiva e remunera produtores e parceiros [&hellip;]","og_url":"https:\/\/www.cidademarketing.com.br\/marketing\/2022\/12\/03\/ninho-convida-consumidores-a-conhecerem-jornada-sustentavel-da-marca-e-lanca-embalagens-comemorativas\/","og_site_name":"CidadeMarketing","article_publisher":"https:\/\/www.facebook.com\/portalcidademarketing","article_author":"https:\/\/www.facebook.com\/thalesbrandao","article_published_time":"2022-12-04T00:46:32+00:00","og_image":[{"width":480,"height":480,"url":"https:\/\/www.cidademarketing.com.br\/marketing\/wp-content\/uploads\/2022\/04\/nestle_ninho.png","type":"image\/png"}],"author":"Thales Brand\u00e3o","twitter_card":"summary_large_image","twitter_creator":"@http:\/\/www.twitter.com\/thalesbrandao","twitter_site":"@CidadeMarketing","twitter_misc":{"Escrito por":"Thales Brand\u00e3o","Est. tempo de leitura":"4 minutos"},"schema":{"@context":"https:\/\/schema.org","@graph":[{"@type":"Article","@id":"https:\/\/www.cidademarketing.com.br\/marketing\/2022\/12\/03\/ninho-convida-consumidores-a-conhecerem-jornada-sustentavel-da-marca-e-lanca-embalagens-comemorativas\/#article","isPartOf":{"@id":"https:\/\/www.cidademarketing.com.br\/marketing\/2022\/12\/03\/ninho-convida-consumidores-a-conhecerem-jornada-sustentavel-da-marca-e-lanca-embalagens-comemorativas\/"},"author":{"name":"Thales Brand\u00e3o","@id":"https:\/\/www.cidademarketing.com.br\/marketing\/#\/schema\/person\/02daff9f18bd9378c9e01eb6b2db155f"},"headline":"NINHO\u00ae convida consumidores a conhecerem jornada sustent\u00e1vel da marca e lan\u00e7a embalagens comemorativas","datePublished":"2022-12-04T00:46:32+00:00","mainEntityOfPage":{"@id":"https:\/\/www.cidademarketing.com.br\/marketing\/2022\/12\/03\/ninho-convida-consumidores-a-conhecerem-jornada-sustentavel-da-marca-e-lanca-embalagens-comemorativas\/"},"wordCount":779,"commentCount":0,"publisher":{"@id":"https:\/\/www.cidademarketing.com.br\/marketing\/#organization"},"image":{"@id":"https:\/\/www.cidademarketing.com.br\/marketing\/2022\/12\/03\/ninho-convida-consumidores-a-conhecerem-jornada-sustentavel-da-marca-e-lanca-embalagens-comemorativas\/#primaryimage"},"thumbnailUrl":"https:\/\/www.cidademarketing.com.br\/marketing\/wp-content\/uploads\/2022\/04\/nestle_ninho.png","keywords":["campanha","estrat\u00e9gia","marketing","marketing social","meio ambiente","Nestl\u00e9","Ninho","sustentabilidade"],"articleSection":["Not\u00edcias"],"inLanguage":"pt-BR","potentialAction":[{"@type":"CommentAction","name":"Comment","target":["https:\/\/www.cidademarketing.com.br\/marketing\/2022\/12\/03\/ninho-convida-consumidores-a-conhecerem-jornada-sustentavel-da-marca-e-lanca-embalagens-comemorativas\/#respond"]}]},{"@type":"WebPage","@id":"https:\/\/www.cidademarketing.com.br\/marketing\/2022\/12\/03\/ninho-convida-consumidores-a-conhecerem-jornada-sustentavel-da-marca-e-lanca-embalagens-comemorativas\/","url":"https:\/\/www.cidademarketing.com.br\/marketing\/2022\/12\/03\/ninho-convida-consumidores-a-conhecerem-jornada-sustentavel-da-marca-e-lanca-embalagens-comemorativas\/","name":"NINHO\u00ae convida consumidores a conhecerem jornada sustent\u00e1vel da marca e lan\u00e7a embalagens comemorativas - CidadeMarketing","isPartOf":{"@id":"https:\/\/www.cidademarketing.com.br\/marketing\/#website"},"primaryImageOfPage":{"@id":"https:\/\/www.cidademarketing.com.br\/marketing\/2022\/12\/03\/ninho-convida-consumidores-a-conhecerem-jornada-sustentavel-da-marca-e-lanca-embalagens-comemorativas\/#primaryimage"},"image":{"@id":"https:\/\/www.cidademarketing.com.br\/marketing\/2022\/12\/03\/ninho-convida-consumidores-a-conhecerem-jornada-sustentavel-da-marca-e-lanca-embalagens-comemorativas\/#primaryimage"},"thumbnailUrl":"https:\/\/www.cidademarketing.com.br\/marketing\/wp-content\/uploads\/2022\/04\/nestle_ninho.png","datePublished":"2022-12-04T00:46:32+00:00","breadcrumb":{"@id":"https:\/\/www.cidademarketing.com.br\/marketing\/2022\/12\/03\/ninho-convida-consumidores-a-conhecerem-jornada-sustentavel-da-marca-e-lanca-embalagens-comemorativas\/#breadcrumb"},"inLanguage":"pt-BR","potentialAction":[{"@type":"ReadAction","target":["https:\/\/www.cidademarketing.com.br\/marketing\/2022\/12\/03\/ninho-convida-consumidores-a-conhecerem-jornada-sustentavel-da-marca-e-lanca-embalagens-comemorativas\/"]}]},{"@type":"ImageObject","inLanguage":"pt-BR","@id":"https:\/\/www.cidademarketing.com.br\/marketing\/2022\/12\/03\/ninho-convida-consumidores-a-conhecerem-jornada-sustentavel-da-marca-e-lanca-embalagens-comemorativas\/#primaryimage","url":"https:\/\/www.cidademarketing.com.br\/marketing\/wp-content\/uploads\/2022\/04\/nestle_ninho.png","contentUrl":"https:\/\/www.cidademarketing.com.br\/marketing\/wp-content\/uploads\/2022\/04\/nestle_ninho.png","width":480,"height":480},{"@type":"BreadcrumbList","@id":"https:\/\/www.cidademarketing.com.br\/marketing\/2022\/12\/03\/ninho-convida-consumidores-a-conhecerem-jornada-sustentavel-da-marca-e-lanca-embalagens-comemorativas\/#breadcrumb","itemListElement":[{"@type":"ListItem","position":1,"name":"In\u00edcio","item":"https:\/\/www.cidademarketing.com.br\/marketing\/"},{"@type":"ListItem","position":2,"name":"NINHO\u00ae convida consumidores a conhecerem jornada sustent\u00e1vel da marca e lan\u00e7a embalagens comemorativas"}]},{"@type":"WebSite","@id":"https:\/\/www.cidademarketing.com.br\/marketing\/#website","url":"https:\/\/www.cidademarketing.com.br\/marketing\/","name":"CidadeMarketing","description":"Somos um ve\u00edculo de comunica\u00e7\u00e3o de destaque no Brasil, reconhecido por conte\u00fados nos segmentos de marketing, empreendedorismo e inova\u00e7\u00e3o.","publisher":{"@id":"https:\/\/www.cidademarketing.com.br\/marketing\/#organization"},"alternateName":"CidadeMarketing","potentialAction":[{"@type":"SearchAction","target":{"@type":"EntryPoint","urlTemplate":"https:\/\/www.cidademarketing.com.br\/marketing\/?s={search_term_string}"},"query-input":{"@type":"PropertyValueSpecification","valueRequired":true,"valueName":"search_term_string"}}],"inLanguage":"pt-BR"},{"@type":"Organization","@id":"https:\/\/www.cidademarketing.com.br\/marketing\/#organization","name":"CidadeMarketing","alternateName":"CidadeMarketing","url":"https:\/\/www.cidademarketing.com.br\/marketing\/","logo":{"@type":"ImageObject","inLanguage":"pt-BR","@id":"https:\/\/www.cidademarketing.com.br\/marketing\/#\/schema\/logo\/image\/","url":"https:\/\/www.cidademarketing.com.br\/marketing\/wp-content\/uploads\/2020\/01\/cidademarketing_marca_mobile.png","contentUrl":"https:\/\/www.cidademarketing.com.br\/marketing\/wp-content\/uploads\/2020\/01\/cidademarketing_marca_mobile.png","width":230,"height":92,"caption":"CidadeMarketing"},"image":{"@id":"https:\/\/www.cidademarketing.com.br\/marketing\/#\/schema\/logo\/image\/"},"sameAs":["https:\/\/www.facebook.com\/portalcidademarketing","https:\/\/x.com\/CidadeMarketing","https:\/\/www.instagram.com\/cidademarketing\/"]},{"@type":"Person","@id":"https:\/\/www.cidademarketing.com.br\/marketing\/#\/schema\/person\/02daff9f18bd9378c9e01eb6b2db155f","name":"Thales Brand\u00e3o","image":{"@type":"ImageObject","inLanguage":"pt-BR","@id":"https:\/\/secure.gravatar.com\/avatar\/7ca3206950207cc3cb48feec56a8a7898741ab725c368d99d5d7a5a50aab80c6?s=96&d=mm&r=g","url":"https:\/\/secure.gravatar.com\/avatar\/7ca3206950207cc3cb48feec56a8a7898741ab725c368d99d5d7a5a50aab80c6?s=96&d=mm&r=g","contentUrl":"https:\/\/secure.gravatar.com\/avatar\/7ca3206950207cc3cb48feec56a8a7898741ab725c368d99d5d7a5a50aab80c6?s=96&d=mm&r=g","caption":"Thales Brand\u00e3o"},"description":"Editor Executivo do Portal CidadeMarketing.com.br &gt; Mestre em Comunica\u00e7\u00e3o e Sociedade pela Universidade Federal de Sergipe. Possui MBA Executivo em Administra\u00e7\u00e3o com \u00eanfase em Marketing pela Funda\u00e7\u00e3o Get\u00falio Vargas - Rio de Janeiro. Consultor, Palestrante e Pesquisador sobre Empreendedorismo, Marketing, Redes Sociais e Neg\u00f3cios Digitais. Professor, Palestrante TedxTalks e Campus Party. Twitter: @ThalesBrandao","sameAs":["http:\/\/www.mandacaru.com.br","https:\/\/www.facebook.com\/thalesbrandao","http:\/\/www.instagram.com.br\/thalesbrandaoferreira","https:\/\/www.linkedin.com\/in\/thales-brand\u00e3o-3948609\/","https:\/\/x.com\/http:\/\/www.twitter.com\/thalesbrandao"],"url":"https:\/\/www.cidademarketing.com.br\/marketing\/author\/thalesbrandao\/"}]}},"amp_enabled":true,"_links":{"self":[{"href":"https:\/\/www.cidademarketing.com.br\/marketing\/wp-json\/wp\/v2\/posts\/41019","targetHints":{"allow":["GET"]}}],"collection":[{"href":"https:\/\/www.cidademarketing.com.br\/marketing\/wp-json\/wp\/v2\/posts"}],"about":[{"href":"https:\/\/www.cidademarketing.com.br\/marketing\/wp-json\/wp\/v2\/types\/post"}],"author":[{"embeddable":true,"href":"https:\/\/www.cidademarketing.com.br\/marketing\/wp-json\/wp\/v2\/users\/1"}],"replies":[{"embeddable":true,"href":"https:\/\/www.cidademarketing.com.br\/marketing\/wp-json\/wp\/v2\/comments?post=41019"}],"version-history":[{"count":1,"href":"https:\/\/www.cidademarketing.com.br\/marketing\/wp-json\/wp\/v2\/posts\/41019\/revisions"}],"predecessor-version":[{"id":41020,"href":"https:\/\/www.cidademarketing.com.br\/marketing\/wp-json\/wp\/v2\/posts\/41019\/revisions\/41020"}],"wp:featuredmedia":[{"embeddable":true,"href":"https:\/\/www.cidademarketing.com.br\/marketing\/wp-json\/wp\/v2\/media\/35952"}],"wp:attachment":[{"href":"https:\/\/www.cidademarketing.com.br\/marketing\/wp-json\/wp\/v2\/media?parent=41019"}],"wp:term":[{"taxonomy":"category","embeddable":true,"href":"https:\/\/www.cidademarketing.com.br\/marketing\/wp-json\/wp\/v2\/categories?post=41019"},{"taxonomy":"post_tag","embeddable":true,"href":"https:\/\/www.cidademarketing.com.br\/marketing\/wp-json\/wp\/v2\/tags?post=41019"}],"curies":[{"name":"wp","href":"https:\/\/api.w.org\/{rel}","templated":true}]}}