{"id":40694,"date":"2022-11-27T15:48:55","date_gmt":"2022-11-27T18:48:55","guid":{"rendered":"https:\/\/www.cidademarketing.com.br\/marketing\/?p=40694"},"modified":"2022-11-27T15:48:55","modified_gmt":"2022-11-27T18:48:55","slug":"livro-avalia-os-impactos-da-pandemia-de-covid-19-no-mercado-de-trabalho","status":"publish","type":"post","link":"https:\/\/www.cidademarketing.com.br\/marketing\/2022\/11\/27\/livro-avalia-os-impactos-da-pandemia-de-covid-19-no-mercado-de-trabalho\/","title":{"rendered":"Livro avalia os impactos da pandemia de Covid-19 no mercado de trabalho"},"content":{"rendered":"<p>O livro \u201cImpactos da Pandemia de Covid-19 no Mercado de Trabalho e na Distribui\u00e7\u00e3o de Renda no Brasil\u201d, lan\u00e7ado pelo Instituto de Pesquisa Econ\u00f4mica Aplicada (Ipea), re\u00fane 28 estudos de pesquisadores da institui\u00e7\u00e3o e de outros \u00f3rg\u00e3os parceiros que contribu\u00edram com informa\u00e7\u00f5es peri\u00f3dicas desde 2020, quando a pandemia de Covid-19 deixou milh\u00f5es de fam\u00edlias desprovidas de renda advinda de atividades laborais. Al\u00e9m de apresentar impactos socioecon\u00f4micos no territ\u00f3rio nacional, a colet\u00e2nea engloba artigos com an\u00e1lise de pol\u00edticas p\u00fablicas implementadas para minimizar os efeitos das desigualdades sociais impostas pela emerg\u00eancia sanit\u00e1ria.<\/p>\n<p><iframe title=\"Spotify Embed: Podcast CidadeMarketing\" style=\"border-radius: 12px\" width=\"100%\" height=\"152\" frameborder=\"0\" allowfullscreen allow=\"autoplay; clipboard-write; encrypted-media; fullscreen; picture-in-picture\" loading=\"lazy\" src=\"https:\/\/open.spotify.com\/embed\/show\/4khMKzP3FgFRWVwb73xicc?si=252fe5bff2b34909&#038;utm_source=oembed\"><\/iframe><\/p>\n<p>O primeiro artigo, intitulado \u201cComportamento do Mercado de Trabalho Brasileiro em Duas Recess\u00f5es: An\u00e1lise do Per\u00edodo 2015-2016 e da Pandemia de Covid-19\u201d, avalia o comportamento de distintos indicadores sobre as condi\u00e7\u00f5es individuais em rela\u00e7\u00e3o ao mercado de trabalho (ocupado, desocupado e inativo) e \u00e0 remunera\u00e7\u00e3o no contexto dessas duas recess\u00f5es, desagregando os dados, ainda, com base em algumas caracter\u00edsticas dos trabalhadores, como g\u00eanero, idade, escolaridade.<\/p>\n<p>Ao comparar os efeitos sobre o emprego em duas contra\u00e7\u00f5es recentes da atividade econ\u00f4mica, a recess\u00e3o de 2015-2016 e o choque, em 2020, causado pelas medidas de enfrentamento da pandemia, os autores do primeiro cap\u00edtulo chegaram \u00e0 conclus\u00e3o que ambas as crises resultaram em queda na parcela da popula\u00e7\u00e3o ocupada. Ainda assim, a mais recente crise destaca-se pela queda abrupta a partir do m\u00eas de mar\u00e7o, resultando em uma diminui\u00e7\u00e3o de mais de 6 pontos percentuais na taxa de ocupa\u00e7\u00e3o, passando de 53,5% no quarto trimestre de 2019 para 47,1% no segundo trimestre de 2020. Enquanto a primeira estendeu-se por um prolongado per\u00edodo, atingindo um pico negativo de -5,5% de varia\u00e7\u00e3o do PIB no quarto trimestre de 2015, a segunda constitui um choque que levou a uma contra\u00e7\u00e3o de 11,4% no segundo trimestre de 2020.<\/p>\n<p>O cap\u00edtulo seis, \u201cMortalidade por Covid-19 e Queda do Emprego no Brasil e no Mundo\u201d, exp\u00f5e os impactos da pandemia no Brasil, tanto na mortalidade quanto no mercado de trabalho, em uma perspectiva comparada com dezenas de outros pa\u00edses. A an\u00e1lise metodol\u00f3gica apontou para uma situa\u00e7\u00e3o grave no caso brasileiro, uma vez que o Brasil estava entre os pa\u00edses mais afetados em ambos os indicadores. O estudo mostrou que o Brasil registrou, em propor\u00e7\u00e3o de sua popula\u00e7\u00e3o total, mais mortes por Covid-19 em 2020 do que 89,3% dos demais 178 pa\u00edses com dados compilados pela Organiza\u00e7\u00e3o Mundial da Sa\u00fade (OMS). O risco de morrer de Covid-19 no Brasil em 2020, dados a idade e o sexo da pessoa, foi 3,9 vezes mais alto do que no resto do mundo, de acordo com os registros nacionais.<\/p>\n<p>\u201cRetrato dos Rendimentos e Horas Trabalhadas Durante a Pandemia: Resultados da Pnad Cont\u00ednua do Terceiro Trimestre de 2021\u201d \u00e9 o t\u00edtulo do artigo que avalia os impactos causados pela pandemia no mercado de trabalho, dando enfoque na desigualdade desses efeitos sobre os rendimentos do trabalho e as horas trabalhadas dos profissionais que permaneceram ocupados. Os autores utilizaram tamb\u00e9m informa\u00e7\u00f5es sobre benef\u00edcios assistenciais nos primeiros meses da pandemia para verificar poss\u00edveis descolamentos da renda efetiva da renda habitual do trabalho.<\/p>\n<p>De acordo com os dados da Pnad Cont\u00ednua, no terceiro trimestre de 2021, as horas efetivamente trabalhadas e a propor\u00e7\u00e3o de afastados do trabalho n\u00e3o tiveram varia\u00e7\u00f5es significativas \u2013 contudo, foi observada forte queda da renda habitual e efetiva no per\u00edodo analisado. Ainda que parte do resultado seja consequ\u00eancia do retorno de trabalhadores menos qualificados ao mercado de trabalho, tanto as rendas efetivas quanto a habitual ainda est\u00e3o abaixo dos n\u00edveis anteriores \u00e0 pandemia, havendo uma queda da renda em compara\u00e7\u00e3o com o terceiro trimestre de 2019.<\/p>\n<p>Na se\u00e7\u00e3o sobre pol\u00edticas de mitiga\u00e7\u00e3o de impactos, o cap\u00edtulo \u201cProgramas Federais de Manuten\u00e7\u00e3o de Empregos e Garantia de Renda no Contexto da Pandemia em 2020: Panorama Geral de Implementa\u00e7\u00e3o e Cobertura\u201d apresenta uma radiografia das principais a\u00e7\u00f5es tomadas pelo Executivo federal diante da pandemia. As an\u00e1lises se concentram nas formas de apoio econ\u00f4mico a cidad\u00e3os, fam\u00edlias e empresas no contexto de crise sanit\u00e1ria, com destaque para o Programa Emergencial de Manuten\u00e7\u00e3o do Emprego e da Renda e para o Aux\u00edlio Emergencial.<\/p>\n<p>Os autores observaram que o pa\u00eds valeu-se de um consider\u00e1vel rol de capacidades estatais j\u00e1 existentes para viabilizar a operacionaliza\u00e7\u00e3o de um repert\u00f3rio de a\u00e7\u00f5es complementares no momento de crise. Um dos benef\u00edcios emergenciais adotados chamou bastante a aten\u00e7\u00e3o pela magnitude de seus n\u00fameros, ao envolver mais de 68 milh\u00f5es de benefici\u00e1rios (32,1% da popula\u00e7\u00e3o em idade ativa nacional e 38,7% da popula\u00e7\u00e3o) e superar os R$ 230 bilh\u00f5es de disp\u00eandio (mais de 3,2% do PIB) em 2020. A organiza\u00e7\u00e3o do livro ficou a cargo dos pesquisadores do Ipea Carlos Henrique Corseuil, Joana Sim\u00f5es Costa e Sandro Pereira Silva.\u00a0 Acesse o livro, <a href=\"https:\/\/www.ipea.gov.br\/portal\/publicacao-item?id=11058\/11561\" target=\"_blank\" rel=\"noopener\">clique aqui<\/a><\/p>\n<p><iframe style=\"width: 100%; max-width: 660px; overflow: hidden; background: transparent;\" src=\"https:\/\/embed.podcasts.apple.com\/br\/podcast\/podcast-cidademarketing\/id1371923283\" height=\"450\" frameborder=\"0\" sandbox=\"allow-forms allow-popups allow-same-origin allow-scripts allow-storage-access-by-user-activation allow-top-navigation-by-user-activation\"><\/iframe><\/p>\n","protected":false},"excerpt":{"rendered":"<p>O livro \u201cImpactos da Pandemia de Covid-19 no Mercado de Trabalho e na Distribui\u00e7\u00e3o de Renda no Brasil\u201d, lan\u00e7ado pelo Instituto de Pesquisa Econ\u00f4mica Aplicada (Ipea), re\u00fane 28 estudos de pesquisadores da institui\u00e7\u00e3o e de outros \u00f3rg\u00e3os parceiros que contribu\u00edram com informa\u00e7\u00f5es peri\u00f3dicas desde 2020, quando a pandemia de Covid-19 deixou milh\u00f5es de fam\u00edlias desprovidas [&hellip;]<\/p>\n","protected":false},"author":1,"featured_media":40695,"comment_status":"open","ping_status":"open","sticky":false,"template":"","format":"standard","meta":{"tdm_status":"","tdm_grid_status":"","footnotes":""},"categories":[16],"tags":[2864,33,566,248,28,2935,141],"class_list":["post-40694","post","type-post","status-publish","format-standard","has-post-thumbnail","hentry","category-livros","tag-covid-19","tag-estrategia","tag-ipea","tag-livro","tag-marketing","tag-pandemia","tag-pesquisa"],"yoast_head":"<!-- This site is optimized with the Yoast SEO plugin v27.5 - https:\/\/yoast.com\/product\/yoast-seo-wordpress\/ -->\n<title>Livro avalia os impactos da pandemia de Covid-19 no mercado de trabalho - CidadeMarketing<\/title>\n<meta name=\"robots\" content=\"index, follow, max-snippet:-1, max-image-preview:large, max-video-preview:-1\" \/>\n<link rel=\"canonical\" href=\"https:\/\/www.cidademarketing.com.br\/marketing\/2022\/11\/27\/livro-avalia-os-impactos-da-pandemia-de-covid-19-no-mercado-de-trabalho\/\" \/>\n<meta property=\"og:locale\" content=\"pt_BR\" \/>\n<meta property=\"og:type\" content=\"article\" \/>\n<meta property=\"og:title\" content=\"Livro avalia os impactos da pandemia de Covid-19 no mercado de trabalho - CidadeMarketing\" \/>\n<meta property=\"og:description\" content=\"O livro \u201cImpactos da Pandemia de Covid-19 no Mercado de Trabalho e na Distribui\u00e7\u00e3o de Renda no Brasil\u201d, lan\u00e7ado pelo Instituto de Pesquisa Econ\u00f4mica Aplicada (Ipea), re\u00fane 28 estudos de pesquisadores da institui\u00e7\u00e3o e de outros \u00f3rg\u00e3os parceiros que contribu\u00edram com informa\u00e7\u00f5es peri\u00f3dicas desde 2020, quando a pandemia de Covid-19 deixou milh\u00f5es de fam\u00edlias desprovidas [&hellip;]\" \/>\n<meta property=\"og:url\" content=\"https:\/\/www.cidademarketing.com.br\/marketing\/2022\/11\/27\/livro-avalia-os-impactos-da-pandemia-de-covid-19-no-mercado-de-trabalho\/\" \/>\n<meta property=\"og:site_name\" content=\"CidadeMarketing\" \/>\n<meta property=\"article:publisher\" content=\"https:\/\/www.facebook.com\/portalcidademarketing\" \/>\n<meta property=\"article:author\" content=\"https:\/\/www.facebook.com\/thalesbrandao\" \/>\n<meta property=\"article:published_time\" content=\"2022-11-27T18:48:55+00:00\" \/>\n<meta property=\"og:image\" content=\"https:\/\/www.cidademarketing.com.br\/marketing\/wp-content\/uploads\/2022\/11\/ipea_impactopandemia_mercadodetrabalho.jpg\" \/>\n\t<meta property=\"og:image:width\" content=\"599\" \/>\n\t<meta property=\"og:image:height\" content=\"857\" \/>\n\t<meta property=\"og:image:type\" content=\"image\/jpeg\" \/>\n<meta name=\"author\" content=\"Thales Brand\u00e3o\" \/>\n<meta name=\"twitter:card\" content=\"summary_large_image\" \/>\n<meta name=\"twitter:creator\" content=\"@http:\/\/www.twitter.com\/thalesbrandao\" \/>\n<meta name=\"twitter:site\" content=\"@CidadeMarketing\" \/>\n<meta name=\"twitter:label1\" content=\"Escrito por\" \/>\n\t<meta name=\"twitter:data1\" content=\"Thales Brand\u00e3o\" \/>\n\t<meta name=\"twitter:label2\" content=\"Est. tempo de leitura\" \/>\n\t<meta name=\"twitter:data2\" content=\"4 minutos\" \/>\n<script type=\"application\/ld+json\" class=\"yoast-schema-graph\">{\"@context\":\"https:\\\/\\\/schema.org\",\"@graph\":[{\"@type\":\"Article\",\"@id\":\"https:\\\/\\\/www.cidademarketing.com.br\\\/marketing\\\/2022\\\/11\\\/27\\\/livro-avalia-os-impactos-da-pandemia-de-covid-19-no-mercado-de-trabalho\\\/#article\",\"isPartOf\":{\"@id\":\"https:\\\/\\\/www.cidademarketing.com.br\\\/marketing\\\/2022\\\/11\\\/27\\\/livro-avalia-os-impactos-da-pandemia-de-covid-19-no-mercado-de-trabalho\\\/\"},\"author\":{\"name\":\"Thales Brand\u00e3o\",\"@id\":\"https:\\\/\\\/www.cidademarketing.com.br\\\/marketing\\\/#\\\/schema\\\/person\\\/02daff9f18bd9378c9e01eb6b2db155f\"},\"headline\":\"Livro avalia os impactos da pandemia de Covid-19 no mercado de trabalho\",\"datePublished\":\"2022-11-27T18:48:55+00:00\",\"mainEntityOfPage\":{\"@id\":\"https:\\\/\\\/www.cidademarketing.com.br\\\/marketing\\\/2022\\\/11\\\/27\\\/livro-avalia-os-impactos-da-pandemia-de-covid-19-no-mercado-de-trabalho\\\/\"},\"wordCount\":871,\"commentCount\":0,\"publisher\":{\"@id\":\"https:\\\/\\\/www.cidademarketing.com.br\\\/marketing\\\/#organization\"},\"image\":{\"@id\":\"https:\\\/\\\/www.cidademarketing.com.br\\\/marketing\\\/2022\\\/11\\\/27\\\/livro-avalia-os-impactos-da-pandemia-de-covid-19-no-mercado-de-trabalho\\\/#primaryimage\"},\"thumbnailUrl\":\"https:\\\/\\\/www.cidademarketing.com.br\\\/marketing\\\/wp-content\\\/uploads\\\/2022\\\/11\\\/ipea_impactopandemia_mercadodetrabalho.jpg\",\"keywords\":[\"covid-19\",\"estrat\u00e9gia\",\"IPEA\",\"livro\",\"marketing\",\"pandemia\",\"pesquisa\"],\"articleSection\":[\"Livros\"],\"inLanguage\":\"pt-BR\",\"potentialAction\":[{\"@type\":\"CommentAction\",\"name\":\"Comment\",\"target\":[\"https:\\\/\\\/www.cidademarketing.com.br\\\/marketing\\\/2022\\\/11\\\/27\\\/livro-avalia-os-impactos-da-pandemia-de-covid-19-no-mercado-de-trabalho\\\/#respond\"]}]},{\"@type\":\"WebPage\",\"@id\":\"https:\\\/\\\/www.cidademarketing.com.br\\\/marketing\\\/2022\\\/11\\\/27\\\/livro-avalia-os-impactos-da-pandemia-de-covid-19-no-mercado-de-trabalho\\\/\",\"url\":\"https:\\\/\\\/www.cidademarketing.com.br\\\/marketing\\\/2022\\\/11\\\/27\\\/livro-avalia-os-impactos-da-pandemia-de-covid-19-no-mercado-de-trabalho\\\/\",\"name\":\"Livro avalia os impactos da pandemia de Covid-19 no mercado de trabalho - CidadeMarketing\",\"isPartOf\":{\"@id\":\"https:\\\/\\\/www.cidademarketing.com.br\\\/marketing\\\/#website\"},\"primaryImageOfPage\":{\"@id\":\"https:\\\/\\\/www.cidademarketing.com.br\\\/marketing\\\/2022\\\/11\\\/27\\\/livro-avalia-os-impactos-da-pandemia-de-covid-19-no-mercado-de-trabalho\\\/#primaryimage\"},\"image\":{\"@id\":\"https:\\\/\\\/www.cidademarketing.com.br\\\/marketing\\\/2022\\\/11\\\/27\\\/livro-avalia-os-impactos-da-pandemia-de-covid-19-no-mercado-de-trabalho\\\/#primaryimage\"},\"thumbnailUrl\":\"https:\\\/\\\/www.cidademarketing.com.br\\\/marketing\\\/wp-content\\\/uploads\\\/2022\\\/11\\\/ipea_impactopandemia_mercadodetrabalho.jpg\",\"datePublished\":\"2022-11-27T18:48:55+00:00\",\"breadcrumb\":{\"@id\":\"https:\\\/\\\/www.cidademarketing.com.br\\\/marketing\\\/2022\\\/11\\\/27\\\/livro-avalia-os-impactos-da-pandemia-de-covid-19-no-mercado-de-trabalho\\\/#breadcrumb\"},\"inLanguage\":\"pt-BR\",\"potentialAction\":[{\"@type\":\"ReadAction\",\"target\":[\"https:\\\/\\\/www.cidademarketing.com.br\\\/marketing\\\/2022\\\/11\\\/27\\\/livro-avalia-os-impactos-da-pandemia-de-covid-19-no-mercado-de-trabalho\\\/\"]}]},{\"@type\":\"ImageObject\",\"inLanguage\":\"pt-BR\",\"@id\":\"https:\\\/\\\/www.cidademarketing.com.br\\\/marketing\\\/2022\\\/11\\\/27\\\/livro-avalia-os-impactos-da-pandemia-de-covid-19-no-mercado-de-trabalho\\\/#primaryimage\",\"url\":\"https:\\\/\\\/www.cidademarketing.com.br\\\/marketing\\\/wp-content\\\/uploads\\\/2022\\\/11\\\/ipea_impactopandemia_mercadodetrabalho.jpg\",\"contentUrl\":\"https:\\\/\\\/www.cidademarketing.com.br\\\/marketing\\\/wp-content\\\/uploads\\\/2022\\\/11\\\/ipea_impactopandemia_mercadodetrabalho.jpg\",\"width\":599,\"height\":857},{\"@type\":\"BreadcrumbList\",\"@id\":\"https:\\\/\\\/www.cidademarketing.com.br\\\/marketing\\\/2022\\\/11\\\/27\\\/livro-avalia-os-impactos-da-pandemia-de-covid-19-no-mercado-de-trabalho\\\/#breadcrumb\",\"itemListElement\":[{\"@type\":\"ListItem\",\"position\":1,\"name\":\"In\u00edcio\",\"item\":\"https:\\\/\\\/www.cidademarketing.com.br\\\/marketing\\\/\"},{\"@type\":\"ListItem\",\"position\":2,\"name\":\"Livro avalia os impactos da pandemia de Covid-19 no mercado de trabalho\"}]},{\"@type\":\"WebSite\",\"@id\":\"https:\\\/\\\/www.cidademarketing.com.br\\\/marketing\\\/#website\",\"url\":\"https:\\\/\\\/www.cidademarketing.com.br\\\/marketing\\\/\",\"name\":\"CidadeMarketing\",\"description\":\"Somos um ve\u00edculo de comunica\u00e7\u00e3o de destaque no Brasil, reconhecido por conte\u00fados nos segmentos de marketing, empreendedorismo e inova\u00e7\u00e3o.\",\"publisher\":{\"@id\":\"https:\\\/\\\/www.cidademarketing.com.br\\\/marketing\\\/#organization\"},\"alternateName\":\"CidadeMarketing\",\"potentialAction\":[{\"@type\":\"SearchAction\",\"target\":{\"@type\":\"EntryPoint\",\"urlTemplate\":\"https:\\\/\\\/www.cidademarketing.com.br\\\/marketing\\\/?s={search_term_string}\"},\"query-input\":{\"@type\":\"PropertyValueSpecification\",\"valueRequired\":true,\"valueName\":\"search_term_string\"}}],\"inLanguage\":\"pt-BR\"},{\"@type\":\"Organization\",\"@id\":\"https:\\\/\\\/www.cidademarketing.com.br\\\/marketing\\\/#organization\",\"name\":\"CidadeMarketing\",\"alternateName\":\"CidadeMarketing\",\"url\":\"https:\\\/\\\/www.cidademarketing.com.br\\\/marketing\\\/\",\"logo\":{\"@type\":\"ImageObject\",\"inLanguage\":\"pt-BR\",\"@id\":\"https:\\\/\\\/www.cidademarketing.com.br\\\/marketing\\\/#\\\/schema\\\/logo\\\/image\\\/\",\"url\":\"https:\\\/\\\/www.cidademarketing.com.br\\\/marketing\\\/wp-content\\\/uploads\\\/2020\\\/01\\\/cidademarketing_marca_mobile.png\",\"contentUrl\":\"https:\\\/\\\/www.cidademarketing.com.br\\\/marketing\\\/wp-content\\\/uploads\\\/2020\\\/01\\\/cidademarketing_marca_mobile.png\",\"width\":230,\"height\":92,\"caption\":\"CidadeMarketing\"},\"image\":{\"@id\":\"https:\\\/\\\/www.cidademarketing.com.br\\\/marketing\\\/#\\\/schema\\\/logo\\\/image\\\/\"},\"sameAs\":[\"https:\\\/\\\/www.facebook.com\\\/portalcidademarketing\",\"https:\\\/\\\/x.com\\\/CidadeMarketing\",\"https:\\\/\\\/www.instagram.com\\\/cidademarketing\\\/\"]},{\"@type\":\"Person\",\"@id\":\"https:\\\/\\\/www.cidademarketing.com.br\\\/marketing\\\/#\\\/schema\\\/person\\\/02daff9f18bd9378c9e01eb6b2db155f\",\"name\":\"Thales Brand\u00e3o\",\"image\":{\"@type\":\"ImageObject\",\"inLanguage\":\"pt-BR\",\"@id\":\"https:\\\/\\\/secure.gravatar.com\\\/avatar\\\/7ca3206950207cc3cb48feec56a8a7898741ab725c368d99d5d7a5a50aab80c6?s=96&d=mm&r=g\",\"url\":\"https:\\\/\\\/secure.gravatar.com\\\/avatar\\\/7ca3206950207cc3cb48feec56a8a7898741ab725c368d99d5d7a5a50aab80c6?s=96&d=mm&r=g\",\"contentUrl\":\"https:\\\/\\\/secure.gravatar.com\\\/avatar\\\/7ca3206950207cc3cb48feec56a8a7898741ab725c368d99d5d7a5a50aab80c6?s=96&d=mm&r=g\",\"caption\":\"Thales Brand\u00e3o\"},\"description\":\"Editor Executivo do Portal CidadeMarketing.com.br &gt; Mestre em Comunica\u00e7\u00e3o e Sociedade pela Universidade Federal de Sergipe. Possui MBA Executivo em Administra\u00e7\u00e3o com \u00eanfase em Marketing pela Funda\u00e7\u00e3o Get\u00falio Vargas - Rio de Janeiro. Consultor, Palestrante e Pesquisador sobre Empreendedorismo, Marketing, Redes Sociais e Neg\u00f3cios Digitais. Professor, Palestrante TedxTalks e Campus Party. Twitter: @ThalesBrandao\",\"sameAs\":[\"http:\\\/\\\/www.mandacaru.com.br\",\"https:\\\/\\\/www.facebook.com\\\/thalesbrandao\",\"http:\\\/\\\/www.instagram.com.br\\\/thalesbrandaoferreira\",\"https:\\\/\\\/www.linkedin.com\\\/in\\\/thales-brand\u00e3o-3948609\\\/\",\"https:\\\/\\\/x.com\\\/http:\\\/\\\/www.twitter.com\\\/thalesbrandao\"],\"url\":\"https:\\\/\\\/www.cidademarketing.com.br\\\/marketing\\\/author\\\/thalesbrandao\\\/\"}]}<\/script>\n<!-- \/ Yoast SEO plugin. -->","yoast_head_json":{"title":"Livro avalia os impactos da pandemia de Covid-19 no mercado de trabalho - CidadeMarketing","robots":{"index":"index","follow":"follow","max-snippet":"max-snippet:-1","max-image-preview":"max-image-preview:large","max-video-preview":"max-video-preview:-1"},"canonical":"https:\/\/www.cidademarketing.com.br\/marketing\/2022\/11\/27\/livro-avalia-os-impactos-da-pandemia-de-covid-19-no-mercado-de-trabalho\/","og_locale":"pt_BR","og_type":"article","og_title":"Livro avalia os impactos da pandemia de Covid-19 no mercado de trabalho - CidadeMarketing","og_description":"O livro \u201cImpactos da Pandemia de Covid-19 no Mercado de Trabalho e na Distribui\u00e7\u00e3o de Renda no Brasil\u201d, lan\u00e7ado pelo Instituto de Pesquisa Econ\u00f4mica Aplicada (Ipea), re\u00fane 28 estudos de pesquisadores da institui\u00e7\u00e3o e de outros \u00f3rg\u00e3os parceiros que contribu\u00edram com informa\u00e7\u00f5es peri\u00f3dicas desde 2020, quando a pandemia de Covid-19 deixou milh\u00f5es de fam\u00edlias desprovidas [&hellip;]","og_url":"https:\/\/www.cidademarketing.com.br\/marketing\/2022\/11\/27\/livro-avalia-os-impactos-da-pandemia-de-covid-19-no-mercado-de-trabalho\/","og_site_name":"CidadeMarketing","article_publisher":"https:\/\/www.facebook.com\/portalcidademarketing","article_author":"https:\/\/www.facebook.com\/thalesbrandao","article_published_time":"2022-11-27T18:48:55+00:00","og_image":[{"width":599,"height":857,"url":"https:\/\/www.cidademarketing.com.br\/marketing\/wp-content\/uploads\/2022\/11\/ipea_impactopandemia_mercadodetrabalho.jpg","type":"image\/jpeg"}],"author":"Thales Brand\u00e3o","twitter_card":"summary_large_image","twitter_creator":"@http:\/\/www.twitter.com\/thalesbrandao","twitter_site":"@CidadeMarketing","twitter_misc":{"Escrito por":"Thales Brand\u00e3o","Est. tempo de leitura":"4 minutos"},"schema":{"@context":"https:\/\/schema.org","@graph":[{"@type":"Article","@id":"https:\/\/www.cidademarketing.com.br\/marketing\/2022\/11\/27\/livro-avalia-os-impactos-da-pandemia-de-covid-19-no-mercado-de-trabalho\/#article","isPartOf":{"@id":"https:\/\/www.cidademarketing.com.br\/marketing\/2022\/11\/27\/livro-avalia-os-impactos-da-pandemia-de-covid-19-no-mercado-de-trabalho\/"},"author":{"name":"Thales Brand\u00e3o","@id":"https:\/\/www.cidademarketing.com.br\/marketing\/#\/schema\/person\/02daff9f18bd9378c9e01eb6b2db155f"},"headline":"Livro avalia os impactos da pandemia de Covid-19 no mercado de trabalho","datePublished":"2022-11-27T18:48:55+00:00","mainEntityOfPage":{"@id":"https:\/\/www.cidademarketing.com.br\/marketing\/2022\/11\/27\/livro-avalia-os-impactos-da-pandemia-de-covid-19-no-mercado-de-trabalho\/"},"wordCount":871,"commentCount":0,"publisher":{"@id":"https:\/\/www.cidademarketing.com.br\/marketing\/#organization"},"image":{"@id":"https:\/\/www.cidademarketing.com.br\/marketing\/2022\/11\/27\/livro-avalia-os-impactos-da-pandemia-de-covid-19-no-mercado-de-trabalho\/#primaryimage"},"thumbnailUrl":"https:\/\/www.cidademarketing.com.br\/marketing\/wp-content\/uploads\/2022\/11\/ipea_impactopandemia_mercadodetrabalho.jpg","keywords":["covid-19","estrat\u00e9gia","IPEA","livro","marketing","pandemia","pesquisa"],"articleSection":["Livros"],"inLanguage":"pt-BR","potentialAction":[{"@type":"CommentAction","name":"Comment","target":["https:\/\/www.cidademarketing.com.br\/marketing\/2022\/11\/27\/livro-avalia-os-impactos-da-pandemia-de-covid-19-no-mercado-de-trabalho\/#respond"]}]},{"@type":"WebPage","@id":"https:\/\/www.cidademarketing.com.br\/marketing\/2022\/11\/27\/livro-avalia-os-impactos-da-pandemia-de-covid-19-no-mercado-de-trabalho\/","url":"https:\/\/www.cidademarketing.com.br\/marketing\/2022\/11\/27\/livro-avalia-os-impactos-da-pandemia-de-covid-19-no-mercado-de-trabalho\/","name":"Livro avalia os impactos da pandemia de Covid-19 no mercado de trabalho - CidadeMarketing","isPartOf":{"@id":"https:\/\/www.cidademarketing.com.br\/marketing\/#website"},"primaryImageOfPage":{"@id":"https:\/\/www.cidademarketing.com.br\/marketing\/2022\/11\/27\/livro-avalia-os-impactos-da-pandemia-de-covid-19-no-mercado-de-trabalho\/#primaryimage"},"image":{"@id":"https:\/\/www.cidademarketing.com.br\/marketing\/2022\/11\/27\/livro-avalia-os-impactos-da-pandemia-de-covid-19-no-mercado-de-trabalho\/#primaryimage"},"thumbnailUrl":"https:\/\/www.cidademarketing.com.br\/marketing\/wp-content\/uploads\/2022\/11\/ipea_impactopandemia_mercadodetrabalho.jpg","datePublished":"2022-11-27T18:48:55+00:00","breadcrumb":{"@id":"https:\/\/www.cidademarketing.com.br\/marketing\/2022\/11\/27\/livro-avalia-os-impactos-da-pandemia-de-covid-19-no-mercado-de-trabalho\/#breadcrumb"},"inLanguage":"pt-BR","potentialAction":[{"@type":"ReadAction","target":["https:\/\/www.cidademarketing.com.br\/marketing\/2022\/11\/27\/livro-avalia-os-impactos-da-pandemia-de-covid-19-no-mercado-de-trabalho\/"]}]},{"@type":"ImageObject","inLanguage":"pt-BR","@id":"https:\/\/www.cidademarketing.com.br\/marketing\/2022\/11\/27\/livro-avalia-os-impactos-da-pandemia-de-covid-19-no-mercado-de-trabalho\/#primaryimage","url":"https:\/\/www.cidademarketing.com.br\/marketing\/wp-content\/uploads\/2022\/11\/ipea_impactopandemia_mercadodetrabalho.jpg","contentUrl":"https:\/\/www.cidademarketing.com.br\/marketing\/wp-content\/uploads\/2022\/11\/ipea_impactopandemia_mercadodetrabalho.jpg","width":599,"height":857},{"@type":"BreadcrumbList","@id":"https:\/\/www.cidademarketing.com.br\/marketing\/2022\/11\/27\/livro-avalia-os-impactos-da-pandemia-de-covid-19-no-mercado-de-trabalho\/#breadcrumb","itemListElement":[{"@type":"ListItem","position":1,"name":"In\u00edcio","item":"https:\/\/www.cidademarketing.com.br\/marketing\/"},{"@type":"ListItem","position":2,"name":"Livro avalia os impactos da pandemia de Covid-19 no mercado de trabalho"}]},{"@type":"WebSite","@id":"https:\/\/www.cidademarketing.com.br\/marketing\/#website","url":"https:\/\/www.cidademarketing.com.br\/marketing\/","name":"CidadeMarketing","description":"Somos um ve\u00edculo de comunica\u00e7\u00e3o de destaque no Brasil, reconhecido por conte\u00fados nos segmentos de marketing, empreendedorismo e inova\u00e7\u00e3o.","publisher":{"@id":"https:\/\/www.cidademarketing.com.br\/marketing\/#organization"},"alternateName":"CidadeMarketing","potentialAction":[{"@type":"SearchAction","target":{"@type":"EntryPoint","urlTemplate":"https:\/\/www.cidademarketing.com.br\/marketing\/?s={search_term_string}"},"query-input":{"@type":"PropertyValueSpecification","valueRequired":true,"valueName":"search_term_string"}}],"inLanguage":"pt-BR"},{"@type":"Organization","@id":"https:\/\/www.cidademarketing.com.br\/marketing\/#organization","name":"CidadeMarketing","alternateName":"CidadeMarketing","url":"https:\/\/www.cidademarketing.com.br\/marketing\/","logo":{"@type":"ImageObject","inLanguage":"pt-BR","@id":"https:\/\/www.cidademarketing.com.br\/marketing\/#\/schema\/logo\/image\/","url":"https:\/\/www.cidademarketing.com.br\/marketing\/wp-content\/uploads\/2020\/01\/cidademarketing_marca_mobile.png","contentUrl":"https:\/\/www.cidademarketing.com.br\/marketing\/wp-content\/uploads\/2020\/01\/cidademarketing_marca_mobile.png","width":230,"height":92,"caption":"CidadeMarketing"},"image":{"@id":"https:\/\/www.cidademarketing.com.br\/marketing\/#\/schema\/logo\/image\/"},"sameAs":["https:\/\/www.facebook.com\/portalcidademarketing","https:\/\/x.com\/CidadeMarketing","https:\/\/www.instagram.com\/cidademarketing\/"]},{"@type":"Person","@id":"https:\/\/www.cidademarketing.com.br\/marketing\/#\/schema\/person\/02daff9f18bd9378c9e01eb6b2db155f","name":"Thales Brand\u00e3o","image":{"@type":"ImageObject","inLanguage":"pt-BR","@id":"https:\/\/secure.gravatar.com\/avatar\/7ca3206950207cc3cb48feec56a8a7898741ab725c368d99d5d7a5a50aab80c6?s=96&d=mm&r=g","url":"https:\/\/secure.gravatar.com\/avatar\/7ca3206950207cc3cb48feec56a8a7898741ab725c368d99d5d7a5a50aab80c6?s=96&d=mm&r=g","contentUrl":"https:\/\/secure.gravatar.com\/avatar\/7ca3206950207cc3cb48feec56a8a7898741ab725c368d99d5d7a5a50aab80c6?s=96&d=mm&r=g","caption":"Thales Brand\u00e3o"},"description":"Editor Executivo do Portal CidadeMarketing.com.br &gt; Mestre em Comunica\u00e7\u00e3o e Sociedade pela Universidade Federal de Sergipe. Possui MBA Executivo em Administra\u00e7\u00e3o com \u00eanfase em Marketing pela Funda\u00e7\u00e3o Get\u00falio Vargas - Rio de Janeiro. Consultor, Palestrante e Pesquisador sobre Empreendedorismo, Marketing, Redes Sociais e Neg\u00f3cios Digitais. Professor, Palestrante TedxTalks e Campus Party. Twitter: @ThalesBrandao","sameAs":["http:\/\/www.mandacaru.com.br","https:\/\/www.facebook.com\/thalesbrandao","http:\/\/www.instagram.com.br\/thalesbrandaoferreira","https:\/\/www.linkedin.com\/in\/thales-brand\u00e3o-3948609\/","https:\/\/x.com\/http:\/\/www.twitter.com\/thalesbrandao"],"url":"https:\/\/www.cidademarketing.com.br\/marketing\/author\/thalesbrandao\/"}]}},"amp_enabled":true,"_links":{"self":[{"href":"https:\/\/www.cidademarketing.com.br\/marketing\/wp-json\/wp\/v2\/posts\/40694","targetHints":{"allow":["GET"]}}],"collection":[{"href":"https:\/\/www.cidademarketing.com.br\/marketing\/wp-json\/wp\/v2\/posts"}],"about":[{"href":"https:\/\/www.cidademarketing.com.br\/marketing\/wp-json\/wp\/v2\/types\/post"}],"author":[{"embeddable":true,"href":"https:\/\/www.cidademarketing.com.br\/marketing\/wp-json\/wp\/v2\/users\/1"}],"replies":[{"embeddable":true,"href":"https:\/\/www.cidademarketing.com.br\/marketing\/wp-json\/wp\/v2\/comments?post=40694"}],"version-history":[{"count":1,"href":"https:\/\/www.cidademarketing.com.br\/marketing\/wp-json\/wp\/v2\/posts\/40694\/revisions"}],"predecessor-version":[{"id":40696,"href":"https:\/\/www.cidademarketing.com.br\/marketing\/wp-json\/wp\/v2\/posts\/40694\/revisions\/40696"}],"wp:featuredmedia":[{"embeddable":true,"href":"https:\/\/www.cidademarketing.com.br\/marketing\/wp-json\/wp\/v2\/media\/40695"}],"wp:attachment":[{"href":"https:\/\/www.cidademarketing.com.br\/marketing\/wp-json\/wp\/v2\/media?parent=40694"}],"wp:term":[{"taxonomy":"category","embeddable":true,"href":"https:\/\/www.cidademarketing.com.br\/marketing\/wp-json\/wp\/v2\/categories?post=40694"},{"taxonomy":"post_tag","embeddable":true,"href":"https:\/\/www.cidademarketing.com.br\/marketing\/wp-json\/wp\/v2\/tags?post=40694"}],"curies":[{"name":"wp","href":"https:\/\/api.w.org\/{rel}","templated":true}]}}