{"id":40686,"date":"2022-11-27T15:26:59","date_gmt":"2022-11-27T18:26:59","guid":{"rendered":"https:\/\/www.cidademarketing.com.br\/marketing\/?p=40686"},"modified":"2022-11-27T15:26:59","modified_gmt":"2022-11-27T18:26:59","slug":"dd-e-coral-inauguram-arqlab-dd-coral","status":"publish","type":"post","link":"https:\/\/www.cidademarketing.com.br\/marketing\/2022\/11\/27\/dd-e-coral-inauguram-arqlab-dd-coral\/","title":{"rendered":"D&#038;D e Coral inauguram Arq&#038;Lab D&#038;D + Coral"},"content":{"rendered":"<p>A convite do Shopping D&amp;D, a Tintas Coral passa a fazer parte do seleto elenco de marcas que comp\u00f5e esse centro comercial refer\u00eancia para arquitetos, decoradores, paisagistas e entusiastas do mundo da arquitetura e decora\u00e7\u00e3o, inaugurando este m\u00eas sua primeira colab.<br \/>\nBatizado de Arq&amp;Lab D&amp;D + Coral, o local abre suas portas para atender a uma demanda recorrente do profissional que visita o shopping, que sente necessidade de uma \u00e1rea, um ponto de encontro para receber seu cliente com conforto e que ao mesmo tempo o inspirasse e o ajudasse a completar a jornada dos seus projetos.<\/p>\n<p><iframe title=\"Spotify Embed: Podcast CidadeMarketing\" style=\"border-radius: 12px\" width=\"100%\" height=\"152\" frameborder=\"0\" allowfullscreen allow=\"autoplay; clipboard-write; encrypted-media; fullscreen; picture-in-picture\" loading=\"lazy\" src=\"https:\/\/open.spotify.com\/embed\/show\/4khMKzP3FgFRWVwb73xicc?si=252fe5bff2b34909&#038;utm_source=oembed\"><\/iframe><\/p>\n<p>\u201cBusc\u00e1vamos uma marca de tintas para completar a jornada 360 do D&amp;D e ajudar o especificador a concluir todas as etapas do projeto em um s\u00f3 lugar. Convidamos a Tintas Coral para assinar junto com a gente esse espa\u00e7o porque acompanhamos todas as suas iniciativas dedicadas ao profissional, participando de mostras e exposi\u00e7\u00f5es do segmento, al\u00e9m da qualidade inquestion\u00e1vel de seus produtos\u201d, Angelo Derenze, diretor geral do D&amp;D Shopping. Em m\u00e9dia, por dia, 15 mil pessoas do Brasil e do exterior passam pelo empreendimento, como especificadores atuantes do mercado de arquitetura e design que circulam frequentemente nos corredores do D&amp;D, inaugurado em setembro de 1995. Para o D&amp;D, o novo espa\u00e7o complementa o \u201ciD \u2013 Programa de Relacionamento D&amp;D\u201d, que promove uma campanha de benef\u00edcios para arquitetos, decoradores e designers de interiores.<\/p>\n<p>O Arq&amp;Lab D&amp;D + Coral une o melhor dos mundos: experi\u00eancia e descompress\u00e3o, inspira\u00e7\u00e3o e apoio para a especifica\u00e7\u00e3o. Um lugar multifuncional dedicado 100% para o profissional de arquitetura e decora\u00e7\u00e3o, no qual ele poder\u00e1 conhecer todos os produtos e ferramentas da Coral, ver de perto as cores e efeitos da marca, criar combina\u00e7\u00f5es com diversos materiais dispon\u00edveis por l\u00e1 e, ainda, contar com a ajuda profissional de um especialista em cores da Coral, ao agendar uma visita.<\/p>\n<p>\u201cPara n\u00f3s esse espa\u00e7o \u00e9 a extens\u00e3o, a materializa\u00e7\u00e3o do nosso rec\u00e9m-lan\u00e7ado programa de relacionamento com arquitetos, designers de interiores e paisagistas, o Coral Matiz. Assim, conseguimos extrapolar a plataforma online, a\u00e7\u00f5es de relacionamento habituais e ganhar um espa\u00e7o f\u00edsico, completamente pensado para o especificador e que nos aproxima ainda mais desse p\u00fablico, que pela for\u00e7a do D&amp;D, vem do Brasil inteiro para visitar esse centro de decora\u00e7\u00e3o\u201d, afirma Priscila Perez, especialista em Cores da AkzoNobel.<\/p>\n<p>O espa\u00e7o \u2013 Localizado no Piso Superior, o espa\u00e7o disp\u00f5e de 180m\u00b2 usa as cores para magnetizar os visitantes, convidando-os a mergulhar em uma jornada de texturas, experi\u00eancias sensoriais e infinitas possibilidades. Trazendo \u00e0 cena um dos seus grandes trunfos, o leque de cores da Coral com mais de duas mil cores, considerado o maior do mercado brasileiro, a tinta sai do papel e invade uma parede inteira, composta por in\u00fameras chapas pintadas com as cores mais amadas pelos arquitetos, best sellers da marca e as cores do Colour Futures, o estudo de tend\u00eancias de cores e comportamento da AkzoNobel. Essas pe\u00e7as podem ser retiradas sem dificuldade para melhor visualiza\u00e7\u00e3o do comportamento da cor em diferentes tipos de luz e tamb\u00e9m para composi\u00e7\u00e3o de moodboards com outros materiais dispon\u00edveis no espa\u00e7o. Al\u00e9m disso, \u00e9 poss\u00edvel testar e comprovar a acuracidade do Coral Color Sensor, ferramenta digital que l\u00ea qualquer objeto e entrega, com precis\u00e3o, a cor correspondente no leque de cores da Coral.<\/p>\n<p>Harmonizar cen\u00e1rios para conferir uma atmosfera aconchegante e funcional tamb\u00e9m faz parte do DNA do espa\u00e7o. Para isso, m\u00f3veis baixos integram o living, enquanto divis\u00f3rias de vidro garantem a privacidade entre as mesas e cadeiras das esta\u00e7\u00f5es de trabalho na hora da reuni\u00e3o com o cliente. Para conversas mais particulares, a sala monocrom\u00e1tica azul pode ser reservada pelos visitantes. E como em toda boa reuni\u00e3o, \u00e1gua e caf\u00e9 n\u00e3o podem faltar e s\u00e3o servidos \u00e0 vontade no bar.<\/p>\n<p>O Arq&amp;Lab D&amp;D + Coral conta com a colabora\u00e7\u00e3o de By Kamy, Saccaro, Spicy, Art Des Caves e Casa Fortaleza.<\/p>\n<p>Servi\u00e7o<br \/>\nO Arq&amp;Lab D&amp;D + Coral funciona de segunda a sexta, das 10h \u00e0s 21h. S\u00e1bados das 10h \u00e0s 20h. Domingos e feriados das 14h \u00e0s 19h. Endere\u00e7o: Av. das Na\u00e7\u00f5es Unidas, 12.555, S\u00e3o Paulo \u2013 SP. Para agendamento de consultoria de cores e t\u00e9cnica de produtos acessar o Coral Matiz: <a href=\"https:\/\/www.coralmatiz.com.br\/\" target=\"_blank\" rel=\"noopener\">https:\/\/www.coralmatiz.com.br\/<\/a><\/p>\n<p><iframe style=\"width: 100%; max-width: 660px; overflow: hidden; background: transparent;\" src=\"https:\/\/embed.podcasts.apple.com\/br\/podcast\/podcast-cidademarketing\/id1371923283\" height=\"450\" frameborder=\"0\" sandbox=\"allow-forms allow-popups allow-same-origin allow-scripts allow-storage-access-by-user-activation allow-top-navigation-by-user-activation\"><\/iframe><\/p>\n","protected":false},"excerpt":{"rendered":"<p>A convite do Shopping D&amp;D, a Tintas Coral passa a fazer parte do seleto elenco de marcas que comp\u00f5e esse centro comercial refer\u00eancia para arquitetos, decoradores, paisagistas e entusiastas do mundo da arquitetura e decora\u00e7\u00e3o, inaugurando este m\u00eas sua primeira colab. Batizado de Arq&amp;Lab D&amp;D + Coral, o local abre suas portas para atender a [&hellip;]<\/p>\n","protected":false},"author":1,"featured_media":40687,"comment_status":"open","ping_status":"open","sticky":false,"template":"","format":"standard","meta":{"tdm_status":"","tdm_grid_status":"","footnotes":""},"categories":[6],"tags":[3475,3717,5686,2509,223,28,5687],"class_list":["post-40686","post","type-post","status-publish","format-standard","has-post-thumbnail","hentry","category-noticias","tag-arquitetura","tag-coral","tag-dd","tag-decoracao","tag-design","tag-marketing","tag-tinta"],"yoast_head":"<!-- This site is optimized with the Yoast SEO plugin v27.5 - https:\/\/yoast.com\/product\/yoast-seo-wordpress\/ -->\n<title>D&amp;D e Coral inauguram Arq&amp;Lab D&amp;D + Coral - CidadeMarketing<\/title>\n<meta name=\"robots\" content=\"index, follow, max-snippet:-1, max-image-preview:large, max-video-preview:-1\" \/>\n<link rel=\"canonical\" href=\"https:\/\/www.cidademarketing.com.br\/marketing\/2022\/11\/27\/dd-e-coral-inauguram-arqlab-dd-coral\/\" \/>\n<meta property=\"og:locale\" content=\"pt_BR\" \/>\n<meta property=\"og:type\" content=\"article\" \/>\n<meta property=\"og:title\" content=\"D&amp;D e Coral inauguram Arq&amp;Lab D&amp;D + Coral - CidadeMarketing\" \/>\n<meta property=\"og:description\" content=\"A convite do Shopping D&amp;D, a Tintas Coral passa a fazer parte do seleto elenco de marcas que comp\u00f5e esse centro comercial refer\u00eancia para arquitetos, decoradores, paisagistas e entusiastas do mundo da arquitetura e decora\u00e7\u00e3o, inaugurando este m\u00eas sua primeira colab. Batizado de Arq&amp;Lab D&amp;D + Coral, o local abre suas portas para atender a [&hellip;]\" \/>\n<meta property=\"og:url\" content=\"https:\/\/www.cidademarketing.com.br\/marketing\/2022\/11\/27\/dd-e-coral-inauguram-arqlab-dd-coral\/\" \/>\n<meta property=\"og:site_name\" content=\"CidadeMarketing\" \/>\n<meta property=\"article:publisher\" content=\"https:\/\/www.facebook.com\/portalcidademarketing\" \/>\n<meta property=\"article:author\" content=\"https:\/\/www.facebook.com\/thalesbrandao\" \/>\n<meta property=\"article:published_time\" content=\"2022-11-27T18:26:59+00:00\" \/>\n<meta property=\"og:image\" content=\"https:\/\/www.cidademarketing.com.br\/marketing\/wp-content\/uploads\/2022\/11\/coral_dd-scaled.jpg\" \/>\n\t<meta property=\"og:image:width\" content=\"1707\" \/>\n\t<meta property=\"og:image:height\" content=\"2560\" \/>\n\t<meta property=\"og:image:type\" content=\"image\/jpeg\" \/>\n<meta name=\"author\" content=\"Thales Brand\u00e3o\" \/>\n<meta name=\"twitter:card\" content=\"summary_large_image\" \/>\n<meta name=\"twitter:creator\" content=\"@http:\/\/www.twitter.com\/thalesbrandao\" \/>\n<meta name=\"twitter:site\" content=\"@CidadeMarketing\" \/>\n<meta name=\"twitter:label1\" content=\"Escrito por\" \/>\n\t<meta name=\"twitter:data1\" content=\"Thales Brand\u00e3o\" \/>\n\t<meta name=\"twitter:label2\" content=\"Est. tempo de leitura\" \/>\n\t<meta name=\"twitter:data2\" content=\"4 minutos\" \/>\n<script type=\"application\/ld+json\" class=\"yoast-schema-graph\">{\"@context\":\"https:\\\/\\\/schema.org\",\"@graph\":[{\"@type\":\"Article\",\"@id\":\"https:\\\/\\\/www.cidademarketing.com.br\\\/marketing\\\/2022\\\/11\\\/27\\\/dd-e-coral-inauguram-arqlab-dd-coral\\\/#article\",\"isPartOf\":{\"@id\":\"https:\\\/\\\/www.cidademarketing.com.br\\\/marketing\\\/2022\\\/11\\\/27\\\/dd-e-coral-inauguram-arqlab-dd-coral\\\/\"},\"author\":{\"name\":\"Thales Brand\u00e3o\",\"@id\":\"https:\\\/\\\/www.cidademarketing.com.br\\\/marketing\\\/#\\\/schema\\\/person\\\/02daff9f18bd9378c9e01eb6b2db155f\"},\"headline\":\"D&#038;D e Coral inauguram Arq&#038;Lab D&#038;D + Coral\",\"datePublished\":\"2022-11-27T18:26:59+00:00\",\"mainEntityOfPage\":{\"@id\":\"https:\\\/\\\/www.cidademarketing.com.br\\\/marketing\\\/2022\\\/11\\\/27\\\/dd-e-coral-inauguram-arqlab-dd-coral\\\/\"},\"wordCount\":802,\"commentCount\":0,\"publisher\":{\"@id\":\"https:\\\/\\\/www.cidademarketing.com.br\\\/marketing\\\/#organization\"},\"image\":{\"@id\":\"https:\\\/\\\/www.cidademarketing.com.br\\\/marketing\\\/2022\\\/11\\\/27\\\/dd-e-coral-inauguram-arqlab-dd-coral\\\/#primaryimage\"},\"thumbnailUrl\":\"https:\\\/\\\/www.cidademarketing.com.br\\\/marketing\\\/wp-content\\\/uploads\\\/2022\\\/11\\\/coral_dd-scaled.jpg\",\"keywords\":[\"arquitetura\",\"Coral\",\"D&amp;D\",\"decora\u00e7\u00e3o\",\"design\",\"marketing\",\"tinta\"],\"articleSection\":[\"Not\u00edcias\"],\"inLanguage\":\"pt-BR\",\"potentialAction\":[{\"@type\":\"CommentAction\",\"name\":\"Comment\",\"target\":[\"https:\\\/\\\/www.cidademarketing.com.br\\\/marketing\\\/2022\\\/11\\\/27\\\/dd-e-coral-inauguram-arqlab-dd-coral\\\/#respond\"]}]},{\"@type\":\"WebPage\",\"@id\":\"https:\\\/\\\/www.cidademarketing.com.br\\\/marketing\\\/2022\\\/11\\\/27\\\/dd-e-coral-inauguram-arqlab-dd-coral\\\/\",\"url\":\"https:\\\/\\\/www.cidademarketing.com.br\\\/marketing\\\/2022\\\/11\\\/27\\\/dd-e-coral-inauguram-arqlab-dd-coral\\\/\",\"name\":\"D&D e Coral inauguram Arq&Lab D&D + Coral - CidadeMarketing\",\"isPartOf\":{\"@id\":\"https:\\\/\\\/www.cidademarketing.com.br\\\/marketing\\\/#website\"},\"primaryImageOfPage\":{\"@id\":\"https:\\\/\\\/www.cidademarketing.com.br\\\/marketing\\\/2022\\\/11\\\/27\\\/dd-e-coral-inauguram-arqlab-dd-coral\\\/#primaryimage\"},\"image\":{\"@id\":\"https:\\\/\\\/www.cidademarketing.com.br\\\/marketing\\\/2022\\\/11\\\/27\\\/dd-e-coral-inauguram-arqlab-dd-coral\\\/#primaryimage\"},\"thumbnailUrl\":\"https:\\\/\\\/www.cidademarketing.com.br\\\/marketing\\\/wp-content\\\/uploads\\\/2022\\\/11\\\/coral_dd-scaled.jpg\",\"datePublished\":\"2022-11-27T18:26:59+00:00\",\"breadcrumb\":{\"@id\":\"https:\\\/\\\/www.cidademarketing.com.br\\\/marketing\\\/2022\\\/11\\\/27\\\/dd-e-coral-inauguram-arqlab-dd-coral\\\/#breadcrumb\"},\"inLanguage\":\"pt-BR\",\"potentialAction\":[{\"@type\":\"ReadAction\",\"target\":[\"https:\\\/\\\/www.cidademarketing.com.br\\\/marketing\\\/2022\\\/11\\\/27\\\/dd-e-coral-inauguram-arqlab-dd-coral\\\/\"]}]},{\"@type\":\"ImageObject\",\"inLanguage\":\"pt-BR\",\"@id\":\"https:\\\/\\\/www.cidademarketing.com.br\\\/marketing\\\/2022\\\/11\\\/27\\\/dd-e-coral-inauguram-arqlab-dd-coral\\\/#primaryimage\",\"url\":\"https:\\\/\\\/www.cidademarketing.com.br\\\/marketing\\\/wp-content\\\/uploads\\\/2022\\\/11\\\/coral_dd-scaled.jpg\",\"contentUrl\":\"https:\\\/\\\/www.cidademarketing.com.br\\\/marketing\\\/wp-content\\\/uploads\\\/2022\\\/11\\\/coral_dd-scaled.jpg\",\"width\":1707,\"height\":2560,\"caption\":\"Henrique Padilha D&D e Coral inauguram Arq&Lab D&D + Coral\"},{\"@type\":\"BreadcrumbList\",\"@id\":\"https:\\\/\\\/www.cidademarketing.com.br\\\/marketing\\\/2022\\\/11\\\/27\\\/dd-e-coral-inauguram-arqlab-dd-coral\\\/#breadcrumb\",\"itemListElement\":[{\"@type\":\"ListItem\",\"position\":1,\"name\":\"In\u00edcio\",\"item\":\"https:\\\/\\\/www.cidademarketing.com.br\\\/marketing\\\/\"},{\"@type\":\"ListItem\",\"position\":2,\"name\":\"D&#038;D e Coral inauguram Arq&#038;Lab D&#038;D + Coral\"}]},{\"@type\":\"WebSite\",\"@id\":\"https:\\\/\\\/www.cidademarketing.com.br\\\/marketing\\\/#website\",\"url\":\"https:\\\/\\\/www.cidademarketing.com.br\\\/marketing\\\/\",\"name\":\"CidadeMarketing\",\"description\":\"Somos um ve\u00edculo de comunica\u00e7\u00e3o de destaque no Brasil, reconhecido por conte\u00fados nos segmentos de marketing, empreendedorismo e inova\u00e7\u00e3o.\",\"publisher\":{\"@id\":\"https:\\\/\\\/www.cidademarketing.com.br\\\/marketing\\\/#organization\"},\"alternateName\":\"CidadeMarketing\",\"potentialAction\":[{\"@type\":\"SearchAction\",\"target\":{\"@type\":\"EntryPoint\",\"urlTemplate\":\"https:\\\/\\\/www.cidademarketing.com.br\\\/marketing\\\/?s={search_term_string}\"},\"query-input\":{\"@type\":\"PropertyValueSpecification\",\"valueRequired\":true,\"valueName\":\"search_term_string\"}}],\"inLanguage\":\"pt-BR\"},{\"@type\":\"Organization\",\"@id\":\"https:\\\/\\\/www.cidademarketing.com.br\\\/marketing\\\/#organization\",\"name\":\"CidadeMarketing\",\"alternateName\":\"CidadeMarketing\",\"url\":\"https:\\\/\\\/www.cidademarketing.com.br\\\/marketing\\\/\",\"logo\":{\"@type\":\"ImageObject\",\"inLanguage\":\"pt-BR\",\"@id\":\"https:\\\/\\\/www.cidademarketing.com.br\\\/marketing\\\/#\\\/schema\\\/logo\\\/image\\\/\",\"url\":\"https:\\\/\\\/www.cidademarketing.com.br\\\/marketing\\\/wp-content\\\/uploads\\\/2020\\\/01\\\/cidademarketing_marca_mobile.png\",\"contentUrl\":\"https:\\\/\\\/www.cidademarketing.com.br\\\/marketing\\\/wp-content\\\/uploads\\\/2020\\\/01\\\/cidademarketing_marca_mobile.png\",\"width\":230,\"height\":92,\"caption\":\"CidadeMarketing\"},\"image\":{\"@id\":\"https:\\\/\\\/www.cidademarketing.com.br\\\/marketing\\\/#\\\/schema\\\/logo\\\/image\\\/\"},\"sameAs\":[\"https:\\\/\\\/www.facebook.com\\\/portalcidademarketing\",\"https:\\\/\\\/x.com\\\/CidadeMarketing\",\"https:\\\/\\\/www.instagram.com\\\/cidademarketing\\\/\"]},{\"@type\":\"Person\",\"@id\":\"https:\\\/\\\/www.cidademarketing.com.br\\\/marketing\\\/#\\\/schema\\\/person\\\/02daff9f18bd9378c9e01eb6b2db155f\",\"name\":\"Thales Brand\u00e3o\",\"image\":{\"@type\":\"ImageObject\",\"inLanguage\":\"pt-BR\",\"@id\":\"https:\\\/\\\/secure.gravatar.com\\\/avatar\\\/7ca3206950207cc3cb48feec56a8a7898741ab725c368d99d5d7a5a50aab80c6?s=96&d=mm&r=g\",\"url\":\"https:\\\/\\\/secure.gravatar.com\\\/avatar\\\/7ca3206950207cc3cb48feec56a8a7898741ab725c368d99d5d7a5a50aab80c6?s=96&d=mm&r=g\",\"contentUrl\":\"https:\\\/\\\/secure.gravatar.com\\\/avatar\\\/7ca3206950207cc3cb48feec56a8a7898741ab725c368d99d5d7a5a50aab80c6?s=96&d=mm&r=g\",\"caption\":\"Thales Brand\u00e3o\"},\"description\":\"Editor Executivo do Portal CidadeMarketing.com.br &gt; Mestre em Comunica\u00e7\u00e3o e Sociedade pela Universidade Federal de Sergipe. Possui MBA Executivo em Administra\u00e7\u00e3o com \u00eanfase em Marketing pela Funda\u00e7\u00e3o Get\u00falio Vargas - Rio de Janeiro. Consultor, Palestrante e Pesquisador sobre Empreendedorismo, Marketing, Redes Sociais e Neg\u00f3cios Digitais. Professor, Palestrante TedxTalks e Campus Party. Twitter: @ThalesBrandao\",\"sameAs\":[\"http:\\\/\\\/www.mandacaru.com.br\",\"https:\\\/\\\/www.facebook.com\\\/thalesbrandao\",\"http:\\\/\\\/www.instagram.com.br\\\/thalesbrandaoferreira\",\"https:\\\/\\\/www.linkedin.com\\\/in\\\/thales-brand\u00e3o-3948609\\\/\",\"https:\\\/\\\/x.com\\\/http:\\\/\\\/www.twitter.com\\\/thalesbrandao\"],\"url\":\"https:\\\/\\\/www.cidademarketing.com.br\\\/marketing\\\/author\\\/thalesbrandao\\\/\"}]}<\/script>\n<!-- \/ Yoast SEO plugin. -->","yoast_head_json":{"title":"D&D e Coral inauguram Arq&Lab D&D + Coral - CidadeMarketing","robots":{"index":"index","follow":"follow","max-snippet":"max-snippet:-1","max-image-preview":"max-image-preview:large","max-video-preview":"max-video-preview:-1"},"canonical":"https:\/\/www.cidademarketing.com.br\/marketing\/2022\/11\/27\/dd-e-coral-inauguram-arqlab-dd-coral\/","og_locale":"pt_BR","og_type":"article","og_title":"D&D e Coral inauguram Arq&Lab D&D + Coral - CidadeMarketing","og_description":"A convite do Shopping D&amp;D, a Tintas Coral passa a fazer parte do seleto elenco de marcas que comp\u00f5e esse centro comercial refer\u00eancia para arquitetos, decoradores, paisagistas e entusiastas do mundo da arquitetura e decora\u00e7\u00e3o, inaugurando este m\u00eas sua primeira colab. Batizado de Arq&amp;Lab D&amp;D + Coral, o local abre suas portas para atender a [&hellip;]","og_url":"https:\/\/www.cidademarketing.com.br\/marketing\/2022\/11\/27\/dd-e-coral-inauguram-arqlab-dd-coral\/","og_site_name":"CidadeMarketing","article_publisher":"https:\/\/www.facebook.com\/portalcidademarketing","article_author":"https:\/\/www.facebook.com\/thalesbrandao","article_published_time":"2022-11-27T18:26:59+00:00","og_image":[{"width":1707,"height":2560,"url":"https:\/\/www.cidademarketing.com.br\/marketing\/wp-content\/uploads\/2022\/11\/coral_dd-scaled.jpg","type":"image\/jpeg"}],"author":"Thales Brand\u00e3o","twitter_card":"summary_large_image","twitter_creator":"@http:\/\/www.twitter.com\/thalesbrandao","twitter_site":"@CidadeMarketing","twitter_misc":{"Escrito por":"Thales Brand\u00e3o","Est. tempo de leitura":"4 minutos"},"schema":{"@context":"https:\/\/schema.org","@graph":[{"@type":"Article","@id":"https:\/\/www.cidademarketing.com.br\/marketing\/2022\/11\/27\/dd-e-coral-inauguram-arqlab-dd-coral\/#article","isPartOf":{"@id":"https:\/\/www.cidademarketing.com.br\/marketing\/2022\/11\/27\/dd-e-coral-inauguram-arqlab-dd-coral\/"},"author":{"name":"Thales Brand\u00e3o","@id":"https:\/\/www.cidademarketing.com.br\/marketing\/#\/schema\/person\/02daff9f18bd9378c9e01eb6b2db155f"},"headline":"D&#038;D e Coral inauguram Arq&#038;Lab D&#038;D + Coral","datePublished":"2022-11-27T18:26:59+00:00","mainEntityOfPage":{"@id":"https:\/\/www.cidademarketing.com.br\/marketing\/2022\/11\/27\/dd-e-coral-inauguram-arqlab-dd-coral\/"},"wordCount":802,"commentCount":0,"publisher":{"@id":"https:\/\/www.cidademarketing.com.br\/marketing\/#organization"},"image":{"@id":"https:\/\/www.cidademarketing.com.br\/marketing\/2022\/11\/27\/dd-e-coral-inauguram-arqlab-dd-coral\/#primaryimage"},"thumbnailUrl":"https:\/\/www.cidademarketing.com.br\/marketing\/wp-content\/uploads\/2022\/11\/coral_dd-scaled.jpg","keywords":["arquitetura","Coral","D&amp;D","decora\u00e7\u00e3o","design","marketing","tinta"],"articleSection":["Not\u00edcias"],"inLanguage":"pt-BR","potentialAction":[{"@type":"CommentAction","name":"Comment","target":["https:\/\/www.cidademarketing.com.br\/marketing\/2022\/11\/27\/dd-e-coral-inauguram-arqlab-dd-coral\/#respond"]}]},{"@type":"WebPage","@id":"https:\/\/www.cidademarketing.com.br\/marketing\/2022\/11\/27\/dd-e-coral-inauguram-arqlab-dd-coral\/","url":"https:\/\/www.cidademarketing.com.br\/marketing\/2022\/11\/27\/dd-e-coral-inauguram-arqlab-dd-coral\/","name":"D&D e Coral inauguram Arq&Lab D&D + Coral - CidadeMarketing","isPartOf":{"@id":"https:\/\/www.cidademarketing.com.br\/marketing\/#website"},"primaryImageOfPage":{"@id":"https:\/\/www.cidademarketing.com.br\/marketing\/2022\/11\/27\/dd-e-coral-inauguram-arqlab-dd-coral\/#primaryimage"},"image":{"@id":"https:\/\/www.cidademarketing.com.br\/marketing\/2022\/11\/27\/dd-e-coral-inauguram-arqlab-dd-coral\/#primaryimage"},"thumbnailUrl":"https:\/\/www.cidademarketing.com.br\/marketing\/wp-content\/uploads\/2022\/11\/coral_dd-scaled.jpg","datePublished":"2022-11-27T18:26:59+00:00","breadcrumb":{"@id":"https:\/\/www.cidademarketing.com.br\/marketing\/2022\/11\/27\/dd-e-coral-inauguram-arqlab-dd-coral\/#breadcrumb"},"inLanguage":"pt-BR","potentialAction":[{"@type":"ReadAction","target":["https:\/\/www.cidademarketing.com.br\/marketing\/2022\/11\/27\/dd-e-coral-inauguram-arqlab-dd-coral\/"]}]},{"@type":"ImageObject","inLanguage":"pt-BR","@id":"https:\/\/www.cidademarketing.com.br\/marketing\/2022\/11\/27\/dd-e-coral-inauguram-arqlab-dd-coral\/#primaryimage","url":"https:\/\/www.cidademarketing.com.br\/marketing\/wp-content\/uploads\/2022\/11\/coral_dd-scaled.jpg","contentUrl":"https:\/\/www.cidademarketing.com.br\/marketing\/wp-content\/uploads\/2022\/11\/coral_dd-scaled.jpg","width":1707,"height":2560,"caption":"Henrique Padilha D&D e Coral inauguram Arq&Lab D&D + Coral"},{"@type":"BreadcrumbList","@id":"https:\/\/www.cidademarketing.com.br\/marketing\/2022\/11\/27\/dd-e-coral-inauguram-arqlab-dd-coral\/#breadcrumb","itemListElement":[{"@type":"ListItem","position":1,"name":"In\u00edcio","item":"https:\/\/www.cidademarketing.com.br\/marketing\/"},{"@type":"ListItem","position":2,"name":"D&#038;D e Coral inauguram Arq&#038;Lab D&#038;D + Coral"}]},{"@type":"WebSite","@id":"https:\/\/www.cidademarketing.com.br\/marketing\/#website","url":"https:\/\/www.cidademarketing.com.br\/marketing\/","name":"CidadeMarketing","description":"Somos um ve\u00edculo de comunica\u00e7\u00e3o de destaque no Brasil, reconhecido por conte\u00fados nos segmentos de marketing, empreendedorismo e inova\u00e7\u00e3o.","publisher":{"@id":"https:\/\/www.cidademarketing.com.br\/marketing\/#organization"},"alternateName":"CidadeMarketing","potentialAction":[{"@type":"SearchAction","target":{"@type":"EntryPoint","urlTemplate":"https:\/\/www.cidademarketing.com.br\/marketing\/?s={search_term_string}"},"query-input":{"@type":"PropertyValueSpecification","valueRequired":true,"valueName":"search_term_string"}}],"inLanguage":"pt-BR"},{"@type":"Organization","@id":"https:\/\/www.cidademarketing.com.br\/marketing\/#organization","name":"CidadeMarketing","alternateName":"CidadeMarketing","url":"https:\/\/www.cidademarketing.com.br\/marketing\/","logo":{"@type":"ImageObject","inLanguage":"pt-BR","@id":"https:\/\/www.cidademarketing.com.br\/marketing\/#\/schema\/logo\/image\/","url":"https:\/\/www.cidademarketing.com.br\/marketing\/wp-content\/uploads\/2020\/01\/cidademarketing_marca_mobile.png","contentUrl":"https:\/\/www.cidademarketing.com.br\/marketing\/wp-content\/uploads\/2020\/01\/cidademarketing_marca_mobile.png","width":230,"height":92,"caption":"CidadeMarketing"},"image":{"@id":"https:\/\/www.cidademarketing.com.br\/marketing\/#\/schema\/logo\/image\/"},"sameAs":["https:\/\/www.facebook.com\/portalcidademarketing","https:\/\/x.com\/CidadeMarketing","https:\/\/www.instagram.com\/cidademarketing\/"]},{"@type":"Person","@id":"https:\/\/www.cidademarketing.com.br\/marketing\/#\/schema\/person\/02daff9f18bd9378c9e01eb6b2db155f","name":"Thales Brand\u00e3o","image":{"@type":"ImageObject","inLanguage":"pt-BR","@id":"https:\/\/secure.gravatar.com\/avatar\/7ca3206950207cc3cb48feec56a8a7898741ab725c368d99d5d7a5a50aab80c6?s=96&d=mm&r=g","url":"https:\/\/secure.gravatar.com\/avatar\/7ca3206950207cc3cb48feec56a8a7898741ab725c368d99d5d7a5a50aab80c6?s=96&d=mm&r=g","contentUrl":"https:\/\/secure.gravatar.com\/avatar\/7ca3206950207cc3cb48feec56a8a7898741ab725c368d99d5d7a5a50aab80c6?s=96&d=mm&r=g","caption":"Thales Brand\u00e3o"},"description":"Editor Executivo do Portal CidadeMarketing.com.br &gt; Mestre em Comunica\u00e7\u00e3o e Sociedade pela Universidade Federal de Sergipe. Possui MBA Executivo em Administra\u00e7\u00e3o com \u00eanfase em Marketing pela Funda\u00e7\u00e3o Get\u00falio Vargas - Rio de Janeiro. Consultor, Palestrante e Pesquisador sobre Empreendedorismo, Marketing, Redes Sociais e Neg\u00f3cios Digitais. Professor, Palestrante TedxTalks e Campus Party. Twitter: @ThalesBrandao","sameAs":["http:\/\/www.mandacaru.com.br","https:\/\/www.facebook.com\/thalesbrandao","http:\/\/www.instagram.com.br\/thalesbrandaoferreira","https:\/\/www.linkedin.com\/in\/thales-brand\u00e3o-3948609\/","https:\/\/x.com\/http:\/\/www.twitter.com\/thalesbrandao"],"url":"https:\/\/www.cidademarketing.com.br\/marketing\/author\/thalesbrandao\/"}]}},"amp_enabled":true,"_links":{"self":[{"href":"https:\/\/www.cidademarketing.com.br\/marketing\/wp-json\/wp\/v2\/posts\/40686","targetHints":{"allow":["GET"]}}],"collection":[{"href":"https:\/\/www.cidademarketing.com.br\/marketing\/wp-json\/wp\/v2\/posts"}],"about":[{"href":"https:\/\/www.cidademarketing.com.br\/marketing\/wp-json\/wp\/v2\/types\/post"}],"author":[{"embeddable":true,"href":"https:\/\/www.cidademarketing.com.br\/marketing\/wp-json\/wp\/v2\/users\/1"}],"replies":[{"embeddable":true,"href":"https:\/\/www.cidademarketing.com.br\/marketing\/wp-json\/wp\/v2\/comments?post=40686"}],"version-history":[{"count":1,"href":"https:\/\/www.cidademarketing.com.br\/marketing\/wp-json\/wp\/v2\/posts\/40686\/revisions"}],"predecessor-version":[{"id":40688,"href":"https:\/\/www.cidademarketing.com.br\/marketing\/wp-json\/wp\/v2\/posts\/40686\/revisions\/40688"}],"wp:featuredmedia":[{"embeddable":true,"href":"https:\/\/www.cidademarketing.com.br\/marketing\/wp-json\/wp\/v2\/media\/40687"}],"wp:attachment":[{"href":"https:\/\/www.cidademarketing.com.br\/marketing\/wp-json\/wp\/v2\/media?parent=40686"}],"wp:term":[{"taxonomy":"category","embeddable":true,"href":"https:\/\/www.cidademarketing.com.br\/marketing\/wp-json\/wp\/v2\/categories?post=40686"},{"taxonomy":"post_tag","embeddable":true,"href":"https:\/\/www.cidademarketing.com.br\/marketing\/wp-json\/wp\/v2\/tags?post=40686"}],"curies":[{"name":"wp","href":"https:\/\/api.w.org\/{rel}","templated":true}]}}