{"id":40670,"date":"2022-11-27T14:42:51","date_gmt":"2022-11-27T17:42:51","guid":{"rendered":"https:\/\/www.cidademarketing.com.br\/marketing\/?p=40670"},"modified":"2022-11-27T14:42:51","modified_gmt":"2022-11-27T17:42:51","slug":"chevrolet-traz-nova-montana-com-motor-1-2-turbo-veiculo-sera-revelado-no-dia-01-12","status":"publish","type":"post","link":"https:\/\/www.cidademarketing.com.br\/marketing\/2022\/11\/27\/chevrolet-traz-nova-montana-com-motor-1-2-turbo-veiculo-sera-revelado-no-dia-01-12\/","title":{"rendered":"Chevrolet traz Nova Montana com motor 1.2 turbo; Ve\u00edculo ser\u00e1 revelado no dia 01\/12"},"content":{"rendered":"<p>A Nova Montana vai ser apresentada no dia 1\u00ba de dezembro no canal oficial da Chevrolet no YouTube, quando inicia tamb\u00e9m a pr\u00e9-venda do produto, mas v\u00e1rios segredos do futuro lan\u00e7amento da Chevrolet j\u00e1 est\u00e3o sendo revelados. S\u00e3o inova\u00e7\u00f5es que a tornam mais espa\u00e7osa, confort\u00e1vel e vers\u00e1til. At\u00e9 por isso ela estreia um novo conceito de picape.<\/p>\n<p><iframe title=\"Spotify Embed: Podcast CidadeMarketing\" style=\"border-radius: 12px\" width=\"100%\" height=\"152\" frameborder=\"0\" allowfullscreen allow=\"autoplay; clipboard-write; encrypted-media; fullscreen; picture-in-picture\" loading=\"lazy\" src=\"https:\/\/open.spotify.com\/embed\/show\/4khMKzP3FgFRWVwb73xicc?si=252fe5bff2b34909&#038;utm_source=oembed\"><\/iframe><\/p>\n<p>A Chevrolet est\u00e1 compartilhando agora mais detalhes sobre a mec\u00e2nica da Nova Montana: o ve\u00edculo vai ser equipado com motor 1.2 turbo de s\u00e9rie em todas as vers\u00f5es.<\/p>\n<p>Um dos avan\u00e7os est\u00e1 na central eletr\u00f4nica. Ela permite at\u00e9 3 vezes mais vari\u00e1veis de calibra\u00e7\u00e3o que picapes de gera\u00e7\u00e3o anterior, garantindo assim um funcionamento muito mais eficiente do conjunto motriz. O resultado \u00e9 a melhor rela\u00e7\u00e3o entre acelera\u00e7\u00e3o e consumo de combust\u00edvel do segmento, de acordo com proje\u00e7\u00f5es da engenharia da GM.<\/p>\n\r\n                <style type=\"text\/css\">\r\n                    \r\n                    #tdi_1  .td-doubleSlider-2 .td-item1 {\r\n                        background: url(https:\/\/www.cidademarketing.com.br\/marketing\/wp-content\/uploads\/2022\/11\/new-montana-6-80x60.jpg) 0 0 no-repeat;\r\n                    }\r\n                    #tdi_1  .td-doubleSlider-2 .td-item2 {\r\n                        background: url(https:\/\/www.cidademarketing.com.br\/marketing\/wp-content\/uploads\/2022\/11\/new-montana-10-80x60.jpg) 0 0 no-repeat;\r\n                    }\r\n                    #tdi_1  .td-doubleSlider-2 .td-item3 {\r\n                        background: url(https:\/\/www.cidademarketing.com.br\/marketing\/wp-content\/uploads\/2022\/11\/new-montana-12-80x60.jpg) 0 0 no-repeat;\r\n                    }\r\n                    #tdi_1  .td-doubleSlider-2 .td-item4 {\r\n                        background: url(https:\/\/www.cidademarketing.com.br\/marketing\/wp-content\/uploads\/2022\/11\/Cacamba-da-Nova-Montana-traz-sistema-inovador-de-vedacao-80x60.jpg) 0 0 no-repeat;\r\n                    }\r\n                    #tdi_1  .td-doubleSlider-2 .td-item5 {\r\n                        background: url(https:\/\/www.cidademarketing.com.br\/marketing\/wp-content\/uploads\/2022\/11\/new-montana-5-80x60.jpg) 0 0 no-repeat;\r\n                    }\r\n                    #tdi_1  .td-doubleSlider-2 .td-item6 {\r\n                        background: url(https:\/\/www.cidademarketing.com.br\/marketing\/wp-content\/uploads\/2022\/11\/new-montana-11-80x60.jpg) 0 0 no-repeat;\r\n                    }\r\n                <\/style>\r\n\r\n                <div id=\"tdi_1\" class=\"td-gallery td-slide-on-2-columns\">\r\n                    <div class=\"post_td_gallery\">\r\n                        <div class=\"td-gallery-slide-top\">\r\n                           <div class=\"td-gallery-title\"><\/div>\r\n\r\n                            <div class=\"td-gallery-controls-wrapper\">\r\n                                <div class=\"td-gallery-slide-count\"><span class=\"td-gallery-slide-item-focus\">1<\/span> de 6<\/div>\r\n                                <div class=\"td-gallery-slide-prev-next-but\">\r\n                                    <i class = \"td-icon-left doubleSliderPrevButton\"><\/i>\r\n                                    <i class = \"td-icon-right doubleSliderNextButton\"><\/i>\r\n                                <\/div>\r\n                            <\/div>\r\n                        <\/div>\r\n\r\n                        <div class = \"td-doubleSlider-1 \">\r\n                            <div class = \"td-slider\">\r\n                                \r\n                    <div class = \"td-slide-item td-item1\">\r\n                        <figure class=\"td-slide-galery-figure td-slide-popup-gallery\">\r\n                            <a class=\"slide-gallery-image-link\" href=\"https:\/\/www.cidademarketing.com.br\/marketing\/wp-content\/uploads\/2022\/11\/new-montana-6.jpg\" title=\"new-montana-6\"  data-caption=\"\"  data-description=\"\">\r\n                                <img decoding=\"async\" src=\"https:\/\/www.cidademarketing.com.br\/marketing\/wp-content\/uploads\/2022\/11\/new-montana-6-748x420.jpg\" srcset=\"https:\/\/www.cidademarketing.com.br\/marketing\/wp-content\/uploads\/2022\/11\/new-montana-6-748x420.jpg 748w, https:\/\/www.cidademarketing.com.br\/marketing\/wp-content\/uploads\/2022\/11\/new-montana-6-300x169.jpg 300w, https:\/\/www.cidademarketing.com.br\/marketing\/wp-content\/uploads\/2022\/11\/new-montana-6-1024x575.jpg 1024w, https:\/\/www.cidademarketing.com.br\/marketing\/wp-content\/uploads\/2022\/11\/new-montana-6-768x431.jpg 768w, https:\/\/www.cidademarketing.com.br\/marketing\/wp-content\/uploads\/2022\/11\/new-montana-6-640x360.jpg 640w, https:\/\/www.cidademarketing.com.br\/marketing\/wp-content\/uploads\/2022\/11\/new-montana-6-681x383.jpg 681w, https:\/\/www.cidademarketing.com.br\/marketing\/wp-content\/uploads\/2022\/11\/new-montana-6.jpg 1280w\" sizes=\"(max-width: 748px) 100vw, 748px\" alt=\"\">\r\n                            <\/a>\r\n                            \r\n                        <\/figure>\r\n                    <\/div>\r\n                    <div class = \"td-slide-item td-item2\">\r\n                        <figure class=\"td-slide-galery-figure td-slide-popup-gallery\">\r\n                            <a class=\"slide-gallery-image-link\" href=\"https:\/\/www.cidademarketing.com.br\/marketing\/wp-content\/uploads\/2022\/11\/new-montana-10.jpg\" title=\"new-montana-10\"  data-caption=\"\"  data-description=\"\">\r\n                                <img decoding=\"async\" src=\"https:\/\/www.cidademarketing.com.br\/marketing\/wp-content\/uploads\/2022\/11\/new-montana-10-630x420.jpg\" srcset=\"https:\/\/www.cidademarketing.com.br\/marketing\/wp-content\/uploads\/2022\/11\/new-montana-10-630x420.jpg 630w, https:\/\/www.cidademarketing.com.br\/marketing\/wp-content\/uploads\/2022\/11\/new-montana-10-300x200.jpg 300w, https:\/\/www.cidademarketing.com.br\/marketing\/wp-content\/uploads\/2022\/11\/new-montana-10-1024x683.jpg 1024w, https:\/\/www.cidademarketing.com.br\/marketing\/wp-content\/uploads\/2022\/11\/new-montana-10-768x512.jpg 768w, https:\/\/www.cidademarketing.com.br\/marketing\/wp-content\/uploads\/2022\/11\/new-montana-10-640x427.jpg 640w, https:\/\/www.cidademarketing.com.br\/marketing\/wp-content\/uploads\/2022\/11\/new-montana-10-681x454.jpg 681w, https:\/\/www.cidademarketing.com.br\/marketing\/wp-content\/uploads\/2022\/11\/new-montana-10.jpg 1280w\" sizes=\"(max-width: 630px) 100vw, 630px\" alt=\"\">\r\n                            <\/a>\r\n                            \r\n                        <\/figure>\r\n                    <\/div>\r\n                    <div class = \"td-slide-item td-item3\">\r\n                        <figure class=\"td-slide-galery-figure td-slide-popup-gallery\">\r\n                            <a class=\"slide-gallery-image-link\" href=\"https:\/\/www.cidademarketing.com.br\/marketing\/wp-content\/uploads\/2022\/11\/new-montana-12.jpg\" title=\"new-montana-12\"  data-caption=\"\"  data-description=\"\">\r\n                                <img decoding=\"async\" src=\"https:\/\/www.cidademarketing.com.br\/marketing\/wp-content\/uploads\/2022\/11\/new-montana-12-630x420.jpg\" srcset=\"https:\/\/www.cidademarketing.com.br\/marketing\/wp-content\/uploads\/2022\/11\/new-montana-12-630x420.jpg 630w, https:\/\/www.cidademarketing.com.br\/marketing\/wp-content\/uploads\/2022\/11\/new-montana-12-300x200.jpg 300w, https:\/\/www.cidademarketing.com.br\/marketing\/wp-content\/uploads\/2022\/11\/new-montana-12-1024x683.jpg 1024w, https:\/\/www.cidademarketing.com.br\/marketing\/wp-content\/uploads\/2022\/11\/new-montana-12-768x512.jpg 768w, https:\/\/www.cidademarketing.com.br\/marketing\/wp-content\/uploads\/2022\/11\/new-montana-12-640x427.jpg 640w, https:\/\/www.cidademarketing.com.br\/marketing\/wp-content\/uploads\/2022\/11\/new-montana-12-681x454.jpg 681w, https:\/\/www.cidademarketing.com.br\/marketing\/wp-content\/uploads\/2022\/11\/new-montana-12.jpg 1280w\" sizes=\"(max-width: 630px) 100vw, 630px\" alt=\"\">\r\n                            <\/a>\r\n                            \r\n                        <\/figure>\r\n                    <\/div>\r\n                    <div class = \"td-slide-item td-item4\">\r\n                        <figure class=\"td-slide-galery-figure td-slide-popup-gallery\">\r\n                            <a class=\"slide-gallery-image-link\" href=\"https:\/\/www.cidademarketing.com.br\/marketing\/wp-content\/uploads\/2022\/11\/Cacamba-da-Nova-Montana-traz-sistema-inovador-de-vedacao.jpg\" title=\"Ca\u00e7amba da Nova Montana traz sistema inovador de veda\u00e7\u00e3o\"  data-caption=\"\"  data-description=\"\">\r\n                                <img decoding=\"async\" src=\"https:\/\/www.cidademarketing.com.br\/marketing\/wp-content\/uploads\/2022\/11\/Cacamba-da-Nova-Montana-traz-sistema-inovador-de-vedacao-702x420.jpg\" srcset=\"https:\/\/www.cidademarketing.com.br\/marketing\/wp-content\/uploads\/2022\/11\/Cacamba-da-Nova-Montana-traz-sistema-inovador-de-vedacao-702x420.jpg 702w, https:\/\/www.cidademarketing.com.br\/marketing\/wp-content\/uploads\/2022\/11\/Cacamba-da-Nova-Montana-traz-sistema-inovador-de-vedacao-300x180.jpg 300w, https:\/\/www.cidademarketing.com.br\/marketing\/wp-content\/uploads\/2022\/11\/Cacamba-da-Nova-Montana-traz-sistema-inovador-de-vedacao-1024x613.jpg 1024w, https:\/\/www.cidademarketing.com.br\/marketing\/wp-content\/uploads\/2022\/11\/Cacamba-da-Nova-Montana-traz-sistema-inovador-de-vedacao-768x460.jpg 768w, https:\/\/www.cidademarketing.com.br\/marketing\/wp-content\/uploads\/2022\/11\/Cacamba-da-Nova-Montana-traz-sistema-inovador-de-vedacao-640x383.jpg 640w, https:\/\/www.cidademarketing.com.br\/marketing\/wp-content\/uploads\/2022\/11\/Cacamba-da-Nova-Montana-traz-sistema-inovador-de-vedacao-681x408.jpg 681w, https:\/\/www.cidademarketing.com.br\/marketing\/wp-content\/uploads\/2022\/11\/Cacamba-da-Nova-Montana-traz-sistema-inovador-de-vedacao.jpg 1280w\" sizes=\"(max-width: 702px) 100vw, 702px\" alt=\"\">\r\n                            <\/a>\r\n                            \r\n                        <\/figure>\r\n                    <\/div>\r\n                    <div class = \"td-slide-item td-item5\">\r\n                        <figure class=\"td-slide-galery-figure td-slide-popup-gallery\">\r\n                            <a class=\"slide-gallery-image-link\" href=\"https:\/\/www.cidademarketing.com.br\/marketing\/wp-content\/uploads\/2022\/11\/new-montana-5.jpg\" title=\"new-montana-5\"  data-caption=\"\"  data-description=\"\">\r\n                                <img decoding=\"async\" src=\"https:\/\/www.cidademarketing.com.br\/marketing\/wp-content\/uploads\/2022\/11\/new-montana-5-748x420.jpg\" srcset=\"https:\/\/www.cidademarketing.com.br\/marketing\/wp-content\/uploads\/2022\/11\/new-montana-5-748x420.jpg 748w, https:\/\/www.cidademarketing.com.br\/marketing\/wp-content\/uploads\/2022\/11\/new-montana-5-300x169.jpg 300w, https:\/\/www.cidademarketing.com.br\/marketing\/wp-content\/uploads\/2022\/11\/new-montana-5-1024x575.jpg 1024w, https:\/\/www.cidademarketing.com.br\/marketing\/wp-content\/uploads\/2022\/11\/new-montana-5-768x431.jpg 768w, https:\/\/www.cidademarketing.com.br\/marketing\/wp-content\/uploads\/2022\/11\/new-montana-5-640x360.jpg 640w, https:\/\/www.cidademarketing.com.br\/marketing\/wp-content\/uploads\/2022\/11\/new-montana-5-681x383.jpg 681w, https:\/\/www.cidademarketing.com.br\/marketing\/wp-content\/uploads\/2022\/11\/new-montana-5.jpg 1280w\" sizes=\"(max-width: 748px) 100vw, 748px\" alt=\"\">\r\n                            <\/a>\r\n                            \r\n                        <\/figure>\r\n                    <\/div>\r\n                    <div class = \"td-slide-item td-item6\">\r\n                        <figure class=\"td-slide-galery-figure td-slide-popup-gallery\">\r\n                            <a class=\"slide-gallery-image-link\" href=\"https:\/\/www.cidademarketing.com.br\/marketing\/wp-content\/uploads\/2022\/11\/new-montana-11.jpg\" title=\"new-montana-11\"  data-caption=\"\"  data-description=\"\">\r\n                                <img decoding=\"async\" src=\"https:\/\/www.cidademarketing.com.br\/marketing\/wp-content\/uploads\/2022\/11\/new-montana-11-630x420.jpg\" srcset=\"https:\/\/www.cidademarketing.com.br\/marketing\/wp-content\/uploads\/2022\/11\/new-montana-11-630x420.jpg 630w, https:\/\/www.cidademarketing.com.br\/marketing\/wp-content\/uploads\/2022\/11\/new-montana-11-300x200.jpg 300w, https:\/\/www.cidademarketing.com.br\/marketing\/wp-content\/uploads\/2022\/11\/new-montana-11-1024x683.jpg 1024w, https:\/\/www.cidademarketing.com.br\/marketing\/wp-content\/uploads\/2022\/11\/new-montana-11-768x512.jpg 768w, https:\/\/www.cidademarketing.com.br\/marketing\/wp-content\/uploads\/2022\/11\/new-montana-11-640x427.jpg 640w, https:\/\/www.cidademarketing.com.br\/marketing\/wp-content\/uploads\/2022\/11\/new-montana-11-681x454.jpg 681w, https:\/\/www.cidademarketing.com.br\/marketing\/wp-content\/uploads\/2022\/11\/new-montana-11.jpg 1280w\" sizes=\"(max-width: 630px) 100vw, 630px\" alt=\"\">\r\n                            <\/a>\r\n                            \r\n                        <\/figure>\r\n                    <\/div>\r\n                            <\/div>\r\n                        <\/div>\r\n\r\n                        <div class = \"td-doubleSlider-2\">\r\n                            <div class = \"td-slider\">\r\n                                \r\n                    <div class = \"td-button td-item1\">\r\n                        <div class = \"td-border\"><\/div>\r\n                    <\/div>\r\n                    <div class = \"td-button td-item2\">\r\n                        <div class = \"td-border\"><\/div>\r\n                    <\/div>\r\n                    <div class = \"td-button td-item3\">\r\n                        <div class = \"td-border\"><\/div>\r\n                    <\/div>\r\n                    <div class = \"td-button td-item4\">\r\n                        <div class = \"td-border\"><\/div>\r\n                    <\/div>\r\n                    <div class = \"td-button td-item5\">\r\n                        <div class = \"td-border\"><\/div>\r\n                    <\/div>\r\n                    <div class = \"td-button td-item6\">\r\n                        <div class = \"td-border\"><\/div>\r\n                    <\/div>\r\n                            <\/div>\r\n                        <\/div>\r\n\r\n                    <\/div>\r\n\r\n                <\/div>\r\n                \n<p>Neste contexto, a futura representante da Chevrolet ser\u00e1, entre as picapes autom\u00e1ticas, por exemplo, a campe\u00e3 em economia de combust\u00edvel &#8211; caracter\u00edstica que ganha cada vez mais relev\u00e2ncia para quem busca uma dose extra comodidade. E sempre com muito sil\u00eancio a bordo.<\/p>\n<div style=\"width: 640px;\" class=\"wp-video\"><video class=\"wp-video-shortcode\" id=\"video-40670-1\" width=\"640\" height=\"360\" preload=\"metadata\" controls=\"controls\"><source type=\"video\/mp4\" src=\"https:\/\/www.cidademarketing.com.br\/marketing\/wp-content\/uploads\/2022\/11\/Webserie-Montana-EP09-Sem-legenda.mp4?_=1\" \/><a href=\"https:\/\/www.cidademarketing.com.br\/marketing\/wp-content\/uploads\/2022\/11\/Webserie-Montana-EP09-Sem-legenda.mp4\">https:\/\/www.cidademarketing.com.br\/marketing\/wp-content\/uploads\/2022\/11\/Webserie-Montana-EP09-Sem-legenda.mp4<\/a><\/video><\/div>\n<p>\u201cFoi desenvolvida uma calibra\u00e7\u00e3o espec\u00edfica de motor e transmiss\u00e3o para a Nova Montana considerando a proposta do ve\u00edculo, para a otimiza\u00e7\u00e3o da performance, seja quando estiver vazio ou carregado\u201d, explica Eduardo Domeniquelli, engenheiro-chefe do projeto.<\/p>\n<p>Outro conceito interessante da Nova Montana est\u00e1 no fato dela unir a robustez de uma verdadeira picape com o conforto e a dirigibilidade de um SUV. Traz inclusive posi\u00e7\u00e3o mais alta de guiar, uma sele\u00e7\u00e3o de acabamentos sofisticados, al\u00e9m de muitas tecnologias de seguran\u00e7a e conectividade.<\/p>\n<p>A Nova Montana foi desenvolvida para ser um carro pr\u00e1tico e vers\u00e1til para o dia a dia, at\u00e9 na hora de estacionar. Para isso, ela inova nas propor\u00e7\u00f5es da carroceria, que resultou ainda no melhor aproveitamento do espa\u00e7o interno, inclusive para os passageiros da segunda fileira de bancos.<\/p>\n<p>E como uma super picape come\u00e7a com uma super ca\u00e7amba, a Nova Montana vai surpreender neste aspecto tamb\u00e9m. Conta com a ca\u00e7amba inteligente, para m\u00faltiplas organiza\u00e7\u00f5es da carga, com a melhor veda\u00e7\u00e3o contra \u00e1gua e poeira do segmento.<\/p>\n<p>A Chevrolet j\u00e1 compartilhou detalhes do visual da futura picape da marca, entre eles os far\u00f3is tipo Full LED, a cabine dupla e a tampa da ca\u00e7amba com sistema de amortecimento para a abertura.<\/p>\n<p>A Nova Montana \u00e9 um projeto desenvolvido em parceria com os centros tecnol\u00f3gicos da GM na America do Sul, Am\u00e9rica do Norte e \u00c1sia. Ser\u00e1 o pr\u00f3ximo integrante da fam\u00edlia de ve\u00edculos global da Chevrolet, j\u00e1 composta pelas atuais gera\u00e7\u00f5es de Onix, Onix Plus e Tracker \u2013 todos refer\u00eancia em seus respectivos segmentos.<\/p>\n<p><iframe style=\"width: 100%; max-width: 660px; overflow: hidden; background: transparent;\" src=\"https:\/\/embed.podcasts.apple.com\/br\/podcast\/podcast-cidademarketing\/id1371923283\" height=\"450\" frameborder=\"0\" sandbox=\"allow-forms allow-popups allow-same-origin allow-scripts allow-storage-access-by-user-activation allow-top-navigation-by-user-activation\"><\/iframe><\/p>\n","protected":false},"excerpt":{"rendered":"<p>A Nova Montana vai ser apresentada no dia 1\u00ba de dezembro no canal oficial da Chevrolet no YouTube, quando inicia tamb\u00e9m a pr\u00e9-venda do produto, mas v\u00e1rios segredos do futuro lan\u00e7amento da Chevrolet j\u00e1 est\u00e3o sendo revelados. S\u00e3o inova\u00e7\u00f5es que a tornam mais espa\u00e7osa, confort\u00e1vel e vers\u00e1til. At\u00e9 por isso ela estreia um novo conceito [&hellip;]<\/p>\n","protected":false},"author":1,"featured_media":40673,"comment_status":"open","ping_status":"open","sticky":false,"template":"","format":"standard","meta":{"tdm_status":"","tdm_grid_status":"","footnotes":""},"categories":[6],"tags":[65,315,33,293,28,5684,185],"class_list":["post-40670","post","type-post","status-publish","format-standard","has-post-thumbnail","hentry","category-noticias","tag-campanha","tag-chevrolet","tag-estrategia","tag-inovacao","tag-marketing","tag-montana","tag-tecnologia"],"yoast_head":"<!-- This site is optimized with the Yoast SEO plugin v27.5 - https:\/\/yoast.com\/product\/yoast-seo-wordpress\/ -->\n<title>Chevrolet traz Nova Montana com motor 1.2 turbo; Ve\u00edculo ser\u00e1 revelado no dia 01\/12 - CidadeMarketing<\/title>\n<meta name=\"robots\" content=\"index, follow, max-snippet:-1, max-image-preview:large, max-video-preview:-1\" \/>\n<link rel=\"canonical\" href=\"https:\/\/www.cidademarketing.com.br\/marketing\/2022\/11\/27\/chevrolet-traz-nova-montana-com-motor-1-2-turbo-veiculo-sera-revelado-no-dia-01-12\/\" \/>\n<meta property=\"og:locale\" content=\"pt_BR\" \/>\n<meta property=\"og:type\" content=\"article\" \/>\n<meta property=\"og:title\" content=\"Chevrolet traz Nova Montana com motor 1.2 turbo; Ve\u00edculo ser\u00e1 revelado no dia 01\/12 - CidadeMarketing\" \/>\n<meta property=\"og:description\" content=\"A Nova Montana vai ser apresentada no dia 1\u00ba de dezembro no canal oficial da Chevrolet no YouTube, quando inicia tamb\u00e9m a pr\u00e9-venda do produto, mas v\u00e1rios segredos do futuro lan\u00e7amento da Chevrolet j\u00e1 est\u00e3o sendo revelados. S\u00e3o inova\u00e7\u00f5es que a tornam mais espa\u00e7osa, confort\u00e1vel e vers\u00e1til. At\u00e9 por isso ela estreia um novo conceito [&hellip;]\" \/>\n<meta property=\"og:url\" content=\"https:\/\/www.cidademarketing.com.br\/marketing\/2022\/11\/27\/chevrolet-traz-nova-montana-com-motor-1-2-turbo-veiculo-sera-revelado-no-dia-01-12\/\" \/>\n<meta property=\"og:site_name\" content=\"CidadeMarketing\" \/>\n<meta property=\"article:publisher\" content=\"https:\/\/www.facebook.com\/portalcidademarketing\" \/>\n<meta property=\"article:author\" content=\"https:\/\/www.facebook.com\/thalesbrandao\" \/>\n<meta property=\"article:published_time\" content=\"2022-11-27T17:42:51+00:00\" \/>\n<meta property=\"og:image\" content=\"https:\/\/www.cidademarketing.com.br\/marketing\/wp-content\/uploads\/2022\/11\/new-montana-10.jpg\" \/>\n\t<meta property=\"og:image:width\" content=\"1280\" \/>\n\t<meta property=\"og:image:height\" content=\"854\" \/>\n\t<meta property=\"og:image:type\" content=\"image\/jpeg\" \/>\n<meta name=\"author\" content=\"Thales Brand\u00e3o\" \/>\n<meta name=\"twitter:card\" content=\"summary_large_image\" \/>\n<meta name=\"twitter:creator\" content=\"@http:\/\/www.twitter.com\/thalesbrandao\" \/>\n<meta name=\"twitter:site\" content=\"@CidadeMarketing\" \/>\n<meta name=\"twitter:label1\" content=\"Escrito por\" \/>\n\t<meta name=\"twitter:data1\" content=\"Thales Brand\u00e3o\" \/>\n\t<meta name=\"twitter:label2\" content=\"Est. tempo de leitura\" \/>\n\t<meta name=\"twitter:data2\" content=\"3 minutos\" \/>\n<script type=\"application\/ld+json\" class=\"yoast-schema-graph\">{\"@context\":\"https:\\\/\\\/schema.org\",\"@graph\":[{\"@type\":\"Article\",\"@id\":\"https:\\\/\\\/www.cidademarketing.com.br\\\/marketing\\\/2022\\\/11\\\/27\\\/chevrolet-traz-nova-montana-com-motor-1-2-turbo-veiculo-sera-revelado-no-dia-01-12\\\/#article\",\"isPartOf\":{\"@id\":\"https:\\\/\\\/www.cidademarketing.com.br\\\/marketing\\\/2022\\\/11\\\/27\\\/chevrolet-traz-nova-montana-com-motor-1-2-turbo-veiculo-sera-revelado-no-dia-01-12\\\/\"},\"author\":{\"name\":\"Thales Brand\u00e3o\",\"@id\":\"https:\\\/\\\/www.cidademarketing.com.br\\\/marketing\\\/#\\\/schema\\\/person\\\/02daff9f18bd9378c9e01eb6b2db155f\"},\"headline\":\"Chevrolet traz Nova Montana com motor 1.2 turbo; Ve\u00edculo ser\u00e1 revelado no dia 01\\\/12\",\"datePublished\":\"2022-11-27T17:42:51+00:00\",\"mainEntityOfPage\":{\"@id\":\"https:\\\/\\\/www.cidademarketing.com.br\\\/marketing\\\/2022\\\/11\\\/27\\\/chevrolet-traz-nova-montana-com-motor-1-2-turbo-veiculo-sera-revelado-no-dia-01-12\\\/\"},\"wordCount\":535,\"commentCount\":0,\"publisher\":{\"@id\":\"https:\\\/\\\/www.cidademarketing.com.br\\\/marketing\\\/#organization\"},\"image\":{\"@id\":\"https:\\\/\\\/www.cidademarketing.com.br\\\/marketing\\\/2022\\\/11\\\/27\\\/chevrolet-traz-nova-montana-com-motor-1-2-turbo-veiculo-sera-revelado-no-dia-01-12\\\/#primaryimage\"},\"thumbnailUrl\":\"https:\\\/\\\/www.cidademarketing.com.br\\\/marketing\\\/wp-content\\\/uploads\\\/2022\\\/11\\\/new-montana-10.jpg\",\"keywords\":[\"campanha\",\"Chevrolet\",\"estrat\u00e9gia\",\"inova\u00e7\u00e3o\",\"marketing\",\"Montana\",\"tecnologia\"],\"articleSection\":[\"Not\u00edcias\"],\"inLanguage\":\"pt-BR\",\"potentialAction\":[{\"@type\":\"CommentAction\",\"name\":\"Comment\",\"target\":[\"https:\\\/\\\/www.cidademarketing.com.br\\\/marketing\\\/2022\\\/11\\\/27\\\/chevrolet-traz-nova-montana-com-motor-1-2-turbo-veiculo-sera-revelado-no-dia-01-12\\\/#respond\"]}]},{\"@type\":\"WebPage\",\"@id\":\"https:\\\/\\\/www.cidademarketing.com.br\\\/marketing\\\/2022\\\/11\\\/27\\\/chevrolet-traz-nova-montana-com-motor-1-2-turbo-veiculo-sera-revelado-no-dia-01-12\\\/\",\"url\":\"https:\\\/\\\/www.cidademarketing.com.br\\\/marketing\\\/2022\\\/11\\\/27\\\/chevrolet-traz-nova-montana-com-motor-1-2-turbo-veiculo-sera-revelado-no-dia-01-12\\\/\",\"name\":\"Chevrolet traz Nova Montana com motor 1.2 turbo; Ve\u00edculo ser\u00e1 revelado no dia 01\\\/12 - CidadeMarketing\",\"isPartOf\":{\"@id\":\"https:\\\/\\\/www.cidademarketing.com.br\\\/marketing\\\/#website\"},\"primaryImageOfPage\":{\"@id\":\"https:\\\/\\\/www.cidademarketing.com.br\\\/marketing\\\/2022\\\/11\\\/27\\\/chevrolet-traz-nova-montana-com-motor-1-2-turbo-veiculo-sera-revelado-no-dia-01-12\\\/#primaryimage\"},\"image\":{\"@id\":\"https:\\\/\\\/www.cidademarketing.com.br\\\/marketing\\\/2022\\\/11\\\/27\\\/chevrolet-traz-nova-montana-com-motor-1-2-turbo-veiculo-sera-revelado-no-dia-01-12\\\/#primaryimage\"},\"thumbnailUrl\":\"https:\\\/\\\/www.cidademarketing.com.br\\\/marketing\\\/wp-content\\\/uploads\\\/2022\\\/11\\\/new-montana-10.jpg\",\"datePublished\":\"2022-11-27T17:42:51+00:00\",\"breadcrumb\":{\"@id\":\"https:\\\/\\\/www.cidademarketing.com.br\\\/marketing\\\/2022\\\/11\\\/27\\\/chevrolet-traz-nova-montana-com-motor-1-2-turbo-veiculo-sera-revelado-no-dia-01-12\\\/#breadcrumb\"},\"inLanguage\":\"pt-BR\",\"potentialAction\":[{\"@type\":\"ReadAction\",\"target\":[\"https:\\\/\\\/www.cidademarketing.com.br\\\/marketing\\\/2022\\\/11\\\/27\\\/chevrolet-traz-nova-montana-com-motor-1-2-turbo-veiculo-sera-revelado-no-dia-01-12\\\/\"]}]},{\"@type\":\"ImageObject\",\"inLanguage\":\"pt-BR\",\"@id\":\"https:\\\/\\\/www.cidademarketing.com.br\\\/marketing\\\/2022\\\/11\\\/27\\\/chevrolet-traz-nova-montana-com-motor-1-2-turbo-veiculo-sera-revelado-no-dia-01-12\\\/#primaryimage\",\"url\":\"https:\\\/\\\/www.cidademarketing.com.br\\\/marketing\\\/wp-content\\\/uploads\\\/2022\\\/11\\\/new-montana-10.jpg\",\"contentUrl\":\"https:\\\/\\\/www.cidademarketing.com.br\\\/marketing\\\/wp-content\\\/uploads\\\/2022\\\/11\\\/new-montana-10.jpg\",\"width\":1280,\"height\":854},{\"@type\":\"BreadcrumbList\",\"@id\":\"https:\\\/\\\/www.cidademarketing.com.br\\\/marketing\\\/2022\\\/11\\\/27\\\/chevrolet-traz-nova-montana-com-motor-1-2-turbo-veiculo-sera-revelado-no-dia-01-12\\\/#breadcrumb\",\"itemListElement\":[{\"@type\":\"ListItem\",\"position\":1,\"name\":\"In\u00edcio\",\"item\":\"https:\\\/\\\/www.cidademarketing.com.br\\\/marketing\\\/\"},{\"@type\":\"ListItem\",\"position\":2,\"name\":\"Chevrolet traz Nova Montana com motor 1.2 turbo; Ve\u00edculo ser\u00e1 revelado no dia 01\\\/12\"}]},{\"@type\":\"WebSite\",\"@id\":\"https:\\\/\\\/www.cidademarketing.com.br\\\/marketing\\\/#website\",\"url\":\"https:\\\/\\\/www.cidademarketing.com.br\\\/marketing\\\/\",\"name\":\"CidadeMarketing\",\"description\":\"Somos um ve\u00edculo de comunica\u00e7\u00e3o de destaque no Brasil, reconhecido por conte\u00fados nos segmentos de marketing, empreendedorismo e inova\u00e7\u00e3o.\",\"publisher\":{\"@id\":\"https:\\\/\\\/www.cidademarketing.com.br\\\/marketing\\\/#organization\"},\"alternateName\":\"CidadeMarketing\",\"potentialAction\":[{\"@type\":\"SearchAction\",\"target\":{\"@type\":\"EntryPoint\",\"urlTemplate\":\"https:\\\/\\\/www.cidademarketing.com.br\\\/marketing\\\/?s={search_term_string}\"},\"query-input\":{\"@type\":\"PropertyValueSpecification\",\"valueRequired\":true,\"valueName\":\"search_term_string\"}}],\"inLanguage\":\"pt-BR\"},{\"@type\":\"Organization\",\"@id\":\"https:\\\/\\\/www.cidademarketing.com.br\\\/marketing\\\/#organization\",\"name\":\"CidadeMarketing\",\"alternateName\":\"CidadeMarketing\",\"url\":\"https:\\\/\\\/www.cidademarketing.com.br\\\/marketing\\\/\",\"logo\":{\"@type\":\"ImageObject\",\"inLanguage\":\"pt-BR\",\"@id\":\"https:\\\/\\\/www.cidademarketing.com.br\\\/marketing\\\/#\\\/schema\\\/logo\\\/image\\\/\",\"url\":\"https:\\\/\\\/www.cidademarketing.com.br\\\/marketing\\\/wp-content\\\/uploads\\\/2020\\\/01\\\/cidademarketing_marca_mobile.png\",\"contentUrl\":\"https:\\\/\\\/www.cidademarketing.com.br\\\/marketing\\\/wp-content\\\/uploads\\\/2020\\\/01\\\/cidademarketing_marca_mobile.png\",\"width\":230,\"height\":92,\"caption\":\"CidadeMarketing\"},\"image\":{\"@id\":\"https:\\\/\\\/www.cidademarketing.com.br\\\/marketing\\\/#\\\/schema\\\/logo\\\/image\\\/\"},\"sameAs\":[\"https:\\\/\\\/www.facebook.com\\\/portalcidademarketing\",\"https:\\\/\\\/x.com\\\/CidadeMarketing\",\"https:\\\/\\\/www.instagram.com\\\/cidademarketing\\\/\"]},{\"@type\":\"Person\",\"@id\":\"https:\\\/\\\/www.cidademarketing.com.br\\\/marketing\\\/#\\\/schema\\\/person\\\/02daff9f18bd9378c9e01eb6b2db155f\",\"name\":\"Thales Brand\u00e3o\",\"image\":{\"@type\":\"ImageObject\",\"inLanguage\":\"pt-BR\",\"@id\":\"https:\\\/\\\/secure.gravatar.com\\\/avatar\\\/7ca3206950207cc3cb48feec56a8a7898741ab725c368d99d5d7a5a50aab80c6?s=96&d=mm&r=g\",\"url\":\"https:\\\/\\\/secure.gravatar.com\\\/avatar\\\/7ca3206950207cc3cb48feec56a8a7898741ab725c368d99d5d7a5a50aab80c6?s=96&d=mm&r=g\",\"contentUrl\":\"https:\\\/\\\/secure.gravatar.com\\\/avatar\\\/7ca3206950207cc3cb48feec56a8a7898741ab725c368d99d5d7a5a50aab80c6?s=96&d=mm&r=g\",\"caption\":\"Thales Brand\u00e3o\"},\"description\":\"Editor Executivo do Portal CidadeMarketing.com.br &gt; Mestre em Comunica\u00e7\u00e3o e Sociedade pela Universidade Federal de Sergipe. Possui MBA Executivo em Administra\u00e7\u00e3o com \u00eanfase em Marketing pela Funda\u00e7\u00e3o Get\u00falio Vargas - Rio de Janeiro. Consultor, Palestrante e Pesquisador sobre Empreendedorismo, Marketing, Redes Sociais e Neg\u00f3cios Digitais. Professor, Palestrante TedxTalks e Campus Party. Twitter: @ThalesBrandao\",\"sameAs\":[\"http:\\\/\\\/www.mandacaru.com.br\",\"https:\\\/\\\/www.facebook.com\\\/thalesbrandao\",\"http:\\\/\\\/www.instagram.com.br\\\/thalesbrandaoferreira\",\"https:\\\/\\\/www.linkedin.com\\\/in\\\/thales-brand\u00e3o-3948609\\\/\",\"https:\\\/\\\/x.com\\\/http:\\\/\\\/www.twitter.com\\\/thalesbrandao\"],\"url\":\"https:\\\/\\\/www.cidademarketing.com.br\\\/marketing\\\/author\\\/thalesbrandao\\\/\"}]}<\/script>\n<!-- \/ Yoast SEO plugin. -->","yoast_head_json":{"title":"Chevrolet traz Nova Montana com motor 1.2 turbo; Ve\u00edculo ser\u00e1 revelado no dia 01\/12 - CidadeMarketing","robots":{"index":"index","follow":"follow","max-snippet":"max-snippet:-1","max-image-preview":"max-image-preview:large","max-video-preview":"max-video-preview:-1"},"canonical":"https:\/\/www.cidademarketing.com.br\/marketing\/2022\/11\/27\/chevrolet-traz-nova-montana-com-motor-1-2-turbo-veiculo-sera-revelado-no-dia-01-12\/","og_locale":"pt_BR","og_type":"article","og_title":"Chevrolet traz Nova Montana com motor 1.2 turbo; Ve\u00edculo ser\u00e1 revelado no dia 01\/12 - CidadeMarketing","og_description":"A Nova Montana vai ser apresentada no dia 1\u00ba de dezembro no canal oficial da Chevrolet no YouTube, quando inicia tamb\u00e9m a pr\u00e9-venda do produto, mas v\u00e1rios segredos do futuro lan\u00e7amento da Chevrolet j\u00e1 est\u00e3o sendo revelados. S\u00e3o inova\u00e7\u00f5es que a tornam mais espa\u00e7osa, confort\u00e1vel e vers\u00e1til. At\u00e9 por isso ela estreia um novo conceito [&hellip;]","og_url":"https:\/\/www.cidademarketing.com.br\/marketing\/2022\/11\/27\/chevrolet-traz-nova-montana-com-motor-1-2-turbo-veiculo-sera-revelado-no-dia-01-12\/","og_site_name":"CidadeMarketing","article_publisher":"https:\/\/www.facebook.com\/portalcidademarketing","article_author":"https:\/\/www.facebook.com\/thalesbrandao","article_published_time":"2022-11-27T17:42:51+00:00","og_image":[{"width":1280,"height":854,"url":"https:\/\/www.cidademarketing.com.br\/marketing\/wp-content\/uploads\/2022\/11\/new-montana-10.jpg","type":"image\/jpeg"}],"author":"Thales Brand\u00e3o","twitter_card":"summary_large_image","twitter_creator":"@http:\/\/www.twitter.com\/thalesbrandao","twitter_site":"@CidadeMarketing","twitter_misc":{"Escrito por":"Thales Brand\u00e3o","Est. tempo de leitura":"3 minutos"},"schema":{"@context":"https:\/\/schema.org","@graph":[{"@type":"Article","@id":"https:\/\/www.cidademarketing.com.br\/marketing\/2022\/11\/27\/chevrolet-traz-nova-montana-com-motor-1-2-turbo-veiculo-sera-revelado-no-dia-01-12\/#article","isPartOf":{"@id":"https:\/\/www.cidademarketing.com.br\/marketing\/2022\/11\/27\/chevrolet-traz-nova-montana-com-motor-1-2-turbo-veiculo-sera-revelado-no-dia-01-12\/"},"author":{"name":"Thales Brand\u00e3o","@id":"https:\/\/www.cidademarketing.com.br\/marketing\/#\/schema\/person\/02daff9f18bd9378c9e01eb6b2db155f"},"headline":"Chevrolet traz Nova Montana com motor 1.2 turbo; Ve\u00edculo ser\u00e1 revelado no dia 01\/12","datePublished":"2022-11-27T17:42:51+00:00","mainEntityOfPage":{"@id":"https:\/\/www.cidademarketing.com.br\/marketing\/2022\/11\/27\/chevrolet-traz-nova-montana-com-motor-1-2-turbo-veiculo-sera-revelado-no-dia-01-12\/"},"wordCount":535,"commentCount":0,"publisher":{"@id":"https:\/\/www.cidademarketing.com.br\/marketing\/#organization"},"image":{"@id":"https:\/\/www.cidademarketing.com.br\/marketing\/2022\/11\/27\/chevrolet-traz-nova-montana-com-motor-1-2-turbo-veiculo-sera-revelado-no-dia-01-12\/#primaryimage"},"thumbnailUrl":"https:\/\/www.cidademarketing.com.br\/marketing\/wp-content\/uploads\/2022\/11\/new-montana-10.jpg","keywords":["campanha","Chevrolet","estrat\u00e9gia","inova\u00e7\u00e3o","marketing","Montana","tecnologia"],"articleSection":["Not\u00edcias"],"inLanguage":"pt-BR","potentialAction":[{"@type":"CommentAction","name":"Comment","target":["https:\/\/www.cidademarketing.com.br\/marketing\/2022\/11\/27\/chevrolet-traz-nova-montana-com-motor-1-2-turbo-veiculo-sera-revelado-no-dia-01-12\/#respond"]}]},{"@type":"WebPage","@id":"https:\/\/www.cidademarketing.com.br\/marketing\/2022\/11\/27\/chevrolet-traz-nova-montana-com-motor-1-2-turbo-veiculo-sera-revelado-no-dia-01-12\/","url":"https:\/\/www.cidademarketing.com.br\/marketing\/2022\/11\/27\/chevrolet-traz-nova-montana-com-motor-1-2-turbo-veiculo-sera-revelado-no-dia-01-12\/","name":"Chevrolet traz Nova Montana com motor 1.2 turbo; Ve\u00edculo ser\u00e1 revelado no dia 01\/12 - CidadeMarketing","isPartOf":{"@id":"https:\/\/www.cidademarketing.com.br\/marketing\/#website"},"primaryImageOfPage":{"@id":"https:\/\/www.cidademarketing.com.br\/marketing\/2022\/11\/27\/chevrolet-traz-nova-montana-com-motor-1-2-turbo-veiculo-sera-revelado-no-dia-01-12\/#primaryimage"},"image":{"@id":"https:\/\/www.cidademarketing.com.br\/marketing\/2022\/11\/27\/chevrolet-traz-nova-montana-com-motor-1-2-turbo-veiculo-sera-revelado-no-dia-01-12\/#primaryimage"},"thumbnailUrl":"https:\/\/www.cidademarketing.com.br\/marketing\/wp-content\/uploads\/2022\/11\/new-montana-10.jpg","datePublished":"2022-11-27T17:42:51+00:00","breadcrumb":{"@id":"https:\/\/www.cidademarketing.com.br\/marketing\/2022\/11\/27\/chevrolet-traz-nova-montana-com-motor-1-2-turbo-veiculo-sera-revelado-no-dia-01-12\/#breadcrumb"},"inLanguage":"pt-BR","potentialAction":[{"@type":"ReadAction","target":["https:\/\/www.cidademarketing.com.br\/marketing\/2022\/11\/27\/chevrolet-traz-nova-montana-com-motor-1-2-turbo-veiculo-sera-revelado-no-dia-01-12\/"]}]},{"@type":"ImageObject","inLanguage":"pt-BR","@id":"https:\/\/www.cidademarketing.com.br\/marketing\/2022\/11\/27\/chevrolet-traz-nova-montana-com-motor-1-2-turbo-veiculo-sera-revelado-no-dia-01-12\/#primaryimage","url":"https:\/\/www.cidademarketing.com.br\/marketing\/wp-content\/uploads\/2022\/11\/new-montana-10.jpg","contentUrl":"https:\/\/www.cidademarketing.com.br\/marketing\/wp-content\/uploads\/2022\/11\/new-montana-10.jpg","width":1280,"height":854},{"@type":"BreadcrumbList","@id":"https:\/\/www.cidademarketing.com.br\/marketing\/2022\/11\/27\/chevrolet-traz-nova-montana-com-motor-1-2-turbo-veiculo-sera-revelado-no-dia-01-12\/#breadcrumb","itemListElement":[{"@type":"ListItem","position":1,"name":"In\u00edcio","item":"https:\/\/www.cidademarketing.com.br\/marketing\/"},{"@type":"ListItem","position":2,"name":"Chevrolet traz Nova Montana com motor 1.2 turbo; Ve\u00edculo ser\u00e1 revelado no dia 01\/12"}]},{"@type":"WebSite","@id":"https:\/\/www.cidademarketing.com.br\/marketing\/#website","url":"https:\/\/www.cidademarketing.com.br\/marketing\/","name":"CidadeMarketing","description":"Somos um ve\u00edculo de comunica\u00e7\u00e3o de destaque no Brasil, reconhecido por conte\u00fados nos segmentos de marketing, empreendedorismo e inova\u00e7\u00e3o.","publisher":{"@id":"https:\/\/www.cidademarketing.com.br\/marketing\/#organization"},"alternateName":"CidadeMarketing","potentialAction":[{"@type":"SearchAction","target":{"@type":"EntryPoint","urlTemplate":"https:\/\/www.cidademarketing.com.br\/marketing\/?s={search_term_string}"},"query-input":{"@type":"PropertyValueSpecification","valueRequired":true,"valueName":"search_term_string"}}],"inLanguage":"pt-BR"},{"@type":"Organization","@id":"https:\/\/www.cidademarketing.com.br\/marketing\/#organization","name":"CidadeMarketing","alternateName":"CidadeMarketing","url":"https:\/\/www.cidademarketing.com.br\/marketing\/","logo":{"@type":"ImageObject","inLanguage":"pt-BR","@id":"https:\/\/www.cidademarketing.com.br\/marketing\/#\/schema\/logo\/image\/","url":"https:\/\/www.cidademarketing.com.br\/marketing\/wp-content\/uploads\/2020\/01\/cidademarketing_marca_mobile.png","contentUrl":"https:\/\/www.cidademarketing.com.br\/marketing\/wp-content\/uploads\/2020\/01\/cidademarketing_marca_mobile.png","width":230,"height":92,"caption":"CidadeMarketing"},"image":{"@id":"https:\/\/www.cidademarketing.com.br\/marketing\/#\/schema\/logo\/image\/"},"sameAs":["https:\/\/www.facebook.com\/portalcidademarketing","https:\/\/x.com\/CidadeMarketing","https:\/\/www.instagram.com\/cidademarketing\/"]},{"@type":"Person","@id":"https:\/\/www.cidademarketing.com.br\/marketing\/#\/schema\/person\/02daff9f18bd9378c9e01eb6b2db155f","name":"Thales Brand\u00e3o","image":{"@type":"ImageObject","inLanguage":"pt-BR","@id":"https:\/\/secure.gravatar.com\/avatar\/7ca3206950207cc3cb48feec56a8a7898741ab725c368d99d5d7a5a50aab80c6?s=96&d=mm&r=g","url":"https:\/\/secure.gravatar.com\/avatar\/7ca3206950207cc3cb48feec56a8a7898741ab725c368d99d5d7a5a50aab80c6?s=96&d=mm&r=g","contentUrl":"https:\/\/secure.gravatar.com\/avatar\/7ca3206950207cc3cb48feec56a8a7898741ab725c368d99d5d7a5a50aab80c6?s=96&d=mm&r=g","caption":"Thales Brand\u00e3o"},"description":"Editor Executivo do Portal CidadeMarketing.com.br &gt; Mestre em Comunica\u00e7\u00e3o e Sociedade pela Universidade Federal de Sergipe. Possui MBA Executivo em Administra\u00e7\u00e3o com \u00eanfase em Marketing pela Funda\u00e7\u00e3o Get\u00falio Vargas - Rio de Janeiro. Consultor, Palestrante e Pesquisador sobre Empreendedorismo, Marketing, Redes Sociais e Neg\u00f3cios Digitais. Professor, Palestrante TedxTalks e Campus Party. Twitter: @ThalesBrandao","sameAs":["http:\/\/www.mandacaru.com.br","https:\/\/www.facebook.com\/thalesbrandao","http:\/\/www.instagram.com.br\/thalesbrandaoferreira","https:\/\/www.linkedin.com\/in\/thales-brand\u00e3o-3948609\/","https:\/\/x.com\/http:\/\/www.twitter.com\/thalesbrandao"],"url":"https:\/\/www.cidademarketing.com.br\/marketing\/author\/thalesbrandao\/"}]}},"amp_enabled":true,"_links":{"self":[{"href":"https:\/\/www.cidademarketing.com.br\/marketing\/wp-json\/wp\/v2\/posts\/40670","targetHints":{"allow":["GET"]}}],"collection":[{"href":"https:\/\/www.cidademarketing.com.br\/marketing\/wp-json\/wp\/v2\/posts"}],"about":[{"href":"https:\/\/www.cidademarketing.com.br\/marketing\/wp-json\/wp\/v2\/types\/post"}],"author":[{"embeddable":true,"href":"https:\/\/www.cidademarketing.com.br\/marketing\/wp-json\/wp\/v2\/users\/1"}],"replies":[{"embeddable":true,"href":"https:\/\/www.cidademarketing.com.br\/marketing\/wp-json\/wp\/v2\/comments?post=40670"}],"version-history":[{"count":2,"href":"https:\/\/www.cidademarketing.com.br\/marketing\/wp-json\/wp\/v2\/posts\/40670\/revisions"}],"predecessor-version":[{"id":40679,"href":"https:\/\/www.cidademarketing.com.br\/marketing\/wp-json\/wp\/v2\/posts\/40670\/revisions\/40679"}],"wp:featuredmedia":[{"embeddable":true,"href":"https:\/\/www.cidademarketing.com.br\/marketing\/wp-json\/wp\/v2\/media\/40673"}],"wp:attachment":[{"href":"https:\/\/www.cidademarketing.com.br\/marketing\/wp-json\/wp\/v2\/media?parent=40670"}],"wp:term":[{"taxonomy":"category","embeddable":true,"href":"https:\/\/www.cidademarketing.com.br\/marketing\/wp-json\/wp\/v2\/categories?post=40670"},{"taxonomy":"post_tag","embeddable":true,"href":"https:\/\/www.cidademarketing.com.br\/marketing\/wp-json\/wp\/v2\/tags?post=40670"}],"curies":[{"name":"wp","href":"https:\/\/api.w.org\/{rel}","templated":true}]}}