{"id":4065,"date":"2018-12-17T17:39:47","date_gmt":"2018-12-17T19:39:47","guid":{"rendered":"http:\/\/www.cidademarketing.com.br\/marketing\/?p=4065"},"modified":"2018-12-17T17:57:33","modified_gmt":"2018-12-17T19:57:33","slug":"santander-incentiva-o-uso-de-bicicletas-eletricas-e-lanca-credito-exclusivo-para-mobilidade","status":"publish","type":"post","link":"https:\/\/www.cidademarketing.com.br\/marketing\/2018\/12\/17\/santander-incentiva-o-uso-de-bicicletas-eletricas-e-lanca-credito-exclusivo-para-mobilidade\/","title":{"rendered":"Santander incentiva o uso de bicicletas el\u00e9tricas e lan\u00e7a cr\u00e9dito exclusivo para mobilidade"},"content":{"rendered":"\n<p>O Santander Brasil lan\u00e7a uma linha de cr\u00e9dito espec\u00edfica para a compra de bicicletas el\u00e9tricas, o CDC Mobilidade. O banco vai financiar at\u00e9 100% do valor do produto em at\u00e9 48 meses, com taxas a partir de 1,69% ao m\u00eas. O objetivo \u00e9 ajudar seus clientes a chegarem mais r\u00e1pido aos seus destinos e contribuir para diminuir o tr\u00e2nsito nas cidades do Pa\u00eds, com o uso de um transporte n\u00e3o-poluente.<\/p>\n\n\n\n<p>\u201cCome\u00e7amos com uma a\u00e7\u00e3o para nossos funcion\u00e1rios, com condi\u00e7\u00f5es especiais para a compra da bicicleta el\u00e9trica por meio da parceria com a Vela Bikes e Sense. E percebemos a oportunidade de apoiar as pessoas na busca por alternativas reais de mobilidade urbana para fugir do tr\u00e2nsito ca\u00f3tico das cidades, de uma forma sustent\u00e1vel\u201d, afirma C\u00e1ssio Schmitt, diretor de produtos de cr\u00e9dito e recupera\u00e7\u00e3o de Pessoa F\u00edsica do Santander Brasil.<\/p>\n\n\n\n<p>Para acessar a linha de cr\u00e9dito, o cliente deve levar o or\u00e7amento das bicicletas el\u00e9tricas que deseja comprar ao seu gerente na ag\u00eancia. Ap\u00f3s o aceite do Santander para o valor solicitado via CDC Mobilidade, o cliente pode gerar o boleto\/nota fiscal e, com esse documento, formalizar a contrata\u00e7\u00e3o. <\/p>\n\n\n\n<p>O boleto \u00e9 pago \u00e0 vista pelo Santander, direcionando o recurso direto para o fornecedor da bicicleta. E o pagamento das parcelas pode ser feito mensalmente como d\u00e9bito autom\u00e1tico na conta. Mais informa\u00e7\u00f5es (<a href=\"https:\/\/www.santander.com.br\/creditos-e-financiamentos\/para-voce\/cdc-mobilidade\" target=\"_blank\" rel=\"noreferrer noopener\" aria-label=\"O boleto \u00e9 pago \u00e0 vista pelo Santander, direcionando o recurso direto para o fornecedor da bicicleta. E o pagamento das parcelas pode ser feito mensalmente como d\u00e9bito autom\u00e1tico na conta. Mais informa\u00e7\u00f5es (https:\/\/www.santander.com.br\/creditos-e-financiamentos\/para-voce\/cdc-mobilidade). (opens in a new tab)\">https:\/\/www.santander.com.br\/creditos-e-financiamentos\/para-voce\/cdc-mobilidade<\/a>).<\/p>\n\n\n\n<p><\/p>\n","protected":false},"excerpt":{"rendered":"<p>O Santander Brasil lan\u00e7a uma linha de cr\u00e9dito espec\u00edfica para a compra de bicicletas el\u00e9tricas, o CDC Mobilidade. O banco vai financiar at\u00e9 100% do valor do produto em at\u00e9 48 meses, com taxas a partir de 1,69% ao m\u00eas. O objetivo \u00e9 ajudar seus clientes a chegarem mais r\u00e1pido aos seus destinos e contribuir [&hellip;]<\/p>\n","protected":false},"author":1,"featured_media":4066,"comment_status":"open","ping_status":"open","sticky":false,"template":"","format":"standard","meta":{"tdm_status":"","tdm_grid_status":"","footnotes":""},"categories":[6],"tags":[881,882],"class_list":["post-4065","post","type-post","status-publish","format-standard","has-post-thumbnail","hentry","category-noticias","tag-mobilidade","tag-veiculo-eletrico"],"yoast_head":"<!-- This site is optimized with the Yoast SEO plugin v27.5 - https:\/\/yoast.com\/product\/yoast-seo-wordpress\/ -->\n<title>Santander incentiva o uso de bicicletas el\u00e9tricas e lan\u00e7a cr\u00e9dito exclusivo para mobilidade - CidadeMarketing<\/title>\n<meta name=\"robots\" content=\"index, follow, max-snippet:-1, max-image-preview:large, max-video-preview:-1\" \/>\n<link rel=\"canonical\" href=\"https:\/\/www.cidademarketing.com.br\/marketing\/2018\/12\/17\/santander-incentiva-o-uso-de-bicicletas-eletricas-e-lanca-credito-exclusivo-para-mobilidade\/\" \/>\n<meta property=\"og:locale\" content=\"pt_BR\" \/>\n<meta property=\"og:type\" content=\"article\" \/>\n<meta property=\"og:title\" content=\"Santander incentiva o uso de bicicletas el\u00e9tricas e lan\u00e7a cr\u00e9dito exclusivo para mobilidade - CidadeMarketing\" \/>\n<meta property=\"og:description\" content=\"O Santander Brasil lan\u00e7a uma linha de cr\u00e9dito espec\u00edfica para a compra de bicicletas el\u00e9tricas, o CDC Mobilidade. O banco vai financiar at\u00e9 100% do valor do produto em at\u00e9 48 meses, com taxas a partir de 1,69% ao m\u00eas. O objetivo \u00e9 ajudar seus clientes a chegarem mais r\u00e1pido aos seus destinos e contribuir [&hellip;]\" \/>\n<meta property=\"og:url\" content=\"https:\/\/www.cidademarketing.com.br\/marketing\/2018\/12\/17\/santander-incentiva-o-uso-de-bicicletas-eletricas-e-lanca-credito-exclusivo-para-mobilidade\/\" \/>\n<meta property=\"og:site_name\" content=\"CidadeMarketing\" \/>\n<meta property=\"article:publisher\" content=\"https:\/\/www.facebook.com\/portalcidademarketing\" \/>\n<meta property=\"article:author\" content=\"https:\/\/www.facebook.com\/thalesbrandao\" \/>\n<meta property=\"article:published_time\" content=\"2018-12-17T19:39:47+00:00\" \/>\n<meta property=\"article:modified_time\" content=\"2018-12-17T19:57:33+00:00\" \/>\n<meta property=\"og:image\" content=\"https:\/\/www.cidademarketing.com.br\/marketing\/wp-content\/uploads\/2018\/12\/santander.png\" \/>\n\t<meta property=\"og:image:width\" content=\"575\" \/>\n\t<meta property=\"og:image:height\" content=\"300\" \/>\n\t<meta property=\"og:image:type\" content=\"image\/png\" \/>\n<meta name=\"author\" content=\"Thales Brand\u00e3o\" \/>\n<meta name=\"twitter:card\" content=\"summary_large_image\" \/>\n<meta name=\"twitter:creator\" content=\"@http:\/\/www.twitter.com\/thalesbrandao\" \/>\n<meta name=\"twitter:site\" content=\"@CidadeMarketing\" \/>\n<meta name=\"twitter:label1\" content=\"Escrito por\" \/>\n\t<meta name=\"twitter:data1\" content=\"Thales Brand\u00e3o\" \/>\n\t<meta name=\"twitter:label2\" content=\"Est. tempo de leitura\" \/>\n\t<meta name=\"twitter:data2\" content=\"1 minuto\" \/>\n<script type=\"application\/ld+json\" class=\"yoast-schema-graph\">{\"@context\":\"https:\\\/\\\/schema.org\",\"@graph\":[{\"@type\":\"Article\",\"@id\":\"https:\\\/\\\/www.cidademarketing.com.br\\\/marketing\\\/2018\\\/12\\\/17\\\/santander-incentiva-o-uso-de-bicicletas-eletricas-e-lanca-credito-exclusivo-para-mobilidade\\\/#article\",\"isPartOf\":{\"@id\":\"https:\\\/\\\/www.cidademarketing.com.br\\\/marketing\\\/2018\\\/12\\\/17\\\/santander-incentiva-o-uso-de-bicicletas-eletricas-e-lanca-credito-exclusivo-para-mobilidade\\\/\"},\"author\":{\"name\":\"Thales Brand\u00e3o\",\"@id\":\"https:\\\/\\\/www.cidademarketing.com.br\\\/marketing\\\/#\\\/schema\\\/person\\\/02daff9f18bd9378c9e01eb6b2db155f\"},\"headline\":\"Santander incentiva o uso de bicicletas el\u00e9tricas e lan\u00e7a cr\u00e9dito exclusivo para mobilidade\",\"datePublished\":\"2018-12-17T19:39:47+00:00\",\"dateModified\":\"2018-12-17T19:57:33+00:00\",\"mainEntityOfPage\":{\"@id\":\"https:\\\/\\\/www.cidademarketing.com.br\\\/marketing\\\/2018\\\/12\\\/17\\\/santander-incentiva-o-uso-de-bicicletas-eletricas-e-lanca-credito-exclusivo-para-mobilidade\\\/\"},\"wordCount\":270,\"commentCount\":0,\"publisher\":{\"@id\":\"https:\\\/\\\/www.cidademarketing.com.br\\\/marketing\\\/#organization\"},\"image\":{\"@id\":\"https:\\\/\\\/www.cidademarketing.com.br\\\/marketing\\\/2018\\\/12\\\/17\\\/santander-incentiva-o-uso-de-bicicletas-eletricas-e-lanca-credito-exclusivo-para-mobilidade\\\/#primaryimage\"},\"thumbnailUrl\":\"https:\\\/\\\/www.cidademarketing.com.br\\\/marketing\\\/wp-content\\\/uploads\\\/2018\\\/12\\\/santander.png\",\"keywords\":[\"mobilidade\",\"ve\u00edculo el\u00e9trico\"],\"articleSection\":[\"Not\u00edcias\"],\"inLanguage\":\"pt-BR\",\"potentialAction\":[{\"@type\":\"CommentAction\",\"name\":\"Comment\",\"target\":[\"https:\\\/\\\/www.cidademarketing.com.br\\\/marketing\\\/2018\\\/12\\\/17\\\/santander-incentiva-o-uso-de-bicicletas-eletricas-e-lanca-credito-exclusivo-para-mobilidade\\\/#respond\"]}]},{\"@type\":\"WebPage\",\"@id\":\"https:\\\/\\\/www.cidademarketing.com.br\\\/marketing\\\/2018\\\/12\\\/17\\\/santander-incentiva-o-uso-de-bicicletas-eletricas-e-lanca-credito-exclusivo-para-mobilidade\\\/\",\"url\":\"https:\\\/\\\/www.cidademarketing.com.br\\\/marketing\\\/2018\\\/12\\\/17\\\/santander-incentiva-o-uso-de-bicicletas-eletricas-e-lanca-credito-exclusivo-para-mobilidade\\\/\",\"name\":\"Santander incentiva o uso de bicicletas el\u00e9tricas e lan\u00e7a cr\u00e9dito exclusivo para mobilidade - CidadeMarketing\",\"isPartOf\":{\"@id\":\"https:\\\/\\\/www.cidademarketing.com.br\\\/marketing\\\/#website\"},\"primaryImageOfPage\":{\"@id\":\"https:\\\/\\\/www.cidademarketing.com.br\\\/marketing\\\/2018\\\/12\\\/17\\\/santander-incentiva-o-uso-de-bicicletas-eletricas-e-lanca-credito-exclusivo-para-mobilidade\\\/#primaryimage\"},\"image\":{\"@id\":\"https:\\\/\\\/www.cidademarketing.com.br\\\/marketing\\\/2018\\\/12\\\/17\\\/santander-incentiva-o-uso-de-bicicletas-eletricas-e-lanca-credito-exclusivo-para-mobilidade\\\/#primaryimage\"},\"thumbnailUrl\":\"https:\\\/\\\/www.cidademarketing.com.br\\\/marketing\\\/wp-content\\\/uploads\\\/2018\\\/12\\\/santander.png\",\"datePublished\":\"2018-12-17T19:39:47+00:00\",\"dateModified\":\"2018-12-17T19:57:33+00:00\",\"breadcrumb\":{\"@id\":\"https:\\\/\\\/www.cidademarketing.com.br\\\/marketing\\\/2018\\\/12\\\/17\\\/santander-incentiva-o-uso-de-bicicletas-eletricas-e-lanca-credito-exclusivo-para-mobilidade\\\/#breadcrumb\"},\"inLanguage\":\"pt-BR\",\"potentialAction\":[{\"@type\":\"ReadAction\",\"target\":[\"https:\\\/\\\/www.cidademarketing.com.br\\\/marketing\\\/2018\\\/12\\\/17\\\/santander-incentiva-o-uso-de-bicicletas-eletricas-e-lanca-credito-exclusivo-para-mobilidade\\\/\"]}]},{\"@type\":\"ImageObject\",\"inLanguage\":\"pt-BR\",\"@id\":\"https:\\\/\\\/www.cidademarketing.com.br\\\/marketing\\\/2018\\\/12\\\/17\\\/santander-incentiva-o-uso-de-bicicletas-eletricas-e-lanca-credito-exclusivo-para-mobilidade\\\/#primaryimage\",\"url\":\"https:\\\/\\\/www.cidademarketing.com.br\\\/marketing\\\/wp-content\\\/uploads\\\/2018\\\/12\\\/santander.png\",\"contentUrl\":\"https:\\\/\\\/www.cidademarketing.com.br\\\/marketing\\\/wp-content\\\/uploads\\\/2018\\\/12\\\/santander.png\",\"width\":575,\"height\":300},{\"@type\":\"BreadcrumbList\",\"@id\":\"https:\\\/\\\/www.cidademarketing.com.br\\\/marketing\\\/2018\\\/12\\\/17\\\/santander-incentiva-o-uso-de-bicicletas-eletricas-e-lanca-credito-exclusivo-para-mobilidade\\\/#breadcrumb\",\"itemListElement\":[{\"@type\":\"ListItem\",\"position\":1,\"name\":\"In\u00edcio\",\"item\":\"https:\\\/\\\/www.cidademarketing.com.br\\\/marketing\\\/\"},{\"@type\":\"ListItem\",\"position\":2,\"name\":\"Santander incentiva o uso de bicicletas el\u00e9tricas e lan\u00e7a cr\u00e9dito exclusivo para mobilidade\"}]},{\"@type\":\"WebSite\",\"@id\":\"https:\\\/\\\/www.cidademarketing.com.br\\\/marketing\\\/#website\",\"url\":\"https:\\\/\\\/www.cidademarketing.com.br\\\/marketing\\\/\",\"name\":\"CidadeMarketing\",\"description\":\"Somos um ve\u00edculo de comunica\u00e7\u00e3o de destaque no Brasil, reconhecido por conte\u00fados nos segmentos de marketing, empreendedorismo e inova\u00e7\u00e3o.\",\"publisher\":{\"@id\":\"https:\\\/\\\/www.cidademarketing.com.br\\\/marketing\\\/#organization\"},\"alternateName\":\"CidadeMarketing\",\"potentialAction\":[{\"@type\":\"SearchAction\",\"target\":{\"@type\":\"EntryPoint\",\"urlTemplate\":\"https:\\\/\\\/www.cidademarketing.com.br\\\/marketing\\\/?s={search_term_string}\"},\"query-input\":{\"@type\":\"PropertyValueSpecification\",\"valueRequired\":true,\"valueName\":\"search_term_string\"}}],\"inLanguage\":\"pt-BR\"},{\"@type\":\"Organization\",\"@id\":\"https:\\\/\\\/www.cidademarketing.com.br\\\/marketing\\\/#organization\",\"name\":\"CidadeMarketing\",\"alternateName\":\"CidadeMarketing\",\"url\":\"https:\\\/\\\/www.cidademarketing.com.br\\\/marketing\\\/\",\"logo\":{\"@type\":\"ImageObject\",\"inLanguage\":\"pt-BR\",\"@id\":\"https:\\\/\\\/www.cidademarketing.com.br\\\/marketing\\\/#\\\/schema\\\/logo\\\/image\\\/\",\"url\":\"https:\\\/\\\/www.cidademarketing.com.br\\\/marketing\\\/wp-content\\\/uploads\\\/2020\\\/01\\\/cidademarketing_marca_mobile.png\",\"contentUrl\":\"https:\\\/\\\/www.cidademarketing.com.br\\\/marketing\\\/wp-content\\\/uploads\\\/2020\\\/01\\\/cidademarketing_marca_mobile.png\",\"width\":230,\"height\":92,\"caption\":\"CidadeMarketing\"},\"image\":{\"@id\":\"https:\\\/\\\/www.cidademarketing.com.br\\\/marketing\\\/#\\\/schema\\\/logo\\\/image\\\/\"},\"sameAs\":[\"https:\\\/\\\/www.facebook.com\\\/portalcidademarketing\",\"https:\\\/\\\/x.com\\\/CidadeMarketing\",\"https:\\\/\\\/www.instagram.com\\\/cidademarketing\\\/\"]},{\"@type\":\"Person\",\"@id\":\"https:\\\/\\\/www.cidademarketing.com.br\\\/marketing\\\/#\\\/schema\\\/person\\\/02daff9f18bd9378c9e01eb6b2db155f\",\"name\":\"Thales Brand\u00e3o\",\"image\":{\"@type\":\"ImageObject\",\"inLanguage\":\"pt-BR\",\"@id\":\"https:\\\/\\\/secure.gravatar.com\\\/avatar\\\/7ca3206950207cc3cb48feec56a8a7898741ab725c368d99d5d7a5a50aab80c6?s=96&d=mm&r=g\",\"url\":\"https:\\\/\\\/secure.gravatar.com\\\/avatar\\\/7ca3206950207cc3cb48feec56a8a7898741ab725c368d99d5d7a5a50aab80c6?s=96&d=mm&r=g\",\"contentUrl\":\"https:\\\/\\\/secure.gravatar.com\\\/avatar\\\/7ca3206950207cc3cb48feec56a8a7898741ab725c368d99d5d7a5a50aab80c6?s=96&d=mm&r=g\",\"caption\":\"Thales Brand\u00e3o\"},\"description\":\"Editor Executivo do Portal CidadeMarketing.com.br &gt; Mestre em Comunica\u00e7\u00e3o e Sociedade pela Universidade Federal de Sergipe. Possui MBA Executivo em Administra\u00e7\u00e3o com \u00eanfase em Marketing pela Funda\u00e7\u00e3o Get\u00falio Vargas - Rio de Janeiro. Consultor, Palestrante e Pesquisador sobre Empreendedorismo, Marketing, Redes Sociais e Neg\u00f3cios Digitais. Professor, Palestrante TedxTalks e Campus Party. Twitter: @ThalesBrandao\",\"sameAs\":[\"http:\\\/\\\/www.mandacaru.com.br\",\"https:\\\/\\\/www.facebook.com\\\/thalesbrandao\",\"http:\\\/\\\/www.instagram.com.br\\\/thalesbrandaoferreira\",\"https:\\\/\\\/www.linkedin.com\\\/in\\\/thales-brand\u00e3o-3948609\\\/\",\"https:\\\/\\\/x.com\\\/http:\\\/\\\/www.twitter.com\\\/thalesbrandao\"],\"url\":\"https:\\\/\\\/www.cidademarketing.com.br\\\/marketing\\\/author\\\/thalesbrandao\\\/\"}]}<\/script>\n<!-- \/ Yoast SEO plugin. -->","yoast_head_json":{"title":"Santander incentiva o uso de bicicletas el\u00e9tricas e lan\u00e7a cr\u00e9dito exclusivo para mobilidade - CidadeMarketing","robots":{"index":"index","follow":"follow","max-snippet":"max-snippet:-1","max-image-preview":"max-image-preview:large","max-video-preview":"max-video-preview:-1"},"canonical":"https:\/\/www.cidademarketing.com.br\/marketing\/2018\/12\/17\/santander-incentiva-o-uso-de-bicicletas-eletricas-e-lanca-credito-exclusivo-para-mobilidade\/","og_locale":"pt_BR","og_type":"article","og_title":"Santander incentiva o uso de bicicletas el\u00e9tricas e lan\u00e7a cr\u00e9dito exclusivo para mobilidade - CidadeMarketing","og_description":"O Santander Brasil lan\u00e7a uma linha de cr\u00e9dito espec\u00edfica para a compra de bicicletas el\u00e9tricas, o CDC Mobilidade. O banco vai financiar at\u00e9 100% do valor do produto em at\u00e9 48 meses, com taxas a partir de 1,69% ao m\u00eas. O objetivo \u00e9 ajudar seus clientes a chegarem mais r\u00e1pido aos seus destinos e contribuir [&hellip;]","og_url":"https:\/\/www.cidademarketing.com.br\/marketing\/2018\/12\/17\/santander-incentiva-o-uso-de-bicicletas-eletricas-e-lanca-credito-exclusivo-para-mobilidade\/","og_site_name":"CidadeMarketing","article_publisher":"https:\/\/www.facebook.com\/portalcidademarketing","article_author":"https:\/\/www.facebook.com\/thalesbrandao","article_published_time":"2018-12-17T19:39:47+00:00","article_modified_time":"2018-12-17T19:57:33+00:00","og_image":[{"width":575,"height":300,"url":"https:\/\/www.cidademarketing.com.br\/marketing\/wp-content\/uploads\/2018\/12\/santander.png","type":"image\/png"}],"author":"Thales Brand\u00e3o","twitter_card":"summary_large_image","twitter_creator":"@http:\/\/www.twitter.com\/thalesbrandao","twitter_site":"@CidadeMarketing","twitter_misc":{"Escrito por":"Thales Brand\u00e3o","Est. tempo de leitura":"1 minuto"},"schema":{"@context":"https:\/\/schema.org","@graph":[{"@type":"Article","@id":"https:\/\/www.cidademarketing.com.br\/marketing\/2018\/12\/17\/santander-incentiva-o-uso-de-bicicletas-eletricas-e-lanca-credito-exclusivo-para-mobilidade\/#article","isPartOf":{"@id":"https:\/\/www.cidademarketing.com.br\/marketing\/2018\/12\/17\/santander-incentiva-o-uso-de-bicicletas-eletricas-e-lanca-credito-exclusivo-para-mobilidade\/"},"author":{"name":"Thales Brand\u00e3o","@id":"https:\/\/www.cidademarketing.com.br\/marketing\/#\/schema\/person\/02daff9f18bd9378c9e01eb6b2db155f"},"headline":"Santander incentiva o uso de bicicletas el\u00e9tricas e lan\u00e7a cr\u00e9dito exclusivo para mobilidade","datePublished":"2018-12-17T19:39:47+00:00","dateModified":"2018-12-17T19:57:33+00:00","mainEntityOfPage":{"@id":"https:\/\/www.cidademarketing.com.br\/marketing\/2018\/12\/17\/santander-incentiva-o-uso-de-bicicletas-eletricas-e-lanca-credito-exclusivo-para-mobilidade\/"},"wordCount":270,"commentCount":0,"publisher":{"@id":"https:\/\/www.cidademarketing.com.br\/marketing\/#organization"},"image":{"@id":"https:\/\/www.cidademarketing.com.br\/marketing\/2018\/12\/17\/santander-incentiva-o-uso-de-bicicletas-eletricas-e-lanca-credito-exclusivo-para-mobilidade\/#primaryimage"},"thumbnailUrl":"https:\/\/www.cidademarketing.com.br\/marketing\/wp-content\/uploads\/2018\/12\/santander.png","keywords":["mobilidade","ve\u00edculo el\u00e9trico"],"articleSection":["Not\u00edcias"],"inLanguage":"pt-BR","potentialAction":[{"@type":"CommentAction","name":"Comment","target":["https:\/\/www.cidademarketing.com.br\/marketing\/2018\/12\/17\/santander-incentiva-o-uso-de-bicicletas-eletricas-e-lanca-credito-exclusivo-para-mobilidade\/#respond"]}]},{"@type":"WebPage","@id":"https:\/\/www.cidademarketing.com.br\/marketing\/2018\/12\/17\/santander-incentiva-o-uso-de-bicicletas-eletricas-e-lanca-credito-exclusivo-para-mobilidade\/","url":"https:\/\/www.cidademarketing.com.br\/marketing\/2018\/12\/17\/santander-incentiva-o-uso-de-bicicletas-eletricas-e-lanca-credito-exclusivo-para-mobilidade\/","name":"Santander incentiva o uso de bicicletas el\u00e9tricas e lan\u00e7a cr\u00e9dito exclusivo para mobilidade - CidadeMarketing","isPartOf":{"@id":"https:\/\/www.cidademarketing.com.br\/marketing\/#website"},"primaryImageOfPage":{"@id":"https:\/\/www.cidademarketing.com.br\/marketing\/2018\/12\/17\/santander-incentiva-o-uso-de-bicicletas-eletricas-e-lanca-credito-exclusivo-para-mobilidade\/#primaryimage"},"image":{"@id":"https:\/\/www.cidademarketing.com.br\/marketing\/2018\/12\/17\/santander-incentiva-o-uso-de-bicicletas-eletricas-e-lanca-credito-exclusivo-para-mobilidade\/#primaryimage"},"thumbnailUrl":"https:\/\/www.cidademarketing.com.br\/marketing\/wp-content\/uploads\/2018\/12\/santander.png","datePublished":"2018-12-17T19:39:47+00:00","dateModified":"2018-12-17T19:57:33+00:00","breadcrumb":{"@id":"https:\/\/www.cidademarketing.com.br\/marketing\/2018\/12\/17\/santander-incentiva-o-uso-de-bicicletas-eletricas-e-lanca-credito-exclusivo-para-mobilidade\/#breadcrumb"},"inLanguage":"pt-BR","potentialAction":[{"@type":"ReadAction","target":["https:\/\/www.cidademarketing.com.br\/marketing\/2018\/12\/17\/santander-incentiva-o-uso-de-bicicletas-eletricas-e-lanca-credito-exclusivo-para-mobilidade\/"]}]},{"@type":"ImageObject","inLanguage":"pt-BR","@id":"https:\/\/www.cidademarketing.com.br\/marketing\/2018\/12\/17\/santander-incentiva-o-uso-de-bicicletas-eletricas-e-lanca-credito-exclusivo-para-mobilidade\/#primaryimage","url":"https:\/\/www.cidademarketing.com.br\/marketing\/wp-content\/uploads\/2018\/12\/santander.png","contentUrl":"https:\/\/www.cidademarketing.com.br\/marketing\/wp-content\/uploads\/2018\/12\/santander.png","width":575,"height":300},{"@type":"BreadcrumbList","@id":"https:\/\/www.cidademarketing.com.br\/marketing\/2018\/12\/17\/santander-incentiva-o-uso-de-bicicletas-eletricas-e-lanca-credito-exclusivo-para-mobilidade\/#breadcrumb","itemListElement":[{"@type":"ListItem","position":1,"name":"In\u00edcio","item":"https:\/\/www.cidademarketing.com.br\/marketing\/"},{"@type":"ListItem","position":2,"name":"Santander incentiva o uso de bicicletas el\u00e9tricas e lan\u00e7a cr\u00e9dito exclusivo para mobilidade"}]},{"@type":"WebSite","@id":"https:\/\/www.cidademarketing.com.br\/marketing\/#website","url":"https:\/\/www.cidademarketing.com.br\/marketing\/","name":"CidadeMarketing","description":"Somos um ve\u00edculo de comunica\u00e7\u00e3o de destaque no Brasil, reconhecido por conte\u00fados nos segmentos de marketing, empreendedorismo e inova\u00e7\u00e3o.","publisher":{"@id":"https:\/\/www.cidademarketing.com.br\/marketing\/#organization"},"alternateName":"CidadeMarketing","potentialAction":[{"@type":"SearchAction","target":{"@type":"EntryPoint","urlTemplate":"https:\/\/www.cidademarketing.com.br\/marketing\/?s={search_term_string}"},"query-input":{"@type":"PropertyValueSpecification","valueRequired":true,"valueName":"search_term_string"}}],"inLanguage":"pt-BR"},{"@type":"Organization","@id":"https:\/\/www.cidademarketing.com.br\/marketing\/#organization","name":"CidadeMarketing","alternateName":"CidadeMarketing","url":"https:\/\/www.cidademarketing.com.br\/marketing\/","logo":{"@type":"ImageObject","inLanguage":"pt-BR","@id":"https:\/\/www.cidademarketing.com.br\/marketing\/#\/schema\/logo\/image\/","url":"https:\/\/www.cidademarketing.com.br\/marketing\/wp-content\/uploads\/2020\/01\/cidademarketing_marca_mobile.png","contentUrl":"https:\/\/www.cidademarketing.com.br\/marketing\/wp-content\/uploads\/2020\/01\/cidademarketing_marca_mobile.png","width":230,"height":92,"caption":"CidadeMarketing"},"image":{"@id":"https:\/\/www.cidademarketing.com.br\/marketing\/#\/schema\/logo\/image\/"},"sameAs":["https:\/\/www.facebook.com\/portalcidademarketing","https:\/\/x.com\/CidadeMarketing","https:\/\/www.instagram.com\/cidademarketing\/"]},{"@type":"Person","@id":"https:\/\/www.cidademarketing.com.br\/marketing\/#\/schema\/person\/02daff9f18bd9378c9e01eb6b2db155f","name":"Thales Brand\u00e3o","image":{"@type":"ImageObject","inLanguage":"pt-BR","@id":"https:\/\/secure.gravatar.com\/avatar\/7ca3206950207cc3cb48feec56a8a7898741ab725c368d99d5d7a5a50aab80c6?s=96&d=mm&r=g","url":"https:\/\/secure.gravatar.com\/avatar\/7ca3206950207cc3cb48feec56a8a7898741ab725c368d99d5d7a5a50aab80c6?s=96&d=mm&r=g","contentUrl":"https:\/\/secure.gravatar.com\/avatar\/7ca3206950207cc3cb48feec56a8a7898741ab725c368d99d5d7a5a50aab80c6?s=96&d=mm&r=g","caption":"Thales Brand\u00e3o"},"description":"Editor Executivo do Portal CidadeMarketing.com.br &gt; Mestre em Comunica\u00e7\u00e3o e Sociedade pela Universidade Federal de Sergipe. Possui MBA Executivo em Administra\u00e7\u00e3o com \u00eanfase em Marketing pela Funda\u00e7\u00e3o Get\u00falio Vargas - Rio de Janeiro. Consultor, Palestrante e Pesquisador sobre Empreendedorismo, Marketing, Redes Sociais e Neg\u00f3cios Digitais. Professor, Palestrante TedxTalks e Campus Party. Twitter: @ThalesBrandao","sameAs":["http:\/\/www.mandacaru.com.br","https:\/\/www.facebook.com\/thalesbrandao","http:\/\/www.instagram.com.br\/thalesbrandaoferreira","https:\/\/www.linkedin.com\/in\/thales-brand\u00e3o-3948609\/","https:\/\/x.com\/http:\/\/www.twitter.com\/thalesbrandao"],"url":"https:\/\/www.cidademarketing.com.br\/marketing\/author\/thalesbrandao\/"}]}},"amp_enabled":true,"_links":{"self":[{"href":"https:\/\/www.cidademarketing.com.br\/marketing\/wp-json\/wp\/v2\/posts\/4065","targetHints":{"allow":["GET"]}}],"collection":[{"href":"https:\/\/www.cidademarketing.com.br\/marketing\/wp-json\/wp\/v2\/posts"}],"about":[{"href":"https:\/\/www.cidademarketing.com.br\/marketing\/wp-json\/wp\/v2\/types\/post"}],"author":[{"embeddable":true,"href":"https:\/\/www.cidademarketing.com.br\/marketing\/wp-json\/wp\/v2\/users\/1"}],"replies":[{"embeddable":true,"href":"https:\/\/www.cidademarketing.com.br\/marketing\/wp-json\/wp\/v2\/comments?post=4065"}],"version-history":[{"count":1,"href":"https:\/\/www.cidademarketing.com.br\/marketing\/wp-json\/wp\/v2\/posts\/4065\/revisions"}],"predecessor-version":[{"id":4067,"href":"https:\/\/www.cidademarketing.com.br\/marketing\/wp-json\/wp\/v2\/posts\/4065\/revisions\/4067"}],"wp:featuredmedia":[{"embeddable":true,"href":"https:\/\/www.cidademarketing.com.br\/marketing\/wp-json\/wp\/v2\/media\/4066"}],"wp:attachment":[{"href":"https:\/\/www.cidademarketing.com.br\/marketing\/wp-json\/wp\/v2\/media?parent=4065"}],"wp:term":[{"taxonomy":"category","embeddable":true,"href":"https:\/\/www.cidademarketing.com.br\/marketing\/wp-json\/wp\/v2\/categories?post=4065"},{"taxonomy":"post_tag","embeddable":true,"href":"https:\/\/www.cidademarketing.com.br\/marketing\/wp-json\/wp\/v2\/tags?post=4065"}],"curies":[{"name":"wp","href":"https:\/\/api.w.org\/{rel}","templated":true}]}}