{"id":40648,"date":"2022-11-27T10:51:18","date_gmt":"2022-11-27T13:51:18","guid":{"rendered":"https:\/\/www.cidademarketing.com.br\/marketing\/?p=40648"},"modified":"2022-11-27T10:51:18","modified_gmt":"2022-11-27T13:51:18","slug":"ford-anuncia-parceria-estrategica-para-aumentar-a-sustentabilidade-na-cadeia-de-fornecedores","status":"publish","type":"post","link":"https:\/\/www.cidademarketing.com.br\/marketing\/2022\/11\/27\/ford-anuncia-parceria-estrategica-para-aumentar-a-sustentabilidade-na-cadeia-de-fornecedores\/","title":{"rendered":"Ford anuncia parceria estrat\u00e9gica para aumentar a sustentabilidade na cadeia de fornecedores"},"content":{"rendered":"<p>A Ford anunciou uma parceria estrat\u00e9gica com a Manufacture 2030 (M2030) \u2013 plataforma dedicada a medir, gerenciar e reduzir a pegada de carbono das empresas \u2013 para ajudar a eliminar as emiss\u00f5es na sua cadeia de fornecedores e atingir a meta global de neutralidade de carbono at\u00e9 2050.<\/p>\n<p>A Ford \u00e9 uma das primeiras empresas automotivas americanas a aderir \u00e0 Manufacture 2030 e a primeira a incluir sua cadeia global de fornecedores na plataforma. Foi tamb\u00e9m uma das primeiras do setor a se alinhar \u00e0 comunidade internacional no Acordo Clim\u00e1tico de Paris.<\/p>\n<p><iframe title=\"Spotify Embed: Podcast CidadeMarketing\" style=\"border-radius: 12px\" width=\"100%\" height=\"152\" frameborder=\"0\" allowfullscreen allow=\"autoplay; clipboard-write; encrypted-media; fullscreen; picture-in-picture\" loading=\"lazy\" src=\"https:\/\/open.spotify.com\/embed\/show\/4khMKzP3FgFRWVwb73xicc?si=252fe5bff2b34909&#038;utm_source=oembed\"><\/iframe><\/p>\n<p>\u201cAlcan\u00e7ar a neutralidade de carbono \u00e9 uma importante meta corporativa da Ford, que faz parte do nosso prop\u00f3sito de construir um mundo melhor. Ela est\u00e1 se tornando uma forte demanda de nossos clientes, acionistas e investidores e a cadeia de fornecedores \u00e9 essencial para atingir esse objetivo\u201d, diz Jonathan Jennings, vice-presidente global da Cadeia de Suprimentos da Ford. \u201cAtingir nossas metas exigir\u00e1 a redu\u00e7\u00e3o das emiss\u00f5es em toda a nossa cadeia de valor, principalmente na compra de energia, bens e servi\u00e7os. A M2030 \u00e9 chave para nos ajudar n\u00e3o s\u00f3 a medir as emiss\u00f5es, mas tamb\u00e9m a montar planos de a\u00e7\u00e3o realistas e a tra\u00e7ar caminhos para alcan\u00e7ar nossos objetivos.\u201d<\/p>\n<p>Na primeira fase da parceria com a M2030, a Ford est\u00e1 oferecendo a plataforma a seus mais de 5.000 fornecedores globais de n\u00edvel 1 em mais de 66 pa\u00edses, incluindo fornecedores que ainda n\u00e3o estabeleceram metas de redu\u00e7\u00e3o de carbono com base cient\u00edfica.<\/p>\n<p>\u201cEste \u00e9 um exemplo poderoso de como a escala e a experi\u00eancia industrial da Ford podem ajudar a acelerar a mudan\u00e7a para ve\u00edculos el\u00e9tricos e apoiar uma cadeia de fornecedores diversificada, boa para as pessoas, para o planeta e os neg\u00f3cios\u201d, diz Cynthia Williams, diretora global de Sustentabilidade, Homologa\u00e7\u00e3o e Compliance na Ford. \u201cTrabalhando juntos e alavancando nossa experi\u00eancia coletiva, acreditamos que esta plataforma ajudar\u00e1 nossos fornecedores a obter redu\u00e7\u00f5es significativas de carbono e maior impacto positivo.\u201d<\/p>\n<p>Com forte demanda por seus novos ve\u00edculos el\u00e9tricos, a Ford anunciou recentemente uma s\u00e9rie de iniciativas para garantir o fornecimento de baterias e mat\u00e9rias-primas para atingir uma produ\u00e7\u00e3o anual de 600.000 ve\u00edculos el\u00e9tricos at\u00e9 2023 e mais de 2 milh\u00f5es at\u00e9 2026. No Brasil, a marca programa lan\u00e7ar tr\u00eas modelos el\u00e9tricos no ano que vem \u2013 a Maverick Hybrid, o Mustang Mach-E e a E-Transit \u2013 como parte das suas a\u00e7\u00f5es locais de descarboniza\u00e7\u00e3o. O plano da empresa \u00e9 ter mais da metade da sua produ\u00e7\u00e3o global formada por ve\u00edculos el\u00e9tricos at\u00e9 2030, com uma cadeia de fornecedores comprometida com a sustentabilidade e os direitos humanos.<\/p>\n<p>A iniciativa apoiar\u00e1 tamb\u00e9m o compromisso da empresa com a First Movers Coalition, acordo global que aproveita o poder de compra das cadeias de suprimentos para incentivar o uso de tecnologias inovadoras de energia limpa. Como parte dessa coaliz\u00e3o, a Ford se comprometeu a, at\u00e9 2030, ter pelo menos 10% do a\u00e7o e alum\u00ednio que compra com carbono quase zero.<\/p>\n<p>A Ford definiu diretrizes de conduta espec\u00edficas para seus fornecedores desde 2003 e, em 2021, formalizou um c\u00f3digo de conduta com expectativas claras relativas a direitos humanos, meio ambiente, fornecimento respons\u00e1vel de materiais e pr\u00e1ticas comerciais legais. Esse c\u00f3digo exige que os fornecedores da Ford estabele\u00e7am metas de redu\u00e7\u00e3o do efeito estufa com base cient\u00edfica, planos de a\u00e7\u00e3o e relat\u00f3rios transparentes alinhados com o Acordo Clim\u00e1tico de Paris.<\/p>\n<p><iframe style=\"width: 100%; max-width: 660px; overflow: hidden; background: transparent;\" src=\"https:\/\/embed.podcasts.apple.com\/br\/podcast\/podcast-cidademarketing\/id1371923283\" height=\"450\" frameborder=\"0\" sandbox=\"allow-forms allow-popups allow-same-origin allow-scripts allow-storage-access-by-user-activation allow-top-navigation-by-user-activation\"><\/iframe><\/p>\n","protected":false},"excerpt":{"rendered":"<p>A Ford anunciou uma parceria estrat\u00e9gica com a Manufacture 2030 (M2030) \u2013 plataforma dedicada a medir, gerenciar e reduzir a pegada de carbono das empresas \u2013 para ajudar a eliminar as emiss\u00f5es na sua cadeia de fornecedores e atingir a meta global de neutralidade de carbono at\u00e9 2050. A Ford \u00e9 uma das primeiras empresas [&hellip;]<\/p>\n","protected":false},"author":1,"featured_media":40649,"comment_status":"open","ping_status":"open","sticky":false,"template":"","format":"standard","meta":{"tdm_status":"","tdm_grid_status":"","footnotes":""},"categories":[6],"tags":[65,33,36,28,55,5336],"class_list":["post-40648","post","type-post","status-publish","format-standard","has-post-thumbnail","hentry","category-noticias","tag-campanha","tag-estrategia","tag-ford","tag-marketing","tag-relacionamento","tag-stakeholders"],"yoast_head":"<!-- This site is optimized with the Yoast SEO plugin v27.5 - https:\/\/yoast.com\/product\/yoast-seo-wordpress\/ -->\n<title>Ford anuncia parceria estrat\u00e9gica para aumentar a sustentabilidade na cadeia de fornecedores - CidadeMarketing<\/title>\n<meta name=\"robots\" content=\"index, follow, max-snippet:-1, max-image-preview:large, max-video-preview:-1\" \/>\n<link rel=\"canonical\" href=\"https:\/\/www.cidademarketing.com.br\/marketing\/2022\/11\/27\/ford-anuncia-parceria-estrategica-para-aumentar-a-sustentabilidade-na-cadeia-de-fornecedores\/\" \/>\n<meta property=\"og:locale\" content=\"pt_BR\" \/>\n<meta property=\"og:type\" content=\"article\" \/>\n<meta property=\"og:title\" content=\"Ford anuncia parceria estrat\u00e9gica para aumentar a sustentabilidade na cadeia de fornecedores - CidadeMarketing\" \/>\n<meta property=\"og:description\" content=\"A Ford anunciou uma parceria estrat\u00e9gica com a Manufacture 2030 (M2030) \u2013 plataforma dedicada a medir, gerenciar e reduzir a pegada de carbono das empresas \u2013 para ajudar a eliminar as emiss\u00f5es na sua cadeia de fornecedores e atingir a meta global de neutralidade de carbono at\u00e9 2050. A Ford \u00e9 uma das primeiras empresas [&hellip;]\" \/>\n<meta property=\"og:url\" content=\"https:\/\/www.cidademarketing.com.br\/marketing\/2022\/11\/27\/ford-anuncia-parceria-estrategica-para-aumentar-a-sustentabilidade-na-cadeia-de-fornecedores\/\" \/>\n<meta property=\"og:site_name\" content=\"CidadeMarketing\" \/>\n<meta property=\"article:publisher\" content=\"https:\/\/www.facebook.com\/portalcidademarketing\" \/>\n<meta property=\"article:author\" content=\"https:\/\/www.facebook.com\/thalesbrandao\" \/>\n<meta property=\"article:published_time\" content=\"2022-11-27T13:51:18+00:00\" \/>\n<meta property=\"og:image\" content=\"https:\/\/www.cidademarketing.com.br\/marketing\/wp-content\/uploads\/2022\/11\/ford_marca.jpg\" \/>\n\t<meta property=\"og:image:width\" content=\"881\" \/>\n\t<meta property=\"og:image:height\" content=\"495\" \/>\n\t<meta property=\"og:image:type\" content=\"image\/jpeg\" \/>\n<meta name=\"author\" content=\"Thales Brand\u00e3o\" \/>\n<meta name=\"twitter:card\" content=\"summary_large_image\" \/>\n<meta name=\"twitter:creator\" content=\"@http:\/\/www.twitter.com\/thalesbrandao\" \/>\n<meta name=\"twitter:site\" content=\"@CidadeMarketing\" \/>\n<meta name=\"twitter:label1\" content=\"Escrito por\" \/>\n\t<meta name=\"twitter:data1\" content=\"Thales Brand\u00e3o\" \/>\n\t<meta name=\"twitter:label2\" content=\"Est. tempo de leitura\" \/>\n\t<meta name=\"twitter:data2\" content=\"3 minutos\" \/>\n<script type=\"application\/ld+json\" class=\"yoast-schema-graph\">{\"@context\":\"https:\\\/\\\/schema.org\",\"@graph\":[{\"@type\":\"Article\",\"@id\":\"https:\\\/\\\/www.cidademarketing.com.br\\\/marketing\\\/2022\\\/11\\\/27\\\/ford-anuncia-parceria-estrategica-para-aumentar-a-sustentabilidade-na-cadeia-de-fornecedores\\\/#article\",\"isPartOf\":{\"@id\":\"https:\\\/\\\/www.cidademarketing.com.br\\\/marketing\\\/2022\\\/11\\\/27\\\/ford-anuncia-parceria-estrategica-para-aumentar-a-sustentabilidade-na-cadeia-de-fornecedores\\\/\"},\"author\":{\"name\":\"Thales Brand\u00e3o\",\"@id\":\"https:\\\/\\\/www.cidademarketing.com.br\\\/marketing\\\/#\\\/schema\\\/person\\\/02daff9f18bd9378c9e01eb6b2db155f\"},\"headline\":\"Ford anuncia parceria estrat\u00e9gica para aumentar a sustentabilidade na cadeia de fornecedores\",\"datePublished\":\"2022-11-27T13:51:18+00:00\",\"mainEntityOfPage\":{\"@id\":\"https:\\\/\\\/www.cidademarketing.com.br\\\/marketing\\\/2022\\\/11\\\/27\\\/ford-anuncia-parceria-estrategica-para-aumentar-a-sustentabilidade-na-cadeia-de-fornecedores\\\/\"},\"wordCount\":615,\"commentCount\":0,\"publisher\":{\"@id\":\"https:\\\/\\\/www.cidademarketing.com.br\\\/marketing\\\/#organization\"},\"image\":{\"@id\":\"https:\\\/\\\/www.cidademarketing.com.br\\\/marketing\\\/2022\\\/11\\\/27\\\/ford-anuncia-parceria-estrategica-para-aumentar-a-sustentabilidade-na-cadeia-de-fornecedores\\\/#primaryimage\"},\"thumbnailUrl\":\"https:\\\/\\\/www.cidademarketing.com.br\\\/marketing\\\/wp-content\\\/uploads\\\/2022\\\/11\\\/ford_marca.jpg\",\"keywords\":[\"campanha\",\"estrat\u00e9gia\",\"Ford\",\"marketing\",\"relacionamento\",\"stakeholders\"],\"articleSection\":[\"Not\u00edcias\"],\"inLanguage\":\"pt-BR\",\"potentialAction\":[{\"@type\":\"CommentAction\",\"name\":\"Comment\",\"target\":[\"https:\\\/\\\/www.cidademarketing.com.br\\\/marketing\\\/2022\\\/11\\\/27\\\/ford-anuncia-parceria-estrategica-para-aumentar-a-sustentabilidade-na-cadeia-de-fornecedores\\\/#respond\"]}]},{\"@type\":\"WebPage\",\"@id\":\"https:\\\/\\\/www.cidademarketing.com.br\\\/marketing\\\/2022\\\/11\\\/27\\\/ford-anuncia-parceria-estrategica-para-aumentar-a-sustentabilidade-na-cadeia-de-fornecedores\\\/\",\"url\":\"https:\\\/\\\/www.cidademarketing.com.br\\\/marketing\\\/2022\\\/11\\\/27\\\/ford-anuncia-parceria-estrategica-para-aumentar-a-sustentabilidade-na-cadeia-de-fornecedores\\\/\",\"name\":\"Ford anuncia parceria estrat\u00e9gica para aumentar a sustentabilidade na cadeia de fornecedores - CidadeMarketing\",\"isPartOf\":{\"@id\":\"https:\\\/\\\/www.cidademarketing.com.br\\\/marketing\\\/#website\"},\"primaryImageOfPage\":{\"@id\":\"https:\\\/\\\/www.cidademarketing.com.br\\\/marketing\\\/2022\\\/11\\\/27\\\/ford-anuncia-parceria-estrategica-para-aumentar-a-sustentabilidade-na-cadeia-de-fornecedores\\\/#primaryimage\"},\"image\":{\"@id\":\"https:\\\/\\\/www.cidademarketing.com.br\\\/marketing\\\/2022\\\/11\\\/27\\\/ford-anuncia-parceria-estrategica-para-aumentar-a-sustentabilidade-na-cadeia-de-fornecedores\\\/#primaryimage\"},\"thumbnailUrl\":\"https:\\\/\\\/www.cidademarketing.com.br\\\/marketing\\\/wp-content\\\/uploads\\\/2022\\\/11\\\/ford_marca.jpg\",\"datePublished\":\"2022-11-27T13:51:18+00:00\",\"breadcrumb\":{\"@id\":\"https:\\\/\\\/www.cidademarketing.com.br\\\/marketing\\\/2022\\\/11\\\/27\\\/ford-anuncia-parceria-estrategica-para-aumentar-a-sustentabilidade-na-cadeia-de-fornecedores\\\/#breadcrumb\"},\"inLanguage\":\"pt-BR\",\"potentialAction\":[{\"@type\":\"ReadAction\",\"target\":[\"https:\\\/\\\/www.cidademarketing.com.br\\\/marketing\\\/2022\\\/11\\\/27\\\/ford-anuncia-parceria-estrategica-para-aumentar-a-sustentabilidade-na-cadeia-de-fornecedores\\\/\"]}]},{\"@type\":\"ImageObject\",\"inLanguage\":\"pt-BR\",\"@id\":\"https:\\\/\\\/www.cidademarketing.com.br\\\/marketing\\\/2022\\\/11\\\/27\\\/ford-anuncia-parceria-estrategica-para-aumentar-a-sustentabilidade-na-cadeia-de-fornecedores\\\/#primaryimage\",\"url\":\"https:\\\/\\\/www.cidademarketing.com.br\\\/marketing\\\/wp-content\\\/uploads\\\/2022\\\/11\\\/ford_marca.jpg\",\"contentUrl\":\"https:\\\/\\\/www.cidademarketing.com.br\\\/marketing\\\/wp-content\\\/uploads\\\/2022\\\/11\\\/ford_marca.jpg\",\"width\":881,\"height\":495},{\"@type\":\"BreadcrumbList\",\"@id\":\"https:\\\/\\\/www.cidademarketing.com.br\\\/marketing\\\/2022\\\/11\\\/27\\\/ford-anuncia-parceria-estrategica-para-aumentar-a-sustentabilidade-na-cadeia-de-fornecedores\\\/#breadcrumb\",\"itemListElement\":[{\"@type\":\"ListItem\",\"position\":1,\"name\":\"In\u00edcio\",\"item\":\"https:\\\/\\\/www.cidademarketing.com.br\\\/marketing\\\/\"},{\"@type\":\"ListItem\",\"position\":2,\"name\":\"Ford anuncia parceria estrat\u00e9gica para aumentar a sustentabilidade na cadeia de fornecedores\"}]},{\"@type\":\"WebSite\",\"@id\":\"https:\\\/\\\/www.cidademarketing.com.br\\\/marketing\\\/#website\",\"url\":\"https:\\\/\\\/www.cidademarketing.com.br\\\/marketing\\\/\",\"name\":\"CidadeMarketing\",\"description\":\"Somos um ve\u00edculo de comunica\u00e7\u00e3o de destaque no Brasil, reconhecido por conte\u00fados nos segmentos de marketing, empreendedorismo e inova\u00e7\u00e3o.\",\"publisher\":{\"@id\":\"https:\\\/\\\/www.cidademarketing.com.br\\\/marketing\\\/#organization\"},\"alternateName\":\"CidadeMarketing\",\"potentialAction\":[{\"@type\":\"SearchAction\",\"target\":{\"@type\":\"EntryPoint\",\"urlTemplate\":\"https:\\\/\\\/www.cidademarketing.com.br\\\/marketing\\\/?s={search_term_string}\"},\"query-input\":{\"@type\":\"PropertyValueSpecification\",\"valueRequired\":true,\"valueName\":\"search_term_string\"}}],\"inLanguage\":\"pt-BR\"},{\"@type\":\"Organization\",\"@id\":\"https:\\\/\\\/www.cidademarketing.com.br\\\/marketing\\\/#organization\",\"name\":\"CidadeMarketing\",\"alternateName\":\"CidadeMarketing\",\"url\":\"https:\\\/\\\/www.cidademarketing.com.br\\\/marketing\\\/\",\"logo\":{\"@type\":\"ImageObject\",\"inLanguage\":\"pt-BR\",\"@id\":\"https:\\\/\\\/www.cidademarketing.com.br\\\/marketing\\\/#\\\/schema\\\/logo\\\/image\\\/\",\"url\":\"https:\\\/\\\/www.cidademarketing.com.br\\\/marketing\\\/wp-content\\\/uploads\\\/2020\\\/01\\\/cidademarketing_marca_mobile.png\",\"contentUrl\":\"https:\\\/\\\/www.cidademarketing.com.br\\\/marketing\\\/wp-content\\\/uploads\\\/2020\\\/01\\\/cidademarketing_marca_mobile.png\",\"width\":230,\"height\":92,\"caption\":\"CidadeMarketing\"},\"image\":{\"@id\":\"https:\\\/\\\/www.cidademarketing.com.br\\\/marketing\\\/#\\\/schema\\\/logo\\\/image\\\/\"},\"sameAs\":[\"https:\\\/\\\/www.facebook.com\\\/portalcidademarketing\",\"https:\\\/\\\/x.com\\\/CidadeMarketing\",\"https:\\\/\\\/www.instagram.com\\\/cidademarketing\\\/\"]},{\"@type\":\"Person\",\"@id\":\"https:\\\/\\\/www.cidademarketing.com.br\\\/marketing\\\/#\\\/schema\\\/person\\\/02daff9f18bd9378c9e01eb6b2db155f\",\"name\":\"Thales Brand\u00e3o\",\"image\":{\"@type\":\"ImageObject\",\"inLanguage\":\"pt-BR\",\"@id\":\"https:\\\/\\\/secure.gravatar.com\\\/avatar\\\/7ca3206950207cc3cb48feec56a8a7898741ab725c368d99d5d7a5a50aab80c6?s=96&d=mm&r=g\",\"url\":\"https:\\\/\\\/secure.gravatar.com\\\/avatar\\\/7ca3206950207cc3cb48feec56a8a7898741ab725c368d99d5d7a5a50aab80c6?s=96&d=mm&r=g\",\"contentUrl\":\"https:\\\/\\\/secure.gravatar.com\\\/avatar\\\/7ca3206950207cc3cb48feec56a8a7898741ab725c368d99d5d7a5a50aab80c6?s=96&d=mm&r=g\",\"caption\":\"Thales Brand\u00e3o\"},\"description\":\"Editor Executivo do Portal CidadeMarketing.com.br &gt; Mestre em Comunica\u00e7\u00e3o e Sociedade pela Universidade Federal de Sergipe. Possui MBA Executivo em Administra\u00e7\u00e3o com \u00eanfase em Marketing pela Funda\u00e7\u00e3o Get\u00falio Vargas - Rio de Janeiro. Consultor, Palestrante e Pesquisador sobre Empreendedorismo, Marketing, Redes Sociais e Neg\u00f3cios Digitais. Professor, Palestrante TedxTalks e Campus Party. Twitter: @ThalesBrandao\",\"sameAs\":[\"http:\\\/\\\/www.mandacaru.com.br\",\"https:\\\/\\\/www.facebook.com\\\/thalesbrandao\",\"http:\\\/\\\/www.instagram.com.br\\\/thalesbrandaoferreira\",\"https:\\\/\\\/www.linkedin.com\\\/in\\\/thales-brand\u00e3o-3948609\\\/\",\"https:\\\/\\\/x.com\\\/http:\\\/\\\/www.twitter.com\\\/thalesbrandao\"],\"url\":\"https:\\\/\\\/www.cidademarketing.com.br\\\/marketing\\\/author\\\/thalesbrandao\\\/\"}]}<\/script>\n<!-- \/ Yoast SEO plugin. -->","yoast_head_json":{"title":"Ford anuncia parceria estrat\u00e9gica para aumentar a sustentabilidade na cadeia de fornecedores - CidadeMarketing","robots":{"index":"index","follow":"follow","max-snippet":"max-snippet:-1","max-image-preview":"max-image-preview:large","max-video-preview":"max-video-preview:-1"},"canonical":"https:\/\/www.cidademarketing.com.br\/marketing\/2022\/11\/27\/ford-anuncia-parceria-estrategica-para-aumentar-a-sustentabilidade-na-cadeia-de-fornecedores\/","og_locale":"pt_BR","og_type":"article","og_title":"Ford anuncia parceria estrat\u00e9gica para aumentar a sustentabilidade na cadeia de fornecedores - CidadeMarketing","og_description":"A Ford anunciou uma parceria estrat\u00e9gica com a Manufacture 2030 (M2030) \u2013 plataforma dedicada a medir, gerenciar e reduzir a pegada de carbono das empresas \u2013 para ajudar a eliminar as emiss\u00f5es na sua cadeia de fornecedores e atingir a meta global de neutralidade de carbono at\u00e9 2050. A Ford \u00e9 uma das primeiras empresas [&hellip;]","og_url":"https:\/\/www.cidademarketing.com.br\/marketing\/2022\/11\/27\/ford-anuncia-parceria-estrategica-para-aumentar-a-sustentabilidade-na-cadeia-de-fornecedores\/","og_site_name":"CidadeMarketing","article_publisher":"https:\/\/www.facebook.com\/portalcidademarketing","article_author":"https:\/\/www.facebook.com\/thalesbrandao","article_published_time":"2022-11-27T13:51:18+00:00","og_image":[{"width":881,"height":495,"url":"https:\/\/www.cidademarketing.com.br\/marketing\/wp-content\/uploads\/2022\/11\/ford_marca.jpg","type":"image\/jpeg"}],"author":"Thales Brand\u00e3o","twitter_card":"summary_large_image","twitter_creator":"@http:\/\/www.twitter.com\/thalesbrandao","twitter_site":"@CidadeMarketing","twitter_misc":{"Escrito por":"Thales Brand\u00e3o","Est. tempo de leitura":"3 minutos"},"schema":{"@context":"https:\/\/schema.org","@graph":[{"@type":"Article","@id":"https:\/\/www.cidademarketing.com.br\/marketing\/2022\/11\/27\/ford-anuncia-parceria-estrategica-para-aumentar-a-sustentabilidade-na-cadeia-de-fornecedores\/#article","isPartOf":{"@id":"https:\/\/www.cidademarketing.com.br\/marketing\/2022\/11\/27\/ford-anuncia-parceria-estrategica-para-aumentar-a-sustentabilidade-na-cadeia-de-fornecedores\/"},"author":{"name":"Thales Brand\u00e3o","@id":"https:\/\/www.cidademarketing.com.br\/marketing\/#\/schema\/person\/02daff9f18bd9378c9e01eb6b2db155f"},"headline":"Ford anuncia parceria estrat\u00e9gica para aumentar a sustentabilidade na cadeia de fornecedores","datePublished":"2022-11-27T13:51:18+00:00","mainEntityOfPage":{"@id":"https:\/\/www.cidademarketing.com.br\/marketing\/2022\/11\/27\/ford-anuncia-parceria-estrategica-para-aumentar-a-sustentabilidade-na-cadeia-de-fornecedores\/"},"wordCount":615,"commentCount":0,"publisher":{"@id":"https:\/\/www.cidademarketing.com.br\/marketing\/#organization"},"image":{"@id":"https:\/\/www.cidademarketing.com.br\/marketing\/2022\/11\/27\/ford-anuncia-parceria-estrategica-para-aumentar-a-sustentabilidade-na-cadeia-de-fornecedores\/#primaryimage"},"thumbnailUrl":"https:\/\/www.cidademarketing.com.br\/marketing\/wp-content\/uploads\/2022\/11\/ford_marca.jpg","keywords":["campanha","estrat\u00e9gia","Ford","marketing","relacionamento","stakeholders"],"articleSection":["Not\u00edcias"],"inLanguage":"pt-BR","potentialAction":[{"@type":"CommentAction","name":"Comment","target":["https:\/\/www.cidademarketing.com.br\/marketing\/2022\/11\/27\/ford-anuncia-parceria-estrategica-para-aumentar-a-sustentabilidade-na-cadeia-de-fornecedores\/#respond"]}]},{"@type":"WebPage","@id":"https:\/\/www.cidademarketing.com.br\/marketing\/2022\/11\/27\/ford-anuncia-parceria-estrategica-para-aumentar-a-sustentabilidade-na-cadeia-de-fornecedores\/","url":"https:\/\/www.cidademarketing.com.br\/marketing\/2022\/11\/27\/ford-anuncia-parceria-estrategica-para-aumentar-a-sustentabilidade-na-cadeia-de-fornecedores\/","name":"Ford anuncia parceria estrat\u00e9gica para aumentar a sustentabilidade na cadeia de fornecedores - CidadeMarketing","isPartOf":{"@id":"https:\/\/www.cidademarketing.com.br\/marketing\/#website"},"primaryImageOfPage":{"@id":"https:\/\/www.cidademarketing.com.br\/marketing\/2022\/11\/27\/ford-anuncia-parceria-estrategica-para-aumentar-a-sustentabilidade-na-cadeia-de-fornecedores\/#primaryimage"},"image":{"@id":"https:\/\/www.cidademarketing.com.br\/marketing\/2022\/11\/27\/ford-anuncia-parceria-estrategica-para-aumentar-a-sustentabilidade-na-cadeia-de-fornecedores\/#primaryimage"},"thumbnailUrl":"https:\/\/www.cidademarketing.com.br\/marketing\/wp-content\/uploads\/2022\/11\/ford_marca.jpg","datePublished":"2022-11-27T13:51:18+00:00","breadcrumb":{"@id":"https:\/\/www.cidademarketing.com.br\/marketing\/2022\/11\/27\/ford-anuncia-parceria-estrategica-para-aumentar-a-sustentabilidade-na-cadeia-de-fornecedores\/#breadcrumb"},"inLanguage":"pt-BR","potentialAction":[{"@type":"ReadAction","target":["https:\/\/www.cidademarketing.com.br\/marketing\/2022\/11\/27\/ford-anuncia-parceria-estrategica-para-aumentar-a-sustentabilidade-na-cadeia-de-fornecedores\/"]}]},{"@type":"ImageObject","inLanguage":"pt-BR","@id":"https:\/\/www.cidademarketing.com.br\/marketing\/2022\/11\/27\/ford-anuncia-parceria-estrategica-para-aumentar-a-sustentabilidade-na-cadeia-de-fornecedores\/#primaryimage","url":"https:\/\/www.cidademarketing.com.br\/marketing\/wp-content\/uploads\/2022\/11\/ford_marca.jpg","contentUrl":"https:\/\/www.cidademarketing.com.br\/marketing\/wp-content\/uploads\/2022\/11\/ford_marca.jpg","width":881,"height":495},{"@type":"BreadcrumbList","@id":"https:\/\/www.cidademarketing.com.br\/marketing\/2022\/11\/27\/ford-anuncia-parceria-estrategica-para-aumentar-a-sustentabilidade-na-cadeia-de-fornecedores\/#breadcrumb","itemListElement":[{"@type":"ListItem","position":1,"name":"In\u00edcio","item":"https:\/\/www.cidademarketing.com.br\/marketing\/"},{"@type":"ListItem","position":2,"name":"Ford anuncia parceria estrat\u00e9gica para aumentar a sustentabilidade na cadeia de fornecedores"}]},{"@type":"WebSite","@id":"https:\/\/www.cidademarketing.com.br\/marketing\/#website","url":"https:\/\/www.cidademarketing.com.br\/marketing\/","name":"CidadeMarketing","description":"Somos um ve\u00edculo de comunica\u00e7\u00e3o de destaque no Brasil, reconhecido por conte\u00fados nos segmentos de marketing, empreendedorismo e inova\u00e7\u00e3o.","publisher":{"@id":"https:\/\/www.cidademarketing.com.br\/marketing\/#organization"},"alternateName":"CidadeMarketing","potentialAction":[{"@type":"SearchAction","target":{"@type":"EntryPoint","urlTemplate":"https:\/\/www.cidademarketing.com.br\/marketing\/?s={search_term_string}"},"query-input":{"@type":"PropertyValueSpecification","valueRequired":true,"valueName":"search_term_string"}}],"inLanguage":"pt-BR"},{"@type":"Organization","@id":"https:\/\/www.cidademarketing.com.br\/marketing\/#organization","name":"CidadeMarketing","alternateName":"CidadeMarketing","url":"https:\/\/www.cidademarketing.com.br\/marketing\/","logo":{"@type":"ImageObject","inLanguage":"pt-BR","@id":"https:\/\/www.cidademarketing.com.br\/marketing\/#\/schema\/logo\/image\/","url":"https:\/\/www.cidademarketing.com.br\/marketing\/wp-content\/uploads\/2020\/01\/cidademarketing_marca_mobile.png","contentUrl":"https:\/\/www.cidademarketing.com.br\/marketing\/wp-content\/uploads\/2020\/01\/cidademarketing_marca_mobile.png","width":230,"height":92,"caption":"CidadeMarketing"},"image":{"@id":"https:\/\/www.cidademarketing.com.br\/marketing\/#\/schema\/logo\/image\/"},"sameAs":["https:\/\/www.facebook.com\/portalcidademarketing","https:\/\/x.com\/CidadeMarketing","https:\/\/www.instagram.com\/cidademarketing\/"]},{"@type":"Person","@id":"https:\/\/www.cidademarketing.com.br\/marketing\/#\/schema\/person\/02daff9f18bd9378c9e01eb6b2db155f","name":"Thales Brand\u00e3o","image":{"@type":"ImageObject","inLanguage":"pt-BR","@id":"https:\/\/secure.gravatar.com\/avatar\/7ca3206950207cc3cb48feec56a8a7898741ab725c368d99d5d7a5a50aab80c6?s=96&d=mm&r=g","url":"https:\/\/secure.gravatar.com\/avatar\/7ca3206950207cc3cb48feec56a8a7898741ab725c368d99d5d7a5a50aab80c6?s=96&d=mm&r=g","contentUrl":"https:\/\/secure.gravatar.com\/avatar\/7ca3206950207cc3cb48feec56a8a7898741ab725c368d99d5d7a5a50aab80c6?s=96&d=mm&r=g","caption":"Thales Brand\u00e3o"},"description":"Editor Executivo do Portal CidadeMarketing.com.br &gt; Mestre em Comunica\u00e7\u00e3o e Sociedade pela Universidade Federal de Sergipe. Possui MBA Executivo em Administra\u00e7\u00e3o com \u00eanfase em Marketing pela Funda\u00e7\u00e3o Get\u00falio Vargas - Rio de Janeiro. Consultor, Palestrante e Pesquisador sobre Empreendedorismo, Marketing, Redes Sociais e Neg\u00f3cios Digitais. Professor, Palestrante TedxTalks e Campus Party. Twitter: @ThalesBrandao","sameAs":["http:\/\/www.mandacaru.com.br","https:\/\/www.facebook.com\/thalesbrandao","http:\/\/www.instagram.com.br\/thalesbrandaoferreira","https:\/\/www.linkedin.com\/in\/thales-brand\u00e3o-3948609\/","https:\/\/x.com\/http:\/\/www.twitter.com\/thalesbrandao"],"url":"https:\/\/www.cidademarketing.com.br\/marketing\/author\/thalesbrandao\/"}]}},"amp_enabled":true,"_links":{"self":[{"href":"https:\/\/www.cidademarketing.com.br\/marketing\/wp-json\/wp\/v2\/posts\/40648","targetHints":{"allow":["GET"]}}],"collection":[{"href":"https:\/\/www.cidademarketing.com.br\/marketing\/wp-json\/wp\/v2\/posts"}],"about":[{"href":"https:\/\/www.cidademarketing.com.br\/marketing\/wp-json\/wp\/v2\/types\/post"}],"author":[{"embeddable":true,"href":"https:\/\/www.cidademarketing.com.br\/marketing\/wp-json\/wp\/v2\/users\/1"}],"replies":[{"embeddable":true,"href":"https:\/\/www.cidademarketing.com.br\/marketing\/wp-json\/wp\/v2\/comments?post=40648"}],"version-history":[{"count":1,"href":"https:\/\/www.cidademarketing.com.br\/marketing\/wp-json\/wp\/v2\/posts\/40648\/revisions"}],"predecessor-version":[{"id":40650,"href":"https:\/\/www.cidademarketing.com.br\/marketing\/wp-json\/wp\/v2\/posts\/40648\/revisions\/40650"}],"wp:featuredmedia":[{"embeddable":true,"href":"https:\/\/www.cidademarketing.com.br\/marketing\/wp-json\/wp\/v2\/media\/40649"}],"wp:attachment":[{"href":"https:\/\/www.cidademarketing.com.br\/marketing\/wp-json\/wp\/v2\/media?parent=40648"}],"wp:term":[{"taxonomy":"category","embeddable":true,"href":"https:\/\/www.cidademarketing.com.br\/marketing\/wp-json\/wp\/v2\/categories?post=40648"},{"taxonomy":"post_tag","embeddable":true,"href":"https:\/\/www.cidademarketing.com.br\/marketing\/wp-json\/wp\/v2\/tags?post=40648"}],"curies":[{"name":"wp","href":"https:\/\/api.w.org\/{rel}","templated":true}]}}