{"id":40617,"date":"2022-11-27T00:04:46","date_gmt":"2022-11-27T03:04:46","guid":{"rendered":"https:\/\/www.cidademarketing.com.br\/marketing\/?p=40617"},"modified":"2022-11-27T00:04:46","modified_gmt":"2022-11-27T03:04:46","slug":"domingo-27-11-acontece-a-inauguracao-da-arvore-de-natal-coca-cola-em-sao-paulo","status":"publish","type":"post","link":"https:\/\/www.cidademarketing.com.br\/marketing\/2022\/11\/27\/domingo-27-11-acontece-a-inauguracao-da-arvore-de-natal-coca-cola-em-sao-paulo\/","title":{"rendered":"Domingo, 27\/11, acontece a inaugura\u00e7\u00e3o da \u00c1rvore de Natal Coca-Cola em S\u00e3o Paulo"},"content":{"rendered":"<p>Ap\u00f3s dois anos de restri\u00e7\u00f5es por conta da pandemia de covid-19, a Coca-Cola FEMSA Brasil, maior engarrafadora de produtos Coca-Cola no mundo em volume de vendas, retorna \u00e0s origens com a tradicional \u00e1rvore de Natal de S\u00e3o Paulo aberta ao p\u00fablico. A inaugura\u00e7\u00e3o ser\u00e1 no dia 27 de novembro com show da cantora Faf\u00e1 de Bel\u00e9m.<br \/>\nLocalizada no Parque Villa-Lobos, a estrutura de 52 metros de altura por 22,2 metros de di\u00e2metro ter\u00e1 uma estrela brilhante no topo, decora\u00e7\u00e3o que remeter\u00e1 \u00e0s ra\u00edzes natalinas e a atra\u00e7\u00e3o in\u00e9dita Casa do Papai Noel, espa\u00e7o instagram\u00e1vel que refor\u00e7a que o Natal sempre encontra o caminho para unir as pessoas.<\/p>\n<p><iframe title=\"Spotify Embed: Podcast CidadeMarketing\" style=\"border-radius: 12px\" width=\"100%\" height=\"152\" frameborder=\"0\" allowfullscreen allow=\"autoplay; clipboard-write; encrypted-media; fullscreen; picture-in-picture\" loading=\"lazy\" src=\"https:\/\/open.spotify.com\/embed\/show\/4khMKzP3FgFRWVwb73xicc?si=252fe5bff2b34909&#038;utm_source=oembed\"><\/iframe><\/p>\n<p>\u201cCom a melhora do cen\u00e1rio pand\u00eamico e a popula\u00e7\u00e3o vacinada, a Coca-Cola FEMSA Brasil se orgulha em poder retomar uma maior proximidade do p\u00fablico com a \u00e1rvore e proporcionar cen\u00e1rios incr\u00edveis para os momentos em fam\u00edlia. Queremos novamente reunir amigos, estimular abra\u00e7os e ver o brilho nos olhos das pessoas. O Natal Coca-Cola \u00e9 um presente para a cidade de S\u00e3o Paulo e um s\u00edmbolo da nossa miss\u00e3o de satisfazer os consumidores n\u00e3o apenas com produtos refrescantes e de qualidade, mas tamb\u00e9m com momentos de lazer e alegria\u201d, afirma Luciano Alves de S\u00e1, Gerente Experience &amp; Prestige Accounts.<\/p>\n<p>\u201cO Natal \u00e9 um momento de consagra\u00e7\u00e3o para a cidade de S\u00e3o Paulo, quando as pessoas circulam por pontos da cidade ao lado de seus familiares em busca de viver momentos de emo\u00e7\u00e3o e alegria. A Prefeitura de S\u00e3o Paulo, por meio da Secretaria de Turismo, apoia iniciativas que proporcionam experi\u00eancias como estas, sendo a Coca-Cola FEMSA uma parceira de longa data da cidade\u201d, afirma o Secret\u00e1rio Municipal de Turismo, Rodolfo Marinho. \u201cNossa programa\u00e7\u00e3o ser\u00e1 descentralizada e estar\u00e1 presente em todas as regi\u00f5es\u201d, conclui.<\/p>\n<p>Instalada na raiz da \u00e1rvore de Natal Coca-Cola, a grande novidade \u00e9 a casa do Papai Noel, totalmente instagram\u00e1vel. Com m\u00f3veis de madeira e decora\u00e7\u00f5es t\u00edpicas em vermelho, o espa\u00e7o conta com quarto de presentes, cozinha com ceia natalina e a tradicional poltrona do bom velhinho. Repleta de enfeites caracter\u00edsticos da \u00e9poca, o lar natalino tamb\u00e9m conta com a presen\u00e7a de soldadinhos, ursos polares e de pel\u00facia, tudo iluminado com muitas bolas de todos os tamanhos.<br \/>\n\u201cTrazer novamente a magia do Natal para a cidade de S\u00e3o Paulo ao lado da Coca-Cola FEMSA Brasil nos enche de orgulho e alegrias. Vamos unir pessoas e sentimentos em torno de nossa \u00e1rvore.\u201d, acrescenta Eduardo Andrade, Co-CEO da Akm Performma.<br \/>\nA abertura oficial da tradicional \u00e1rvore de Natal de S\u00e3o Paulo, patrocinada pela Coca-Cola FEMSA Brasil, ser\u00e1 no dia 27 de novembro, a partir das 19h, e ficara aberta \u00e0 visita\u00e7\u00e3o nos dias 3, 4, 10, 11, 17 e 18 de dezembro, das 15h \u00e0s 21h.<\/p>\n<p>Caravanas Iluminadas chegam em S\u00e3o Paulo nos dias 25, 26 e 27 de novembro<\/p>\n<p>As caravanas iluminadas da Coca-Cola FEMSA Brasil, maior distribuidora de produtos Coca-Cola no mundo em volume de vendas, estar\u00e3o nas ruas de S\u00e3o Paulo nos dias 25, 26 e 27 de novembro com a presen\u00e7a de Papai e Mam\u00e3e Noel estar\u00e3o em um lindo coreto iluminado com efeitos de neve e v\u00e3o saudar o p\u00fablico junto a uma mesa cheia de amor e del\u00edcias.<\/p>\n<p>Destacando o pilar de sustentabilidade, um dos caminh\u00f5es traz madeira reaproveitada de pallets e contar\u00e1 ainda com pain\u00e9is solares que v\u00e3o gerar a energia para a ilumina\u00e7\u00e3o e funcionamento de um sistema de bolhas de sab\u00e3o que encantar\u00e1 todo o p\u00fablico. Al\u00e9m disso, haver\u00e1 proje\u00e7\u00f5es e cenografias natalinas durante todo o trajeto. Personalizando a presen\u00e7a feminina na Coca-Cola FEMSA Brasil, pelo segundo ano as caravanas ser\u00e3o conduzidas por duas mulheres, Izabel Aparecida Alves de Souza e Roselaine Manini Cassinelli.<\/p>\n<p>Ser\u00e1 poss\u00edvel conferir o trajeto dos caminh\u00f5es por meio do aplicativo Natal Coca-Cola. Caso queira, o consumidor poder\u00e1 clicar para ver a rota e receber notifica\u00e7\u00f5es, com contagem regressiva, sobre o dia em que ela passar\u00e1 pelo munic\u00edpio. O app traz, tamb\u00e9m, outras funcionalidades como realidade aumentada, games interativos e filtros de Natal para selfies e est\u00e1 dispon\u00edvel em iOS e Android.<\/p>\n<p>Al\u00e9m do aplicativo, \u00e9 poss\u00edvel consultar a rota das caravanas no site Link.<\/p>\n<p>Conhe\u00e7a a rota das Caravanas Iluminadas em S\u00e3o Paulo *<br \/>\nDia 25: Av. Eng. Alberto de Zagottis, Av. Interlagos, Av. Santa Catarina, Av. Juruc\u00ea<br \/>\nDia 26: Av. Major Sylvio de Magalh\u00e3es Padilha, 16741, Vila Hamburguesa.<br \/>\nDia 27: abertura oficial da tradicional \u00e1rvore de Natal de S\u00e3o Paulo<br \/>\n*As rotas e hor\u00e1rios podem ser alterados sem pr\u00e9via divulga\u00e7\u00e3o<\/p>\n<p><iframe style=\"width: 100%; max-width: 660px; overflow: hidden; background: transparent;\" src=\"https:\/\/embed.podcasts.apple.com\/br\/podcast\/podcast-cidademarketing\/id1371923283\" height=\"450\" frameborder=\"0\" sandbox=\"allow-forms allow-popups allow-same-origin allow-scripts allow-storage-access-by-user-activation allow-top-navigation-by-user-activation\"><\/iframe><\/p>\n","protected":false},"excerpt":{"rendered":"<p>Ap\u00f3s dois anos de restri\u00e7\u00f5es por conta da pandemia de covid-19, a Coca-Cola FEMSA Brasil, maior engarrafadora de produtos Coca-Cola no mundo em volume de vendas, retorna \u00e0s origens com a tradicional \u00e1rvore de Natal de S\u00e3o Paulo aberta ao p\u00fablico. A inaugura\u00e7\u00e3o ser\u00e1 no dia 27 de novembro com show da cantora Faf\u00e1 de [&hellip;]<\/p>\n","protected":false},"author":1,"featured_media":40618,"comment_status":"open","ping_status":"open","sticky":false,"template":"","format":"standard","meta":{"tdm_status":"","tdm_grid_status":"","footnotes":""},"categories":[6],"tags":[56,33,805,28,669,656,1200],"class_list":["post-40617","post","type-post","status-publish","format-standard","has-post-thumbnail","hentry","category-noticias","tag-coca-cola","tag-estrategia","tag-experiencia","tag-marketing","tag-natal","tag-sao-paulo","tag-sp"],"yoast_head":"<!-- This site is optimized with the Yoast SEO plugin v27.5 - https:\/\/yoast.com\/product\/yoast-seo-wordpress\/ -->\n<title>Domingo, 27\/11, acontece a inaugura\u00e7\u00e3o da \u00c1rvore de Natal Coca-Cola em S\u00e3o Paulo - CidadeMarketing<\/title>\n<meta name=\"robots\" content=\"index, follow, max-snippet:-1, max-image-preview:large, max-video-preview:-1\" \/>\n<link rel=\"canonical\" href=\"https:\/\/www.cidademarketing.com.br\/marketing\/2022\/11\/27\/domingo-27-11-acontece-a-inauguracao-da-arvore-de-natal-coca-cola-em-sao-paulo\/\" \/>\n<meta property=\"og:locale\" content=\"pt_BR\" \/>\n<meta property=\"og:type\" content=\"article\" \/>\n<meta property=\"og:title\" content=\"Domingo, 27\/11, acontece a inaugura\u00e7\u00e3o da \u00c1rvore de Natal Coca-Cola em S\u00e3o Paulo - CidadeMarketing\" \/>\n<meta property=\"og:description\" content=\"Ap\u00f3s dois anos de restri\u00e7\u00f5es por conta da pandemia de covid-19, a Coca-Cola FEMSA Brasil, maior engarrafadora de produtos Coca-Cola no mundo em volume de vendas, retorna \u00e0s origens com a tradicional \u00e1rvore de Natal de S\u00e3o Paulo aberta ao p\u00fablico. A inaugura\u00e7\u00e3o ser\u00e1 no dia 27 de novembro com show da cantora Faf\u00e1 de [&hellip;]\" \/>\n<meta property=\"og:url\" content=\"https:\/\/www.cidademarketing.com.br\/marketing\/2022\/11\/27\/domingo-27-11-acontece-a-inauguracao-da-arvore-de-natal-coca-cola-em-sao-paulo\/\" \/>\n<meta property=\"og:site_name\" content=\"CidadeMarketing\" \/>\n<meta property=\"article:publisher\" content=\"https:\/\/www.facebook.com\/portalcidademarketing\" \/>\n<meta property=\"article:author\" content=\"https:\/\/www.facebook.com\/thalesbrandao\" \/>\n<meta property=\"article:published_time\" content=\"2022-11-27T03:04:46+00:00\" \/>\n<meta property=\"og:image\" content=\"https:\/\/www.cidademarketing.com.br\/marketing\/wp-content\/uploads\/2022\/11\/arvorenatal_cocacola.jpg\" \/>\n\t<meta property=\"og:image:width\" content=\"800\" \/>\n\t<meta property=\"og:image:height\" content=\"450\" \/>\n\t<meta property=\"og:image:type\" content=\"image\/jpeg\" \/>\n<meta name=\"author\" content=\"Thales Brand\u00e3o\" \/>\n<meta name=\"twitter:card\" content=\"summary_large_image\" \/>\n<meta name=\"twitter:creator\" content=\"@http:\/\/www.twitter.com\/thalesbrandao\" \/>\n<meta name=\"twitter:site\" content=\"@CidadeMarketing\" \/>\n<meta name=\"twitter:label1\" content=\"Escrito por\" \/>\n\t<meta name=\"twitter:data1\" content=\"Thales Brand\u00e3o\" \/>\n\t<meta name=\"twitter:label2\" content=\"Est. tempo de leitura\" \/>\n\t<meta name=\"twitter:data2\" content=\"4 minutos\" \/>\n<script type=\"application\/ld+json\" class=\"yoast-schema-graph\">{\"@context\":\"https:\\\/\\\/schema.org\",\"@graph\":[{\"@type\":\"Article\",\"@id\":\"https:\\\/\\\/www.cidademarketing.com.br\\\/marketing\\\/2022\\\/11\\\/27\\\/domingo-27-11-acontece-a-inauguracao-da-arvore-de-natal-coca-cola-em-sao-paulo\\\/#article\",\"isPartOf\":{\"@id\":\"https:\\\/\\\/www.cidademarketing.com.br\\\/marketing\\\/2022\\\/11\\\/27\\\/domingo-27-11-acontece-a-inauguracao-da-arvore-de-natal-coca-cola-em-sao-paulo\\\/\"},\"author\":{\"name\":\"Thales Brand\u00e3o\",\"@id\":\"https:\\\/\\\/www.cidademarketing.com.br\\\/marketing\\\/#\\\/schema\\\/person\\\/02daff9f18bd9378c9e01eb6b2db155f\"},\"headline\":\"Domingo, 27\\\/11, acontece a inaugura\u00e7\u00e3o da \u00c1rvore de Natal Coca-Cola em S\u00e3o Paulo\",\"datePublished\":\"2022-11-27T03:04:46+00:00\",\"mainEntityOfPage\":{\"@id\":\"https:\\\/\\\/www.cidademarketing.com.br\\\/marketing\\\/2022\\\/11\\\/27\\\/domingo-27-11-acontece-a-inauguracao-da-arvore-de-natal-coca-cola-em-sao-paulo\\\/\"},\"wordCount\":824,\"commentCount\":0,\"publisher\":{\"@id\":\"https:\\\/\\\/www.cidademarketing.com.br\\\/marketing\\\/#organization\"},\"image\":{\"@id\":\"https:\\\/\\\/www.cidademarketing.com.br\\\/marketing\\\/2022\\\/11\\\/27\\\/domingo-27-11-acontece-a-inauguracao-da-arvore-de-natal-coca-cola-em-sao-paulo\\\/#primaryimage\"},\"thumbnailUrl\":\"https:\\\/\\\/www.cidademarketing.com.br\\\/marketing\\\/wp-content\\\/uploads\\\/2022\\\/11\\\/arvorenatal_cocacola.jpg\",\"keywords\":[\"Coca-Cola\",\"estrat\u00e9gia\",\"experi\u00eancia\",\"marketing\",\"Natal\",\"S\u00e3o Paulo\",\"SP\"],\"articleSection\":[\"Not\u00edcias\"],\"inLanguage\":\"pt-BR\",\"potentialAction\":[{\"@type\":\"CommentAction\",\"name\":\"Comment\",\"target\":[\"https:\\\/\\\/www.cidademarketing.com.br\\\/marketing\\\/2022\\\/11\\\/27\\\/domingo-27-11-acontece-a-inauguracao-da-arvore-de-natal-coca-cola-em-sao-paulo\\\/#respond\"]}]},{\"@type\":\"WebPage\",\"@id\":\"https:\\\/\\\/www.cidademarketing.com.br\\\/marketing\\\/2022\\\/11\\\/27\\\/domingo-27-11-acontece-a-inauguracao-da-arvore-de-natal-coca-cola-em-sao-paulo\\\/\",\"url\":\"https:\\\/\\\/www.cidademarketing.com.br\\\/marketing\\\/2022\\\/11\\\/27\\\/domingo-27-11-acontece-a-inauguracao-da-arvore-de-natal-coca-cola-em-sao-paulo\\\/\",\"name\":\"Domingo, 27\\\/11, acontece a inaugura\u00e7\u00e3o da \u00c1rvore de Natal Coca-Cola em S\u00e3o Paulo - CidadeMarketing\",\"isPartOf\":{\"@id\":\"https:\\\/\\\/www.cidademarketing.com.br\\\/marketing\\\/#website\"},\"primaryImageOfPage\":{\"@id\":\"https:\\\/\\\/www.cidademarketing.com.br\\\/marketing\\\/2022\\\/11\\\/27\\\/domingo-27-11-acontece-a-inauguracao-da-arvore-de-natal-coca-cola-em-sao-paulo\\\/#primaryimage\"},\"image\":{\"@id\":\"https:\\\/\\\/www.cidademarketing.com.br\\\/marketing\\\/2022\\\/11\\\/27\\\/domingo-27-11-acontece-a-inauguracao-da-arvore-de-natal-coca-cola-em-sao-paulo\\\/#primaryimage\"},\"thumbnailUrl\":\"https:\\\/\\\/www.cidademarketing.com.br\\\/marketing\\\/wp-content\\\/uploads\\\/2022\\\/11\\\/arvorenatal_cocacola.jpg\",\"datePublished\":\"2022-11-27T03:04:46+00:00\",\"breadcrumb\":{\"@id\":\"https:\\\/\\\/www.cidademarketing.com.br\\\/marketing\\\/2022\\\/11\\\/27\\\/domingo-27-11-acontece-a-inauguracao-da-arvore-de-natal-coca-cola-em-sao-paulo\\\/#breadcrumb\"},\"inLanguage\":\"pt-BR\",\"potentialAction\":[{\"@type\":\"ReadAction\",\"target\":[\"https:\\\/\\\/www.cidademarketing.com.br\\\/marketing\\\/2022\\\/11\\\/27\\\/domingo-27-11-acontece-a-inauguracao-da-arvore-de-natal-coca-cola-em-sao-paulo\\\/\"]}]},{\"@type\":\"ImageObject\",\"inLanguage\":\"pt-BR\",\"@id\":\"https:\\\/\\\/www.cidademarketing.com.br\\\/marketing\\\/2022\\\/11\\\/27\\\/domingo-27-11-acontece-a-inauguracao-da-arvore-de-natal-coca-cola-em-sao-paulo\\\/#primaryimage\",\"url\":\"https:\\\/\\\/www.cidademarketing.com.br\\\/marketing\\\/wp-content\\\/uploads\\\/2022\\\/11\\\/arvorenatal_cocacola.jpg\",\"contentUrl\":\"https:\\\/\\\/www.cidademarketing.com.br\\\/marketing\\\/wp-content\\\/uploads\\\/2022\\\/11\\\/arvorenatal_cocacola.jpg\",\"width\":800,\"height\":450,\"caption\":\"Divulga\u00e7\u00e3o Coca-Cola FEMSA Brasil\"},{\"@type\":\"BreadcrumbList\",\"@id\":\"https:\\\/\\\/www.cidademarketing.com.br\\\/marketing\\\/2022\\\/11\\\/27\\\/domingo-27-11-acontece-a-inauguracao-da-arvore-de-natal-coca-cola-em-sao-paulo\\\/#breadcrumb\",\"itemListElement\":[{\"@type\":\"ListItem\",\"position\":1,\"name\":\"In\u00edcio\",\"item\":\"https:\\\/\\\/www.cidademarketing.com.br\\\/marketing\\\/\"},{\"@type\":\"ListItem\",\"position\":2,\"name\":\"Domingo, 27\\\/11, acontece a inaugura\u00e7\u00e3o da \u00c1rvore de Natal Coca-Cola em S\u00e3o Paulo\"}]},{\"@type\":\"WebSite\",\"@id\":\"https:\\\/\\\/www.cidademarketing.com.br\\\/marketing\\\/#website\",\"url\":\"https:\\\/\\\/www.cidademarketing.com.br\\\/marketing\\\/\",\"name\":\"CidadeMarketing\",\"description\":\"Somos um ve\u00edculo de comunica\u00e7\u00e3o de destaque no Brasil, reconhecido por conte\u00fados nos segmentos de marketing, empreendedorismo e inova\u00e7\u00e3o.\",\"publisher\":{\"@id\":\"https:\\\/\\\/www.cidademarketing.com.br\\\/marketing\\\/#organization\"},\"alternateName\":\"CidadeMarketing\",\"potentialAction\":[{\"@type\":\"SearchAction\",\"target\":{\"@type\":\"EntryPoint\",\"urlTemplate\":\"https:\\\/\\\/www.cidademarketing.com.br\\\/marketing\\\/?s={search_term_string}\"},\"query-input\":{\"@type\":\"PropertyValueSpecification\",\"valueRequired\":true,\"valueName\":\"search_term_string\"}}],\"inLanguage\":\"pt-BR\"},{\"@type\":\"Organization\",\"@id\":\"https:\\\/\\\/www.cidademarketing.com.br\\\/marketing\\\/#organization\",\"name\":\"CidadeMarketing\",\"alternateName\":\"CidadeMarketing\",\"url\":\"https:\\\/\\\/www.cidademarketing.com.br\\\/marketing\\\/\",\"logo\":{\"@type\":\"ImageObject\",\"inLanguage\":\"pt-BR\",\"@id\":\"https:\\\/\\\/www.cidademarketing.com.br\\\/marketing\\\/#\\\/schema\\\/logo\\\/image\\\/\",\"url\":\"https:\\\/\\\/www.cidademarketing.com.br\\\/marketing\\\/wp-content\\\/uploads\\\/2020\\\/01\\\/cidademarketing_marca_mobile.png\",\"contentUrl\":\"https:\\\/\\\/www.cidademarketing.com.br\\\/marketing\\\/wp-content\\\/uploads\\\/2020\\\/01\\\/cidademarketing_marca_mobile.png\",\"width\":230,\"height\":92,\"caption\":\"CidadeMarketing\"},\"image\":{\"@id\":\"https:\\\/\\\/www.cidademarketing.com.br\\\/marketing\\\/#\\\/schema\\\/logo\\\/image\\\/\"},\"sameAs\":[\"https:\\\/\\\/www.facebook.com\\\/portalcidademarketing\",\"https:\\\/\\\/x.com\\\/CidadeMarketing\",\"https:\\\/\\\/www.instagram.com\\\/cidademarketing\\\/\"]},{\"@type\":\"Person\",\"@id\":\"https:\\\/\\\/www.cidademarketing.com.br\\\/marketing\\\/#\\\/schema\\\/person\\\/02daff9f18bd9378c9e01eb6b2db155f\",\"name\":\"Thales Brand\u00e3o\",\"image\":{\"@type\":\"ImageObject\",\"inLanguage\":\"pt-BR\",\"@id\":\"https:\\\/\\\/secure.gravatar.com\\\/avatar\\\/7ca3206950207cc3cb48feec56a8a7898741ab725c368d99d5d7a5a50aab80c6?s=96&d=mm&r=g\",\"url\":\"https:\\\/\\\/secure.gravatar.com\\\/avatar\\\/7ca3206950207cc3cb48feec56a8a7898741ab725c368d99d5d7a5a50aab80c6?s=96&d=mm&r=g\",\"contentUrl\":\"https:\\\/\\\/secure.gravatar.com\\\/avatar\\\/7ca3206950207cc3cb48feec56a8a7898741ab725c368d99d5d7a5a50aab80c6?s=96&d=mm&r=g\",\"caption\":\"Thales Brand\u00e3o\"},\"description\":\"Editor Executivo do Portal CidadeMarketing.com.br &gt; Mestre em Comunica\u00e7\u00e3o e Sociedade pela Universidade Federal de Sergipe. Possui MBA Executivo em Administra\u00e7\u00e3o com \u00eanfase em Marketing pela Funda\u00e7\u00e3o Get\u00falio Vargas - Rio de Janeiro. Consultor, Palestrante e Pesquisador sobre Empreendedorismo, Marketing, Redes Sociais e Neg\u00f3cios Digitais. Professor, Palestrante TedxTalks e Campus Party. Twitter: @ThalesBrandao\",\"sameAs\":[\"http:\\\/\\\/www.mandacaru.com.br\",\"https:\\\/\\\/www.facebook.com\\\/thalesbrandao\",\"http:\\\/\\\/www.instagram.com.br\\\/thalesbrandaoferreira\",\"https:\\\/\\\/www.linkedin.com\\\/in\\\/thales-brand\u00e3o-3948609\\\/\",\"https:\\\/\\\/x.com\\\/http:\\\/\\\/www.twitter.com\\\/thalesbrandao\"],\"url\":\"https:\\\/\\\/www.cidademarketing.com.br\\\/marketing\\\/author\\\/thalesbrandao\\\/\"}]}<\/script>\n<!-- \/ Yoast SEO plugin. -->","yoast_head_json":{"title":"Domingo, 27\/11, acontece a inaugura\u00e7\u00e3o da \u00c1rvore de Natal Coca-Cola em S\u00e3o Paulo - CidadeMarketing","robots":{"index":"index","follow":"follow","max-snippet":"max-snippet:-1","max-image-preview":"max-image-preview:large","max-video-preview":"max-video-preview:-1"},"canonical":"https:\/\/www.cidademarketing.com.br\/marketing\/2022\/11\/27\/domingo-27-11-acontece-a-inauguracao-da-arvore-de-natal-coca-cola-em-sao-paulo\/","og_locale":"pt_BR","og_type":"article","og_title":"Domingo, 27\/11, acontece a inaugura\u00e7\u00e3o da \u00c1rvore de Natal Coca-Cola em S\u00e3o Paulo - CidadeMarketing","og_description":"Ap\u00f3s dois anos de restri\u00e7\u00f5es por conta da pandemia de covid-19, a Coca-Cola FEMSA Brasil, maior engarrafadora de produtos Coca-Cola no mundo em volume de vendas, retorna \u00e0s origens com a tradicional \u00e1rvore de Natal de S\u00e3o Paulo aberta ao p\u00fablico. A inaugura\u00e7\u00e3o ser\u00e1 no dia 27 de novembro com show da cantora Faf\u00e1 de [&hellip;]","og_url":"https:\/\/www.cidademarketing.com.br\/marketing\/2022\/11\/27\/domingo-27-11-acontece-a-inauguracao-da-arvore-de-natal-coca-cola-em-sao-paulo\/","og_site_name":"CidadeMarketing","article_publisher":"https:\/\/www.facebook.com\/portalcidademarketing","article_author":"https:\/\/www.facebook.com\/thalesbrandao","article_published_time":"2022-11-27T03:04:46+00:00","og_image":[{"width":800,"height":450,"url":"https:\/\/www.cidademarketing.com.br\/marketing\/wp-content\/uploads\/2022\/11\/arvorenatal_cocacola.jpg","type":"image\/jpeg"}],"author":"Thales Brand\u00e3o","twitter_card":"summary_large_image","twitter_creator":"@http:\/\/www.twitter.com\/thalesbrandao","twitter_site":"@CidadeMarketing","twitter_misc":{"Escrito por":"Thales Brand\u00e3o","Est. tempo de leitura":"4 minutos"},"schema":{"@context":"https:\/\/schema.org","@graph":[{"@type":"Article","@id":"https:\/\/www.cidademarketing.com.br\/marketing\/2022\/11\/27\/domingo-27-11-acontece-a-inauguracao-da-arvore-de-natal-coca-cola-em-sao-paulo\/#article","isPartOf":{"@id":"https:\/\/www.cidademarketing.com.br\/marketing\/2022\/11\/27\/domingo-27-11-acontece-a-inauguracao-da-arvore-de-natal-coca-cola-em-sao-paulo\/"},"author":{"name":"Thales Brand\u00e3o","@id":"https:\/\/www.cidademarketing.com.br\/marketing\/#\/schema\/person\/02daff9f18bd9378c9e01eb6b2db155f"},"headline":"Domingo, 27\/11, acontece a inaugura\u00e7\u00e3o da \u00c1rvore de Natal Coca-Cola em S\u00e3o Paulo","datePublished":"2022-11-27T03:04:46+00:00","mainEntityOfPage":{"@id":"https:\/\/www.cidademarketing.com.br\/marketing\/2022\/11\/27\/domingo-27-11-acontece-a-inauguracao-da-arvore-de-natal-coca-cola-em-sao-paulo\/"},"wordCount":824,"commentCount":0,"publisher":{"@id":"https:\/\/www.cidademarketing.com.br\/marketing\/#organization"},"image":{"@id":"https:\/\/www.cidademarketing.com.br\/marketing\/2022\/11\/27\/domingo-27-11-acontece-a-inauguracao-da-arvore-de-natal-coca-cola-em-sao-paulo\/#primaryimage"},"thumbnailUrl":"https:\/\/www.cidademarketing.com.br\/marketing\/wp-content\/uploads\/2022\/11\/arvorenatal_cocacola.jpg","keywords":["Coca-Cola","estrat\u00e9gia","experi\u00eancia","marketing","Natal","S\u00e3o Paulo","SP"],"articleSection":["Not\u00edcias"],"inLanguage":"pt-BR","potentialAction":[{"@type":"CommentAction","name":"Comment","target":["https:\/\/www.cidademarketing.com.br\/marketing\/2022\/11\/27\/domingo-27-11-acontece-a-inauguracao-da-arvore-de-natal-coca-cola-em-sao-paulo\/#respond"]}]},{"@type":"WebPage","@id":"https:\/\/www.cidademarketing.com.br\/marketing\/2022\/11\/27\/domingo-27-11-acontece-a-inauguracao-da-arvore-de-natal-coca-cola-em-sao-paulo\/","url":"https:\/\/www.cidademarketing.com.br\/marketing\/2022\/11\/27\/domingo-27-11-acontece-a-inauguracao-da-arvore-de-natal-coca-cola-em-sao-paulo\/","name":"Domingo, 27\/11, acontece a inaugura\u00e7\u00e3o da \u00c1rvore de Natal Coca-Cola em S\u00e3o Paulo - CidadeMarketing","isPartOf":{"@id":"https:\/\/www.cidademarketing.com.br\/marketing\/#website"},"primaryImageOfPage":{"@id":"https:\/\/www.cidademarketing.com.br\/marketing\/2022\/11\/27\/domingo-27-11-acontece-a-inauguracao-da-arvore-de-natal-coca-cola-em-sao-paulo\/#primaryimage"},"image":{"@id":"https:\/\/www.cidademarketing.com.br\/marketing\/2022\/11\/27\/domingo-27-11-acontece-a-inauguracao-da-arvore-de-natal-coca-cola-em-sao-paulo\/#primaryimage"},"thumbnailUrl":"https:\/\/www.cidademarketing.com.br\/marketing\/wp-content\/uploads\/2022\/11\/arvorenatal_cocacola.jpg","datePublished":"2022-11-27T03:04:46+00:00","breadcrumb":{"@id":"https:\/\/www.cidademarketing.com.br\/marketing\/2022\/11\/27\/domingo-27-11-acontece-a-inauguracao-da-arvore-de-natal-coca-cola-em-sao-paulo\/#breadcrumb"},"inLanguage":"pt-BR","potentialAction":[{"@type":"ReadAction","target":["https:\/\/www.cidademarketing.com.br\/marketing\/2022\/11\/27\/domingo-27-11-acontece-a-inauguracao-da-arvore-de-natal-coca-cola-em-sao-paulo\/"]}]},{"@type":"ImageObject","inLanguage":"pt-BR","@id":"https:\/\/www.cidademarketing.com.br\/marketing\/2022\/11\/27\/domingo-27-11-acontece-a-inauguracao-da-arvore-de-natal-coca-cola-em-sao-paulo\/#primaryimage","url":"https:\/\/www.cidademarketing.com.br\/marketing\/wp-content\/uploads\/2022\/11\/arvorenatal_cocacola.jpg","contentUrl":"https:\/\/www.cidademarketing.com.br\/marketing\/wp-content\/uploads\/2022\/11\/arvorenatal_cocacola.jpg","width":800,"height":450,"caption":"Divulga\u00e7\u00e3o Coca-Cola FEMSA Brasil"},{"@type":"BreadcrumbList","@id":"https:\/\/www.cidademarketing.com.br\/marketing\/2022\/11\/27\/domingo-27-11-acontece-a-inauguracao-da-arvore-de-natal-coca-cola-em-sao-paulo\/#breadcrumb","itemListElement":[{"@type":"ListItem","position":1,"name":"In\u00edcio","item":"https:\/\/www.cidademarketing.com.br\/marketing\/"},{"@type":"ListItem","position":2,"name":"Domingo, 27\/11, acontece a inaugura\u00e7\u00e3o da \u00c1rvore de Natal Coca-Cola em S\u00e3o Paulo"}]},{"@type":"WebSite","@id":"https:\/\/www.cidademarketing.com.br\/marketing\/#website","url":"https:\/\/www.cidademarketing.com.br\/marketing\/","name":"CidadeMarketing","description":"Somos um ve\u00edculo de comunica\u00e7\u00e3o de destaque no Brasil, reconhecido por conte\u00fados nos segmentos de marketing, empreendedorismo e inova\u00e7\u00e3o.","publisher":{"@id":"https:\/\/www.cidademarketing.com.br\/marketing\/#organization"},"alternateName":"CidadeMarketing","potentialAction":[{"@type":"SearchAction","target":{"@type":"EntryPoint","urlTemplate":"https:\/\/www.cidademarketing.com.br\/marketing\/?s={search_term_string}"},"query-input":{"@type":"PropertyValueSpecification","valueRequired":true,"valueName":"search_term_string"}}],"inLanguage":"pt-BR"},{"@type":"Organization","@id":"https:\/\/www.cidademarketing.com.br\/marketing\/#organization","name":"CidadeMarketing","alternateName":"CidadeMarketing","url":"https:\/\/www.cidademarketing.com.br\/marketing\/","logo":{"@type":"ImageObject","inLanguage":"pt-BR","@id":"https:\/\/www.cidademarketing.com.br\/marketing\/#\/schema\/logo\/image\/","url":"https:\/\/www.cidademarketing.com.br\/marketing\/wp-content\/uploads\/2020\/01\/cidademarketing_marca_mobile.png","contentUrl":"https:\/\/www.cidademarketing.com.br\/marketing\/wp-content\/uploads\/2020\/01\/cidademarketing_marca_mobile.png","width":230,"height":92,"caption":"CidadeMarketing"},"image":{"@id":"https:\/\/www.cidademarketing.com.br\/marketing\/#\/schema\/logo\/image\/"},"sameAs":["https:\/\/www.facebook.com\/portalcidademarketing","https:\/\/x.com\/CidadeMarketing","https:\/\/www.instagram.com\/cidademarketing\/"]},{"@type":"Person","@id":"https:\/\/www.cidademarketing.com.br\/marketing\/#\/schema\/person\/02daff9f18bd9378c9e01eb6b2db155f","name":"Thales Brand\u00e3o","image":{"@type":"ImageObject","inLanguage":"pt-BR","@id":"https:\/\/secure.gravatar.com\/avatar\/7ca3206950207cc3cb48feec56a8a7898741ab725c368d99d5d7a5a50aab80c6?s=96&d=mm&r=g","url":"https:\/\/secure.gravatar.com\/avatar\/7ca3206950207cc3cb48feec56a8a7898741ab725c368d99d5d7a5a50aab80c6?s=96&d=mm&r=g","contentUrl":"https:\/\/secure.gravatar.com\/avatar\/7ca3206950207cc3cb48feec56a8a7898741ab725c368d99d5d7a5a50aab80c6?s=96&d=mm&r=g","caption":"Thales Brand\u00e3o"},"description":"Editor Executivo do Portal CidadeMarketing.com.br &gt; Mestre em Comunica\u00e7\u00e3o e Sociedade pela Universidade Federal de Sergipe. Possui MBA Executivo em Administra\u00e7\u00e3o com \u00eanfase em Marketing pela Funda\u00e7\u00e3o Get\u00falio Vargas - Rio de Janeiro. Consultor, Palestrante e Pesquisador sobre Empreendedorismo, Marketing, Redes Sociais e Neg\u00f3cios Digitais. Professor, Palestrante TedxTalks e Campus Party. Twitter: @ThalesBrandao","sameAs":["http:\/\/www.mandacaru.com.br","https:\/\/www.facebook.com\/thalesbrandao","http:\/\/www.instagram.com.br\/thalesbrandaoferreira","https:\/\/www.linkedin.com\/in\/thales-brand\u00e3o-3948609\/","https:\/\/x.com\/http:\/\/www.twitter.com\/thalesbrandao"],"url":"https:\/\/www.cidademarketing.com.br\/marketing\/author\/thalesbrandao\/"}]}},"amp_enabled":true,"_links":{"self":[{"href":"https:\/\/www.cidademarketing.com.br\/marketing\/wp-json\/wp\/v2\/posts\/40617","targetHints":{"allow":["GET"]}}],"collection":[{"href":"https:\/\/www.cidademarketing.com.br\/marketing\/wp-json\/wp\/v2\/posts"}],"about":[{"href":"https:\/\/www.cidademarketing.com.br\/marketing\/wp-json\/wp\/v2\/types\/post"}],"author":[{"embeddable":true,"href":"https:\/\/www.cidademarketing.com.br\/marketing\/wp-json\/wp\/v2\/users\/1"}],"replies":[{"embeddable":true,"href":"https:\/\/www.cidademarketing.com.br\/marketing\/wp-json\/wp\/v2\/comments?post=40617"}],"version-history":[{"count":1,"href":"https:\/\/www.cidademarketing.com.br\/marketing\/wp-json\/wp\/v2\/posts\/40617\/revisions"}],"predecessor-version":[{"id":40619,"href":"https:\/\/www.cidademarketing.com.br\/marketing\/wp-json\/wp\/v2\/posts\/40617\/revisions\/40619"}],"wp:featuredmedia":[{"embeddable":true,"href":"https:\/\/www.cidademarketing.com.br\/marketing\/wp-json\/wp\/v2\/media\/40618"}],"wp:attachment":[{"href":"https:\/\/www.cidademarketing.com.br\/marketing\/wp-json\/wp\/v2\/media?parent=40617"}],"wp:term":[{"taxonomy":"category","embeddable":true,"href":"https:\/\/www.cidademarketing.com.br\/marketing\/wp-json\/wp\/v2\/categories?post=40617"},{"taxonomy":"post_tag","embeddable":true,"href":"https:\/\/www.cidademarketing.com.br\/marketing\/wp-json\/wp\/v2\/tags?post=40617"}],"curies":[{"name":"wp","href":"https:\/\/api.w.org\/{rel}","templated":true}]}}