{"id":40600,"date":"2022-11-26T16:46:01","date_gmt":"2022-11-26T19:46:01","guid":{"rendered":"https:\/\/www.cidademarketing.com.br\/marketing\/?p=40600"},"modified":"2022-11-26T16:46:01","modified_gmt":"2022-11-26T19:46:01","slug":"com-foco-na-geracao-z-jbl-apresenta-novos-embaixadores-da-marca","status":"publish","type":"post","link":"https:\/\/www.cidademarketing.com.br\/marketing\/2022\/11\/26\/com-foco-na-geracao-z-jbl-apresenta-novos-embaixadores-da-marca\/","title":{"rendered":"Com foco na gera\u00e7\u00e3o Z, JBL apresenta novos embaixadores da marca"},"content":{"rendered":"<p>A JBL, l\u00edder global do segmento de \u00e1udio, selecionou o novo time de embaixadores da marca no Brasil. O grupo &#8211; conectado com temas como arte, entretenimento, esporte e m\u00fasica \u2013 foi apresentado em evento exclusivo na quarta-feira (23), no Renaissance S\u00e3o Paulo.<br \/>\nO time \u00e9 composto por: Ana Marcela Cunha, atleta, nadadora e campe\u00e3 ol\u00edmpica; Dubdogz, uma das maiores duplas de DJs da cena de m\u00fasica eletr\u00f4nica, formada pelos g\u00eameos Marcos e Lucas Ruback Schmidt; Filipe Toledo, surfista e atual campe\u00e3o mundial do WT; Gui Khury, atleta e skatista; Larissa Manoela, atriz e cantora e Luan Oliveira, atleta e skatista.<\/p>\n<p><iframe title=\"Spotify Embed: Podcast CidadeMarketing\" style=\"border-radius: 12px\" width=\"100%\" height=\"152\" frameborder=\"0\" allowfullscreen allow=\"autoplay; clipboard-write; encrypted-media; fullscreen; picture-in-picture\" loading=\"lazy\" src=\"https:\/\/open.spotify.com\/embed\/show\/4khMKzP3FgFRWVwb73xicc?si=252fe5bff2b34909&#038;utm_source=oembed\"><\/iframe><\/p>\n<p>Para Luciano Sasso, Vice Presidente de Vendas &amp; Marketing da unidade de neg\u00f3cios de Consumer Audio da Am\u00e9rica do Sul da Harman, o novo time de embaixadores reflete perfeitamente os objetivos globais da marca. \u201cEstamos muito orgulhosos em poder contar com um time de destaque como este. A JBL \u00e9 uma marca alegre e com muita energia, conhecida por elevar a qualidade das experi\u00eancias dos usu\u00e1rios. Os produtos da marca entregam um som de qualidade, com alta tecnologia e design atrativo. Nossos embaixadores v\u00e3o estar ao nosso lado para passarmos essa mensagem aos consumidores atrav\u00e9s de conte\u00fados aut\u00eanticos do lifestyle de cada um e alinhados com o posicionamento atual da marca\u201d, finaliza Sasso.<br \/>\nOs novos embaixadores foram escolhidos por se conectarem com os valores da JBL e por inspirarem o p\u00fablico com seu talento, determina\u00e7\u00e3o e autenticidade. Inspirada na ousadia da Gera\u00e7\u00e3o Z, a JBL transforma o quotidiano em excepcional atrav\u00e9s de diversos produtos e a\u00e7\u00f5es, para que todos se sintam confiantes em si mesmos, sem filtros.<\/p>\n<p>Embaixadores<br \/>\nCampe\u00e3 do pr\u00eamio de maior nadadora de \u00e1guas abertas do mundo por seis vezes, Ana Marcela Jesus Soares da Cunha \u00e9 nadadora e campe\u00e3 ol\u00edmpica, competindo em provas de maratona aqu\u00e1tica. Em 2020, sagrou-se campe\u00e3 ol\u00edmpica, ao vencer a maratona aqu\u00e1tica nas \u00e1guas da Ba\u00eda de T\u00f3quio.<br \/>\nDubdogz \u00e9 um dos maiores projetos de m\u00fasica eletr\u00f4nica do pa\u00eds \u2013 e, at\u00e9 mesmo, do mundo. A dupla de DJs formada pelos irm\u00e3os Marcos e Lucas Ruback, nascidos em Juiz de Fora, Minas Gerais, acabou de ser eleita entre os 100 melhores DJs do mundo num dos rankings mais famosos da cena eletr\u00f4nica, realizado pela revista brit\u00e2nica DJ Mag. Com mais de 10 anos de carreira, os g\u00eameos est\u00e3o entre os 5 DJs mais ouvidos do pa\u00eds, com mais de 5 milh\u00f5es de ouvintes mensais no Spotify, e passaram pelos melhores clubs e festivais do mundo neste \u00faltimo ano, como Tomorrowland, na B\u00e9lgica, EDC M\u00e9xico, Ushua\u00efa Ibiza e Rock in Rio.<br \/>\nFilipe Toledo, tamb\u00e9m conhecido como Filipinho, \u00e9 o atual campe\u00e3o mundial do WT, principal competi\u00e7\u00e3o do surfe profissional promovida pela ASP. \u00c9 o quarto atleta brasileiro a ganhar um t\u00edtulo mundial na principal categoria do surfe mundial. Em maio de 2011, com apenas 16 anos, faturou a categoria Sub-16 do ISA World Junior no Peru.<br \/>\nGuilherme Khury, mais conhecido como Gui Khury, \u00e9 skatista profissional. Ele foi o primeiro atleta a realizar a manobra 1080 em uma rampa vertical e o mais jovem a conquistar uma medalha de ouro no X Games.<br \/>\nLarissa Manoela \u00e9 atriz, cantora, escritora e dubladora. Mais conhecida por interpretar Maria Joaquina em Carrossel, em 2022 fez sua estreia na TV Globo na novela Al\u00e9m da Ilus\u00e3o, onde interpretou Elisa e Isadora, duas irm\u00e3s em fases diferentes.<br \/>\nLuan Vilanova de Oliveira, mais conhecido como Luan Oliveira, \u00e9 skatista profissional e um dos mais influentes skatistas da sua gera\u00e7\u00e3o no Brasil. Em sua primeira participa\u00e7\u00e3o na Street League na modalidade skate street, Luan conseguiu a segunda coloca\u00e7\u00e3o. Em 2015, ganhou medalhas de ouro nas etapas de Los Angeles e New Jersey da Street League.<\/p>\n<p><iframe style=\"width: 100%; max-width: 660px; overflow: hidden; background: transparent;\" src=\"https:\/\/embed.podcasts.apple.com\/br\/podcast\/podcast-cidademarketing\/id1371923283\" height=\"450\" frameborder=\"0\" sandbox=\"allow-forms allow-popups allow-same-origin allow-scripts allow-storage-access-by-user-activation allow-top-navigation-by-user-activation\"><\/iframe><\/p>\n","protected":false},"excerpt":{"rendered":"<p>A JBL, l\u00edder global do segmento de \u00e1udio, selecionou o novo time de embaixadores da marca no Brasil. O grupo &#8211; conectado com temas como arte, entretenimento, esporte e m\u00fasica \u2013 foi apresentado em evento exclusivo na quarta-feira (23), no Renaissance S\u00e3o Paulo. O time \u00e9 composto por: Ana Marcela Cunha, atleta, nadadora e campe\u00e3 [&hellip;]<\/p>\n","protected":false},"author":1,"featured_media":40601,"comment_status":"open","ping_status":"open","sticky":false,"template":"","format":"standard","meta":{"tdm_status":"","tdm_grid_status":"","footnotes":""},"categories":[6],"tags":[839,2941,293,2519,28,26,1742,185],"class_list":["post-40600","post","type-post","status-publish","format-standard","has-post-thumbnail","hentry","category-noticias","tag-fotografia","tag-influenciador-digital","tag-inovacao","tag-jbl","tag-marketing","tag-marketing-digital","tag-musica","tag-tecnologia"],"yoast_head":"<!-- This site is optimized with the Yoast SEO plugin v27.4 - https:\/\/yoast.com\/product\/yoast-seo-wordpress\/ -->\n<title>Com foco na gera\u00e7\u00e3o Z, JBL apresenta novos embaixadores da marca - CidadeMarketing<\/title>\n<meta name=\"robots\" content=\"index, follow, max-snippet:-1, max-image-preview:large, max-video-preview:-1\" \/>\n<link rel=\"canonical\" href=\"https:\/\/www.cidademarketing.com.br\/marketing\/2022\/11\/26\/com-foco-na-geracao-z-jbl-apresenta-novos-embaixadores-da-marca\/\" \/>\n<meta property=\"og:locale\" content=\"pt_BR\" \/>\n<meta property=\"og:type\" content=\"article\" \/>\n<meta property=\"og:title\" content=\"Com foco na gera\u00e7\u00e3o Z, JBL apresenta novos embaixadores da marca - CidadeMarketing\" \/>\n<meta property=\"og:description\" content=\"A JBL, l\u00edder global do segmento de \u00e1udio, selecionou o novo time de embaixadores da marca no Brasil. O grupo &#8211; conectado com temas como arte, entretenimento, esporte e m\u00fasica \u2013 foi apresentado em evento exclusivo na quarta-feira (23), no Renaissance S\u00e3o Paulo. O time \u00e9 composto por: Ana Marcela Cunha, atleta, nadadora e campe\u00e3 [&hellip;]\" \/>\n<meta property=\"og:url\" content=\"https:\/\/www.cidademarketing.com.br\/marketing\/2022\/11\/26\/com-foco-na-geracao-z-jbl-apresenta-novos-embaixadores-da-marca\/\" \/>\n<meta property=\"og:site_name\" content=\"CidadeMarketing\" \/>\n<meta property=\"article:publisher\" content=\"https:\/\/www.facebook.com\/portalcidademarketing\" \/>\n<meta property=\"article:author\" content=\"https:\/\/www.facebook.com\/thalesbrandao\" \/>\n<meta property=\"article:published_time\" content=\"2022-11-26T19:46:01+00:00\" \/>\n<meta property=\"og:image\" content=\"https:\/\/www.cidademarketing.com.br\/marketing\/wp-content\/uploads\/2022\/11\/JBL-NovosEmbaixadores-Foto-Caio-Duran-Coutinho-Macedo-2.jpg\" \/>\n\t<meta property=\"og:image:width\" content=\"1920\" \/>\n\t<meta property=\"og:image:height\" content=\"1278\" \/>\n\t<meta property=\"og:image:type\" content=\"image\/jpeg\" \/>\n<meta name=\"author\" content=\"Thales Brand\u00e3o\" \/>\n<meta name=\"twitter:card\" content=\"summary_large_image\" \/>\n<meta name=\"twitter:creator\" content=\"@http:\/\/www.twitter.com\/thalesbrandao\" \/>\n<meta name=\"twitter:site\" content=\"@CidadeMarketing\" \/>\n<meta name=\"twitter:label1\" content=\"Escrito por\" \/>\n\t<meta name=\"twitter:data1\" content=\"Thales Brand\u00e3o\" \/>\n\t<meta name=\"twitter:label2\" content=\"Est. tempo de leitura\" \/>\n\t<meta name=\"twitter:data2\" content=\"3 minutos\" \/>\n<script type=\"application\/ld+json\" class=\"yoast-schema-graph\">{\"@context\":\"https:\\\/\\\/schema.org\",\"@graph\":[{\"@type\":\"Article\",\"@id\":\"https:\\\/\\\/www.cidademarketing.com.br\\\/marketing\\\/2022\\\/11\\\/26\\\/com-foco-na-geracao-z-jbl-apresenta-novos-embaixadores-da-marca\\\/#article\",\"isPartOf\":{\"@id\":\"https:\\\/\\\/www.cidademarketing.com.br\\\/marketing\\\/2022\\\/11\\\/26\\\/com-foco-na-geracao-z-jbl-apresenta-novos-embaixadores-da-marca\\\/\"},\"author\":{\"name\":\"Thales Brand\u00e3o\",\"@id\":\"https:\\\/\\\/www.cidademarketing.com.br\\\/marketing\\\/#\\\/schema\\\/person\\\/02daff9f18bd9378c9e01eb6b2db155f\"},\"headline\":\"Com foco na gera\u00e7\u00e3o Z, JBL apresenta novos embaixadores da marca\",\"datePublished\":\"2022-11-26T19:46:01+00:00\",\"mainEntityOfPage\":{\"@id\":\"https:\\\/\\\/www.cidademarketing.com.br\\\/marketing\\\/2022\\\/11\\\/26\\\/com-foco-na-geracao-z-jbl-apresenta-novos-embaixadores-da-marca\\\/\"},\"wordCount\":670,\"commentCount\":0,\"publisher\":{\"@id\":\"https:\\\/\\\/www.cidademarketing.com.br\\\/marketing\\\/#organization\"},\"image\":{\"@id\":\"https:\\\/\\\/www.cidademarketing.com.br\\\/marketing\\\/2022\\\/11\\\/26\\\/com-foco-na-geracao-z-jbl-apresenta-novos-embaixadores-da-marca\\\/#primaryimage\"},\"thumbnailUrl\":\"https:\\\/\\\/www.cidademarketing.com.br\\\/marketing\\\/wp-content\\\/uploads\\\/2022\\\/11\\\/JBL-NovosEmbaixadores-Foto-Caio-Duran-Coutinho-Macedo-2.jpg\",\"keywords\":[\"fotografia\",\"influenciador digital\",\"inova\u00e7\u00e3o\",\"JBL\",\"marketing\",\"marketing digital\",\"m\u00fasica\",\"tecnologia\"],\"articleSection\":[\"Not\u00edcias\"],\"inLanguage\":\"pt-BR\",\"potentialAction\":[{\"@type\":\"CommentAction\",\"name\":\"Comment\",\"target\":[\"https:\\\/\\\/www.cidademarketing.com.br\\\/marketing\\\/2022\\\/11\\\/26\\\/com-foco-na-geracao-z-jbl-apresenta-novos-embaixadores-da-marca\\\/#respond\"]}]},{\"@type\":\"WebPage\",\"@id\":\"https:\\\/\\\/www.cidademarketing.com.br\\\/marketing\\\/2022\\\/11\\\/26\\\/com-foco-na-geracao-z-jbl-apresenta-novos-embaixadores-da-marca\\\/\",\"url\":\"https:\\\/\\\/www.cidademarketing.com.br\\\/marketing\\\/2022\\\/11\\\/26\\\/com-foco-na-geracao-z-jbl-apresenta-novos-embaixadores-da-marca\\\/\",\"name\":\"Com foco na gera\u00e7\u00e3o Z, JBL apresenta novos embaixadores da marca - CidadeMarketing\",\"isPartOf\":{\"@id\":\"https:\\\/\\\/www.cidademarketing.com.br\\\/marketing\\\/#website\"},\"primaryImageOfPage\":{\"@id\":\"https:\\\/\\\/www.cidademarketing.com.br\\\/marketing\\\/2022\\\/11\\\/26\\\/com-foco-na-geracao-z-jbl-apresenta-novos-embaixadores-da-marca\\\/#primaryimage\"},\"image\":{\"@id\":\"https:\\\/\\\/www.cidademarketing.com.br\\\/marketing\\\/2022\\\/11\\\/26\\\/com-foco-na-geracao-z-jbl-apresenta-novos-embaixadores-da-marca\\\/#primaryimage\"},\"thumbnailUrl\":\"https:\\\/\\\/www.cidademarketing.com.br\\\/marketing\\\/wp-content\\\/uploads\\\/2022\\\/11\\\/JBL-NovosEmbaixadores-Foto-Caio-Duran-Coutinho-Macedo-2.jpg\",\"datePublished\":\"2022-11-26T19:46:01+00:00\",\"breadcrumb\":{\"@id\":\"https:\\\/\\\/www.cidademarketing.com.br\\\/marketing\\\/2022\\\/11\\\/26\\\/com-foco-na-geracao-z-jbl-apresenta-novos-embaixadores-da-marca\\\/#breadcrumb\"},\"inLanguage\":\"pt-BR\",\"potentialAction\":[{\"@type\":\"ReadAction\",\"target\":[\"https:\\\/\\\/www.cidademarketing.com.br\\\/marketing\\\/2022\\\/11\\\/26\\\/com-foco-na-geracao-z-jbl-apresenta-novos-embaixadores-da-marca\\\/\"]}]},{\"@type\":\"ImageObject\",\"inLanguage\":\"pt-BR\",\"@id\":\"https:\\\/\\\/www.cidademarketing.com.br\\\/marketing\\\/2022\\\/11\\\/26\\\/com-foco-na-geracao-z-jbl-apresenta-novos-embaixadores-da-marca\\\/#primaryimage\",\"url\":\"https:\\\/\\\/www.cidademarketing.com.br\\\/marketing\\\/wp-content\\\/uploads\\\/2022\\\/11\\\/JBL-NovosEmbaixadores-Foto-Caio-Duran-Coutinho-Macedo-2.jpg\",\"contentUrl\":\"https:\\\/\\\/www.cidademarketing.com.br\\\/marketing\\\/wp-content\\\/uploads\\\/2022\\\/11\\\/JBL-NovosEmbaixadores-Foto-Caio-Duran-Coutinho-Macedo-2.jpg\",\"width\":1920,\"height\":1278,\"caption\":\"Foto: Caio Duran Coutinho Macedo\"},{\"@type\":\"BreadcrumbList\",\"@id\":\"https:\\\/\\\/www.cidademarketing.com.br\\\/marketing\\\/2022\\\/11\\\/26\\\/com-foco-na-geracao-z-jbl-apresenta-novos-embaixadores-da-marca\\\/#breadcrumb\",\"itemListElement\":[{\"@type\":\"ListItem\",\"position\":1,\"name\":\"In\u00edcio\",\"item\":\"https:\\\/\\\/www.cidademarketing.com.br\\\/marketing\\\/\"},{\"@type\":\"ListItem\",\"position\":2,\"name\":\"Com foco na gera\u00e7\u00e3o Z, JBL apresenta novos embaixadores da marca\"}]},{\"@type\":\"WebSite\",\"@id\":\"https:\\\/\\\/www.cidademarketing.com.br\\\/marketing\\\/#website\",\"url\":\"https:\\\/\\\/www.cidademarketing.com.br\\\/marketing\\\/\",\"name\":\"CidadeMarketing\",\"description\":\"Somos um ve\u00edculo de comunica\u00e7\u00e3o de destaque no Brasil, reconhecido por conte\u00fados nos segmentos de marketing, empreendedorismo e inova\u00e7\u00e3o.\",\"publisher\":{\"@id\":\"https:\\\/\\\/www.cidademarketing.com.br\\\/marketing\\\/#organization\"},\"alternateName\":\"CidadeMarketing\",\"potentialAction\":[{\"@type\":\"SearchAction\",\"target\":{\"@type\":\"EntryPoint\",\"urlTemplate\":\"https:\\\/\\\/www.cidademarketing.com.br\\\/marketing\\\/?s={search_term_string}\"},\"query-input\":{\"@type\":\"PropertyValueSpecification\",\"valueRequired\":true,\"valueName\":\"search_term_string\"}}],\"inLanguage\":\"pt-BR\"},{\"@type\":\"Organization\",\"@id\":\"https:\\\/\\\/www.cidademarketing.com.br\\\/marketing\\\/#organization\",\"name\":\"CidadeMarketing\",\"alternateName\":\"CidadeMarketing\",\"url\":\"https:\\\/\\\/www.cidademarketing.com.br\\\/marketing\\\/\",\"logo\":{\"@type\":\"ImageObject\",\"inLanguage\":\"pt-BR\",\"@id\":\"https:\\\/\\\/www.cidademarketing.com.br\\\/marketing\\\/#\\\/schema\\\/logo\\\/image\\\/\",\"url\":\"https:\\\/\\\/www.cidademarketing.com.br\\\/marketing\\\/wp-content\\\/uploads\\\/2020\\\/01\\\/cidademarketing_marca_mobile.png\",\"contentUrl\":\"https:\\\/\\\/www.cidademarketing.com.br\\\/marketing\\\/wp-content\\\/uploads\\\/2020\\\/01\\\/cidademarketing_marca_mobile.png\",\"width\":230,\"height\":92,\"caption\":\"CidadeMarketing\"},\"image\":{\"@id\":\"https:\\\/\\\/www.cidademarketing.com.br\\\/marketing\\\/#\\\/schema\\\/logo\\\/image\\\/\"},\"sameAs\":[\"https:\\\/\\\/www.facebook.com\\\/portalcidademarketing\",\"https:\\\/\\\/x.com\\\/CidadeMarketing\",\"https:\\\/\\\/www.instagram.com\\\/cidademarketing\\\/\"]},{\"@type\":\"Person\",\"@id\":\"https:\\\/\\\/www.cidademarketing.com.br\\\/marketing\\\/#\\\/schema\\\/person\\\/02daff9f18bd9378c9e01eb6b2db155f\",\"name\":\"Thales Brand\u00e3o\",\"image\":{\"@type\":\"ImageObject\",\"inLanguage\":\"pt-BR\",\"@id\":\"https:\\\/\\\/secure.gravatar.com\\\/avatar\\\/7ca3206950207cc3cb48feec56a8a7898741ab725c368d99d5d7a5a50aab80c6?s=96&d=mm&r=g\",\"url\":\"https:\\\/\\\/secure.gravatar.com\\\/avatar\\\/7ca3206950207cc3cb48feec56a8a7898741ab725c368d99d5d7a5a50aab80c6?s=96&d=mm&r=g\",\"contentUrl\":\"https:\\\/\\\/secure.gravatar.com\\\/avatar\\\/7ca3206950207cc3cb48feec56a8a7898741ab725c368d99d5d7a5a50aab80c6?s=96&d=mm&r=g\",\"caption\":\"Thales Brand\u00e3o\"},\"description\":\"Editor Executivo do Portal CidadeMarketing.com.br &gt; Mestre em Comunica\u00e7\u00e3o e Sociedade pela Universidade Federal de Sergipe. Possui MBA Executivo em Administra\u00e7\u00e3o com \u00eanfase em Marketing pela Funda\u00e7\u00e3o Get\u00falio Vargas - Rio de Janeiro. Consultor, Palestrante e Pesquisador sobre Empreendedorismo, Marketing, Redes Sociais e Neg\u00f3cios Digitais. Professor, Palestrante TedxTalks e Campus Party. Twitter: @ThalesBrandao\",\"sameAs\":[\"http:\\\/\\\/www.mandacaru.com.br\",\"https:\\\/\\\/www.facebook.com\\\/thalesbrandao\",\"http:\\\/\\\/www.instagram.com.br\\\/thalesbrandaoferreira\",\"https:\\\/\\\/www.linkedin.com\\\/in\\\/thales-brand\u00e3o-3948609\\\/\",\"https:\\\/\\\/x.com\\\/http:\\\/\\\/www.twitter.com\\\/thalesbrandao\"],\"url\":\"https:\\\/\\\/www.cidademarketing.com.br\\\/marketing\\\/author\\\/thalesbrandao\\\/\"}]}<\/script>\n<!-- \/ Yoast SEO plugin. -->","yoast_head_json":{"title":"Com foco na gera\u00e7\u00e3o Z, JBL apresenta novos embaixadores da marca - CidadeMarketing","robots":{"index":"index","follow":"follow","max-snippet":"max-snippet:-1","max-image-preview":"max-image-preview:large","max-video-preview":"max-video-preview:-1"},"canonical":"https:\/\/www.cidademarketing.com.br\/marketing\/2022\/11\/26\/com-foco-na-geracao-z-jbl-apresenta-novos-embaixadores-da-marca\/","og_locale":"pt_BR","og_type":"article","og_title":"Com foco na gera\u00e7\u00e3o Z, JBL apresenta novos embaixadores da marca - CidadeMarketing","og_description":"A JBL, l\u00edder global do segmento de \u00e1udio, selecionou o novo time de embaixadores da marca no Brasil. O grupo &#8211; conectado com temas como arte, entretenimento, esporte e m\u00fasica \u2013 foi apresentado em evento exclusivo na quarta-feira (23), no Renaissance S\u00e3o Paulo. O time \u00e9 composto por: Ana Marcela Cunha, atleta, nadadora e campe\u00e3 [&hellip;]","og_url":"https:\/\/www.cidademarketing.com.br\/marketing\/2022\/11\/26\/com-foco-na-geracao-z-jbl-apresenta-novos-embaixadores-da-marca\/","og_site_name":"CidadeMarketing","article_publisher":"https:\/\/www.facebook.com\/portalcidademarketing","article_author":"https:\/\/www.facebook.com\/thalesbrandao","article_published_time":"2022-11-26T19:46:01+00:00","og_image":[{"width":1920,"height":1278,"url":"https:\/\/www.cidademarketing.com.br\/marketing\/wp-content\/uploads\/2022\/11\/JBL-NovosEmbaixadores-Foto-Caio-Duran-Coutinho-Macedo-2.jpg","type":"image\/jpeg"}],"author":"Thales Brand\u00e3o","twitter_card":"summary_large_image","twitter_creator":"@http:\/\/www.twitter.com\/thalesbrandao","twitter_site":"@CidadeMarketing","twitter_misc":{"Escrito por":"Thales Brand\u00e3o","Est. tempo de leitura":"3 minutos"},"schema":{"@context":"https:\/\/schema.org","@graph":[{"@type":"Article","@id":"https:\/\/www.cidademarketing.com.br\/marketing\/2022\/11\/26\/com-foco-na-geracao-z-jbl-apresenta-novos-embaixadores-da-marca\/#article","isPartOf":{"@id":"https:\/\/www.cidademarketing.com.br\/marketing\/2022\/11\/26\/com-foco-na-geracao-z-jbl-apresenta-novos-embaixadores-da-marca\/"},"author":{"name":"Thales Brand\u00e3o","@id":"https:\/\/www.cidademarketing.com.br\/marketing\/#\/schema\/person\/02daff9f18bd9378c9e01eb6b2db155f"},"headline":"Com foco na gera\u00e7\u00e3o Z, JBL apresenta novos embaixadores da marca","datePublished":"2022-11-26T19:46:01+00:00","mainEntityOfPage":{"@id":"https:\/\/www.cidademarketing.com.br\/marketing\/2022\/11\/26\/com-foco-na-geracao-z-jbl-apresenta-novos-embaixadores-da-marca\/"},"wordCount":670,"commentCount":0,"publisher":{"@id":"https:\/\/www.cidademarketing.com.br\/marketing\/#organization"},"image":{"@id":"https:\/\/www.cidademarketing.com.br\/marketing\/2022\/11\/26\/com-foco-na-geracao-z-jbl-apresenta-novos-embaixadores-da-marca\/#primaryimage"},"thumbnailUrl":"https:\/\/www.cidademarketing.com.br\/marketing\/wp-content\/uploads\/2022\/11\/JBL-NovosEmbaixadores-Foto-Caio-Duran-Coutinho-Macedo-2.jpg","keywords":["fotografia","influenciador digital","inova\u00e7\u00e3o","JBL","marketing","marketing digital","m\u00fasica","tecnologia"],"articleSection":["Not\u00edcias"],"inLanguage":"pt-BR","potentialAction":[{"@type":"CommentAction","name":"Comment","target":["https:\/\/www.cidademarketing.com.br\/marketing\/2022\/11\/26\/com-foco-na-geracao-z-jbl-apresenta-novos-embaixadores-da-marca\/#respond"]}]},{"@type":"WebPage","@id":"https:\/\/www.cidademarketing.com.br\/marketing\/2022\/11\/26\/com-foco-na-geracao-z-jbl-apresenta-novos-embaixadores-da-marca\/","url":"https:\/\/www.cidademarketing.com.br\/marketing\/2022\/11\/26\/com-foco-na-geracao-z-jbl-apresenta-novos-embaixadores-da-marca\/","name":"Com foco na gera\u00e7\u00e3o Z, JBL apresenta novos embaixadores da marca - CidadeMarketing","isPartOf":{"@id":"https:\/\/www.cidademarketing.com.br\/marketing\/#website"},"primaryImageOfPage":{"@id":"https:\/\/www.cidademarketing.com.br\/marketing\/2022\/11\/26\/com-foco-na-geracao-z-jbl-apresenta-novos-embaixadores-da-marca\/#primaryimage"},"image":{"@id":"https:\/\/www.cidademarketing.com.br\/marketing\/2022\/11\/26\/com-foco-na-geracao-z-jbl-apresenta-novos-embaixadores-da-marca\/#primaryimage"},"thumbnailUrl":"https:\/\/www.cidademarketing.com.br\/marketing\/wp-content\/uploads\/2022\/11\/JBL-NovosEmbaixadores-Foto-Caio-Duran-Coutinho-Macedo-2.jpg","datePublished":"2022-11-26T19:46:01+00:00","breadcrumb":{"@id":"https:\/\/www.cidademarketing.com.br\/marketing\/2022\/11\/26\/com-foco-na-geracao-z-jbl-apresenta-novos-embaixadores-da-marca\/#breadcrumb"},"inLanguage":"pt-BR","potentialAction":[{"@type":"ReadAction","target":["https:\/\/www.cidademarketing.com.br\/marketing\/2022\/11\/26\/com-foco-na-geracao-z-jbl-apresenta-novos-embaixadores-da-marca\/"]}]},{"@type":"ImageObject","inLanguage":"pt-BR","@id":"https:\/\/www.cidademarketing.com.br\/marketing\/2022\/11\/26\/com-foco-na-geracao-z-jbl-apresenta-novos-embaixadores-da-marca\/#primaryimage","url":"https:\/\/www.cidademarketing.com.br\/marketing\/wp-content\/uploads\/2022\/11\/JBL-NovosEmbaixadores-Foto-Caio-Duran-Coutinho-Macedo-2.jpg","contentUrl":"https:\/\/www.cidademarketing.com.br\/marketing\/wp-content\/uploads\/2022\/11\/JBL-NovosEmbaixadores-Foto-Caio-Duran-Coutinho-Macedo-2.jpg","width":1920,"height":1278,"caption":"Foto: Caio Duran Coutinho Macedo"},{"@type":"BreadcrumbList","@id":"https:\/\/www.cidademarketing.com.br\/marketing\/2022\/11\/26\/com-foco-na-geracao-z-jbl-apresenta-novos-embaixadores-da-marca\/#breadcrumb","itemListElement":[{"@type":"ListItem","position":1,"name":"In\u00edcio","item":"https:\/\/www.cidademarketing.com.br\/marketing\/"},{"@type":"ListItem","position":2,"name":"Com foco na gera\u00e7\u00e3o Z, JBL apresenta novos embaixadores da marca"}]},{"@type":"WebSite","@id":"https:\/\/www.cidademarketing.com.br\/marketing\/#website","url":"https:\/\/www.cidademarketing.com.br\/marketing\/","name":"CidadeMarketing","description":"Somos um ve\u00edculo de comunica\u00e7\u00e3o de destaque no Brasil, reconhecido por conte\u00fados nos segmentos de marketing, empreendedorismo e inova\u00e7\u00e3o.","publisher":{"@id":"https:\/\/www.cidademarketing.com.br\/marketing\/#organization"},"alternateName":"CidadeMarketing","potentialAction":[{"@type":"SearchAction","target":{"@type":"EntryPoint","urlTemplate":"https:\/\/www.cidademarketing.com.br\/marketing\/?s={search_term_string}"},"query-input":{"@type":"PropertyValueSpecification","valueRequired":true,"valueName":"search_term_string"}}],"inLanguage":"pt-BR"},{"@type":"Organization","@id":"https:\/\/www.cidademarketing.com.br\/marketing\/#organization","name":"CidadeMarketing","alternateName":"CidadeMarketing","url":"https:\/\/www.cidademarketing.com.br\/marketing\/","logo":{"@type":"ImageObject","inLanguage":"pt-BR","@id":"https:\/\/www.cidademarketing.com.br\/marketing\/#\/schema\/logo\/image\/","url":"https:\/\/www.cidademarketing.com.br\/marketing\/wp-content\/uploads\/2020\/01\/cidademarketing_marca_mobile.png","contentUrl":"https:\/\/www.cidademarketing.com.br\/marketing\/wp-content\/uploads\/2020\/01\/cidademarketing_marca_mobile.png","width":230,"height":92,"caption":"CidadeMarketing"},"image":{"@id":"https:\/\/www.cidademarketing.com.br\/marketing\/#\/schema\/logo\/image\/"},"sameAs":["https:\/\/www.facebook.com\/portalcidademarketing","https:\/\/x.com\/CidadeMarketing","https:\/\/www.instagram.com\/cidademarketing\/"]},{"@type":"Person","@id":"https:\/\/www.cidademarketing.com.br\/marketing\/#\/schema\/person\/02daff9f18bd9378c9e01eb6b2db155f","name":"Thales Brand\u00e3o","image":{"@type":"ImageObject","inLanguage":"pt-BR","@id":"https:\/\/secure.gravatar.com\/avatar\/7ca3206950207cc3cb48feec56a8a7898741ab725c368d99d5d7a5a50aab80c6?s=96&d=mm&r=g","url":"https:\/\/secure.gravatar.com\/avatar\/7ca3206950207cc3cb48feec56a8a7898741ab725c368d99d5d7a5a50aab80c6?s=96&d=mm&r=g","contentUrl":"https:\/\/secure.gravatar.com\/avatar\/7ca3206950207cc3cb48feec56a8a7898741ab725c368d99d5d7a5a50aab80c6?s=96&d=mm&r=g","caption":"Thales Brand\u00e3o"},"description":"Editor Executivo do Portal CidadeMarketing.com.br &gt; Mestre em Comunica\u00e7\u00e3o e Sociedade pela Universidade Federal de Sergipe. Possui MBA Executivo em Administra\u00e7\u00e3o com \u00eanfase em Marketing pela Funda\u00e7\u00e3o Get\u00falio Vargas - Rio de Janeiro. Consultor, Palestrante e Pesquisador sobre Empreendedorismo, Marketing, Redes Sociais e Neg\u00f3cios Digitais. Professor, Palestrante TedxTalks e Campus Party. Twitter: @ThalesBrandao","sameAs":["http:\/\/www.mandacaru.com.br","https:\/\/www.facebook.com\/thalesbrandao","http:\/\/www.instagram.com.br\/thalesbrandaoferreira","https:\/\/www.linkedin.com\/in\/thales-brand\u00e3o-3948609\/","https:\/\/x.com\/http:\/\/www.twitter.com\/thalesbrandao"],"url":"https:\/\/www.cidademarketing.com.br\/marketing\/author\/thalesbrandao\/"}]}},"amp_enabled":true,"_links":{"self":[{"href":"https:\/\/www.cidademarketing.com.br\/marketing\/wp-json\/wp\/v2\/posts\/40600","targetHints":{"allow":["GET"]}}],"collection":[{"href":"https:\/\/www.cidademarketing.com.br\/marketing\/wp-json\/wp\/v2\/posts"}],"about":[{"href":"https:\/\/www.cidademarketing.com.br\/marketing\/wp-json\/wp\/v2\/types\/post"}],"author":[{"embeddable":true,"href":"https:\/\/www.cidademarketing.com.br\/marketing\/wp-json\/wp\/v2\/users\/1"}],"replies":[{"embeddable":true,"href":"https:\/\/www.cidademarketing.com.br\/marketing\/wp-json\/wp\/v2\/comments?post=40600"}],"version-history":[{"count":1,"href":"https:\/\/www.cidademarketing.com.br\/marketing\/wp-json\/wp\/v2\/posts\/40600\/revisions"}],"predecessor-version":[{"id":40602,"href":"https:\/\/www.cidademarketing.com.br\/marketing\/wp-json\/wp\/v2\/posts\/40600\/revisions\/40602"}],"wp:featuredmedia":[{"embeddable":true,"href":"https:\/\/www.cidademarketing.com.br\/marketing\/wp-json\/wp\/v2\/media\/40601"}],"wp:attachment":[{"href":"https:\/\/www.cidademarketing.com.br\/marketing\/wp-json\/wp\/v2\/media?parent=40600"}],"wp:term":[{"taxonomy":"category","embeddable":true,"href":"https:\/\/www.cidademarketing.com.br\/marketing\/wp-json\/wp\/v2\/categories?post=40600"},{"taxonomy":"post_tag","embeddable":true,"href":"https:\/\/www.cidademarketing.com.br\/marketing\/wp-json\/wp\/v2\/tags?post=40600"}],"curies":[{"name":"wp","href":"https:\/\/api.w.org\/{rel}","templated":true}]}}