{"id":40565,"date":"2022-11-25T23:18:28","date_gmt":"2022-11-26T02:18:28","guid":{"rendered":"https:\/\/www.cidademarketing.com.br\/marketing\/?p=40565"},"modified":"2022-11-25T23:21:16","modified_gmt":"2022-11-26T02:21:16","slug":"metrorio-cria-planejamento-especial-para-a-27a-parada-do-orgulho-lgbti-rio-na-praia-de-copacabana-neste-domingo-27-11","status":"publish","type":"post","link":"https:\/\/www.cidademarketing.com.br\/marketing\/2022\/11\/25\/metrorio-cria-planejamento-especial-para-a-27a-parada-do-orgulho-lgbti-rio-na-praia-de-copacabana-neste-domingo-27-11\/","title":{"rendered":"Metr\u00f4Rio cria planejamento especial para a 27\u00aa Parada do Orgulho LGBTI+ Rio, na Praia de Copacabana, neste domingo (27\/11)"},"content":{"rendered":"<p>O Metr\u00f4Rio ter\u00e1 esquema especial de funcionamento, neste domingo (27\/11), quando acontece a 27\u00aa Parada do Orgulho LGBTI+ Rio, na Praia de Copacabana. A opera\u00e7\u00e3o metrovi\u00e1ria ser\u00e1 realizada das 7h \u00e0s 23h, como de praxe aos domingos, com transfer\u00eancia entre as linhas 1 e 2 na esta\u00e7\u00e3o Est\u00e1cio.<\/p>\n<p>Para quem vai ao evento em Copacabana, o Metr\u00f4Rio orienta que o desembarque na ida seja feito pela esta\u00e7\u00e3o Cantagalo\/Copacabana e o embarque no retorno do evento seja feito pela esta\u00e7\u00e3o Cardeal Arcoverde\/Copacabana. Haver\u00e1 refor\u00e7o do efetivo de seguran\u00e7a e de operadores nas duas esta\u00e7\u00f5es de Copacabana.<\/p>\n<p><iframe title=\"Spotify Embed: Podcast CidadeMarketing\" style=\"border-radius: 12px\" width=\"100%\" height=\"152\" frameborder=\"0\" allowfullscreen allow=\"autoplay; clipboard-write; encrypted-media; fullscreen; picture-in-picture\" loading=\"lazy\" src=\"https:\/\/open.spotify.com\/embed\/show\/4khMKzP3FgFRWVwb73xicc?si=252fe5bff2b34909&#038;utm_source=oembed\"><\/iframe><\/p>\n<p>Em Cantagalo\/Copacabana, o acesso A (Rua Miguel Lemos) funcionar\u00e1 normalmente para embarque e desembarque. J\u00e1 em Cardeal Arcoverde\/Copacabana, os usu\u00e1rios podem usar o acesso A (Pra\u00e7a Cardeal Arcoverde) para entrada e o acesso B (Rua Tonelero) para a sa\u00edda da esta\u00e7\u00e3o durante a opera\u00e7\u00e3o.<\/p>\n<p>No s\u00e1bado (26\/11), o metr\u00f4 funcionar\u00e1 das 5h \u00e0 meia-noite, como j\u00e1 acontece no hor\u00e1rio regular de fim de semana. A transfer\u00eancia entre as linhas 1 e 2 tamb\u00e9m ser\u00e1 na esta\u00e7\u00e3o Est\u00e1cio.<\/p>\n<p>J\u00e1 as linhas de \u00f4nibus do Metr\u00f4 na Superf\u00edcie (Antero de Quental \u2013 G\u00e1vea e Botafogo \u2013 G\u00e1vea) v\u00e3o operar das 5h \u00e0s 23h30 no s\u00e1bado (26\/11); e das 7h \u00e0s 22h30 no domingo (27\/11), com seu trajeto normal. O \u00faltimo embarque da linha Botafogo-G\u00e1vea ser\u00e1 realizado ap\u00f3s a chegada da \u00faltima composi\u00e7\u00e3o na esta\u00e7\u00e3o Botafogo.<\/p>\n<p>A concession\u00e1ria recomenda que os clientes comprem e recarreguem seus cart\u00f5es de passagem Giro, unit\u00e1rio do Metr\u00f4Rio ou o RioCard com anteced\u00eancia, priorizando tamb\u00e9m comprar a volta antecipada, facilitando a entrada no sistema. Os passageiros podem ainda inserir cr\u00e9ditos no Giro pelo site <a href=\"http:\/\/giro.metrorio.com.br\/\" target=\"_blank\" rel=\"noopener\">giro.metrorio.com.br\/<\/a> ou no aplicativo Giro Metr\u00f4Rio, al\u00e9m de usar o pagamento por aproxima\u00e7\u00e3o, presente nos cart\u00f5es de cr\u00e9dito e d\u00e9bito Visa e Mastercard ou dispositivos como celulares, rel\u00f3gios e pulseiras, com a tecnologia NFC.<\/p>\n<p>Os clientes tamb\u00e9m podem usar seus cart\u00f5es Visa e Elo em carteiras digitais como Apple Pay, Google Pay e Samsung Pay, al\u00e9m do Pic Pay, para pagamento da tarifa por aproxima\u00e7\u00e3o.<\/p>\n<p>SERVI\u00c7O<\/p>\n<p>Metr\u00f4 &#8211; Linhas 1, 2 e 4<br \/>\nS\u00e1bado (26\/11): das 5h \u00e0 meia-noite<br \/>\nDomingo (27\/11): das 7h \u00e0s 23h<\/p>\n<p>Transfer\u00eancia entre as linhas 1 e 2<br \/>\nS\u00e1bado (26\/11) e domingo (27\/11): na Esta\u00e7\u00e3o Est\u00e1cio<\/p>\n<p>Metr\u00f4 na Superf\u00edcie (MNS) &#8211; Antero de Quental\/G\u00e1vea e Botafogo\/G\u00e1vea<br \/>\nS\u00e1bado (26\/11): das 5h \u00e0s 23h30<br \/>\nDomingo (27\/11): das 7h \u00e0s 22h30<\/p>\n<p><iframe style=\"width: 100%; max-width: 660px; overflow: hidden; background: transparent;\" src=\"https:\/\/embed.podcasts.apple.com\/br\/podcast\/podcast-cidademarketing\/id1371923283\" height=\"450\" frameborder=\"0\" sandbox=\"allow-forms allow-popups allow-same-origin allow-scripts allow-storage-access-by-user-activation allow-top-navigation-by-user-activation\"><\/iframe><\/p>\n","protected":false},"excerpt":{"rendered":"<p>O Metr\u00f4Rio ter\u00e1 esquema especial de funcionamento, neste domingo (27\/11), quando acontece a 27\u00aa Parada do Orgulho LGBTI+ Rio, na Praia de Copacabana. A opera\u00e7\u00e3o metrovi\u00e1ria ser\u00e1 realizada das 7h \u00e0s 23h, como de praxe aos domingos, com transfer\u00eancia entre as linhas 1 e 2 na esta\u00e7\u00e3o Est\u00e1cio. Para quem vai ao evento em Copacabana, [&hellip;]<\/p>\n","protected":false},"author":1,"featured_media":40566,"comment_status":"open","ping_status":"open","sticky":false,"template":"","format":"standard","meta":{"tdm_status":"","tdm_grid_status":"","footnotes":""},"categories":[6],"tags":[1171,147,28,1795,569,199,752],"class_list":["post-40565","post","type-post","status-publish","format-standard","has-post-thumbnail","hentry","category-noticias","tag-atendimento","tag-brasil","tag-marketing","tag-metrorio","tag-rio","tag-rio-de-janeiro","tag-servico"],"yoast_head":"<!-- This site is optimized with the Yoast SEO plugin v27.5 - https:\/\/yoast.com\/product\/yoast-seo-wordpress\/ -->\n<title>Metr\u00f4Rio cria planejamento especial para a 27\u00aa Parada do Orgulho LGBTI+ Rio, na Praia de Copacabana, neste domingo (27\/11) - CidadeMarketing<\/title>\n<meta name=\"robots\" content=\"index, follow, max-snippet:-1, max-image-preview:large, max-video-preview:-1\" \/>\n<link rel=\"canonical\" href=\"https:\/\/www.cidademarketing.com.br\/marketing\/2022\/11\/25\/metrorio-cria-planejamento-especial-para-a-27a-parada-do-orgulho-lgbti-rio-na-praia-de-copacabana-neste-domingo-27-11\/\" \/>\n<meta property=\"og:locale\" content=\"pt_BR\" \/>\n<meta property=\"og:type\" content=\"article\" \/>\n<meta property=\"og:title\" content=\"Metr\u00f4Rio cria planejamento especial para a 27\u00aa Parada do Orgulho LGBTI+ Rio, na Praia de Copacabana, neste domingo (27\/11) - CidadeMarketing\" \/>\n<meta property=\"og:description\" content=\"O Metr\u00f4Rio ter\u00e1 esquema especial de funcionamento, neste domingo (27\/11), quando acontece a 27\u00aa Parada do Orgulho LGBTI+ Rio, na Praia de Copacabana. A opera\u00e7\u00e3o metrovi\u00e1ria ser\u00e1 realizada das 7h \u00e0s 23h, como de praxe aos domingos, com transfer\u00eancia entre as linhas 1 e 2 na esta\u00e7\u00e3o Est\u00e1cio. Para quem vai ao evento em Copacabana, [&hellip;]\" \/>\n<meta property=\"og:url\" content=\"https:\/\/www.cidademarketing.com.br\/marketing\/2022\/11\/25\/metrorio-cria-planejamento-especial-para-a-27a-parada-do-orgulho-lgbti-rio-na-praia-de-copacabana-neste-domingo-27-11\/\" \/>\n<meta property=\"og:site_name\" content=\"CidadeMarketing\" \/>\n<meta property=\"article:publisher\" content=\"https:\/\/www.facebook.com\/portalcidademarketing\" \/>\n<meta property=\"article:author\" content=\"https:\/\/www.facebook.com\/thalesbrandao\" \/>\n<meta property=\"article:published_time\" content=\"2022-11-26T02:18:28+00:00\" \/>\n<meta property=\"article:modified_time\" content=\"2022-11-26T02:21:16+00:00\" \/>\n<meta property=\"og:image\" content=\"https:\/\/www.cidademarketing.com.br\/marketing\/wp-content\/uploads\/2022\/11\/metrorio_paradagay-scaled.jpg\" \/>\n\t<meta property=\"og:image:width\" content=\"2560\" \/>\n\t<meta property=\"og:image:height\" content=\"1920\" \/>\n\t<meta property=\"og:image:type\" content=\"image\/jpeg\" \/>\n<meta name=\"author\" content=\"Thales Brand\u00e3o\" \/>\n<meta name=\"twitter:card\" content=\"summary_large_image\" \/>\n<meta name=\"twitter:creator\" content=\"@http:\/\/www.twitter.com\/thalesbrandao\" \/>\n<meta name=\"twitter:site\" content=\"@CidadeMarketing\" \/>\n<meta name=\"twitter:label1\" content=\"Escrito por\" \/>\n\t<meta name=\"twitter:data1\" content=\"Thales Brand\u00e3o\" \/>\n\t<meta name=\"twitter:label2\" content=\"Est. tempo de leitura\" \/>\n\t<meta name=\"twitter:data2\" content=\"2 minutos\" \/>\n<script type=\"application\/ld+json\" class=\"yoast-schema-graph\">{\"@context\":\"https:\\\/\\\/schema.org\",\"@graph\":[{\"@type\":\"Article\",\"@id\":\"https:\\\/\\\/www.cidademarketing.com.br\\\/marketing\\\/2022\\\/11\\\/25\\\/metrorio-cria-planejamento-especial-para-a-27a-parada-do-orgulho-lgbti-rio-na-praia-de-copacabana-neste-domingo-27-11\\\/#article\",\"isPartOf\":{\"@id\":\"https:\\\/\\\/www.cidademarketing.com.br\\\/marketing\\\/2022\\\/11\\\/25\\\/metrorio-cria-planejamento-especial-para-a-27a-parada-do-orgulho-lgbti-rio-na-praia-de-copacabana-neste-domingo-27-11\\\/\"},\"author\":{\"name\":\"Thales Brand\u00e3o\",\"@id\":\"https:\\\/\\\/www.cidademarketing.com.br\\\/marketing\\\/#\\\/schema\\\/person\\\/02daff9f18bd9378c9e01eb6b2db155f\"},\"headline\":\"Metr\u00f4Rio cria planejamento especial para a 27\u00aa Parada do Orgulho LGBTI+ Rio, na Praia de Copacabana, neste domingo (27\\\/11)\",\"datePublished\":\"2022-11-26T02:18:28+00:00\",\"dateModified\":\"2022-11-26T02:21:16+00:00\",\"mainEntityOfPage\":{\"@id\":\"https:\\\/\\\/www.cidademarketing.com.br\\\/marketing\\\/2022\\\/11\\\/25\\\/metrorio-cria-planejamento-especial-para-a-27a-parada-do-orgulho-lgbti-rio-na-praia-de-copacabana-neste-domingo-27-11\\\/\"},\"wordCount\":470,\"commentCount\":0,\"publisher\":{\"@id\":\"https:\\\/\\\/www.cidademarketing.com.br\\\/marketing\\\/#organization\"},\"image\":{\"@id\":\"https:\\\/\\\/www.cidademarketing.com.br\\\/marketing\\\/2022\\\/11\\\/25\\\/metrorio-cria-planejamento-especial-para-a-27a-parada-do-orgulho-lgbti-rio-na-praia-de-copacabana-neste-domingo-27-11\\\/#primaryimage\"},\"thumbnailUrl\":\"https:\\\/\\\/www.cidademarketing.com.br\\\/marketing\\\/wp-content\\\/uploads\\\/2022\\\/11\\\/metrorio_paradagay-scaled.jpg\",\"keywords\":[\"atendimento\",\"Brasil\",\"marketing\",\"Metr\u00f4Rio\",\"Rio\",\"Rio de Janeiro\",\"servi\u00e7o\"],\"articleSection\":[\"Not\u00edcias\"],\"inLanguage\":\"pt-BR\",\"potentialAction\":[{\"@type\":\"CommentAction\",\"name\":\"Comment\",\"target\":[\"https:\\\/\\\/www.cidademarketing.com.br\\\/marketing\\\/2022\\\/11\\\/25\\\/metrorio-cria-planejamento-especial-para-a-27a-parada-do-orgulho-lgbti-rio-na-praia-de-copacabana-neste-domingo-27-11\\\/#respond\"]}]},{\"@type\":\"WebPage\",\"@id\":\"https:\\\/\\\/www.cidademarketing.com.br\\\/marketing\\\/2022\\\/11\\\/25\\\/metrorio-cria-planejamento-especial-para-a-27a-parada-do-orgulho-lgbti-rio-na-praia-de-copacabana-neste-domingo-27-11\\\/\",\"url\":\"https:\\\/\\\/www.cidademarketing.com.br\\\/marketing\\\/2022\\\/11\\\/25\\\/metrorio-cria-planejamento-especial-para-a-27a-parada-do-orgulho-lgbti-rio-na-praia-de-copacabana-neste-domingo-27-11\\\/\",\"name\":\"Metr\u00f4Rio cria planejamento especial para a 27\u00aa Parada do Orgulho LGBTI+ Rio, na Praia de Copacabana, neste domingo (27\\\/11) - CidadeMarketing\",\"isPartOf\":{\"@id\":\"https:\\\/\\\/www.cidademarketing.com.br\\\/marketing\\\/#website\"},\"primaryImageOfPage\":{\"@id\":\"https:\\\/\\\/www.cidademarketing.com.br\\\/marketing\\\/2022\\\/11\\\/25\\\/metrorio-cria-planejamento-especial-para-a-27a-parada-do-orgulho-lgbti-rio-na-praia-de-copacabana-neste-domingo-27-11\\\/#primaryimage\"},\"image\":{\"@id\":\"https:\\\/\\\/www.cidademarketing.com.br\\\/marketing\\\/2022\\\/11\\\/25\\\/metrorio-cria-planejamento-especial-para-a-27a-parada-do-orgulho-lgbti-rio-na-praia-de-copacabana-neste-domingo-27-11\\\/#primaryimage\"},\"thumbnailUrl\":\"https:\\\/\\\/www.cidademarketing.com.br\\\/marketing\\\/wp-content\\\/uploads\\\/2022\\\/11\\\/metrorio_paradagay-scaled.jpg\",\"datePublished\":\"2022-11-26T02:18:28+00:00\",\"dateModified\":\"2022-11-26T02:21:16+00:00\",\"breadcrumb\":{\"@id\":\"https:\\\/\\\/www.cidademarketing.com.br\\\/marketing\\\/2022\\\/11\\\/25\\\/metrorio-cria-planejamento-especial-para-a-27a-parada-do-orgulho-lgbti-rio-na-praia-de-copacabana-neste-domingo-27-11\\\/#breadcrumb\"},\"inLanguage\":\"pt-BR\",\"potentialAction\":[{\"@type\":\"ReadAction\",\"target\":[\"https:\\\/\\\/www.cidademarketing.com.br\\\/marketing\\\/2022\\\/11\\\/25\\\/metrorio-cria-planejamento-especial-para-a-27a-parada-do-orgulho-lgbti-rio-na-praia-de-copacabana-neste-domingo-27-11\\\/\"]}]},{\"@type\":\"ImageObject\",\"inLanguage\":\"pt-BR\",\"@id\":\"https:\\\/\\\/www.cidademarketing.com.br\\\/marketing\\\/2022\\\/11\\\/25\\\/metrorio-cria-planejamento-especial-para-a-27a-parada-do-orgulho-lgbti-rio-na-praia-de-copacabana-neste-domingo-27-11\\\/#primaryimage\",\"url\":\"https:\\\/\\\/www.cidademarketing.com.br\\\/marketing\\\/wp-content\\\/uploads\\\/2022\\\/11\\\/metrorio_paradagay-scaled.jpg\",\"contentUrl\":\"https:\\\/\\\/www.cidademarketing.com.br\\\/marketing\\\/wp-content\\\/uploads\\\/2022\\\/11\\\/metrorio_paradagay-scaled.jpg\",\"width\":2560,\"height\":1920},{\"@type\":\"BreadcrumbList\",\"@id\":\"https:\\\/\\\/www.cidademarketing.com.br\\\/marketing\\\/2022\\\/11\\\/25\\\/metrorio-cria-planejamento-especial-para-a-27a-parada-do-orgulho-lgbti-rio-na-praia-de-copacabana-neste-domingo-27-11\\\/#breadcrumb\",\"itemListElement\":[{\"@type\":\"ListItem\",\"position\":1,\"name\":\"In\u00edcio\",\"item\":\"https:\\\/\\\/www.cidademarketing.com.br\\\/marketing\\\/\"},{\"@type\":\"ListItem\",\"position\":2,\"name\":\"Metr\u00f4Rio cria planejamento especial para a 27\u00aa Parada do Orgulho LGBTI+ Rio, na Praia de Copacabana, neste domingo (27\\\/11)\"}]},{\"@type\":\"WebSite\",\"@id\":\"https:\\\/\\\/www.cidademarketing.com.br\\\/marketing\\\/#website\",\"url\":\"https:\\\/\\\/www.cidademarketing.com.br\\\/marketing\\\/\",\"name\":\"CidadeMarketing\",\"description\":\"Somos um ve\u00edculo de comunica\u00e7\u00e3o de destaque no Brasil, reconhecido por conte\u00fados nos segmentos de marketing, empreendedorismo e inova\u00e7\u00e3o.\",\"publisher\":{\"@id\":\"https:\\\/\\\/www.cidademarketing.com.br\\\/marketing\\\/#organization\"},\"alternateName\":\"CidadeMarketing\",\"potentialAction\":[{\"@type\":\"SearchAction\",\"target\":{\"@type\":\"EntryPoint\",\"urlTemplate\":\"https:\\\/\\\/www.cidademarketing.com.br\\\/marketing\\\/?s={search_term_string}\"},\"query-input\":{\"@type\":\"PropertyValueSpecification\",\"valueRequired\":true,\"valueName\":\"search_term_string\"}}],\"inLanguage\":\"pt-BR\"},{\"@type\":\"Organization\",\"@id\":\"https:\\\/\\\/www.cidademarketing.com.br\\\/marketing\\\/#organization\",\"name\":\"CidadeMarketing\",\"alternateName\":\"CidadeMarketing\",\"url\":\"https:\\\/\\\/www.cidademarketing.com.br\\\/marketing\\\/\",\"logo\":{\"@type\":\"ImageObject\",\"inLanguage\":\"pt-BR\",\"@id\":\"https:\\\/\\\/www.cidademarketing.com.br\\\/marketing\\\/#\\\/schema\\\/logo\\\/image\\\/\",\"url\":\"https:\\\/\\\/www.cidademarketing.com.br\\\/marketing\\\/wp-content\\\/uploads\\\/2020\\\/01\\\/cidademarketing_marca_mobile.png\",\"contentUrl\":\"https:\\\/\\\/www.cidademarketing.com.br\\\/marketing\\\/wp-content\\\/uploads\\\/2020\\\/01\\\/cidademarketing_marca_mobile.png\",\"width\":230,\"height\":92,\"caption\":\"CidadeMarketing\"},\"image\":{\"@id\":\"https:\\\/\\\/www.cidademarketing.com.br\\\/marketing\\\/#\\\/schema\\\/logo\\\/image\\\/\"},\"sameAs\":[\"https:\\\/\\\/www.facebook.com\\\/portalcidademarketing\",\"https:\\\/\\\/x.com\\\/CidadeMarketing\",\"https:\\\/\\\/www.instagram.com\\\/cidademarketing\\\/\"]},{\"@type\":\"Person\",\"@id\":\"https:\\\/\\\/www.cidademarketing.com.br\\\/marketing\\\/#\\\/schema\\\/person\\\/02daff9f18bd9378c9e01eb6b2db155f\",\"name\":\"Thales Brand\u00e3o\",\"image\":{\"@type\":\"ImageObject\",\"inLanguage\":\"pt-BR\",\"@id\":\"https:\\\/\\\/secure.gravatar.com\\\/avatar\\\/7ca3206950207cc3cb48feec56a8a7898741ab725c368d99d5d7a5a50aab80c6?s=96&d=mm&r=g\",\"url\":\"https:\\\/\\\/secure.gravatar.com\\\/avatar\\\/7ca3206950207cc3cb48feec56a8a7898741ab725c368d99d5d7a5a50aab80c6?s=96&d=mm&r=g\",\"contentUrl\":\"https:\\\/\\\/secure.gravatar.com\\\/avatar\\\/7ca3206950207cc3cb48feec56a8a7898741ab725c368d99d5d7a5a50aab80c6?s=96&d=mm&r=g\",\"caption\":\"Thales Brand\u00e3o\"},\"description\":\"Editor Executivo do Portal CidadeMarketing.com.br &gt; Mestre em Comunica\u00e7\u00e3o e Sociedade pela Universidade Federal de Sergipe. Possui MBA Executivo em Administra\u00e7\u00e3o com \u00eanfase em Marketing pela Funda\u00e7\u00e3o Get\u00falio Vargas - Rio de Janeiro. Consultor, Palestrante e Pesquisador sobre Empreendedorismo, Marketing, Redes Sociais e Neg\u00f3cios Digitais. Professor, Palestrante TedxTalks e Campus Party. Twitter: @ThalesBrandao\",\"sameAs\":[\"http:\\\/\\\/www.mandacaru.com.br\",\"https:\\\/\\\/www.facebook.com\\\/thalesbrandao\",\"http:\\\/\\\/www.instagram.com.br\\\/thalesbrandaoferreira\",\"https:\\\/\\\/www.linkedin.com\\\/in\\\/thales-brand\u00e3o-3948609\\\/\",\"https:\\\/\\\/x.com\\\/http:\\\/\\\/www.twitter.com\\\/thalesbrandao\"],\"url\":\"https:\\\/\\\/www.cidademarketing.com.br\\\/marketing\\\/author\\\/thalesbrandao\\\/\"}]}<\/script>\n<!-- \/ Yoast SEO plugin. -->","yoast_head_json":{"title":"Metr\u00f4Rio cria planejamento especial para a 27\u00aa Parada do Orgulho LGBTI+ Rio, na Praia de Copacabana, neste domingo (27\/11) - CidadeMarketing","robots":{"index":"index","follow":"follow","max-snippet":"max-snippet:-1","max-image-preview":"max-image-preview:large","max-video-preview":"max-video-preview:-1"},"canonical":"https:\/\/www.cidademarketing.com.br\/marketing\/2022\/11\/25\/metrorio-cria-planejamento-especial-para-a-27a-parada-do-orgulho-lgbti-rio-na-praia-de-copacabana-neste-domingo-27-11\/","og_locale":"pt_BR","og_type":"article","og_title":"Metr\u00f4Rio cria planejamento especial para a 27\u00aa Parada do Orgulho LGBTI+ Rio, na Praia de Copacabana, neste domingo (27\/11) - CidadeMarketing","og_description":"O Metr\u00f4Rio ter\u00e1 esquema especial de funcionamento, neste domingo (27\/11), quando acontece a 27\u00aa Parada do Orgulho LGBTI+ Rio, na Praia de Copacabana. A opera\u00e7\u00e3o metrovi\u00e1ria ser\u00e1 realizada das 7h \u00e0s 23h, como de praxe aos domingos, com transfer\u00eancia entre as linhas 1 e 2 na esta\u00e7\u00e3o Est\u00e1cio. Para quem vai ao evento em Copacabana, [&hellip;]","og_url":"https:\/\/www.cidademarketing.com.br\/marketing\/2022\/11\/25\/metrorio-cria-planejamento-especial-para-a-27a-parada-do-orgulho-lgbti-rio-na-praia-de-copacabana-neste-domingo-27-11\/","og_site_name":"CidadeMarketing","article_publisher":"https:\/\/www.facebook.com\/portalcidademarketing","article_author":"https:\/\/www.facebook.com\/thalesbrandao","article_published_time":"2022-11-26T02:18:28+00:00","article_modified_time":"2022-11-26T02:21:16+00:00","og_image":[{"width":2560,"height":1920,"url":"https:\/\/www.cidademarketing.com.br\/marketing\/wp-content\/uploads\/2022\/11\/metrorio_paradagay-scaled.jpg","type":"image\/jpeg"}],"author":"Thales Brand\u00e3o","twitter_card":"summary_large_image","twitter_creator":"@http:\/\/www.twitter.com\/thalesbrandao","twitter_site":"@CidadeMarketing","twitter_misc":{"Escrito por":"Thales Brand\u00e3o","Est. tempo de leitura":"2 minutos"},"schema":{"@context":"https:\/\/schema.org","@graph":[{"@type":"Article","@id":"https:\/\/www.cidademarketing.com.br\/marketing\/2022\/11\/25\/metrorio-cria-planejamento-especial-para-a-27a-parada-do-orgulho-lgbti-rio-na-praia-de-copacabana-neste-domingo-27-11\/#article","isPartOf":{"@id":"https:\/\/www.cidademarketing.com.br\/marketing\/2022\/11\/25\/metrorio-cria-planejamento-especial-para-a-27a-parada-do-orgulho-lgbti-rio-na-praia-de-copacabana-neste-domingo-27-11\/"},"author":{"name":"Thales Brand\u00e3o","@id":"https:\/\/www.cidademarketing.com.br\/marketing\/#\/schema\/person\/02daff9f18bd9378c9e01eb6b2db155f"},"headline":"Metr\u00f4Rio cria planejamento especial para a 27\u00aa Parada do Orgulho LGBTI+ Rio, na Praia de Copacabana, neste domingo (27\/11)","datePublished":"2022-11-26T02:18:28+00:00","dateModified":"2022-11-26T02:21:16+00:00","mainEntityOfPage":{"@id":"https:\/\/www.cidademarketing.com.br\/marketing\/2022\/11\/25\/metrorio-cria-planejamento-especial-para-a-27a-parada-do-orgulho-lgbti-rio-na-praia-de-copacabana-neste-domingo-27-11\/"},"wordCount":470,"commentCount":0,"publisher":{"@id":"https:\/\/www.cidademarketing.com.br\/marketing\/#organization"},"image":{"@id":"https:\/\/www.cidademarketing.com.br\/marketing\/2022\/11\/25\/metrorio-cria-planejamento-especial-para-a-27a-parada-do-orgulho-lgbti-rio-na-praia-de-copacabana-neste-domingo-27-11\/#primaryimage"},"thumbnailUrl":"https:\/\/www.cidademarketing.com.br\/marketing\/wp-content\/uploads\/2022\/11\/metrorio_paradagay-scaled.jpg","keywords":["atendimento","Brasil","marketing","Metr\u00f4Rio","Rio","Rio de Janeiro","servi\u00e7o"],"articleSection":["Not\u00edcias"],"inLanguage":"pt-BR","potentialAction":[{"@type":"CommentAction","name":"Comment","target":["https:\/\/www.cidademarketing.com.br\/marketing\/2022\/11\/25\/metrorio-cria-planejamento-especial-para-a-27a-parada-do-orgulho-lgbti-rio-na-praia-de-copacabana-neste-domingo-27-11\/#respond"]}]},{"@type":"WebPage","@id":"https:\/\/www.cidademarketing.com.br\/marketing\/2022\/11\/25\/metrorio-cria-planejamento-especial-para-a-27a-parada-do-orgulho-lgbti-rio-na-praia-de-copacabana-neste-domingo-27-11\/","url":"https:\/\/www.cidademarketing.com.br\/marketing\/2022\/11\/25\/metrorio-cria-planejamento-especial-para-a-27a-parada-do-orgulho-lgbti-rio-na-praia-de-copacabana-neste-domingo-27-11\/","name":"Metr\u00f4Rio cria planejamento especial para a 27\u00aa Parada do Orgulho LGBTI+ Rio, na Praia de Copacabana, neste domingo (27\/11) - CidadeMarketing","isPartOf":{"@id":"https:\/\/www.cidademarketing.com.br\/marketing\/#website"},"primaryImageOfPage":{"@id":"https:\/\/www.cidademarketing.com.br\/marketing\/2022\/11\/25\/metrorio-cria-planejamento-especial-para-a-27a-parada-do-orgulho-lgbti-rio-na-praia-de-copacabana-neste-domingo-27-11\/#primaryimage"},"image":{"@id":"https:\/\/www.cidademarketing.com.br\/marketing\/2022\/11\/25\/metrorio-cria-planejamento-especial-para-a-27a-parada-do-orgulho-lgbti-rio-na-praia-de-copacabana-neste-domingo-27-11\/#primaryimage"},"thumbnailUrl":"https:\/\/www.cidademarketing.com.br\/marketing\/wp-content\/uploads\/2022\/11\/metrorio_paradagay-scaled.jpg","datePublished":"2022-11-26T02:18:28+00:00","dateModified":"2022-11-26T02:21:16+00:00","breadcrumb":{"@id":"https:\/\/www.cidademarketing.com.br\/marketing\/2022\/11\/25\/metrorio-cria-planejamento-especial-para-a-27a-parada-do-orgulho-lgbti-rio-na-praia-de-copacabana-neste-domingo-27-11\/#breadcrumb"},"inLanguage":"pt-BR","potentialAction":[{"@type":"ReadAction","target":["https:\/\/www.cidademarketing.com.br\/marketing\/2022\/11\/25\/metrorio-cria-planejamento-especial-para-a-27a-parada-do-orgulho-lgbti-rio-na-praia-de-copacabana-neste-domingo-27-11\/"]}]},{"@type":"ImageObject","inLanguage":"pt-BR","@id":"https:\/\/www.cidademarketing.com.br\/marketing\/2022\/11\/25\/metrorio-cria-planejamento-especial-para-a-27a-parada-do-orgulho-lgbti-rio-na-praia-de-copacabana-neste-domingo-27-11\/#primaryimage","url":"https:\/\/www.cidademarketing.com.br\/marketing\/wp-content\/uploads\/2022\/11\/metrorio_paradagay-scaled.jpg","contentUrl":"https:\/\/www.cidademarketing.com.br\/marketing\/wp-content\/uploads\/2022\/11\/metrorio_paradagay-scaled.jpg","width":2560,"height":1920},{"@type":"BreadcrumbList","@id":"https:\/\/www.cidademarketing.com.br\/marketing\/2022\/11\/25\/metrorio-cria-planejamento-especial-para-a-27a-parada-do-orgulho-lgbti-rio-na-praia-de-copacabana-neste-domingo-27-11\/#breadcrumb","itemListElement":[{"@type":"ListItem","position":1,"name":"In\u00edcio","item":"https:\/\/www.cidademarketing.com.br\/marketing\/"},{"@type":"ListItem","position":2,"name":"Metr\u00f4Rio cria planejamento especial para a 27\u00aa Parada do Orgulho LGBTI+ Rio, na Praia de Copacabana, neste domingo (27\/11)"}]},{"@type":"WebSite","@id":"https:\/\/www.cidademarketing.com.br\/marketing\/#website","url":"https:\/\/www.cidademarketing.com.br\/marketing\/","name":"CidadeMarketing","description":"Somos um ve\u00edculo de comunica\u00e7\u00e3o de destaque no Brasil, reconhecido por conte\u00fados nos segmentos de marketing, empreendedorismo e inova\u00e7\u00e3o.","publisher":{"@id":"https:\/\/www.cidademarketing.com.br\/marketing\/#organization"},"alternateName":"CidadeMarketing","potentialAction":[{"@type":"SearchAction","target":{"@type":"EntryPoint","urlTemplate":"https:\/\/www.cidademarketing.com.br\/marketing\/?s={search_term_string}"},"query-input":{"@type":"PropertyValueSpecification","valueRequired":true,"valueName":"search_term_string"}}],"inLanguage":"pt-BR"},{"@type":"Organization","@id":"https:\/\/www.cidademarketing.com.br\/marketing\/#organization","name":"CidadeMarketing","alternateName":"CidadeMarketing","url":"https:\/\/www.cidademarketing.com.br\/marketing\/","logo":{"@type":"ImageObject","inLanguage":"pt-BR","@id":"https:\/\/www.cidademarketing.com.br\/marketing\/#\/schema\/logo\/image\/","url":"https:\/\/www.cidademarketing.com.br\/marketing\/wp-content\/uploads\/2020\/01\/cidademarketing_marca_mobile.png","contentUrl":"https:\/\/www.cidademarketing.com.br\/marketing\/wp-content\/uploads\/2020\/01\/cidademarketing_marca_mobile.png","width":230,"height":92,"caption":"CidadeMarketing"},"image":{"@id":"https:\/\/www.cidademarketing.com.br\/marketing\/#\/schema\/logo\/image\/"},"sameAs":["https:\/\/www.facebook.com\/portalcidademarketing","https:\/\/x.com\/CidadeMarketing","https:\/\/www.instagram.com\/cidademarketing\/"]},{"@type":"Person","@id":"https:\/\/www.cidademarketing.com.br\/marketing\/#\/schema\/person\/02daff9f18bd9378c9e01eb6b2db155f","name":"Thales Brand\u00e3o","image":{"@type":"ImageObject","inLanguage":"pt-BR","@id":"https:\/\/secure.gravatar.com\/avatar\/7ca3206950207cc3cb48feec56a8a7898741ab725c368d99d5d7a5a50aab80c6?s=96&d=mm&r=g","url":"https:\/\/secure.gravatar.com\/avatar\/7ca3206950207cc3cb48feec56a8a7898741ab725c368d99d5d7a5a50aab80c6?s=96&d=mm&r=g","contentUrl":"https:\/\/secure.gravatar.com\/avatar\/7ca3206950207cc3cb48feec56a8a7898741ab725c368d99d5d7a5a50aab80c6?s=96&d=mm&r=g","caption":"Thales Brand\u00e3o"},"description":"Editor Executivo do Portal CidadeMarketing.com.br &gt; Mestre em Comunica\u00e7\u00e3o e Sociedade pela Universidade Federal de Sergipe. Possui MBA Executivo em Administra\u00e7\u00e3o com \u00eanfase em Marketing pela Funda\u00e7\u00e3o Get\u00falio Vargas - Rio de Janeiro. Consultor, Palestrante e Pesquisador sobre Empreendedorismo, Marketing, Redes Sociais e Neg\u00f3cios Digitais. Professor, Palestrante TedxTalks e Campus Party. Twitter: @ThalesBrandao","sameAs":["http:\/\/www.mandacaru.com.br","https:\/\/www.facebook.com\/thalesbrandao","http:\/\/www.instagram.com.br\/thalesbrandaoferreira","https:\/\/www.linkedin.com\/in\/thales-brand\u00e3o-3948609\/","https:\/\/x.com\/http:\/\/www.twitter.com\/thalesbrandao"],"url":"https:\/\/www.cidademarketing.com.br\/marketing\/author\/thalesbrandao\/"}]}},"amp_enabled":true,"_links":{"self":[{"href":"https:\/\/www.cidademarketing.com.br\/marketing\/wp-json\/wp\/v2\/posts\/40565","targetHints":{"allow":["GET"]}}],"collection":[{"href":"https:\/\/www.cidademarketing.com.br\/marketing\/wp-json\/wp\/v2\/posts"}],"about":[{"href":"https:\/\/www.cidademarketing.com.br\/marketing\/wp-json\/wp\/v2\/types\/post"}],"author":[{"embeddable":true,"href":"https:\/\/www.cidademarketing.com.br\/marketing\/wp-json\/wp\/v2\/users\/1"}],"replies":[{"embeddable":true,"href":"https:\/\/www.cidademarketing.com.br\/marketing\/wp-json\/wp\/v2\/comments?post=40565"}],"version-history":[{"count":2,"href":"https:\/\/www.cidademarketing.com.br\/marketing\/wp-json\/wp\/v2\/posts\/40565\/revisions"}],"predecessor-version":[{"id":40568,"href":"https:\/\/www.cidademarketing.com.br\/marketing\/wp-json\/wp\/v2\/posts\/40565\/revisions\/40568"}],"wp:featuredmedia":[{"embeddable":true,"href":"https:\/\/www.cidademarketing.com.br\/marketing\/wp-json\/wp\/v2\/media\/40566"}],"wp:attachment":[{"href":"https:\/\/www.cidademarketing.com.br\/marketing\/wp-json\/wp\/v2\/media?parent=40565"}],"wp:term":[{"taxonomy":"category","embeddable":true,"href":"https:\/\/www.cidademarketing.com.br\/marketing\/wp-json\/wp\/v2\/categories?post=40565"},{"taxonomy":"post_tag","embeddable":true,"href":"https:\/\/www.cidademarketing.com.br\/marketing\/wp-json\/wp\/v2\/tags?post=40565"}],"curies":[{"name":"wp","href":"https:\/\/api.w.org\/{rel}","templated":true}]}}