{"id":40483,"date":"2022-11-25T08:55:12","date_gmt":"2022-11-25T11:55:12","guid":{"rendered":"https:\/\/www.cidademarketing.com.br\/marketing\/?p=40483"},"modified":"2022-11-25T08:55:12","modified_gmt":"2022-11-25T11:55:12","slug":"ambev-da-visibilidade-a-empreendedores-pretos-e-cede-espaco-de-seus-comerciais-para-profissionais-parceiros","status":"publish","type":"post","link":"https:\/\/www.cidademarketing.com.br\/marketing\/2022\/11\/25\/ambev-da-visibilidade-a-empreendedores-pretos-e-cede-espaco-de-seus-comerciais-para-profissionais-parceiros\/","title":{"rendered":"Ambev d\u00e1 visibilidade a empreendedores pretos e cede espa\u00e7o de seus comerciais para profissionais parceiros"},"content":{"rendered":"<p>A Ambev vai destinar parte dos seus espa\u00e7os de m\u00eddia na TV Globo e em outros meios para a valoriza\u00e7\u00e3o de empreendedores pretos. A campanha \u201cNovembro Preto\u201d \u00e9 uma a\u00e7\u00e3o da companhia para refor\u00e7ar o seu compromisso pela equidade racial e promover a inclus\u00e3o produtiva.<\/p>\n<p>O ecossistema da Ambev \u00e9 diverso e, entre parceiros e fornecedores, conta com uma base composta por mais de 800 profissionais autodeclarados pretos ou pardos. Somente durante este ano, foram movimentados mais de R$106 milh\u00f5es em neg\u00f3cios gerados com empreendedores pretos. Recentemente a companhia lan\u00e7ou o Bora, programa com o qual pretende impactar 5 milh\u00f5es de pessoas, gerando oportunidades de capacita\u00e7\u00e3o, emprego e renda.<\/p>\n<p><iframe title=\"Spotify Embed: Podcast CidadeMarketing\" style=\"border-radius: 12px\" width=\"100%\" height=\"152\" frameborder=\"0\" allowfullscreen allow=\"autoplay; clipboard-write; encrypted-media; fullscreen; picture-in-picture\" loading=\"lazy\" src=\"https:\/\/open.spotify.com\/embed\/show\/4khMKzP3FgFRWVwb73xicc?si=252fe5bff2b34909&#038;utm_source=oembed\"><\/iframe><\/p>\n<p>\u201cA a\u00e7\u00e3o Novembro Preto \u00e9 uma forma de valorizar nossos parceiros, falar de Consci\u00eancia Negra, ainda mais neste momento de grande audi\u00eancia, com a grade tomada por Copa do Mundo e Black Friday. O nosso objetivo \u00e9 gerar oportunidades, por meio da inclus\u00e3o do nosso ecossistema, influenciando positivamente clientes, fornecedores, consumidores e inspirar a sociedade\u201d, afirma Caio Augusto Miranda Ramos, Diretor de Sustentabilidade da Ambev, executivo respons\u00e1vel pela a\u00e7\u00e3o com fornecedores pretos a partir da Aceleradora 100+.<\/p>\n<p>O movimento come\u00e7ou com uma pauta editorial no programa Encontro, oportunidade em que tr\u00eas fornecedores negros da Ambev estiveram presentes para falar sobre a causa e seus neg\u00f3cios junto com os apresentadores Manoel Soares e Patr\u00edcia Poeta. Continuando a aprofundar o assunto, um programete exclusivo ir\u00e1 ao ar no dia 25 de novembro, no intervalo do Jornal Nacional. A pauta tamb\u00e9m estar\u00e1 presente em mais dois editoriais, no \u00c9 de Casa do dia 26 e no Doming\u00e3o com Huck, do dia 27, o qual tamb\u00e9m contar\u00e1 com a presen\u00e7a de um parceiro da Ambev. E para sustentar esta hist\u00f3ria, mais quatro filmes ir\u00e3o contar com a presen\u00e7a de quatro empreendedores e ser\u00e3o veiculados na grade comercial da Globo.<\/p>\n<p>As ativa\u00e7\u00f5es, contam com a presen\u00e7a de parceiros reais, integrantes da base de parceiros da Ambev. Inicialmente, a campanha ter\u00e1 a participa\u00e7\u00e3o de dois bares e cinco fornecedores parceiros de S\u00e3o Paulo, Salvador e Rio de Janeiro \u2013 Zanzi Bar (BA), Boteco da Dona Tati (SP), Barkus Educacional (RJ), Ag\u00eancia Boutique.08 (SP), FR Brindes (SP) e Diversidade.io (SP) e Da Minha Cor (SP)<\/p>\n<p>A campanha \u201cNovembro Preto\u201d foi criada pela Ag\u00eancia Africa e ter\u00e1 filmes e ativa\u00e7\u00f5es nos programas Encontro com Patr\u00edcia Poeta, \u00c9 de Casa e Doming\u00e3o com Huck, com inser\u00e7\u00f5es a partir desta segunda (21) at\u00e9 o pr\u00f3ximo domingo.<\/p>\n<p>Ficha T\u00e9cnica<\/p>\n<p>T\u00edtulo: Novembro Preto<br \/>\nAg\u00eancia: Africa<br \/>\nAnunciante: Ambev<br \/>\nProduto: Ambev<\/p>\n<p>CCO: Sergio Gordilho<br \/>\nDire\u00e7\u00e3o Executiva de Cria\u00e7\u00e3o: Rodrigo Marangoni<br \/>\nDire\u00e7\u00e3o de Cria\u00e7\u00e3o: Carol Patrocinio<br \/>\nCria\u00e7\u00e3o: Bruno Cavalcante, Murilo Israel, Thomaz Marsiglia e Lorran Schoechet<br \/>\nConte\u00fado: Andr\u00e9 Moraes<br \/>\nAtendimento: Heloisa Pupim, Cindy Fujii<br \/>\nPlanejamento: Aldo Pini, Carla Purcino, Mariana Crepaldi<br \/>\nM\u00eddia: Aga Porada, Thiago Martinez, Victor Berto, Carolina Richa, Danilo Santos<br \/>\nProdutora respons\u00e1vel: Sicarios<br \/>\nProdutor ag\u00eancia: Rodrigo Ferrari, Tais Olhiara<br \/>\nDiretor: Nixon Freire<br \/>\nProdutor Executivo: Jo\u00e3o Luz e Patrick Petry<br \/>\nLine Producer: Rafa Pinto<br \/>\nDire\u00e7\u00e3o De Fotografia: Nixon<br \/>\nAtendimento: Babi Kosloff, Ju Bahia, Yuri Fuly<br \/>\nP\u00f3s-Produ\u00e7\u00e3o: Guava Post<br \/>\nMontador: Matheus Tibira e Renan Chagas<br \/>\nCasting: Bruna Palma e Leyla Bethlehem<br \/>\nProd de Loca\u00e7\u00e3o: Felipe S\u00e1<br \/>\nProdutora\/som: Antfood<br \/>\nProdu\u00e7\u00e3o Ambev: DraftLine Integrada<br \/>\nHead Produ\u00e7\u00e3o Audiovisual: Julia Kannebley<br \/>\nProdu\u00e7\u00e3o Executiva: Caio Baldini<br \/>\nProdutores: Gabi Froemming, Vinicius Rochlin, Anna Say\u00e3o<\/p>\n<p><iframe style=\"width: 100%; max-width: 660px; overflow: hidden; background: transparent;\" src=\"https:\/\/embed.podcasts.apple.com\/br\/podcast\/podcast-cidademarketing\/id1371923283\" height=\"450\" frameborder=\"0\" sandbox=\"allow-forms allow-popups allow-same-origin allow-scripts allow-storage-access-by-user-activation allow-top-navigation-by-user-activation\"><\/iframe><\/p>\n","protected":false},"excerpt":{"rendered":"<p>A Ambev vai destinar parte dos seus espa\u00e7os de m\u00eddia na TV Globo e em outros meios para a valoriza\u00e7\u00e3o de empreendedores pretos. A campanha \u201cNovembro Preto\u201d \u00e9 uma a\u00e7\u00e3o da companhia para refor\u00e7ar o seu compromisso pela equidade racial e promover a inclus\u00e3o produtiva. O ecossistema da Ambev \u00e9 diverso e, entre parceiros e [&hellip;]<\/p>\n","protected":false},"author":1,"featured_media":40484,"comment_status":"open","ping_status":"open","sticky":false,"template":"","format":"standard","meta":{"tdm_status":"","tdm_grid_status":"","footnotes":""},"categories":[6],"tags":[34,65,27,33,28],"class_list":["post-40483","post","type-post","status-publish","format-standard","has-post-thumbnail","hentry","category-noticias","tag-ambev","tag-campanha","tag-empreendedorismo","tag-estrategia","tag-marketing"],"yoast_head":"<!-- This site is optimized with the Yoast SEO plugin v27.5 - https:\/\/yoast.com\/product\/yoast-seo-wordpress\/ -->\n<title>Ambev d\u00e1 visibilidade a empreendedores pretos e cede espa\u00e7o de seus comerciais para profissionais parceiros - CidadeMarketing<\/title>\n<meta name=\"robots\" content=\"index, follow, max-snippet:-1, max-image-preview:large, max-video-preview:-1\" \/>\n<link rel=\"canonical\" href=\"https:\/\/www.cidademarketing.com.br\/marketing\/2022\/11\/25\/ambev-da-visibilidade-a-empreendedores-pretos-e-cede-espaco-de-seus-comerciais-para-profissionais-parceiros\/\" \/>\n<meta property=\"og:locale\" content=\"pt_BR\" \/>\n<meta property=\"og:type\" content=\"article\" \/>\n<meta property=\"og:title\" content=\"Ambev d\u00e1 visibilidade a empreendedores pretos e cede espa\u00e7o de seus comerciais para profissionais parceiros - CidadeMarketing\" \/>\n<meta property=\"og:description\" content=\"A Ambev vai destinar parte dos seus espa\u00e7os de m\u00eddia na TV Globo e em outros meios para a valoriza\u00e7\u00e3o de empreendedores pretos. A campanha \u201cNovembro Preto\u201d \u00e9 uma a\u00e7\u00e3o da companhia para refor\u00e7ar o seu compromisso pela equidade racial e promover a inclus\u00e3o produtiva. O ecossistema da Ambev \u00e9 diverso e, entre parceiros e [&hellip;]\" \/>\n<meta property=\"og:url\" content=\"https:\/\/www.cidademarketing.com.br\/marketing\/2022\/11\/25\/ambev-da-visibilidade-a-empreendedores-pretos-e-cede-espaco-de-seus-comerciais-para-profissionais-parceiros\/\" \/>\n<meta property=\"og:site_name\" content=\"CidadeMarketing\" \/>\n<meta property=\"article:publisher\" content=\"https:\/\/www.facebook.com\/portalcidademarketing\" \/>\n<meta property=\"article:author\" content=\"https:\/\/www.facebook.com\/thalesbrandao\" \/>\n<meta property=\"article:published_time\" content=\"2022-11-25T11:55:12+00:00\" \/>\n<meta property=\"og:image\" content=\"https:\/\/www.cidademarketing.com.br\/marketing\/wp-content\/uploads\/2022\/11\/ambev_empreendedores_negro_empreendedorismo.jpg\" \/>\n\t<meta property=\"og:image:width\" content=\"1920\" \/>\n\t<meta property=\"og:image:height\" content=\"1279\" \/>\n\t<meta property=\"og:image:type\" content=\"image\/jpeg\" \/>\n<meta name=\"author\" content=\"Thales Brand\u00e3o\" \/>\n<meta name=\"twitter:card\" content=\"summary_large_image\" \/>\n<meta name=\"twitter:creator\" content=\"@http:\/\/www.twitter.com\/thalesbrandao\" \/>\n<meta name=\"twitter:site\" content=\"@CidadeMarketing\" \/>\n<meta name=\"twitter:label1\" content=\"Escrito por\" \/>\n\t<meta name=\"twitter:data1\" content=\"Thales Brand\u00e3o\" \/>\n\t<meta name=\"twitter:label2\" content=\"Est. tempo de leitura\" \/>\n\t<meta name=\"twitter:data2\" content=\"3 minutos\" \/>\n<script type=\"application\/ld+json\" class=\"yoast-schema-graph\">{\"@context\":\"https:\\\/\\\/schema.org\",\"@graph\":[{\"@type\":\"Article\",\"@id\":\"https:\\\/\\\/www.cidademarketing.com.br\\\/marketing\\\/2022\\\/11\\\/25\\\/ambev-da-visibilidade-a-empreendedores-pretos-e-cede-espaco-de-seus-comerciais-para-profissionais-parceiros\\\/#article\",\"isPartOf\":{\"@id\":\"https:\\\/\\\/www.cidademarketing.com.br\\\/marketing\\\/2022\\\/11\\\/25\\\/ambev-da-visibilidade-a-empreendedores-pretos-e-cede-espaco-de-seus-comerciais-para-profissionais-parceiros\\\/\"},\"author\":{\"name\":\"Thales Brand\u00e3o\",\"@id\":\"https:\\\/\\\/www.cidademarketing.com.br\\\/marketing\\\/#\\\/schema\\\/person\\\/02daff9f18bd9378c9e01eb6b2db155f\"},\"headline\":\"Ambev d\u00e1 visibilidade a empreendedores pretos e cede espa\u00e7o de seus comerciais para profissionais parceiros\",\"datePublished\":\"2022-11-25T11:55:12+00:00\",\"mainEntityOfPage\":{\"@id\":\"https:\\\/\\\/www.cidademarketing.com.br\\\/marketing\\\/2022\\\/11\\\/25\\\/ambev-da-visibilidade-a-empreendedores-pretos-e-cede-espaco-de-seus-comerciais-para-profissionais-parceiros\\\/\"},\"wordCount\":621,\"commentCount\":0,\"publisher\":{\"@id\":\"https:\\\/\\\/www.cidademarketing.com.br\\\/marketing\\\/#organization\"},\"image\":{\"@id\":\"https:\\\/\\\/www.cidademarketing.com.br\\\/marketing\\\/2022\\\/11\\\/25\\\/ambev-da-visibilidade-a-empreendedores-pretos-e-cede-espaco-de-seus-comerciais-para-profissionais-parceiros\\\/#primaryimage\"},\"thumbnailUrl\":\"https:\\\/\\\/www.cidademarketing.com.br\\\/marketing\\\/wp-content\\\/uploads\\\/2022\\\/11\\\/ambev_empreendedores_negro_empreendedorismo.jpg\",\"keywords\":[\"Ambev\",\"campanha\",\"empreendedorismo\",\"estrat\u00e9gia\",\"marketing\"],\"articleSection\":[\"Not\u00edcias\"],\"inLanguage\":\"pt-BR\",\"potentialAction\":[{\"@type\":\"CommentAction\",\"name\":\"Comment\",\"target\":[\"https:\\\/\\\/www.cidademarketing.com.br\\\/marketing\\\/2022\\\/11\\\/25\\\/ambev-da-visibilidade-a-empreendedores-pretos-e-cede-espaco-de-seus-comerciais-para-profissionais-parceiros\\\/#respond\"]}]},{\"@type\":\"WebPage\",\"@id\":\"https:\\\/\\\/www.cidademarketing.com.br\\\/marketing\\\/2022\\\/11\\\/25\\\/ambev-da-visibilidade-a-empreendedores-pretos-e-cede-espaco-de-seus-comerciais-para-profissionais-parceiros\\\/\",\"url\":\"https:\\\/\\\/www.cidademarketing.com.br\\\/marketing\\\/2022\\\/11\\\/25\\\/ambev-da-visibilidade-a-empreendedores-pretos-e-cede-espaco-de-seus-comerciais-para-profissionais-parceiros\\\/\",\"name\":\"Ambev d\u00e1 visibilidade a empreendedores pretos e cede espa\u00e7o de seus comerciais para profissionais parceiros - CidadeMarketing\",\"isPartOf\":{\"@id\":\"https:\\\/\\\/www.cidademarketing.com.br\\\/marketing\\\/#website\"},\"primaryImageOfPage\":{\"@id\":\"https:\\\/\\\/www.cidademarketing.com.br\\\/marketing\\\/2022\\\/11\\\/25\\\/ambev-da-visibilidade-a-empreendedores-pretos-e-cede-espaco-de-seus-comerciais-para-profissionais-parceiros\\\/#primaryimage\"},\"image\":{\"@id\":\"https:\\\/\\\/www.cidademarketing.com.br\\\/marketing\\\/2022\\\/11\\\/25\\\/ambev-da-visibilidade-a-empreendedores-pretos-e-cede-espaco-de-seus-comerciais-para-profissionais-parceiros\\\/#primaryimage\"},\"thumbnailUrl\":\"https:\\\/\\\/www.cidademarketing.com.br\\\/marketing\\\/wp-content\\\/uploads\\\/2022\\\/11\\\/ambev_empreendedores_negro_empreendedorismo.jpg\",\"datePublished\":\"2022-11-25T11:55:12+00:00\",\"breadcrumb\":{\"@id\":\"https:\\\/\\\/www.cidademarketing.com.br\\\/marketing\\\/2022\\\/11\\\/25\\\/ambev-da-visibilidade-a-empreendedores-pretos-e-cede-espaco-de-seus-comerciais-para-profissionais-parceiros\\\/#breadcrumb\"},\"inLanguage\":\"pt-BR\",\"potentialAction\":[{\"@type\":\"ReadAction\",\"target\":[\"https:\\\/\\\/www.cidademarketing.com.br\\\/marketing\\\/2022\\\/11\\\/25\\\/ambev-da-visibilidade-a-empreendedores-pretos-e-cede-espaco-de-seus-comerciais-para-profissionais-parceiros\\\/\"]}]},{\"@type\":\"ImageObject\",\"inLanguage\":\"pt-BR\",\"@id\":\"https:\\\/\\\/www.cidademarketing.com.br\\\/marketing\\\/2022\\\/11\\\/25\\\/ambev-da-visibilidade-a-empreendedores-pretos-e-cede-espaco-de-seus-comerciais-para-profissionais-parceiros\\\/#primaryimage\",\"url\":\"https:\\\/\\\/www.cidademarketing.com.br\\\/marketing\\\/wp-content\\\/uploads\\\/2022\\\/11\\\/ambev_empreendedores_negro_empreendedorismo.jpg\",\"contentUrl\":\"https:\\\/\\\/www.cidademarketing.com.br\\\/marketing\\\/wp-content\\\/uploads\\\/2022\\\/11\\\/ambev_empreendedores_negro_empreendedorismo.jpg\",\"width\":1920,\"height\":1279},{\"@type\":\"BreadcrumbList\",\"@id\":\"https:\\\/\\\/www.cidademarketing.com.br\\\/marketing\\\/2022\\\/11\\\/25\\\/ambev-da-visibilidade-a-empreendedores-pretos-e-cede-espaco-de-seus-comerciais-para-profissionais-parceiros\\\/#breadcrumb\",\"itemListElement\":[{\"@type\":\"ListItem\",\"position\":1,\"name\":\"In\u00edcio\",\"item\":\"https:\\\/\\\/www.cidademarketing.com.br\\\/marketing\\\/\"},{\"@type\":\"ListItem\",\"position\":2,\"name\":\"Ambev d\u00e1 visibilidade a empreendedores pretos e cede espa\u00e7o de seus comerciais para profissionais parceiros\"}]},{\"@type\":\"WebSite\",\"@id\":\"https:\\\/\\\/www.cidademarketing.com.br\\\/marketing\\\/#website\",\"url\":\"https:\\\/\\\/www.cidademarketing.com.br\\\/marketing\\\/\",\"name\":\"CidadeMarketing\",\"description\":\"Somos um ve\u00edculo de comunica\u00e7\u00e3o de destaque no Brasil, reconhecido por conte\u00fados nos segmentos de marketing, empreendedorismo e inova\u00e7\u00e3o.\",\"publisher\":{\"@id\":\"https:\\\/\\\/www.cidademarketing.com.br\\\/marketing\\\/#organization\"},\"alternateName\":\"CidadeMarketing\",\"potentialAction\":[{\"@type\":\"SearchAction\",\"target\":{\"@type\":\"EntryPoint\",\"urlTemplate\":\"https:\\\/\\\/www.cidademarketing.com.br\\\/marketing\\\/?s={search_term_string}\"},\"query-input\":{\"@type\":\"PropertyValueSpecification\",\"valueRequired\":true,\"valueName\":\"search_term_string\"}}],\"inLanguage\":\"pt-BR\"},{\"@type\":\"Organization\",\"@id\":\"https:\\\/\\\/www.cidademarketing.com.br\\\/marketing\\\/#organization\",\"name\":\"CidadeMarketing\",\"alternateName\":\"CidadeMarketing\",\"url\":\"https:\\\/\\\/www.cidademarketing.com.br\\\/marketing\\\/\",\"logo\":{\"@type\":\"ImageObject\",\"inLanguage\":\"pt-BR\",\"@id\":\"https:\\\/\\\/www.cidademarketing.com.br\\\/marketing\\\/#\\\/schema\\\/logo\\\/image\\\/\",\"url\":\"https:\\\/\\\/www.cidademarketing.com.br\\\/marketing\\\/wp-content\\\/uploads\\\/2020\\\/01\\\/cidademarketing_marca_mobile.png\",\"contentUrl\":\"https:\\\/\\\/www.cidademarketing.com.br\\\/marketing\\\/wp-content\\\/uploads\\\/2020\\\/01\\\/cidademarketing_marca_mobile.png\",\"width\":230,\"height\":92,\"caption\":\"CidadeMarketing\"},\"image\":{\"@id\":\"https:\\\/\\\/www.cidademarketing.com.br\\\/marketing\\\/#\\\/schema\\\/logo\\\/image\\\/\"},\"sameAs\":[\"https:\\\/\\\/www.facebook.com\\\/portalcidademarketing\",\"https:\\\/\\\/x.com\\\/CidadeMarketing\",\"https:\\\/\\\/www.instagram.com\\\/cidademarketing\\\/\"]},{\"@type\":\"Person\",\"@id\":\"https:\\\/\\\/www.cidademarketing.com.br\\\/marketing\\\/#\\\/schema\\\/person\\\/02daff9f18bd9378c9e01eb6b2db155f\",\"name\":\"Thales Brand\u00e3o\",\"image\":{\"@type\":\"ImageObject\",\"inLanguage\":\"pt-BR\",\"@id\":\"https:\\\/\\\/secure.gravatar.com\\\/avatar\\\/7ca3206950207cc3cb48feec56a8a7898741ab725c368d99d5d7a5a50aab80c6?s=96&d=mm&r=g\",\"url\":\"https:\\\/\\\/secure.gravatar.com\\\/avatar\\\/7ca3206950207cc3cb48feec56a8a7898741ab725c368d99d5d7a5a50aab80c6?s=96&d=mm&r=g\",\"contentUrl\":\"https:\\\/\\\/secure.gravatar.com\\\/avatar\\\/7ca3206950207cc3cb48feec56a8a7898741ab725c368d99d5d7a5a50aab80c6?s=96&d=mm&r=g\",\"caption\":\"Thales Brand\u00e3o\"},\"description\":\"Editor Executivo do Portal CidadeMarketing.com.br &gt; Mestre em Comunica\u00e7\u00e3o e Sociedade pela Universidade Federal de Sergipe. Possui MBA Executivo em Administra\u00e7\u00e3o com \u00eanfase em Marketing pela Funda\u00e7\u00e3o Get\u00falio Vargas - Rio de Janeiro. Consultor, Palestrante e Pesquisador sobre Empreendedorismo, Marketing, Redes Sociais e Neg\u00f3cios Digitais. Professor, Palestrante TedxTalks e Campus Party. Twitter: @ThalesBrandao\",\"sameAs\":[\"http:\\\/\\\/www.mandacaru.com.br\",\"https:\\\/\\\/www.facebook.com\\\/thalesbrandao\",\"http:\\\/\\\/www.instagram.com.br\\\/thalesbrandaoferreira\",\"https:\\\/\\\/www.linkedin.com\\\/in\\\/thales-brand\u00e3o-3948609\\\/\",\"https:\\\/\\\/x.com\\\/http:\\\/\\\/www.twitter.com\\\/thalesbrandao\"],\"url\":\"https:\\\/\\\/www.cidademarketing.com.br\\\/marketing\\\/author\\\/thalesbrandao\\\/\"}]}<\/script>\n<!-- \/ Yoast SEO plugin. -->","yoast_head_json":{"title":"Ambev d\u00e1 visibilidade a empreendedores pretos e cede espa\u00e7o de seus comerciais para profissionais parceiros - CidadeMarketing","robots":{"index":"index","follow":"follow","max-snippet":"max-snippet:-1","max-image-preview":"max-image-preview:large","max-video-preview":"max-video-preview:-1"},"canonical":"https:\/\/www.cidademarketing.com.br\/marketing\/2022\/11\/25\/ambev-da-visibilidade-a-empreendedores-pretos-e-cede-espaco-de-seus-comerciais-para-profissionais-parceiros\/","og_locale":"pt_BR","og_type":"article","og_title":"Ambev d\u00e1 visibilidade a empreendedores pretos e cede espa\u00e7o de seus comerciais para profissionais parceiros - CidadeMarketing","og_description":"A Ambev vai destinar parte dos seus espa\u00e7os de m\u00eddia na TV Globo e em outros meios para a valoriza\u00e7\u00e3o de empreendedores pretos. A campanha \u201cNovembro Preto\u201d \u00e9 uma a\u00e7\u00e3o da companhia para refor\u00e7ar o seu compromisso pela equidade racial e promover a inclus\u00e3o produtiva. O ecossistema da Ambev \u00e9 diverso e, entre parceiros e [&hellip;]","og_url":"https:\/\/www.cidademarketing.com.br\/marketing\/2022\/11\/25\/ambev-da-visibilidade-a-empreendedores-pretos-e-cede-espaco-de-seus-comerciais-para-profissionais-parceiros\/","og_site_name":"CidadeMarketing","article_publisher":"https:\/\/www.facebook.com\/portalcidademarketing","article_author":"https:\/\/www.facebook.com\/thalesbrandao","article_published_time":"2022-11-25T11:55:12+00:00","og_image":[{"width":1920,"height":1279,"url":"https:\/\/www.cidademarketing.com.br\/marketing\/wp-content\/uploads\/2022\/11\/ambev_empreendedores_negro_empreendedorismo.jpg","type":"image\/jpeg"}],"author":"Thales Brand\u00e3o","twitter_card":"summary_large_image","twitter_creator":"@http:\/\/www.twitter.com\/thalesbrandao","twitter_site":"@CidadeMarketing","twitter_misc":{"Escrito por":"Thales Brand\u00e3o","Est. tempo de leitura":"3 minutos"},"schema":{"@context":"https:\/\/schema.org","@graph":[{"@type":"Article","@id":"https:\/\/www.cidademarketing.com.br\/marketing\/2022\/11\/25\/ambev-da-visibilidade-a-empreendedores-pretos-e-cede-espaco-de-seus-comerciais-para-profissionais-parceiros\/#article","isPartOf":{"@id":"https:\/\/www.cidademarketing.com.br\/marketing\/2022\/11\/25\/ambev-da-visibilidade-a-empreendedores-pretos-e-cede-espaco-de-seus-comerciais-para-profissionais-parceiros\/"},"author":{"name":"Thales Brand\u00e3o","@id":"https:\/\/www.cidademarketing.com.br\/marketing\/#\/schema\/person\/02daff9f18bd9378c9e01eb6b2db155f"},"headline":"Ambev d\u00e1 visibilidade a empreendedores pretos e cede espa\u00e7o de seus comerciais para profissionais parceiros","datePublished":"2022-11-25T11:55:12+00:00","mainEntityOfPage":{"@id":"https:\/\/www.cidademarketing.com.br\/marketing\/2022\/11\/25\/ambev-da-visibilidade-a-empreendedores-pretos-e-cede-espaco-de-seus-comerciais-para-profissionais-parceiros\/"},"wordCount":621,"commentCount":0,"publisher":{"@id":"https:\/\/www.cidademarketing.com.br\/marketing\/#organization"},"image":{"@id":"https:\/\/www.cidademarketing.com.br\/marketing\/2022\/11\/25\/ambev-da-visibilidade-a-empreendedores-pretos-e-cede-espaco-de-seus-comerciais-para-profissionais-parceiros\/#primaryimage"},"thumbnailUrl":"https:\/\/www.cidademarketing.com.br\/marketing\/wp-content\/uploads\/2022\/11\/ambev_empreendedores_negro_empreendedorismo.jpg","keywords":["Ambev","campanha","empreendedorismo","estrat\u00e9gia","marketing"],"articleSection":["Not\u00edcias"],"inLanguage":"pt-BR","potentialAction":[{"@type":"CommentAction","name":"Comment","target":["https:\/\/www.cidademarketing.com.br\/marketing\/2022\/11\/25\/ambev-da-visibilidade-a-empreendedores-pretos-e-cede-espaco-de-seus-comerciais-para-profissionais-parceiros\/#respond"]}]},{"@type":"WebPage","@id":"https:\/\/www.cidademarketing.com.br\/marketing\/2022\/11\/25\/ambev-da-visibilidade-a-empreendedores-pretos-e-cede-espaco-de-seus-comerciais-para-profissionais-parceiros\/","url":"https:\/\/www.cidademarketing.com.br\/marketing\/2022\/11\/25\/ambev-da-visibilidade-a-empreendedores-pretos-e-cede-espaco-de-seus-comerciais-para-profissionais-parceiros\/","name":"Ambev d\u00e1 visibilidade a empreendedores pretos e cede espa\u00e7o de seus comerciais para profissionais parceiros - CidadeMarketing","isPartOf":{"@id":"https:\/\/www.cidademarketing.com.br\/marketing\/#website"},"primaryImageOfPage":{"@id":"https:\/\/www.cidademarketing.com.br\/marketing\/2022\/11\/25\/ambev-da-visibilidade-a-empreendedores-pretos-e-cede-espaco-de-seus-comerciais-para-profissionais-parceiros\/#primaryimage"},"image":{"@id":"https:\/\/www.cidademarketing.com.br\/marketing\/2022\/11\/25\/ambev-da-visibilidade-a-empreendedores-pretos-e-cede-espaco-de-seus-comerciais-para-profissionais-parceiros\/#primaryimage"},"thumbnailUrl":"https:\/\/www.cidademarketing.com.br\/marketing\/wp-content\/uploads\/2022\/11\/ambev_empreendedores_negro_empreendedorismo.jpg","datePublished":"2022-11-25T11:55:12+00:00","breadcrumb":{"@id":"https:\/\/www.cidademarketing.com.br\/marketing\/2022\/11\/25\/ambev-da-visibilidade-a-empreendedores-pretos-e-cede-espaco-de-seus-comerciais-para-profissionais-parceiros\/#breadcrumb"},"inLanguage":"pt-BR","potentialAction":[{"@type":"ReadAction","target":["https:\/\/www.cidademarketing.com.br\/marketing\/2022\/11\/25\/ambev-da-visibilidade-a-empreendedores-pretos-e-cede-espaco-de-seus-comerciais-para-profissionais-parceiros\/"]}]},{"@type":"ImageObject","inLanguage":"pt-BR","@id":"https:\/\/www.cidademarketing.com.br\/marketing\/2022\/11\/25\/ambev-da-visibilidade-a-empreendedores-pretos-e-cede-espaco-de-seus-comerciais-para-profissionais-parceiros\/#primaryimage","url":"https:\/\/www.cidademarketing.com.br\/marketing\/wp-content\/uploads\/2022\/11\/ambev_empreendedores_negro_empreendedorismo.jpg","contentUrl":"https:\/\/www.cidademarketing.com.br\/marketing\/wp-content\/uploads\/2022\/11\/ambev_empreendedores_negro_empreendedorismo.jpg","width":1920,"height":1279},{"@type":"BreadcrumbList","@id":"https:\/\/www.cidademarketing.com.br\/marketing\/2022\/11\/25\/ambev-da-visibilidade-a-empreendedores-pretos-e-cede-espaco-de-seus-comerciais-para-profissionais-parceiros\/#breadcrumb","itemListElement":[{"@type":"ListItem","position":1,"name":"In\u00edcio","item":"https:\/\/www.cidademarketing.com.br\/marketing\/"},{"@type":"ListItem","position":2,"name":"Ambev d\u00e1 visibilidade a empreendedores pretos e cede espa\u00e7o de seus comerciais para profissionais parceiros"}]},{"@type":"WebSite","@id":"https:\/\/www.cidademarketing.com.br\/marketing\/#website","url":"https:\/\/www.cidademarketing.com.br\/marketing\/","name":"CidadeMarketing","description":"Somos um ve\u00edculo de comunica\u00e7\u00e3o de destaque no Brasil, reconhecido por conte\u00fados nos segmentos de marketing, empreendedorismo e inova\u00e7\u00e3o.","publisher":{"@id":"https:\/\/www.cidademarketing.com.br\/marketing\/#organization"},"alternateName":"CidadeMarketing","potentialAction":[{"@type":"SearchAction","target":{"@type":"EntryPoint","urlTemplate":"https:\/\/www.cidademarketing.com.br\/marketing\/?s={search_term_string}"},"query-input":{"@type":"PropertyValueSpecification","valueRequired":true,"valueName":"search_term_string"}}],"inLanguage":"pt-BR"},{"@type":"Organization","@id":"https:\/\/www.cidademarketing.com.br\/marketing\/#organization","name":"CidadeMarketing","alternateName":"CidadeMarketing","url":"https:\/\/www.cidademarketing.com.br\/marketing\/","logo":{"@type":"ImageObject","inLanguage":"pt-BR","@id":"https:\/\/www.cidademarketing.com.br\/marketing\/#\/schema\/logo\/image\/","url":"https:\/\/www.cidademarketing.com.br\/marketing\/wp-content\/uploads\/2020\/01\/cidademarketing_marca_mobile.png","contentUrl":"https:\/\/www.cidademarketing.com.br\/marketing\/wp-content\/uploads\/2020\/01\/cidademarketing_marca_mobile.png","width":230,"height":92,"caption":"CidadeMarketing"},"image":{"@id":"https:\/\/www.cidademarketing.com.br\/marketing\/#\/schema\/logo\/image\/"},"sameAs":["https:\/\/www.facebook.com\/portalcidademarketing","https:\/\/x.com\/CidadeMarketing","https:\/\/www.instagram.com\/cidademarketing\/"]},{"@type":"Person","@id":"https:\/\/www.cidademarketing.com.br\/marketing\/#\/schema\/person\/02daff9f18bd9378c9e01eb6b2db155f","name":"Thales Brand\u00e3o","image":{"@type":"ImageObject","inLanguage":"pt-BR","@id":"https:\/\/secure.gravatar.com\/avatar\/7ca3206950207cc3cb48feec56a8a7898741ab725c368d99d5d7a5a50aab80c6?s=96&d=mm&r=g","url":"https:\/\/secure.gravatar.com\/avatar\/7ca3206950207cc3cb48feec56a8a7898741ab725c368d99d5d7a5a50aab80c6?s=96&d=mm&r=g","contentUrl":"https:\/\/secure.gravatar.com\/avatar\/7ca3206950207cc3cb48feec56a8a7898741ab725c368d99d5d7a5a50aab80c6?s=96&d=mm&r=g","caption":"Thales Brand\u00e3o"},"description":"Editor Executivo do Portal CidadeMarketing.com.br &gt; Mestre em Comunica\u00e7\u00e3o e Sociedade pela Universidade Federal de Sergipe. Possui MBA Executivo em Administra\u00e7\u00e3o com \u00eanfase em Marketing pela Funda\u00e7\u00e3o Get\u00falio Vargas - Rio de Janeiro. Consultor, Palestrante e Pesquisador sobre Empreendedorismo, Marketing, Redes Sociais e Neg\u00f3cios Digitais. Professor, Palestrante TedxTalks e Campus Party. Twitter: @ThalesBrandao","sameAs":["http:\/\/www.mandacaru.com.br","https:\/\/www.facebook.com\/thalesbrandao","http:\/\/www.instagram.com.br\/thalesbrandaoferreira","https:\/\/www.linkedin.com\/in\/thales-brand\u00e3o-3948609\/","https:\/\/x.com\/http:\/\/www.twitter.com\/thalesbrandao"],"url":"https:\/\/www.cidademarketing.com.br\/marketing\/author\/thalesbrandao\/"}]}},"amp_enabled":true,"_links":{"self":[{"href":"https:\/\/www.cidademarketing.com.br\/marketing\/wp-json\/wp\/v2\/posts\/40483","targetHints":{"allow":["GET"]}}],"collection":[{"href":"https:\/\/www.cidademarketing.com.br\/marketing\/wp-json\/wp\/v2\/posts"}],"about":[{"href":"https:\/\/www.cidademarketing.com.br\/marketing\/wp-json\/wp\/v2\/types\/post"}],"author":[{"embeddable":true,"href":"https:\/\/www.cidademarketing.com.br\/marketing\/wp-json\/wp\/v2\/users\/1"}],"replies":[{"embeddable":true,"href":"https:\/\/www.cidademarketing.com.br\/marketing\/wp-json\/wp\/v2\/comments?post=40483"}],"version-history":[{"count":1,"href":"https:\/\/www.cidademarketing.com.br\/marketing\/wp-json\/wp\/v2\/posts\/40483\/revisions"}],"predecessor-version":[{"id":40485,"href":"https:\/\/www.cidademarketing.com.br\/marketing\/wp-json\/wp\/v2\/posts\/40483\/revisions\/40485"}],"wp:featuredmedia":[{"embeddable":true,"href":"https:\/\/www.cidademarketing.com.br\/marketing\/wp-json\/wp\/v2\/media\/40484"}],"wp:attachment":[{"href":"https:\/\/www.cidademarketing.com.br\/marketing\/wp-json\/wp\/v2\/media?parent=40483"}],"wp:term":[{"taxonomy":"category","embeddable":true,"href":"https:\/\/www.cidademarketing.com.br\/marketing\/wp-json\/wp\/v2\/categories?post=40483"},{"taxonomy":"post_tag","embeddable":true,"href":"https:\/\/www.cidademarketing.com.br\/marketing\/wp-json\/wp\/v2\/tags?post=40483"}],"curies":[{"name":"wp","href":"https:\/\/api.w.org\/{rel}","templated":true}]}}