{"id":40476,"date":"2022-11-25T00:36:48","date_gmt":"2022-11-25T03:36:48","guid":{"rendered":"https:\/\/www.cidademarketing.com.br\/marketing\/?p=40476"},"modified":"2022-11-25T00:36:48","modified_gmt":"2022-11-25T03:36:48","slug":"black-friday-gol-tem-passagens-a-partir-de-r-119","status":"publish","type":"post","link":"https:\/\/www.cidademarketing.com.br\/marketing\/2022\/11\/25\/black-friday-gol-tem-passagens-a-partir-de-r-119\/","title":{"rendered":"Black Friday GOL tem passagens a partir de R$ 119"},"content":{"rendered":"<p>Chegou, enfim, o momento mais esperado do ano para os Clientes que adoram viajar por (bem) menos: o <a href=\"https:\/\/www.voegol.com.br\/black-friday-gol\/?gclid=CjwKCAiAyfybBhBKEiwAgtB7fvMM0vjRqu4-gJGm6N2kQXJjeAr5lvNE6aVo2skTSxIn805tMvfrvRoCLesQAvD_BwE&amp;gclsrc=aw.ds\" target=\"_blank\" rel=\"noopener\">Feir\u00e3o Black Friday GOL<\/a> tem in\u00edcio hoje, quinta-feira (24), \u00e0s 18h, e segue por todo o fim de semana de ofertas em passagens nacionais e internacionais, com t\u00e9rmino \u00e0s 8h da segunda-feira (28). S\u00e3o trechos a partir de R$ 119,36, um total de 1.000 passagens por apenas R$ 20 e outras promo\u00e7\u00f5es tentadoras estreladas por um tima\u00e7o de artistas e influenciadores.<\/p>\n<p><iframe title=\"Spotify Embed: Podcast CidadeMarketing\" style=\"border-radius: 12px\" width=\"100%\" height=\"152\" frameborder=\"0\" allowfullscreen allow=\"autoplay; clipboard-write; encrypted-media; fullscreen; picture-in-picture\" loading=\"lazy\" src=\"https:\/\/open.spotify.com\/embed\/show\/4khMKzP3FgFRWVwb73xicc?si=252fe5bff2b34909&#038;utm_source=oembed\"><\/iframe><\/p>\n<p>As passagens nacionais* saem a partir de R$ 119,36 (o trecho), com taxa de embarque inclusa, e est\u00e3o dispon\u00edveis para voos a partir de fevereiro de 2023 at\u00e9 junho do mesmo ano. A ida e a volta s\u00e3o obrigat\u00f3rias e a perman\u00eancia no destino deve ser de, no m\u00ednimo, dois dias &#8211; ou um s\u00e1bado. Para quem pretende fazer \u201caquela\u201d viagem para o exterior ainda em 2022, eis que os bilhetes internacionais** promocionais come\u00e7am em R$ 899,99 (valor de ida e volta), com taxa de embarque inclusa. O per\u00edodo de voo fica entre 28\/11 e 16\/12\/2022, reinicia em 23\/01\/2023 e segue at\u00e9 31\/05\/2023.<\/p>\n<p>Para coroar esse per\u00edodo t\u00e3o especial de descontos, a GOL convocou uma verdadeira Sele\u00e7\u00e3o de celebridades e influenciadores de todo o Brasil para divulgar os mais diversos atrativos do Feir\u00e3o Black Friday aos Clientes nos canais de vendas da Companhia. S\u00e3o eles: os apresentadores Sabrina Sato e F\u00e1bio Porchat, a atriz Deborah Secco, os influenciadores regionais Ricieri Pal\u00fa Rosset (@boiselvagem), do Sul, Giba Sandes (@giovannisandes), do Sudeste, Luciellen Assis (@luciellenassis), do Nordeste, Dri Santos (@drisantosbr), do Centro Oeste, e Victor Barros (@victoorbarros), do Norte, al\u00e9m dos influenciadores nacionais Maria Eug\u00eania Suconic (@msuconic), Jo\u00e3o Pepe (@joaoppepe) e Perrengue Chique (@perrengue_chique), e do internacional Orlando Diferente (@orlandodiferente).<\/p>\n<p>Grito de GOL no Twitter<\/p>\n<p>Durante os jogos do Brasil dos dias 24 e 28 de novembro e 2 de dezembro, os torcedores que postarem um grito de GOL no Twitter, acompanhado da #linhasaereas, ir\u00e3o receber um cupom especial para ser usado at\u00e9 \u00e0s 23h59 do dia de cada partida.<\/p>\n<p>O desconto, de 5%, poder\u00e1 ser utilizado na compra de qualquer passagem nacional durante o Feir\u00e3o Black Friday GOL nas duas primeiras partidas. A tarifa promocional ser\u00e1 aplicada sobre os descontos j\u00e1 estabelecidos, ou seja, se uma passagem est\u00e1 com 15% de desconto, com o voucher, o abatimento ser\u00e1 cumulativo, de 20%. Para o terceiro jogo (2\/12), fora do per\u00edodo do Feir\u00e3o Black Friday, o desconto ser\u00e1 de 10%, n\u00e3o v\u00e1lido para trechos promocionais.<\/p>\n<p>Vale lembrar que esta promo\u00e7\u00e3o n\u00e3o depende dos gols da Sele\u00e7\u00e3o Brasileira e a participa\u00e7\u00e3o dos torcedores \u00e9 v\u00e1lida para perfis de contas p\u00fablicas no Twitter. O grito de GOL nessa rede social ser\u00e1 considerado em diferentes varia\u00e7\u00f5es, como GOL, GOOL, GOOOOL, GOOOOOOOL, entre outras. O cupom, que ser\u00e1 recebido pelo participante via mensagem direta no Twitter, \u00e9 eleg\u00edvel para as primeiras 2.000 compras de bilhete no site ou app da GOL.<\/p>\n<p>Ca\u00e7a Passagem<\/p>\n<p>Aos Clientes com perfil ca\u00e7a-passagem, um aviso: \u00e9 hoje o dia! S\u00f3 nesta quinta (24), a partir das 18h, a GOL oferece em seu Feir\u00e3o Black Friday nada menos que 1.000 trechos por apenas R$ 20 + taxa de embarque. Assim, vai ser poss\u00edvel viajar praticamente \u201cde gra\u00e7a\u201d entre 10\/02\/2023 e 31\/05\/2023. O superdesconto implica ida e volta obrigat\u00f3rias, com perman\u00eancia m\u00ednima de dois dias no destino, ou um s\u00e1bado.<\/p>\n<p>Os bilhetes da promo\u00e7\u00e3o Ca\u00e7a Passagem s\u00f3 v\u00e3o estar dispon\u00edveis no site da GOL. Nas demais promo\u00e7\u00f5es, as passagens podem ser adquiridas no site da GOL, em ag\u00eancias de viagem, pela Central de Relacionamento com Clientes (0300 115 2121) e ainda nas lojas VOEGOL (n\u00e3o s\u00e3o v\u00e1lidas para compra em lojas nos aeroportos).<\/p>\n<p>Os parcelamentos de todas as promo\u00e7\u00f5es da Black Friday GOL podem ser efetuados em at\u00e9 12x sem juros com a bandeira Mastercard e em at\u00e9 9x sem juros com outras bandeiras, como American Express, Diners, Elo, Hipercard e JCB.<\/p>\n<p>*Termos e condi\u00e7\u00f5es &#8211; Voos nacionais<\/p>\n<p>Tarifas promocionais: Fam\u00edlias Light e Promo, com taxa de embarque inclusa e sem direito a bagagem despachada gratuitamente.<br \/>\nTipo de viagem: ida e volta obrigat\u00f3rias (perman\u00eancia m\u00ednima de dois dias no destino ou um s\u00e1bado)<br \/>\nPer\u00edodo de voo: de 10\/02\/2023 a 16\/02\/2023; 24\/02\/2023 a 5\/05\/2023; 11\/04\/2023 a 19\/04\/2023; 25\/04\/2023 a 27\/04\/2023; 3\/05\/2023 a 6\/06\/2023; e de 13\/06\/2023 e 30\/06\/2023.<br \/>\nCanais de vendas: website GOL, ag\u00eancias de viagem, Central de Relacionamento com Clientes (0300 115 2121) e lojas VOEGOL. N\u00e3o \u00e9 v\u00e1lido para compras em lojas de aeroportos.<\/p>\n<p>*Termos e condi\u00e7\u00f5es &#8211; Voos internacionais<\/p>\n<p>Tarifas promocionais: com taxa de embarque inclusa e sem direito a bagagem despachada gratuitamente.<br \/>\nTipo de viagem: ida e volta obrigat\u00f3rias, somente para voos operados pela GOL.<br \/>\nPer\u00edodo de voo: de 28\/11\/2022 a 16\/12\/2022; 23\/01\/2023 a 9\/02\/2023; 10\/02\/2023 a 16\/02\/2023; 22\/02\/2023 a 5\/04\/2023; 11\/04\/2023 a 19\/04\/2023; e de 3\/05\/2023 e 31\/05\/2023.<br \/>\nCanais de vendas: website GOL, ag\u00eancias de viagem e lojas VOEGOL. N\u00e3o \u00e9 v\u00e1lido para compras em lojas de aeroportos.<\/p>\n<p><iframe style=\"width: 100%; max-width: 660px; overflow: hidden; background: transparent;\" src=\"https:\/\/embed.podcasts.apple.com\/br\/podcast\/podcast-cidademarketing\/id1371923283\" height=\"450\" frameborder=\"0\" sandbox=\"allow-forms allow-popups allow-same-origin allow-scripts allow-storage-access-by-user-activation allow-top-navigation-by-user-activation\"><\/iframe><\/p>\n","protected":false},"excerpt":{"rendered":"<p>Chegou, enfim, o momento mais esperado do ano para os Clientes que adoram viajar por (bem) menos: o Feir\u00e3o Black Friday GOL tem in\u00edcio hoje, quinta-feira (24), \u00e0s 18h, e segue por todo o fim de semana de ofertas em passagens nacionais e internacionais, com t\u00e9rmino \u00e0s 8h da segunda-feira (28). S\u00e3o trechos a partir [&hellip;]<\/p>\n","protected":false},"author":1,"featured_media":40477,"comment_status":"open","ping_status":"open","sticky":false,"template":"","format":"standard","meta":{"tdm_status":"","tdm_grid_status":"","footnotes":""},"categories":[6],"tags":[591,1380,33,475,28,164],"class_list":["post-40476","post","type-post","status-publish","format-standard","has-post-thumbnail","hentry","category-noticias","tag-black-friday","tag-desconto","tag-estrategia","tag-gol","tag-marketing","tag-promocao"],"yoast_head":"<!-- This site is optimized with the Yoast SEO plugin v27.5 - https:\/\/yoast.com\/product\/yoast-seo-wordpress\/ -->\n<title>Black Friday GOL tem passagens a partir de R$ 119 - CidadeMarketing<\/title>\n<meta name=\"robots\" content=\"index, follow, max-snippet:-1, max-image-preview:large, max-video-preview:-1\" \/>\n<link rel=\"canonical\" href=\"https:\/\/www.cidademarketing.com.br\/marketing\/2022\/11\/25\/black-friday-gol-tem-passagens-a-partir-de-r-119\/\" \/>\n<meta property=\"og:locale\" content=\"pt_BR\" \/>\n<meta property=\"og:type\" content=\"article\" \/>\n<meta property=\"og:title\" content=\"Black Friday GOL tem passagens a partir de R$ 119 - CidadeMarketing\" \/>\n<meta property=\"og:description\" content=\"Chegou, enfim, o momento mais esperado do ano para os Clientes que adoram viajar por (bem) menos: o Feir\u00e3o Black Friday GOL tem in\u00edcio hoje, quinta-feira (24), \u00e0s 18h, e segue por todo o fim de semana de ofertas em passagens nacionais e internacionais, com t\u00e9rmino \u00e0s 8h da segunda-feira (28). S\u00e3o trechos a partir [&hellip;]\" \/>\n<meta property=\"og:url\" content=\"https:\/\/www.cidademarketing.com.br\/marketing\/2022\/11\/25\/black-friday-gol-tem-passagens-a-partir-de-r-119\/\" \/>\n<meta property=\"og:site_name\" content=\"CidadeMarketing\" \/>\n<meta property=\"article:publisher\" content=\"https:\/\/www.facebook.com\/portalcidademarketing\" \/>\n<meta property=\"article:author\" content=\"https:\/\/www.facebook.com\/thalesbrandao\" \/>\n<meta property=\"article:published_time\" content=\"2022-11-25T03:36:48+00:00\" \/>\n<meta property=\"og:image\" content=\"https:\/\/www.cidademarketing.com.br\/marketing\/wp-content\/uploads\/2022\/11\/blackfriday_gol-1.jpg\" \/>\n\t<meta property=\"og:image:width\" content=\"658\" \/>\n\t<meta property=\"og:image:height\" content=\"370\" \/>\n\t<meta property=\"og:image:type\" content=\"image\/jpeg\" \/>\n<meta name=\"author\" content=\"Thales Brand\u00e3o\" \/>\n<meta name=\"twitter:card\" content=\"summary_large_image\" \/>\n<meta name=\"twitter:creator\" content=\"@http:\/\/www.twitter.com\/thalesbrandao\" \/>\n<meta name=\"twitter:site\" content=\"@CidadeMarketing\" \/>\n<meta name=\"twitter:label1\" content=\"Escrito por\" \/>\n\t<meta name=\"twitter:data1\" content=\"Thales Brand\u00e3o\" \/>\n\t<meta name=\"twitter:label2\" content=\"Est. tempo de leitura\" \/>\n\t<meta name=\"twitter:data2\" content=\"4 minutos\" \/>\n<script type=\"application\/ld+json\" class=\"yoast-schema-graph\">{\"@context\":\"https:\\\/\\\/schema.org\",\"@graph\":[{\"@type\":\"Article\",\"@id\":\"https:\\\/\\\/www.cidademarketing.com.br\\\/marketing\\\/2022\\\/11\\\/25\\\/black-friday-gol-tem-passagens-a-partir-de-r-119\\\/#article\",\"isPartOf\":{\"@id\":\"https:\\\/\\\/www.cidademarketing.com.br\\\/marketing\\\/2022\\\/11\\\/25\\\/black-friday-gol-tem-passagens-a-partir-de-r-119\\\/\"},\"author\":{\"name\":\"Thales Brand\u00e3o\",\"@id\":\"https:\\\/\\\/www.cidademarketing.com.br\\\/marketing\\\/#\\\/schema\\\/person\\\/02daff9f18bd9378c9e01eb6b2db155f\"},\"headline\":\"Black Friday GOL tem passagens a partir de R$ 119\",\"datePublished\":\"2022-11-25T03:36:48+00:00\",\"mainEntityOfPage\":{\"@id\":\"https:\\\/\\\/www.cidademarketing.com.br\\\/marketing\\\/2022\\\/11\\\/25\\\/black-friday-gol-tem-passagens-a-partir-de-r-119\\\/\"},\"wordCount\":851,\"commentCount\":0,\"publisher\":{\"@id\":\"https:\\\/\\\/www.cidademarketing.com.br\\\/marketing\\\/#organization\"},\"image\":{\"@id\":\"https:\\\/\\\/www.cidademarketing.com.br\\\/marketing\\\/2022\\\/11\\\/25\\\/black-friday-gol-tem-passagens-a-partir-de-r-119\\\/#primaryimage\"},\"thumbnailUrl\":\"https:\\\/\\\/www.cidademarketing.com.br\\\/marketing\\\/wp-content\\\/uploads\\\/2022\\\/11\\\/blackfriday_gol-1.jpg\",\"keywords\":[\"Black Friday\",\"desconto\",\"estrat\u00e9gia\",\"Gol\",\"marketing\",\"promo\u00e7\u00e3o\"],\"articleSection\":[\"Not\u00edcias\"],\"inLanguage\":\"pt-BR\",\"potentialAction\":[{\"@type\":\"CommentAction\",\"name\":\"Comment\",\"target\":[\"https:\\\/\\\/www.cidademarketing.com.br\\\/marketing\\\/2022\\\/11\\\/25\\\/black-friday-gol-tem-passagens-a-partir-de-r-119\\\/#respond\"]}]},{\"@type\":\"WebPage\",\"@id\":\"https:\\\/\\\/www.cidademarketing.com.br\\\/marketing\\\/2022\\\/11\\\/25\\\/black-friday-gol-tem-passagens-a-partir-de-r-119\\\/\",\"url\":\"https:\\\/\\\/www.cidademarketing.com.br\\\/marketing\\\/2022\\\/11\\\/25\\\/black-friday-gol-tem-passagens-a-partir-de-r-119\\\/\",\"name\":\"Black Friday GOL tem passagens a partir de R$ 119 - CidadeMarketing\",\"isPartOf\":{\"@id\":\"https:\\\/\\\/www.cidademarketing.com.br\\\/marketing\\\/#website\"},\"primaryImageOfPage\":{\"@id\":\"https:\\\/\\\/www.cidademarketing.com.br\\\/marketing\\\/2022\\\/11\\\/25\\\/black-friday-gol-tem-passagens-a-partir-de-r-119\\\/#primaryimage\"},\"image\":{\"@id\":\"https:\\\/\\\/www.cidademarketing.com.br\\\/marketing\\\/2022\\\/11\\\/25\\\/black-friday-gol-tem-passagens-a-partir-de-r-119\\\/#primaryimage\"},\"thumbnailUrl\":\"https:\\\/\\\/www.cidademarketing.com.br\\\/marketing\\\/wp-content\\\/uploads\\\/2022\\\/11\\\/blackfriday_gol-1.jpg\",\"datePublished\":\"2022-11-25T03:36:48+00:00\",\"breadcrumb\":{\"@id\":\"https:\\\/\\\/www.cidademarketing.com.br\\\/marketing\\\/2022\\\/11\\\/25\\\/black-friday-gol-tem-passagens-a-partir-de-r-119\\\/#breadcrumb\"},\"inLanguage\":\"pt-BR\",\"potentialAction\":[{\"@type\":\"ReadAction\",\"target\":[\"https:\\\/\\\/www.cidademarketing.com.br\\\/marketing\\\/2022\\\/11\\\/25\\\/black-friday-gol-tem-passagens-a-partir-de-r-119\\\/\"]}]},{\"@type\":\"ImageObject\",\"inLanguage\":\"pt-BR\",\"@id\":\"https:\\\/\\\/www.cidademarketing.com.br\\\/marketing\\\/2022\\\/11\\\/25\\\/black-friday-gol-tem-passagens-a-partir-de-r-119\\\/#primaryimage\",\"url\":\"https:\\\/\\\/www.cidademarketing.com.br\\\/marketing\\\/wp-content\\\/uploads\\\/2022\\\/11\\\/blackfriday_gol-1.jpg\",\"contentUrl\":\"https:\\\/\\\/www.cidademarketing.com.br\\\/marketing\\\/wp-content\\\/uploads\\\/2022\\\/11\\\/blackfriday_gol-1.jpg\",\"width\":658,\"height\":370},{\"@type\":\"BreadcrumbList\",\"@id\":\"https:\\\/\\\/www.cidademarketing.com.br\\\/marketing\\\/2022\\\/11\\\/25\\\/black-friday-gol-tem-passagens-a-partir-de-r-119\\\/#breadcrumb\",\"itemListElement\":[{\"@type\":\"ListItem\",\"position\":1,\"name\":\"In\u00edcio\",\"item\":\"https:\\\/\\\/www.cidademarketing.com.br\\\/marketing\\\/\"},{\"@type\":\"ListItem\",\"position\":2,\"name\":\"Black Friday GOL tem passagens a partir de R$ 119\"}]},{\"@type\":\"WebSite\",\"@id\":\"https:\\\/\\\/www.cidademarketing.com.br\\\/marketing\\\/#website\",\"url\":\"https:\\\/\\\/www.cidademarketing.com.br\\\/marketing\\\/\",\"name\":\"CidadeMarketing\",\"description\":\"Somos um ve\u00edculo de comunica\u00e7\u00e3o de destaque no Brasil, reconhecido por conte\u00fados nos segmentos de marketing, empreendedorismo e inova\u00e7\u00e3o.\",\"publisher\":{\"@id\":\"https:\\\/\\\/www.cidademarketing.com.br\\\/marketing\\\/#organization\"},\"alternateName\":\"CidadeMarketing\",\"potentialAction\":[{\"@type\":\"SearchAction\",\"target\":{\"@type\":\"EntryPoint\",\"urlTemplate\":\"https:\\\/\\\/www.cidademarketing.com.br\\\/marketing\\\/?s={search_term_string}\"},\"query-input\":{\"@type\":\"PropertyValueSpecification\",\"valueRequired\":true,\"valueName\":\"search_term_string\"}}],\"inLanguage\":\"pt-BR\"},{\"@type\":\"Organization\",\"@id\":\"https:\\\/\\\/www.cidademarketing.com.br\\\/marketing\\\/#organization\",\"name\":\"CidadeMarketing\",\"alternateName\":\"CidadeMarketing\",\"url\":\"https:\\\/\\\/www.cidademarketing.com.br\\\/marketing\\\/\",\"logo\":{\"@type\":\"ImageObject\",\"inLanguage\":\"pt-BR\",\"@id\":\"https:\\\/\\\/www.cidademarketing.com.br\\\/marketing\\\/#\\\/schema\\\/logo\\\/image\\\/\",\"url\":\"https:\\\/\\\/www.cidademarketing.com.br\\\/marketing\\\/wp-content\\\/uploads\\\/2020\\\/01\\\/cidademarketing_marca_mobile.png\",\"contentUrl\":\"https:\\\/\\\/www.cidademarketing.com.br\\\/marketing\\\/wp-content\\\/uploads\\\/2020\\\/01\\\/cidademarketing_marca_mobile.png\",\"width\":230,\"height\":92,\"caption\":\"CidadeMarketing\"},\"image\":{\"@id\":\"https:\\\/\\\/www.cidademarketing.com.br\\\/marketing\\\/#\\\/schema\\\/logo\\\/image\\\/\"},\"sameAs\":[\"https:\\\/\\\/www.facebook.com\\\/portalcidademarketing\",\"https:\\\/\\\/x.com\\\/CidadeMarketing\",\"https:\\\/\\\/www.instagram.com\\\/cidademarketing\\\/\"]},{\"@type\":\"Person\",\"@id\":\"https:\\\/\\\/www.cidademarketing.com.br\\\/marketing\\\/#\\\/schema\\\/person\\\/02daff9f18bd9378c9e01eb6b2db155f\",\"name\":\"Thales Brand\u00e3o\",\"image\":{\"@type\":\"ImageObject\",\"inLanguage\":\"pt-BR\",\"@id\":\"https:\\\/\\\/secure.gravatar.com\\\/avatar\\\/7ca3206950207cc3cb48feec56a8a7898741ab725c368d99d5d7a5a50aab80c6?s=96&d=mm&r=g\",\"url\":\"https:\\\/\\\/secure.gravatar.com\\\/avatar\\\/7ca3206950207cc3cb48feec56a8a7898741ab725c368d99d5d7a5a50aab80c6?s=96&d=mm&r=g\",\"contentUrl\":\"https:\\\/\\\/secure.gravatar.com\\\/avatar\\\/7ca3206950207cc3cb48feec56a8a7898741ab725c368d99d5d7a5a50aab80c6?s=96&d=mm&r=g\",\"caption\":\"Thales Brand\u00e3o\"},\"description\":\"Editor Executivo do Portal CidadeMarketing.com.br &gt; Mestre em Comunica\u00e7\u00e3o e Sociedade pela Universidade Federal de Sergipe. Possui MBA Executivo em Administra\u00e7\u00e3o com \u00eanfase em Marketing pela Funda\u00e7\u00e3o Get\u00falio Vargas - Rio de Janeiro. Consultor, Palestrante e Pesquisador sobre Empreendedorismo, Marketing, Redes Sociais e Neg\u00f3cios Digitais. Professor, Palestrante TedxTalks e Campus Party. Twitter: @ThalesBrandao\",\"sameAs\":[\"http:\\\/\\\/www.mandacaru.com.br\",\"https:\\\/\\\/www.facebook.com\\\/thalesbrandao\",\"http:\\\/\\\/www.instagram.com.br\\\/thalesbrandaoferreira\",\"https:\\\/\\\/www.linkedin.com\\\/in\\\/thales-brand\u00e3o-3948609\\\/\",\"https:\\\/\\\/x.com\\\/http:\\\/\\\/www.twitter.com\\\/thalesbrandao\"],\"url\":\"https:\\\/\\\/www.cidademarketing.com.br\\\/marketing\\\/author\\\/thalesbrandao\\\/\"}]}<\/script>\n<!-- \/ Yoast SEO plugin. -->","yoast_head_json":{"title":"Black Friday GOL tem passagens a partir de R$ 119 - CidadeMarketing","robots":{"index":"index","follow":"follow","max-snippet":"max-snippet:-1","max-image-preview":"max-image-preview:large","max-video-preview":"max-video-preview:-1"},"canonical":"https:\/\/www.cidademarketing.com.br\/marketing\/2022\/11\/25\/black-friday-gol-tem-passagens-a-partir-de-r-119\/","og_locale":"pt_BR","og_type":"article","og_title":"Black Friday GOL tem passagens a partir de R$ 119 - CidadeMarketing","og_description":"Chegou, enfim, o momento mais esperado do ano para os Clientes que adoram viajar por (bem) menos: o Feir\u00e3o Black Friday GOL tem in\u00edcio hoje, quinta-feira (24), \u00e0s 18h, e segue por todo o fim de semana de ofertas em passagens nacionais e internacionais, com t\u00e9rmino \u00e0s 8h da segunda-feira (28). S\u00e3o trechos a partir [&hellip;]","og_url":"https:\/\/www.cidademarketing.com.br\/marketing\/2022\/11\/25\/black-friday-gol-tem-passagens-a-partir-de-r-119\/","og_site_name":"CidadeMarketing","article_publisher":"https:\/\/www.facebook.com\/portalcidademarketing","article_author":"https:\/\/www.facebook.com\/thalesbrandao","article_published_time":"2022-11-25T03:36:48+00:00","og_image":[{"width":658,"height":370,"url":"https:\/\/www.cidademarketing.com.br\/marketing\/wp-content\/uploads\/2022\/11\/blackfriday_gol-1.jpg","type":"image\/jpeg"}],"author":"Thales Brand\u00e3o","twitter_card":"summary_large_image","twitter_creator":"@http:\/\/www.twitter.com\/thalesbrandao","twitter_site":"@CidadeMarketing","twitter_misc":{"Escrito por":"Thales Brand\u00e3o","Est. tempo de leitura":"4 minutos"},"schema":{"@context":"https:\/\/schema.org","@graph":[{"@type":"Article","@id":"https:\/\/www.cidademarketing.com.br\/marketing\/2022\/11\/25\/black-friday-gol-tem-passagens-a-partir-de-r-119\/#article","isPartOf":{"@id":"https:\/\/www.cidademarketing.com.br\/marketing\/2022\/11\/25\/black-friday-gol-tem-passagens-a-partir-de-r-119\/"},"author":{"name":"Thales Brand\u00e3o","@id":"https:\/\/www.cidademarketing.com.br\/marketing\/#\/schema\/person\/02daff9f18bd9378c9e01eb6b2db155f"},"headline":"Black Friday GOL tem passagens a partir de R$ 119","datePublished":"2022-11-25T03:36:48+00:00","mainEntityOfPage":{"@id":"https:\/\/www.cidademarketing.com.br\/marketing\/2022\/11\/25\/black-friday-gol-tem-passagens-a-partir-de-r-119\/"},"wordCount":851,"commentCount":0,"publisher":{"@id":"https:\/\/www.cidademarketing.com.br\/marketing\/#organization"},"image":{"@id":"https:\/\/www.cidademarketing.com.br\/marketing\/2022\/11\/25\/black-friday-gol-tem-passagens-a-partir-de-r-119\/#primaryimage"},"thumbnailUrl":"https:\/\/www.cidademarketing.com.br\/marketing\/wp-content\/uploads\/2022\/11\/blackfriday_gol-1.jpg","keywords":["Black Friday","desconto","estrat\u00e9gia","Gol","marketing","promo\u00e7\u00e3o"],"articleSection":["Not\u00edcias"],"inLanguage":"pt-BR","potentialAction":[{"@type":"CommentAction","name":"Comment","target":["https:\/\/www.cidademarketing.com.br\/marketing\/2022\/11\/25\/black-friday-gol-tem-passagens-a-partir-de-r-119\/#respond"]}]},{"@type":"WebPage","@id":"https:\/\/www.cidademarketing.com.br\/marketing\/2022\/11\/25\/black-friday-gol-tem-passagens-a-partir-de-r-119\/","url":"https:\/\/www.cidademarketing.com.br\/marketing\/2022\/11\/25\/black-friday-gol-tem-passagens-a-partir-de-r-119\/","name":"Black Friday GOL tem passagens a partir de R$ 119 - CidadeMarketing","isPartOf":{"@id":"https:\/\/www.cidademarketing.com.br\/marketing\/#website"},"primaryImageOfPage":{"@id":"https:\/\/www.cidademarketing.com.br\/marketing\/2022\/11\/25\/black-friday-gol-tem-passagens-a-partir-de-r-119\/#primaryimage"},"image":{"@id":"https:\/\/www.cidademarketing.com.br\/marketing\/2022\/11\/25\/black-friday-gol-tem-passagens-a-partir-de-r-119\/#primaryimage"},"thumbnailUrl":"https:\/\/www.cidademarketing.com.br\/marketing\/wp-content\/uploads\/2022\/11\/blackfriday_gol-1.jpg","datePublished":"2022-11-25T03:36:48+00:00","breadcrumb":{"@id":"https:\/\/www.cidademarketing.com.br\/marketing\/2022\/11\/25\/black-friday-gol-tem-passagens-a-partir-de-r-119\/#breadcrumb"},"inLanguage":"pt-BR","potentialAction":[{"@type":"ReadAction","target":["https:\/\/www.cidademarketing.com.br\/marketing\/2022\/11\/25\/black-friday-gol-tem-passagens-a-partir-de-r-119\/"]}]},{"@type":"ImageObject","inLanguage":"pt-BR","@id":"https:\/\/www.cidademarketing.com.br\/marketing\/2022\/11\/25\/black-friday-gol-tem-passagens-a-partir-de-r-119\/#primaryimage","url":"https:\/\/www.cidademarketing.com.br\/marketing\/wp-content\/uploads\/2022\/11\/blackfriday_gol-1.jpg","contentUrl":"https:\/\/www.cidademarketing.com.br\/marketing\/wp-content\/uploads\/2022\/11\/blackfriday_gol-1.jpg","width":658,"height":370},{"@type":"BreadcrumbList","@id":"https:\/\/www.cidademarketing.com.br\/marketing\/2022\/11\/25\/black-friday-gol-tem-passagens-a-partir-de-r-119\/#breadcrumb","itemListElement":[{"@type":"ListItem","position":1,"name":"In\u00edcio","item":"https:\/\/www.cidademarketing.com.br\/marketing\/"},{"@type":"ListItem","position":2,"name":"Black Friday GOL tem passagens a partir de R$ 119"}]},{"@type":"WebSite","@id":"https:\/\/www.cidademarketing.com.br\/marketing\/#website","url":"https:\/\/www.cidademarketing.com.br\/marketing\/","name":"CidadeMarketing","description":"Somos um ve\u00edculo de comunica\u00e7\u00e3o de destaque no Brasil, reconhecido por conte\u00fados nos segmentos de marketing, empreendedorismo e inova\u00e7\u00e3o.","publisher":{"@id":"https:\/\/www.cidademarketing.com.br\/marketing\/#organization"},"alternateName":"CidadeMarketing","potentialAction":[{"@type":"SearchAction","target":{"@type":"EntryPoint","urlTemplate":"https:\/\/www.cidademarketing.com.br\/marketing\/?s={search_term_string}"},"query-input":{"@type":"PropertyValueSpecification","valueRequired":true,"valueName":"search_term_string"}}],"inLanguage":"pt-BR"},{"@type":"Organization","@id":"https:\/\/www.cidademarketing.com.br\/marketing\/#organization","name":"CidadeMarketing","alternateName":"CidadeMarketing","url":"https:\/\/www.cidademarketing.com.br\/marketing\/","logo":{"@type":"ImageObject","inLanguage":"pt-BR","@id":"https:\/\/www.cidademarketing.com.br\/marketing\/#\/schema\/logo\/image\/","url":"https:\/\/www.cidademarketing.com.br\/marketing\/wp-content\/uploads\/2020\/01\/cidademarketing_marca_mobile.png","contentUrl":"https:\/\/www.cidademarketing.com.br\/marketing\/wp-content\/uploads\/2020\/01\/cidademarketing_marca_mobile.png","width":230,"height":92,"caption":"CidadeMarketing"},"image":{"@id":"https:\/\/www.cidademarketing.com.br\/marketing\/#\/schema\/logo\/image\/"},"sameAs":["https:\/\/www.facebook.com\/portalcidademarketing","https:\/\/x.com\/CidadeMarketing","https:\/\/www.instagram.com\/cidademarketing\/"]},{"@type":"Person","@id":"https:\/\/www.cidademarketing.com.br\/marketing\/#\/schema\/person\/02daff9f18bd9378c9e01eb6b2db155f","name":"Thales Brand\u00e3o","image":{"@type":"ImageObject","inLanguage":"pt-BR","@id":"https:\/\/secure.gravatar.com\/avatar\/7ca3206950207cc3cb48feec56a8a7898741ab725c368d99d5d7a5a50aab80c6?s=96&d=mm&r=g","url":"https:\/\/secure.gravatar.com\/avatar\/7ca3206950207cc3cb48feec56a8a7898741ab725c368d99d5d7a5a50aab80c6?s=96&d=mm&r=g","contentUrl":"https:\/\/secure.gravatar.com\/avatar\/7ca3206950207cc3cb48feec56a8a7898741ab725c368d99d5d7a5a50aab80c6?s=96&d=mm&r=g","caption":"Thales Brand\u00e3o"},"description":"Editor Executivo do Portal CidadeMarketing.com.br &gt; Mestre em Comunica\u00e7\u00e3o e Sociedade pela Universidade Federal de Sergipe. Possui MBA Executivo em Administra\u00e7\u00e3o com \u00eanfase em Marketing pela Funda\u00e7\u00e3o Get\u00falio Vargas - Rio de Janeiro. Consultor, Palestrante e Pesquisador sobre Empreendedorismo, Marketing, Redes Sociais e Neg\u00f3cios Digitais. Professor, Palestrante TedxTalks e Campus Party. Twitter: @ThalesBrandao","sameAs":["http:\/\/www.mandacaru.com.br","https:\/\/www.facebook.com\/thalesbrandao","http:\/\/www.instagram.com.br\/thalesbrandaoferreira","https:\/\/www.linkedin.com\/in\/thales-brand\u00e3o-3948609\/","https:\/\/x.com\/http:\/\/www.twitter.com\/thalesbrandao"],"url":"https:\/\/www.cidademarketing.com.br\/marketing\/author\/thalesbrandao\/"}]}},"amp_enabled":true,"_links":{"self":[{"href":"https:\/\/www.cidademarketing.com.br\/marketing\/wp-json\/wp\/v2\/posts\/40476","targetHints":{"allow":["GET"]}}],"collection":[{"href":"https:\/\/www.cidademarketing.com.br\/marketing\/wp-json\/wp\/v2\/posts"}],"about":[{"href":"https:\/\/www.cidademarketing.com.br\/marketing\/wp-json\/wp\/v2\/types\/post"}],"author":[{"embeddable":true,"href":"https:\/\/www.cidademarketing.com.br\/marketing\/wp-json\/wp\/v2\/users\/1"}],"replies":[{"embeddable":true,"href":"https:\/\/www.cidademarketing.com.br\/marketing\/wp-json\/wp\/v2\/comments?post=40476"}],"version-history":[{"count":1,"href":"https:\/\/www.cidademarketing.com.br\/marketing\/wp-json\/wp\/v2\/posts\/40476\/revisions"}],"predecessor-version":[{"id":40478,"href":"https:\/\/www.cidademarketing.com.br\/marketing\/wp-json\/wp\/v2\/posts\/40476\/revisions\/40478"}],"wp:featuredmedia":[{"embeddable":true,"href":"https:\/\/www.cidademarketing.com.br\/marketing\/wp-json\/wp\/v2\/media\/40477"}],"wp:attachment":[{"href":"https:\/\/www.cidademarketing.com.br\/marketing\/wp-json\/wp\/v2\/media?parent=40476"}],"wp:term":[{"taxonomy":"category","embeddable":true,"href":"https:\/\/www.cidademarketing.com.br\/marketing\/wp-json\/wp\/v2\/categories?post=40476"},{"taxonomy":"post_tag","embeddable":true,"href":"https:\/\/www.cidademarketing.com.br\/marketing\/wp-json\/wp\/v2\/tags?post=40476"}],"curies":[{"name":"wp","href":"https:\/\/api.w.org\/{rel}","templated":true}]}}