{"id":40425,"date":"2022-11-23T21:44:56","date_gmt":"2022-11-24T00:44:56","guid":{"rendered":"https:\/\/www.cidademarketing.com.br\/marketing\/?p=40425"},"modified":"2022-11-23T21:44:56","modified_gmt":"2022-11-24T00:44:56","slug":"nespresso-lanca-webserie-que-marca-o-lancamento-do-primeiro-cafe-organico-o-brazil-organic","status":"publish","type":"post","link":"https:\/\/www.cidademarketing.com.br\/marketing\/2022\/11\/23\/nespresso-lanca-webserie-que-marca-o-lancamento-do-primeiro-cafe-organico-o-brazil-organic\/","title":{"rendered":"Nespresso lan\u00e7a webs\u00e9rie que marca o lan\u00e7amento do primeiro caf\u00e9 org\u00e2nico, o Brazil Organic"},"content":{"rendered":"<p>Para marcar o lan\u00e7amento do primeiro caf\u00e9 org\u00e2nico, o Brazil Organic, a Nespresso, l\u00edder em caf\u00e9s porcionados de alta qualidade sustent\u00e1vel, apresenta uma webs\u00e9rie autoral estrelada pelo Chef Rodrigo Oliveira. O conte\u00fado tem como objetivo conscientizar o p\u00fablico sobre o caf\u00e9 ser um recurso precioso que tem seu futuro amea\u00e7ado devido \u00e0s mudan\u00e7as clim\u00e1ticas.<\/p>\n<p><iframe title=\"Spotify Embed: Podcast CidadeMarketing\" style=\"border-radius: 12px\" width=\"100%\" height=\"152\" frameborder=\"0\" allowfullscreen allow=\"autoplay; clipboard-write; encrypted-media; fullscreen; picture-in-picture\" loading=\"lazy\" src=\"https:\/\/open.spotify.com\/embed\/show\/4khMKzP3FgFRWVwb73xicc?si=252fe5bff2b34909&#038;utm_source=oembed\"><\/iframe><\/p>\n<p>Em tr\u00eas epis\u00f3dios, o l\u00edder dos renomados restaurantes Mocot\u00f3, Balaio IMS e rec\u00e9m-inaugurado Caboclo em Los Angeles, narra as amea\u00e7as que as mudan\u00e7as clim\u00e1ticas representam para o futuro do caf\u00e9 e as comunidades agr\u00edcolas, al\u00e9m de apresentar algumas das iniciativas que a marca engaja para combater este cen\u00e1rio.<\/p>\n<p>No primeiro v\u00eddeo, intitulado Cuidado Al\u00e9m do Solo e j\u00e1 lan\u00e7ado nos canais propriet\u00e1rios da Nespresso, o tema \u00e9 o diferencial da produ\u00e7\u00e3o do caf\u00e9 org\u00e2nico, os recursos naturais e alternativas de plantio que permitem uma produ\u00e7\u00e3o 100% livre de defensivos agr\u00edcolas. O conte\u00fado tamb\u00e9m introduz algumas t\u00e9cnicas de agricultura regenerativa, como a vegeta\u00e7\u00e3o de cobertura e monitoramento da sa\u00fade do solo.<\/p>\n<p>No segundo epis\u00f3dio, Cuidado Al\u00e9m da X\u00edcara, a ser veiculado no come\u00e7o de dezembro, Rodrigo conversa com a Coffee Ambassador, Tatiana Nakamura, sobre a produ\u00e7\u00e3o org\u00e2nica da Nespresso e a qualidade superior dos gr\u00e3os selecionados. Neste contexto, eles abordam tamb\u00e9m iniciativas da marca como o Programa Nespresso AAA de Qualidade Sustent\u00e1vel\u2122 que oferece assist\u00eancia t\u00e9cnica, capacita\u00e7\u00e3o e treinamento em troca da ado\u00e7\u00e3o de pr\u00e1ticas agr\u00edcolas sustent\u00e1veis, que permitem a regenera\u00e7\u00e3o natural do solo, emite menos gases e tem uma pegada de carbono reduzida.<\/p>\n<p>Hoje, 100% do caf\u00e9 Nespresso no Brasil \u00e9 adquirido por meio do programa, tendo 1.300 fazendas com essas pr\u00e1ticas implantadas e com a agricultura regenerativa cada vez mais presente e dominante.<\/p>\n<p>Por fim, a pe\u00e7a final, intitulada Cuidando do Futuro do Nosso Caf\u00e9, refor\u00e7a as amea\u00e7as das mudan\u00e7as clim\u00e1ticas, revelando dados alarmantes de estudos onde indicam que a produ\u00e7\u00e3o de caf\u00e9 pode diminuir cerca de 85% nas pr\u00f3ximas d\u00e9cadas e convidando os consumidores a refletirem sobre o assunto.<\/p>\n<p>Os tr\u00eas v\u00eddeos s\u00e3o dirigidos por Martin Toro e idealizados pela ag\u00eancia VMLY&amp;R em parceria com a produtora Vandalo para veicula\u00e7\u00e3o nas redes sociais da marca e do Chef Rodrigo Oliveira. A iniciativa tamb\u00e9m conta com uma landing page trazendo informa\u00e7\u00f5es sobre as mudan\u00e7as clim\u00e1ticas e as a\u00e7\u00f5es de sustentabilidade da Nespresso, refor\u00e7ando a credibilidade e fornecendo comprova\u00e7\u00f5es da efetividade de suas a\u00e7\u00f5es.<\/p>\n<p>Este ano, a Nespresso conquistou o certificado de Empresa B, se unindo a um movimento internacional de 4.500 empresas com prop\u00f3sitos que atendem a altos padr\u00f5es de responsabilidade social, ambiental e transpar\u00eancia. Entre as principais contribui\u00e7\u00f5es est\u00e3o a abordagem exclusiva ao fornecimento de caf\u00e9 &#8212; por meio do Programa Nespresso AAA de Qualidade Sustent\u00e1vel\u2122, desenvolvido em parceria com a Rainforest Alliance, a alian\u00e7a estrat\u00e9gica com a Fairtrade e o programa global de reciclagem das c\u00e1psulas de alum\u00ednio. Al\u00e9m disso, no Brasil, 100% dos consumidores t\u00eam acesso a uma solu\u00e7\u00e3o de reciclagem de c\u00e1psulas, atrav\u00e9s de mais de 200 pontos de coleta.<\/p>\n<p>\u201cAs mudan\u00e7as clim\u00e1ticas amea\u00e7am o futuro do caf\u00e9 e a prosperidade daqueles que o cultivam\u201d, afirma M\u00f4nica Lopes, Diretora de Marketing da Nespresso Brasil. \u201cCom a webs\u00e9rie procuramos comunicar os valores sustent\u00e1veis fundamentais da Nespresso e convidar o p\u00fablico a refletir e proteger o futuro do caf\u00e9 conosco\u201d.<\/p>\n<p>A parceria da Nespresso com o renomado Chef j\u00e1 \u00e9 de longa data. Cliente do segmento Nespresso Professional, segmento de neg\u00f3cios que hoje atende seus tr\u00eas restaurantes, Rodrigo Oliveira atuou como embaixador do lan\u00e7amento caf\u00e9 Rio de Janeiro, propondo receitas especiais e harmoniza\u00e7\u00f5es. O especialista na culin\u00e1ria nordestina tamb\u00e9m j\u00e1 se aliou \u00e0 empresa em causas sociais, por meio de doa\u00e7\u00e3o de renda para sua ONG Quebrada Alimentada, que atende pessoas em situa\u00e7\u00e3o de vulnerabilidade. O projeto visa distribui\u00e7\u00e3o de marmitas e cestas b\u00e1sicas para a popula\u00e7\u00e3o carente, e os alimentos usados para a prepara\u00e7\u00e3o dessas refei\u00e7\u00f5es foram comprados de produtores de hortali\u00e7as org\u00e2nicas de Parelheiros, parceiros da iniciativa Nespresso Hortas que recebem a borra de caf\u00e9 das c\u00e1psulas para composto org\u00e2nico.<\/p>\n<div class=\"youtube-embed\" data-video_id=\"oiDpoNZhU1I\"><iframe title=\"Nespresso - Nespresso x Rodrigo Oliveira \u2013 Brazil Organic \u2013 Epis\u00f3dio 2 | BR\" width=\"640\" height=\"360\" src=\"https:\/\/www.youtube.com\/embed\/oiDpoNZhU1I?feature=oembed&#038;enablejsapi=1\" frameborder=\"0\" allow=\"accelerometer; autoplay; clipboard-write; encrypted-media; gyroscope; picture-in-picture; web-share\" referrerpolicy=\"strict-origin-when-cross-origin\" allowfullscreen><\/iframe><\/div>\n<p>Ficha T\u00e9cnica<\/p>\n<p>Cliente: NESTLE BRASIL LTDA.<br \/>\nProduto: Nespresso<br \/>\nTi\u0301tulo: W\u00e9bserie Brazil Organic<br \/>\nDurac\u0327a\u0303o: 90\u201d<br \/>\nAg\u00eancia: VMLY&amp;R<br \/>\nDirec\u0327a\u0303o: Martin Toro<\/p>\n<p><iframe style=\"width: 100%; max-width: 660px; overflow: hidden; background: transparent;\" src=\"https:\/\/embed.podcasts.apple.com\/br\/podcast\/podcast-cidademarketing\/id1371923283\" height=\"450\" frameborder=\"0\" sandbox=\"allow-forms allow-popups allow-same-origin allow-scripts allow-storage-access-by-user-activation allow-top-navigation-by-user-activation\"><\/iframe><\/p>\n","protected":false},"excerpt":{"rendered":"<p>Para marcar o lan\u00e7amento do primeiro caf\u00e9 org\u00e2nico, o Brazil Organic, a Nespresso, l\u00edder em caf\u00e9s porcionados de alta qualidade sustent\u00e1vel, apresenta uma webs\u00e9rie autoral estrelada pelo Chef Rodrigo Oliveira. O conte\u00fado tem como objetivo conscientizar o p\u00fablico sobre o caf\u00e9 ser um recurso precioso que tem seu futuro amea\u00e7ado devido \u00e0s mudan\u00e7as clim\u00e1ticas. Em [&hellip;]<\/p>\n","protected":false},"author":1,"featured_media":40426,"comment_status":"open","ping_status":"open","sticky":false,"template":"","format":"standard","meta":{"tdm_status":"","tdm_grid_status":"","footnotes":""},"categories":[6],"tags":[1746,65,33,28,177,2912,176],"class_list":["post-40425","post","type-post","status-publish","format-standard","has-post-thumbnail","hentry","category-noticias","tag-cafe","tag-campanha","tag-estrategia","tag-marketing","tag-marketing-social","tag-nespresso","tag-sustentabilidade"],"yoast_head":"<!-- This site is optimized with the Yoast SEO plugin v27.5 - https:\/\/yoast.com\/product\/yoast-seo-wordpress\/ -->\n<title>Nespresso lan\u00e7a webs\u00e9rie que marca o lan\u00e7amento do primeiro caf\u00e9 org\u00e2nico, o Brazil Organic - CidadeMarketing<\/title>\n<meta name=\"robots\" content=\"index, follow, max-snippet:-1, max-image-preview:large, max-video-preview:-1\" \/>\n<link rel=\"canonical\" href=\"https:\/\/www.cidademarketing.com.br\/marketing\/2022\/11\/23\/nespresso-lanca-webserie-que-marca-o-lancamento-do-primeiro-cafe-organico-o-brazil-organic\/\" \/>\n<meta property=\"og:locale\" content=\"pt_BR\" \/>\n<meta property=\"og:type\" content=\"article\" \/>\n<meta property=\"og:title\" content=\"Nespresso lan\u00e7a webs\u00e9rie que marca o lan\u00e7amento do primeiro caf\u00e9 org\u00e2nico, o Brazil Organic - CidadeMarketing\" \/>\n<meta property=\"og:description\" content=\"Para marcar o lan\u00e7amento do primeiro caf\u00e9 org\u00e2nico, o Brazil Organic, a Nespresso, l\u00edder em caf\u00e9s porcionados de alta qualidade sustent\u00e1vel, apresenta uma webs\u00e9rie autoral estrelada pelo Chef Rodrigo Oliveira. O conte\u00fado tem como objetivo conscientizar o p\u00fablico sobre o caf\u00e9 ser um recurso precioso que tem seu futuro amea\u00e7ado devido \u00e0s mudan\u00e7as clim\u00e1ticas. Em [&hellip;]\" \/>\n<meta property=\"og:url\" content=\"https:\/\/www.cidademarketing.com.br\/marketing\/2022\/11\/23\/nespresso-lanca-webserie-que-marca-o-lancamento-do-primeiro-cafe-organico-o-brazil-organic\/\" \/>\n<meta property=\"og:site_name\" content=\"CidadeMarketing\" \/>\n<meta property=\"article:publisher\" content=\"https:\/\/www.facebook.com\/portalcidademarketing\" \/>\n<meta property=\"article:author\" content=\"https:\/\/www.facebook.com\/thalesbrandao\" \/>\n<meta property=\"article:published_time\" content=\"2022-11-24T00:44:56+00:00\" \/>\n<meta property=\"og:image\" content=\"https:\/\/www.cidademarketing.com.br\/marketing\/wp-content\/uploads\/2022\/11\/brazil_organic_nespresso.jpg\" \/>\n\t<meta property=\"og:image:width\" content=\"1167\" \/>\n\t<meta property=\"og:image:height\" content=\"588\" \/>\n\t<meta property=\"og:image:type\" content=\"image\/jpeg\" \/>\n<meta name=\"author\" content=\"Thales Brand\u00e3o\" \/>\n<meta name=\"twitter:card\" content=\"summary_large_image\" \/>\n<meta name=\"twitter:creator\" content=\"@http:\/\/www.twitter.com\/thalesbrandao\" \/>\n<meta name=\"twitter:site\" content=\"@CidadeMarketing\" \/>\n<meta name=\"twitter:label1\" content=\"Escrito por\" \/>\n\t<meta name=\"twitter:data1\" content=\"Thales Brand\u00e3o\" \/>\n\t<meta name=\"twitter:label2\" content=\"Est. tempo de leitura\" \/>\n\t<meta name=\"twitter:data2\" content=\"4 minutos\" \/>\n<script type=\"application\/ld+json\" class=\"yoast-schema-graph\">{\"@context\":\"https:\\\/\\\/schema.org\",\"@graph\":[{\"@type\":\"Article\",\"@id\":\"https:\\\/\\\/www.cidademarketing.com.br\\\/marketing\\\/2022\\\/11\\\/23\\\/nespresso-lanca-webserie-que-marca-o-lancamento-do-primeiro-cafe-organico-o-brazil-organic\\\/#article\",\"isPartOf\":{\"@id\":\"https:\\\/\\\/www.cidademarketing.com.br\\\/marketing\\\/2022\\\/11\\\/23\\\/nespresso-lanca-webserie-que-marca-o-lancamento-do-primeiro-cafe-organico-o-brazil-organic\\\/\"},\"author\":{\"name\":\"Thales Brand\u00e3o\",\"@id\":\"https:\\\/\\\/www.cidademarketing.com.br\\\/marketing\\\/#\\\/schema\\\/person\\\/02daff9f18bd9378c9e01eb6b2db155f\"},\"headline\":\"Nespresso lan\u00e7a webs\u00e9rie que marca o lan\u00e7amento do primeiro caf\u00e9 org\u00e2nico, o Brazil Organic\",\"datePublished\":\"2022-11-24T00:44:56+00:00\",\"mainEntityOfPage\":{\"@id\":\"https:\\\/\\\/www.cidademarketing.com.br\\\/marketing\\\/2022\\\/11\\\/23\\\/nespresso-lanca-webserie-que-marca-o-lancamento-do-primeiro-cafe-organico-o-brazil-organic\\\/\"},\"wordCount\":832,\"commentCount\":0,\"publisher\":{\"@id\":\"https:\\\/\\\/www.cidademarketing.com.br\\\/marketing\\\/#organization\"},\"image\":{\"@id\":\"https:\\\/\\\/www.cidademarketing.com.br\\\/marketing\\\/2022\\\/11\\\/23\\\/nespresso-lanca-webserie-que-marca-o-lancamento-do-primeiro-cafe-organico-o-brazil-organic\\\/#primaryimage\"},\"thumbnailUrl\":\"https:\\\/\\\/www.cidademarketing.com.br\\\/marketing\\\/wp-content\\\/uploads\\\/2022\\\/11\\\/brazil_organic_nespresso.jpg\",\"keywords\":[\"caf\u00e9\",\"campanha\",\"estrat\u00e9gia\",\"marketing\",\"marketing social\",\"Nespresso\",\"sustentabilidade\"],\"articleSection\":[\"Not\u00edcias\"],\"inLanguage\":\"pt-BR\",\"potentialAction\":[{\"@type\":\"CommentAction\",\"name\":\"Comment\",\"target\":[\"https:\\\/\\\/www.cidademarketing.com.br\\\/marketing\\\/2022\\\/11\\\/23\\\/nespresso-lanca-webserie-que-marca-o-lancamento-do-primeiro-cafe-organico-o-brazil-organic\\\/#respond\"]}]},{\"@type\":\"WebPage\",\"@id\":\"https:\\\/\\\/www.cidademarketing.com.br\\\/marketing\\\/2022\\\/11\\\/23\\\/nespresso-lanca-webserie-que-marca-o-lancamento-do-primeiro-cafe-organico-o-brazil-organic\\\/\",\"url\":\"https:\\\/\\\/www.cidademarketing.com.br\\\/marketing\\\/2022\\\/11\\\/23\\\/nespresso-lanca-webserie-que-marca-o-lancamento-do-primeiro-cafe-organico-o-brazil-organic\\\/\",\"name\":\"Nespresso lan\u00e7a webs\u00e9rie que marca o lan\u00e7amento do primeiro caf\u00e9 org\u00e2nico, o Brazil Organic - CidadeMarketing\",\"isPartOf\":{\"@id\":\"https:\\\/\\\/www.cidademarketing.com.br\\\/marketing\\\/#website\"},\"primaryImageOfPage\":{\"@id\":\"https:\\\/\\\/www.cidademarketing.com.br\\\/marketing\\\/2022\\\/11\\\/23\\\/nespresso-lanca-webserie-que-marca-o-lancamento-do-primeiro-cafe-organico-o-brazil-organic\\\/#primaryimage\"},\"image\":{\"@id\":\"https:\\\/\\\/www.cidademarketing.com.br\\\/marketing\\\/2022\\\/11\\\/23\\\/nespresso-lanca-webserie-que-marca-o-lancamento-do-primeiro-cafe-organico-o-brazil-organic\\\/#primaryimage\"},\"thumbnailUrl\":\"https:\\\/\\\/www.cidademarketing.com.br\\\/marketing\\\/wp-content\\\/uploads\\\/2022\\\/11\\\/brazil_organic_nespresso.jpg\",\"datePublished\":\"2022-11-24T00:44:56+00:00\",\"breadcrumb\":{\"@id\":\"https:\\\/\\\/www.cidademarketing.com.br\\\/marketing\\\/2022\\\/11\\\/23\\\/nespresso-lanca-webserie-que-marca-o-lancamento-do-primeiro-cafe-organico-o-brazil-organic\\\/#breadcrumb\"},\"inLanguage\":\"pt-BR\",\"potentialAction\":[{\"@type\":\"ReadAction\",\"target\":[\"https:\\\/\\\/www.cidademarketing.com.br\\\/marketing\\\/2022\\\/11\\\/23\\\/nespresso-lanca-webserie-que-marca-o-lancamento-do-primeiro-cafe-organico-o-brazil-organic\\\/\"]}]},{\"@type\":\"ImageObject\",\"inLanguage\":\"pt-BR\",\"@id\":\"https:\\\/\\\/www.cidademarketing.com.br\\\/marketing\\\/2022\\\/11\\\/23\\\/nespresso-lanca-webserie-que-marca-o-lancamento-do-primeiro-cafe-organico-o-brazil-organic\\\/#primaryimage\",\"url\":\"https:\\\/\\\/www.cidademarketing.com.br\\\/marketing\\\/wp-content\\\/uploads\\\/2022\\\/11\\\/brazil_organic_nespresso.jpg\",\"contentUrl\":\"https:\\\/\\\/www.cidademarketing.com.br\\\/marketing\\\/wp-content\\\/uploads\\\/2022\\\/11\\\/brazil_organic_nespresso.jpg\",\"width\":1167,\"height\":588,\"caption\":\"Reprodu\u00e7\u00e3o\"},{\"@type\":\"BreadcrumbList\",\"@id\":\"https:\\\/\\\/www.cidademarketing.com.br\\\/marketing\\\/2022\\\/11\\\/23\\\/nespresso-lanca-webserie-que-marca-o-lancamento-do-primeiro-cafe-organico-o-brazil-organic\\\/#breadcrumb\",\"itemListElement\":[{\"@type\":\"ListItem\",\"position\":1,\"name\":\"In\u00edcio\",\"item\":\"https:\\\/\\\/www.cidademarketing.com.br\\\/marketing\\\/\"},{\"@type\":\"ListItem\",\"position\":2,\"name\":\"Nespresso lan\u00e7a webs\u00e9rie que marca o lan\u00e7amento do primeiro caf\u00e9 org\u00e2nico, o Brazil Organic\"}]},{\"@type\":\"WebSite\",\"@id\":\"https:\\\/\\\/www.cidademarketing.com.br\\\/marketing\\\/#website\",\"url\":\"https:\\\/\\\/www.cidademarketing.com.br\\\/marketing\\\/\",\"name\":\"CidadeMarketing\",\"description\":\"Somos um ve\u00edculo de comunica\u00e7\u00e3o de destaque no Brasil, reconhecido por conte\u00fados nos segmentos de marketing, empreendedorismo e inova\u00e7\u00e3o.\",\"publisher\":{\"@id\":\"https:\\\/\\\/www.cidademarketing.com.br\\\/marketing\\\/#organization\"},\"alternateName\":\"CidadeMarketing\",\"potentialAction\":[{\"@type\":\"SearchAction\",\"target\":{\"@type\":\"EntryPoint\",\"urlTemplate\":\"https:\\\/\\\/www.cidademarketing.com.br\\\/marketing\\\/?s={search_term_string}\"},\"query-input\":{\"@type\":\"PropertyValueSpecification\",\"valueRequired\":true,\"valueName\":\"search_term_string\"}}],\"inLanguage\":\"pt-BR\"},{\"@type\":\"Organization\",\"@id\":\"https:\\\/\\\/www.cidademarketing.com.br\\\/marketing\\\/#organization\",\"name\":\"CidadeMarketing\",\"alternateName\":\"CidadeMarketing\",\"url\":\"https:\\\/\\\/www.cidademarketing.com.br\\\/marketing\\\/\",\"logo\":{\"@type\":\"ImageObject\",\"inLanguage\":\"pt-BR\",\"@id\":\"https:\\\/\\\/www.cidademarketing.com.br\\\/marketing\\\/#\\\/schema\\\/logo\\\/image\\\/\",\"url\":\"https:\\\/\\\/www.cidademarketing.com.br\\\/marketing\\\/wp-content\\\/uploads\\\/2020\\\/01\\\/cidademarketing_marca_mobile.png\",\"contentUrl\":\"https:\\\/\\\/www.cidademarketing.com.br\\\/marketing\\\/wp-content\\\/uploads\\\/2020\\\/01\\\/cidademarketing_marca_mobile.png\",\"width\":230,\"height\":92,\"caption\":\"CidadeMarketing\"},\"image\":{\"@id\":\"https:\\\/\\\/www.cidademarketing.com.br\\\/marketing\\\/#\\\/schema\\\/logo\\\/image\\\/\"},\"sameAs\":[\"https:\\\/\\\/www.facebook.com\\\/portalcidademarketing\",\"https:\\\/\\\/x.com\\\/CidadeMarketing\",\"https:\\\/\\\/www.instagram.com\\\/cidademarketing\\\/\"]},{\"@type\":\"Person\",\"@id\":\"https:\\\/\\\/www.cidademarketing.com.br\\\/marketing\\\/#\\\/schema\\\/person\\\/02daff9f18bd9378c9e01eb6b2db155f\",\"name\":\"Thales Brand\u00e3o\",\"image\":{\"@type\":\"ImageObject\",\"inLanguage\":\"pt-BR\",\"@id\":\"https:\\\/\\\/secure.gravatar.com\\\/avatar\\\/7ca3206950207cc3cb48feec56a8a7898741ab725c368d99d5d7a5a50aab80c6?s=96&d=mm&r=g\",\"url\":\"https:\\\/\\\/secure.gravatar.com\\\/avatar\\\/7ca3206950207cc3cb48feec56a8a7898741ab725c368d99d5d7a5a50aab80c6?s=96&d=mm&r=g\",\"contentUrl\":\"https:\\\/\\\/secure.gravatar.com\\\/avatar\\\/7ca3206950207cc3cb48feec56a8a7898741ab725c368d99d5d7a5a50aab80c6?s=96&d=mm&r=g\",\"caption\":\"Thales Brand\u00e3o\"},\"description\":\"Editor Executivo do Portal CidadeMarketing.com.br &gt; Mestre em Comunica\u00e7\u00e3o e Sociedade pela Universidade Federal de Sergipe. Possui MBA Executivo em Administra\u00e7\u00e3o com \u00eanfase em Marketing pela Funda\u00e7\u00e3o Get\u00falio Vargas - Rio de Janeiro. Consultor, Palestrante e Pesquisador sobre Empreendedorismo, Marketing, Redes Sociais e Neg\u00f3cios Digitais. Professor, Palestrante TedxTalks e Campus Party. Twitter: @ThalesBrandao\",\"sameAs\":[\"http:\\\/\\\/www.mandacaru.com.br\",\"https:\\\/\\\/www.facebook.com\\\/thalesbrandao\",\"http:\\\/\\\/www.instagram.com.br\\\/thalesbrandaoferreira\",\"https:\\\/\\\/www.linkedin.com\\\/in\\\/thales-brand\u00e3o-3948609\\\/\",\"https:\\\/\\\/x.com\\\/http:\\\/\\\/www.twitter.com\\\/thalesbrandao\"],\"url\":\"https:\\\/\\\/www.cidademarketing.com.br\\\/marketing\\\/author\\\/thalesbrandao\\\/\"}]}<\/script>\n<!-- \/ Yoast SEO plugin. -->","yoast_head_json":{"title":"Nespresso lan\u00e7a webs\u00e9rie que marca o lan\u00e7amento do primeiro caf\u00e9 org\u00e2nico, o Brazil Organic - CidadeMarketing","robots":{"index":"index","follow":"follow","max-snippet":"max-snippet:-1","max-image-preview":"max-image-preview:large","max-video-preview":"max-video-preview:-1"},"canonical":"https:\/\/www.cidademarketing.com.br\/marketing\/2022\/11\/23\/nespresso-lanca-webserie-que-marca-o-lancamento-do-primeiro-cafe-organico-o-brazil-organic\/","og_locale":"pt_BR","og_type":"article","og_title":"Nespresso lan\u00e7a webs\u00e9rie que marca o lan\u00e7amento do primeiro caf\u00e9 org\u00e2nico, o Brazil Organic - CidadeMarketing","og_description":"Para marcar o lan\u00e7amento do primeiro caf\u00e9 org\u00e2nico, o Brazil Organic, a Nespresso, l\u00edder em caf\u00e9s porcionados de alta qualidade sustent\u00e1vel, apresenta uma webs\u00e9rie autoral estrelada pelo Chef Rodrigo Oliveira. O conte\u00fado tem como objetivo conscientizar o p\u00fablico sobre o caf\u00e9 ser um recurso precioso que tem seu futuro amea\u00e7ado devido \u00e0s mudan\u00e7as clim\u00e1ticas. Em [&hellip;]","og_url":"https:\/\/www.cidademarketing.com.br\/marketing\/2022\/11\/23\/nespresso-lanca-webserie-que-marca-o-lancamento-do-primeiro-cafe-organico-o-brazil-organic\/","og_site_name":"CidadeMarketing","article_publisher":"https:\/\/www.facebook.com\/portalcidademarketing","article_author":"https:\/\/www.facebook.com\/thalesbrandao","article_published_time":"2022-11-24T00:44:56+00:00","og_image":[{"width":1167,"height":588,"url":"https:\/\/www.cidademarketing.com.br\/marketing\/wp-content\/uploads\/2022\/11\/brazil_organic_nespresso.jpg","type":"image\/jpeg"}],"author":"Thales Brand\u00e3o","twitter_card":"summary_large_image","twitter_creator":"@http:\/\/www.twitter.com\/thalesbrandao","twitter_site":"@CidadeMarketing","twitter_misc":{"Escrito por":"Thales Brand\u00e3o","Est. tempo de leitura":"4 minutos"},"schema":{"@context":"https:\/\/schema.org","@graph":[{"@type":"Article","@id":"https:\/\/www.cidademarketing.com.br\/marketing\/2022\/11\/23\/nespresso-lanca-webserie-que-marca-o-lancamento-do-primeiro-cafe-organico-o-brazil-organic\/#article","isPartOf":{"@id":"https:\/\/www.cidademarketing.com.br\/marketing\/2022\/11\/23\/nespresso-lanca-webserie-que-marca-o-lancamento-do-primeiro-cafe-organico-o-brazil-organic\/"},"author":{"name":"Thales Brand\u00e3o","@id":"https:\/\/www.cidademarketing.com.br\/marketing\/#\/schema\/person\/02daff9f18bd9378c9e01eb6b2db155f"},"headline":"Nespresso lan\u00e7a webs\u00e9rie que marca o lan\u00e7amento do primeiro caf\u00e9 org\u00e2nico, o Brazil Organic","datePublished":"2022-11-24T00:44:56+00:00","mainEntityOfPage":{"@id":"https:\/\/www.cidademarketing.com.br\/marketing\/2022\/11\/23\/nespresso-lanca-webserie-que-marca-o-lancamento-do-primeiro-cafe-organico-o-brazil-organic\/"},"wordCount":832,"commentCount":0,"publisher":{"@id":"https:\/\/www.cidademarketing.com.br\/marketing\/#organization"},"image":{"@id":"https:\/\/www.cidademarketing.com.br\/marketing\/2022\/11\/23\/nespresso-lanca-webserie-que-marca-o-lancamento-do-primeiro-cafe-organico-o-brazil-organic\/#primaryimage"},"thumbnailUrl":"https:\/\/www.cidademarketing.com.br\/marketing\/wp-content\/uploads\/2022\/11\/brazil_organic_nespresso.jpg","keywords":["caf\u00e9","campanha","estrat\u00e9gia","marketing","marketing social","Nespresso","sustentabilidade"],"articleSection":["Not\u00edcias"],"inLanguage":"pt-BR","potentialAction":[{"@type":"CommentAction","name":"Comment","target":["https:\/\/www.cidademarketing.com.br\/marketing\/2022\/11\/23\/nespresso-lanca-webserie-que-marca-o-lancamento-do-primeiro-cafe-organico-o-brazil-organic\/#respond"]}]},{"@type":"WebPage","@id":"https:\/\/www.cidademarketing.com.br\/marketing\/2022\/11\/23\/nespresso-lanca-webserie-que-marca-o-lancamento-do-primeiro-cafe-organico-o-brazil-organic\/","url":"https:\/\/www.cidademarketing.com.br\/marketing\/2022\/11\/23\/nespresso-lanca-webserie-que-marca-o-lancamento-do-primeiro-cafe-organico-o-brazil-organic\/","name":"Nespresso lan\u00e7a webs\u00e9rie que marca o lan\u00e7amento do primeiro caf\u00e9 org\u00e2nico, o Brazil Organic - CidadeMarketing","isPartOf":{"@id":"https:\/\/www.cidademarketing.com.br\/marketing\/#website"},"primaryImageOfPage":{"@id":"https:\/\/www.cidademarketing.com.br\/marketing\/2022\/11\/23\/nespresso-lanca-webserie-que-marca-o-lancamento-do-primeiro-cafe-organico-o-brazil-organic\/#primaryimage"},"image":{"@id":"https:\/\/www.cidademarketing.com.br\/marketing\/2022\/11\/23\/nespresso-lanca-webserie-que-marca-o-lancamento-do-primeiro-cafe-organico-o-brazil-organic\/#primaryimage"},"thumbnailUrl":"https:\/\/www.cidademarketing.com.br\/marketing\/wp-content\/uploads\/2022\/11\/brazil_organic_nespresso.jpg","datePublished":"2022-11-24T00:44:56+00:00","breadcrumb":{"@id":"https:\/\/www.cidademarketing.com.br\/marketing\/2022\/11\/23\/nespresso-lanca-webserie-que-marca-o-lancamento-do-primeiro-cafe-organico-o-brazil-organic\/#breadcrumb"},"inLanguage":"pt-BR","potentialAction":[{"@type":"ReadAction","target":["https:\/\/www.cidademarketing.com.br\/marketing\/2022\/11\/23\/nespresso-lanca-webserie-que-marca-o-lancamento-do-primeiro-cafe-organico-o-brazil-organic\/"]}]},{"@type":"ImageObject","inLanguage":"pt-BR","@id":"https:\/\/www.cidademarketing.com.br\/marketing\/2022\/11\/23\/nespresso-lanca-webserie-que-marca-o-lancamento-do-primeiro-cafe-organico-o-brazil-organic\/#primaryimage","url":"https:\/\/www.cidademarketing.com.br\/marketing\/wp-content\/uploads\/2022\/11\/brazil_organic_nespresso.jpg","contentUrl":"https:\/\/www.cidademarketing.com.br\/marketing\/wp-content\/uploads\/2022\/11\/brazil_organic_nespresso.jpg","width":1167,"height":588,"caption":"Reprodu\u00e7\u00e3o"},{"@type":"BreadcrumbList","@id":"https:\/\/www.cidademarketing.com.br\/marketing\/2022\/11\/23\/nespresso-lanca-webserie-que-marca-o-lancamento-do-primeiro-cafe-organico-o-brazil-organic\/#breadcrumb","itemListElement":[{"@type":"ListItem","position":1,"name":"In\u00edcio","item":"https:\/\/www.cidademarketing.com.br\/marketing\/"},{"@type":"ListItem","position":2,"name":"Nespresso lan\u00e7a webs\u00e9rie que marca o lan\u00e7amento do primeiro caf\u00e9 org\u00e2nico, o Brazil Organic"}]},{"@type":"WebSite","@id":"https:\/\/www.cidademarketing.com.br\/marketing\/#website","url":"https:\/\/www.cidademarketing.com.br\/marketing\/","name":"CidadeMarketing","description":"Somos um ve\u00edculo de comunica\u00e7\u00e3o de destaque no Brasil, reconhecido por conte\u00fados nos segmentos de marketing, empreendedorismo e inova\u00e7\u00e3o.","publisher":{"@id":"https:\/\/www.cidademarketing.com.br\/marketing\/#organization"},"alternateName":"CidadeMarketing","potentialAction":[{"@type":"SearchAction","target":{"@type":"EntryPoint","urlTemplate":"https:\/\/www.cidademarketing.com.br\/marketing\/?s={search_term_string}"},"query-input":{"@type":"PropertyValueSpecification","valueRequired":true,"valueName":"search_term_string"}}],"inLanguage":"pt-BR"},{"@type":"Organization","@id":"https:\/\/www.cidademarketing.com.br\/marketing\/#organization","name":"CidadeMarketing","alternateName":"CidadeMarketing","url":"https:\/\/www.cidademarketing.com.br\/marketing\/","logo":{"@type":"ImageObject","inLanguage":"pt-BR","@id":"https:\/\/www.cidademarketing.com.br\/marketing\/#\/schema\/logo\/image\/","url":"https:\/\/www.cidademarketing.com.br\/marketing\/wp-content\/uploads\/2020\/01\/cidademarketing_marca_mobile.png","contentUrl":"https:\/\/www.cidademarketing.com.br\/marketing\/wp-content\/uploads\/2020\/01\/cidademarketing_marca_mobile.png","width":230,"height":92,"caption":"CidadeMarketing"},"image":{"@id":"https:\/\/www.cidademarketing.com.br\/marketing\/#\/schema\/logo\/image\/"},"sameAs":["https:\/\/www.facebook.com\/portalcidademarketing","https:\/\/x.com\/CidadeMarketing","https:\/\/www.instagram.com\/cidademarketing\/"]},{"@type":"Person","@id":"https:\/\/www.cidademarketing.com.br\/marketing\/#\/schema\/person\/02daff9f18bd9378c9e01eb6b2db155f","name":"Thales Brand\u00e3o","image":{"@type":"ImageObject","inLanguage":"pt-BR","@id":"https:\/\/secure.gravatar.com\/avatar\/7ca3206950207cc3cb48feec56a8a7898741ab725c368d99d5d7a5a50aab80c6?s=96&d=mm&r=g","url":"https:\/\/secure.gravatar.com\/avatar\/7ca3206950207cc3cb48feec56a8a7898741ab725c368d99d5d7a5a50aab80c6?s=96&d=mm&r=g","contentUrl":"https:\/\/secure.gravatar.com\/avatar\/7ca3206950207cc3cb48feec56a8a7898741ab725c368d99d5d7a5a50aab80c6?s=96&d=mm&r=g","caption":"Thales Brand\u00e3o"},"description":"Editor Executivo do Portal CidadeMarketing.com.br &gt; Mestre em Comunica\u00e7\u00e3o e Sociedade pela Universidade Federal de Sergipe. Possui MBA Executivo em Administra\u00e7\u00e3o com \u00eanfase em Marketing pela Funda\u00e7\u00e3o Get\u00falio Vargas - Rio de Janeiro. Consultor, Palestrante e Pesquisador sobre Empreendedorismo, Marketing, Redes Sociais e Neg\u00f3cios Digitais. Professor, Palestrante TedxTalks e Campus Party. Twitter: @ThalesBrandao","sameAs":["http:\/\/www.mandacaru.com.br","https:\/\/www.facebook.com\/thalesbrandao","http:\/\/www.instagram.com.br\/thalesbrandaoferreira","https:\/\/www.linkedin.com\/in\/thales-brand\u00e3o-3948609\/","https:\/\/x.com\/http:\/\/www.twitter.com\/thalesbrandao"],"url":"https:\/\/www.cidademarketing.com.br\/marketing\/author\/thalesbrandao\/"}]}},"amp_enabled":true,"_links":{"self":[{"href":"https:\/\/www.cidademarketing.com.br\/marketing\/wp-json\/wp\/v2\/posts\/40425","targetHints":{"allow":["GET"]}}],"collection":[{"href":"https:\/\/www.cidademarketing.com.br\/marketing\/wp-json\/wp\/v2\/posts"}],"about":[{"href":"https:\/\/www.cidademarketing.com.br\/marketing\/wp-json\/wp\/v2\/types\/post"}],"author":[{"embeddable":true,"href":"https:\/\/www.cidademarketing.com.br\/marketing\/wp-json\/wp\/v2\/users\/1"}],"replies":[{"embeddable":true,"href":"https:\/\/www.cidademarketing.com.br\/marketing\/wp-json\/wp\/v2\/comments?post=40425"}],"version-history":[{"count":1,"href":"https:\/\/www.cidademarketing.com.br\/marketing\/wp-json\/wp\/v2\/posts\/40425\/revisions"}],"predecessor-version":[{"id":40427,"href":"https:\/\/www.cidademarketing.com.br\/marketing\/wp-json\/wp\/v2\/posts\/40425\/revisions\/40427"}],"wp:featuredmedia":[{"embeddable":true,"href":"https:\/\/www.cidademarketing.com.br\/marketing\/wp-json\/wp\/v2\/media\/40426"}],"wp:attachment":[{"href":"https:\/\/www.cidademarketing.com.br\/marketing\/wp-json\/wp\/v2\/media?parent=40425"}],"wp:term":[{"taxonomy":"category","embeddable":true,"href":"https:\/\/www.cidademarketing.com.br\/marketing\/wp-json\/wp\/v2\/categories?post=40425"},{"taxonomy":"post_tag","embeddable":true,"href":"https:\/\/www.cidademarketing.com.br\/marketing\/wp-json\/wp\/v2\/tags?post=40425"}],"curies":[{"name":"wp","href":"https:\/\/api.w.org\/{rel}","templated":true}]}}