{"id":40339,"date":"2022-11-22T08:15:19","date_gmt":"2022-11-22T11:15:19","guid":{"rendered":"https:\/\/www.cidademarketing.com.br\/marketing\/?p=40339"},"modified":"2022-11-22T08:15:19","modified_gmt":"2022-11-22T11:15:19","slug":"ftd-educacao-cria-campanha-emocional-em-que-convida-criancas-para-homenagear-professores-com-carinho-e-reconhecimento","status":"publish","type":"post","link":"https:\/\/www.cidademarketing.com.br\/marketing\/2022\/11\/22\/ftd-educacao-cria-campanha-emocional-em-que-convida-criancas-para-homenagear-professores-com-carinho-e-reconhecimento\/","title":{"rendered":"FTD Educa\u00e7\u00e3o cria campanha emocional em que convida crian\u00e7as para homenagear professores com carinho e reconhecimento"},"content":{"rendered":"<p>\u201cMeu professor \u00e9 como um parente\u201d. \u201c\u00c9 uma m\u00e3e, uma rainha\u201d. \u201cUma super-hero\u00edna\u201d. Com estas e outras defini\u00e7\u00f5es, estudantes de 3 a 14 anos contam como \u00e9 a rela\u00e7\u00e3o deles com seus professores e o que eles representam, no novo projeto \u201cLi\u00e7\u00f5es para a vida\u201d, da FTD Educa\u00e7\u00e3o.<br \/>\nLan\u00e7ada em outubro, para celebrar o M\u00eas dos Professores, a nova a\u00e7\u00e3o da FTD Educa\u00e7\u00e3o, uma das maiores empresas de solu\u00e7\u00f5es educacionais do pa\u00eds, re\u00fane o depoimento de crian\u00e7as contando hist\u00f3rias reais de como se conectam com seus professores, as melhores lembran\u00e7as e o que mais admiram no trabalho deles. Al\u00e9m, \u00e9 claro, de como gostariam de homenage\u00e1-los e presente\u00e1-los no M\u00eas dos Professores.<\/p>\n<p><iframe title=\"Spotify Embed: Podcast CidadeMarketing\" style=\"border-radius: 12px\" width=\"100%\" height=\"152\" frameborder=\"0\" allowfullscreen allow=\"autoplay; clipboard-write; encrypted-media; fullscreen; picture-in-picture\" loading=\"lazy\" src=\"https:\/\/open.spotify.com\/embed\/show\/4khMKzP3FgFRWVwb73xicc?si=252fe5bff2b34909&#038;utm_source=oembed\"><\/iframe><\/p>\n<p>Em formato de minidocument\u00e1rio, o filme traz hist\u00f3rias como a do garoto Fabricio, de 9 anos, que chegou a morar em um abrigo e lembra do apoio da professora quando chegava triste na escola. \u201cEla falou que um dia eu ia ter uma fam\u00edlia e ser feliz. E ela acertou: Hoje eu tenho uma fam\u00edlia\u201d, conta.<br \/>\nOu o depoimento de Leonardo, de 8 anos, que recorda do per\u00edodo em que estava com o bra\u00e7o quebrado e teve ajuda da professora para n\u00e3o perder a li\u00e7\u00e3o. \u201cEla ficou 45 dias copiando toda a mat\u00e9ria da lousa\u201d, diz. A jovem Helena, de 14 anos, tamb\u00e9m reconhece o papel dos professores, que facilitaram a adapta\u00e7\u00e3o na nova escola e a ter novos amigos. \u201cEducar \u00e9 um ato de amar e gostaria de agradecer a todos os professores por tanto amor e por sempre nos educar\u201d, comenta.<br \/>\nA campanha \u201cLi\u00e7\u00f5es para a vida\u201d \u00e9 100% digital, com veicula\u00e7\u00e3o nas redes sociais (YouTube, Instagram, Facebook, LinkedIn e TikTok), e convida professores e alunos a participarem, compartilhando suas hist\u00f3rias nas redes sociais com a hashtag #FTDLi\u00e7\u00f5esparavida.<br \/>\n\u201cQueremos homenagear os professores que usam seus conhecimentos para transformar os estudantes em suas melhores vers\u00f5es, adicionando ao aprendizado uma grande dose de respeito e afeto. O que o professor faz cria verdadeiras conex\u00f5es e reverbera na vida do aluno para sempre. Educar contribui para conectar hist\u00f3rias e construir futuros, que \u00e9 o prop\u00f3sito da FTD Educa\u00e7\u00e3o\u201d, destaca Roberta Campanini, diretora adjunta de Marketing, Produtos e Experi\u00eancia do Cliente da FTD Educa\u00e7\u00e3o.<\/p>\n<div class=\"youtube-embed\" data-video_id=\"XfoI8vzZAH4\"><iframe title=\"Li\u00e7\u00f5es Para a Vida - Uma homenagem da FTD Educa\u00e7\u00e3o para os Professores\" width=\"640\" height=\"360\" src=\"https:\/\/www.youtube.com\/embed\/XfoI8vzZAH4?feature=oembed&#038;enablejsapi=1\" frameborder=\"0\" allow=\"accelerometer; autoplay; clipboard-write; encrypted-media; gyroscope; picture-in-picture; web-share\" referrerpolicy=\"strict-origin-when-cross-origin\" allowfullscreen><\/iframe><\/div>\n<p>Ficha T\u00e9cnica<br \/>\nCampanha: Li\u00e7\u00f5es para a vida \u2013 Dia dos Professores<br \/>\nProdutora: Est\u00fadio Consulado<br \/>\nDire\u00e7\u00e3o: Tomas Gurgel<br \/>\nAssistente de dire\u00e7\u00e3o: Marilu Martins<br \/>\nDire\u00e7\u00e3o executiva: Luciana Pessoa<br \/>\nAtendimento: Giovana Neiva<br \/>\nProdu\u00e7\u00e3o executiva: Mauricio de Andrade<br \/>\nRoteiro: Fernando Nadai e Karina Chimenti<br \/>\nDire\u00e7\u00e3o de produ\u00e7\u00e3o: Giba Cuscciana<br \/>\nProdu\u00e7\u00e3o: Melina Matuoca<br \/>\nPlat\u00f4: Bruno Alves<br \/>\nDire\u00e7\u00e3o de fotografia: Luis Fernando Galo<br \/>\nAssistente de c\u00e2mera: Jones Kotsubo<br \/>\nLogger \/ Som direto: David Goldberg<br \/>\nEletricista: Edgard do Nascimento Junior<br \/>\nFigurinista: Fabiana Terezinha de Souza<br \/>\nAssistente de figurino: Victoria Bonfim<br \/>\nEstagi\u00e1rio de figurino: Manuela Bruni da Silva<br \/>\nCamareira: Anna Souza<br \/>\nMaquiadora: Iara Regina Ara\u00fajo do Lago<br \/>\nCatering: Kaf\u00e9 Mania<br \/>\nAssistente de manuten\u00e7\u00e3o: Camila Rodrigues e Francielly Pereira<br \/>\nTransporte: Marcelo de Oliveira e Diego Nunes<br \/>\nCoordenador de p\u00f3s-produ\u00e7\u00e3o: Carol Fernandes<br \/>\nEdi\u00e7\u00e3o e montagem: Edu Favar\u00e3o<br \/>\nDesign gr\u00e1fico: Jon Suguiyama<br \/>\nAnima\u00e7\u00e3o: B\u00e1rbara Camirim<br \/>\nProdutora de elenco: Eleny Moraes<br \/>\nElenco: Antonella Barbieri, Fabricio Zalui, Giovanna Pedroso, Helena Maciel, Helena Strada, Larissa Mendon\u00e7a, Leonardo da Rocha, Miguel Biazotto, Victor Gabriel<br \/>\nProdutora de \u00e1udio: Ritmika \u00c1udio Arts<br \/>\nDire\u00e7\u00e3o Musical: Henrique Tanji<\/p>\n<p><iframe style=\"width: 100%; max-width: 660px; overflow: hidden; background: transparent;\" src=\"https:\/\/embed.podcasts.apple.com\/br\/podcast\/podcast-cidademarketing\/id1371923283\" height=\"450\" frameborder=\"0\" sandbox=\"allow-forms allow-popups allow-same-origin allow-scripts allow-storage-access-by-user-activation allow-top-navigation-by-user-activation\"><\/iframe><\/p>\n","protected":false},"excerpt":{"rendered":"<p>\u201cMeu professor \u00e9 como um parente\u201d. \u201c\u00c9 uma m\u00e3e, uma rainha\u201d. \u201cUma super-hero\u00edna\u201d. Com estas e outras defini\u00e7\u00f5es, estudantes de 3 a 14 anos contam como \u00e9 a rela\u00e7\u00e3o deles com seus professores e o que eles representam, no novo projeto \u201cLi\u00e7\u00f5es para a vida\u201d, da FTD Educa\u00e7\u00e3o. Lan\u00e7ada em outubro, para celebrar o M\u00eas [&hellip;]<\/p>\n","protected":false},"author":1,"featured_media":40340,"comment_status":"open","ping_status":"open","sticky":false,"template":"","format":"standard","meta":{"tdm_status":"","tdm_grid_status":"","footnotes":""},"categories":[6],"tags":[65,5345,28,66,181],"class_list":["post-40339","post","type-post","status-publish","format-standard","has-post-thumbnail","hentry","category-noticias","tag-campanha","tag-ftd-educacao","tag-marketing","tag-propaganda","tag-publicidade"],"yoast_head":"<!-- This site is optimized with the Yoast SEO plugin v27.5 - https:\/\/yoast.com\/product\/yoast-seo-wordpress\/ -->\n<title>FTD Educa\u00e7\u00e3o cria campanha emocional em que convida crian\u00e7as para homenagear professores com carinho e reconhecimento - CidadeMarketing<\/title>\n<meta name=\"robots\" content=\"index, follow, max-snippet:-1, max-image-preview:large, max-video-preview:-1\" \/>\n<link rel=\"canonical\" href=\"https:\/\/www.cidademarketing.com.br\/marketing\/2022\/11\/22\/ftd-educacao-cria-campanha-emocional-em-que-convida-criancas-para-homenagear-professores-com-carinho-e-reconhecimento\/\" \/>\n<meta property=\"og:locale\" content=\"pt_BR\" \/>\n<meta property=\"og:type\" content=\"article\" \/>\n<meta property=\"og:title\" content=\"FTD Educa\u00e7\u00e3o cria campanha emocional em que convida crian\u00e7as para homenagear professores com carinho e reconhecimento - CidadeMarketing\" \/>\n<meta property=\"og:description\" content=\"\u201cMeu professor \u00e9 como um parente\u201d. \u201c\u00c9 uma m\u00e3e, uma rainha\u201d. \u201cUma super-hero\u00edna\u201d. Com estas e outras defini\u00e7\u00f5es, estudantes de 3 a 14 anos contam como \u00e9 a rela\u00e7\u00e3o deles com seus professores e o que eles representam, no novo projeto \u201cLi\u00e7\u00f5es para a vida\u201d, da FTD Educa\u00e7\u00e3o. Lan\u00e7ada em outubro, para celebrar o M\u00eas [&hellip;]\" \/>\n<meta property=\"og:url\" content=\"https:\/\/www.cidademarketing.com.br\/marketing\/2022\/11\/22\/ftd-educacao-cria-campanha-emocional-em-que-convida-criancas-para-homenagear-professores-com-carinho-e-reconhecimento\/\" \/>\n<meta property=\"og:site_name\" content=\"CidadeMarketing\" \/>\n<meta property=\"article:publisher\" content=\"https:\/\/www.facebook.com\/portalcidademarketing\" \/>\n<meta property=\"article:author\" content=\"https:\/\/www.facebook.com\/thalesbrandao\" \/>\n<meta property=\"article:published_time\" content=\"2022-11-22T11:15:19+00:00\" \/>\n<meta property=\"og:image\" content=\"https:\/\/www.cidademarketing.com.br\/marketing\/wp-content\/uploads\/2022\/11\/ftd_campanha.png\" \/>\n\t<meta property=\"og:image:width\" content=\"1000\" \/>\n\t<meta property=\"og:image:height\" content=\"563\" \/>\n\t<meta property=\"og:image:type\" content=\"image\/png\" \/>\n<meta name=\"author\" content=\"Thales Brand\u00e3o\" \/>\n<meta name=\"twitter:card\" content=\"summary_large_image\" \/>\n<meta name=\"twitter:creator\" content=\"@http:\/\/www.twitter.com\/thalesbrandao\" \/>\n<meta name=\"twitter:site\" content=\"@CidadeMarketing\" \/>\n<meta name=\"twitter:label1\" content=\"Escrito por\" \/>\n\t<meta name=\"twitter:data1\" content=\"Thales Brand\u00e3o\" \/>\n\t<meta name=\"twitter:label2\" content=\"Est. tempo de leitura\" \/>\n\t<meta name=\"twitter:data2\" content=\"3 minutos\" \/>\n<script type=\"application\/ld+json\" class=\"yoast-schema-graph\">{\"@context\":\"https:\\\/\\\/schema.org\",\"@graph\":[{\"@type\":\"Article\",\"@id\":\"https:\\\/\\\/www.cidademarketing.com.br\\\/marketing\\\/2022\\\/11\\\/22\\\/ftd-educacao-cria-campanha-emocional-em-que-convida-criancas-para-homenagear-professores-com-carinho-e-reconhecimento\\\/#article\",\"isPartOf\":{\"@id\":\"https:\\\/\\\/www.cidademarketing.com.br\\\/marketing\\\/2022\\\/11\\\/22\\\/ftd-educacao-cria-campanha-emocional-em-que-convida-criancas-para-homenagear-professores-com-carinho-e-reconhecimento\\\/\"},\"author\":{\"name\":\"Thales Brand\u00e3o\",\"@id\":\"https:\\\/\\\/www.cidademarketing.com.br\\\/marketing\\\/#\\\/schema\\\/person\\\/02daff9f18bd9378c9e01eb6b2db155f\"},\"headline\":\"FTD Educa\u00e7\u00e3o cria campanha emocional em que convida crian\u00e7as para homenagear professores com carinho e reconhecimento\",\"datePublished\":\"2022-11-22T11:15:19+00:00\",\"mainEntityOfPage\":{\"@id\":\"https:\\\/\\\/www.cidademarketing.com.br\\\/marketing\\\/2022\\\/11\\\/22\\\/ftd-educacao-cria-campanha-emocional-em-que-convida-criancas-para-homenagear-professores-com-carinho-e-reconhecimento\\\/\"},\"wordCount\":625,\"commentCount\":0,\"publisher\":{\"@id\":\"https:\\\/\\\/www.cidademarketing.com.br\\\/marketing\\\/#organization\"},\"image\":{\"@id\":\"https:\\\/\\\/www.cidademarketing.com.br\\\/marketing\\\/2022\\\/11\\\/22\\\/ftd-educacao-cria-campanha-emocional-em-que-convida-criancas-para-homenagear-professores-com-carinho-e-reconhecimento\\\/#primaryimage\"},\"thumbnailUrl\":\"https:\\\/\\\/www.cidademarketing.com.br\\\/marketing\\\/wp-content\\\/uploads\\\/2022\\\/11\\\/ftd_campanha.png\",\"keywords\":[\"campanha\",\"FTD Educa\u00e7\u00e3o\",\"marketing\",\"propaganda\",\"publicidade\"],\"articleSection\":[\"Not\u00edcias\"],\"inLanguage\":\"pt-BR\",\"potentialAction\":[{\"@type\":\"CommentAction\",\"name\":\"Comment\",\"target\":[\"https:\\\/\\\/www.cidademarketing.com.br\\\/marketing\\\/2022\\\/11\\\/22\\\/ftd-educacao-cria-campanha-emocional-em-que-convida-criancas-para-homenagear-professores-com-carinho-e-reconhecimento\\\/#respond\"]}]},{\"@type\":\"WebPage\",\"@id\":\"https:\\\/\\\/www.cidademarketing.com.br\\\/marketing\\\/2022\\\/11\\\/22\\\/ftd-educacao-cria-campanha-emocional-em-que-convida-criancas-para-homenagear-professores-com-carinho-e-reconhecimento\\\/\",\"url\":\"https:\\\/\\\/www.cidademarketing.com.br\\\/marketing\\\/2022\\\/11\\\/22\\\/ftd-educacao-cria-campanha-emocional-em-que-convida-criancas-para-homenagear-professores-com-carinho-e-reconhecimento\\\/\",\"name\":\"FTD Educa\u00e7\u00e3o cria campanha emocional em que convida crian\u00e7as para homenagear professores com carinho e reconhecimento - CidadeMarketing\",\"isPartOf\":{\"@id\":\"https:\\\/\\\/www.cidademarketing.com.br\\\/marketing\\\/#website\"},\"primaryImageOfPage\":{\"@id\":\"https:\\\/\\\/www.cidademarketing.com.br\\\/marketing\\\/2022\\\/11\\\/22\\\/ftd-educacao-cria-campanha-emocional-em-que-convida-criancas-para-homenagear-professores-com-carinho-e-reconhecimento\\\/#primaryimage\"},\"image\":{\"@id\":\"https:\\\/\\\/www.cidademarketing.com.br\\\/marketing\\\/2022\\\/11\\\/22\\\/ftd-educacao-cria-campanha-emocional-em-que-convida-criancas-para-homenagear-professores-com-carinho-e-reconhecimento\\\/#primaryimage\"},\"thumbnailUrl\":\"https:\\\/\\\/www.cidademarketing.com.br\\\/marketing\\\/wp-content\\\/uploads\\\/2022\\\/11\\\/ftd_campanha.png\",\"datePublished\":\"2022-11-22T11:15:19+00:00\",\"breadcrumb\":{\"@id\":\"https:\\\/\\\/www.cidademarketing.com.br\\\/marketing\\\/2022\\\/11\\\/22\\\/ftd-educacao-cria-campanha-emocional-em-que-convida-criancas-para-homenagear-professores-com-carinho-e-reconhecimento\\\/#breadcrumb\"},\"inLanguage\":\"pt-BR\",\"potentialAction\":[{\"@type\":\"ReadAction\",\"target\":[\"https:\\\/\\\/www.cidademarketing.com.br\\\/marketing\\\/2022\\\/11\\\/22\\\/ftd-educacao-cria-campanha-emocional-em-que-convida-criancas-para-homenagear-professores-com-carinho-e-reconhecimento\\\/\"]}]},{\"@type\":\"ImageObject\",\"inLanguage\":\"pt-BR\",\"@id\":\"https:\\\/\\\/www.cidademarketing.com.br\\\/marketing\\\/2022\\\/11\\\/22\\\/ftd-educacao-cria-campanha-emocional-em-que-convida-criancas-para-homenagear-professores-com-carinho-e-reconhecimento\\\/#primaryimage\",\"url\":\"https:\\\/\\\/www.cidademarketing.com.br\\\/marketing\\\/wp-content\\\/uploads\\\/2022\\\/11\\\/ftd_campanha.png\",\"contentUrl\":\"https:\\\/\\\/www.cidademarketing.com.br\\\/marketing\\\/wp-content\\\/uploads\\\/2022\\\/11\\\/ftd_campanha.png\",\"width\":1000,\"height\":563},{\"@type\":\"BreadcrumbList\",\"@id\":\"https:\\\/\\\/www.cidademarketing.com.br\\\/marketing\\\/2022\\\/11\\\/22\\\/ftd-educacao-cria-campanha-emocional-em-que-convida-criancas-para-homenagear-professores-com-carinho-e-reconhecimento\\\/#breadcrumb\",\"itemListElement\":[{\"@type\":\"ListItem\",\"position\":1,\"name\":\"In\u00edcio\",\"item\":\"https:\\\/\\\/www.cidademarketing.com.br\\\/marketing\\\/\"},{\"@type\":\"ListItem\",\"position\":2,\"name\":\"FTD Educa\u00e7\u00e3o cria campanha emocional em que convida crian\u00e7as para homenagear professores com carinho e reconhecimento\"}]},{\"@type\":\"WebSite\",\"@id\":\"https:\\\/\\\/www.cidademarketing.com.br\\\/marketing\\\/#website\",\"url\":\"https:\\\/\\\/www.cidademarketing.com.br\\\/marketing\\\/\",\"name\":\"CidadeMarketing\",\"description\":\"Somos um ve\u00edculo de comunica\u00e7\u00e3o de destaque no Brasil, reconhecido por conte\u00fados nos segmentos de marketing, empreendedorismo e inova\u00e7\u00e3o.\",\"publisher\":{\"@id\":\"https:\\\/\\\/www.cidademarketing.com.br\\\/marketing\\\/#organization\"},\"alternateName\":\"CidadeMarketing\",\"potentialAction\":[{\"@type\":\"SearchAction\",\"target\":{\"@type\":\"EntryPoint\",\"urlTemplate\":\"https:\\\/\\\/www.cidademarketing.com.br\\\/marketing\\\/?s={search_term_string}\"},\"query-input\":{\"@type\":\"PropertyValueSpecification\",\"valueRequired\":true,\"valueName\":\"search_term_string\"}}],\"inLanguage\":\"pt-BR\"},{\"@type\":\"Organization\",\"@id\":\"https:\\\/\\\/www.cidademarketing.com.br\\\/marketing\\\/#organization\",\"name\":\"CidadeMarketing\",\"alternateName\":\"CidadeMarketing\",\"url\":\"https:\\\/\\\/www.cidademarketing.com.br\\\/marketing\\\/\",\"logo\":{\"@type\":\"ImageObject\",\"inLanguage\":\"pt-BR\",\"@id\":\"https:\\\/\\\/www.cidademarketing.com.br\\\/marketing\\\/#\\\/schema\\\/logo\\\/image\\\/\",\"url\":\"https:\\\/\\\/www.cidademarketing.com.br\\\/marketing\\\/wp-content\\\/uploads\\\/2020\\\/01\\\/cidademarketing_marca_mobile.png\",\"contentUrl\":\"https:\\\/\\\/www.cidademarketing.com.br\\\/marketing\\\/wp-content\\\/uploads\\\/2020\\\/01\\\/cidademarketing_marca_mobile.png\",\"width\":230,\"height\":92,\"caption\":\"CidadeMarketing\"},\"image\":{\"@id\":\"https:\\\/\\\/www.cidademarketing.com.br\\\/marketing\\\/#\\\/schema\\\/logo\\\/image\\\/\"},\"sameAs\":[\"https:\\\/\\\/www.facebook.com\\\/portalcidademarketing\",\"https:\\\/\\\/x.com\\\/CidadeMarketing\",\"https:\\\/\\\/www.instagram.com\\\/cidademarketing\\\/\"]},{\"@type\":\"Person\",\"@id\":\"https:\\\/\\\/www.cidademarketing.com.br\\\/marketing\\\/#\\\/schema\\\/person\\\/02daff9f18bd9378c9e01eb6b2db155f\",\"name\":\"Thales Brand\u00e3o\",\"image\":{\"@type\":\"ImageObject\",\"inLanguage\":\"pt-BR\",\"@id\":\"https:\\\/\\\/secure.gravatar.com\\\/avatar\\\/7ca3206950207cc3cb48feec56a8a7898741ab725c368d99d5d7a5a50aab80c6?s=96&d=mm&r=g\",\"url\":\"https:\\\/\\\/secure.gravatar.com\\\/avatar\\\/7ca3206950207cc3cb48feec56a8a7898741ab725c368d99d5d7a5a50aab80c6?s=96&d=mm&r=g\",\"contentUrl\":\"https:\\\/\\\/secure.gravatar.com\\\/avatar\\\/7ca3206950207cc3cb48feec56a8a7898741ab725c368d99d5d7a5a50aab80c6?s=96&d=mm&r=g\",\"caption\":\"Thales Brand\u00e3o\"},\"description\":\"Editor Executivo do Portal CidadeMarketing.com.br &gt; Mestre em Comunica\u00e7\u00e3o e Sociedade pela Universidade Federal de Sergipe. Possui MBA Executivo em Administra\u00e7\u00e3o com \u00eanfase em Marketing pela Funda\u00e7\u00e3o Get\u00falio Vargas - Rio de Janeiro. Consultor, Palestrante e Pesquisador sobre Empreendedorismo, Marketing, Redes Sociais e Neg\u00f3cios Digitais. Professor, Palestrante TedxTalks e Campus Party. Twitter: @ThalesBrandao\",\"sameAs\":[\"http:\\\/\\\/www.mandacaru.com.br\",\"https:\\\/\\\/www.facebook.com\\\/thalesbrandao\",\"http:\\\/\\\/www.instagram.com.br\\\/thalesbrandaoferreira\",\"https:\\\/\\\/www.linkedin.com\\\/in\\\/thales-brand\u00e3o-3948609\\\/\",\"https:\\\/\\\/x.com\\\/http:\\\/\\\/www.twitter.com\\\/thalesbrandao\"],\"url\":\"https:\\\/\\\/www.cidademarketing.com.br\\\/marketing\\\/author\\\/thalesbrandao\\\/\"}]}<\/script>\n<!-- \/ Yoast SEO plugin. -->","yoast_head_json":{"title":"FTD Educa\u00e7\u00e3o cria campanha emocional em que convida crian\u00e7as para homenagear professores com carinho e reconhecimento - CidadeMarketing","robots":{"index":"index","follow":"follow","max-snippet":"max-snippet:-1","max-image-preview":"max-image-preview:large","max-video-preview":"max-video-preview:-1"},"canonical":"https:\/\/www.cidademarketing.com.br\/marketing\/2022\/11\/22\/ftd-educacao-cria-campanha-emocional-em-que-convida-criancas-para-homenagear-professores-com-carinho-e-reconhecimento\/","og_locale":"pt_BR","og_type":"article","og_title":"FTD Educa\u00e7\u00e3o cria campanha emocional em que convida crian\u00e7as para homenagear professores com carinho e reconhecimento - CidadeMarketing","og_description":"\u201cMeu professor \u00e9 como um parente\u201d. \u201c\u00c9 uma m\u00e3e, uma rainha\u201d. \u201cUma super-hero\u00edna\u201d. Com estas e outras defini\u00e7\u00f5es, estudantes de 3 a 14 anos contam como \u00e9 a rela\u00e7\u00e3o deles com seus professores e o que eles representam, no novo projeto \u201cLi\u00e7\u00f5es para a vida\u201d, da FTD Educa\u00e7\u00e3o. Lan\u00e7ada em outubro, para celebrar o M\u00eas [&hellip;]","og_url":"https:\/\/www.cidademarketing.com.br\/marketing\/2022\/11\/22\/ftd-educacao-cria-campanha-emocional-em-que-convida-criancas-para-homenagear-professores-com-carinho-e-reconhecimento\/","og_site_name":"CidadeMarketing","article_publisher":"https:\/\/www.facebook.com\/portalcidademarketing","article_author":"https:\/\/www.facebook.com\/thalesbrandao","article_published_time":"2022-11-22T11:15:19+00:00","og_image":[{"width":1000,"height":563,"url":"https:\/\/www.cidademarketing.com.br\/marketing\/wp-content\/uploads\/2022\/11\/ftd_campanha.png","type":"image\/png"}],"author":"Thales Brand\u00e3o","twitter_card":"summary_large_image","twitter_creator":"@http:\/\/www.twitter.com\/thalesbrandao","twitter_site":"@CidadeMarketing","twitter_misc":{"Escrito por":"Thales Brand\u00e3o","Est. tempo de leitura":"3 minutos"},"schema":{"@context":"https:\/\/schema.org","@graph":[{"@type":"Article","@id":"https:\/\/www.cidademarketing.com.br\/marketing\/2022\/11\/22\/ftd-educacao-cria-campanha-emocional-em-que-convida-criancas-para-homenagear-professores-com-carinho-e-reconhecimento\/#article","isPartOf":{"@id":"https:\/\/www.cidademarketing.com.br\/marketing\/2022\/11\/22\/ftd-educacao-cria-campanha-emocional-em-que-convida-criancas-para-homenagear-professores-com-carinho-e-reconhecimento\/"},"author":{"name":"Thales Brand\u00e3o","@id":"https:\/\/www.cidademarketing.com.br\/marketing\/#\/schema\/person\/02daff9f18bd9378c9e01eb6b2db155f"},"headline":"FTD Educa\u00e7\u00e3o cria campanha emocional em que convida crian\u00e7as para homenagear professores com carinho e reconhecimento","datePublished":"2022-11-22T11:15:19+00:00","mainEntityOfPage":{"@id":"https:\/\/www.cidademarketing.com.br\/marketing\/2022\/11\/22\/ftd-educacao-cria-campanha-emocional-em-que-convida-criancas-para-homenagear-professores-com-carinho-e-reconhecimento\/"},"wordCount":625,"commentCount":0,"publisher":{"@id":"https:\/\/www.cidademarketing.com.br\/marketing\/#organization"},"image":{"@id":"https:\/\/www.cidademarketing.com.br\/marketing\/2022\/11\/22\/ftd-educacao-cria-campanha-emocional-em-que-convida-criancas-para-homenagear-professores-com-carinho-e-reconhecimento\/#primaryimage"},"thumbnailUrl":"https:\/\/www.cidademarketing.com.br\/marketing\/wp-content\/uploads\/2022\/11\/ftd_campanha.png","keywords":["campanha","FTD Educa\u00e7\u00e3o","marketing","propaganda","publicidade"],"articleSection":["Not\u00edcias"],"inLanguage":"pt-BR","potentialAction":[{"@type":"CommentAction","name":"Comment","target":["https:\/\/www.cidademarketing.com.br\/marketing\/2022\/11\/22\/ftd-educacao-cria-campanha-emocional-em-que-convida-criancas-para-homenagear-professores-com-carinho-e-reconhecimento\/#respond"]}]},{"@type":"WebPage","@id":"https:\/\/www.cidademarketing.com.br\/marketing\/2022\/11\/22\/ftd-educacao-cria-campanha-emocional-em-que-convida-criancas-para-homenagear-professores-com-carinho-e-reconhecimento\/","url":"https:\/\/www.cidademarketing.com.br\/marketing\/2022\/11\/22\/ftd-educacao-cria-campanha-emocional-em-que-convida-criancas-para-homenagear-professores-com-carinho-e-reconhecimento\/","name":"FTD Educa\u00e7\u00e3o cria campanha emocional em que convida crian\u00e7as para homenagear professores com carinho e reconhecimento - CidadeMarketing","isPartOf":{"@id":"https:\/\/www.cidademarketing.com.br\/marketing\/#website"},"primaryImageOfPage":{"@id":"https:\/\/www.cidademarketing.com.br\/marketing\/2022\/11\/22\/ftd-educacao-cria-campanha-emocional-em-que-convida-criancas-para-homenagear-professores-com-carinho-e-reconhecimento\/#primaryimage"},"image":{"@id":"https:\/\/www.cidademarketing.com.br\/marketing\/2022\/11\/22\/ftd-educacao-cria-campanha-emocional-em-que-convida-criancas-para-homenagear-professores-com-carinho-e-reconhecimento\/#primaryimage"},"thumbnailUrl":"https:\/\/www.cidademarketing.com.br\/marketing\/wp-content\/uploads\/2022\/11\/ftd_campanha.png","datePublished":"2022-11-22T11:15:19+00:00","breadcrumb":{"@id":"https:\/\/www.cidademarketing.com.br\/marketing\/2022\/11\/22\/ftd-educacao-cria-campanha-emocional-em-que-convida-criancas-para-homenagear-professores-com-carinho-e-reconhecimento\/#breadcrumb"},"inLanguage":"pt-BR","potentialAction":[{"@type":"ReadAction","target":["https:\/\/www.cidademarketing.com.br\/marketing\/2022\/11\/22\/ftd-educacao-cria-campanha-emocional-em-que-convida-criancas-para-homenagear-professores-com-carinho-e-reconhecimento\/"]}]},{"@type":"ImageObject","inLanguage":"pt-BR","@id":"https:\/\/www.cidademarketing.com.br\/marketing\/2022\/11\/22\/ftd-educacao-cria-campanha-emocional-em-que-convida-criancas-para-homenagear-professores-com-carinho-e-reconhecimento\/#primaryimage","url":"https:\/\/www.cidademarketing.com.br\/marketing\/wp-content\/uploads\/2022\/11\/ftd_campanha.png","contentUrl":"https:\/\/www.cidademarketing.com.br\/marketing\/wp-content\/uploads\/2022\/11\/ftd_campanha.png","width":1000,"height":563},{"@type":"BreadcrumbList","@id":"https:\/\/www.cidademarketing.com.br\/marketing\/2022\/11\/22\/ftd-educacao-cria-campanha-emocional-em-que-convida-criancas-para-homenagear-professores-com-carinho-e-reconhecimento\/#breadcrumb","itemListElement":[{"@type":"ListItem","position":1,"name":"In\u00edcio","item":"https:\/\/www.cidademarketing.com.br\/marketing\/"},{"@type":"ListItem","position":2,"name":"FTD Educa\u00e7\u00e3o cria campanha emocional em que convida crian\u00e7as para homenagear professores com carinho e reconhecimento"}]},{"@type":"WebSite","@id":"https:\/\/www.cidademarketing.com.br\/marketing\/#website","url":"https:\/\/www.cidademarketing.com.br\/marketing\/","name":"CidadeMarketing","description":"Somos um ve\u00edculo de comunica\u00e7\u00e3o de destaque no Brasil, reconhecido por conte\u00fados nos segmentos de marketing, empreendedorismo e inova\u00e7\u00e3o.","publisher":{"@id":"https:\/\/www.cidademarketing.com.br\/marketing\/#organization"},"alternateName":"CidadeMarketing","potentialAction":[{"@type":"SearchAction","target":{"@type":"EntryPoint","urlTemplate":"https:\/\/www.cidademarketing.com.br\/marketing\/?s={search_term_string}"},"query-input":{"@type":"PropertyValueSpecification","valueRequired":true,"valueName":"search_term_string"}}],"inLanguage":"pt-BR"},{"@type":"Organization","@id":"https:\/\/www.cidademarketing.com.br\/marketing\/#organization","name":"CidadeMarketing","alternateName":"CidadeMarketing","url":"https:\/\/www.cidademarketing.com.br\/marketing\/","logo":{"@type":"ImageObject","inLanguage":"pt-BR","@id":"https:\/\/www.cidademarketing.com.br\/marketing\/#\/schema\/logo\/image\/","url":"https:\/\/www.cidademarketing.com.br\/marketing\/wp-content\/uploads\/2020\/01\/cidademarketing_marca_mobile.png","contentUrl":"https:\/\/www.cidademarketing.com.br\/marketing\/wp-content\/uploads\/2020\/01\/cidademarketing_marca_mobile.png","width":230,"height":92,"caption":"CidadeMarketing"},"image":{"@id":"https:\/\/www.cidademarketing.com.br\/marketing\/#\/schema\/logo\/image\/"},"sameAs":["https:\/\/www.facebook.com\/portalcidademarketing","https:\/\/x.com\/CidadeMarketing","https:\/\/www.instagram.com\/cidademarketing\/"]},{"@type":"Person","@id":"https:\/\/www.cidademarketing.com.br\/marketing\/#\/schema\/person\/02daff9f18bd9378c9e01eb6b2db155f","name":"Thales Brand\u00e3o","image":{"@type":"ImageObject","inLanguage":"pt-BR","@id":"https:\/\/secure.gravatar.com\/avatar\/7ca3206950207cc3cb48feec56a8a7898741ab725c368d99d5d7a5a50aab80c6?s=96&d=mm&r=g","url":"https:\/\/secure.gravatar.com\/avatar\/7ca3206950207cc3cb48feec56a8a7898741ab725c368d99d5d7a5a50aab80c6?s=96&d=mm&r=g","contentUrl":"https:\/\/secure.gravatar.com\/avatar\/7ca3206950207cc3cb48feec56a8a7898741ab725c368d99d5d7a5a50aab80c6?s=96&d=mm&r=g","caption":"Thales Brand\u00e3o"},"description":"Editor Executivo do Portal CidadeMarketing.com.br &gt; Mestre em Comunica\u00e7\u00e3o e Sociedade pela Universidade Federal de Sergipe. Possui MBA Executivo em Administra\u00e7\u00e3o com \u00eanfase em Marketing pela Funda\u00e7\u00e3o Get\u00falio Vargas - Rio de Janeiro. Consultor, Palestrante e Pesquisador sobre Empreendedorismo, Marketing, Redes Sociais e Neg\u00f3cios Digitais. Professor, Palestrante TedxTalks e Campus Party. Twitter: @ThalesBrandao","sameAs":["http:\/\/www.mandacaru.com.br","https:\/\/www.facebook.com\/thalesbrandao","http:\/\/www.instagram.com.br\/thalesbrandaoferreira","https:\/\/www.linkedin.com\/in\/thales-brand\u00e3o-3948609\/","https:\/\/x.com\/http:\/\/www.twitter.com\/thalesbrandao"],"url":"https:\/\/www.cidademarketing.com.br\/marketing\/author\/thalesbrandao\/"}]}},"amp_enabled":true,"_links":{"self":[{"href":"https:\/\/www.cidademarketing.com.br\/marketing\/wp-json\/wp\/v2\/posts\/40339","targetHints":{"allow":["GET"]}}],"collection":[{"href":"https:\/\/www.cidademarketing.com.br\/marketing\/wp-json\/wp\/v2\/posts"}],"about":[{"href":"https:\/\/www.cidademarketing.com.br\/marketing\/wp-json\/wp\/v2\/types\/post"}],"author":[{"embeddable":true,"href":"https:\/\/www.cidademarketing.com.br\/marketing\/wp-json\/wp\/v2\/users\/1"}],"replies":[{"embeddable":true,"href":"https:\/\/www.cidademarketing.com.br\/marketing\/wp-json\/wp\/v2\/comments?post=40339"}],"version-history":[{"count":1,"href":"https:\/\/www.cidademarketing.com.br\/marketing\/wp-json\/wp\/v2\/posts\/40339\/revisions"}],"predecessor-version":[{"id":40341,"href":"https:\/\/www.cidademarketing.com.br\/marketing\/wp-json\/wp\/v2\/posts\/40339\/revisions\/40341"}],"wp:featuredmedia":[{"embeddable":true,"href":"https:\/\/www.cidademarketing.com.br\/marketing\/wp-json\/wp\/v2\/media\/40340"}],"wp:attachment":[{"href":"https:\/\/www.cidademarketing.com.br\/marketing\/wp-json\/wp\/v2\/media?parent=40339"}],"wp:term":[{"taxonomy":"category","embeddable":true,"href":"https:\/\/www.cidademarketing.com.br\/marketing\/wp-json\/wp\/v2\/categories?post=40339"},{"taxonomy":"post_tag","embeddable":true,"href":"https:\/\/www.cidademarketing.com.br\/marketing\/wp-json\/wp\/v2\/tags?post=40339"}],"curies":[{"name":"wp","href":"https:\/\/api.w.org\/{rel}","templated":true}]}}