{"id":40306,"date":"2022-11-21T21:02:29","date_gmt":"2022-11-22T00:02:29","guid":{"rendered":"https:\/\/www.cidademarketing.com.br\/marketing\/?p=40306"},"modified":"2022-11-21T21:02:29","modified_gmt":"2022-11-22T00:02:29","slug":"pfizer-anvisa-autoriza-comercializacao-de-remedio-utilizado-no-tratamento-da-covid-19","status":"publish","type":"post","link":"https:\/\/www.cidademarketing.com.br\/marketing\/2022\/11\/21\/pfizer-anvisa-autoriza-comercializacao-de-remedio-utilizado-no-tratamento-da-covid-19\/","title":{"rendered":"Pfizer: Anvisa autoriza comercializa\u00e7\u00e3o de rem\u00e9dio utilizado no tratamento da Covid-19"},"content":{"rendered":"<p>A Diretoria Colegiada da Anvisa aprovou por unanimidade, em circuito deliberativo realizado nesta segunda-feira (21\/11), a venda do medicamento Paxlovid (nirmatrelvir + ritonavir), utilizado no tratamento da Covid-19, para farm\u00e1cias e hospitais particulares do pa\u00eds.<\/p>\n<p>A decis\u00e3o autoriza o fornecimento do medicamento para o mercado privado, com a rotulagem e bula em portugu\u00eas de Portugal e em espanhol. Os diretores tamb\u00e9m aprovaram a amplia\u00e7\u00e3o da validade do medicamento de 12 meses para 18 meses.<\/p>\n<p><iframe title=\"Spotify Embed: Podcast CidadeMarketing\" style=\"border-radius: 12px\" width=\"100%\" height=\"152\" frameborder=\"0\" allowfullscreen allow=\"autoplay; clipboard-write; encrypted-media; fullscreen; picture-in-picture\" loading=\"lazy\" src=\"https:\/\/open.spotify.com\/embed\/show\/4khMKzP3FgFRWVwb73xicc?si=252fe5bff2b34909&#038;utm_source=oembed\"><\/iframe><\/p>\n<p>A venda em farm\u00e1cias deve ser feita sob prescri\u00e7\u00e3o m\u00e9dica, com dispensa\u00e7\u00e3o e orienta\u00e7\u00e3o pelo farmac\u00eautico ao paciente sobre o uso correto do medicamento. A autoriza\u00e7\u00e3o da Anvisa prev\u00ea ainda que o fabricante deve manter e priorizar o abastecimento para o programa do Sistema \u00danico de Sa\u00fade (SUS).<\/p>\n<p>A aprova\u00e7\u00e3o levou em considera\u00e7\u00e3o a venda do medicamento ao mercado privado em outros pa\u00edses com autoridades internacionais de refer\u00eancia, como Estados Unidos e Canad\u00e1. A medida tamb\u00e9m considerou o cen\u00e1rio epidemiol\u00f3gico atual, com a circula\u00e7\u00e3o das novas subvariantes da \u00d4micron e o aumento de casos da doen\u00e7a no pa\u00eds.<\/p>\n<p>Segundo a diretora relatora, Meiruze Freitas, a venda no mercado privado ir\u00e1 aumentar a facilidade de acesso ao tratamento da Covid-19, visto que o medicamento deve ser tomado dentro de cinco dias ap\u00f3s o in\u00edcio dos sintomas. \u201cO diagn\u00f3stico precoce e o tratamento ambulatorial, quando necess\u00e1rio, s\u00e3o importantes para evitar a progress\u00e3o da doen\u00e7a para casos graves\u201d, afirmou a diretora. Ela reiterou ainda que o tratamento n\u00e3o substitui a vacina\u00e7\u00e3o. \u201cA vacina\u00e7\u00e3o continua sendo a melhor estrat\u00e9gia para evitar a Covid-19, as hospitaliza\u00e7\u00f5es e os \u00f3bitos\u201d, complementou Meiruze Freitas.<\/p>\n<p>Veja o voto completo da diretora.<\/p>\n<p>Sobre o Paxlovid<\/p>\n<p>O Paxlovid, utilizado no tratamento da Covid-19, teve seu uso emergencial aprovado no Brasil em 30 de mar\u00e7o deste ano. Composto por comprimidos de nirmatrelvir e ritonavir embalados e administrados juntos, o medicamento \u00e9 indicado para o tratamento da doen\u00e7a em adultos que n\u00e3o requerem oxig\u00eanio suplementar e que apresentam risco aumentado de progress\u00e3o para Covid-19 grave.<\/p>\n<p>&#8211; Apresenta\u00e7\u00e3o<\/p>\n<p>Comprimido revestido, na concentra\u00e7\u00e3o de 150 mg em cada comprimido revestido de nirmatrelvir e 100 mg em cada comprimido revestido de ritonavir.<\/p>\n<p>&#8211; Restri\u00e7\u00f5es de uso<\/p>\n<p>O medicamento \u00e9 de uso adulto, com venda sob prescri\u00e7\u00e3o m\u00e9dica.<\/p>\n<p>&#8211; Indica\u00e7\u00e3o<\/p>\n<p>O Paxlovid \u00e9 indicado para o tratamento da Covid-19 em adultos que n\u00e3o requerem oxig\u00eanio suplementar e que apresentam risco aumentado de progress\u00e3o para a forma grave da doen\u00e7a.<\/p>\n<p>&#8211; Posologia e modo de uso<\/p>\n<p>O Paxlovid \u00e9 composto por comprimidos de nirmatrelvir e ritonavir embalados juntos, que tamb\u00e9m devem ser administrados juntos. A posologia recomendada \u00e9 de 300 mg de nirmatrelvir (dois comprimidos de 150 mg) com 100 mg de ritonavir (um comprimido de 100 mg), todos tomados juntos por via oral, duas vezes ao dia, durante cinco dias. O medicamento deve ser administrado assim que poss\u00edvel, ap\u00f3s o resultado positivo do teste diagn\u00f3stico para o Sars-CoV-2 e avalia\u00e7\u00e3o m\u00e9dica, e no prazo de cinco dias ap\u00f3s o in\u00edcio dos sintomas.<\/p>\n<p>&#8211; Orienta\u00e7\u00e3o de dispensa\u00e7\u00e3o<\/p>\n<p>O medicamento deve ser dispensado exclusivamente pelo farmac\u00eautico, que deve informar ao usu\u00e1rio que o medicamento \u00e9 de uso individual e exclusivo ao paciente que passou por avalia\u00e7\u00e3o m\u00e9dica e que recebeu a prescri\u00e7\u00e3o. Portanto, o Paxlovid n\u00e3o deve ser utilizado por indiv\u00edduos sem a devida avalia\u00e7\u00e3o m\u00e9dica. Cumpre ao farmac\u00eautico tamb\u00e9m realizar as demais orienta\u00e7\u00f5es quanto \u00e0 posologia, ao modo de uso e \u00e0s intera\u00e7\u00f5es, ou seja, informa\u00e7\u00f5es quanto ao uso correto do medicamento.<\/p>\n<p>&#8211; Limita\u00e7\u00f5es de uso<\/p>\n<p>O Paxlovid n\u00e3o est\u00e1 autorizado para tratamento de pacientes que\u202frequerem hospitaliza\u00e7\u00e3o devido a manifesta\u00e7\u00f5es graves ou cr\u00edticas da Covid-19. Tamb\u00e9m n\u00e3o est\u00e1 autorizado para profilaxia pr\u00e9 ou p\u00f3s-exposi\u00e7\u00e3o para preven\u00e7\u00e3o da infec\u00e7\u00e3o pelo novo coronav\u00edrus.\u202f O medicamento n\u00e3o est\u00e1 autorizado para uso por mais de cinco dias. Al\u00e9m disso, como n\u00e3o h\u00e1 dados do uso do Paxlovid em mulheres gr\u00e1vidas, recomenda-se que seja evitada a gravidez durante o tratamento com o referido medicamento e, como medida preventiva, at\u00e9 sete dias ap\u00f3s o t\u00e9rmino do\u202ftratamento. Finalmente, o Paxlovid n\u00e3o \u00e9 recomendado para pacientes com insufici\u00eancia renal grave ou com falha renal, uma vez que a dose para essa popula\u00e7\u00e3o ainda n\u00e3o foi estabelecida.<\/p>\n<p>CidadeMarketing com informa\u00e7\u00f5es da Anvisa.<\/p>\n<p><iframe style=\"width: 100%; max-width: 660px; overflow: hidden; background: transparent;\" src=\"https:\/\/embed.podcasts.apple.com\/br\/podcast\/podcast-cidademarketing\/id1371923283\" height=\"450\" frameborder=\"0\" sandbox=\"allow-forms allow-popups allow-same-origin allow-scripts allow-storage-access-by-user-activation allow-top-navigation-by-user-activation\"><\/iframe><\/p>\n","protected":false},"excerpt":{"rendered":"<p>A Diretoria Colegiada da Anvisa aprovou por unanimidade, em circuito deliberativo realizado nesta segunda-feira (21\/11), a venda do medicamento Paxlovid (nirmatrelvir + ritonavir), utilizado no tratamento da Covid-19, para farm\u00e1cias e hospitais particulares do pa\u00eds. A decis\u00e3o autoriza o fornecimento do medicamento para o mercado privado, com a rotulagem e bula em portugu\u00eas de Portugal [&hellip;]<\/p>\n","protected":false},"author":1,"featured_media":40307,"comment_status":"open","ping_status":"open","sticky":false,"template":"","format":"standard","meta":{"tdm_status":"","tdm_grid_status":"","footnotes":""},"categories":[6],"tags":[158,65,2864,33,28,633],"class_list":["post-40306","post","type-post","status-publish","format-standard","has-post-thumbnail","hentry","category-noticias","tag-anvisa","tag-campanha","tag-covid-19","tag-estrategia","tag-marketing","tag-pfizer"],"yoast_head":"<!-- This site is optimized with the Yoast SEO plugin v27.4 - https:\/\/yoast.com\/product\/yoast-seo-wordpress\/ -->\n<title>Pfizer: Anvisa autoriza comercializa\u00e7\u00e3o de rem\u00e9dio utilizado no tratamento da Covid-19 - CidadeMarketing<\/title>\n<meta name=\"robots\" content=\"index, follow, max-snippet:-1, max-image-preview:large, max-video-preview:-1\" \/>\n<link rel=\"canonical\" href=\"https:\/\/www.cidademarketing.com.br\/marketing\/2022\/11\/21\/pfizer-anvisa-autoriza-comercializacao-de-remedio-utilizado-no-tratamento-da-covid-19\/\" \/>\n<meta property=\"og:locale\" content=\"pt_BR\" \/>\n<meta property=\"og:type\" content=\"article\" \/>\n<meta property=\"og:title\" content=\"Pfizer: Anvisa autoriza comercializa\u00e7\u00e3o de rem\u00e9dio utilizado no tratamento da Covid-19 - CidadeMarketing\" \/>\n<meta property=\"og:description\" content=\"A Diretoria Colegiada da Anvisa aprovou por unanimidade, em circuito deliberativo realizado nesta segunda-feira (21\/11), a venda do medicamento Paxlovid (nirmatrelvir + ritonavir), utilizado no tratamento da Covid-19, para farm\u00e1cias e hospitais particulares do pa\u00eds. A decis\u00e3o autoriza o fornecimento do medicamento para o mercado privado, com a rotulagem e bula em portugu\u00eas de Portugal [&hellip;]\" \/>\n<meta property=\"og:url\" content=\"https:\/\/www.cidademarketing.com.br\/marketing\/2022\/11\/21\/pfizer-anvisa-autoriza-comercializacao-de-remedio-utilizado-no-tratamento-da-covid-19\/\" \/>\n<meta property=\"og:site_name\" content=\"CidadeMarketing\" \/>\n<meta property=\"article:publisher\" content=\"https:\/\/www.facebook.com\/portalcidademarketing\" \/>\n<meta property=\"article:author\" content=\"https:\/\/www.facebook.com\/thalesbrandao\" \/>\n<meta property=\"article:published_time\" content=\"2022-11-22T00:02:29+00:00\" \/>\n<meta property=\"og:image\" content=\"https:\/\/www.cidademarketing.com.br\/marketing\/wp-content\/uploads\/2022\/11\/pfizer_marca.jpg\" \/>\n\t<meta property=\"og:image:width\" content=\"879\" \/>\n\t<meta property=\"og:image:height\" content=\"427\" \/>\n\t<meta property=\"og:image:type\" content=\"image\/jpeg\" \/>\n<meta name=\"author\" content=\"Thales Brand\u00e3o\" \/>\n<meta name=\"twitter:card\" content=\"summary_large_image\" \/>\n<meta name=\"twitter:creator\" content=\"@http:\/\/www.twitter.com\/thalesbrandao\" \/>\n<meta name=\"twitter:site\" content=\"@CidadeMarketing\" \/>\n<meta name=\"twitter:label1\" content=\"Escrito por\" \/>\n\t<meta name=\"twitter:data1\" content=\"Thales Brand\u00e3o\" \/>\n\t<meta name=\"twitter:label2\" content=\"Est. tempo de leitura\" \/>\n\t<meta name=\"twitter:data2\" content=\"4 minutos\" \/>\n<script type=\"application\/ld+json\" class=\"yoast-schema-graph\">{\"@context\":\"https:\\\/\\\/schema.org\",\"@graph\":[{\"@type\":\"Article\",\"@id\":\"https:\\\/\\\/www.cidademarketing.com.br\\\/marketing\\\/2022\\\/11\\\/21\\\/pfizer-anvisa-autoriza-comercializacao-de-remedio-utilizado-no-tratamento-da-covid-19\\\/#article\",\"isPartOf\":{\"@id\":\"https:\\\/\\\/www.cidademarketing.com.br\\\/marketing\\\/2022\\\/11\\\/21\\\/pfizer-anvisa-autoriza-comercializacao-de-remedio-utilizado-no-tratamento-da-covid-19\\\/\"},\"author\":{\"name\":\"Thales Brand\u00e3o\",\"@id\":\"https:\\\/\\\/www.cidademarketing.com.br\\\/marketing\\\/#\\\/schema\\\/person\\\/02daff9f18bd9378c9e01eb6b2db155f\"},\"headline\":\"Pfizer: Anvisa autoriza comercializa\u00e7\u00e3o de rem\u00e9dio utilizado no tratamento da Covid-19\",\"datePublished\":\"2022-11-22T00:02:29+00:00\",\"mainEntityOfPage\":{\"@id\":\"https:\\\/\\\/www.cidademarketing.com.br\\\/marketing\\\/2022\\\/11\\\/21\\\/pfizer-anvisa-autoriza-comercializacao-de-remedio-utilizado-no-tratamento-da-covid-19\\\/\"},\"wordCount\":798,\"commentCount\":0,\"publisher\":{\"@id\":\"https:\\\/\\\/www.cidademarketing.com.br\\\/marketing\\\/#organization\"},\"image\":{\"@id\":\"https:\\\/\\\/www.cidademarketing.com.br\\\/marketing\\\/2022\\\/11\\\/21\\\/pfizer-anvisa-autoriza-comercializacao-de-remedio-utilizado-no-tratamento-da-covid-19\\\/#primaryimage\"},\"thumbnailUrl\":\"https:\\\/\\\/www.cidademarketing.com.br\\\/marketing\\\/wp-content\\\/uploads\\\/2022\\\/11\\\/pfizer_marca.jpg\",\"keywords\":[\"Anvisa\",\"campanha\",\"covid-19\",\"estrat\u00e9gia\",\"marketing\",\"Pfizer\"],\"articleSection\":[\"Not\u00edcias\"],\"inLanguage\":\"pt-BR\",\"potentialAction\":[{\"@type\":\"CommentAction\",\"name\":\"Comment\",\"target\":[\"https:\\\/\\\/www.cidademarketing.com.br\\\/marketing\\\/2022\\\/11\\\/21\\\/pfizer-anvisa-autoriza-comercializacao-de-remedio-utilizado-no-tratamento-da-covid-19\\\/#respond\"]}]},{\"@type\":\"WebPage\",\"@id\":\"https:\\\/\\\/www.cidademarketing.com.br\\\/marketing\\\/2022\\\/11\\\/21\\\/pfizer-anvisa-autoriza-comercializacao-de-remedio-utilizado-no-tratamento-da-covid-19\\\/\",\"url\":\"https:\\\/\\\/www.cidademarketing.com.br\\\/marketing\\\/2022\\\/11\\\/21\\\/pfizer-anvisa-autoriza-comercializacao-de-remedio-utilizado-no-tratamento-da-covid-19\\\/\",\"name\":\"Pfizer: Anvisa autoriza comercializa\u00e7\u00e3o de rem\u00e9dio utilizado no tratamento da Covid-19 - CidadeMarketing\",\"isPartOf\":{\"@id\":\"https:\\\/\\\/www.cidademarketing.com.br\\\/marketing\\\/#website\"},\"primaryImageOfPage\":{\"@id\":\"https:\\\/\\\/www.cidademarketing.com.br\\\/marketing\\\/2022\\\/11\\\/21\\\/pfizer-anvisa-autoriza-comercializacao-de-remedio-utilizado-no-tratamento-da-covid-19\\\/#primaryimage\"},\"image\":{\"@id\":\"https:\\\/\\\/www.cidademarketing.com.br\\\/marketing\\\/2022\\\/11\\\/21\\\/pfizer-anvisa-autoriza-comercializacao-de-remedio-utilizado-no-tratamento-da-covid-19\\\/#primaryimage\"},\"thumbnailUrl\":\"https:\\\/\\\/www.cidademarketing.com.br\\\/marketing\\\/wp-content\\\/uploads\\\/2022\\\/11\\\/pfizer_marca.jpg\",\"datePublished\":\"2022-11-22T00:02:29+00:00\",\"breadcrumb\":{\"@id\":\"https:\\\/\\\/www.cidademarketing.com.br\\\/marketing\\\/2022\\\/11\\\/21\\\/pfizer-anvisa-autoriza-comercializacao-de-remedio-utilizado-no-tratamento-da-covid-19\\\/#breadcrumb\"},\"inLanguage\":\"pt-BR\",\"potentialAction\":[{\"@type\":\"ReadAction\",\"target\":[\"https:\\\/\\\/www.cidademarketing.com.br\\\/marketing\\\/2022\\\/11\\\/21\\\/pfizer-anvisa-autoriza-comercializacao-de-remedio-utilizado-no-tratamento-da-covid-19\\\/\"]}]},{\"@type\":\"ImageObject\",\"inLanguage\":\"pt-BR\",\"@id\":\"https:\\\/\\\/www.cidademarketing.com.br\\\/marketing\\\/2022\\\/11\\\/21\\\/pfizer-anvisa-autoriza-comercializacao-de-remedio-utilizado-no-tratamento-da-covid-19\\\/#primaryimage\",\"url\":\"https:\\\/\\\/www.cidademarketing.com.br\\\/marketing\\\/wp-content\\\/uploads\\\/2022\\\/11\\\/pfizer_marca.jpg\",\"contentUrl\":\"https:\\\/\\\/www.cidademarketing.com.br\\\/marketing\\\/wp-content\\\/uploads\\\/2022\\\/11\\\/pfizer_marca.jpg\",\"width\":879,\"height\":427},{\"@type\":\"BreadcrumbList\",\"@id\":\"https:\\\/\\\/www.cidademarketing.com.br\\\/marketing\\\/2022\\\/11\\\/21\\\/pfizer-anvisa-autoriza-comercializacao-de-remedio-utilizado-no-tratamento-da-covid-19\\\/#breadcrumb\",\"itemListElement\":[{\"@type\":\"ListItem\",\"position\":1,\"name\":\"In\u00edcio\",\"item\":\"https:\\\/\\\/www.cidademarketing.com.br\\\/marketing\\\/\"},{\"@type\":\"ListItem\",\"position\":2,\"name\":\"Pfizer: Anvisa autoriza comercializa\u00e7\u00e3o de rem\u00e9dio utilizado no tratamento da Covid-19\"}]},{\"@type\":\"WebSite\",\"@id\":\"https:\\\/\\\/www.cidademarketing.com.br\\\/marketing\\\/#website\",\"url\":\"https:\\\/\\\/www.cidademarketing.com.br\\\/marketing\\\/\",\"name\":\"CidadeMarketing\",\"description\":\"Somos um ve\u00edculo de comunica\u00e7\u00e3o de destaque no Brasil, reconhecido por conte\u00fados nos segmentos de marketing, empreendedorismo e inova\u00e7\u00e3o.\",\"publisher\":{\"@id\":\"https:\\\/\\\/www.cidademarketing.com.br\\\/marketing\\\/#organization\"},\"alternateName\":\"CidadeMarketing\",\"potentialAction\":[{\"@type\":\"SearchAction\",\"target\":{\"@type\":\"EntryPoint\",\"urlTemplate\":\"https:\\\/\\\/www.cidademarketing.com.br\\\/marketing\\\/?s={search_term_string}\"},\"query-input\":{\"@type\":\"PropertyValueSpecification\",\"valueRequired\":true,\"valueName\":\"search_term_string\"}}],\"inLanguage\":\"pt-BR\"},{\"@type\":\"Organization\",\"@id\":\"https:\\\/\\\/www.cidademarketing.com.br\\\/marketing\\\/#organization\",\"name\":\"CidadeMarketing\",\"alternateName\":\"CidadeMarketing\",\"url\":\"https:\\\/\\\/www.cidademarketing.com.br\\\/marketing\\\/\",\"logo\":{\"@type\":\"ImageObject\",\"inLanguage\":\"pt-BR\",\"@id\":\"https:\\\/\\\/www.cidademarketing.com.br\\\/marketing\\\/#\\\/schema\\\/logo\\\/image\\\/\",\"url\":\"https:\\\/\\\/www.cidademarketing.com.br\\\/marketing\\\/wp-content\\\/uploads\\\/2020\\\/01\\\/cidademarketing_marca_mobile.png\",\"contentUrl\":\"https:\\\/\\\/www.cidademarketing.com.br\\\/marketing\\\/wp-content\\\/uploads\\\/2020\\\/01\\\/cidademarketing_marca_mobile.png\",\"width\":230,\"height\":92,\"caption\":\"CidadeMarketing\"},\"image\":{\"@id\":\"https:\\\/\\\/www.cidademarketing.com.br\\\/marketing\\\/#\\\/schema\\\/logo\\\/image\\\/\"},\"sameAs\":[\"https:\\\/\\\/www.facebook.com\\\/portalcidademarketing\",\"https:\\\/\\\/x.com\\\/CidadeMarketing\",\"https:\\\/\\\/www.instagram.com\\\/cidademarketing\\\/\"]},{\"@type\":\"Person\",\"@id\":\"https:\\\/\\\/www.cidademarketing.com.br\\\/marketing\\\/#\\\/schema\\\/person\\\/02daff9f18bd9378c9e01eb6b2db155f\",\"name\":\"Thales Brand\u00e3o\",\"image\":{\"@type\":\"ImageObject\",\"inLanguage\":\"pt-BR\",\"@id\":\"https:\\\/\\\/secure.gravatar.com\\\/avatar\\\/7ca3206950207cc3cb48feec56a8a7898741ab725c368d99d5d7a5a50aab80c6?s=96&d=mm&r=g\",\"url\":\"https:\\\/\\\/secure.gravatar.com\\\/avatar\\\/7ca3206950207cc3cb48feec56a8a7898741ab725c368d99d5d7a5a50aab80c6?s=96&d=mm&r=g\",\"contentUrl\":\"https:\\\/\\\/secure.gravatar.com\\\/avatar\\\/7ca3206950207cc3cb48feec56a8a7898741ab725c368d99d5d7a5a50aab80c6?s=96&d=mm&r=g\",\"caption\":\"Thales Brand\u00e3o\"},\"description\":\"Editor Executivo do Portal CidadeMarketing.com.br &gt; Mestre em Comunica\u00e7\u00e3o e Sociedade pela Universidade Federal de Sergipe. Possui MBA Executivo em Administra\u00e7\u00e3o com \u00eanfase em Marketing pela Funda\u00e7\u00e3o Get\u00falio Vargas - Rio de Janeiro. Consultor, Palestrante e Pesquisador sobre Empreendedorismo, Marketing, Redes Sociais e Neg\u00f3cios Digitais. Professor, Palestrante TedxTalks e Campus Party. Twitter: @ThalesBrandao\",\"sameAs\":[\"http:\\\/\\\/www.mandacaru.com.br\",\"https:\\\/\\\/www.facebook.com\\\/thalesbrandao\",\"http:\\\/\\\/www.instagram.com.br\\\/thalesbrandaoferreira\",\"https:\\\/\\\/www.linkedin.com\\\/in\\\/thales-brand\u00e3o-3948609\\\/\",\"https:\\\/\\\/x.com\\\/http:\\\/\\\/www.twitter.com\\\/thalesbrandao\"],\"url\":\"https:\\\/\\\/www.cidademarketing.com.br\\\/marketing\\\/author\\\/thalesbrandao\\\/\"}]}<\/script>\n<!-- \/ Yoast SEO plugin. -->","yoast_head_json":{"title":"Pfizer: Anvisa autoriza comercializa\u00e7\u00e3o de rem\u00e9dio utilizado no tratamento da Covid-19 - CidadeMarketing","robots":{"index":"index","follow":"follow","max-snippet":"max-snippet:-1","max-image-preview":"max-image-preview:large","max-video-preview":"max-video-preview:-1"},"canonical":"https:\/\/www.cidademarketing.com.br\/marketing\/2022\/11\/21\/pfizer-anvisa-autoriza-comercializacao-de-remedio-utilizado-no-tratamento-da-covid-19\/","og_locale":"pt_BR","og_type":"article","og_title":"Pfizer: Anvisa autoriza comercializa\u00e7\u00e3o de rem\u00e9dio utilizado no tratamento da Covid-19 - CidadeMarketing","og_description":"A Diretoria Colegiada da Anvisa aprovou por unanimidade, em circuito deliberativo realizado nesta segunda-feira (21\/11), a venda do medicamento Paxlovid (nirmatrelvir + ritonavir), utilizado no tratamento da Covid-19, para farm\u00e1cias e hospitais particulares do pa\u00eds. A decis\u00e3o autoriza o fornecimento do medicamento para o mercado privado, com a rotulagem e bula em portugu\u00eas de Portugal [&hellip;]","og_url":"https:\/\/www.cidademarketing.com.br\/marketing\/2022\/11\/21\/pfizer-anvisa-autoriza-comercializacao-de-remedio-utilizado-no-tratamento-da-covid-19\/","og_site_name":"CidadeMarketing","article_publisher":"https:\/\/www.facebook.com\/portalcidademarketing","article_author":"https:\/\/www.facebook.com\/thalesbrandao","article_published_time":"2022-11-22T00:02:29+00:00","og_image":[{"width":879,"height":427,"url":"https:\/\/www.cidademarketing.com.br\/marketing\/wp-content\/uploads\/2022\/11\/pfizer_marca.jpg","type":"image\/jpeg"}],"author":"Thales Brand\u00e3o","twitter_card":"summary_large_image","twitter_creator":"@http:\/\/www.twitter.com\/thalesbrandao","twitter_site":"@CidadeMarketing","twitter_misc":{"Escrito por":"Thales Brand\u00e3o","Est. tempo de leitura":"4 minutos"},"schema":{"@context":"https:\/\/schema.org","@graph":[{"@type":"Article","@id":"https:\/\/www.cidademarketing.com.br\/marketing\/2022\/11\/21\/pfizer-anvisa-autoriza-comercializacao-de-remedio-utilizado-no-tratamento-da-covid-19\/#article","isPartOf":{"@id":"https:\/\/www.cidademarketing.com.br\/marketing\/2022\/11\/21\/pfizer-anvisa-autoriza-comercializacao-de-remedio-utilizado-no-tratamento-da-covid-19\/"},"author":{"name":"Thales Brand\u00e3o","@id":"https:\/\/www.cidademarketing.com.br\/marketing\/#\/schema\/person\/02daff9f18bd9378c9e01eb6b2db155f"},"headline":"Pfizer: Anvisa autoriza comercializa\u00e7\u00e3o de rem\u00e9dio utilizado no tratamento da Covid-19","datePublished":"2022-11-22T00:02:29+00:00","mainEntityOfPage":{"@id":"https:\/\/www.cidademarketing.com.br\/marketing\/2022\/11\/21\/pfizer-anvisa-autoriza-comercializacao-de-remedio-utilizado-no-tratamento-da-covid-19\/"},"wordCount":798,"commentCount":0,"publisher":{"@id":"https:\/\/www.cidademarketing.com.br\/marketing\/#organization"},"image":{"@id":"https:\/\/www.cidademarketing.com.br\/marketing\/2022\/11\/21\/pfizer-anvisa-autoriza-comercializacao-de-remedio-utilizado-no-tratamento-da-covid-19\/#primaryimage"},"thumbnailUrl":"https:\/\/www.cidademarketing.com.br\/marketing\/wp-content\/uploads\/2022\/11\/pfizer_marca.jpg","keywords":["Anvisa","campanha","covid-19","estrat\u00e9gia","marketing","Pfizer"],"articleSection":["Not\u00edcias"],"inLanguage":"pt-BR","potentialAction":[{"@type":"CommentAction","name":"Comment","target":["https:\/\/www.cidademarketing.com.br\/marketing\/2022\/11\/21\/pfizer-anvisa-autoriza-comercializacao-de-remedio-utilizado-no-tratamento-da-covid-19\/#respond"]}]},{"@type":"WebPage","@id":"https:\/\/www.cidademarketing.com.br\/marketing\/2022\/11\/21\/pfizer-anvisa-autoriza-comercializacao-de-remedio-utilizado-no-tratamento-da-covid-19\/","url":"https:\/\/www.cidademarketing.com.br\/marketing\/2022\/11\/21\/pfizer-anvisa-autoriza-comercializacao-de-remedio-utilizado-no-tratamento-da-covid-19\/","name":"Pfizer: Anvisa autoriza comercializa\u00e7\u00e3o de rem\u00e9dio utilizado no tratamento da Covid-19 - CidadeMarketing","isPartOf":{"@id":"https:\/\/www.cidademarketing.com.br\/marketing\/#website"},"primaryImageOfPage":{"@id":"https:\/\/www.cidademarketing.com.br\/marketing\/2022\/11\/21\/pfizer-anvisa-autoriza-comercializacao-de-remedio-utilizado-no-tratamento-da-covid-19\/#primaryimage"},"image":{"@id":"https:\/\/www.cidademarketing.com.br\/marketing\/2022\/11\/21\/pfizer-anvisa-autoriza-comercializacao-de-remedio-utilizado-no-tratamento-da-covid-19\/#primaryimage"},"thumbnailUrl":"https:\/\/www.cidademarketing.com.br\/marketing\/wp-content\/uploads\/2022\/11\/pfizer_marca.jpg","datePublished":"2022-11-22T00:02:29+00:00","breadcrumb":{"@id":"https:\/\/www.cidademarketing.com.br\/marketing\/2022\/11\/21\/pfizer-anvisa-autoriza-comercializacao-de-remedio-utilizado-no-tratamento-da-covid-19\/#breadcrumb"},"inLanguage":"pt-BR","potentialAction":[{"@type":"ReadAction","target":["https:\/\/www.cidademarketing.com.br\/marketing\/2022\/11\/21\/pfizer-anvisa-autoriza-comercializacao-de-remedio-utilizado-no-tratamento-da-covid-19\/"]}]},{"@type":"ImageObject","inLanguage":"pt-BR","@id":"https:\/\/www.cidademarketing.com.br\/marketing\/2022\/11\/21\/pfizer-anvisa-autoriza-comercializacao-de-remedio-utilizado-no-tratamento-da-covid-19\/#primaryimage","url":"https:\/\/www.cidademarketing.com.br\/marketing\/wp-content\/uploads\/2022\/11\/pfizer_marca.jpg","contentUrl":"https:\/\/www.cidademarketing.com.br\/marketing\/wp-content\/uploads\/2022\/11\/pfizer_marca.jpg","width":879,"height":427},{"@type":"BreadcrumbList","@id":"https:\/\/www.cidademarketing.com.br\/marketing\/2022\/11\/21\/pfizer-anvisa-autoriza-comercializacao-de-remedio-utilizado-no-tratamento-da-covid-19\/#breadcrumb","itemListElement":[{"@type":"ListItem","position":1,"name":"In\u00edcio","item":"https:\/\/www.cidademarketing.com.br\/marketing\/"},{"@type":"ListItem","position":2,"name":"Pfizer: Anvisa autoriza comercializa\u00e7\u00e3o de rem\u00e9dio utilizado no tratamento da Covid-19"}]},{"@type":"WebSite","@id":"https:\/\/www.cidademarketing.com.br\/marketing\/#website","url":"https:\/\/www.cidademarketing.com.br\/marketing\/","name":"CidadeMarketing","description":"Somos um ve\u00edculo de comunica\u00e7\u00e3o de destaque no Brasil, reconhecido por conte\u00fados nos segmentos de marketing, empreendedorismo e inova\u00e7\u00e3o.","publisher":{"@id":"https:\/\/www.cidademarketing.com.br\/marketing\/#organization"},"alternateName":"CidadeMarketing","potentialAction":[{"@type":"SearchAction","target":{"@type":"EntryPoint","urlTemplate":"https:\/\/www.cidademarketing.com.br\/marketing\/?s={search_term_string}"},"query-input":{"@type":"PropertyValueSpecification","valueRequired":true,"valueName":"search_term_string"}}],"inLanguage":"pt-BR"},{"@type":"Organization","@id":"https:\/\/www.cidademarketing.com.br\/marketing\/#organization","name":"CidadeMarketing","alternateName":"CidadeMarketing","url":"https:\/\/www.cidademarketing.com.br\/marketing\/","logo":{"@type":"ImageObject","inLanguage":"pt-BR","@id":"https:\/\/www.cidademarketing.com.br\/marketing\/#\/schema\/logo\/image\/","url":"https:\/\/www.cidademarketing.com.br\/marketing\/wp-content\/uploads\/2020\/01\/cidademarketing_marca_mobile.png","contentUrl":"https:\/\/www.cidademarketing.com.br\/marketing\/wp-content\/uploads\/2020\/01\/cidademarketing_marca_mobile.png","width":230,"height":92,"caption":"CidadeMarketing"},"image":{"@id":"https:\/\/www.cidademarketing.com.br\/marketing\/#\/schema\/logo\/image\/"},"sameAs":["https:\/\/www.facebook.com\/portalcidademarketing","https:\/\/x.com\/CidadeMarketing","https:\/\/www.instagram.com\/cidademarketing\/"]},{"@type":"Person","@id":"https:\/\/www.cidademarketing.com.br\/marketing\/#\/schema\/person\/02daff9f18bd9378c9e01eb6b2db155f","name":"Thales Brand\u00e3o","image":{"@type":"ImageObject","inLanguage":"pt-BR","@id":"https:\/\/secure.gravatar.com\/avatar\/7ca3206950207cc3cb48feec56a8a7898741ab725c368d99d5d7a5a50aab80c6?s=96&d=mm&r=g","url":"https:\/\/secure.gravatar.com\/avatar\/7ca3206950207cc3cb48feec56a8a7898741ab725c368d99d5d7a5a50aab80c6?s=96&d=mm&r=g","contentUrl":"https:\/\/secure.gravatar.com\/avatar\/7ca3206950207cc3cb48feec56a8a7898741ab725c368d99d5d7a5a50aab80c6?s=96&d=mm&r=g","caption":"Thales Brand\u00e3o"},"description":"Editor Executivo do Portal CidadeMarketing.com.br &gt; Mestre em Comunica\u00e7\u00e3o e Sociedade pela Universidade Federal de Sergipe. Possui MBA Executivo em Administra\u00e7\u00e3o com \u00eanfase em Marketing pela Funda\u00e7\u00e3o Get\u00falio Vargas - Rio de Janeiro. Consultor, Palestrante e Pesquisador sobre Empreendedorismo, Marketing, Redes Sociais e Neg\u00f3cios Digitais. Professor, Palestrante TedxTalks e Campus Party. Twitter: @ThalesBrandao","sameAs":["http:\/\/www.mandacaru.com.br","https:\/\/www.facebook.com\/thalesbrandao","http:\/\/www.instagram.com.br\/thalesbrandaoferreira","https:\/\/www.linkedin.com\/in\/thales-brand\u00e3o-3948609\/","https:\/\/x.com\/http:\/\/www.twitter.com\/thalesbrandao"],"url":"https:\/\/www.cidademarketing.com.br\/marketing\/author\/thalesbrandao\/"}]}},"amp_enabled":true,"_links":{"self":[{"href":"https:\/\/www.cidademarketing.com.br\/marketing\/wp-json\/wp\/v2\/posts\/40306","targetHints":{"allow":["GET"]}}],"collection":[{"href":"https:\/\/www.cidademarketing.com.br\/marketing\/wp-json\/wp\/v2\/posts"}],"about":[{"href":"https:\/\/www.cidademarketing.com.br\/marketing\/wp-json\/wp\/v2\/types\/post"}],"author":[{"embeddable":true,"href":"https:\/\/www.cidademarketing.com.br\/marketing\/wp-json\/wp\/v2\/users\/1"}],"replies":[{"embeddable":true,"href":"https:\/\/www.cidademarketing.com.br\/marketing\/wp-json\/wp\/v2\/comments?post=40306"}],"version-history":[{"count":1,"href":"https:\/\/www.cidademarketing.com.br\/marketing\/wp-json\/wp\/v2\/posts\/40306\/revisions"}],"predecessor-version":[{"id":40308,"href":"https:\/\/www.cidademarketing.com.br\/marketing\/wp-json\/wp\/v2\/posts\/40306\/revisions\/40308"}],"wp:featuredmedia":[{"embeddable":true,"href":"https:\/\/www.cidademarketing.com.br\/marketing\/wp-json\/wp\/v2\/media\/40307"}],"wp:attachment":[{"href":"https:\/\/www.cidademarketing.com.br\/marketing\/wp-json\/wp\/v2\/media?parent=40306"}],"wp:term":[{"taxonomy":"category","embeddable":true,"href":"https:\/\/www.cidademarketing.com.br\/marketing\/wp-json\/wp\/v2\/categories?post=40306"},{"taxonomy":"post_tag","embeddable":true,"href":"https:\/\/www.cidademarketing.com.br\/marketing\/wp-json\/wp\/v2\/tags?post=40306"}],"curies":[{"name":"wp","href":"https:\/\/api.w.org\/{rel}","templated":true}]}}