{"id":40249,"date":"2022-11-21T10:53:16","date_gmt":"2022-11-21T13:53:16","guid":{"rendered":"https:\/\/www.cidademarketing.com.br\/marketing\/?p=40249"},"modified":"2022-11-21T10:53:16","modified_gmt":"2022-11-21T13:53:16","slug":"jovens-talentos-negros-abrem-show-da-iza-em-salvador-para-celebrar-o-mes-da-consciencia-negra-com-devassa","status":"publish","type":"post","link":"https:\/\/www.cidademarketing.com.br\/marketing\/2022\/11\/21\/jovens-talentos-negros-abrem-show-da-iza-em-salvador-para-celebrar-o-mes-da-consciencia-negra-com-devassa\/","title":{"rendered":"Jovens talentos negros abrem show da IZA em Salvador para celebrar o m\u00eas da Consci\u00eancia Negra com Devassa"},"content":{"rendered":"<p>Afrobapho, Jeff, Luiza Nascim, MC Tha, N\u00eassa, Raquel Reis, Uana e WD compartilharam o palco com a voz, a dan\u00e7a e a excel\u00eancia de jovens artistas pretos, com dire\u00e7\u00e3o musical de Mahal Pita e dire\u00e7\u00e3o art\u00edstica de Rodrigo Fran\u00e7a, numa celebra\u00e7\u00e3o \u00fanica promovida por Devassa, cerveja do Grupo HEINEKEN. A apresenta\u00e7\u00e3o que abriu o show da cantora IZA reverenciou as comemora\u00e7\u00f5es ao m\u00eas da Consci\u00eancia Negra, no dia 20\/11, data criada pelo Movimento Negro na d\u00e9cada de 1970 que homenageia o l\u00edder do Quilombo dos Palmares, Zumbi, s\u00edmbolo da resist\u00eancia preta no Brasil.<\/p>\n<p><iframe title=\"Spotify Embed: Podcast CidadeMarketing\" style=\"border-radius: 12px\" width=\"100%\" height=\"152\" frameborder=\"0\" allowfullscreen allow=\"autoplay; clipboard-write; encrypted-media; fullscreen; picture-in-picture\" loading=\"lazy\" src=\"https:\/\/open.spotify.com\/embed\/show\/4khMKzP3FgFRWVwb73xicc?si=252fe5bff2b34909&#038;utm_source=oembed\"><\/iframe><\/p>\n<p>Com coreografia e bal\u00e9 de Afrobapho, o show celebrou a comunidade preta enaltecendo o PRETAGONISMO &#8212; protagonismo do povo preto, que tem o poder de criar novos mundos. Da criatividade, da voz, da cor, do movimento, da cultura e do ax\u00e9. Um momento de orgulho e exalta\u00e7\u00e3o da cultura preta, da criatividade brasileira na m\u00fasica, que \u00e9 um dos principais pilares trabalhados por Devassa no seu posicionamento \u201cCriatividade Tropical\u201d.<\/p>\n<p>Ap\u00f3s o show de abertura, IZA fez sua primeira apresenta\u00e7\u00e3o solo na Concha Ac\u00fastica e ao final, todos os artistas se encontraram no palco para cantar juntos \u201cF\u00e9\u201d, single rec\u00e9m-lan\u00e7ado pela cantora. Na ocasi\u00e3o, a artista anunciou seu projeto social que segue os princ\u00edpios e pilares que a marca acredita e que por isso apoia, o \u2018Entra na Roda\u2019, que potencializa e premia pequenos neg\u00f3cios liderados por empreendedores negros de todo o pa\u00eds. Durante todo programa ser\u00e3o selecionados 20 neg\u00f3cios do Brasil inteiro, divididos em 5 vertentes: moda, gastronomia, beleza, entretenimento e impacto social. Os 2 empreendedores finalistas de cada categoria ser\u00e3o premiados em dinheiro.<\/p>\n<p>Para Devassa, esse foi o momento de lan\u00e7ar sua nova plataforma \u2018TUDO NOSSO\u2019, cujo objetivo \u00e9 aumentar a presen\u00e7a da popula\u00e7\u00e3o preta nos espa\u00e7os de cultura, lazer e entretenimento, seja ampliando a visibilidade de artistas ou aplicando iniciativas para garantir o acesso desse p\u00fablico nesses espa\u00e7os. Em um pa\u00eds onde mais de 56% da popula\u00e7\u00e3o \u00e9 composta de pessoas pretas, Devassa ressalta seu compromisso di\u00e1rio de valorizar a criatividade presente em cada um. \u00c9 uma marca que se conecta com o p\u00fablico por meio das origens e das identidades culturais, com forte presen\u00e7a no Norte-Nordeste do pa\u00eds. \u201cEssa \u00e9 uma data em que tentamos mostrar de forma festiva todos os esfor\u00e7os que temos feito para garantir maior visibilidade \u00e0s discuss\u00f5es de equidade racial. Hoje temos orgulho de poder anunciar uma nova iniciativa, a plataforma \u201cTUDO NOSSO\u201d, que a partir de agora ir\u00e1 promover uma s\u00e9rie de a\u00e7\u00f5es para ampliar a participa\u00e7\u00e3o de artistas pretos no entretenimento, assim como da popula\u00e7\u00e3o preta presente nesses eventos, por meio de a\u00e7\u00f5es afirmativas. O que apresentamos hoje \u00e9 um teaser do que est\u00e1 por vir\u201d, explica Vanessa Brand\u00e3o, diretora das marcas Mainstream do Grupo HEINEKEN.<\/p>\n<p>Al\u00e9m do show de abertura com jovens talentos, a marca tamb\u00e9m garantiu o acesso ao evento para mais de 600 pessoas por meio da parceria com coletivos e iniciativas locais. Por acreditar na multiplicidade e diversidade desses eventos, reconhecer e promover em suas a\u00e7\u00f5es os talentos das diversas regi\u00f5es brasileiras, al\u00e9m de facilitar o acesso de todos ao entretenimento e experi\u00eancias musicais, reafirmando seu compromisso de apoiar movimentos raciais, Devassa mapeou coletivos sociais e culturais influentes na regi\u00e3o de Salvador, que fazem um trabalho relevante e fundamental para aquela sociedade por meio de conex\u00e3o real com a comunidade local, e os convidou para juntos celebrarem a data.<\/p>\n<p>Ingressos foram distribu\u00eddos via coletivos como Casa Preta Hub &#8212; Cachoeira, Coletivo MUSAS, F\u00e1brica Cultural &#8211; Programa Acelera Ia\u00f4 e Casa do Museu Popular da Bahia &#8212; e todos esses convidados de Devassa poder\u00e3o juntos aproveitar e celebrar a Criatividade Tropical nesta data t\u00e3o importante.<\/p>\n<p>A PLATAFORMA TUDO NOSSO<br \/>\n\u201cTUDO NOSSO\u201d \u00e9 um projeto de plataforma criado para que Devassa possa contribuir para que pessoas pretas tenham acesso aos espa\u00e7os de cultura, lazer e entretenimento pela porta da frente. Seja como audi\u00eancia ou artista nos palcos, a plataforma ir\u00e1 praticar diferentes estrat\u00e9gias para tornar isso uma realidade, seja a partir de promo\u00e7\u00f5es afirmativas para convidados ou garantindo espa\u00e7o e impulsionamento em seus canais para artistas. A estreia da plataforma ocorrer\u00e1 no show de abertura da IZA, embaixadora da marca, que ir\u00e1 ocorrer no dia 20\/11 na Concha Ac\u00fastica em Salvador, momento em que a marca entregar\u00e1 mais de 10 atra\u00e7\u00f5es. Conhe\u00e7a a plataforma TUDO NOSSO e cadastre-se (a partir de 20\/11).<\/p>\n<p>O show de abertura foi idealizado e produzido por Atenas Comunica\u00e7\u00e3o, com dire\u00e7\u00e3o art\u00edstica e roteiro de Rodrigo Fran\u00e7a, dire\u00e7\u00e3o musical de Mahal Pita, coreografia de Afrobapho, conte\u00fado estrat\u00e9gico digital HNK Lab e m\u00eddia digital da iProspect (Red Star), assessoria de comunica\u00e7\u00e3o, influ\u00eancia e relacionamento Press Pass.<\/p>\n<p>SOBRE OS TALENTOS<br \/>\nAFROBAPHO |COREOGRAFIA E BAL\u00c9 (@afrobaphooficial)<br \/>\nColetivo formado por jovens negros LGBTIA+ da periferia de Salvador, Bahia, que utilizam as artes integradas como ferramenta de mobiliza\u00e7\u00e3o e sensibiliza\u00e7\u00e3o social. Atrav\u00e9s de produ\u00e7\u00f5es audiovisuais e performances art\u00edsticas, abordam numa perspectiva antirracista, quest\u00f5es de est\u00e9tica e dissid\u00eancias de sexualidade e g\u00eanero.<\/p>\n<p>JEFF (@jeffmoraes.oficial)<br \/>\nJeff Moraes \u00e9 um artista multim\u00eddia afroamaz\u00f4nica. Cultura Pop, Afro afeto, Amaz\u00f4nia e Ancestralidade s\u00e3o as palavras-chave da produ\u00e7\u00e3o musical desse cantor paraense que soma dez anos de carreira. Em 2022, o artista realizou a da turn\u00ea do \u00e1lbum Tambor e Beat, lan\u00e7ado em 2021, por munic\u00edpios do estado do Par\u00e1 como Soure (Maraj\u00f3), Bragan\u00e7a, Altamira e Bel\u00e9m. Ainda no mesmo ano, Jeff lan\u00e7ou o DVD Tambor e Beat em um show gratuito na Feira da A\u00e7a\u00ed, espa\u00e7o s\u00edmbolo para a cena cultural da capital paraense.<\/p>\n<p>LUIZA NASCIM (@luisa__nascim)<br \/>\nEla come\u00e7ou no circo como acrobata, se apresentou mundo afora em tecidos a\u00e9reos at\u00e9 incluir, meio por acaso, um n\u00famero musical na programa\u00e7\u00e3o itinerante. Hoje, \u00e0 frente de Lu\u00edsa e os Alquimistas, leva a arte que aprendeu na estrada para a banda que mistura brega, reggae, forr\u00f3 e eletr\u00f4nico.<\/p>\n<p>MAHAL PITA | DIRE\u00c7\u00c3O MUSICAL E BEATMAKER (@mahalpita)<br \/>\nNascido em Salvador, Mahal Pita \u00e9 Produtor musical e artista transm\u00eddia, foi colaborador da BaianaSystem, ganhando o pr\u00eamio de melhor show do ano pela APCA e emprestando seu olhar na cria\u00e7\u00e3o de produ\u00e7\u00f5es autorais, remixes e releituras com artistas como Tom Z\u00e9, Ney Matogrosso, Bneg\u00e3o, Margareth Menezes, Edson Gomes, Titica, BuleBule, Rico Dalasam, Flora Matos, Karol Conka, entre outros e atualmente se dedica aos seus projetos solo.<\/p>\n<p>MC THA (@mcthaa)<br \/>\nSe primeiro \u00e1lbum de est\u00fadio, Rito de Pass\u00e1 popularizou a mescla de m\u00fasica pop e funk brasileiro em conjunto com influ\u00eancias religiosas de matriz afro-brasileira, estilo musical pelo qual se tornou conhecida. Em 2022 lan\u00e7ou o extended play Meu Santo \u00c9 Forte, produ\u00e7\u00e3o inspirada em can\u00e7\u00f5es lan\u00e7adas por Alcione entre as d\u00e9cadas de 1970 e os anos 2000.<\/p>\n<p>N\u00caSSA (@musicnessa)<br \/>\nN\u00eassa \u00e9 cantora, compositora, designer e ilustradora soteropolitana que promete crescer muito no cen\u00e1rio pop. Em seus trabalhos, ela fortalece o movimento art\u00edstico de busca por uma identidade da m\u00fasica pop brasileira, que aposta cada vez mais nessa experimenta\u00e7\u00e3o de ritmos mainstream com ritmos regionais.<\/p>\n<p>RAQUEL REIS (@rachelreisc)<br \/>\nRachel Reis \u00e9 a revela\u00e7\u00e3o baiana que colocou MPB e arrocha para bailar. A Cantora virou uma das maiores apostas da m\u00fasica brasileira para 2022 com a voz macia de &#8216;Maresia&#8217; e agora finaliza seu primeiro \u00e1lbum completo.<\/p>\n<p>UANA (@uanamahin)<br \/>\nCantora, compositora e atriz pernambucana se aproxima brega e R&amp;B. Em fase mais pop, cantora vem fazendo novas parcerias musicais e experimentando dentro do g\u00eanero brega, &#8216;um universo com muitas possibilidades.<\/p>\n<p>WD (@wdooficial)<br \/>\nNacionalmente conhecido ap\u00f3s participar do The Voice Brasil, em 2021, e ter conquistado todas as cadeiras viradas nas audi\u00e7\u00f5es \u00e0s cegas. Para essa apresenta\u00e7\u00e3o, WD escolheu cantar Eu Sou, uma m\u00fasica autoral, e entrou para o time de Iza. O cantor deixou o programa na semifinal, mas conquistou diversos f\u00e3s nas redes sociais.<\/p>\n<p><iframe style=\"width: 100%; max-width: 660px; overflow: hidden; background: transparent;\" src=\"https:\/\/embed.podcasts.apple.com\/br\/podcast\/podcast-cidademarketing\/id1371923283\" height=\"450\" frameborder=\"0\" sandbox=\"allow-forms allow-popups allow-same-origin allow-scripts allow-storage-access-by-user-activation allow-top-navigation-by-user-activation\"><\/iframe><\/p>\n","protected":false},"excerpt":{"rendered":"<p>Afrobapho, Jeff, Luiza Nascim, MC Tha, N\u00eassa, Raquel Reis, Uana e WD compartilharam o palco com a voz, a dan\u00e7a e a excel\u00eancia de jovens artistas pretos, com dire\u00e7\u00e3o musical de Mahal Pita e dire\u00e7\u00e3o art\u00edstica de Rodrigo Fran\u00e7a, numa celebra\u00e7\u00e3o \u00fanica promovida por Devassa, cerveja do Grupo HEINEKEN. A apresenta\u00e7\u00e3o que abriu o show [&hellip;]<\/p>\n","protected":false},"author":1,"featured_media":40250,"comment_status":"open","ping_status":"open","sticky":false,"template":"","format":"standard","meta":{"tdm_status":"","tdm_grid_status":"","footnotes":""},"categories":[6],"tags":[65,1124,1984,28,1742],"class_list":["post-40249","post","type-post","status-publish","format-standard","has-post-thumbnail","hentry","category-noticias","tag-campanha","tag-diversidade","tag-iza","tag-marketing","tag-musica"],"yoast_head":"<!-- This site is optimized with the Yoast SEO plugin v27.5 - https:\/\/yoast.com\/product\/yoast-seo-wordpress\/ -->\n<title>Jovens talentos negros abrem show da IZA em Salvador para celebrar o m\u00eas da Consci\u00eancia Negra com Devassa - CidadeMarketing<\/title>\n<meta name=\"robots\" content=\"index, follow, max-snippet:-1, max-image-preview:large, max-video-preview:-1\" \/>\n<link rel=\"canonical\" href=\"https:\/\/www.cidademarketing.com.br\/marketing\/2022\/11\/21\/jovens-talentos-negros-abrem-show-da-iza-em-salvador-para-celebrar-o-mes-da-consciencia-negra-com-devassa\/\" \/>\n<meta property=\"og:locale\" content=\"pt_BR\" \/>\n<meta property=\"og:type\" content=\"article\" \/>\n<meta property=\"og:title\" content=\"Jovens talentos negros abrem show da IZA em Salvador para celebrar o m\u00eas da Consci\u00eancia Negra com Devassa - CidadeMarketing\" \/>\n<meta property=\"og:description\" content=\"Afrobapho, Jeff, Luiza Nascim, MC Tha, N\u00eassa, Raquel Reis, Uana e WD compartilharam o palco com a voz, a dan\u00e7a e a excel\u00eancia de jovens artistas pretos, com dire\u00e7\u00e3o musical de Mahal Pita e dire\u00e7\u00e3o art\u00edstica de Rodrigo Fran\u00e7a, numa celebra\u00e7\u00e3o \u00fanica promovida por Devassa, cerveja do Grupo HEINEKEN. A apresenta\u00e7\u00e3o que abriu o show [&hellip;]\" \/>\n<meta property=\"og:url\" content=\"https:\/\/www.cidademarketing.com.br\/marketing\/2022\/11\/21\/jovens-talentos-negros-abrem-show-da-iza-em-salvador-para-celebrar-o-mes-da-consciencia-negra-com-devassa\/\" \/>\n<meta property=\"og:site_name\" content=\"CidadeMarketing\" \/>\n<meta property=\"article:publisher\" content=\"https:\/\/www.facebook.com\/portalcidademarketing\" \/>\n<meta property=\"article:author\" content=\"https:\/\/www.facebook.com\/thalesbrandao\" \/>\n<meta property=\"article:published_time\" content=\"2022-11-21T13:53:16+00:00\" \/>\n<meta property=\"og:image\" content=\"https:\/\/www.cidademarketing.com.br\/marketing\/wp-content\/uploads\/2022\/11\/iza_salvador_diversidade.jpg\" \/>\n\t<meta property=\"og:image:width\" content=\"800\" \/>\n\t<meta property=\"og:image:height\" content=\"533\" \/>\n\t<meta property=\"og:image:type\" content=\"image\/jpeg\" \/>\n<meta name=\"author\" content=\"Thales Brand\u00e3o\" \/>\n<meta name=\"twitter:card\" content=\"summary_large_image\" \/>\n<meta name=\"twitter:creator\" content=\"@http:\/\/www.twitter.com\/thalesbrandao\" \/>\n<meta name=\"twitter:site\" content=\"@CidadeMarketing\" \/>\n<meta name=\"twitter:label1\" content=\"Escrito por\" \/>\n\t<meta name=\"twitter:data1\" content=\"Thales Brand\u00e3o\" \/>\n\t<meta name=\"twitter:label2\" content=\"Est. tempo de leitura\" \/>\n\t<meta name=\"twitter:data2\" content=\"7 minutos\" \/>\n<script type=\"application\/ld+json\" class=\"yoast-schema-graph\">{\"@context\":\"https:\\\/\\\/schema.org\",\"@graph\":[{\"@type\":\"Article\",\"@id\":\"https:\\\/\\\/www.cidademarketing.com.br\\\/marketing\\\/2022\\\/11\\\/21\\\/jovens-talentos-negros-abrem-show-da-iza-em-salvador-para-celebrar-o-mes-da-consciencia-negra-com-devassa\\\/#article\",\"isPartOf\":{\"@id\":\"https:\\\/\\\/www.cidademarketing.com.br\\\/marketing\\\/2022\\\/11\\\/21\\\/jovens-talentos-negros-abrem-show-da-iza-em-salvador-para-celebrar-o-mes-da-consciencia-negra-com-devassa\\\/\"},\"author\":{\"name\":\"Thales Brand\u00e3o\",\"@id\":\"https:\\\/\\\/www.cidademarketing.com.br\\\/marketing\\\/#\\\/schema\\\/person\\\/02daff9f18bd9378c9e01eb6b2db155f\"},\"headline\":\"Jovens talentos negros abrem show da IZA em Salvador para celebrar o m\u00eas da Consci\u00eancia Negra com Devassa\",\"datePublished\":\"2022-11-21T13:53:16+00:00\",\"mainEntityOfPage\":{\"@id\":\"https:\\\/\\\/www.cidademarketing.com.br\\\/marketing\\\/2022\\\/11\\\/21\\\/jovens-talentos-negros-abrem-show-da-iza-em-salvador-para-celebrar-o-mes-da-consciencia-negra-com-devassa\\\/\"},\"wordCount\":1419,\"commentCount\":0,\"publisher\":{\"@id\":\"https:\\\/\\\/www.cidademarketing.com.br\\\/marketing\\\/#organization\"},\"image\":{\"@id\":\"https:\\\/\\\/www.cidademarketing.com.br\\\/marketing\\\/2022\\\/11\\\/21\\\/jovens-talentos-negros-abrem-show-da-iza-em-salvador-para-celebrar-o-mes-da-consciencia-negra-com-devassa\\\/#primaryimage\"},\"thumbnailUrl\":\"https:\\\/\\\/www.cidademarketing.com.br\\\/marketing\\\/wp-content\\\/uploads\\\/2022\\\/11\\\/iza_salvador_diversidade.jpg\",\"keywords\":[\"campanha\",\"diversidade\",\"Iza\",\"marketing\",\"m\u00fasica\"],\"articleSection\":[\"Not\u00edcias\"],\"inLanguage\":\"pt-BR\",\"potentialAction\":[{\"@type\":\"CommentAction\",\"name\":\"Comment\",\"target\":[\"https:\\\/\\\/www.cidademarketing.com.br\\\/marketing\\\/2022\\\/11\\\/21\\\/jovens-talentos-negros-abrem-show-da-iza-em-salvador-para-celebrar-o-mes-da-consciencia-negra-com-devassa\\\/#respond\"]}]},{\"@type\":\"WebPage\",\"@id\":\"https:\\\/\\\/www.cidademarketing.com.br\\\/marketing\\\/2022\\\/11\\\/21\\\/jovens-talentos-negros-abrem-show-da-iza-em-salvador-para-celebrar-o-mes-da-consciencia-negra-com-devassa\\\/\",\"url\":\"https:\\\/\\\/www.cidademarketing.com.br\\\/marketing\\\/2022\\\/11\\\/21\\\/jovens-talentos-negros-abrem-show-da-iza-em-salvador-para-celebrar-o-mes-da-consciencia-negra-com-devassa\\\/\",\"name\":\"Jovens talentos negros abrem show da IZA em Salvador para celebrar o m\u00eas da Consci\u00eancia Negra com Devassa - CidadeMarketing\",\"isPartOf\":{\"@id\":\"https:\\\/\\\/www.cidademarketing.com.br\\\/marketing\\\/#website\"},\"primaryImageOfPage\":{\"@id\":\"https:\\\/\\\/www.cidademarketing.com.br\\\/marketing\\\/2022\\\/11\\\/21\\\/jovens-talentos-negros-abrem-show-da-iza-em-salvador-para-celebrar-o-mes-da-consciencia-negra-com-devassa\\\/#primaryimage\"},\"image\":{\"@id\":\"https:\\\/\\\/www.cidademarketing.com.br\\\/marketing\\\/2022\\\/11\\\/21\\\/jovens-talentos-negros-abrem-show-da-iza-em-salvador-para-celebrar-o-mes-da-consciencia-negra-com-devassa\\\/#primaryimage\"},\"thumbnailUrl\":\"https:\\\/\\\/www.cidademarketing.com.br\\\/marketing\\\/wp-content\\\/uploads\\\/2022\\\/11\\\/iza_salvador_diversidade.jpg\",\"datePublished\":\"2022-11-21T13:53:16+00:00\",\"breadcrumb\":{\"@id\":\"https:\\\/\\\/www.cidademarketing.com.br\\\/marketing\\\/2022\\\/11\\\/21\\\/jovens-talentos-negros-abrem-show-da-iza-em-salvador-para-celebrar-o-mes-da-consciencia-negra-com-devassa\\\/#breadcrumb\"},\"inLanguage\":\"pt-BR\",\"potentialAction\":[{\"@type\":\"ReadAction\",\"target\":[\"https:\\\/\\\/www.cidademarketing.com.br\\\/marketing\\\/2022\\\/11\\\/21\\\/jovens-talentos-negros-abrem-show-da-iza-em-salvador-para-celebrar-o-mes-da-consciencia-negra-com-devassa\\\/\"]}]},{\"@type\":\"ImageObject\",\"inLanguage\":\"pt-BR\",\"@id\":\"https:\\\/\\\/www.cidademarketing.com.br\\\/marketing\\\/2022\\\/11\\\/21\\\/jovens-talentos-negros-abrem-show-da-iza-em-salvador-para-celebrar-o-mes-da-consciencia-negra-com-devassa\\\/#primaryimage\",\"url\":\"https:\\\/\\\/www.cidademarketing.com.br\\\/marketing\\\/wp-content\\\/uploads\\\/2022\\\/11\\\/iza_salvador_diversidade.jpg\",\"contentUrl\":\"https:\\\/\\\/www.cidademarketing.com.br\\\/marketing\\\/wp-content\\\/uploads\\\/2022\\\/11\\\/iza_salvador_diversidade.jpg\",\"width\":800,\"height\":533,\"caption\":\"Jovens se apresentaram antes do show de Iza e voltaram ao palco para o final - Fotos: Elias Dantas\"},{\"@type\":\"BreadcrumbList\",\"@id\":\"https:\\\/\\\/www.cidademarketing.com.br\\\/marketing\\\/2022\\\/11\\\/21\\\/jovens-talentos-negros-abrem-show-da-iza-em-salvador-para-celebrar-o-mes-da-consciencia-negra-com-devassa\\\/#breadcrumb\",\"itemListElement\":[{\"@type\":\"ListItem\",\"position\":1,\"name\":\"In\u00edcio\",\"item\":\"https:\\\/\\\/www.cidademarketing.com.br\\\/marketing\\\/\"},{\"@type\":\"ListItem\",\"position\":2,\"name\":\"Jovens talentos negros abrem show da IZA em Salvador para celebrar o m\u00eas da Consci\u00eancia Negra com Devassa\"}]},{\"@type\":\"WebSite\",\"@id\":\"https:\\\/\\\/www.cidademarketing.com.br\\\/marketing\\\/#website\",\"url\":\"https:\\\/\\\/www.cidademarketing.com.br\\\/marketing\\\/\",\"name\":\"CidadeMarketing\",\"description\":\"Somos um ve\u00edculo de comunica\u00e7\u00e3o de destaque no Brasil, reconhecido por conte\u00fados nos segmentos de marketing, empreendedorismo e inova\u00e7\u00e3o.\",\"publisher\":{\"@id\":\"https:\\\/\\\/www.cidademarketing.com.br\\\/marketing\\\/#organization\"},\"alternateName\":\"CidadeMarketing\",\"potentialAction\":[{\"@type\":\"SearchAction\",\"target\":{\"@type\":\"EntryPoint\",\"urlTemplate\":\"https:\\\/\\\/www.cidademarketing.com.br\\\/marketing\\\/?s={search_term_string}\"},\"query-input\":{\"@type\":\"PropertyValueSpecification\",\"valueRequired\":true,\"valueName\":\"search_term_string\"}}],\"inLanguage\":\"pt-BR\"},{\"@type\":\"Organization\",\"@id\":\"https:\\\/\\\/www.cidademarketing.com.br\\\/marketing\\\/#organization\",\"name\":\"CidadeMarketing\",\"alternateName\":\"CidadeMarketing\",\"url\":\"https:\\\/\\\/www.cidademarketing.com.br\\\/marketing\\\/\",\"logo\":{\"@type\":\"ImageObject\",\"inLanguage\":\"pt-BR\",\"@id\":\"https:\\\/\\\/www.cidademarketing.com.br\\\/marketing\\\/#\\\/schema\\\/logo\\\/image\\\/\",\"url\":\"https:\\\/\\\/www.cidademarketing.com.br\\\/marketing\\\/wp-content\\\/uploads\\\/2020\\\/01\\\/cidademarketing_marca_mobile.png\",\"contentUrl\":\"https:\\\/\\\/www.cidademarketing.com.br\\\/marketing\\\/wp-content\\\/uploads\\\/2020\\\/01\\\/cidademarketing_marca_mobile.png\",\"width\":230,\"height\":92,\"caption\":\"CidadeMarketing\"},\"image\":{\"@id\":\"https:\\\/\\\/www.cidademarketing.com.br\\\/marketing\\\/#\\\/schema\\\/logo\\\/image\\\/\"},\"sameAs\":[\"https:\\\/\\\/www.facebook.com\\\/portalcidademarketing\",\"https:\\\/\\\/x.com\\\/CidadeMarketing\",\"https:\\\/\\\/www.instagram.com\\\/cidademarketing\\\/\"]},{\"@type\":\"Person\",\"@id\":\"https:\\\/\\\/www.cidademarketing.com.br\\\/marketing\\\/#\\\/schema\\\/person\\\/02daff9f18bd9378c9e01eb6b2db155f\",\"name\":\"Thales Brand\u00e3o\",\"image\":{\"@type\":\"ImageObject\",\"inLanguage\":\"pt-BR\",\"@id\":\"https:\\\/\\\/secure.gravatar.com\\\/avatar\\\/7ca3206950207cc3cb48feec56a8a7898741ab725c368d99d5d7a5a50aab80c6?s=96&d=mm&r=g\",\"url\":\"https:\\\/\\\/secure.gravatar.com\\\/avatar\\\/7ca3206950207cc3cb48feec56a8a7898741ab725c368d99d5d7a5a50aab80c6?s=96&d=mm&r=g\",\"contentUrl\":\"https:\\\/\\\/secure.gravatar.com\\\/avatar\\\/7ca3206950207cc3cb48feec56a8a7898741ab725c368d99d5d7a5a50aab80c6?s=96&d=mm&r=g\",\"caption\":\"Thales Brand\u00e3o\"},\"description\":\"Editor Executivo do Portal CidadeMarketing.com.br &gt; Mestre em Comunica\u00e7\u00e3o e Sociedade pela Universidade Federal de Sergipe. Possui MBA Executivo em Administra\u00e7\u00e3o com \u00eanfase em Marketing pela Funda\u00e7\u00e3o Get\u00falio Vargas - Rio de Janeiro. Consultor, Palestrante e Pesquisador sobre Empreendedorismo, Marketing, Redes Sociais e Neg\u00f3cios Digitais. Professor, Palestrante TedxTalks e Campus Party. Twitter: @ThalesBrandao\",\"sameAs\":[\"http:\\\/\\\/www.mandacaru.com.br\",\"https:\\\/\\\/www.facebook.com\\\/thalesbrandao\",\"http:\\\/\\\/www.instagram.com.br\\\/thalesbrandaoferreira\",\"https:\\\/\\\/www.linkedin.com\\\/in\\\/thales-brand\u00e3o-3948609\\\/\",\"https:\\\/\\\/x.com\\\/http:\\\/\\\/www.twitter.com\\\/thalesbrandao\"],\"url\":\"https:\\\/\\\/www.cidademarketing.com.br\\\/marketing\\\/author\\\/thalesbrandao\\\/\"}]}<\/script>\n<!-- \/ Yoast SEO plugin. -->","yoast_head_json":{"title":"Jovens talentos negros abrem show da IZA em Salvador para celebrar o m\u00eas da Consci\u00eancia Negra com Devassa - CidadeMarketing","robots":{"index":"index","follow":"follow","max-snippet":"max-snippet:-1","max-image-preview":"max-image-preview:large","max-video-preview":"max-video-preview:-1"},"canonical":"https:\/\/www.cidademarketing.com.br\/marketing\/2022\/11\/21\/jovens-talentos-negros-abrem-show-da-iza-em-salvador-para-celebrar-o-mes-da-consciencia-negra-com-devassa\/","og_locale":"pt_BR","og_type":"article","og_title":"Jovens talentos negros abrem show da IZA em Salvador para celebrar o m\u00eas da Consci\u00eancia Negra com Devassa - CidadeMarketing","og_description":"Afrobapho, Jeff, Luiza Nascim, MC Tha, N\u00eassa, Raquel Reis, Uana e WD compartilharam o palco com a voz, a dan\u00e7a e a excel\u00eancia de jovens artistas pretos, com dire\u00e7\u00e3o musical de Mahal Pita e dire\u00e7\u00e3o art\u00edstica de Rodrigo Fran\u00e7a, numa celebra\u00e7\u00e3o \u00fanica promovida por Devassa, cerveja do Grupo HEINEKEN. A apresenta\u00e7\u00e3o que abriu o show [&hellip;]","og_url":"https:\/\/www.cidademarketing.com.br\/marketing\/2022\/11\/21\/jovens-talentos-negros-abrem-show-da-iza-em-salvador-para-celebrar-o-mes-da-consciencia-negra-com-devassa\/","og_site_name":"CidadeMarketing","article_publisher":"https:\/\/www.facebook.com\/portalcidademarketing","article_author":"https:\/\/www.facebook.com\/thalesbrandao","article_published_time":"2022-11-21T13:53:16+00:00","og_image":[{"width":800,"height":533,"url":"https:\/\/www.cidademarketing.com.br\/marketing\/wp-content\/uploads\/2022\/11\/iza_salvador_diversidade.jpg","type":"image\/jpeg"}],"author":"Thales Brand\u00e3o","twitter_card":"summary_large_image","twitter_creator":"@http:\/\/www.twitter.com\/thalesbrandao","twitter_site":"@CidadeMarketing","twitter_misc":{"Escrito por":"Thales Brand\u00e3o","Est. tempo de leitura":"7 minutos"},"schema":{"@context":"https:\/\/schema.org","@graph":[{"@type":"Article","@id":"https:\/\/www.cidademarketing.com.br\/marketing\/2022\/11\/21\/jovens-talentos-negros-abrem-show-da-iza-em-salvador-para-celebrar-o-mes-da-consciencia-negra-com-devassa\/#article","isPartOf":{"@id":"https:\/\/www.cidademarketing.com.br\/marketing\/2022\/11\/21\/jovens-talentos-negros-abrem-show-da-iza-em-salvador-para-celebrar-o-mes-da-consciencia-negra-com-devassa\/"},"author":{"name":"Thales Brand\u00e3o","@id":"https:\/\/www.cidademarketing.com.br\/marketing\/#\/schema\/person\/02daff9f18bd9378c9e01eb6b2db155f"},"headline":"Jovens talentos negros abrem show da IZA em Salvador para celebrar o m\u00eas da Consci\u00eancia Negra com Devassa","datePublished":"2022-11-21T13:53:16+00:00","mainEntityOfPage":{"@id":"https:\/\/www.cidademarketing.com.br\/marketing\/2022\/11\/21\/jovens-talentos-negros-abrem-show-da-iza-em-salvador-para-celebrar-o-mes-da-consciencia-negra-com-devassa\/"},"wordCount":1419,"commentCount":0,"publisher":{"@id":"https:\/\/www.cidademarketing.com.br\/marketing\/#organization"},"image":{"@id":"https:\/\/www.cidademarketing.com.br\/marketing\/2022\/11\/21\/jovens-talentos-negros-abrem-show-da-iza-em-salvador-para-celebrar-o-mes-da-consciencia-negra-com-devassa\/#primaryimage"},"thumbnailUrl":"https:\/\/www.cidademarketing.com.br\/marketing\/wp-content\/uploads\/2022\/11\/iza_salvador_diversidade.jpg","keywords":["campanha","diversidade","Iza","marketing","m\u00fasica"],"articleSection":["Not\u00edcias"],"inLanguage":"pt-BR","potentialAction":[{"@type":"CommentAction","name":"Comment","target":["https:\/\/www.cidademarketing.com.br\/marketing\/2022\/11\/21\/jovens-talentos-negros-abrem-show-da-iza-em-salvador-para-celebrar-o-mes-da-consciencia-negra-com-devassa\/#respond"]}]},{"@type":"WebPage","@id":"https:\/\/www.cidademarketing.com.br\/marketing\/2022\/11\/21\/jovens-talentos-negros-abrem-show-da-iza-em-salvador-para-celebrar-o-mes-da-consciencia-negra-com-devassa\/","url":"https:\/\/www.cidademarketing.com.br\/marketing\/2022\/11\/21\/jovens-talentos-negros-abrem-show-da-iza-em-salvador-para-celebrar-o-mes-da-consciencia-negra-com-devassa\/","name":"Jovens talentos negros abrem show da IZA em Salvador para celebrar o m\u00eas da Consci\u00eancia Negra com Devassa - CidadeMarketing","isPartOf":{"@id":"https:\/\/www.cidademarketing.com.br\/marketing\/#website"},"primaryImageOfPage":{"@id":"https:\/\/www.cidademarketing.com.br\/marketing\/2022\/11\/21\/jovens-talentos-negros-abrem-show-da-iza-em-salvador-para-celebrar-o-mes-da-consciencia-negra-com-devassa\/#primaryimage"},"image":{"@id":"https:\/\/www.cidademarketing.com.br\/marketing\/2022\/11\/21\/jovens-talentos-negros-abrem-show-da-iza-em-salvador-para-celebrar-o-mes-da-consciencia-negra-com-devassa\/#primaryimage"},"thumbnailUrl":"https:\/\/www.cidademarketing.com.br\/marketing\/wp-content\/uploads\/2022\/11\/iza_salvador_diversidade.jpg","datePublished":"2022-11-21T13:53:16+00:00","breadcrumb":{"@id":"https:\/\/www.cidademarketing.com.br\/marketing\/2022\/11\/21\/jovens-talentos-negros-abrem-show-da-iza-em-salvador-para-celebrar-o-mes-da-consciencia-negra-com-devassa\/#breadcrumb"},"inLanguage":"pt-BR","potentialAction":[{"@type":"ReadAction","target":["https:\/\/www.cidademarketing.com.br\/marketing\/2022\/11\/21\/jovens-talentos-negros-abrem-show-da-iza-em-salvador-para-celebrar-o-mes-da-consciencia-negra-com-devassa\/"]}]},{"@type":"ImageObject","inLanguage":"pt-BR","@id":"https:\/\/www.cidademarketing.com.br\/marketing\/2022\/11\/21\/jovens-talentos-negros-abrem-show-da-iza-em-salvador-para-celebrar-o-mes-da-consciencia-negra-com-devassa\/#primaryimage","url":"https:\/\/www.cidademarketing.com.br\/marketing\/wp-content\/uploads\/2022\/11\/iza_salvador_diversidade.jpg","contentUrl":"https:\/\/www.cidademarketing.com.br\/marketing\/wp-content\/uploads\/2022\/11\/iza_salvador_diversidade.jpg","width":800,"height":533,"caption":"Jovens se apresentaram antes do show de Iza e voltaram ao palco para o final - Fotos: Elias Dantas"},{"@type":"BreadcrumbList","@id":"https:\/\/www.cidademarketing.com.br\/marketing\/2022\/11\/21\/jovens-talentos-negros-abrem-show-da-iza-em-salvador-para-celebrar-o-mes-da-consciencia-negra-com-devassa\/#breadcrumb","itemListElement":[{"@type":"ListItem","position":1,"name":"In\u00edcio","item":"https:\/\/www.cidademarketing.com.br\/marketing\/"},{"@type":"ListItem","position":2,"name":"Jovens talentos negros abrem show da IZA em Salvador para celebrar o m\u00eas da Consci\u00eancia Negra com Devassa"}]},{"@type":"WebSite","@id":"https:\/\/www.cidademarketing.com.br\/marketing\/#website","url":"https:\/\/www.cidademarketing.com.br\/marketing\/","name":"CidadeMarketing","description":"Somos um ve\u00edculo de comunica\u00e7\u00e3o de destaque no Brasil, reconhecido por conte\u00fados nos segmentos de marketing, empreendedorismo e inova\u00e7\u00e3o.","publisher":{"@id":"https:\/\/www.cidademarketing.com.br\/marketing\/#organization"},"alternateName":"CidadeMarketing","potentialAction":[{"@type":"SearchAction","target":{"@type":"EntryPoint","urlTemplate":"https:\/\/www.cidademarketing.com.br\/marketing\/?s={search_term_string}"},"query-input":{"@type":"PropertyValueSpecification","valueRequired":true,"valueName":"search_term_string"}}],"inLanguage":"pt-BR"},{"@type":"Organization","@id":"https:\/\/www.cidademarketing.com.br\/marketing\/#organization","name":"CidadeMarketing","alternateName":"CidadeMarketing","url":"https:\/\/www.cidademarketing.com.br\/marketing\/","logo":{"@type":"ImageObject","inLanguage":"pt-BR","@id":"https:\/\/www.cidademarketing.com.br\/marketing\/#\/schema\/logo\/image\/","url":"https:\/\/www.cidademarketing.com.br\/marketing\/wp-content\/uploads\/2020\/01\/cidademarketing_marca_mobile.png","contentUrl":"https:\/\/www.cidademarketing.com.br\/marketing\/wp-content\/uploads\/2020\/01\/cidademarketing_marca_mobile.png","width":230,"height":92,"caption":"CidadeMarketing"},"image":{"@id":"https:\/\/www.cidademarketing.com.br\/marketing\/#\/schema\/logo\/image\/"},"sameAs":["https:\/\/www.facebook.com\/portalcidademarketing","https:\/\/x.com\/CidadeMarketing","https:\/\/www.instagram.com\/cidademarketing\/"]},{"@type":"Person","@id":"https:\/\/www.cidademarketing.com.br\/marketing\/#\/schema\/person\/02daff9f18bd9378c9e01eb6b2db155f","name":"Thales Brand\u00e3o","image":{"@type":"ImageObject","inLanguage":"pt-BR","@id":"https:\/\/secure.gravatar.com\/avatar\/7ca3206950207cc3cb48feec56a8a7898741ab725c368d99d5d7a5a50aab80c6?s=96&d=mm&r=g","url":"https:\/\/secure.gravatar.com\/avatar\/7ca3206950207cc3cb48feec56a8a7898741ab725c368d99d5d7a5a50aab80c6?s=96&d=mm&r=g","contentUrl":"https:\/\/secure.gravatar.com\/avatar\/7ca3206950207cc3cb48feec56a8a7898741ab725c368d99d5d7a5a50aab80c6?s=96&d=mm&r=g","caption":"Thales Brand\u00e3o"},"description":"Editor Executivo do Portal CidadeMarketing.com.br &gt; Mestre em Comunica\u00e7\u00e3o e Sociedade pela Universidade Federal de Sergipe. Possui MBA Executivo em Administra\u00e7\u00e3o com \u00eanfase em Marketing pela Funda\u00e7\u00e3o Get\u00falio Vargas - Rio de Janeiro. Consultor, Palestrante e Pesquisador sobre Empreendedorismo, Marketing, Redes Sociais e Neg\u00f3cios Digitais. Professor, Palestrante TedxTalks e Campus Party. Twitter: @ThalesBrandao","sameAs":["http:\/\/www.mandacaru.com.br","https:\/\/www.facebook.com\/thalesbrandao","http:\/\/www.instagram.com.br\/thalesbrandaoferreira","https:\/\/www.linkedin.com\/in\/thales-brand\u00e3o-3948609\/","https:\/\/x.com\/http:\/\/www.twitter.com\/thalesbrandao"],"url":"https:\/\/www.cidademarketing.com.br\/marketing\/author\/thalesbrandao\/"}]}},"amp_enabled":true,"_links":{"self":[{"href":"https:\/\/www.cidademarketing.com.br\/marketing\/wp-json\/wp\/v2\/posts\/40249","targetHints":{"allow":["GET"]}}],"collection":[{"href":"https:\/\/www.cidademarketing.com.br\/marketing\/wp-json\/wp\/v2\/posts"}],"about":[{"href":"https:\/\/www.cidademarketing.com.br\/marketing\/wp-json\/wp\/v2\/types\/post"}],"author":[{"embeddable":true,"href":"https:\/\/www.cidademarketing.com.br\/marketing\/wp-json\/wp\/v2\/users\/1"}],"replies":[{"embeddable":true,"href":"https:\/\/www.cidademarketing.com.br\/marketing\/wp-json\/wp\/v2\/comments?post=40249"}],"version-history":[{"count":2,"href":"https:\/\/www.cidademarketing.com.br\/marketing\/wp-json\/wp\/v2\/posts\/40249\/revisions"}],"predecessor-version":[{"id":40253,"href":"https:\/\/www.cidademarketing.com.br\/marketing\/wp-json\/wp\/v2\/posts\/40249\/revisions\/40253"}],"wp:featuredmedia":[{"embeddable":true,"href":"https:\/\/www.cidademarketing.com.br\/marketing\/wp-json\/wp\/v2\/media\/40250"}],"wp:attachment":[{"href":"https:\/\/www.cidademarketing.com.br\/marketing\/wp-json\/wp\/v2\/media?parent=40249"}],"wp:term":[{"taxonomy":"category","embeddable":true,"href":"https:\/\/www.cidademarketing.com.br\/marketing\/wp-json\/wp\/v2\/categories?post=40249"},{"taxonomy":"post_tag","embeddable":true,"href":"https:\/\/www.cidademarketing.com.br\/marketing\/wp-json\/wp\/v2\/tags?post=40249"}],"curies":[{"name":"wp","href":"https:\/\/api.w.org\/{rel}","templated":true}]}}