{"id":40212,"date":"2022-11-20T09:22:17","date_gmt":"2022-11-20T12:22:17","guid":{"rendered":"https:\/\/www.cidademarketing.com.br\/marketing\/?p=40212"},"modified":"2022-11-20T09:22:17","modified_gmt":"2022-11-20T12:22:17","slug":"educacao-enem-2022-e-neste-domingo-com-provas-de-matematica-e-ciencias-da-natureza","status":"publish","type":"post","link":"https:\/\/www.cidademarketing.com.br\/marketing\/2022\/11\/20\/educacao-enem-2022-e-neste-domingo-com-provas-de-matematica-e-ciencias-da-natureza\/","title":{"rendered":"Educa\u00e7\u00e3o: Enem 2022 \u00e9 neste domingo com provas de matem\u00e1tica e ci\u00eancias da natureza"},"content":{"rendered":"<p>O segundo e \u00faltimo dia de provas do Exame Nacional do Ensino M\u00e9dio (Enem) \u00e9 neste domingo(20). Os participantes far\u00e3o as provas de matem\u00e1tica e ci\u00eancias da natureza, que engloba qu\u00edmica, f\u00edsica e biologia em mais de 1,7 mil munic\u00edpios. Ao todo, ser\u00e3o 90 quest\u00f5es objetivas. A aplica\u00e7\u00e3o ter\u00e1 5 horas de dura\u00e7\u00e3o.<\/p>\n<p>As provas ser\u00e3o aplicadas tanto para os candidatos inscritos na vers\u00e3o impressa quanto na vers\u00e3o digital do exame. As quest\u00f5es ser\u00e3o iguais nas duas modalidades.<\/p>\n<p><iframe title=\"Spotify Embed: Podcast CidadeMarketing\" style=\"border-radius: 12px\" width=\"100%\" height=\"152\" frameborder=\"0\" allowfullscreen allow=\"autoplay; clipboard-write; encrypted-media; fullscreen; picture-in-picture\" loading=\"lazy\" src=\"https:\/\/open.spotify.com\/embed\/show\/4khMKzP3FgFRWVwb73xicc?si=252fe5bff2b34909&#038;utm_source=oembed\"><\/iframe><\/p>\n<p>Para fazer o exame \u00e9 obrigat\u00f3rio apresentar o documento de identidade e ter uma caneta esferogr\u00e1fica de tinta preta fabricada em material transparente. No Enem digital, as respostas s\u00e3o dadas no computador, mas os participantes recebem uma folha de rascunho para fazer os c\u00e1lculos \u00e0 m\u00e3o, por isso, a caneta \u00e9 tamb\u00e9m necess\u00e1ria no segundo dia de prova.<\/p>\n<p>Entre as identifica\u00e7\u00f5es aceitas est\u00e3o a carteira de identidade, o passaporte, carteira de motorista e a carteira de trabalho emitida ap\u00f3s 27 de janeiro de 1997. A novidade desta edi\u00e7\u00e3o \u00e9 que s\u00e3o aceitos os documentos digitais com foto do e-T\u00edtulo, CNH digital e RG digital. Eles devem ser apresentados nos respectivos aplicativos oficiais N\u00e3o ser\u00e3o aceitas fotos da tela do celular.<\/p>\n<p>A m\u00e1scara de prote\u00e7\u00e3o facial \u00e9 obrigat\u00f3ria, exceto nos estados ou munic\u00edpios onde o uso do item em local fechado esteja liberado por decreto ou ato administrativo de igual poder regulamentar.<\/p>\n<p>No primeiro dia de Enem, os participantes fizeram as provas de linguagens, ci\u00eancias humanas e reda\u00e7\u00e3o. Ao todo, cerca de 2,5 milh\u00f5es, ou seja, 73,3% dos cerca de 3,4 milh\u00f5es de inscritos compareceram ao exame.<\/p>\n<p>O Enem impresso \u00e9 realizado em aproximadamente 11 mil locais em 1.747 munic\u00edpios.<\/p>\n<p>O que levar<br \/>\nEmbora n\u00e3o seja obrigat\u00f3rio, \u00e9 recomendado que os participantes levem lanche e \u00e1gua, j\u00e1 que a prova tem uma dura\u00e7\u00e3o longa. Tamb\u00e9m \u00e9 recomendado que se leve no dia do exame o Cart\u00e3o de Confirma\u00e7\u00e3o da Inscri\u00e7\u00e3o. Nele est\u00e1, entre outras informa\u00e7\u00f5es, o local de prova. O cart\u00e3o pode ser acessado na P\u00e1gina do Participante.<\/p>\n<p>Caso necessite comprovar que participou do exame, o estudante pode, tamb\u00e9m, na P\u00e1gina do Participante, imprimir a Declara\u00e7\u00e3o de Comparecimento para cada dia de prova, informando o CPF e a senha. A declara\u00e7\u00e3o deve ser apresentada ao aplicador na porta da sala em cada um dos dias. Ela serve, por exemplo, para justificar a falta ao trabalho.<\/p>\n<p>Os port\u00f5es nos locais de provas abrem \u00e0s 12h e fecham \u00e0s 13h. N\u00e3o \u00e9 permitido entrar ap\u00f3s o fechamento dos port\u00f5es. As provas come\u00e7am a ser aplicadas \u00e0s 13h30 e terminam \u00e0s 18h30. O hor\u00e1rio \u00e9 o de Bras\u00edlia. Os gabaritos das provas ser\u00e3o divulgados at\u00e9 o dia 23, na internet.<\/p>\n<p>O Enem seleciona estudantes para vagas do ensino superior em universidades p\u00fablicas, pelo Sistema de Sele\u00e7\u00e3o Unificada (Sisu), para bolsas em institui\u00e7\u00f5es privadas, pelo Programa Universidade para Todos (Prouni), e serve de par\u00e2metro para o Fundo de Financiamento Estudantil (Fies). Os resultados tamb\u00e9m podem ser usados para ingressar em institui\u00e7\u00f5es de ensino portuguesas que t\u00eam conv\u00eanio com o Inep.<\/p>\n<p>Para testar os conhecimentos, os estudantes podem acessar gratuitamente o Quest\u00f5es Enem da Empresa Brasil de Comunica\u00e7\u00e3o (EBC), um banco que re\u00fane as quest\u00f5es de edi\u00e7\u00f5es passadas do exame. No sistema, \u00e9 poss\u00edvel escolher quais \u00e1reas do conhecimento se quer estudar. O banco seleciona as quest\u00f5es de maneira aleat\u00f3ria.<\/p>\n<p>CidadeMarketing com informa\u00e7\u00f5es da <a href=\"https:\/\/agenciabrasil.ebc.com.br\/educacao\/noticia\/2022-11\/segundo-dia-de-prova-do-enem-2022-e-neste-domingo\" target=\"_blank\" rel=\"noopener\">Ag\u00eancia Brasil<\/a>.<\/p>\n<p><iframe style=\"width: 100%; max-width: 660px; overflow: hidden; background: transparent;\" src=\"https:\/\/embed.podcasts.apple.com\/br\/podcast\/podcast-cidademarketing\/id1371923283\" height=\"450\" frameborder=\"0\" sandbox=\"allow-forms allow-popups allow-same-origin allow-scripts allow-storage-access-by-user-activation allow-top-navigation-by-user-activation\"><\/iframe><\/p>\n","protected":false},"excerpt":{"rendered":"<p>O segundo e \u00faltimo dia de provas do Exame Nacional do Ensino M\u00e9dio (Enem) \u00e9 neste domingo(20). Os participantes far\u00e3o as provas de matem\u00e1tica e ci\u00eancias da natureza, que engloba qu\u00edmica, f\u00edsica e biologia em mais de 1,7 mil munic\u00edpios. Ao todo, ser\u00e3o 90 quest\u00f5es objetivas. A aplica\u00e7\u00e3o ter\u00e1 5 horas de dura\u00e7\u00e3o. As provas [&hellip;]<\/p>\n","protected":false},"author":1,"featured_media":39997,"comment_status":"open","ping_status":"open","sticky":false,"template":"","format":"standard","meta":{"tdm_status":"","tdm_grid_status":"","footnotes":""},"categories":[6],"tags":[147,100,621,33,28,228],"class_list":["post-40212","post","type-post","status-publish","format-standard","has-post-thumbnail","hentry","category-noticias","tag-brasil","tag-educacao","tag-enem","tag-estrategia","tag-marketing","tag-segmentacao-de-mercado"],"yoast_head":"<!-- This site is optimized with the Yoast SEO plugin v27.5 - https:\/\/yoast.com\/product\/yoast-seo-wordpress\/ -->\n<title>Educa\u00e7\u00e3o: Enem 2022 \u00e9 neste domingo com provas de matem\u00e1tica e ci\u00eancias da natureza - CidadeMarketing<\/title>\n<meta name=\"robots\" content=\"index, follow, max-snippet:-1, max-image-preview:large, max-video-preview:-1\" \/>\n<link rel=\"canonical\" href=\"https:\/\/www.cidademarketing.com.br\/marketing\/2022\/11\/20\/educacao-enem-2022-e-neste-domingo-com-provas-de-matematica-e-ciencias-da-natureza\/\" \/>\n<meta property=\"og:locale\" content=\"pt_BR\" \/>\n<meta property=\"og:type\" content=\"article\" \/>\n<meta property=\"og:title\" content=\"Educa\u00e7\u00e3o: Enem 2022 \u00e9 neste domingo com provas de matem\u00e1tica e ci\u00eancias da natureza - CidadeMarketing\" \/>\n<meta property=\"og:description\" content=\"O segundo e \u00faltimo dia de provas do Exame Nacional do Ensino M\u00e9dio (Enem) \u00e9 neste domingo(20). Os participantes far\u00e3o as provas de matem\u00e1tica e ci\u00eancias da natureza, que engloba qu\u00edmica, f\u00edsica e biologia em mais de 1,7 mil munic\u00edpios. Ao todo, ser\u00e3o 90 quest\u00f5es objetivas. A aplica\u00e7\u00e3o ter\u00e1 5 horas de dura\u00e7\u00e3o. As provas [&hellip;]\" \/>\n<meta property=\"og:url\" content=\"https:\/\/www.cidademarketing.com.br\/marketing\/2022\/11\/20\/educacao-enem-2022-e-neste-domingo-com-provas-de-matematica-e-ciencias-da-natureza\/\" \/>\n<meta property=\"og:site_name\" content=\"CidadeMarketing\" \/>\n<meta property=\"article:publisher\" content=\"https:\/\/www.facebook.com\/portalcidademarketing\" \/>\n<meta property=\"article:author\" content=\"https:\/\/www.facebook.com\/thalesbrandao\" \/>\n<meta property=\"article:published_time\" content=\"2022-11-20T12:22:17+00:00\" \/>\n<meta property=\"og:image\" content=\"https:\/\/www.cidademarketing.com.br\/marketing\/wp-content\/uploads\/2022\/11\/Caiu_no_Enem_01_Credito_Divulgacao_TV_Brasil.jpg\" \/>\n\t<meta property=\"og:image:width\" content=\"1920\" \/>\n\t<meta property=\"og:image:height\" content=\"1080\" \/>\n\t<meta property=\"og:image:type\" content=\"image\/jpeg\" \/>\n<meta name=\"author\" content=\"Thales Brand\u00e3o\" \/>\n<meta name=\"twitter:card\" content=\"summary_large_image\" \/>\n<meta name=\"twitter:creator\" content=\"@http:\/\/www.twitter.com\/thalesbrandao\" \/>\n<meta name=\"twitter:site\" content=\"@CidadeMarketing\" \/>\n<meta name=\"twitter:label1\" content=\"Escrito por\" \/>\n\t<meta name=\"twitter:data1\" content=\"Thales Brand\u00e3o\" \/>\n\t<meta name=\"twitter:label2\" content=\"Est. tempo de leitura\" \/>\n\t<meta name=\"twitter:data2\" content=\"3 minutos\" \/>\n<script type=\"application\/ld+json\" class=\"yoast-schema-graph\">{\"@context\":\"https:\\\/\\\/schema.org\",\"@graph\":[{\"@type\":\"Article\",\"@id\":\"https:\\\/\\\/www.cidademarketing.com.br\\\/marketing\\\/2022\\\/11\\\/20\\\/educacao-enem-2022-e-neste-domingo-com-provas-de-matematica-e-ciencias-da-natureza\\\/#article\",\"isPartOf\":{\"@id\":\"https:\\\/\\\/www.cidademarketing.com.br\\\/marketing\\\/2022\\\/11\\\/20\\\/educacao-enem-2022-e-neste-domingo-com-provas-de-matematica-e-ciencias-da-natureza\\\/\"},\"author\":{\"name\":\"Thales Brand\u00e3o\",\"@id\":\"https:\\\/\\\/www.cidademarketing.com.br\\\/marketing\\\/#\\\/schema\\\/person\\\/02daff9f18bd9378c9e01eb6b2db155f\"},\"headline\":\"Educa\u00e7\u00e3o: Enem 2022 \u00e9 neste domingo com provas de matem\u00e1tica e ci\u00eancias da natureza\",\"datePublished\":\"2022-11-20T12:22:17+00:00\",\"mainEntityOfPage\":{\"@id\":\"https:\\\/\\\/www.cidademarketing.com.br\\\/marketing\\\/2022\\\/11\\\/20\\\/educacao-enem-2022-e-neste-domingo-com-provas-de-matematica-e-ciencias-da-natureza\\\/\"},\"wordCount\":644,\"commentCount\":0,\"publisher\":{\"@id\":\"https:\\\/\\\/www.cidademarketing.com.br\\\/marketing\\\/#organization\"},\"image\":{\"@id\":\"https:\\\/\\\/www.cidademarketing.com.br\\\/marketing\\\/2022\\\/11\\\/20\\\/educacao-enem-2022-e-neste-domingo-com-provas-de-matematica-e-ciencias-da-natureza\\\/#primaryimage\"},\"thumbnailUrl\":\"https:\\\/\\\/www.cidademarketing.com.br\\\/marketing\\\/wp-content\\\/uploads\\\/2022\\\/11\\\/Caiu_no_Enem_01_Credito_Divulgacao_TV_Brasil.jpg\",\"keywords\":[\"Brasil\",\"educa\u00e7\u00e3o\",\"Enem\",\"estrat\u00e9gia\",\"marketing\",\"segmenta\u00e7\u00e3o de mercado\"],\"articleSection\":[\"Not\u00edcias\"],\"inLanguage\":\"pt-BR\",\"potentialAction\":[{\"@type\":\"CommentAction\",\"name\":\"Comment\",\"target\":[\"https:\\\/\\\/www.cidademarketing.com.br\\\/marketing\\\/2022\\\/11\\\/20\\\/educacao-enem-2022-e-neste-domingo-com-provas-de-matematica-e-ciencias-da-natureza\\\/#respond\"]}]},{\"@type\":\"WebPage\",\"@id\":\"https:\\\/\\\/www.cidademarketing.com.br\\\/marketing\\\/2022\\\/11\\\/20\\\/educacao-enem-2022-e-neste-domingo-com-provas-de-matematica-e-ciencias-da-natureza\\\/\",\"url\":\"https:\\\/\\\/www.cidademarketing.com.br\\\/marketing\\\/2022\\\/11\\\/20\\\/educacao-enem-2022-e-neste-domingo-com-provas-de-matematica-e-ciencias-da-natureza\\\/\",\"name\":\"Educa\u00e7\u00e3o: Enem 2022 \u00e9 neste domingo com provas de matem\u00e1tica e ci\u00eancias da natureza - CidadeMarketing\",\"isPartOf\":{\"@id\":\"https:\\\/\\\/www.cidademarketing.com.br\\\/marketing\\\/#website\"},\"primaryImageOfPage\":{\"@id\":\"https:\\\/\\\/www.cidademarketing.com.br\\\/marketing\\\/2022\\\/11\\\/20\\\/educacao-enem-2022-e-neste-domingo-com-provas-de-matematica-e-ciencias-da-natureza\\\/#primaryimage\"},\"image\":{\"@id\":\"https:\\\/\\\/www.cidademarketing.com.br\\\/marketing\\\/2022\\\/11\\\/20\\\/educacao-enem-2022-e-neste-domingo-com-provas-de-matematica-e-ciencias-da-natureza\\\/#primaryimage\"},\"thumbnailUrl\":\"https:\\\/\\\/www.cidademarketing.com.br\\\/marketing\\\/wp-content\\\/uploads\\\/2022\\\/11\\\/Caiu_no_Enem_01_Credito_Divulgacao_TV_Brasil.jpg\",\"datePublished\":\"2022-11-20T12:22:17+00:00\",\"breadcrumb\":{\"@id\":\"https:\\\/\\\/www.cidademarketing.com.br\\\/marketing\\\/2022\\\/11\\\/20\\\/educacao-enem-2022-e-neste-domingo-com-provas-de-matematica-e-ciencias-da-natureza\\\/#breadcrumb\"},\"inLanguage\":\"pt-BR\",\"potentialAction\":[{\"@type\":\"ReadAction\",\"target\":[\"https:\\\/\\\/www.cidademarketing.com.br\\\/marketing\\\/2022\\\/11\\\/20\\\/educacao-enem-2022-e-neste-domingo-com-provas-de-matematica-e-ciencias-da-natureza\\\/\"]}]},{\"@type\":\"ImageObject\",\"inLanguage\":\"pt-BR\",\"@id\":\"https:\\\/\\\/www.cidademarketing.com.br\\\/marketing\\\/2022\\\/11\\\/20\\\/educacao-enem-2022-e-neste-domingo-com-provas-de-matematica-e-ciencias-da-natureza\\\/#primaryimage\",\"url\":\"https:\\\/\\\/www.cidademarketing.com.br\\\/marketing\\\/wp-content\\\/uploads\\\/2022\\\/11\\\/Caiu_no_Enem_01_Credito_Divulgacao_TV_Brasil.jpg\",\"contentUrl\":\"https:\\\/\\\/www.cidademarketing.com.br\\\/marketing\\\/wp-content\\\/uploads\\\/2022\\\/11\\\/Caiu_no_Enem_01_Credito_Divulgacao_TV_Brasil.jpg\",\"width\":1920,\"height\":1080,\"caption\":\"Divulga\u00e7\u00e3o\"},{\"@type\":\"BreadcrumbList\",\"@id\":\"https:\\\/\\\/www.cidademarketing.com.br\\\/marketing\\\/2022\\\/11\\\/20\\\/educacao-enem-2022-e-neste-domingo-com-provas-de-matematica-e-ciencias-da-natureza\\\/#breadcrumb\",\"itemListElement\":[{\"@type\":\"ListItem\",\"position\":1,\"name\":\"In\u00edcio\",\"item\":\"https:\\\/\\\/www.cidademarketing.com.br\\\/marketing\\\/\"},{\"@type\":\"ListItem\",\"position\":2,\"name\":\"Educa\u00e7\u00e3o: Enem 2022 \u00e9 neste domingo com provas de matem\u00e1tica e ci\u00eancias da natureza\"}]},{\"@type\":\"WebSite\",\"@id\":\"https:\\\/\\\/www.cidademarketing.com.br\\\/marketing\\\/#website\",\"url\":\"https:\\\/\\\/www.cidademarketing.com.br\\\/marketing\\\/\",\"name\":\"CidadeMarketing\",\"description\":\"Somos um ve\u00edculo de comunica\u00e7\u00e3o de destaque no Brasil, reconhecido por conte\u00fados nos segmentos de marketing, empreendedorismo e inova\u00e7\u00e3o.\",\"publisher\":{\"@id\":\"https:\\\/\\\/www.cidademarketing.com.br\\\/marketing\\\/#organization\"},\"alternateName\":\"CidadeMarketing\",\"potentialAction\":[{\"@type\":\"SearchAction\",\"target\":{\"@type\":\"EntryPoint\",\"urlTemplate\":\"https:\\\/\\\/www.cidademarketing.com.br\\\/marketing\\\/?s={search_term_string}\"},\"query-input\":{\"@type\":\"PropertyValueSpecification\",\"valueRequired\":true,\"valueName\":\"search_term_string\"}}],\"inLanguage\":\"pt-BR\"},{\"@type\":\"Organization\",\"@id\":\"https:\\\/\\\/www.cidademarketing.com.br\\\/marketing\\\/#organization\",\"name\":\"CidadeMarketing\",\"alternateName\":\"CidadeMarketing\",\"url\":\"https:\\\/\\\/www.cidademarketing.com.br\\\/marketing\\\/\",\"logo\":{\"@type\":\"ImageObject\",\"inLanguage\":\"pt-BR\",\"@id\":\"https:\\\/\\\/www.cidademarketing.com.br\\\/marketing\\\/#\\\/schema\\\/logo\\\/image\\\/\",\"url\":\"https:\\\/\\\/www.cidademarketing.com.br\\\/marketing\\\/wp-content\\\/uploads\\\/2020\\\/01\\\/cidademarketing_marca_mobile.png\",\"contentUrl\":\"https:\\\/\\\/www.cidademarketing.com.br\\\/marketing\\\/wp-content\\\/uploads\\\/2020\\\/01\\\/cidademarketing_marca_mobile.png\",\"width\":230,\"height\":92,\"caption\":\"CidadeMarketing\"},\"image\":{\"@id\":\"https:\\\/\\\/www.cidademarketing.com.br\\\/marketing\\\/#\\\/schema\\\/logo\\\/image\\\/\"},\"sameAs\":[\"https:\\\/\\\/www.facebook.com\\\/portalcidademarketing\",\"https:\\\/\\\/x.com\\\/CidadeMarketing\",\"https:\\\/\\\/www.instagram.com\\\/cidademarketing\\\/\"]},{\"@type\":\"Person\",\"@id\":\"https:\\\/\\\/www.cidademarketing.com.br\\\/marketing\\\/#\\\/schema\\\/person\\\/02daff9f18bd9378c9e01eb6b2db155f\",\"name\":\"Thales Brand\u00e3o\",\"image\":{\"@type\":\"ImageObject\",\"inLanguage\":\"pt-BR\",\"@id\":\"https:\\\/\\\/secure.gravatar.com\\\/avatar\\\/7ca3206950207cc3cb48feec56a8a7898741ab725c368d99d5d7a5a50aab80c6?s=96&d=mm&r=g\",\"url\":\"https:\\\/\\\/secure.gravatar.com\\\/avatar\\\/7ca3206950207cc3cb48feec56a8a7898741ab725c368d99d5d7a5a50aab80c6?s=96&d=mm&r=g\",\"contentUrl\":\"https:\\\/\\\/secure.gravatar.com\\\/avatar\\\/7ca3206950207cc3cb48feec56a8a7898741ab725c368d99d5d7a5a50aab80c6?s=96&d=mm&r=g\",\"caption\":\"Thales Brand\u00e3o\"},\"description\":\"Editor Executivo do Portal CidadeMarketing.com.br &gt; Mestre em Comunica\u00e7\u00e3o e Sociedade pela Universidade Federal de Sergipe. Possui MBA Executivo em Administra\u00e7\u00e3o com \u00eanfase em Marketing pela Funda\u00e7\u00e3o Get\u00falio Vargas - Rio de Janeiro. Consultor, Palestrante e Pesquisador sobre Empreendedorismo, Marketing, Redes Sociais e Neg\u00f3cios Digitais. Professor, Palestrante TedxTalks e Campus Party. Twitter: @ThalesBrandao\",\"sameAs\":[\"http:\\\/\\\/www.mandacaru.com.br\",\"https:\\\/\\\/www.facebook.com\\\/thalesbrandao\",\"http:\\\/\\\/www.instagram.com.br\\\/thalesbrandaoferreira\",\"https:\\\/\\\/www.linkedin.com\\\/in\\\/thales-brand\u00e3o-3948609\\\/\",\"https:\\\/\\\/x.com\\\/http:\\\/\\\/www.twitter.com\\\/thalesbrandao\"],\"url\":\"https:\\\/\\\/www.cidademarketing.com.br\\\/marketing\\\/author\\\/thalesbrandao\\\/\"}]}<\/script>\n<!-- \/ Yoast SEO plugin. -->","yoast_head_json":{"title":"Educa\u00e7\u00e3o: Enem 2022 \u00e9 neste domingo com provas de matem\u00e1tica e ci\u00eancias da natureza - CidadeMarketing","robots":{"index":"index","follow":"follow","max-snippet":"max-snippet:-1","max-image-preview":"max-image-preview:large","max-video-preview":"max-video-preview:-1"},"canonical":"https:\/\/www.cidademarketing.com.br\/marketing\/2022\/11\/20\/educacao-enem-2022-e-neste-domingo-com-provas-de-matematica-e-ciencias-da-natureza\/","og_locale":"pt_BR","og_type":"article","og_title":"Educa\u00e7\u00e3o: Enem 2022 \u00e9 neste domingo com provas de matem\u00e1tica e ci\u00eancias da natureza - CidadeMarketing","og_description":"O segundo e \u00faltimo dia de provas do Exame Nacional do Ensino M\u00e9dio (Enem) \u00e9 neste domingo(20). Os participantes far\u00e3o as provas de matem\u00e1tica e ci\u00eancias da natureza, que engloba qu\u00edmica, f\u00edsica e biologia em mais de 1,7 mil munic\u00edpios. Ao todo, ser\u00e3o 90 quest\u00f5es objetivas. A aplica\u00e7\u00e3o ter\u00e1 5 horas de dura\u00e7\u00e3o. As provas [&hellip;]","og_url":"https:\/\/www.cidademarketing.com.br\/marketing\/2022\/11\/20\/educacao-enem-2022-e-neste-domingo-com-provas-de-matematica-e-ciencias-da-natureza\/","og_site_name":"CidadeMarketing","article_publisher":"https:\/\/www.facebook.com\/portalcidademarketing","article_author":"https:\/\/www.facebook.com\/thalesbrandao","article_published_time":"2022-11-20T12:22:17+00:00","og_image":[{"width":1920,"height":1080,"url":"https:\/\/www.cidademarketing.com.br\/marketing\/wp-content\/uploads\/2022\/11\/Caiu_no_Enem_01_Credito_Divulgacao_TV_Brasil.jpg","type":"image\/jpeg"}],"author":"Thales Brand\u00e3o","twitter_card":"summary_large_image","twitter_creator":"@http:\/\/www.twitter.com\/thalesbrandao","twitter_site":"@CidadeMarketing","twitter_misc":{"Escrito por":"Thales Brand\u00e3o","Est. tempo de leitura":"3 minutos"},"schema":{"@context":"https:\/\/schema.org","@graph":[{"@type":"Article","@id":"https:\/\/www.cidademarketing.com.br\/marketing\/2022\/11\/20\/educacao-enem-2022-e-neste-domingo-com-provas-de-matematica-e-ciencias-da-natureza\/#article","isPartOf":{"@id":"https:\/\/www.cidademarketing.com.br\/marketing\/2022\/11\/20\/educacao-enem-2022-e-neste-domingo-com-provas-de-matematica-e-ciencias-da-natureza\/"},"author":{"name":"Thales Brand\u00e3o","@id":"https:\/\/www.cidademarketing.com.br\/marketing\/#\/schema\/person\/02daff9f18bd9378c9e01eb6b2db155f"},"headline":"Educa\u00e7\u00e3o: Enem 2022 \u00e9 neste domingo com provas de matem\u00e1tica e ci\u00eancias da natureza","datePublished":"2022-11-20T12:22:17+00:00","mainEntityOfPage":{"@id":"https:\/\/www.cidademarketing.com.br\/marketing\/2022\/11\/20\/educacao-enem-2022-e-neste-domingo-com-provas-de-matematica-e-ciencias-da-natureza\/"},"wordCount":644,"commentCount":0,"publisher":{"@id":"https:\/\/www.cidademarketing.com.br\/marketing\/#organization"},"image":{"@id":"https:\/\/www.cidademarketing.com.br\/marketing\/2022\/11\/20\/educacao-enem-2022-e-neste-domingo-com-provas-de-matematica-e-ciencias-da-natureza\/#primaryimage"},"thumbnailUrl":"https:\/\/www.cidademarketing.com.br\/marketing\/wp-content\/uploads\/2022\/11\/Caiu_no_Enem_01_Credito_Divulgacao_TV_Brasil.jpg","keywords":["Brasil","educa\u00e7\u00e3o","Enem","estrat\u00e9gia","marketing","segmenta\u00e7\u00e3o de mercado"],"articleSection":["Not\u00edcias"],"inLanguage":"pt-BR","potentialAction":[{"@type":"CommentAction","name":"Comment","target":["https:\/\/www.cidademarketing.com.br\/marketing\/2022\/11\/20\/educacao-enem-2022-e-neste-domingo-com-provas-de-matematica-e-ciencias-da-natureza\/#respond"]}]},{"@type":"WebPage","@id":"https:\/\/www.cidademarketing.com.br\/marketing\/2022\/11\/20\/educacao-enem-2022-e-neste-domingo-com-provas-de-matematica-e-ciencias-da-natureza\/","url":"https:\/\/www.cidademarketing.com.br\/marketing\/2022\/11\/20\/educacao-enem-2022-e-neste-domingo-com-provas-de-matematica-e-ciencias-da-natureza\/","name":"Educa\u00e7\u00e3o: Enem 2022 \u00e9 neste domingo com provas de matem\u00e1tica e ci\u00eancias da natureza - CidadeMarketing","isPartOf":{"@id":"https:\/\/www.cidademarketing.com.br\/marketing\/#website"},"primaryImageOfPage":{"@id":"https:\/\/www.cidademarketing.com.br\/marketing\/2022\/11\/20\/educacao-enem-2022-e-neste-domingo-com-provas-de-matematica-e-ciencias-da-natureza\/#primaryimage"},"image":{"@id":"https:\/\/www.cidademarketing.com.br\/marketing\/2022\/11\/20\/educacao-enem-2022-e-neste-domingo-com-provas-de-matematica-e-ciencias-da-natureza\/#primaryimage"},"thumbnailUrl":"https:\/\/www.cidademarketing.com.br\/marketing\/wp-content\/uploads\/2022\/11\/Caiu_no_Enem_01_Credito_Divulgacao_TV_Brasil.jpg","datePublished":"2022-11-20T12:22:17+00:00","breadcrumb":{"@id":"https:\/\/www.cidademarketing.com.br\/marketing\/2022\/11\/20\/educacao-enem-2022-e-neste-domingo-com-provas-de-matematica-e-ciencias-da-natureza\/#breadcrumb"},"inLanguage":"pt-BR","potentialAction":[{"@type":"ReadAction","target":["https:\/\/www.cidademarketing.com.br\/marketing\/2022\/11\/20\/educacao-enem-2022-e-neste-domingo-com-provas-de-matematica-e-ciencias-da-natureza\/"]}]},{"@type":"ImageObject","inLanguage":"pt-BR","@id":"https:\/\/www.cidademarketing.com.br\/marketing\/2022\/11\/20\/educacao-enem-2022-e-neste-domingo-com-provas-de-matematica-e-ciencias-da-natureza\/#primaryimage","url":"https:\/\/www.cidademarketing.com.br\/marketing\/wp-content\/uploads\/2022\/11\/Caiu_no_Enem_01_Credito_Divulgacao_TV_Brasil.jpg","contentUrl":"https:\/\/www.cidademarketing.com.br\/marketing\/wp-content\/uploads\/2022\/11\/Caiu_no_Enem_01_Credito_Divulgacao_TV_Brasil.jpg","width":1920,"height":1080,"caption":"Divulga\u00e7\u00e3o"},{"@type":"BreadcrumbList","@id":"https:\/\/www.cidademarketing.com.br\/marketing\/2022\/11\/20\/educacao-enem-2022-e-neste-domingo-com-provas-de-matematica-e-ciencias-da-natureza\/#breadcrumb","itemListElement":[{"@type":"ListItem","position":1,"name":"In\u00edcio","item":"https:\/\/www.cidademarketing.com.br\/marketing\/"},{"@type":"ListItem","position":2,"name":"Educa\u00e7\u00e3o: Enem 2022 \u00e9 neste domingo com provas de matem\u00e1tica e ci\u00eancias da natureza"}]},{"@type":"WebSite","@id":"https:\/\/www.cidademarketing.com.br\/marketing\/#website","url":"https:\/\/www.cidademarketing.com.br\/marketing\/","name":"CidadeMarketing","description":"Somos um ve\u00edculo de comunica\u00e7\u00e3o de destaque no Brasil, reconhecido por conte\u00fados nos segmentos de marketing, empreendedorismo e inova\u00e7\u00e3o.","publisher":{"@id":"https:\/\/www.cidademarketing.com.br\/marketing\/#organization"},"alternateName":"CidadeMarketing","potentialAction":[{"@type":"SearchAction","target":{"@type":"EntryPoint","urlTemplate":"https:\/\/www.cidademarketing.com.br\/marketing\/?s={search_term_string}"},"query-input":{"@type":"PropertyValueSpecification","valueRequired":true,"valueName":"search_term_string"}}],"inLanguage":"pt-BR"},{"@type":"Organization","@id":"https:\/\/www.cidademarketing.com.br\/marketing\/#organization","name":"CidadeMarketing","alternateName":"CidadeMarketing","url":"https:\/\/www.cidademarketing.com.br\/marketing\/","logo":{"@type":"ImageObject","inLanguage":"pt-BR","@id":"https:\/\/www.cidademarketing.com.br\/marketing\/#\/schema\/logo\/image\/","url":"https:\/\/www.cidademarketing.com.br\/marketing\/wp-content\/uploads\/2020\/01\/cidademarketing_marca_mobile.png","contentUrl":"https:\/\/www.cidademarketing.com.br\/marketing\/wp-content\/uploads\/2020\/01\/cidademarketing_marca_mobile.png","width":230,"height":92,"caption":"CidadeMarketing"},"image":{"@id":"https:\/\/www.cidademarketing.com.br\/marketing\/#\/schema\/logo\/image\/"},"sameAs":["https:\/\/www.facebook.com\/portalcidademarketing","https:\/\/x.com\/CidadeMarketing","https:\/\/www.instagram.com\/cidademarketing\/"]},{"@type":"Person","@id":"https:\/\/www.cidademarketing.com.br\/marketing\/#\/schema\/person\/02daff9f18bd9378c9e01eb6b2db155f","name":"Thales Brand\u00e3o","image":{"@type":"ImageObject","inLanguage":"pt-BR","@id":"https:\/\/secure.gravatar.com\/avatar\/7ca3206950207cc3cb48feec56a8a7898741ab725c368d99d5d7a5a50aab80c6?s=96&d=mm&r=g","url":"https:\/\/secure.gravatar.com\/avatar\/7ca3206950207cc3cb48feec56a8a7898741ab725c368d99d5d7a5a50aab80c6?s=96&d=mm&r=g","contentUrl":"https:\/\/secure.gravatar.com\/avatar\/7ca3206950207cc3cb48feec56a8a7898741ab725c368d99d5d7a5a50aab80c6?s=96&d=mm&r=g","caption":"Thales Brand\u00e3o"},"description":"Editor Executivo do Portal CidadeMarketing.com.br &gt; Mestre em Comunica\u00e7\u00e3o e Sociedade pela Universidade Federal de Sergipe. Possui MBA Executivo em Administra\u00e7\u00e3o com \u00eanfase em Marketing pela Funda\u00e7\u00e3o Get\u00falio Vargas - Rio de Janeiro. Consultor, Palestrante e Pesquisador sobre Empreendedorismo, Marketing, Redes Sociais e Neg\u00f3cios Digitais. Professor, Palestrante TedxTalks e Campus Party. Twitter: @ThalesBrandao","sameAs":["http:\/\/www.mandacaru.com.br","https:\/\/www.facebook.com\/thalesbrandao","http:\/\/www.instagram.com.br\/thalesbrandaoferreira","https:\/\/www.linkedin.com\/in\/thales-brand\u00e3o-3948609\/","https:\/\/x.com\/http:\/\/www.twitter.com\/thalesbrandao"],"url":"https:\/\/www.cidademarketing.com.br\/marketing\/author\/thalesbrandao\/"}]}},"amp_enabled":true,"_links":{"self":[{"href":"https:\/\/www.cidademarketing.com.br\/marketing\/wp-json\/wp\/v2\/posts\/40212","targetHints":{"allow":["GET"]}}],"collection":[{"href":"https:\/\/www.cidademarketing.com.br\/marketing\/wp-json\/wp\/v2\/posts"}],"about":[{"href":"https:\/\/www.cidademarketing.com.br\/marketing\/wp-json\/wp\/v2\/types\/post"}],"author":[{"embeddable":true,"href":"https:\/\/www.cidademarketing.com.br\/marketing\/wp-json\/wp\/v2\/users\/1"}],"replies":[{"embeddable":true,"href":"https:\/\/www.cidademarketing.com.br\/marketing\/wp-json\/wp\/v2\/comments?post=40212"}],"version-history":[{"count":1,"href":"https:\/\/www.cidademarketing.com.br\/marketing\/wp-json\/wp\/v2\/posts\/40212\/revisions"}],"predecessor-version":[{"id":40213,"href":"https:\/\/www.cidademarketing.com.br\/marketing\/wp-json\/wp\/v2\/posts\/40212\/revisions\/40213"}],"wp:featuredmedia":[{"embeddable":true,"href":"https:\/\/www.cidademarketing.com.br\/marketing\/wp-json\/wp\/v2\/media\/39997"}],"wp:attachment":[{"href":"https:\/\/www.cidademarketing.com.br\/marketing\/wp-json\/wp\/v2\/media?parent=40212"}],"wp:term":[{"taxonomy":"category","embeddable":true,"href":"https:\/\/www.cidademarketing.com.br\/marketing\/wp-json\/wp\/v2\/categories?post=40212"},{"taxonomy":"post_tag","embeddable":true,"href":"https:\/\/www.cidademarketing.com.br\/marketing\/wp-json\/wp\/v2\/tags?post=40212"}],"curies":[{"name":"wp","href":"https:\/\/api.w.org\/{rel}","templated":true}]}}