{"id":40039,"date":"2022-11-18T15:38:43","date_gmt":"2022-11-18T18:38:43","guid":{"rendered":"https:\/\/www.cidademarketing.com.br\/marketing\/?p=40039"},"modified":"2022-11-18T15:38:43","modified_gmt":"2022-11-18T18:38:43","slug":"gilberto-gil-flor-gil-e-sol-de-maria-materializam-conceito-de-campanha-de-natal-da-natura","status":"publish","type":"post","link":"https:\/\/www.cidademarketing.com.br\/marketing\/2022\/11\/18\/gilberto-gil-flor-gil-e-sol-de-maria-materializam-conceito-de-campanha-de-natal-da-natura\/","title":{"rendered":"Gilberto Gil, Flor Gil e Sol de Maria materializam conceito de campanha de Natal da Natura"},"content":{"rendered":"<p>O Natal se aproxima e o clima de final de ano j\u00e1 pode ser percebido no ar. Se na inf\u00e2ncia essa \u00e9poca \u00e9 sin\u00f4nimo de magia e encanto, muitas vezes, na vida adulta, ela acaba perdendo parte de sua leveza, com tarefas a serem realizadas e deveres a serem cumpridos. \u00c9 essa rotina que nos leva, por vezes, a operar no autom\u00e1tico, tirando o foco da nossa capacidade de sentir.<\/p>\n<p><iframe title=\"Spotify Embed: Podcast CidadeMarketing\" style=\"border-radius: 12px\" width=\"100%\" height=\"152\" frameborder=\"0\" allowfullscreen allow=\"autoplay; clipboard-write; encrypted-media; fullscreen; picture-in-picture\" loading=\"lazy\" src=\"https:\/\/open.spotify.com\/embed\/show\/4khMKzP3FgFRWVwb73xicc?si=252fe5bff2b34909&#038;utm_source=oembed\"><\/iframe><\/p>\n<p>Por isso, neste Natal, a Natura faz um convite para que todos se inspirem na leveza e no olhar de uma crian\u00e7a: na forma em que elas percebem o mundo, sentindo e experimentando a vida por inteiro. \u00c9 \u00e9poca de uni\u00e3o em uma data marcada pela troca de gestos, afinal, compartilhar momentos com aqueles que amamos, com o s\u00edmbolo de afeto que o ato de presentear nos proporciona, reconhece o amor e nos permite transformar o mundo.<\/p>\n<p>\u201cBuscamos no olhar e na leveza de uma crian\u00e7a o encanto que, aos poucos, perdemos pelo piloto autom\u00e1tico que nos guia no dia a dia. O Natal traz essa magia t\u00e3o esperada e queremos refor\u00e7ar nesta data t\u00e3o significativa que n\u00e3o podemos, de forma alguma, deixar que o encanto deixe de se manifestar. \u00c9 com essa ess\u00eancia que a Natura convida todas as pessoas a transformarem o mundo por meio dos encontros, trazendo o presente e as trocas como s\u00edmbolo do afeto\u201d, comenta Ana Carolina Soutello, head de estrat\u00e9gia criativa global da Natura.<\/p>\n<p>Com cria\u00e7\u00e3o da Africa, seguindo o conceito \u201cSinta este Natal como uma crian\u00e7a, e transforme o mundo com todo o seu afeto\u201d, o filme retrata uma menina tentando cultivar a sua pr\u00f3pria \u00e1rvore de Natal a partir de uma muda de planta natural. Os adultos da casa, no entanto, atarefados com os preparos do final de ano e com a montagem da \u00e1rvore artificial, n\u00e3o est\u00e3o dando muita aten\u00e7\u00e3o ao sonho da menina. Na pe\u00e7a, ela percebe que pequenos gestos de afeto como um presente Natura ou um enfeite conseguem fazer a \u00e1rvore crescer. O carinho e cuidado que a menina tem com a \u00e1rvore acabam inspirando a sua m\u00e3e, que decide fazer da \u00e1rvore natural a \u00e1rvore oficial de Natal.<\/p>\n<p>O filme ainda leva a trilha sonora da m\u00fasica \u201cEstrela\u201d, composta por Gilberto Gil e lan\u00e7ada em 1997. A cl\u00e1ssica can\u00e7\u00e3o j\u00e1 ganhou in\u00fameras vers\u00f5es de diversos artistas, mas ainda n\u00e3o havia sido regravada pelo pr\u00f3prio cantor. Denise Coutinho, diretora de marketing Brasil da Natura, explica: \u201cTrouxemos para nossa campanha ainda mais pot\u00eancia com uma trilha sonora cheia de significado e com um elemento que simboliza a \u00e9poca Natalina. A m\u00fasica \u2018Estrela\u2019 \u00e9 um cl\u00e1ssico que estamos muito honrados de estar na voz de Gilberto Gil, sua neta Flor Gil e sua bisneta Sol de Maria, para justamente materializar o nosso conceito. \u00c9 uma uni\u00e3o in\u00e9dita que traz ainda mais poesia para nossa mensagem: como marca l\u00edder em presentes no Brasil, seguimos, em cada comunica\u00e7\u00e3o da campanha, incentivando o ato de presentear como um s\u00edmbolo de afeto\u201d, cita.<\/p>\n<p>\u201cSe entregar de cora\u00e7\u00e3o a algo ou a algu\u00e9m tem um poder transformador nas nossas vidas e nas vidas dos outros. O fato \u00e9 que vamos esquecendo disso ao longo do caminho. Essa campanha tem esse intuito: de resgatar essa coisa t\u00e3o essencial ao ser humano, que \u00e9 sentir por inteiro. Parece banal e simples, mas a vida, \u00e0s vezes, nos atropela mesmo e acabamos esquecendo do que importa\u201d, comenta Sophie Schonburg, Diretora Executiva de Cria\u00e7\u00e3o da Africa.<\/p>\n\r\n                <style type=\"text\/css\">\r\n                    \r\n                    #tdi_1  .td-doubleSlider-2 .td-item1 {\r\n                        background: url(https:\/\/www.cidademarketing.com.br\/marketing\/wp-content\/uploads\/2022\/11\/Afeto-tranforma-Natal-Natura-2022-_Foto-Gustavo-egucentrico-80x60.jpg) 0 0 no-repeat;\r\n                    }\r\n                    #tdi_1  .td-doubleSlider-2 .td-item2 {\r\n                        background: url(https:\/\/www.cidademarketing.com.br\/marketing\/wp-content\/uploads\/2022\/11\/Denise-Coutinho-DirMKT-Brasil-e-Carolina-Soutello-Head-Criacao-Estrategica-Global-Natal-Natura-2022-_Foto-Gustavo-egucentrico-80x60.jpg) 0 0 no-repeat;\r\n                    }\r\n                    #tdi_1  .td-doubleSlider-2 .td-item3 {\r\n                        background: url(https:\/\/www.cidademarketing.com.br\/marketing\/wp-content\/uploads\/2022\/11\/Flor-Gil-e-Sol-de-MAria-_-Natal-Natura-2022-_Foto-Gustavo-egucentrico-80x60.jpg) 0 0 no-repeat;\r\n                    }\r\n                    #tdi_1  .td-doubleSlider-2 .td-item4 {\r\n                        background: url(https:\/\/www.cidademarketing.com.br\/marketing\/wp-content\/uploads\/2022\/11\/Gil_Flor-Gil_Sol-de-MAria_-Natal-Natura-2022-_Foto-Gustavo-egucentrico-80x60.jpg) 0 0 no-repeat;\r\n                    }\r\n                    #tdi_1  .td-doubleSlider-2 .td-item5 {\r\n                        background: url(https:\/\/www.cidademarketing.com.br\/marketing\/wp-content\/uploads\/2022\/11\/Gilberto-Gil-_-Natal-Natura-2022-_-FOTO-NICOLAS-CALLIGARO-1-80x60.jpg) 0 0 no-repeat;\r\n                    }\r\n                <\/style>\r\n\r\n                <div id=\"tdi_1\" class=\"td-gallery td-slide-on-2-columns\">\r\n                    <div class=\"post_td_gallery\">\r\n                        <div class=\"td-gallery-slide-top\">\r\n                           <div class=\"td-gallery-title\"><\/div>\r\n\r\n                            <div class=\"td-gallery-controls-wrapper\">\r\n                                <div class=\"td-gallery-slide-count\"><span class=\"td-gallery-slide-item-focus\">1<\/span> de 5<\/div>\r\n                                <div class=\"td-gallery-slide-prev-next-but\">\r\n                                    <i class = \"td-icon-left doubleSliderPrevButton\"><\/i>\r\n                                    <i class = \"td-icon-right doubleSliderNextButton\"><\/i>\r\n                                <\/div>\r\n                            <\/div>\r\n                        <\/div>\r\n\r\n                        <div class = \"td-doubleSlider-1 \">\r\n                            <div class = \"td-slider\">\r\n                                \r\n                    <div class = \"td-slide-item td-item1\">\r\n                        <figure class=\"td-slide-galery-figure td-slide-popup-gallery\">\r\n                            <a class=\"slide-gallery-image-link\" href=\"https:\/\/www.cidademarketing.com.br\/marketing\/wp-content\/uploads\/2022\/11\/Afeto-tranforma-Natal-Natura-2022-_Foto-Gustavo-egucentrico.jpg\" title=\"Afeto tranforma- Natal Natura 2022 _Foto Gustavo egucentrico\"  data-caption=\"Divulga\u00e7\u00e3o\"  data-description=\"\">\r\n                                <img decoding=\"async\" src=\"https:\/\/www.cidademarketing.com.br\/marketing\/wp-content\/uploads\/2022\/11\/Afeto-tranforma-Natal-Natura-2022-_Foto-Gustavo-egucentrico-630x420.jpg\" srcset=\"https:\/\/www.cidademarketing.com.br\/marketing\/wp-content\/uploads\/2022\/11\/Afeto-tranforma-Natal-Natura-2022-_Foto-Gustavo-egucentrico-630x420.jpg 630w, https:\/\/www.cidademarketing.com.br\/marketing\/wp-content\/uploads\/2022\/11\/Afeto-tranforma-Natal-Natura-2022-_Foto-Gustavo-egucentrico-300x200.jpg 300w, https:\/\/www.cidademarketing.com.br\/marketing\/wp-content\/uploads\/2022\/11\/Afeto-tranforma-Natal-Natura-2022-_Foto-Gustavo-egucentrico-1024x683.jpg 1024w, https:\/\/www.cidademarketing.com.br\/marketing\/wp-content\/uploads\/2022\/11\/Afeto-tranforma-Natal-Natura-2022-_Foto-Gustavo-egucentrico-768x512.jpg 768w, https:\/\/www.cidademarketing.com.br\/marketing\/wp-content\/uploads\/2022\/11\/Afeto-tranforma-Natal-Natura-2022-_Foto-Gustavo-egucentrico-1536x1024.jpg 1536w, https:\/\/www.cidademarketing.com.br\/marketing\/wp-content\/uploads\/2022\/11\/Afeto-tranforma-Natal-Natura-2022-_Foto-Gustavo-egucentrico-640x427.jpg 640w, https:\/\/www.cidademarketing.com.br\/marketing\/wp-content\/uploads\/2022\/11\/Afeto-tranforma-Natal-Natura-2022-_Foto-Gustavo-egucentrico-681x454.jpg 681w, https:\/\/www.cidademarketing.com.br\/marketing\/wp-content\/uploads\/2022\/11\/Afeto-tranforma-Natal-Natura-2022-_Foto-Gustavo-egucentrico.jpg 1620w\" sizes=\"(max-width: 630px) 100vw, 630px\" alt=\"\">\r\n                            <\/a>\r\n                            <figcaption class = \"td-slide-caption td-gallery-slide-content\"><div class = \"td-gallery-slide-copywrite\">Divulga\u00e7\u00e3o<\/div><\/figcaption>\r\n                        <\/figure>\r\n                    <\/div>\r\n                    <div class = \"td-slide-item td-item2\">\r\n                        <figure class=\"td-slide-galery-figure td-slide-popup-gallery\">\r\n                            <a class=\"slide-gallery-image-link\" href=\"https:\/\/www.cidademarketing.com.br\/marketing\/wp-content\/uploads\/2022\/11\/Denise-Coutinho-DirMKT-Brasil-e-Carolina-Soutello-Head-Criacao-Estrategica-Global-Natal-Natura-2022-_Foto-Gustavo-egucentrico.jpg\" title=\"Denise Coutinho DirMKT Brasil e Carolina Soutello Head Cria\u00e7\u00e3o Estrategica Global - Natal Natura 2022 _Foto Gustavo egucentrico\"  data-caption=\"Denise Coutinho Diretora de Marketing e Carolina Soutello Head Cria\u00e7\u00e3o Estrat\u00e9gica Global em Natal Natura 2022. Foto: Gustavo Egucentrico\"  data-description=\"\">\r\n                                <img decoding=\"async\" src=\"https:\/\/www.cidademarketing.com.br\/marketing\/wp-content\/uploads\/2022\/11\/Denise-Coutinho-DirMKT-Brasil-e-Carolina-Soutello-Head-Criacao-Estrategica-Global-Natal-Natura-2022-_Foto-Gustavo-egucentrico-280x420.jpg\" srcset=\"https:\/\/www.cidademarketing.com.br\/marketing\/wp-content\/uploads\/2022\/11\/Denise-Coutinho-DirMKT-Brasil-e-Carolina-Soutello-Head-Criacao-Estrategica-Global-Natal-Natura-2022-_Foto-Gustavo-egucentrico-280x420.jpg 280w, https:\/\/www.cidademarketing.com.br\/marketing\/wp-content\/uploads\/2022\/11\/Denise-Coutinho-DirMKT-Brasil-e-Carolina-Soutello-Head-Criacao-Estrategica-Global-Natal-Natura-2022-_Foto-Gustavo-egucentrico-200x300.jpg 200w, https:\/\/www.cidademarketing.com.br\/marketing\/wp-content\/uploads\/2022\/11\/Denise-Coutinho-DirMKT-Brasil-e-Carolina-Soutello-Head-Criacao-Estrategica-Global-Natal-Natura-2022-_Foto-Gustavo-egucentrico-682x1024.jpg 682w, https:\/\/www.cidademarketing.com.br\/marketing\/wp-content\/uploads\/2022\/11\/Denise-Coutinho-DirMKT-Brasil-e-Carolina-Soutello-Head-Criacao-Estrategica-Global-Natal-Natura-2022-_Foto-Gustavo-egucentrico-640x961.jpg 640w, https:\/\/www.cidademarketing.com.br\/marketing\/wp-content\/uploads\/2022\/11\/Denise-Coutinho-DirMKT-Brasil-e-Carolina-Soutello-Head-Criacao-Estrategica-Global-Natal-Natura-2022-_Foto-Gustavo-egucentrico-681x1023.jpg 681w, https:\/\/www.cidademarketing.com.br\/marketing\/wp-content\/uploads\/2022\/11\/Denise-Coutinho-DirMKT-Brasil-e-Carolina-Soutello-Head-Criacao-Estrategica-Global-Natal-Natura-2022-_Foto-Gustavo-egucentrico.jpg 719w\" sizes=\"(max-width: 280px) 100vw, 280px\" alt=\"\">\r\n                            <\/a>\r\n                            <figcaption class = \"td-slide-caption td-gallery-slide-content\"><div class = \"td-gallery-slide-copywrite\">Denise Coutinho Diretora de Marketing e Carolina Soutello Head Cria\u00e7\u00e3o Estrat\u00e9gica Global em Natal Natura 2022. Foto: Gustavo Egucentrico<\/div><\/figcaption>\r\n                        <\/figure>\r\n                    <\/div>\r\n                    <div class = \"td-slide-item td-item3\">\r\n                        <figure class=\"td-slide-galery-figure td-slide-popup-gallery\">\r\n                            <a class=\"slide-gallery-image-link\" href=\"https:\/\/www.cidademarketing.com.br\/marketing\/wp-content\/uploads\/2022\/11\/Flor-Gil-e-Sol-de-MAria-_-Natal-Natura-2022-_Foto-Gustavo-egucentrico.jpg\" title=\"Flor Gil e Sol de MAria _ Natal Natura 2022 _Foto Gustavo egucentrico\"  data-caption=\"Flor Gil e Sol de Maria em Natal Natura 2022. Foto: Gustavo Egucentrico\"  data-description=\"\">\r\n                                <img decoding=\"async\" src=\"https:\/\/www.cidademarketing.com.br\/marketing\/wp-content\/uploads\/2022\/11\/Flor-Gil-e-Sol-de-MAria-_-Natal-Natura-2022-_Foto-Gustavo-egucentrico-280x420.jpg\" srcset=\"https:\/\/www.cidademarketing.com.br\/marketing\/wp-content\/uploads\/2022\/11\/Flor-Gil-e-Sol-de-MAria-_-Natal-Natura-2022-_Foto-Gustavo-egucentrico-280x420.jpg 280w, https:\/\/www.cidademarketing.com.br\/marketing\/wp-content\/uploads\/2022\/11\/Flor-Gil-e-Sol-de-MAria-_-Natal-Natura-2022-_Foto-Gustavo-egucentrico-200x300.jpg 200w, https:\/\/www.cidademarketing.com.br\/marketing\/wp-content\/uploads\/2022\/11\/Flor-Gil-e-Sol-de-MAria-_-Natal-Natura-2022-_Foto-Gustavo-egucentrico-683x1024.jpg 683w, https:\/\/www.cidademarketing.com.br\/marketing\/wp-content\/uploads\/2022\/11\/Flor-Gil-e-Sol-de-MAria-_-Natal-Natura-2022-_Foto-Gustavo-egucentrico-640x960.jpg 640w, https:\/\/www.cidademarketing.com.br\/marketing\/wp-content\/uploads\/2022\/11\/Flor-Gil-e-Sol-de-MAria-_-Natal-Natura-2022-_Foto-Gustavo-egucentrico-681x1022.jpg 681w, https:\/\/www.cidademarketing.com.br\/marketing\/wp-content\/uploads\/2022\/11\/Flor-Gil-e-Sol-de-MAria-_-Natal-Natura-2022-_Foto-Gustavo-egucentrico.jpg 720w\" sizes=\"(max-width: 280px) 100vw, 280px\" alt=\"\">\r\n                            <\/a>\r\n                            <figcaption class = \"td-slide-caption td-gallery-slide-content\"><div class = \"td-gallery-slide-copywrite\">Flor Gil e Sol de Maria em Natal Natura 2022. Foto: Gustavo Egucentrico<\/div><\/figcaption>\r\n                        <\/figure>\r\n                    <\/div>\r\n                    <div class = \"td-slide-item td-item4\">\r\n                        <figure class=\"td-slide-galery-figure td-slide-popup-gallery\">\r\n                            <a class=\"slide-gallery-image-link\" href=\"https:\/\/www.cidademarketing.com.br\/marketing\/wp-content\/uploads\/2022\/11\/Gil_Flor-Gil_Sol-de-MAria_-Natal-Natura-2022-_Foto-Gustavo-egucentrico.jpg\" title=\"Gil_Flor Gil_Sol de MAria_- Natal Natura 2022 _Foto Gustavo egucentrico\"  data-caption=\"Gil, Flor Gil, Sol de Maria em Natal Natura 2022. Foto: Gustavo Egucentrico\"  data-description=\"\">\r\n                                <img decoding=\"async\" src=\"https:\/\/www.cidademarketing.com.br\/marketing\/wp-content\/uploads\/2022\/11\/Gil_Flor-Gil_Sol-de-MAria_-Natal-Natura-2022-_Foto-Gustavo-egucentrico-630x420.jpg\" srcset=\"https:\/\/www.cidademarketing.com.br\/marketing\/wp-content\/uploads\/2022\/11\/Gil_Flor-Gil_Sol-de-MAria_-Natal-Natura-2022-_Foto-Gustavo-egucentrico-630x420.jpg 630w, https:\/\/www.cidademarketing.com.br\/marketing\/wp-content\/uploads\/2022\/11\/Gil_Flor-Gil_Sol-de-MAria_-Natal-Natura-2022-_Foto-Gustavo-egucentrico-300x200.jpg 300w, https:\/\/www.cidademarketing.com.br\/marketing\/wp-content\/uploads\/2022\/11\/Gil_Flor-Gil_Sol-de-MAria_-Natal-Natura-2022-_Foto-Gustavo-egucentrico-1024x683.jpg 1024w, https:\/\/www.cidademarketing.com.br\/marketing\/wp-content\/uploads\/2022\/11\/Gil_Flor-Gil_Sol-de-MAria_-Natal-Natura-2022-_Foto-Gustavo-egucentrico-768x512.jpg 768w, https:\/\/www.cidademarketing.com.br\/marketing\/wp-content\/uploads\/2022\/11\/Gil_Flor-Gil_Sol-de-MAria_-Natal-Natura-2022-_Foto-Gustavo-egucentrico-1536x1024.jpg 1536w, https:\/\/www.cidademarketing.com.br\/marketing\/wp-content\/uploads\/2022\/11\/Gil_Flor-Gil_Sol-de-MAria_-Natal-Natura-2022-_Foto-Gustavo-egucentrico-640x427.jpg 640w, https:\/\/www.cidademarketing.com.br\/marketing\/wp-content\/uploads\/2022\/11\/Gil_Flor-Gil_Sol-de-MAria_-Natal-Natura-2022-_Foto-Gustavo-egucentrico-681x454.jpg 681w, https:\/\/www.cidademarketing.com.br\/marketing\/wp-content\/uploads\/2022\/11\/Gil_Flor-Gil_Sol-de-MAria_-Natal-Natura-2022-_Foto-Gustavo-egucentrico.jpg 1620w\" sizes=\"(max-width: 630px) 100vw, 630px\" alt=\"\">\r\n                            <\/a>\r\n                            <figcaption class = \"td-slide-caption td-gallery-slide-content\"><div class = \"td-gallery-slide-copywrite\">Gil, Flor Gil, Sol de Maria em Natal Natura 2022. Foto: Gustavo Egucentrico<\/div><\/figcaption>\r\n                        <\/figure>\r\n                    <\/div>\r\n                    <div class = \"td-slide-item td-item5\">\r\n                        <figure class=\"td-slide-galery-figure td-slide-popup-gallery\">\r\n                            <a class=\"slide-gallery-image-link\" href=\"https:\/\/www.cidademarketing.com.br\/marketing\/wp-content\/uploads\/2022\/11\/Gilberto-Gil-_-Natal-Natura-2022-_-FOTO-NICOLAS-CALLIGARO-1.jpg\" title=\"Gilberto Gil _ Natal Natura 2022 _ FOTO NICOLAS CALLIGARO (1)\"  data-caption=\"Gilberto Gil em Natal Natura 2022. Foto: Nicolas Calligaro\"  data-description=\"\">\r\n                                <img decoding=\"async\" src=\"https:\/\/www.cidademarketing.com.br\/marketing\/wp-content\/uploads\/2022\/11\/Gilberto-Gil-_-Natal-Natura-2022-_-FOTO-NICOLAS-CALLIGARO-1-280x420.jpg\" srcset=\"https:\/\/www.cidademarketing.com.br\/marketing\/wp-content\/uploads\/2022\/11\/Gilberto-Gil-_-Natal-Natura-2022-_-FOTO-NICOLAS-CALLIGARO-1-280x420.jpg 280w, https:\/\/www.cidademarketing.com.br\/marketing\/wp-content\/uploads\/2022\/11\/Gilberto-Gil-_-Natal-Natura-2022-_-FOTO-NICOLAS-CALLIGARO-1-200x300.jpg 200w, https:\/\/www.cidademarketing.com.br\/marketing\/wp-content\/uploads\/2022\/11\/Gilberto-Gil-_-Natal-Natura-2022-_-FOTO-NICOLAS-CALLIGARO-1-683x1024.jpg 683w, https:\/\/www.cidademarketing.com.br\/marketing\/wp-content\/uploads\/2022\/11\/Gilberto-Gil-_-Natal-Natura-2022-_-FOTO-NICOLAS-CALLIGARO-1-640x960.jpg 640w, https:\/\/www.cidademarketing.com.br\/marketing\/wp-content\/uploads\/2022\/11\/Gilberto-Gil-_-Natal-Natura-2022-_-FOTO-NICOLAS-CALLIGARO-1-681x1022.jpg 681w, https:\/\/www.cidademarketing.com.br\/marketing\/wp-content\/uploads\/2022\/11\/Gilberto-Gil-_-Natal-Natura-2022-_-FOTO-NICOLAS-CALLIGARO-1.jpg 720w\" sizes=\"(max-width: 280px) 100vw, 280px\" alt=\"\">\r\n                            <\/a>\r\n                            <figcaption class = \"td-slide-caption td-gallery-slide-content\"><div class = \"td-gallery-slide-copywrite\">Gilberto Gil em Natal Natura 2022. Foto: Nicolas Calligaro<\/div><\/figcaption>\r\n                        <\/figure>\r\n                    <\/div>\r\n                            <\/div>\r\n                        <\/div>\r\n\r\n                        <div class = \"td-doubleSlider-2\">\r\n                            <div class = \"td-slider\">\r\n                                \r\n                    <div class = \"td-button td-item1\">\r\n                        <div class = \"td-border\"><\/div>\r\n                    <\/div>\r\n                    <div class = \"td-button td-item2\">\r\n                        <div class = \"td-border\"><\/div>\r\n                    <\/div>\r\n                    <div class = \"td-button td-item3\">\r\n                        <div class = \"td-border\"><\/div>\r\n                    <\/div>\r\n                    <div class = \"td-button td-item4\">\r\n                        <div class = \"td-border\"><\/div>\r\n                    <\/div>\r\n                    <div class = \"td-button td-item5\">\r\n                        <div class = \"td-border\"><\/div>\r\n                    <\/div>\r\n                            <\/div>\r\n                        <\/div>\r\n\r\n                    <\/div>\r\n\r\n                <\/div>\r\n                \n<p>A campanha, que ser\u00e1 veiculada na Am\u00e9rica Latina, segue por meio dos filmes na TV aberta, em vers\u00e3o na \u00edntegra e reduzida, al\u00e9m dos nossos canais digitais e redes sociais da Natura. Para finalizar o ano, o Natal Natura tem continuidade, tamb\u00e9m, em mais tr\u00eas a\u00e7\u00f5es de merchan no programa Doming\u00e3o do Huck, da TV Globo.<\/p>\n<p>Para presentear entes queridos na \u00e9poca mais festiva do ano, a Natura traz kits perfeitos. Sem deixar de lado seus produtos mais conhecidos, a marca separou diversas op\u00e7\u00f5es das suas principais linhas: Tododia, EKOS, Kaiak, Essencial, Luna, Mam\u00e3e e Beb\u00ea e Humor. A marca, que j\u00e1 \u00e9 presente na casa do brasileiro h\u00e1 mais de 50 anos, est\u00e1 preparada para comemorar mais o fechamento de mais um ano e te acompanhar em 2023.<\/p>\n<p><em>\u201cQuando foi que paramos de sentir a vida com todos os nossos sentidos?<\/em><\/p>\n<p><em>Ao longo da nossa vida, a gente acaba se preocupando cada vez mais em crescer e conquistar, enquanto o sentir vai ficando ali, em segundo plano.<\/em><br \/>\n<em>Nossa vers\u00e3o adulta quer realizar, enquanto nossa vers\u00e3o crian\u00e7a quer sentir e experimentar tudo o que a vida tem a oferecer.<\/em><br \/>\n<em>Porque quando sentimos um cheiro, devolvemos um abra\u00e7o.<\/em><br \/>\n<em>Quando sentimos um arrepio, devolvemos um beijo.<\/em><br \/>\n<em>Quando sentimos na pele, devolvemos empatia.<\/em><br \/>\n<em>E quando sentimos afeto, devolvemos um presente.<\/em><br \/>\n<em>Neste Natal, a Natura te convida a sentir a vida por inteiro, <\/em><br \/>\n<em>como as crian\u00e7as fazem.<\/em><br \/>\n<em>Porque, quando sentimos por inteiro, devolvemos afeto e deixamos <\/em><br \/>\n<em>o mundo mais bonito.<\/em><\/p>\n<p><em>Natal Natura. <\/em><br \/>\n<em>O mundo \u00e9 mais bonito com voc\u00ea.\u201d<\/em><\/p>\n<p>&nbsp;<\/p>\n<p><iframe style=\"width: 100%; max-width: 660px; overflow: hidden; background: transparent;\" src=\"https:\/\/embed.podcasts.apple.com\/br\/podcast\/podcast-cidademarketing\/id1371923283\" height=\"450\" frameborder=\"0\" sandbox=\"allow-forms allow-popups allow-same-origin allow-scripts allow-storage-access-by-user-activation allow-top-navigation-by-user-activation\"><\/iframe><\/p>\n","protected":false},"excerpt":{"rendered":"<p>O Natal se aproxima e o clima de final de ano j\u00e1 pode ser percebido no ar. Se na inf\u00e2ncia essa \u00e9poca \u00e9 sin\u00f4nimo de magia e encanto, muitas vezes, na vida adulta, ela acaba perdendo parte de sua leveza, com tarefas a serem realizadas e deveres a serem cumpridos. \u00c9 essa rotina que nos [&hellip;]<\/p>\n","protected":false},"author":1,"featured_media":40040,"comment_status":"open","ping_status":"open","sticky":false,"template":"","format":"standard","meta":{"tdm_status":"","tdm_grid_status":"","footnotes":""},"categories":[6],"tags":[65,33,28,1742,669,503],"class_list":["post-40039","post","type-post","status-publish","format-standard","has-post-thumbnail","hentry","category-noticias","tag-campanha","tag-estrategia","tag-marketing","tag-musica","tag-natal","tag-natura"],"yoast_head":"<!-- This site is optimized with the Yoast SEO plugin v27.5 - https:\/\/yoast.com\/product\/yoast-seo-wordpress\/ -->\n<title>Gilberto Gil, Flor Gil e Sol de Maria materializam conceito de campanha de Natal da Natura - CidadeMarketing<\/title>\n<meta name=\"robots\" content=\"index, follow, max-snippet:-1, max-image-preview:large, max-video-preview:-1\" \/>\n<link rel=\"canonical\" href=\"https:\/\/www.cidademarketing.com.br\/marketing\/2022\/11\/18\/gilberto-gil-flor-gil-e-sol-de-maria-materializam-conceito-de-campanha-de-natal-da-natura\/\" \/>\n<meta property=\"og:locale\" content=\"pt_BR\" \/>\n<meta property=\"og:type\" content=\"article\" \/>\n<meta property=\"og:title\" content=\"Gilberto Gil, Flor Gil e Sol de Maria materializam conceito de campanha de Natal da Natura - CidadeMarketing\" \/>\n<meta property=\"og:description\" content=\"O Natal se aproxima e o clima de final de ano j\u00e1 pode ser percebido no ar. Se na inf\u00e2ncia essa \u00e9poca \u00e9 sin\u00f4nimo de magia e encanto, muitas vezes, na vida adulta, ela acaba perdendo parte de sua leveza, com tarefas a serem realizadas e deveres a serem cumpridos. \u00c9 essa rotina que nos [&hellip;]\" \/>\n<meta property=\"og:url\" content=\"https:\/\/www.cidademarketing.com.br\/marketing\/2022\/11\/18\/gilberto-gil-flor-gil-e-sol-de-maria-materializam-conceito-de-campanha-de-natal-da-natura\/\" \/>\n<meta property=\"og:site_name\" content=\"CidadeMarketing\" \/>\n<meta property=\"article:publisher\" content=\"https:\/\/www.facebook.com\/portalcidademarketing\" \/>\n<meta property=\"article:author\" content=\"https:\/\/www.facebook.com\/thalesbrandao\" \/>\n<meta property=\"article:published_time\" content=\"2022-11-18T18:38:43+00:00\" \/>\n<meta property=\"og:image\" content=\"https:\/\/www.cidademarketing.com.br\/marketing\/wp-content\/uploads\/2022\/11\/Gilberto-Gil-_-Natal-Natura-2022-_-FOTO-NICOLAS-CALLIGARO-2.jpg\" \/>\n\t<meta property=\"og:image:width\" content=\"1620\" \/>\n\t<meta property=\"og:image:height\" content=\"1080\" \/>\n\t<meta property=\"og:image:type\" content=\"image\/jpeg\" \/>\n<meta name=\"author\" content=\"Thales Brand\u00e3o\" \/>\n<meta name=\"twitter:card\" content=\"summary_large_image\" \/>\n<meta name=\"twitter:creator\" content=\"@http:\/\/www.twitter.com\/thalesbrandao\" \/>\n<meta name=\"twitter:site\" content=\"@CidadeMarketing\" \/>\n<meta name=\"twitter:label1\" content=\"Escrito por\" \/>\n\t<meta name=\"twitter:data1\" content=\"Thales Brand\u00e3o\" \/>\n\t<meta name=\"twitter:label2\" content=\"Est. tempo de leitura\" \/>\n\t<meta name=\"twitter:data2\" content=\"4 minutos\" \/>\n<script type=\"application\/ld+json\" class=\"yoast-schema-graph\">{\"@context\":\"https:\\\/\\\/schema.org\",\"@graph\":[{\"@type\":\"Article\",\"@id\":\"https:\\\/\\\/www.cidademarketing.com.br\\\/marketing\\\/2022\\\/11\\\/18\\\/gilberto-gil-flor-gil-e-sol-de-maria-materializam-conceito-de-campanha-de-natal-da-natura\\\/#article\",\"isPartOf\":{\"@id\":\"https:\\\/\\\/www.cidademarketing.com.br\\\/marketing\\\/2022\\\/11\\\/18\\\/gilberto-gil-flor-gil-e-sol-de-maria-materializam-conceito-de-campanha-de-natal-da-natura\\\/\"},\"author\":{\"name\":\"Thales Brand\u00e3o\",\"@id\":\"https:\\\/\\\/www.cidademarketing.com.br\\\/marketing\\\/#\\\/schema\\\/person\\\/02daff9f18bd9378c9e01eb6b2db155f\"},\"headline\":\"Gilberto Gil, Flor Gil e Sol de Maria materializam conceito de campanha de Natal da Natura\",\"datePublished\":\"2022-11-18T18:38:43+00:00\",\"mainEntityOfPage\":{\"@id\":\"https:\\\/\\\/www.cidademarketing.com.br\\\/marketing\\\/2022\\\/11\\\/18\\\/gilberto-gil-flor-gil-e-sol-de-maria-materializam-conceito-de-campanha-de-natal-da-natura\\\/\"},\"wordCount\":914,\"commentCount\":0,\"publisher\":{\"@id\":\"https:\\\/\\\/www.cidademarketing.com.br\\\/marketing\\\/#organization\"},\"image\":{\"@id\":\"https:\\\/\\\/www.cidademarketing.com.br\\\/marketing\\\/2022\\\/11\\\/18\\\/gilberto-gil-flor-gil-e-sol-de-maria-materializam-conceito-de-campanha-de-natal-da-natura\\\/#primaryimage\"},\"thumbnailUrl\":\"https:\\\/\\\/www.cidademarketing.com.br\\\/marketing\\\/wp-content\\\/uploads\\\/2022\\\/11\\\/Gilberto-Gil-_-Natal-Natura-2022-_-FOTO-NICOLAS-CALLIGARO-2.jpg\",\"keywords\":[\"campanha\",\"estrat\u00e9gia\",\"marketing\",\"m\u00fasica\",\"Natal\",\"Natura\"],\"articleSection\":[\"Not\u00edcias\"],\"inLanguage\":\"pt-BR\",\"potentialAction\":[{\"@type\":\"CommentAction\",\"name\":\"Comment\",\"target\":[\"https:\\\/\\\/www.cidademarketing.com.br\\\/marketing\\\/2022\\\/11\\\/18\\\/gilberto-gil-flor-gil-e-sol-de-maria-materializam-conceito-de-campanha-de-natal-da-natura\\\/#respond\"]}]},{\"@type\":\"WebPage\",\"@id\":\"https:\\\/\\\/www.cidademarketing.com.br\\\/marketing\\\/2022\\\/11\\\/18\\\/gilberto-gil-flor-gil-e-sol-de-maria-materializam-conceito-de-campanha-de-natal-da-natura\\\/\",\"url\":\"https:\\\/\\\/www.cidademarketing.com.br\\\/marketing\\\/2022\\\/11\\\/18\\\/gilberto-gil-flor-gil-e-sol-de-maria-materializam-conceito-de-campanha-de-natal-da-natura\\\/\",\"name\":\"Gilberto Gil, Flor Gil e Sol de Maria materializam conceito de campanha de Natal da Natura - CidadeMarketing\",\"isPartOf\":{\"@id\":\"https:\\\/\\\/www.cidademarketing.com.br\\\/marketing\\\/#website\"},\"primaryImageOfPage\":{\"@id\":\"https:\\\/\\\/www.cidademarketing.com.br\\\/marketing\\\/2022\\\/11\\\/18\\\/gilberto-gil-flor-gil-e-sol-de-maria-materializam-conceito-de-campanha-de-natal-da-natura\\\/#primaryimage\"},\"image\":{\"@id\":\"https:\\\/\\\/www.cidademarketing.com.br\\\/marketing\\\/2022\\\/11\\\/18\\\/gilberto-gil-flor-gil-e-sol-de-maria-materializam-conceito-de-campanha-de-natal-da-natura\\\/#primaryimage\"},\"thumbnailUrl\":\"https:\\\/\\\/www.cidademarketing.com.br\\\/marketing\\\/wp-content\\\/uploads\\\/2022\\\/11\\\/Gilberto-Gil-_-Natal-Natura-2022-_-FOTO-NICOLAS-CALLIGARO-2.jpg\",\"datePublished\":\"2022-11-18T18:38:43+00:00\",\"breadcrumb\":{\"@id\":\"https:\\\/\\\/www.cidademarketing.com.br\\\/marketing\\\/2022\\\/11\\\/18\\\/gilberto-gil-flor-gil-e-sol-de-maria-materializam-conceito-de-campanha-de-natal-da-natura\\\/#breadcrumb\"},\"inLanguage\":\"pt-BR\",\"potentialAction\":[{\"@type\":\"ReadAction\",\"target\":[\"https:\\\/\\\/www.cidademarketing.com.br\\\/marketing\\\/2022\\\/11\\\/18\\\/gilberto-gil-flor-gil-e-sol-de-maria-materializam-conceito-de-campanha-de-natal-da-natura\\\/\"]}]},{\"@type\":\"ImageObject\",\"inLanguage\":\"pt-BR\",\"@id\":\"https:\\\/\\\/www.cidademarketing.com.br\\\/marketing\\\/2022\\\/11\\\/18\\\/gilberto-gil-flor-gil-e-sol-de-maria-materializam-conceito-de-campanha-de-natal-da-natura\\\/#primaryimage\",\"url\":\"https:\\\/\\\/www.cidademarketing.com.br\\\/marketing\\\/wp-content\\\/uploads\\\/2022\\\/11\\\/Gilberto-Gil-_-Natal-Natura-2022-_-FOTO-NICOLAS-CALLIGARO-2.jpg\",\"contentUrl\":\"https:\\\/\\\/www.cidademarketing.com.br\\\/marketing\\\/wp-content\\\/uploads\\\/2022\\\/11\\\/Gilberto-Gil-_-Natal-Natura-2022-_-FOTO-NICOLAS-CALLIGARO-2.jpg\",\"width\":1620,\"height\":1080,\"caption\":\"Gilberto Gil em Natal Natura 2022. Foto: Nicolas Calligaro\"},{\"@type\":\"BreadcrumbList\",\"@id\":\"https:\\\/\\\/www.cidademarketing.com.br\\\/marketing\\\/2022\\\/11\\\/18\\\/gilberto-gil-flor-gil-e-sol-de-maria-materializam-conceito-de-campanha-de-natal-da-natura\\\/#breadcrumb\",\"itemListElement\":[{\"@type\":\"ListItem\",\"position\":1,\"name\":\"In\u00edcio\",\"item\":\"https:\\\/\\\/www.cidademarketing.com.br\\\/marketing\\\/\"},{\"@type\":\"ListItem\",\"position\":2,\"name\":\"Gilberto Gil, Flor Gil e Sol de Maria materializam conceito de campanha de Natal da Natura\"}]},{\"@type\":\"WebSite\",\"@id\":\"https:\\\/\\\/www.cidademarketing.com.br\\\/marketing\\\/#website\",\"url\":\"https:\\\/\\\/www.cidademarketing.com.br\\\/marketing\\\/\",\"name\":\"CidadeMarketing\",\"description\":\"Somos um ve\u00edculo de comunica\u00e7\u00e3o de destaque no Brasil, reconhecido por conte\u00fados nos segmentos de marketing, empreendedorismo e inova\u00e7\u00e3o.\",\"publisher\":{\"@id\":\"https:\\\/\\\/www.cidademarketing.com.br\\\/marketing\\\/#organization\"},\"alternateName\":\"CidadeMarketing\",\"potentialAction\":[{\"@type\":\"SearchAction\",\"target\":{\"@type\":\"EntryPoint\",\"urlTemplate\":\"https:\\\/\\\/www.cidademarketing.com.br\\\/marketing\\\/?s={search_term_string}\"},\"query-input\":{\"@type\":\"PropertyValueSpecification\",\"valueRequired\":true,\"valueName\":\"search_term_string\"}}],\"inLanguage\":\"pt-BR\"},{\"@type\":\"Organization\",\"@id\":\"https:\\\/\\\/www.cidademarketing.com.br\\\/marketing\\\/#organization\",\"name\":\"CidadeMarketing\",\"alternateName\":\"CidadeMarketing\",\"url\":\"https:\\\/\\\/www.cidademarketing.com.br\\\/marketing\\\/\",\"logo\":{\"@type\":\"ImageObject\",\"inLanguage\":\"pt-BR\",\"@id\":\"https:\\\/\\\/www.cidademarketing.com.br\\\/marketing\\\/#\\\/schema\\\/logo\\\/image\\\/\",\"url\":\"https:\\\/\\\/www.cidademarketing.com.br\\\/marketing\\\/wp-content\\\/uploads\\\/2020\\\/01\\\/cidademarketing_marca_mobile.png\",\"contentUrl\":\"https:\\\/\\\/www.cidademarketing.com.br\\\/marketing\\\/wp-content\\\/uploads\\\/2020\\\/01\\\/cidademarketing_marca_mobile.png\",\"width\":230,\"height\":92,\"caption\":\"CidadeMarketing\"},\"image\":{\"@id\":\"https:\\\/\\\/www.cidademarketing.com.br\\\/marketing\\\/#\\\/schema\\\/logo\\\/image\\\/\"},\"sameAs\":[\"https:\\\/\\\/www.facebook.com\\\/portalcidademarketing\",\"https:\\\/\\\/x.com\\\/CidadeMarketing\",\"https:\\\/\\\/www.instagram.com\\\/cidademarketing\\\/\"]},{\"@type\":\"Person\",\"@id\":\"https:\\\/\\\/www.cidademarketing.com.br\\\/marketing\\\/#\\\/schema\\\/person\\\/02daff9f18bd9378c9e01eb6b2db155f\",\"name\":\"Thales Brand\u00e3o\",\"image\":{\"@type\":\"ImageObject\",\"inLanguage\":\"pt-BR\",\"@id\":\"https:\\\/\\\/secure.gravatar.com\\\/avatar\\\/7ca3206950207cc3cb48feec56a8a7898741ab725c368d99d5d7a5a50aab80c6?s=96&d=mm&r=g\",\"url\":\"https:\\\/\\\/secure.gravatar.com\\\/avatar\\\/7ca3206950207cc3cb48feec56a8a7898741ab725c368d99d5d7a5a50aab80c6?s=96&d=mm&r=g\",\"contentUrl\":\"https:\\\/\\\/secure.gravatar.com\\\/avatar\\\/7ca3206950207cc3cb48feec56a8a7898741ab725c368d99d5d7a5a50aab80c6?s=96&d=mm&r=g\",\"caption\":\"Thales Brand\u00e3o\"},\"description\":\"Editor Executivo do Portal CidadeMarketing.com.br &gt; Mestre em Comunica\u00e7\u00e3o e Sociedade pela Universidade Federal de Sergipe. Possui MBA Executivo em Administra\u00e7\u00e3o com \u00eanfase em Marketing pela Funda\u00e7\u00e3o Get\u00falio Vargas - Rio de Janeiro. Consultor, Palestrante e Pesquisador sobre Empreendedorismo, Marketing, Redes Sociais e Neg\u00f3cios Digitais. Professor, Palestrante TedxTalks e Campus Party. Twitter: @ThalesBrandao\",\"sameAs\":[\"http:\\\/\\\/www.mandacaru.com.br\",\"https:\\\/\\\/www.facebook.com\\\/thalesbrandao\",\"http:\\\/\\\/www.instagram.com.br\\\/thalesbrandaoferreira\",\"https:\\\/\\\/www.linkedin.com\\\/in\\\/thales-brand\u00e3o-3948609\\\/\",\"https:\\\/\\\/x.com\\\/http:\\\/\\\/www.twitter.com\\\/thalesbrandao\"],\"url\":\"https:\\\/\\\/www.cidademarketing.com.br\\\/marketing\\\/author\\\/thalesbrandao\\\/\"}]}<\/script>\n<!-- \/ Yoast SEO plugin. -->","yoast_head_json":{"title":"Gilberto Gil, Flor Gil e Sol de Maria materializam conceito de campanha de Natal da Natura - CidadeMarketing","robots":{"index":"index","follow":"follow","max-snippet":"max-snippet:-1","max-image-preview":"max-image-preview:large","max-video-preview":"max-video-preview:-1"},"canonical":"https:\/\/www.cidademarketing.com.br\/marketing\/2022\/11\/18\/gilberto-gil-flor-gil-e-sol-de-maria-materializam-conceito-de-campanha-de-natal-da-natura\/","og_locale":"pt_BR","og_type":"article","og_title":"Gilberto Gil, Flor Gil e Sol de Maria materializam conceito de campanha de Natal da Natura - CidadeMarketing","og_description":"O Natal se aproxima e o clima de final de ano j\u00e1 pode ser percebido no ar. Se na inf\u00e2ncia essa \u00e9poca \u00e9 sin\u00f4nimo de magia e encanto, muitas vezes, na vida adulta, ela acaba perdendo parte de sua leveza, com tarefas a serem realizadas e deveres a serem cumpridos. \u00c9 essa rotina que nos [&hellip;]","og_url":"https:\/\/www.cidademarketing.com.br\/marketing\/2022\/11\/18\/gilberto-gil-flor-gil-e-sol-de-maria-materializam-conceito-de-campanha-de-natal-da-natura\/","og_site_name":"CidadeMarketing","article_publisher":"https:\/\/www.facebook.com\/portalcidademarketing","article_author":"https:\/\/www.facebook.com\/thalesbrandao","article_published_time":"2022-11-18T18:38:43+00:00","og_image":[{"width":1620,"height":1080,"url":"https:\/\/www.cidademarketing.com.br\/marketing\/wp-content\/uploads\/2022\/11\/Gilberto-Gil-_-Natal-Natura-2022-_-FOTO-NICOLAS-CALLIGARO-2.jpg","type":"image\/jpeg"}],"author":"Thales Brand\u00e3o","twitter_card":"summary_large_image","twitter_creator":"@http:\/\/www.twitter.com\/thalesbrandao","twitter_site":"@CidadeMarketing","twitter_misc":{"Escrito por":"Thales Brand\u00e3o","Est. tempo de leitura":"4 minutos"},"schema":{"@context":"https:\/\/schema.org","@graph":[{"@type":"Article","@id":"https:\/\/www.cidademarketing.com.br\/marketing\/2022\/11\/18\/gilberto-gil-flor-gil-e-sol-de-maria-materializam-conceito-de-campanha-de-natal-da-natura\/#article","isPartOf":{"@id":"https:\/\/www.cidademarketing.com.br\/marketing\/2022\/11\/18\/gilberto-gil-flor-gil-e-sol-de-maria-materializam-conceito-de-campanha-de-natal-da-natura\/"},"author":{"name":"Thales Brand\u00e3o","@id":"https:\/\/www.cidademarketing.com.br\/marketing\/#\/schema\/person\/02daff9f18bd9378c9e01eb6b2db155f"},"headline":"Gilberto Gil, Flor Gil e Sol de Maria materializam conceito de campanha de Natal da Natura","datePublished":"2022-11-18T18:38:43+00:00","mainEntityOfPage":{"@id":"https:\/\/www.cidademarketing.com.br\/marketing\/2022\/11\/18\/gilberto-gil-flor-gil-e-sol-de-maria-materializam-conceito-de-campanha-de-natal-da-natura\/"},"wordCount":914,"commentCount":0,"publisher":{"@id":"https:\/\/www.cidademarketing.com.br\/marketing\/#organization"},"image":{"@id":"https:\/\/www.cidademarketing.com.br\/marketing\/2022\/11\/18\/gilberto-gil-flor-gil-e-sol-de-maria-materializam-conceito-de-campanha-de-natal-da-natura\/#primaryimage"},"thumbnailUrl":"https:\/\/www.cidademarketing.com.br\/marketing\/wp-content\/uploads\/2022\/11\/Gilberto-Gil-_-Natal-Natura-2022-_-FOTO-NICOLAS-CALLIGARO-2.jpg","keywords":["campanha","estrat\u00e9gia","marketing","m\u00fasica","Natal","Natura"],"articleSection":["Not\u00edcias"],"inLanguage":"pt-BR","potentialAction":[{"@type":"CommentAction","name":"Comment","target":["https:\/\/www.cidademarketing.com.br\/marketing\/2022\/11\/18\/gilberto-gil-flor-gil-e-sol-de-maria-materializam-conceito-de-campanha-de-natal-da-natura\/#respond"]}]},{"@type":"WebPage","@id":"https:\/\/www.cidademarketing.com.br\/marketing\/2022\/11\/18\/gilberto-gil-flor-gil-e-sol-de-maria-materializam-conceito-de-campanha-de-natal-da-natura\/","url":"https:\/\/www.cidademarketing.com.br\/marketing\/2022\/11\/18\/gilberto-gil-flor-gil-e-sol-de-maria-materializam-conceito-de-campanha-de-natal-da-natura\/","name":"Gilberto Gil, Flor Gil e Sol de Maria materializam conceito de campanha de Natal da Natura - CidadeMarketing","isPartOf":{"@id":"https:\/\/www.cidademarketing.com.br\/marketing\/#website"},"primaryImageOfPage":{"@id":"https:\/\/www.cidademarketing.com.br\/marketing\/2022\/11\/18\/gilberto-gil-flor-gil-e-sol-de-maria-materializam-conceito-de-campanha-de-natal-da-natura\/#primaryimage"},"image":{"@id":"https:\/\/www.cidademarketing.com.br\/marketing\/2022\/11\/18\/gilberto-gil-flor-gil-e-sol-de-maria-materializam-conceito-de-campanha-de-natal-da-natura\/#primaryimage"},"thumbnailUrl":"https:\/\/www.cidademarketing.com.br\/marketing\/wp-content\/uploads\/2022\/11\/Gilberto-Gil-_-Natal-Natura-2022-_-FOTO-NICOLAS-CALLIGARO-2.jpg","datePublished":"2022-11-18T18:38:43+00:00","breadcrumb":{"@id":"https:\/\/www.cidademarketing.com.br\/marketing\/2022\/11\/18\/gilberto-gil-flor-gil-e-sol-de-maria-materializam-conceito-de-campanha-de-natal-da-natura\/#breadcrumb"},"inLanguage":"pt-BR","potentialAction":[{"@type":"ReadAction","target":["https:\/\/www.cidademarketing.com.br\/marketing\/2022\/11\/18\/gilberto-gil-flor-gil-e-sol-de-maria-materializam-conceito-de-campanha-de-natal-da-natura\/"]}]},{"@type":"ImageObject","inLanguage":"pt-BR","@id":"https:\/\/www.cidademarketing.com.br\/marketing\/2022\/11\/18\/gilberto-gil-flor-gil-e-sol-de-maria-materializam-conceito-de-campanha-de-natal-da-natura\/#primaryimage","url":"https:\/\/www.cidademarketing.com.br\/marketing\/wp-content\/uploads\/2022\/11\/Gilberto-Gil-_-Natal-Natura-2022-_-FOTO-NICOLAS-CALLIGARO-2.jpg","contentUrl":"https:\/\/www.cidademarketing.com.br\/marketing\/wp-content\/uploads\/2022\/11\/Gilberto-Gil-_-Natal-Natura-2022-_-FOTO-NICOLAS-CALLIGARO-2.jpg","width":1620,"height":1080,"caption":"Gilberto Gil em Natal Natura 2022. Foto: Nicolas Calligaro"},{"@type":"BreadcrumbList","@id":"https:\/\/www.cidademarketing.com.br\/marketing\/2022\/11\/18\/gilberto-gil-flor-gil-e-sol-de-maria-materializam-conceito-de-campanha-de-natal-da-natura\/#breadcrumb","itemListElement":[{"@type":"ListItem","position":1,"name":"In\u00edcio","item":"https:\/\/www.cidademarketing.com.br\/marketing\/"},{"@type":"ListItem","position":2,"name":"Gilberto Gil, Flor Gil e Sol de Maria materializam conceito de campanha de Natal da Natura"}]},{"@type":"WebSite","@id":"https:\/\/www.cidademarketing.com.br\/marketing\/#website","url":"https:\/\/www.cidademarketing.com.br\/marketing\/","name":"CidadeMarketing","description":"Somos um ve\u00edculo de comunica\u00e7\u00e3o de destaque no Brasil, reconhecido por conte\u00fados nos segmentos de marketing, empreendedorismo e inova\u00e7\u00e3o.","publisher":{"@id":"https:\/\/www.cidademarketing.com.br\/marketing\/#organization"},"alternateName":"CidadeMarketing","potentialAction":[{"@type":"SearchAction","target":{"@type":"EntryPoint","urlTemplate":"https:\/\/www.cidademarketing.com.br\/marketing\/?s={search_term_string}"},"query-input":{"@type":"PropertyValueSpecification","valueRequired":true,"valueName":"search_term_string"}}],"inLanguage":"pt-BR"},{"@type":"Organization","@id":"https:\/\/www.cidademarketing.com.br\/marketing\/#organization","name":"CidadeMarketing","alternateName":"CidadeMarketing","url":"https:\/\/www.cidademarketing.com.br\/marketing\/","logo":{"@type":"ImageObject","inLanguage":"pt-BR","@id":"https:\/\/www.cidademarketing.com.br\/marketing\/#\/schema\/logo\/image\/","url":"https:\/\/www.cidademarketing.com.br\/marketing\/wp-content\/uploads\/2020\/01\/cidademarketing_marca_mobile.png","contentUrl":"https:\/\/www.cidademarketing.com.br\/marketing\/wp-content\/uploads\/2020\/01\/cidademarketing_marca_mobile.png","width":230,"height":92,"caption":"CidadeMarketing"},"image":{"@id":"https:\/\/www.cidademarketing.com.br\/marketing\/#\/schema\/logo\/image\/"},"sameAs":["https:\/\/www.facebook.com\/portalcidademarketing","https:\/\/x.com\/CidadeMarketing","https:\/\/www.instagram.com\/cidademarketing\/"]},{"@type":"Person","@id":"https:\/\/www.cidademarketing.com.br\/marketing\/#\/schema\/person\/02daff9f18bd9378c9e01eb6b2db155f","name":"Thales Brand\u00e3o","image":{"@type":"ImageObject","inLanguage":"pt-BR","@id":"https:\/\/secure.gravatar.com\/avatar\/7ca3206950207cc3cb48feec56a8a7898741ab725c368d99d5d7a5a50aab80c6?s=96&d=mm&r=g","url":"https:\/\/secure.gravatar.com\/avatar\/7ca3206950207cc3cb48feec56a8a7898741ab725c368d99d5d7a5a50aab80c6?s=96&d=mm&r=g","contentUrl":"https:\/\/secure.gravatar.com\/avatar\/7ca3206950207cc3cb48feec56a8a7898741ab725c368d99d5d7a5a50aab80c6?s=96&d=mm&r=g","caption":"Thales Brand\u00e3o"},"description":"Editor Executivo do Portal CidadeMarketing.com.br &gt; Mestre em Comunica\u00e7\u00e3o e Sociedade pela Universidade Federal de Sergipe. Possui MBA Executivo em Administra\u00e7\u00e3o com \u00eanfase em Marketing pela Funda\u00e7\u00e3o Get\u00falio Vargas - Rio de Janeiro. Consultor, Palestrante e Pesquisador sobre Empreendedorismo, Marketing, Redes Sociais e Neg\u00f3cios Digitais. Professor, Palestrante TedxTalks e Campus Party. Twitter: @ThalesBrandao","sameAs":["http:\/\/www.mandacaru.com.br","https:\/\/www.facebook.com\/thalesbrandao","http:\/\/www.instagram.com.br\/thalesbrandaoferreira","https:\/\/www.linkedin.com\/in\/thales-brand\u00e3o-3948609\/","https:\/\/x.com\/http:\/\/www.twitter.com\/thalesbrandao"],"url":"https:\/\/www.cidademarketing.com.br\/marketing\/author\/thalesbrandao\/"}]}},"amp_enabled":true,"_links":{"self":[{"href":"https:\/\/www.cidademarketing.com.br\/marketing\/wp-json\/wp\/v2\/posts\/40039","targetHints":{"allow":["GET"]}}],"collection":[{"href":"https:\/\/www.cidademarketing.com.br\/marketing\/wp-json\/wp\/v2\/posts"}],"about":[{"href":"https:\/\/www.cidademarketing.com.br\/marketing\/wp-json\/wp\/v2\/types\/post"}],"author":[{"embeddable":true,"href":"https:\/\/www.cidademarketing.com.br\/marketing\/wp-json\/wp\/v2\/users\/1"}],"replies":[{"embeddable":true,"href":"https:\/\/www.cidademarketing.com.br\/marketing\/wp-json\/wp\/v2\/comments?post=40039"}],"version-history":[{"count":1,"href":"https:\/\/www.cidademarketing.com.br\/marketing\/wp-json\/wp\/v2\/posts\/40039\/revisions"}],"predecessor-version":[{"id":40046,"href":"https:\/\/www.cidademarketing.com.br\/marketing\/wp-json\/wp\/v2\/posts\/40039\/revisions\/40046"}],"wp:featuredmedia":[{"embeddable":true,"href":"https:\/\/www.cidademarketing.com.br\/marketing\/wp-json\/wp\/v2\/media\/40040"}],"wp:attachment":[{"href":"https:\/\/www.cidademarketing.com.br\/marketing\/wp-json\/wp\/v2\/media?parent=40039"}],"wp:term":[{"taxonomy":"category","embeddable":true,"href":"https:\/\/www.cidademarketing.com.br\/marketing\/wp-json\/wp\/v2\/categories?post=40039"},{"taxonomy":"post_tag","embeddable":true,"href":"https:\/\/www.cidademarketing.com.br\/marketing\/wp-json\/wp\/v2\/tags?post=40039"}],"curies":[{"name":"wp","href":"https:\/\/api.w.org\/{rel}","templated":true}]}}