{"id":39996,"date":"2022-11-17T21:51:02","date_gmt":"2022-11-18T00:51:02","guid":{"rendered":"https:\/\/www.cidademarketing.com.br\/marketing\/?p=39996"},"modified":"2022-11-17T21:51:02","modified_gmt":"2022-11-18T00:51:02","slug":"ebc-cria-especial-sobre-o-enem-que-inclui-cobertura-jornalistica-correcao-e-analise-de-questoes","status":"publish","type":"post","link":"https:\/\/www.cidademarketing.com.br\/marketing\/2022\/11\/17\/ebc-cria-especial-sobre-o-enem-que-inclui-cobertura-jornalistica-correcao-e-analise-de-questoes\/","title":{"rendered":"EBC cria especial sobre o ENEM que inclui cobertura jornal\u00edstica, corre\u00e7\u00e3o e an\u00e1lise de quest\u00f5es"},"content":{"rendered":"<p>Pelo oitavo ano seguido, os ve\u00edculos p\u00fablicos da <strong>Empresa Brasil de Comunica\u00e7\u00e3o (EBC)<\/strong> transmitem a corre\u00e7\u00e3o das principais quest\u00f5es do <strong>Exame Nacional do Ensino M\u00e9dio<\/strong> logo ap\u00f3s o t\u00e9rmino das provas. O especial Caiu no Enem repercute os temas cobrados no segundo dia de avalia\u00e7\u00f5es neste domingo (20), ao vivo, \u00e0s 19h30.<\/p>\n<p><iframe title=\"Spotify Embed: Podcast CidadeMarketing\" style=\"border-radius: 12px\" width=\"100%\" height=\"152\" frameborder=\"0\" allowfullscreen allow=\"autoplay; clipboard-write; encrypted-media; fullscreen; picture-in-picture\" loading=\"lazy\" src=\"https:\/\/open.spotify.com\/embed\/show\/4khMKzP3FgFRWVwb73xicc?si=252fe5bff2b34909&#038;utm_source=oembed\"><\/iframe><\/p>\n<p>&nbsp;<\/p>\n<p>Com a presen\u00e7a de professores, o programa traz a resolu\u00e7\u00e3o das perguntas mais dif\u00edceis de matem\u00e1tica. Os convidados tamb\u00e9m explicam os resultados dos pontos exigidos nas provas de ci\u00eancias da natureza, \u00e1rea que contempla disciplinas como f\u00edsica, qu\u00edmica e biologia.<\/p>\n<p>&nbsp;<\/p>\n<p>A iniciativa multiplataforma entra no ar na programa\u00e7\u00e3o da <strong>TV Brasil<\/strong>, nas redes sociais da emissora, na <strong>R\u00e1dio MEC AM<\/strong> e na <strong>R\u00e1dio Nacional AM <\/strong>e<strong> OC<\/strong>. Com uma hora e meia de dura\u00e7\u00e3o, o conte\u00fado tem\u00e1tico ainda fica dispon\u00edvel para o p\u00fablico acompanhar quando e onde quiser no app <strong>TV Brasil Play<\/strong>.<\/p>\n<p>&nbsp;<\/p>\n<p>Os interessados podem participar da produ\u00e7\u00e3o pelas redes sociais com as hashtags #EBCnoEnem ou #CaiunoEnem para enviar d\u00favidas e coment\u00e1rios. O especial ainda \u00e9 disponibilizado pelas afiliadas que integram a <strong>Rede Nacional de Comunica\u00e7\u00e3o P\u00fablica (RNCP)<\/strong>.<\/p>\n<p>&nbsp;<\/p>\n<p>Al\u00e9m dos especialistas no est\u00fadio, o <strong>Caiu no Enem<\/strong> tem entrada ao vivo de rep\u00f3rteres com not\u00edcias e entrevistas. Os educadores comentam, analisam e esclarecem os assuntos importantes abordados em cada prova e detalham os itens mais complexos da avalia\u00e7\u00e3o.<\/p>\n<p>&nbsp;<\/p>\n<p><strong>Cobertura jornal\u00edstica ampla<\/strong><\/p>\n<p>&nbsp;<\/p>\n<p>Os ve\u00edculos da <strong>EBC<\/strong> acompanham os preparativos e trazem diversos conte\u00fados sobre a realiza\u00e7\u00e3o do Enem h\u00e1 semanas. \u00c0s v\u00e9speras e no dia da prova, a <strong>TV Brasil<\/strong>, a <strong>R\u00e1dio MEC<\/strong>, a <strong>R\u00e1dio Nacional<\/strong> apresentam uma s\u00e9rie de informa\u00e7\u00f5es \u00fateis para os candidatos.<\/p>\n<p>&nbsp;<\/p>\n<p>Um dos destaques da cobertura tem\u00e1tica \u00e9 a publica\u00e7\u00e3o de mat\u00e9rias especiais na <strong>Ag\u00eancia Brasil<\/strong> e nas redes sociais da empresa. O p\u00fablico pode ficar informado em tempo real com os fatos mais relevantes associados \u00e0 avalia\u00e7\u00e3o e tamb\u00e9m se atualizar nos boletins e notici\u00e1rios na programa\u00e7\u00e3o das emissoras.<\/p>\n<p>&nbsp;<\/p>\n<p>Aplicado em todo o pa\u00eds nos dias 13 e 20 de novembro, o Enem 2022 segue o mesmo formato dos \u00faltimos anos com provas impressas e digitais formadas por 180 quest\u00f5es objetivas e uma reda\u00e7\u00e3o. A primeira avalia\u00e7\u00e3o reuniu as disciplinas de linguagens, ci\u00eancias humanas e a reda\u00e7\u00e3o. A segunda destaca o aprendizado em matem\u00e1tica e ci\u00eancias da natureza.<\/p>\n<p>&nbsp;<\/p>\n<p><strong>Din\u00e2mica da produ\u00e7\u00e3o<\/strong><\/p>\n<p>&nbsp;<\/p>\n<p>Apresentado pela jornalista Gabriela Mendes, o <strong>Caiu no Enem <\/strong>recebe professores de diferentes \u00e1reas do conhecimento. Esses convidados atendem \u00e0s solicita\u00e7\u00f5es de estudantes entrevistados pelas equipes de reportagem da <strong>EBC<\/strong> e daqueles que fazem questionamentos pelas redes sociais.<\/p>\n<p>&nbsp;<\/p>\n<p>Os especialistas ressaltam os pontos exigidos no exame, indicam as surpresas dos conte\u00fados cobrados e refletem sobre as perguntas consideradas complicadas e pol\u00eamicas. Al\u00e9m da resolu\u00e7\u00e3o dos itens mais pedidos pelo p\u00fablico, os educadores ainda tecem coment\u00e1rios gerais sobre a avalia\u00e7\u00e3o.<\/p>\n<p>&nbsp;<\/p>\n<p>O programa tamb\u00e9m explica o c\u00e1lculo da nota e mostra como os interessados podem utiliz\u00e1-la. Os professores compartilham orienta\u00e7\u00f5es sobre escolha da carreira, concorr\u00eancia para ingresso na faculdade, mercado de trabalho, profiss\u00f5es, habilidades e aptid\u00f5es do futuro. Eles trazem dicas e esclarecem d\u00favidas sobre o sistema de sele\u00e7\u00e3o para acesso ao ensino superior.<\/p>\n<p>&nbsp;<\/p>\n<p>Produ\u00e7\u00e3o original da <strong>EBC<\/strong>, o especial tem flashes direto de v\u00e1rios locais de prova. Ainda revela a opini\u00e3o de alunos e acompanha trechos da coletiva do Instituto Nacional de Estudos e Pesquisas Educacionais An\u00edsio Teixeira (Inep).<\/p>\n<p>&nbsp;<\/p>\n<p><strong>Plataforma Quest\u00f5es Enem<\/strong><\/p>\n<p>&nbsp;<\/p>\n<p>A <strong>EBC <\/strong>oferece um sistema que re\u00fane as provas aplicadas no Enem desde 2009. A plataforma gratuita <strong><a href=\"https:\/\/questoesenem.ebc.com.br\">Quest\u00f5es Enem<\/a><\/strong> permite que os estudantes testem seus conhecimentos de maneira pr\u00e9via e se preparem melhor para o exame.<\/p>\n<p>&nbsp;<\/p>\n<p>O interessado pode escolher diferentes \u00e1reas de conhecimento para aferir o resultado de seus estudos. O banco seleciona quest\u00f5es de maneira aleat\u00f3ria para que o aluno possa resolv\u00ea-las. A p\u00e1gina busca ajudar os candidatos ao facilitar o acesso e familiariz\u00e1-los \u00e0s mais recentes abordagens da avalia\u00e7\u00e3o.<\/p>\n<p>&nbsp;<\/p>\n<p>A plataforma grava quais quest\u00f5es o estudante j\u00e1 respondeu e cria um teste personalizado a cada acesso. As informa\u00e7\u00f5es fornecidas no preenchimento de cadastro de usu\u00e1rio n\u00e3o s\u00e3o repassadas a terceiros pela <strong>EBC<\/strong>, conforme a pol\u00edtica de privacidade.<\/p>\n<p>&nbsp;<\/p>\n<p><strong>Sobre os conte\u00fados das provas<\/strong><\/p>\n<p>&nbsp;<\/p>\n<p>Cerca de 3,4 milh\u00f5es de estudantes est\u00e3o aptos a participar da edi\u00e7\u00e3o 2022 do Enem nos dias 13 e 20 de novembro em todo o pa\u00eds. Na primeira prova, os candidatos fizeram 45 quest\u00f5es de ci\u00eancias humanas e suas tecnologias que englobam conhecimentos de hist\u00f3ria, geografia e sociologia.<\/p>\n<p>&nbsp;<\/p>\n<p>Na mesma data, os estudantes tamb\u00e9m preencheram o exame de linguagens, c\u00f3digos e suas tecnologias, com 40 quest\u00f5es de l\u00edngua portuguesa e cinco de ingl\u00eas ou espanhol. Os participantes ainda elaboraram uma reda\u00e7\u00e3o. Eles tiveram cinco horas e meia para entregar o cart\u00e3o de respostas.<\/p>\n<p>&nbsp;<\/p>\n<p>J\u00e1 no pr\u00f3ximo domingo, dia 20 de novembro, os concorrentes fazem 45 quest\u00f5es de matem\u00e1tica e mais 45 de ci\u00eancias da natureza que compreendem disciplinas como f\u00edsica, qu\u00edmica e biologia. O tempo de dura\u00e7\u00e3o da segunda prova \u00e9 de cinco horas.<\/p>\n<p>&nbsp;<\/p>\n<p><strong>Alerta para o hor\u00e1rio do exame<\/strong><\/p>\n<p>&nbsp;<\/p>\n<p>A aplica\u00e7\u00e3o do Enem segue o hor\u00e1rio de Bras\u00edlia. Os port\u00f5es sempre abrem \u00e0s 12h e fecham \u00e0s 13h. A avalia\u00e7\u00e3o come\u00e7a \u00e0s 13h30. Os estudantes devem ficar atentos para checar a hora exata do exame na localidade onde residem.<\/p>\n<p>&nbsp;<\/p>\n<p><strong>Sobre a Empresa Brasil de Comunica\u00e7\u00e3o<\/strong><\/p>\n<p>&nbsp;<\/p>\n<p>Criada em 2007 para fortalecer o sistema p\u00fablico de comunica\u00e7\u00e3o, a <strong>EBC<\/strong> \u00e9 gestora da <strong>TV Brasil<\/strong>, <strong>Ag\u00eancia Brasil, Radioag\u00eancia Nacional, R\u00e1dio Nacional AM do Rio de Janeiro<\/strong> (1.130 KHz), <strong>R\u00e1dio Nacional AM de Bras\u00edlia<\/strong> (980 KHz), <strong>Nacional FM de Bras\u00edlia<\/strong> (96,1 MHz), <strong>R\u00e1dio MEC AM do Rio de Janeiro<\/strong> (800 KHz), <strong>R\u00e1dio MEC FM do Rio de Janeiro<\/strong> (99,3 MHz), <strong>R\u00e1dio Nacional da Amaz\u00f4nia OC<\/strong> (11.780 KHz e 6.180 KHz), <strong>R\u00e1dio Nacional AM do Alto Solim\u00f5es<\/strong> (670 KHz) e <strong>R\u00e1dio Nacional FM do Alto Solim\u00f5es <\/strong>(96.1 MHz).<\/p>\n<p>&nbsp;<\/p>\n<p><strong>Servi\u00e7o<\/strong><\/p>\n<p>Especial Caiu no Enem \u2013 2\u00aa prova \u2013 domingo, dia 20\/11, ao vivo, \u00e0s 19h30<\/p>\n<p>&nbsp;<\/p>\n<p><strong>Plataforma Quest\u00f5es Enem &#8211; <\/strong><a href=\"https:\/\/questoesenem.ebc.com.br\">https:\/\/questoesenem.ebc.com.br<\/a><\/p>\n<p>&nbsp;<\/p>\n<p><strong>TV Brasil na internet e nas redes sociais<\/strong><\/p>\n<p>Site: <a href=\"https:\/\/tvbrasil.ebc.com.br\/\">https:\/\/tvbrasil.ebc.com.br<\/a><\/p>\n<p>WebTV: <a href=\"https:\/\/tvbrasil.ebc.com.br\/webtv\">https:\/\/tvbrasil.ebc.com.br\/webtv<\/a><\/p>\n<p>TV Brasil Play: <a href=\"https:\/\/tvbrasilplay.com.br\">https:\/\/tvbrasilplay.com.br<\/a><\/p>\n<p>Instagram: <a href=\"https:\/\/www.instagram.com\/tvbrasil\">https:\/\/www.instagram.com\/tvbrasil<\/a><\/p>\n<p>YouTube: <a href=\"https:\/\/www.youtube.com\/tvbrasil\">https:\/\/www.youtube.com\/tvbrasil<\/a><\/p>\n<p>Facebook: <a href=\"https:\/\/www.facebook.com\/tvbrasil\">https:\/\/www.facebook.com\/tvbrasil<\/a><\/p>\n<p>Twitter: <a href=\"https:\/\/twitter.com\/TVBrasil\">https:\/\/twitter.com\/TVBrasil<\/a><\/p>\n<p>TikTok: <a href=\"https:\/\/www.tiktok.com\/@tv.brasil\">https:\/\/www.tiktok.com\/@tvbrasil<\/a><\/p>\n<p>&nbsp;<\/p>\n<p><strong>Saiba como sintonizar a TV Brasil<\/strong><\/p>\n<p><a href=\"https:\/\/tvbrasil.ebc.com.br\/comosintonizar\">https:\/\/tvbrasil.ebc.com.br\/comosintonizar<\/a><\/p>\n<p>&nbsp;<\/p>\n<p><strong>Ag\u00eancia Brasil na internet e nas redes sociais<\/strong><\/p>\n<p>Site: <a href=\"https:\/\/controlespam.ebc.com.br\/mailinspector\/tap\/WarningUrlPage.php?HSCTYPE=0&amp;HSCRULE=1&amp;HSCID=MzE1MTM1MkVCRDYuQTgxQjk=&amp;HSCMLICHECKID0005=3a0f40556eb5fe8e9dac74b0437b517b&amp;URLCHECKHSCMLI09132012warnning=H4sIAAAAAAAAA8soKSkottLXT0xPzUvOTEwqSizOzNFLTUrWS87P1UsqAgCcMUOUIAAAAA==\">https:\/\/agenciabrasil.ebc.com.br<\/a><\/p>\n<p>Instagram: <a href=\"https:\/\/controlespam.ebc.com.br\/mailinspector\/tap\/WarningUrlPage.php?HSCTYPE=0&amp;HSCRULE=1&amp;HSCID=MzE1MTM1MkVCRDYuQTgxQjk=&amp;HSCMLICHECKID0005=3a0f40556eb5fe8e9dac74b0437b517b&amp;URLCHECKHSCMLI09132012warnning=H4sIAAAAAAAAA8soKSkottLXLy8v18vMKy5JTC9KzNVLzs\/VT0xPzUvOTNRLKkoszswBAEtdXvgoAAAA\">https:\/\/www.instagram.com\/agencia.brasil<\/a><\/p>\n<p>Facebook: <a href=\"https:\/\/controlespam.ebc.com.br\/mailinspector\/tap\/WarningUrlPage.php?HSCTYPE=0&amp;HSCRULE=1&amp;HSCID=MzE1MTM1MkVCRDYuQTgxQjk=&amp;HSCMLICHECKID0005=3a0f40556eb5fe8e9dac74b0437b517b&amp;URLCHECKHSCMLI09132012warnning=H4sIAAAAAAAAA8soKSkottLXLy8v10tLTE5Nys\/P1kvOz9VPTE\/NS85MTCpKLM7M0UtNSgYAB4KRECoAAAA=\">https:\/\/www.facebook.com\/agenciabrasil.ebc<\/a><\/p>\n<p>Twitter: <a href=\"https:\/\/controlespam.ebc.com.br\/mailinspector\/tap\/WarningUrlPage.php?HSCTYPE=0&amp;HSCRULE=1&amp;HSCID=MzE1MTM1MkVCRDYuQTgxQjk=&amp;HSCMLICHECKID0005=3a0f40556eb5fe8e9dac74b0437b517b&amp;URLCHECKHSCMLI09132012warnning=H4sIAAAAAAAAA8soKSkottLXLynPLClJLdJLzs\/VT0xPzUvOTEwqSizOzAEAe5e8AiEAAAA=\">https:\/\/twitter.com\/agenciabrasil<\/a><\/p>\n<p>YouTube: <a href=\"https:\/\/controlespam.ebc.com.br\/mailinspector\/tap\/WarningUrlPage.php?HSCTYPE=0&amp;HSCRULE=1&amp;HSCID=MzE1MTM1MkVCRDYuQTgxQjk=&amp;HSCMLICHECKID0005=3a0f40556eb5fe8e9dac74b0437b517b&amp;URLCHECKHSCMLI09132012warnning=H4sIAAAAAAAAA8soKSkottLXLy8v16vMLy0pTUrVS87P1XdMP7wqLzkz0akosTgzxz8tE8jOAQBU3j7vLQAAAA==\">https:\/\/www.youtube.com\/Ag\u00eanciaBrasilOficial<\/a><\/p>\n<p>&nbsp;<\/p>\n<p><strong>R\u00e1dio Nacional na internet e nas redes sociais<\/strong><\/p>\n<p>Site: <a href=\"https:\/\/controlespam.ebc.com.br\/mailinspector\/tap\/WarningUrlPage.php?HSCTYPE=0&amp;HSCRULE=1&amp;HSCID=OTFDOTQ2MkU4MTEuQTVCQTg=&amp;HSCMLICHECKID0005=3a0f40556eb5fe8e9dac74b0437b517b&amp;URLCHECKHSCMLI09132012warnning=H4sIAAAAAAAAA8soKSkottLXL0pMycwv1ktNStZLzs\/VSyoCACWSbL0ZAAAA\">https:\/\/radios.ebc.com.br<\/a><\/p>\n<p>Instagram: <a href=\"https:\/\/controlespam.ebc.com.br\/mailinspector\/tap\/WarningUrlPage.php?HSCTYPE=0&amp;HSCRULE=1&amp;HSCID=QUQ0OEM1MkVDMDQuQUExRUI=&amp;HSCMLICHECKID0005=3a0f40556eb5fe8e9dac74b0437b517b&amp;URLCHECKHSCMLI09132012warnning=H4sIAAAAAAAAA8soKSkottLXLy8v18vMKy5JTC9KzNVLzs\/VL0pMyczPS0wGETlJRQDPSzWOKQAAAA==\">https:\/\/www.instagram.com\/radionacionalbr<\/a><\/p>\n<p>Spotify: <a href=\"https:\/\/controlespam.ebc.com.br\/mailinspector\/tap\/WarningUrlPage.php?HSCTYPE=0&amp;HSCRULE=1&amp;HSCID=QUQ0OEM1MkVDMDQuQUExRUI=&amp;HSCMLICHECKID0005=3a0f40556eb5fe8e9dac74b0437b517b&amp;URLCHECKHSCMLI09132012warnning=H4sIAAAAAAAAA8soKSkottLXzy9IzdMrLsgvyUyr1EvOz9UvLU4t0i8ryDLOtshPzypPM8zLLjPJSywwLskpKi0DAPy3woU3AAAA\">https:\/\/open.spotify.com\/user\/vpj3k8ogjwf1nkv4nap3tlruv<\/a><\/p>\n<p>YouTube: <a href=\"https:\/\/controlespam.ebc.com.br\/mailinspector\/tap\/WarningUrlPage.php?HSCTYPE=0&amp;HSCRULE=1&amp;HSCID=QUQ0OEM1MkVDMDQuQUExRUI=&amp;HSCMLICHECKID0005=3a0f40556eb5fe8e9dac74b0437b517b&amp;URLCHECKHSCMLI09132012warnning=H4sIAAAAAAAAA8soKSmw0tevzC8tKU1K1UvOz9UvSkzJzM9LTAYROUlFAObg85oiAAAA\">http:\/\/youtube.com\/radionacionalbr<\/a><\/p>\n<p>Facebook: <a href=\"https:\/\/controlespam.ebc.com.br\/mailinspector\/tap\/WarningUrlPage.php?HSCTYPE=0&amp;HSCRULE=1&amp;HSCID=QUQ0OEM1MkVDMDQuQUExRUI=&amp;HSCMLICHECKID0005=3a0f40556eb5fe8e9dac74b0437b517b&amp;URLCHECKHSCMLI09132012warnning=H4sIAAAAAAAAA8soKSkottLXLy8v10tLTE5Nys\/P1kvOz9UvSkzJzM9LTAYROUlFANSM3WQoAAAA\">https:\/\/www.facebook.com\/radionacionalbr<\/a><\/p>\n<p>Twitter: <a href=\"https:\/\/controlespam.ebc.com.br\/mailinspector\/tap\/WarningUrlPage.php?HSCTYPE=0&amp;HSCRULE=1&amp;HSCID=QUQ0OEM1MkVDMDQuQUExRUI=&amp;HSCMLICHECKID0005=3a0f40556eb5fe8e9dac74b0437b517b&amp;URLCHECKHSCMLI09132012warnning=H4sIAAAAAAAAA8soKSkottLXLynPLClJLdJLzs\/VL0pMyczPS0wGETlJRQCeehEoIwAAAA==\">https:\/\/twitter.com\/radionacionalbr<\/a><\/p>\n<p>WhatsApp: <a href=\"callto:(61)%2099674-1536\">(61) 99674-1536<\/a><\/p>\n<p>&nbsp;<\/p>\n<p><strong>Saiba como sintonizar a R\u00e1dio Nacional<\/strong><\/p>\n<p>Bras\u00edlia: FM 96,1 MHz e AM 980 Khz<\/p>\n<p>Rio de Janeiro: FM 87,1 MHz e AM 1130 kHz<\/p>\n<p>S\u00e3o Paulo: FM 87,1 MHz<\/p>\n<p>Recife: FM 87,1 MHz<\/p>\n<p>S\u00e3o Lu\u00eds: FM 93,7 MHz<\/p>\n<p>Amazonas: 11.780KHz e 6.180KHz OC<\/p>\n<p>Alto Solim\u00f5es: FM 96,1 MHz<\/p>\n<p>&nbsp;<\/p>\n<p><strong>R\u00e1dio MEC na internet e nas redes sociais<\/strong><\/p>\n<p>Site: <a href=\"https:\/\/controlespam.ebc.com.br\/mailinspector\/tap\/WarningUrlPage.php?HSCTYPE=0&amp;HSCRULE=1&amp;HSCID=OTFDOTQ2MkU4MTEuQTVCQTg=&amp;HSCMLICHECKID0005=3a0f40556eb5fe8e9dac74b0437b517b&amp;URLCHECKHSCMLI09132012warnning=H4sIAAAAAAAAA8soKSkottLXL0pMycwv1ktNStZLzs\/VSyoCACWSbL0ZAAAA\">https:\/\/radios.ebc.com.br<\/a><\/p>\n<p>Instagram: <a href=\"https:\/\/controlespam.ebc.com.br\/mailinspector\/tap\/WarningUrlPage.php?HSCTYPE=0&amp;HSCRULE=1&amp;HSCID=OTFDOTQ2MkU4MTEuQTVCQTg=&amp;HSCMLICHECKID0005=3a0f40556eb5fe8e9dac74b0437b517b&amp;URLCHECKHSCMLI09132012warnning=H4sIAAAAAAAAA8soKSkottLXLy8v18vMKy5JTC9KzNVLzs\/VL0pMyczPTU0GALGGp08iAAAA\">https:\/\/www.instagram.com\/radiomec<\/a><\/p>\n<p>Spotify: <a href=\"https:\/\/controlespam.ebc.com.br\/mailinspector\/tap\/WarningUrlPage.php?HSCTYPE=0&amp;HSCRULE=1&amp;HSCID=OTFDOTQ2MkU4MTEuQTVCQTg=&amp;HSCMLICHECKID0005=3a0f40556eb5fe8e9dac74b0437b517b&amp;URLCHECKHSCMLI09132012warnning=H4sIAAAAAAAAA8soKSkottLXzy9IzdMrLsgvyUyr1EvOz9UvLU4t0i9KTMnMz01NBgD+9p6bJgAAAA==\">https:\/\/open.spotify.com\/user\/radiomec<\/a><\/p>\n<p>YouTube: <a href=\"https:\/\/controlespam.ebc.com.br\/mailinspector\/tap\/WarningUrlPage.php?HSCTYPE=0&amp;HSCRULE=1&amp;HSCID=OTFDOTQ2MkU4MTEuQTVCQTg=&amp;HSCMLICHECKID0005=3a0f40556eb5fe8e9dac74b0437b517b&amp;URLCHECKHSCMLI09132012warnning=H4sIAAAAAAAAA8soKSkottLXLy8v16vMLy0pTUrVS87P1S9KTMnMz01NBgArwiEQIAAAAA==\">https:\/\/www.youtube.com\/radiomec<\/a><\/p>\n<p>Facebook: <a href=\"https:\/\/controlespam.ebc.com.br\/mailinspector\/tap\/WarningUrlPage.php?HSCTYPE=0&amp;HSCRULE=1&amp;HSCID=OTFDOTQ2MkU4MTEuQTVCQTg=&amp;HSCMLICHECKID0005=3a0f40556eb5fe8e9dac74b0437b517b&amp;URLCHECKHSCMLI09132012warnning=H4sIAAAAAAAAA8soKSkottLXLy8v10tLTE5Nys\/P1kvOz9UvSkzJzM9NTQYAwP3ouCEAAAA=\">https:\/\/www.facebook.com\/radiomec<\/a><\/p>\n<p>Twitter: <a href=\"https:\/\/controlespam.ebc.com.br\/mailinspector\/tap\/WarningUrlPage.php?HSCTYPE=0&amp;HSCRULE=1&amp;HSCID=OTFDOTQ2MkU4MTEuQTVCQTg=&amp;HSCMLICHECKID0005=3a0f40556eb5fe8e9dac74b0437b517b&amp;URLCHECKHSCMLI09132012warnning=H4sIAAAAAAAAA8soKSkottLXLynPLClJLdJLzs\/VL0pMyczPTU0GAJ1WR7wcAAAA\">https:\/\/twitter.com\/radiomec<\/a><\/p>\n<p>WhatsApp: <a href=\"callto:(21)%2099710-0537\">(21) 99710-0537<\/a><\/p>\n<p>&nbsp;<\/p>\n<p><strong>Como sintonizar a R\u00e1dio MEC<\/strong><\/p>\n<p>Rio de Janeiro: FM 99,3 MHz e AM 800 kHz<\/p>\n<p>Belo Horizonte: FM 87,1 MHz<\/p>\n<p>Bras\u00edlia: FM 87,1 MHz e AM 800 kHz<\/p>\n<p>Parab\u00f3lica &#8211; Star One C2 &#8211; 3748,00 MHz &#8211; Servi\u00e7o 3<\/p>\n<p>&nbsp;<\/p>\n<p>Celular &#8211; App R\u00e1dios EBC para <a href=\"https:\/\/controlespam.ebc.com.br\/mailinspector\/tap\/WarningUrlPage.php?HSCTYPE=0&amp;HSCRULE=1&amp;HSCID=QUQ0OEM1MkVDMDQuQUExRUI=&amp;HSCMLICHECKID0005=3a0f40556eb5fe8e9dac74b0437b517b&amp;URLCHECKHSCMLI09132012warnning=H4sIAAAAAAAAAw3JMQqAMAwAwN84JrtShD7BD0hsQ1tISWiy+Hu99XqE+Y5oQi801SYMRSd66GIkM8fKQUP8HDX9A\/wUWFSH+kbTji7J4s7XB+lmrYJJAAAA\">Android <\/a>e <a href=\"https:\/\/controlespam.ebc.com.br\/mailinspector\/tap\/WarningUrlPage.php?HSCTYPE=0&amp;HSCRULE=1&amp;HSCID=QUQ0OEM1MkVDMDQuQUExRUI=&amp;HSCMLICHECKID0005=3a0f40556eb5fe8e9dac74b0437b517b&amp;URLCHECKHSCMLI09132012warnning=H4sIAAAAAAAAA8soKSkottLXzywpzUst1kssKMhJ1UvOz9UvLdYHcvSLVJ2NVR0NUzLzi3VTk5L1M1MMjQ0sjUxMjS1N7HNLbC0AxwmvWEEAAAA=\">iOS<\/a><\/p>\n<p><iframe style=\"width: 100%; max-width: 660px; overflow: hidden; background: transparent;\" src=\"https:\/\/embed.podcasts.apple.com\/br\/podcast\/podcast-cidademarketing\/id1371923283\" height=\"450\" frameborder=\"0\" sandbox=\"allow-forms allow-popups allow-same-origin allow-scripts allow-storage-access-by-user-activation allow-top-navigation-by-user-activation\"><\/iframe><\/p>\n","protected":false},"excerpt":{"rendered":"<p>Pelo oitavo ano seguido, os ve\u00edculos p\u00fablicos da Empresa Brasil de Comunica\u00e7\u00e3o (EBC) transmitem a corre\u00e7\u00e3o das principais quest\u00f5es do Exame Nacional do Ensino M\u00e9dio logo ap\u00f3s o t\u00e9rmino das provas. O especial Caiu no Enem repercute os temas cobrados no segundo dia de avalia\u00e7\u00f5es neste domingo (20), ao vivo, \u00e0s 19h30. &nbsp; Com a [&hellip;]<\/p>\n","protected":false},"author":1,"featured_media":39997,"comment_status":"open","ping_status":"open","sticky":false,"template":"","format":"standard","meta":{"tdm_status":"","tdm_grid_status":"","footnotes":""},"categories":[6],"tags":[65,394,100,621,33,28],"class_list":["post-39996","post","type-post","status-publish","format-standard","has-post-thumbnail","hentry","category-noticias","tag-campanha","tag-ebc","tag-educacao","tag-enem","tag-estrategia","tag-marketing"],"yoast_head":"<!-- This site is optimized with the Yoast SEO plugin v27.5 - https:\/\/yoast.com\/product\/yoast-seo-wordpress\/ -->\n<title>EBC cria especial sobre o ENEM que inclui cobertura jornal\u00edstica, corre\u00e7\u00e3o e an\u00e1lise de quest\u00f5es - CidadeMarketing<\/title>\n<meta name=\"robots\" content=\"index, follow, max-snippet:-1, max-image-preview:large, max-video-preview:-1\" \/>\n<link rel=\"canonical\" href=\"https:\/\/www.cidademarketing.com.br\/marketing\/2022\/11\/17\/ebc-cria-especial-sobre-o-enem-que-inclui-cobertura-jornalistica-correcao-e-analise-de-questoes\/\" \/>\n<meta property=\"og:locale\" content=\"pt_BR\" \/>\n<meta property=\"og:type\" content=\"article\" \/>\n<meta property=\"og:title\" content=\"EBC cria especial sobre o ENEM que inclui cobertura jornal\u00edstica, corre\u00e7\u00e3o e an\u00e1lise de quest\u00f5es - CidadeMarketing\" \/>\n<meta property=\"og:description\" content=\"Pelo oitavo ano seguido, os ve\u00edculos p\u00fablicos da Empresa Brasil de Comunica\u00e7\u00e3o (EBC) transmitem a corre\u00e7\u00e3o das principais quest\u00f5es do Exame Nacional do Ensino M\u00e9dio logo ap\u00f3s o t\u00e9rmino das provas. O especial Caiu no Enem repercute os temas cobrados no segundo dia de avalia\u00e7\u00f5es neste domingo (20), ao vivo, \u00e0s 19h30. &nbsp; Com a [&hellip;]\" \/>\n<meta property=\"og:url\" content=\"https:\/\/www.cidademarketing.com.br\/marketing\/2022\/11\/17\/ebc-cria-especial-sobre-o-enem-que-inclui-cobertura-jornalistica-correcao-e-analise-de-questoes\/\" \/>\n<meta property=\"og:site_name\" content=\"CidadeMarketing\" \/>\n<meta property=\"article:publisher\" content=\"https:\/\/www.facebook.com\/portalcidademarketing\" \/>\n<meta property=\"article:author\" content=\"https:\/\/www.facebook.com\/thalesbrandao\" \/>\n<meta property=\"article:published_time\" content=\"2022-11-18T00:51:02+00:00\" \/>\n<meta property=\"og:image\" content=\"https:\/\/www.cidademarketing.com.br\/marketing\/wp-content\/uploads\/2022\/11\/Caiu_no_Enem_01_Credito_Divulgacao_TV_Brasil.jpg\" \/>\n\t<meta property=\"og:image:width\" content=\"1920\" \/>\n\t<meta property=\"og:image:height\" content=\"1080\" \/>\n\t<meta property=\"og:image:type\" content=\"image\/jpeg\" \/>\n<meta name=\"author\" content=\"Thales Brand\u00e3o\" \/>\n<meta name=\"twitter:card\" content=\"summary_large_image\" \/>\n<meta name=\"twitter:creator\" content=\"@http:\/\/www.twitter.com\/thalesbrandao\" \/>\n<meta name=\"twitter:site\" content=\"@CidadeMarketing\" \/>\n<meta name=\"twitter:label1\" content=\"Escrito por\" \/>\n\t<meta name=\"twitter:data1\" content=\"Thales Brand\u00e3o\" \/>\n\t<meta name=\"twitter:label2\" content=\"Est. tempo de leitura\" \/>\n\t<meta name=\"twitter:data2\" content=\"7 minutos\" \/>\n<script type=\"application\/ld+json\" class=\"yoast-schema-graph\">{\"@context\":\"https:\\\/\\\/schema.org\",\"@graph\":[{\"@type\":\"Article\",\"@id\":\"https:\\\/\\\/www.cidademarketing.com.br\\\/marketing\\\/2022\\\/11\\\/17\\\/ebc-cria-especial-sobre-o-enem-que-inclui-cobertura-jornalistica-correcao-e-analise-de-questoes\\\/#article\",\"isPartOf\":{\"@id\":\"https:\\\/\\\/www.cidademarketing.com.br\\\/marketing\\\/2022\\\/11\\\/17\\\/ebc-cria-especial-sobre-o-enem-que-inclui-cobertura-jornalistica-correcao-e-analise-de-questoes\\\/\"},\"author\":{\"name\":\"Thales Brand\u00e3o\",\"@id\":\"https:\\\/\\\/www.cidademarketing.com.br\\\/marketing\\\/#\\\/schema\\\/person\\\/02daff9f18bd9378c9e01eb6b2db155f\"},\"headline\":\"EBC cria especial sobre o ENEM que inclui cobertura jornal\u00edstica, corre\u00e7\u00e3o e an\u00e1lise de quest\u00f5es\",\"datePublished\":\"2022-11-18T00:51:02+00:00\",\"mainEntityOfPage\":{\"@id\":\"https:\\\/\\\/www.cidademarketing.com.br\\\/marketing\\\/2022\\\/11\\\/17\\\/ebc-cria-especial-sobre-o-enem-que-inclui-cobertura-jornalistica-correcao-e-analise-de-questoes\\\/\"},\"wordCount\":1455,\"commentCount\":0,\"publisher\":{\"@id\":\"https:\\\/\\\/www.cidademarketing.com.br\\\/marketing\\\/#organization\"},\"image\":{\"@id\":\"https:\\\/\\\/www.cidademarketing.com.br\\\/marketing\\\/2022\\\/11\\\/17\\\/ebc-cria-especial-sobre-o-enem-que-inclui-cobertura-jornalistica-correcao-e-analise-de-questoes\\\/#primaryimage\"},\"thumbnailUrl\":\"https:\\\/\\\/www.cidademarketing.com.br\\\/marketing\\\/wp-content\\\/uploads\\\/2022\\\/11\\\/Caiu_no_Enem_01_Credito_Divulgacao_TV_Brasil.jpg\",\"keywords\":[\"campanha\",\"EBC\",\"educa\u00e7\u00e3o\",\"Enem\",\"estrat\u00e9gia\",\"marketing\"],\"articleSection\":[\"Not\u00edcias\"],\"inLanguage\":\"pt-BR\",\"potentialAction\":[{\"@type\":\"CommentAction\",\"name\":\"Comment\",\"target\":[\"https:\\\/\\\/www.cidademarketing.com.br\\\/marketing\\\/2022\\\/11\\\/17\\\/ebc-cria-especial-sobre-o-enem-que-inclui-cobertura-jornalistica-correcao-e-analise-de-questoes\\\/#respond\"]}]},{\"@type\":\"WebPage\",\"@id\":\"https:\\\/\\\/www.cidademarketing.com.br\\\/marketing\\\/2022\\\/11\\\/17\\\/ebc-cria-especial-sobre-o-enem-que-inclui-cobertura-jornalistica-correcao-e-analise-de-questoes\\\/\",\"url\":\"https:\\\/\\\/www.cidademarketing.com.br\\\/marketing\\\/2022\\\/11\\\/17\\\/ebc-cria-especial-sobre-o-enem-que-inclui-cobertura-jornalistica-correcao-e-analise-de-questoes\\\/\",\"name\":\"EBC cria especial sobre o ENEM que inclui cobertura jornal\u00edstica, corre\u00e7\u00e3o e an\u00e1lise de quest\u00f5es - CidadeMarketing\",\"isPartOf\":{\"@id\":\"https:\\\/\\\/www.cidademarketing.com.br\\\/marketing\\\/#website\"},\"primaryImageOfPage\":{\"@id\":\"https:\\\/\\\/www.cidademarketing.com.br\\\/marketing\\\/2022\\\/11\\\/17\\\/ebc-cria-especial-sobre-o-enem-que-inclui-cobertura-jornalistica-correcao-e-analise-de-questoes\\\/#primaryimage\"},\"image\":{\"@id\":\"https:\\\/\\\/www.cidademarketing.com.br\\\/marketing\\\/2022\\\/11\\\/17\\\/ebc-cria-especial-sobre-o-enem-que-inclui-cobertura-jornalistica-correcao-e-analise-de-questoes\\\/#primaryimage\"},\"thumbnailUrl\":\"https:\\\/\\\/www.cidademarketing.com.br\\\/marketing\\\/wp-content\\\/uploads\\\/2022\\\/11\\\/Caiu_no_Enem_01_Credito_Divulgacao_TV_Brasil.jpg\",\"datePublished\":\"2022-11-18T00:51:02+00:00\",\"breadcrumb\":{\"@id\":\"https:\\\/\\\/www.cidademarketing.com.br\\\/marketing\\\/2022\\\/11\\\/17\\\/ebc-cria-especial-sobre-o-enem-que-inclui-cobertura-jornalistica-correcao-e-analise-de-questoes\\\/#breadcrumb\"},\"inLanguage\":\"pt-BR\",\"potentialAction\":[{\"@type\":\"ReadAction\",\"target\":[\"https:\\\/\\\/www.cidademarketing.com.br\\\/marketing\\\/2022\\\/11\\\/17\\\/ebc-cria-especial-sobre-o-enem-que-inclui-cobertura-jornalistica-correcao-e-analise-de-questoes\\\/\"]}]},{\"@type\":\"ImageObject\",\"inLanguage\":\"pt-BR\",\"@id\":\"https:\\\/\\\/www.cidademarketing.com.br\\\/marketing\\\/2022\\\/11\\\/17\\\/ebc-cria-especial-sobre-o-enem-que-inclui-cobertura-jornalistica-correcao-e-analise-de-questoes\\\/#primaryimage\",\"url\":\"https:\\\/\\\/www.cidademarketing.com.br\\\/marketing\\\/wp-content\\\/uploads\\\/2022\\\/11\\\/Caiu_no_Enem_01_Credito_Divulgacao_TV_Brasil.jpg\",\"contentUrl\":\"https:\\\/\\\/www.cidademarketing.com.br\\\/marketing\\\/wp-content\\\/uploads\\\/2022\\\/11\\\/Caiu_no_Enem_01_Credito_Divulgacao_TV_Brasil.jpg\",\"width\":1920,\"height\":1080,\"caption\":\"Divulga\u00e7\u00e3o\"},{\"@type\":\"BreadcrumbList\",\"@id\":\"https:\\\/\\\/www.cidademarketing.com.br\\\/marketing\\\/2022\\\/11\\\/17\\\/ebc-cria-especial-sobre-o-enem-que-inclui-cobertura-jornalistica-correcao-e-analise-de-questoes\\\/#breadcrumb\",\"itemListElement\":[{\"@type\":\"ListItem\",\"position\":1,\"name\":\"In\u00edcio\",\"item\":\"https:\\\/\\\/www.cidademarketing.com.br\\\/marketing\\\/\"},{\"@type\":\"ListItem\",\"position\":2,\"name\":\"EBC cria especial sobre o ENEM que inclui cobertura jornal\u00edstica, corre\u00e7\u00e3o e an\u00e1lise de quest\u00f5es\"}]},{\"@type\":\"WebSite\",\"@id\":\"https:\\\/\\\/www.cidademarketing.com.br\\\/marketing\\\/#website\",\"url\":\"https:\\\/\\\/www.cidademarketing.com.br\\\/marketing\\\/\",\"name\":\"CidadeMarketing\",\"description\":\"Somos um ve\u00edculo de comunica\u00e7\u00e3o de destaque no Brasil, reconhecido por conte\u00fados nos segmentos de marketing, empreendedorismo e inova\u00e7\u00e3o.\",\"publisher\":{\"@id\":\"https:\\\/\\\/www.cidademarketing.com.br\\\/marketing\\\/#organization\"},\"alternateName\":\"CidadeMarketing\",\"potentialAction\":[{\"@type\":\"SearchAction\",\"target\":{\"@type\":\"EntryPoint\",\"urlTemplate\":\"https:\\\/\\\/www.cidademarketing.com.br\\\/marketing\\\/?s={search_term_string}\"},\"query-input\":{\"@type\":\"PropertyValueSpecification\",\"valueRequired\":true,\"valueName\":\"search_term_string\"}}],\"inLanguage\":\"pt-BR\"},{\"@type\":\"Organization\",\"@id\":\"https:\\\/\\\/www.cidademarketing.com.br\\\/marketing\\\/#organization\",\"name\":\"CidadeMarketing\",\"alternateName\":\"CidadeMarketing\",\"url\":\"https:\\\/\\\/www.cidademarketing.com.br\\\/marketing\\\/\",\"logo\":{\"@type\":\"ImageObject\",\"inLanguage\":\"pt-BR\",\"@id\":\"https:\\\/\\\/www.cidademarketing.com.br\\\/marketing\\\/#\\\/schema\\\/logo\\\/image\\\/\",\"url\":\"https:\\\/\\\/www.cidademarketing.com.br\\\/marketing\\\/wp-content\\\/uploads\\\/2020\\\/01\\\/cidademarketing_marca_mobile.png\",\"contentUrl\":\"https:\\\/\\\/www.cidademarketing.com.br\\\/marketing\\\/wp-content\\\/uploads\\\/2020\\\/01\\\/cidademarketing_marca_mobile.png\",\"width\":230,\"height\":92,\"caption\":\"CidadeMarketing\"},\"image\":{\"@id\":\"https:\\\/\\\/www.cidademarketing.com.br\\\/marketing\\\/#\\\/schema\\\/logo\\\/image\\\/\"},\"sameAs\":[\"https:\\\/\\\/www.facebook.com\\\/portalcidademarketing\",\"https:\\\/\\\/x.com\\\/CidadeMarketing\",\"https:\\\/\\\/www.instagram.com\\\/cidademarketing\\\/\"]},{\"@type\":\"Person\",\"@id\":\"https:\\\/\\\/www.cidademarketing.com.br\\\/marketing\\\/#\\\/schema\\\/person\\\/02daff9f18bd9378c9e01eb6b2db155f\",\"name\":\"Thales Brand\u00e3o\",\"image\":{\"@type\":\"ImageObject\",\"inLanguage\":\"pt-BR\",\"@id\":\"https:\\\/\\\/secure.gravatar.com\\\/avatar\\\/7ca3206950207cc3cb48feec56a8a7898741ab725c368d99d5d7a5a50aab80c6?s=96&d=mm&r=g\",\"url\":\"https:\\\/\\\/secure.gravatar.com\\\/avatar\\\/7ca3206950207cc3cb48feec56a8a7898741ab725c368d99d5d7a5a50aab80c6?s=96&d=mm&r=g\",\"contentUrl\":\"https:\\\/\\\/secure.gravatar.com\\\/avatar\\\/7ca3206950207cc3cb48feec56a8a7898741ab725c368d99d5d7a5a50aab80c6?s=96&d=mm&r=g\",\"caption\":\"Thales Brand\u00e3o\"},\"description\":\"Editor Executivo do Portal CidadeMarketing.com.br &gt; Mestre em Comunica\u00e7\u00e3o e Sociedade pela Universidade Federal de Sergipe. Possui MBA Executivo em Administra\u00e7\u00e3o com \u00eanfase em Marketing pela Funda\u00e7\u00e3o Get\u00falio Vargas - Rio de Janeiro. Consultor, Palestrante e Pesquisador sobre Empreendedorismo, Marketing, Redes Sociais e Neg\u00f3cios Digitais. Professor, Palestrante TedxTalks e Campus Party. Twitter: @ThalesBrandao\",\"sameAs\":[\"http:\\\/\\\/www.mandacaru.com.br\",\"https:\\\/\\\/www.facebook.com\\\/thalesbrandao\",\"http:\\\/\\\/www.instagram.com.br\\\/thalesbrandaoferreira\",\"https:\\\/\\\/www.linkedin.com\\\/in\\\/thales-brand\u00e3o-3948609\\\/\",\"https:\\\/\\\/x.com\\\/http:\\\/\\\/www.twitter.com\\\/thalesbrandao\"],\"url\":\"https:\\\/\\\/www.cidademarketing.com.br\\\/marketing\\\/author\\\/thalesbrandao\\\/\"}]}<\/script>\n<!-- \/ Yoast SEO plugin. -->","yoast_head_json":{"title":"EBC cria especial sobre o ENEM que inclui cobertura jornal\u00edstica, corre\u00e7\u00e3o e an\u00e1lise de quest\u00f5es - CidadeMarketing","robots":{"index":"index","follow":"follow","max-snippet":"max-snippet:-1","max-image-preview":"max-image-preview:large","max-video-preview":"max-video-preview:-1"},"canonical":"https:\/\/www.cidademarketing.com.br\/marketing\/2022\/11\/17\/ebc-cria-especial-sobre-o-enem-que-inclui-cobertura-jornalistica-correcao-e-analise-de-questoes\/","og_locale":"pt_BR","og_type":"article","og_title":"EBC cria especial sobre o ENEM que inclui cobertura jornal\u00edstica, corre\u00e7\u00e3o e an\u00e1lise de quest\u00f5es - CidadeMarketing","og_description":"Pelo oitavo ano seguido, os ve\u00edculos p\u00fablicos da Empresa Brasil de Comunica\u00e7\u00e3o (EBC) transmitem a corre\u00e7\u00e3o das principais quest\u00f5es do Exame Nacional do Ensino M\u00e9dio logo ap\u00f3s o t\u00e9rmino das provas. O especial Caiu no Enem repercute os temas cobrados no segundo dia de avalia\u00e7\u00f5es neste domingo (20), ao vivo, \u00e0s 19h30. &nbsp; Com a [&hellip;]","og_url":"https:\/\/www.cidademarketing.com.br\/marketing\/2022\/11\/17\/ebc-cria-especial-sobre-o-enem-que-inclui-cobertura-jornalistica-correcao-e-analise-de-questoes\/","og_site_name":"CidadeMarketing","article_publisher":"https:\/\/www.facebook.com\/portalcidademarketing","article_author":"https:\/\/www.facebook.com\/thalesbrandao","article_published_time":"2022-11-18T00:51:02+00:00","og_image":[{"width":1920,"height":1080,"url":"https:\/\/www.cidademarketing.com.br\/marketing\/wp-content\/uploads\/2022\/11\/Caiu_no_Enem_01_Credito_Divulgacao_TV_Brasil.jpg","type":"image\/jpeg"}],"author":"Thales Brand\u00e3o","twitter_card":"summary_large_image","twitter_creator":"@http:\/\/www.twitter.com\/thalesbrandao","twitter_site":"@CidadeMarketing","twitter_misc":{"Escrito por":"Thales Brand\u00e3o","Est. tempo de leitura":"7 minutos"},"schema":{"@context":"https:\/\/schema.org","@graph":[{"@type":"Article","@id":"https:\/\/www.cidademarketing.com.br\/marketing\/2022\/11\/17\/ebc-cria-especial-sobre-o-enem-que-inclui-cobertura-jornalistica-correcao-e-analise-de-questoes\/#article","isPartOf":{"@id":"https:\/\/www.cidademarketing.com.br\/marketing\/2022\/11\/17\/ebc-cria-especial-sobre-o-enem-que-inclui-cobertura-jornalistica-correcao-e-analise-de-questoes\/"},"author":{"name":"Thales Brand\u00e3o","@id":"https:\/\/www.cidademarketing.com.br\/marketing\/#\/schema\/person\/02daff9f18bd9378c9e01eb6b2db155f"},"headline":"EBC cria especial sobre o ENEM que inclui cobertura jornal\u00edstica, corre\u00e7\u00e3o e an\u00e1lise de quest\u00f5es","datePublished":"2022-11-18T00:51:02+00:00","mainEntityOfPage":{"@id":"https:\/\/www.cidademarketing.com.br\/marketing\/2022\/11\/17\/ebc-cria-especial-sobre-o-enem-que-inclui-cobertura-jornalistica-correcao-e-analise-de-questoes\/"},"wordCount":1455,"commentCount":0,"publisher":{"@id":"https:\/\/www.cidademarketing.com.br\/marketing\/#organization"},"image":{"@id":"https:\/\/www.cidademarketing.com.br\/marketing\/2022\/11\/17\/ebc-cria-especial-sobre-o-enem-que-inclui-cobertura-jornalistica-correcao-e-analise-de-questoes\/#primaryimage"},"thumbnailUrl":"https:\/\/www.cidademarketing.com.br\/marketing\/wp-content\/uploads\/2022\/11\/Caiu_no_Enem_01_Credito_Divulgacao_TV_Brasil.jpg","keywords":["campanha","EBC","educa\u00e7\u00e3o","Enem","estrat\u00e9gia","marketing"],"articleSection":["Not\u00edcias"],"inLanguage":"pt-BR","potentialAction":[{"@type":"CommentAction","name":"Comment","target":["https:\/\/www.cidademarketing.com.br\/marketing\/2022\/11\/17\/ebc-cria-especial-sobre-o-enem-que-inclui-cobertura-jornalistica-correcao-e-analise-de-questoes\/#respond"]}]},{"@type":"WebPage","@id":"https:\/\/www.cidademarketing.com.br\/marketing\/2022\/11\/17\/ebc-cria-especial-sobre-o-enem-que-inclui-cobertura-jornalistica-correcao-e-analise-de-questoes\/","url":"https:\/\/www.cidademarketing.com.br\/marketing\/2022\/11\/17\/ebc-cria-especial-sobre-o-enem-que-inclui-cobertura-jornalistica-correcao-e-analise-de-questoes\/","name":"EBC cria especial sobre o ENEM que inclui cobertura jornal\u00edstica, corre\u00e7\u00e3o e an\u00e1lise de quest\u00f5es - CidadeMarketing","isPartOf":{"@id":"https:\/\/www.cidademarketing.com.br\/marketing\/#website"},"primaryImageOfPage":{"@id":"https:\/\/www.cidademarketing.com.br\/marketing\/2022\/11\/17\/ebc-cria-especial-sobre-o-enem-que-inclui-cobertura-jornalistica-correcao-e-analise-de-questoes\/#primaryimage"},"image":{"@id":"https:\/\/www.cidademarketing.com.br\/marketing\/2022\/11\/17\/ebc-cria-especial-sobre-o-enem-que-inclui-cobertura-jornalistica-correcao-e-analise-de-questoes\/#primaryimage"},"thumbnailUrl":"https:\/\/www.cidademarketing.com.br\/marketing\/wp-content\/uploads\/2022\/11\/Caiu_no_Enem_01_Credito_Divulgacao_TV_Brasil.jpg","datePublished":"2022-11-18T00:51:02+00:00","breadcrumb":{"@id":"https:\/\/www.cidademarketing.com.br\/marketing\/2022\/11\/17\/ebc-cria-especial-sobre-o-enem-que-inclui-cobertura-jornalistica-correcao-e-analise-de-questoes\/#breadcrumb"},"inLanguage":"pt-BR","potentialAction":[{"@type":"ReadAction","target":["https:\/\/www.cidademarketing.com.br\/marketing\/2022\/11\/17\/ebc-cria-especial-sobre-o-enem-que-inclui-cobertura-jornalistica-correcao-e-analise-de-questoes\/"]}]},{"@type":"ImageObject","inLanguage":"pt-BR","@id":"https:\/\/www.cidademarketing.com.br\/marketing\/2022\/11\/17\/ebc-cria-especial-sobre-o-enem-que-inclui-cobertura-jornalistica-correcao-e-analise-de-questoes\/#primaryimage","url":"https:\/\/www.cidademarketing.com.br\/marketing\/wp-content\/uploads\/2022\/11\/Caiu_no_Enem_01_Credito_Divulgacao_TV_Brasil.jpg","contentUrl":"https:\/\/www.cidademarketing.com.br\/marketing\/wp-content\/uploads\/2022\/11\/Caiu_no_Enem_01_Credito_Divulgacao_TV_Brasil.jpg","width":1920,"height":1080,"caption":"Divulga\u00e7\u00e3o"},{"@type":"BreadcrumbList","@id":"https:\/\/www.cidademarketing.com.br\/marketing\/2022\/11\/17\/ebc-cria-especial-sobre-o-enem-que-inclui-cobertura-jornalistica-correcao-e-analise-de-questoes\/#breadcrumb","itemListElement":[{"@type":"ListItem","position":1,"name":"In\u00edcio","item":"https:\/\/www.cidademarketing.com.br\/marketing\/"},{"@type":"ListItem","position":2,"name":"EBC cria especial sobre o ENEM que inclui cobertura jornal\u00edstica, corre\u00e7\u00e3o e an\u00e1lise de quest\u00f5es"}]},{"@type":"WebSite","@id":"https:\/\/www.cidademarketing.com.br\/marketing\/#website","url":"https:\/\/www.cidademarketing.com.br\/marketing\/","name":"CidadeMarketing","description":"Somos um ve\u00edculo de comunica\u00e7\u00e3o de destaque no Brasil, reconhecido por conte\u00fados nos segmentos de marketing, empreendedorismo e inova\u00e7\u00e3o.","publisher":{"@id":"https:\/\/www.cidademarketing.com.br\/marketing\/#organization"},"alternateName":"CidadeMarketing","potentialAction":[{"@type":"SearchAction","target":{"@type":"EntryPoint","urlTemplate":"https:\/\/www.cidademarketing.com.br\/marketing\/?s={search_term_string}"},"query-input":{"@type":"PropertyValueSpecification","valueRequired":true,"valueName":"search_term_string"}}],"inLanguage":"pt-BR"},{"@type":"Organization","@id":"https:\/\/www.cidademarketing.com.br\/marketing\/#organization","name":"CidadeMarketing","alternateName":"CidadeMarketing","url":"https:\/\/www.cidademarketing.com.br\/marketing\/","logo":{"@type":"ImageObject","inLanguage":"pt-BR","@id":"https:\/\/www.cidademarketing.com.br\/marketing\/#\/schema\/logo\/image\/","url":"https:\/\/www.cidademarketing.com.br\/marketing\/wp-content\/uploads\/2020\/01\/cidademarketing_marca_mobile.png","contentUrl":"https:\/\/www.cidademarketing.com.br\/marketing\/wp-content\/uploads\/2020\/01\/cidademarketing_marca_mobile.png","width":230,"height":92,"caption":"CidadeMarketing"},"image":{"@id":"https:\/\/www.cidademarketing.com.br\/marketing\/#\/schema\/logo\/image\/"},"sameAs":["https:\/\/www.facebook.com\/portalcidademarketing","https:\/\/x.com\/CidadeMarketing","https:\/\/www.instagram.com\/cidademarketing\/"]},{"@type":"Person","@id":"https:\/\/www.cidademarketing.com.br\/marketing\/#\/schema\/person\/02daff9f18bd9378c9e01eb6b2db155f","name":"Thales Brand\u00e3o","image":{"@type":"ImageObject","inLanguage":"pt-BR","@id":"https:\/\/secure.gravatar.com\/avatar\/7ca3206950207cc3cb48feec56a8a7898741ab725c368d99d5d7a5a50aab80c6?s=96&d=mm&r=g","url":"https:\/\/secure.gravatar.com\/avatar\/7ca3206950207cc3cb48feec56a8a7898741ab725c368d99d5d7a5a50aab80c6?s=96&d=mm&r=g","contentUrl":"https:\/\/secure.gravatar.com\/avatar\/7ca3206950207cc3cb48feec56a8a7898741ab725c368d99d5d7a5a50aab80c6?s=96&d=mm&r=g","caption":"Thales Brand\u00e3o"},"description":"Editor Executivo do Portal CidadeMarketing.com.br &gt; Mestre em Comunica\u00e7\u00e3o e Sociedade pela Universidade Federal de Sergipe. Possui MBA Executivo em Administra\u00e7\u00e3o com \u00eanfase em Marketing pela Funda\u00e7\u00e3o Get\u00falio Vargas - Rio de Janeiro. Consultor, Palestrante e Pesquisador sobre Empreendedorismo, Marketing, Redes Sociais e Neg\u00f3cios Digitais. Professor, Palestrante TedxTalks e Campus Party. Twitter: @ThalesBrandao","sameAs":["http:\/\/www.mandacaru.com.br","https:\/\/www.facebook.com\/thalesbrandao","http:\/\/www.instagram.com.br\/thalesbrandaoferreira","https:\/\/www.linkedin.com\/in\/thales-brand\u00e3o-3948609\/","https:\/\/x.com\/http:\/\/www.twitter.com\/thalesbrandao"],"url":"https:\/\/www.cidademarketing.com.br\/marketing\/author\/thalesbrandao\/"}]}},"amp_enabled":true,"_links":{"self":[{"href":"https:\/\/www.cidademarketing.com.br\/marketing\/wp-json\/wp\/v2\/posts\/39996","targetHints":{"allow":["GET"]}}],"collection":[{"href":"https:\/\/www.cidademarketing.com.br\/marketing\/wp-json\/wp\/v2\/posts"}],"about":[{"href":"https:\/\/www.cidademarketing.com.br\/marketing\/wp-json\/wp\/v2\/types\/post"}],"author":[{"embeddable":true,"href":"https:\/\/www.cidademarketing.com.br\/marketing\/wp-json\/wp\/v2\/users\/1"}],"replies":[{"embeddable":true,"href":"https:\/\/www.cidademarketing.com.br\/marketing\/wp-json\/wp\/v2\/comments?post=39996"}],"version-history":[{"count":1,"href":"https:\/\/www.cidademarketing.com.br\/marketing\/wp-json\/wp\/v2\/posts\/39996\/revisions"}],"predecessor-version":[{"id":39998,"href":"https:\/\/www.cidademarketing.com.br\/marketing\/wp-json\/wp\/v2\/posts\/39996\/revisions\/39998"}],"wp:featuredmedia":[{"embeddable":true,"href":"https:\/\/www.cidademarketing.com.br\/marketing\/wp-json\/wp\/v2\/media\/39997"}],"wp:attachment":[{"href":"https:\/\/www.cidademarketing.com.br\/marketing\/wp-json\/wp\/v2\/media?parent=39996"}],"wp:term":[{"taxonomy":"category","embeddable":true,"href":"https:\/\/www.cidademarketing.com.br\/marketing\/wp-json\/wp\/v2\/categories?post=39996"},{"taxonomy":"post_tag","embeddable":true,"href":"https:\/\/www.cidademarketing.com.br\/marketing\/wp-json\/wp\/v2\/tags?post=39996"}],"curies":[{"name":"wp","href":"https:\/\/api.w.org\/{rel}","templated":true}]}}