{"id":39863,"date":"2022-11-15T20:34:15","date_gmt":"2022-11-15T23:34:15","guid":{"rendered":"https:\/\/www.cidademarketing.com.br\/marketing\/?p=39863"},"modified":"2022-11-15T20:34:50","modified_gmt":"2022-11-15T23:34:50","slug":"nestle-anuncia-novo-centro-de-pesquisa-e-desenvolvimento-pd-para-a-america-latina-no-chile","status":"publish","type":"post","link":"https:\/\/www.cidademarketing.com.br\/marketing\/2022\/11\/15\/nestle-anuncia-novo-centro-de-pesquisa-e-desenvolvimento-pd-para-a-america-latina-no-chile\/","title":{"rendered":"Nestl\u00e9 anuncia novo Centro de Pesquisa e Desenvolvimento (P&#038;D) para a Am\u00e9rica Latina no Chile"},"content":{"rendered":"<p>A Nestl\u00e9 anunciou hoje um novo Centro de Pesquisa e Desenvolvimento (P&amp;D) para a Am\u00e9rica Latina para inova\u00e7\u00f5es destinadas aos consumidores da regi\u00e3o e \u00e0 alavancagem dos recursos globais de ci\u00eancia e tecnologia da empresa. A proximidade com os consumidores, as equipes comerciais e instala\u00e7\u00f5es de produ\u00e7\u00e3o da Nestl\u00e9 na Am\u00e9rica Latina, possibilitar\u00e1 o desenvolvimento de produtos saborosos, nutritivos, acess\u00edveis e sustent\u00e1veis altamente relevantes para os consumidores locais. O centro tamb\u00e9m fortalecer\u00e1 as parcerias da empresa com universidades, startups e empres\u00e1rios em toda a Am\u00e9rica Latina.<\/p>\n<p><iframe title=\"Spotify Embed: Podcast CidadeMarketing\" style=\"border-radius: 12px\" width=\"100%\" height=\"152\" frameborder=\"0\" allowfullscreen allow=\"autoplay; clipboard-write; encrypted-media; fullscreen; picture-in-picture\" loading=\"lazy\" src=\"https:\/\/open.spotify.com\/embed\/show\/4khMKzP3FgFRWVwb73xicc?si=252fe5bff2b34909&#038;utm_source=oembed\"><\/iframe><\/p>\n<p>&nbsp;<\/p>\n<p>A inaugura\u00e7\u00e3o do novo centro em Santiago, Chile, contou com a presen\u00e7a de Gabriel Boric, Presidente do Chile, e de outras autoridades locais e representantes do meio acad\u00eamico e de startups.<\/p>\n<p>Na inaugura\u00e7\u00e3o oficial, Laurent Freixe, CEO da Nestl\u00e9 Zona Am\u00e9ricas, declarou: &#8220;A abertura deste Centro de Pesquisa e Desenvolvimento de n\u00edvel mundial em Santiago \u00e9 um forte sinal do compromisso da Nestl\u00e9 com a Am\u00e9rica Latina ap\u00f3s mais de 100 anos de presen\u00e7a na regi\u00e3o. A Nestl\u00e9 continua a investir e expandir sua presen\u00e7a, agora na \u00e1rea de ci\u00eancia e tecnologia, para trazer solu\u00e7\u00f5es inovadoras em alimentos e bebidas adaptadas ao estilo de vida e \u00e0s necessidades das fam\u00edlias latino-americanas&#8221;. A cria\u00e7\u00e3o do novo centro est\u00e1 conforme com a configura\u00e7\u00e3o geogr\u00e1fica da empresa, que a partir de 2022 incluiu uma nova Zona Am\u00e9rica Latina.<\/p>\n<p>Stefan Palzer, Diretor de Tecnologia da Nestl\u00e9, acrescentou em seu discurso: &#8220;Estamos convencidos do grande potencial da Am\u00e9rica Latina como mercado, mas tamb\u00e9m como fonte de inspira\u00e7\u00e3o em inova\u00e7\u00e3o alimentar. Queremos que nossas inova\u00e7\u00f5es nos aproximem ainda mais dos consumidores desta regi\u00e3o, e, ao mesmo tempo, oferecer o que h\u00e1 de mais moderno em nossa ci\u00eancia e tecnologia e em nossos locais de produ\u00e7\u00e3o local. \u00c9 por isso que decidimos criar um centro de P&amp;D em Santiago, para trabalharmos junto com a organiza\u00e7\u00e3o global de P&amp;D da Nestl\u00e9 e tamb\u00e9m com as principais universidades e startups da regi\u00e3o, e assim impulsionar o crescimento na Am\u00e9rica Latina e al\u00e9m&#8221;.<\/p>\n<p>Cerca de 30 funcion\u00e1rios de P&amp;D trabalhar\u00e3o em v\u00e1rias categorias de produtos, com particular aten\u00e7\u00e3o em \u00e1reas estrat\u00e9gicas, tais como alimentos saborosos \u00e0 base de vegetais, novas solu\u00e7\u00f5es nutricionais acess\u00edveis, produtos l\u00e1cteos nutritivos e sustent\u00e1veis, produtos de chocolate e biscoitos de alta qualidade e grandes inova\u00e7\u00f5es em caf\u00e9. As novas instala\u00e7\u00f5es incluir\u00e3o um espa\u00e7o de co-working, uma cozinha para prototipagem r\u00e1pida e laborat\u00f3rios de ponta. O centro tamb\u00e9m hospedar\u00e1 um novo acelerador regional de P+D da Nestl\u00e9, apoiando os empreendedores internos da empresa na Am\u00e9rica Latina a desenvolverem conceitos de produtos interessantes e test\u00e1-los em no ambiente de varejo em apenas seis meses. O Acelerador de P&amp;D tamb\u00e9m fortalecer\u00e1 a colabora\u00e7\u00e3o com empres\u00e1rios e equipes de estudantes da Am\u00e9rica Latina de forma inovadora e \u00e1gil, proporcionando-lhes acesso \u00e0 experi\u00eancia e \u00e0 infraestrutura de P&amp;D global e local da empresa.<\/p>\n<p>Aline M\u00f3r, Head do novo Centro de P&amp;D, disse: &#8220;Nossa localiza\u00e7\u00e3o em Santiago nos coloca no cora\u00e7\u00e3o de um ecossistema de inova\u00e7\u00e3o vibrante na Am\u00e9rica Latina, e nos permite trabalhar em colabora\u00e7\u00e3o ainda mais estreita com startups, universidades e fornecedores locais&#8221;. Neste local estamos rodeados de instala\u00e7\u00f5es de produ\u00e7\u00e3o de \u00faltima gera\u00e7\u00e3o para todas as categorias de produtos, o que nos permite testar rapidamente novos produtos em nossas linhas&#8221;. Al\u00e9m disso, estamos no mesmo edif\u00edcio da sede da Nestl\u00e9 Chile, o que cria novas sinergias diferentes com nossas equipes locais&#8221;.<\/p>\n<p>Hoje a Nestl\u00e9 considera a inova\u00e7\u00e3o como o foco central de sua presen\u00e7a de longa data na Am\u00e9rica Latina. Exemplos de inova\u00e7\u00f5es recentes na regi\u00e3o incluem o lan\u00e7amento da pr\u00f3xima gera\u00e7\u00e3o de sistemas de caf\u00e9 com c\u00e1psulas compost\u00e1veis em papel para a Nescaf\u00e9 Dolce Gusto NEO no Brasil. O Brasil \u00e9 o primeiro mercado global onde a Nestl\u00e9 produz e comercializa esta inova\u00e7\u00e3o. Atualmente, a empresa tamb\u00e9m pilota um novo conceito de misturas proteicas extremamente saborosas, nutritivas e acess\u00edveis, \u00e0 base de vegetais, sob a marca Malher na Guatemala. No ano passado, cientistas da Nestl\u00e9 anunciaram a descoberta de variedades de caf\u00e9 com baixo teor de carbono, com rendimentos at\u00e9 50% maiores que est\u00e3o sendo cultivados inicialmente pelos agricultores da Am\u00e9rica Central participantes do Nescaf\u00e9 Plan.<\/p>\n<p>Todos os anos, a Nestl\u00e9 investe cerca de 1,7 bilh\u00f5es de francos su\u00ed\u00e7os em sua rede global de P&amp;D que consiste de 24 locais em todo o mundo. Este novo centro de P&amp;D tem como base a presen\u00e7a de longa data da Nestl\u00e9 no Chile, que j\u00e1 inclui uma pequena equipe de P&amp;D para biscoitos em Santiago, Chile. Ao fortalecer seus recursos de inova\u00e7\u00e3o na Am\u00e9rica Latina com um novo alcance de maior abrang\u00eancia, a Nestl\u00e9 poder\u00e1 transformar grandes ideias e tecnologias de ponta em inova\u00e7\u00f5es mais rapidamente, de forma mais \u00e1gil e com grande relev\u00e2ncia local.<\/p>\n<p><iframe style=\"width: 100%; max-width: 660px; overflow: hidden; background: transparent;\" src=\"https:\/\/embed.podcasts.apple.com\/br\/podcast\/podcast-cidademarketing\/id1371923283\" height=\"450\" frameborder=\"0\" sandbox=\"allow-forms allow-popups allow-same-origin allow-scripts allow-storage-access-by-user-activation allow-top-navigation-by-user-activation\"><\/iframe><\/p>\n","protected":false},"excerpt":{"rendered":"<p>A Nestl\u00e9 anunciou hoje um novo Centro de Pesquisa e Desenvolvimento (P&amp;D) para a Am\u00e9rica Latina para inova\u00e7\u00f5es destinadas aos consumidores da regi\u00e3o e \u00e0 alavancagem dos recursos globais de ci\u00eancia e tecnologia da empresa. A proximidade com os consumidores, as equipes comerciais e instala\u00e7\u00f5es de produ\u00e7\u00e3o da Nestl\u00e9 na Am\u00e9rica Latina, possibilitar\u00e1 o desenvolvimento [&hellip;]<\/p>\n","protected":false},"author":1,"featured_media":35173,"comment_status":"open","ping_status":"open","sticky":false,"template":"","format":"standard","meta":{"tdm_status":"","tdm_grid_status":"","footnotes":""},"categories":[6],"tags":[65,5616,33,28,131,5617,141],"class_list":["post-39863","post","type-post","status-publish","format-standard","has-post-thumbnail","hentry","category-noticias","tag-campanha","tag-desenvolvimento","tag-estrategia","tag-marketing","tag-nestle","tag-pd","tag-pesquisa"],"yoast_head":"<!-- This site is optimized with the Yoast SEO plugin v27.5 - https:\/\/yoast.com\/product\/yoast-seo-wordpress\/ -->\n<title>Nestl\u00e9 anuncia novo Centro de Pesquisa e Desenvolvimento (P&amp;D) para a Am\u00e9rica Latina no Chile - CidadeMarketing<\/title>\n<meta name=\"robots\" content=\"index, follow, max-snippet:-1, max-image-preview:large, max-video-preview:-1\" \/>\n<link rel=\"canonical\" href=\"https:\/\/www.cidademarketing.com.br\/marketing\/2022\/11\/15\/nestle-anuncia-novo-centro-de-pesquisa-e-desenvolvimento-pd-para-a-america-latina-no-chile\/\" \/>\n<meta property=\"og:locale\" content=\"pt_BR\" \/>\n<meta property=\"og:type\" content=\"article\" \/>\n<meta property=\"og:title\" content=\"Nestl\u00e9 anuncia novo Centro de Pesquisa e Desenvolvimento (P&amp;D) para a Am\u00e9rica Latina no Chile - CidadeMarketing\" \/>\n<meta property=\"og:description\" content=\"A Nestl\u00e9 anunciou hoje um novo Centro de Pesquisa e Desenvolvimento (P&amp;D) para a Am\u00e9rica Latina para inova\u00e7\u00f5es destinadas aos consumidores da regi\u00e3o e \u00e0 alavancagem dos recursos globais de ci\u00eancia e tecnologia da empresa. A proximidade com os consumidores, as equipes comerciais e instala\u00e7\u00f5es de produ\u00e7\u00e3o da Nestl\u00e9 na Am\u00e9rica Latina, possibilitar\u00e1 o desenvolvimento [&hellip;]\" \/>\n<meta property=\"og:url\" content=\"https:\/\/www.cidademarketing.com.br\/marketing\/2022\/11\/15\/nestle-anuncia-novo-centro-de-pesquisa-e-desenvolvimento-pd-para-a-america-latina-no-chile\/\" \/>\n<meta property=\"og:site_name\" content=\"CidadeMarketing\" \/>\n<meta property=\"article:publisher\" content=\"https:\/\/www.facebook.com\/portalcidademarketing\" \/>\n<meta property=\"article:author\" content=\"https:\/\/www.facebook.com\/thalesbrandao\" \/>\n<meta property=\"article:published_time\" content=\"2022-11-15T23:34:15+00:00\" \/>\n<meta property=\"article:modified_time\" content=\"2022-11-15T23:34:50+00:00\" \/>\n<meta property=\"og:image\" content=\"https:\/\/www.cidademarketing.com.br\/marketing\/wp-content\/uploads\/2022\/03\/nestle_marca.jpg\" \/>\n\t<meta property=\"og:image:width\" content=\"720\" \/>\n\t<meta property=\"og:image:height\" content=\"720\" \/>\n\t<meta property=\"og:image:type\" content=\"image\/jpeg\" \/>\n<meta name=\"author\" content=\"Thales Brand\u00e3o\" \/>\n<meta name=\"twitter:card\" content=\"summary_large_image\" \/>\n<meta name=\"twitter:creator\" content=\"@http:\/\/www.twitter.com\/thalesbrandao\" \/>\n<meta name=\"twitter:site\" content=\"@CidadeMarketing\" \/>\n<meta name=\"twitter:label1\" content=\"Escrito por\" \/>\n\t<meta name=\"twitter:data1\" content=\"Thales Brand\u00e3o\" \/>\n\t<meta name=\"twitter:label2\" content=\"Est. tempo de leitura\" \/>\n\t<meta name=\"twitter:data2\" content=\"5 minutos\" \/>\n<script type=\"application\/ld+json\" class=\"yoast-schema-graph\">{\"@context\":\"https:\\\/\\\/schema.org\",\"@graph\":[{\"@type\":\"Article\",\"@id\":\"https:\\\/\\\/www.cidademarketing.com.br\\\/marketing\\\/2022\\\/11\\\/15\\\/nestle-anuncia-novo-centro-de-pesquisa-e-desenvolvimento-pd-para-a-america-latina-no-chile\\\/#article\",\"isPartOf\":{\"@id\":\"https:\\\/\\\/www.cidademarketing.com.br\\\/marketing\\\/2022\\\/11\\\/15\\\/nestle-anuncia-novo-centro-de-pesquisa-e-desenvolvimento-pd-para-a-america-latina-no-chile\\\/\"},\"author\":{\"name\":\"Thales Brand\u00e3o\",\"@id\":\"https:\\\/\\\/www.cidademarketing.com.br\\\/marketing\\\/#\\\/schema\\\/person\\\/02daff9f18bd9378c9e01eb6b2db155f\"},\"headline\":\"Nestl\u00e9 anuncia novo Centro de Pesquisa e Desenvolvimento (P&#038;D) para a Am\u00e9rica Latina no Chile\",\"datePublished\":\"2022-11-15T23:34:15+00:00\",\"dateModified\":\"2022-11-15T23:34:50+00:00\",\"mainEntityOfPage\":{\"@id\":\"https:\\\/\\\/www.cidademarketing.com.br\\\/marketing\\\/2022\\\/11\\\/15\\\/nestle-anuncia-novo-centro-de-pesquisa-e-desenvolvimento-pd-para-a-america-latina-no-chile\\\/\"},\"wordCount\":920,\"commentCount\":0,\"publisher\":{\"@id\":\"https:\\\/\\\/www.cidademarketing.com.br\\\/marketing\\\/#organization\"},\"image\":{\"@id\":\"https:\\\/\\\/www.cidademarketing.com.br\\\/marketing\\\/2022\\\/11\\\/15\\\/nestle-anuncia-novo-centro-de-pesquisa-e-desenvolvimento-pd-para-a-america-latina-no-chile\\\/#primaryimage\"},\"thumbnailUrl\":\"https:\\\/\\\/www.cidademarketing.com.br\\\/marketing\\\/wp-content\\\/uploads\\\/2022\\\/03\\\/nestle_marca.jpg\",\"keywords\":[\"campanha\",\"desenvolvimento\",\"estrat\u00e9gia\",\"marketing\",\"Nestl\u00e9\",\"P&amp;D\",\"pesquisa\"],\"articleSection\":[\"Not\u00edcias\"],\"inLanguage\":\"pt-BR\",\"potentialAction\":[{\"@type\":\"CommentAction\",\"name\":\"Comment\",\"target\":[\"https:\\\/\\\/www.cidademarketing.com.br\\\/marketing\\\/2022\\\/11\\\/15\\\/nestle-anuncia-novo-centro-de-pesquisa-e-desenvolvimento-pd-para-a-america-latina-no-chile\\\/#respond\"]}]},{\"@type\":\"WebPage\",\"@id\":\"https:\\\/\\\/www.cidademarketing.com.br\\\/marketing\\\/2022\\\/11\\\/15\\\/nestle-anuncia-novo-centro-de-pesquisa-e-desenvolvimento-pd-para-a-america-latina-no-chile\\\/\",\"url\":\"https:\\\/\\\/www.cidademarketing.com.br\\\/marketing\\\/2022\\\/11\\\/15\\\/nestle-anuncia-novo-centro-de-pesquisa-e-desenvolvimento-pd-para-a-america-latina-no-chile\\\/\",\"name\":\"Nestl\u00e9 anuncia novo Centro de Pesquisa e Desenvolvimento (P&D) para a Am\u00e9rica Latina no Chile - CidadeMarketing\",\"isPartOf\":{\"@id\":\"https:\\\/\\\/www.cidademarketing.com.br\\\/marketing\\\/#website\"},\"primaryImageOfPage\":{\"@id\":\"https:\\\/\\\/www.cidademarketing.com.br\\\/marketing\\\/2022\\\/11\\\/15\\\/nestle-anuncia-novo-centro-de-pesquisa-e-desenvolvimento-pd-para-a-america-latina-no-chile\\\/#primaryimage\"},\"image\":{\"@id\":\"https:\\\/\\\/www.cidademarketing.com.br\\\/marketing\\\/2022\\\/11\\\/15\\\/nestle-anuncia-novo-centro-de-pesquisa-e-desenvolvimento-pd-para-a-america-latina-no-chile\\\/#primaryimage\"},\"thumbnailUrl\":\"https:\\\/\\\/www.cidademarketing.com.br\\\/marketing\\\/wp-content\\\/uploads\\\/2022\\\/03\\\/nestle_marca.jpg\",\"datePublished\":\"2022-11-15T23:34:15+00:00\",\"dateModified\":\"2022-11-15T23:34:50+00:00\",\"breadcrumb\":{\"@id\":\"https:\\\/\\\/www.cidademarketing.com.br\\\/marketing\\\/2022\\\/11\\\/15\\\/nestle-anuncia-novo-centro-de-pesquisa-e-desenvolvimento-pd-para-a-america-latina-no-chile\\\/#breadcrumb\"},\"inLanguage\":\"pt-BR\",\"potentialAction\":[{\"@type\":\"ReadAction\",\"target\":[\"https:\\\/\\\/www.cidademarketing.com.br\\\/marketing\\\/2022\\\/11\\\/15\\\/nestle-anuncia-novo-centro-de-pesquisa-e-desenvolvimento-pd-para-a-america-latina-no-chile\\\/\"]}]},{\"@type\":\"ImageObject\",\"inLanguage\":\"pt-BR\",\"@id\":\"https:\\\/\\\/www.cidademarketing.com.br\\\/marketing\\\/2022\\\/11\\\/15\\\/nestle-anuncia-novo-centro-de-pesquisa-e-desenvolvimento-pd-para-a-america-latina-no-chile\\\/#primaryimage\",\"url\":\"https:\\\/\\\/www.cidademarketing.com.br\\\/marketing\\\/wp-content\\\/uploads\\\/2022\\\/03\\\/nestle_marca.jpg\",\"contentUrl\":\"https:\\\/\\\/www.cidademarketing.com.br\\\/marketing\\\/wp-content\\\/uploads\\\/2022\\\/03\\\/nestle_marca.jpg\",\"width\":720,\"height\":720},{\"@type\":\"BreadcrumbList\",\"@id\":\"https:\\\/\\\/www.cidademarketing.com.br\\\/marketing\\\/2022\\\/11\\\/15\\\/nestle-anuncia-novo-centro-de-pesquisa-e-desenvolvimento-pd-para-a-america-latina-no-chile\\\/#breadcrumb\",\"itemListElement\":[{\"@type\":\"ListItem\",\"position\":1,\"name\":\"In\u00edcio\",\"item\":\"https:\\\/\\\/www.cidademarketing.com.br\\\/marketing\\\/\"},{\"@type\":\"ListItem\",\"position\":2,\"name\":\"Nestl\u00e9 anuncia novo Centro de Pesquisa e Desenvolvimento (P&#038;D) para a Am\u00e9rica Latina no Chile\"}]},{\"@type\":\"WebSite\",\"@id\":\"https:\\\/\\\/www.cidademarketing.com.br\\\/marketing\\\/#website\",\"url\":\"https:\\\/\\\/www.cidademarketing.com.br\\\/marketing\\\/\",\"name\":\"CidadeMarketing\",\"description\":\"Somos um ve\u00edculo de comunica\u00e7\u00e3o de destaque no Brasil, reconhecido por conte\u00fados nos segmentos de marketing, empreendedorismo e inova\u00e7\u00e3o.\",\"publisher\":{\"@id\":\"https:\\\/\\\/www.cidademarketing.com.br\\\/marketing\\\/#organization\"},\"alternateName\":\"CidadeMarketing\",\"potentialAction\":[{\"@type\":\"SearchAction\",\"target\":{\"@type\":\"EntryPoint\",\"urlTemplate\":\"https:\\\/\\\/www.cidademarketing.com.br\\\/marketing\\\/?s={search_term_string}\"},\"query-input\":{\"@type\":\"PropertyValueSpecification\",\"valueRequired\":true,\"valueName\":\"search_term_string\"}}],\"inLanguage\":\"pt-BR\"},{\"@type\":\"Organization\",\"@id\":\"https:\\\/\\\/www.cidademarketing.com.br\\\/marketing\\\/#organization\",\"name\":\"CidadeMarketing\",\"alternateName\":\"CidadeMarketing\",\"url\":\"https:\\\/\\\/www.cidademarketing.com.br\\\/marketing\\\/\",\"logo\":{\"@type\":\"ImageObject\",\"inLanguage\":\"pt-BR\",\"@id\":\"https:\\\/\\\/www.cidademarketing.com.br\\\/marketing\\\/#\\\/schema\\\/logo\\\/image\\\/\",\"url\":\"https:\\\/\\\/www.cidademarketing.com.br\\\/marketing\\\/wp-content\\\/uploads\\\/2020\\\/01\\\/cidademarketing_marca_mobile.png\",\"contentUrl\":\"https:\\\/\\\/www.cidademarketing.com.br\\\/marketing\\\/wp-content\\\/uploads\\\/2020\\\/01\\\/cidademarketing_marca_mobile.png\",\"width\":230,\"height\":92,\"caption\":\"CidadeMarketing\"},\"image\":{\"@id\":\"https:\\\/\\\/www.cidademarketing.com.br\\\/marketing\\\/#\\\/schema\\\/logo\\\/image\\\/\"},\"sameAs\":[\"https:\\\/\\\/www.facebook.com\\\/portalcidademarketing\",\"https:\\\/\\\/x.com\\\/CidadeMarketing\",\"https:\\\/\\\/www.instagram.com\\\/cidademarketing\\\/\"]},{\"@type\":\"Person\",\"@id\":\"https:\\\/\\\/www.cidademarketing.com.br\\\/marketing\\\/#\\\/schema\\\/person\\\/02daff9f18bd9378c9e01eb6b2db155f\",\"name\":\"Thales Brand\u00e3o\",\"image\":{\"@type\":\"ImageObject\",\"inLanguage\":\"pt-BR\",\"@id\":\"https:\\\/\\\/secure.gravatar.com\\\/avatar\\\/7ca3206950207cc3cb48feec56a8a7898741ab725c368d99d5d7a5a50aab80c6?s=96&d=mm&r=g\",\"url\":\"https:\\\/\\\/secure.gravatar.com\\\/avatar\\\/7ca3206950207cc3cb48feec56a8a7898741ab725c368d99d5d7a5a50aab80c6?s=96&d=mm&r=g\",\"contentUrl\":\"https:\\\/\\\/secure.gravatar.com\\\/avatar\\\/7ca3206950207cc3cb48feec56a8a7898741ab725c368d99d5d7a5a50aab80c6?s=96&d=mm&r=g\",\"caption\":\"Thales Brand\u00e3o\"},\"description\":\"Editor Executivo do Portal CidadeMarketing.com.br &gt; Mestre em Comunica\u00e7\u00e3o e Sociedade pela Universidade Federal de Sergipe. Possui MBA Executivo em Administra\u00e7\u00e3o com \u00eanfase em Marketing pela Funda\u00e7\u00e3o Get\u00falio Vargas - Rio de Janeiro. Consultor, Palestrante e Pesquisador sobre Empreendedorismo, Marketing, Redes Sociais e Neg\u00f3cios Digitais. Professor, Palestrante TedxTalks e Campus Party. Twitter: @ThalesBrandao\",\"sameAs\":[\"http:\\\/\\\/www.mandacaru.com.br\",\"https:\\\/\\\/www.facebook.com\\\/thalesbrandao\",\"http:\\\/\\\/www.instagram.com.br\\\/thalesbrandaoferreira\",\"https:\\\/\\\/www.linkedin.com\\\/in\\\/thales-brand\u00e3o-3948609\\\/\",\"https:\\\/\\\/x.com\\\/http:\\\/\\\/www.twitter.com\\\/thalesbrandao\"],\"url\":\"https:\\\/\\\/www.cidademarketing.com.br\\\/marketing\\\/author\\\/thalesbrandao\\\/\"}]}<\/script>\n<!-- \/ Yoast SEO plugin. -->","yoast_head_json":{"title":"Nestl\u00e9 anuncia novo Centro de Pesquisa e Desenvolvimento (P&D) para a Am\u00e9rica Latina no Chile - CidadeMarketing","robots":{"index":"index","follow":"follow","max-snippet":"max-snippet:-1","max-image-preview":"max-image-preview:large","max-video-preview":"max-video-preview:-1"},"canonical":"https:\/\/www.cidademarketing.com.br\/marketing\/2022\/11\/15\/nestle-anuncia-novo-centro-de-pesquisa-e-desenvolvimento-pd-para-a-america-latina-no-chile\/","og_locale":"pt_BR","og_type":"article","og_title":"Nestl\u00e9 anuncia novo Centro de Pesquisa e Desenvolvimento (P&D) para a Am\u00e9rica Latina no Chile - CidadeMarketing","og_description":"A Nestl\u00e9 anunciou hoje um novo Centro de Pesquisa e Desenvolvimento (P&amp;D) para a Am\u00e9rica Latina para inova\u00e7\u00f5es destinadas aos consumidores da regi\u00e3o e \u00e0 alavancagem dos recursos globais de ci\u00eancia e tecnologia da empresa. A proximidade com os consumidores, as equipes comerciais e instala\u00e7\u00f5es de produ\u00e7\u00e3o da Nestl\u00e9 na Am\u00e9rica Latina, possibilitar\u00e1 o desenvolvimento [&hellip;]","og_url":"https:\/\/www.cidademarketing.com.br\/marketing\/2022\/11\/15\/nestle-anuncia-novo-centro-de-pesquisa-e-desenvolvimento-pd-para-a-america-latina-no-chile\/","og_site_name":"CidadeMarketing","article_publisher":"https:\/\/www.facebook.com\/portalcidademarketing","article_author":"https:\/\/www.facebook.com\/thalesbrandao","article_published_time":"2022-11-15T23:34:15+00:00","article_modified_time":"2022-11-15T23:34:50+00:00","og_image":[{"width":720,"height":720,"url":"https:\/\/www.cidademarketing.com.br\/marketing\/wp-content\/uploads\/2022\/03\/nestle_marca.jpg","type":"image\/jpeg"}],"author":"Thales Brand\u00e3o","twitter_card":"summary_large_image","twitter_creator":"@http:\/\/www.twitter.com\/thalesbrandao","twitter_site":"@CidadeMarketing","twitter_misc":{"Escrito por":"Thales Brand\u00e3o","Est. tempo de leitura":"5 minutos"},"schema":{"@context":"https:\/\/schema.org","@graph":[{"@type":"Article","@id":"https:\/\/www.cidademarketing.com.br\/marketing\/2022\/11\/15\/nestle-anuncia-novo-centro-de-pesquisa-e-desenvolvimento-pd-para-a-america-latina-no-chile\/#article","isPartOf":{"@id":"https:\/\/www.cidademarketing.com.br\/marketing\/2022\/11\/15\/nestle-anuncia-novo-centro-de-pesquisa-e-desenvolvimento-pd-para-a-america-latina-no-chile\/"},"author":{"name":"Thales Brand\u00e3o","@id":"https:\/\/www.cidademarketing.com.br\/marketing\/#\/schema\/person\/02daff9f18bd9378c9e01eb6b2db155f"},"headline":"Nestl\u00e9 anuncia novo Centro de Pesquisa e Desenvolvimento (P&#038;D) para a Am\u00e9rica Latina no Chile","datePublished":"2022-11-15T23:34:15+00:00","dateModified":"2022-11-15T23:34:50+00:00","mainEntityOfPage":{"@id":"https:\/\/www.cidademarketing.com.br\/marketing\/2022\/11\/15\/nestle-anuncia-novo-centro-de-pesquisa-e-desenvolvimento-pd-para-a-america-latina-no-chile\/"},"wordCount":920,"commentCount":0,"publisher":{"@id":"https:\/\/www.cidademarketing.com.br\/marketing\/#organization"},"image":{"@id":"https:\/\/www.cidademarketing.com.br\/marketing\/2022\/11\/15\/nestle-anuncia-novo-centro-de-pesquisa-e-desenvolvimento-pd-para-a-america-latina-no-chile\/#primaryimage"},"thumbnailUrl":"https:\/\/www.cidademarketing.com.br\/marketing\/wp-content\/uploads\/2022\/03\/nestle_marca.jpg","keywords":["campanha","desenvolvimento","estrat\u00e9gia","marketing","Nestl\u00e9","P&amp;D","pesquisa"],"articleSection":["Not\u00edcias"],"inLanguage":"pt-BR","potentialAction":[{"@type":"CommentAction","name":"Comment","target":["https:\/\/www.cidademarketing.com.br\/marketing\/2022\/11\/15\/nestle-anuncia-novo-centro-de-pesquisa-e-desenvolvimento-pd-para-a-america-latina-no-chile\/#respond"]}]},{"@type":"WebPage","@id":"https:\/\/www.cidademarketing.com.br\/marketing\/2022\/11\/15\/nestle-anuncia-novo-centro-de-pesquisa-e-desenvolvimento-pd-para-a-america-latina-no-chile\/","url":"https:\/\/www.cidademarketing.com.br\/marketing\/2022\/11\/15\/nestle-anuncia-novo-centro-de-pesquisa-e-desenvolvimento-pd-para-a-america-latina-no-chile\/","name":"Nestl\u00e9 anuncia novo Centro de Pesquisa e Desenvolvimento (P&D) para a Am\u00e9rica Latina no Chile - CidadeMarketing","isPartOf":{"@id":"https:\/\/www.cidademarketing.com.br\/marketing\/#website"},"primaryImageOfPage":{"@id":"https:\/\/www.cidademarketing.com.br\/marketing\/2022\/11\/15\/nestle-anuncia-novo-centro-de-pesquisa-e-desenvolvimento-pd-para-a-america-latina-no-chile\/#primaryimage"},"image":{"@id":"https:\/\/www.cidademarketing.com.br\/marketing\/2022\/11\/15\/nestle-anuncia-novo-centro-de-pesquisa-e-desenvolvimento-pd-para-a-america-latina-no-chile\/#primaryimage"},"thumbnailUrl":"https:\/\/www.cidademarketing.com.br\/marketing\/wp-content\/uploads\/2022\/03\/nestle_marca.jpg","datePublished":"2022-11-15T23:34:15+00:00","dateModified":"2022-11-15T23:34:50+00:00","breadcrumb":{"@id":"https:\/\/www.cidademarketing.com.br\/marketing\/2022\/11\/15\/nestle-anuncia-novo-centro-de-pesquisa-e-desenvolvimento-pd-para-a-america-latina-no-chile\/#breadcrumb"},"inLanguage":"pt-BR","potentialAction":[{"@type":"ReadAction","target":["https:\/\/www.cidademarketing.com.br\/marketing\/2022\/11\/15\/nestle-anuncia-novo-centro-de-pesquisa-e-desenvolvimento-pd-para-a-america-latina-no-chile\/"]}]},{"@type":"ImageObject","inLanguage":"pt-BR","@id":"https:\/\/www.cidademarketing.com.br\/marketing\/2022\/11\/15\/nestle-anuncia-novo-centro-de-pesquisa-e-desenvolvimento-pd-para-a-america-latina-no-chile\/#primaryimage","url":"https:\/\/www.cidademarketing.com.br\/marketing\/wp-content\/uploads\/2022\/03\/nestle_marca.jpg","contentUrl":"https:\/\/www.cidademarketing.com.br\/marketing\/wp-content\/uploads\/2022\/03\/nestle_marca.jpg","width":720,"height":720},{"@type":"BreadcrumbList","@id":"https:\/\/www.cidademarketing.com.br\/marketing\/2022\/11\/15\/nestle-anuncia-novo-centro-de-pesquisa-e-desenvolvimento-pd-para-a-america-latina-no-chile\/#breadcrumb","itemListElement":[{"@type":"ListItem","position":1,"name":"In\u00edcio","item":"https:\/\/www.cidademarketing.com.br\/marketing\/"},{"@type":"ListItem","position":2,"name":"Nestl\u00e9 anuncia novo Centro de Pesquisa e Desenvolvimento (P&#038;D) para a Am\u00e9rica Latina no Chile"}]},{"@type":"WebSite","@id":"https:\/\/www.cidademarketing.com.br\/marketing\/#website","url":"https:\/\/www.cidademarketing.com.br\/marketing\/","name":"CidadeMarketing","description":"Somos um ve\u00edculo de comunica\u00e7\u00e3o de destaque no Brasil, reconhecido por conte\u00fados nos segmentos de marketing, empreendedorismo e inova\u00e7\u00e3o.","publisher":{"@id":"https:\/\/www.cidademarketing.com.br\/marketing\/#organization"},"alternateName":"CidadeMarketing","potentialAction":[{"@type":"SearchAction","target":{"@type":"EntryPoint","urlTemplate":"https:\/\/www.cidademarketing.com.br\/marketing\/?s={search_term_string}"},"query-input":{"@type":"PropertyValueSpecification","valueRequired":true,"valueName":"search_term_string"}}],"inLanguage":"pt-BR"},{"@type":"Organization","@id":"https:\/\/www.cidademarketing.com.br\/marketing\/#organization","name":"CidadeMarketing","alternateName":"CidadeMarketing","url":"https:\/\/www.cidademarketing.com.br\/marketing\/","logo":{"@type":"ImageObject","inLanguage":"pt-BR","@id":"https:\/\/www.cidademarketing.com.br\/marketing\/#\/schema\/logo\/image\/","url":"https:\/\/www.cidademarketing.com.br\/marketing\/wp-content\/uploads\/2020\/01\/cidademarketing_marca_mobile.png","contentUrl":"https:\/\/www.cidademarketing.com.br\/marketing\/wp-content\/uploads\/2020\/01\/cidademarketing_marca_mobile.png","width":230,"height":92,"caption":"CidadeMarketing"},"image":{"@id":"https:\/\/www.cidademarketing.com.br\/marketing\/#\/schema\/logo\/image\/"},"sameAs":["https:\/\/www.facebook.com\/portalcidademarketing","https:\/\/x.com\/CidadeMarketing","https:\/\/www.instagram.com\/cidademarketing\/"]},{"@type":"Person","@id":"https:\/\/www.cidademarketing.com.br\/marketing\/#\/schema\/person\/02daff9f18bd9378c9e01eb6b2db155f","name":"Thales Brand\u00e3o","image":{"@type":"ImageObject","inLanguage":"pt-BR","@id":"https:\/\/secure.gravatar.com\/avatar\/7ca3206950207cc3cb48feec56a8a7898741ab725c368d99d5d7a5a50aab80c6?s=96&d=mm&r=g","url":"https:\/\/secure.gravatar.com\/avatar\/7ca3206950207cc3cb48feec56a8a7898741ab725c368d99d5d7a5a50aab80c6?s=96&d=mm&r=g","contentUrl":"https:\/\/secure.gravatar.com\/avatar\/7ca3206950207cc3cb48feec56a8a7898741ab725c368d99d5d7a5a50aab80c6?s=96&d=mm&r=g","caption":"Thales Brand\u00e3o"},"description":"Editor Executivo do Portal CidadeMarketing.com.br &gt; Mestre em Comunica\u00e7\u00e3o e Sociedade pela Universidade Federal de Sergipe. Possui MBA Executivo em Administra\u00e7\u00e3o com \u00eanfase em Marketing pela Funda\u00e7\u00e3o Get\u00falio Vargas - Rio de Janeiro. Consultor, Palestrante e Pesquisador sobre Empreendedorismo, Marketing, Redes Sociais e Neg\u00f3cios Digitais. Professor, Palestrante TedxTalks e Campus Party. Twitter: @ThalesBrandao","sameAs":["http:\/\/www.mandacaru.com.br","https:\/\/www.facebook.com\/thalesbrandao","http:\/\/www.instagram.com.br\/thalesbrandaoferreira","https:\/\/www.linkedin.com\/in\/thales-brand\u00e3o-3948609\/","https:\/\/x.com\/http:\/\/www.twitter.com\/thalesbrandao"],"url":"https:\/\/www.cidademarketing.com.br\/marketing\/author\/thalesbrandao\/"}]}},"amp_enabled":true,"_links":{"self":[{"href":"https:\/\/www.cidademarketing.com.br\/marketing\/wp-json\/wp\/v2\/posts\/39863","targetHints":{"allow":["GET"]}}],"collection":[{"href":"https:\/\/www.cidademarketing.com.br\/marketing\/wp-json\/wp\/v2\/posts"}],"about":[{"href":"https:\/\/www.cidademarketing.com.br\/marketing\/wp-json\/wp\/v2\/types\/post"}],"author":[{"embeddable":true,"href":"https:\/\/www.cidademarketing.com.br\/marketing\/wp-json\/wp\/v2\/users\/1"}],"replies":[{"embeddable":true,"href":"https:\/\/www.cidademarketing.com.br\/marketing\/wp-json\/wp\/v2\/comments?post=39863"}],"version-history":[{"count":1,"href":"https:\/\/www.cidademarketing.com.br\/marketing\/wp-json\/wp\/v2\/posts\/39863\/revisions"}],"predecessor-version":[{"id":39864,"href":"https:\/\/www.cidademarketing.com.br\/marketing\/wp-json\/wp\/v2\/posts\/39863\/revisions\/39864"}],"wp:featuredmedia":[{"embeddable":true,"href":"https:\/\/www.cidademarketing.com.br\/marketing\/wp-json\/wp\/v2\/media\/35173"}],"wp:attachment":[{"href":"https:\/\/www.cidademarketing.com.br\/marketing\/wp-json\/wp\/v2\/media?parent=39863"}],"wp:term":[{"taxonomy":"category","embeddable":true,"href":"https:\/\/www.cidademarketing.com.br\/marketing\/wp-json\/wp\/v2\/categories?post=39863"},{"taxonomy":"post_tag","embeddable":true,"href":"https:\/\/www.cidademarketing.com.br\/marketing\/wp-json\/wp\/v2\/tags?post=39863"}],"curies":[{"name":"wp","href":"https:\/\/api.w.org\/{rel}","templated":true}]}}