{"id":39601,"date":"2022-11-10T08:55:24","date_gmt":"2022-11-10T11:55:24","guid":{"rendered":"https:\/\/www.cidademarketing.com.br\/marketing\/?p=39601"},"modified":"2022-11-10T08:55:24","modified_gmt":"2022-11-10T11:55:24","slug":"pritt-investe-em-marketing-social-com-para-projeto-social-voltado-a-educacao-infantil-na-amazonia-legal","status":"publish","type":"post","link":"https:\/\/www.cidademarketing.com.br\/marketing\/2022\/11\/10\/pritt-investe-em-marketing-social-com-para-projeto-social-voltado-a-educacao-infantil-na-amazonia-legal\/","title":{"rendered":"Pritt investe em marketing social com para projeto social voltado \u00e0 educa\u00e7\u00e3o infantil na Amaz\u00f4nia Legal"},"content":{"rendered":"<p><iframe title=\"Spotify Embed: Podcast CidadeMarketing\" style=\"border-radius: 12px\" width=\"100%\" height=\"152\" frameborder=\"0\" allowfullscreen allow=\"autoplay; clipboard-write; encrypted-media; fullscreen; picture-in-picture\" loading=\"lazy\" src=\"https:\/\/open.spotify.com\/embed\/show\/4khMKzP3FgFRWVwb73xicc?si=252fe5bff2b34909&#038;utm_source=oembed\"><\/iframe><\/p>\n<p>Apoiadora da educa\u00e7\u00e3o e desenvolvimento de habilidades motoras, criativas e cognitivas das crian\u00e7as, a Pritt, por meio da Funda\u00e7\u00e3o Fritz Henkel, destinou cerca de R$ 60 mil \u00e0 Associa\u00e7\u00e3o Vaga Lume. O investimento tem o prop\u00f3sito de apoiar as a\u00e7\u00f5es da organiza\u00e7\u00e3o que hoje atua em 22 munic\u00edpios da Amaz\u00f4nia Legal, estimulando a leitura em crian\u00e7as e jovens de comunidades rurais, e que est\u00e1 \u00e0 frente da gest\u00e3o de 86 bibliotecas comunit\u00e1rias.<\/p>\n<p>A campanha integra a plataforma global da Henkel &#8220;We Craft For Children\u201d, no Brasil N\u00f3s Criamos Pelas Crian\u00e7as, e est\u00e1 alinhada com a tem\u00e1tica de Pritt do \u201cVolta \u00e0s Aulas: Aventura no Mar&#8221;.<\/p>\n<p>O apoio no desenvolvimento de atividades educacionais na regi\u00e3o amaz\u00f4nica impacta diretamente em mais de 2 mil crian\u00e7as, que t\u00eam o ecossistema marinho como sua fonte de vida e inspira\u00e7\u00e3o.<\/p>\n<p>As atividades da Vaga Lume, que agora contam com a parceria da Pritt no Brasil, promovem o acesso \u00e0 leitura para o p\u00fablico infantil em todos os estados da Amaz\u00f4nia Legal, al\u00e9m de promover o interc\u00e2mbio cultural entre crian\u00e7as de comunidades amaz\u00f4nicas e de escolas e organiza\u00e7\u00f5es sociais de S\u00e3o Paulo.<\/p>\n<p>A a\u00e7\u00e3o social apresenta dois pilares de est\u00edmulos educacionais. Um deles envolve o fomento ao projeto na Amaz\u00f4nia Legal, que engloba 59% do territ\u00f3rio nacional e abrange os estados da regi\u00e3o Norte, al\u00e9m de parte do Mato Grosso e Maranh\u00e3o.<\/p>\n<p>A outra parte da campanha teve como objetivo apoiar oficinas para alguns participantes do Programa Rede em S\u00e3o Paulo, criado pela Vaga Lume para possibilitar um interc\u00e2mbio cultural entre os adolescentes da Amaz\u00f4nia e de S\u00e3o Paulo.<\/p>\n<p>A Pritt desenvolveu materiais educativos para os participantes utilizarem no programa de trocas culturais com os colegas das comunidades amaz\u00f4nicas. Ao longo de um ano, as turmas se conhecem por meio de trabalhos trocados.<\/p>\n<p>\u201cA campanha deste ano mergulha no universo marinho para trazer de forma l\u00fadica a import\u00e2ncia da preserva\u00e7\u00e3o dos mares, rios, biomas e toda cadeia ambiental. E essa mensagem bate muito mais forte nas crian\u00e7as da Amaz\u00f4nia Legal. A \u2018Aventura no Mar\u2019 tem uma tem\u00e1tica divertida com personagens como a tartaruga do mar, o polvo, o submarino e o caranguejo, conhecidos na vida dessas crian\u00e7as, e \u00e9 uma forma de fortalecer o h\u00e1bito da leitura e aprofundar o conhecimento sobre a regi\u00e3o em que vivem. Essa \u00e9 uma iniciativa que promove a intera\u00e7\u00e3o entre crian\u00e7as de diferentes classes sociais e permite a troca de conhecimentos de formas interativa e educacional\u201d, afirma Beatriz Negr\u00e3o, gerente de marca e produto da Pritt, marca de adesivos escolares da Henkel.<\/p>\n<p>\u201cA preserva\u00e7\u00e3o do meio ambiente no territ\u00f3rio amaz\u00f4nico, que responde por mais da metade da \u00e1rea do pa\u00eds, passa pela forma\u00e7\u00e3o de crian\u00e7as e jovens conscientes de seus direitos. E a fonte propulsora de transforma\u00e7\u00e3o \u00e9 o acesso \u00e0 leitura. A Vaga Lume conta com parceiros como a Pritt para fortalecer bibliotecas na Amaz\u00f4nia Legal brasileira. Paralelamente, essa troca de experi\u00eancias contribui para ampliar a vis\u00e3o de mundo e dar novas perspectivas de futuros poss\u00edveis\u201d explica Lia Jamra, Diretora Executiva da Associa\u00e7\u00e3o Vaga Lume, sediada em S\u00e3o Paulo.<\/p>\n<p>Hist\u00f3rico com a educa\u00e7\u00e3o e responsabilidade social<br \/>\nA plataforma We Craft For Children \u00e9 uma iniciativa global com a Pritt de v\u00e1rios pa\u00edses, inclusive o Brasil, que usa a criatividade e imagina\u00e7\u00e3o na cria\u00e7\u00e3o de a\u00e7\u00f5es de responsabilidade social para melhorar a qualidade da educa\u00e7\u00e3o dentro e fora da sala de aula em todo o mundo.<br \/>\nNo ano passado, a marca Pritt lan\u00e7ou a campanha \u201cFloresta Criativa\u201d, que estimulou a criatividade infantil no desenvolvimento de animaizinhos feitos a partir de materiais recicl\u00e1veis, fortalecendo conceitos importantes ao meio ambiente, como a reutiliza\u00e7\u00e3o, reuso e reciclagem.<br \/>\nCada produ\u00e7\u00e3o feita pelas crian\u00e7as foi convertida em doa\u00e7\u00e3o ao Instituto 5 Elementos, entidade sem fins lucrativos de S\u00e3o Paulo que promove programas e projetos ecopedag\u00f3gicos e a\u00e7\u00f5es para a forma\u00e7\u00e3o em educa\u00e7\u00e3o com foco em sustentabilidade.<br \/>\nEm 2019, a Pritt doou, junto com a Funda\u00e7\u00e3o Fritz Henkel, R$ 170 mil ao Instituto Ayrton Senna para apoio a projetos educacionais da organiza\u00e7\u00e3o que beneficiam crian\u00e7as e jovens das redes p\u00fablicas de ensino de todo o Pa\u00eds. Nesse mesmo ano, em parceria com o Instituto Ayrton Senna, a Henkel mobilizou 230 funcion\u00e1rios da empresa em contribui\u00e7\u00f5es mensais, diretamente descontadas da folha de pagamento mediante \u00e0 ades\u00e3o ao programa, para direcionar recursos \u00e0 iniciativa \u201cPresente Para o Futuro\u201d.<\/p>\n<p><iframe style=\"width: 100%; max-width: 660px; overflow: hidden; background: transparent;\" src=\"https:\/\/embed.podcasts.apple.com\/br\/podcast\/podcast-cidademarketing\/id1371923283\" height=\"450\" frameborder=\"0\" sandbox=\"allow-forms allow-popups allow-same-origin allow-scripts allow-storage-access-by-user-activation allow-top-navigation-by-user-activation\"><\/iframe><\/p>\n","protected":false},"excerpt":{"rendered":"<p>Apoiadora da educa\u00e7\u00e3o e desenvolvimento de habilidades motoras, criativas e cognitivas das crian\u00e7as, a Pritt, por meio da Funda\u00e7\u00e3o Fritz Henkel, destinou cerca de R$ 60 mil \u00e0 Associa\u00e7\u00e3o Vaga Lume. O investimento tem o prop\u00f3sito de apoiar as a\u00e7\u00f5es da organiza\u00e7\u00e3o que hoje atua em 22 munic\u00edpios da Amaz\u00f4nia Legal, estimulando a leitura em [&hellip;]<\/p>\n","protected":false},"author":1,"featured_media":39602,"comment_status":"open","ping_status":"open","sticky":false,"template":"","format":"standard","meta":{"tdm_status":"","tdm_grid_status":"","footnotes":""},"categories":[6],"tags":[65,33,28,3678,281],"class_list":["post-39601","post","type-post","status-publish","format-standard","has-post-thumbnail","hentry","category-noticias","tag-campanha","tag-estrategia","tag-marketing","tag-pritt","tag-responsabilidade-social"],"yoast_head":"<!-- This site is optimized with the Yoast SEO plugin v27.5 - https:\/\/yoast.com\/product\/yoast-seo-wordpress\/ -->\n<title>Pritt investe em marketing social com para projeto social voltado \u00e0 educa\u00e7\u00e3o infantil na Amaz\u00f4nia Legal - CidadeMarketing<\/title>\n<meta name=\"robots\" content=\"index, follow, max-snippet:-1, max-image-preview:large, max-video-preview:-1\" \/>\n<link rel=\"canonical\" href=\"https:\/\/www.cidademarketing.com.br\/marketing\/2022\/11\/10\/pritt-investe-em-marketing-social-com-para-projeto-social-voltado-a-educacao-infantil-na-amazonia-legal\/\" \/>\n<meta property=\"og:locale\" content=\"pt_BR\" \/>\n<meta property=\"og:type\" content=\"article\" \/>\n<meta property=\"og:title\" content=\"Pritt investe em marketing social com para projeto social voltado \u00e0 educa\u00e7\u00e3o infantil na Amaz\u00f4nia Legal - CidadeMarketing\" \/>\n<meta property=\"og:description\" content=\"Apoiadora da educa\u00e7\u00e3o e desenvolvimento de habilidades motoras, criativas e cognitivas das crian\u00e7as, a Pritt, por meio da Funda\u00e7\u00e3o Fritz Henkel, destinou cerca de R$ 60 mil \u00e0 Associa\u00e7\u00e3o Vaga Lume. O investimento tem o prop\u00f3sito de apoiar as a\u00e7\u00f5es da organiza\u00e7\u00e3o que hoje atua em 22 munic\u00edpios da Amaz\u00f4nia Legal, estimulando a leitura em [&hellip;]\" \/>\n<meta property=\"og:url\" content=\"https:\/\/www.cidademarketing.com.br\/marketing\/2022\/11\/10\/pritt-investe-em-marketing-social-com-para-projeto-social-voltado-a-educacao-infantil-na-amazonia-legal\/\" \/>\n<meta property=\"og:site_name\" content=\"CidadeMarketing\" \/>\n<meta property=\"article:publisher\" content=\"https:\/\/www.facebook.com\/portalcidademarketing\" \/>\n<meta property=\"article:author\" content=\"https:\/\/www.facebook.com\/thalesbrandao\" \/>\n<meta property=\"article:published_time\" content=\"2022-11-10T11:55:24+00:00\" \/>\n<meta property=\"og:image\" content=\"https:\/\/www.cidademarketing.com.br\/marketing\/wp-content\/uploads\/2022\/11\/oficina_pritt.jpg\" \/>\n\t<meta property=\"og:image:width\" content=\"1800\" \/>\n\t<meta property=\"og:image:height\" content=\"2400\" \/>\n\t<meta property=\"og:image:type\" content=\"image\/jpeg\" \/>\n<meta name=\"author\" content=\"Thales Brand\u00e3o\" \/>\n<meta name=\"twitter:card\" content=\"summary_large_image\" \/>\n<meta name=\"twitter:creator\" content=\"@http:\/\/www.twitter.com\/thalesbrandao\" \/>\n<meta name=\"twitter:site\" content=\"@CidadeMarketing\" \/>\n<meta name=\"twitter:label1\" content=\"Escrito por\" \/>\n\t<meta name=\"twitter:data1\" content=\"Thales Brand\u00e3o\" \/>\n\t<meta name=\"twitter:label2\" content=\"Est. tempo de leitura\" \/>\n\t<meta name=\"twitter:data2\" content=\"4 minutos\" \/>\n<script type=\"application\/ld+json\" class=\"yoast-schema-graph\">{\"@context\":\"https:\\\/\\\/schema.org\",\"@graph\":[{\"@type\":\"Article\",\"@id\":\"https:\\\/\\\/www.cidademarketing.com.br\\\/marketing\\\/2022\\\/11\\\/10\\\/pritt-investe-em-marketing-social-com-para-projeto-social-voltado-a-educacao-infantil-na-amazonia-legal\\\/#article\",\"isPartOf\":{\"@id\":\"https:\\\/\\\/www.cidademarketing.com.br\\\/marketing\\\/2022\\\/11\\\/10\\\/pritt-investe-em-marketing-social-com-para-projeto-social-voltado-a-educacao-infantil-na-amazonia-legal\\\/\"},\"author\":{\"name\":\"Thales Brand\u00e3o\",\"@id\":\"https:\\\/\\\/www.cidademarketing.com.br\\\/marketing\\\/#\\\/schema\\\/person\\\/02daff9f18bd9378c9e01eb6b2db155f\"},\"headline\":\"Pritt investe em marketing social com para projeto social voltado \u00e0 educa\u00e7\u00e3o infantil na Amaz\u00f4nia Legal\",\"datePublished\":\"2022-11-10T11:55:24+00:00\",\"mainEntityOfPage\":{\"@id\":\"https:\\\/\\\/www.cidademarketing.com.br\\\/marketing\\\/2022\\\/11\\\/10\\\/pritt-investe-em-marketing-social-com-para-projeto-social-voltado-a-educacao-infantil-na-amazonia-legal\\\/\"},\"wordCount\":824,\"commentCount\":0,\"publisher\":{\"@id\":\"https:\\\/\\\/www.cidademarketing.com.br\\\/marketing\\\/#organization\"},\"image\":{\"@id\":\"https:\\\/\\\/www.cidademarketing.com.br\\\/marketing\\\/2022\\\/11\\\/10\\\/pritt-investe-em-marketing-social-com-para-projeto-social-voltado-a-educacao-infantil-na-amazonia-legal\\\/#primaryimage\"},\"thumbnailUrl\":\"https:\\\/\\\/www.cidademarketing.com.br\\\/marketing\\\/wp-content\\\/uploads\\\/2022\\\/11\\\/oficina_pritt.jpg\",\"keywords\":[\"campanha\",\"estrat\u00e9gia\",\"marketing\",\"Pritt\",\"responsabilidade social\"],\"articleSection\":[\"Not\u00edcias\"],\"inLanguage\":\"pt-BR\",\"potentialAction\":[{\"@type\":\"CommentAction\",\"name\":\"Comment\",\"target\":[\"https:\\\/\\\/www.cidademarketing.com.br\\\/marketing\\\/2022\\\/11\\\/10\\\/pritt-investe-em-marketing-social-com-para-projeto-social-voltado-a-educacao-infantil-na-amazonia-legal\\\/#respond\"]}]},{\"@type\":\"WebPage\",\"@id\":\"https:\\\/\\\/www.cidademarketing.com.br\\\/marketing\\\/2022\\\/11\\\/10\\\/pritt-investe-em-marketing-social-com-para-projeto-social-voltado-a-educacao-infantil-na-amazonia-legal\\\/\",\"url\":\"https:\\\/\\\/www.cidademarketing.com.br\\\/marketing\\\/2022\\\/11\\\/10\\\/pritt-investe-em-marketing-social-com-para-projeto-social-voltado-a-educacao-infantil-na-amazonia-legal\\\/\",\"name\":\"Pritt investe em marketing social com para projeto social voltado \u00e0 educa\u00e7\u00e3o infantil na Amaz\u00f4nia Legal - CidadeMarketing\",\"isPartOf\":{\"@id\":\"https:\\\/\\\/www.cidademarketing.com.br\\\/marketing\\\/#website\"},\"primaryImageOfPage\":{\"@id\":\"https:\\\/\\\/www.cidademarketing.com.br\\\/marketing\\\/2022\\\/11\\\/10\\\/pritt-investe-em-marketing-social-com-para-projeto-social-voltado-a-educacao-infantil-na-amazonia-legal\\\/#primaryimage\"},\"image\":{\"@id\":\"https:\\\/\\\/www.cidademarketing.com.br\\\/marketing\\\/2022\\\/11\\\/10\\\/pritt-investe-em-marketing-social-com-para-projeto-social-voltado-a-educacao-infantil-na-amazonia-legal\\\/#primaryimage\"},\"thumbnailUrl\":\"https:\\\/\\\/www.cidademarketing.com.br\\\/marketing\\\/wp-content\\\/uploads\\\/2022\\\/11\\\/oficina_pritt.jpg\",\"datePublished\":\"2022-11-10T11:55:24+00:00\",\"breadcrumb\":{\"@id\":\"https:\\\/\\\/www.cidademarketing.com.br\\\/marketing\\\/2022\\\/11\\\/10\\\/pritt-investe-em-marketing-social-com-para-projeto-social-voltado-a-educacao-infantil-na-amazonia-legal\\\/#breadcrumb\"},\"inLanguage\":\"pt-BR\",\"potentialAction\":[{\"@type\":\"ReadAction\",\"target\":[\"https:\\\/\\\/www.cidademarketing.com.br\\\/marketing\\\/2022\\\/11\\\/10\\\/pritt-investe-em-marketing-social-com-para-projeto-social-voltado-a-educacao-infantil-na-amazonia-legal\\\/\"]}]},{\"@type\":\"ImageObject\",\"inLanguage\":\"pt-BR\",\"@id\":\"https:\\\/\\\/www.cidademarketing.com.br\\\/marketing\\\/2022\\\/11\\\/10\\\/pritt-investe-em-marketing-social-com-para-projeto-social-voltado-a-educacao-infantil-na-amazonia-legal\\\/#primaryimage\",\"url\":\"https:\\\/\\\/www.cidademarketing.com.br\\\/marketing\\\/wp-content\\\/uploads\\\/2022\\\/11\\\/oficina_pritt.jpg\",\"contentUrl\":\"https:\\\/\\\/www.cidademarketing.com.br\\\/marketing\\\/wp-content\\\/uploads\\\/2022\\\/11\\\/oficina_pritt.jpg\",\"width\":1800,\"height\":2400,\"caption\":\"Divulga\u00e7\u00e3o\"},{\"@type\":\"BreadcrumbList\",\"@id\":\"https:\\\/\\\/www.cidademarketing.com.br\\\/marketing\\\/2022\\\/11\\\/10\\\/pritt-investe-em-marketing-social-com-para-projeto-social-voltado-a-educacao-infantil-na-amazonia-legal\\\/#breadcrumb\",\"itemListElement\":[{\"@type\":\"ListItem\",\"position\":1,\"name\":\"In\u00edcio\",\"item\":\"https:\\\/\\\/www.cidademarketing.com.br\\\/marketing\\\/\"},{\"@type\":\"ListItem\",\"position\":2,\"name\":\"Pritt investe em marketing social com para projeto social voltado \u00e0 educa\u00e7\u00e3o infantil na Amaz\u00f4nia Legal\"}]},{\"@type\":\"WebSite\",\"@id\":\"https:\\\/\\\/www.cidademarketing.com.br\\\/marketing\\\/#website\",\"url\":\"https:\\\/\\\/www.cidademarketing.com.br\\\/marketing\\\/\",\"name\":\"CidadeMarketing\",\"description\":\"Somos um ve\u00edculo de comunica\u00e7\u00e3o de destaque no Brasil, reconhecido por conte\u00fados nos segmentos de marketing, empreendedorismo e inova\u00e7\u00e3o.\",\"publisher\":{\"@id\":\"https:\\\/\\\/www.cidademarketing.com.br\\\/marketing\\\/#organization\"},\"alternateName\":\"CidadeMarketing\",\"potentialAction\":[{\"@type\":\"SearchAction\",\"target\":{\"@type\":\"EntryPoint\",\"urlTemplate\":\"https:\\\/\\\/www.cidademarketing.com.br\\\/marketing\\\/?s={search_term_string}\"},\"query-input\":{\"@type\":\"PropertyValueSpecification\",\"valueRequired\":true,\"valueName\":\"search_term_string\"}}],\"inLanguage\":\"pt-BR\"},{\"@type\":\"Organization\",\"@id\":\"https:\\\/\\\/www.cidademarketing.com.br\\\/marketing\\\/#organization\",\"name\":\"CidadeMarketing\",\"alternateName\":\"CidadeMarketing\",\"url\":\"https:\\\/\\\/www.cidademarketing.com.br\\\/marketing\\\/\",\"logo\":{\"@type\":\"ImageObject\",\"inLanguage\":\"pt-BR\",\"@id\":\"https:\\\/\\\/www.cidademarketing.com.br\\\/marketing\\\/#\\\/schema\\\/logo\\\/image\\\/\",\"url\":\"https:\\\/\\\/www.cidademarketing.com.br\\\/marketing\\\/wp-content\\\/uploads\\\/2020\\\/01\\\/cidademarketing_marca_mobile.png\",\"contentUrl\":\"https:\\\/\\\/www.cidademarketing.com.br\\\/marketing\\\/wp-content\\\/uploads\\\/2020\\\/01\\\/cidademarketing_marca_mobile.png\",\"width\":230,\"height\":92,\"caption\":\"CidadeMarketing\"},\"image\":{\"@id\":\"https:\\\/\\\/www.cidademarketing.com.br\\\/marketing\\\/#\\\/schema\\\/logo\\\/image\\\/\"},\"sameAs\":[\"https:\\\/\\\/www.facebook.com\\\/portalcidademarketing\",\"https:\\\/\\\/x.com\\\/CidadeMarketing\",\"https:\\\/\\\/www.instagram.com\\\/cidademarketing\\\/\"]},{\"@type\":\"Person\",\"@id\":\"https:\\\/\\\/www.cidademarketing.com.br\\\/marketing\\\/#\\\/schema\\\/person\\\/02daff9f18bd9378c9e01eb6b2db155f\",\"name\":\"Thales Brand\u00e3o\",\"image\":{\"@type\":\"ImageObject\",\"inLanguage\":\"pt-BR\",\"@id\":\"https:\\\/\\\/secure.gravatar.com\\\/avatar\\\/7ca3206950207cc3cb48feec56a8a7898741ab725c368d99d5d7a5a50aab80c6?s=96&d=mm&r=g\",\"url\":\"https:\\\/\\\/secure.gravatar.com\\\/avatar\\\/7ca3206950207cc3cb48feec56a8a7898741ab725c368d99d5d7a5a50aab80c6?s=96&d=mm&r=g\",\"contentUrl\":\"https:\\\/\\\/secure.gravatar.com\\\/avatar\\\/7ca3206950207cc3cb48feec56a8a7898741ab725c368d99d5d7a5a50aab80c6?s=96&d=mm&r=g\",\"caption\":\"Thales Brand\u00e3o\"},\"description\":\"Editor Executivo do Portal CidadeMarketing.com.br &gt; Mestre em Comunica\u00e7\u00e3o e Sociedade pela Universidade Federal de Sergipe. Possui MBA Executivo em Administra\u00e7\u00e3o com \u00eanfase em Marketing pela Funda\u00e7\u00e3o Get\u00falio Vargas - Rio de Janeiro. Consultor, Palestrante e Pesquisador sobre Empreendedorismo, Marketing, Redes Sociais e Neg\u00f3cios Digitais. Professor, Palestrante TedxTalks e Campus Party. Twitter: @ThalesBrandao\",\"sameAs\":[\"http:\\\/\\\/www.mandacaru.com.br\",\"https:\\\/\\\/www.facebook.com\\\/thalesbrandao\",\"http:\\\/\\\/www.instagram.com.br\\\/thalesbrandaoferreira\",\"https:\\\/\\\/www.linkedin.com\\\/in\\\/thales-brand\u00e3o-3948609\\\/\",\"https:\\\/\\\/x.com\\\/http:\\\/\\\/www.twitter.com\\\/thalesbrandao\"],\"url\":\"https:\\\/\\\/www.cidademarketing.com.br\\\/marketing\\\/author\\\/thalesbrandao\\\/\"}]}<\/script>\n<!-- \/ Yoast SEO plugin. -->","yoast_head_json":{"title":"Pritt investe em marketing social com para projeto social voltado \u00e0 educa\u00e7\u00e3o infantil na Amaz\u00f4nia Legal - CidadeMarketing","robots":{"index":"index","follow":"follow","max-snippet":"max-snippet:-1","max-image-preview":"max-image-preview:large","max-video-preview":"max-video-preview:-1"},"canonical":"https:\/\/www.cidademarketing.com.br\/marketing\/2022\/11\/10\/pritt-investe-em-marketing-social-com-para-projeto-social-voltado-a-educacao-infantil-na-amazonia-legal\/","og_locale":"pt_BR","og_type":"article","og_title":"Pritt investe em marketing social com para projeto social voltado \u00e0 educa\u00e7\u00e3o infantil na Amaz\u00f4nia Legal - CidadeMarketing","og_description":"Apoiadora da educa\u00e7\u00e3o e desenvolvimento de habilidades motoras, criativas e cognitivas das crian\u00e7as, a Pritt, por meio da Funda\u00e7\u00e3o Fritz Henkel, destinou cerca de R$ 60 mil \u00e0 Associa\u00e7\u00e3o Vaga Lume. O investimento tem o prop\u00f3sito de apoiar as a\u00e7\u00f5es da organiza\u00e7\u00e3o que hoje atua em 22 munic\u00edpios da Amaz\u00f4nia Legal, estimulando a leitura em [&hellip;]","og_url":"https:\/\/www.cidademarketing.com.br\/marketing\/2022\/11\/10\/pritt-investe-em-marketing-social-com-para-projeto-social-voltado-a-educacao-infantil-na-amazonia-legal\/","og_site_name":"CidadeMarketing","article_publisher":"https:\/\/www.facebook.com\/portalcidademarketing","article_author":"https:\/\/www.facebook.com\/thalesbrandao","article_published_time":"2022-11-10T11:55:24+00:00","og_image":[{"width":1800,"height":2400,"url":"https:\/\/www.cidademarketing.com.br\/marketing\/wp-content\/uploads\/2022\/11\/oficina_pritt.jpg","type":"image\/jpeg"}],"author":"Thales Brand\u00e3o","twitter_card":"summary_large_image","twitter_creator":"@http:\/\/www.twitter.com\/thalesbrandao","twitter_site":"@CidadeMarketing","twitter_misc":{"Escrito por":"Thales Brand\u00e3o","Est. tempo de leitura":"4 minutos"},"schema":{"@context":"https:\/\/schema.org","@graph":[{"@type":"Article","@id":"https:\/\/www.cidademarketing.com.br\/marketing\/2022\/11\/10\/pritt-investe-em-marketing-social-com-para-projeto-social-voltado-a-educacao-infantil-na-amazonia-legal\/#article","isPartOf":{"@id":"https:\/\/www.cidademarketing.com.br\/marketing\/2022\/11\/10\/pritt-investe-em-marketing-social-com-para-projeto-social-voltado-a-educacao-infantil-na-amazonia-legal\/"},"author":{"name":"Thales Brand\u00e3o","@id":"https:\/\/www.cidademarketing.com.br\/marketing\/#\/schema\/person\/02daff9f18bd9378c9e01eb6b2db155f"},"headline":"Pritt investe em marketing social com para projeto social voltado \u00e0 educa\u00e7\u00e3o infantil na Amaz\u00f4nia Legal","datePublished":"2022-11-10T11:55:24+00:00","mainEntityOfPage":{"@id":"https:\/\/www.cidademarketing.com.br\/marketing\/2022\/11\/10\/pritt-investe-em-marketing-social-com-para-projeto-social-voltado-a-educacao-infantil-na-amazonia-legal\/"},"wordCount":824,"commentCount":0,"publisher":{"@id":"https:\/\/www.cidademarketing.com.br\/marketing\/#organization"},"image":{"@id":"https:\/\/www.cidademarketing.com.br\/marketing\/2022\/11\/10\/pritt-investe-em-marketing-social-com-para-projeto-social-voltado-a-educacao-infantil-na-amazonia-legal\/#primaryimage"},"thumbnailUrl":"https:\/\/www.cidademarketing.com.br\/marketing\/wp-content\/uploads\/2022\/11\/oficina_pritt.jpg","keywords":["campanha","estrat\u00e9gia","marketing","Pritt","responsabilidade social"],"articleSection":["Not\u00edcias"],"inLanguage":"pt-BR","potentialAction":[{"@type":"CommentAction","name":"Comment","target":["https:\/\/www.cidademarketing.com.br\/marketing\/2022\/11\/10\/pritt-investe-em-marketing-social-com-para-projeto-social-voltado-a-educacao-infantil-na-amazonia-legal\/#respond"]}]},{"@type":"WebPage","@id":"https:\/\/www.cidademarketing.com.br\/marketing\/2022\/11\/10\/pritt-investe-em-marketing-social-com-para-projeto-social-voltado-a-educacao-infantil-na-amazonia-legal\/","url":"https:\/\/www.cidademarketing.com.br\/marketing\/2022\/11\/10\/pritt-investe-em-marketing-social-com-para-projeto-social-voltado-a-educacao-infantil-na-amazonia-legal\/","name":"Pritt investe em marketing social com para projeto social voltado \u00e0 educa\u00e7\u00e3o infantil na Amaz\u00f4nia Legal - CidadeMarketing","isPartOf":{"@id":"https:\/\/www.cidademarketing.com.br\/marketing\/#website"},"primaryImageOfPage":{"@id":"https:\/\/www.cidademarketing.com.br\/marketing\/2022\/11\/10\/pritt-investe-em-marketing-social-com-para-projeto-social-voltado-a-educacao-infantil-na-amazonia-legal\/#primaryimage"},"image":{"@id":"https:\/\/www.cidademarketing.com.br\/marketing\/2022\/11\/10\/pritt-investe-em-marketing-social-com-para-projeto-social-voltado-a-educacao-infantil-na-amazonia-legal\/#primaryimage"},"thumbnailUrl":"https:\/\/www.cidademarketing.com.br\/marketing\/wp-content\/uploads\/2022\/11\/oficina_pritt.jpg","datePublished":"2022-11-10T11:55:24+00:00","breadcrumb":{"@id":"https:\/\/www.cidademarketing.com.br\/marketing\/2022\/11\/10\/pritt-investe-em-marketing-social-com-para-projeto-social-voltado-a-educacao-infantil-na-amazonia-legal\/#breadcrumb"},"inLanguage":"pt-BR","potentialAction":[{"@type":"ReadAction","target":["https:\/\/www.cidademarketing.com.br\/marketing\/2022\/11\/10\/pritt-investe-em-marketing-social-com-para-projeto-social-voltado-a-educacao-infantil-na-amazonia-legal\/"]}]},{"@type":"ImageObject","inLanguage":"pt-BR","@id":"https:\/\/www.cidademarketing.com.br\/marketing\/2022\/11\/10\/pritt-investe-em-marketing-social-com-para-projeto-social-voltado-a-educacao-infantil-na-amazonia-legal\/#primaryimage","url":"https:\/\/www.cidademarketing.com.br\/marketing\/wp-content\/uploads\/2022\/11\/oficina_pritt.jpg","contentUrl":"https:\/\/www.cidademarketing.com.br\/marketing\/wp-content\/uploads\/2022\/11\/oficina_pritt.jpg","width":1800,"height":2400,"caption":"Divulga\u00e7\u00e3o"},{"@type":"BreadcrumbList","@id":"https:\/\/www.cidademarketing.com.br\/marketing\/2022\/11\/10\/pritt-investe-em-marketing-social-com-para-projeto-social-voltado-a-educacao-infantil-na-amazonia-legal\/#breadcrumb","itemListElement":[{"@type":"ListItem","position":1,"name":"In\u00edcio","item":"https:\/\/www.cidademarketing.com.br\/marketing\/"},{"@type":"ListItem","position":2,"name":"Pritt investe em marketing social com para projeto social voltado \u00e0 educa\u00e7\u00e3o infantil na Amaz\u00f4nia Legal"}]},{"@type":"WebSite","@id":"https:\/\/www.cidademarketing.com.br\/marketing\/#website","url":"https:\/\/www.cidademarketing.com.br\/marketing\/","name":"CidadeMarketing","description":"Somos um ve\u00edculo de comunica\u00e7\u00e3o de destaque no Brasil, reconhecido por conte\u00fados nos segmentos de marketing, empreendedorismo e inova\u00e7\u00e3o.","publisher":{"@id":"https:\/\/www.cidademarketing.com.br\/marketing\/#organization"},"alternateName":"CidadeMarketing","potentialAction":[{"@type":"SearchAction","target":{"@type":"EntryPoint","urlTemplate":"https:\/\/www.cidademarketing.com.br\/marketing\/?s={search_term_string}"},"query-input":{"@type":"PropertyValueSpecification","valueRequired":true,"valueName":"search_term_string"}}],"inLanguage":"pt-BR"},{"@type":"Organization","@id":"https:\/\/www.cidademarketing.com.br\/marketing\/#organization","name":"CidadeMarketing","alternateName":"CidadeMarketing","url":"https:\/\/www.cidademarketing.com.br\/marketing\/","logo":{"@type":"ImageObject","inLanguage":"pt-BR","@id":"https:\/\/www.cidademarketing.com.br\/marketing\/#\/schema\/logo\/image\/","url":"https:\/\/www.cidademarketing.com.br\/marketing\/wp-content\/uploads\/2020\/01\/cidademarketing_marca_mobile.png","contentUrl":"https:\/\/www.cidademarketing.com.br\/marketing\/wp-content\/uploads\/2020\/01\/cidademarketing_marca_mobile.png","width":230,"height":92,"caption":"CidadeMarketing"},"image":{"@id":"https:\/\/www.cidademarketing.com.br\/marketing\/#\/schema\/logo\/image\/"},"sameAs":["https:\/\/www.facebook.com\/portalcidademarketing","https:\/\/x.com\/CidadeMarketing","https:\/\/www.instagram.com\/cidademarketing\/"]},{"@type":"Person","@id":"https:\/\/www.cidademarketing.com.br\/marketing\/#\/schema\/person\/02daff9f18bd9378c9e01eb6b2db155f","name":"Thales Brand\u00e3o","image":{"@type":"ImageObject","inLanguage":"pt-BR","@id":"https:\/\/secure.gravatar.com\/avatar\/7ca3206950207cc3cb48feec56a8a7898741ab725c368d99d5d7a5a50aab80c6?s=96&d=mm&r=g","url":"https:\/\/secure.gravatar.com\/avatar\/7ca3206950207cc3cb48feec56a8a7898741ab725c368d99d5d7a5a50aab80c6?s=96&d=mm&r=g","contentUrl":"https:\/\/secure.gravatar.com\/avatar\/7ca3206950207cc3cb48feec56a8a7898741ab725c368d99d5d7a5a50aab80c6?s=96&d=mm&r=g","caption":"Thales Brand\u00e3o"},"description":"Editor Executivo do Portal CidadeMarketing.com.br &gt; Mestre em Comunica\u00e7\u00e3o e Sociedade pela Universidade Federal de Sergipe. Possui MBA Executivo em Administra\u00e7\u00e3o com \u00eanfase em Marketing pela Funda\u00e7\u00e3o Get\u00falio Vargas - Rio de Janeiro. Consultor, Palestrante e Pesquisador sobre Empreendedorismo, Marketing, Redes Sociais e Neg\u00f3cios Digitais. Professor, Palestrante TedxTalks e Campus Party. Twitter: @ThalesBrandao","sameAs":["http:\/\/www.mandacaru.com.br","https:\/\/www.facebook.com\/thalesbrandao","http:\/\/www.instagram.com.br\/thalesbrandaoferreira","https:\/\/www.linkedin.com\/in\/thales-brand\u00e3o-3948609\/","https:\/\/x.com\/http:\/\/www.twitter.com\/thalesbrandao"],"url":"https:\/\/www.cidademarketing.com.br\/marketing\/author\/thalesbrandao\/"}]}},"amp_enabled":true,"_links":{"self":[{"href":"https:\/\/www.cidademarketing.com.br\/marketing\/wp-json\/wp\/v2\/posts\/39601","targetHints":{"allow":["GET"]}}],"collection":[{"href":"https:\/\/www.cidademarketing.com.br\/marketing\/wp-json\/wp\/v2\/posts"}],"about":[{"href":"https:\/\/www.cidademarketing.com.br\/marketing\/wp-json\/wp\/v2\/types\/post"}],"author":[{"embeddable":true,"href":"https:\/\/www.cidademarketing.com.br\/marketing\/wp-json\/wp\/v2\/users\/1"}],"replies":[{"embeddable":true,"href":"https:\/\/www.cidademarketing.com.br\/marketing\/wp-json\/wp\/v2\/comments?post=39601"}],"version-history":[{"count":2,"href":"https:\/\/www.cidademarketing.com.br\/marketing\/wp-json\/wp\/v2\/posts\/39601\/revisions"}],"predecessor-version":[{"id":39604,"href":"https:\/\/www.cidademarketing.com.br\/marketing\/wp-json\/wp\/v2\/posts\/39601\/revisions\/39604"}],"wp:featuredmedia":[{"embeddable":true,"href":"https:\/\/www.cidademarketing.com.br\/marketing\/wp-json\/wp\/v2\/media\/39602"}],"wp:attachment":[{"href":"https:\/\/www.cidademarketing.com.br\/marketing\/wp-json\/wp\/v2\/media?parent=39601"}],"wp:term":[{"taxonomy":"category","embeddable":true,"href":"https:\/\/www.cidademarketing.com.br\/marketing\/wp-json\/wp\/v2\/categories?post=39601"},{"taxonomy":"post_tag","embeddable":true,"href":"https:\/\/www.cidademarketing.com.br\/marketing\/wp-json\/wp\/v2\/tags?post=39601"}],"curies":[{"name":"wp","href":"https:\/\/api.w.org\/{rel}","templated":true}]}}