{"id":39502,"date":"2022-11-08T07:52:10","date_gmt":"2022-11-08T10:52:10","guid":{"rendered":"https:\/\/www.cidademarketing.com.br\/marketing\/?p=39502"},"modified":"2022-11-08T07:52:10","modified_gmt":"2022-11-08T10:52:10","slug":"com-destaque-para-versao-eletrica-a-ford-exibe-na-fenatran-tres-novas-versoes-da-transit-que-chegam-ao-mercado-em-2023","status":"publish","type":"post","link":"https:\/\/www.cidademarketing.com.br\/marketing\/2022\/11\/08\/com-destaque-para-versao-eletrica-a-ford-exibe-na-fenatran-tres-novas-versoes-da-transit-que-chegam-ao-mercado-em-2023\/","title":{"rendered":"Com destaque para vers\u00e3o el\u00e9trica, a Ford exibe na Fenatran tr\u00eas novas vers\u00f5es da Transit que chegam ao mercado em 2023"},"content":{"rendered":"<p><iframe title=\"Spotify Embed: Podcast CidadeMarketing\" style=\"border-radius: 12px\" width=\"100%\" height=\"152\" frameborder=\"0\" allowfullscreen allow=\"autoplay; clipboard-write; encrypted-media; fullscreen; picture-in-picture\" loading=\"lazy\" src=\"https:\/\/open.spotify.com\/embed\/show\/4khMKzP3FgFRWVwb73xicc?si=252fe5bff2b34909&#038;utm_source=oembed\"><\/iframe><\/p>\n<p>&nbsp;<\/p>\n<p>A Ford apresenta na Fenatran \u2013 Sal\u00e3o Internacional do Transporte Rodovi\u00e1rio de Cargas, aberta hoje em S\u00e3o Paulo, tr\u00eas novas vers\u00f5es da Transit que chegam ao mercado em 2023: Autom\u00e1tica, Chassi e E-Transit 100% el\u00e9trica. A diversifica\u00e7\u00e3o da oferta de modelos da van faz parte da estrat\u00e9gia da Divis\u00e3o de Ve\u00edculos Comerciais da Ford no Brasil para aumentar a sua participa\u00e7\u00e3o nesse segmento, que tem sido um dos destaques da ind\u00fastria.<br \/>\n\u201cO segmento de vans est\u00e1 em expans\u00e3o, principalmente com as mudan\u00e7as dos h\u00e1bitos de compra do consumidor e o com\u00e9rcio eletr\u00f4nico, que teve um salto de quase 70% no Brasil em 2020 e avan\u00e7ou mais 30% em 2021\u201d, diz Rogelio Golfarb, vice-presidente da Ford Am\u00e9rica do Sul. \u201cAs novas vers\u00f5es da Transit v\u00e3o nos colocar em importantes subsegmentos nos quais n\u00e3o atuamos hoje, incluindo o de chassis que representa 40% do mercado de vans, para ampliar a participa\u00e7\u00e3o da linha.\u201d<\/p>\n<p>A Ford iniciou a venda da Transit no Brasil no final de 2021, com a vers\u00e3o de passageiros, minibus, e em abril deste ano lan\u00e7ou o modelo Furg\u00e3o \u2013 ambos produzidos no Uruguai, em parceria com a Nordex. O resultado conquistado no mercado nesses 12 meses \u00e9 comemorado pela empresa.<\/p>\n<p>\u201cA Ford \u00e9 a marca que mais cresceu no segmento de vans de passageiros, a Transit Minibus chegou a 12% de participa\u00e7\u00e3o, com picos de 17%. E a Transit Furg\u00e3o foi a segunda que mais cresceu, com 4% de participa\u00e7\u00e3o e picos de 11% em apenas sete meses\u201d, destaca Guillermo Lastra, diretor de Ve\u00edculos Comerciais da Ford Am\u00e9rica do Sul.<\/p>\n<p>Primeira van autom\u00e1tica<\/p>\n<p>A Transit Autom\u00e1tica ser\u00e1 a primeira van a oferecer esse tipo de transmiss\u00e3o no Brasil, com uma proposta focada na efici\u00eancia e produtividade do transporte. Ela traz solu\u00e7\u00f5es de engenharia que garantem grande robustez e durabilidade e permitem extrair a m\u00e1xima efici\u00eancia do motor, reduzindo o custo de opera\u00e7\u00e3o da frota.<\/p>\n<p>Entre outras vantagens, a Transit Autom\u00e1tica ajuda a nivelar o padr\u00e3o de condu\u00e7\u00e3o dos motoristas e a reduzir o consumo total da frota, junto com o sistema auto start-stop, exclusivo na categoria e oferecido de s\u00e9rie em toda a linha. A van sem pedal de embreagem chega ao mercado no primeiro semestre de 2023, nas vers\u00f5es minibus, com 15 e 18 passageiros e vidrada, e furg\u00e3o longo com capacidade de 12,4 m3.<\/p>\n<p>J\u00e1 a Transit Chassi chega no segundo semestre de 2023 em duas vers\u00f5es, com 3.500 kg e 4.700 kg de PBT. Ela tem capacidade de carga de at\u00e9 2.600 kg e pode ser usada em diferentes aplica\u00e7\u00f5es, como guincho-plataforma, ambul\u00e2ncia, carga seca, ba\u00fa refrigerado, ba\u00fa carga seca e transporte volum\u00e9trico e de animais.<\/p>\n<p>E-Transit 100% el\u00e9trica<\/p>\n<p>A eletrifica\u00e7\u00e3o \u00e9 outra grande aposta da Ford, com a chegada da E-Transit, van el\u00e9trica que j\u00e1 \u00e9 sucesso no mercado norte-americano e na Europa. Ela come\u00e7a a ser oferecida na vers\u00e3o furg\u00e3o em um programa com grandes frotistas para entender as suas necessidades, condi\u00e7\u00f5es de uso e recarga, de modo a entregar a melhor op\u00e7\u00e3o de neg\u00f3cio.<\/p>\n<p>A E-Transit 100% el\u00e9trica tem tra\u00e7\u00e3o traseira e tecnologia embarcada de s\u00e9rie para minimizar os riscos de paradas imprevistas e maximizar a produtividade. A sua bateria de \u00edons de l\u00edtio tem 68 quilowatts e proporciona uma autonomia m\u00e1xima de 317 km (m\u00e9todo WLTP) dependendo da vers\u00e3o, ambiente e modo de uso. Ela pode ser carregada tanto em corrente cont\u00ednua, de modo r\u00e1pido, como em corrente alternada. A bateria instalada no assoalho e outras solu\u00e7\u00f5es de design preservam o espa\u00e7o para carga, assim como a durabilidade e a facilidade de modifica\u00e7\u00e3o. Outra vantagem \u00e9 o custo total de opera\u00e7\u00e3o 40% menor, por ter menor quantidade de pe\u00e7as de desgaste e utilizar energia el\u00e9trica.<\/p>\n<p>\u201cA Ford \u00e9 l\u00edder global do segmento de ve\u00edculos comerciais e v\u00e1rios fatores contribu\u00edram para ela chegar nessa posi\u00e7\u00e3o em mercados t\u00e3o importantes\u201d, diz Guillermo Lastra. \u201cJunto com o design e a qualidade est\u00e1 o nosso foco em dar rentabilidade para o cliente 24 horas por dia, sete dias por semana, com novos produtos, tecnologias e servi\u00e7os, e vamos continuar investindo nessa dire\u00e7\u00e3o.\u201d<\/p>\n<p>Conectividade de s\u00e9rie<\/p>\n<p>As novas vers\u00f5es da Transit, assim como toda a linha, vir\u00e3o com conectividade embarcada de f\u00e1brica, tecnologia que diferencia a van da Ford no segmento. A conectividade permite oferecer servi\u00e7os exclusivos que antecipam poss\u00edveis ocorr\u00eancias e garantem maior agilidade no atendimento, entregando mais produtividade e menor custo de opera\u00e7\u00e3o para o cliente comercial. Al\u00e9m da localiza\u00e7\u00e3o do ve\u00edculo, agendamento de servi\u00e7os online e gera\u00e7\u00e3o de indicadores para o neg\u00f3cio, a conectividade viabiliza a assist\u00eancia remota, com o acompanhamento preventivo inteligente e a assist\u00eancia t\u00e9cnica em confer\u00eancia.<\/p>\n<p>\u201cAl\u00e9m do acesso a informa\u00e7\u00f5es e comandos remotos, o modem embarcado gera dados do ve\u00edculo em tempo real que s\u00e3o gerenciados no nosso centro de produtividade. Isso facilita a administra\u00e7\u00e3o da frota e tamb\u00e9m agiliza a manuten\u00e7\u00e3o, gerando um hist\u00f3rico detalhado dos diagn\u00f3sticos e servi\u00e7os feitos no ve\u00edculo\u201d, diz Rogelio Golfarb.<\/p>\n<p>Assinatura de ve\u00edculos comerciais<\/p>\n<p>A Ford come\u00e7a a oferecer o seu servi\u00e7o de carros por assinatura Ford Go tamb\u00e9m para clientes comerciais, com modelos da Ranger e da Transit. Ele est\u00e1 dispon\u00edvel para clientes individuais at\u00e9 grandes frotistas, com contratos de 12, 24 ou 36 meses de dura\u00e7\u00e3o e rodagem de 2.000, 3.000 ou 4.000 km por m\u00eas. Os modelos dispon\u00edveis da Transit s\u00e3o a Minibus, para 15 ou 18 passageiros, e Furg\u00e3o de 10,7 e 12,4 m3. J\u00e1 a Ranger \u00e9 oferecida na vers\u00f5es XL, XLS e XLT.<\/p>\n<p>\u201cA vantagem principal do servi\u00e7o de assinatura \u00e9 o cliente montar a sua frota sem comprometimento de capital, que assim pode ser investido em outras \u00e1reas chaves do neg\u00f3cio\u201d, diz Guillermo Lastra. \u201cA assinatura permite tamb\u00e9m um melhor gerenciamento e opera\u00e7\u00e3o de custos, com previsibilidade.\u201d<\/p>\n<p>Como diferenciais para o cliente, o Ford Go oferece simplifica\u00e7\u00e3o de registro, documenta\u00e7\u00e3o e seguro, com uma jornada digital, e ganho de tempo na manuten\u00e7\u00e3o, que \u00e9 feita diretamente pela Rede Ford.<\/p>\n<p>Planos de manuten\u00e7\u00e3o e extens\u00e3o de garantia<\/p>\n<p>Outra novidade mostrada na feira s\u00e3o os planos de manuten\u00e7\u00e3o e extens\u00e3o de garantia projetados para manter o ve\u00edculo 100% original e garantir uma maior produtividade, reduzindo o risco de paradas imprevistas. Dependendo do plano, o Ford Protect de manuten\u00e7\u00e3o pode incluir as primeiras tr\u00eas ou quatro revis\u00f5es e a troca de pe\u00e7as de desgaste do ve\u00edculo pelo per\u00edodo de at\u00e9 24 meses ou 80.000 km, o que ocorrer primeiro. J\u00e1 o Ford Protect de extens\u00e3o de garantia amplia o prazo e a quilometragem da cobertura de f\u00e1brica.<\/p>\n<p>As revis\u00f5es da Transit s\u00e3o feitas a cada 12 meses ou 20.000 km pelo programa Pre\u00e7o Fixo da Ford, que garante transpar\u00eancia e previsibilidade. Para usar o servi\u00e7o, o cliente precisa apenas informar o n\u00famero do chassi no momento de agendar a revis\u00e3o ou reparo.<\/p>\n<p>\u201cO plano Ford Protect \u00e9 mais um fator de tranquilidade para o cliente da Transit, cobrindo itens de desgaste para que ele possa rodar com seguran\u00e7a e manter o ve\u00edculo sempre em dia com previsibilidade de custos\u201d, afirma Guillermo Lastra. \u201cVamos continuar a inovar e oferecer solu\u00e7\u00f5es para aprimorar a rentabilidade e a experi\u00eancia do consumidor.\u201d<\/p>\n<p>Como condi\u00e7\u00e3o especial para quem adquirir a Transit durante a Fenatran, a Ford oferece financiamento exclusivo com taxa zero e entrada de 60%, al\u00e9m de descontos especiais e valoriza\u00e7\u00e3o do ve\u00edculo usado do cliente. A marca exp\u00f5e tamb\u00e9m uma Ranger de pol\u00edcia e uma Transit ambul\u00e2ncia como exemplos da versatilidade de aplica\u00e7\u00f5es da sua linha de ve\u00edculos comerciais.<\/p>\n<p><iframe style=\"width: 100%; max-width: 660px; overflow: hidden; background: transparent;\" src=\"https:\/\/embed.podcasts.apple.com\/br\/podcast\/podcast-cidademarketing\/id1371923283\" height=\"450\" frameborder=\"0\" sandbox=\"allow-forms allow-popups allow-same-origin allow-scripts allow-storage-access-by-user-activation allow-top-navigation-by-user-activation\"><\/iframe><\/p>\n","protected":false},"excerpt":{"rendered":"<p>&nbsp; A Ford apresenta na Fenatran \u2013 Sal\u00e3o Internacional do Transporte Rodovi\u00e1rio de Cargas, aberta hoje em S\u00e3o Paulo, tr\u00eas novas vers\u00f5es da Transit que chegam ao mercado em 2023: Autom\u00e1tica, Chassi e E-Transit 100% el\u00e9trica. A diversifica\u00e7\u00e3o da oferta de modelos da van faz parte da estrat\u00e9gia da Divis\u00e3o de Ve\u00edculos Comerciais da Ford [&hellip;]<\/p>\n","protected":false},"author":1,"featured_media":39503,"comment_status":"open","ping_status":"open","sticky":false,"template":"","format":"standard","meta":{"tdm_status":"","tdm_grid_status":"","footnotes":""},"categories":[6],"tags":[5594,33,36,293,28,185],"class_list":["post-39502","post","type-post","status-publish","format-standard","has-post-thumbnail","hentry","category-noticias","tag-eletrica","tag-estrategia","tag-ford","tag-inovacao","tag-marketing","tag-tecnologia"],"yoast_head":"<!-- This site is optimized with the Yoast SEO plugin v27.5 - https:\/\/yoast.com\/product\/yoast-seo-wordpress\/ -->\n<title>Com destaque para vers\u00e3o el\u00e9trica, a Ford exibe na Fenatran tr\u00eas novas vers\u00f5es da Transit que chegam ao mercado em 2023 - CidadeMarketing<\/title>\n<meta name=\"robots\" content=\"index, follow, max-snippet:-1, max-image-preview:large, max-video-preview:-1\" \/>\n<link rel=\"canonical\" href=\"https:\/\/www.cidademarketing.com.br\/marketing\/2022\/11\/08\/com-destaque-para-versao-eletrica-a-ford-exibe-na-fenatran-tres-novas-versoes-da-transit-que-chegam-ao-mercado-em-2023\/\" \/>\n<meta property=\"og:locale\" content=\"pt_BR\" \/>\n<meta property=\"og:type\" content=\"article\" \/>\n<meta property=\"og:title\" content=\"Com destaque para vers\u00e3o el\u00e9trica, a Ford exibe na Fenatran tr\u00eas novas vers\u00f5es da Transit que chegam ao mercado em 2023 - CidadeMarketing\" \/>\n<meta property=\"og:description\" content=\"&nbsp; A Ford apresenta na Fenatran \u2013 Sal\u00e3o Internacional do Transporte Rodovi\u00e1rio de Cargas, aberta hoje em S\u00e3o Paulo, tr\u00eas novas vers\u00f5es da Transit que chegam ao mercado em 2023: Autom\u00e1tica, Chassi e E-Transit 100% el\u00e9trica. A diversifica\u00e7\u00e3o da oferta de modelos da van faz parte da estrat\u00e9gia da Divis\u00e3o de Ve\u00edculos Comerciais da Ford [&hellip;]\" \/>\n<meta property=\"og:url\" content=\"https:\/\/www.cidademarketing.com.br\/marketing\/2022\/11\/08\/com-destaque-para-versao-eletrica-a-ford-exibe-na-fenatran-tres-novas-versoes-da-transit-que-chegam-ao-mercado-em-2023\/\" \/>\n<meta property=\"og:site_name\" content=\"CidadeMarketing\" \/>\n<meta property=\"article:publisher\" content=\"https:\/\/www.facebook.com\/portalcidademarketing\" \/>\n<meta property=\"article:author\" content=\"https:\/\/www.facebook.com\/thalesbrandao\" \/>\n<meta property=\"article:published_time\" content=\"2022-11-08T10:52:10+00:00\" \/>\n<meta property=\"og:image\" content=\"https:\/\/www.cidademarketing.com.br\/marketing\/wp-content\/uploads\/2022\/11\/Ford_Fenatran_Estande-scaled.jpg\" \/>\n\t<meta property=\"og:image:width\" content=\"2560\" \/>\n\t<meta property=\"og:image:height\" content=\"1621\" \/>\n\t<meta property=\"og:image:type\" content=\"image\/jpeg\" \/>\n<meta name=\"author\" content=\"Thales Brand\u00e3o\" \/>\n<meta name=\"twitter:card\" content=\"summary_large_image\" \/>\n<meta name=\"twitter:creator\" content=\"@http:\/\/www.twitter.com\/thalesbrandao\" \/>\n<meta name=\"twitter:site\" content=\"@CidadeMarketing\" \/>\n<meta name=\"twitter:label1\" content=\"Escrito por\" \/>\n\t<meta name=\"twitter:data1\" content=\"Thales Brand\u00e3o\" \/>\n\t<meta name=\"twitter:label2\" content=\"Est. tempo de leitura\" \/>\n\t<meta name=\"twitter:data2\" content=\"7 minutos\" \/>\n<script type=\"application\/ld+json\" class=\"yoast-schema-graph\">{\"@context\":\"https:\\\/\\\/schema.org\",\"@graph\":[{\"@type\":\"Article\",\"@id\":\"https:\\\/\\\/www.cidademarketing.com.br\\\/marketing\\\/2022\\\/11\\\/08\\\/com-destaque-para-versao-eletrica-a-ford-exibe-na-fenatran-tres-novas-versoes-da-transit-que-chegam-ao-mercado-em-2023\\\/#article\",\"isPartOf\":{\"@id\":\"https:\\\/\\\/www.cidademarketing.com.br\\\/marketing\\\/2022\\\/11\\\/08\\\/com-destaque-para-versao-eletrica-a-ford-exibe-na-fenatran-tres-novas-versoes-da-transit-que-chegam-ao-mercado-em-2023\\\/\"},\"author\":{\"name\":\"Thales Brand\u00e3o\",\"@id\":\"https:\\\/\\\/www.cidademarketing.com.br\\\/marketing\\\/#\\\/schema\\\/person\\\/02daff9f18bd9378c9e01eb6b2db155f\"},\"headline\":\"Com destaque para vers\u00e3o el\u00e9trica, a Ford exibe na Fenatran tr\u00eas novas vers\u00f5es da Transit que chegam ao mercado em 2023\",\"datePublished\":\"2022-11-08T10:52:10+00:00\",\"mainEntityOfPage\":{\"@id\":\"https:\\\/\\\/www.cidademarketing.com.br\\\/marketing\\\/2022\\\/11\\\/08\\\/com-destaque-para-versao-eletrica-a-ford-exibe-na-fenatran-tres-novas-versoes-da-transit-que-chegam-ao-mercado-em-2023\\\/\"},\"wordCount\":1384,\"commentCount\":0,\"publisher\":{\"@id\":\"https:\\\/\\\/www.cidademarketing.com.br\\\/marketing\\\/#organization\"},\"image\":{\"@id\":\"https:\\\/\\\/www.cidademarketing.com.br\\\/marketing\\\/2022\\\/11\\\/08\\\/com-destaque-para-versao-eletrica-a-ford-exibe-na-fenatran-tres-novas-versoes-da-transit-que-chegam-ao-mercado-em-2023\\\/#primaryimage\"},\"thumbnailUrl\":\"https:\\\/\\\/www.cidademarketing.com.br\\\/marketing\\\/wp-content\\\/uploads\\\/2022\\\/11\\\/Ford_Fenatran_Estande-scaled.jpg\",\"keywords\":[\"el\u00e9trica\",\"estrat\u00e9gia\",\"Ford\",\"inova\u00e7\u00e3o\",\"marketing\",\"tecnologia\"],\"articleSection\":[\"Not\u00edcias\"],\"inLanguage\":\"pt-BR\",\"potentialAction\":[{\"@type\":\"CommentAction\",\"name\":\"Comment\",\"target\":[\"https:\\\/\\\/www.cidademarketing.com.br\\\/marketing\\\/2022\\\/11\\\/08\\\/com-destaque-para-versao-eletrica-a-ford-exibe-na-fenatran-tres-novas-versoes-da-transit-que-chegam-ao-mercado-em-2023\\\/#respond\"]}]},{\"@type\":\"WebPage\",\"@id\":\"https:\\\/\\\/www.cidademarketing.com.br\\\/marketing\\\/2022\\\/11\\\/08\\\/com-destaque-para-versao-eletrica-a-ford-exibe-na-fenatran-tres-novas-versoes-da-transit-que-chegam-ao-mercado-em-2023\\\/\",\"url\":\"https:\\\/\\\/www.cidademarketing.com.br\\\/marketing\\\/2022\\\/11\\\/08\\\/com-destaque-para-versao-eletrica-a-ford-exibe-na-fenatran-tres-novas-versoes-da-transit-que-chegam-ao-mercado-em-2023\\\/\",\"name\":\"Com destaque para vers\u00e3o el\u00e9trica, a Ford exibe na Fenatran tr\u00eas novas vers\u00f5es da Transit que chegam ao mercado em 2023 - CidadeMarketing\",\"isPartOf\":{\"@id\":\"https:\\\/\\\/www.cidademarketing.com.br\\\/marketing\\\/#website\"},\"primaryImageOfPage\":{\"@id\":\"https:\\\/\\\/www.cidademarketing.com.br\\\/marketing\\\/2022\\\/11\\\/08\\\/com-destaque-para-versao-eletrica-a-ford-exibe-na-fenatran-tres-novas-versoes-da-transit-que-chegam-ao-mercado-em-2023\\\/#primaryimage\"},\"image\":{\"@id\":\"https:\\\/\\\/www.cidademarketing.com.br\\\/marketing\\\/2022\\\/11\\\/08\\\/com-destaque-para-versao-eletrica-a-ford-exibe-na-fenatran-tres-novas-versoes-da-transit-que-chegam-ao-mercado-em-2023\\\/#primaryimage\"},\"thumbnailUrl\":\"https:\\\/\\\/www.cidademarketing.com.br\\\/marketing\\\/wp-content\\\/uploads\\\/2022\\\/11\\\/Ford_Fenatran_Estande-scaled.jpg\",\"datePublished\":\"2022-11-08T10:52:10+00:00\",\"breadcrumb\":{\"@id\":\"https:\\\/\\\/www.cidademarketing.com.br\\\/marketing\\\/2022\\\/11\\\/08\\\/com-destaque-para-versao-eletrica-a-ford-exibe-na-fenatran-tres-novas-versoes-da-transit-que-chegam-ao-mercado-em-2023\\\/#breadcrumb\"},\"inLanguage\":\"pt-BR\",\"potentialAction\":[{\"@type\":\"ReadAction\",\"target\":[\"https:\\\/\\\/www.cidademarketing.com.br\\\/marketing\\\/2022\\\/11\\\/08\\\/com-destaque-para-versao-eletrica-a-ford-exibe-na-fenatran-tres-novas-versoes-da-transit-que-chegam-ao-mercado-em-2023\\\/\"]}]},{\"@type\":\"ImageObject\",\"inLanguage\":\"pt-BR\",\"@id\":\"https:\\\/\\\/www.cidademarketing.com.br\\\/marketing\\\/2022\\\/11\\\/08\\\/com-destaque-para-versao-eletrica-a-ford-exibe-na-fenatran-tres-novas-versoes-da-transit-que-chegam-ao-mercado-em-2023\\\/#primaryimage\",\"url\":\"https:\\\/\\\/www.cidademarketing.com.br\\\/marketing\\\/wp-content\\\/uploads\\\/2022\\\/11\\\/Ford_Fenatran_Estande-scaled.jpg\",\"contentUrl\":\"https:\\\/\\\/www.cidademarketing.com.br\\\/marketing\\\/wp-content\\\/uploads\\\/2022\\\/11\\\/Ford_Fenatran_Estande-scaled.jpg\",\"width\":2560,\"height\":1621,\"caption\":\"Divulga\u00e7\u00e3o\"},{\"@type\":\"BreadcrumbList\",\"@id\":\"https:\\\/\\\/www.cidademarketing.com.br\\\/marketing\\\/2022\\\/11\\\/08\\\/com-destaque-para-versao-eletrica-a-ford-exibe-na-fenatran-tres-novas-versoes-da-transit-que-chegam-ao-mercado-em-2023\\\/#breadcrumb\",\"itemListElement\":[{\"@type\":\"ListItem\",\"position\":1,\"name\":\"In\u00edcio\",\"item\":\"https:\\\/\\\/www.cidademarketing.com.br\\\/marketing\\\/\"},{\"@type\":\"ListItem\",\"position\":2,\"name\":\"Com destaque para vers\u00e3o el\u00e9trica, a Ford exibe na Fenatran tr\u00eas novas vers\u00f5es da Transit que chegam ao mercado em 2023\"}]},{\"@type\":\"WebSite\",\"@id\":\"https:\\\/\\\/www.cidademarketing.com.br\\\/marketing\\\/#website\",\"url\":\"https:\\\/\\\/www.cidademarketing.com.br\\\/marketing\\\/\",\"name\":\"CidadeMarketing\",\"description\":\"Somos um ve\u00edculo de comunica\u00e7\u00e3o de destaque no Brasil, reconhecido por conte\u00fados nos segmentos de marketing, empreendedorismo e inova\u00e7\u00e3o.\",\"publisher\":{\"@id\":\"https:\\\/\\\/www.cidademarketing.com.br\\\/marketing\\\/#organization\"},\"alternateName\":\"CidadeMarketing\",\"potentialAction\":[{\"@type\":\"SearchAction\",\"target\":{\"@type\":\"EntryPoint\",\"urlTemplate\":\"https:\\\/\\\/www.cidademarketing.com.br\\\/marketing\\\/?s={search_term_string}\"},\"query-input\":{\"@type\":\"PropertyValueSpecification\",\"valueRequired\":true,\"valueName\":\"search_term_string\"}}],\"inLanguage\":\"pt-BR\"},{\"@type\":\"Organization\",\"@id\":\"https:\\\/\\\/www.cidademarketing.com.br\\\/marketing\\\/#organization\",\"name\":\"CidadeMarketing\",\"alternateName\":\"CidadeMarketing\",\"url\":\"https:\\\/\\\/www.cidademarketing.com.br\\\/marketing\\\/\",\"logo\":{\"@type\":\"ImageObject\",\"inLanguage\":\"pt-BR\",\"@id\":\"https:\\\/\\\/www.cidademarketing.com.br\\\/marketing\\\/#\\\/schema\\\/logo\\\/image\\\/\",\"url\":\"https:\\\/\\\/www.cidademarketing.com.br\\\/marketing\\\/wp-content\\\/uploads\\\/2020\\\/01\\\/cidademarketing_marca_mobile.png\",\"contentUrl\":\"https:\\\/\\\/www.cidademarketing.com.br\\\/marketing\\\/wp-content\\\/uploads\\\/2020\\\/01\\\/cidademarketing_marca_mobile.png\",\"width\":230,\"height\":92,\"caption\":\"CidadeMarketing\"},\"image\":{\"@id\":\"https:\\\/\\\/www.cidademarketing.com.br\\\/marketing\\\/#\\\/schema\\\/logo\\\/image\\\/\"},\"sameAs\":[\"https:\\\/\\\/www.facebook.com\\\/portalcidademarketing\",\"https:\\\/\\\/x.com\\\/CidadeMarketing\",\"https:\\\/\\\/www.instagram.com\\\/cidademarketing\\\/\"]},{\"@type\":\"Person\",\"@id\":\"https:\\\/\\\/www.cidademarketing.com.br\\\/marketing\\\/#\\\/schema\\\/person\\\/02daff9f18bd9378c9e01eb6b2db155f\",\"name\":\"Thales Brand\u00e3o\",\"image\":{\"@type\":\"ImageObject\",\"inLanguage\":\"pt-BR\",\"@id\":\"https:\\\/\\\/secure.gravatar.com\\\/avatar\\\/7ca3206950207cc3cb48feec56a8a7898741ab725c368d99d5d7a5a50aab80c6?s=96&d=mm&r=g\",\"url\":\"https:\\\/\\\/secure.gravatar.com\\\/avatar\\\/7ca3206950207cc3cb48feec56a8a7898741ab725c368d99d5d7a5a50aab80c6?s=96&d=mm&r=g\",\"contentUrl\":\"https:\\\/\\\/secure.gravatar.com\\\/avatar\\\/7ca3206950207cc3cb48feec56a8a7898741ab725c368d99d5d7a5a50aab80c6?s=96&d=mm&r=g\",\"caption\":\"Thales Brand\u00e3o\"},\"description\":\"Editor Executivo do Portal CidadeMarketing.com.br &gt; Mestre em Comunica\u00e7\u00e3o e Sociedade pela Universidade Federal de Sergipe. Possui MBA Executivo em Administra\u00e7\u00e3o com \u00eanfase em Marketing pela Funda\u00e7\u00e3o Get\u00falio Vargas - Rio de Janeiro. Consultor, Palestrante e Pesquisador sobre Empreendedorismo, Marketing, Redes Sociais e Neg\u00f3cios Digitais. Professor, Palestrante TedxTalks e Campus Party. Twitter: @ThalesBrandao\",\"sameAs\":[\"http:\\\/\\\/www.mandacaru.com.br\",\"https:\\\/\\\/www.facebook.com\\\/thalesbrandao\",\"http:\\\/\\\/www.instagram.com.br\\\/thalesbrandaoferreira\",\"https:\\\/\\\/www.linkedin.com\\\/in\\\/thales-brand\u00e3o-3948609\\\/\",\"https:\\\/\\\/x.com\\\/http:\\\/\\\/www.twitter.com\\\/thalesbrandao\"],\"url\":\"https:\\\/\\\/www.cidademarketing.com.br\\\/marketing\\\/author\\\/thalesbrandao\\\/\"}]}<\/script>\n<!-- \/ Yoast SEO plugin. -->","yoast_head_json":{"title":"Com destaque para vers\u00e3o el\u00e9trica, a Ford exibe na Fenatran tr\u00eas novas vers\u00f5es da Transit que chegam ao mercado em 2023 - CidadeMarketing","robots":{"index":"index","follow":"follow","max-snippet":"max-snippet:-1","max-image-preview":"max-image-preview:large","max-video-preview":"max-video-preview:-1"},"canonical":"https:\/\/www.cidademarketing.com.br\/marketing\/2022\/11\/08\/com-destaque-para-versao-eletrica-a-ford-exibe-na-fenatran-tres-novas-versoes-da-transit-que-chegam-ao-mercado-em-2023\/","og_locale":"pt_BR","og_type":"article","og_title":"Com destaque para vers\u00e3o el\u00e9trica, a Ford exibe na Fenatran tr\u00eas novas vers\u00f5es da Transit que chegam ao mercado em 2023 - CidadeMarketing","og_description":"&nbsp; A Ford apresenta na Fenatran \u2013 Sal\u00e3o Internacional do Transporte Rodovi\u00e1rio de Cargas, aberta hoje em S\u00e3o Paulo, tr\u00eas novas vers\u00f5es da Transit que chegam ao mercado em 2023: Autom\u00e1tica, Chassi e E-Transit 100% el\u00e9trica. A diversifica\u00e7\u00e3o da oferta de modelos da van faz parte da estrat\u00e9gia da Divis\u00e3o de Ve\u00edculos Comerciais da Ford [&hellip;]","og_url":"https:\/\/www.cidademarketing.com.br\/marketing\/2022\/11\/08\/com-destaque-para-versao-eletrica-a-ford-exibe-na-fenatran-tres-novas-versoes-da-transit-que-chegam-ao-mercado-em-2023\/","og_site_name":"CidadeMarketing","article_publisher":"https:\/\/www.facebook.com\/portalcidademarketing","article_author":"https:\/\/www.facebook.com\/thalesbrandao","article_published_time":"2022-11-08T10:52:10+00:00","og_image":[{"width":2560,"height":1621,"url":"https:\/\/www.cidademarketing.com.br\/marketing\/wp-content\/uploads\/2022\/11\/Ford_Fenatran_Estande-scaled.jpg","type":"image\/jpeg"}],"author":"Thales Brand\u00e3o","twitter_card":"summary_large_image","twitter_creator":"@http:\/\/www.twitter.com\/thalesbrandao","twitter_site":"@CidadeMarketing","twitter_misc":{"Escrito por":"Thales Brand\u00e3o","Est. tempo de leitura":"7 minutos"},"schema":{"@context":"https:\/\/schema.org","@graph":[{"@type":"Article","@id":"https:\/\/www.cidademarketing.com.br\/marketing\/2022\/11\/08\/com-destaque-para-versao-eletrica-a-ford-exibe-na-fenatran-tres-novas-versoes-da-transit-que-chegam-ao-mercado-em-2023\/#article","isPartOf":{"@id":"https:\/\/www.cidademarketing.com.br\/marketing\/2022\/11\/08\/com-destaque-para-versao-eletrica-a-ford-exibe-na-fenatran-tres-novas-versoes-da-transit-que-chegam-ao-mercado-em-2023\/"},"author":{"name":"Thales Brand\u00e3o","@id":"https:\/\/www.cidademarketing.com.br\/marketing\/#\/schema\/person\/02daff9f18bd9378c9e01eb6b2db155f"},"headline":"Com destaque para vers\u00e3o el\u00e9trica, a Ford exibe na Fenatran tr\u00eas novas vers\u00f5es da Transit que chegam ao mercado em 2023","datePublished":"2022-11-08T10:52:10+00:00","mainEntityOfPage":{"@id":"https:\/\/www.cidademarketing.com.br\/marketing\/2022\/11\/08\/com-destaque-para-versao-eletrica-a-ford-exibe-na-fenatran-tres-novas-versoes-da-transit-que-chegam-ao-mercado-em-2023\/"},"wordCount":1384,"commentCount":0,"publisher":{"@id":"https:\/\/www.cidademarketing.com.br\/marketing\/#organization"},"image":{"@id":"https:\/\/www.cidademarketing.com.br\/marketing\/2022\/11\/08\/com-destaque-para-versao-eletrica-a-ford-exibe-na-fenatran-tres-novas-versoes-da-transit-que-chegam-ao-mercado-em-2023\/#primaryimage"},"thumbnailUrl":"https:\/\/www.cidademarketing.com.br\/marketing\/wp-content\/uploads\/2022\/11\/Ford_Fenatran_Estande-scaled.jpg","keywords":["el\u00e9trica","estrat\u00e9gia","Ford","inova\u00e7\u00e3o","marketing","tecnologia"],"articleSection":["Not\u00edcias"],"inLanguage":"pt-BR","potentialAction":[{"@type":"CommentAction","name":"Comment","target":["https:\/\/www.cidademarketing.com.br\/marketing\/2022\/11\/08\/com-destaque-para-versao-eletrica-a-ford-exibe-na-fenatran-tres-novas-versoes-da-transit-que-chegam-ao-mercado-em-2023\/#respond"]}]},{"@type":"WebPage","@id":"https:\/\/www.cidademarketing.com.br\/marketing\/2022\/11\/08\/com-destaque-para-versao-eletrica-a-ford-exibe-na-fenatran-tres-novas-versoes-da-transit-que-chegam-ao-mercado-em-2023\/","url":"https:\/\/www.cidademarketing.com.br\/marketing\/2022\/11\/08\/com-destaque-para-versao-eletrica-a-ford-exibe-na-fenatran-tres-novas-versoes-da-transit-que-chegam-ao-mercado-em-2023\/","name":"Com destaque para vers\u00e3o el\u00e9trica, a Ford exibe na Fenatran tr\u00eas novas vers\u00f5es da Transit que chegam ao mercado em 2023 - CidadeMarketing","isPartOf":{"@id":"https:\/\/www.cidademarketing.com.br\/marketing\/#website"},"primaryImageOfPage":{"@id":"https:\/\/www.cidademarketing.com.br\/marketing\/2022\/11\/08\/com-destaque-para-versao-eletrica-a-ford-exibe-na-fenatran-tres-novas-versoes-da-transit-que-chegam-ao-mercado-em-2023\/#primaryimage"},"image":{"@id":"https:\/\/www.cidademarketing.com.br\/marketing\/2022\/11\/08\/com-destaque-para-versao-eletrica-a-ford-exibe-na-fenatran-tres-novas-versoes-da-transit-que-chegam-ao-mercado-em-2023\/#primaryimage"},"thumbnailUrl":"https:\/\/www.cidademarketing.com.br\/marketing\/wp-content\/uploads\/2022\/11\/Ford_Fenatran_Estande-scaled.jpg","datePublished":"2022-11-08T10:52:10+00:00","breadcrumb":{"@id":"https:\/\/www.cidademarketing.com.br\/marketing\/2022\/11\/08\/com-destaque-para-versao-eletrica-a-ford-exibe-na-fenatran-tres-novas-versoes-da-transit-que-chegam-ao-mercado-em-2023\/#breadcrumb"},"inLanguage":"pt-BR","potentialAction":[{"@type":"ReadAction","target":["https:\/\/www.cidademarketing.com.br\/marketing\/2022\/11\/08\/com-destaque-para-versao-eletrica-a-ford-exibe-na-fenatran-tres-novas-versoes-da-transit-que-chegam-ao-mercado-em-2023\/"]}]},{"@type":"ImageObject","inLanguage":"pt-BR","@id":"https:\/\/www.cidademarketing.com.br\/marketing\/2022\/11\/08\/com-destaque-para-versao-eletrica-a-ford-exibe-na-fenatran-tres-novas-versoes-da-transit-que-chegam-ao-mercado-em-2023\/#primaryimage","url":"https:\/\/www.cidademarketing.com.br\/marketing\/wp-content\/uploads\/2022\/11\/Ford_Fenatran_Estande-scaled.jpg","contentUrl":"https:\/\/www.cidademarketing.com.br\/marketing\/wp-content\/uploads\/2022\/11\/Ford_Fenatran_Estande-scaled.jpg","width":2560,"height":1621,"caption":"Divulga\u00e7\u00e3o"},{"@type":"BreadcrumbList","@id":"https:\/\/www.cidademarketing.com.br\/marketing\/2022\/11\/08\/com-destaque-para-versao-eletrica-a-ford-exibe-na-fenatran-tres-novas-versoes-da-transit-que-chegam-ao-mercado-em-2023\/#breadcrumb","itemListElement":[{"@type":"ListItem","position":1,"name":"In\u00edcio","item":"https:\/\/www.cidademarketing.com.br\/marketing\/"},{"@type":"ListItem","position":2,"name":"Com destaque para vers\u00e3o el\u00e9trica, a Ford exibe na Fenatran tr\u00eas novas vers\u00f5es da Transit que chegam ao mercado em 2023"}]},{"@type":"WebSite","@id":"https:\/\/www.cidademarketing.com.br\/marketing\/#website","url":"https:\/\/www.cidademarketing.com.br\/marketing\/","name":"CidadeMarketing","description":"Somos um ve\u00edculo de comunica\u00e7\u00e3o de destaque no Brasil, reconhecido por conte\u00fados nos segmentos de marketing, empreendedorismo e inova\u00e7\u00e3o.","publisher":{"@id":"https:\/\/www.cidademarketing.com.br\/marketing\/#organization"},"alternateName":"CidadeMarketing","potentialAction":[{"@type":"SearchAction","target":{"@type":"EntryPoint","urlTemplate":"https:\/\/www.cidademarketing.com.br\/marketing\/?s={search_term_string}"},"query-input":{"@type":"PropertyValueSpecification","valueRequired":true,"valueName":"search_term_string"}}],"inLanguage":"pt-BR"},{"@type":"Organization","@id":"https:\/\/www.cidademarketing.com.br\/marketing\/#organization","name":"CidadeMarketing","alternateName":"CidadeMarketing","url":"https:\/\/www.cidademarketing.com.br\/marketing\/","logo":{"@type":"ImageObject","inLanguage":"pt-BR","@id":"https:\/\/www.cidademarketing.com.br\/marketing\/#\/schema\/logo\/image\/","url":"https:\/\/www.cidademarketing.com.br\/marketing\/wp-content\/uploads\/2020\/01\/cidademarketing_marca_mobile.png","contentUrl":"https:\/\/www.cidademarketing.com.br\/marketing\/wp-content\/uploads\/2020\/01\/cidademarketing_marca_mobile.png","width":230,"height":92,"caption":"CidadeMarketing"},"image":{"@id":"https:\/\/www.cidademarketing.com.br\/marketing\/#\/schema\/logo\/image\/"},"sameAs":["https:\/\/www.facebook.com\/portalcidademarketing","https:\/\/x.com\/CidadeMarketing","https:\/\/www.instagram.com\/cidademarketing\/"]},{"@type":"Person","@id":"https:\/\/www.cidademarketing.com.br\/marketing\/#\/schema\/person\/02daff9f18bd9378c9e01eb6b2db155f","name":"Thales Brand\u00e3o","image":{"@type":"ImageObject","inLanguage":"pt-BR","@id":"https:\/\/secure.gravatar.com\/avatar\/7ca3206950207cc3cb48feec56a8a7898741ab725c368d99d5d7a5a50aab80c6?s=96&d=mm&r=g","url":"https:\/\/secure.gravatar.com\/avatar\/7ca3206950207cc3cb48feec56a8a7898741ab725c368d99d5d7a5a50aab80c6?s=96&d=mm&r=g","contentUrl":"https:\/\/secure.gravatar.com\/avatar\/7ca3206950207cc3cb48feec56a8a7898741ab725c368d99d5d7a5a50aab80c6?s=96&d=mm&r=g","caption":"Thales Brand\u00e3o"},"description":"Editor Executivo do Portal CidadeMarketing.com.br &gt; Mestre em Comunica\u00e7\u00e3o e Sociedade pela Universidade Federal de Sergipe. Possui MBA Executivo em Administra\u00e7\u00e3o com \u00eanfase em Marketing pela Funda\u00e7\u00e3o Get\u00falio Vargas - Rio de Janeiro. Consultor, Palestrante e Pesquisador sobre Empreendedorismo, Marketing, Redes Sociais e Neg\u00f3cios Digitais. Professor, Palestrante TedxTalks e Campus Party. Twitter: @ThalesBrandao","sameAs":["http:\/\/www.mandacaru.com.br","https:\/\/www.facebook.com\/thalesbrandao","http:\/\/www.instagram.com.br\/thalesbrandaoferreira","https:\/\/www.linkedin.com\/in\/thales-brand\u00e3o-3948609\/","https:\/\/x.com\/http:\/\/www.twitter.com\/thalesbrandao"],"url":"https:\/\/www.cidademarketing.com.br\/marketing\/author\/thalesbrandao\/"}]}},"amp_enabled":true,"_links":{"self":[{"href":"https:\/\/www.cidademarketing.com.br\/marketing\/wp-json\/wp\/v2\/posts\/39502","targetHints":{"allow":["GET"]}}],"collection":[{"href":"https:\/\/www.cidademarketing.com.br\/marketing\/wp-json\/wp\/v2\/posts"}],"about":[{"href":"https:\/\/www.cidademarketing.com.br\/marketing\/wp-json\/wp\/v2\/types\/post"}],"author":[{"embeddable":true,"href":"https:\/\/www.cidademarketing.com.br\/marketing\/wp-json\/wp\/v2\/users\/1"}],"replies":[{"embeddable":true,"href":"https:\/\/www.cidademarketing.com.br\/marketing\/wp-json\/wp\/v2\/comments?post=39502"}],"version-history":[{"count":1,"href":"https:\/\/www.cidademarketing.com.br\/marketing\/wp-json\/wp\/v2\/posts\/39502\/revisions"}],"predecessor-version":[{"id":39504,"href":"https:\/\/www.cidademarketing.com.br\/marketing\/wp-json\/wp\/v2\/posts\/39502\/revisions\/39504"}],"wp:featuredmedia":[{"embeddable":true,"href":"https:\/\/www.cidademarketing.com.br\/marketing\/wp-json\/wp\/v2\/media\/39503"}],"wp:attachment":[{"href":"https:\/\/www.cidademarketing.com.br\/marketing\/wp-json\/wp\/v2\/media?parent=39502"}],"wp:term":[{"taxonomy":"category","embeddable":true,"href":"https:\/\/www.cidademarketing.com.br\/marketing\/wp-json\/wp\/v2\/categories?post=39502"},{"taxonomy":"post_tag","embeddable":true,"href":"https:\/\/www.cidademarketing.com.br\/marketing\/wp-json\/wp\/v2\/tags?post=39502"}],"curies":[{"name":"wp","href":"https:\/\/api.w.org\/{rel}","templated":true}]}}