{"id":39489,"date":"2022-11-07T23:32:09","date_gmt":"2022-11-08T02:32:09","guid":{"rendered":"https:\/\/www.cidademarketing.com.br\/marketing\/?p=39489"},"modified":"2022-11-07T23:32:09","modified_gmt":"2022-11-08T02:32:09","slug":"ingressos-para-o-ufc-283-comecam-a-ser-vendidos-na-quarta-feira","status":"publish","type":"post","link":"https:\/\/www.cidademarketing.com.br\/marketing\/2022\/11\/07\/ingressos-para-o-ufc-283-comecam-a-ser-vendidos-na-quarta-feira\/","title":{"rendered":"Ingressos para o UFC 283 come\u00e7am a ser vendidos na quarta-feira"},"content":{"rendered":"<p>A espera acabou! No dia 21 de janeiro, o UFC retorna \u00e0 Jeunesse Arena, no Rio de Janeiro, para um card que promete ser hist\u00f3rico. Em uma das lutas mais esperadas do evento, o campe\u00e3o peso-mosca, Deiveson Figueiredo, enfrenta o campe\u00e3o interino da divis\u00e3o, Brandon Moreno, pela unifica\u00e7\u00e3o do t\u00edtulo. Essa ser\u00e1 a quarta luta entre Figueiredo e Moreno: \u00e9 a primeira vez que dois atletas se enfrentam em uma tetralogia na hist\u00f3ria do UFC.<\/p>\n<p><iframe title=\"Spotify Embed: Podcast CidadeMarketing\" style=\"border-radius: 12px\" width=\"100%\" height=\"152\" frameborder=\"0\" allowfullscreen allow=\"autoplay; clipboard-write; encrypted-media; fullscreen; picture-in-picture\" loading=\"lazy\" src=\"https:\/\/open.spotify.com\/embed\/show\/4khMKzP3FgFRWVwb73xicc?si=252fe5bff2b34909&#038;utm_source=oembed\"><\/iframe><\/p>\n<p>O primeiro duelo entre os dois aconteceu em dezembro de 2020. Na ocasi\u00e3o, o brasileiro fazia sua segunda defesa do t\u00edtulo peso-mosca e manteve o cintur\u00e3o ao empatar com o mexicano em decis\u00e3o majorit\u00e1ria dos ju\u00edzes. Seis meses depois, os rivais se reencontraram, e desta vez quem levou a melhor foi Moreno, que venceu por finaliza\u00e7\u00e3o, se sagrando campe\u00e3o da categoria.<\/p>\n<p>Em janeiro do ano seguinte, na terceira luta entre os dois, Deiveson recuperou o t\u00edtulo com vit\u00f3ria por decis\u00e3o un\u00e2nime. Brandon, ent\u00e3o, se credenciou para uma nova disputa contra Deiveson pelo cintur\u00e3o linear da divis\u00e3o ao vencer Kai-Kara France e conquistar o cintur\u00e3o interino da divis\u00e3o em julho. No Rio, os dois ir\u00e3o se reencontrar mais uma vez para definir o campe\u00e3o linear do peso-mosca.<\/p>\n<p>Outras lutas do card do UFC 283 incluem:<\/p>\n<p>\u2022 A lenda do MMA e ex-campe\u00e3o do UFC, Mauricio Shogun enfrenta o ucraniano Ihor Potieria, em duelo no peso meio-pesado<br \/>\n\u2022 Atual No. 11 do ranking peso meio-pesado, Johnny Walker enfrenta Paul Craig, segundo atleta com mais vit\u00f3rias por finaliza\u00e7\u00e3o na hist\u00f3ria da divis\u00e3o<br \/>\n\u2022 Jessica Andrade retorna \u00e0 arena onde se sagrou campe\u00e3 peso-palha do UFC, agora no peso-mosca, para enfrentar a No. 4 da divis\u00e3o Lauren Murphy<br \/>\n\u2022 Gregory Rodrigues espera manter a sequ\u00eancia positiva de dois nocautes contra o atual No. 15 do peso-m\u00e9dio, Brad Tavares<br \/>\n\u2022 O brasileiro Jailton Almeida, o Malhadinho, busca sua quarta vit\u00f3ria consecutiva no UFC contra Shamil Abdurakhimov, No. 15 do peso-pesado<br \/>\n\u2022 No peso-leve, o brasileiro Thiago Moises busca recupera\u00e7\u00e3o contra Guram Kutateladze<br \/>\n\u2022 Ap\u00f3s mais de um ano afastado do oct\u00f3gono, Warlley Alves enfrenta Nicolas Dalby em duelo v\u00e1lido pelo peso meio-m\u00e9dio<br \/>\n\u2022 Estreia em dose dupla para a fam\u00edlia Bonfim: ap\u00f3s serem contratados no Contender Series este ano, Gabriel e Ismael Bonfim fazem suas primeiras lutas no UFC. No peso-leve, Ismael enfrenta Terrance McKinney e pelo peso meio-m\u00e9dio, Gabriel enfrenta Mounir Lazzez<br \/>\n\u2022 Josiane Nunes busca a terceira vit\u00f3ria no UFC contra a francesa Zarah Fairn<\/p>\n<p>Os ingressos para o UFC\u00ae 283 come\u00e7am a ser vendidos na quarta-feira, dia 9 de novembro, no site Eventim. O card completo do evento ser\u00e1 transmitido com exclusividade pelo UFC Fight Pass.<\/p>\n<p>Assim como em eventos anteriores, os f\u00e3s tamb\u00e9m poder\u00e3o adquirir pacotes de VIP Experience, ingressos que oferecem experi\u00eancias diferenciadas e exclusivas, como assentos reservados na luta e na pesagem, fotos com o cintur\u00e3o dos campe\u00f5es dentro do oct\u00f3gono, al\u00e9m de meet and greet com atletas e Octagon Girls e lounge exclusivo com servi\u00e7o de alimentos e bebidas.<br \/>\nConfira os setores e valores de ingressos para o UFC\u00ae 283:<\/p>\n<table>\n<tbody>\n<tr>\n<td width=\"247\"><strong>CATEGORIA<\/strong><\/td>\n<td width=\"147\"><strong>INTEIRA<\/strong><\/td>\n<td width=\"142\"><strong>MEIA<\/strong><\/td>\n<\/tr>\n<tr>\n<td width=\"247\">Cadeira Superior D<\/td>\n<td width=\"147\">R\uff04 390,00<\/td>\n<td width=\"142\">R\uff04 195,00<\/td>\n<\/tr>\n<tr>\n<td width=\"247\">Cadeira Superior C<\/td>\n<td width=\"147\">R\uff04 442,00<\/td>\n<td width=\"142\">R\uff04 221,00<\/td>\n<\/tr>\n<tr>\n<td width=\"247\">Cadeira Superior B<\/td>\n<td width=\"147\">R\uff04 520,00<\/td>\n<td width=\"142\">R\uff04 260,00<\/td>\n<\/tr>\n<tr>\n<td width=\"247\">Cadeira Superior A<\/td>\n<td width=\"147\">R\uff04 780,00<\/td>\n<td width=\"142\">R\uff04 390,00<\/td>\n<\/tr>\n<tr>\n<td width=\"247\">Camarotes*<\/td>\n<td width=\"147\">R\uff04 1.040,00<\/td>\n<td width=\"142\">R\uff04 520,00<\/td>\n<\/tr>\n<tr>\n<td width=\"247\">Cadeira<\/td>\n<td width=\"147\">R\uff04 1.300,00<\/td>\n<td width=\"142\">R\uff04 650,00<\/td>\n<\/tr>\n<tr>\n<td width=\"247\">Cadeira Especial<\/td>\n<td width=\"147\">R\uff04 1.690,00<\/td>\n<td width=\"142\">R\uff04 845,00<\/td>\n<\/tr>\n<tr>\n<td width=\"247\">Cadeira Premium<\/td>\n<td width=\"147\">R\uff04 1.950,00<\/td>\n<td width=\"142\">R\uff04 975,00<\/td>\n<\/tr>\n<tr>\n<td width=\"247\">Oct\u00f3gono Premium<\/td>\n<td width=\"147\">R\uff04 2.340,00<\/td>\n<td width=\"142\">R\uff04 1.170,00<\/td>\n<\/tr>\n<\/tbody>\n<\/table>\n<p>* Valor para assentos individuais<\/p>\n<p>Valores para os pacotes do VIP Experience*:<\/p>\n<table>\n<tbody>\n<tr>\n<td width=\"247\"><strong>CATEGORIA<\/strong><\/td>\n<td width=\"147\"><strong>INTEIRA<\/strong><\/td>\n<td width=\"142\"><strong>MEIA<\/strong><\/td>\n<\/tr>\n<tr>\n<td width=\"247\">Ultimate Package<\/td>\n<td width=\"147\">R\uff04 3.720,00<\/p>\n<p>(Entrada = R\uff04 2.340,00)<\/p>\n<p>(Servi\u00e7o = R\uff04 1.380,00)<\/td>\n<td width=\"142\">R\uff04 2.550,00<\/p>\n<p>(Entrada = R\uff04 1.170,00)<\/p>\n<p>(Servi\u00e7o = R\uff04 1.380,00)<\/td>\n<\/tr>\n<tr>\n<td width=\"247\">Ultimate Plus<\/td>\n<td width=\"147\">R\uff04 3.960,00<\/p>\n<p>(Entrada = R\uff04 2.340,00)<\/p>\n<p>(Servi\u00e7o = R\uff04 1.620,00)<\/td>\n<td width=\"142\">R\uff04 2.790,00<\/p>\n<p>(Entrada = R\uff04 1.170,00)<\/p>\n<p>(Servi\u00e7o = R\uff04 1.620,00)<\/td>\n<\/tr>\n<tr>\n<td width=\"247\">Elite Plus<\/td>\n<td width=\"147\">R\uff04 4.200,00<\/p>\n<p>(Entrada = R\uff04 2.340,00)<\/p>\n<p>(Servi\u00e7o = R\uff04 1.860,00)<\/td>\n<td width=\"142\">R\uff04 3.030,00<\/p>\n<p>(Entrada = R\uff04 1.170.00)<\/p>\n<p>(Servi\u00e7o = R\uff04 1.860,00)<\/td>\n<\/tr>\n<tr>\n<td width=\"247\">VIP Package<\/td>\n<td width=\"147\">R\uff04 4.400,00<\/p>\n<p>(Entrada = R\uff04 2.340,00)<\/p>\n<p>(Servi\u00e7o = R\uff04 2.060,00)<\/td>\n<td width=\"142\">R\uff04 3.230,00<\/p>\n<p>(Entrada = R\uff04 1.170,00)<\/p>\n<p>(Servi\u00e7o = R\uff04 2.060,00)<\/td>\n<\/tr>\n<\/tbody>\n<\/table>\n<p>*O \u201c<em>UFC VIP Experience<\/em>\u201d inclui servi\u00e7os de catering (Bebida e Comida). O consumo de bebidas alco\u00f3licas (cerveja) fica restrito \u00e0 \u00e1rea reservada para \u201cHospitality Center\u201d. O \u201c<em>UFC VIP Experience<\/em>\u201d tamb\u00e9m inclui assentos reservados no evento de Pesagem e kits com produtos UFC.<\/p>\n<p><strong><u>UFC<sup>\u00ae<\/sup> 283*<\/u><\/strong><\/p>\n<p>&nbsp;<\/p>\n<p><strong>Deiveson Figueiredo<\/strong> x Brandon Moreno<\/p>\n<p><strong>Mauricio Shogun<\/strong> x Ihor Potieria<\/p>\n<p>Paul Craig x <strong>Johnny Walker<\/strong><\/p>\n<p>Lauren Murphy x <strong>Jessica Andrade<\/strong><\/p>\n<p><strong>Thiago Moises<\/strong> x Guram Kutateladze<\/p>\n<p><strong>Warlley Alves<\/strong> x Nicolas Dalby<\/p>\n<p>Shamil Abdurakhimov x <strong>Jailton Almeida<\/strong><\/p>\n<p><strong>Ismael Bonfim<\/strong> x Terrance McKinney<\/p>\n<p>Brad Tavares x <strong>Gregory Rodrigues<\/strong><\/p>\n<p><strong>Gabriel Bonfim<\/strong> x Mounir Lazzez<\/p>\n<p><strong>Josiane Nunes<\/strong> x Zarah Fairn<\/p>\n<p>&nbsp;<\/p>\n<p><em>*Card sujeito a altera\u00e7\u00f5es; mais lutas a serem anunciadas. <\/em><\/p>\n<p>&nbsp;<\/p>\n<p><strong>Para mais informa\u00e7\u00f5es, visite <\/strong><a href=\"https:\/\/www.ufc.com.br\/event\/ufc-283\" target=\"_blank\" rel=\"noopener\">o site do evento<\/a>.<strong>\u00a0<\/strong><\/p>\n<p><iframe style=\"width: 100%; max-width: 660px; overflow: hidden; background: transparent;\" src=\"https:\/\/embed.podcasts.apple.com\/br\/podcast\/podcast-cidademarketing\/id1371923283\" height=\"450\" frameborder=\"0\" sandbox=\"allow-forms allow-popups allow-same-origin allow-scripts allow-storage-access-by-user-activation allow-top-navigation-by-user-activation\"><\/iframe><\/p>\n","protected":false},"excerpt":{"rendered":"<p>A espera acabou! No dia 21 de janeiro, o UFC retorna \u00e0 Jeunesse Arena, no Rio de Janeiro, para um card que promete ser hist\u00f3rico. Em uma das lutas mais esperadas do evento, o campe\u00e3o peso-mosca, Deiveson Figueiredo, enfrenta o campe\u00e3o interino da divis\u00e3o, Brandon Moreno, pela unifica\u00e7\u00e3o do t\u00edtulo. Essa ser\u00e1 a quarta luta [&hellip;]<\/p>\n","protected":false},"author":1,"featured_media":39490,"comment_status":"open","ping_status":"open","sticky":false,"template":"","format":"standard","meta":{"tdm_status":"","tdm_grid_status":"","footnotes":""},"categories":[6],"tags":[65,33,28,194,199,466,301],"class_list":["post-39489","post","type-post","status-publish","format-standard","has-post-thumbnail","hentry","category-noticias","tag-campanha","tag-estrategia","tag-marketing","tag-marketing-esportivo","tag-rio-de-janeiro","tag-ufc","tag-vendas"],"yoast_head":"<!-- This site is optimized with the Yoast SEO plugin v27.5 - https:\/\/yoast.com\/product\/yoast-seo-wordpress\/ -->\n<title>Ingressos para o UFC 283 come\u00e7am a ser vendidos na quarta-feira - CidadeMarketing<\/title>\n<meta name=\"robots\" content=\"index, follow, max-snippet:-1, max-image-preview:large, max-video-preview:-1\" \/>\n<link rel=\"canonical\" href=\"https:\/\/www.cidademarketing.com.br\/marketing\/2022\/11\/07\/ingressos-para-o-ufc-283-comecam-a-ser-vendidos-na-quarta-feira\/\" \/>\n<meta property=\"og:locale\" content=\"pt_BR\" \/>\n<meta property=\"og:type\" content=\"article\" \/>\n<meta property=\"og:title\" content=\"Ingressos para o UFC 283 come\u00e7am a ser vendidos na quarta-feira - CidadeMarketing\" \/>\n<meta property=\"og:description\" content=\"A espera acabou! No dia 21 de janeiro, o UFC retorna \u00e0 Jeunesse Arena, no Rio de Janeiro, para um card que promete ser hist\u00f3rico. Em uma das lutas mais esperadas do evento, o campe\u00e3o peso-mosca, Deiveson Figueiredo, enfrenta o campe\u00e3o interino da divis\u00e3o, Brandon Moreno, pela unifica\u00e7\u00e3o do t\u00edtulo. Essa ser\u00e1 a quarta luta [&hellip;]\" \/>\n<meta property=\"og:url\" content=\"https:\/\/www.cidademarketing.com.br\/marketing\/2022\/11\/07\/ingressos-para-o-ufc-283-comecam-a-ser-vendidos-na-quarta-feira\/\" \/>\n<meta property=\"og:site_name\" content=\"CidadeMarketing\" \/>\n<meta property=\"article:publisher\" content=\"https:\/\/www.facebook.com\/portalcidademarketing\" \/>\n<meta property=\"article:author\" content=\"https:\/\/www.facebook.com\/thalesbrandao\" \/>\n<meta property=\"article:published_time\" content=\"2022-11-08T02:32:09+00:00\" \/>\n<meta property=\"og:image\" content=\"https:\/\/www.cidademarketing.com.br\/marketing\/wp-content\/uploads\/2022\/11\/ufc_marca.jpg\" \/>\n\t<meta property=\"og:image:width\" content=\"800\" \/>\n\t<meta property=\"og:image:height\" content=\"800\" \/>\n\t<meta property=\"og:image:type\" content=\"image\/jpeg\" \/>\n<meta name=\"author\" content=\"Thales Brand\u00e3o\" \/>\n<meta name=\"twitter:card\" content=\"summary_large_image\" \/>\n<meta name=\"twitter:creator\" content=\"@http:\/\/www.twitter.com\/thalesbrandao\" \/>\n<meta name=\"twitter:site\" content=\"@CidadeMarketing\" \/>\n<meta name=\"twitter:label1\" content=\"Escrito por\" \/>\n\t<meta name=\"twitter:data1\" content=\"Thales Brand\u00e3o\" \/>\n\t<meta name=\"twitter:label2\" content=\"Est. tempo de leitura\" \/>\n\t<meta name=\"twitter:data2\" content=\"4 minutos\" \/>\n<script type=\"application\/ld+json\" class=\"yoast-schema-graph\">{\"@context\":\"https:\\\/\\\/schema.org\",\"@graph\":[{\"@type\":\"Article\",\"@id\":\"https:\\\/\\\/www.cidademarketing.com.br\\\/marketing\\\/2022\\\/11\\\/07\\\/ingressos-para-o-ufc-283-comecam-a-ser-vendidos-na-quarta-feira\\\/#article\",\"isPartOf\":{\"@id\":\"https:\\\/\\\/www.cidademarketing.com.br\\\/marketing\\\/2022\\\/11\\\/07\\\/ingressos-para-o-ufc-283-comecam-a-ser-vendidos-na-quarta-feira\\\/\"},\"author\":{\"name\":\"Thales Brand\u00e3o\",\"@id\":\"https:\\\/\\\/www.cidademarketing.com.br\\\/marketing\\\/#\\\/schema\\\/person\\\/02daff9f18bd9378c9e01eb6b2db155f\"},\"headline\":\"Ingressos para o UFC 283 come\u00e7am a ser vendidos na quarta-feira\",\"datePublished\":\"2022-11-08T02:32:09+00:00\",\"mainEntityOfPage\":{\"@id\":\"https:\\\/\\\/www.cidademarketing.com.br\\\/marketing\\\/2022\\\/11\\\/07\\\/ingressos-para-o-ufc-283-comecam-a-ser-vendidos-na-quarta-feira\\\/\"},\"wordCount\":798,\"commentCount\":0,\"publisher\":{\"@id\":\"https:\\\/\\\/www.cidademarketing.com.br\\\/marketing\\\/#organization\"},\"image\":{\"@id\":\"https:\\\/\\\/www.cidademarketing.com.br\\\/marketing\\\/2022\\\/11\\\/07\\\/ingressos-para-o-ufc-283-comecam-a-ser-vendidos-na-quarta-feira\\\/#primaryimage\"},\"thumbnailUrl\":\"https:\\\/\\\/www.cidademarketing.com.br\\\/marketing\\\/wp-content\\\/uploads\\\/2022\\\/11\\\/ufc_marca.jpg\",\"keywords\":[\"campanha\",\"estrat\u00e9gia\",\"marketing\",\"marketing esportivo\",\"Rio de Janeiro\",\"UFC\",\"vendas\"],\"articleSection\":[\"Not\u00edcias\"],\"inLanguage\":\"pt-BR\",\"potentialAction\":[{\"@type\":\"CommentAction\",\"name\":\"Comment\",\"target\":[\"https:\\\/\\\/www.cidademarketing.com.br\\\/marketing\\\/2022\\\/11\\\/07\\\/ingressos-para-o-ufc-283-comecam-a-ser-vendidos-na-quarta-feira\\\/#respond\"]}]},{\"@type\":\"WebPage\",\"@id\":\"https:\\\/\\\/www.cidademarketing.com.br\\\/marketing\\\/2022\\\/11\\\/07\\\/ingressos-para-o-ufc-283-comecam-a-ser-vendidos-na-quarta-feira\\\/\",\"url\":\"https:\\\/\\\/www.cidademarketing.com.br\\\/marketing\\\/2022\\\/11\\\/07\\\/ingressos-para-o-ufc-283-comecam-a-ser-vendidos-na-quarta-feira\\\/\",\"name\":\"Ingressos para o UFC 283 come\u00e7am a ser vendidos na quarta-feira - CidadeMarketing\",\"isPartOf\":{\"@id\":\"https:\\\/\\\/www.cidademarketing.com.br\\\/marketing\\\/#website\"},\"primaryImageOfPage\":{\"@id\":\"https:\\\/\\\/www.cidademarketing.com.br\\\/marketing\\\/2022\\\/11\\\/07\\\/ingressos-para-o-ufc-283-comecam-a-ser-vendidos-na-quarta-feira\\\/#primaryimage\"},\"image\":{\"@id\":\"https:\\\/\\\/www.cidademarketing.com.br\\\/marketing\\\/2022\\\/11\\\/07\\\/ingressos-para-o-ufc-283-comecam-a-ser-vendidos-na-quarta-feira\\\/#primaryimage\"},\"thumbnailUrl\":\"https:\\\/\\\/www.cidademarketing.com.br\\\/marketing\\\/wp-content\\\/uploads\\\/2022\\\/11\\\/ufc_marca.jpg\",\"datePublished\":\"2022-11-08T02:32:09+00:00\",\"breadcrumb\":{\"@id\":\"https:\\\/\\\/www.cidademarketing.com.br\\\/marketing\\\/2022\\\/11\\\/07\\\/ingressos-para-o-ufc-283-comecam-a-ser-vendidos-na-quarta-feira\\\/#breadcrumb\"},\"inLanguage\":\"pt-BR\",\"potentialAction\":[{\"@type\":\"ReadAction\",\"target\":[\"https:\\\/\\\/www.cidademarketing.com.br\\\/marketing\\\/2022\\\/11\\\/07\\\/ingressos-para-o-ufc-283-comecam-a-ser-vendidos-na-quarta-feira\\\/\"]}]},{\"@type\":\"ImageObject\",\"inLanguage\":\"pt-BR\",\"@id\":\"https:\\\/\\\/www.cidademarketing.com.br\\\/marketing\\\/2022\\\/11\\\/07\\\/ingressos-para-o-ufc-283-comecam-a-ser-vendidos-na-quarta-feira\\\/#primaryimage\",\"url\":\"https:\\\/\\\/www.cidademarketing.com.br\\\/marketing\\\/wp-content\\\/uploads\\\/2022\\\/11\\\/ufc_marca.jpg\",\"contentUrl\":\"https:\\\/\\\/www.cidademarketing.com.br\\\/marketing\\\/wp-content\\\/uploads\\\/2022\\\/11\\\/ufc_marca.jpg\",\"width\":800,\"height\":800},{\"@type\":\"BreadcrumbList\",\"@id\":\"https:\\\/\\\/www.cidademarketing.com.br\\\/marketing\\\/2022\\\/11\\\/07\\\/ingressos-para-o-ufc-283-comecam-a-ser-vendidos-na-quarta-feira\\\/#breadcrumb\",\"itemListElement\":[{\"@type\":\"ListItem\",\"position\":1,\"name\":\"In\u00edcio\",\"item\":\"https:\\\/\\\/www.cidademarketing.com.br\\\/marketing\\\/\"},{\"@type\":\"ListItem\",\"position\":2,\"name\":\"Ingressos para o UFC 283 come\u00e7am a ser vendidos na quarta-feira\"}]},{\"@type\":\"WebSite\",\"@id\":\"https:\\\/\\\/www.cidademarketing.com.br\\\/marketing\\\/#website\",\"url\":\"https:\\\/\\\/www.cidademarketing.com.br\\\/marketing\\\/\",\"name\":\"CidadeMarketing\",\"description\":\"Somos um ve\u00edculo de comunica\u00e7\u00e3o de destaque no Brasil, reconhecido por conte\u00fados nos segmentos de marketing, empreendedorismo e inova\u00e7\u00e3o.\",\"publisher\":{\"@id\":\"https:\\\/\\\/www.cidademarketing.com.br\\\/marketing\\\/#organization\"},\"alternateName\":\"CidadeMarketing\",\"potentialAction\":[{\"@type\":\"SearchAction\",\"target\":{\"@type\":\"EntryPoint\",\"urlTemplate\":\"https:\\\/\\\/www.cidademarketing.com.br\\\/marketing\\\/?s={search_term_string}\"},\"query-input\":{\"@type\":\"PropertyValueSpecification\",\"valueRequired\":true,\"valueName\":\"search_term_string\"}}],\"inLanguage\":\"pt-BR\"},{\"@type\":\"Organization\",\"@id\":\"https:\\\/\\\/www.cidademarketing.com.br\\\/marketing\\\/#organization\",\"name\":\"CidadeMarketing\",\"alternateName\":\"CidadeMarketing\",\"url\":\"https:\\\/\\\/www.cidademarketing.com.br\\\/marketing\\\/\",\"logo\":{\"@type\":\"ImageObject\",\"inLanguage\":\"pt-BR\",\"@id\":\"https:\\\/\\\/www.cidademarketing.com.br\\\/marketing\\\/#\\\/schema\\\/logo\\\/image\\\/\",\"url\":\"https:\\\/\\\/www.cidademarketing.com.br\\\/marketing\\\/wp-content\\\/uploads\\\/2020\\\/01\\\/cidademarketing_marca_mobile.png\",\"contentUrl\":\"https:\\\/\\\/www.cidademarketing.com.br\\\/marketing\\\/wp-content\\\/uploads\\\/2020\\\/01\\\/cidademarketing_marca_mobile.png\",\"width\":230,\"height\":92,\"caption\":\"CidadeMarketing\"},\"image\":{\"@id\":\"https:\\\/\\\/www.cidademarketing.com.br\\\/marketing\\\/#\\\/schema\\\/logo\\\/image\\\/\"},\"sameAs\":[\"https:\\\/\\\/www.facebook.com\\\/portalcidademarketing\",\"https:\\\/\\\/x.com\\\/CidadeMarketing\",\"https:\\\/\\\/www.instagram.com\\\/cidademarketing\\\/\"]},{\"@type\":\"Person\",\"@id\":\"https:\\\/\\\/www.cidademarketing.com.br\\\/marketing\\\/#\\\/schema\\\/person\\\/02daff9f18bd9378c9e01eb6b2db155f\",\"name\":\"Thales Brand\u00e3o\",\"image\":{\"@type\":\"ImageObject\",\"inLanguage\":\"pt-BR\",\"@id\":\"https:\\\/\\\/secure.gravatar.com\\\/avatar\\\/7ca3206950207cc3cb48feec56a8a7898741ab725c368d99d5d7a5a50aab80c6?s=96&d=mm&r=g\",\"url\":\"https:\\\/\\\/secure.gravatar.com\\\/avatar\\\/7ca3206950207cc3cb48feec56a8a7898741ab725c368d99d5d7a5a50aab80c6?s=96&d=mm&r=g\",\"contentUrl\":\"https:\\\/\\\/secure.gravatar.com\\\/avatar\\\/7ca3206950207cc3cb48feec56a8a7898741ab725c368d99d5d7a5a50aab80c6?s=96&d=mm&r=g\",\"caption\":\"Thales Brand\u00e3o\"},\"description\":\"Editor Executivo do Portal CidadeMarketing.com.br &gt; Mestre em Comunica\u00e7\u00e3o e Sociedade pela Universidade Federal de Sergipe. Possui MBA Executivo em Administra\u00e7\u00e3o com \u00eanfase em Marketing pela Funda\u00e7\u00e3o Get\u00falio Vargas - Rio de Janeiro. Consultor, Palestrante e Pesquisador sobre Empreendedorismo, Marketing, Redes Sociais e Neg\u00f3cios Digitais. Professor, Palestrante TedxTalks e Campus Party. Twitter: @ThalesBrandao\",\"sameAs\":[\"http:\\\/\\\/www.mandacaru.com.br\",\"https:\\\/\\\/www.facebook.com\\\/thalesbrandao\",\"http:\\\/\\\/www.instagram.com.br\\\/thalesbrandaoferreira\",\"https:\\\/\\\/www.linkedin.com\\\/in\\\/thales-brand\u00e3o-3948609\\\/\",\"https:\\\/\\\/x.com\\\/http:\\\/\\\/www.twitter.com\\\/thalesbrandao\"],\"url\":\"https:\\\/\\\/www.cidademarketing.com.br\\\/marketing\\\/author\\\/thalesbrandao\\\/\"}]}<\/script>\n<!-- \/ Yoast SEO plugin. -->","yoast_head_json":{"title":"Ingressos para o UFC 283 come\u00e7am a ser vendidos na quarta-feira - CidadeMarketing","robots":{"index":"index","follow":"follow","max-snippet":"max-snippet:-1","max-image-preview":"max-image-preview:large","max-video-preview":"max-video-preview:-1"},"canonical":"https:\/\/www.cidademarketing.com.br\/marketing\/2022\/11\/07\/ingressos-para-o-ufc-283-comecam-a-ser-vendidos-na-quarta-feira\/","og_locale":"pt_BR","og_type":"article","og_title":"Ingressos para o UFC 283 come\u00e7am a ser vendidos na quarta-feira - CidadeMarketing","og_description":"A espera acabou! No dia 21 de janeiro, o UFC retorna \u00e0 Jeunesse Arena, no Rio de Janeiro, para um card que promete ser hist\u00f3rico. Em uma das lutas mais esperadas do evento, o campe\u00e3o peso-mosca, Deiveson Figueiredo, enfrenta o campe\u00e3o interino da divis\u00e3o, Brandon Moreno, pela unifica\u00e7\u00e3o do t\u00edtulo. Essa ser\u00e1 a quarta luta [&hellip;]","og_url":"https:\/\/www.cidademarketing.com.br\/marketing\/2022\/11\/07\/ingressos-para-o-ufc-283-comecam-a-ser-vendidos-na-quarta-feira\/","og_site_name":"CidadeMarketing","article_publisher":"https:\/\/www.facebook.com\/portalcidademarketing","article_author":"https:\/\/www.facebook.com\/thalesbrandao","article_published_time":"2022-11-08T02:32:09+00:00","og_image":[{"width":800,"height":800,"url":"https:\/\/www.cidademarketing.com.br\/marketing\/wp-content\/uploads\/2022\/11\/ufc_marca.jpg","type":"image\/jpeg"}],"author":"Thales Brand\u00e3o","twitter_card":"summary_large_image","twitter_creator":"@http:\/\/www.twitter.com\/thalesbrandao","twitter_site":"@CidadeMarketing","twitter_misc":{"Escrito por":"Thales Brand\u00e3o","Est. tempo de leitura":"4 minutos"},"schema":{"@context":"https:\/\/schema.org","@graph":[{"@type":"Article","@id":"https:\/\/www.cidademarketing.com.br\/marketing\/2022\/11\/07\/ingressos-para-o-ufc-283-comecam-a-ser-vendidos-na-quarta-feira\/#article","isPartOf":{"@id":"https:\/\/www.cidademarketing.com.br\/marketing\/2022\/11\/07\/ingressos-para-o-ufc-283-comecam-a-ser-vendidos-na-quarta-feira\/"},"author":{"name":"Thales Brand\u00e3o","@id":"https:\/\/www.cidademarketing.com.br\/marketing\/#\/schema\/person\/02daff9f18bd9378c9e01eb6b2db155f"},"headline":"Ingressos para o UFC 283 come\u00e7am a ser vendidos na quarta-feira","datePublished":"2022-11-08T02:32:09+00:00","mainEntityOfPage":{"@id":"https:\/\/www.cidademarketing.com.br\/marketing\/2022\/11\/07\/ingressos-para-o-ufc-283-comecam-a-ser-vendidos-na-quarta-feira\/"},"wordCount":798,"commentCount":0,"publisher":{"@id":"https:\/\/www.cidademarketing.com.br\/marketing\/#organization"},"image":{"@id":"https:\/\/www.cidademarketing.com.br\/marketing\/2022\/11\/07\/ingressos-para-o-ufc-283-comecam-a-ser-vendidos-na-quarta-feira\/#primaryimage"},"thumbnailUrl":"https:\/\/www.cidademarketing.com.br\/marketing\/wp-content\/uploads\/2022\/11\/ufc_marca.jpg","keywords":["campanha","estrat\u00e9gia","marketing","marketing esportivo","Rio de Janeiro","UFC","vendas"],"articleSection":["Not\u00edcias"],"inLanguage":"pt-BR","potentialAction":[{"@type":"CommentAction","name":"Comment","target":["https:\/\/www.cidademarketing.com.br\/marketing\/2022\/11\/07\/ingressos-para-o-ufc-283-comecam-a-ser-vendidos-na-quarta-feira\/#respond"]}]},{"@type":"WebPage","@id":"https:\/\/www.cidademarketing.com.br\/marketing\/2022\/11\/07\/ingressos-para-o-ufc-283-comecam-a-ser-vendidos-na-quarta-feira\/","url":"https:\/\/www.cidademarketing.com.br\/marketing\/2022\/11\/07\/ingressos-para-o-ufc-283-comecam-a-ser-vendidos-na-quarta-feira\/","name":"Ingressos para o UFC 283 come\u00e7am a ser vendidos na quarta-feira - CidadeMarketing","isPartOf":{"@id":"https:\/\/www.cidademarketing.com.br\/marketing\/#website"},"primaryImageOfPage":{"@id":"https:\/\/www.cidademarketing.com.br\/marketing\/2022\/11\/07\/ingressos-para-o-ufc-283-comecam-a-ser-vendidos-na-quarta-feira\/#primaryimage"},"image":{"@id":"https:\/\/www.cidademarketing.com.br\/marketing\/2022\/11\/07\/ingressos-para-o-ufc-283-comecam-a-ser-vendidos-na-quarta-feira\/#primaryimage"},"thumbnailUrl":"https:\/\/www.cidademarketing.com.br\/marketing\/wp-content\/uploads\/2022\/11\/ufc_marca.jpg","datePublished":"2022-11-08T02:32:09+00:00","breadcrumb":{"@id":"https:\/\/www.cidademarketing.com.br\/marketing\/2022\/11\/07\/ingressos-para-o-ufc-283-comecam-a-ser-vendidos-na-quarta-feira\/#breadcrumb"},"inLanguage":"pt-BR","potentialAction":[{"@type":"ReadAction","target":["https:\/\/www.cidademarketing.com.br\/marketing\/2022\/11\/07\/ingressos-para-o-ufc-283-comecam-a-ser-vendidos-na-quarta-feira\/"]}]},{"@type":"ImageObject","inLanguage":"pt-BR","@id":"https:\/\/www.cidademarketing.com.br\/marketing\/2022\/11\/07\/ingressos-para-o-ufc-283-comecam-a-ser-vendidos-na-quarta-feira\/#primaryimage","url":"https:\/\/www.cidademarketing.com.br\/marketing\/wp-content\/uploads\/2022\/11\/ufc_marca.jpg","contentUrl":"https:\/\/www.cidademarketing.com.br\/marketing\/wp-content\/uploads\/2022\/11\/ufc_marca.jpg","width":800,"height":800},{"@type":"BreadcrumbList","@id":"https:\/\/www.cidademarketing.com.br\/marketing\/2022\/11\/07\/ingressos-para-o-ufc-283-comecam-a-ser-vendidos-na-quarta-feira\/#breadcrumb","itemListElement":[{"@type":"ListItem","position":1,"name":"In\u00edcio","item":"https:\/\/www.cidademarketing.com.br\/marketing\/"},{"@type":"ListItem","position":2,"name":"Ingressos para o UFC 283 come\u00e7am a ser vendidos na quarta-feira"}]},{"@type":"WebSite","@id":"https:\/\/www.cidademarketing.com.br\/marketing\/#website","url":"https:\/\/www.cidademarketing.com.br\/marketing\/","name":"CidadeMarketing","description":"Somos um ve\u00edculo de comunica\u00e7\u00e3o de destaque no Brasil, reconhecido por conte\u00fados nos segmentos de marketing, empreendedorismo e inova\u00e7\u00e3o.","publisher":{"@id":"https:\/\/www.cidademarketing.com.br\/marketing\/#organization"},"alternateName":"CidadeMarketing","potentialAction":[{"@type":"SearchAction","target":{"@type":"EntryPoint","urlTemplate":"https:\/\/www.cidademarketing.com.br\/marketing\/?s={search_term_string}"},"query-input":{"@type":"PropertyValueSpecification","valueRequired":true,"valueName":"search_term_string"}}],"inLanguage":"pt-BR"},{"@type":"Organization","@id":"https:\/\/www.cidademarketing.com.br\/marketing\/#organization","name":"CidadeMarketing","alternateName":"CidadeMarketing","url":"https:\/\/www.cidademarketing.com.br\/marketing\/","logo":{"@type":"ImageObject","inLanguage":"pt-BR","@id":"https:\/\/www.cidademarketing.com.br\/marketing\/#\/schema\/logo\/image\/","url":"https:\/\/www.cidademarketing.com.br\/marketing\/wp-content\/uploads\/2020\/01\/cidademarketing_marca_mobile.png","contentUrl":"https:\/\/www.cidademarketing.com.br\/marketing\/wp-content\/uploads\/2020\/01\/cidademarketing_marca_mobile.png","width":230,"height":92,"caption":"CidadeMarketing"},"image":{"@id":"https:\/\/www.cidademarketing.com.br\/marketing\/#\/schema\/logo\/image\/"},"sameAs":["https:\/\/www.facebook.com\/portalcidademarketing","https:\/\/x.com\/CidadeMarketing","https:\/\/www.instagram.com\/cidademarketing\/"]},{"@type":"Person","@id":"https:\/\/www.cidademarketing.com.br\/marketing\/#\/schema\/person\/02daff9f18bd9378c9e01eb6b2db155f","name":"Thales Brand\u00e3o","image":{"@type":"ImageObject","inLanguage":"pt-BR","@id":"https:\/\/secure.gravatar.com\/avatar\/7ca3206950207cc3cb48feec56a8a7898741ab725c368d99d5d7a5a50aab80c6?s=96&d=mm&r=g","url":"https:\/\/secure.gravatar.com\/avatar\/7ca3206950207cc3cb48feec56a8a7898741ab725c368d99d5d7a5a50aab80c6?s=96&d=mm&r=g","contentUrl":"https:\/\/secure.gravatar.com\/avatar\/7ca3206950207cc3cb48feec56a8a7898741ab725c368d99d5d7a5a50aab80c6?s=96&d=mm&r=g","caption":"Thales Brand\u00e3o"},"description":"Editor Executivo do Portal CidadeMarketing.com.br &gt; Mestre em Comunica\u00e7\u00e3o e Sociedade pela Universidade Federal de Sergipe. Possui MBA Executivo em Administra\u00e7\u00e3o com \u00eanfase em Marketing pela Funda\u00e7\u00e3o Get\u00falio Vargas - Rio de Janeiro. Consultor, Palestrante e Pesquisador sobre Empreendedorismo, Marketing, Redes Sociais e Neg\u00f3cios Digitais. Professor, Palestrante TedxTalks e Campus Party. Twitter: @ThalesBrandao","sameAs":["http:\/\/www.mandacaru.com.br","https:\/\/www.facebook.com\/thalesbrandao","http:\/\/www.instagram.com.br\/thalesbrandaoferreira","https:\/\/www.linkedin.com\/in\/thales-brand\u00e3o-3948609\/","https:\/\/x.com\/http:\/\/www.twitter.com\/thalesbrandao"],"url":"https:\/\/www.cidademarketing.com.br\/marketing\/author\/thalesbrandao\/"}]}},"amp_enabled":true,"_links":{"self":[{"href":"https:\/\/www.cidademarketing.com.br\/marketing\/wp-json\/wp\/v2\/posts\/39489","targetHints":{"allow":["GET"]}}],"collection":[{"href":"https:\/\/www.cidademarketing.com.br\/marketing\/wp-json\/wp\/v2\/posts"}],"about":[{"href":"https:\/\/www.cidademarketing.com.br\/marketing\/wp-json\/wp\/v2\/types\/post"}],"author":[{"embeddable":true,"href":"https:\/\/www.cidademarketing.com.br\/marketing\/wp-json\/wp\/v2\/users\/1"}],"replies":[{"embeddable":true,"href":"https:\/\/www.cidademarketing.com.br\/marketing\/wp-json\/wp\/v2\/comments?post=39489"}],"version-history":[{"count":1,"href":"https:\/\/www.cidademarketing.com.br\/marketing\/wp-json\/wp\/v2\/posts\/39489\/revisions"}],"predecessor-version":[{"id":39491,"href":"https:\/\/www.cidademarketing.com.br\/marketing\/wp-json\/wp\/v2\/posts\/39489\/revisions\/39491"}],"wp:featuredmedia":[{"embeddable":true,"href":"https:\/\/www.cidademarketing.com.br\/marketing\/wp-json\/wp\/v2\/media\/39490"}],"wp:attachment":[{"href":"https:\/\/www.cidademarketing.com.br\/marketing\/wp-json\/wp\/v2\/media?parent=39489"}],"wp:term":[{"taxonomy":"category","embeddable":true,"href":"https:\/\/www.cidademarketing.com.br\/marketing\/wp-json\/wp\/v2\/categories?post=39489"},{"taxonomy":"post_tag","embeddable":true,"href":"https:\/\/www.cidademarketing.com.br\/marketing\/wp-json\/wp\/v2\/tags?post=39489"}],"curies":[{"name":"wp","href":"https:\/\/api.w.org\/{rel}","templated":true}]}}