{"id":39471,"date":"2022-11-07T20:46:05","date_gmt":"2022-11-07T23:46:05","guid":{"rendered":"https:\/\/www.cidademarketing.com.br\/marketing\/?p=39471"},"modified":"2022-11-07T20:46:05","modified_gmt":"2022-11-07T23:46:05","slug":"camil-e-patrocinador-master-da-taca-das-favelas-2022","status":"publish","type":"post","link":"https:\/\/www.cidademarketing.com.br\/marketing\/2022\/11\/07\/camil-e-patrocinador-master-da-taca-das-favelas-2022\/","title":{"rendered":"Camil \u00e9 patrocinador master da Ta\u00e7a das Favelas 2022"},"content":{"rendered":"<p><iframe title=\"Spotify Embed: Podcast CidadeMarketing\" style=\"border-radius: 12px\" width=\"100%\" height=\"152\" frameborder=\"0\" allowfullscreen allow=\"autoplay; clipboard-write; encrypted-media; fullscreen; picture-in-picture\" loading=\"lazy\" src=\"https:\/\/open.spotify.com\/embed\/show\/4khMKzP3FgFRWVwb73xicc?si=252fe5bff2b34909&#038;utm_source=oembed\"><\/iframe><\/p>\n<p>A Ta\u00e7a das Favelas, competi\u00e7\u00e3o de futebol feminino e masculino entre as favelas brasileiras, est\u00e1 cravada no calend\u00e1rio esportivo. Mas em 2022, a competi\u00e7\u00e3o cresceu, ganhou uma etapa nacional, e um patrocinador master que \u00e9 a base do Brasil: Camil.<\/p>\n<p>Como a marca respons\u00e1vel pela base da alimenta\u00e7\u00e3o do brasileiro, Camil marca presen\u00e7a no territ\u00f3rio do esporte de base com patroc\u00ednio \u00e0 Ta\u00e7a das Favelas, competi\u00e7\u00e3o organizada pela CUFA (Central \u00danica das Favelas), que completa 10 anos em 2022, promove a inclus\u00e3o e integra\u00e7\u00e3o social das comunidades, e fortalece a autoestima da juventude das favelas, levando valores educacionais e de cidadania por meio do esporte.<\/p>\n<p>Al\u00e9m das etapas regionais, que aconteceram entre julho e outubro deste ano, uma sele\u00e7\u00e3o \u00fanica por estado \u00e9 formada para disputar o t\u00edtulo nacional da competi\u00e7\u00e3o, com final marcada para o dia 19 de novembro, na Arena Barueri, a partir das 14h, com transmiss\u00e3o em TV aberta. Todas as etapas da competi\u00e7\u00e3o contam com disputas masculinas e femininas, para jovens de todo o Brasil.<\/p>\n<p>A participa\u00e7\u00e3o da marca no evento se dar\u00e1 como patrocinador Master, com ativa\u00e7\u00f5es nas etapas da competi\u00e7\u00e3o e na final, com exposi\u00e7\u00e3o de marca, comunica\u00e7\u00e3o visual do evento e claro, a responsabilidade pela alimenta\u00e7\u00e3o base de todos os atletas e participantes.<br \/>\nA marca conta com apoio estrat\u00e9gico e criativo da Lew\u2019Lara\\TBWA para este projeto.<\/p>\n<p>\u201cArroz e feij\u00e3o s\u00e3o uma das bases da alimenta\u00e7\u00e3o e s\u00e3o alimentos essenciais e presentes nos lares como parte da rotina das pessoas, dando for\u00e7a e motiva\u00e7\u00e3o para enfrentar todas as batalhas di\u00e1rias, ainda mais quando o assunto \u00e9 esporte\u201d, comenta Juliana Conti, Gerente Executiva de Marketing da Camil Alimentos.<\/p>\n<p>\u201cN\u00f3s, que fazemos a Ta\u00e7a h\u00e1 10 anos, estamos realizando um grande sonho esse ano de realizar a Ta\u00e7a das Favelas Nacional. E \u00e9 muito importante ter a Camil com a gente, em um momento que significa um marco na nossa trajet\u00f3ria. Estamos fazendo juntos Um Gol Pra Toda Vida\u201d, celebrou Celso Athayde, idealizador da Ta\u00e7a das Favelas.<\/p>\n<p>Toda a comunica\u00e7\u00e3o da marca, destaca e valoriza os protagonistas arroz e feij\u00e3o como alimentos importantes na alimenta\u00e7\u00e3o di\u00e1ria, respons\u00e1veis por dar for\u00e7a e energia \u00e0 rotina dos brasileiros, presentes nos lares como parte da rotina das pessoas, al\u00e9m de exaltar a import\u00e2ncia do arroz e feij\u00e3o Camil nas refei\u00e7\u00f5es, refor\u00e7ando seu valor nutricional, cultural e afetivo.<\/p>\n<p>Para saber mais sobre os jogos da Ta\u00e7a das Favelas, acesse o site\u00a0<a href=\"https:\/\/tacadasfavelas.com.br\/\" target=\"_blank\" rel=\"noopener\">https:\/\/tacadasfavelas.com.br\/<\/a>\u00a0e acompanhe pelas redes sociais:\u00a0<a href=\"https:\/\/www.instagram.com\/tacadasfavelasbrasil\/\" target=\"_blank\" rel=\"noopener\">Instagram<\/a>,\u00a0<a href=\"https:\/\/www.facebook.com\/TacadasFavelas\" target=\"_blank\" rel=\"noopener\">Facebook<\/a>\u00a0e\u00a0<a href=\"https:\/\/www.youtube.com\/user\/tacadasfavelas\" target=\"_blank\" rel=\"noopener\">Youtube<\/a>.<\/p>\n<p><iframe style=\"width: 100%; max-width: 660px; overflow: hidden; background: transparent;\" src=\"https:\/\/embed.podcasts.apple.com\/br\/podcast\/podcast-cidademarketing\/id1371923283\" height=\"450\" frameborder=\"0\" sandbox=\"allow-forms allow-popups allow-same-origin allow-scripts allow-storage-access-by-user-activation allow-top-navigation-by-user-activation\"><\/iframe><\/p>\n","protected":false},"excerpt":{"rendered":"<p>A Ta\u00e7a das Favelas, competi\u00e7\u00e3o de futebol feminino e masculino entre as favelas brasileiras, est\u00e1 cravada no calend\u00e1rio esportivo. Mas em 2022, a competi\u00e7\u00e3o cresceu, ganhou uma etapa nacional, e um patrocinador master que \u00e9 a base do Brasil: Camil. Como a marca respons\u00e1vel pela base da alimenta\u00e7\u00e3o do brasileiro, Camil marca presen\u00e7a no territ\u00f3rio [&hellip;]<\/p>\n","protected":false},"author":1,"featured_media":39472,"comment_status":"open","ping_status":"open","sticky":false,"template":"","format":"standard","meta":{"tdm_status":"","tdm_grid_status":"","footnotes":""},"categories":[6],"tags":[1347,33,28,447,5590],"class_list":["post-39471","post","type-post","status-publish","format-standard","has-post-thumbnail","hentry","category-noticias","tag-camil","tag-estrategia","tag-marketing","tag-patrocinio","tag-taca-das-favelas"],"yoast_head":"<!-- This site is optimized with the Yoast SEO plugin v27.4 - https:\/\/yoast.com\/product\/yoast-seo-wordpress\/ -->\n<title>Camil \u00e9 patrocinador master da Ta\u00e7a das Favelas 2022 - CidadeMarketing<\/title>\n<meta name=\"robots\" content=\"index, follow, max-snippet:-1, max-image-preview:large, max-video-preview:-1\" \/>\n<link rel=\"canonical\" href=\"https:\/\/www.cidademarketing.com.br\/marketing\/2022\/11\/07\/camil-e-patrocinador-master-da-taca-das-favelas-2022\/\" \/>\n<meta property=\"og:locale\" content=\"pt_BR\" \/>\n<meta property=\"og:type\" content=\"article\" \/>\n<meta property=\"og:title\" content=\"Camil \u00e9 patrocinador master da Ta\u00e7a das Favelas 2022 - CidadeMarketing\" \/>\n<meta property=\"og:description\" content=\"A Ta\u00e7a das Favelas, competi\u00e7\u00e3o de futebol feminino e masculino entre as favelas brasileiras, est\u00e1 cravada no calend\u00e1rio esportivo. Mas em 2022, a competi\u00e7\u00e3o cresceu, ganhou uma etapa nacional, e um patrocinador master que \u00e9 a base do Brasil: Camil. Como a marca respons\u00e1vel pela base da alimenta\u00e7\u00e3o do brasileiro, Camil marca presen\u00e7a no territ\u00f3rio [&hellip;]\" \/>\n<meta property=\"og:url\" content=\"https:\/\/www.cidademarketing.com.br\/marketing\/2022\/11\/07\/camil-e-patrocinador-master-da-taca-das-favelas-2022\/\" \/>\n<meta property=\"og:site_name\" content=\"CidadeMarketing\" \/>\n<meta property=\"article:publisher\" content=\"https:\/\/www.facebook.com\/portalcidademarketing\" \/>\n<meta property=\"article:author\" content=\"https:\/\/www.facebook.com\/thalesbrandao\" \/>\n<meta property=\"article:published_time\" content=\"2022-11-07T23:46:05+00:00\" \/>\n<meta property=\"og:image\" content=\"https:\/\/www.cidademarketing.com.br\/marketing\/wp-content\/uploads\/2022\/11\/tacadasfavelas.jpg\" \/>\n\t<meta property=\"og:image:width\" content=\"494\" \/>\n\t<meta property=\"og:image:height\" content=\"304\" \/>\n\t<meta property=\"og:image:type\" content=\"image\/jpeg\" \/>\n<meta name=\"author\" content=\"Thales Brand\u00e3o\" \/>\n<meta name=\"twitter:card\" content=\"summary_large_image\" \/>\n<meta name=\"twitter:creator\" content=\"@http:\/\/www.twitter.com\/thalesbrandao\" \/>\n<meta name=\"twitter:site\" content=\"@CidadeMarketing\" \/>\n<meta name=\"twitter:label1\" content=\"Escrito por\" \/>\n\t<meta name=\"twitter:data1\" content=\"Thales Brand\u00e3o\" \/>\n\t<meta name=\"twitter:label2\" content=\"Est. tempo de leitura\" \/>\n\t<meta name=\"twitter:data2\" content=\"2 minutos\" \/>\n<script type=\"application\/ld+json\" class=\"yoast-schema-graph\">{\"@context\":\"https:\\\/\\\/schema.org\",\"@graph\":[{\"@type\":\"Article\",\"@id\":\"https:\\\/\\\/www.cidademarketing.com.br\\\/marketing\\\/2022\\\/11\\\/07\\\/camil-e-patrocinador-master-da-taca-das-favelas-2022\\\/#article\",\"isPartOf\":{\"@id\":\"https:\\\/\\\/www.cidademarketing.com.br\\\/marketing\\\/2022\\\/11\\\/07\\\/camil-e-patrocinador-master-da-taca-das-favelas-2022\\\/\"},\"author\":{\"name\":\"Thales Brand\u00e3o\",\"@id\":\"https:\\\/\\\/www.cidademarketing.com.br\\\/marketing\\\/#\\\/schema\\\/person\\\/02daff9f18bd9378c9e01eb6b2db155f\"},\"headline\":\"Camil \u00e9 patrocinador master da Ta\u00e7a das Favelas 2022\",\"datePublished\":\"2022-11-07T23:46:05+00:00\",\"mainEntityOfPage\":{\"@id\":\"https:\\\/\\\/www.cidademarketing.com.br\\\/marketing\\\/2022\\\/11\\\/07\\\/camil-e-patrocinador-master-da-taca-das-favelas-2022\\\/\"},\"wordCount\":477,\"commentCount\":0,\"publisher\":{\"@id\":\"https:\\\/\\\/www.cidademarketing.com.br\\\/marketing\\\/#organization\"},\"image\":{\"@id\":\"https:\\\/\\\/www.cidademarketing.com.br\\\/marketing\\\/2022\\\/11\\\/07\\\/camil-e-patrocinador-master-da-taca-das-favelas-2022\\\/#primaryimage\"},\"thumbnailUrl\":\"https:\\\/\\\/www.cidademarketing.com.br\\\/marketing\\\/wp-content\\\/uploads\\\/2022\\\/11\\\/tacadasfavelas.jpg\",\"keywords\":[\"Camil\",\"estrat\u00e9gia\",\"marketing\",\"patroc\u00ednio\",\"Ta\u00e7a das Favelas\"],\"articleSection\":[\"Not\u00edcias\"],\"inLanguage\":\"pt-BR\",\"potentialAction\":[{\"@type\":\"CommentAction\",\"name\":\"Comment\",\"target\":[\"https:\\\/\\\/www.cidademarketing.com.br\\\/marketing\\\/2022\\\/11\\\/07\\\/camil-e-patrocinador-master-da-taca-das-favelas-2022\\\/#respond\"]}]},{\"@type\":\"WebPage\",\"@id\":\"https:\\\/\\\/www.cidademarketing.com.br\\\/marketing\\\/2022\\\/11\\\/07\\\/camil-e-patrocinador-master-da-taca-das-favelas-2022\\\/\",\"url\":\"https:\\\/\\\/www.cidademarketing.com.br\\\/marketing\\\/2022\\\/11\\\/07\\\/camil-e-patrocinador-master-da-taca-das-favelas-2022\\\/\",\"name\":\"Camil \u00e9 patrocinador master da Ta\u00e7a das Favelas 2022 - CidadeMarketing\",\"isPartOf\":{\"@id\":\"https:\\\/\\\/www.cidademarketing.com.br\\\/marketing\\\/#website\"},\"primaryImageOfPage\":{\"@id\":\"https:\\\/\\\/www.cidademarketing.com.br\\\/marketing\\\/2022\\\/11\\\/07\\\/camil-e-patrocinador-master-da-taca-das-favelas-2022\\\/#primaryimage\"},\"image\":{\"@id\":\"https:\\\/\\\/www.cidademarketing.com.br\\\/marketing\\\/2022\\\/11\\\/07\\\/camil-e-patrocinador-master-da-taca-das-favelas-2022\\\/#primaryimage\"},\"thumbnailUrl\":\"https:\\\/\\\/www.cidademarketing.com.br\\\/marketing\\\/wp-content\\\/uploads\\\/2022\\\/11\\\/tacadasfavelas.jpg\",\"datePublished\":\"2022-11-07T23:46:05+00:00\",\"breadcrumb\":{\"@id\":\"https:\\\/\\\/www.cidademarketing.com.br\\\/marketing\\\/2022\\\/11\\\/07\\\/camil-e-patrocinador-master-da-taca-das-favelas-2022\\\/#breadcrumb\"},\"inLanguage\":\"pt-BR\",\"potentialAction\":[{\"@type\":\"ReadAction\",\"target\":[\"https:\\\/\\\/www.cidademarketing.com.br\\\/marketing\\\/2022\\\/11\\\/07\\\/camil-e-patrocinador-master-da-taca-das-favelas-2022\\\/\"]}]},{\"@type\":\"ImageObject\",\"inLanguage\":\"pt-BR\",\"@id\":\"https:\\\/\\\/www.cidademarketing.com.br\\\/marketing\\\/2022\\\/11\\\/07\\\/camil-e-patrocinador-master-da-taca-das-favelas-2022\\\/#primaryimage\",\"url\":\"https:\\\/\\\/www.cidademarketing.com.br\\\/marketing\\\/wp-content\\\/uploads\\\/2022\\\/11\\\/tacadasfavelas.jpg\",\"contentUrl\":\"https:\\\/\\\/www.cidademarketing.com.br\\\/marketing\\\/wp-content\\\/uploads\\\/2022\\\/11\\\/tacadasfavelas.jpg\",\"width\":494,\"height\":304},{\"@type\":\"BreadcrumbList\",\"@id\":\"https:\\\/\\\/www.cidademarketing.com.br\\\/marketing\\\/2022\\\/11\\\/07\\\/camil-e-patrocinador-master-da-taca-das-favelas-2022\\\/#breadcrumb\",\"itemListElement\":[{\"@type\":\"ListItem\",\"position\":1,\"name\":\"In\u00edcio\",\"item\":\"https:\\\/\\\/www.cidademarketing.com.br\\\/marketing\\\/\"},{\"@type\":\"ListItem\",\"position\":2,\"name\":\"Camil \u00e9 patrocinador master da Ta\u00e7a das Favelas 2022\"}]},{\"@type\":\"WebSite\",\"@id\":\"https:\\\/\\\/www.cidademarketing.com.br\\\/marketing\\\/#website\",\"url\":\"https:\\\/\\\/www.cidademarketing.com.br\\\/marketing\\\/\",\"name\":\"CidadeMarketing\",\"description\":\"Somos um ve\u00edculo de comunica\u00e7\u00e3o de destaque no Brasil, reconhecido por conte\u00fados nos segmentos de marketing, empreendedorismo e inova\u00e7\u00e3o.\",\"publisher\":{\"@id\":\"https:\\\/\\\/www.cidademarketing.com.br\\\/marketing\\\/#organization\"},\"alternateName\":\"CidadeMarketing\",\"potentialAction\":[{\"@type\":\"SearchAction\",\"target\":{\"@type\":\"EntryPoint\",\"urlTemplate\":\"https:\\\/\\\/www.cidademarketing.com.br\\\/marketing\\\/?s={search_term_string}\"},\"query-input\":{\"@type\":\"PropertyValueSpecification\",\"valueRequired\":true,\"valueName\":\"search_term_string\"}}],\"inLanguage\":\"pt-BR\"},{\"@type\":\"Organization\",\"@id\":\"https:\\\/\\\/www.cidademarketing.com.br\\\/marketing\\\/#organization\",\"name\":\"CidadeMarketing\",\"alternateName\":\"CidadeMarketing\",\"url\":\"https:\\\/\\\/www.cidademarketing.com.br\\\/marketing\\\/\",\"logo\":{\"@type\":\"ImageObject\",\"inLanguage\":\"pt-BR\",\"@id\":\"https:\\\/\\\/www.cidademarketing.com.br\\\/marketing\\\/#\\\/schema\\\/logo\\\/image\\\/\",\"url\":\"https:\\\/\\\/www.cidademarketing.com.br\\\/marketing\\\/wp-content\\\/uploads\\\/2020\\\/01\\\/cidademarketing_marca_mobile.png\",\"contentUrl\":\"https:\\\/\\\/www.cidademarketing.com.br\\\/marketing\\\/wp-content\\\/uploads\\\/2020\\\/01\\\/cidademarketing_marca_mobile.png\",\"width\":230,\"height\":92,\"caption\":\"CidadeMarketing\"},\"image\":{\"@id\":\"https:\\\/\\\/www.cidademarketing.com.br\\\/marketing\\\/#\\\/schema\\\/logo\\\/image\\\/\"},\"sameAs\":[\"https:\\\/\\\/www.facebook.com\\\/portalcidademarketing\",\"https:\\\/\\\/x.com\\\/CidadeMarketing\",\"https:\\\/\\\/www.instagram.com\\\/cidademarketing\\\/\"]},{\"@type\":\"Person\",\"@id\":\"https:\\\/\\\/www.cidademarketing.com.br\\\/marketing\\\/#\\\/schema\\\/person\\\/02daff9f18bd9378c9e01eb6b2db155f\",\"name\":\"Thales Brand\u00e3o\",\"image\":{\"@type\":\"ImageObject\",\"inLanguage\":\"pt-BR\",\"@id\":\"https:\\\/\\\/secure.gravatar.com\\\/avatar\\\/7ca3206950207cc3cb48feec56a8a7898741ab725c368d99d5d7a5a50aab80c6?s=96&d=mm&r=g\",\"url\":\"https:\\\/\\\/secure.gravatar.com\\\/avatar\\\/7ca3206950207cc3cb48feec56a8a7898741ab725c368d99d5d7a5a50aab80c6?s=96&d=mm&r=g\",\"contentUrl\":\"https:\\\/\\\/secure.gravatar.com\\\/avatar\\\/7ca3206950207cc3cb48feec56a8a7898741ab725c368d99d5d7a5a50aab80c6?s=96&d=mm&r=g\",\"caption\":\"Thales Brand\u00e3o\"},\"description\":\"Editor Executivo do Portal CidadeMarketing.com.br &gt; Mestre em Comunica\u00e7\u00e3o e Sociedade pela Universidade Federal de Sergipe. Possui MBA Executivo em Administra\u00e7\u00e3o com \u00eanfase em Marketing pela Funda\u00e7\u00e3o Get\u00falio Vargas - Rio de Janeiro. Consultor, Palestrante e Pesquisador sobre Empreendedorismo, Marketing, Redes Sociais e Neg\u00f3cios Digitais. Professor, Palestrante TedxTalks e Campus Party. Twitter: @ThalesBrandao\",\"sameAs\":[\"http:\\\/\\\/www.mandacaru.com.br\",\"https:\\\/\\\/www.facebook.com\\\/thalesbrandao\",\"http:\\\/\\\/www.instagram.com.br\\\/thalesbrandaoferreira\",\"https:\\\/\\\/www.linkedin.com\\\/in\\\/thales-brand\u00e3o-3948609\\\/\",\"https:\\\/\\\/x.com\\\/http:\\\/\\\/www.twitter.com\\\/thalesbrandao\"],\"url\":\"https:\\\/\\\/www.cidademarketing.com.br\\\/marketing\\\/author\\\/thalesbrandao\\\/\"}]}<\/script>\n<!-- \/ Yoast SEO plugin. -->","yoast_head_json":{"title":"Camil \u00e9 patrocinador master da Ta\u00e7a das Favelas 2022 - CidadeMarketing","robots":{"index":"index","follow":"follow","max-snippet":"max-snippet:-1","max-image-preview":"max-image-preview:large","max-video-preview":"max-video-preview:-1"},"canonical":"https:\/\/www.cidademarketing.com.br\/marketing\/2022\/11\/07\/camil-e-patrocinador-master-da-taca-das-favelas-2022\/","og_locale":"pt_BR","og_type":"article","og_title":"Camil \u00e9 patrocinador master da Ta\u00e7a das Favelas 2022 - CidadeMarketing","og_description":"A Ta\u00e7a das Favelas, competi\u00e7\u00e3o de futebol feminino e masculino entre as favelas brasileiras, est\u00e1 cravada no calend\u00e1rio esportivo. Mas em 2022, a competi\u00e7\u00e3o cresceu, ganhou uma etapa nacional, e um patrocinador master que \u00e9 a base do Brasil: Camil. Como a marca respons\u00e1vel pela base da alimenta\u00e7\u00e3o do brasileiro, Camil marca presen\u00e7a no territ\u00f3rio [&hellip;]","og_url":"https:\/\/www.cidademarketing.com.br\/marketing\/2022\/11\/07\/camil-e-patrocinador-master-da-taca-das-favelas-2022\/","og_site_name":"CidadeMarketing","article_publisher":"https:\/\/www.facebook.com\/portalcidademarketing","article_author":"https:\/\/www.facebook.com\/thalesbrandao","article_published_time":"2022-11-07T23:46:05+00:00","og_image":[{"width":494,"height":304,"url":"https:\/\/www.cidademarketing.com.br\/marketing\/wp-content\/uploads\/2022\/11\/tacadasfavelas.jpg","type":"image\/jpeg"}],"author":"Thales Brand\u00e3o","twitter_card":"summary_large_image","twitter_creator":"@http:\/\/www.twitter.com\/thalesbrandao","twitter_site":"@CidadeMarketing","twitter_misc":{"Escrito por":"Thales Brand\u00e3o","Est. tempo de leitura":"2 minutos"},"schema":{"@context":"https:\/\/schema.org","@graph":[{"@type":"Article","@id":"https:\/\/www.cidademarketing.com.br\/marketing\/2022\/11\/07\/camil-e-patrocinador-master-da-taca-das-favelas-2022\/#article","isPartOf":{"@id":"https:\/\/www.cidademarketing.com.br\/marketing\/2022\/11\/07\/camil-e-patrocinador-master-da-taca-das-favelas-2022\/"},"author":{"name":"Thales Brand\u00e3o","@id":"https:\/\/www.cidademarketing.com.br\/marketing\/#\/schema\/person\/02daff9f18bd9378c9e01eb6b2db155f"},"headline":"Camil \u00e9 patrocinador master da Ta\u00e7a das Favelas 2022","datePublished":"2022-11-07T23:46:05+00:00","mainEntityOfPage":{"@id":"https:\/\/www.cidademarketing.com.br\/marketing\/2022\/11\/07\/camil-e-patrocinador-master-da-taca-das-favelas-2022\/"},"wordCount":477,"commentCount":0,"publisher":{"@id":"https:\/\/www.cidademarketing.com.br\/marketing\/#organization"},"image":{"@id":"https:\/\/www.cidademarketing.com.br\/marketing\/2022\/11\/07\/camil-e-patrocinador-master-da-taca-das-favelas-2022\/#primaryimage"},"thumbnailUrl":"https:\/\/www.cidademarketing.com.br\/marketing\/wp-content\/uploads\/2022\/11\/tacadasfavelas.jpg","keywords":["Camil","estrat\u00e9gia","marketing","patroc\u00ednio","Ta\u00e7a das Favelas"],"articleSection":["Not\u00edcias"],"inLanguage":"pt-BR","potentialAction":[{"@type":"CommentAction","name":"Comment","target":["https:\/\/www.cidademarketing.com.br\/marketing\/2022\/11\/07\/camil-e-patrocinador-master-da-taca-das-favelas-2022\/#respond"]}]},{"@type":"WebPage","@id":"https:\/\/www.cidademarketing.com.br\/marketing\/2022\/11\/07\/camil-e-patrocinador-master-da-taca-das-favelas-2022\/","url":"https:\/\/www.cidademarketing.com.br\/marketing\/2022\/11\/07\/camil-e-patrocinador-master-da-taca-das-favelas-2022\/","name":"Camil \u00e9 patrocinador master da Ta\u00e7a das Favelas 2022 - CidadeMarketing","isPartOf":{"@id":"https:\/\/www.cidademarketing.com.br\/marketing\/#website"},"primaryImageOfPage":{"@id":"https:\/\/www.cidademarketing.com.br\/marketing\/2022\/11\/07\/camil-e-patrocinador-master-da-taca-das-favelas-2022\/#primaryimage"},"image":{"@id":"https:\/\/www.cidademarketing.com.br\/marketing\/2022\/11\/07\/camil-e-patrocinador-master-da-taca-das-favelas-2022\/#primaryimage"},"thumbnailUrl":"https:\/\/www.cidademarketing.com.br\/marketing\/wp-content\/uploads\/2022\/11\/tacadasfavelas.jpg","datePublished":"2022-11-07T23:46:05+00:00","breadcrumb":{"@id":"https:\/\/www.cidademarketing.com.br\/marketing\/2022\/11\/07\/camil-e-patrocinador-master-da-taca-das-favelas-2022\/#breadcrumb"},"inLanguage":"pt-BR","potentialAction":[{"@type":"ReadAction","target":["https:\/\/www.cidademarketing.com.br\/marketing\/2022\/11\/07\/camil-e-patrocinador-master-da-taca-das-favelas-2022\/"]}]},{"@type":"ImageObject","inLanguage":"pt-BR","@id":"https:\/\/www.cidademarketing.com.br\/marketing\/2022\/11\/07\/camil-e-patrocinador-master-da-taca-das-favelas-2022\/#primaryimage","url":"https:\/\/www.cidademarketing.com.br\/marketing\/wp-content\/uploads\/2022\/11\/tacadasfavelas.jpg","contentUrl":"https:\/\/www.cidademarketing.com.br\/marketing\/wp-content\/uploads\/2022\/11\/tacadasfavelas.jpg","width":494,"height":304},{"@type":"BreadcrumbList","@id":"https:\/\/www.cidademarketing.com.br\/marketing\/2022\/11\/07\/camil-e-patrocinador-master-da-taca-das-favelas-2022\/#breadcrumb","itemListElement":[{"@type":"ListItem","position":1,"name":"In\u00edcio","item":"https:\/\/www.cidademarketing.com.br\/marketing\/"},{"@type":"ListItem","position":2,"name":"Camil \u00e9 patrocinador master da Ta\u00e7a das Favelas 2022"}]},{"@type":"WebSite","@id":"https:\/\/www.cidademarketing.com.br\/marketing\/#website","url":"https:\/\/www.cidademarketing.com.br\/marketing\/","name":"CidadeMarketing","description":"Somos um ve\u00edculo de comunica\u00e7\u00e3o de destaque no Brasil, reconhecido por conte\u00fados nos segmentos de marketing, empreendedorismo e inova\u00e7\u00e3o.","publisher":{"@id":"https:\/\/www.cidademarketing.com.br\/marketing\/#organization"},"alternateName":"CidadeMarketing","potentialAction":[{"@type":"SearchAction","target":{"@type":"EntryPoint","urlTemplate":"https:\/\/www.cidademarketing.com.br\/marketing\/?s={search_term_string}"},"query-input":{"@type":"PropertyValueSpecification","valueRequired":true,"valueName":"search_term_string"}}],"inLanguage":"pt-BR"},{"@type":"Organization","@id":"https:\/\/www.cidademarketing.com.br\/marketing\/#organization","name":"CidadeMarketing","alternateName":"CidadeMarketing","url":"https:\/\/www.cidademarketing.com.br\/marketing\/","logo":{"@type":"ImageObject","inLanguage":"pt-BR","@id":"https:\/\/www.cidademarketing.com.br\/marketing\/#\/schema\/logo\/image\/","url":"https:\/\/www.cidademarketing.com.br\/marketing\/wp-content\/uploads\/2020\/01\/cidademarketing_marca_mobile.png","contentUrl":"https:\/\/www.cidademarketing.com.br\/marketing\/wp-content\/uploads\/2020\/01\/cidademarketing_marca_mobile.png","width":230,"height":92,"caption":"CidadeMarketing"},"image":{"@id":"https:\/\/www.cidademarketing.com.br\/marketing\/#\/schema\/logo\/image\/"},"sameAs":["https:\/\/www.facebook.com\/portalcidademarketing","https:\/\/x.com\/CidadeMarketing","https:\/\/www.instagram.com\/cidademarketing\/"]},{"@type":"Person","@id":"https:\/\/www.cidademarketing.com.br\/marketing\/#\/schema\/person\/02daff9f18bd9378c9e01eb6b2db155f","name":"Thales Brand\u00e3o","image":{"@type":"ImageObject","inLanguage":"pt-BR","@id":"https:\/\/secure.gravatar.com\/avatar\/7ca3206950207cc3cb48feec56a8a7898741ab725c368d99d5d7a5a50aab80c6?s=96&d=mm&r=g","url":"https:\/\/secure.gravatar.com\/avatar\/7ca3206950207cc3cb48feec56a8a7898741ab725c368d99d5d7a5a50aab80c6?s=96&d=mm&r=g","contentUrl":"https:\/\/secure.gravatar.com\/avatar\/7ca3206950207cc3cb48feec56a8a7898741ab725c368d99d5d7a5a50aab80c6?s=96&d=mm&r=g","caption":"Thales Brand\u00e3o"},"description":"Editor Executivo do Portal CidadeMarketing.com.br &gt; Mestre em Comunica\u00e7\u00e3o e Sociedade pela Universidade Federal de Sergipe. Possui MBA Executivo em Administra\u00e7\u00e3o com \u00eanfase em Marketing pela Funda\u00e7\u00e3o Get\u00falio Vargas - Rio de Janeiro. Consultor, Palestrante e Pesquisador sobre Empreendedorismo, Marketing, Redes Sociais e Neg\u00f3cios Digitais. Professor, Palestrante TedxTalks e Campus Party. Twitter: @ThalesBrandao","sameAs":["http:\/\/www.mandacaru.com.br","https:\/\/www.facebook.com\/thalesbrandao","http:\/\/www.instagram.com.br\/thalesbrandaoferreira","https:\/\/www.linkedin.com\/in\/thales-brand\u00e3o-3948609\/","https:\/\/x.com\/http:\/\/www.twitter.com\/thalesbrandao"],"url":"https:\/\/www.cidademarketing.com.br\/marketing\/author\/thalesbrandao\/"}]}},"amp_enabled":true,"_links":{"self":[{"href":"https:\/\/www.cidademarketing.com.br\/marketing\/wp-json\/wp\/v2\/posts\/39471","targetHints":{"allow":["GET"]}}],"collection":[{"href":"https:\/\/www.cidademarketing.com.br\/marketing\/wp-json\/wp\/v2\/posts"}],"about":[{"href":"https:\/\/www.cidademarketing.com.br\/marketing\/wp-json\/wp\/v2\/types\/post"}],"author":[{"embeddable":true,"href":"https:\/\/www.cidademarketing.com.br\/marketing\/wp-json\/wp\/v2\/users\/1"}],"replies":[{"embeddable":true,"href":"https:\/\/www.cidademarketing.com.br\/marketing\/wp-json\/wp\/v2\/comments?post=39471"}],"version-history":[{"count":1,"href":"https:\/\/www.cidademarketing.com.br\/marketing\/wp-json\/wp\/v2\/posts\/39471\/revisions"}],"predecessor-version":[{"id":39473,"href":"https:\/\/www.cidademarketing.com.br\/marketing\/wp-json\/wp\/v2\/posts\/39471\/revisions\/39473"}],"wp:featuredmedia":[{"embeddable":true,"href":"https:\/\/www.cidademarketing.com.br\/marketing\/wp-json\/wp\/v2\/media\/39472"}],"wp:attachment":[{"href":"https:\/\/www.cidademarketing.com.br\/marketing\/wp-json\/wp\/v2\/media?parent=39471"}],"wp:term":[{"taxonomy":"category","embeddable":true,"href":"https:\/\/www.cidademarketing.com.br\/marketing\/wp-json\/wp\/v2\/categories?post=39471"},{"taxonomy":"post_tag","embeddable":true,"href":"https:\/\/www.cidademarketing.com.br\/marketing\/wp-json\/wp\/v2\/tags?post=39471"}],"curies":[{"name":"wp","href":"https:\/\/api.w.org\/{rel}","templated":true}]}}