{"id":39458,"date":"2022-11-07T15:55:39","date_gmt":"2022-11-07T18:55:39","guid":{"rendered":"https:\/\/www.cidademarketing.com.br\/marketing\/?p=39458"},"modified":"2022-11-07T15:55:39","modified_gmt":"2022-11-07T18:55:39","slug":"livro-lancado-pela-pfizer-propoe-finais-ineditos-para-obra-inacabada-de-eca-de-queiroz-em-alerta-sobre-doenca-rara","status":"publish","type":"post","link":"https:\/\/www.cidademarketing.com.br\/marketing\/2022\/11\/07\/livro-lancado-pela-pfizer-propoe-finais-ineditos-para-obra-inacabada-de-eca-de-queiroz-em-alerta-sobre-doenca-rara\/","title":{"rendered":"Livro lan\u00e7ado pela Pfizer prop\u00f5e finais in\u00e9ditos para obra inacabada de E\u00e7a de Queiroz em alerta sobre doen\u00e7a rara"},"content":{"rendered":"<p><iframe title=\"Spotify Embed: Podcast CidadeMarketing\" style=\"border-radius: 12px\" width=\"100%\" height=\"152\" frameborder=\"0\" allowfullscreen allow=\"autoplay; clipboard-write; encrypted-media; fullscreen; picture-in-picture\" loading=\"lazy\" src=\"https:\/\/open.spotify.com\/embed\/show\/4khMKzP3FgFRWVwb73xicc?si=252fe5bff2b34909&#038;utm_source=oembed\"><\/iframe><\/p>\n<p>Como teria sido o final do conto Um Dia de Chuva se o c\u00e9lebre escritor portugu\u00eas E\u00e7a de Queiroz tivesse tido a chance de termin\u00e1-lo? A campanha Hist\u00f3rias n\u00e3o Escritas responde a essa pergunta propondo tr\u00eas poss\u00edveis finais para a obra do autor, que teria sido acometido por uma doen\u00e7a rara do grupo das amiloidoses, segundo hip\u00f3tese apontada pelos registros hist\u00f3ricos1. Rec\u00e9m-lan\u00e7ado, o livro comemorativo \u00e9 uma forma de promover a conscientiza\u00e7\u00e3o sobre uma dessas enfermidades, a amiloidose heredit\u00e1ria por transtirretina, uma doen\u00e7a rara que pode acometer o sistema nervoso e o cora\u00e7\u00e3o2.<\/p>\n<p>Resultado de uma parceria entre a Pfizer, a Funda\u00e7\u00e3o E\u00e7a de Queiroz e a Associa\u00e7\u00e3o Brasileira de Paramiloidose (ABPAR), com campanha criada pela ag\u00eancia DM9, a edi\u00e7\u00e3o especial traz os pr\u00f3prios pacientes como coautores dos tr\u00eas textos: Ana Eliza Helfestein Garcia, Evilasia Knabben e Leonardo Gomes da Silva Filho. Para a constru\u00e7\u00e3o da narrativa, eles entram na trama original como coadjuvantes, a partir de suas experi\u00eancias com o diagn\u00f3stico e o tratamento da doen\u00e7a, que \u00e9 mais comum em descendentes de portugueses3. Com isso, fazem um alerta aos leitores sobre sintomas comuns que podem ocultar a amiloidose.<\/p>\n<p>A campanha tamb\u00e9m ganhou um road show, com uma exposi\u00e7\u00e3o realizada entre os dias 28 de outubro e 3 de novembro no Morumbi Shopping, em S\u00e3o Paulo, e de 8 a 11 de novembro, no Shopping Conjunto Nacional, em Bras\u00edlia. A iniciativa trar\u00e1 informa\u00e7\u00f5es sobre E\u00e7a de Queiroz e seu conto inacabado, al\u00e9m de apresentar a amiloidose e suas varia\u00e7\u00f5es, bem como disponibilizar \u00e1udios com os finais inspirados nas hist\u00f3rias dos tr\u00eas pacientes.<\/p>\n<p>O e-book Hist\u00f3rias N\u00e3o Escritas tamb\u00e9m estar\u00e1 dispon\u00edvel no hotsite da campanha Hist\u00f3rias N\u00e3o Escritas, que re\u00fane informa\u00e7\u00f5es adicionais sobre a amiloidose heredit\u00e1ria por transtirretina. Outras iniciativas da campanha podem ser conferidas nas redes sociais da Pfizer Brasil no Instagram e no Facebook. \u201cE\u00e7a de Queiroz e a Machado de Assis s\u00e3o os dois maiores escritores da l\u00edngua portuguesa. E\u00e7a reclamava de dores que s\u00f3 hoje os especialistas consideram como sinais para a hip\u00f3tese de um poss\u00edvel quadro de amiloidose. \u00c9 uma grande emo\u00e7\u00e3o ter hoje os pacientes podendo terminar essa hist\u00f3ria. Um conto com in\u00edcio, meio e mais de um s\u00e9culo depois, o merecido fim\u201d, afirma Daniel Ottoni, VP de cria\u00e7\u00e3o da DM9.<\/p>\n<p>A iniciativa come\u00e7ou no fim do m\u00eas de agosto, em um teatro dentro da Pfizer, a partir de uma leitura especial dos novos finais propostos para a obra realizada pelo ator Danton Mello, com a participa\u00e7\u00e3o dos pr\u00f3prios pacientes que participam do livro.<\/p>\n<p>Diagn\u00f3stico desafiador<br \/>\nO escritor portugu\u00eas E\u00e7a de Queiroz, nascido em P\u00f3voa de Varzim, conviveu durante 16 anos com o diagn\u00f3stico de tuberculose intestinal1. Na \u00e9poca, ele se queixava de dor de est\u00f4mago, cansa\u00e7o nos p\u00e9s e \u201csentimento de in\u00e9rcia\u201d. Com base nesses relatos, bi\u00f3grafos mais recentes consideram que o escritor possa ter sido uma v\u00edtima precoce da amiloidose heredit\u00e1ria1.<\/p>\n<p>\u201cO diagn\u00f3stico precoce \u00e9 um grande desafio, j\u00e1 que o paciente com amiloidose pode desenvolver sintomas muito parecidos com os de outras doen\u00e7as. Identificar e relacionar todos esses sinais e sintomas, que parecem n\u00e3o ter liga\u00e7\u00e3o entre si, \u00e9 essencial\u201d, diz a diretora m\u00e9dica da Pfizer Brasil, Adriana Ribeiro. \u201cPara isso, precisamos trabalhar na conscientiza\u00e7\u00e3o das pessoas\u201d, complementa.<br \/>\nDe car\u00e1ter progressivo e incapacitante, a doen\u00e7a \u00e9 tamb\u00e9m irrevers\u00edvel. Sem acesso ao tratamento, a expectativa de vida do paciente com acometimento card\u00edaco \u00e9 de cerca de 2 a 6 anos ap\u00f3s o in\u00edcio dos sintomas4. Com diagn\u00f3stico precoce e tratamento adequado, contudo, o paciente pode ter mais qualidade de vida.<br \/>\nOs tratamentos dispon\u00edveis para amiloidose heredit\u00e1ria por transtirretina variam conforme o quadro cl\u00ednico do paciente5. Alguns medicamentos agem na estabiliza\u00e7\u00e3o ou inibi\u00e7\u00e3o da produ\u00e7\u00e3o da prote\u00edna transtirretina que se deposita nos \u00f3rg\u00e3os e tecidos do corpo5.<\/p>\n\r\n                <style type=\"text\/css\">\r\n                    \r\n                    #tdi_1  .td-doubleSlider-2 .td-item1 {\r\n                        background: url(https:\/\/www.cidademarketing.com.br\/marketing\/wp-content\/uploads\/2022\/11\/Livro_pfizer-80x60.jpg) 0 0 no-repeat;\r\n                    }\r\n                    #tdi_1  .td-doubleSlider-2 .td-item2 {\r\n                        background: url(https:\/\/www.cidademarketing.com.br\/marketing\/wp-content\/uploads\/2022\/11\/Livro_pfizer_02-80x60.jpg) 0 0 no-repeat;\r\n                    }\r\n                    #tdi_1  .td-doubleSlider-2 .td-item3 {\r\n                        background: url(https:\/\/www.cidademarketing.com.br\/marketing\/wp-content\/uploads\/2022\/11\/Livro_pfizer_03-80x60.jpg) 0 0 no-repeat;\r\n                    }\r\n                <\/style>\r\n\r\n                <div id=\"tdi_1\" class=\"td-gallery td-slide-on-2-columns\">\r\n                    <div class=\"post_td_gallery\">\r\n                        <div class=\"td-gallery-slide-top\">\r\n                           <div class=\"td-gallery-title\"><\/div>\r\n\r\n                            <div class=\"td-gallery-controls-wrapper\">\r\n                                <div class=\"td-gallery-slide-count\"><span class=\"td-gallery-slide-item-focus\">1<\/span> de 3<\/div>\r\n                                <div class=\"td-gallery-slide-prev-next-but\">\r\n                                    <i class = \"td-icon-left doubleSliderPrevButton\"><\/i>\r\n                                    <i class = \"td-icon-right doubleSliderNextButton\"><\/i>\r\n                                <\/div>\r\n                            <\/div>\r\n                        <\/div>\r\n\r\n                        <div class = \"td-doubleSlider-1 \">\r\n                            <div class = \"td-slider\">\r\n                                \r\n                    <div class = \"td-slide-item td-item1\">\r\n                        <figure class=\"td-slide-galery-figure td-slide-popup-gallery\">\r\n                            <a class=\"slide-gallery-image-link\" href=\"https:\/\/www.cidademarketing.com.br\/marketing\/wp-content\/uploads\/2022\/11\/Livro_pfizer.jpg\" title=\"Livro_pfizer\"  data-caption=\"\"  data-description=\"\">\r\n                                <img decoding=\"async\" src=\"https:\/\/www.cidademarketing.com.br\/marketing\/wp-content\/uploads\/2022\/11\/Livro_pfizer-682x420.jpg\" srcset=\"https:\/\/www.cidademarketing.com.br\/marketing\/wp-content\/uploads\/2022\/11\/Livro_pfizer-682x420.jpg 682w, https:\/\/www.cidademarketing.com.br\/marketing\/wp-content\/uploads\/2022\/11\/Livro_pfizer-300x185.jpg 300w, https:\/\/www.cidademarketing.com.br\/marketing\/wp-content\/uploads\/2022\/11\/Livro_pfizer-1024x631.jpg 1024w, https:\/\/www.cidademarketing.com.br\/marketing\/wp-content\/uploads\/2022\/11\/Livro_pfizer-768x473.jpg 768w, https:\/\/www.cidademarketing.com.br\/marketing\/wp-content\/uploads\/2022\/11\/Livro_pfizer-1536x946.jpg 1536w, https:\/\/www.cidademarketing.com.br\/marketing\/wp-content\/uploads\/2022\/11\/Livro_pfizer-2048x1262.jpg 2048w, https:\/\/www.cidademarketing.com.br\/marketing\/wp-content\/uploads\/2022\/11\/Livro_pfizer-640x394.jpg 640w, https:\/\/www.cidademarketing.com.br\/marketing\/wp-content\/uploads\/2022\/11\/Livro_pfizer-681x420.jpg 681w\" sizes=\"(max-width: 682px) 100vw, 682px\" alt=\"\">\r\n                            <\/a>\r\n                            \r\n                        <\/figure>\r\n                    <\/div>\r\n                    <div class = \"td-slide-item td-item2\">\r\n                        <figure class=\"td-slide-galery-figure td-slide-popup-gallery\">\r\n                            <a class=\"slide-gallery-image-link\" href=\"https:\/\/www.cidademarketing.com.br\/marketing\/wp-content\/uploads\/2022\/11\/Livro_pfizer_02.jpg\" title=\"Livro_pfizer_02\"  data-caption=\"\"  data-description=\"\">\r\n                                <img decoding=\"async\" src=\"https:\/\/www.cidademarketing.com.br\/marketing\/wp-content\/uploads\/2022\/11\/Livro_pfizer_02-682x420.jpg\" srcset=\"https:\/\/www.cidademarketing.com.br\/marketing\/wp-content\/uploads\/2022\/11\/Livro_pfizer_02-682x420.jpg 682w, https:\/\/www.cidademarketing.com.br\/marketing\/wp-content\/uploads\/2022\/11\/Livro_pfizer_02-300x185.jpg 300w, https:\/\/www.cidademarketing.com.br\/marketing\/wp-content\/uploads\/2022\/11\/Livro_pfizer_02-1024x631.jpg 1024w, https:\/\/www.cidademarketing.com.br\/marketing\/wp-content\/uploads\/2022\/11\/Livro_pfizer_02-768x473.jpg 768w, https:\/\/www.cidademarketing.com.br\/marketing\/wp-content\/uploads\/2022\/11\/Livro_pfizer_02-1536x946.jpg 1536w, https:\/\/www.cidademarketing.com.br\/marketing\/wp-content\/uploads\/2022\/11\/Livro_pfizer_02-2048x1262.jpg 2048w, https:\/\/www.cidademarketing.com.br\/marketing\/wp-content\/uploads\/2022\/11\/Livro_pfizer_02-640x394.jpg 640w, https:\/\/www.cidademarketing.com.br\/marketing\/wp-content\/uploads\/2022\/11\/Livro_pfizer_02-681x420.jpg 681w\" sizes=\"(max-width: 682px) 100vw, 682px\" alt=\"\">\r\n                            <\/a>\r\n                            \r\n                        <\/figure>\r\n                    <\/div>\r\n                    <div class = \"td-slide-item td-item3\">\r\n                        <figure class=\"td-slide-galery-figure td-slide-popup-gallery\">\r\n                            <a class=\"slide-gallery-image-link\" href=\"https:\/\/www.cidademarketing.com.br\/marketing\/wp-content\/uploads\/2022\/11\/Livro_pfizer_03-scaled.jpg\" title=\"Livro_pfizer_03\"  data-caption=\"\"  data-description=\"\">\r\n                                <img decoding=\"async\" src=\"https:\/\/www.cidademarketing.com.br\/marketing\/wp-content\/uploads\/2022\/11\/Livro_pfizer_03-682x420.jpg\" srcset=\"https:\/\/www.cidademarketing.com.br\/marketing\/wp-content\/uploads\/2022\/11\/Livro_pfizer_03-682x420.jpg 682w, https:\/\/www.cidademarketing.com.br\/marketing\/wp-content\/uploads\/2022\/11\/Livro_pfizer_03-300x185.jpg 300w, https:\/\/www.cidademarketing.com.br\/marketing\/wp-content\/uploads\/2022\/11\/Livro_pfizer_03-1024x631.jpg 1024w, https:\/\/www.cidademarketing.com.br\/marketing\/wp-content\/uploads\/2022\/11\/Livro_pfizer_03-768x473.jpg 768w, https:\/\/www.cidademarketing.com.br\/marketing\/wp-content\/uploads\/2022\/11\/Livro_pfizer_03-1536x946.jpg 1536w, https:\/\/www.cidademarketing.com.br\/marketing\/wp-content\/uploads\/2022\/11\/Livro_pfizer_03-2048x1261.jpg 2048w, https:\/\/www.cidademarketing.com.br\/marketing\/wp-content\/uploads\/2022\/11\/Livro_pfizer_03-640x394.jpg 640w, https:\/\/www.cidademarketing.com.br\/marketing\/wp-content\/uploads\/2022\/11\/Livro_pfizer_03-681x419.jpg 681w\" sizes=\"(max-width: 682px) 100vw, 682px\" alt=\"\">\r\n                            <\/a>\r\n                            \r\n                        <\/figure>\r\n                    <\/div>\r\n                            <\/div>\r\n                        <\/div>\r\n\r\n                        <div class = \"td-doubleSlider-2\">\r\n                            <div class = \"td-slider\">\r\n                                \r\n                    <div class = \"td-button td-item1\">\r\n                        <div class = \"td-border\"><\/div>\r\n                    <\/div>\r\n                    <div class = \"td-button td-item2\">\r\n                        <div class = \"td-border\"><\/div>\r\n                    <\/div>\r\n                    <div class = \"td-button td-item3\">\r\n                        <div class = \"td-border\"><\/div>\r\n                    <\/div>\r\n                            <\/div>\r\n                        <\/div>\r\n\r\n                    <\/div>\r\n\r\n                <\/div>\r\n                \n<p>&nbsp;<\/p>\n<p>FICHA T\u00c9CNICA<br \/>\nAg\u00eancia: DM9<br \/>\nCampanha: Hist\u00f3rias n\u00e3o escritas<br \/>\nAnunciante: Pfizer<br \/>\nCEO: Pipo Calazans<br \/>\nCCO: \u00cdcaro Doria<br \/>\nCOO: Thomas Tagliaferro<br \/>\nVP de Cria\u00e7\u00e3o: Daniel Ottoni<br \/>\nDiretora Executiva de Cria\u00e7\u00e3o: Nina Lucato<br \/>\nCria\u00e7\u00e3o: Marina Maia, Leonardo Marques, Paulo Costa, Mariana Mancia, Rogerio Possato, Luiza Jesus, Elaine Maia, Lucas Martins, Lincoln Ureshino e Douglas Spernega<br \/>\nDiretor de design: Nickolas Andreas<br \/>\nCBO: Michel Issa<br \/>\nDiretora de neg\u00f3cios: Ana Claudia Benini<br \/>\nAtendimento: Camila Lopes, Adriana Tambellini e Victh\u00f3ria Azcuaga<br \/>\nProjetos: Evelma Silva, Gabriela Mesquita e Gabriela Guerreiro<br \/>\nDiretoria de m\u00eddia: Lucia Cucci<br \/>\nM\u00eddia: Rita Oliveira, Celia Melo, Ricardo Mariano, Nathalli Nascimento<br \/>\nPlanejamento: Isabela Kachan e Raquel Vazquez<br \/>\nAprova\u00e7\u00e3o no cliente: Priscilla Lorenzo, Kauan Muchiutte, Elisabete Matias, Natalia Tonelo, Glaucia Souza, Christiane Melo, Claudenice Souza, Miriane Lage, Natalia Costa e Jo\u00e3o Torres<br \/>\nVP de Experience: Breno Ferreira<br \/>\nGerente de Produ\u00e7\u00e3o: Laura Moreira<br \/>\nPr\u00e9 Produ\u00e7\u00e3o: Felipe Matos<br \/>\nProdu\u00e7\u00e3o: Fernanda Gama<br \/>\nDiretora de Produ\u00e7\u00e3o Criativa: Julia Schloenbach<br \/>\nCoordenadora de Produ\u00e7\u00e3o Criativa: Tha\u00eds Cesena Gutierrez<br \/>\nProdutora Criativa: Barbara Oliver<br \/>\nAssistente de Produ\u00e7\u00e3o Criativa: Jennifer Gomes<br \/>\nTalk Filmes<br \/>\nDiretor: Eduardo F. Pimenta de Moraes<br \/>\nC\u00e2mera: Thomas Henne<br \/>\nC\u00e2mera: Thiago Rocha Domingos<br \/>\nC\u00e2mera: Felipe Jose Lima de Souza<br \/>\nLogger\/Assistente C\u00e2mera: Julio Pelizer<br \/>\nT\u00e9cnico de \u00e1udio: Edson Silva Gomes<br \/>\nDiretor de produ\u00e7\u00e3o: Renato Marques<br \/>\nProdu\u00e7\u00e3o executiva: Priscila G. C. M. da N\u00f3brega<br \/>\nAss. Produ\u00e7\u00e3o executiva: Thiago Gon\u00e7alves Campos Martoni<br \/>\nCamareira: Maria Helena Lopes de Lima<br \/>\nAjudante de produ\u00e7\u00e3o: Evantui de Jesus Moreira<br \/>\nEletricista: Cristian Zinngraf<br \/>\nAssistente de el\u00e9trica: Helio de Jesus Dantas<br \/>\nMake: Erica Sampaio<\/p>\n<p>Refer\u00eancias<\/p>\n<p>1. Hist\u00f3ria da Amiloidose Heredit\u00e1ria. ABPAR.<a href=\"http:\/\/www.abpar.org.br\/historia-da-amiloidose-hereditaria.html\" target=\"_blank\" rel=\"noopener\">http:\/\/www.abpar.org.br\/historia-da-amiloidose-hereditaria.html<\/a><br \/>\n2. Silva, Tonnison de Oliveira , Darze, Eduardo Sahade, Ritt, Luiz Eduardo Fonteles, Almeida, Andr\u00e9 Luiz Cerqueira e Ximenes, Ant\u00f4nio. Amiloidose por Transtirretina (ATTR) \u2013 Papel da Multimodalidade no diagn\u00f3stico Definitivo. National Library of Medicine. Dispon\u00edvel em: <a href=\"https:\/\/www.ncbi.nlm.nih.gov\/pmc\/articles\/PMC8149115\/\" target=\"_blank\" rel=\"noopener\">https:\/\/www.ncbi.nlm.nih.gov\/pmc\/articles\/PMC8149115\/<\/a><br \/>\n3. Diagn\u00f3stico precoce e tratamento adequado s\u00e3o fundamentais para pacientes com amiloidose card\u00edaca. Sociedade Brasileira de Cardiologia (SBC). Dispon\u00edvel em: <a href=\"https:\/\/www.portal.cardiol.br\/post\/diagn%C3%B3stico-precoce-e-tratamento-adequado-s%C3%A3o-fundamentais-para-pacientes-com-amiloidose-card%C3%ADaca\" target=\"_blank\" rel=\"noopener\">https:\/\/www.portal.cardiol.br\/post\/diagn%C3%B3stico-precoce-e-tratamento-adequado-s%C3%A3o-fundamentais-para-pacientes-com-amiloidose-card%C3%ADaca<\/a><br \/>\n4. Brincando de Deus: o come\u00e7o do fim da amiloidose. Sociedade Brasileira de Cardioloia (SBC). Dispon\u00edvel em: TTR<a href=\"https:\/\/www.portal.cardiol.br\/post\/brincando-de-deus-o-come%C3%A7o-do-fim-da-amiloidose-ttr\" target=\"_blank\" rel=\"noopener\"> https:\/\/www.portal.cardiol.br\/post\/brincando-de-deus-o-come%C3%A7o-do-fim-da-amiloidose-ttr<\/a><br \/>\n5. Amiloidose heredit\u00e1ria por transtirretina. Tratamentos da Amiloidose TTR. Associa\u00e7\u00e3o Brasileira de Paramiloidose (ABPAR). Dispon\u00edvel em <a href=\"http:\/\/abpar.org.br\/tratamentos-1.html\" target=\"_blank\" rel=\"noopener\">http:\/\/abpar.org.br\/tratamentos-1.html<\/a>.<\/p>\n<p><iframe style=\"width: 100%; max-width: 660px; overflow: hidden; background: transparent;\" src=\"https:\/\/embed.podcasts.apple.com\/br\/podcast\/podcast-cidademarketing\/id1371923283\" height=\"450\" frameborder=\"0\" sandbox=\"allow-forms allow-popups allow-same-origin allow-scripts allow-storage-access-by-user-activation allow-top-navigation-by-user-activation\"><\/iframe><br \/>\n&nbsp;<\/p>\n","protected":false},"excerpt":{"rendered":"<p>Como teria sido o final do conto Um Dia de Chuva se o c\u00e9lebre escritor portugu\u00eas E\u00e7a de Queiroz tivesse tido a chance de termin\u00e1-lo? A campanha Hist\u00f3rias n\u00e3o Escritas responde a essa pergunta propondo tr\u00eas poss\u00edveis finais para a obra do autor, que teria sido acometido por uma doen\u00e7a rara do grupo das amiloidoses, [&hellip;]<\/p>\n","protected":false},"author":1,"featured_media":39460,"comment_status":"open","ping_status":"open","sticky":false,"template":"","format":"standard","meta":{"tdm_status":"","tdm_grid_status":"","footnotes":""},"categories":[6],"tags":[922,5586,1142,33,248,28,633],"class_list":["post-39458","post","type-post","status-publish","format-standard","has-post-thumbnail","hentry","category-noticias","tag-dm9","tag-doenca-rara","tag-editorial","tag-estrategia","tag-livro","tag-marketing","tag-pfizer"],"yoast_head":"<!-- This site is optimized with the Yoast SEO plugin v27.5 - https:\/\/yoast.com\/product\/yoast-seo-wordpress\/ -->\n<title>Livro lan\u00e7ado pela Pfizer prop\u00f5e finais in\u00e9ditos para obra inacabada de E\u00e7a de Queiroz em alerta sobre doen\u00e7a rara - CidadeMarketing<\/title>\n<meta name=\"robots\" content=\"index, follow, max-snippet:-1, max-image-preview:large, max-video-preview:-1\" \/>\n<link rel=\"canonical\" href=\"https:\/\/www.cidademarketing.com.br\/marketing\/2022\/11\/07\/livro-lancado-pela-pfizer-propoe-finais-ineditos-para-obra-inacabada-de-eca-de-queiroz-em-alerta-sobre-doenca-rara\/\" \/>\n<meta property=\"og:locale\" content=\"pt_BR\" \/>\n<meta property=\"og:type\" content=\"article\" \/>\n<meta property=\"og:title\" content=\"Livro lan\u00e7ado pela Pfizer prop\u00f5e finais in\u00e9ditos para obra inacabada de E\u00e7a de Queiroz em alerta sobre doen\u00e7a rara - CidadeMarketing\" \/>\n<meta property=\"og:description\" content=\"Como teria sido o final do conto Um Dia de Chuva se o c\u00e9lebre escritor portugu\u00eas E\u00e7a de Queiroz tivesse tido a chance de termin\u00e1-lo? A campanha Hist\u00f3rias n\u00e3o Escritas responde a essa pergunta propondo tr\u00eas poss\u00edveis finais para a obra do autor, que teria sido acometido por uma doen\u00e7a rara do grupo das amiloidoses, [&hellip;]\" \/>\n<meta property=\"og:url\" content=\"https:\/\/www.cidademarketing.com.br\/marketing\/2022\/11\/07\/livro-lancado-pela-pfizer-propoe-finais-ineditos-para-obra-inacabada-de-eca-de-queiroz-em-alerta-sobre-doenca-rara\/\" \/>\n<meta property=\"og:site_name\" content=\"CidadeMarketing\" \/>\n<meta property=\"article:publisher\" content=\"https:\/\/www.facebook.com\/portalcidademarketing\" \/>\n<meta property=\"article:author\" content=\"https:\/\/www.facebook.com\/thalesbrandao\" \/>\n<meta property=\"article:published_time\" content=\"2022-11-07T18:55:39+00:00\" \/>\n<meta property=\"og:image\" content=\"https:\/\/www.cidademarketing.com.br\/marketing\/wp-content\/uploads\/2022\/11\/Livro_pfizer_02-1024x631.jpg\" \/>\n\t<meta property=\"og:image:width\" content=\"1024\" \/>\n\t<meta property=\"og:image:height\" content=\"631\" \/>\n\t<meta property=\"og:image:type\" content=\"image\/jpeg\" \/>\n<meta name=\"author\" content=\"Thales Brand\u00e3o\" \/>\n<meta name=\"twitter:card\" content=\"summary_large_image\" \/>\n<meta name=\"twitter:creator\" content=\"@http:\/\/www.twitter.com\/thalesbrandao\" \/>\n<meta name=\"twitter:site\" content=\"@CidadeMarketing\" \/>\n<meta name=\"twitter:label1\" content=\"Escrito por\" \/>\n\t<meta name=\"twitter:data1\" content=\"Thales Brand\u00e3o\" \/>\n\t<meta name=\"twitter:label2\" content=\"Est. tempo de leitura\" \/>\n\t<meta name=\"twitter:data2\" content=\"6 minutos\" \/>\n<script type=\"application\/ld+json\" class=\"yoast-schema-graph\">{\"@context\":\"https:\\\/\\\/schema.org\",\"@graph\":[{\"@type\":\"Article\",\"@id\":\"https:\\\/\\\/www.cidademarketing.com.br\\\/marketing\\\/2022\\\/11\\\/07\\\/livro-lancado-pela-pfizer-propoe-finais-ineditos-para-obra-inacabada-de-eca-de-queiroz-em-alerta-sobre-doenca-rara\\\/#article\",\"isPartOf\":{\"@id\":\"https:\\\/\\\/www.cidademarketing.com.br\\\/marketing\\\/2022\\\/11\\\/07\\\/livro-lancado-pela-pfizer-propoe-finais-ineditos-para-obra-inacabada-de-eca-de-queiroz-em-alerta-sobre-doenca-rara\\\/\"},\"author\":{\"name\":\"Thales Brand\u00e3o\",\"@id\":\"https:\\\/\\\/www.cidademarketing.com.br\\\/marketing\\\/#\\\/schema\\\/person\\\/02daff9f18bd9378c9e01eb6b2db155f\"},\"headline\":\"Livro lan\u00e7ado pela Pfizer prop\u00f5e finais in\u00e9ditos para obra inacabada de E\u00e7a de Queiroz em alerta sobre doen\u00e7a rara\",\"datePublished\":\"2022-11-07T18:55:39+00:00\",\"mainEntityOfPage\":{\"@id\":\"https:\\\/\\\/www.cidademarketing.com.br\\\/marketing\\\/2022\\\/11\\\/07\\\/livro-lancado-pela-pfizer-propoe-finais-ineditos-para-obra-inacabada-de-eca-de-queiroz-em-alerta-sobre-doenca-rara\\\/\"},\"wordCount\":1182,\"commentCount\":0,\"publisher\":{\"@id\":\"https:\\\/\\\/www.cidademarketing.com.br\\\/marketing\\\/#organization\"},\"image\":{\"@id\":\"https:\\\/\\\/www.cidademarketing.com.br\\\/marketing\\\/2022\\\/11\\\/07\\\/livro-lancado-pela-pfizer-propoe-finais-ineditos-para-obra-inacabada-de-eca-de-queiroz-em-alerta-sobre-doenca-rara\\\/#primaryimage\"},\"thumbnailUrl\":\"https:\\\/\\\/www.cidademarketing.com.br\\\/marketing\\\/wp-content\\\/uploads\\\/2022\\\/11\\\/Livro_pfizer_02.jpg\",\"keywords\":[\"DM9\",\"doen\u00e7a rara\",\"editorial\",\"estrat\u00e9gia\",\"livro\",\"marketing\",\"Pfizer\"],\"articleSection\":[\"Not\u00edcias\"],\"inLanguage\":\"pt-BR\",\"potentialAction\":[{\"@type\":\"CommentAction\",\"name\":\"Comment\",\"target\":[\"https:\\\/\\\/www.cidademarketing.com.br\\\/marketing\\\/2022\\\/11\\\/07\\\/livro-lancado-pela-pfizer-propoe-finais-ineditos-para-obra-inacabada-de-eca-de-queiroz-em-alerta-sobre-doenca-rara\\\/#respond\"]}]},{\"@type\":\"WebPage\",\"@id\":\"https:\\\/\\\/www.cidademarketing.com.br\\\/marketing\\\/2022\\\/11\\\/07\\\/livro-lancado-pela-pfizer-propoe-finais-ineditos-para-obra-inacabada-de-eca-de-queiroz-em-alerta-sobre-doenca-rara\\\/\",\"url\":\"https:\\\/\\\/www.cidademarketing.com.br\\\/marketing\\\/2022\\\/11\\\/07\\\/livro-lancado-pela-pfizer-propoe-finais-ineditos-para-obra-inacabada-de-eca-de-queiroz-em-alerta-sobre-doenca-rara\\\/\",\"name\":\"Livro lan\u00e7ado pela Pfizer prop\u00f5e finais in\u00e9ditos para obra inacabada de E\u00e7a de Queiroz em alerta sobre doen\u00e7a rara - CidadeMarketing\",\"isPartOf\":{\"@id\":\"https:\\\/\\\/www.cidademarketing.com.br\\\/marketing\\\/#website\"},\"primaryImageOfPage\":{\"@id\":\"https:\\\/\\\/www.cidademarketing.com.br\\\/marketing\\\/2022\\\/11\\\/07\\\/livro-lancado-pela-pfizer-propoe-finais-ineditos-para-obra-inacabada-de-eca-de-queiroz-em-alerta-sobre-doenca-rara\\\/#primaryimage\"},\"image\":{\"@id\":\"https:\\\/\\\/www.cidademarketing.com.br\\\/marketing\\\/2022\\\/11\\\/07\\\/livro-lancado-pela-pfizer-propoe-finais-ineditos-para-obra-inacabada-de-eca-de-queiroz-em-alerta-sobre-doenca-rara\\\/#primaryimage\"},\"thumbnailUrl\":\"https:\\\/\\\/www.cidademarketing.com.br\\\/marketing\\\/wp-content\\\/uploads\\\/2022\\\/11\\\/Livro_pfizer_02.jpg\",\"datePublished\":\"2022-11-07T18:55:39+00:00\",\"breadcrumb\":{\"@id\":\"https:\\\/\\\/www.cidademarketing.com.br\\\/marketing\\\/2022\\\/11\\\/07\\\/livro-lancado-pela-pfizer-propoe-finais-ineditos-para-obra-inacabada-de-eca-de-queiroz-em-alerta-sobre-doenca-rara\\\/#breadcrumb\"},\"inLanguage\":\"pt-BR\",\"potentialAction\":[{\"@type\":\"ReadAction\",\"target\":[\"https:\\\/\\\/www.cidademarketing.com.br\\\/marketing\\\/2022\\\/11\\\/07\\\/livro-lancado-pela-pfizer-propoe-finais-ineditos-para-obra-inacabada-de-eca-de-queiroz-em-alerta-sobre-doenca-rara\\\/\"]}]},{\"@type\":\"ImageObject\",\"inLanguage\":\"pt-BR\",\"@id\":\"https:\\\/\\\/www.cidademarketing.com.br\\\/marketing\\\/2022\\\/11\\\/07\\\/livro-lancado-pela-pfizer-propoe-finais-ineditos-para-obra-inacabada-de-eca-de-queiroz-em-alerta-sobre-doenca-rara\\\/#primaryimage\",\"url\":\"https:\\\/\\\/www.cidademarketing.com.br\\\/marketing\\\/wp-content\\\/uploads\\\/2022\\\/11\\\/Livro_pfizer_02.jpg\",\"contentUrl\":\"https:\\\/\\\/www.cidademarketing.com.br\\\/marketing\\\/wp-content\\\/uploads\\\/2022\\\/11\\\/Livro_pfizer_02.jpg\",\"width\":2508,\"height\":1545},{\"@type\":\"BreadcrumbList\",\"@id\":\"https:\\\/\\\/www.cidademarketing.com.br\\\/marketing\\\/2022\\\/11\\\/07\\\/livro-lancado-pela-pfizer-propoe-finais-ineditos-para-obra-inacabada-de-eca-de-queiroz-em-alerta-sobre-doenca-rara\\\/#breadcrumb\",\"itemListElement\":[{\"@type\":\"ListItem\",\"position\":1,\"name\":\"In\u00edcio\",\"item\":\"https:\\\/\\\/www.cidademarketing.com.br\\\/marketing\\\/\"},{\"@type\":\"ListItem\",\"position\":2,\"name\":\"Livro lan\u00e7ado pela Pfizer prop\u00f5e finais in\u00e9ditos para obra inacabada de E\u00e7a de Queiroz em alerta sobre doen\u00e7a rara\"}]},{\"@type\":\"WebSite\",\"@id\":\"https:\\\/\\\/www.cidademarketing.com.br\\\/marketing\\\/#website\",\"url\":\"https:\\\/\\\/www.cidademarketing.com.br\\\/marketing\\\/\",\"name\":\"CidadeMarketing\",\"description\":\"Somos um ve\u00edculo de comunica\u00e7\u00e3o de destaque no Brasil, reconhecido por conte\u00fados nos segmentos de marketing, empreendedorismo e inova\u00e7\u00e3o.\",\"publisher\":{\"@id\":\"https:\\\/\\\/www.cidademarketing.com.br\\\/marketing\\\/#organization\"},\"alternateName\":\"CidadeMarketing\",\"potentialAction\":[{\"@type\":\"SearchAction\",\"target\":{\"@type\":\"EntryPoint\",\"urlTemplate\":\"https:\\\/\\\/www.cidademarketing.com.br\\\/marketing\\\/?s={search_term_string}\"},\"query-input\":{\"@type\":\"PropertyValueSpecification\",\"valueRequired\":true,\"valueName\":\"search_term_string\"}}],\"inLanguage\":\"pt-BR\"},{\"@type\":\"Organization\",\"@id\":\"https:\\\/\\\/www.cidademarketing.com.br\\\/marketing\\\/#organization\",\"name\":\"CidadeMarketing\",\"alternateName\":\"CidadeMarketing\",\"url\":\"https:\\\/\\\/www.cidademarketing.com.br\\\/marketing\\\/\",\"logo\":{\"@type\":\"ImageObject\",\"inLanguage\":\"pt-BR\",\"@id\":\"https:\\\/\\\/www.cidademarketing.com.br\\\/marketing\\\/#\\\/schema\\\/logo\\\/image\\\/\",\"url\":\"https:\\\/\\\/www.cidademarketing.com.br\\\/marketing\\\/wp-content\\\/uploads\\\/2020\\\/01\\\/cidademarketing_marca_mobile.png\",\"contentUrl\":\"https:\\\/\\\/www.cidademarketing.com.br\\\/marketing\\\/wp-content\\\/uploads\\\/2020\\\/01\\\/cidademarketing_marca_mobile.png\",\"width\":230,\"height\":92,\"caption\":\"CidadeMarketing\"},\"image\":{\"@id\":\"https:\\\/\\\/www.cidademarketing.com.br\\\/marketing\\\/#\\\/schema\\\/logo\\\/image\\\/\"},\"sameAs\":[\"https:\\\/\\\/www.facebook.com\\\/portalcidademarketing\",\"https:\\\/\\\/x.com\\\/CidadeMarketing\",\"https:\\\/\\\/www.instagram.com\\\/cidademarketing\\\/\"]},{\"@type\":\"Person\",\"@id\":\"https:\\\/\\\/www.cidademarketing.com.br\\\/marketing\\\/#\\\/schema\\\/person\\\/02daff9f18bd9378c9e01eb6b2db155f\",\"name\":\"Thales Brand\u00e3o\",\"image\":{\"@type\":\"ImageObject\",\"inLanguage\":\"pt-BR\",\"@id\":\"https:\\\/\\\/secure.gravatar.com\\\/avatar\\\/7ca3206950207cc3cb48feec56a8a7898741ab725c368d99d5d7a5a50aab80c6?s=96&d=mm&r=g\",\"url\":\"https:\\\/\\\/secure.gravatar.com\\\/avatar\\\/7ca3206950207cc3cb48feec56a8a7898741ab725c368d99d5d7a5a50aab80c6?s=96&d=mm&r=g\",\"contentUrl\":\"https:\\\/\\\/secure.gravatar.com\\\/avatar\\\/7ca3206950207cc3cb48feec56a8a7898741ab725c368d99d5d7a5a50aab80c6?s=96&d=mm&r=g\",\"caption\":\"Thales Brand\u00e3o\"},\"description\":\"Editor Executivo do Portal CidadeMarketing.com.br &gt; Mestre em Comunica\u00e7\u00e3o e Sociedade pela Universidade Federal de Sergipe. Possui MBA Executivo em Administra\u00e7\u00e3o com \u00eanfase em Marketing pela Funda\u00e7\u00e3o Get\u00falio Vargas - Rio de Janeiro. Consultor, Palestrante e Pesquisador sobre Empreendedorismo, Marketing, Redes Sociais e Neg\u00f3cios Digitais. Professor, Palestrante TedxTalks e Campus Party. Twitter: @ThalesBrandao\",\"sameAs\":[\"http:\\\/\\\/www.mandacaru.com.br\",\"https:\\\/\\\/www.facebook.com\\\/thalesbrandao\",\"http:\\\/\\\/www.instagram.com.br\\\/thalesbrandaoferreira\",\"https:\\\/\\\/www.linkedin.com\\\/in\\\/thales-brand\u00e3o-3948609\\\/\",\"https:\\\/\\\/x.com\\\/http:\\\/\\\/www.twitter.com\\\/thalesbrandao\"],\"url\":\"https:\\\/\\\/www.cidademarketing.com.br\\\/marketing\\\/author\\\/thalesbrandao\\\/\"}]}<\/script>\n<!-- \/ Yoast SEO plugin. -->","yoast_head_json":{"title":"Livro lan\u00e7ado pela Pfizer prop\u00f5e finais in\u00e9ditos para obra inacabada de E\u00e7a de Queiroz em alerta sobre doen\u00e7a rara - CidadeMarketing","robots":{"index":"index","follow":"follow","max-snippet":"max-snippet:-1","max-image-preview":"max-image-preview:large","max-video-preview":"max-video-preview:-1"},"canonical":"https:\/\/www.cidademarketing.com.br\/marketing\/2022\/11\/07\/livro-lancado-pela-pfizer-propoe-finais-ineditos-para-obra-inacabada-de-eca-de-queiroz-em-alerta-sobre-doenca-rara\/","og_locale":"pt_BR","og_type":"article","og_title":"Livro lan\u00e7ado pela Pfizer prop\u00f5e finais in\u00e9ditos para obra inacabada de E\u00e7a de Queiroz em alerta sobre doen\u00e7a rara - CidadeMarketing","og_description":"Como teria sido o final do conto Um Dia de Chuva se o c\u00e9lebre escritor portugu\u00eas E\u00e7a de Queiroz tivesse tido a chance de termin\u00e1-lo? A campanha Hist\u00f3rias n\u00e3o Escritas responde a essa pergunta propondo tr\u00eas poss\u00edveis finais para a obra do autor, que teria sido acometido por uma doen\u00e7a rara do grupo das amiloidoses, [&hellip;]","og_url":"https:\/\/www.cidademarketing.com.br\/marketing\/2022\/11\/07\/livro-lancado-pela-pfizer-propoe-finais-ineditos-para-obra-inacabada-de-eca-de-queiroz-em-alerta-sobre-doenca-rara\/","og_site_name":"CidadeMarketing","article_publisher":"https:\/\/www.facebook.com\/portalcidademarketing","article_author":"https:\/\/www.facebook.com\/thalesbrandao","article_published_time":"2022-11-07T18:55:39+00:00","og_image":[{"width":1024,"height":631,"url":"https:\/\/www.cidademarketing.com.br\/marketing\/wp-content\/uploads\/2022\/11\/Livro_pfizer_02-1024x631.jpg","type":"image\/jpeg"}],"author":"Thales Brand\u00e3o","twitter_card":"summary_large_image","twitter_creator":"@http:\/\/www.twitter.com\/thalesbrandao","twitter_site":"@CidadeMarketing","twitter_misc":{"Escrito por":"Thales Brand\u00e3o","Est. tempo de leitura":"6 minutos"},"schema":{"@context":"https:\/\/schema.org","@graph":[{"@type":"Article","@id":"https:\/\/www.cidademarketing.com.br\/marketing\/2022\/11\/07\/livro-lancado-pela-pfizer-propoe-finais-ineditos-para-obra-inacabada-de-eca-de-queiroz-em-alerta-sobre-doenca-rara\/#article","isPartOf":{"@id":"https:\/\/www.cidademarketing.com.br\/marketing\/2022\/11\/07\/livro-lancado-pela-pfizer-propoe-finais-ineditos-para-obra-inacabada-de-eca-de-queiroz-em-alerta-sobre-doenca-rara\/"},"author":{"name":"Thales Brand\u00e3o","@id":"https:\/\/www.cidademarketing.com.br\/marketing\/#\/schema\/person\/02daff9f18bd9378c9e01eb6b2db155f"},"headline":"Livro lan\u00e7ado pela Pfizer prop\u00f5e finais in\u00e9ditos para obra inacabada de E\u00e7a de Queiroz em alerta sobre doen\u00e7a rara","datePublished":"2022-11-07T18:55:39+00:00","mainEntityOfPage":{"@id":"https:\/\/www.cidademarketing.com.br\/marketing\/2022\/11\/07\/livro-lancado-pela-pfizer-propoe-finais-ineditos-para-obra-inacabada-de-eca-de-queiroz-em-alerta-sobre-doenca-rara\/"},"wordCount":1182,"commentCount":0,"publisher":{"@id":"https:\/\/www.cidademarketing.com.br\/marketing\/#organization"},"image":{"@id":"https:\/\/www.cidademarketing.com.br\/marketing\/2022\/11\/07\/livro-lancado-pela-pfizer-propoe-finais-ineditos-para-obra-inacabada-de-eca-de-queiroz-em-alerta-sobre-doenca-rara\/#primaryimage"},"thumbnailUrl":"https:\/\/www.cidademarketing.com.br\/marketing\/wp-content\/uploads\/2022\/11\/Livro_pfizer_02.jpg","keywords":["DM9","doen\u00e7a rara","editorial","estrat\u00e9gia","livro","marketing","Pfizer"],"articleSection":["Not\u00edcias"],"inLanguage":"pt-BR","potentialAction":[{"@type":"CommentAction","name":"Comment","target":["https:\/\/www.cidademarketing.com.br\/marketing\/2022\/11\/07\/livro-lancado-pela-pfizer-propoe-finais-ineditos-para-obra-inacabada-de-eca-de-queiroz-em-alerta-sobre-doenca-rara\/#respond"]}]},{"@type":"WebPage","@id":"https:\/\/www.cidademarketing.com.br\/marketing\/2022\/11\/07\/livro-lancado-pela-pfizer-propoe-finais-ineditos-para-obra-inacabada-de-eca-de-queiroz-em-alerta-sobre-doenca-rara\/","url":"https:\/\/www.cidademarketing.com.br\/marketing\/2022\/11\/07\/livro-lancado-pela-pfizer-propoe-finais-ineditos-para-obra-inacabada-de-eca-de-queiroz-em-alerta-sobre-doenca-rara\/","name":"Livro lan\u00e7ado pela Pfizer prop\u00f5e finais in\u00e9ditos para obra inacabada de E\u00e7a de Queiroz em alerta sobre doen\u00e7a rara - CidadeMarketing","isPartOf":{"@id":"https:\/\/www.cidademarketing.com.br\/marketing\/#website"},"primaryImageOfPage":{"@id":"https:\/\/www.cidademarketing.com.br\/marketing\/2022\/11\/07\/livro-lancado-pela-pfizer-propoe-finais-ineditos-para-obra-inacabada-de-eca-de-queiroz-em-alerta-sobre-doenca-rara\/#primaryimage"},"image":{"@id":"https:\/\/www.cidademarketing.com.br\/marketing\/2022\/11\/07\/livro-lancado-pela-pfizer-propoe-finais-ineditos-para-obra-inacabada-de-eca-de-queiroz-em-alerta-sobre-doenca-rara\/#primaryimage"},"thumbnailUrl":"https:\/\/www.cidademarketing.com.br\/marketing\/wp-content\/uploads\/2022\/11\/Livro_pfizer_02.jpg","datePublished":"2022-11-07T18:55:39+00:00","breadcrumb":{"@id":"https:\/\/www.cidademarketing.com.br\/marketing\/2022\/11\/07\/livro-lancado-pela-pfizer-propoe-finais-ineditos-para-obra-inacabada-de-eca-de-queiroz-em-alerta-sobre-doenca-rara\/#breadcrumb"},"inLanguage":"pt-BR","potentialAction":[{"@type":"ReadAction","target":["https:\/\/www.cidademarketing.com.br\/marketing\/2022\/11\/07\/livro-lancado-pela-pfizer-propoe-finais-ineditos-para-obra-inacabada-de-eca-de-queiroz-em-alerta-sobre-doenca-rara\/"]}]},{"@type":"ImageObject","inLanguage":"pt-BR","@id":"https:\/\/www.cidademarketing.com.br\/marketing\/2022\/11\/07\/livro-lancado-pela-pfizer-propoe-finais-ineditos-para-obra-inacabada-de-eca-de-queiroz-em-alerta-sobre-doenca-rara\/#primaryimage","url":"https:\/\/www.cidademarketing.com.br\/marketing\/wp-content\/uploads\/2022\/11\/Livro_pfizer_02.jpg","contentUrl":"https:\/\/www.cidademarketing.com.br\/marketing\/wp-content\/uploads\/2022\/11\/Livro_pfizer_02.jpg","width":2508,"height":1545},{"@type":"BreadcrumbList","@id":"https:\/\/www.cidademarketing.com.br\/marketing\/2022\/11\/07\/livro-lancado-pela-pfizer-propoe-finais-ineditos-para-obra-inacabada-de-eca-de-queiroz-em-alerta-sobre-doenca-rara\/#breadcrumb","itemListElement":[{"@type":"ListItem","position":1,"name":"In\u00edcio","item":"https:\/\/www.cidademarketing.com.br\/marketing\/"},{"@type":"ListItem","position":2,"name":"Livro lan\u00e7ado pela Pfizer prop\u00f5e finais in\u00e9ditos para obra inacabada de E\u00e7a de Queiroz em alerta sobre doen\u00e7a rara"}]},{"@type":"WebSite","@id":"https:\/\/www.cidademarketing.com.br\/marketing\/#website","url":"https:\/\/www.cidademarketing.com.br\/marketing\/","name":"CidadeMarketing","description":"Somos um ve\u00edculo de comunica\u00e7\u00e3o de destaque no Brasil, reconhecido por conte\u00fados nos segmentos de marketing, empreendedorismo e inova\u00e7\u00e3o.","publisher":{"@id":"https:\/\/www.cidademarketing.com.br\/marketing\/#organization"},"alternateName":"CidadeMarketing","potentialAction":[{"@type":"SearchAction","target":{"@type":"EntryPoint","urlTemplate":"https:\/\/www.cidademarketing.com.br\/marketing\/?s={search_term_string}"},"query-input":{"@type":"PropertyValueSpecification","valueRequired":true,"valueName":"search_term_string"}}],"inLanguage":"pt-BR"},{"@type":"Organization","@id":"https:\/\/www.cidademarketing.com.br\/marketing\/#organization","name":"CidadeMarketing","alternateName":"CidadeMarketing","url":"https:\/\/www.cidademarketing.com.br\/marketing\/","logo":{"@type":"ImageObject","inLanguage":"pt-BR","@id":"https:\/\/www.cidademarketing.com.br\/marketing\/#\/schema\/logo\/image\/","url":"https:\/\/www.cidademarketing.com.br\/marketing\/wp-content\/uploads\/2020\/01\/cidademarketing_marca_mobile.png","contentUrl":"https:\/\/www.cidademarketing.com.br\/marketing\/wp-content\/uploads\/2020\/01\/cidademarketing_marca_mobile.png","width":230,"height":92,"caption":"CidadeMarketing"},"image":{"@id":"https:\/\/www.cidademarketing.com.br\/marketing\/#\/schema\/logo\/image\/"},"sameAs":["https:\/\/www.facebook.com\/portalcidademarketing","https:\/\/x.com\/CidadeMarketing","https:\/\/www.instagram.com\/cidademarketing\/"]},{"@type":"Person","@id":"https:\/\/www.cidademarketing.com.br\/marketing\/#\/schema\/person\/02daff9f18bd9378c9e01eb6b2db155f","name":"Thales Brand\u00e3o","image":{"@type":"ImageObject","inLanguage":"pt-BR","@id":"https:\/\/secure.gravatar.com\/avatar\/7ca3206950207cc3cb48feec56a8a7898741ab725c368d99d5d7a5a50aab80c6?s=96&d=mm&r=g","url":"https:\/\/secure.gravatar.com\/avatar\/7ca3206950207cc3cb48feec56a8a7898741ab725c368d99d5d7a5a50aab80c6?s=96&d=mm&r=g","contentUrl":"https:\/\/secure.gravatar.com\/avatar\/7ca3206950207cc3cb48feec56a8a7898741ab725c368d99d5d7a5a50aab80c6?s=96&d=mm&r=g","caption":"Thales Brand\u00e3o"},"description":"Editor Executivo do Portal CidadeMarketing.com.br &gt; Mestre em Comunica\u00e7\u00e3o e Sociedade pela Universidade Federal de Sergipe. Possui MBA Executivo em Administra\u00e7\u00e3o com \u00eanfase em Marketing pela Funda\u00e7\u00e3o Get\u00falio Vargas - Rio de Janeiro. Consultor, Palestrante e Pesquisador sobre Empreendedorismo, Marketing, Redes Sociais e Neg\u00f3cios Digitais. Professor, Palestrante TedxTalks e Campus Party. Twitter: @ThalesBrandao","sameAs":["http:\/\/www.mandacaru.com.br","https:\/\/www.facebook.com\/thalesbrandao","http:\/\/www.instagram.com.br\/thalesbrandaoferreira","https:\/\/www.linkedin.com\/in\/thales-brand\u00e3o-3948609\/","https:\/\/x.com\/http:\/\/www.twitter.com\/thalesbrandao"],"url":"https:\/\/www.cidademarketing.com.br\/marketing\/author\/thalesbrandao\/"}]}},"amp_enabled":true,"_links":{"self":[{"href":"https:\/\/www.cidademarketing.com.br\/marketing\/wp-json\/wp\/v2\/posts\/39458","targetHints":{"allow":["GET"]}}],"collection":[{"href":"https:\/\/www.cidademarketing.com.br\/marketing\/wp-json\/wp\/v2\/posts"}],"about":[{"href":"https:\/\/www.cidademarketing.com.br\/marketing\/wp-json\/wp\/v2\/types\/post"}],"author":[{"embeddable":true,"href":"https:\/\/www.cidademarketing.com.br\/marketing\/wp-json\/wp\/v2\/users\/1"}],"replies":[{"embeddable":true,"href":"https:\/\/www.cidademarketing.com.br\/marketing\/wp-json\/wp\/v2\/comments?post=39458"}],"version-history":[{"count":1,"href":"https:\/\/www.cidademarketing.com.br\/marketing\/wp-json\/wp\/v2\/posts\/39458\/revisions"}],"predecessor-version":[{"id":39462,"href":"https:\/\/www.cidademarketing.com.br\/marketing\/wp-json\/wp\/v2\/posts\/39458\/revisions\/39462"}],"wp:featuredmedia":[{"embeddable":true,"href":"https:\/\/www.cidademarketing.com.br\/marketing\/wp-json\/wp\/v2\/media\/39460"}],"wp:attachment":[{"href":"https:\/\/www.cidademarketing.com.br\/marketing\/wp-json\/wp\/v2\/media?parent=39458"}],"wp:term":[{"taxonomy":"category","embeddable":true,"href":"https:\/\/www.cidademarketing.com.br\/marketing\/wp-json\/wp\/v2\/categories?post=39458"},{"taxonomy":"post_tag","embeddable":true,"href":"https:\/\/www.cidademarketing.com.br\/marketing\/wp-json\/wp\/v2\/tags?post=39458"}],"curies":[{"name":"wp","href":"https:\/\/api.w.org\/{rel}","templated":true}]}}