{"id":39400,"date":"2022-11-06T21:21:38","date_gmt":"2022-11-07T00:21:38","guid":{"rendered":"https:\/\/www.cidademarketing.com.br\/marketing\/?p=39400"},"modified":"2022-11-06T21:21:38","modified_gmt":"2022-11-07T00:21:38","slug":"com-os-embaixadores-ary-supla-e-jojo-qualy-lanca-nova-campanha","status":"publish","type":"post","link":"https:\/\/www.cidademarketing.com.br\/marketing\/2022\/11\/06\/com-os-embaixadores-ary-supla-e-jojo-qualy-lanca-nova-campanha\/","title":{"rendered":"Com os embaixadores Ary, Supla e Jojo, Qualy lan\u00e7a nova campanha"},"content":{"rendered":"<p><iframe src=\"https:\/\/anchor.fm\/cidademarketing\/embed\" width=\"400px\" height=\"102px\" frameborder=\"0\" scrolling=\"no\"><\/iframe><br \/>\nQualy, marca preferida no segmento de margarinas e l\u00edder isolada da categoria, apresenta mais um filme como parte de seu novo posicionamento desenvolvido pela ag\u00eancia Africa: \u201cS\u00f3 Qualy tem gosto de Qualy\u201d. Para ilustrar essa mudan\u00e7a, entra no ar o novo v\u00eddeo com o consagrado ator e influenciador digital Ary Fontoura, nome que faz parte do grupo de embaixadores da marca e que se junta nesta campanha aos cantores Jojo Maronttinni e Supla, completando a s\u00e9rie de tr\u00eas comerciais que est\u00e3o sendo exibidos em todo o pa\u00eds. Todos os artistas foram escolhidos por conta do grande carisma com os mais diversos p\u00fablicos, mostrando assim o sabor e cremosidade \u00fanicos de Qualy, ideal para diversas ocasi\u00f5es.<\/p>\n<p>A campanha explora os \u201cCaf\u00e9s da Manh\u00e3 Inesperados\u201d, com as personalidades mostrando aos consumidores algumas de suas dicas e prefer\u00eancias matutinas que casam com o produto. Presente h\u00e1 mais de 30 anos nos lares de todo o Brasil, Qualy \u00e9 cremosa, saborosa e espalha f\u00e1cil, por isso tem lugar cativo nas mesas brasileiras. Com a nova assinatura, a marca garante por meio de suas mensagens sua lideran\u00e7a de mercado e ressalta ainda mais seus atributos exclusivos que combinam perfeitamente com p\u00e3es, torradas, panquecas, entre muitas outras op\u00e7\u00f5es.<\/p>\n<p>\u201cSomos uma marca vers\u00e1til que acompanha o p\u00fablico desde o caf\u00e9 da manh\u00e3 at\u00e9 o jantar. Estamos presentes em 7 de cada 10 casas do pa\u00eds e queremos conquistar ainda mais espa\u00e7os com nossos diferenciais. Assim como alguns gostos n\u00e3o precisam ser discutidos, tamb\u00e9m \u00e9 un\u00e2nime entre os consumidores que s\u00f3 Qualy tem gosto de Qualy\u201d, comenta Marina Secaf, gerente executiva de Qualy.<\/p>\n<p>Homem sentado em frente a mesa com comida<br \/>\nDescri\u00e7\u00e3o gerada automaticamente\u201cNosso maior desafio era \u201cquebrar\u201d com o formato tradicional de campanha de margarina, mas mantendo todos os c\u00f3digos de Qualy, marca l\u00edder desse mercado. Para isso, nada mais inesperado do que retratar celebridades que voc\u00ea nunca imaginou tomando seu caf\u00e9 da manh\u00e3\u201d, explica Erico Braga, diretor executivo de Cria\u00e7\u00e3o da Africa.<\/p>\n<p>Para garantir o portf\u00f3lio completo de Qualy, os produtos podem ser encontrados nas principais redes varejistas do pa\u00eds, bem como no Mercato Em Casa, o e-commerce da BRF; e nas unidades do Mercato Sadia, loja modelo da BRF com nove unidades em S\u00e3o Paulo e uma em Itaja\u00ed\/SC. Al\u00e9m disso, diversas receitas est\u00e3o dispon\u00edveis no portal Qualy, atualizado mensalmente com preparos de doces e salgados.<\/p>\n<p><iframe title=\"Qualy | Caf\u00e9 da Manh\u00e3 com Ary | #GostoDeQualy\" width=\"640\" height=\"360\" src=\"https:\/\/www.youtube.com\/embed\/PtgHVP80R8Y?feature=oembed\" frameborder=\"0\" allow=\"accelerometer; autoplay; clipboard-write; encrypted-media; gyroscope; picture-in-picture; web-share\" referrerpolicy=\"strict-origin-when-cross-origin\" allowfullscreen><\/iframe><\/p>\n<p>&nbsp;<\/p>\n<p><iframe title=\"Qualy | Caf\u00e9 da Manh\u00e3 com Jojo | #GostoDeQualy\" width=\"640\" height=\"360\" src=\"https:\/\/www.youtube.com\/embed\/rY-395u47Zg?feature=oembed\" frameborder=\"0\" allow=\"accelerometer; autoplay; clipboard-write; encrypted-media; gyroscope; picture-in-picture; web-share\" referrerpolicy=\"strict-origin-when-cross-origin\" allowfullscreen><\/iframe><\/p>\n<p>&nbsp;<\/p>\n<p><iframe title=\"Qualy | Caf\u00e9 da Manh\u00e3 com Supla | #GostoDeQualy\" width=\"640\" height=\"360\" src=\"https:\/\/www.youtube.com\/embed\/nQed6ry5zYE?feature=oembed\" frameborder=\"0\" allow=\"accelerometer; autoplay; clipboard-write; encrypted-media; gyroscope; picture-in-picture; web-share\" referrerpolicy=\"strict-origin-when-cross-origin\" allowfullscreen><\/iframe><\/p>\n<p>&nbsp;<\/p>\n<p>FICHA T\u00c9CNICA<\/p>\n<p>&nbsp;<\/p>\n<p>T\u00edtulo:Caf\u00e9s da Manh\u00e3 Inesperados<\/p>\n<p>Ag\u00eancia: Africa<\/p>\n<p>Anunciante: BRF &#8211; Qualy<\/p>\n<p>Produto:Qualy<\/p>\n<p>&nbsp;<\/p>\n<p>CCO: Sergio Gordilho<\/p>\n<p>ECD: Erico Braga \/ Rodrigo Marangoni<\/p>\n<p>Diretor de cria\u00e7\u00e3o: Rafael de Miranda \/ Pedro Reis<\/p>\n<p>Redator: Zeca Castilho \/ Giovanni Richetti \/ Murilo Israel<\/p>\n<p>Diretor de arte: Bruno Cavalcante<\/p>\n<p>&nbsp;<\/p>\n<p>Atendimento: Carolina Boccia, Anna Sant&#8217; Anna, Ingrid Lobo, Natalya Soares, Alexia Satiro<\/p>\n<p>Planejamento: Aldo Pini, Luciana Mussato, Gabriel Vaz, Aretha Dos Santos<\/p>\n<p>M\u00eddia: Aga Porada, Heloisa Lima, Camila Artacio, Victor Casimiro, Beatriz Vignoto, Alinna Antunes, Luis Pili<\/p>\n<p>Social e Culture: Elen Posse<\/p>\n<p>Culture Lab: Maria Thereza Faria, Jhonathan Rodrigues, Gabriella Silva, In\u00e1 Odara Cholodoski<\/p>\n<p>&nbsp;<\/p>\n<p>RTV: Rodrigo Ferrari, Mariana Hermeto, Gabriela Ferrer<\/p>\n<p>&nbsp;<\/p>\n<p>Africa Talents: Fernando Alonso, Bruna Cicolino e Leandro Motta<\/p>\n<p>&nbsp;<\/p>\n<p>Produtora do filme: O2<\/p>\n<p>Dire\u00e7\u00e3o: Ian SBF<\/p>\n<p>Produ\u00e7\u00e3o executiva: Flavia Zanini \/ Amanda Rossi<\/p>\n<p>Dire\u00e7\u00e3o de fotografia: Vinicius Brum<\/p>\n<p>Dire\u00e7\u00e3o de arte: Debora Pascotto<\/p>\n<p>Atendimento: Rejane Bicca \/ Patricia Aguiar \/ Morgana Miranda<\/p>\n<p>Montagem: Juliana Guimar\u00e3es Ferreira Correa<\/p>\n<p>P\u00f3s-produ\u00e7\u00e3o\/finaliza\u00e7\u00e3o: O2<\/p>\n<p>&nbsp;<\/p>\n<p>Produtora de Som: S de Samba<\/p>\n<p>Dire\u00e7\u00e3o Musical: Wilson Simoninha e Jair Oliveira<\/p>\n<p>Composi\u00e7\u00e3o e Produ\u00e7\u00e3o Musical: Diego Guimar\u00e3es e Chico Gregory Filho<\/p>\n<p>Sound design: Raphael Mancini<\/p>\n<p>Produ\u00e7\u00e3o Executiva: Meg Magro<\/p>\n<p>Locu\u00e7\u00e3o: Mari Borga<\/p>\n<p>&nbsp;<\/p>\n<p>Conte\u00fado: Aline Khoury, Noelma de Jesus, Fernanda Grams, Jamille Faziali<\/p>\n<p>Dir. Cria\u00e7\u00e3o Social: Bernardo Passarella<\/p>\n<p>Redatores: Lucas Casagrande, Luiza Mendon\u00e7a<\/p>\n<p>D.A: Jos\u00e9 Edvando Alves<\/p>\n<p>Atendimento: Shirley Latorre, Thamires Barros<\/p>\n<p>Aprova\u00e7\u00e3o cliente: Luiz Franco, Marina Secaf, Bruna Almeida, Sharon Harrison, Felipe Laurelli, Ana Alencar<\/p>\n<p><iframe style=\"width: 100%; max-width: 660px; overflow: hidden; background: transparent;\" src=\"https:\/\/embed.podcasts.apple.com\/br\/podcast\/podcast-cidademarketing\/id1371923283\" height=\"450\" frameborder=\"0\" sandbox=\"allow-forms allow-popups allow-same-origin allow-scripts allow-storage-access-by-user-activation allow-top-navigation-by-user-activation\"><\/iframe><\/p>\n","protected":false},"excerpt":{"rendered":"<p>Qualy, marca preferida no segmento de margarinas e l\u00edder isolada da categoria, apresenta mais um filme como parte de seu novo posicionamento desenvolvido pela ag\u00eancia Africa: \u201cS\u00f3 Qualy tem gosto de Qualy\u201d. Para ilustrar essa mudan\u00e7a, entra no ar o novo v\u00eddeo com o consagrado ator e influenciador digital Ary Fontoura, nome que faz parte [&hellip;]<\/p>\n","protected":false},"author":1,"featured_media":39401,"comment_status":"open","ping_status":"open","sticky":false,"template":"","format":"standard","meta":{"tdm_status":"","tdm_grid_status":"","footnotes":""},"categories":[6],"tags":[112,65,33,28,66,181,2759],"class_list":["post-39400","post","type-post","status-publish","format-standard","has-post-thumbnail","hentry","category-noticias","tag-brf","tag-campanha","tag-estrategia","tag-marketing","tag-propaganda","tag-publicidade","tag-qualy"],"yoast_head":"<!-- This site is optimized with the Yoast SEO plugin v27.5 - https:\/\/yoast.com\/product\/yoast-seo-wordpress\/ -->\n<title>Com os embaixadores Ary, Supla e Jojo, Qualy lan\u00e7a nova campanha - CidadeMarketing<\/title>\n<meta name=\"robots\" content=\"index, follow, max-snippet:-1, max-image-preview:large, max-video-preview:-1\" \/>\n<link rel=\"canonical\" href=\"https:\/\/www.cidademarketing.com.br\/marketing\/2022\/11\/06\/com-os-embaixadores-ary-supla-e-jojo-qualy-lanca-nova-campanha\/\" \/>\n<meta property=\"og:locale\" content=\"pt_BR\" \/>\n<meta property=\"og:type\" content=\"article\" \/>\n<meta property=\"og:title\" content=\"Com os embaixadores Ary, Supla e Jojo, Qualy lan\u00e7a nova campanha - CidadeMarketing\" \/>\n<meta property=\"og:description\" content=\"Qualy, marca preferida no segmento de margarinas e l\u00edder isolada da categoria, apresenta mais um filme como parte de seu novo posicionamento desenvolvido pela ag\u00eancia Africa: \u201cS\u00f3 Qualy tem gosto de Qualy\u201d. Para ilustrar essa mudan\u00e7a, entra no ar o novo v\u00eddeo com o consagrado ator e influenciador digital Ary Fontoura, nome que faz parte [&hellip;]\" \/>\n<meta property=\"og:url\" content=\"https:\/\/www.cidademarketing.com.br\/marketing\/2022\/11\/06\/com-os-embaixadores-ary-supla-e-jojo-qualy-lanca-nova-campanha\/\" \/>\n<meta property=\"og:site_name\" content=\"CidadeMarketing\" \/>\n<meta property=\"article:publisher\" content=\"https:\/\/www.facebook.com\/portalcidademarketing\" \/>\n<meta property=\"article:author\" content=\"https:\/\/www.facebook.com\/thalesbrandao\" \/>\n<meta property=\"article:published_time\" content=\"2022-11-07T00:21:38+00:00\" \/>\n<meta property=\"og:image\" content=\"https:\/\/www.cidademarketing.com.br\/marketing\/wp-content\/uploads\/2022\/11\/aryfontana_qualy.jpg\" \/>\n\t<meta property=\"og:image:width\" content=\"700\" \/>\n\t<meta property=\"og:image:height\" content=\"394\" \/>\n\t<meta property=\"og:image:type\" content=\"image\/jpeg\" \/>\n<meta name=\"author\" content=\"Thales Brand\u00e3o\" \/>\n<meta name=\"twitter:card\" content=\"summary_large_image\" \/>\n<meta name=\"twitter:creator\" content=\"@http:\/\/www.twitter.com\/thalesbrandao\" \/>\n<meta name=\"twitter:site\" content=\"@CidadeMarketing\" \/>\n<meta name=\"twitter:label1\" content=\"Escrito por\" \/>\n\t<meta name=\"twitter:data1\" content=\"Thales Brand\u00e3o\" \/>\n\t<meta name=\"twitter:label2\" content=\"Est. tempo de leitura\" \/>\n\t<meta name=\"twitter:data2\" content=\"4 minutos\" \/>\n<script type=\"application\/ld+json\" class=\"yoast-schema-graph\">{\"@context\":\"https:\\\/\\\/schema.org\",\"@graph\":[{\"@type\":\"Article\",\"@id\":\"https:\\\/\\\/www.cidademarketing.com.br\\\/marketing\\\/2022\\\/11\\\/06\\\/com-os-embaixadores-ary-supla-e-jojo-qualy-lanca-nova-campanha\\\/#article\",\"isPartOf\":{\"@id\":\"https:\\\/\\\/www.cidademarketing.com.br\\\/marketing\\\/2022\\\/11\\\/06\\\/com-os-embaixadores-ary-supla-e-jojo-qualy-lanca-nova-campanha\\\/\"},\"author\":{\"name\":\"Thales Brand\u00e3o\",\"@id\":\"https:\\\/\\\/www.cidademarketing.com.br\\\/marketing\\\/#\\\/schema\\\/person\\\/02daff9f18bd9378c9e01eb6b2db155f\"},\"headline\":\"Com os embaixadores Ary, Supla e Jojo, Qualy lan\u00e7a nova campanha\",\"datePublished\":\"2022-11-07T00:21:38+00:00\",\"mainEntityOfPage\":{\"@id\":\"https:\\\/\\\/www.cidademarketing.com.br\\\/marketing\\\/2022\\\/11\\\/06\\\/com-os-embaixadores-ary-supla-e-jojo-qualy-lanca-nova-campanha\\\/\"},\"wordCount\":721,\"commentCount\":0,\"publisher\":{\"@id\":\"https:\\\/\\\/www.cidademarketing.com.br\\\/marketing\\\/#organization\"},\"image\":{\"@id\":\"https:\\\/\\\/www.cidademarketing.com.br\\\/marketing\\\/2022\\\/11\\\/06\\\/com-os-embaixadores-ary-supla-e-jojo-qualy-lanca-nova-campanha\\\/#primaryimage\"},\"thumbnailUrl\":\"https:\\\/\\\/www.cidademarketing.com.br\\\/marketing\\\/wp-content\\\/uploads\\\/2022\\\/11\\\/aryfontana_qualy.jpg\",\"keywords\":[\"BRF\",\"campanha\",\"estrat\u00e9gia\",\"marketing\",\"propaganda\",\"publicidade\",\"Qualy\"],\"articleSection\":[\"Not\u00edcias\"],\"inLanguage\":\"pt-BR\",\"potentialAction\":[{\"@type\":\"CommentAction\",\"name\":\"Comment\",\"target\":[\"https:\\\/\\\/www.cidademarketing.com.br\\\/marketing\\\/2022\\\/11\\\/06\\\/com-os-embaixadores-ary-supla-e-jojo-qualy-lanca-nova-campanha\\\/#respond\"]}]},{\"@type\":\"WebPage\",\"@id\":\"https:\\\/\\\/www.cidademarketing.com.br\\\/marketing\\\/2022\\\/11\\\/06\\\/com-os-embaixadores-ary-supla-e-jojo-qualy-lanca-nova-campanha\\\/\",\"url\":\"https:\\\/\\\/www.cidademarketing.com.br\\\/marketing\\\/2022\\\/11\\\/06\\\/com-os-embaixadores-ary-supla-e-jojo-qualy-lanca-nova-campanha\\\/\",\"name\":\"Com os embaixadores Ary, Supla e Jojo, Qualy lan\u00e7a nova campanha - CidadeMarketing\",\"isPartOf\":{\"@id\":\"https:\\\/\\\/www.cidademarketing.com.br\\\/marketing\\\/#website\"},\"primaryImageOfPage\":{\"@id\":\"https:\\\/\\\/www.cidademarketing.com.br\\\/marketing\\\/2022\\\/11\\\/06\\\/com-os-embaixadores-ary-supla-e-jojo-qualy-lanca-nova-campanha\\\/#primaryimage\"},\"image\":{\"@id\":\"https:\\\/\\\/www.cidademarketing.com.br\\\/marketing\\\/2022\\\/11\\\/06\\\/com-os-embaixadores-ary-supla-e-jojo-qualy-lanca-nova-campanha\\\/#primaryimage\"},\"thumbnailUrl\":\"https:\\\/\\\/www.cidademarketing.com.br\\\/marketing\\\/wp-content\\\/uploads\\\/2022\\\/11\\\/aryfontana_qualy.jpg\",\"datePublished\":\"2022-11-07T00:21:38+00:00\",\"breadcrumb\":{\"@id\":\"https:\\\/\\\/www.cidademarketing.com.br\\\/marketing\\\/2022\\\/11\\\/06\\\/com-os-embaixadores-ary-supla-e-jojo-qualy-lanca-nova-campanha\\\/#breadcrumb\"},\"inLanguage\":\"pt-BR\",\"potentialAction\":[{\"@type\":\"ReadAction\",\"target\":[\"https:\\\/\\\/www.cidademarketing.com.br\\\/marketing\\\/2022\\\/11\\\/06\\\/com-os-embaixadores-ary-supla-e-jojo-qualy-lanca-nova-campanha\\\/\"]}]},{\"@type\":\"ImageObject\",\"inLanguage\":\"pt-BR\",\"@id\":\"https:\\\/\\\/www.cidademarketing.com.br\\\/marketing\\\/2022\\\/11\\\/06\\\/com-os-embaixadores-ary-supla-e-jojo-qualy-lanca-nova-campanha\\\/#primaryimage\",\"url\":\"https:\\\/\\\/www.cidademarketing.com.br\\\/marketing\\\/wp-content\\\/uploads\\\/2022\\\/11\\\/aryfontana_qualy.jpg\",\"contentUrl\":\"https:\\\/\\\/www.cidademarketing.com.br\\\/marketing\\\/wp-content\\\/uploads\\\/2022\\\/11\\\/aryfontana_qualy.jpg\",\"width\":700,\"height\":394,\"caption\":\"Reprodu\u00e7\u00e3o\"},{\"@type\":\"BreadcrumbList\",\"@id\":\"https:\\\/\\\/www.cidademarketing.com.br\\\/marketing\\\/2022\\\/11\\\/06\\\/com-os-embaixadores-ary-supla-e-jojo-qualy-lanca-nova-campanha\\\/#breadcrumb\",\"itemListElement\":[{\"@type\":\"ListItem\",\"position\":1,\"name\":\"In\u00edcio\",\"item\":\"https:\\\/\\\/www.cidademarketing.com.br\\\/marketing\\\/\"},{\"@type\":\"ListItem\",\"position\":2,\"name\":\"Com os embaixadores Ary, Supla e Jojo, Qualy lan\u00e7a nova campanha\"}]},{\"@type\":\"WebSite\",\"@id\":\"https:\\\/\\\/www.cidademarketing.com.br\\\/marketing\\\/#website\",\"url\":\"https:\\\/\\\/www.cidademarketing.com.br\\\/marketing\\\/\",\"name\":\"CidadeMarketing\",\"description\":\"Somos um ve\u00edculo de comunica\u00e7\u00e3o de destaque no Brasil, reconhecido por conte\u00fados nos segmentos de marketing, empreendedorismo e inova\u00e7\u00e3o.\",\"publisher\":{\"@id\":\"https:\\\/\\\/www.cidademarketing.com.br\\\/marketing\\\/#organization\"},\"alternateName\":\"CidadeMarketing\",\"potentialAction\":[{\"@type\":\"SearchAction\",\"target\":{\"@type\":\"EntryPoint\",\"urlTemplate\":\"https:\\\/\\\/www.cidademarketing.com.br\\\/marketing\\\/?s={search_term_string}\"},\"query-input\":{\"@type\":\"PropertyValueSpecification\",\"valueRequired\":true,\"valueName\":\"search_term_string\"}}],\"inLanguage\":\"pt-BR\"},{\"@type\":\"Organization\",\"@id\":\"https:\\\/\\\/www.cidademarketing.com.br\\\/marketing\\\/#organization\",\"name\":\"CidadeMarketing\",\"alternateName\":\"CidadeMarketing\",\"url\":\"https:\\\/\\\/www.cidademarketing.com.br\\\/marketing\\\/\",\"logo\":{\"@type\":\"ImageObject\",\"inLanguage\":\"pt-BR\",\"@id\":\"https:\\\/\\\/www.cidademarketing.com.br\\\/marketing\\\/#\\\/schema\\\/logo\\\/image\\\/\",\"url\":\"https:\\\/\\\/www.cidademarketing.com.br\\\/marketing\\\/wp-content\\\/uploads\\\/2020\\\/01\\\/cidademarketing_marca_mobile.png\",\"contentUrl\":\"https:\\\/\\\/www.cidademarketing.com.br\\\/marketing\\\/wp-content\\\/uploads\\\/2020\\\/01\\\/cidademarketing_marca_mobile.png\",\"width\":230,\"height\":92,\"caption\":\"CidadeMarketing\"},\"image\":{\"@id\":\"https:\\\/\\\/www.cidademarketing.com.br\\\/marketing\\\/#\\\/schema\\\/logo\\\/image\\\/\"},\"sameAs\":[\"https:\\\/\\\/www.facebook.com\\\/portalcidademarketing\",\"https:\\\/\\\/x.com\\\/CidadeMarketing\",\"https:\\\/\\\/www.instagram.com\\\/cidademarketing\\\/\"]},{\"@type\":\"Person\",\"@id\":\"https:\\\/\\\/www.cidademarketing.com.br\\\/marketing\\\/#\\\/schema\\\/person\\\/02daff9f18bd9378c9e01eb6b2db155f\",\"name\":\"Thales Brand\u00e3o\",\"image\":{\"@type\":\"ImageObject\",\"inLanguage\":\"pt-BR\",\"@id\":\"https:\\\/\\\/secure.gravatar.com\\\/avatar\\\/7ca3206950207cc3cb48feec56a8a7898741ab725c368d99d5d7a5a50aab80c6?s=96&d=mm&r=g\",\"url\":\"https:\\\/\\\/secure.gravatar.com\\\/avatar\\\/7ca3206950207cc3cb48feec56a8a7898741ab725c368d99d5d7a5a50aab80c6?s=96&d=mm&r=g\",\"contentUrl\":\"https:\\\/\\\/secure.gravatar.com\\\/avatar\\\/7ca3206950207cc3cb48feec56a8a7898741ab725c368d99d5d7a5a50aab80c6?s=96&d=mm&r=g\",\"caption\":\"Thales Brand\u00e3o\"},\"description\":\"Editor Executivo do Portal CidadeMarketing.com.br &gt; Mestre em Comunica\u00e7\u00e3o e Sociedade pela Universidade Federal de Sergipe. Possui MBA Executivo em Administra\u00e7\u00e3o com \u00eanfase em Marketing pela Funda\u00e7\u00e3o Get\u00falio Vargas - Rio de Janeiro. Consultor, Palestrante e Pesquisador sobre Empreendedorismo, Marketing, Redes Sociais e Neg\u00f3cios Digitais. Professor, Palestrante TedxTalks e Campus Party. Twitter: @ThalesBrandao\",\"sameAs\":[\"http:\\\/\\\/www.mandacaru.com.br\",\"https:\\\/\\\/www.facebook.com\\\/thalesbrandao\",\"http:\\\/\\\/www.instagram.com.br\\\/thalesbrandaoferreira\",\"https:\\\/\\\/www.linkedin.com\\\/in\\\/thales-brand\u00e3o-3948609\\\/\",\"https:\\\/\\\/x.com\\\/http:\\\/\\\/www.twitter.com\\\/thalesbrandao\"],\"url\":\"https:\\\/\\\/www.cidademarketing.com.br\\\/marketing\\\/author\\\/thalesbrandao\\\/\"}]}<\/script>\n<!-- \/ Yoast SEO plugin. -->","yoast_head_json":{"title":"Com os embaixadores Ary, Supla e Jojo, Qualy lan\u00e7a nova campanha - CidadeMarketing","robots":{"index":"index","follow":"follow","max-snippet":"max-snippet:-1","max-image-preview":"max-image-preview:large","max-video-preview":"max-video-preview:-1"},"canonical":"https:\/\/www.cidademarketing.com.br\/marketing\/2022\/11\/06\/com-os-embaixadores-ary-supla-e-jojo-qualy-lanca-nova-campanha\/","og_locale":"pt_BR","og_type":"article","og_title":"Com os embaixadores Ary, Supla e Jojo, Qualy lan\u00e7a nova campanha - CidadeMarketing","og_description":"Qualy, marca preferida no segmento de margarinas e l\u00edder isolada da categoria, apresenta mais um filme como parte de seu novo posicionamento desenvolvido pela ag\u00eancia Africa: \u201cS\u00f3 Qualy tem gosto de Qualy\u201d. Para ilustrar essa mudan\u00e7a, entra no ar o novo v\u00eddeo com o consagrado ator e influenciador digital Ary Fontoura, nome que faz parte [&hellip;]","og_url":"https:\/\/www.cidademarketing.com.br\/marketing\/2022\/11\/06\/com-os-embaixadores-ary-supla-e-jojo-qualy-lanca-nova-campanha\/","og_site_name":"CidadeMarketing","article_publisher":"https:\/\/www.facebook.com\/portalcidademarketing","article_author":"https:\/\/www.facebook.com\/thalesbrandao","article_published_time":"2022-11-07T00:21:38+00:00","og_image":[{"width":700,"height":394,"url":"https:\/\/www.cidademarketing.com.br\/marketing\/wp-content\/uploads\/2022\/11\/aryfontana_qualy.jpg","type":"image\/jpeg"}],"author":"Thales Brand\u00e3o","twitter_card":"summary_large_image","twitter_creator":"@http:\/\/www.twitter.com\/thalesbrandao","twitter_site":"@CidadeMarketing","twitter_misc":{"Escrito por":"Thales Brand\u00e3o","Est. tempo de leitura":"4 minutos"},"schema":{"@context":"https:\/\/schema.org","@graph":[{"@type":"Article","@id":"https:\/\/www.cidademarketing.com.br\/marketing\/2022\/11\/06\/com-os-embaixadores-ary-supla-e-jojo-qualy-lanca-nova-campanha\/#article","isPartOf":{"@id":"https:\/\/www.cidademarketing.com.br\/marketing\/2022\/11\/06\/com-os-embaixadores-ary-supla-e-jojo-qualy-lanca-nova-campanha\/"},"author":{"name":"Thales Brand\u00e3o","@id":"https:\/\/www.cidademarketing.com.br\/marketing\/#\/schema\/person\/02daff9f18bd9378c9e01eb6b2db155f"},"headline":"Com os embaixadores Ary, Supla e Jojo, Qualy lan\u00e7a nova campanha","datePublished":"2022-11-07T00:21:38+00:00","mainEntityOfPage":{"@id":"https:\/\/www.cidademarketing.com.br\/marketing\/2022\/11\/06\/com-os-embaixadores-ary-supla-e-jojo-qualy-lanca-nova-campanha\/"},"wordCount":721,"commentCount":0,"publisher":{"@id":"https:\/\/www.cidademarketing.com.br\/marketing\/#organization"},"image":{"@id":"https:\/\/www.cidademarketing.com.br\/marketing\/2022\/11\/06\/com-os-embaixadores-ary-supla-e-jojo-qualy-lanca-nova-campanha\/#primaryimage"},"thumbnailUrl":"https:\/\/www.cidademarketing.com.br\/marketing\/wp-content\/uploads\/2022\/11\/aryfontana_qualy.jpg","keywords":["BRF","campanha","estrat\u00e9gia","marketing","propaganda","publicidade","Qualy"],"articleSection":["Not\u00edcias"],"inLanguage":"pt-BR","potentialAction":[{"@type":"CommentAction","name":"Comment","target":["https:\/\/www.cidademarketing.com.br\/marketing\/2022\/11\/06\/com-os-embaixadores-ary-supla-e-jojo-qualy-lanca-nova-campanha\/#respond"]}]},{"@type":"WebPage","@id":"https:\/\/www.cidademarketing.com.br\/marketing\/2022\/11\/06\/com-os-embaixadores-ary-supla-e-jojo-qualy-lanca-nova-campanha\/","url":"https:\/\/www.cidademarketing.com.br\/marketing\/2022\/11\/06\/com-os-embaixadores-ary-supla-e-jojo-qualy-lanca-nova-campanha\/","name":"Com os embaixadores Ary, Supla e Jojo, Qualy lan\u00e7a nova campanha - CidadeMarketing","isPartOf":{"@id":"https:\/\/www.cidademarketing.com.br\/marketing\/#website"},"primaryImageOfPage":{"@id":"https:\/\/www.cidademarketing.com.br\/marketing\/2022\/11\/06\/com-os-embaixadores-ary-supla-e-jojo-qualy-lanca-nova-campanha\/#primaryimage"},"image":{"@id":"https:\/\/www.cidademarketing.com.br\/marketing\/2022\/11\/06\/com-os-embaixadores-ary-supla-e-jojo-qualy-lanca-nova-campanha\/#primaryimage"},"thumbnailUrl":"https:\/\/www.cidademarketing.com.br\/marketing\/wp-content\/uploads\/2022\/11\/aryfontana_qualy.jpg","datePublished":"2022-11-07T00:21:38+00:00","breadcrumb":{"@id":"https:\/\/www.cidademarketing.com.br\/marketing\/2022\/11\/06\/com-os-embaixadores-ary-supla-e-jojo-qualy-lanca-nova-campanha\/#breadcrumb"},"inLanguage":"pt-BR","potentialAction":[{"@type":"ReadAction","target":["https:\/\/www.cidademarketing.com.br\/marketing\/2022\/11\/06\/com-os-embaixadores-ary-supla-e-jojo-qualy-lanca-nova-campanha\/"]}]},{"@type":"ImageObject","inLanguage":"pt-BR","@id":"https:\/\/www.cidademarketing.com.br\/marketing\/2022\/11\/06\/com-os-embaixadores-ary-supla-e-jojo-qualy-lanca-nova-campanha\/#primaryimage","url":"https:\/\/www.cidademarketing.com.br\/marketing\/wp-content\/uploads\/2022\/11\/aryfontana_qualy.jpg","contentUrl":"https:\/\/www.cidademarketing.com.br\/marketing\/wp-content\/uploads\/2022\/11\/aryfontana_qualy.jpg","width":700,"height":394,"caption":"Reprodu\u00e7\u00e3o"},{"@type":"BreadcrumbList","@id":"https:\/\/www.cidademarketing.com.br\/marketing\/2022\/11\/06\/com-os-embaixadores-ary-supla-e-jojo-qualy-lanca-nova-campanha\/#breadcrumb","itemListElement":[{"@type":"ListItem","position":1,"name":"In\u00edcio","item":"https:\/\/www.cidademarketing.com.br\/marketing\/"},{"@type":"ListItem","position":2,"name":"Com os embaixadores Ary, Supla e Jojo, Qualy lan\u00e7a nova campanha"}]},{"@type":"WebSite","@id":"https:\/\/www.cidademarketing.com.br\/marketing\/#website","url":"https:\/\/www.cidademarketing.com.br\/marketing\/","name":"CidadeMarketing","description":"Somos um ve\u00edculo de comunica\u00e7\u00e3o de destaque no Brasil, reconhecido por conte\u00fados nos segmentos de marketing, empreendedorismo e inova\u00e7\u00e3o.","publisher":{"@id":"https:\/\/www.cidademarketing.com.br\/marketing\/#organization"},"alternateName":"CidadeMarketing","potentialAction":[{"@type":"SearchAction","target":{"@type":"EntryPoint","urlTemplate":"https:\/\/www.cidademarketing.com.br\/marketing\/?s={search_term_string}"},"query-input":{"@type":"PropertyValueSpecification","valueRequired":true,"valueName":"search_term_string"}}],"inLanguage":"pt-BR"},{"@type":"Organization","@id":"https:\/\/www.cidademarketing.com.br\/marketing\/#organization","name":"CidadeMarketing","alternateName":"CidadeMarketing","url":"https:\/\/www.cidademarketing.com.br\/marketing\/","logo":{"@type":"ImageObject","inLanguage":"pt-BR","@id":"https:\/\/www.cidademarketing.com.br\/marketing\/#\/schema\/logo\/image\/","url":"https:\/\/www.cidademarketing.com.br\/marketing\/wp-content\/uploads\/2020\/01\/cidademarketing_marca_mobile.png","contentUrl":"https:\/\/www.cidademarketing.com.br\/marketing\/wp-content\/uploads\/2020\/01\/cidademarketing_marca_mobile.png","width":230,"height":92,"caption":"CidadeMarketing"},"image":{"@id":"https:\/\/www.cidademarketing.com.br\/marketing\/#\/schema\/logo\/image\/"},"sameAs":["https:\/\/www.facebook.com\/portalcidademarketing","https:\/\/x.com\/CidadeMarketing","https:\/\/www.instagram.com\/cidademarketing\/"]},{"@type":"Person","@id":"https:\/\/www.cidademarketing.com.br\/marketing\/#\/schema\/person\/02daff9f18bd9378c9e01eb6b2db155f","name":"Thales Brand\u00e3o","image":{"@type":"ImageObject","inLanguage":"pt-BR","@id":"https:\/\/secure.gravatar.com\/avatar\/7ca3206950207cc3cb48feec56a8a7898741ab725c368d99d5d7a5a50aab80c6?s=96&d=mm&r=g","url":"https:\/\/secure.gravatar.com\/avatar\/7ca3206950207cc3cb48feec56a8a7898741ab725c368d99d5d7a5a50aab80c6?s=96&d=mm&r=g","contentUrl":"https:\/\/secure.gravatar.com\/avatar\/7ca3206950207cc3cb48feec56a8a7898741ab725c368d99d5d7a5a50aab80c6?s=96&d=mm&r=g","caption":"Thales Brand\u00e3o"},"description":"Editor Executivo do Portal CidadeMarketing.com.br &gt; Mestre em Comunica\u00e7\u00e3o e Sociedade pela Universidade Federal de Sergipe. Possui MBA Executivo em Administra\u00e7\u00e3o com \u00eanfase em Marketing pela Funda\u00e7\u00e3o Get\u00falio Vargas - Rio de Janeiro. Consultor, Palestrante e Pesquisador sobre Empreendedorismo, Marketing, Redes Sociais e Neg\u00f3cios Digitais. Professor, Palestrante TedxTalks e Campus Party. Twitter: @ThalesBrandao","sameAs":["http:\/\/www.mandacaru.com.br","https:\/\/www.facebook.com\/thalesbrandao","http:\/\/www.instagram.com.br\/thalesbrandaoferreira","https:\/\/www.linkedin.com\/in\/thales-brand\u00e3o-3948609\/","https:\/\/x.com\/http:\/\/www.twitter.com\/thalesbrandao"],"url":"https:\/\/www.cidademarketing.com.br\/marketing\/author\/thalesbrandao\/"}]}},"amp_enabled":true,"_links":{"self":[{"href":"https:\/\/www.cidademarketing.com.br\/marketing\/wp-json\/wp\/v2\/posts\/39400","targetHints":{"allow":["GET"]}}],"collection":[{"href":"https:\/\/www.cidademarketing.com.br\/marketing\/wp-json\/wp\/v2\/posts"}],"about":[{"href":"https:\/\/www.cidademarketing.com.br\/marketing\/wp-json\/wp\/v2\/types\/post"}],"author":[{"embeddable":true,"href":"https:\/\/www.cidademarketing.com.br\/marketing\/wp-json\/wp\/v2\/users\/1"}],"replies":[{"embeddable":true,"href":"https:\/\/www.cidademarketing.com.br\/marketing\/wp-json\/wp\/v2\/comments?post=39400"}],"version-history":[{"count":1,"href":"https:\/\/www.cidademarketing.com.br\/marketing\/wp-json\/wp\/v2\/posts\/39400\/revisions"}],"predecessor-version":[{"id":39402,"href":"https:\/\/www.cidademarketing.com.br\/marketing\/wp-json\/wp\/v2\/posts\/39400\/revisions\/39402"}],"wp:featuredmedia":[{"embeddable":true,"href":"https:\/\/www.cidademarketing.com.br\/marketing\/wp-json\/wp\/v2\/media\/39401"}],"wp:attachment":[{"href":"https:\/\/www.cidademarketing.com.br\/marketing\/wp-json\/wp\/v2\/media?parent=39400"}],"wp:term":[{"taxonomy":"category","embeddable":true,"href":"https:\/\/www.cidademarketing.com.br\/marketing\/wp-json\/wp\/v2\/categories?post=39400"},{"taxonomy":"post_tag","embeddable":true,"href":"https:\/\/www.cidademarketing.com.br\/marketing\/wp-json\/wp\/v2\/tags?post=39400"}],"curies":[{"name":"wp","href":"https:\/\/api.w.org\/{rel}","templated":true}]}}