{"id":39328,"date":"2022-11-06T01:13:19","date_gmt":"2022-11-06T04:13:19","guid":{"rendered":"https:\/\/www.cidademarketing.com.br\/marketing\/?p=39328"},"modified":"2022-11-06T01:13:19","modified_gmt":"2022-11-06T04:13:19","slug":"formula-1-gp-de-sao-paulo-waze-tem-voz-e-icone-comemorativos-e-apoio-ao-transito-para-motoristas","status":"publish","type":"post","link":"https:\/\/www.cidademarketing.com.br\/marketing\/2022\/11\/06\/formula-1-gp-de-sao-paulo-waze-tem-voz-e-icone-comemorativos-e-apoio-ao-transito-para-motoristas\/","title":{"rendered":"F\u00f3rmula 1 GP de S\u00e3o Paulo: Waze tem voz e \u00edcone comemorativos e apoio ao tr\u00e2nsito para motoristas"},"content":{"rendered":"<p><iframe src=\"https:\/\/anchor.fm\/cidademarketing\/embed\" width=\"400px\" height=\"102px\" frameborder=\"0\" scrolling=\"no\"><\/iframe><br \/>\nO Waze anuncia uma s\u00e9rie de ativa\u00e7\u00f5es para marcar o Grande Pr\u00eamio de S\u00e3o Paulo, que acontece no Aut\u00f3dromo de Interlagos entre os dias 11 e 13 de novembro.<\/p>\n<p>\u201cO GP de S\u00e3o Paulo \u00e9 um evento importante que movimenta a economia, o turismo e a mobilidade da cidade de S\u00e3o Paulo &#8211; al\u00e9m de ser um evento hist\u00f3rico para todos os brasileiros que s\u00e3o f\u00e3s do esporte. Por isso, trabalhamos junto com diversos parceiros para celebrar o momento com a nossa comunidade de motoristas e ajud\u00e1-los a se locomoverem melhor pela cidade\u201d, conta Douglas Tokuno, Head de Parcerias para Am\u00e9rica Latina e EMEA.<\/p>\n<p>Voz e carro especial para celebrar o evento<\/p>\n<p>Em 2022, a F\u00f3rmula 1 completa 50 anos de GPs no Brasil. Em parceria com o evento e a Band, o Waze lan\u00e7a uma experi\u00eancia imersiva para os motoristas entrarem no clima da prova.<\/p>\n<p>O narrador Sergio Mauricio e o comentarista Reginaldo Leme gravaram juntos uma voz de navega\u00e7\u00e3o especial para guiar os usu\u00e1rios do app usando termos e frases marcantes do universo das corridas automobil\u00edsticas. Al\u00e9m da voz, o ic\u00f4nico carro de corrida com as cores da bandeira do Brasil poder\u00e1 ser escolhido pelos motoristas para gui\u00e1-los pelas ruas, neste m\u00eas de comemora\u00e7\u00e3o dos 50 anos do GP no Brasil.<\/p>\n<p>\u201cEssa parceria com o Waze vem para solidificar ainda mais o sucesso da F\u00f3rmula 1 na Band. Sergio Mauricio e Reginaldo Leme s\u00e3o as vozes do mundial no Brasil e v\u00eam desenvolvendo um excelente trabalho na emissora desde 2021. Circular pelas ruas de S\u00e3o Paulo, sendo guiado por essa dupla ic\u00f4nica, far\u00e1 com que o motorista se sinta realmente inserido no GP de S\u00e3o Paulo\u201d, afirma Denis Gavazzi, diretor de Esportes da emissora.<\/p>\n<p>\u201cA parceria com o Waze \u00e9 mais uma experi\u00eancia que trazemos para o p\u00fablico do Grande Pr\u00eamio e para a popula\u00e7\u00e3o de S\u00e3o Paulo. A proposta \u00e9 oferecer um servi\u00e7o que oriente os motoristas em seus deslocamentos durante os dias da prova, de forma criativa e educativa. Al\u00e9m das informa\u00e7\u00f5es regulares sobre o tr\u00e2nsito, os motoristas v\u00e3o poder interagir com um conte\u00fado exclusivo sobre fatos e curiosidades dos 50 anos da F\u00f3rmula 1 no Brasil. Queremos que o deslocamento at\u00e9 o aut\u00f3dromo seja algo agrad\u00e1vel, seguro, tranquilo, com o m\u00ednimo de impacto sobre a rotina da Cidade\u201d, ressalta Alan Adler, CEO do GP S\u00e3o Paulo de F1.<\/p>\n<p>Para ativar a experi\u00eancia, basta acessar o Menu, ir \u00e0 aba Configura\u00e7\u00f5es e, na se\u00e7\u00e3o Voz e Som, selecionar a voz \u201cVozes Band\u201d. Para usar o carro de corrida, o usu\u00e1rio deve ir na aba Exibi\u00e7\u00e3o de Mapa e, na se\u00e7\u00e3o \u00cdcone do Ve\u00edculo, selecionar o \u00cdcone Especial. Ambas as ativa\u00e7\u00f5es ficam dispon\u00edveis no app at\u00e9 o dia 20 de novembro, e tamb\u00e9m \u00e9 poss\u00edvel ativ\u00e1-las atrav\u00e9s deste <a href=\"https:\/\/www.waze.com\/ul?bundle_campaign=gp&amp;utm_campaign=gp&amp;source=ads\" target=\"_blank\" rel=\"noopener\">link<\/a>.<\/p>\n<p>Usu\u00e1rios ser\u00e3o informados sobre o tr\u00e2nsito<\/p>\n<p>O Waze tamb\u00e9m apoia a CET S\u00e3o Paulo no planejamento e no monitoramento do tr\u00e2nsito durante todo o evento &#8211; uma conex\u00e3o importante entre motoristas e organiza\u00e7\u00f5es para melhorar o planejamento urbano e a mobilidade na cidade.<\/p>\n<p>Por meio da troca de dados entre o Waze e a institui\u00e7\u00e3o, os motoristas ser\u00e3o alertados sobre os poss\u00edveis fechamento de ruas que s\u00e3o realizados antes ou durante o evento, al\u00e9m de localizar bols\u00f5es de estacionamentos para facilitar a chegada dos usu\u00e1rios que v\u00e3o ao GP.<\/p>\n<p>\u201cEm 2021, o GP de S\u00e3o Paulo recebeu mais de 180 mil pessoas durante os tr\u00eas dias. O impacto dele na cidade de S\u00e3o Paulo tanto na quantidade de turistas quanto no fluxo de carros \u00e9 muito grande. Estamos novamente juntos com a CET-SP mapeando bloqueios de ruas, organizando faixas adicionais e revers\u00edveis, e mantendo os motoristas constantemente informados sobre as condi\u00e7\u00f5es do tr\u00e2nsito\u201d, explica o executivo do Waze.<\/p>\n<p>A parceria \u00e9 parte do programa Waze for Cities, que re\u00fane uma s\u00e9rie de servi\u00e7os e que tem como base a troca de dados anonimizados de forma gratuita para guiar institui\u00e7\u00f5es e governos a tornarem as cidades mais inteligentes.<\/p>\n<p><iframe style=\"width: 100%; max-width: 660px; overflow: hidden; background: transparent;\" src=\"https:\/\/embed.podcasts.apple.com\/br\/podcast\/podcast-cidademarketing\/id1371923283\" height=\"450\" frameborder=\"0\" sandbox=\"allow-forms allow-popups allow-same-origin allow-scripts allow-storage-access-by-user-activation allow-top-navigation-by-user-activation\"><\/iframe><\/p>\n","protected":false},"excerpt":{"rendered":"<p>O Waze anuncia uma s\u00e9rie de ativa\u00e7\u00f5es para marcar o Grande Pr\u00eamio de S\u00e3o Paulo, que acontece no Aut\u00f3dromo de Interlagos entre os dias 11 e 13 de novembro. \u201cO GP de S\u00e3o Paulo \u00e9 um evento importante que movimenta a economia, o turismo e a mobilidade da cidade de S\u00e3o Paulo &#8211; al\u00e9m de [&hellip;]<\/p>\n","protected":false},"author":1,"featured_media":39329,"comment_status":"open","ping_status":"open","sticky":false,"template":"","format":"standard","meta":{"tdm_status":"","tdm_grid_status":"","footnotes":""},"categories":[6],"tags":[405,4091,28,26,419],"class_list":["post-39328","post","type-post","status-publish","format-standard","has-post-thumbnail","hentry","category-noticias","tag-f1","tag-formula-1","tag-marketing","tag-marketing-digital","tag-waze"],"yoast_head":"<!-- This site is optimized with the Yoast SEO plugin v27.5 - https:\/\/yoast.com\/product\/yoast-seo-wordpress\/ -->\n<title>F\u00f3rmula 1 GP de S\u00e3o Paulo: Waze tem voz e \u00edcone comemorativos e apoio ao tr\u00e2nsito para motoristas - CidadeMarketing<\/title>\n<meta name=\"robots\" content=\"index, follow, max-snippet:-1, max-image-preview:large, max-video-preview:-1\" \/>\n<link rel=\"canonical\" href=\"https:\/\/www.cidademarketing.com.br\/marketing\/2022\/11\/06\/formula-1-gp-de-sao-paulo-waze-tem-voz-e-icone-comemorativos-e-apoio-ao-transito-para-motoristas\/\" \/>\n<meta property=\"og:locale\" content=\"pt_BR\" \/>\n<meta property=\"og:type\" content=\"article\" \/>\n<meta property=\"og:title\" content=\"F\u00f3rmula 1 GP de S\u00e3o Paulo: Waze tem voz e \u00edcone comemorativos e apoio ao tr\u00e2nsito para motoristas - CidadeMarketing\" \/>\n<meta property=\"og:description\" content=\"O Waze anuncia uma s\u00e9rie de ativa\u00e7\u00f5es para marcar o Grande Pr\u00eamio de S\u00e3o Paulo, que acontece no Aut\u00f3dromo de Interlagos entre os dias 11 e 13 de novembro. \u201cO GP de S\u00e3o Paulo \u00e9 um evento importante que movimenta a economia, o turismo e a mobilidade da cidade de S\u00e3o Paulo &#8211; al\u00e9m de [&hellip;]\" \/>\n<meta property=\"og:url\" content=\"https:\/\/www.cidademarketing.com.br\/marketing\/2022\/11\/06\/formula-1-gp-de-sao-paulo-waze-tem-voz-e-icone-comemorativos-e-apoio-ao-transito-para-motoristas\/\" \/>\n<meta property=\"og:site_name\" content=\"CidadeMarketing\" \/>\n<meta property=\"article:publisher\" content=\"https:\/\/www.facebook.com\/portalcidademarketing\" \/>\n<meta property=\"article:author\" content=\"https:\/\/www.facebook.com\/thalesbrandao\" \/>\n<meta property=\"article:published_time\" content=\"2022-11-06T04:13:19+00:00\" \/>\n<meta property=\"og:image\" content=\"https:\/\/www.cidademarketing.com.br\/marketing\/wp-content\/uploads\/2022\/11\/waze_f1.jpg\" \/>\n\t<meta property=\"og:image:width\" content=\"799\" \/>\n\t<meta property=\"og:image:height\" content=\"752\" \/>\n\t<meta property=\"og:image:type\" content=\"image\/jpeg\" \/>\n<meta name=\"author\" content=\"Thales Brand\u00e3o\" \/>\n<meta name=\"twitter:card\" content=\"summary_large_image\" \/>\n<meta name=\"twitter:creator\" content=\"@http:\/\/www.twitter.com\/thalesbrandao\" \/>\n<meta name=\"twitter:site\" content=\"@CidadeMarketing\" \/>\n<meta name=\"twitter:label1\" content=\"Escrito por\" \/>\n\t<meta name=\"twitter:data1\" content=\"Thales Brand\u00e3o\" \/>\n\t<meta name=\"twitter:label2\" content=\"Est. tempo de leitura\" \/>\n\t<meta name=\"twitter:data2\" content=\"4 minutos\" \/>\n<script type=\"application\/ld+json\" class=\"yoast-schema-graph\">{\"@context\":\"https:\\\/\\\/schema.org\",\"@graph\":[{\"@type\":\"Article\",\"@id\":\"https:\\\/\\\/www.cidademarketing.com.br\\\/marketing\\\/2022\\\/11\\\/06\\\/formula-1-gp-de-sao-paulo-waze-tem-voz-e-icone-comemorativos-e-apoio-ao-transito-para-motoristas\\\/#article\",\"isPartOf\":{\"@id\":\"https:\\\/\\\/www.cidademarketing.com.br\\\/marketing\\\/2022\\\/11\\\/06\\\/formula-1-gp-de-sao-paulo-waze-tem-voz-e-icone-comemorativos-e-apoio-ao-transito-para-motoristas\\\/\"},\"author\":{\"name\":\"Thales Brand\u00e3o\",\"@id\":\"https:\\\/\\\/www.cidademarketing.com.br\\\/marketing\\\/#\\\/schema\\\/person\\\/02daff9f18bd9378c9e01eb6b2db155f\"},\"headline\":\"F\u00f3rmula 1 GP de S\u00e3o Paulo: Waze tem voz e \u00edcone comemorativos e apoio ao tr\u00e2nsito para motoristas\",\"datePublished\":\"2022-11-06T04:13:19+00:00\",\"mainEntityOfPage\":{\"@id\":\"https:\\\/\\\/www.cidademarketing.com.br\\\/marketing\\\/2022\\\/11\\\/06\\\/formula-1-gp-de-sao-paulo-waze-tem-voz-e-icone-comemorativos-e-apoio-ao-transito-para-motoristas\\\/\"},\"wordCount\":744,\"commentCount\":0,\"publisher\":{\"@id\":\"https:\\\/\\\/www.cidademarketing.com.br\\\/marketing\\\/#organization\"},\"image\":{\"@id\":\"https:\\\/\\\/www.cidademarketing.com.br\\\/marketing\\\/2022\\\/11\\\/06\\\/formula-1-gp-de-sao-paulo-waze-tem-voz-e-icone-comemorativos-e-apoio-ao-transito-para-motoristas\\\/#primaryimage\"},\"thumbnailUrl\":\"https:\\\/\\\/www.cidademarketing.com.br\\\/marketing\\\/wp-content\\\/uploads\\\/2022\\\/11\\\/waze_f1.jpg\",\"keywords\":[\"F1\",\"F\u00f3rmula 1\",\"marketing\",\"marketing digital\",\"Waze\"],\"articleSection\":[\"Not\u00edcias\"],\"inLanguage\":\"pt-BR\",\"potentialAction\":[{\"@type\":\"CommentAction\",\"name\":\"Comment\",\"target\":[\"https:\\\/\\\/www.cidademarketing.com.br\\\/marketing\\\/2022\\\/11\\\/06\\\/formula-1-gp-de-sao-paulo-waze-tem-voz-e-icone-comemorativos-e-apoio-ao-transito-para-motoristas\\\/#respond\"]}]},{\"@type\":\"WebPage\",\"@id\":\"https:\\\/\\\/www.cidademarketing.com.br\\\/marketing\\\/2022\\\/11\\\/06\\\/formula-1-gp-de-sao-paulo-waze-tem-voz-e-icone-comemorativos-e-apoio-ao-transito-para-motoristas\\\/\",\"url\":\"https:\\\/\\\/www.cidademarketing.com.br\\\/marketing\\\/2022\\\/11\\\/06\\\/formula-1-gp-de-sao-paulo-waze-tem-voz-e-icone-comemorativos-e-apoio-ao-transito-para-motoristas\\\/\",\"name\":\"F\u00f3rmula 1 GP de S\u00e3o Paulo: Waze tem voz e \u00edcone comemorativos e apoio ao tr\u00e2nsito para motoristas - CidadeMarketing\",\"isPartOf\":{\"@id\":\"https:\\\/\\\/www.cidademarketing.com.br\\\/marketing\\\/#website\"},\"primaryImageOfPage\":{\"@id\":\"https:\\\/\\\/www.cidademarketing.com.br\\\/marketing\\\/2022\\\/11\\\/06\\\/formula-1-gp-de-sao-paulo-waze-tem-voz-e-icone-comemorativos-e-apoio-ao-transito-para-motoristas\\\/#primaryimage\"},\"image\":{\"@id\":\"https:\\\/\\\/www.cidademarketing.com.br\\\/marketing\\\/2022\\\/11\\\/06\\\/formula-1-gp-de-sao-paulo-waze-tem-voz-e-icone-comemorativos-e-apoio-ao-transito-para-motoristas\\\/#primaryimage\"},\"thumbnailUrl\":\"https:\\\/\\\/www.cidademarketing.com.br\\\/marketing\\\/wp-content\\\/uploads\\\/2022\\\/11\\\/waze_f1.jpg\",\"datePublished\":\"2022-11-06T04:13:19+00:00\",\"breadcrumb\":{\"@id\":\"https:\\\/\\\/www.cidademarketing.com.br\\\/marketing\\\/2022\\\/11\\\/06\\\/formula-1-gp-de-sao-paulo-waze-tem-voz-e-icone-comemorativos-e-apoio-ao-transito-para-motoristas\\\/#breadcrumb\"},\"inLanguage\":\"pt-BR\",\"potentialAction\":[{\"@type\":\"ReadAction\",\"target\":[\"https:\\\/\\\/www.cidademarketing.com.br\\\/marketing\\\/2022\\\/11\\\/06\\\/formula-1-gp-de-sao-paulo-waze-tem-voz-e-icone-comemorativos-e-apoio-ao-transito-para-motoristas\\\/\"]}]},{\"@type\":\"ImageObject\",\"inLanguage\":\"pt-BR\",\"@id\":\"https:\\\/\\\/www.cidademarketing.com.br\\\/marketing\\\/2022\\\/11\\\/06\\\/formula-1-gp-de-sao-paulo-waze-tem-voz-e-icone-comemorativos-e-apoio-ao-transito-para-motoristas\\\/#primaryimage\",\"url\":\"https:\\\/\\\/www.cidademarketing.com.br\\\/marketing\\\/wp-content\\\/uploads\\\/2022\\\/11\\\/waze_f1.jpg\",\"contentUrl\":\"https:\\\/\\\/www.cidademarketing.com.br\\\/marketing\\\/wp-content\\\/uploads\\\/2022\\\/11\\\/waze_f1.jpg\",\"width\":799,\"height\":752},{\"@type\":\"BreadcrumbList\",\"@id\":\"https:\\\/\\\/www.cidademarketing.com.br\\\/marketing\\\/2022\\\/11\\\/06\\\/formula-1-gp-de-sao-paulo-waze-tem-voz-e-icone-comemorativos-e-apoio-ao-transito-para-motoristas\\\/#breadcrumb\",\"itemListElement\":[{\"@type\":\"ListItem\",\"position\":1,\"name\":\"In\u00edcio\",\"item\":\"https:\\\/\\\/www.cidademarketing.com.br\\\/marketing\\\/\"},{\"@type\":\"ListItem\",\"position\":2,\"name\":\"F\u00f3rmula 1 GP de S\u00e3o Paulo: Waze tem voz e \u00edcone comemorativos e apoio ao tr\u00e2nsito para motoristas\"}]},{\"@type\":\"WebSite\",\"@id\":\"https:\\\/\\\/www.cidademarketing.com.br\\\/marketing\\\/#website\",\"url\":\"https:\\\/\\\/www.cidademarketing.com.br\\\/marketing\\\/\",\"name\":\"CidadeMarketing\",\"description\":\"Somos um ve\u00edculo de comunica\u00e7\u00e3o de destaque no Brasil, reconhecido por conte\u00fados nos segmentos de marketing, empreendedorismo e inova\u00e7\u00e3o.\",\"publisher\":{\"@id\":\"https:\\\/\\\/www.cidademarketing.com.br\\\/marketing\\\/#organization\"},\"alternateName\":\"CidadeMarketing\",\"potentialAction\":[{\"@type\":\"SearchAction\",\"target\":{\"@type\":\"EntryPoint\",\"urlTemplate\":\"https:\\\/\\\/www.cidademarketing.com.br\\\/marketing\\\/?s={search_term_string}\"},\"query-input\":{\"@type\":\"PropertyValueSpecification\",\"valueRequired\":true,\"valueName\":\"search_term_string\"}}],\"inLanguage\":\"pt-BR\"},{\"@type\":\"Organization\",\"@id\":\"https:\\\/\\\/www.cidademarketing.com.br\\\/marketing\\\/#organization\",\"name\":\"CidadeMarketing\",\"alternateName\":\"CidadeMarketing\",\"url\":\"https:\\\/\\\/www.cidademarketing.com.br\\\/marketing\\\/\",\"logo\":{\"@type\":\"ImageObject\",\"inLanguage\":\"pt-BR\",\"@id\":\"https:\\\/\\\/www.cidademarketing.com.br\\\/marketing\\\/#\\\/schema\\\/logo\\\/image\\\/\",\"url\":\"https:\\\/\\\/www.cidademarketing.com.br\\\/marketing\\\/wp-content\\\/uploads\\\/2020\\\/01\\\/cidademarketing_marca_mobile.png\",\"contentUrl\":\"https:\\\/\\\/www.cidademarketing.com.br\\\/marketing\\\/wp-content\\\/uploads\\\/2020\\\/01\\\/cidademarketing_marca_mobile.png\",\"width\":230,\"height\":92,\"caption\":\"CidadeMarketing\"},\"image\":{\"@id\":\"https:\\\/\\\/www.cidademarketing.com.br\\\/marketing\\\/#\\\/schema\\\/logo\\\/image\\\/\"},\"sameAs\":[\"https:\\\/\\\/www.facebook.com\\\/portalcidademarketing\",\"https:\\\/\\\/x.com\\\/CidadeMarketing\",\"https:\\\/\\\/www.instagram.com\\\/cidademarketing\\\/\"]},{\"@type\":\"Person\",\"@id\":\"https:\\\/\\\/www.cidademarketing.com.br\\\/marketing\\\/#\\\/schema\\\/person\\\/02daff9f18bd9378c9e01eb6b2db155f\",\"name\":\"Thales Brand\u00e3o\",\"image\":{\"@type\":\"ImageObject\",\"inLanguage\":\"pt-BR\",\"@id\":\"https:\\\/\\\/secure.gravatar.com\\\/avatar\\\/7ca3206950207cc3cb48feec56a8a7898741ab725c368d99d5d7a5a50aab80c6?s=96&d=mm&r=g\",\"url\":\"https:\\\/\\\/secure.gravatar.com\\\/avatar\\\/7ca3206950207cc3cb48feec56a8a7898741ab725c368d99d5d7a5a50aab80c6?s=96&d=mm&r=g\",\"contentUrl\":\"https:\\\/\\\/secure.gravatar.com\\\/avatar\\\/7ca3206950207cc3cb48feec56a8a7898741ab725c368d99d5d7a5a50aab80c6?s=96&d=mm&r=g\",\"caption\":\"Thales Brand\u00e3o\"},\"description\":\"Editor Executivo do Portal CidadeMarketing.com.br &gt; Mestre em Comunica\u00e7\u00e3o e Sociedade pela Universidade Federal de Sergipe. Possui MBA Executivo em Administra\u00e7\u00e3o com \u00eanfase em Marketing pela Funda\u00e7\u00e3o Get\u00falio Vargas - Rio de Janeiro. Consultor, Palestrante e Pesquisador sobre Empreendedorismo, Marketing, Redes Sociais e Neg\u00f3cios Digitais. Professor, Palestrante TedxTalks e Campus Party. Twitter: @ThalesBrandao\",\"sameAs\":[\"http:\\\/\\\/www.mandacaru.com.br\",\"https:\\\/\\\/www.facebook.com\\\/thalesbrandao\",\"http:\\\/\\\/www.instagram.com.br\\\/thalesbrandaoferreira\",\"https:\\\/\\\/www.linkedin.com\\\/in\\\/thales-brand\u00e3o-3948609\\\/\",\"https:\\\/\\\/x.com\\\/http:\\\/\\\/www.twitter.com\\\/thalesbrandao\"],\"url\":\"https:\\\/\\\/www.cidademarketing.com.br\\\/marketing\\\/author\\\/thalesbrandao\\\/\"}]}<\/script>\n<!-- \/ Yoast SEO plugin. -->","yoast_head_json":{"title":"F\u00f3rmula 1 GP de S\u00e3o Paulo: Waze tem voz e \u00edcone comemorativos e apoio ao tr\u00e2nsito para motoristas - CidadeMarketing","robots":{"index":"index","follow":"follow","max-snippet":"max-snippet:-1","max-image-preview":"max-image-preview:large","max-video-preview":"max-video-preview:-1"},"canonical":"https:\/\/www.cidademarketing.com.br\/marketing\/2022\/11\/06\/formula-1-gp-de-sao-paulo-waze-tem-voz-e-icone-comemorativos-e-apoio-ao-transito-para-motoristas\/","og_locale":"pt_BR","og_type":"article","og_title":"F\u00f3rmula 1 GP de S\u00e3o Paulo: Waze tem voz e \u00edcone comemorativos e apoio ao tr\u00e2nsito para motoristas - CidadeMarketing","og_description":"O Waze anuncia uma s\u00e9rie de ativa\u00e7\u00f5es para marcar o Grande Pr\u00eamio de S\u00e3o Paulo, que acontece no Aut\u00f3dromo de Interlagos entre os dias 11 e 13 de novembro. \u201cO GP de S\u00e3o Paulo \u00e9 um evento importante que movimenta a economia, o turismo e a mobilidade da cidade de S\u00e3o Paulo &#8211; al\u00e9m de [&hellip;]","og_url":"https:\/\/www.cidademarketing.com.br\/marketing\/2022\/11\/06\/formula-1-gp-de-sao-paulo-waze-tem-voz-e-icone-comemorativos-e-apoio-ao-transito-para-motoristas\/","og_site_name":"CidadeMarketing","article_publisher":"https:\/\/www.facebook.com\/portalcidademarketing","article_author":"https:\/\/www.facebook.com\/thalesbrandao","article_published_time":"2022-11-06T04:13:19+00:00","og_image":[{"width":799,"height":752,"url":"https:\/\/www.cidademarketing.com.br\/marketing\/wp-content\/uploads\/2022\/11\/waze_f1.jpg","type":"image\/jpeg"}],"author":"Thales Brand\u00e3o","twitter_card":"summary_large_image","twitter_creator":"@http:\/\/www.twitter.com\/thalesbrandao","twitter_site":"@CidadeMarketing","twitter_misc":{"Escrito por":"Thales Brand\u00e3o","Est. tempo de leitura":"4 minutos"},"schema":{"@context":"https:\/\/schema.org","@graph":[{"@type":"Article","@id":"https:\/\/www.cidademarketing.com.br\/marketing\/2022\/11\/06\/formula-1-gp-de-sao-paulo-waze-tem-voz-e-icone-comemorativos-e-apoio-ao-transito-para-motoristas\/#article","isPartOf":{"@id":"https:\/\/www.cidademarketing.com.br\/marketing\/2022\/11\/06\/formula-1-gp-de-sao-paulo-waze-tem-voz-e-icone-comemorativos-e-apoio-ao-transito-para-motoristas\/"},"author":{"name":"Thales Brand\u00e3o","@id":"https:\/\/www.cidademarketing.com.br\/marketing\/#\/schema\/person\/02daff9f18bd9378c9e01eb6b2db155f"},"headline":"F\u00f3rmula 1 GP de S\u00e3o Paulo: Waze tem voz e \u00edcone comemorativos e apoio ao tr\u00e2nsito para motoristas","datePublished":"2022-11-06T04:13:19+00:00","mainEntityOfPage":{"@id":"https:\/\/www.cidademarketing.com.br\/marketing\/2022\/11\/06\/formula-1-gp-de-sao-paulo-waze-tem-voz-e-icone-comemorativos-e-apoio-ao-transito-para-motoristas\/"},"wordCount":744,"commentCount":0,"publisher":{"@id":"https:\/\/www.cidademarketing.com.br\/marketing\/#organization"},"image":{"@id":"https:\/\/www.cidademarketing.com.br\/marketing\/2022\/11\/06\/formula-1-gp-de-sao-paulo-waze-tem-voz-e-icone-comemorativos-e-apoio-ao-transito-para-motoristas\/#primaryimage"},"thumbnailUrl":"https:\/\/www.cidademarketing.com.br\/marketing\/wp-content\/uploads\/2022\/11\/waze_f1.jpg","keywords":["F1","F\u00f3rmula 1","marketing","marketing digital","Waze"],"articleSection":["Not\u00edcias"],"inLanguage":"pt-BR","potentialAction":[{"@type":"CommentAction","name":"Comment","target":["https:\/\/www.cidademarketing.com.br\/marketing\/2022\/11\/06\/formula-1-gp-de-sao-paulo-waze-tem-voz-e-icone-comemorativos-e-apoio-ao-transito-para-motoristas\/#respond"]}]},{"@type":"WebPage","@id":"https:\/\/www.cidademarketing.com.br\/marketing\/2022\/11\/06\/formula-1-gp-de-sao-paulo-waze-tem-voz-e-icone-comemorativos-e-apoio-ao-transito-para-motoristas\/","url":"https:\/\/www.cidademarketing.com.br\/marketing\/2022\/11\/06\/formula-1-gp-de-sao-paulo-waze-tem-voz-e-icone-comemorativos-e-apoio-ao-transito-para-motoristas\/","name":"F\u00f3rmula 1 GP de S\u00e3o Paulo: Waze tem voz e \u00edcone comemorativos e apoio ao tr\u00e2nsito para motoristas - CidadeMarketing","isPartOf":{"@id":"https:\/\/www.cidademarketing.com.br\/marketing\/#website"},"primaryImageOfPage":{"@id":"https:\/\/www.cidademarketing.com.br\/marketing\/2022\/11\/06\/formula-1-gp-de-sao-paulo-waze-tem-voz-e-icone-comemorativos-e-apoio-ao-transito-para-motoristas\/#primaryimage"},"image":{"@id":"https:\/\/www.cidademarketing.com.br\/marketing\/2022\/11\/06\/formula-1-gp-de-sao-paulo-waze-tem-voz-e-icone-comemorativos-e-apoio-ao-transito-para-motoristas\/#primaryimage"},"thumbnailUrl":"https:\/\/www.cidademarketing.com.br\/marketing\/wp-content\/uploads\/2022\/11\/waze_f1.jpg","datePublished":"2022-11-06T04:13:19+00:00","breadcrumb":{"@id":"https:\/\/www.cidademarketing.com.br\/marketing\/2022\/11\/06\/formula-1-gp-de-sao-paulo-waze-tem-voz-e-icone-comemorativos-e-apoio-ao-transito-para-motoristas\/#breadcrumb"},"inLanguage":"pt-BR","potentialAction":[{"@type":"ReadAction","target":["https:\/\/www.cidademarketing.com.br\/marketing\/2022\/11\/06\/formula-1-gp-de-sao-paulo-waze-tem-voz-e-icone-comemorativos-e-apoio-ao-transito-para-motoristas\/"]}]},{"@type":"ImageObject","inLanguage":"pt-BR","@id":"https:\/\/www.cidademarketing.com.br\/marketing\/2022\/11\/06\/formula-1-gp-de-sao-paulo-waze-tem-voz-e-icone-comemorativos-e-apoio-ao-transito-para-motoristas\/#primaryimage","url":"https:\/\/www.cidademarketing.com.br\/marketing\/wp-content\/uploads\/2022\/11\/waze_f1.jpg","contentUrl":"https:\/\/www.cidademarketing.com.br\/marketing\/wp-content\/uploads\/2022\/11\/waze_f1.jpg","width":799,"height":752},{"@type":"BreadcrumbList","@id":"https:\/\/www.cidademarketing.com.br\/marketing\/2022\/11\/06\/formula-1-gp-de-sao-paulo-waze-tem-voz-e-icone-comemorativos-e-apoio-ao-transito-para-motoristas\/#breadcrumb","itemListElement":[{"@type":"ListItem","position":1,"name":"In\u00edcio","item":"https:\/\/www.cidademarketing.com.br\/marketing\/"},{"@type":"ListItem","position":2,"name":"F\u00f3rmula 1 GP de S\u00e3o Paulo: Waze tem voz e \u00edcone comemorativos e apoio ao tr\u00e2nsito para motoristas"}]},{"@type":"WebSite","@id":"https:\/\/www.cidademarketing.com.br\/marketing\/#website","url":"https:\/\/www.cidademarketing.com.br\/marketing\/","name":"CidadeMarketing","description":"Somos um ve\u00edculo de comunica\u00e7\u00e3o de destaque no Brasil, reconhecido por conte\u00fados nos segmentos de marketing, empreendedorismo e inova\u00e7\u00e3o.","publisher":{"@id":"https:\/\/www.cidademarketing.com.br\/marketing\/#organization"},"alternateName":"CidadeMarketing","potentialAction":[{"@type":"SearchAction","target":{"@type":"EntryPoint","urlTemplate":"https:\/\/www.cidademarketing.com.br\/marketing\/?s={search_term_string}"},"query-input":{"@type":"PropertyValueSpecification","valueRequired":true,"valueName":"search_term_string"}}],"inLanguage":"pt-BR"},{"@type":"Organization","@id":"https:\/\/www.cidademarketing.com.br\/marketing\/#organization","name":"CidadeMarketing","alternateName":"CidadeMarketing","url":"https:\/\/www.cidademarketing.com.br\/marketing\/","logo":{"@type":"ImageObject","inLanguage":"pt-BR","@id":"https:\/\/www.cidademarketing.com.br\/marketing\/#\/schema\/logo\/image\/","url":"https:\/\/www.cidademarketing.com.br\/marketing\/wp-content\/uploads\/2020\/01\/cidademarketing_marca_mobile.png","contentUrl":"https:\/\/www.cidademarketing.com.br\/marketing\/wp-content\/uploads\/2020\/01\/cidademarketing_marca_mobile.png","width":230,"height":92,"caption":"CidadeMarketing"},"image":{"@id":"https:\/\/www.cidademarketing.com.br\/marketing\/#\/schema\/logo\/image\/"},"sameAs":["https:\/\/www.facebook.com\/portalcidademarketing","https:\/\/x.com\/CidadeMarketing","https:\/\/www.instagram.com\/cidademarketing\/"]},{"@type":"Person","@id":"https:\/\/www.cidademarketing.com.br\/marketing\/#\/schema\/person\/02daff9f18bd9378c9e01eb6b2db155f","name":"Thales Brand\u00e3o","image":{"@type":"ImageObject","inLanguage":"pt-BR","@id":"https:\/\/secure.gravatar.com\/avatar\/7ca3206950207cc3cb48feec56a8a7898741ab725c368d99d5d7a5a50aab80c6?s=96&d=mm&r=g","url":"https:\/\/secure.gravatar.com\/avatar\/7ca3206950207cc3cb48feec56a8a7898741ab725c368d99d5d7a5a50aab80c6?s=96&d=mm&r=g","contentUrl":"https:\/\/secure.gravatar.com\/avatar\/7ca3206950207cc3cb48feec56a8a7898741ab725c368d99d5d7a5a50aab80c6?s=96&d=mm&r=g","caption":"Thales Brand\u00e3o"},"description":"Editor Executivo do Portal CidadeMarketing.com.br &gt; Mestre em Comunica\u00e7\u00e3o e Sociedade pela Universidade Federal de Sergipe. Possui MBA Executivo em Administra\u00e7\u00e3o com \u00eanfase em Marketing pela Funda\u00e7\u00e3o Get\u00falio Vargas - Rio de Janeiro. Consultor, Palestrante e Pesquisador sobre Empreendedorismo, Marketing, Redes Sociais e Neg\u00f3cios Digitais. Professor, Palestrante TedxTalks e Campus Party. Twitter: @ThalesBrandao","sameAs":["http:\/\/www.mandacaru.com.br","https:\/\/www.facebook.com\/thalesbrandao","http:\/\/www.instagram.com.br\/thalesbrandaoferreira","https:\/\/www.linkedin.com\/in\/thales-brand\u00e3o-3948609\/","https:\/\/x.com\/http:\/\/www.twitter.com\/thalesbrandao"],"url":"https:\/\/www.cidademarketing.com.br\/marketing\/author\/thalesbrandao\/"}]}},"amp_enabled":true,"_links":{"self":[{"href":"https:\/\/www.cidademarketing.com.br\/marketing\/wp-json\/wp\/v2\/posts\/39328","targetHints":{"allow":["GET"]}}],"collection":[{"href":"https:\/\/www.cidademarketing.com.br\/marketing\/wp-json\/wp\/v2\/posts"}],"about":[{"href":"https:\/\/www.cidademarketing.com.br\/marketing\/wp-json\/wp\/v2\/types\/post"}],"author":[{"embeddable":true,"href":"https:\/\/www.cidademarketing.com.br\/marketing\/wp-json\/wp\/v2\/users\/1"}],"replies":[{"embeddable":true,"href":"https:\/\/www.cidademarketing.com.br\/marketing\/wp-json\/wp\/v2\/comments?post=39328"}],"version-history":[{"count":1,"href":"https:\/\/www.cidademarketing.com.br\/marketing\/wp-json\/wp\/v2\/posts\/39328\/revisions"}],"predecessor-version":[{"id":39330,"href":"https:\/\/www.cidademarketing.com.br\/marketing\/wp-json\/wp\/v2\/posts\/39328\/revisions\/39330"}],"wp:featuredmedia":[{"embeddable":true,"href":"https:\/\/www.cidademarketing.com.br\/marketing\/wp-json\/wp\/v2\/media\/39329"}],"wp:attachment":[{"href":"https:\/\/www.cidademarketing.com.br\/marketing\/wp-json\/wp\/v2\/media?parent=39328"}],"wp:term":[{"taxonomy":"category","embeddable":true,"href":"https:\/\/www.cidademarketing.com.br\/marketing\/wp-json\/wp\/v2\/categories?post=39328"},{"taxonomy":"post_tag","embeddable":true,"href":"https:\/\/www.cidademarketing.com.br\/marketing\/wp-json\/wp\/v2\/tags?post=39328"}],"curies":[{"name":"wp","href":"https:\/\/api.w.org\/{rel}","templated":true}]}}