{"id":39240,"date":"2022-11-04T22:09:57","date_gmt":"2022-11-05T01:09:57","guid":{"rendered":"https:\/\/www.cidademarketing.com.br\/marketing\/?p=39240"},"modified":"2022-11-04T22:09:57","modified_gmt":"2022-11-05T01:09:57","slug":"bandnews-fm-e-radio-bandeirantes-apresentam-cobertura-completa-da-convocacao-da-selecao-brasileira-para-a-copa-do-mundo","status":"publish","type":"post","link":"https:\/\/www.cidademarketing.com.br\/marketing\/2022\/11\/04\/bandnews-fm-e-radio-bandeirantes-apresentam-cobertura-completa-da-convocacao-da-selecao-brasileira-para-a-copa-do-mundo\/","title":{"rendered":"BandNews FM e R\u00e1dio Bandeirantes apresentam cobertura completa da convoca\u00e7\u00e3o da Sele\u00e7\u00e3o Brasileira para a Copa do Mundo"},"content":{"rendered":"<p><iframe style=\"border-radius: 12px;\" src=\"https:\/\/open.spotify.com\/embed\/show\/4khMKzP3FgFRWVwb73xicc?utm_source=generator\" width=\"100%\" height=\"352\" frameborder=\"0\" allowfullscreen=\"allowfullscreen\"><\/iframe><\/p>\n<p>A BandNews FM prepara para segunda-feira (7), a partir do meio-dia, uma cobertura completa da convoca\u00e7\u00e3o da Sele\u00e7\u00e3o Brasileira para a Copa do Mundo. Com apresenta\u00e7\u00e3o de Luiz Megale e F\u00e1bio Fran\u00e7a, coment\u00e1rios de Denilson, Mar\u00edlia Ruiz e Bruno Camar\u00e3o, al\u00e9m da participa\u00e7\u00e3o de convidados especiais, a r\u00e1dio acompanha a divulga\u00e7\u00e3o da lista do Tite para saber quem ser\u00e3o os 26 jogadores que vestir\u00e3o a camisa amarela no Catar. Direto do Rio de Janeiro, Alinne Fanelli traz todas as informa\u00e7\u00f5es e uma entrevista com o treinador brasileiro.<\/p>\n<p>Na R\u00e1dio Bandeirantes, a transmiss\u00e3o est\u00e1 marcada das 13h \u00e0s 15h. O rep\u00f3rter Alexandre Praetzel tamb\u00e9m estar\u00e1 na capital fluminense acompanhando todos os detalhes da escala\u00e7\u00e3o, enquanto Ricardo Capriotti ancora o especial direto do est\u00fadio com os comentaristas Claudio Zaidan, Neto e Rafael Oliveira. O apresentador Milton Neves tamb\u00e9m participa da cobertura.<\/p>\n<p>As duas emissoras possuem os direitos de exibi\u00e7\u00e3o da Copa do Mundo. Al\u00e9m disso, os jogos do Brasil ser\u00e3o transmitidos pelas emissoras musicais do Grupo Bandeirantes de Comunica\u00e7\u00e3o: Band FM, Nativa FM e Play FM.<\/p>\n<p>BandNews FM ganha refor\u00e7o de peso<\/p>\n<p>Ainda na segunda-feira, \u00e0s 22h, Leandro Quesada estreia no BandNews na \u00c1rea \u00e0s 22h. Jornalista especializado em esportes, o profissional j\u00e1 ultrapassou 30 anos de carreira em r\u00e1dio, televis\u00e3o e imprensa escrita. Na R\u00e1dio Bandeirantes, atuou por 21 anos como rep\u00f3rter, apresentador e comentarista. Tamb\u00e9m foi comentarista nos programas Jogo Aberto e Os Donos da Bola, na Band. Por seis anos, esteve no FoxSports Brasil e comandou o \u201cBlog do Quesada\u201d durante quatro anos no UOL Esportes. No Catar, Quesada cobrir\u00e1 a 8\u00aa Copa &#8211; a s\u00e9tima in loco. Esteve em coberturas de Olimp\u00edadas, Copa Am\u00e9rica, Copa das Confedera\u00e7\u00f5es, Eliminat\u00f3rias, al\u00e9m de dezenas de edi\u00e7\u00f5es do Brasileir\u00e3o, Copa do Brasil, Libertadores, Liga dos Campe\u00f5es, Mundial de Clubes e campeonatos estaduais.<\/p>\n<p>O BandNews na \u00c1rea traz os principais assuntos esportivos do dia com o dinamismo da reportagem e a an\u00e1lise dos comentaristas. A atra\u00e7\u00e3o \u00e9 apresentada por Alinne Fanelli, Mauricio Ferreira, Yuri Queiroga, Alessandro di Lorenzo e Bruno Capozzi, com coment\u00e1rios de Leandro Quesada, Bruno Camar\u00e3o e Marcelo do \u00d3, e vai ao ar de segunda a sexta-feira, das 22h \u00e0s 23h, com exce\u00e7\u00e3o dos dias em que h\u00e1 transmiss\u00e3o de futebol.<\/p>\n<p><iframe style=\"width: 100%; max-width: 660px; overflow: hidden; background: transparent;\" src=\"https:\/\/embed.podcasts.apple.com\/br\/podcast\/podcast-cidademarketing\/id1371923283\" height=\"450\" frameborder=\"0\" sandbox=\"allow-forms allow-popups allow-same-origin allow-scripts allow-storage-access-by-user-activation allow-top-navigation-by-user-activation\"><\/iframe><\/p>\n","protected":false},"excerpt":{"rendered":"<p>A BandNews FM prepara para segunda-feira (7), a partir do meio-dia, uma cobertura completa da convoca\u00e7\u00e3o da Sele\u00e7\u00e3o Brasileira para a Copa do Mundo. Com apresenta\u00e7\u00e3o de Luiz Megale e F\u00e1bio Fran\u00e7a, coment\u00e1rios de Denilson, Mar\u00edlia Ruiz e Bruno Camar\u00e3o, al\u00e9m da participa\u00e7\u00e3o de convidados especiais, a r\u00e1dio acompanha a divulga\u00e7\u00e3o da lista do Tite [&hellip;]<\/p>\n","protected":false},"author":1,"featured_media":39241,"comment_status":"open","ping_status":"open","sticky":false,"template":"","format":"standard","meta":{"tdm_status":"","tdm_grid_status":"","footnotes":""},"categories":[6],"tags":[383,1338,5566,65,5431,33,386,28],"class_list":["post-39240","post","type-post","status-publish","format-standard","has-post-thumbnail","hentry","category-noticias","tag-band","tag-bandnews","tag-bandnews-fm","tag-campanha","tag-copa-do-mundo","tag-estrategia","tag-futebol","tag-marketing"],"yoast_head":"<!-- This site is optimized with the Yoast SEO plugin v27.5 - https:\/\/yoast.com\/product\/yoast-seo-wordpress\/ -->\n<title>BandNews FM e R\u00e1dio Bandeirantes apresentam cobertura completa da convoca\u00e7\u00e3o da Sele\u00e7\u00e3o Brasileira para a Copa do Mundo - CidadeMarketing<\/title>\n<meta name=\"robots\" content=\"index, follow, max-snippet:-1, max-image-preview:large, max-video-preview:-1\" \/>\n<link rel=\"canonical\" href=\"https:\/\/www.cidademarketing.com.br\/marketing\/2022\/11\/04\/bandnews-fm-e-radio-bandeirantes-apresentam-cobertura-completa-da-convocacao-da-selecao-brasileira-para-a-copa-do-mundo\/\" \/>\n<meta property=\"og:locale\" content=\"pt_BR\" \/>\n<meta property=\"og:type\" content=\"article\" \/>\n<meta property=\"og:title\" content=\"BandNews FM e R\u00e1dio Bandeirantes apresentam cobertura completa da convoca\u00e7\u00e3o da Sele\u00e7\u00e3o Brasileira para a Copa do Mundo - CidadeMarketing\" \/>\n<meta property=\"og:description\" content=\"A BandNews FM prepara para segunda-feira (7), a partir do meio-dia, uma cobertura completa da convoca\u00e7\u00e3o da Sele\u00e7\u00e3o Brasileira para a Copa do Mundo. Com apresenta\u00e7\u00e3o de Luiz Megale e F\u00e1bio Fran\u00e7a, coment\u00e1rios de Denilson, Mar\u00edlia Ruiz e Bruno Camar\u00e3o, al\u00e9m da participa\u00e7\u00e3o de convidados especiais, a r\u00e1dio acompanha a divulga\u00e7\u00e3o da lista do Tite [&hellip;]\" \/>\n<meta property=\"og:url\" content=\"https:\/\/www.cidademarketing.com.br\/marketing\/2022\/11\/04\/bandnews-fm-e-radio-bandeirantes-apresentam-cobertura-completa-da-convocacao-da-selecao-brasileira-para-a-copa-do-mundo\/\" \/>\n<meta property=\"og:site_name\" content=\"CidadeMarketing\" \/>\n<meta property=\"article:publisher\" content=\"https:\/\/www.facebook.com\/portalcidademarketing\" \/>\n<meta property=\"article:author\" content=\"https:\/\/www.facebook.com\/thalesbrandao\" \/>\n<meta property=\"article:published_time\" content=\"2022-11-05T01:09:57+00:00\" \/>\n<meta property=\"og:image\" content=\"https:\/\/www.cidademarketing.com.br\/marketing\/wp-content\/uploads\/2022\/11\/band_marca.jpg\" \/>\n\t<meta property=\"og:image:width\" content=\"500\" \/>\n\t<meta property=\"og:image:height\" content=\"500\" \/>\n\t<meta property=\"og:image:type\" content=\"image\/jpeg\" \/>\n<meta name=\"author\" content=\"Thales Brand\u00e3o\" \/>\n<meta name=\"twitter:card\" content=\"summary_large_image\" \/>\n<meta name=\"twitter:creator\" content=\"@http:\/\/www.twitter.com\/thalesbrandao\" \/>\n<meta name=\"twitter:site\" content=\"@CidadeMarketing\" \/>\n<meta name=\"twitter:label1\" content=\"Escrito por\" \/>\n\t<meta name=\"twitter:data1\" content=\"Thales Brand\u00e3o\" \/>\n\t<meta name=\"twitter:label2\" content=\"Est. tempo de leitura\" \/>\n\t<meta name=\"twitter:data2\" content=\"2 minutos\" \/>\n<script type=\"application\/ld+json\" class=\"yoast-schema-graph\">{\"@context\":\"https:\\\/\\\/schema.org\",\"@graph\":[{\"@type\":\"Article\",\"@id\":\"https:\\\/\\\/www.cidademarketing.com.br\\\/marketing\\\/2022\\\/11\\\/04\\\/bandnews-fm-e-radio-bandeirantes-apresentam-cobertura-completa-da-convocacao-da-selecao-brasileira-para-a-copa-do-mundo\\\/#article\",\"isPartOf\":{\"@id\":\"https:\\\/\\\/www.cidademarketing.com.br\\\/marketing\\\/2022\\\/11\\\/04\\\/bandnews-fm-e-radio-bandeirantes-apresentam-cobertura-completa-da-convocacao-da-selecao-brasileira-para-a-copa-do-mundo\\\/\"},\"author\":{\"name\":\"Thales Brand\u00e3o\",\"@id\":\"https:\\\/\\\/www.cidademarketing.com.br\\\/marketing\\\/#\\\/schema\\\/person\\\/02daff9f18bd9378c9e01eb6b2db155f\"},\"headline\":\"BandNews FM e R\u00e1dio Bandeirantes apresentam cobertura completa da convoca\u00e7\u00e3o da Sele\u00e7\u00e3o Brasileira para a Copa do Mundo\",\"datePublished\":\"2022-11-05T01:09:57+00:00\",\"mainEntityOfPage\":{\"@id\":\"https:\\\/\\\/www.cidademarketing.com.br\\\/marketing\\\/2022\\\/11\\\/04\\\/bandnews-fm-e-radio-bandeirantes-apresentam-cobertura-completa-da-convocacao-da-selecao-brasileira-para-a-copa-do-mundo\\\/\"},\"wordCount\":432,\"commentCount\":0,\"publisher\":{\"@id\":\"https:\\\/\\\/www.cidademarketing.com.br\\\/marketing\\\/#organization\"},\"image\":{\"@id\":\"https:\\\/\\\/www.cidademarketing.com.br\\\/marketing\\\/2022\\\/11\\\/04\\\/bandnews-fm-e-radio-bandeirantes-apresentam-cobertura-completa-da-convocacao-da-selecao-brasileira-para-a-copa-do-mundo\\\/#primaryimage\"},\"thumbnailUrl\":\"https:\\\/\\\/www.cidademarketing.com.br\\\/marketing\\\/wp-content\\\/uploads\\\/2022\\\/11\\\/band_marca.jpg\",\"keywords\":[\"Band\",\"BandNews\",\"BandNews FM\",\"campanha\",\"Copa do Mundo\",\"estrat\u00e9gia\",\"futebol\",\"marketing\"],\"articleSection\":[\"Not\u00edcias\"],\"inLanguage\":\"pt-BR\",\"potentialAction\":[{\"@type\":\"CommentAction\",\"name\":\"Comment\",\"target\":[\"https:\\\/\\\/www.cidademarketing.com.br\\\/marketing\\\/2022\\\/11\\\/04\\\/bandnews-fm-e-radio-bandeirantes-apresentam-cobertura-completa-da-convocacao-da-selecao-brasileira-para-a-copa-do-mundo\\\/#respond\"]}]},{\"@type\":\"WebPage\",\"@id\":\"https:\\\/\\\/www.cidademarketing.com.br\\\/marketing\\\/2022\\\/11\\\/04\\\/bandnews-fm-e-radio-bandeirantes-apresentam-cobertura-completa-da-convocacao-da-selecao-brasileira-para-a-copa-do-mundo\\\/\",\"url\":\"https:\\\/\\\/www.cidademarketing.com.br\\\/marketing\\\/2022\\\/11\\\/04\\\/bandnews-fm-e-radio-bandeirantes-apresentam-cobertura-completa-da-convocacao-da-selecao-brasileira-para-a-copa-do-mundo\\\/\",\"name\":\"BandNews FM e R\u00e1dio Bandeirantes apresentam cobertura completa da convoca\u00e7\u00e3o da Sele\u00e7\u00e3o Brasileira para a Copa do Mundo - CidadeMarketing\",\"isPartOf\":{\"@id\":\"https:\\\/\\\/www.cidademarketing.com.br\\\/marketing\\\/#website\"},\"primaryImageOfPage\":{\"@id\":\"https:\\\/\\\/www.cidademarketing.com.br\\\/marketing\\\/2022\\\/11\\\/04\\\/bandnews-fm-e-radio-bandeirantes-apresentam-cobertura-completa-da-convocacao-da-selecao-brasileira-para-a-copa-do-mundo\\\/#primaryimage\"},\"image\":{\"@id\":\"https:\\\/\\\/www.cidademarketing.com.br\\\/marketing\\\/2022\\\/11\\\/04\\\/bandnews-fm-e-radio-bandeirantes-apresentam-cobertura-completa-da-convocacao-da-selecao-brasileira-para-a-copa-do-mundo\\\/#primaryimage\"},\"thumbnailUrl\":\"https:\\\/\\\/www.cidademarketing.com.br\\\/marketing\\\/wp-content\\\/uploads\\\/2022\\\/11\\\/band_marca.jpg\",\"datePublished\":\"2022-11-05T01:09:57+00:00\",\"breadcrumb\":{\"@id\":\"https:\\\/\\\/www.cidademarketing.com.br\\\/marketing\\\/2022\\\/11\\\/04\\\/bandnews-fm-e-radio-bandeirantes-apresentam-cobertura-completa-da-convocacao-da-selecao-brasileira-para-a-copa-do-mundo\\\/#breadcrumb\"},\"inLanguage\":\"pt-BR\",\"potentialAction\":[{\"@type\":\"ReadAction\",\"target\":[\"https:\\\/\\\/www.cidademarketing.com.br\\\/marketing\\\/2022\\\/11\\\/04\\\/bandnews-fm-e-radio-bandeirantes-apresentam-cobertura-completa-da-convocacao-da-selecao-brasileira-para-a-copa-do-mundo\\\/\"]}]},{\"@type\":\"ImageObject\",\"inLanguage\":\"pt-BR\",\"@id\":\"https:\\\/\\\/www.cidademarketing.com.br\\\/marketing\\\/2022\\\/11\\\/04\\\/bandnews-fm-e-radio-bandeirantes-apresentam-cobertura-completa-da-convocacao-da-selecao-brasileira-para-a-copa-do-mundo\\\/#primaryimage\",\"url\":\"https:\\\/\\\/www.cidademarketing.com.br\\\/marketing\\\/wp-content\\\/uploads\\\/2022\\\/11\\\/band_marca.jpg\",\"contentUrl\":\"https:\\\/\\\/www.cidademarketing.com.br\\\/marketing\\\/wp-content\\\/uploads\\\/2022\\\/11\\\/band_marca.jpg\",\"width\":500,\"height\":500},{\"@type\":\"BreadcrumbList\",\"@id\":\"https:\\\/\\\/www.cidademarketing.com.br\\\/marketing\\\/2022\\\/11\\\/04\\\/bandnews-fm-e-radio-bandeirantes-apresentam-cobertura-completa-da-convocacao-da-selecao-brasileira-para-a-copa-do-mundo\\\/#breadcrumb\",\"itemListElement\":[{\"@type\":\"ListItem\",\"position\":1,\"name\":\"In\u00edcio\",\"item\":\"https:\\\/\\\/www.cidademarketing.com.br\\\/marketing\\\/\"},{\"@type\":\"ListItem\",\"position\":2,\"name\":\"BandNews FM e R\u00e1dio Bandeirantes apresentam cobertura completa da convoca\u00e7\u00e3o da Sele\u00e7\u00e3o Brasileira para a Copa do Mundo\"}]},{\"@type\":\"WebSite\",\"@id\":\"https:\\\/\\\/www.cidademarketing.com.br\\\/marketing\\\/#website\",\"url\":\"https:\\\/\\\/www.cidademarketing.com.br\\\/marketing\\\/\",\"name\":\"CidadeMarketing\",\"description\":\"Somos um ve\u00edculo de comunica\u00e7\u00e3o de destaque no Brasil, reconhecido por conte\u00fados nos segmentos de marketing, empreendedorismo e inova\u00e7\u00e3o.\",\"publisher\":{\"@id\":\"https:\\\/\\\/www.cidademarketing.com.br\\\/marketing\\\/#organization\"},\"alternateName\":\"CidadeMarketing\",\"potentialAction\":[{\"@type\":\"SearchAction\",\"target\":{\"@type\":\"EntryPoint\",\"urlTemplate\":\"https:\\\/\\\/www.cidademarketing.com.br\\\/marketing\\\/?s={search_term_string}\"},\"query-input\":{\"@type\":\"PropertyValueSpecification\",\"valueRequired\":true,\"valueName\":\"search_term_string\"}}],\"inLanguage\":\"pt-BR\"},{\"@type\":\"Organization\",\"@id\":\"https:\\\/\\\/www.cidademarketing.com.br\\\/marketing\\\/#organization\",\"name\":\"CidadeMarketing\",\"alternateName\":\"CidadeMarketing\",\"url\":\"https:\\\/\\\/www.cidademarketing.com.br\\\/marketing\\\/\",\"logo\":{\"@type\":\"ImageObject\",\"inLanguage\":\"pt-BR\",\"@id\":\"https:\\\/\\\/www.cidademarketing.com.br\\\/marketing\\\/#\\\/schema\\\/logo\\\/image\\\/\",\"url\":\"https:\\\/\\\/www.cidademarketing.com.br\\\/marketing\\\/wp-content\\\/uploads\\\/2020\\\/01\\\/cidademarketing_marca_mobile.png\",\"contentUrl\":\"https:\\\/\\\/www.cidademarketing.com.br\\\/marketing\\\/wp-content\\\/uploads\\\/2020\\\/01\\\/cidademarketing_marca_mobile.png\",\"width\":230,\"height\":92,\"caption\":\"CidadeMarketing\"},\"image\":{\"@id\":\"https:\\\/\\\/www.cidademarketing.com.br\\\/marketing\\\/#\\\/schema\\\/logo\\\/image\\\/\"},\"sameAs\":[\"https:\\\/\\\/www.facebook.com\\\/portalcidademarketing\",\"https:\\\/\\\/x.com\\\/CidadeMarketing\",\"https:\\\/\\\/www.instagram.com\\\/cidademarketing\\\/\"]},{\"@type\":\"Person\",\"@id\":\"https:\\\/\\\/www.cidademarketing.com.br\\\/marketing\\\/#\\\/schema\\\/person\\\/02daff9f18bd9378c9e01eb6b2db155f\",\"name\":\"Thales Brand\u00e3o\",\"image\":{\"@type\":\"ImageObject\",\"inLanguage\":\"pt-BR\",\"@id\":\"https:\\\/\\\/secure.gravatar.com\\\/avatar\\\/7ca3206950207cc3cb48feec56a8a7898741ab725c368d99d5d7a5a50aab80c6?s=96&d=mm&r=g\",\"url\":\"https:\\\/\\\/secure.gravatar.com\\\/avatar\\\/7ca3206950207cc3cb48feec56a8a7898741ab725c368d99d5d7a5a50aab80c6?s=96&d=mm&r=g\",\"contentUrl\":\"https:\\\/\\\/secure.gravatar.com\\\/avatar\\\/7ca3206950207cc3cb48feec56a8a7898741ab725c368d99d5d7a5a50aab80c6?s=96&d=mm&r=g\",\"caption\":\"Thales Brand\u00e3o\"},\"description\":\"Editor Executivo do Portal CidadeMarketing.com.br &gt; Mestre em Comunica\u00e7\u00e3o e Sociedade pela Universidade Federal de Sergipe. Possui MBA Executivo em Administra\u00e7\u00e3o com \u00eanfase em Marketing pela Funda\u00e7\u00e3o Get\u00falio Vargas - Rio de Janeiro. Consultor, Palestrante e Pesquisador sobre Empreendedorismo, Marketing, Redes Sociais e Neg\u00f3cios Digitais. Professor, Palestrante TedxTalks e Campus Party. Twitter: @ThalesBrandao\",\"sameAs\":[\"http:\\\/\\\/www.mandacaru.com.br\",\"https:\\\/\\\/www.facebook.com\\\/thalesbrandao\",\"http:\\\/\\\/www.instagram.com.br\\\/thalesbrandaoferreira\",\"https:\\\/\\\/www.linkedin.com\\\/in\\\/thales-brand\u00e3o-3948609\\\/\",\"https:\\\/\\\/x.com\\\/http:\\\/\\\/www.twitter.com\\\/thalesbrandao\"],\"url\":\"https:\\\/\\\/www.cidademarketing.com.br\\\/marketing\\\/author\\\/thalesbrandao\\\/\"}]}<\/script>\n<!-- \/ Yoast SEO plugin. -->","yoast_head_json":{"title":"BandNews FM e R\u00e1dio Bandeirantes apresentam cobertura completa da convoca\u00e7\u00e3o da Sele\u00e7\u00e3o Brasileira para a Copa do Mundo - CidadeMarketing","robots":{"index":"index","follow":"follow","max-snippet":"max-snippet:-1","max-image-preview":"max-image-preview:large","max-video-preview":"max-video-preview:-1"},"canonical":"https:\/\/www.cidademarketing.com.br\/marketing\/2022\/11\/04\/bandnews-fm-e-radio-bandeirantes-apresentam-cobertura-completa-da-convocacao-da-selecao-brasileira-para-a-copa-do-mundo\/","og_locale":"pt_BR","og_type":"article","og_title":"BandNews FM e R\u00e1dio Bandeirantes apresentam cobertura completa da convoca\u00e7\u00e3o da Sele\u00e7\u00e3o Brasileira para a Copa do Mundo - CidadeMarketing","og_description":"A BandNews FM prepara para segunda-feira (7), a partir do meio-dia, uma cobertura completa da convoca\u00e7\u00e3o da Sele\u00e7\u00e3o Brasileira para a Copa do Mundo. Com apresenta\u00e7\u00e3o de Luiz Megale e F\u00e1bio Fran\u00e7a, coment\u00e1rios de Denilson, Mar\u00edlia Ruiz e Bruno Camar\u00e3o, al\u00e9m da participa\u00e7\u00e3o de convidados especiais, a r\u00e1dio acompanha a divulga\u00e7\u00e3o da lista do Tite [&hellip;]","og_url":"https:\/\/www.cidademarketing.com.br\/marketing\/2022\/11\/04\/bandnews-fm-e-radio-bandeirantes-apresentam-cobertura-completa-da-convocacao-da-selecao-brasileira-para-a-copa-do-mundo\/","og_site_name":"CidadeMarketing","article_publisher":"https:\/\/www.facebook.com\/portalcidademarketing","article_author":"https:\/\/www.facebook.com\/thalesbrandao","article_published_time":"2022-11-05T01:09:57+00:00","og_image":[{"width":500,"height":500,"url":"https:\/\/www.cidademarketing.com.br\/marketing\/wp-content\/uploads\/2022\/11\/band_marca.jpg","type":"image\/jpeg"}],"author":"Thales Brand\u00e3o","twitter_card":"summary_large_image","twitter_creator":"@http:\/\/www.twitter.com\/thalesbrandao","twitter_site":"@CidadeMarketing","twitter_misc":{"Escrito por":"Thales Brand\u00e3o","Est. tempo de leitura":"2 minutos"},"schema":{"@context":"https:\/\/schema.org","@graph":[{"@type":"Article","@id":"https:\/\/www.cidademarketing.com.br\/marketing\/2022\/11\/04\/bandnews-fm-e-radio-bandeirantes-apresentam-cobertura-completa-da-convocacao-da-selecao-brasileira-para-a-copa-do-mundo\/#article","isPartOf":{"@id":"https:\/\/www.cidademarketing.com.br\/marketing\/2022\/11\/04\/bandnews-fm-e-radio-bandeirantes-apresentam-cobertura-completa-da-convocacao-da-selecao-brasileira-para-a-copa-do-mundo\/"},"author":{"name":"Thales Brand\u00e3o","@id":"https:\/\/www.cidademarketing.com.br\/marketing\/#\/schema\/person\/02daff9f18bd9378c9e01eb6b2db155f"},"headline":"BandNews FM e R\u00e1dio Bandeirantes apresentam cobertura completa da convoca\u00e7\u00e3o da Sele\u00e7\u00e3o Brasileira para a Copa do Mundo","datePublished":"2022-11-05T01:09:57+00:00","mainEntityOfPage":{"@id":"https:\/\/www.cidademarketing.com.br\/marketing\/2022\/11\/04\/bandnews-fm-e-radio-bandeirantes-apresentam-cobertura-completa-da-convocacao-da-selecao-brasileira-para-a-copa-do-mundo\/"},"wordCount":432,"commentCount":0,"publisher":{"@id":"https:\/\/www.cidademarketing.com.br\/marketing\/#organization"},"image":{"@id":"https:\/\/www.cidademarketing.com.br\/marketing\/2022\/11\/04\/bandnews-fm-e-radio-bandeirantes-apresentam-cobertura-completa-da-convocacao-da-selecao-brasileira-para-a-copa-do-mundo\/#primaryimage"},"thumbnailUrl":"https:\/\/www.cidademarketing.com.br\/marketing\/wp-content\/uploads\/2022\/11\/band_marca.jpg","keywords":["Band","BandNews","BandNews FM","campanha","Copa do Mundo","estrat\u00e9gia","futebol","marketing"],"articleSection":["Not\u00edcias"],"inLanguage":"pt-BR","potentialAction":[{"@type":"CommentAction","name":"Comment","target":["https:\/\/www.cidademarketing.com.br\/marketing\/2022\/11\/04\/bandnews-fm-e-radio-bandeirantes-apresentam-cobertura-completa-da-convocacao-da-selecao-brasileira-para-a-copa-do-mundo\/#respond"]}]},{"@type":"WebPage","@id":"https:\/\/www.cidademarketing.com.br\/marketing\/2022\/11\/04\/bandnews-fm-e-radio-bandeirantes-apresentam-cobertura-completa-da-convocacao-da-selecao-brasileira-para-a-copa-do-mundo\/","url":"https:\/\/www.cidademarketing.com.br\/marketing\/2022\/11\/04\/bandnews-fm-e-radio-bandeirantes-apresentam-cobertura-completa-da-convocacao-da-selecao-brasileira-para-a-copa-do-mundo\/","name":"BandNews FM e R\u00e1dio Bandeirantes apresentam cobertura completa da convoca\u00e7\u00e3o da Sele\u00e7\u00e3o Brasileira para a Copa do Mundo - CidadeMarketing","isPartOf":{"@id":"https:\/\/www.cidademarketing.com.br\/marketing\/#website"},"primaryImageOfPage":{"@id":"https:\/\/www.cidademarketing.com.br\/marketing\/2022\/11\/04\/bandnews-fm-e-radio-bandeirantes-apresentam-cobertura-completa-da-convocacao-da-selecao-brasileira-para-a-copa-do-mundo\/#primaryimage"},"image":{"@id":"https:\/\/www.cidademarketing.com.br\/marketing\/2022\/11\/04\/bandnews-fm-e-radio-bandeirantes-apresentam-cobertura-completa-da-convocacao-da-selecao-brasileira-para-a-copa-do-mundo\/#primaryimage"},"thumbnailUrl":"https:\/\/www.cidademarketing.com.br\/marketing\/wp-content\/uploads\/2022\/11\/band_marca.jpg","datePublished":"2022-11-05T01:09:57+00:00","breadcrumb":{"@id":"https:\/\/www.cidademarketing.com.br\/marketing\/2022\/11\/04\/bandnews-fm-e-radio-bandeirantes-apresentam-cobertura-completa-da-convocacao-da-selecao-brasileira-para-a-copa-do-mundo\/#breadcrumb"},"inLanguage":"pt-BR","potentialAction":[{"@type":"ReadAction","target":["https:\/\/www.cidademarketing.com.br\/marketing\/2022\/11\/04\/bandnews-fm-e-radio-bandeirantes-apresentam-cobertura-completa-da-convocacao-da-selecao-brasileira-para-a-copa-do-mundo\/"]}]},{"@type":"ImageObject","inLanguage":"pt-BR","@id":"https:\/\/www.cidademarketing.com.br\/marketing\/2022\/11\/04\/bandnews-fm-e-radio-bandeirantes-apresentam-cobertura-completa-da-convocacao-da-selecao-brasileira-para-a-copa-do-mundo\/#primaryimage","url":"https:\/\/www.cidademarketing.com.br\/marketing\/wp-content\/uploads\/2022\/11\/band_marca.jpg","contentUrl":"https:\/\/www.cidademarketing.com.br\/marketing\/wp-content\/uploads\/2022\/11\/band_marca.jpg","width":500,"height":500},{"@type":"BreadcrumbList","@id":"https:\/\/www.cidademarketing.com.br\/marketing\/2022\/11\/04\/bandnews-fm-e-radio-bandeirantes-apresentam-cobertura-completa-da-convocacao-da-selecao-brasileira-para-a-copa-do-mundo\/#breadcrumb","itemListElement":[{"@type":"ListItem","position":1,"name":"In\u00edcio","item":"https:\/\/www.cidademarketing.com.br\/marketing\/"},{"@type":"ListItem","position":2,"name":"BandNews FM e R\u00e1dio Bandeirantes apresentam cobertura completa da convoca\u00e7\u00e3o da Sele\u00e7\u00e3o Brasileira para a Copa do Mundo"}]},{"@type":"WebSite","@id":"https:\/\/www.cidademarketing.com.br\/marketing\/#website","url":"https:\/\/www.cidademarketing.com.br\/marketing\/","name":"CidadeMarketing","description":"Somos um ve\u00edculo de comunica\u00e7\u00e3o de destaque no Brasil, reconhecido por conte\u00fados nos segmentos de marketing, empreendedorismo e inova\u00e7\u00e3o.","publisher":{"@id":"https:\/\/www.cidademarketing.com.br\/marketing\/#organization"},"alternateName":"CidadeMarketing","potentialAction":[{"@type":"SearchAction","target":{"@type":"EntryPoint","urlTemplate":"https:\/\/www.cidademarketing.com.br\/marketing\/?s={search_term_string}"},"query-input":{"@type":"PropertyValueSpecification","valueRequired":true,"valueName":"search_term_string"}}],"inLanguage":"pt-BR"},{"@type":"Organization","@id":"https:\/\/www.cidademarketing.com.br\/marketing\/#organization","name":"CidadeMarketing","alternateName":"CidadeMarketing","url":"https:\/\/www.cidademarketing.com.br\/marketing\/","logo":{"@type":"ImageObject","inLanguage":"pt-BR","@id":"https:\/\/www.cidademarketing.com.br\/marketing\/#\/schema\/logo\/image\/","url":"https:\/\/www.cidademarketing.com.br\/marketing\/wp-content\/uploads\/2020\/01\/cidademarketing_marca_mobile.png","contentUrl":"https:\/\/www.cidademarketing.com.br\/marketing\/wp-content\/uploads\/2020\/01\/cidademarketing_marca_mobile.png","width":230,"height":92,"caption":"CidadeMarketing"},"image":{"@id":"https:\/\/www.cidademarketing.com.br\/marketing\/#\/schema\/logo\/image\/"},"sameAs":["https:\/\/www.facebook.com\/portalcidademarketing","https:\/\/x.com\/CidadeMarketing","https:\/\/www.instagram.com\/cidademarketing\/"]},{"@type":"Person","@id":"https:\/\/www.cidademarketing.com.br\/marketing\/#\/schema\/person\/02daff9f18bd9378c9e01eb6b2db155f","name":"Thales Brand\u00e3o","image":{"@type":"ImageObject","inLanguage":"pt-BR","@id":"https:\/\/secure.gravatar.com\/avatar\/7ca3206950207cc3cb48feec56a8a7898741ab725c368d99d5d7a5a50aab80c6?s=96&d=mm&r=g","url":"https:\/\/secure.gravatar.com\/avatar\/7ca3206950207cc3cb48feec56a8a7898741ab725c368d99d5d7a5a50aab80c6?s=96&d=mm&r=g","contentUrl":"https:\/\/secure.gravatar.com\/avatar\/7ca3206950207cc3cb48feec56a8a7898741ab725c368d99d5d7a5a50aab80c6?s=96&d=mm&r=g","caption":"Thales Brand\u00e3o"},"description":"Editor Executivo do Portal CidadeMarketing.com.br &gt; Mestre em Comunica\u00e7\u00e3o e Sociedade pela Universidade Federal de Sergipe. Possui MBA Executivo em Administra\u00e7\u00e3o com \u00eanfase em Marketing pela Funda\u00e7\u00e3o Get\u00falio Vargas - Rio de Janeiro. Consultor, Palestrante e Pesquisador sobre Empreendedorismo, Marketing, Redes Sociais e Neg\u00f3cios Digitais. Professor, Palestrante TedxTalks e Campus Party. Twitter: @ThalesBrandao","sameAs":["http:\/\/www.mandacaru.com.br","https:\/\/www.facebook.com\/thalesbrandao","http:\/\/www.instagram.com.br\/thalesbrandaoferreira","https:\/\/www.linkedin.com\/in\/thales-brand\u00e3o-3948609\/","https:\/\/x.com\/http:\/\/www.twitter.com\/thalesbrandao"],"url":"https:\/\/www.cidademarketing.com.br\/marketing\/author\/thalesbrandao\/"}]}},"amp_enabled":true,"_links":{"self":[{"href":"https:\/\/www.cidademarketing.com.br\/marketing\/wp-json\/wp\/v2\/posts\/39240","targetHints":{"allow":["GET"]}}],"collection":[{"href":"https:\/\/www.cidademarketing.com.br\/marketing\/wp-json\/wp\/v2\/posts"}],"about":[{"href":"https:\/\/www.cidademarketing.com.br\/marketing\/wp-json\/wp\/v2\/types\/post"}],"author":[{"embeddable":true,"href":"https:\/\/www.cidademarketing.com.br\/marketing\/wp-json\/wp\/v2\/users\/1"}],"replies":[{"embeddable":true,"href":"https:\/\/www.cidademarketing.com.br\/marketing\/wp-json\/wp\/v2\/comments?post=39240"}],"version-history":[{"count":1,"href":"https:\/\/www.cidademarketing.com.br\/marketing\/wp-json\/wp\/v2\/posts\/39240\/revisions"}],"predecessor-version":[{"id":39242,"href":"https:\/\/www.cidademarketing.com.br\/marketing\/wp-json\/wp\/v2\/posts\/39240\/revisions\/39242"}],"wp:featuredmedia":[{"embeddable":true,"href":"https:\/\/www.cidademarketing.com.br\/marketing\/wp-json\/wp\/v2\/media\/39241"}],"wp:attachment":[{"href":"https:\/\/www.cidademarketing.com.br\/marketing\/wp-json\/wp\/v2\/media?parent=39240"}],"wp:term":[{"taxonomy":"category","embeddable":true,"href":"https:\/\/www.cidademarketing.com.br\/marketing\/wp-json\/wp\/v2\/categories?post=39240"},{"taxonomy":"post_tag","embeddable":true,"href":"https:\/\/www.cidademarketing.com.br\/marketing\/wp-json\/wp\/v2\/tags?post=39240"}],"curies":[{"name":"wp","href":"https:\/\/api.w.org\/{rel}","templated":true}]}}