{"id":39052,"date":"2022-10-28T14:10:05","date_gmt":"2022-10-28T17:10:05","guid":{"rendered":"https:\/\/www.cidademarketing.com.br\/marketing\/?p=39052"},"modified":"2022-10-28T14:10:05","modified_gmt":"2022-10-28T17:10:05","slug":"eleicoes-2022-tudo-o-que-voce-precisa-saber-para-votar-domingo-30-10","status":"publish","type":"post","link":"https:\/\/www.cidademarketing.com.br\/marketing\/2022\/10\/28\/eleicoes-2022-tudo-o-que-voce-precisa-saber-para-votar-domingo-30-10\/","title":{"rendered":"Elei\u00e7\u00f5es 2022: Tudo o que voc\u00ea precisa saber para votar domingo (30\/10)"},"content":{"rendered":"<p><iframe style=\"border-radius: 12px;\" src=\"https:\/\/open.spotify.com\/embed\/show\/4khMKzP3FgFRWVwb73xicc?utm_source=generator\" width=\"100%\" height=\"352\" frameborder=\"0\" allowfullscreen=\"allowfullscreen\"><\/iframe><\/p>\n<p>Neste domingo (30), quando acontece o segundo turno, mais de 156 milh\u00f5es de eleitoras e eleitores aptos a votar retornam \u00e0s urnas para decidir as Elei\u00e7\u00f5es 2022. \u00c9 hora de escolher quem voc\u00ea quer para presidente da Rep\u00fablica. Em alguns estados tamb\u00e9m tem segundo turno para governador. S\u00e3o eles:\u00a0<a href=\"https:\/\/www.tse.jus.br\/comunicacao\/noticias\/2022\/Outubro\/paulo-dantas-mdb-e-rodrigo-cunha-uniao-brasil-disputarao-2o-turno-para-governo-de-alagoas\" target=\"_blank\" rel=\"noopener\">Alagoas<\/a>,\u00a0<a href=\"https:\/\/www.tse.jus.br\/comunicacao\/noticias\/2022\/Outubro\/amazonas-wilson-lima-uniao-e-eduardo-braga-mdb-disputarao-2o-turno-para-governador\" target=\"_blank\" rel=\"noopener\">Amazonas<\/a>,\u00a0<a href=\"https:\/\/www.tse.jus.br\/comunicacao\/noticias\/2022\/Outubro\/jeronimo-rodrigues-pt-e-acm-neto-uniao-disputarao-2o-turno-para-governo-da-bahia\" target=\"_blank\" rel=\"noopener\">Bahia<\/a>,\u00a0<a href=\"https:\/\/www.tse.jus.br\/comunicacao\/noticias\/2022\/Outubro\/es-casagrande-psb-e-manato-pl-vao-ao-2-turno-no-estado\" target=\"_blank\" rel=\"noopener\">Esp\u00edrito Santo<\/a>,\u00a0<a href=\"https:\/\/www.tse.jus.br\/comunicacao\/noticias\/2022\/Outubro\/capitao-contar-prtb-e-eduardo-riedel-psdb-voltam-a-disputar-o-governo-de-mato-grosso-do-sul-no-dia-30\" target=\"_blank\" rel=\"noopener\">Mato Grosso do Sul<\/a>,\u00a0<a href=\"https:\/\/www.tse.jus.br\/comunicacao\/noticias\/2022\/Outubro\/joao-azevedo-psb-e-pedro-cunha-lima-psdb-estao-no-2o-turno-pelo-governo-da-paraiba\" target=\"_blank\" rel=\"noopener\">Para\u00edba<\/a>,\u00a0<a href=\"https:\/\/www.tse.jus.br\/comunicacao\/noticias\/2022\/Outubro\/marilia-arraes-solidariedade-e-raquel-lyra-psdb-vao-para-o-2o-turno-na-disputa-pelo-governo-de-pernambuco\" target=\"_blank\" rel=\"noopener\">Pernambuco<\/a>,\u00a0<a href=\"https:\/\/www.tse.jus.br\/comunicacao\/noticias\/2022\/Outubro\/definicao-do-novo-governador-gaucho-sera-em-2o-turno-no-proximo-dia-30\" target=\"_blank\" rel=\"noopener\">Rio Grande do Sul<\/a>,\u00a0<a href=\"https:\/\/www.tse.jus.br\/comunicacao\/noticias\/2022\/Outubro\/rondonia-coronel-marcos-rocha-e-marcos-rogerio-disputarao-2o-turno-para-o-governo-estadual\" target=\"_blank\" rel=\"noopener\">Rond\u00f4nia<\/a>,\u00a0<a href=\"https:\/\/www.tse.jus.br\/comunicacao\/noticias\/2022\/Outubro\/jorginho-mello-pl-e-decio-lima-pt-disputarao-2o-turno-para-o-governo-catarinense\" target=\"_blank\" rel=\"noopener\">Santa Catarina<\/a>,\u00a0<a href=\"https:\/\/www.tse.jus.br\/comunicacao\/noticias\/2022\/Outubro\/rogerio-carvalho-pt-e-fabio-psd-seguem-na-disputa-pelo-governo-de-sergipe\" target=\"_blank\" rel=\"noopener\">Sergipe<\/a>,\u00a0<a href=\"https:\/\/www.tse.jus.br\/comunicacao\/noticias\/2022\/Outubro\/tarcisio-de-freitas-e-fernando-haddad-vao-para-o-2o-turno-na-disputa-pelo-governo-de-sao-paulo\" target=\"_blank\" rel=\"noopener\">S\u00e3o Paulo<\/a>. A vota\u00e7\u00e3o acontece em 5.570 cidades do pa\u00eds e em 181 localidades no exterior.<\/p>\n<p><strong>Curiosidade<\/strong><\/p>\n<p>Eleitoras e eleitores de oito munic\u00edpios brasileiros tamb\u00e9m v\u00e3o \u00e0s urnas no domingo para eleger novos prefeitos e vice-prefeitos em\u00a0<a href=\"https:\/\/www.tse.jus.br\/eleicoes\/eleicoes-suplementares\/calendarios\/calendario-das-eleicoes-suplementares-2022\" target=\"_blank\" rel=\"noopener\"><strong>elei\u00e7\u00f5es suplementares<\/strong><\/a>. S\u00e3o eles: Cachoeirinha (RS), Canoinhas (SC), Cerro Grande (RS), Entre Rios do Sul (RS), Joaquim Nabuco (PE), Pesqueira (PE), Pinhalzinho (SP) e Vilhena (RO). A nova vota\u00e7\u00e3o foi convocada porque os prefeitos eleitos em 2020 tiveram o mandato ou o registro cassados pela Justi\u00e7a Eleitoral.<\/p>\n<p>Confira, abaixo, tudo o que voc\u00ea precisa saber para votar com tranquilidade e seguran\u00e7a:<\/p>\n<p><strong>Quem vota?<\/strong><\/p>\n<p>O voto \u00e9 obrigat\u00f3rio para maiores de 18 anos e facultativo para analfabetos, maiores de 70 anos e pessoas com 16 e 17 anos.<\/p>\n<p><strong>Qual o hor\u00e1rio de vota\u00e7\u00e3o?<\/strong><\/p>\n<p>O hor\u00e1rio de vota\u00e7\u00e3o nas Elei\u00e7\u00f5es 2022 foi unificado e, no segundo turno, valem as mesmas regras: \u00e9 de 8h \u00e0s 17h do hor\u00e1rio de Bras\u00edlia. Isso significa que cidades em fusos diferentes devem se adequar ao hor\u00e1rio da capital federal. Eleitoras e eleitores que estiverem na fila para votar antes das 17h ter\u00e3o seu direito garantido mesmo com o encerramento do hor\u00e1rio.<\/p>\n<p>Anote a\u00ed caso voc\u00ea more numa cidade de algum desses estados: em Mato Grosso, Mato Grosso do Sul, Rond\u00f4nia e Roraima, a vota\u00e7\u00e3o vai das 7h \u00e0s 16h do hor\u00e1rio local. No Acre, a vota\u00e7\u00e3o acontece das 6h \u00e0s 15h do hor\u00e1rio local.<\/p>\n<p>Em 11 munic\u00edpios do Amazonas, que seguem o fuso do Acre, a vota\u00e7\u00e3o tamb\u00e9m come\u00e7a \u00e0s 6h e termina \u00e0s 15h do hor\u00e1rio local. S\u00e3o eles: Amatur\u00e1, Atalaia do Norte, Benjamin Constant, Eirunep\u00e9, Envira, Guajar\u00e1, Ipixuna, Itamarati, Juta\u00ed, Tabatinga e S\u00e3o Paulo de Oliven\u00e7a. Nos outros 51 munic\u00edpios do Amazonas, a vota\u00e7\u00e3o vai das 7h \u00e0s 16h do hor\u00e1rio local.<\/p>\n<p>J\u00e1 em Fernando de Noronha (PE), ela vai das 9h \u00e0s 18h tamb\u00e9m do hor\u00e1rio local. Tudo isso para coincidir com o hor\u00e1rio de Bras\u00edlia.<\/p>\n<p><strong>Quais os documentos necess\u00e1rios?<\/strong><\/p>\n<p>Para votar, \u00e9 necess\u00e1rio apresentar apenas um\u00a0<a href=\"https:\/\/www.tse.jus.br\/comunicacao\/noticias\/2022\/Junho\/eleicoes-2022-confira-quais-sao-os-documentos-validos-para-votar\" target=\"_blank\" rel=\"noopener\">documento de identifica\u00e7\u00e3o oficial<\/a>\u00a0com foto. A apresenta\u00e7\u00e3o do t\u00edtulo de eleitor n\u00e3o \u00e9 obrigat\u00f3ria. Antes de sair de casa, veja se voc\u00ea est\u00e1 levando um dos documentos aceitos.<\/p>\n<p>Entre as op\u00e7\u00f5es, est\u00e3o: carteira de identidade, Carteira Nacional de Habilita\u00e7\u00e3o (CNH), identidade social, passaporte, certificado de reservista, carteira de trabalho ou outro documento de valor legal com foto. Se voc\u00ea est\u00e1 querendo saber se a CNH digital \u00e9 v\u00e1lida, sim, vale.<\/p>\n<p>Tamb\u00e9m \u00e9 poss\u00edvel votar com a vers\u00e3o digital do t\u00edtulo, obtida no e-T\u00edtulo, aplicativo gratuito da Justi\u00e7a Eleitoral, caso a sua foto j\u00e1 apare\u00e7a por l\u00e1.<\/p>\n<p><strong>Como baixar o e-T\u00edtulo no celular?<\/strong><\/p>\n<p>O e-T\u00edtulo substitui o documento em papel e pode ser utilizado como identifica\u00e7\u00e3o na se\u00e7\u00e3o eleitoral, desde que atualizado e com foto. \u00c9 preciso que voc\u00ea j\u00e1 tenha um registro na Justi\u00e7a Eleitoral para liberar o t\u00edtulo digital, que pode ser acessado a qualquer momento.<\/p>\n<p>Tamb\u00e9m pode ser usado no dia da elei\u00e7\u00e3o para outras finalidades, como consultar o local de vota\u00e7\u00e3o (zona e se\u00e7\u00e3o eleitoral) e justificar a aus\u00eancia, entre outras.<\/p>\n<p>N\u00e3o perca tempo e baixe ainda hoje o e-T\u00edtulo nas plataformas IOS e Android e emita o seu t\u00edtulo de eleitor digital, porque a emiss\u00e3o n\u00e3o ser\u00e1 poss\u00edvel no dia de vota\u00e7\u00e3o (dia 30 de outubro).<\/p>\n<p>Caso voc\u00ea j\u00e1 tenha o e-T\u00edtulo, verifique se est\u00e1 tudo certo, mantenha o\u00a0<em>app<\/em>\u00a0atualizado. Qualquer dificuldade costuma ser resolvida reinstalando o aplicativo. Mas aqui tamb\u00e9m vale o lembrete, n\u00e3o deixe para a \u00faltima hora. No dia da elei\u00e7\u00e3o, n\u00e3o ser\u00e1 poss\u00edvel resolver eventuais problemas com o uso do aplicativo.<\/p>\n<p><strong>N\u00e3o votei no primeiro turno. Posso votar no segundo?<\/strong><\/p>\n<p>Pode. Os eleitores que n\u00e3o votaram no primeiro turno das elei\u00e7\u00f5es deste ano podem votar no segundo turno, mesmo que ainda n\u00e3o tenham justificado a aus\u00eancia. Isso porque cada turno de vota\u00e7\u00e3o \u00e9 uma elei\u00e7\u00e3o independente, e o n\u00e3o comparecimento ao primeiro n\u00e3o impede a participa\u00e7\u00e3o no segundo.<\/p>\n<p><strong>Como achar meu local de vota\u00e7\u00e3o?<\/strong><\/p>\n<p>Confira\u00a0<a href=\"https:\/\/www.tse.jus.br\/comunicacao\/noticias\/2022\/Setembro\/consulta-ao-local-de-votacao-pode-ser-feita-por-meio-do-site-do-tse-ou-de-aplicativos-da-justica-eleitoral\" target=\"_blank\" rel=\"noopener\">onde voc\u00ea vai votar<\/a>\u00a0ainda hoje, para n\u00e3o ficar perdido depois. Voc\u00ea pode fazer a consulta de tr\u00eas maneiras: pelo aplicativo e-T\u00edtulo, pelo Portal do TSE ou pelo Tira-D\u00favidas do Tribunal no WhatsApp, conhecido tamb\u00e9m como chatbot. Tudo bem simples e r\u00e1pido.<\/p>\n<p>No e-T\u00edtulo, \u00e9 s\u00f3 entrar e clicar em \u201cOnde Votar\u201d. No Portal do TSE, voc\u00ea s\u00f3 tem que colocar alguns dados pessoais no item \u201cOnde Votar\u201d do\u00a0<a href=\"https:\/\/www.tse.jus.br\/eleitor\/autoatendimento-do-eleitor#\/\" target=\"_blank\" rel=\"noopener\">Autoatendimento do Eleitor<\/a>.<\/p>\n<p>Pelo Tira-D\u00favidas do Tribunal, tamb\u00e9m \u00e9 bem f\u00e1cil. Basta enviar um \u201coi\u201d para o n\u00famero +55 61 996371078 no WhatsApp ou clicar no link\u00a0<a href=\"https:\/\/wa.me\/556196371078\" target=\"_blank\" rel=\"noopener\">https:\/\/wa.me\/556196371078<\/a>\u00a0. No menu principal, em Ver T\u00f3picos, clique em \u201cServi\u00e7os ao Eleitor\u201d, escolha a op\u00e7\u00e3o \u201cLocal de vota\u00e7\u00e3o\u201d. A partir da\u00ed, a consulta pode ser feita a partir de alguns dados pessoais.<\/p>\n<p><strong>O que \u00e9 pode ou n\u00e3o pode no dia?<\/strong><\/p>\n<p>A legisla\u00e7\u00e3o eleitoral\u00a0<a href=\"https:\/\/www.tse.jus.br\/comunicacao\/noticias\/2022\/Agosto\/faltam-50-dias-saiba-o-que-voce-pode-e-o-que-nao-pode-fazer-ao-ir-votar-em-outubro\">permite a manifesta\u00e7\u00e3o individual e silenciosa<\/a>\u00a0do eleitor no dia da vota\u00e7\u00e3o para partidos, coliga\u00e7\u00e3o ou candidato. Isso quer dizer que \u00e9 permitido o uso de bandeiras, broches, adesivos e camisetas.<\/p>\n<p>Mas \u00e9 proibida a\u00a0<a href=\"https:\/\/www.tse.jus.br\/comunicacao\/noticias\/2022\/Agosto\/faltam-50-dias-saiba-o-que-voce-pode-e-o-que-nao-pode-fazer-ao-ir-votar-em-outubro\">propaganda eleitoral<\/a>, como pedido de voto pelos candidatos, partidos ou coliga\u00e7\u00f5es, distribui\u00e7\u00e3o de panfletos (conhecidos por santinhos) e outros materiais, abordagem ou mesmo aglomera\u00e7\u00e3o de simpatizantes.<\/p>\n<p>Pode votar de bermuda, regata e chinelo? Sim. O TSE n\u00e3o pro\u00edbe a utiliza\u00e7\u00e3o de nenhum desses itens.<\/p>\n<p><strong>N\u00e3o cadastrei a biometria. Posso votar?<\/strong><\/p>\n<p>Sim. Quem est\u00e1 com o cadastro eleitoral regular,\u00a0<a href=\"https:\/\/www.tse.jus.br\/comunicacao\/noticias\/2022\/Janeiro\/fato-ou-boato-cadastro-biometrico-continua-suspenso-em-todo-o-pais-eleitor-sem-biometria-nao-sera-impedido-de-votar\">mesmo que n\u00e3o tenha coletado os dados biom\u00e9tricos<\/a>, poder\u00e1 votar normalmente nas Elei\u00e7\u00f5es 2022.<\/p>\n<p><strong>Posso levar o celular para a cabine de vota\u00e7\u00e3o?<\/strong><\/p>\n<p>N\u00e3o. Ap\u00f3s entregar o documento de identifica\u00e7\u00e3o ou depois de mostrar a vers\u00e3o digital do e-T\u00edtulo pelo celular, voc\u00ea\u00a0<a href=\"https:\/\/www.tse.jus.br\/comunicacao\/noticias\/2022\/Setembro\/tse-altera-resolucao-e-regulamenta-entrega-do-celular-aos-mesarios-e-proibicao-de-porte-de-arma-nos-locais-de-votacao\">ter\u00e1 de deixar o aparelho de celular desligado<\/a>, seguindo as orienta\u00e7\u00f5es do mes\u00e1rio. \u00c9 proibido entrar na cabine de vota\u00e7\u00e3o com ele ou com m\u00e1quina fotogr\u00e1fica, filmadora e equipamentos de radiocomunica\u00e7\u00e3o. A medida visa garantir um dos aspectos mais importantes da democracia: o sigilo do voto.<\/p>\n<p><strong>Porte de armas<\/strong><\/p>\n<p>O novo texto da Resolu\u00e7\u00e3o TSE n\u00ba 23.669\/2021 passou a proibir que pessoas portando armas de fogo \u2013 sejam elas civis (ainda que tenham porte de arma) ou integrantes das for\u00e7as de seguran\u00e7a que n\u00e3o estejam em servi\u00e7o junto \u00e0 Justi\u00e7a Eleitoral \u2013 se aproximem a menos de 100 metros das se\u00e7\u00f5es eleitorais. A exce\u00e7\u00e3o \u00e9 apenas para quando agentes de seguran\u00e7a (em atividade geral de policiamento no dia das elei\u00e7\u00f5es) forem votar. Tamb\u00e9m est\u00e3o proibidos o transporte e a posse de armas pelos Colecionadores, Atiradores Desportivos e Ca\u00e7adores (CACs) na v\u00e9spera, no dia e no p\u00f3s-elei\u00e7\u00e3o.<\/p>\n<p><strong>Qual a ordem de vota\u00e7\u00e3o?<\/strong><\/p>\n<p>A ordem de vota\u00e7\u00e3o na urna ser\u00e1: governador, com dois d\u00edgitos (onde houver segundo turno para governador); presidente, com dois d\u00edgitos (em todo o pa\u00eds) e prefeito, tamb\u00e9m com dois d\u00edgitos (onde houver elei\u00e7\u00e3o suplementar).<\/p>\n<p><strong>Tempo a mais na urna<\/strong><\/p>\n<p>O\u00a0<a href=\"https:\/\/www.tse.jus.br\/comunicacao\/noticias\/2022\/Setembro\/eleicoes-2022-eleitores-contarao-com-tempo-a-mais-para-conferencia-do-voto-na-urna-eletronica\">tempinho a mais para conferir os votos<\/a>\u00a0antes de confirmar continua valendo no segundo turno. Funciona assim: depois que voc\u00ea registrar o n\u00famero do candidato, vai aparecer a mensagem \u201cconfira o seu voto\u201d na tela parada por um segundo. Enquanto o texto estiver piscando, n\u00e3o adianta apertar qualquer tecla. S\u00f3 depois de um segundo, voc\u00ea pode apertar \u201cConfirma\u201d ou \u201cCorrige\u201d. \u00a0Depois da escolha finalizada, voc\u00ea vai ouvir aquele famoso barulhinho, o \u201cpilili\u201d.<\/p>\n<p><strong>Preciso pedir o comprovante de vota\u00e7\u00e3o?<\/strong><\/p>\n<p>N\u00e3o. \u00a0O comprovante de vota\u00e7\u00e3o j\u00e1 faz parte da rotina de atividades dos mes\u00e1rios, que s\u00e3o treinados com anteced\u00eancia pela Justi\u00e7a Eleitoral. Vale lembrar que n\u00e3o \u00e9 o comprovante que garante que o eleitor j\u00e1 votou, e sim o software da urna. O comprovante \u00e9 apenas um recibo para o eleitor e n\u00e3o para a Justi\u00e7a Eleitoral.<\/p>\n<p>No passado, esse comprovante era necess\u00e1rio para regularizar outros tipos de documento, como passaporte. Atualmente, a certid\u00e3o de quita\u00e7\u00e3o eleitoral dispon\u00edvel no Portal do TSE substitui esse comprovante.<\/p>\n<p><strong>Preciso assinar o caderno de vota\u00e7\u00e3o?<\/strong><\/p>\n<p>Se voc\u00ea for reconhecido por meio de biometria na urna, n\u00e3o precisa assinar o caderno de vota\u00e7\u00e3o. Mas, se n\u00e3o houver biometria cadastrada ou n\u00e3o reconhecimento da biometria, voc\u00ea ter\u00e1 que assinar o caderno de vota\u00e7\u00e3o.<\/p>\n<p><strong>Terminou de votar?<\/strong><\/p>\n<p>Retorne ent\u00e3o \u00e0 mesa receptora e n\u00e3o se esque\u00e7a de pegar o celular e o documento de identifica\u00e7\u00e3o apresentado. Hora de voltar para casa com a certeza de que fez a sua parte para a democracia.<\/p>\n<p><strong>Como conferir o resultado das elei\u00e7\u00f5es?<\/strong><\/p>\n<p>Para conferir o resultado na sua se\u00e7\u00e3o \u00e9 f\u00e1cil: \u00e9 s\u00f3 ficar de olho no\u00a0<a href=\"https:\/\/www.tse.jus.br\/comunicacao\/noticias\/2022\/Setembro\/conferir-resultado-da-eleicao-e-rapido-e-simples-e-todo-mundo-pode-basta-olhar-o-boletim-de-urna-bu\">Boletim de Urna (BU)<\/a>, um dos principais instrumentos de transpar\u00eancia das elei\u00e7\u00f5es, colocado \u00e0 disposi\u00e7\u00e3o da sociedade. Com o BU, conferir o resultado \u00e9 instant\u00e2neo, r\u00e1pido e simples.<\/p>\n<p>Tradicionalmente afixado na porta da se\u00e7\u00e3o eleitoral, nas Elei\u00e7\u00f5es 2022, ele tamb\u00e9m estar\u00e1 ao alcance de todo e qualquer interessado na internet logo ap\u00f3s o fechamento das urnas, no Portal do TSE.<\/p>\n<p>Nas elei\u00e7\u00f5es anteriores, isso acontecia em at\u00e9 tr\u00eas dias depois. Os boletins podem ainda ser acessados pelo aplicativo \u201cBU na M\u00e3o\u201d, desenvolvido pela pr\u00f3pria Justi\u00e7a Eleitoral, e dispon\u00edvel gratuitamente para o sistema IOS e Android.<\/p>\n<p><strong>Como fa\u00e7o para acompanhar a apura\u00e7\u00e3o?<\/strong><\/p>\n<p>Isso pode ser feito on-line. Voc\u00ea pode acompanhar a apura\u00e7\u00e3o dos votos pelo aplicativo Resultados (baixe\u00a0<a href=\"https:\/\/apps.apple.com\/br\/app\/resultados\/id1136359313\">na App Store\u00a0<\/a>ou na\u00a0<a href=\"https:\/\/play.google.com\/store\/apps\/details?id=br.jus.tse.resultados\">Google Play<\/a>), que fez o maior sucesso no primeiro turno, ou na\u00a0<a href=\"https:\/\/resultados.tse.jus.br\/oficial\/app\/index.html#\/eleicao;e=e544;uf=al;ufbu=al\/resultados\">vers\u00e3o da ferramenta na internet<\/a>. O aplicativo informa, em tempo real, o andamento da apura\u00e7\u00e3o e quem foi eleito. Tamb\u00e9m \u00e9 poss\u00edvel verificar os \u00edndices de comparecimento e absten\u00e7\u00e3o; a quantidade de votos v\u00e1lidos, em branco e nulos; e o n\u00famero de se\u00e7\u00f5es totalizadas.<\/p>\n<p><strong>Acessibilidade em 2022<\/strong><\/p>\n<p>Pessoas com defici\u00eancia ou mobilidade reduzida podem contar com a ajuda de uma pessoa de sua escolha na hora da vota\u00e7\u00e3o, mesmo que n\u00e3o tenham solicitado antecipadamente \u00e0 ju\u00edza ou ao juiz eleitoral.<\/p>\n<p>A urna tem ainda legenda em Libras para o eleitorado com defici\u00eancia auditiva. Para as pessoas com defici\u00eancia visual, al\u00e9m do sistema Braille e da identifica\u00e7\u00e3o da tecla 5 nos teclados do aparelho, tamb\u00e9m s\u00e3o disponibilizados nas se\u00e7\u00f5es eleitorais fones de ouvido para que eleitores cegos ou com baixa vis\u00e3o recebam sinais sonoros com a indica\u00e7\u00e3o do n\u00famero escolhido e o retorno do nome da candidata ou do candidato em voz sintetizada.<\/p>\n<p>A sintetiza\u00e7\u00e3o de voz, recurso voltado para eleitores com defici\u00eancia visual, foi aprimorada para as elei\u00e7\u00f5es do pr\u00f3ximo ano. Al\u00e9m de melhorias na qualidade geral do \u00e1udio, agora ser\u00e3o falados os nomes de suplentes e vices. E, para maior fidelidade na fala dos nomes dos concorrentes, agora tamb\u00e9m ser\u00e1 poss\u00edvel cadastrar um nome fon\u00e9tico.<\/p>\n<p><strong>Fake news<\/strong><\/p>\n<p>\u00c9 preciso falar desse assunto. Essas elei\u00e7\u00f5es foram marcadas pela desinforma\u00e7\u00e3o, pelas\u00a0<em>fake news<\/em>. Mas, a responsabilidade do envio de mensagens falsas est\u00e1 na m\u00e3o de cada cidad\u00e3 e cidad\u00e3o. T\u00e3o importante quanto saber todas essas orienta\u00e7\u00f5es para votar no segundo turno \u00e9 lembrar que n\u00e3o h\u00e1 espa\u00e7o para\u00a0<em>fake news<\/em>\u00a0numa elei\u00e7\u00e3o.<\/p>\n<p>N\u00e3o compartilhe mensagens se voc\u00ea n\u00e3o tem absoluta certeza de que seja verdade, independentemente de quem tenha mandado. O TSE e v\u00e1rias ag\u00eancias de checagem parceiras v\u00eam desmentindo mensagens e v\u00eddeos com desinforma\u00e7\u00e3o. \u00c9 s\u00f3 dar uma passada, por exemplo, na p\u00e1gina do TSE\u00a0<a href=\"https:\/\/www.justicaeleitoral.jus.br\/fato-ou-boato\/\">\u201cFato ou Boato\u201d<\/a>\u00a0e conferir.<\/p>\n<p><strong>Como justificar?<\/strong><\/p>\n<p>Se, no dia do segundo turno, voc\u00ea estiver fora de seu munic\u00edpio de vota\u00e7\u00e3o, deve justificar a aus\u00eancia \u00e0s urnas. Lembre-se que isso deve ser feito para todos os turnos a que voc\u00ea n\u00e3o comparecer. A justificativa feita no dia da elei\u00e7\u00e3o precisa ocorrer no hor\u00e1rio da vota\u00e7\u00e3o e pode ser solicitada por meio do aplicativo e-T\u00edtulo, ou, excepcionalmente, nos locais de vota\u00e7\u00e3o, com a entrega do Requerimento de Justificativa Eleitoral (RJE). O formul\u00e1rio pode ser baixado inclusive no site do TSE.<\/p>\n<p>Caso o eleitor n\u00e3o consiga justificar o voto no dia da elei\u00e7\u00e3o, ainda \u00e9 poss\u00edvel justificar em at\u00e9 60 dias\u00a0<strong>ap\u00f3s cada turno da vota\u00e7\u00e3o<\/strong>. A justificativa deve ser apresentada at\u00e9 1\u00ba de dezembro de 2022, no caso de aus\u00eancia no primeiro turno, e at\u00e9 9 de janeiro de 2023 para quem se ausentar no segundo turno.<\/p>\n<p>Clique\u00a0<a href=\"https:\/\/www.tse.jus.br\/eleitor\/justificativa-eleitoral\/justificativa-eleitoral\" target=\"_blank\" rel=\"noopener\">aqui<\/a>\u00a0e confira tudo sobre a Justificativa Eleitoral.<\/p>\n<p><strong>Vi propaganda eleitoral irregular e outras fraudes. Como denunciar?<\/strong><\/p>\n<p>Voc\u00ea pode\u00a0<a href=\"https:\/\/www.tse.jus.br\/comunicacao\/noticias\/2022\/Outubro\/aplicativo-pardal-registra-mais-de-40-mil-denuncias-de-irregularidades-nas-eleicoes-2022\">denunciar crimes relativos \u00e0 propaganda eleitoral<\/a>, como compra de votos, uso da m\u00e1quina p\u00fablica, doa\u00e7\u00f5es e gastos irregulares, por meio do aplicativo Pardal. O\u00a0<em>app<\/em>\u00a0\u00e9 gratuito e pode ser encontrado nas lojas virtuais\u00a0<a href=\"https:\/\/apps.apple.com\/br\/app\/pardal\/id1138128680\">Apple Store<\/a>\u00a0e\u00a0<a href=\"https:\/\/play.google.com\/store\/apps\/details?id=br.jus.trees.pardalmobile\">Google Play<\/a>, bem como em\u00a0<a href=\"https:\/\/pardal.tse.jus.br\/pardal-web\/\">formul\u00e1rio web no Portal do Pardal<\/a>.<\/p>\n<p>CidadeMarketing com informa\u00e7\u00f5es do TSE.<\/p>\n<p><iframe style=\"width: 100%; max-width: 660px; overflow: hidden; background: transparent;\" src=\"https:\/\/embed.podcasts.apple.com\/br\/podcast\/podcast-cidademarketing\/id1371923283\" height=\"450\" frameborder=\"0\" sandbox=\"allow-forms allow-popups allow-same-origin allow-scripts allow-storage-access-by-user-activation allow-top-navigation-by-user-activation\"><\/iframe><\/p>\n","protected":false},"excerpt":{"rendered":"<p>Neste domingo (30), quando acontece o segundo turno, mais de 156 milh\u00f5es de eleitoras e eleitores aptos a votar retornam \u00e0s urnas para decidir as Elei\u00e7\u00f5es 2022. \u00c9 hora de escolher quem voc\u00ea quer para presidente da Rep\u00fablica. Em alguns estados tamb\u00e9m tem segundo turno para governador. S\u00e3o eles:\u00a0Alagoas,\u00a0Amazonas,\u00a0Bahia,\u00a0Esp\u00edrito Santo,\u00a0Mato Grosso do Sul,\u00a0Para\u00edba,\u00a0Pernambuco,\u00a0Rio Grande do [&hellip;]<\/p>\n","protected":false},"author":1,"featured_media":39053,"comment_status":"open","ping_status":"open","sticky":false,"template":"","format":"standard","meta":{"tdm_status":"","tdm_grid_status":"","footnotes":""},"categories":[6],"tags":[1034,147,5529,33,1783,28,422],"class_list":["post-39052","post","type-post","status-publish","format-standard","has-post-thumbnail","hentry","category-noticias","tag-bolsonaro","tag-brasil","tag-eleicoes-2022","tag-estrategia","tag-lula","tag-marketing","tag-tse"],"yoast_head":"<!-- This site is optimized with the Yoast SEO plugin v27.5 - https:\/\/yoast.com\/product\/yoast-seo-wordpress\/ -->\n<title>Elei\u00e7\u00f5es 2022: Tudo o que voc\u00ea precisa saber para votar domingo (30\/10) - CidadeMarketing<\/title>\n<meta name=\"robots\" content=\"index, follow, max-snippet:-1, max-image-preview:large, max-video-preview:-1\" \/>\n<link rel=\"canonical\" href=\"https:\/\/www.cidademarketing.com.br\/marketing\/2022\/10\/28\/eleicoes-2022-tudo-o-que-voce-precisa-saber-para-votar-domingo-30-10\/\" \/>\n<meta property=\"og:locale\" content=\"pt_BR\" \/>\n<meta property=\"og:type\" content=\"article\" \/>\n<meta property=\"og:title\" content=\"Elei\u00e7\u00f5es 2022: Tudo o que voc\u00ea precisa saber para votar domingo (30\/10) - CidadeMarketing\" \/>\n<meta property=\"og:description\" content=\"Neste domingo (30), quando acontece o segundo turno, mais de 156 milh\u00f5es de eleitoras e eleitores aptos a votar retornam \u00e0s urnas para decidir as Elei\u00e7\u00f5es 2022. \u00c9 hora de escolher quem voc\u00ea quer para presidente da Rep\u00fablica. Em alguns estados tamb\u00e9m tem segundo turno para governador. S\u00e3o eles:\u00a0Alagoas,\u00a0Amazonas,\u00a0Bahia,\u00a0Esp\u00edrito Santo,\u00a0Mato Grosso do Sul,\u00a0Para\u00edba,\u00a0Pernambuco,\u00a0Rio Grande do [&hellip;]\" \/>\n<meta property=\"og:url\" content=\"https:\/\/www.cidademarketing.com.br\/marketing\/2022\/10\/28\/eleicoes-2022-tudo-o-que-voce-precisa-saber-para-votar-domingo-30-10\/\" \/>\n<meta property=\"og:site_name\" content=\"CidadeMarketing\" \/>\n<meta property=\"article:publisher\" content=\"https:\/\/www.facebook.com\/portalcidademarketing\" \/>\n<meta property=\"article:author\" content=\"https:\/\/www.facebook.com\/thalesbrandao\" \/>\n<meta property=\"article:published_time\" content=\"2022-10-28T17:10:05+00:00\" \/>\n<meta property=\"og:image\" content=\"https:\/\/www.cidademarketing.com.br\/marketing\/wp-content\/uploads\/2022\/10\/tse.jpg\" \/>\n\t<meta property=\"og:image:width\" content=\"2048\" \/>\n\t<meta property=\"og:image:height\" content=\"1365\" \/>\n\t<meta property=\"og:image:type\" content=\"image\/jpeg\" \/>\n<meta name=\"author\" content=\"Thales Brand\u00e3o\" \/>\n<meta name=\"twitter:card\" content=\"summary_large_image\" \/>\n<meta name=\"twitter:creator\" content=\"@http:\/\/www.twitter.com\/thalesbrandao\" \/>\n<meta name=\"twitter:site\" content=\"@CidadeMarketing\" \/>\n<meta name=\"twitter:label1\" content=\"Escrito por\" \/>\n\t<meta name=\"twitter:data1\" content=\"Thales Brand\u00e3o\" \/>\n\t<meta name=\"twitter:label2\" content=\"Est. tempo de leitura\" \/>\n\t<meta name=\"twitter:data2\" content=\"12 minutos\" \/>\n<script type=\"application\/ld+json\" class=\"yoast-schema-graph\">{\"@context\":\"https:\\\/\\\/schema.org\",\"@graph\":[{\"@type\":\"Article\",\"@id\":\"https:\\\/\\\/www.cidademarketing.com.br\\\/marketing\\\/2022\\\/10\\\/28\\\/eleicoes-2022-tudo-o-que-voce-precisa-saber-para-votar-domingo-30-10\\\/#article\",\"isPartOf\":{\"@id\":\"https:\\\/\\\/www.cidademarketing.com.br\\\/marketing\\\/2022\\\/10\\\/28\\\/eleicoes-2022-tudo-o-que-voce-precisa-saber-para-votar-domingo-30-10\\\/\"},\"author\":{\"name\":\"Thales Brand\u00e3o\",\"@id\":\"https:\\\/\\\/www.cidademarketing.com.br\\\/marketing\\\/#\\\/schema\\\/person\\\/02daff9f18bd9378c9e01eb6b2db155f\"},\"headline\":\"Elei\u00e7\u00f5es 2022: Tudo o que voc\u00ea precisa saber para votar domingo (30\\\/10)\",\"datePublished\":\"2022-10-28T17:10:05+00:00\",\"mainEntityOfPage\":{\"@id\":\"https:\\\/\\\/www.cidademarketing.com.br\\\/marketing\\\/2022\\\/10\\\/28\\\/eleicoes-2022-tudo-o-que-voce-precisa-saber-para-votar-domingo-30-10\\\/\"},\"wordCount\":2350,\"commentCount\":0,\"publisher\":{\"@id\":\"https:\\\/\\\/www.cidademarketing.com.br\\\/marketing\\\/#organization\"},\"image\":{\"@id\":\"https:\\\/\\\/www.cidademarketing.com.br\\\/marketing\\\/2022\\\/10\\\/28\\\/eleicoes-2022-tudo-o-que-voce-precisa-saber-para-votar-domingo-30-10\\\/#primaryimage\"},\"thumbnailUrl\":\"https:\\\/\\\/www.cidademarketing.com.br\\\/marketing\\\/wp-content\\\/uploads\\\/2022\\\/10\\\/tse.jpg\",\"keywords\":[\"Bolsonaro\",\"Brasil\",\"elei\u00e7\u00f5es 2022\",\"estrat\u00e9gia\",\"Lula\",\"marketing\",\"TSE\"],\"articleSection\":[\"Not\u00edcias\"],\"inLanguage\":\"pt-BR\",\"potentialAction\":[{\"@type\":\"CommentAction\",\"name\":\"Comment\",\"target\":[\"https:\\\/\\\/www.cidademarketing.com.br\\\/marketing\\\/2022\\\/10\\\/28\\\/eleicoes-2022-tudo-o-que-voce-precisa-saber-para-votar-domingo-30-10\\\/#respond\"]}]},{\"@type\":\"WebPage\",\"@id\":\"https:\\\/\\\/www.cidademarketing.com.br\\\/marketing\\\/2022\\\/10\\\/28\\\/eleicoes-2022-tudo-o-que-voce-precisa-saber-para-votar-domingo-30-10\\\/\",\"url\":\"https:\\\/\\\/www.cidademarketing.com.br\\\/marketing\\\/2022\\\/10\\\/28\\\/eleicoes-2022-tudo-o-que-voce-precisa-saber-para-votar-domingo-30-10\\\/\",\"name\":\"Elei\u00e7\u00f5es 2022: Tudo o que voc\u00ea precisa saber para votar domingo (30\\\/10) - CidadeMarketing\",\"isPartOf\":{\"@id\":\"https:\\\/\\\/www.cidademarketing.com.br\\\/marketing\\\/#website\"},\"primaryImageOfPage\":{\"@id\":\"https:\\\/\\\/www.cidademarketing.com.br\\\/marketing\\\/2022\\\/10\\\/28\\\/eleicoes-2022-tudo-o-que-voce-precisa-saber-para-votar-domingo-30-10\\\/#primaryimage\"},\"image\":{\"@id\":\"https:\\\/\\\/www.cidademarketing.com.br\\\/marketing\\\/2022\\\/10\\\/28\\\/eleicoes-2022-tudo-o-que-voce-precisa-saber-para-votar-domingo-30-10\\\/#primaryimage\"},\"thumbnailUrl\":\"https:\\\/\\\/www.cidademarketing.com.br\\\/marketing\\\/wp-content\\\/uploads\\\/2022\\\/10\\\/tse.jpg\",\"datePublished\":\"2022-10-28T17:10:05+00:00\",\"breadcrumb\":{\"@id\":\"https:\\\/\\\/www.cidademarketing.com.br\\\/marketing\\\/2022\\\/10\\\/28\\\/eleicoes-2022-tudo-o-que-voce-precisa-saber-para-votar-domingo-30-10\\\/#breadcrumb\"},\"inLanguage\":\"pt-BR\",\"potentialAction\":[{\"@type\":\"ReadAction\",\"target\":[\"https:\\\/\\\/www.cidademarketing.com.br\\\/marketing\\\/2022\\\/10\\\/28\\\/eleicoes-2022-tudo-o-que-voce-precisa-saber-para-votar-domingo-30-10\\\/\"]}]},{\"@type\":\"ImageObject\",\"inLanguage\":\"pt-BR\",\"@id\":\"https:\\\/\\\/www.cidademarketing.com.br\\\/marketing\\\/2022\\\/10\\\/28\\\/eleicoes-2022-tudo-o-que-voce-precisa-saber-para-votar-domingo-30-10\\\/#primaryimage\",\"url\":\"https:\\\/\\\/www.cidademarketing.com.br\\\/marketing\\\/wp-content\\\/uploads\\\/2022\\\/10\\\/tse.jpg\",\"contentUrl\":\"https:\\\/\\\/www.cidademarketing.com.br\\\/marketing\\\/wp-content\\\/uploads\\\/2022\\\/10\\\/tse.jpg\",\"width\":2048,\"height\":1365,\"caption\":\"Foto: Alejandro Zambrana\\\/Secom\\\/TSE\"},{\"@type\":\"BreadcrumbList\",\"@id\":\"https:\\\/\\\/www.cidademarketing.com.br\\\/marketing\\\/2022\\\/10\\\/28\\\/eleicoes-2022-tudo-o-que-voce-precisa-saber-para-votar-domingo-30-10\\\/#breadcrumb\",\"itemListElement\":[{\"@type\":\"ListItem\",\"position\":1,\"name\":\"In\u00edcio\",\"item\":\"https:\\\/\\\/www.cidademarketing.com.br\\\/marketing\\\/\"},{\"@type\":\"ListItem\",\"position\":2,\"name\":\"Elei\u00e7\u00f5es 2022: Tudo o que voc\u00ea precisa saber para votar domingo (30\\\/10)\"}]},{\"@type\":\"WebSite\",\"@id\":\"https:\\\/\\\/www.cidademarketing.com.br\\\/marketing\\\/#website\",\"url\":\"https:\\\/\\\/www.cidademarketing.com.br\\\/marketing\\\/\",\"name\":\"CidadeMarketing\",\"description\":\"Somos um ve\u00edculo de comunica\u00e7\u00e3o de destaque no Brasil, reconhecido por conte\u00fados nos segmentos de marketing, empreendedorismo e inova\u00e7\u00e3o.\",\"publisher\":{\"@id\":\"https:\\\/\\\/www.cidademarketing.com.br\\\/marketing\\\/#organization\"},\"alternateName\":\"CidadeMarketing\",\"potentialAction\":[{\"@type\":\"SearchAction\",\"target\":{\"@type\":\"EntryPoint\",\"urlTemplate\":\"https:\\\/\\\/www.cidademarketing.com.br\\\/marketing\\\/?s={search_term_string}\"},\"query-input\":{\"@type\":\"PropertyValueSpecification\",\"valueRequired\":true,\"valueName\":\"search_term_string\"}}],\"inLanguage\":\"pt-BR\"},{\"@type\":\"Organization\",\"@id\":\"https:\\\/\\\/www.cidademarketing.com.br\\\/marketing\\\/#organization\",\"name\":\"CidadeMarketing\",\"alternateName\":\"CidadeMarketing\",\"url\":\"https:\\\/\\\/www.cidademarketing.com.br\\\/marketing\\\/\",\"logo\":{\"@type\":\"ImageObject\",\"inLanguage\":\"pt-BR\",\"@id\":\"https:\\\/\\\/www.cidademarketing.com.br\\\/marketing\\\/#\\\/schema\\\/logo\\\/image\\\/\",\"url\":\"https:\\\/\\\/www.cidademarketing.com.br\\\/marketing\\\/wp-content\\\/uploads\\\/2020\\\/01\\\/cidademarketing_marca_mobile.png\",\"contentUrl\":\"https:\\\/\\\/www.cidademarketing.com.br\\\/marketing\\\/wp-content\\\/uploads\\\/2020\\\/01\\\/cidademarketing_marca_mobile.png\",\"width\":230,\"height\":92,\"caption\":\"CidadeMarketing\"},\"image\":{\"@id\":\"https:\\\/\\\/www.cidademarketing.com.br\\\/marketing\\\/#\\\/schema\\\/logo\\\/image\\\/\"},\"sameAs\":[\"https:\\\/\\\/www.facebook.com\\\/portalcidademarketing\",\"https:\\\/\\\/x.com\\\/CidadeMarketing\",\"https:\\\/\\\/www.instagram.com\\\/cidademarketing\\\/\"]},{\"@type\":\"Person\",\"@id\":\"https:\\\/\\\/www.cidademarketing.com.br\\\/marketing\\\/#\\\/schema\\\/person\\\/02daff9f18bd9378c9e01eb6b2db155f\",\"name\":\"Thales Brand\u00e3o\",\"image\":{\"@type\":\"ImageObject\",\"inLanguage\":\"pt-BR\",\"@id\":\"https:\\\/\\\/secure.gravatar.com\\\/avatar\\\/7ca3206950207cc3cb48feec56a8a7898741ab725c368d99d5d7a5a50aab80c6?s=96&d=mm&r=g\",\"url\":\"https:\\\/\\\/secure.gravatar.com\\\/avatar\\\/7ca3206950207cc3cb48feec56a8a7898741ab725c368d99d5d7a5a50aab80c6?s=96&d=mm&r=g\",\"contentUrl\":\"https:\\\/\\\/secure.gravatar.com\\\/avatar\\\/7ca3206950207cc3cb48feec56a8a7898741ab725c368d99d5d7a5a50aab80c6?s=96&d=mm&r=g\",\"caption\":\"Thales Brand\u00e3o\"},\"description\":\"Editor Executivo do Portal CidadeMarketing.com.br &gt; Mestre em Comunica\u00e7\u00e3o e Sociedade pela Universidade Federal de Sergipe. Possui MBA Executivo em Administra\u00e7\u00e3o com \u00eanfase em Marketing pela Funda\u00e7\u00e3o Get\u00falio Vargas - Rio de Janeiro. Consultor, Palestrante e Pesquisador sobre Empreendedorismo, Marketing, Redes Sociais e Neg\u00f3cios Digitais. Professor, Palestrante TedxTalks e Campus Party. Twitter: @ThalesBrandao\",\"sameAs\":[\"http:\\\/\\\/www.mandacaru.com.br\",\"https:\\\/\\\/www.facebook.com\\\/thalesbrandao\",\"http:\\\/\\\/www.instagram.com.br\\\/thalesbrandaoferreira\",\"https:\\\/\\\/www.linkedin.com\\\/in\\\/thales-brand\u00e3o-3948609\\\/\",\"https:\\\/\\\/x.com\\\/http:\\\/\\\/www.twitter.com\\\/thalesbrandao\"],\"url\":\"https:\\\/\\\/www.cidademarketing.com.br\\\/marketing\\\/author\\\/thalesbrandao\\\/\"}]}<\/script>\n<!-- \/ Yoast SEO plugin. -->","yoast_head_json":{"title":"Elei\u00e7\u00f5es 2022: Tudo o que voc\u00ea precisa saber para votar domingo (30\/10) - CidadeMarketing","robots":{"index":"index","follow":"follow","max-snippet":"max-snippet:-1","max-image-preview":"max-image-preview:large","max-video-preview":"max-video-preview:-1"},"canonical":"https:\/\/www.cidademarketing.com.br\/marketing\/2022\/10\/28\/eleicoes-2022-tudo-o-que-voce-precisa-saber-para-votar-domingo-30-10\/","og_locale":"pt_BR","og_type":"article","og_title":"Elei\u00e7\u00f5es 2022: Tudo o que voc\u00ea precisa saber para votar domingo (30\/10) - CidadeMarketing","og_description":"Neste domingo (30), quando acontece o segundo turno, mais de 156 milh\u00f5es de eleitoras e eleitores aptos a votar retornam \u00e0s urnas para decidir as Elei\u00e7\u00f5es 2022. \u00c9 hora de escolher quem voc\u00ea quer para presidente da Rep\u00fablica. Em alguns estados tamb\u00e9m tem segundo turno para governador. S\u00e3o eles:\u00a0Alagoas,\u00a0Amazonas,\u00a0Bahia,\u00a0Esp\u00edrito Santo,\u00a0Mato Grosso do Sul,\u00a0Para\u00edba,\u00a0Pernambuco,\u00a0Rio Grande do [&hellip;]","og_url":"https:\/\/www.cidademarketing.com.br\/marketing\/2022\/10\/28\/eleicoes-2022-tudo-o-que-voce-precisa-saber-para-votar-domingo-30-10\/","og_site_name":"CidadeMarketing","article_publisher":"https:\/\/www.facebook.com\/portalcidademarketing","article_author":"https:\/\/www.facebook.com\/thalesbrandao","article_published_time":"2022-10-28T17:10:05+00:00","og_image":[{"width":2048,"height":1365,"url":"https:\/\/www.cidademarketing.com.br\/marketing\/wp-content\/uploads\/2022\/10\/tse.jpg","type":"image\/jpeg"}],"author":"Thales Brand\u00e3o","twitter_card":"summary_large_image","twitter_creator":"@http:\/\/www.twitter.com\/thalesbrandao","twitter_site":"@CidadeMarketing","twitter_misc":{"Escrito por":"Thales Brand\u00e3o","Est. tempo de leitura":"12 minutos"},"schema":{"@context":"https:\/\/schema.org","@graph":[{"@type":"Article","@id":"https:\/\/www.cidademarketing.com.br\/marketing\/2022\/10\/28\/eleicoes-2022-tudo-o-que-voce-precisa-saber-para-votar-domingo-30-10\/#article","isPartOf":{"@id":"https:\/\/www.cidademarketing.com.br\/marketing\/2022\/10\/28\/eleicoes-2022-tudo-o-que-voce-precisa-saber-para-votar-domingo-30-10\/"},"author":{"name":"Thales Brand\u00e3o","@id":"https:\/\/www.cidademarketing.com.br\/marketing\/#\/schema\/person\/02daff9f18bd9378c9e01eb6b2db155f"},"headline":"Elei\u00e7\u00f5es 2022: Tudo o que voc\u00ea precisa saber para votar domingo (30\/10)","datePublished":"2022-10-28T17:10:05+00:00","mainEntityOfPage":{"@id":"https:\/\/www.cidademarketing.com.br\/marketing\/2022\/10\/28\/eleicoes-2022-tudo-o-que-voce-precisa-saber-para-votar-domingo-30-10\/"},"wordCount":2350,"commentCount":0,"publisher":{"@id":"https:\/\/www.cidademarketing.com.br\/marketing\/#organization"},"image":{"@id":"https:\/\/www.cidademarketing.com.br\/marketing\/2022\/10\/28\/eleicoes-2022-tudo-o-que-voce-precisa-saber-para-votar-domingo-30-10\/#primaryimage"},"thumbnailUrl":"https:\/\/www.cidademarketing.com.br\/marketing\/wp-content\/uploads\/2022\/10\/tse.jpg","keywords":["Bolsonaro","Brasil","elei\u00e7\u00f5es 2022","estrat\u00e9gia","Lula","marketing","TSE"],"articleSection":["Not\u00edcias"],"inLanguage":"pt-BR","potentialAction":[{"@type":"CommentAction","name":"Comment","target":["https:\/\/www.cidademarketing.com.br\/marketing\/2022\/10\/28\/eleicoes-2022-tudo-o-que-voce-precisa-saber-para-votar-domingo-30-10\/#respond"]}]},{"@type":"WebPage","@id":"https:\/\/www.cidademarketing.com.br\/marketing\/2022\/10\/28\/eleicoes-2022-tudo-o-que-voce-precisa-saber-para-votar-domingo-30-10\/","url":"https:\/\/www.cidademarketing.com.br\/marketing\/2022\/10\/28\/eleicoes-2022-tudo-o-que-voce-precisa-saber-para-votar-domingo-30-10\/","name":"Elei\u00e7\u00f5es 2022: Tudo o que voc\u00ea precisa saber para votar domingo (30\/10) - CidadeMarketing","isPartOf":{"@id":"https:\/\/www.cidademarketing.com.br\/marketing\/#website"},"primaryImageOfPage":{"@id":"https:\/\/www.cidademarketing.com.br\/marketing\/2022\/10\/28\/eleicoes-2022-tudo-o-que-voce-precisa-saber-para-votar-domingo-30-10\/#primaryimage"},"image":{"@id":"https:\/\/www.cidademarketing.com.br\/marketing\/2022\/10\/28\/eleicoes-2022-tudo-o-que-voce-precisa-saber-para-votar-domingo-30-10\/#primaryimage"},"thumbnailUrl":"https:\/\/www.cidademarketing.com.br\/marketing\/wp-content\/uploads\/2022\/10\/tse.jpg","datePublished":"2022-10-28T17:10:05+00:00","breadcrumb":{"@id":"https:\/\/www.cidademarketing.com.br\/marketing\/2022\/10\/28\/eleicoes-2022-tudo-o-que-voce-precisa-saber-para-votar-domingo-30-10\/#breadcrumb"},"inLanguage":"pt-BR","potentialAction":[{"@type":"ReadAction","target":["https:\/\/www.cidademarketing.com.br\/marketing\/2022\/10\/28\/eleicoes-2022-tudo-o-que-voce-precisa-saber-para-votar-domingo-30-10\/"]}]},{"@type":"ImageObject","inLanguage":"pt-BR","@id":"https:\/\/www.cidademarketing.com.br\/marketing\/2022\/10\/28\/eleicoes-2022-tudo-o-que-voce-precisa-saber-para-votar-domingo-30-10\/#primaryimage","url":"https:\/\/www.cidademarketing.com.br\/marketing\/wp-content\/uploads\/2022\/10\/tse.jpg","contentUrl":"https:\/\/www.cidademarketing.com.br\/marketing\/wp-content\/uploads\/2022\/10\/tse.jpg","width":2048,"height":1365,"caption":"Foto: Alejandro Zambrana\/Secom\/TSE"},{"@type":"BreadcrumbList","@id":"https:\/\/www.cidademarketing.com.br\/marketing\/2022\/10\/28\/eleicoes-2022-tudo-o-que-voce-precisa-saber-para-votar-domingo-30-10\/#breadcrumb","itemListElement":[{"@type":"ListItem","position":1,"name":"In\u00edcio","item":"https:\/\/www.cidademarketing.com.br\/marketing\/"},{"@type":"ListItem","position":2,"name":"Elei\u00e7\u00f5es 2022: Tudo o que voc\u00ea precisa saber para votar domingo (30\/10)"}]},{"@type":"WebSite","@id":"https:\/\/www.cidademarketing.com.br\/marketing\/#website","url":"https:\/\/www.cidademarketing.com.br\/marketing\/","name":"CidadeMarketing","description":"Somos um ve\u00edculo de comunica\u00e7\u00e3o de destaque no Brasil, reconhecido por conte\u00fados nos segmentos de marketing, empreendedorismo e inova\u00e7\u00e3o.","publisher":{"@id":"https:\/\/www.cidademarketing.com.br\/marketing\/#organization"},"alternateName":"CidadeMarketing","potentialAction":[{"@type":"SearchAction","target":{"@type":"EntryPoint","urlTemplate":"https:\/\/www.cidademarketing.com.br\/marketing\/?s={search_term_string}"},"query-input":{"@type":"PropertyValueSpecification","valueRequired":true,"valueName":"search_term_string"}}],"inLanguage":"pt-BR"},{"@type":"Organization","@id":"https:\/\/www.cidademarketing.com.br\/marketing\/#organization","name":"CidadeMarketing","alternateName":"CidadeMarketing","url":"https:\/\/www.cidademarketing.com.br\/marketing\/","logo":{"@type":"ImageObject","inLanguage":"pt-BR","@id":"https:\/\/www.cidademarketing.com.br\/marketing\/#\/schema\/logo\/image\/","url":"https:\/\/www.cidademarketing.com.br\/marketing\/wp-content\/uploads\/2020\/01\/cidademarketing_marca_mobile.png","contentUrl":"https:\/\/www.cidademarketing.com.br\/marketing\/wp-content\/uploads\/2020\/01\/cidademarketing_marca_mobile.png","width":230,"height":92,"caption":"CidadeMarketing"},"image":{"@id":"https:\/\/www.cidademarketing.com.br\/marketing\/#\/schema\/logo\/image\/"},"sameAs":["https:\/\/www.facebook.com\/portalcidademarketing","https:\/\/x.com\/CidadeMarketing","https:\/\/www.instagram.com\/cidademarketing\/"]},{"@type":"Person","@id":"https:\/\/www.cidademarketing.com.br\/marketing\/#\/schema\/person\/02daff9f18bd9378c9e01eb6b2db155f","name":"Thales Brand\u00e3o","image":{"@type":"ImageObject","inLanguage":"pt-BR","@id":"https:\/\/secure.gravatar.com\/avatar\/7ca3206950207cc3cb48feec56a8a7898741ab725c368d99d5d7a5a50aab80c6?s=96&d=mm&r=g","url":"https:\/\/secure.gravatar.com\/avatar\/7ca3206950207cc3cb48feec56a8a7898741ab725c368d99d5d7a5a50aab80c6?s=96&d=mm&r=g","contentUrl":"https:\/\/secure.gravatar.com\/avatar\/7ca3206950207cc3cb48feec56a8a7898741ab725c368d99d5d7a5a50aab80c6?s=96&d=mm&r=g","caption":"Thales Brand\u00e3o"},"description":"Editor Executivo do Portal CidadeMarketing.com.br &gt; Mestre em Comunica\u00e7\u00e3o e Sociedade pela Universidade Federal de Sergipe. Possui MBA Executivo em Administra\u00e7\u00e3o com \u00eanfase em Marketing pela Funda\u00e7\u00e3o Get\u00falio Vargas - Rio de Janeiro. Consultor, Palestrante e Pesquisador sobre Empreendedorismo, Marketing, Redes Sociais e Neg\u00f3cios Digitais. Professor, Palestrante TedxTalks e Campus Party. Twitter: @ThalesBrandao","sameAs":["http:\/\/www.mandacaru.com.br","https:\/\/www.facebook.com\/thalesbrandao","http:\/\/www.instagram.com.br\/thalesbrandaoferreira","https:\/\/www.linkedin.com\/in\/thales-brand\u00e3o-3948609\/","https:\/\/x.com\/http:\/\/www.twitter.com\/thalesbrandao"],"url":"https:\/\/www.cidademarketing.com.br\/marketing\/author\/thalesbrandao\/"}]}},"amp_enabled":true,"_links":{"self":[{"href":"https:\/\/www.cidademarketing.com.br\/marketing\/wp-json\/wp\/v2\/posts\/39052","targetHints":{"allow":["GET"]}}],"collection":[{"href":"https:\/\/www.cidademarketing.com.br\/marketing\/wp-json\/wp\/v2\/posts"}],"about":[{"href":"https:\/\/www.cidademarketing.com.br\/marketing\/wp-json\/wp\/v2\/types\/post"}],"author":[{"embeddable":true,"href":"https:\/\/www.cidademarketing.com.br\/marketing\/wp-json\/wp\/v2\/users\/1"}],"replies":[{"embeddable":true,"href":"https:\/\/www.cidademarketing.com.br\/marketing\/wp-json\/wp\/v2\/comments?post=39052"}],"version-history":[{"count":1,"href":"https:\/\/www.cidademarketing.com.br\/marketing\/wp-json\/wp\/v2\/posts\/39052\/revisions"}],"predecessor-version":[{"id":39054,"href":"https:\/\/www.cidademarketing.com.br\/marketing\/wp-json\/wp\/v2\/posts\/39052\/revisions\/39054"}],"wp:featuredmedia":[{"embeddable":true,"href":"https:\/\/www.cidademarketing.com.br\/marketing\/wp-json\/wp\/v2\/media\/39053"}],"wp:attachment":[{"href":"https:\/\/www.cidademarketing.com.br\/marketing\/wp-json\/wp\/v2\/media?parent=39052"}],"wp:term":[{"taxonomy":"category","embeddable":true,"href":"https:\/\/www.cidademarketing.com.br\/marketing\/wp-json\/wp\/v2\/categories?post=39052"},{"taxonomy":"post_tag","embeddable":true,"href":"https:\/\/www.cidademarketing.com.br\/marketing\/wp-json\/wp\/v2\/tags?post=39052"}],"curies":[{"name":"wp","href":"https:\/\/api.w.org\/{rel}","templated":true}]}}