{"id":39025,"date":"2022-10-27T15:27:35","date_gmt":"2022-10-27T18:27:35","guid":{"rendered":"https:\/\/www.cidademarketing.com.br\/marketing\/?p=39025"},"modified":"2022-10-27T22:29:07","modified_gmt":"2022-10-28T01:29:07","slug":"um-teste-o-globo-pede-desculpas-pelos-erros-na-exibicao-de-ambiente-de-apuracao-do-segundo-turno","status":"publish","type":"post","link":"https:\/\/www.cidademarketing.com.br\/marketing\/2022\/10\/27\/um-teste-o-globo-pede-desculpas-pelos-erros-na-exibicao-de-ambiente-de-apuracao-do-segundo-turno\/","title":{"rendered":"Um teste: O GLOBO pede desculpas pelos erros na exibi\u00e7\u00e3o de ambiente de apura\u00e7\u00e3o do segundo turno"},"content":{"rendered":"<p><iframe style=\"border-radius: 12px;\" src=\"https:\/\/open.spotify.com\/embed\/show\/4khMKzP3FgFRWVwb73xicc?utm_source=generator\" width=\"100%\" height=\"352\" frameborder=\"0\" allowfullscreen=\"allowfullscreen\"><\/iframe><\/p>\n<p>Internautas divulgaram hoje, 27\/10, pelas redes sociais e WhatsApp imagens do site do ve\u00edculo O Globo com um resultado eleitoral que apontava o presidente Lula como eleito no segundo turno. O fato gerou uma grande repercuss\u00e3o entre os apoiadores do candidato Bolsonaro.<\/p>\n<p>Em nota, O GLOBO relatou que o fato \u00e9 relacionado a um teste e que os dados n\u00e3o foram retirados do sistema do TSE. Confira o comunicado completo:<\/p>\n<p><em>&#8220;Perfis publicaram nas redes sociais nesta quinta-feira (27\/10) o link dos mapas de apura\u00e7\u00e3o do GLOBO para as elei\u00e7\u00f5es a presidente e governador no segundo turno. O infogr\u00e1fico exibia todos os candidatos que disputam o pleito com n\u00famero de votos, percentuais e a chancela de &#8220;Eleito&#8221; para os primeiros colocados. Os dados apresentados n\u00e3o s\u00e3o reais, obviamente, uma vez que as elei\u00e7\u00f5es s\u00f3 ocorrem no pr\u00f3ximo domingo, mas, sim, fruto de um teste.<\/em><\/p>\n<p><em>O GLOBO, assim como fazem diversos ve\u00edculos de comunica\u00e7\u00e3o, realizou testes em seu ambiente de apura\u00e7\u00e3o como faz em todas as elei\u00e7\u00f5es com dados hipot\u00e9ticos. N\u00e3o houve capta\u00e7\u00e3o de qualquer informa\u00e7\u00e3o da base de dados do TSE.<\/em><\/p>\n<div class=\"mc-column content-text active-extra-styles \" data-block-type=\"unstyled\" data-block-weight=\"33\" data-block-id=\"3\">\n<p class=\"content-text__container \" data-track-category=\"Link no Texto\" data-track-links=\"\"><em>Os n\u00fameros que foram ao ar na manh\u00e3 desta quinta-feira apresentavam resultados hipot\u00e9ticos para candidatos de todos os campos pol\u00edticos, tanto na disputa presidencial quanto nos 12 estados em que haver\u00e1 segundo turno.<\/em><\/p>\n<\/div>\n<div class=\"mc-column content-text active-extra-styles \" data-block-type=\"unstyled\" data-block-weight=\"47\" data-block-id=\"4\">\n<p class=\"content-text__container \" data-track-category=\"Link no Texto\" data-track-links=\"\"><em>Os dados mostravam Lula \u00e0 frente de Bolsonaro na disputa presidencial. O mesmo ocorreu com correligion\u00e1rios do presidente, como Onyx Lorenzoni (PL), que apareceu \u00e0 frente de Eduardo Leite (PSDB) no Rio Grande do Sul, e Marcos Rog\u00e9rio (PL), \u00e0 frente de Marcos Rocha (Uni\u00e3o) em Rond\u00f4nia.<\/em><\/p>\n<\/div>\n<div class=\"mc-column content-text active-extra-styles \" data-block-type=\"unstyled\" data-block-weight=\"39\" data-block-id=\"5\">\n<p class=\"content-text__container \" data-track-category=\"Link no Texto\" data-track-links=\"\"><em>Perfis bolsonaristas publicaram o resultado dos testes em redes sociais na manh\u00e3 desta quinta-feira e questionaram como o jornal teria tido acesso a resultados com anteced\u00eancia. O GLOBO reafirma que trata-se de dados hipot\u00e9ticos exibidos por erro no sistema.<\/em><\/p>\n<\/div>\n<div class=\"mc-column content-text active-extra-styles \" data-block-type=\"unstyled\" data-block-weight=\"53\" data-block-id=\"6\">\n<p class=\"content-text__container \" data-track-category=\"Link no Texto\" data-track-links=\"\"><em>Para facilitar o acesso do leitor \u00e0s informa\u00e7\u00f5es, O GLOBO, como outros ve\u00edculos de imprensa, desenvolveu uma plataforma especial, com desenho, apresenta\u00e7\u00e3o e mecanismo de busca pr\u00f3prios, o que implica em desenvolvimento e programa\u00e7\u00e3o do sistema. O sistema do GLOBO n\u00e3o interfere na contagem de votos do TSE e portanto em seus resultados.<\/em><\/p>\n<\/div>\n<div class=\"mc-column content-text active-extra-styles \" data-block-type=\"unstyled\" data-block-weight=\"56\" data-block-id=\"7\">\n<p class=\"content-text__container \" data-track-category=\"Link no Texto\" data-track-links=\"\"><em>Antes das elei\u00e7\u00f5es, no entanto, a \u00e1rea de tecnologia do jornal precisa realizar testes que assegurem que o sistema funcione a contento no dia da elei\u00e7\u00e3o. Para isso, dados s\u00e3o inseridos para verificar se o sistema est\u00e1 funcionando. No entanto, eles n\u00e3o deveriam ser exibidos publicamente, o que, infelizmente, ocorreu. O GLOBO pede desculpas pelo erro.&#8221;<\/em><\/p>\n<\/div>\n<p><iframe style=\"width: 100%; max-width: 660px; overflow: hidden; background: transparent;\" src=\"https:\/\/embed.podcasts.apple.com\/br\/podcast\/podcast-cidademarketing\/id1371923283\" height=\"450\" frameborder=\"0\" sandbox=\"allow-forms allow-popups allow-same-origin allow-scripts allow-storage-access-by-user-activation allow-top-navigation-by-user-activation\"><\/iframe><\/p>\n","protected":false},"excerpt":{"rendered":"<p>Internautas divulgaram hoje, 27\/10, pelas redes sociais e WhatsApp imagens do site do ve\u00edculo O Globo com um resultado eleitoral que apontava o presidente Lula como eleito no segundo turno. O fato gerou uma grande repercuss\u00e3o entre os apoiadores do candidato Bolsonaro. Em nota, O GLOBO relatou que o fato \u00e9 relacionado a um teste [&hellip;]<\/p>\n","protected":false},"author":1,"featured_media":39026,"comment_status":"open","ping_status":"open","sticky":false,"template":"","format":"standard","meta":{"tdm_status":"","tdm_grid_status":"","footnotes":""},"categories":[6],"tags":[1034,33,1783,28,2756,185,422],"class_list":["post-39025","post","type-post","status-publish","format-standard","has-post-thumbnail","hentry","category-noticias","tag-bolsonaro","tag-estrategia","tag-lula","tag-marketing","tag-o-globo","tag-tecnologia","tag-tse"],"yoast_head":"<!-- This site is optimized with the Yoast SEO plugin v27.5 - https:\/\/yoast.com\/product\/yoast-seo-wordpress\/ -->\n<title>Um teste: O GLOBO pede desculpas pelos erros na exibi\u00e7\u00e3o de ambiente de apura\u00e7\u00e3o do segundo turno - CidadeMarketing<\/title>\n<meta name=\"robots\" content=\"index, follow, max-snippet:-1, max-image-preview:large, max-video-preview:-1\" \/>\n<link rel=\"canonical\" href=\"https:\/\/www.cidademarketing.com.br\/marketing\/2022\/10\/27\/um-teste-o-globo-pede-desculpas-pelos-erros-na-exibicao-de-ambiente-de-apuracao-do-segundo-turno\/\" \/>\n<meta property=\"og:locale\" content=\"pt_BR\" \/>\n<meta property=\"og:type\" content=\"article\" \/>\n<meta property=\"og:title\" content=\"Um teste: O GLOBO pede desculpas pelos erros na exibi\u00e7\u00e3o de ambiente de apura\u00e7\u00e3o do segundo turno - CidadeMarketing\" \/>\n<meta property=\"og:description\" content=\"Internautas divulgaram hoje, 27\/10, pelas redes sociais e WhatsApp imagens do site do ve\u00edculo O Globo com um resultado eleitoral que apontava o presidente Lula como eleito no segundo turno. O fato gerou uma grande repercuss\u00e3o entre os apoiadores do candidato Bolsonaro. Em nota, O GLOBO relatou que o fato \u00e9 relacionado a um teste [&hellip;]\" \/>\n<meta property=\"og:url\" content=\"https:\/\/www.cidademarketing.com.br\/marketing\/2022\/10\/27\/um-teste-o-globo-pede-desculpas-pelos-erros-na-exibicao-de-ambiente-de-apuracao-do-segundo-turno\/\" \/>\n<meta property=\"og:site_name\" content=\"CidadeMarketing\" \/>\n<meta property=\"article:publisher\" content=\"https:\/\/www.facebook.com\/portalcidademarketing\" \/>\n<meta property=\"article:author\" content=\"https:\/\/www.facebook.com\/thalesbrandao\" \/>\n<meta property=\"article:published_time\" content=\"2022-10-27T18:27:35+00:00\" \/>\n<meta property=\"article:modified_time\" content=\"2022-10-28T01:29:07+00:00\" \/>\n<meta property=\"og:image\" content=\"https:\/\/www.cidademarketing.com.br\/marketing\/wp-content\/uploads\/2022\/10\/lula_eleito_segundoturno_oglobo.jpg\" \/>\n\t<meta property=\"og:image:width\" content=\"491\" \/>\n\t<meta property=\"og:image:height\" content=\"698\" \/>\n\t<meta property=\"og:image:type\" content=\"image\/jpeg\" \/>\n<meta name=\"author\" content=\"Thales Brand\u00e3o\" \/>\n<meta name=\"twitter:card\" content=\"summary_large_image\" \/>\n<meta name=\"twitter:creator\" content=\"@http:\/\/www.twitter.com\/thalesbrandao\" \/>\n<meta name=\"twitter:site\" content=\"@CidadeMarketing\" \/>\n<meta name=\"twitter:label1\" content=\"Escrito por\" \/>\n\t<meta name=\"twitter:data1\" content=\"Thales Brand\u00e3o\" \/>\n\t<meta name=\"twitter:label2\" content=\"Est. tempo de leitura\" \/>\n\t<meta name=\"twitter:data2\" content=\"2 minutos\" \/>\n<script type=\"application\/ld+json\" class=\"yoast-schema-graph\">{\"@context\":\"https:\\\/\\\/schema.org\",\"@graph\":[{\"@type\":\"Article\",\"@id\":\"https:\\\/\\\/www.cidademarketing.com.br\\\/marketing\\\/2022\\\/10\\\/27\\\/um-teste-o-globo-pede-desculpas-pelos-erros-na-exibicao-de-ambiente-de-apuracao-do-segundo-turno\\\/#article\",\"isPartOf\":{\"@id\":\"https:\\\/\\\/www.cidademarketing.com.br\\\/marketing\\\/2022\\\/10\\\/27\\\/um-teste-o-globo-pede-desculpas-pelos-erros-na-exibicao-de-ambiente-de-apuracao-do-segundo-turno\\\/\"},\"author\":{\"name\":\"Thales Brand\u00e3o\",\"@id\":\"https:\\\/\\\/www.cidademarketing.com.br\\\/marketing\\\/#\\\/schema\\\/person\\\/02daff9f18bd9378c9e01eb6b2db155f\"},\"headline\":\"Um teste: O GLOBO pede desculpas pelos erros na exibi\u00e7\u00e3o de ambiente de apura\u00e7\u00e3o do segundo turno\",\"datePublished\":\"2022-10-27T18:27:35+00:00\",\"dateModified\":\"2022-10-28T01:29:07+00:00\",\"mainEntityOfPage\":{\"@id\":\"https:\\\/\\\/www.cidademarketing.com.br\\\/marketing\\\/2022\\\/10\\\/27\\\/um-teste-o-globo-pede-desculpas-pelos-erros-na-exibicao-de-ambiente-de-apuracao-do-segundo-turno\\\/\"},\"wordCount\":458,\"commentCount\":0,\"publisher\":{\"@id\":\"https:\\\/\\\/www.cidademarketing.com.br\\\/marketing\\\/#organization\"},\"image\":{\"@id\":\"https:\\\/\\\/www.cidademarketing.com.br\\\/marketing\\\/2022\\\/10\\\/27\\\/um-teste-o-globo-pede-desculpas-pelos-erros-na-exibicao-de-ambiente-de-apuracao-do-segundo-turno\\\/#primaryimage\"},\"thumbnailUrl\":\"https:\\\/\\\/www.cidademarketing.com.br\\\/marketing\\\/wp-content\\\/uploads\\\/2022\\\/10\\\/lula_eleito_segundoturno_oglobo.jpg\",\"keywords\":[\"Bolsonaro\",\"estrat\u00e9gia\",\"Lula\",\"marketing\",\"O Globo\",\"tecnologia\",\"TSE\"],\"articleSection\":[\"Not\u00edcias\"],\"inLanguage\":\"pt-BR\",\"potentialAction\":[{\"@type\":\"CommentAction\",\"name\":\"Comment\",\"target\":[\"https:\\\/\\\/www.cidademarketing.com.br\\\/marketing\\\/2022\\\/10\\\/27\\\/um-teste-o-globo-pede-desculpas-pelos-erros-na-exibicao-de-ambiente-de-apuracao-do-segundo-turno\\\/#respond\"]}]},{\"@type\":\"WebPage\",\"@id\":\"https:\\\/\\\/www.cidademarketing.com.br\\\/marketing\\\/2022\\\/10\\\/27\\\/um-teste-o-globo-pede-desculpas-pelos-erros-na-exibicao-de-ambiente-de-apuracao-do-segundo-turno\\\/\",\"url\":\"https:\\\/\\\/www.cidademarketing.com.br\\\/marketing\\\/2022\\\/10\\\/27\\\/um-teste-o-globo-pede-desculpas-pelos-erros-na-exibicao-de-ambiente-de-apuracao-do-segundo-turno\\\/\",\"name\":\"Um teste: O GLOBO pede desculpas pelos erros na exibi\u00e7\u00e3o de ambiente de apura\u00e7\u00e3o do segundo turno - CidadeMarketing\",\"isPartOf\":{\"@id\":\"https:\\\/\\\/www.cidademarketing.com.br\\\/marketing\\\/#website\"},\"primaryImageOfPage\":{\"@id\":\"https:\\\/\\\/www.cidademarketing.com.br\\\/marketing\\\/2022\\\/10\\\/27\\\/um-teste-o-globo-pede-desculpas-pelos-erros-na-exibicao-de-ambiente-de-apuracao-do-segundo-turno\\\/#primaryimage\"},\"image\":{\"@id\":\"https:\\\/\\\/www.cidademarketing.com.br\\\/marketing\\\/2022\\\/10\\\/27\\\/um-teste-o-globo-pede-desculpas-pelos-erros-na-exibicao-de-ambiente-de-apuracao-do-segundo-turno\\\/#primaryimage\"},\"thumbnailUrl\":\"https:\\\/\\\/www.cidademarketing.com.br\\\/marketing\\\/wp-content\\\/uploads\\\/2022\\\/10\\\/lula_eleito_segundoturno_oglobo.jpg\",\"datePublished\":\"2022-10-27T18:27:35+00:00\",\"dateModified\":\"2022-10-28T01:29:07+00:00\",\"breadcrumb\":{\"@id\":\"https:\\\/\\\/www.cidademarketing.com.br\\\/marketing\\\/2022\\\/10\\\/27\\\/um-teste-o-globo-pede-desculpas-pelos-erros-na-exibicao-de-ambiente-de-apuracao-do-segundo-turno\\\/#breadcrumb\"},\"inLanguage\":\"pt-BR\",\"potentialAction\":[{\"@type\":\"ReadAction\",\"target\":[\"https:\\\/\\\/www.cidademarketing.com.br\\\/marketing\\\/2022\\\/10\\\/27\\\/um-teste-o-globo-pede-desculpas-pelos-erros-na-exibicao-de-ambiente-de-apuracao-do-segundo-turno\\\/\"]}]},{\"@type\":\"ImageObject\",\"inLanguage\":\"pt-BR\",\"@id\":\"https:\\\/\\\/www.cidademarketing.com.br\\\/marketing\\\/2022\\\/10\\\/27\\\/um-teste-o-globo-pede-desculpas-pelos-erros-na-exibicao-de-ambiente-de-apuracao-do-segundo-turno\\\/#primaryimage\",\"url\":\"https:\\\/\\\/www.cidademarketing.com.br\\\/marketing\\\/wp-content\\\/uploads\\\/2022\\\/10\\\/lula_eleito_segundoturno_oglobo.jpg\",\"contentUrl\":\"https:\\\/\\\/www.cidademarketing.com.br\\\/marketing\\\/wp-content\\\/uploads\\\/2022\\\/10\\\/lula_eleito_segundoturno_oglobo.jpg\",\"width\":491,\"height\":698,\"caption\":\"Reprodu\u00e7\u00e3o\\\/O Globo\"},{\"@type\":\"BreadcrumbList\",\"@id\":\"https:\\\/\\\/www.cidademarketing.com.br\\\/marketing\\\/2022\\\/10\\\/27\\\/um-teste-o-globo-pede-desculpas-pelos-erros-na-exibicao-de-ambiente-de-apuracao-do-segundo-turno\\\/#breadcrumb\",\"itemListElement\":[{\"@type\":\"ListItem\",\"position\":1,\"name\":\"In\u00edcio\",\"item\":\"https:\\\/\\\/www.cidademarketing.com.br\\\/marketing\\\/\"},{\"@type\":\"ListItem\",\"position\":2,\"name\":\"Um teste: O GLOBO pede desculpas pelos erros na exibi\u00e7\u00e3o de ambiente de apura\u00e7\u00e3o do segundo turno\"}]},{\"@type\":\"WebSite\",\"@id\":\"https:\\\/\\\/www.cidademarketing.com.br\\\/marketing\\\/#website\",\"url\":\"https:\\\/\\\/www.cidademarketing.com.br\\\/marketing\\\/\",\"name\":\"CidadeMarketing\",\"description\":\"Somos um ve\u00edculo de comunica\u00e7\u00e3o de destaque no Brasil, reconhecido por conte\u00fados nos segmentos de marketing, empreendedorismo e inova\u00e7\u00e3o.\",\"publisher\":{\"@id\":\"https:\\\/\\\/www.cidademarketing.com.br\\\/marketing\\\/#organization\"},\"alternateName\":\"CidadeMarketing\",\"potentialAction\":[{\"@type\":\"SearchAction\",\"target\":{\"@type\":\"EntryPoint\",\"urlTemplate\":\"https:\\\/\\\/www.cidademarketing.com.br\\\/marketing\\\/?s={search_term_string}\"},\"query-input\":{\"@type\":\"PropertyValueSpecification\",\"valueRequired\":true,\"valueName\":\"search_term_string\"}}],\"inLanguage\":\"pt-BR\"},{\"@type\":\"Organization\",\"@id\":\"https:\\\/\\\/www.cidademarketing.com.br\\\/marketing\\\/#organization\",\"name\":\"CidadeMarketing\",\"alternateName\":\"CidadeMarketing\",\"url\":\"https:\\\/\\\/www.cidademarketing.com.br\\\/marketing\\\/\",\"logo\":{\"@type\":\"ImageObject\",\"inLanguage\":\"pt-BR\",\"@id\":\"https:\\\/\\\/www.cidademarketing.com.br\\\/marketing\\\/#\\\/schema\\\/logo\\\/image\\\/\",\"url\":\"https:\\\/\\\/www.cidademarketing.com.br\\\/marketing\\\/wp-content\\\/uploads\\\/2020\\\/01\\\/cidademarketing_marca_mobile.png\",\"contentUrl\":\"https:\\\/\\\/www.cidademarketing.com.br\\\/marketing\\\/wp-content\\\/uploads\\\/2020\\\/01\\\/cidademarketing_marca_mobile.png\",\"width\":230,\"height\":92,\"caption\":\"CidadeMarketing\"},\"image\":{\"@id\":\"https:\\\/\\\/www.cidademarketing.com.br\\\/marketing\\\/#\\\/schema\\\/logo\\\/image\\\/\"},\"sameAs\":[\"https:\\\/\\\/www.facebook.com\\\/portalcidademarketing\",\"https:\\\/\\\/x.com\\\/CidadeMarketing\",\"https:\\\/\\\/www.instagram.com\\\/cidademarketing\\\/\"]},{\"@type\":\"Person\",\"@id\":\"https:\\\/\\\/www.cidademarketing.com.br\\\/marketing\\\/#\\\/schema\\\/person\\\/02daff9f18bd9378c9e01eb6b2db155f\",\"name\":\"Thales Brand\u00e3o\",\"image\":{\"@type\":\"ImageObject\",\"inLanguage\":\"pt-BR\",\"@id\":\"https:\\\/\\\/secure.gravatar.com\\\/avatar\\\/7ca3206950207cc3cb48feec56a8a7898741ab725c368d99d5d7a5a50aab80c6?s=96&d=mm&r=g\",\"url\":\"https:\\\/\\\/secure.gravatar.com\\\/avatar\\\/7ca3206950207cc3cb48feec56a8a7898741ab725c368d99d5d7a5a50aab80c6?s=96&d=mm&r=g\",\"contentUrl\":\"https:\\\/\\\/secure.gravatar.com\\\/avatar\\\/7ca3206950207cc3cb48feec56a8a7898741ab725c368d99d5d7a5a50aab80c6?s=96&d=mm&r=g\",\"caption\":\"Thales Brand\u00e3o\"},\"description\":\"Editor Executivo do Portal CidadeMarketing.com.br &gt; Mestre em Comunica\u00e7\u00e3o e Sociedade pela Universidade Federal de Sergipe. Possui MBA Executivo em Administra\u00e7\u00e3o com \u00eanfase em Marketing pela Funda\u00e7\u00e3o Get\u00falio Vargas - Rio de Janeiro. Consultor, Palestrante e Pesquisador sobre Empreendedorismo, Marketing, Redes Sociais e Neg\u00f3cios Digitais. Professor, Palestrante TedxTalks e Campus Party. Twitter: @ThalesBrandao\",\"sameAs\":[\"http:\\\/\\\/www.mandacaru.com.br\",\"https:\\\/\\\/www.facebook.com\\\/thalesbrandao\",\"http:\\\/\\\/www.instagram.com.br\\\/thalesbrandaoferreira\",\"https:\\\/\\\/www.linkedin.com\\\/in\\\/thales-brand\u00e3o-3948609\\\/\",\"https:\\\/\\\/x.com\\\/http:\\\/\\\/www.twitter.com\\\/thalesbrandao\"],\"url\":\"https:\\\/\\\/www.cidademarketing.com.br\\\/marketing\\\/author\\\/thalesbrandao\\\/\"}]}<\/script>\n<!-- \/ Yoast SEO plugin. -->","yoast_head_json":{"title":"Um teste: O GLOBO pede desculpas pelos erros na exibi\u00e7\u00e3o de ambiente de apura\u00e7\u00e3o do segundo turno - CidadeMarketing","robots":{"index":"index","follow":"follow","max-snippet":"max-snippet:-1","max-image-preview":"max-image-preview:large","max-video-preview":"max-video-preview:-1"},"canonical":"https:\/\/www.cidademarketing.com.br\/marketing\/2022\/10\/27\/um-teste-o-globo-pede-desculpas-pelos-erros-na-exibicao-de-ambiente-de-apuracao-do-segundo-turno\/","og_locale":"pt_BR","og_type":"article","og_title":"Um teste: O GLOBO pede desculpas pelos erros na exibi\u00e7\u00e3o de ambiente de apura\u00e7\u00e3o do segundo turno - CidadeMarketing","og_description":"Internautas divulgaram hoje, 27\/10, pelas redes sociais e WhatsApp imagens do site do ve\u00edculo O Globo com um resultado eleitoral que apontava o presidente Lula como eleito no segundo turno. O fato gerou uma grande repercuss\u00e3o entre os apoiadores do candidato Bolsonaro. Em nota, O GLOBO relatou que o fato \u00e9 relacionado a um teste [&hellip;]","og_url":"https:\/\/www.cidademarketing.com.br\/marketing\/2022\/10\/27\/um-teste-o-globo-pede-desculpas-pelos-erros-na-exibicao-de-ambiente-de-apuracao-do-segundo-turno\/","og_site_name":"CidadeMarketing","article_publisher":"https:\/\/www.facebook.com\/portalcidademarketing","article_author":"https:\/\/www.facebook.com\/thalesbrandao","article_published_time":"2022-10-27T18:27:35+00:00","article_modified_time":"2022-10-28T01:29:07+00:00","og_image":[{"width":491,"height":698,"url":"https:\/\/www.cidademarketing.com.br\/marketing\/wp-content\/uploads\/2022\/10\/lula_eleito_segundoturno_oglobo.jpg","type":"image\/jpeg"}],"author":"Thales Brand\u00e3o","twitter_card":"summary_large_image","twitter_creator":"@http:\/\/www.twitter.com\/thalesbrandao","twitter_site":"@CidadeMarketing","twitter_misc":{"Escrito por":"Thales Brand\u00e3o","Est. tempo de leitura":"2 minutos"},"schema":{"@context":"https:\/\/schema.org","@graph":[{"@type":"Article","@id":"https:\/\/www.cidademarketing.com.br\/marketing\/2022\/10\/27\/um-teste-o-globo-pede-desculpas-pelos-erros-na-exibicao-de-ambiente-de-apuracao-do-segundo-turno\/#article","isPartOf":{"@id":"https:\/\/www.cidademarketing.com.br\/marketing\/2022\/10\/27\/um-teste-o-globo-pede-desculpas-pelos-erros-na-exibicao-de-ambiente-de-apuracao-do-segundo-turno\/"},"author":{"name":"Thales Brand\u00e3o","@id":"https:\/\/www.cidademarketing.com.br\/marketing\/#\/schema\/person\/02daff9f18bd9378c9e01eb6b2db155f"},"headline":"Um teste: O GLOBO pede desculpas pelos erros na exibi\u00e7\u00e3o de ambiente de apura\u00e7\u00e3o do segundo turno","datePublished":"2022-10-27T18:27:35+00:00","dateModified":"2022-10-28T01:29:07+00:00","mainEntityOfPage":{"@id":"https:\/\/www.cidademarketing.com.br\/marketing\/2022\/10\/27\/um-teste-o-globo-pede-desculpas-pelos-erros-na-exibicao-de-ambiente-de-apuracao-do-segundo-turno\/"},"wordCount":458,"commentCount":0,"publisher":{"@id":"https:\/\/www.cidademarketing.com.br\/marketing\/#organization"},"image":{"@id":"https:\/\/www.cidademarketing.com.br\/marketing\/2022\/10\/27\/um-teste-o-globo-pede-desculpas-pelos-erros-na-exibicao-de-ambiente-de-apuracao-do-segundo-turno\/#primaryimage"},"thumbnailUrl":"https:\/\/www.cidademarketing.com.br\/marketing\/wp-content\/uploads\/2022\/10\/lula_eleito_segundoturno_oglobo.jpg","keywords":["Bolsonaro","estrat\u00e9gia","Lula","marketing","O Globo","tecnologia","TSE"],"articleSection":["Not\u00edcias"],"inLanguage":"pt-BR","potentialAction":[{"@type":"CommentAction","name":"Comment","target":["https:\/\/www.cidademarketing.com.br\/marketing\/2022\/10\/27\/um-teste-o-globo-pede-desculpas-pelos-erros-na-exibicao-de-ambiente-de-apuracao-do-segundo-turno\/#respond"]}]},{"@type":"WebPage","@id":"https:\/\/www.cidademarketing.com.br\/marketing\/2022\/10\/27\/um-teste-o-globo-pede-desculpas-pelos-erros-na-exibicao-de-ambiente-de-apuracao-do-segundo-turno\/","url":"https:\/\/www.cidademarketing.com.br\/marketing\/2022\/10\/27\/um-teste-o-globo-pede-desculpas-pelos-erros-na-exibicao-de-ambiente-de-apuracao-do-segundo-turno\/","name":"Um teste: O GLOBO pede desculpas pelos erros na exibi\u00e7\u00e3o de ambiente de apura\u00e7\u00e3o do segundo turno - CidadeMarketing","isPartOf":{"@id":"https:\/\/www.cidademarketing.com.br\/marketing\/#website"},"primaryImageOfPage":{"@id":"https:\/\/www.cidademarketing.com.br\/marketing\/2022\/10\/27\/um-teste-o-globo-pede-desculpas-pelos-erros-na-exibicao-de-ambiente-de-apuracao-do-segundo-turno\/#primaryimage"},"image":{"@id":"https:\/\/www.cidademarketing.com.br\/marketing\/2022\/10\/27\/um-teste-o-globo-pede-desculpas-pelos-erros-na-exibicao-de-ambiente-de-apuracao-do-segundo-turno\/#primaryimage"},"thumbnailUrl":"https:\/\/www.cidademarketing.com.br\/marketing\/wp-content\/uploads\/2022\/10\/lula_eleito_segundoturno_oglobo.jpg","datePublished":"2022-10-27T18:27:35+00:00","dateModified":"2022-10-28T01:29:07+00:00","breadcrumb":{"@id":"https:\/\/www.cidademarketing.com.br\/marketing\/2022\/10\/27\/um-teste-o-globo-pede-desculpas-pelos-erros-na-exibicao-de-ambiente-de-apuracao-do-segundo-turno\/#breadcrumb"},"inLanguage":"pt-BR","potentialAction":[{"@type":"ReadAction","target":["https:\/\/www.cidademarketing.com.br\/marketing\/2022\/10\/27\/um-teste-o-globo-pede-desculpas-pelos-erros-na-exibicao-de-ambiente-de-apuracao-do-segundo-turno\/"]}]},{"@type":"ImageObject","inLanguage":"pt-BR","@id":"https:\/\/www.cidademarketing.com.br\/marketing\/2022\/10\/27\/um-teste-o-globo-pede-desculpas-pelos-erros-na-exibicao-de-ambiente-de-apuracao-do-segundo-turno\/#primaryimage","url":"https:\/\/www.cidademarketing.com.br\/marketing\/wp-content\/uploads\/2022\/10\/lula_eleito_segundoturno_oglobo.jpg","contentUrl":"https:\/\/www.cidademarketing.com.br\/marketing\/wp-content\/uploads\/2022\/10\/lula_eleito_segundoturno_oglobo.jpg","width":491,"height":698,"caption":"Reprodu\u00e7\u00e3o\/O Globo"},{"@type":"BreadcrumbList","@id":"https:\/\/www.cidademarketing.com.br\/marketing\/2022\/10\/27\/um-teste-o-globo-pede-desculpas-pelos-erros-na-exibicao-de-ambiente-de-apuracao-do-segundo-turno\/#breadcrumb","itemListElement":[{"@type":"ListItem","position":1,"name":"In\u00edcio","item":"https:\/\/www.cidademarketing.com.br\/marketing\/"},{"@type":"ListItem","position":2,"name":"Um teste: O GLOBO pede desculpas pelos erros na exibi\u00e7\u00e3o de ambiente de apura\u00e7\u00e3o do segundo turno"}]},{"@type":"WebSite","@id":"https:\/\/www.cidademarketing.com.br\/marketing\/#website","url":"https:\/\/www.cidademarketing.com.br\/marketing\/","name":"CidadeMarketing","description":"Somos um ve\u00edculo de comunica\u00e7\u00e3o de destaque no Brasil, reconhecido por conte\u00fados nos segmentos de marketing, empreendedorismo e inova\u00e7\u00e3o.","publisher":{"@id":"https:\/\/www.cidademarketing.com.br\/marketing\/#organization"},"alternateName":"CidadeMarketing","potentialAction":[{"@type":"SearchAction","target":{"@type":"EntryPoint","urlTemplate":"https:\/\/www.cidademarketing.com.br\/marketing\/?s={search_term_string}"},"query-input":{"@type":"PropertyValueSpecification","valueRequired":true,"valueName":"search_term_string"}}],"inLanguage":"pt-BR"},{"@type":"Organization","@id":"https:\/\/www.cidademarketing.com.br\/marketing\/#organization","name":"CidadeMarketing","alternateName":"CidadeMarketing","url":"https:\/\/www.cidademarketing.com.br\/marketing\/","logo":{"@type":"ImageObject","inLanguage":"pt-BR","@id":"https:\/\/www.cidademarketing.com.br\/marketing\/#\/schema\/logo\/image\/","url":"https:\/\/www.cidademarketing.com.br\/marketing\/wp-content\/uploads\/2020\/01\/cidademarketing_marca_mobile.png","contentUrl":"https:\/\/www.cidademarketing.com.br\/marketing\/wp-content\/uploads\/2020\/01\/cidademarketing_marca_mobile.png","width":230,"height":92,"caption":"CidadeMarketing"},"image":{"@id":"https:\/\/www.cidademarketing.com.br\/marketing\/#\/schema\/logo\/image\/"},"sameAs":["https:\/\/www.facebook.com\/portalcidademarketing","https:\/\/x.com\/CidadeMarketing","https:\/\/www.instagram.com\/cidademarketing\/"]},{"@type":"Person","@id":"https:\/\/www.cidademarketing.com.br\/marketing\/#\/schema\/person\/02daff9f18bd9378c9e01eb6b2db155f","name":"Thales Brand\u00e3o","image":{"@type":"ImageObject","inLanguage":"pt-BR","@id":"https:\/\/secure.gravatar.com\/avatar\/7ca3206950207cc3cb48feec56a8a7898741ab725c368d99d5d7a5a50aab80c6?s=96&d=mm&r=g","url":"https:\/\/secure.gravatar.com\/avatar\/7ca3206950207cc3cb48feec56a8a7898741ab725c368d99d5d7a5a50aab80c6?s=96&d=mm&r=g","contentUrl":"https:\/\/secure.gravatar.com\/avatar\/7ca3206950207cc3cb48feec56a8a7898741ab725c368d99d5d7a5a50aab80c6?s=96&d=mm&r=g","caption":"Thales Brand\u00e3o"},"description":"Editor Executivo do Portal CidadeMarketing.com.br &gt; Mestre em Comunica\u00e7\u00e3o e Sociedade pela Universidade Federal de Sergipe. Possui MBA Executivo em Administra\u00e7\u00e3o com \u00eanfase em Marketing pela Funda\u00e7\u00e3o Get\u00falio Vargas - Rio de Janeiro. Consultor, Palestrante e Pesquisador sobre Empreendedorismo, Marketing, Redes Sociais e Neg\u00f3cios Digitais. Professor, Palestrante TedxTalks e Campus Party. Twitter: @ThalesBrandao","sameAs":["http:\/\/www.mandacaru.com.br","https:\/\/www.facebook.com\/thalesbrandao","http:\/\/www.instagram.com.br\/thalesbrandaoferreira","https:\/\/www.linkedin.com\/in\/thales-brand\u00e3o-3948609\/","https:\/\/x.com\/http:\/\/www.twitter.com\/thalesbrandao"],"url":"https:\/\/www.cidademarketing.com.br\/marketing\/author\/thalesbrandao\/"}]}},"amp_enabled":true,"_links":{"self":[{"href":"https:\/\/www.cidademarketing.com.br\/marketing\/wp-json\/wp\/v2\/posts\/39025","targetHints":{"allow":["GET"]}}],"collection":[{"href":"https:\/\/www.cidademarketing.com.br\/marketing\/wp-json\/wp\/v2\/posts"}],"about":[{"href":"https:\/\/www.cidademarketing.com.br\/marketing\/wp-json\/wp\/v2\/types\/post"}],"author":[{"embeddable":true,"href":"https:\/\/www.cidademarketing.com.br\/marketing\/wp-json\/wp\/v2\/users\/1"}],"replies":[{"embeddable":true,"href":"https:\/\/www.cidademarketing.com.br\/marketing\/wp-json\/wp\/v2\/comments?post=39025"}],"version-history":[{"count":3,"href":"https:\/\/www.cidademarketing.com.br\/marketing\/wp-json\/wp\/v2\/posts\/39025\/revisions"}],"predecessor-version":[{"id":39047,"href":"https:\/\/www.cidademarketing.com.br\/marketing\/wp-json\/wp\/v2\/posts\/39025\/revisions\/39047"}],"wp:featuredmedia":[{"embeddable":true,"href":"https:\/\/www.cidademarketing.com.br\/marketing\/wp-json\/wp\/v2\/media\/39026"}],"wp:attachment":[{"href":"https:\/\/www.cidademarketing.com.br\/marketing\/wp-json\/wp\/v2\/media?parent=39025"}],"wp:term":[{"taxonomy":"category","embeddable":true,"href":"https:\/\/www.cidademarketing.com.br\/marketing\/wp-json\/wp\/v2\/categories?post=39025"},{"taxonomy":"post_tag","embeddable":true,"href":"https:\/\/www.cidademarketing.com.br\/marketing\/wp-json\/wp\/v2\/tags?post=39025"}],"curies":[{"name":"wp","href":"https:\/\/api.w.org\/{rel}","templated":true}]}}