{"id":38793,"date":"2022-10-18T14:30:20","date_gmt":"2022-10-18T17:30:20","guid":{"rendered":"https:\/\/www.cidademarketing.com.br\/marketing\/?p=38793"},"modified":"2022-10-18T14:30:20","modified_gmt":"2022-10-18T17:30:20","slug":"sao-paulo-recebe-nutella-ama-pao-no-parque-ibirapuera-a-partir-desta-sexta-feira","status":"publish","type":"post","link":"https:\/\/www.cidademarketing.com.br\/marketing\/2022\/10\/18\/sao-paulo-recebe-nutella-ama-pao-no-parque-ibirapuera-a-partir-desta-sexta-feira\/","title":{"rendered":"S\u00e3o Paulo recebe \u2018Nutella\u00ae Ama P\u00e3o\u2019 no Parque Ibirapuera a partir desta sexta-feira"},"content":{"rendered":"<p><iframe title=\"Spotify Embed: Podcast CidadeMarketing\" style=\"border-radius: 12px\" width=\"100%\" height=\"152\" frameborder=\"0\" allowfullscreen allow=\"autoplay; clipboard-write; encrypted-media; fullscreen; picture-in-picture\" loading=\"lazy\" src=\"https:\/\/open.spotify.com\/embed\/show\/4khMKzP3FgFRWVwb73xicc?si=3c7d8952084b4e84&#038;utm_source=oembed\"><\/iframe><\/p>\n<p>Nutella\u00ae, marca integrante do grupo Ferrero &#8212; ind\u00fastria italiana e dona tamb\u00e9m de Tic Tac\u00ae, Ferrero Rocher\u00ae e Kinder\u00ae &#8211;, celebrar\u00e1 o m\u00eas de outubro de forma diferente. Para homenagear o Dia do P\u00e3o, celebrado mundialmente no dia 16 de outubro, a marca vai espalhar todo seu amor pelo tradicional p\u00e3ozinho com experi\u00eancias em tr\u00eas cidades brasileiras, incluindo S\u00e3o Paulo, e ativa\u00e7\u00f5es especiais em outros munic\u00edpios do pa\u00eds.<\/p>\n<p>A primeira edi\u00e7\u00e3o da a\u00e7\u00e3o em Sampa trar\u00e1 uma experi\u00eancia de caf\u00e9 da manh\u00e3 in\u00e9dita entre os dias 21 e 23 de outubro, das 8h \u00e0s 17h na Antiga Serraria do Parque Ibirapuera (pr\u00f3ximo ao Port\u00e3o 7). O espa\u00e7o \u201cNutella Ama P\u00e3o\u201d ficar\u00e1 estacionado em \u00e1reas onde consumidores poder\u00e3o tomar seu caf\u00e9 da manh\u00e3 antes de um passeio, de realizar o exerc\u00edcio matinal ou passear com seu pet.<\/p>\n<p>\u201cEssa a\u00e7\u00e3o \u00e9 de extrema import\u00e2ncia para a marca porque une duas paix\u00f5es dos brasileiros: o delicioso p\u00e3o quentinho e nosso creme de avel\u00e3 com chocolate, considerado n\u00famero 1 do mundo. Nutella\u00ae vem conquistando cada vez mais os brasileiros, que inclu\u00edram uma por\u00e7\u00e3o dessa combina\u00e7\u00e3o no seu dia a dia\u201d, explica o Diretor de Marketing de Nutella\u00ae para a Am\u00e9rica do Sul, Diego Caride. \u201cO Brasil tem uma imensa variedade de caf\u00e9s da manh\u00e3, o p\u00e3o \u00e9 uma paix\u00e3o nacional, e Nutella\u00ae \u00e9 a combina\u00e7\u00e3o perfeita para deixar esse momento mais gostoso e come\u00e7ar o dia com o &#8220;p\u00e9 direito&#8221;\u201d, completa.<\/p>\n<p>Em um ambiente instagram\u00e1vel e customizado de Nutella\u00ae, consumidores poder\u00e3o provar diferentes tipos de p\u00e3es. Al\u00e9m do cl\u00e1ssico p\u00e3o franc\u00eas, haver\u00e1 varia\u00e7\u00f5es como p\u00e3o de forma, italiano, sovado, de queijo e australiano, e os visitantes tamb\u00e9m poder\u00e3o customizar seu p\u00e3o com diferentes tipos de coberturas.<\/p>\n<p>A primeira edi\u00e7\u00e3o dessa celebra\u00e7\u00e3o por Nutella\u00ae promete espalhar a mensagem de que \u201cNutella Ama P\u00e3o\u201d n\u00e3o apenas em p\u00e3ezinhos de consumidores dessas tr\u00eas cidades, mas tamb\u00e9m em diversas outras pelo Brasil. Para saber mais detalhes dessa a\u00e7\u00e3o, basta acessar o site ou o Instagram da marca nutellabr.<\/p>\n<p>Servi\u00e7o<br \/>\nQuando: 21 a 23 de outubro<br \/>\nHor\u00e1rio: das 08h \u00e0s 17h<br \/>\nOnde: Antiga Serraria do Parque Ibirapuera (Pr\u00f3ximo ao Port\u00e3o 07)<br \/>\nEndere\u00e7o: Av. Pedro \u00c1lvares Cabral &#8211; Vila Mariana, S\u00e3o Paulo<\/p>\n<p><iframe style=\"width: 100%; max-width: 660px; overflow: hidden; background: transparent;\" src=\"https:\/\/embed.podcasts.apple.com\/br\/podcast\/podcast-cidademarketing\/id1371923283\" height=\"450\" frameborder=\"0\" sandbox=\"allow-forms allow-popups allow-same-origin allow-scripts allow-storage-access-by-user-activation allow-top-navigation-by-user-activation\"><\/iframe><\/p>\n","protected":false},"excerpt":{"rendered":"<p>Nutella\u00ae, marca integrante do grupo Ferrero &#8212; ind\u00fastria italiana e dona tamb\u00e9m de Tic Tac\u00ae, Ferrero Rocher\u00ae e Kinder\u00ae &#8211;, celebrar\u00e1 o m\u00eas de outubro de forma diferente. Para homenagear o Dia do P\u00e3o, celebrado mundialmente no dia 16 de outubro, a marca vai espalhar todo seu amor pelo tradicional p\u00e3ozinho com experi\u00eancias em tr\u00eas [&hellip;]<\/p>\n","protected":false},"author":1,"featured_media":38794,"comment_status":"open","ping_status":"open","sticky":false,"template":"","format":"standard","meta":{"tdm_status":"","tdm_grid_status":"","footnotes":""},"categories":[6],"tags":[65,33,28,559,5028],"class_list":["post-38793","post","type-post","status-publish","format-standard","has-post-thumbnail","hentry","category-noticias","tag-campanha","tag-estrategia","tag-marketing","tag-nutella","tag-parque-ibirapuera"],"yoast_head":"<!-- This site is optimized with the Yoast SEO plugin v27.5 - https:\/\/yoast.com\/product\/yoast-seo-wordpress\/ -->\n<title>S\u00e3o Paulo recebe \u2018Nutella\u00ae Ama P\u00e3o\u2019 no Parque Ibirapuera a partir desta sexta-feira - CidadeMarketing<\/title>\n<meta name=\"robots\" content=\"index, follow, max-snippet:-1, max-image-preview:large, max-video-preview:-1\" \/>\n<link rel=\"canonical\" href=\"https:\/\/www.cidademarketing.com.br\/marketing\/2022\/10\/18\/sao-paulo-recebe-nutella-ama-pao-no-parque-ibirapuera-a-partir-desta-sexta-feira\/\" \/>\n<meta property=\"og:locale\" content=\"pt_BR\" \/>\n<meta property=\"og:type\" content=\"article\" \/>\n<meta property=\"og:title\" content=\"S\u00e3o Paulo recebe \u2018Nutella\u00ae Ama P\u00e3o\u2019 no Parque Ibirapuera a partir desta sexta-feira - CidadeMarketing\" \/>\n<meta property=\"og:description\" content=\"Nutella\u00ae, marca integrante do grupo Ferrero &#8212; ind\u00fastria italiana e dona tamb\u00e9m de Tic Tac\u00ae, Ferrero Rocher\u00ae e Kinder\u00ae &#8211;, celebrar\u00e1 o m\u00eas de outubro de forma diferente. Para homenagear o Dia do P\u00e3o, celebrado mundialmente no dia 16 de outubro, a marca vai espalhar todo seu amor pelo tradicional p\u00e3ozinho com experi\u00eancias em tr\u00eas [&hellip;]\" \/>\n<meta property=\"og:url\" content=\"https:\/\/www.cidademarketing.com.br\/marketing\/2022\/10\/18\/sao-paulo-recebe-nutella-ama-pao-no-parque-ibirapuera-a-partir-desta-sexta-feira\/\" \/>\n<meta property=\"og:site_name\" content=\"CidadeMarketing\" \/>\n<meta property=\"article:publisher\" content=\"https:\/\/www.facebook.com\/portalcidademarketing\" \/>\n<meta property=\"article:author\" content=\"https:\/\/www.facebook.com\/thalesbrandao\" \/>\n<meta property=\"article:published_time\" content=\"2022-10-18T17:30:20+00:00\" \/>\n<meta property=\"og:image\" content=\"https:\/\/www.cidademarketing.com.br\/marketing\/wp-content\/uploads\/2022\/10\/nutella_amapao-1024x576.png\" \/>\n\t<meta property=\"og:image:width\" content=\"1024\" \/>\n\t<meta property=\"og:image:height\" content=\"576\" \/>\n\t<meta property=\"og:image:type\" content=\"image\/png\" \/>\n<meta name=\"author\" content=\"Thales Brand\u00e3o\" \/>\n<meta name=\"twitter:card\" content=\"summary_large_image\" \/>\n<meta name=\"twitter:creator\" content=\"@http:\/\/www.twitter.com\/thalesbrandao\" \/>\n<meta name=\"twitter:site\" content=\"@CidadeMarketing\" \/>\n<meta name=\"twitter:label1\" content=\"Escrito por\" \/>\n\t<meta name=\"twitter:data1\" content=\"Thales Brand\u00e3o\" \/>\n\t<meta name=\"twitter:label2\" content=\"Est. tempo de leitura\" \/>\n\t<meta name=\"twitter:data2\" content=\"2 minutos\" \/>\n<script type=\"application\/ld+json\" class=\"yoast-schema-graph\">{\"@context\":\"https:\\\/\\\/schema.org\",\"@graph\":[{\"@type\":\"Article\",\"@id\":\"https:\\\/\\\/www.cidademarketing.com.br\\\/marketing\\\/2022\\\/10\\\/18\\\/sao-paulo-recebe-nutella-ama-pao-no-parque-ibirapuera-a-partir-desta-sexta-feira\\\/#article\",\"isPartOf\":{\"@id\":\"https:\\\/\\\/www.cidademarketing.com.br\\\/marketing\\\/2022\\\/10\\\/18\\\/sao-paulo-recebe-nutella-ama-pao-no-parque-ibirapuera-a-partir-desta-sexta-feira\\\/\"},\"author\":{\"name\":\"Thales Brand\u00e3o\",\"@id\":\"https:\\\/\\\/www.cidademarketing.com.br\\\/marketing\\\/#\\\/schema\\\/person\\\/02daff9f18bd9378c9e01eb6b2db155f\"},\"headline\":\"S\u00e3o Paulo recebe \u2018Nutella\u00ae Ama P\u00e3o\u2019 no Parque Ibirapuera a partir desta sexta-feira\",\"datePublished\":\"2022-10-18T17:30:20+00:00\",\"mainEntityOfPage\":{\"@id\":\"https:\\\/\\\/www.cidademarketing.com.br\\\/marketing\\\/2022\\\/10\\\/18\\\/sao-paulo-recebe-nutella-ama-pao-no-parque-ibirapuera-a-partir-desta-sexta-feira\\\/\"},\"wordCount\":442,\"commentCount\":0,\"publisher\":{\"@id\":\"https:\\\/\\\/www.cidademarketing.com.br\\\/marketing\\\/#organization\"},\"image\":{\"@id\":\"https:\\\/\\\/www.cidademarketing.com.br\\\/marketing\\\/2022\\\/10\\\/18\\\/sao-paulo-recebe-nutella-ama-pao-no-parque-ibirapuera-a-partir-desta-sexta-feira\\\/#primaryimage\"},\"thumbnailUrl\":\"https:\\\/\\\/www.cidademarketing.com.br\\\/marketing\\\/wp-content\\\/uploads\\\/2022\\\/10\\\/nutella_amapao.png\",\"keywords\":[\"campanha\",\"estrat\u00e9gia\",\"marketing\",\"Nutella\",\"Parque Ibirapuera\"],\"articleSection\":[\"Not\u00edcias\"],\"inLanguage\":\"pt-BR\",\"potentialAction\":[{\"@type\":\"CommentAction\",\"name\":\"Comment\",\"target\":[\"https:\\\/\\\/www.cidademarketing.com.br\\\/marketing\\\/2022\\\/10\\\/18\\\/sao-paulo-recebe-nutella-ama-pao-no-parque-ibirapuera-a-partir-desta-sexta-feira\\\/#respond\"]}]},{\"@type\":\"WebPage\",\"@id\":\"https:\\\/\\\/www.cidademarketing.com.br\\\/marketing\\\/2022\\\/10\\\/18\\\/sao-paulo-recebe-nutella-ama-pao-no-parque-ibirapuera-a-partir-desta-sexta-feira\\\/\",\"url\":\"https:\\\/\\\/www.cidademarketing.com.br\\\/marketing\\\/2022\\\/10\\\/18\\\/sao-paulo-recebe-nutella-ama-pao-no-parque-ibirapuera-a-partir-desta-sexta-feira\\\/\",\"name\":\"S\u00e3o Paulo recebe \u2018Nutella\u00ae Ama P\u00e3o\u2019 no Parque Ibirapuera a partir desta sexta-feira - CidadeMarketing\",\"isPartOf\":{\"@id\":\"https:\\\/\\\/www.cidademarketing.com.br\\\/marketing\\\/#website\"},\"primaryImageOfPage\":{\"@id\":\"https:\\\/\\\/www.cidademarketing.com.br\\\/marketing\\\/2022\\\/10\\\/18\\\/sao-paulo-recebe-nutella-ama-pao-no-parque-ibirapuera-a-partir-desta-sexta-feira\\\/#primaryimage\"},\"image\":{\"@id\":\"https:\\\/\\\/www.cidademarketing.com.br\\\/marketing\\\/2022\\\/10\\\/18\\\/sao-paulo-recebe-nutella-ama-pao-no-parque-ibirapuera-a-partir-desta-sexta-feira\\\/#primaryimage\"},\"thumbnailUrl\":\"https:\\\/\\\/www.cidademarketing.com.br\\\/marketing\\\/wp-content\\\/uploads\\\/2022\\\/10\\\/nutella_amapao.png\",\"datePublished\":\"2022-10-18T17:30:20+00:00\",\"breadcrumb\":{\"@id\":\"https:\\\/\\\/www.cidademarketing.com.br\\\/marketing\\\/2022\\\/10\\\/18\\\/sao-paulo-recebe-nutella-ama-pao-no-parque-ibirapuera-a-partir-desta-sexta-feira\\\/#breadcrumb\"},\"inLanguage\":\"pt-BR\",\"potentialAction\":[{\"@type\":\"ReadAction\",\"target\":[\"https:\\\/\\\/www.cidademarketing.com.br\\\/marketing\\\/2022\\\/10\\\/18\\\/sao-paulo-recebe-nutella-ama-pao-no-parque-ibirapuera-a-partir-desta-sexta-feira\\\/\"]}]},{\"@type\":\"ImageObject\",\"inLanguage\":\"pt-BR\",\"@id\":\"https:\\\/\\\/www.cidademarketing.com.br\\\/marketing\\\/2022\\\/10\\\/18\\\/sao-paulo-recebe-nutella-ama-pao-no-parque-ibirapuera-a-partir-desta-sexta-feira\\\/#primaryimage\",\"url\":\"https:\\\/\\\/www.cidademarketing.com.br\\\/marketing\\\/wp-content\\\/uploads\\\/2022\\\/10\\\/nutella_amapao.png\",\"contentUrl\":\"https:\\\/\\\/www.cidademarketing.com.br\\\/marketing\\\/wp-content\\\/uploads\\\/2022\\\/10\\\/nutella_amapao.png\",\"width\":1920,\"height\":1080},{\"@type\":\"BreadcrumbList\",\"@id\":\"https:\\\/\\\/www.cidademarketing.com.br\\\/marketing\\\/2022\\\/10\\\/18\\\/sao-paulo-recebe-nutella-ama-pao-no-parque-ibirapuera-a-partir-desta-sexta-feira\\\/#breadcrumb\",\"itemListElement\":[{\"@type\":\"ListItem\",\"position\":1,\"name\":\"In\u00edcio\",\"item\":\"https:\\\/\\\/www.cidademarketing.com.br\\\/marketing\\\/\"},{\"@type\":\"ListItem\",\"position\":2,\"name\":\"S\u00e3o Paulo recebe \u2018Nutella\u00ae Ama P\u00e3o\u2019 no Parque Ibirapuera a partir desta sexta-feira\"}]},{\"@type\":\"WebSite\",\"@id\":\"https:\\\/\\\/www.cidademarketing.com.br\\\/marketing\\\/#website\",\"url\":\"https:\\\/\\\/www.cidademarketing.com.br\\\/marketing\\\/\",\"name\":\"CidadeMarketing\",\"description\":\"Somos um ve\u00edculo de comunica\u00e7\u00e3o de destaque no Brasil, reconhecido por conte\u00fados nos segmentos de marketing, empreendedorismo e inova\u00e7\u00e3o.\",\"publisher\":{\"@id\":\"https:\\\/\\\/www.cidademarketing.com.br\\\/marketing\\\/#organization\"},\"alternateName\":\"CidadeMarketing\",\"potentialAction\":[{\"@type\":\"SearchAction\",\"target\":{\"@type\":\"EntryPoint\",\"urlTemplate\":\"https:\\\/\\\/www.cidademarketing.com.br\\\/marketing\\\/?s={search_term_string}\"},\"query-input\":{\"@type\":\"PropertyValueSpecification\",\"valueRequired\":true,\"valueName\":\"search_term_string\"}}],\"inLanguage\":\"pt-BR\"},{\"@type\":\"Organization\",\"@id\":\"https:\\\/\\\/www.cidademarketing.com.br\\\/marketing\\\/#organization\",\"name\":\"CidadeMarketing\",\"alternateName\":\"CidadeMarketing\",\"url\":\"https:\\\/\\\/www.cidademarketing.com.br\\\/marketing\\\/\",\"logo\":{\"@type\":\"ImageObject\",\"inLanguage\":\"pt-BR\",\"@id\":\"https:\\\/\\\/www.cidademarketing.com.br\\\/marketing\\\/#\\\/schema\\\/logo\\\/image\\\/\",\"url\":\"https:\\\/\\\/www.cidademarketing.com.br\\\/marketing\\\/wp-content\\\/uploads\\\/2020\\\/01\\\/cidademarketing_marca_mobile.png\",\"contentUrl\":\"https:\\\/\\\/www.cidademarketing.com.br\\\/marketing\\\/wp-content\\\/uploads\\\/2020\\\/01\\\/cidademarketing_marca_mobile.png\",\"width\":230,\"height\":92,\"caption\":\"CidadeMarketing\"},\"image\":{\"@id\":\"https:\\\/\\\/www.cidademarketing.com.br\\\/marketing\\\/#\\\/schema\\\/logo\\\/image\\\/\"},\"sameAs\":[\"https:\\\/\\\/www.facebook.com\\\/portalcidademarketing\",\"https:\\\/\\\/x.com\\\/CidadeMarketing\",\"https:\\\/\\\/www.instagram.com\\\/cidademarketing\\\/\"]},{\"@type\":\"Person\",\"@id\":\"https:\\\/\\\/www.cidademarketing.com.br\\\/marketing\\\/#\\\/schema\\\/person\\\/02daff9f18bd9378c9e01eb6b2db155f\",\"name\":\"Thales Brand\u00e3o\",\"image\":{\"@type\":\"ImageObject\",\"inLanguage\":\"pt-BR\",\"@id\":\"https:\\\/\\\/secure.gravatar.com\\\/avatar\\\/7ca3206950207cc3cb48feec56a8a7898741ab725c368d99d5d7a5a50aab80c6?s=96&d=mm&r=g\",\"url\":\"https:\\\/\\\/secure.gravatar.com\\\/avatar\\\/7ca3206950207cc3cb48feec56a8a7898741ab725c368d99d5d7a5a50aab80c6?s=96&d=mm&r=g\",\"contentUrl\":\"https:\\\/\\\/secure.gravatar.com\\\/avatar\\\/7ca3206950207cc3cb48feec56a8a7898741ab725c368d99d5d7a5a50aab80c6?s=96&d=mm&r=g\",\"caption\":\"Thales Brand\u00e3o\"},\"description\":\"Editor Executivo do Portal CidadeMarketing.com.br &gt; Mestre em Comunica\u00e7\u00e3o e Sociedade pela Universidade Federal de Sergipe. Possui MBA Executivo em Administra\u00e7\u00e3o com \u00eanfase em Marketing pela Funda\u00e7\u00e3o Get\u00falio Vargas - Rio de Janeiro. Consultor, Palestrante e Pesquisador sobre Empreendedorismo, Marketing, Redes Sociais e Neg\u00f3cios Digitais. Professor, Palestrante TedxTalks e Campus Party. Twitter: @ThalesBrandao\",\"sameAs\":[\"http:\\\/\\\/www.mandacaru.com.br\",\"https:\\\/\\\/www.facebook.com\\\/thalesbrandao\",\"http:\\\/\\\/www.instagram.com.br\\\/thalesbrandaoferreira\",\"https:\\\/\\\/www.linkedin.com\\\/in\\\/thales-brand\u00e3o-3948609\\\/\",\"https:\\\/\\\/x.com\\\/http:\\\/\\\/www.twitter.com\\\/thalesbrandao\"],\"url\":\"https:\\\/\\\/www.cidademarketing.com.br\\\/marketing\\\/author\\\/thalesbrandao\\\/\"}]}<\/script>\n<!-- \/ Yoast SEO plugin. -->","yoast_head_json":{"title":"S\u00e3o Paulo recebe \u2018Nutella\u00ae Ama P\u00e3o\u2019 no Parque Ibirapuera a partir desta sexta-feira - CidadeMarketing","robots":{"index":"index","follow":"follow","max-snippet":"max-snippet:-1","max-image-preview":"max-image-preview:large","max-video-preview":"max-video-preview:-1"},"canonical":"https:\/\/www.cidademarketing.com.br\/marketing\/2022\/10\/18\/sao-paulo-recebe-nutella-ama-pao-no-parque-ibirapuera-a-partir-desta-sexta-feira\/","og_locale":"pt_BR","og_type":"article","og_title":"S\u00e3o Paulo recebe \u2018Nutella\u00ae Ama P\u00e3o\u2019 no Parque Ibirapuera a partir desta sexta-feira - CidadeMarketing","og_description":"Nutella\u00ae, marca integrante do grupo Ferrero &#8212; ind\u00fastria italiana e dona tamb\u00e9m de Tic Tac\u00ae, Ferrero Rocher\u00ae e Kinder\u00ae &#8211;, celebrar\u00e1 o m\u00eas de outubro de forma diferente. Para homenagear o Dia do P\u00e3o, celebrado mundialmente no dia 16 de outubro, a marca vai espalhar todo seu amor pelo tradicional p\u00e3ozinho com experi\u00eancias em tr\u00eas [&hellip;]","og_url":"https:\/\/www.cidademarketing.com.br\/marketing\/2022\/10\/18\/sao-paulo-recebe-nutella-ama-pao-no-parque-ibirapuera-a-partir-desta-sexta-feira\/","og_site_name":"CidadeMarketing","article_publisher":"https:\/\/www.facebook.com\/portalcidademarketing","article_author":"https:\/\/www.facebook.com\/thalesbrandao","article_published_time":"2022-10-18T17:30:20+00:00","og_image":[{"width":1024,"height":576,"url":"https:\/\/www.cidademarketing.com.br\/marketing\/wp-content\/uploads\/2022\/10\/nutella_amapao-1024x576.png","type":"image\/png"}],"author":"Thales Brand\u00e3o","twitter_card":"summary_large_image","twitter_creator":"@http:\/\/www.twitter.com\/thalesbrandao","twitter_site":"@CidadeMarketing","twitter_misc":{"Escrito por":"Thales Brand\u00e3o","Est. tempo de leitura":"2 minutos"},"schema":{"@context":"https:\/\/schema.org","@graph":[{"@type":"Article","@id":"https:\/\/www.cidademarketing.com.br\/marketing\/2022\/10\/18\/sao-paulo-recebe-nutella-ama-pao-no-parque-ibirapuera-a-partir-desta-sexta-feira\/#article","isPartOf":{"@id":"https:\/\/www.cidademarketing.com.br\/marketing\/2022\/10\/18\/sao-paulo-recebe-nutella-ama-pao-no-parque-ibirapuera-a-partir-desta-sexta-feira\/"},"author":{"name":"Thales Brand\u00e3o","@id":"https:\/\/www.cidademarketing.com.br\/marketing\/#\/schema\/person\/02daff9f18bd9378c9e01eb6b2db155f"},"headline":"S\u00e3o Paulo recebe \u2018Nutella\u00ae Ama P\u00e3o\u2019 no Parque Ibirapuera a partir desta sexta-feira","datePublished":"2022-10-18T17:30:20+00:00","mainEntityOfPage":{"@id":"https:\/\/www.cidademarketing.com.br\/marketing\/2022\/10\/18\/sao-paulo-recebe-nutella-ama-pao-no-parque-ibirapuera-a-partir-desta-sexta-feira\/"},"wordCount":442,"commentCount":0,"publisher":{"@id":"https:\/\/www.cidademarketing.com.br\/marketing\/#organization"},"image":{"@id":"https:\/\/www.cidademarketing.com.br\/marketing\/2022\/10\/18\/sao-paulo-recebe-nutella-ama-pao-no-parque-ibirapuera-a-partir-desta-sexta-feira\/#primaryimage"},"thumbnailUrl":"https:\/\/www.cidademarketing.com.br\/marketing\/wp-content\/uploads\/2022\/10\/nutella_amapao.png","keywords":["campanha","estrat\u00e9gia","marketing","Nutella","Parque Ibirapuera"],"articleSection":["Not\u00edcias"],"inLanguage":"pt-BR","potentialAction":[{"@type":"CommentAction","name":"Comment","target":["https:\/\/www.cidademarketing.com.br\/marketing\/2022\/10\/18\/sao-paulo-recebe-nutella-ama-pao-no-parque-ibirapuera-a-partir-desta-sexta-feira\/#respond"]}]},{"@type":"WebPage","@id":"https:\/\/www.cidademarketing.com.br\/marketing\/2022\/10\/18\/sao-paulo-recebe-nutella-ama-pao-no-parque-ibirapuera-a-partir-desta-sexta-feira\/","url":"https:\/\/www.cidademarketing.com.br\/marketing\/2022\/10\/18\/sao-paulo-recebe-nutella-ama-pao-no-parque-ibirapuera-a-partir-desta-sexta-feira\/","name":"S\u00e3o Paulo recebe \u2018Nutella\u00ae Ama P\u00e3o\u2019 no Parque Ibirapuera a partir desta sexta-feira - CidadeMarketing","isPartOf":{"@id":"https:\/\/www.cidademarketing.com.br\/marketing\/#website"},"primaryImageOfPage":{"@id":"https:\/\/www.cidademarketing.com.br\/marketing\/2022\/10\/18\/sao-paulo-recebe-nutella-ama-pao-no-parque-ibirapuera-a-partir-desta-sexta-feira\/#primaryimage"},"image":{"@id":"https:\/\/www.cidademarketing.com.br\/marketing\/2022\/10\/18\/sao-paulo-recebe-nutella-ama-pao-no-parque-ibirapuera-a-partir-desta-sexta-feira\/#primaryimage"},"thumbnailUrl":"https:\/\/www.cidademarketing.com.br\/marketing\/wp-content\/uploads\/2022\/10\/nutella_amapao.png","datePublished":"2022-10-18T17:30:20+00:00","breadcrumb":{"@id":"https:\/\/www.cidademarketing.com.br\/marketing\/2022\/10\/18\/sao-paulo-recebe-nutella-ama-pao-no-parque-ibirapuera-a-partir-desta-sexta-feira\/#breadcrumb"},"inLanguage":"pt-BR","potentialAction":[{"@type":"ReadAction","target":["https:\/\/www.cidademarketing.com.br\/marketing\/2022\/10\/18\/sao-paulo-recebe-nutella-ama-pao-no-parque-ibirapuera-a-partir-desta-sexta-feira\/"]}]},{"@type":"ImageObject","inLanguage":"pt-BR","@id":"https:\/\/www.cidademarketing.com.br\/marketing\/2022\/10\/18\/sao-paulo-recebe-nutella-ama-pao-no-parque-ibirapuera-a-partir-desta-sexta-feira\/#primaryimage","url":"https:\/\/www.cidademarketing.com.br\/marketing\/wp-content\/uploads\/2022\/10\/nutella_amapao.png","contentUrl":"https:\/\/www.cidademarketing.com.br\/marketing\/wp-content\/uploads\/2022\/10\/nutella_amapao.png","width":1920,"height":1080},{"@type":"BreadcrumbList","@id":"https:\/\/www.cidademarketing.com.br\/marketing\/2022\/10\/18\/sao-paulo-recebe-nutella-ama-pao-no-parque-ibirapuera-a-partir-desta-sexta-feira\/#breadcrumb","itemListElement":[{"@type":"ListItem","position":1,"name":"In\u00edcio","item":"https:\/\/www.cidademarketing.com.br\/marketing\/"},{"@type":"ListItem","position":2,"name":"S\u00e3o Paulo recebe \u2018Nutella\u00ae Ama P\u00e3o\u2019 no Parque Ibirapuera a partir desta sexta-feira"}]},{"@type":"WebSite","@id":"https:\/\/www.cidademarketing.com.br\/marketing\/#website","url":"https:\/\/www.cidademarketing.com.br\/marketing\/","name":"CidadeMarketing","description":"Somos um ve\u00edculo de comunica\u00e7\u00e3o de destaque no Brasil, reconhecido por conte\u00fados nos segmentos de marketing, empreendedorismo e inova\u00e7\u00e3o.","publisher":{"@id":"https:\/\/www.cidademarketing.com.br\/marketing\/#organization"},"alternateName":"CidadeMarketing","potentialAction":[{"@type":"SearchAction","target":{"@type":"EntryPoint","urlTemplate":"https:\/\/www.cidademarketing.com.br\/marketing\/?s={search_term_string}"},"query-input":{"@type":"PropertyValueSpecification","valueRequired":true,"valueName":"search_term_string"}}],"inLanguage":"pt-BR"},{"@type":"Organization","@id":"https:\/\/www.cidademarketing.com.br\/marketing\/#organization","name":"CidadeMarketing","alternateName":"CidadeMarketing","url":"https:\/\/www.cidademarketing.com.br\/marketing\/","logo":{"@type":"ImageObject","inLanguage":"pt-BR","@id":"https:\/\/www.cidademarketing.com.br\/marketing\/#\/schema\/logo\/image\/","url":"https:\/\/www.cidademarketing.com.br\/marketing\/wp-content\/uploads\/2020\/01\/cidademarketing_marca_mobile.png","contentUrl":"https:\/\/www.cidademarketing.com.br\/marketing\/wp-content\/uploads\/2020\/01\/cidademarketing_marca_mobile.png","width":230,"height":92,"caption":"CidadeMarketing"},"image":{"@id":"https:\/\/www.cidademarketing.com.br\/marketing\/#\/schema\/logo\/image\/"},"sameAs":["https:\/\/www.facebook.com\/portalcidademarketing","https:\/\/x.com\/CidadeMarketing","https:\/\/www.instagram.com\/cidademarketing\/"]},{"@type":"Person","@id":"https:\/\/www.cidademarketing.com.br\/marketing\/#\/schema\/person\/02daff9f18bd9378c9e01eb6b2db155f","name":"Thales Brand\u00e3o","image":{"@type":"ImageObject","inLanguage":"pt-BR","@id":"https:\/\/secure.gravatar.com\/avatar\/7ca3206950207cc3cb48feec56a8a7898741ab725c368d99d5d7a5a50aab80c6?s=96&d=mm&r=g","url":"https:\/\/secure.gravatar.com\/avatar\/7ca3206950207cc3cb48feec56a8a7898741ab725c368d99d5d7a5a50aab80c6?s=96&d=mm&r=g","contentUrl":"https:\/\/secure.gravatar.com\/avatar\/7ca3206950207cc3cb48feec56a8a7898741ab725c368d99d5d7a5a50aab80c6?s=96&d=mm&r=g","caption":"Thales Brand\u00e3o"},"description":"Editor Executivo do Portal CidadeMarketing.com.br &gt; Mestre em Comunica\u00e7\u00e3o e Sociedade pela Universidade Federal de Sergipe. Possui MBA Executivo em Administra\u00e7\u00e3o com \u00eanfase em Marketing pela Funda\u00e7\u00e3o Get\u00falio Vargas - Rio de Janeiro. Consultor, Palestrante e Pesquisador sobre Empreendedorismo, Marketing, Redes Sociais e Neg\u00f3cios Digitais. Professor, Palestrante TedxTalks e Campus Party. Twitter: @ThalesBrandao","sameAs":["http:\/\/www.mandacaru.com.br","https:\/\/www.facebook.com\/thalesbrandao","http:\/\/www.instagram.com.br\/thalesbrandaoferreira","https:\/\/www.linkedin.com\/in\/thales-brand\u00e3o-3948609\/","https:\/\/x.com\/http:\/\/www.twitter.com\/thalesbrandao"],"url":"https:\/\/www.cidademarketing.com.br\/marketing\/author\/thalesbrandao\/"}]}},"amp_enabled":true,"_links":{"self":[{"href":"https:\/\/www.cidademarketing.com.br\/marketing\/wp-json\/wp\/v2\/posts\/38793","targetHints":{"allow":["GET"]}}],"collection":[{"href":"https:\/\/www.cidademarketing.com.br\/marketing\/wp-json\/wp\/v2\/posts"}],"about":[{"href":"https:\/\/www.cidademarketing.com.br\/marketing\/wp-json\/wp\/v2\/types\/post"}],"author":[{"embeddable":true,"href":"https:\/\/www.cidademarketing.com.br\/marketing\/wp-json\/wp\/v2\/users\/1"}],"replies":[{"embeddable":true,"href":"https:\/\/www.cidademarketing.com.br\/marketing\/wp-json\/wp\/v2\/comments?post=38793"}],"version-history":[{"count":1,"href":"https:\/\/www.cidademarketing.com.br\/marketing\/wp-json\/wp\/v2\/posts\/38793\/revisions"}],"predecessor-version":[{"id":38795,"href":"https:\/\/www.cidademarketing.com.br\/marketing\/wp-json\/wp\/v2\/posts\/38793\/revisions\/38795"}],"wp:featuredmedia":[{"embeddable":true,"href":"https:\/\/www.cidademarketing.com.br\/marketing\/wp-json\/wp\/v2\/media\/38794"}],"wp:attachment":[{"href":"https:\/\/www.cidademarketing.com.br\/marketing\/wp-json\/wp\/v2\/media?parent=38793"}],"wp:term":[{"taxonomy":"category","embeddable":true,"href":"https:\/\/www.cidademarketing.com.br\/marketing\/wp-json\/wp\/v2\/categories?post=38793"},{"taxonomy":"post_tag","embeddable":true,"href":"https:\/\/www.cidademarketing.com.br\/marketing\/wp-json\/wp\/v2\/tags?post=38793"}],"curies":[{"name":"wp","href":"https:\/\/api.w.org\/{rel}","templated":true}]}}