{"id":38708,"date":"2022-10-13T08:32:41","date_gmt":"2022-10-13T11:32:41","guid":{"rendered":"https:\/\/www.cidademarketing.com.br\/marketing\/?p=38708"},"modified":"2022-10-13T08:32:41","modified_gmt":"2022-10-13T11:32:41","slug":"bauducco-apresenta-2a-edicao-do-festival-do-pao-e-convoca-time-de-chefes-para-celebrar-a-fermentacao-natural","status":"publish","type":"post","link":"https:\/\/www.cidademarketing.com.br\/marketing\/2022\/10\/13\/bauducco-apresenta-2a-edicao-do-festival-do-pao-e-convoca-time-de-chefes-para-celebrar-a-fermentacao-natural\/","title":{"rendered":"Bauducco apresenta 2\u00aa edi\u00e7\u00e3o do Festival do P\u00e3o e convoca time de chefes para celebrar a fermenta\u00e7\u00e3o natural"},"content":{"rendered":"<p><iframe style=\"border-radius: 12px;\" src=\"https:\/\/open.spotify.com\/embed\/show\/4khMKzP3FgFRWVwb73xicc?utm_source=generator\" width=\"100%\" height=\"352\" frameborder=\"0\" allowfullscreen=\"allowfullscreen\"><\/iframe><br \/>\nEm comemora\u00e7\u00e3o ao Dia Mundial do P\u00e3o, celebrado em 16 de outubro, a Bauducco apresenta a 2\u00aa edi\u00e7\u00e3o do Festival do P\u00e3o, com diversas a\u00e7\u00f5es junto aos consumidores, ativa\u00e7\u00f5es nos pontos de venda e nas redes sociais. Com solu\u00e7\u00f5es completas ao shopper, a marca aposta em materiais de visibilidade no varejo, ativa\u00e7\u00f5es e conte\u00fados no digital, criando um movimento propriet\u00e1rio que fortalece a marca nessa categoria e incentiva a celebra\u00e7\u00e3o da data.<\/p>\n<p>Al\u00e9m disso, a marca reuniu um time de chefs que, em suas pr\u00f3prias redes, produzir\u00e3o receitas deliciosas usando a linha de p\u00e3es da marca, t\u00e3o querida pelos brasileiros. Para isso, contar\u00e1 com participa\u00e7\u00f5es especiais dos chefes Rog\u00e9rio Shimura, Raul Lemos, Larissa Januario, Luiza Zaidan, Eduardo Prado e Juliana Nicoli. Durante a semana, cada influenciador produzir\u00e1 uma receita usando a linha da Bauducco: p\u00e3o de forma tradicional, integral, gr\u00e3o cl\u00e1ssicos e bisnaguinhas.<\/p>\n<p>Toda a a\u00e7\u00e3o tem o objetivo de explicar o que \u00e9 a fermenta\u00e7\u00e3o natural e refor\u00e7ar a hist\u00f3ria da \u201cmassa madre\u201d, o fermento vivo que \u00e9 o segredo por tr\u00e1s das receitas da Bauducco. H\u00e1 70 anos, a massa madre \u00e9 a mesma trazida da It\u00e1lia pelo fundador da empresa e d\u00e1 origem aos famosos Panettones, Chocottone\u00ae e Colomba, al\u00e9m dos p\u00e3es e bisnaguinhas. O processo garante textura, maciez, leveza, al\u00e9m de aroma e sabor \u00fanico.<\/p>\n<p>De acordo com Juliana Cor\u00e1, Gerente Executiva de Marketing da Bauducco, depois do \u201cboom\u201d de consumo de p\u00e3es que aconteceu no per\u00edodo da pandemia, inclusive com mais pessoas buscando fazer os seus pr\u00f3prios p\u00e3es de fermenta\u00e7\u00e3o natural em casa, a categoria vem crescendo exponencialmente e conquistando novos consumidores.<\/p>\n<p>\u201cNos \u00faltimos anos, ficamos muito atentos \u00e0s tend\u00eancias e ao perfil do nosso consumidor. Por isso, h\u00e1 um ano aumentamos a linha da Bauducco para a produ\u00e7\u00e3o de p\u00e3es de forma e expandimos o portf\u00f3lio de p\u00e3es com o lan\u00e7amento das bisnaguinhas feitas com fermenta\u00e7\u00e3o natural, buscando fortalecer a presen\u00e7a da marca no segmento. Toda a linha \u00e9 feita com fermenta\u00e7\u00e3o natural, que remete ao cuidado no preparo, tornando os produtos \u00fanicos, leves e macios\u201d, explica Juliana.<\/p>\n<p><iframe style=\"width: 100%; max-width: 660px; overflow: hidden; background: transparent;\" src=\"https:\/\/embed.podcasts.apple.com\/br\/podcast\/podcast-cidademarketing\/id1371923283\" height=\"450\" frameborder=\"0\" sandbox=\"allow-forms allow-popups allow-same-origin allow-scripts allow-storage-access-by-user-activation allow-top-navigation-by-user-activation\"><\/iframe><\/p>\n","protected":false},"excerpt":{"rendered":"<p>Em comemora\u00e7\u00e3o ao Dia Mundial do P\u00e3o, celebrado em 16 de outubro, a Bauducco apresenta a 2\u00aa edi\u00e7\u00e3o do Festival do P\u00e3o, com diversas a\u00e7\u00f5es junto aos consumidores, ativa\u00e7\u00f5es nos pontos de venda e nas redes sociais. Com solu\u00e7\u00f5es completas ao shopper, a marca aposta em materiais de visibilidade no varejo, ativa\u00e7\u00f5es e conte\u00fados no [&hellip;]<\/p>\n","protected":false},"author":1,"featured_media":38711,"comment_status":"open","ping_status":"open","sticky":false,"template":"","format":"standard","meta":{"tdm_status":"","tdm_grid_status":"","footnotes":""},"categories":[6],"tags":[2586,65,33,28,55],"class_list":["post-38708","post","type-post","status-publish","format-standard","has-post-thumbnail","hentry","category-noticias","tag-bauducco","tag-campanha","tag-estrategia","tag-marketing","tag-relacionamento"],"yoast_head":"<!-- This site is optimized with the Yoast SEO plugin v27.5 - https:\/\/yoast.com\/product\/yoast-seo-wordpress\/ -->\n<title>Bauducco apresenta 2\u00aa edi\u00e7\u00e3o do Festival do P\u00e3o e convoca time de chefes para celebrar a fermenta\u00e7\u00e3o natural - CidadeMarketing<\/title>\n<meta name=\"robots\" content=\"index, follow, max-snippet:-1, max-image-preview:large, max-video-preview:-1\" \/>\n<link rel=\"canonical\" href=\"https:\/\/www.cidademarketing.com.br\/marketing\/2022\/10\/13\/bauducco-apresenta-2a-edicao-do-festival-do-pao-e-convoca-time-de-chefes-para-celebrar-a-fermentacao-natural\/\" \/>\n<meta property=\"og:locale\" content=\"pt_BR\" \/>\n<meta property=\"og:type\" content=\"article\" \/>\n<meta property=\"og:title\" content=\"Bauducco apresenta 2\u00aa edi\u00e7\u00e3o do Festival do P\u00e3o e convoca time de chefes para celebrar a fermenta\u00e7\u00e3o natural - CidadeMarketing\" \/>\n<meta property=\"og:description\" content=\"Em comemora\u00e7\u00e3o ao Dia Mundial do P\u00e3o, celebrado em 16 de outubro, a Bauducco apresenta a 2\u00aa edi\u00e7\u00e3o do Festival do P\u00e3o, com diversas a\u00e7\u00f5es junto aos consumidores, ativa\u00e7\u00f5es nos pontos de venda e nas redes sociais. Com solu\u00e7\u00f5es completas ao shopper, a marca aposta em materiais de visibilidade no varejo, ativa\u00e7\u00f5es e conte\u00fados no [&hellip;]\" \/>\n<meta property=\"og:url\" content=\"https:\/\/www.cidademarketing.com.br\/marketing\/2022\/10\/13\/bauducco-apresenta-2a-edicao-do-festival-do-pao-e-convoca-time-de-chefes-para-celebrar-a-fermentacao-natural\/\" \/>\n<meta property=\"og:site_name\" content=\"CidadeMarketing\" \/>\n<meta property=\"article:publisher\" content=\"https:\/\/www.facebook.com\/portalcidademarketing\" \/>\n<meta property=\"article:author\" content=\"https:\/\/www.facebook.com\/thalesbrandao\" \/>\n<meta property=\"article:published_time\" content=\"2022-10-13T11:32:41+00:00\" \/>\n<meta property=\"og:image\" content=\"https:\/\/www.cidademarketing.com.br\/marketing\/wp-content\/uploads\/2022\/10\/bauducco_paofestival.png\" \/>\n\t<meta property=\"og:image:width\" content=\"269\" \/>\n\t<meta property=\"og:image:height\" content=\"561\" \/>\n\t<meta property=\"og:image:type\" content=\"image\/png\" \/>\n<meta name=\"author\" content=\"Thales Brand\u00e3o\" \/>\n<meta name=\"twitter:card\" content=\"summary_large_image\" \/>\n<meta name=\"twitter:creator\" content=\"@http:\/\/www.twitter.com\/thalesbrandao\" \/>\n<meta name=\"twitter:site\" content=\"@CidadeMarketing\" \/>\n<meta name=\"twitter:label1\" content=\"Escrito por\" \/>\n\t<meta name=\"twitter:data1\" content=\"Thales Brand\u00e3o\" \/>\n\t<meta name=\"twitter:label2\" content=\"Est. tempo de leitura\" \/>\n\t<meta name=\"twitter:data2\" content=\"2 minutos\" \/>\n<script type=\"application\/ld+json\" class=\"yoast-schema-graph\">{\"@context\":\"https:\\\/\\\/schema.org\",\"@graph\":[{\"@type\":\"Article\",\"@id\":\"https:\\\/\\\/www.cidademarketing.com.br\\\/marketing\\\/2022\\\/10\\\/13\\\/bauducco-apresenta-2a-edicao-do-festival-do-pao-e-convoca-time-de-chefes-para-celebrar-a-fermentacao-natural\\\/#article\",\"isPartOf\":{\"@id\":\"https:\\\/\\\/www.cidademarketing.com.br\\\/marketing\\\/2022\\\/10\\\/13\\\/bauducco-apresenta-2a-edicao-do-festival-do-pao-e-convoca-time-de-chefes-para-celebrar-a-fermentacao-natural\\\/\"},\"author\":{\"name\":\"Thales Brand\u00e3o\",\"@id\":\"https:\\\/\\\/www.cidademarketing.com.br\\\/marketing\\\/#\\\/schema\\\/person\\\/02daff9f18bd9378c9e01eb6b2db155f\"},\"headline\":\"Bauducco apresenta 2\u00aa edi\u00e7\u00e3o do Festival do P\u00e3o e convoca time de chefes para celebrar a fermenta\u00e7\u00e3o natural\",\"datePublished\":\"2022-10-13T11:32:41+00:00\",\"mainEntityOfPage\":{\"@id\":\"https:\\\/\\\/www.cidademarketing.com.br\\\/marketing\\\/2022\\\/10\\\/13\\\/bauducco-apresenta-2a-edicao-do-festival-do-pao-e-convoca-time-de-chefes-para-celebrar-a-fermentacao-natural\\\/\"},\"wordCount\":401,\"commentCount\":0,\"publisher\":{\"@id\":\"https:\\\/\\\/www.cidademarketing.com.br\\\/marketing\\\/#organization\"},\"image\":{\"@id\":\"https:\\\/\\\/www.cidademarketing.com.br\\\/marketing\\\/2022\\\/10\\\/13\\\/bauducco-apresenta-2a-edicao-do-festival-do-pao-e-convoca-time-de-chefes-para-celebrar-a-fermentacao-natural\\\/#primaryimage\"},\"thumbnailUrl\":\"https:\\\/\\\/www.cidademarketing.com.br\\\/marketing\\\/wp-content\\\/uploads\\\/2022\\\/10\\\/bauducco_paofestival.png\",\"keywords\":[\"Bauducco\",\"campanha\",\"estrat\u00e9gia\",\"marketing\",\"relacionamento\"],\"articleSection\":[\"Not\u00edcias\"],\"inLanguage\":\"pt-BR\",\"potentialAction\":[{\"@type\":\"CommentAction\",\"name\":\"Comment\",\"target\":[\"https:\\\/\\\/www.cidademarketing.com.br\\\/marketing\\\/2022\\\/10\\\/13\\\/bauducco-apresenta-2a-edicao-do-festival-do-pao-e-convoca-time-de-chefes-para-celebrar-a-fermentacao-natural\\\/#respond\"]}]},{\"@type\":\"WebPage\",\"@id\":\"https:\\\/\\\/www.cidademarketing.com.br\\\/marketing\\\/2022\\\/10\\\/13\\\/bauducco-apresenta-2a-edicao-do-festival-do-pao-e-convoca-time-de-chefes-para-celebrar-a-fermentacao-natural\\\/\",\"url\":\"https:\\\/\\\/www.cidademarketing.com.br\\\/marketing\\\/2022\\\/10\\\/13\\\/bauducco-apresenta-2a-edicao-do-festival-do-pao-e-convoca-time-de-chefes-para-celebrar-a-fermentacao-natural\\\/\",\"name\":\"Bauducco apresenta 2\u00aa edi\u00e7\u00e3o do Festival do P\u00e3o e convoca time de chefes para celebrar a fermenta\u00e7\u00e3o natural - CidadeMarketing\",\"isPartOf\":{\"@id\":\"https:\\\/\\\/www.cidademarketing.com.br\\\/marketing\\\/#website\"},\"primaryImageOfPage\":{\"@id\":\"https:\\\/\\\/www.cidademarketing.com.br\\\/marketing\\\/2022\\\/10\\\/13\\\/bauducco-apresenta-2a-edicao-do-festival-do-pao-e-convoca-time-de-chefes-para-celebrar-a-fermentacao-natural\\\/#primaryimage\"},\"image\":{\"@id\":\"https:\\\/\\\/www.cidademarketing.com.br\\\/marketing\\\/2022\\\/10\\\/13\\\/bauducco-apresenta-2a-edicao-do-festival-do-pao-e-convoca-time-de-chefes-para-celebrar-a-fermentacao-natural\\\/#primaryimage\"},\"thumbnailUrl\":\"https:\\\/\\\/www.cidademarketing.com.br\\\/marketing\\\/wp-content\\\/uploads\\\/2022\\\/10\\\/bauducco_paofestival.png\",\"datePublished\":\"2022-10-13T11:32:41+00:00\",\"breadcrumb\":{\"@id\":\"https:\\\/\\\/www.cidademarketing.com.br\\\/marketing\\\/2022\\\/10\\\/13\\\/bauducco-apresenta-2a-edicao-do-festival-do-pao-e-convoca-time-de-chefes-para-celebrar-a-fermentacao-natural\\\/#breadcrumb\"},\"inLanguage\":\"pt-BR\",\"potentialAction\":[{\"@type\":\"ReadAction\",\"target\":[\"https:\\\/\\\/www.cidademarketing.com.br\\\/marketing\\\/2022\\\/10\\\/13\\\/bauducco-apresenta-2a-edicao-do-festival-do-pao-e-convoca-time-de-chefes-para-celebrar-a-fermentacao-natural\\\/\"]}]},{\"@type\":\"ImageObject\",\"inLanguage\":\"pt-BR\",\"@id\":\"https:\\\/\\\/www.cidademarketing.com.br\\\/marketing\\\/2022\\\/10\\\/13\\\/bauducco-apresenta-2a-edicao-do-festival-do-pao-e-convoca-time-de-chefes-para-celebrar-a-fermentacao-natural\\\/#primaryimage\",\"url\":\"https:\\\/\\\/www.cidademarketing.com.br\\\/marketing\\\/wp-content\\\/uploads\\\/2022\\\/10\\\/bauducco_paofestival.png\",\"contentUrl\":\"https:\\\/\\\/www.cidademarketing.com.br\\\/marketing\\\/wp-content\\\/uploads\\\/2022\\\/10\\\/bauducco_paofestival.png\",\"width\":269,\"height\":561},{\"@type\":\"BreadcrumbList\",\"@id\":\"https:\\\/\\\/www.cidademarketing.com.br\\\/marketing\\\/2022\\\/10\\\/13\\\/bauducco-apresenta-2a-edicao-do-festival-do-pao-e-convoca-time-de-chefes-para-celebrar-a-fermentacao-natural\\\/#breadcrumb\",\"itemListElement\":[{\"@type\":\"ListItem\",\"position\":1,\"name\":\"In\u00edcio\",\"item\":\"https:\\\/\\\/www.cidademarketing.com.br\\\/marketing\\\/\"},{\"@type\":\"ListItem\",\"position\":2,\"name\":\"Bauducco apresenta 2\u00aa edi\u00e7\u00e3o do Festival do P\u00e3o e convoca time de chefes para celebrar a fermenta\u00e7\u00e3o natural\"}]},{\"@type\":\"WebSite\",\"@id\":\"https:\\\/\\\/www.cidademarketing.com.br\\\/marketing\\\/#website\",\"url\":\"https:\\\/\\\/www.cidademarketing.com.br\\\/marketing\\\/\",\"name\":\"CidadeMarketing\",\"description\":\"Somos um ve\u00edculo de comunica\u00e7\u00e3o de destaque no Brasil, reconhecido por conte\u00fados nos segmentos de marketing, empreendedorismo e inova\u00e7\u00e3o.\",\"publisher\":{\"@id\":\"https:\\\/\\\/www.cidademarketing.com.br\\\/marketing\\\/#organization\"},\"alternateName\":\"CidadeMarketing\",\"potentialAction\":[{\"@type\":\"SearchAction\",\"target\":{\"@type\":\"EntryPoint\",\"urlTemplate\":\"https:\\\/\\\/www.cidademarketing.com.br\\\/marketing\\\/?s={search_term_string}\"},\"query-input\":{\"@type\":\"PropertyValueSpecification\",\"valueRequired\":true,\"valueName\":\"search_term_string\"}}],\"inLanguage\":\"pt-BR\"},{\"@type\":\"Organization\",\"@id\":\"https:\\\/\\\/www.cidademarketing.com.br\\\/marketing\\\/#organization\",\"name\":\"CidadeMarketing\",\"alternateName\":\"CidadeMarketing\",\"url\":\"https:\\\/\\\/www.cidademarketing.com.br\\\/marketing\\\/\",\"logo\":{\"@type\":\"ImageObject\",\"inLanguage\":\"pt-BR\",\"@id\":\"https:\\\/\\\/www.cidademarketing.com.br\\\/marketing\\\/#\\\/schema\\\/logo\\\/image\\\/\",\"url\":\"https:\\\/\\\/www.cidademarketing.com.br\\\/marketing\\\/wp-content\\\/uploads\\\/2020\\\/01\\\/cidademarketing_marca_mobile.png\",\"contentUrl\":\"https:\\\/\\\/www.cidademarketing.com.br\\\/marketing\\\/wp-content\\\/uploads\\\/2020\\\/01\\\/cidademarketing_marca_mobile.png\",\"width\":230,\"height\":92,\"caption\":\"CidadeMarketing\"},\"image\":{\"@id\":\"https:\\\/\\\/www.cidademarketing.com.br\\\/marketing\\\/#\\\/schema\\\/logo\\\/image\\\/\"},\"sameAs\":[\"https:\\\/\\\/www.facebook.com\\\/portalcidademarketing\",\"https:\\\/\\\/x.com\\\/CidadeMarketing\",\"https:\\\/\\\/www.instagram.com\\\/cidademarketing\\\/\"]},{\"@type\":\"Person\",\"@id\":\"https:\\\/\\\/www.cidademarketing.com.br\\\/marketing\\\/#\\\/schema\\\/person\\\/02daff9f18bd9378c9e01eb6b2db155f\",\"name\":\"Thales Brand\u00e3o\",\"image\":{\"@type\":\"ImageObject\",\"inLanguage\":\"pt-BR\",\"@id\":\"https:\\\/\\\/secure.gravatar.com\\\/avatar\\\/7ca3206950207cc3cb48feec56a8a7898741ab725c368d99d5d7a5a50aab80c6?s=96&d=mm&r=g\",\"url\":\"https:\\\/\\\/secure.gravatar.com\\\/avatar\\\/7ca3206950207cc3cb48feec56a8a7898741ab725c368d99d5d7a5a50aab80c6?s=96&d=mm&r=g\",\"contentUrl\":\"https:\\\/\\\/secure.gravatar.com\\\/avatar\\\/7ca3206950207cc3cb48feec56a8a7898741ab725c368d99d5d7a5a50aab80c6?s=96&d=mm&r=g\",\"caption\":\"Thales Brand\u00e3o\"},\"description\":\"Editor Executivo do Portal CidadeMarketing.com.br &gt; Mestre em Comunica\u00e7\u00e3o e Sociedade pela Universidade Federal de Sergipe. Possui MBA Executivo em Administra\u00e7\u00e3o com \u00eanfase em Marketing pela Funda\u00e7\u00e3o Get\u00falio Vargas - Rio de Janeiro. Consultor, Palestrante e Pesquisador sobre Empreendedorismo, Marketing, Redes Sociais e Neg\u00f3cios Digitais. Professor, Palestrante TedxTalks e Campus Party. Twitter: @ThalesBrandao\",\"sameAs\":[\"http:\\\/\\\/www.mandacaru.com.br\",\"https:\\\/\\\/www.facebook.com\\\/thalesbrandao\",\"http:\\\/\\\/www.instagram.com.br\\\/thalesbrandaoferreira\",\"https:\\\/\\\/www.linkedin.com\\\/in\\\/thales-brand\u00e3o-3948609\\\/\",\"https:\\\/\\\/x.com\\\/http:\\\/\\\/www.twitter.com\\\/thalesbrandao\"],\"url\":\"https:\\\/\\\/www.cidademarketing.com.br\\\/marketing\\\/author\\\/thalesbrandao\\\/\"}]}<\/script>\n<!-- \/ Yoast SEO plugin. -->","yoast_head_json":{"title":"Bauducco apresenta 2\u00aa edi\u00e7\u00e3o do Festival do P\u00e3o e convoca time de chefes para celebrar a fermenta\u00e7\u00e3o natural - CidadeMarketing","robots":{"index":"index","follow":"follow","max-snippet":"max-snippet:-1","max-image-preview":"max-image-preview:large","max-video-preview":"max-video-preview:-1"},"canonical":"https:\/\/www.cidademarketing.com.br\/marketing\/2022\/10\/13\/bauducco-apresenta-2a-edicao-do-festival-do-pao-e-convoca-time-de-chefes-para-celebrar-a-fermentacao-natural\/","og_locale":"pt_BR","og_type":"article","og_title":"Bauducco apresenta 2\u00aa edi\u00e7\u00e3o do Festival do P\u00e3o e convoca time de chefes para celebrar a fermenta\u00e7\u00e3o natural - CidadeMarketing","og_description":"Em comemora\u00e7\u00e3o ao Dia Mundial do P\u00e3o, celebrado em 16 de outubro, a Bauducco apresenta a 2\u00aa edi\u00e7\u00e3o do Festival do P\u00e3o, com diversas a\u00e7\u00f5es junto aos consumidores, ativa\u00e7\u00f5es nos pontos de venda e nas redes sociais. Com solu\u00e7\u00f5es completas ao shopper, a marca aposta em materiais de visibilidade no varejo, ativa\u00e7\u00f5es e conte\u00fados no [&hellip;]","og_url":"https:\/\/www.cidademarketing.com.br\/marketing\/2022\/10\/13\/bauducco-apresenta-2a-edicao-do-festival-do-pao-e-convoca-time-de-chefes-para-celebrar-a-fermentacao-natural\/","og_site_name":"CidadeMarketing","article_publisher":"https:\/\/www.facebook.com\/portalcidademarketing","article_author":"https:\/\/www.facebook.com\/thalesbrandao","article_published_time":"2022-10-13T11:32:41+00:00","og_image":[{"width":269,"height":561,"url":"https:\/\/www.cidademarketing.com.br\/marketing\/wp-content\/uploads\/2022\/10\/bauducco_paofestival.png","type":"image\/png"}],"author":"Thales Brand\u00e3o","twitter_card":"summary_large_image","twitter_creator":"@http:\/\/www.twitter.com\/thalesbrandao","twitter_site":"@CidadeMarketing","twitter_misc":{"Escrito por":"Thales Brand\u00e3o","Est. tempo de leitura":"2 minutos"},"schema":{"@context":"https:\/\/schema.org","@graph":[{"@type":"Article","@id":"https:\/\/www.cidademarketing.com.br\/marketing\/2022\/10\/13\/bauducco-apresenta-2a-edicao-do-festival-do-pao-e-convoca-time-de-chefes-para-celebrar-a-fermentacao-natural\/#article","isPartOf":{"@id":"https:\/\/www.cidademarketing.com.br\/marketing\/2022\/10\/13\/bauducco-apresenta-2a-edicao-do-festival-do-pao-e-convoca-time-de-chefes-para-celebrar-a-fermentacao-natural\/"},"author":{"name":"Thales Brand\u00e3o","@id":"https:\/\/www.cidademarketing.com.br\/marketing\/#\/schema\/person\/02daff9f18bd9378c9e01eb6b2db155f"},"headline":"Bauducco apresenta 2\u00aa edi\u00e7\u00e3o do Festival do P\u00e3o e convoca time de chefes para celebrar a fermenta\u00e7\u00e3o natural","datePublished":"2022-10-13T11:32:41+00:00","mainEntityOfPage":{"@id":"https:\/\/www.cidademarketing.com.br\/marketing\/2022\/10\/13\/bauducco-apresenta-2a-edicao-do-festival-do-pao-e-convoca-time-de-chefes-para-celebrar-a-fermentacao-natural\/"},"wordCount":401,"commentCount":0,"publisher":{"@id":"https:\/\/www.cidademarketing.com.br\/marketing\/#organization"},"image":{"@id":"https:\/\/www.cidademarketing.com.br\/marketing\/2022\/10\/13\/bauducco-apresenta-2a-edicao-do-festival-do-pao-e-convoca-time-de-chefes-para-celebrar-a-fermentacao-natural\/#primaryimage"},"thumbnailUrl":"https:\/\/www.cidademarketing.com.br\/marketing\/wp-content\/uploads\/2022\/10\/bauducco_paofestival.png","keywords":["Bauducco","campanha","estrat\u00e9gia","marketing","relacionamento"],"articleSection":["Not\u00edcias"],"inLanguage":"pt-BR","potentialAction":[{"@type":"CommentAction","name":"Comment","target":["https:\/\/www.cidademarketing.com.br\/marketing\/2022\/10\/13\/bauducco-apresenta-2a-edicao-do-festival-do-pao-e-convoca-time-de-chefes-para-celebrar-a-fermentacao-natural\/#respond"]}]},{"@type":"WebPage","@id":"https:\/\/www.cidademarketing.com.br\/marketing\/2022\/10\/13\/bauducco-apresenta-2a-edicao-do-festival-do-pao-e-convoca-time-de-chefes-para-celebrar-a-fermentacao-natural\/","url":"https:\/\/www.cidademarketing.com.br\/marketing\/2022\/10\/13\/bauducco-apresenta-2a-edicao-do-festival-do-pao-e-convoca-time-de-chefes-para-celebrar-a-fermentacao-natural\/","name":"Bauducco apresenta 2\u00aa edi\u00e7\u00e3o do Festival do P\u00e3o e convoca time de chefes para celebrar a fermenta\u00e7\u00e3o natural - CidadeMarketing","isPartOf":{"@id":"https:\/\/www.cidademarketing.com.br\/marketing\/#website"},"primaryImageOfPage":{"@id":"https:\/\/www.cidademarketing.com.br\/marketing\/2022\/10\/13\/bauducco-apresenta-2a-edicao-do-festival-do-pao-e-convoca-time-de-chefes-para-celebrar-a-fermentacao-natural\/#primaryimage"},"image":{"@id":"https:\/\/www.cidademarketing.com.br\/marketing\/2022\/10\/13\/bauducco-apresenta-2a-edicao-do-festival-do-pao-e-convoca-time-de-chefes-para-celebrar-a-fermentacao-natural\/#primaryimage"},"thumbnailUrl":"https:\/\/www.cidademarketing.com.br\/marketing\/wp-content\/uploads\/2022\/10\/bauducco_paofestival.png","datePublished":"2022-10-13T11:32:41+00:00","breadcrumb":{"@id":"https:\/\/www.cidademarketing.com.br\/marketing\/2022\/10\/13\/bauducco-apresenta-2a-edicao-do-festival-do-pao-e-convoca-time-de-chefes-para-celebrar-a-fermentacao-natural\/#breadcrumb"},"inLanguage":"pt-BR","potentialAction":[{"@type":"ReadAction","target":["https:\/\/www.cidademarketing.com.br\/marketing\/2022\/10\/13\/bauducco-apresenta-2a-edicao-do-festival-do-pao-e-convoca-time-de-chefes-para-celebrar-a-fermentacao-natural\/"]}]},{"@type":"ImageObject","inLanguage":"pt-BR","@id":"https:\/\/www.cidademarketing.com.br\/marketing\/2022\/10\/13\/bauducco-apresenta-2a-edicao-do-festival-do-pao-e-convoca-time-de-chefes-para-celebrar-a-fermentacao-natural\/#primaryimage","url":"https:\/\/www.cidademarketing.com.br\/marketing\/wp-content\/uploads\/2022\/10\/bauducco_paofestival.png","contentUrl":"https:\/\/www.cidademarketing.com.br\/marketing\/wp-content\/uploads\/2022\/10\/bauducco_paofestival.png","width":269,"height":561},{"@type":"BreadcrumbList","@id":"https:\/\/www.cidademarketing.com.br\/marketing\/2022\/10\/13\/bauducco-apresenta-2a-edicao-do-festival-do-pao-e-convoca-time-de-chefes-para-celebrar-a-fermentacao-natural\/#breadcrumb","itemListElement":[{"@type":"ListItem","position":1,"name":"In\u00edcio","item":"https:\/\/www.cidademarketing.com.br\/marketing\/"},{"@type":"ListItem","position":2,"name":"Bauducco apresenta 2\u00aa edi\u00e7\u00e3o do Festival do P\u00e3o e convoca time de chefes para celebrar a fermenta\u00e7\u00e3o natural"}]},{"@type":"WebSite","@id":"https:\/\/www.cidademarketing.com.br\/marketing\/#website","url":"https:\/\/www.cidademarketing.com.br\/marketing\/","name":"CidadeMarketing","description":"Somos um ve\u00edculo de comunica\u00e7\u00e3o de destaque no Brasil, reconhecido por conte\u00fados nos segmentos de marketing, empreendedorismo e inova\u00e7\u00e3o.","publisher":{"@id":"https:\/\/www.cidademarketing.com.br\/marketing\/#organization"},"alternateName":"CidadeMarketing","potentialAction":[{"@type":"SearchAction","target":{"@type":"EntryPoint","urlTemplate":"https:\/\/www.cidademarketing.com.br\/marketing\/?s={search_term_string}"},"query-input":{"@type":"PropertyValueSpecification","valueRequired":true,"valueName":"search_term_string"}}],"inLanguage":"pt-BR"},{"@type":"Organization","@id":"https:\/\/www.cidademarketing.com.br\/marketing\/#organization","name":"CidadeMarketing","alternateName":"CidadeMarketing","url":"https:\/\/www.cidademarketing.com.br\/marketing\/","logo":{"@type":"ImageObject","inLanguage":"pt-BR","@id":"https:\/\/www.cidademarketing.com.br\/marketing\/#\/schema\/logo\/image\/","url":"https:\/\/www.cidademarketing.com.br\/marketing\/wp-content\/uploads\/2020\/01\/cidademarketing_marca_mobile.png","contentUrl":"https:\/\/www.cidademarketing.com.br\/marketing\/wp-content\/uploads\/2020\/01\/cidademarketing_marca_mobile.png","width":230,"height":92,"caption":"CidadeMarketing"},"image":{"@id":"https:\/\/www.cidademarketing.com.br\/marketing\/#\/schema\/logo\/image\/"},"sameAs":["https:\/\/www.facebook.com\/portalcidademarketing","https:\/\/x.com\/CidadeMarketing","https:\/\/www.instagram.com\/cidademarketing\/"]},{"@type":"Person","@id":"https:\/\/www.cidademarketing.com.br\/marketing\/#\/schema\/person\/02daff9f18bd9378c9e01eb6b2db155f","name":"Thales Brand\u00e3o","image":{"@type":"ImageObject","inLanguage":"pt-BR","@id":"https:\/\/secure.gravatar.com\/avatar\/7ca3206950207cc3cb48feec56a8a7898741ab725c368d99d5d7a5a50aab80c6?s=96&d=mm&r=g","url":"https:\/\/secure.gravatar.com\/avatar\/7ca3206950207cc3cb48feec56a8a7898741ab725c368d99d5d7a5a50aab80c6?s=96&d=mm&r=g","contentUrl":"https:\/\/secure.gravatar.com\/avatar\/7ca3206950207cc3cb48feec56a8a7898741ab725c368d99d5d7a5a50aab80c6?s=96&d=mm&r=g","caption":"Thales Brand\u00e3o"},"description":"Editor Executivo do Portal CidadeMarketing.com.br &gt; Mestre em Comunica\u00e7\u00e3o e Sociedade pela Universidade Federal de Sergipe. Possui MBA Executivo em Administra\u00e7\u00e3o com \u00eanfase em Marketing pela Funda\u00e7\u00e3o Get\u00falio Vargas - Rio de Janeiro. Consultor, Palestrante e Pesquisador sobre Empreendedorismo, Marketing, Redes Sociais e Neg\u00f3cios Digitais. Professor, Palestrante TedxTalks e Campus Party. Twitter: @ThalesBrandao","sameAs":["http:\/\/www.mandacaru.com.br","https:\/\/www.facebook.com\/thalesbrandao","http:\/\/www.instagram.com.br\/thalesbrandaoferreira","https:\/\/www.linkedin.com\/in\/thales-brand\u00e3o-3948609\/","https:\/\/x.com\/http:\/\/www.twitter.com\/thalesbrandao"],"url":"https:\/\/www.cidademarketing.com.br\/marketing\/author\/thalesbrandao\/"}]}},"amp_enabled":true,"_links":{"self":[{"href":"https:\/\/www.cidademarketing.com.br\/marketing\/wp-json\/wp\/v2\/posts\/38708","targetHints":{"allow":["GET"]}}],"collection":[{"href":"https:\/\/www.cidademarketing.com.br\/marketing\/wp-json\/wp\/v2\/posts"}],"about":[{"href":"https:\/\/www.cidademarketing.com.br\/marketing\/wp-json\/wp\/v2\/types\/post"}],"author":[{"embeddable":true,"href":"https:\/\/www.cidademarketing.com.br\/marketing\/wp-json\/wp\/v2\/users\/1"}],"replies":[{"embeddable":true,"href":"https:\/\/www.cidademarketing.com.br\/marketing\/wp-json\/wp\/v2\/comments?post=38708"}],"version-history":[{"count":2,"href":"https:\/\/www.cidademarketing.com.br\/marketing\/wp-json\/wp\/v2\/posts\/38708\/revisions"}],"predecessor-version":[{"id":38712,"href":"https:\/\/www.cidademarketing.com.br\/marketing\/wp-json\/wp\/v2\/posts\/38708\/revisions\/38712"}],"wp:featuredmedia":[{"embeddable":true,"href":"https:\/\/www.cidademarketing.com.br\/marketing\/wp-json\/wp\/v2\/media\/38711"}],"wp:attachment":[{"href":"https:\/\/www.cidademarketing.com.br\/marketing\/wp-json\/wp\/v2\/media?parent=38708"}],"wp:term":[{"taxonomy":"category","embeddable":true,"href":"https:\/\/www.cidademarketing.com.br\/marketing\/wp-json\/wp\/v2\/categories?post=38708"},{"taxonomy":"post_tag","embeddable":true,"href":"https:\/\/www.cidademarketing.com.br\/marketing\/wp-json\/wp\/v2\/tags?post=38708"}],"curies":[{"name":"wp","href":"https:\/\/api.w.org\/{rel}","templated":true}]}}