{"id":38674,"date":"2022-10-12T00:17:36","date_gmt":"2022-10-12T03:17:36","guid":{"rendered":"https:\/\/www.cidademarketing.com.br\/marketing\/?p=38674"},"modified":"2022-10-12T00:17:36","modified_gmt":"2022-10-12T03:17:36","slug":"mms-reforca-uniao-feminina-com-edicao-especial-para-outubro-rosa","status":"publish","type":"post","link":"https:\/\/www.cidademarketing.com.br\/marketing\/2022\/10\/12\/mms-reforca-uniao-feminina-com-edicao-especial-para-outubro-rosa\/","title":{"rendered":"M&#038;M\u2019S\u00ae refor\u00e7a uni\u00e3o feminina com edi\u00e7\u00e3o especial para Outubro Rosa"},"content":{"rendered":"<p><iframe style=\"border-radius: 12px;\" src=\"https:\/\/open.spotify.com\/embed\/show\/4khMKzP3FgFRWVwb73xicc?utm_source=generator\" width=\"100%\" height=\"352\" frameborder=\"0\" allowfullscreen=\"allowfullscreen\"><\/iframe><br \/>\nCom o objetivo de gerar conscientiza\u00e7\u00e3o sobre o diagn\u00f3stico precoce do c\u00e2ncer de mama e estimular os exames de rotina, a marca M&amp;M\u2019S\u00ae, pertencente \u00e0 empresa Mars, volta com a edi\u00e7\u00e3o limitada cor-de-rosa durante o m\u00eas de outubro, per\u00edodo de destaque para falar sobre o tema. Desta vez, a campanha conta com a presen\u00e7a das duas personagens femininas da marca, a senhorita Verde e a senhorita Marrom, al\u00e9m da parceria com a FEMAMA (Federa\u00e7\u00e3o Brasileira de Institui\u00e7\u00f5es Filantr\u00f3picas de Apoio \u00e0 Sa\u00fade da Mama) para refor\u00e7ar a mensagem de cuidado e preven\u00e7\u00e3o. Sob o conceito \u201cTr\u00eas Perguntas que Salvam\u201d, a Federa\u00e7\u00e3o consolida uma sequ\u00eancia de questionamentos que levam a reflex\u00e3o \u00e0 popula\u00e7\u00e3o brasileira. Com tr\u00eas perguntas \u00e9 poss\u00edvel estimular que mais pessoas saibam sobre o c\u00e2ncer de mama, avan\u00e7os das tecnologias para seu tratamento, ao longo dos \u00faltimos anos, e o qu\u00e3o importante \u00e9 o diagn\u00f3stico precoce.<\/p>\n<p>\u201cDentro do nosso prop\u00f3sito como companhia e como marca, \u00e9 nossa responsabilidade proporcionar momentos de divers\u00e3o e de cuidado. Entendemos que o poder da linguagem de M&amp;M\u2019S\u00ae se estende para os mais diversos p\u00fablicos e, por isso, criamos espa\u00e7os para falar das causas que estejam alinhadas com nossos compromissos e princ\u00edpios.\u201d, afirma Lenize Oliveira, head de Marketing de Mars Wrigley Brasil, detentora da marca de M&amp;M\u2019S\u00ae.<\/p>\n<p>Dados levantados pela FEMAMA mostram que 90% dos casos de c\u00e2ncer de mama ocorrem de forma espont\u00e2nea ao longo da vida. Destes, 10% s\u00e3o heredit\u00e1rios, e, por isso, a mensagem da campanha este ano reflete em somar esfor\u00e7os para estimular a ida a consultas de exames de rotina a fim de identificar os diagn\u00f3sticos com antecipa\u00e7\u00e3o, ainda nas primeiras fases, visto que quanto mais r\u00e1pido o c\u00e2ncer de mama for diagnosticado e tratado, maiores s\u00e3o as chances de cura e as possibilidades de tratamentos que costumam ser menos invasivos. A detec\u00e7\u00e3o precoce do c\u00e2ncer de mama pode ser feita em consultas com o ginecologista por meio do exame cl\u00ednico (palpa\u00e7\u00e3o da mama pelo profissional de sa\u00fade), e por exames de imagem que podem ser solicitados pelo m\u00e9dico.<\/p>\n<p>\u201cSabemos que estes s\u00e3o momentos de inseguran\u00e7a e por isso, com a parceria com a marca M&amp;M\u2019S\u00ae, que \u00e9 nossa apoiadora na causa, queremos evidenciar a import\u00e2ncia dos exames de rotina com profissionais de sa\u00fade especializados e mostrar que juntos podemos pensar em trazer solu\u00e7\u00f5es eficazes para o nosso dia a dia, como estimular di\u00e1logos e conversar sobre um tema que j\u00e1 foi e ainda \u00e9 tabu para algumas pessoas\u201d, conta a Dra Maira Caleffi, presidente volunt\u00e1ria da FEMAMA.<\/p>\n<p>PRESEN\u00c7A FEMININA<br \/>\nA senhorita Verde e a senhorita Marrom s\u00e3o as protagonistas femininas da marca que ilustram a campanha este ano e refor\u00e7am a cumplicidade de serem amigas do peito em todos os momentos, carregando a mensagem de que \u201cJuntas somos mais corajosas\u201d. Al\u00e9m disso, a marca conta com a participa\u00e7\u00e3o de profissionais da sa\u00fade, parceiros da FEMAMA, para trazer conte\u00fados relevantes de aux\u00edlio ao est\u00edmulo para realiza\u00e7\u00e3o de exames de rotina.<\/p>\n<p>CHOCOLATE COR-DE-ROSA<br \/>\nEm especial para esta \u00e9poca do ano, a marca deixa de ser t\u00e3o colorida para focar somente nas casquinhas cor-de-rosa. \u201c\u00c9 uma das maneiras de potencializarmos a causa para que mais mulheres busquem o diagn\u00f3stico precoce, e de reconhecer a import\u00e2ncia do tema. Com os ic\u00f4nicos chocolates de casquinha cor-de-rosa, levantamos a bandeira da conscientiza\u00e7\u00e3o e fortalecemos a mensagem de que juntas somos mais corajosas\u201d, destaca Carla Marconcini, Gerente de Marketing de M&amp;M\u2019S\u00ae no Brasil.<\/p>\n<p>Para a data, a marca realiza uma parceria com as Lojas Americanas, que far\u00e1 a venda exclusiva dessa edi\u00e7\u00e3o limitada em suas lojas f\u00edsicas e online.<\/p>\n<p>CAMPANHA DIGITAL E ATIVA\u00c7\u00c3O EM LOJA<br \/>\nDurante todo o m\u00eas de outubro, as redes sociais da marca estar\u00e3o completamente cor-de-rosa, assim como algumas unidades das Lojas Americanas, que contar\u00e3o exclusivamente com totens para realiza\u00e7\u00e3o de fotos personalizadas. O e-commerce das Lojas Americanas tamb\u00e9m oferecer\u00e1 cupons de desconto. A senhorita Verde e a senhorita Marrom seguem sendo as protagonistas da campanha e v\u00e3o interagir nas redes sociais ao longo do m\u00eas para fortalecer o tema e encorajar a todas as pessoas a realizarem o exame de rotina.<\/p>\n<p><iframe style=\"width: 100%; max-width: 660px; overflow: hidden; background: transparent;\" src=\"https:\/\/embed.podcasts.apple.com\/br\/podcast\/podcast-cidademarketing\/id1371923283\" height=\"450\" frameborder=\"0\" sandbox=\"allow-forms allow-popups allow-same-origin allow-scripts allow-storage-access-by-user-activation allow-top-navigation-by-user-activation\"><\/iframe><\/p>\n","protected":false},"excerpt":{"rendered":"<p>Com o objetivo de gerar conscientiza\u00e7\u00e3o sobre o diagn\u00f3stico precoce do c\u00e2ncer de mama e estimular os exames de rotina, a marca M&amp;M\u2019S\u00ae, pertencente \u00e0 empresa Mars, volta com a edi\u00e7\u00e3o limitada cor-de-rosa durante o m\u00eas de outubro, per\u00edodo de destaque para falar sobre o tema. Desta vez, a campanha conta com a presen\u00e7a das [&hellip;]<\/p>\n","protected":false},"author":1,"featured_media":38675,"comment_status":"open","ping_status":"open","sticky":false,"template":"","format":"standard","meta":{"tdm_status":"","tdm_grid_status":"","footnotes":""},"categories":[6],"tags":[1210,223,33,5140,2055,28,4667],"class_list":["post-38674","post","type-post","status-publish","format-standard","has-post-thumbnail","hentry","category-noticias","tag-cancer","tag-design","tag-estrategia","tag-mm","tag-mms","tag-marketing","tag-outubro-rosa"],"yoast_head":"<!-- This site is optimized with the Yoast SEO plugin v27.5 - https:\/\/yoast.com\/product\/yoast-seo-wordpress\/ -->\n<title>M&amp;M\u2019S\u00ae refor\u00e7a uni\u00e3o feminina com edi\u00e7\u00e3o especial para Outubro Rosa - CidadeMarketing<\/title>\n<meta name=\"robots\" content=\"index, follow, max-snippet:-1, max-image-preview:large, max-video-preview:-1\" \/>\n<link rel=\"canonical\" href=\"https:\/\/www.cidademarketing.com.br\/marketing\/2022\/10\/12\/mms-reforca-uniao-feminina-com-edicao-especial-para-outubro-rosa\/\" \/>\n<meta property=\"og:locale\" content=\"pt_BR\" \/>\n<meta property=\"og:type\" content=\"article\" \/>\n<meta property=\"og:title\" content=\"M&amp;M\u2019S\u00ae refor\u00e7a uni\u00e3o feminina com edi\u00e7\u00e3o especial para Outubro Rosa - CidadeMarketing\" \/>\n<meta property=\"og:description\" content=\"Com o objetivo de gerar conscientiza\u00e7\u00e3o sobre o diagn\u00f3stico precoce do c\u00e2ncer de mama e estimular os exames de rotina, a marca M&amp;M\u2019S\u00ae, pertencente \u00e0 empresa Mars, volta com a edi\u00e7\u00e3o limitada cor-de-rosa durante o m\u00eas de outubro, per\u00edodo de destaque para falar sobre o tema. Desta vez, a campanha conta com a presen\u00e7a das [&hellip;]\" \/>\n<meta property=\"og:url\" content=\"https:\/\/www.cidademarketing.com.br\/marketing\/2022\/10\/12\/mms-reforca-uniao-feminina-com-edicao-especial-para-outubro-rosa\/\" \/>\n<meta property=\"og:site_name\" content=\"CidadeMarketing\" \/>\n<meta property=\"article:publisher\" content=\"https:\/\/www.facebook.com\/portalcidademarketing\" \/>\n<meta property=\"article:author\" content=\"https:\/\/www.facebook.com\/thalesbrandao\" \/>\n<meta property=\"article:published_time\" content=\"2022-10-12T03:17:36+00:00\" \/>\n<meta property=\"og:image\" content=\"https:\/\/www.cidademarketing.com.br\/marketing\/wp-content\/uploads\/2022\/10\/m_m_outubrorosa.jpg\" \/>\n\t<meta property=\"og:image:width\" content=\"764\" \/>\n\t<meta property=\"og:image:height\" content=\"948\" \/>\n\t<meta property=\"og:image:type\" content=\"image\/jpeg\" \/>\n<meta name=\"author\" content=\"Thales Brand\u00e3o\" \/>\n<meta name=\"twitter:card\" content=\"summary_large_image\" \/>\n<meta name=\"twitter:creator\" content=\"@http:\/\/www.twitter.com\/thalesbrandao\" \/>\n<meta name=\"twitter:site\" content=\"@CidadeMarketing\" \/>\n<meta name=\"twitter:label1\" content=\"Escrito por\" \/>\n\t<meta name=\"twitter:data1\" content=\"Thales Brand\u00e3o\" \/>\n\t<meta name=\"twitter:label2\" content=\"Est. tempo de leitura\" \/>\n\t<meta name=\"twitter:data2\" content=\"4 minutos\" \/>\n<script type=\"application\/ld+json\" class=\"yoast-schema-graph\">{\"@context\":\"https:\\\/\\\/schema.org\",\"@graph\":[{\"@type\":\"Article\",\"@id\":\"https:\\\/\\\/www.cidademarketing.com.br\\\/marketing\\\/2022\\\/10\\\/12\\\/mms-reforca-uniao-feminina-com-edicao-especial-para-outubro-rosa\\\/#article\",\"isPartOf\":{\"@id\":\"https:\\\/\\\/www.cidademarketing.com.br\\\/marketing\\\/2022\\\/10\\\/12\\\/mms-reforca-uniao-feminina-com-edicao-especial-para-outubro-rosa\\\/\"},\"author\":{\"name\":\"Thales Brand\u00e3o\",\"@id\":\"https:\\\/\\\/www.cidademarketing.com.br\\\/marketing\\\/#\\\/schema\\\/person\\\/02daff9f18bd9378c9e01eb6b2db155f\"},\"headline\":\"M&#038;M\u2019S\u00ae refor\u00e7a uni\u00e3o feminina com edi\u00e7\u00e3o especial para Outubro Rosa\",\"datePublished\":\"2022-10-12T03:17:36+00:00\",\"mainEntityOfPage\":{\"@id\":\"https:\\\/\\\/www.cidademarketing.com.br\\\/marketing\\\/2022\\\/10\\\/12\\\/mms-reforca-uniao-feminina-com-edicao-especial-para-outubro-rosa\\\/\"},\"wordCount\":777,\"commentCount\":0,\"publisher\":{\"@id\":\"https:\\\/\\\/www.cidademarketing.com.br\\\/marketing\\\/#organization\"},\"image\":{\"@id\":\"https:\\\/\\\/www.cidademarketing.com.br\\\/marketing\\\/2022\\\/10\\\/12\\\/mms-reforca-uniao-feminina-com-edicao-especial-para-outubro-rosa\\\/#primaryimage\"},\"thumbnailUrl\":\"https:\\\/\\\/www.cidademarketing.com.br\\\/marketing\\\/wp-content\\\/uploads\\\/2022\\\/10\\\/m_m_outubrorosa.jpg\",\"keywords\":[\"C\u00e2ncer\",\"design\",\"estrat\u00e9gia\",\"M&amp;M\",\"M&amp;M\u2019s\",\"marketing\",\"Outubro Rosa\"],\"articleSection\":[\"Not\u00edcias\"],\"inLanguage\":\"pt-BR\",\"potentialAction\":[{\"@type\":\"CommentAction\",\"name\":\"Comment\",\"target\":[\"https:\\\/\\\/www.cidademarketing.com.br\\\/marketing\\\/2022\\\/10\\\/12\\\/mms-reforca-uniao-feminina-com-edicao-especial-para-outubro-rosa\\\/#respond\"]}]},{\"@type\":\"WebPage\",\"@id\":\"https:\\\/\\\/www.cidademarketing.com.br\\\/marketing\\\/2022\\\/10\\\/12\\\/mms-reforca-uniao-feminina-com-edicao-especial-para-outubro-rosa\\\/\",\"url\":\"https:\\\/\\\/www.cidademarketing.com.br\\\/marketing\\\/2022\\\/10\\\/12\\\/mms-reforca-uniao-feminina-com-edicao-especial-para-outubro-rosa\\\/\",\"name\":\"M&M\u2019S\u00ae refor\u00e7a uni\u00e3o feminina com edi\u00e7\u00e3o especial para Outubro Rosa - CidadeMarketing\",\"isPartOf\":{\"@id\":\"https:\\\/\\\/www.cidademarketing.com.br\\\/marketing\\\/#website\"},\"primaryImageOfPage\":{\"@id\":\"https:\\\/\\\/www.cidademarketing.com.br\\\/marketing\\\/2022\\\/10\\\/12\\\/mms-reforca-uniao-feminina-com-edicao-especial-para-outubro-rosa\\\/#primaryimage\"},\"image\":{\"@id\":\"https:\\\/\\\/www.cidademarketing.com.br\\\/marketing\\\/2022\\\/10\\\/12\\\/mms-reforca-uniao-feminina-com-edicao-especial-para-outubro-rosa\\\/#primaryimage\"},\"thumbnailUrl\":\"https:\\\/\\\/www.cidademarketing.com.br\\\/marketing\\\/wp-content\\\/uploads\\\/2022\\\/10\\\/m_m_outubrorosa.jpg\",\"datePublished\":\"2022-10-12T03:17:36+00:00\",\"breadcrumb\":{\"@id\":\"https:\\\/\\\/www.cidademarketing.com.br\\\/marketing\\\/2022\\\/10\\\/12\\\/mms-reforca-uniao-feminina-com-edicao-especial-para-outubro-rosa\\\/#breadcrumb\"},\"inLanguage\":\"pt-BR\",\"potentialAction\":[{\"@type\":\"ReadAction\",\"target\":[\"https:\\\/\\\/www.cidademarketing.com.br\\\/marketing\\\/2022\\\/10\\\/12\\\/mms-reforca-uniao-feminina-com-edicao-especial-para-outubro-rosa\\\/\"]}]},{\"@type\":\"ImageObject\",\"inLanguage\":\"pt-BR\",\"@id\":\"https:\\\/\\\/www.cidademarketing.com.br\\\/marketing\\\/2022\\\/10\\\/12\\\/mms-reforca-uniao-feminina-com-edicao-especial-para-outubro-rosa\\\/#primaryimage\",\"url\":\"https:\\\/\\\/www.cidademarketing.com.br\\\/marketing\\\/wp-content\\\/uploads\\\/2022\\\/10\\\/m_m_outubrorosa.jpg\",\"contentUrl\":\"https:\\\/\\\/www.cidademarketing.com.br\\\/marketing\\\/wp-content\\\/uploads\\\/2022\\\/10\\\/m_m_outubrorosa.jpg\",\"width\":764,\"height\":948},{\"@type\":\"BreadcrumbList\",\"@id\":\"https:\\\/\\\/www.cidademarketing.com.br\\\/marketing\\\/2022\\\/10\\\/12\\\/mms-reforca-uniao-feminina-com-edicao-especial-para-outubro-rosa\\\/#breadcrumb\",\"itemListElement\":[{\"@type\":\"ListItem\",\"position\":1,\"name\":\"In\u00edcio\",\"item\":\"https:\\\/\\\/www.cidademarketing.com.br\\\/marketing\\\/\"},{\"@type\":\"ListItem\",\"position\":2,\"name\":\"M&#038;M\u2019S\u00ae refor\u00e7a uni\u00e3o feminina com edi\u00e7\u00e3o especial para Outubro Rosa\"}]},{\"@type\":\"WebSite\",\"@id\":\"https:\\\/\\\/www.cidademarketing.com.br\\\/marketing\\\/#website\",\"url\":\"https:\\\/\\\/www.cidademarketing.com.br\\\/marketing\\\/\",\"name\":\"CidadeMarketing\",\"description\":\"Somos um ve\u00edculo de comunica\u00e7\u00e3o de destaque no Brasil, reconhecido por conte\u00fados nos segmentos de marketing, empreendedorismo e inova\u00e7\u00e3o.\",\"publisher\":{\"@id\":\"https:\\\/\\\/www.cidademarketing.com.br\\\/marketing\\\/#organization\"},\"alternateName\":\"CidadeMarketing\",\"potentialAction\":[{\"@type\":\"SearchAction\",\"target\":{\"@type\":\"EntryPoint\",\"urlTemplate\":\"https:\\\/\\\/www.cidademarketing.com.br\\\/marketing\\\/?s={search_term_string}\"},\"query-input\":{\"@type\":\"PropertyValueSpecification\",\"valueRequired\":true,\"valueName\":\"search_term_string\"}}],\"inLanguage\":\"pt-BR\"},{\"@type\":\"Organization\",\"@id\":\"https:\\\/\\\/www.cidademarketing.com.br\\\/marketing\\\/#organization\",\"name\":\"CidadeMarketing\",\"alternateName\":\"CidadeMarketing\",\"url\":\"https:\\\/\\\/www.cidademarketing.com.br\\\/marketing\\\/\",\"logo\":{\"@type\":\"ImageObject\",\"inLanguage\":\"pt-BR\",\"@id\":\"https:\\\/\\\/www.cidademarketing.com.br\\\/marketing\\\/#\\\/schema\\\/logo\\\/image\\\/\",\"url\":\"https:\\\/\\\/www.cidademarketing.com.br\\\/marketing\\\/wp-content\\\/uploads\\\/2020\\\/01\\\/cidademarketing_marca_mobile.png\",\"contentUrl\":\"https:\\\/\\\/www.cidademarketing.com.br\\\/marketing\\\/wp-content\\\/uploads\\\/2020\\\/01\\\/cidademarketing_marca_mobile.png\",\"width\":230,\"height\":92,\"caption\":\"CidadeMarketing\"},\"image\":{\"@id\":\"https:\\\/\\\/www.cidademarketing.com.br\\\/marketing\\\/#\\\/schema\\\/logo\\\/image\\\/\"},\"sameAs\":[\"https:\\\/\\\/www.facebook.com\\\/portalcidademarketing\",\"https:\\\/\\\/x.com\\\/CidadeMarketing\",\"https:\\\/\\\/www.instagram.com\\\/cidademarketing\\\/\"]},{\"@type\":\"Person\",\"@id\":\"https:\\\/\\\/www.cidademarketing.com.br\\\/marketing\\\/#\\\/schema\\\/person\\\/02daff9f18bd9378c9e01eb6b2db155f\",\"name\":\"Thales Brand\u00e3o\",\"image\":{\"@type\":\"ImageObject\",\"inLanguage\":\"pt-BR\",\"@id\":\"https:\\\/\\\/secure.gravatar.com\\\/avatar\\\/7ca3206950207cc3cb48feec56a8a7898741ab725c368d99d5d7a5a50aab80c6?s=96&d=mm&r=g\",\"url\":\"https:\\\/\\\/secure.gravatar.com\\\/avatar\\\/7ca3206950207cc3cb48feec56a8a7898741ab725c368d99d5d7a5a50aab80c6?s=96&d=mm&r=g\",\"contentUrl\":\"https:\\\/\\\/secure.gravatar.com\\\/avatar\\\/7ca3206950207cc3cb48feec56a8a7898741ab725c368d99d5d7a5a50aab80c6?s=96&d=mm&r=g\",\"caption\":\"Thales Brand\u00e3o\"},\"description\":\"Editor Executivo do Portal CidadeMarketing.com.br &gt; Mestre em Comunica\u00e7\u00e3o e Sociedade pela Universidade Federal de Sergipe. Possui MBA Executivo em Administra\u00e7\u00e3o com \u00eanfase em Marketing pela Funda\u00e7\u00e3o Get\u00falio Vargas - Rio de Janeiro. Consultor, Palestrante e Pesquisador sobre Empreendedorismo, Marketing, Redes Sociais e Neg\u00f3cios Digitais. Professor, Palestrante TedxTalks e Campus Party. Twitter: @ThalesBrandao\",\"sameAs\":[\"http:\\\/\\\/www.mandacaru.com.br\",\"https:\\\/\\\/www.facebook.com\\\/thalesbrandao\",\"http:\\\/\\\/www.instagram.com.br\\\/thalesbrandaoferreira\",\"https:\\\/\\\/www.linkedin.com\\\/in\\\/thales-brand\u00e3o-3948609\\\/\",\"https:\\\/\\\/x.com\\\/http:\\\/\\\/www.twitter.com\\\/thalesbrandao\"],\"url\":\"https:\\\/\\\/www.cidademarketing.com.br\\\/marketing\\\/author\\\/thalesbrandao\\\/\"}]}<\/script>\n<!-- \/ Yoast SEO plugin. -->","yoast_head_json":{"title":"M&M\u2019S\u00ae refor\u00e7a uni\u00e3o feminina com edi\u00e7\u00e3o especial para Outubro Rosa - CidadeMarketing","robots":{"index":"index","follow":"follow","max-snippet":"max-snippet:-1","max-image-preview":"max-image-preview:large","max-video-preview":"max-video-preview:-1"},"canonical":"https:\/\/www.cidademarketing.com.br\/marketing\/2022\/10\/12\/mms-reforca-uniao-feminina-com-edicao-especial-para-outubro-rosa\/","og_locale":"pt_BR","og_type":"article","og_title":"M&M\u2019S\u00ae refor\u00e7a uni\u00e3o feminina com edi\u00e7\u00e3o especial para Outubro Rosa - CidadeMarketing","og_description":"Com o objetivo de gerar conscientiza\u00e7\u00e3o sobre o diagn\u00f3stico precoce do c\u00e2ncer de mama e estimular os exames de rotina, a marca M&amp;M\u2019S\u00ae, pertencente \u00e0 empresa Mars, volta com a edi\u00e7\u00e3o limitada cor-de-rosa durante o m\u00eas de outubro, per\u00edodo de destaque para falar sobre o tema. Desta vez, a campanha conta com a presen\u00e7a das [&hellip;]","og_url":"https:\/\/www.cidademarketing.com.br\/marketing\/2022\/10\/12\/mms-reforca-uniao-feminina-com-edicao-especial-para-outubro-rosa\/","og_site_name":"CidadeMarketing","article_publisher":"https:\/\/www.facebook.com\/portalcidademarketing","article_author":"https:\/\/www.facebook.com\/thalesbrandao","article_published_time":"2022-10-12T03:17:36+00:00","og_image":[{"width":764,"height":948,"url":"https:\/\/www.cidademarketing.com.br\/marketing\/wp-content\/uploads\/2022\/10\/m_m_outubrorosa.jpg","type":"image\/jpeg"}],"author":"Thales Brand\u00e3o","twitter_card":"summary_large_image","twitter_creator":"@http:\/\/www.twitter.com\/thalesbrandao","twitter_site":"@CidadeMarketing","twitter_misc":{"Escrito por":"Thales Brand\u00e3o","Est. tempo de leitura":"4 minutos"},"schema":{"@context":"https:\/\/schema.org","@graph":[{"@type":"Article","@id":"https:\/\/www.cidademarketing.com.br\/marketing\/2022\/10\/12\/mms-reforca-uniao-feminina-com-edicao-especial-para-outubro-rosa\/#article","isPartOf":{"@id":"https:\/\/www.cidademarketing.com.br\/marketing\/2022\/10\/12\/mms-reforca-uniao-feminina-com-edicao-especial-para-outubro-rosa\/"},"author":{"name":"Thales Brand\u00e3o","@id":"https:\/\/www.cidademarketing.com.br\/marketing\/#\/schema\/person\/02daff9f18bd9378c9e01eb6b2db155f"},"headline":"M&#038;M\u2019S\u00ae refor\u00e7a uni\u00e3o feminina com edi\u00e7\u00e3o especial para Outubro Rosa","datePublished":"2022-10-12T03:17:36+00:00","mainEntityOfPage":{"@id":"https:\/\/www.cidademarketing.com.br\/marketing\/2022\/10\/12\/mms-reforca-uniao-feminina-com-edicao-especial-para-outubro-rosa\/"},"wordCount":777,"commentCount":0,"publisher":{"@id":"https:\/\/www.cidademarketing.com.br\/marketing\/#organization"},"image":{"@id":"https:\/\/www.cidademarketing.com.br\/marketing\/2022\/10\/12\/mms-reforca-uniao-feminina-com-edicao-especial-para-outubro-rosa\/#primaryimage"},"thumbnailUrl":"https:\/\/www.cidademarketing.com.br\/marketing\/wp-content\/uploads\/2022\/10\/m_m_outubrorosa.jpg","keywords":["C\u00e2ncer","design","estrat\u00e9gia","M&amp;M","M&amp;M\u2019s","marketing","Outubro Rosa"],"articleSection":["Not\u00edcias"],"inLanguage":"pt-BR","potentialAction":[{"@type":"CommentAction","name":"Comment","target":["https:\/\/www.cidademarketing.com.br\/marketing\/2022\/10\/12\/mms-reforca-uniao-feminina-com-edicao-especial-para-outubro-rosa\/#respond"]}]},{"@type":"WebPage","@id":"https:\/\/www.cidademarketing.com.br\/marketing\/2022\/10\/12\/mms-reforca-uniao-feminina-com-edicao-especial-para-outubro-rosa\/","url":"https:\/\/www.cidademarketing.com.br\/marketing\/2022\/10\/12\/mms-reforca-uniao-feminina-com-edicao-especial-para-outubro-rosa\/","name":"M&M\u2019S\u00ae refor\u00e7a uni\u00e3o feminina com edi\u00e7\u00e3o especial para Outubro Rosa - CidadeMarketing","isPartOf":{"@id":"https:\/\/www.cidademarketing.com.br\/marketing\/#website"},"primaryImageOfPage":{"@id":"https:\/\/www.cidademarketing.com.br\/marketing\/2022\/10\/12\/mms-reforca-uniao-feminina-com-edicao-especial-para-outubro-rosa\/#primaryimage"},"image":{"@id":"https:\/\/www.cidademarketing.com.br\/marketing\/2022\/10\/12\/mms-reforca-uniao-feminina-com-edicao-especial-para-outubro-rosa\/#primaryimage"},"thumbnailUrl":"https:\/\/www.cidademarketing.com.br\/marketing\/wp-content\/uploads\/2022\/10\/m_m_outubrorosa.jpg","datePublished":"2022-10-12T03:17:36+00:00","breadcrumb":{"@id":"https:\/\/www.cidademarketing.com.br\/marketing\/2022\/10\/12\/mms-reforca-uniao-feminina-com-edicao-especial-para-outubro-rosa\/#breadcrumb"},"inLanguage":"pt-BR","potentialAction":[{"@type":"ReadAction","target":["https:\/\/www.cidademarketing.com.br\/marketing\/2022\/10\/12\/mms-reforca-uniao-feminina-com-edicao-especial-para-outubro-rosa\/"]}]},{"@type":"ImageObject","inLanguage":"pt-BR","@id":"https:\/\/www.cidademarketing.com.br\/marketing\/2022\/10\/12\/mms-reforca-uniao-feminina-com-edicao-especial-para-outubro-rosa\/#primaryimage","url":"https:\/\/www.cidademarketing.com.br\/marketing\/wp-content\/uploads\/2022\/10\/m_m_outubrorosa.jpg","contentUrl":"https:\/\/www.cidademarketing.com.br\/marketing\/wp-content\/uploads\/2022\/10\/m_m_outubrorosa.jpg","width":764,"height":948},{"@type":"BreadcrumbList","@id":"https:\/\/www.cidademarketing.com.br\/marketing\/2022\/10\/12\/mms-reforca-uniao-feminina-com-edicao-especial-para-outubro-rosa\/#breadcrumb","itemListElement":[{"@type":"ListItem","position":1,"name":"In\u00edcio","item":"https:\/\/www.cidademarketing.com.br\/marketing\/"},{"@type":"ListItem","position":2,"name":"M&#038;M\u2019S\u00ae refor\u00e7a uni\u00e3o feminina com edi\u00e7\u00e3o especial para Outubro Rosa"}]},{"@type":"WebSite","@id":"https:\/\/www.cidademarketing.com.br\/marketing\/#website","url":"https:\/\/www.cidademarketing.com.br\/marketing\/","name":"CidadeMarketing","description":"Somos um ve\u00edculo de comunica\u00e7\u00e3o de destaque no Brasil, reconhecido por conte\u00fados nos segmentos de marketing, empreendedorismo e inova\u00e7\u00e3o.","publisher":{"@id":"https:\/\/www.cidademarketing.com.br\/marketing\/#organization"},"alternateName":"CidadeMarketing","potentialAction":[{"@type":"SearchAction","target":{"@type":"EntryPoint","urlTemplate":"https:\/\/www.cidademarketing.com.br\/marketing\/?s={search_term_string}"},"query-input":{"@type":"PropertyValueSpecification","valueRequired":true,"valueName":"search_term_string"}}],"inLanguage":"pt-BR"},{"@type":"Organization","@id":"https:\/\/www.cidademarketing.com.br\/marketing\/#organization","name":"CidadeMarketing","alternateName":"CidadeMarketing","url":"https:\/\/www.cidademarketing.com.br\/marketing\/","logo":{"@type":"ImageObject","inLanguage":"pt-BR","@id":"https:\/\/www.cidademarketing.com.br\/marketing\/#\/schema\/logo\/image\/","url":"https:\/\/www.cidademarketing.com.br\/marketing\/wp-content\/uploads\/2020\/01\/cidademarketing_marca_mobile.png","contentUrl":"https:\/\/www.cidademarketing.com.br\/marketing\/wp-content\/uploads\/2020\/01\/cidademarketing_marca_mobile.png","width":230,"height":92,"caption":"CidadeMarketing"},"image":{"@id":"https:\/\/www.cidademarketing.com.br\/marketing\/#\/schema\/logo\/image\/"},"sameAs":["https:\/\/www.facebook.com\/portalcidademarketing","https:\/\/x.com\/CidadeMarketing","https:\/\/www.instagram.com\/cidademarketing\/"]},{"@type":"Person","@id":"https:\/\/www.cidademarketing.com.br\/marketing\/#\/schema\/person\/02daff9f18bd9378c9e01eb6b2db155f","name":"Thales Brand\u00e3o","image":{"@type":"ImageObject","inLanguage":"pt-BR","@id":"https:\/\/secure.gravatar.com\/avatar\/7ca3206950207cc3cb48feec56a8a7898741ab725c368d99d5d7a5a50aab80c6?s=96&d=mm&r=g","url":"https:\/\/secure.gravatar.com\/avatar\/7ca3206950207cc3cb48feec56a8a7898741ab725c368d99d5d7a5a50aab80c6?s=96&d=mm&r=g","contentUrl":"https:\/\/secure.gravatar.com\/avatar\/7ca3206950207cc3cb48feec56a8a7898741ab725c368d99d5d7a5a50aab80c6?s=96&d=mm&r=g","caption":"Thales Brand\u00e3o"},"description":"Editor Executivo do Portal CidadeMarketing.com.br &gt; Mestre em Comunica\u00e7\u00e3o e Sociedade pela Universidade Federal de Sergipe. Possui MBA Executivo em Administra\u00e7\u00e3o com \u00eanfase em Marketing pela Funda\u00e7\u00e3o Get\u00falio Vargas - Rio de Janeiro. Consultor, Palestrante e Pesquisador sobre Empreendedorismo, Marketing, Redes Sociais e Neg\u00f3cios Digitais. Professor, Palestrante TedxTalks e Campus Party. Twitter: @ThalesBrandao","sameAs":["http:\/\/www.mandacaru.com.br","https:\/\/www.facebook.com\/thalesbrandao","http:\/\/www.instagram.com.br\/thalesbrandaoferreira","https:\/\/www.linkedin.com\/in\/thales-brand\u00e3o-3948609\/","https:\/\/x.com\/http:\/\/www.twitter.com\/thalesbrandao"],"url":"https:\/\/www.cidademarketing.com.br\/marketing\/author\/thalesbrandao\/"}]}},"amp_enabled":true,"_links":{"self":[{"href":"https:\/\/www.cidademarketing.com.br\/marketing\/wp-json\/wp\/v2\/posts\/38674","targetHints":{"allow":["GET"]}}],"collection":[{"href":"https:\/\/www.cidademarketing.com.br\/marketing\/wp-json\/wp\/v2\/posts"}],"about":[{"href":"https:\/\/www.cidademarketing.com.br\/marketing\/wp-json\/wp\/v2\/types\/post"}],"author":[{"embeddable":true,"href":"https:\/\/www.cidademarketing.com.br\/marketing\/wp-json\/wp\/v2\/users\/1"}],"replies":[{"embeddable":true,"href":"https:\/\/www.cidademarketing.com.br\/marketing\/wp-json\/wp\/v2\/comments?post=38674"}],"version-history":[{"count":1,"href":"https:\/\/www.cidademarketing.com.br\/marketing\/wp-json\/wp\/v2\/posts\/38674\/revisions"}],"predecessor-version":[{"id":38676,"href":"https:\/\/www.cidademarketing.com.br\/marketing\/wp-json\/wp\/v2\/posts\/38674\/revisions\/38676"}],"wp:featuredmedia":[{"embeddable":true,"href":"https:\/\/www.cidademarketing.com.br\/marketing\/wp-json\/wp\/v2\/media\/38675"}],"wp:attachment":[{"href":"https:\/\/www.cidademarketing.com.br\/marketing\/wp-json\/wp\/v2\/media?parent=38674"}],"wp:term":[{"taxonomy":"category","embeddable":true,"href":"https:\/\/www.cidademarketing.com.br\/marketing\/wp-json\/wp\/v2\/categories?post=38674"},{"taxonomy":"post_tag","embeddable":true,"href":"https:\/\/www.cidademarketing.com.br\/marketing\/wp-json\/wp\/v2\/tags?post=38674"}],"curies":[{"name":"wp","href":"https:\/\/api.w.org\/{rel}","templated":true}]}}