{"id":38540,"date":"2022-10-03T14:21:33","date_gmt":"2022-10-03T17:21:33","guid":{"rendered":"https:\/\/www.cidademarketing.com.br\/marketing\/?p=38540"},"modified":"2022-11-11T10:28:12","modified_gmt":"2022-11-11T13:28:12","slug":"molico-apresenta-latas-comemorativas-em-conscientizacao-ao-outubro-rosa-e-novembro-azul","status":"publish","type":"post","link":"https:\/\/www.cidademarketing.com.br\/marketing\/2022\/10\/03\/molico-apresenta-latas-comemorativas-em-conscientizacao-ao-outubro-rosa-e-novembro-azul\/","title":{"rendered":"Molico\u00ae apresenta latas comemorativas em conscientiza\u00e7\u00e3o ao Outubro Rosa e Novembro Azul"},"content":{"rendered":"<p><iframe style=\"border-radius: 12px;\" src=\"https:\/\/open.spotify.com\/embed\/show\/4khMKzP3FgFRWVwb73xicc?utm_source=generator&amp;t=0\" width=\"100%\" height=\"232\" frameborder=\"0\" allowfullscreen=\"allowfullscreen\"><\/iframe><br \/>\nMolico\u00ae acaba de anunciar o lan\u00e7amento, em edi\u00e7\u00e3o limitada, de duas novas embalagens em conscientiza\u00e7\u00e3o ao m\u00eas do Outubro Rosa e do Novembro Azul, per\u00edodos destinados a promover a luta contra o c\u00e2ncer de Mama e Pr\u00f3stata, de forma a contribuir com a redu\u00e7\u00e3o da mortalidade. As embalagens estar\u00e3o dispon\u00edveis para venda nos principais supermercadistas do pa\u00eds at\u00e9 o final de outubro e novembro. Ainda, Molico \u00ae patrocinou a 4\u00aa edi\u00e7\u00e3o da Pink Run, uma corrida exclusivamente feminina que tem como objetivo promover o Outubro Rosa e incentivar a atividade f\u00edsica entre as mulheres.<\/p>\n<p>&#8220;Molico\u00ae \u00e9 a marca de nutri\u00e7\u00e3o adulta da Nestl\u00e9 que tem como objetivo ajudar a democratizar os temas relacionados a sa\u00fade e bem-estar. Nosso objetivo com esta edi\u00e7\u00e3o especial \u00e9 incentivar nosso p\u00fablico a fazer os exames de preven\u00e7\u00e3o e manter um estilo de vida nutritivo e saud\u00e1vel. Queremos promover a conscientiza\u00e7\u00e3o da import\u00e2ncia de aderir a uma nutri\u00e7\u00e3o equilibrada e de qualidade, como Molico\u00ae.\u201d diz Stephanie Arnesen Biekarck de Molico\u00ae.<\/p>\n<p>No \u00faltimo domingo (02), a marca tamb\u00e9m patrocinou a 4\u00aa edi\u00e7\u00e3o da Pink Run \u2013 uma prova para mulheres ligada \u00e0 conscientiza\u00e7\u00e3o e preven\u00e7\u00e3o do c\u00e2ncer de mama, o evento faz parte das iniciativas em prol da campanha \u201cOutubro Rosa\u2019\u2019. A corrida ocorreu no Shopping SP Market, em S\u00e3o Paulo \u2013 e contou com as inscri\u00e7\u00f5es encerradas em pouco tempo de abertura.<\/p>\n<p>As embalagens decorativas de Molico\u00ae Desnatado estar\u00e3o \u00e0 venda nos principais mercados de autosservi\u00e7o do AS Regional e Nacional.<\/p>\n<p><iframe style=\"width: 100%; max-width: 660px; overflow: hidden; background: transparent;\" src=\"https:\/\/embed.podcasts.apple.com\/br\/podcast\/podcast-cidademarketing\/id1371923283\" height=\"450\" frameborder=\"0\" sandbox=\"allow-forms allow-popups allow-same-origin allow-scripts allow-storage-access-by-user-activation allow-top-navigation-by-user-activation\"><\/iframe><\/p>\n","protected":false},"excerpt":{"rendered":"<p>Molico\u00ae acaba de anunciar o lan\u00e7amento, em edi\u00e7\u00e3o limitada, de duas novas embalagens em conscientiza\u00e7\u00e3o ao m\u00eas do Outubro Rosa e do Novembro Azul, per\u00edodos destinados a promover a luta contra o c\u00e2ncer de Mama e Pr\u00f3stata, de forma a contribuir com a redu\u00e7\u00e3o da mortalidade. As embalagens estar\u00e3o dispon\u00edveis para venda nos principais supermercadistas [&hellip;]<\/p>\n","protected":false},"author":1,"featured_media":39725,"comment_status":"open","ping_status":"open","sticky":false,"template":"","format":"standard","meta":{"tdm_status":"","tdm_grid_status":"","footnotes":""},"categories":[6],"tags":[65,1124,33,28,2500,131,280],"class_list":["post-38540","post","type-post","status-publish","format-standard","has-post-thumbnail","hentry","category-noticias","tag-campanha","tag-diversidade","tag-estrategia","tag-marketing","tag-molico","tag-nestle","tag-saude"],"yoast_head":"<!-- This site is optimized with the Yoast SEO plugin v27.5 - https:\/\/yoast.com\/product\/yoast-seo-wordpress\/ -->\n<title>Molico\u00ae apresenta latas comemorativas em conscientiza\u00e7\u00e3o ao Outubro Rosa e Novembro Azul - CidadeMarketing<\/title>\n<meta name=\"robots\" content=\"index, follow, max-snippet:-1, max-image-preview:large, max-video-preview:-1\" \/>\n<link rel=\"canonical\" href=\"https:\/\/www.cidademarketing.com.br\/marketing\/2022\/10\/03\/molico-apresenta-latas-comemorativas-em-conscientizacao-ao-outubro-rosa-e-novembro-azul\/\" \/>\n<meta property=\"og:locale\" content=\"pt_BR\" \/>\n<meta property=\"og:type\" content=\"article\" \/>\n<meta property=\"og:title\" content=\"Molico\u00ae apresenta latas comemorativas em conscientiza\u00e7\u00e3o ao Outubro Rosa e Novembro Azul - CidadeMarketing\" \/>\n<meta property=\"og:description\" content=\"Molico\u00ae acaba de anunciar o lan\u00e7amento, em edi\u00e7\u00e3o limitada, de duas novas embalagens em conscientiza\u00e7\u00e3o ao m\u00eas do Outubro Rosa e do Novembro Azul, per\u00edodos destinados a promover a luta contra o c\u00e2ncer de Mama e Pr\u00f3stata, de forma a contribuir com a redu\u00e7\u00e3o da mortalidade. As embalagens estar\u00e3o dispon\u00edveis para venda nos principais supermercadistas [&hellip;]\" \/>\n<meta property=\"og:url\" content=\"https:\/\/www.cidademarketing.com.br\/marketing\/2022\/10\/03\/molico-apresenta-latas-comemorativas-em-conscientizacao-ao-outubro-rosa-e-novembro-azul\/\" \/>\n<meta property=\"og:site_name\" content=\"CidadeMarketing\" \/>\n<meta property=\"article:publisher\" content=\"https:\/\/www.facebook.com\/portalcidademarketing\" \/>\n<meta property=\"article:author\" content=\"https:\/\/www.facebook.com\/thalesbrandao\" \/>\n<meta property=\"article:published_time\" content=\"2022-10-03T17:21:33+00:00\" \/>\n<meta property=\"article:modified_time\" content=\"2022-11-11T13:28:12+00:00\" \/>\n<meta property=\"og:image\" content=\"https:\/\/www.cidademarketing.com.br\/marketing\/wp-content\/uploads\/2022\/10\/molicooutubroenovembroespecial-feedestatico-IG-op01-2.png\" \/>\n\t<meta property=\"og:image:width\" content=\"1080\" \/>\n\t<meta property=\"og:image:height\" content=\"1350\" \/>\n\t<meta property=\"og:image:type\" content=\"image\/png\" \/>\n<meta name=\"author\" content=\"Thales Brand\u00e3o\" \/>\n<meta name=\"twitter:card\" content=\"summary_large_image\" \/>\n<meta name=\"twitter:creator\" content=\"@http:\/\/www.twitter.com\/thalesbrandao\" \/>\n<meta name=\"twitter:site\" content=\"@CidadeMarketing\" \/>\n<meta name=\"twitter:label1\" content=\"Escrito por\" \/>\n\t<meta name=\"twitter:data1\" content=\"Thales Brand\u00e3o\" \/>\n\t<meta name=\"twitter:label2\" content=\"Est. tempo de leitura\" \/>\n\t<meta name=\"twitter:data2\" content=\"1 minuto\" \/>\n<script type=\"application\/ld+json\" class=\"yoast-schema-graph\">{\"@context\":\"https:\\\/\\\/schema.org\",\"@graph\":[{\"@type\":\"Article\",\"@id\":\"https:\\\/\\\/www.cidademarketing.com.br\\\/marketing\\\/2022\\\/10\\\/03\\\/molico-apresenta-latas-comemorativas-em-conscientizacao-ao-outubro-rosa-e-novembro-azul\\\/#article\",\"isPartOf\":{\"@id\":\"https:\\\/\\\/www.cidademarketing.com.br\\\/marketing\\\/2022\\\/10\\\/03\\\/molico-apresenta-latas-comemorativas-em-conscientizacao-ao-outubro-rosa-e-novembro-azul\\\/\"},\"author\":{\"name\":\"Thales Brand\u00e3o\",\"@id\":\"https:\\\/\\\/www.cidademarketing.com.br\\\/marketing\\\/#\\\/schema\\\/person\\\/02daff9f18bd9378c9e01eb6b2db155f\"},\"headline\":\"Molico\u00ae apresenta latas comemorativas em conscientiza\u00e7\u00e3o ao Outubro Rosa e Novembro Azul\",\"datePublished\":\"2022-10-03T17:21:33+00:00\",\"dateModified\":\"2022-11-11T13:28:12+00:00\",\"mainEntityOfPage\":{\"@id\":\"https:\\\/\\\/www.cidademarketing.com.br\\\/marketing\\\/2022\\\/10\\\/03\\\/molico-apresenta-latas-comemorativas-em-conscientizacao-ao-outubro-rosa-e-novembro-azul\\\/\"},\"wordCount\":280,\"commentCount\":0,\"publisher\":{\"@id\":\"https:\\\/\\\/www.cidademarketing.com.br\\\/marketing\\\/#organization\"},\"image\":{\"@id\":\"https:\\\/\\\/www.cidademarketing.com.br\\\/marketing\\\/2022\\\/10\\\/03\\\/molico-apresenta-latas-comemorativas-em-conscientizacao-ao-outubro-rosa-e-novembro-azul\\\/#primaryimage\"},\"thumbnailUrl\":\"https:\\\/\\\/www.cidademarketing.com.br\\\/marketing\\\/wp-content\\\/uploads\\\/2022\\\/10\\\/molicooutubroenovembroespecial-feedestatico-IG-op01-2.png\",\"keywords\":[\"campanha\",\"diversidade\",\"estrat\u00e9gia\",\"marketing\",\"Molico\",\"Nestl\u00e9\",\"sa\u00fade\"],\"articleSection\":[\"Not\u00edcias\"],\"inLanguage\":\"pt-BR\",\"potentialAction\":[{\"@type\":\"CommentAction\",\"name\":\"Comment\",\"target\":[\"https:\\\/\\\/www.cidademarketing.com.br\\\/marketing\\\/2022\\\/10\\\/03\\\/molico-apresenta-latas-comemorativas-em-conscientizacao-ao-outubro-rosa-e-novembro-azul\\\/#respond\"]}]},{\"@type\":\"WebPage\",\"@id\":\"https:\\\/\\\/www.cidademarketing.com.br\\\/marketing\\\/2022\\\/10\\\/03\\\/molico-apresenta-latas-comemorativas-em-conscientizacao-ao-outubro-rosa-e-novembro-azul\\\/\",\"url\":\"https:\\\/\\\/www.cidademarketing.com.br\\\/marketing\\\/2022\\\/10\\\/03\\\/molico-apresenta-latas-comemorativas-em-conscientizacao-ao-outubro-rosa-e-novembro-azul\\\/\",\"name\":\"Molico\u00ae apresenta latas comemorativas em conscientiza\u00e7\u00e3o ao Outubro Rosa e Novembro Azul - CidadeMarketing\",\"isPartOf\":{\"@id\":\"https:\\\/\\\/www.cidademarketing.com.br\\\/marketing\\\/#website\"},\"primaryImageOfPage\":{\"@id\":\"https:\\\/\\\/www.cidademarketing.com.br\\\/marketing\\\/2022\\\/10\\\/03\\\/molico-apresenta-latas-comemorativas-em-conscientizacao-ao-outubro-rosa-e-novembro-azul\\\/#primaryimage\"},\"image\":{\"@id\":\"https:\\\/\\\/www.cidademarketing.com.br\\\/marketing\\\/2022\\\/10\\\/03\\\/molico-apresenta-latas-comemorativas-em-conscientizacao-ao-outubro-rosa-e-novembro-azul\\\/#primaryimage\"},\"thumbnailUrl\":\"https:\\\/\\\/www.cidademarketing.com.br\\\/marketing\\\/wp-content\\\/uploads\\\/2022\\\/10\\\/molicooutubroenovembroespecial-feedestatico-IG-op01-2.png\",\"datePublished\":\"2022-10-03T17:21:33+00:00\",\"dateModified\":\"2022-11-11T13:28:12+00:00\",\"breadcrumb\":{\"@id\":\"https:\\\/\\\/www.cidademarketing.com.br\\\/marketing\\\/2022\\\/10\\\/03\\\/molico-apresenta-latas-comemorativas-em-conscientizacao-ao-outubro-rosa-e-novembro-azul\\\/#breadcrumb\"},\"inLanguage\":\"pt-BR\",\"potentialAction\":[{\"@type\":\"ReadAction\",\"target\":[\"https:\\\/\\\/www.cidademarketing.com.br\\\/marketing\\\/2022\\\/10\\\/03\\\/molico-apresenta-latas-comemorativas-em-conscientizacao-ao-outubro-rosa-e-novembro-azul\\\/\"]}]},{\"@type\":\"ImageObject\",\"inLanguage\":\"pt-BR\",\"@id\":\"https:\\\/\\\/www.cidademarketing.com.br\\\/marketing\\\/2022\\\/10\\\/03\\\/molico-apresenta-latas-comemorativas-em-conscientizacao-ao-outubro-rosa-e-novembro-azul\\\/#primaryimage\",\"url\":\"https:\\\/\\\/www.cidademarketing.com.br\\\/marketing\\\/wp-content\\\/uploads\\\/2022\\\/10\\\/molicooutubroenovembroespecial-feedestatico-IG-op01-2.png\",\"contentUrl\":\"https:\\\/\\\/www.cidademarketing.com.br\\\/marketing\\\/wp-content\\\/uploads\\\/2022\\\/10\\\/molicooutubroenovembroespecial-feedestatico-IG-op01-2.png\",\"width\":1080,\"height\":1350},{\"@type\":\"BreadcrumbList\",\"@id\":\"https:\\\/\\\/www.cidademarketing.com.br\\\/marketing\\\/2022\\\/10\\\/03\\\/molico-apresenta-latas-comemorativas-em-conscientizacao-ao-outubro-rosa-e-novembro-azul\\\/#breadcrumb\",\"itemListElement\":[{\"@type\":\"ListItem\",\"position\":1,\"name\":\"In\u00edcio\",\"item\":\"https:\\\/\\\/www.cidademarketing.com.br\\\/marketing\\\/\"},{\"@type\":\"ListItem\",\"position\":2,\"name\":\"Molico\u00ae apresenta latas comemorativas em conscientiza\u00e7\u00e3o ao Outubro Rosa e Novembro Azul\"}]},{\"@type\":\"WebSite\",\"@id\":\"https:\\\/\\\/www.cidademarketing.com.br\\\/marketing\\\/#website\",\"url\":\"https:\\\/\\\/www.cidademarketing.com.br\\\/marketing\\\/\",\"name\":\"CidadeMarketing\",\"description\":\"Somos um ve\u00edculo de comunica\u00e7\u00e3o de destaque no Brasil, reconhecido por conte\u00fados nos segmentos de marketing, empreendedorismo e inova\u00e7\u00e3o.\",\"publisher\":{\"@id\":\"https:\\\/\\\/www.cidademarketing.com.br\\\/marketing\\\/#organization\"},\"alternateName\":\"CidadeMarketing\",\"potentialAction\":[{\"@type\":\"SearchAction\",\"target\":{\"@type\":\"EntryPoint\",\"urlTemplate\":\"https:\\\/\\\/www.cidademarketing.com.br\\\/marketing\\\/?s={search_term_string}\"},\"query-input\":{\"@type\":\"PropertyValueSpecification\",\"valueRequired\":true,\"valueName\":\"search_term_string\"}}],\"inLanguage\":\"pt-BR\"},{\"@type\":\"Organization\",\"@id\":\"https:\\\/\\\/www.cidademarketing.com.br\\\/marketing\\\/#organization\",\"name\":\"CidadeMarketing\",\"alternateName\":\"CidadeMarketing\",\"url\":\"https:\\\/\\\/www.cidademarketing.com.br\\\/marketing\\\/\",\"logo\":{\"@type\":\"ImageObject\",\"inLanguage\":\"pt-BR\",\"@id\":\"https:\\\/\\\/www.cidademarketing.com.br\\\/marketing\\\/#\\\/schema\\\/logo\\\/image\\\/\",\"url\":\"https:\\\/\\\/www.cidademarketing.com.br\\\/marketing\\\/wp-content\\\/uploads\\\/2020\\\/01\\\/cidademarketing_marca_mobile.png\",\"contentUrl\":\"https:\\\/\\\/www.cidademarketing.com.br\\\/marketing\\\/wp-content\\\/uploads\\\/2020\\\/01\\\/cidademarketing_marca_mobile.png\",\"width\":230,\"height\":92,\"caption\":\"CidadeMarketing\"},\"image\":{\"@id\":\"https:\\\/\\\/www.cidademarketing.com.br\\\/marketing\\\/#\\\/schema\\\/logo\\\/image\\\/\"},\"sameAs\":[\"https:\\\/\\\/www.facebook.com\\\/portalcidademarketing\",\"https:\\\/\\\/x.com\\\/CidadeMarketing\",\"https:\\\/\\\/www.instagram.com\\\/cidademarketing\\\/\"]},{\"@type\":\"Person\",\"@id\":\"https:\\\/\\\/www.cidademarketing.com.br\\\/marketing\\\/#\\\/schema\\\/person\\\/02daff9f18bd9378c9e01eb6b2db155f\",\"name\":\"Thales Brand\u00e3o\",\"image\":{\"@type\":\"ImageObject\",\"inLanguage\":\"pt-BR\",\"@id\":\"https:\\\/\\\/secure.gravatar.com\\\/avatar\\\/7ca3206950207cc3cb48feec56a8a7898741ab725c368d99d5d7a5a50aab80c6?s=96&d=mm&r=g\",\"url\":\"https:\\\/\\\/secure.gravatar.com\\\/avatar\\\/7ca3206950207cc3cb48feec56a8a7898741ab725c368d99d5d7a5a50aab80c6?s=96&d=mm&r=g\",\"contentUrl\":\"https:\\\/\\\/secure.gravatar.com\\\/avatar\\\/7ca3206950207cc3cb48feec56a8a7898741ab725c368d99d5d7a5a50aab80c6?s=96&d=mm&r=g\",\"caption\":\"Thales Brand\u00e3o\"},\"description\":\"Editor Executivo do Portal CidadeMarketing.com.br &gt; Mestre em Comunica\u00e7\u00e3o e Sociedade pela Universidade Federal de Sergipe. Possui MBA Executivo em Administra\u00e7\u00e3o com \u00eanfase em Marketing pela Funda\u00e7\u00e3o Get\u00falio Vargas - Rio de Janeiro. Consultor, Palestrante e Pesquisador sobre Empreendedorismo, Marketing, Redes Sociais e Neg\u00f3cios Digitais. Professor, Palestrante TedxTalks e Campus Party. Twitter: @ThalesBrandao\",\"sameAs\":[\"http:\\\/\\\/www.mandacaru.com.br\",\"https:\\\/\\\/www.facebook.com\\\/thalesbrandao\",\"http:\\\/\\\/www.instagram.com.br\\\/thalesbrandaoferreira\",\"https:\\\/\\\/www.linkedin.com\\\/in\\\/thales-brand\u00e3o-3948609\\\/\",\"https:\\\/\\\/x.com\\\/http:\\\/\\\/www.twitter.com\\\/thalesbrandao\"],\"url\":\"https:\\\/\\\/www.cidademarketing.com.br\\\/marketing\\\/author\\\/thalesbrandao\\\/\"}]}<\/script>\n<!-- \/ Yoast SEO plugin. -->","yoast_head_json":{"title":"Molico\u00ae apresenta latas comemorativas em conscientiza\u00e7\u00e3o ao Outubro Rosa e Novembro Azul - CidadeMarketing","robots":{"index":"index","follow":"follow","max-snippet":"max-snippet:-1","max-image-preview":"max-image-preview:large","max-video-preview":"max-video-preview:-1"},"canonical":"https:\/\/www.cidademarketing.com.br\/marketing\/2022\/10\/03\/molico-apresenta-latas-comemorativas-em-conscientizacao-ao-outubro-rosa-e-novembro-azul\/","og_locale":"pt_BR","og_type":"article","og_title":"Molico\u00ae apresenta latas comemorativas em conscientiza\u00e7\u00e3o ao Outubro Rosa e Novembro Azul - CidadeMarketing","og_description":"Molico\u00ae acaba de anunciar o lan\u00e7amento, em edi\u00e7\u00e3o limitada, de duas novas embalagens em conscientiza\u00e7\u00e3o ao m\u00eas do Outubro Rosa e do Novembro Azul, per\u00edodos destinados a promover a luta contra o c\u00e2ncer de Mama e Pr\u00f3stata, de forma a contribuir com a redu\u00e7\u00e3o da mortalidade. As embalagens estar\u00e3o dispon\u00edveis para venda nos principais supermercadistas [&hellip;]","og_url":"https:\/\/www.cidademarketing.com.br\/marketing\/2022\/10\/03\/molico-apresenta-latas-comemorativas-em-conscientizacao-ao-outubro-rosa-e-novembro-azul\/","og_site_name":"CidadeMarketing","article_publisher":"https:\/\/www.facebook.com\/portalcidademarketing","article_author":"https:\/\/www.facebook.com\/thalesbrandao","article_published_time":"2022-10-03T17:21:33+00:00","article_modified_time":"2022-11-11T13:28:12+00:00","og_image":[{"width":1080,"height":1350,"url":"https:\/\/www.cidademarketing.com.br\/marketing\/wp-content\/uploads\/2022\/10\/molicooutubroenovembroespecial-feedestatico-IG-op01-2.png","type":"image\/png"}],"author":"Thales Brand\u00e3o","twitter_card":"summary_large_image","twitter_creator":"@http:\/\/www.twitter.com\/thalesbrandao","twitter_site":"@CidadeMarketing","twitter_misc":{"Escrito por":"Thales Brand\u00e3o","Est. tempo de leitura":"1 minuto"},"schema":{"@context":"https:\/\/schema.org","@graph":[{"@type":"Article","@id":"https:\/\/www.cidademarketing.com.br\/marketing\/2022\/10\/03\/molico-apresenta-latas-comemorativas-em-conscientizacao-ao-outubro-rosa-e-novembro-azul\/#article","isPartOf":{"@id":"https:\/\/www.cidademarketing.com.br\/marketing\/2022\/10\/03\/molico-apresenta-latas-comemorativas-em-conscientizacao-ao-outubro-rosa-e-novembro-azul\/"},"author":{"name":"Thales Brand\u00e3o","@id":"https:\/\/www.cidademarketing.com.br\/marketing\/#\/schema\/person\/02daff9f18bd9378c9e01eb6b2db155f"},"headline":"Molico\u00ae apresenta latas comemorativas em conscientiza\u00e7\u00e3o ao Outubro Rosa e Novembro Azul","datePublished":"2022-10-03T17:21:33+00:00","dateModified":"2022-11-11T13:28:12+00:00","mainEntityOfPage":{"@id":"https:\/\/www.cidademarketing.com.br\/marketing\/2022\/10\/03\/molico-apresenta-latas-comemorativas-em-conscientizacao-ao-outubro-rosa-e-novembro-azul\/"},"wordCount":280,"commentCount":0,"publisher":{"@id":"https:\/\/www.cidademarketing.com.br\/marketing\/#organization"},"image":{"@id":"https:\/\/www.cidademarketing.com.br\/marketing\/2022\/10\/03\/molico-apresenta-latas-comemorativas-em-conscientizacao-ao-outubro-rosa-e-novembro-azul\/#primaryimage"},"thumbnailUrl":"https:\/\/www.cidademarketing.com.br\/marketing\/wp-content\/uploads\/2022\/10\/molicooutubroenovembroespecial-feedestatico-IG-op01-2.png","keywords":["campanha","diversidade","estrat\u00e9gia","marketing","Molico","Nestl\u00e9","sa\u00fade"],"articleSection":["Not\u00edcias"],"inLanguage":"pt-BR","potentialAction":[{"@type":"CommentAction","name":"Comment","target":["https:\/\/www.cidademarketing.com.br\/marketing\/2022\/10\/03\/molico-apresenta-latas-comemorativas-em-conscientizacao-ao-outubro-rosa-e-novembro-azul\/#respond"]}]},{"@type":"WebPage","@id":"https:\/\/www.cidademarketing.com.br\/marketing\/2022\/10\/03\/molico-apresenta-latas-comemorativas-em-conscientizacao-ao-outubro-rosa-e-novembro-azul\/","url":"https:\/\/www.cidademarketing.com.br\/marketing\/2022\/10\/03\/molico-apresenta-latas-comemorativas-em-conscientizacao-ao-outubro-rosa-e-novembro-azul\/","name":"Molico\u00ae apresenta latas comemorativas em conscientiza\u00e7\u00e3o ao Outubro Rosa e Novembro Azul - CidadeMarketing","isPartOf":{"@id":"https:\/\/www.cidademarketing.com.br\/marketing\/#website"},"primaryImageOfPage":{"@id":"https:\/\/www.cidademarketing.com.br\/marketing\/2022\/10\/03\/molico-apresenta-latas-comemorativas-em-conscientizacao-ao-outubro-rosa-e-novembro-azul\/#primaryimage"},"image":{"@id":"https:\/\/www.cidademarketing.com.br\/marketing\/2022\/10\/03\/molico-apresenta-latas-comemorativas-em-conscientizacao-ao-outubro-rosa-e-novembro-azul\/#primaryimage"},"thumbnailUrl":"https:\/\/www.cidademarketing.com.br\/marketing\/wp-content\/uploads\/2022\/10\/molicooutubroenovembroespecial-feedestatico-IG-op01-2.png","datePublished":"2022-10-03T17:21:33+00:00","dateModified":"2022-11-11T13:28:12+00:00","breadcrumb":{"@id":"https:\/\/www.cidademarketing.com.br\/marketing\/2022\/10\/03\/molico-apresenta-latas-comemorativas-em-conscientizacao-ao-outubro-rosa-e-novembro-azul\/#breadcrumb"},"inLanguage":"pt-BR","potentialAction":[{"@type":"ReadAction","target":["https:\/\/www.cidademarketing.com.br\/marketing\/2022\/10\/03\/molico-apresenta-latas-comemorativas-em-conscientizacao-ao-outubro-rosa-e-novembro-azul\/"]}]},{"@type":"ImageObject","inLanguage":"pt-BR","@id":"https:\/\/www.cidademarketing.com.br\/marketing\/2022\/10\/03\/molico-apresenta-latas-comemorativas-em-conscientizacao-ao-outubro-rosa-e-novembro-azul\/#primaryimage","url":"https:\/\/www.cidademarketing.com.br\/marketing\/wp-content\/uploads\/2022\/10\/molicooutubroenovembroespecial-feedestatico-IG-op01-2.png","contentUrl":"https:\/\/www.cidademarketing.com.br\/marketing\/wp-content\/uploads\/2022\/10\/molicooutubroenovembroespecial-feedestatico-IG-op01-2.png","width":1080,"height":1350},{"@type":"BreadcrumbList","@id":"https:\/\/www.cidademarketing.com.br\/marketing\/2022\/10\/03\/molico-apresenta-latas-comemorativas-em-conscientizacao-ao-outubro-rosa-e-novembro-azul\/#breadcrumb","itemListElement":[{"@type":"ListItem","position":1,"name":"In\u00edcio","item":"https:\/\/www.cidademarketing.com.br\/marketing\/"},{"@type":"ListItem","position":2,"name":"Molico\u00ae apresenta latas comemorativas em conscientiza\u00e7\u00e3o ao Outubro Rosa e Novembro Azul"}]},{"@type":"WebSite","@id":"https:\/\/www.cidademarketing.com.br\/marketing\/#website","url":"https:\/\/www.cidademarketing.com.br\/marketing\/","name":"CidadeMarketing","description":"Somos um ve\u00edculo de comunica\u00e7\u00e3o de destaque no Brasil, reconhecido por conte\u00fados nos segmentos de marketing, empreendedorismo e inova\u00e7\u00e3o.","publisher":{"@id":"https:\/\/www.cidademarketing.com.br\/marketing\/#organization"},"alternateName":"CidadeMarketing","potentialAction":[{"@type":"SearchAction","target":{"@type":"EntryPoint","urlTemplate":"https:\/\/www.cidademarketing.com.br\/marketing\/?s={search_term_string}"},"query-input":{"@type":"PropertyValueSpecification","valueRequired":true,"valueName":"search_term_string"}}],"inLanguage":"pt-BR"},{"@type":"Organization","@id":"https:\/\/www.cidademarketing.com.br\/marketing\/#organization","name":"CidadeMarketing","alternateName":"CidadeMarketing","url":"https:\/\/www.cidademarketing.com.br\/marketing\/","logo":{"@type":"ImageObject","inLanguage":"pt-BR","@id":"https:\/\/www.cidademarketing.com.br\/marketing\/#\/schema\/logo\/image\/","url":"https:\/\/www.cidademarketing.com.br\/marketing\/wp-content\/uploads\/2020\/01\/cidademarketing_marca_mobile.png","contentUrl":"https:\/\/www.cidademarketing.com.br\/marketing\/wp-content\/uploads\/2020\/01\/cidademarketing_marca_mobile.png","width":230,"height":92,"caption":"CidadeMarketing"},"image":{"@id":"https:\/\/www.cidademarketing.com.br\/marketing\/#\/schema\/logo\/image\/"},"sameAs":["https:\/\/www.facebook.com\/portalcidademarketing","https:\/\/x.com\/CidadeMarketing","https:\/\/www.instagram.com\/cidademarketing\/"]},{"@type":"Person","@id":"https:\/\/www.cidademarketing.com.br\/marketing\/#\/schema\/person\/02daff9f18bd9378c9e01eb6b2db155f","name":"Thales Brand\u00e3o","image":{"@type":"ImageObject","inLanguage":"pt-BR","@id":"https:\/\/secure.gravatar.com\/avatar\/7ca3206950207cc3cb48feec56a8a7898741ab725c368d99d5d7a5a50aab80c6?s=96&d=mm&r=g","url":"https:\/\/secure.gravatar.com\/avatar\/7ca3206950207cc3cb48feec56a8a7898741ab725c368d99d5d7a5a50aab80c6?s=96&d=mm&r=g","contentUrl":"https:\/\/secure.gravatar.com\/avatar\/7ca3206950207cc3cb48feec56a8a7898741ab725c368d99d5d7a5a50aab80c6?s=96&d=mm&r=g","caption":"Thales Brand\u00e3o"},"description":"Editor Executivo do Portal CidadeMarketing.com.br &gt; Mestre em Comunica\u00e7\u00e3o e Sociedade pela Universidade Federal de Sergipe. Possui MBA Executivo em Administra\u00e7\u00e3o com \u00eanfase em Marketing pela Funda\u00e7\u00e3o Get\u00falio Vargas - Rio de Janeiro. Consultor, Palestrante e Pesquisador sobre Empreendedorismo, Marketing, Redes Sociais e Neg\u00f3cios Digitais. Professor, Palestrante TedxTalks e Campus Party. Twitter: @ThalesBrandao","sameAs":["http:\/\/www.mandacaru.com.br","https:\/\/www.facebook.com\/thalesbrandao","http:\/\/www.instagram.com.br\/thalesbrandaoferreira","https:\/\/www.linkedin.com\/in\/thales-brand\u00e3o-3948609\/","https:\/\/x.com\/http:\/\/www.twitter.com\/thalesbrandao"],"url":"https:\/\/www.cidademarketing.com.br\/marketing\/author\/thalesbrandao\/"}]}},"amp_enabled":true,"_links":{"self":[{"href":"https:\/\/www.cidademarketing.com.br\/marketing\/wp-json\/wp\/v2\/posts\/38540","targetHints":{"allow":["GET"]}}],"collection":[{"href":"https:\/\/www.cidademarketing.com.br\/marketing\/wp-json\/wp\/v2\/posts"}],"about":[{"href":"https:\/\/www.cidademarketing.com.br\/marketing\/wp-json\/wp\/v2\/types\/post"}],"author":[{"embeddable":true,"href":"https:\/\/www.cidademarketing.com.br\/marketing\/wp-json\/wp\/v2\/users\/1"}],"replies":[{"embeddable":true,"href":"https:\/\/www.cidademarketing.com.br\/marketing\/wp-json\/wp\/v2\/comments?post=38540"}],"version-history":[{"count":2,"href":"https:\/\/www.cidademarketing.com.br\/marketing\/wp-json\/wp\/v2\/posts\/38540\/revisions"}],"predecessor-version":[{"id":39726,"href":"https:\/\/www.cidademarketing.com.br\/marketing\/wp-json\/wp\/v2\/posts\/38540\/revisions\/39726"}],"wp:featuredmedia":[{"embeddable":true,"href":"https:\/\/www.cidademarketing.com.br\/marketing\/wp-json\/wp\/v2\/media\/39725"}],"wp:attachment":[{"href":"https:\/\/www.cidademarketing.com.br\/marketing\/wp-json\/wp\/v2\/media?parent=38540"}],"wp:term":[{"taxonomy":"category","embeddable":true,"href":"https:\/\/www.cidademarketing.com.br\/marketing\/wp-json\/wp\/v2\/categories?post=38540"},{"taxonomy":"post_tag","embeddable":true,"href":"https:\/\/www.cidademarketing.com.br\/marketing\/wp-json\/wp\/v2\/tags?post=38540"}],"curies":[{"name":"wp","href":"https:\/\/api.w.org\/{rel}","templated":true}]}}