{"id":38519,"date":"2022-10-01T21:12:31","date_gmt":"2022-10-02T00:12:31","guid":{"rendered":"https:\/\/www.cidademarketing.com.br\/marketing\/?p=38519"},"modified":"2022-10-01T21:12:31","modified_gmt":"2022-10-02T00:12:31","slug":"tse-veste-o-cristo-redentor-com-camiseta-pela-paz-nas-eleicoes-2022","status":"publish","type":"post","link":"https:\/\/www.cidademarketing.com.br\/marketing\/2022\/10\/01\/tse-veste-o-cristo-redentor-com-camiseta-pela-paz-nas-eleicoes-2022\/","title":{"rendered":"TSE veste o Cristo Redentor com camiseta pela paz nas Elei\u00e7\u00f5es 2022"},"content":{"rendered":"<p><iframe style=\"border-radius: 12px;\" src=\"https:\/\/open.spotify.com\/embed\/show\/4khMKzP3FgFRWVwb73xicc?utm_source=generator&amp;t=0\" width=\"100%\" height=\"232\" frameborder=\"0\" allowfullscreen=\"allowfullscreen\"><\/iframe><br \/>\nNeste s\u00e1bado (1\u00b0), o Tribunal Superior Eleitoral (TSE) vai vestir o Cristo Redentor, monumento localizado no Rio de Janeiro (RJ), com uma camiseta que cont\u00e9m a hashtag #PazNasElei\u00e7\u00f5es e a logomarca dos 90 anos da Justi\u00e7a Eleitoral.<\/p>\n<p>A proje\u00e7\u00e3o, que ser\u00e1 exibida das 19h \u00e0s 23h, faz parte da Campanha pela Paz nas Elei\u00e7\u00f5es, promovida pelo Tribunal em parceria com a Confedera\u00e7\u00e3o Brasileira de Futebol (CBF) e times da s\u00e9rie A do Campeonato Brasileiro.<\/p>\n<p>A campanha<\/p>\n<p>A Campanha pela Paz nas Elei\u00e7\u00f5es come\u00e7ou no dia 15 de setembro, data em que \u00e9 celebrado o Dia Internacional da Democracia, em partida v\u00e1lida pelas semifinais da Copa do Brasil entre Corinthians e Fluminense, em S\u00e3o Paulo (SP). Uma urna gigante infl\u00e1vel foi colocada no centro do gramado antes da partida, com o objetivo de mostrar o apoio ao sistema eletr\u00f4nico de vota\u00e7\u00e3o e o incentivo a elei\u00e7\u00f5es pac\u00edficas, limpas e que espelhem fielmente a vontade do povo.<\/p>\n<p>Os v\u00eddeos e spots da campanha nas emissoras de TV e r\u00e1dio de todo o pa\u00eds, que tamb\u00e9m foram produzidos em parceria com a CBF, come\u00e7aram a ser exibidos no dia 22 de setembro e ser\u00e3o veiculados at\u00e9 este domingo (2).<\/p>\n<p>E nesta sexta-feira (30), \u00e0s 9h30, foi promovido um \u201ctuita\u00e7o\u201d pela #PazNasElei\u00e7\u00f5es. O p\u00fablico-alvo foram as pessoas envolvidas com o futebol e os torcedores dos times.<\/p>\n<p>CidadeMarketing com informa\u00e7\u00f5es do TSE<\/p>\n<p><iframe style=\"width: 100%; max-width: 660px; overflow: hidden; background: transparent;\" src=\"https:\/\/embed.podcasts.apple.com\/br\/podcast\/podcast-cidademarketing\/id1371923283\" height=\"450\" frameborder=\"0\" sandbox=\"allow-forms allow-popups allow-same-origin allow-scripts allow-storage-access-by-user-activation allow-top-navigation-by-user-activation\"><\/iframe><\/p>\n","protected":false},"excerpt":{"rendered":"<p>Neste s\u00e1bado (1\u00b0), o Tribunal Superior Eleitoral (TSE) vai vestir o Cristo Redentor, monumento localizado no Rio de Janeiro (RJ), com uma camiseta que cont\u00e9m a hashtag #PazNasElei\u00e7\u00f5es e a logomarca dos 90 anos da Justi\u00e7a Eleitoral. A proje\u00e7\u00e3o, que ser\u00e1 exibida das 19h \u00e0s 23h, faz parte da Campanha pela Paz nas Elei\u00e7\u00f5es, promovida [&hellip;]<\/p>\n","protected":false},"author":1,"featured_media":38520,"comment_status":"open","ping_status":"open","sticky":false,"template":"","format":"standard","meta":{"tdm_status":"","tdm_grid_status":"","footnotes":""},"categories":[6],"tags":[5529,33,28,569,199,422],"class_list":["post-38519","post","type-post","status-publish","format-standard","has-post-thumbnail","hentry","category-noticias","tag-eleicoes-2022","tag-estrategia","tag-marketing","tag-rio","tag-rio-de-janeiro","tag-tse"],"yoast_head":"<!-- This site is optimized with the Yoast SEO plugin v27.5 - https:\/\/yoast.com\/product\/yoast-seo-wordpress\/ -->\n<title>TSE veste o Cristo Redentor com camiseta pela paz nas Elei\u00e7\u00f5es 2022 - CidadeMarketing<\/title>\n<meta name=\"robots\" content=\"index, follow, max-snippet:-1, max-image-preview:large, max-video-preview:-1\" \/>\n<link rel=\"canonical\" href=\"https:\/\/www.cidademarketing.com.br\/marketing\/2022\/10\/01\/tse-veste-o-cristo-redentor-com-camiseta-pela-paz-nas-eleicoes-2022\/\" \/>\n<meta property=\"og:locale\" content=\"pt_BR\" \/>\n<meta property=\"og:type\" content=\"article\" \/>\n<meta property=\"og:title\" content=\"TSE veste o Cristo Redentor com camiseta pela paz nas Elei\u00e7\u00f5es 2022 - CidadeMarketing\" \/>\n<meta property=\"og:description\" content=\"Neste s\u00e1bado (1\u00b0), o Tribunal Superior Eleitoral (TSE) vai vestir o Cristo Redentor, monumento localizado no Rio de Janeiro (RJ), com uma camiseta que cont\u00e9m a hashtag #PazNasElei\u00e7\u00f5es e a logomarca dos 90 anos da Justi\u00e7a Eleitoral. A proje\u00e7\u00e3o, que ser\u00e1 exibida das 19h \u00e0s 23h, faz parte da Campanha pela Paz nas Elei\u00e7\u00f5es, promovida [&hellip;]\" \/>\n<meta property=\"og:url\" content=\"https:\/\/www.cidademarketing.com.br\/marketing\/2022\/10\/01\/tse-veste-o-cristo-redentor-com-camiseta-pela-paz-nas-eleicoes-2022\/\" \/>\n<meta property=\"og:site_name\" content=\"CidadeMarketing\" \/>\n<meta property=\"article:publisher\" content=\"https:\/\/www.facebook.com\/portalcidademarketing\" \/>\n<meta property=\"article:author\" content=\"https:\/\/www.facebook.com\/thalesbrandao\" \/>\n<meta property=\"article:published_time\" content=\"2022-10-02T00:12:31+00:00\" \/>\n<meta property=\"og:image\" content=\"https:\/\/www.cidademarketing.com.br\/marketing\/wp-content\/uploads\/2022\/10\/tse_cristo_eleicoes2022.jpeg\" \/>\n\t<meta property=\"og:image:width\" content=\"620\" \/>\n\t<meta property=\"og:image:height\" content=\"300\" \/>\n\t<meta property=\"og:image:type\" content=\"image\/jpeg\" \/>\n<meta name=\"author\" content=\"Thales Brand\u00e3o\" \/>\n<meta name=\"twitter:card\" content=\"summary_large_image\" \/>\n<meta name=\"twitter:creator\" content=\"@http:\/\/www.twitter.com\/thalesbrandao\" \/>\n<meta name=\"twitter:site\" content=\"@CidadeMarketing\" \/>\n<meta name=\"twitter:label1\" content=\"Escrito por\" \/>\n\t<meta name=\"twitter:data1\" content=\"Thales Brand\u00e3o\" \/>\n\t<meta name=\"twitter:label2\" content=\"Est. tempo de leitura\" \/>\n\t<meta name=\"twitter:data2\" content=\"1 minuto\" \/>\n<script type=\"application\/ld+json\" class=\"yoast-schema-graph\">{\"@context\":\"https:\\\/\\\/schema.org\",\"@graph\":[{\"@type\":\"Article\",\"@id\":\"https:\\\/\\\/www.cidademarketing.com.br\\\/marketing\\\/2022\\\/10\\\/01\\\/tse-veste-o-cristo-redentor-com-camiseta-pela-paz-nas-eleicoes-2022\\\/#article\",\"isPartOf\":{\"@id\":\"https:\\\/\\\/www.cidademarketing.com.br\\\/marketing\\\/2022\\\/10\\\/01\\\/tse-veste-o-cristo-redentor-com-camiseta-pela-paz-nas-eleicoes-2022\\\/\"},\"author\":{\"name\":\"Thales Brand\u00e3o\",\"@id\":\"https:\\\/\\\/www.cidademarketing.com.br\\\/marketing\\\/#\\\/schema\\\/person\\\/02daff9f18bd9378c9e01eb6b2db155f\"},\"headline\":\"TSE veste o Cristo Redentor com camiseta pela paz nas Elei\u00e7\u00f5es 2022\",\"datePublished\":\"2022-10-02T00:12:31+00:00\",\"mainEntityOfPage\":{\"@id\":\"https:\\\/\\\/www.cidademarketing.com.br\\\/marketing\\\/2022\\\/10\\\/01\\\/tse-veste-o-cristo-redentor-com-camiseta-pela-paz-nas-eleicoes-2022\\\/\"},\"wordCount\":259,\"commentCount\":0,\"publisher\":{\"@id\":\"https:\\\/\\\/www.cidademarketing.com.br\\\/marketing\\\/#organization\"},\"image\":{\"@id\":\"https:\\\/\\\/www.cidademarketing.com.br\\\/marketing\\\/2022\\\/10\\\/01\\\/tse-veste-o-cristo-redentor-com-camiseta-pela-paz-nas-eleicoes-2022\\\/#primaryimage\"},\"thumbnailUrl\":\"https:\\\/\\\/www.cidademarketing.com.br\\\/marketing\\\/wp-content\\\/uploads\\\/2022\\\/10\\\/tse_cristo_eleicoes2022.jpeg\",\"keywords\":[\"elei\u00e7\u00f5es 2022\",\"estrat\u00e9gia\",\"marketing\",\"Rio\",\"Rio de Janeiro\",\"TSE\"],\"articleSection\":[\"Not\u00edcias\"],\"inLanguage\":\"pt-BR\",\"potentialAction\":[{\"@type\":\"CommentAction\",\"name\":\"Comment\",\"target\":[\"https:\\\/\\\/www.cidademarketing.com.br\\\/marketing\\\/2022\\\/10\\\/01\\\/tse-veste-o-cristo-redentor-com-camiseta-pela-paz-nas-eleicoes-2022\\\/#respond\"]}]},{\"@type\":\"WebPage\",\"@id\":\"https:\\\/\\\/www.cidademarketing.com.br\\\/marketing\\\/2022\\\/10\\\/01\\\/tse-veste-o-cristo-redentor-com-camiseta-pela-paz-nas-eleicoes-2022\\\/\",\"url\":\"https:\\\/\\\/www.cidademarketing.com.br\\\/marketing\\\/2022\\\/10\\\/01\\\/tse-veste-o-cristo-redentor-com-camiseta-pela-paz-nas-eleicoes-2022\\\/\",\"name\":\"TSE veste o Cristo Redentor com camiseta pela paz nas Elei\u00e7\u00f5es 2022 - CidadeMarketing\",\"isPartOf\":{\"@id\":\"https:\\\/\\\/www.cidademarketing.com.br\\\/marketing\\\/#website\"},\"primaryImageOfPage\":{\"@id\":\"https:\\\/\\\/www.cidademarketing.com.br\\\/marketing\\\/2022\\\/10\\\/01\\\/tse-veste-o-cristo-redentor-com-camiseta-pela-paz-nas-eleicoes-2022\\\/#primaryimage\"},\"image\":{\"@id\":\"https:\\\/\\\/www.cidademarketing.com.br\\\/marketing\\\/2022\\\/10\\\/01\\\/tse-veste-o-cristo-redentor-com-camiseta-pela-paz-nas-eleicoes-2022\\\/#primaryimage\"},\"thumbnailUrl\":\"https:\\\/\\\/www.cidademarketing.com.br\\\/marketing\\\/wp-content\\\/uploads\\\/2022\\\/10\\\/tse_cristo_eleicoes2022.jpeg\",\"datePublished\":\"2022-10-02T00:12:31+00:00\",\"breadcrumb\":{\"@id\":\"https:\\\/\\\/www.cidademarketing.com.br\\\/marketing\\\/2022\\\/10\\\/01\\\/tse-veste-o-cristo-redentor-com-camiseta-pela-paz-nas-eleicoes-2022\\\/#breadcrumb\"},\"inLanguage\":\"pt-BR\",\"potentialAction\":[{\"@type\":\"ReadAction\",\"target\":[\"https:\\\/\\\/www.cidademarketing.com.br\\\/marketing\\\/2022\\\/10\\\/01\\\/tse-veste-o-cristo-redentor-com-camiseta-pela-paz-nas-eleicoes-2022\\\/\"]}]},{\"@type\":\"ImageObject\",\"inLanguage\":\"pt-BR\",\"@id\":\"https:\\\/\\\/www.cidademarketing.com.br\\\/marketing\\\/2022\\\/10\\\/01\\\/tse-veste-o-cristo-redentor-com-camiseta-pela-paz-nas-eleicoes-2022\\\/#primaryimage\",\"url\":\"https:\\\/\\\/www.cidademarketing.com.br\\\/marketing\\\/wp-content\\\/uploads\\\/2022\\\/10\\\/tse_cristo_eleicoes2022.jpeg\",\"contentUrl\":\"https:\\\/\\\/www.cidademarketing.com.br\\\/marketing\\\/wp-content\\\/uploads\\\/2022\\\/10\\\/tse_cristo_eleicoes2022.jpeg\",\"width\":620,\"height\":300,\"caption\":\"Divulga\u00e7\u00e3o\"},{\"@type\":\"BreadcrumbList\",\"@id\":\"https:\\\/\\\/www.cidademarketing.com.br\\\/marketing\\\/2022\\\/10\\\/01\\\/tse-veste-o-cristo-redentor-com-camiseta-pela-paz-nas-eleicoes-2022\\\/#breadcrumb\",\"itemListElement\":[{\"@type\":\"ListItem\",\"position\":1,\"name\":\"In\u00edcio\",\"item\":\"https:\\\/\\\/www.cidademarketing.com.br\\\/marketing\\\/\"},{\"@type\":\"ListItem\",\"position\":2,\"name\":\"TSE veste o Cristo Redentor com camiseta pela paz nas Elei\u00e7\u00f5es 2022\"}]},{\"@type\":\"WebSite\",\"@id\":\"https:\\\/\\\/www.cidademarketing.com.br\\\/marketing\\\/#website\",\"url\":\"https:\\\/\\\/www.cidademarketing.com.br\\\/marketing\\\/\",\"name\":\"CidadeMarketing\",\"description\":\"Somos um ve\u00edculo de comunica\u00e7\u00e3o de destaque no Brasil, reconhecido por conte\u00fados nos segmentos de marketing, empreendedorismo e inova\u00e7\u00e3o.\",\"publisher\":{\"@id\":\"https:\\\/\\\/www.cidademarketing.com.br\\\/marketing\\\/#organization\"},\"alternateName\":\"CidadeMarketing\",\"potentialAction\":[{\"@type\":\"SearchAction\",\"target\":{\"@type\":\"EntryPoint\",\"urlTemplate\":\"https:\\\/\\\/www.cidademarketing.com.br\\\/marketing\\\/?s={search_term_string}\"},\"query-input\":{\"@type\":\"PropertyValueSpecification\",\"valueRequired\":true,\"valueName\":\"search_term_string\"}}],\"inLanguage\":\"pt-BR\"},{\"@type\":\"Organization\",\"@id\":\"https:\\\/\\\/www.cidademarketing.com.br\\\/marketing\\\/#organization\",\"name\":\"CidadeMarketing\",\"alternateName\":\"CidadeMarketing\",\"url\":\"https:\\\/\\\/www.cidademarketing.com.br\\\/marketing\\\/\",\"logo\":{\"@type\":\"ImageObject\",\"inLanguage\":\"pt-BR\",\"@id\":\"https:\\\/\\\/www.cidademarketing.com.br\\\/marketing\\\/#\\\/schema\\\/logo\\\/image\\\/\",\"url\":\"https:\\\/\\\/www.cidademarketing.com.br\\\/marketing\\\/wp-content\\\/uploads\\\/2020\\\/01\\\/cidademarketing_marca_mobile.png\",\"contentUrl\":\"https:\\\/\\\/www.cidademarketing.com.br\\\/marketing\\\/wp-content\\\/uploads\\\/2020\\\/01\\\/cidademarketing_marca_mobile.png\",\"width\":230,\"height\":92,\"caption\":\"CidadeMarketing\"},\"image\":{\"@id\":\"https:\\\/\\\/www.cidademarketing.com.br\\\/marketing\\\/#\\\/schema\\\/logo\\\/image\\\/\"},\"sameAs\":[\"https:\\\/\\\/www.facebook.com\\\/portalcidademarketing\",\"https:\\\/\\\/x.com\\\/CidadeMarketing\",\"https:\\\/\\\/www.instagram.com\\\/cidademarketing\\\/\"]},{\"@type\":\"Person\",\"@id\":\"https:\\\/\\\/www.cidademarketing.com.br\\\/marketing\\\/#\\\/schema\\\/person\\\/02daff9f18bd9378c9e01eb6b2db155f\",\"name\":\"Thales Brand\u00e3o\",\"image\":{\"@type\":\"ImageObject\",\"inLanguage\":\"pt-BR\",\"@id\":\"https:\\\/\\\/secure.gravatar.com\\\/avatar\\\/7ca3206950207cc3cb48feec56a8a7898741ab725c368d99d5d7a5a50aab80c6?s=96&d=mm&r=g\",\"url\":\"https:\\\/\\\/secure.gravatar.com\\\/avatar\\\/7ca3206950207cc3cb48feec56a8a7898741ab725c368d99d5d7a5a50aab80c6?s=96&d=mm&r=g\",\"contentUrl\":\"https:\\\/\\\/secure.gravatar.com\\\/avatar\\\/7ca3206950207cc3cb48feec56a8a7898741ab725c368d99d5d7a5a50aab80c6?s=96&d=mm&r=g\",\"caption\":\"Thales Brand\u00e3o\"},\"description\":\"Editor Executivo do Portal CidadeMarketing.com.br &gt; Mestre em Comunica\u00e7\u00e3o e Sociedade pela Universidade Federal de Sergipe. Possui MBA Executivo em Administra\u00e7\u00e3o com \u00eanfase em Marketing pela Funda\u00e7\u00e3o Get\u00falio Vargas - Rio de Janeiro. Consultor, Palestrante e Pesquisador sobre Empreendedorismo, Marketing, Redes Sociais e Neg\u00f3cios Digitais. Professor, Palestrante TedxTalks e Campus Party. Twitter: @ThalesBrandao\",\"sameAs\":[\"http:\\\/\\\/www.mandacaru.com.br\",\"https:\\\/\\\/www.facebook.com\\\/thalesbrandao\",\"http:\\\/\\\/www.instagram.com.br\\\/thalesbrandaoferreira\",\"https:\\\/\\\/www.linkedin.com\\\/in\\\/thales-brand\u00e3o-3948609\\\/\",\"https:\\\/\\\/x.com\\\/http:\\\/\\\/www.twitter.com\\\/thalesbrandao\"],\"url\":\"https:\\\/\\\/www.cidademarketing.com.br\\\/marketing\\\/author\\\/thalesbrandao\\\/\"}]}<\/script>\n<!-- \/ Yoast SEO plugin. -->","yoast_head_json":{"title":"TSE veste o Cristo Redentor com camiseta pela paz nas Elei\u00e7\u00f5es 2022 - CidadeMarketing","robots":{"index":"index","follow":"follow","max-snippet":"max-snippet:-1","max-image-preview":"max-image-preview:large","max-video-preview":"max-video-preview:-1"},"canonical":"https:\/\/www.cidademarketing.com.br\/marketing\/2022\/10\/01\/tse-veste-o-cristo-redentor-com-camiseta-pela-paz-nas-eleicoes-2022\/","og_locale":"pt_BR","og_type":"article","og_title":"TSE veste o Cristo Redentor com camiseta pela paz nas Elei\u00e7\u00f5es 2022 - CidadeMarketing","og_description":"Neste s\u00e1bado (1\u00b0), o Tribunal Superior Eleitoral (TSE) vai vestir o Cristo Redentor, monumento localizado no Rio de Janeiro (RJ), com uma camiseta que cont\u00e9m a hashtag #PazNasElei\u00e7\u00f5es e a logomarca dos 90 anos da Justi\u00e7a Eleitoral. A proje\u00e7\u00e3o, que ser\u00e1 exibida das 19h \u00e0s 23h, faz parte da Campanha pela Paz nas Elei\u00e7\u00f5es, promovida [&hellip;]","og_url":"https:\/\/www.cidademarketing.com.br\/marketing\/2022\/10\/01\/tse-veste-o-cristo-redentor-com-camiseta-pela-paz-nas-eleicoes-2022\/","og_site_name":"CidadeMarketing","article_publisher":"https:\/\/www.facebook.com\/portalcidademarketing","article_author":"https:\/\/www.facebook.com\/thalesbrandao","article_published_time":"2022-10-02T00:12:31+00:00","og_image":[{"width":620,"height":300,"url":"https:\/\/www.cidademarketing.com.br\/marketing\/wp-content\/uploads\/2022\/10\/tse_cristo_eleicoes2022.jpeg","type":"image\/jpeg"}],"author":"Thales Brand\u00e3o","twitter_card":"summary_large_image","twitter_creator":"@http:\/\/www.twitter.com\/thalesbrandao","twitter_site":"@CidadeMarketing","twitter_misc":{"Escrito por":"Thales Brand\u00e3o","Est. tempo de leitura":"1 minuto"},"schema":{"@context":"https:\/\/schema.org","@graph":[{"@type":"Article","@id":"https:\/\/www.cidademarketing.com.br\/marketing\/2022\/10\/01\/tse-veste-o-cristo-redentor-com-camiseta-pela-paz-nas-eleicoes-2022\/#article","isPartOf":{"@id":"https:\/\/www.cidademarketing.com.br\/marketing\/2022\/10\/01\/tse-veste-o-cristo-redentor-com-camiseta-pela-paz-nas-eleicoes-2022\/"},"author":{"name":"Thales Brand\u00e3o","@id":"https:\/\/www.cidademarketing.com.br\/marketing\/#\/schema\/person\/02daff9f18bd9378c9e01eb6b2db155f"},"headline":"TSE veste o Cristo Redentor com camiseta pela paz nas Elei\u00e7\u00f5es 2022","datePublished":"2022-10-02T00:12:31+00:00","mainEntityOfPage":{"@id":"https:\/\/www.cidademarketing.com.br\/marketing\/2022\/10\/01\/tse-veste-o-cristo-redentor-com-camiseta-pela-paz-nas-eleicoes-2022\/"},"wordCount":259,"commentCount":0,"publisher":{"@id":"https:\/\/www.cidademarketing.com.br\/marketing\/#organization"},"image":{"@id":"https:\/\/www.cidademarketing.com.br\/marketing\/2022\/10\/01\/tse-veste-o-cristo-redentor-com-camiseta-pela-paz-nas-eleicoes-2022\/#primaryimage"},"thumbnailUrl":"https:\/\/www.cidademarketing.com.br\/marketing\/wp-content\/uploads\/2022\/10\/tse_cristo_eleicoes2022.jpeg","keywords":["elei\u00e7\u00f5es 2022","estrat\u00e9gia","marketing","Rio","Rio de Janeiro","TSE"],"articleSection":["Not\u00edcias"],"inLanguage":"pt-BR","potentialAction":[{"@type":"CommentAction","name":"Comment","target":["https:\/\/www.cidademarketing.com.br\/marketing\/2022\/10\/01\/tse-veste-o-cristo-redentor-com-camiseta-pela-paz-nas-eleicoes-2022\/#respond"]}]},{"@type":"WebPage","@id":"https:\/\/www.cidademarketing.com.br\/marketing\/2022\/10\/01\/tse-veste-o-cristo-redentor-com-camiseta-pela-paz-nas-eleicoes-2022\/","url":"https:\/\/www.cidademarketing.com.br\/marketing\/2022\/10\/01\/tse-veste-o-cristo-redentor-com-camiseta-pela-paz-nas-eleicoes-2022\/","name":"TSE veste o Cristo Redentor com camiseta pela paz nas Elei\u00e7\u00f5es 2022 - CidadeMarketing","isPartOf":{"@id":"https:\/\/www.cidademarketing.com.br\/marketing\/#website"},"primaryImageOfPage":{"@id":"https:\/\/www.cidademarketing.com.br\/marketing\/2022\/10\/01\/tse-veste-o-cristo-redentor-com-camiseta-pela-paz-nas-eleicoes-2022\/#primaryimage"},"image":{"@id":"https:\/\/www.cidademarketing.com.br\/marketing\/2022\/10\/01\/tse-veste-o-cristo-redentor-com-camiseta-pela-paz-nas-eleicoes-2022\/#primaryimage"},"thumbnailUrl":"https:\/\/www.cidademarketing.com.br\/marketing\/wp-content\/uploads\/2022\/10\/tse_cristo_eleicoes2022.jpeg","datePublished":"2022-10-02T00:12:31+00:00","breadcrumb":{"@id":"https:\/\/www.cidademarketing.com.br\/marketing\/2022\/10\/01\/tse-veste-o-cristo-redentor-com-camiseta-pela-paz-nas-eleicoes-2022\/#breadcrumb"},"inLanguage":"pt-BR","potentialAction":[{"@type":"ReadAction","target":["https:\/\/www.cidademarketing.com.br\/marketing\/2022\/10\/01\/tse-veste-o-cristo-redentor-com-camiseta-pela-paz-nas-eleicoes-2022\/"]}]},{"@type":"ImageObject","inLanguage":"pt-BR","@id":"https:\/\/www.cidademarketing.com.br\/marketing\/2022\/10\/01\/tse-veste-o-cristo-redentor-com-camiseta-pela-paz-nas-eleicoes-2022\/#primaryimage","url":"https:\/\/www.cidademarketing.com.br\/marketing\/wp-content\/uploads\/2022\/10\/tse_cristo_eleicoes2022.jpeg","contentUrl":"https:\/\/www.cidademarketing.com.br\/marketing\/wp-content\/uploads\/2022\/10\/tse_cristo_eleicoes2022.jpeg","width":620,"height":300,"caption":"Divulga\u00e7\u00e3o"},{"@type":"BreadcrumbList","@id":"https:\/\/www.cidademarketing.com.br\/marketing\/2022\/10\/01\/tse-veste-o-cristo-redentor-com-camiseta-pela-paz-nas-eleicoes-2022\/#breadcrumb","itemListElement":[{"@type":"ListItem","position":1,"name":"In\u00edcio","item":"https:\/\/www.cidademarketing.com.br\/marketing\/"},{"@type":"ListItem","position":2,"name":"TSE veste o Cristo Redentor com camiseta pela paz nas Elei\u00e7\u00f5es 2022"}]},{"@type":"WebSite","@id":"https:\/\/www.cidademarketing.com.br\/marketing\/#website","url":"https:\/\/www.cidademarketing.com.br\/marketing\/","name":"CidadeMarketing","description":"Somos um ve\u00edculo de comunica\u00e7\u00e3o de destaque no Brasil, reconhecido por conte\u00fados nos segmentos de marketing, empreendedorismo e inova\u00e7\u00e3o.","publisher":{"@id":"https:\/\/www.cidademarketing.com.br\/marketing\/#organization"},"alternateName":"CidadeMarketing","potentialAction":[{"@type":"SearchAction","target":{"@type":"EntryPoint","urlTemplate":"https:\/\/www.cidademarketing.com.br\/marketing\/?s={search_term_string}"},"query-input":{"@type":"PropertyValueSpecification","valueRequired":true,"valueName":"search_term_string"}}],"inLanguage":"pt-BR"},{"@type":"Organization","@id":"https:\/\/www.cidademarketing.com.br\/marketing\/#organization","name":"CidadeMarketing","alternateName":"CidadeMarketing","url":"https:\/\/www.cidademarketing.com.br\/marketing\/","logo":{"@type":"ImageObject","inLanguage":"pt-BR","@id":"https:\/\/www.cidademarketing.com.br\/marketing\/#\/schema\/logo\/image\/","url":"https:\/\/www.cidademarketing.com.br\/marketing\/wp-content\/uploads\/2020\/01\/cidademarketing_marca_mobile.png","contentUrl":"https:\/\/www.cidademarketing.com.br\/marketing\/wp-content\/uploads\/2020\/01\/cidademarketing_marca_mobile.png","width":230,"height":92,"caption":"CidadeMarketing"},"image":{"@id":"https:\/\/www.cidademarketing.com.br\/marketing\/#\/schema\/logo\/image\/"},"sameAs":["https:\/\/www.facebook.com\/portalcidademarketing","https:\/\/x.com\/CidadeMarketing","https:\/\/www.instagram.com\/cidademarketing\/"]},{"@type":"Person","@id":"https:\/\/www.cidademarketing.com.br\/marketing\/#\/schema\/person\/02daff9f18bd9378c9e01eb6b2db155f","name":"Thales Brand\u00e3o","image":{"@type":"ImageObject","inLanguage":"pt-BR","@id":"https:\/\/secure.gravatar.com\/avatar\/7ca3206950207cc3cb48feec56a8a7898741ab725c368d99d5d7a5a50aab80c6?s=96&d=mm&r=g","url":"https:\/\/secure.gravatar.com\/avatar\/7ca3206950207cc3cb48feec56a8a7898741ab725c368d99d5d7a5a50aab80c6?s=96&d=mm&r=g","contentUrl":"https:\/\/secure.gravatar.com\/avatar\/7ca3206950207cc3cb48feec56a8a7898741ab725c368d99d5d7a5a50aab80c6?s=96&d=mm&r=g","caption":"Thales Brand\u00e3o"},"description":"Editor Executivo do Portal CidadeMarketing.com.br &gt; Mestre em Comunica\u00e7\u00e3o e Sociedade pela Universidade Federal de Sergipe. Possui MBA Executivo em Administra\u00e7\u00e3o com \u00eanfase em Marketing pela Funda\u00e7\u00e3o Get\u00falio Vargas - Rio de Janeiro. Consultor, Palestrante e Pesquisador sobre Empreendedorismo, Marketing, Redes Sociais e Neg\u00f3cios Digitais. Professor, Palestrante TedxTalks e Campus Party. Twitter: @ThalesBrandao","sameAs":["http:\/\/www.mandacaru.com.br","https:\/\/www.facebook.com\/thalesbrandao","http:\/\/www.instagram.com.br\/thalesbrandaoferreira","https:\/\/www.linkedin.com\/in\/thales-brand\u00e3o-3948609\/","https:\/\/x.com\/http:\/\/www.twitter.com\/thalesbrandao"],"url":"https:\/\/www.cidademarketing.com.br\/marketing\/author\/thalesbrandao\/"}]}},"amp_enabled":true,"_links":{"self":[{"href":"https:\/\/www.cidademarketing.com.br\/marketing\/wp-json\/wp\/v2\/posts\/38519","targetHints":{"allow":["GET"]}}],"collection":[{"href":"https:\/\/www.cidademarketing.com.br\/marketing\/wp-json\/wp\/v2\/posts"}],"about":[{"href":"https:\/\/www.cidademarketing.com.br\/marketing\/wp-json\/wp\/v2\/types\/post"}],"author":[{"embeddable":true,"href":"https:\/\/www.cidademarketing.com.br\/marketing\/wp-json\/wp\/v2\/users\/1"}],"replies":[{"embeddable":true,"href":"https:\/\/www.cidademarketing.com.br\/marketing\/wp-json\/wp\/v2\/comments?post=38519"}],"version-history":[{"count":1,"href":"https:\/\/www.cidademarketing.com.br\/marketing\/wp-json\/wp\/v2\/posts\/38519\/revisions"}],"predecessor-version":[{"id":38521,"href":"https:\/\/www.cidademarketing.com.br\/marketing\/wp-json\/wp\/v2\/posts\/38519\/revisions\/38521"}],"wp:featuredmedia":[{"embeddable":true,"href":"https:\/\/www.cidademarketing.com.br\/marketing\/wp-json\/wp\/v2\/media\/38520"}],"wp:attachment":[{"href":"https:\/\/www.cidademarketing.com.br\/marketing\/wp-json\/wp\/v2\/media?parent=38519"}],"wp:term":[{"taxonomy":"category","embeddable":true,"href":"https:\/\/www.cidademarketing.com.br\/marketing\/wp-json\/wp\/v2\/categories?post=38519"},{"taxonomy":"post_tag","embeddable":true,"href":"https:\/\/www.cidademarketing.com.br\/marketing\/wp-json\/wp\/v2\/tags?post=38519"}],"curies":[{"name":"wp","href":"https:\/\/api.w.org\/{rel}","templated":true}]}}