{"id":38495,"date":"2022-09-30T22:44:18","date_gmt":"2022-10-01T01:44:18","guid":{"rendered":"https:\/\/www.cidademarketing.com.br\/marketing\/?p=38495"},"modified":"2022-09-30T22:44:18","modified_gmt":"2022-10-01T01:44:18","slug":"fiat-lanca-campanha-do-seu-novo-modelo-suv","status":"publish","type":"post","link":"https:\/\/www.cidademarketing.com.br\/marketing\/2022\/09\/30\/fiat-lanca-campanha-do-seu-novo-modelo-suv\/","title":{"rendered":"Fiat lan\u00e7a campanha do seu novo modelo SUV"},"content":{"rendered":"<p><iframe style=\"border-radius: 12px;\" src=\"https:\/\/open.spotify.com\/embed\/show\/4khMKzP3FgFRWVwb73xicc?utm_source=generator&amp;t=0\" width=\"100%\" height=\"232\" frameborder=\"0\" allowfullscreen=\"allowfullscreen\"><\/iframe><\/p>\n<p style=\"text-align: justify;\"><span style=\"font-size: 10.5pt; font-family: 'Arial',sans-serif;\">Outras imagens foram captadas na hist\u00f3rica cidade de Laguna, no litoral de Santa Catarina, onde foram utilizados 4 km da estrada e 50 ve\u00edculos imobilizados para compor o congestionamento. Para o cen\u00e1rio, foram usados 15 caminh\u00f5es de areia e pintados 900 metros de faixa. Do ponto de vista t\u00e9cnico, foram empregados recursos e equipamentos de \u00faltima gera\u00e7\u00e3o com c\u00e2meras em hi-speed, drone FPV, internet de alta performance via sat\u00e9lite Star Link, entre outros.<\/span><\/p>\n<p style=\"text-align: justify;\"><span style=\"font-size: 10.5pt; font-family: 'Arial',sans-serif;\">Com a sensa\u00e7\u00e3o de cora\u00e7\u00e3o acelerado e adrenalina nas veias, a campanha integrada do mais importante lan\u00e7amento da Fiat dos \u00faltimos anos, o Fastback, est\u00e1 de arrepiar em um filme repleto de a\u00e7\u00e3o. Com o conceito <strong><span style=\"font-family: 'Arial',sans-serif;\">\u201cUm pequeno passo para a humanidade. Um salto gigantesco para os SUV\u2019s\u201d<\/span><\/strong>, a marca mezzo brasileira, meio italiana, desenvolveu em parceria com a ag\u00eancia Leo Burnett TM, uma campanha grandiosa que traz uma linguagem cinematogr\u00e1fica, traduzindo a ideia de um carro que representa um salto para a categoria. Tudo isso, ressaltado pela performance de um esportivo com motoriza\u00e7\u00e3o turbo de 185 cv.\u00a0<\/span><\/p>\n<p style=\"text-align: justify;\"><span style=\"font-size: 10.5pt; font-family: 'Arial',sans-serif;\">\u201cO novo Fiat Fastback \u00e9 o principal lan\u00e7amento da Fiat no ano e chega para revolucionar o segmento, atrav\u00e9s de elementos como o design SUV coup\u00e9, o maior porta-malas da categoria e uma linha 100% equipada com motores turbo. Buscamos formas para demonstrar este salto em qualidade na nossa campanha e o resultado n\u00e3o poderia ser melhor, com uma produ\u00e7\u00e3o cinematogr\u00e1fica para impactarmos o p\u00fablico em multicanais, exibindo os principais atributos do produto\u201d, explica Frederico Battaglia, CMO da Stellantis South America.<\/span><\/p>\n<p style=\"text-align: justify;\"><span style=\"font-size: 10.5pt; font-family: 'Arial',sans-serif;\">A campanha estreia dia 30 de setembro (sexta-feira) com o filme Salto na vers\u00e3o de 30\u201d, no intervalo das novelas da Rede Globo. J\u00e1 em 2 de outubro (domingo), no intervalo do Fant\u00e1stico na mesma emissora, ser\u00e1 veiculado o filme de 2 minutos. Tamb\u00e9m ser\u00e3o feitas inser\u00e7\u00f5es em TV aberta e fechada, cinema, OOH e uma avalanche de conte\u00fados digitais.\u00a0<\/span><\/p>\n<p style=\"text-align: justify;\"><span style=\"font-size: 10.5pt; font-family: 'Arial',sans-serif;\">O filme \u00e9 embalado por uma tradicional can\u00e7\u00e3o italiana, totalmente em linha com a origem da Fiat. A trilha da campanha \u00e9 VOLARE PARISH VERSION, vers\u00e3o em ingl\u00eas, escrita por Mitchell Parish na d\u00e9cada de 50, para o cl\u00e1ssico italiano \u201cNEL BLU DIPINTO DI BLU\u201d (VOLARE). Originalmente composta pelos mestres Domenico Modugno e Francesco Migliacci, a m\u00fasica, que ficou mundialmente famosa por suas diversas vers\u00f5es, por exemplo como um dos hits da banda Gipsy Kings, ganhou arranjo completamente novo em uma grava\u00e7\u00e3o contempor\u00e2nea e arrojada especialmente produzida pela ANtfood para a campanha.<\/span><\/p>\n<p style=\"text-align: justify;\"><span style=\"font-size: 10.5pt; font-family: 'Arial',sans-serif;\">&#8220;Quando falamos do Fastback, o novo SUV coup\u00e9 da Fiat, falamos de um grande salto na categoria. Foi a partir desse insight que criamos todo um ecossistema de campanha. Assim como o Fiat Fastback representa uma evolu\u00e7\u00e3o no segmento, desenvolvemos uma campanha \u00e0 altura do conceito, levando ousadia e inova\u00e7\u00e3o para o p\u00fablico&#8221;, explica Vinicius Stanzione, EVP, Creative Experience da Leo Burnett TM.\u00a0<\/span><\/p>\n<p style=\"text-align: justify;\"><span style=\"font-size: 10.5pt; font-family: 'Arial',sans-serif;\">Para revelar os bastidores dessa produ\u00e7\u00e3o cinematogr\u00e1fica, a Fiat fechou uma parceria com os influenciadores digitais <a href=\"https:\/\/www.instagram.com\/paulamordente\/\" target=\"_blank\" rel=\"noopener\"><span style=\"text-decoration: none; text-underline: none;\">Paula Mordente<\/span><\/a> e <a href=\"https:\/\/www.instagram.com\/rossi.rodrigo\/\" target=\"_blank\" rel=\"noopener\"><span style=\"text-decoration: none; text-underline: none;\">Rodrigo Rossi,<\/span><\/a> especializados em efeitos especiais, p\u00f3s-produ\u00e7\u00e3o, ilumina\u00e7\u00e3o, fotografia e filmagem. A dupla acompanhou todo o processo de produ\u00e7\u00e3o do filme para divulgar imagens exclusivas nas redes sociais.\u00a0<\/span><\/p>\n<p style=\"text-align: justify;\"><strong><span style=\"font-size: 10.5pt; font-family: 'Arial',sans-serif;\">O filme<\/span><\/strong><\/p>\n<p style=\"text-align: justify;\"><span style=\"font-size: 10.5pt; font-family: 'Arial',sans-serif;\">Percorrendo uma rodovia em alta velocidade, exibindo toda a for\u00e7a do motor Turbo 270 na vers\u00e3o Limited Edition Powered by Abarth, o Fiat Fastback se depara com um congestionamento enorme com mais de 50 carros parados. Na condu\u00e7\u00e3o do novo modelo da Fiat, a decis\u00e3o do motorista n\u00e3o poderia ser diferente e ele decide saltar com o ve\u00edculo utilizando uma plataforma de uma caminh\u00e3o e viajando nas alturas para vencer o engarrafamento.<\/span><\/p>\n<p style=\"text-align: justify;\"><span style=\"font-size: 10.5pt; font-family: 'Arial',sans-serif;\">Durante o voo do Fiat Fastback, o carro \u00e9 observado atentamente por diversas pessoas presas no tr\u00e2nsito que n\u00e3o acreditam no salto gigantesco realizado pelo lan\u00e7amento da Fiat, fixando os olhares no design apaixonante do SUV coup\u00e9, que gira 360 graus at\u00e9 aterrissar depois da fila toda, seguindo viagem com toda a performance do motor turbo flex que \u00e9 atrelado a um c\u00e2mbio autom\u00e1tico de 6 velocidades.<\/span><\/p>\n<p style=\"text-align: justify;\"><span style=\"font-size: 10.5pt; font-family: 'Arial',sans-serif;\">Com linguagem de cinema, ousada e inovadora, a nova campanha \u00e9 considerada a maior de todos os tempos pela Fiat, para promover o grande lan\u00e7amento da marca neste ano, que representa uma revolu\u00e7\u00e3o na categoria de SUVs.\u00a0<\/span><\/p>\n<p><a href=\"https:\/\/www.youtube.com\/watch?v=CJjTwWTGI9Y\">https:\/\/www.youtube.com\/watch?v=CJjTwWTGI9Y<\/a><\/p>\n<p>&nbsp;<\/p>\n<p style=\"text-align: justify;\"><span style=\"font-size: 10.5pt; font-family: 'Arial',sans-serif;\">&#8220;Para o filme de lan\u00e7amento, mostramos o Fastback, literalmente, dando um salto cinematogr\u00e1fico sobre os outros carros. E convidamos influencers para produzirem conte\u00fados de backstage, revelando curiosidades do set\u201d, conta Bruno Godinho, Creative Experience Director da Leo Burnett TM.<\/span><\/p>\n<p style=\"text-align: justify;\"><strong><span style=\"font-size: 10.5pt; font-family: 'Arial',sans-serif;\">Bastidores<\/span><\/strong><\/p>\n<p style=\"text-align: justify;\"><span style=\"font-size: 10.5pt; font-family: 'Arial',sans-serif;\">Em um padr\u00e3o cinematogr\u00e1fico, a produ\u00e7\u00e3o contou com alguns detalhes impressionantes e outros um tanto quanto curiosos. Foram mais de 280 pessoas trabalhando diretamente no set em tr\u00eas di\u00e1rias, 180 em outra di\u00e1ria e mais de 400 profissionais indiretamente envolvidos na constru\u00e7\u00e3o do filme. Entre os atores, foram dois principais, 28 coadjuvantes e 100 figurantes.<\/span><\/p>\n<p style=\"text-align: justify;\"><span style=\"font-size: 10.5pt; font-family: 'Arial',sans-serif;\">Foram utilizados cinco carros na produ\u00e7\u00e3o, sendo um deles inteiramente desmontado para ser colocado em uma traquitana girat\u00f3ria para filmagem das cenas interiores do Fiat Fastback durante o voo, e outro foi preparado para ser i\u00e7ado. O salto foi realizado em pista controlada em um aeroporto no interior de S\u00e3o Paulo para garantir a seguran\u00e7a de todos os envolvidos. Para isso, foram usados um guindaste com 70 metros de altura e rampas preparadas que resultaram em um voo livre com 2,5 metros de altura percorrendo 9 metros de dist\u00e2ncia para compor a cena.<\/span><\/p>\n<p style=\"text-align: justify;\"><span style=\"font-size: 10.5pt; font-family: 'Arial',sans-serif;\">Outras imagens foram captadas na hist\u00f3rica cidade de Laguna, no litoral de Santa Catarina, onde foram utilizados 4 km da estrada e 50 ve\u00edculos imobilizados para compor o congestionamento. Para o cen\u00e1rio, foram usados 15 caminh\u00f5es de areia e pintados 900 metros de faixa. Do ponto de vista t\u00e9cnico, foram empregados recursos e equipamentos de \u00faltima gera\u00e7\u00e3o com c\u00e2meras em hi-speed, drone FPV, internet de alta performance via sat\u00e9lite Star Link, entre outros.<\/span><\/p>\n\r\n                <style type=\"text\/css\">\r\n                    \r\n                    #tdi_1  .td-doubleSlider-2 .td-item1 {\r\n                        background: url(https:\/\/www.cidademarketing.com.br\/marketing\/wp-content\/uploads\/2022\/09\/fiat_fastback_02-80x60.jpeg) 0 0 no-repeat;\r\n                    }\r\n                    #tdi_1  .td-doubleSlider-2 .td-item2 {\r\n                        background: url(https:\/\/www.cidademarketing.com.br\/marketing\/wp-content\/uploads\/2022\/09\/fiat_fastback_03-80x60.jpeg) 0 0 no-repeat;\r\n                    }\r\n                    #tdi_1  .td-doubleSlider-2 .td-item3 {\r\n                        background: url(https:\/\/www.cidademarketing.com.br\/marketing\/wp-content\/uploads\/2022\/09\/fiat_fastback_04-80x60.jpeg) 0 0 no-repeat;\r\n                    }\r\n                    #tdi_1  .td-doubleSlider-2 .td-item4 {\r\n                        background: url(https:\/\/www.cidademarketing.com.br\/marketing\/wp-content\/uploads\/2022\/09\/fiat_fastback_05-80x60.jpeg) 0 0 no-repeat;\r\n                    }\r\n                <\/style>\r\n\r\n                <div id=\"tdi_1\" class=\"td-gallery td-slide-on-2-columns\">\r\n                    <div class=\"post_td_gallery\">\r\n                        <div class=\"td-gallery-slide-top\">\r\n                           <div class=\"td-gallery-title\"><\/div>\r\n\r\n                            <div class=\"td-gallery-controls-wrapper\">\r\n                                <div class=\"td-gallery-slide-count\"><span class=\"td-gallery-slide-item-focus\">1<\/span> de 4<\/div>\r\n                                <div class=\"td-gallery-slide-prev-next-but\">\r\n                                    <i class = \"td-icon-left doubleSliderPrevButton\"><\/i>\r\n                                    <i class = \"td-icon-right doubleSliderNextButton\"><\/i>\r\n                                <\/div>\r\n                            <\/div>\r\n                        <\/div>\r\n\r\n                        <div class = \"td-doubleSlider-1 \">\r\n                            <div class = \"td-slider\">\r\n                                \r\n                    <div class = \"td-slide-item td-item1\">\r\n                        <figure class=\"td-slide-galery-figure td-slide-popup-gallery\">\r\n                            <a class=\"slide-gallery-image-link\" href=\"https:\/\/www.cidademarketing.com.br\/marketing\/wp-content\/uploads\/2022\/09\/fiat_fastback_02.jpeg\" title=\"fiat_fastback_02\"  data-caption=\"\"  data-description=\"\">\r\n                                <img decoding=\"async\" src=\"https:\/\/www.cidademarketing.com.br\/marketing\/wp-content\/uploads\/2022\/09\/fiat_fastback_02-998x420.jpeg\" srcset=\"https:\/\/www.cidademarketing.com.br\/marketing\/wp-content\/uploads\/2022\/09\/fiat_fastback_02-998x420.jpeg 998w, https:\/\/www.cidademarketing.com.br\/marketing\/wp-content\/uploads\/2022\/09\/fiat_fastback_02-300x126.jpeg 300w, https:\/\/www.cidademarketing.com.br\/marketing\/wp-content\/uploads\/2022\/09\/fiat_fastback_02-1024x431.jpeg 1024w, https:\/\/www.cidademarketing.com.br\/marketing\/wp-content\/uploads\/2022\/09\/fiat_fastback_02-768x323.jpeg 768w, https:\/\/www.cidademarketing.com.br\/marketing\/wp-content\/uploads\/2022\/09\/fiat_fastback_02-1536x647.jpeg 1536w, https:\/\/www.cidademarketing.com.br\/marketing\/wp-content\/uploads\/2022\/09\/fiat_fastback_02-640x269.jpeg 640w, https:\/\/www.cidademarketing.com.br\/marketing\/wp-content\/uploads\/2022\/09\/fiat_fastback_02-681x287.jpeg 681w, https:\/\/www.cidademarketing.com.br\/marketing\/wp-content\/uploads\/2022\/09\/fiat_fastback_02.jpeg 1917w\" sizes=\"(max-width: 998px) 100vw, 998px\" alt=\"\">\r\n                            <\/a>\r\n                            \r\n                        <\/figure>\r\n                    <\/div>\r\n                    <div class = \"td-slide-item td-item2\">\r\n                        <figure class=\"td-slide-galery-figure td-slide-popup-gallery\">\r\n                            <a class=\"slide-gallery-image-link\" href=\"https:\/\/www.cidademarketing.com.br\/marketing\/wp-content\/uploads\/2022\/09\/fiat_fastback_03.jpeg\" title=\"fiat_fastback_03\"  data-caption=\"\"  data-description=\"\">\r\n                                <img decoding=\"async\" src=\"https:\/\/www.cidademarketing.com.br\/marketing\/wp-content\/uploads\/2022\/09\/fiat_fastback_03-1016x420.jpeg\" srcset=\"https:\/\/www.cidademarketing.com.br\/marketing\/wp-content\/uploads\/2022\/09\/fiat_fastback_03-1016x420.jpeg 1016w, https:\/\/www.cidademarketing.com.br\/marketing\/wp-content\/uploads\/2022\/09\/fiat_fastback_03-300x124.jpeg 300w, https:\/\/www.cidademarketing.com.br\/marketing\/wp-content\/uploads\/2022\/09\/fiat_fastback_03-1024x423.jpeg 1024w, https:\/\/www.cidademarketing.com.br\/marketing\/wp-content\/uploads\/2022\/09\/fiat_fastback_03-768x317.jpeg 768w, https:\/\/www.cidademarketing.com.br\/marketing\/wp-content\/uploads\/2022\/09\/fiat_fastback_03-1536x635.jpeg 1536w, https:\/\/www.cidademarketing.com.br\/marketing\/wp-content\/uploads\/2022\/09\/fiat_fastback_03-640x264.jpeg 640w, https:\/\/www.cidademarketing.com.br\/marketing\/wp-content\/uploads\/2022\/09\/fiat_fastback_03-681x281.jpeg 681w, https:\/\/www.cidademarketing.com.br\/marketing\/wp-content\/uploads\/2022\/09\/fiat_fastback_03.jpeg 1919w\" sizes=\"(max-width: 1016px) 100vw, 1016px\" alt=\"\">\r\n                            <\/a>\r\n                            \r\n                        <\/figure>\r\n                    <\/div>\r\n                    <div class = \"td-slide-item td-item3\">\r\n                        <figure class=\"td-slide-galery-figure td-slide-popup-gallery\">\r\n                            <a class=\"slide-gallery-image-link\" href=\"https:\/\/www.cidademarketing.com.br\/marketing\/wp-content\/uploads\/2022\/09\/fiat_fastback_04.jpeg\" title=\"fiat_fastback_04\"  data-caption=\"\"  data-description=\"\">\r\n                                <img decoding=\"async\" src=\"https:\/\/www.cidademarketing.com.br\/marketing\/wp-content\/uploads\/2022\/09\/fiat_fastback_04-1011x420.jpeg\" srcset=\"https:\/\/www.cidademarketing.com.br\/marketing\/wp-content\/uploads\/2022\/09\/fiat_fastback_04-1011x420.jpeg 1011w, https:\/\/www.cidademarketing.com.br\/marketing\/wp-content\/uploads\/2022\/09\/fiat_fastback_04-300x125.jpeg 300w, https:\/\/www.cidademarketing.com.br\/marketing\/wp-content\/uploads\/2022\/09\/fiat_fastback_04-1024x425.jpeg 1024w, https:\/\/www.cidademarketing.com.br\/marketing\/wp-content\/uploads\/2022\/09\/fiat_fastback_04-768x319.jpeg 768w, https:\/\/www.cidademarketing.com.br\/marketing\/wp-content\/uploads\/2022\/09\/fiat_fastback_04-1536x638.jpeg 1536w, https:\/\/www.cidademarketing.com.br\/marketing\/wp-content\/uploads\/2022\/09\/fiat_fastback_04-640x266.jpeg 640w, https:\/\/www.cidademarketing.com.br\/marketing\/wp-content\/uploads\/2022\/09\/fiat_fastback_04-681x283.jpeg 681w, https:\/\/www.cidademarketing.com.br\/marketing\/wp-content\/uploads\/2022\/09\/fiat_fastback_04.jpeg 1919w\" sizes=\"(max-width: 1011px) 100vw, 1011px\" alt=\"\">\r\n                            <\/a>\r\n                            \r\n                        <\/figure>\r\n                    <\/div>\r\n                    <div class = \"td-slide-item td-item4\">\r\n                        <figure class=\"td-slide-galery-figure td-slide-popup-gallery\">\r\n                            <a class=\"slide-gallery-image-link\" href=\"https:\/\/www.cidademarketing.com.br\/marketing\/wp-content\/uploads\/2022\/09\/fiat_fastback_05.jpeg\" title=\"fiat_fastback_05\"  data-caption=\"\"  data-description=\"\">\r\n                                <img decoding=\"async\" src=\"https:\/\/www.cidademarketing.com.br\/marketing\/wp-content\/uploads\/2022\/09\/fiat_fastback_05-1019x420.jpeg\" srcset=\"https:\/\/www.cidademarketing.com.br\/marketing\/wp-content\/uploads\/2022\/09\/fiat_fastback_05-1019x420.jpeg 1019w, https:\/\/www.cidademarketing.com.br\/marketing\/wp-content\/uploads\/2022\/09\/fiat_fastback_05-300x124.jpeg 300w, https:\/\/www.cidademarketing.com.br\/marketing\/wp-content\/uploads\/2022\/09\/fiat_fastback_05-1024x422.jpeg 1024w, https:\/\/www.cidademarketing.com.br\/marketing\/wp-content\/uploads\/2022\/09\/fiat_fastback_05-768x317.jpeg 768w, https:\/\/www.cidademarketing.com.br\/marketing\/wp-content\/uploads\/2022\/09\/fiat_fastback_05-1536x633.jpeg 1536w, https:\/\/www.cidademarketing.com.br\/marketing\/wp-content\/uploads\/2022\/09\/fiat_fastback_05-640x264.jpeg 640w, https:\/\/www.cidademarketing.com.br\/marketing\/wp-content\/uploads\/2022\/09\/fiat_fastback_05-681x281.jpeg 681w, https:\/\/www.cidademarketing.com.br\/marketing\/wp-content\/uploads\/2022\/09\/fiat_fastback_05.jpeg 1919w\" sizes=\"(max-width: 1019px) 100vw, 1019px\" alt=\"\">\r\n                            <\/a>\r\n                            \r\n                        <\/figure>\r\n                    <\/div>\r\n                            <\/div>\r\n                        <\/div>\r\n\r\n                        <div class = \"td-doubleSlider-2\">\r\n                            <div class = \"td-slider\">\r\n                                \r\n                    <div class = \"td-button td-item1\">\r\n                        <div class = \"td-border\"><\/div>\r\n                    <\/div>\r\n                    <div class = \"td-button td-item2\">\r\n                        <div class = \"td-border\"><\/div>\r\n                    <\/div>\r\n                    <div class = \"td-button td-item3\">\r\n                        <div class = \"td-border\"><\/div>\r\n                    <\/div>\r\n                    <div class = \"td-button td-item4\">\r\n                        <div class = \"td-border\"><\/div>\r\n                    <\/div>\r\n                            <\/div>\r\n                        <\/div>\r\n\r\n                    <\/div>\r\n\r\n                <\/div>\r\n                \n<p><span style=\"font-size: 10.5pt; font-family: 'Arial',sans-serif;\">\u00a0<\/span><\/p>\n<p>&nbsp;<\/p>\n<p style=\"text-align: justify;\"><strong><u><span style=\"font-size: 10.5pt; font-family: 'Arial',sans-serif;\">FICHA T\u00c9CNICA<\/span><\/u><\/strong><\/p>\n<p style=\"text-align: justify;\"><strong><span style=\"font-size: 10.5pt; font-family: 'Arial',sans-serif;\">Ag\u00eancia:<\/span><\/strong><span style=\"font-size: 10.5pt; font-family: 'Arial',sans-serif;\"> Leo Burnett Tailor Made<\/span><\/p>\n<p style=\"text-align: justify;\"><strong><span style=\"font-size: 10.5pt; font-family: 'Arial',sans-serif;\">T\u00edtulo:<\/span><\/strong><span style=\"font-size: 10.5pt; font-family: 'Arial',sans-serif;\"> Salto<\/span><\/p>\n<p style=\"text-align: justify;\"><strong><span style=\"font-size: 10.5pt; font-family: 'Arial',sans-serif;\">Produto:<\/span><\/strong><span style=\"font-size: 10.5pt; font-family: 'Arial',sans-serif;\"> Fiat Fastback<\/span><\/p>\n<p style=\"text-align: justify;\"><strong><span style=\"font-size: 10.5pt; font-family: 'Arial',sans-serif;\">Anunciante:<\/span><\/strong><span style=\"font-size: 10.5pt; font-family: 'Arial',sans-serif;\"> Fiat<\/span><\/p>\n<p style=\"text-align: justify;\"><strong><span style=\"font-size: 10.5pt; font-family: 'Arial',sans-serif;\">CCO:<\/span><\/strong><span style=\"font-size: 10.5pt; font-family: 'Arial',sans-serif;\"> Marcelo Reis<\/span><\/p>\n<p style=\"text-align: justify;\"><strong><span style=\"font-size: 10.5pt; font-family: 'Arial',sans-serif;\">VP de Cria\u00e7\u00e3o: <\/span><\/strong><span style=\"font-size: 10.5pt; font-family: 'Arial',sans-serif;\">Pedro Utzeri e Vinicius Stanzione\u00a0<\/span><\/p>\n<p style=\"text-align: justify;\"><strong><span style=\"font-size: 10.5pt; font-family: 'Arial',sans-serif;\">Diretor de Cria\u00e7\u00e3o: <\/span><\/strong><span style=\"font-size: 10.5pt; font-family: 'Arial',sans-serif;\">Bruno Godinho<\/span><\/p>\n<p style=\"text-align: justify;\"><strong><span style=\"font-size: 10.5pt; font-family: 'Arial',sans-serif;\">Redator: <\/span><\/strong><span style=\"font-size: 10.5pt; font-family: 'Arial',sans-serif;\">Fabio Nagano<\/span><\/p>\n<p style=\"text-align: justify;\"><strong><span style=\"font-size: 10.5pt; font-family: 'Arial',sans-serif;\">Diretor de Arte:<\/span><\/strong><span style=\"font-size: 10.5pt; font-family: 'Arial',sans-serif;\"> Felipe Massis\u00a0<\/span><\/p>\n<p style=\"text-align: justify;\"><strong><span style=\"font-size: 10.5pt; font-family: 'Arial',sans-serif;\">Cria\u00e7\u00e3o Digital:<\/span><\/strong><span style=\"font-size: 10.5pt; font-family: 'Arial',sans-serif;\"> Fabio Nagano, Felipe Massis<\/span><\/p>\n<p style=\"text-align: justify;\"><strong><span style=\"font-size: 10.5pt; font-family: 'Arial',sans-serif;\">Diretora de Conte\u00fado:<\/span><\/strong><span style=\"font-size: 10.5pt; font-family: 'Arial',sans-serif;\"> Andrezza Aguiar<\/span><\/p>\n<p style=\"text-align: justify;\"><strong><span style=\"font-size: 10.5pt; font-family: 'Arial',sans-serif;\">Conte\u00fado: <\/span><\/strong><span style=\"font-size: 10.5pt; font-family: 'Arial',sans-serif;\">Tamires Soares, Karla Lima, Henrique Xavier, Gabriel Ribas, Vinicius Serafim, Pablo<\/span><\/p>\n<p style=\"text-align: justify;\"><span style=\"font-size: 10.5pt; font-family: 'Arial',sans-serif;\">Cruz, B\u00e1rbara Jadeh<\/span><\/p>\n<p style=\"text-align: justify;\"><strong><span style=\"font-size: 10.5pt; font-family: 'Arial',sans-serif;\">Projetos Digitais: <\/span><\/strong><span style=\"font-size: 10.5pt; font-family: 'Arial',sans-serif;\">Pedro Rais, Katia Rosa, Jonatas Vasconscelos<\/span><\/p>\n<p style=\"text-align: justify;\"><strong><span style=\"font-size: 10.5pt; font-family: 'Arial',sans-serif;\">Diretora de Produ\u00e7\u00e3o Integrada: <\/span><\/strong><span style=\"font-size: 10.5pt; font-family: 'Arial',sans-serif;\">Maria Fernanda Moura<\/span><\/p>\n<p style=\"text-align: justify;\"><strong><span style=\"font-size: 10.5pt; font-family: 'Arial',sans-serif;\">RTV:<\/span><\/strong><span style=\"font-size: 10.5pt; font-family: 'Arial',sans-serif;\"> Rita Costa, Patricia Cosmo, Luciana Kley<\/span><\/p>\n<p style=\"text-align: justify;\"><strong><span style=\"font-size: 10.5pt; font-family: 'Arial',sans-serif;\">Artbuyer: <\/span><\/strong><span style=\"font-size: 10.5pt; font-family: 'Arial',sans-serif;\">Mauro Moura, Cristiano Godoy, Daniel Gon\u00e7alves\u00a0<\/span><\/p>\n<p style=\"text-align: justify;\"><strong><span style=\"font-size: 10.5pt; font-family: 'Arial',sans-serif;\">Atendimento: <\/span><\/strong><span style=\"font-size: 10.5pt; font-family: 'Arial',sans-serif;\">Karolina Albertti, Sabrina Spinelli, Giovanna Rodrigues, Jessica Saravalli, Mateus Ferraz, Alberto Junior, Jo\u00e3o Centofanti<\/span><\/p>\n<p style=\"text-align: justify;\"><strong><span style=\"font-size: 10.5pt; font-family: 'Arial',sans-serif;\">M\u00eddia:<\/span><\/strong><span style=\"font-size: 10.5pt; font-family: 'Arial',sans-serif;\"> Heloisa Goldman, Patricia Naparstek, Paula Ricarte, Rodolfo Contiero, Laura Andrade, Guilherme Le\u00e3o, Mateus Rikel<\/span><\/p>\n<p style=\"text-align: justify;\"><strong><span style=\"font-size: 10.5pt; font-family: 'Arial',sans-serif;\">Planejamento:<\/span><\/strong><span style=\"font-size: 10.5pt; font-family: 'Arial',sans-serif;\"> Tiago Lara, Rafaela Badar\u00f3, Murilo Fedele, Caio Costa, Cinthia Pauli, Bruno Olivetti, Jaqueline Tampelli, Do\u00e9lio Bergamo<\/span><\/p>\n<p style=\"text-align: justify;\"><strong><span style=\"font-size: 10.5pt; font-family: 'Arial',sans-serif;\">Assessoria de Imprensa:<\/span><\/strong><span style=\"font-size: 10.5pt; font-family: 'Arial',sans-serif;\"> Jef Martins, Nathalie Ursini, Leandro Bernardino, Mar Facciolla<\/span><\/p>\n<p style=\"text-align: justify;\"><strong><span style=\"font-size: 10.5pt; font-family: 'Arial',sans-serif;\">Aprova\u00e7\u00e3o do Cliente: <\/span><\/strong><span style=\"font-size: 10.5pt; font-family: 'Arial',sans-serif;\">Frederico Battaglia, Maria L\u00facia Antonio, Ana Luisa Brant, Camila Rapini<\/span><\/p>\n<p style=\"text-align: justify;\"><strong><span style=\"font-size: 10.5pt; font-family: 'Arial',sans-serif;\">Produtora de Filme: <\/span><\/strong><span style=\"font-size: 10.5pt; font-family: 'Arial',sans-serif;\">Alice Filmes<\/span><\/p>\n<p style=\"text-align: justify;\"><strong><span style=\"font-size: 10.5pt; font-family: 'Arial',sans-serif;\">Dire\u00e7\u00e3o: <\/span><\/strong><span style=\"font-size: 10.5pt; font-family: 'Arial',sans-serif;\">Felipe Mansur\u00a0<\/span><\/p>\n<p style=\"text-align: justify;\"><strong><span style=\"font-size: 10.5pt; font-family: 'Arial',sans-serif;\">Produtor: <\/span><\/strong><span style=\"font-size: 10.5pt; font-family: 'Arial',sans-serif;\">Wal Tamagno\u00a0<\/span><\/p>\n<p style=\"text-align: justify;\"><strong><span style=\"font-size: 10.5pt; font-family: 'Arial',sans-serif;\">Diretor de Fotografia: <\/span><\/strong><span style=\"font-size: 10.5pt; font-family: 'Arial',sans-serif;\">Diego Rosemblatt\u00a0<\/span><\/p>\n<p style=\"text-align: justify;\"><strong><span style=\"font-size: 10.5pt; font-family: 'Arial',sans-serif;\">Dire\u00e7\u00e3o de Arte: <\/span><\/strong><span style=\"font-size: 10.5pt; font-family: 'Arial',sans-serif;\">Andres Zarza, Marco Vinicius\u00a0<\/span><\/p>\n<p style=\"text-align: justify;\"><strong><span style=\"font-size: 10.5pt; font-family: 'Arial',sans-serif;\">Assist\u00eancia de Dire\u00e7\u00e3o: <\/span><\/strong><span style=\"font-size: 10.5pt; font-family: 'Arial',sans-serif;\">Michelle Lutfy, Bruno Spalaoro\u00a0<\/span><\/p>\n<p style=\"text-align: justify;\"><strong><span style=\"font-size: 10.5pt; font-family: 'Arial',sans-serif;\">Assistentes Criativos:<\/span><\/strong><span style=\"font-size: 10.5pt; font-family: 'Arial',sans-serif;\"> Marina Vancini, Henrique Barretto e Leticia Melo\u00a0<\/span><\/p>\n<p style=\"text-align: justify;\"><strong><span style=\"font-size: 10.5pt; font-family: 'Arial',sans-serif;\">Equipe de Produ\u00e7\u00e3o: <\/span><\/strong><span style=\"font-size: 10.5pt; font-family: 'Arial',sans-serif;\">Murillo Baskerville, Marina Stacciarini, Thatiana Ariosa (SP), Silene Corr\u00eaa (SC), Erica Martorano e Luana Moreira\u00a0<\/span><\/p>\n<p style=\"text-align: justify;\"><strong><span style=\"font-size: 10.5pt; font-family: 'Arial',sans-serif;\">Produ\u00e7\u00e3o Loca\u00e7\u00e3o:<\/span><\/strong><span style=\"font-size: 10.5pt; font-family: 'Arial',sans-serif;\"> Angelo Graciozo-Lauri (SC), Fabricio Marinho E Caroline Julian (SP)\u00a0<\/span><\/p>\n<p style=\"text-align: justify;\"><strong><span style=\"font-size: 10.5pt; font-family: 'Arial',sans-serif;\">Produ\u00e7\u00e3o Elenco:<\/span><\/strong><span style=\"font-size: 10.5pt; font-family: 'Arial',sans-serif;\"> Claudia Secaf, Indra Malamy, Vanna (Sp) Amanda Michellini, Jordan Padilha e Andr\u00e9 Dutra (SC)\u00a0<\/span><\/p>\n<p style=\"text-align: justify;\"><strong><span style=\"font-size: 10.5pt; font-family: 'Arial',sans-serif;\">Produ\u00e7\u00e3o Figurino:<\/span><\/strong><span style=\"font-size: 10.5pt; font-family: 'Arial',sans-serif;\"> Marina Vieira, Armando Batista E Nico Santos\u00a0<\/span><\/p>\n<p style=\"text-align: justify;\"><strong><span style=\"font-size: 10.5pt; font-family: 'Arial',sans-serif;\">Produ\u00e7\u00e3o Objetos: <\/span><\/strong><span style=\"font-size: 10.5pt; font-family: 'Arial',sans-serif;\">Mari Mello, Carol Ribeiro\u00a0<\/span><\/p>\n<p style=\"text-align: justify;\"><strong><span style=\"font-size: 10.5pt; font-family: 'Arial',sans-serif;\">Maquiagem: <\/span><\/strong><span style=\"font-size: 10.5pt; font-family: 'Arial',sans-serif;\">Mima Mizukami, Carolina Pinsdorf, Luciana Enderle e Gabriela Alvares Ferreira Brand\u00e3o<\/span><\/p>\n<p style=\"text-align: justify;\"><strong><span style=\"font-size: 10.5pt; font-family: 'Arial',sans-serif;\">Piloto Saltos e Carro em Cenas: <\/span><\/strong><span style=\"font-size: 10.5pt; font-family: 'Arial',sans-serif;\">Alexandre Ostrower\u00a0<\/span><\/p>\n<p style=\"text-align: justify;\"><strong><span style=\"font-size: 10.5pt; font-family: 'Arial',sans-serif;\">Russian Arm: <\/span><\/strong><span style=\"font-size: 10.5pt; font-family: 'Arial',sans-serif;\">Stanley Ostrower, Daniel Duran E Andr\u00e9 Veloso\u00a0<\/span><\/p>\n<p style=\"text-align: justify;\"><strong><span style=\"font-size: 10.5pt; font-family: 'Arial',sans-serif;\">Drone Alexa: <\/span><\/strong><span style=\"font-size: 10.5pt; font-family: 'Arial',sans-serif;\">One Solve \u2013 Felipe Moreno, Alberto Youssef e Raul Sanches\u00a0<\/span><\/p>\n<p style=\"text-align: justify;\"><strong><span style=\"font-size: 10.5pt; font-family: 'Arial',sans-serif;\">Drone FPV: <\/span><\/strong><span style=\"font-size: 10.5pt; font-family: 'Arial',sans-serif;\">Heitor Teles\u00a0<\/span><\/p>\n<p style=\"text-align: justify;\"><strong><span style=\"font-size: 10.5pt; font-family: 'Arial',sans-serif;\">Equipe de C\u00e2mera:<\/span><\/strong><span style=\"font-size: 10.5pt; font-family: 'Arial',sans-serif;\"> Martin Boni, Jair Silva, Edgar Cavalcante, Gabriel Bu\u00e9ssio, Fernando Preda, Ricardo Gois e Andr\u00e9 Salermo\u00a0<\/span><\/p>\n<p style=\"text-align: justify;\"><strong><span style=\"font-size: 10.5pt; font-family: 'Arial',sans-serif;\">DIT:<\/span><\/strong><span style=\"font-size: 10.5pt; font-family: 'Arial',sans-serif;\"> Marcelo Krowczuk E Felipe Delgado\u00a0<\/span><\/p>\n<p style=\"text-align: justify;\"><strong><span style=\"font-size: 10.5pt; font-family: 'Arial',sans-serif;\">Equipe de Maquinaria:<\/span><\/strong><span style=\"font-size: 10.5pt; font-family: 'Arial',sans-serif;\"> Ale Fidelis, Fabiano Dias, Vermelho, Pedro Henrique Teixeira, Juliano Capinan, Deyvid Miguel Da Silva (SC), Walter Urich Medaglia Filho (SC), Ferrugem (SC), Nicholas Samuel Vieira (SC), Zadir Borges, F\u00e1bio Iamamoto e Rodolfo Amaro\u00a0<\/span><\/p>\n<p style=\"text-align: justify;\"><strong><span style=\"font-size: 10.5pt; font-family: 'Arial',sans-serif;\">Equipe de El\u00e9trica:<\/span><\/strong><span style=\"font-size: 10.5pt; font-family: 'Arial',sans-serif;\"> Paulo Nunes, Alexsandro Soares, Denny Polaco (SC), Du Can\u00e1rio (SC), Luciano Dias e Jefferson Ferreira\u00a0<\/span><\/p>\n<p style=\"text-align: justify;\"><strong><span style=\"font-size: 10.5pt; font-family: 'Arial',sans-serif;\">Produ\u00e7\u00e3o de Arte: <\/span><\/strong><span style=\"font-size: 10.5pt; font-family: 'Arial',sans-serif;\">Carlinhos, Rafael De Brito, Isabella Castilho e Bruna\u00a0<\/span><\/p>\n<p style=\"text-align: justify;\"><strong><span style=\"font-size: 10.5pt; font-family: 'Arial',sans-serif;\">Montagem:<\/span><\/strong><span style=\"font-size: 10.5pt; font-family: 'Arial',sans-serif;\"> Danilo Abraham\u00a0<\/span><\/p>\n<p style=\"text-align: justify;\"><strong><span style=\"font-size: 10.5pt; font-family: 'Arial',sans-serif;\">Finaliza\u00e7\u00e3o: <\/span><\/strong><span style=\"font-size: 10.5pt; font-family: 'Arial',sans-serif;\">Rodrigo Azambuja, Renata Dalbem\u00a0<\/span><\/p>\n<p style=\"text-align: justify;\"><strong><span style=\"font-size: 10.5pt; font-family: 'Arial',sans-serif;\">P\u00f3s-Produ\u00e7\u00e3o: <\/span><\/strong><span style=\"font-size: 10.5pt; font-family: 'Arial',sans-serif;\">Voodoo House\u00a0 Color<\/span><\/p>\n<p style=\"text-align: justify;\"><strong><span style=\"font-size: 10.5pt; font-family: 'Arial',sans-serif;\">Grading:<\/span><\/strong><span style=\"font-size: 10.5pt; font-family: 'Arial',sans-serif;\"> Osmar Junior<\/span><\/p>\n<p style=\"text-align: justify;\"><strong><span style=\"font-size: 10.5pt; font-family: 'Arial',sans-serif;\">Produtora de Som: <\/span><\/strong><span style=\"font-size: 10.5pt; font-family: 'Arial',sans-serif;\">Antfood Music &amp; Sound Design<\/span><\/p>\n<p style=\"text-align: justify;\"><strong><span style=\"font-size: 10.5pt; font-family: 'Arial',sans-serif;\">Dire\u00e7\u00e3o de Produ\u00e7\u00e3o Musical:<\/span><\/strong><span style=\"font-size: 10.5pt; font-family: 'Arial',sans-serif;\"> Lou Schmidt, Fernando Rojo e Tiago Lins<\/span><\/p>\n<p style=\"text-align: justify;\"><strong><span style=\"font-size: 10.5pt; font-family: 'Arial',sans-serif;\">Produ\u00e7\u00e3o Executiva:<\/span><\/strong><span style=\"font-size: 10.5pt; font-family: 'Arial',sans-serif;\"> Christiane Rachel e Renato Castro<\/span><\/p>\n<p style=\"text-align: justify;\"><strong><span style=\"font-size: 10.5pt; font-family: 'Arial',sans-serif;\">Produ\u00e7\u00e3o Musical:<\/span><\/strong><span style=\"font-size: 10.5pt; font-family: 'Arial',sans-serif;\"> Lou Schmidt, Fernando Rojo, Luis Bergmann e Vinicius Nunes<\/span><\/p>\n<p style=\"text-align: justify;\"><strong><span style=\"font-size: 10.5pt; font-family: 'Arial',sans-serif;\">Coordena\u00e7\u00e3o De Produ\u00e7\u00e3o:<\/span><\/strong><span style=\"font-size: 10.5pt; font-family: 'Arial',sans-serif;\"> Fernando Ianni e Monique Munhoz<\/span><\/p>\n<p style=\"text-align: justify;\"><strong><span style=\"font-size: 10.5pt; font-family: 'Arial',sans-serif;\">Finaliza\u00e7\u00e3o: <\/span><\/strong><span style=\"font-size: 10.5pt; font-family: 'Arial',sans-serif;\">Bruno Broaska, Fabian Jorge e Pablo Homem de Mello<\/span><\/p>\n<p style=\"text-align: justify;\"><strong><span style=\"font-size: 10.5pt; font-family: 'Arial',sans-serif;\">Produtora Digital: <\/span><\/strong><span style=\"font-size: 10.5pt; font-family: 'Arial',sans-serif;\">Santa Transmedia<\/span><\/p>\n<p style=\"text-align: justify;\"><strong><span style=\"font-size: 10.5pt; font-family: 'Arial',sans-serif;\">Diretor:<\/span><\/strong><span style=\"font-size: 10.5pt; font-family: 'Arial',sans-serif;\"> Ricardo Mantovanini<\/span><\/p>\n<p style=\"text-align: justify;\"><strong><span style=\"font-size: 10.5pt; font-family: 'Arial',sans-serif;\">Diretor de Fotografia: <\/span><\/strong><span style=\"font-size: 10.5pt; font-family: 'Arial',sans-serif;\">Nicholas Bluff<\/span><\/p>\n<p style=\"text-align: justify;\"><strong><span style=\"font-size: 10.5pt; font-family: 'Arial',sans-serif;\">1 Assistente de Dire\u00e7\u00e3o: <\/span><\/strong><span style=\"font-size: 10.5pt; font-family: 'Arial',sans-serif;\">Juliana Antich<\/span><\/p>\n<p style=\"text-align: justify;\"><strong><span style=\"font-size: 10.5pt; font-family: 'Arial',sans-serif;\">2 Assistente de Dire\u00e7\u00e3o: <\/span><\/strong><span style=\"font-size: 10.5pt; font-family: 'Arial',sans-serif;\">Andrea Voltarelli<\/span><\/p>\n<p style=\"text-align: justify;\"><strong><span style=\"font-size: 10.5pt; font-family: 'Arial',sans-serif;\">Produtora Executiva: <\/span><\/strong><span style=\"font-size: 10.5pt; font-family: 'Arial',sans-serif;\">Renata Munaretto<\/span><\/p>\n<p style=\"text-align: justify;\"><strong><span style=\"font-size: 10.5pt; font-family: 'Arial',sans-serif;\">Atendimento: <\/span><\/strong><span style=\"font-size: 10.5pt; font-family: 'Arial',sans-serif;\">Ludmila Stempniewski, Andressa Cardoso e Dudi Ciampolini Bourroul<\/span><\/p>\n<p style=\"text-align: justify;\"><strong><span style=\"font-size: 10.5pt; font-family: 'Arial',sans-serif;\">Coordena\u00e7\u00e3o de Produ\u00e7\u00e3o:<\/span><\/strong><span style=\"font-size: 10.5pt; font-family: 'Arial',sans-serif;\"> Jonas Matos e Elisa Melo<\/span><\/p>\n<p style=\"text-align: justify;\"><strong><span style=\"font-size: 10.5pt; font-family: 'Arial',sans-serif;\">Dire\u00e7\u00e3o de Produ\u00e7\u00e3o: <\/span><\/strong><span style=\"font-size: 10.5pt; font-family: 'Arial',sans-serif;\">Victor Lombardi e Julia Torres<\/span><\/p>\n<p style=\"text-align: justify;\"><strong><span style=\"font-size: 10.5pt; font-family: 'Arial',sans-serif;\">Assistente de Produ\u00e7\u00e3o: <\/span><\/strong><span style=\"font-size: 10.5pt; font-family: 'Arial',sans-serif;\">Juliana Lima<\/span><\/p>\n<p style=\"text-align: justify;\"><strong><span style=\"font-size: 10.5pt; font-family: 'Arial',sans-serif;\">P\u00f3s Produtora: <\/span><\/strong><span style=\"font-size: 10.5pt; font-family: 'Arial',sans-serif;\">Liquor Media<\/span><\/p>\n<p style=\"text-align: justify;\"><strong><span style=\"font-size: 10.5pt; font-family: 'Arial',sans-serif;\">Coordenador de P\u00f3s: <\/span><\/strong><span style=\"font-size: 10.5pt; font-family: 'Arial',sans-serif;\">Al\u00ea Campos<\/span><\/p>\n<p style=\"text-align: justify;\"><strong><span style=\"font-size: 10.5pt; font-family: 'Arial',sans-serif;\">Finaliza\u00e7\u00e3o:<\/span><\/strong><span style=\"font-size: 10.5pt; font-family: 'Arial',sans-serif;\"> Maria Paula Kemmer, Rui Fontes<\/span><\/p>\n<p style=\"text-align: justify;\"><strong><span style=\"font-size: 10.5pt; font-family: 'Arial',sans-serif;\">Edi\u00e7\u00e3o Filme:<\/span><\/strong><span style=\"font-size: 10.5pt; font-family: 'Arial',sans-serif;\"> Lucas Brasileiro\u00a0<\/span><\/p>\n<p style=\"text-align: justify;\"><strong><span style=\"font-size: 10.5pt; font-family: 'Arial',sans-serif;\">Color:<\/span><\/strong><span style=\"font-size: 10.5pt; font-family: 'Arial',sans-serif;\"> Joshua Borril<\/span><\/p>\n<p style=\"text-align: justify;\"><strong><span style=\"font-size: 10.5pt; font-family: 'Arial',sans-serif;\">Edit Performance: <\/span><\/strong><span style=\"font-size: 10.5pt; font-family: 'Arial',sans-serif;\">Lucas Brasileiro<\/span><\/p>\n<p style=\"text-align: justify;\"><strong><span style=\"font-size: 10.5pt; font-family: 'Arial',sans-serif;\">Compositores:<\/span><\/strong><span style=\"font-size: 10.5pt; font-family: 'Arial',sans-serif;\"> Ivan Lima\/Renan Ambrosio<\/span><\/p>\n<p style=\"text-align: justify;\"><strong><span style=\"font-size: 10.5pt; font-family: 'Arial',sans-serif;\">Motion:<\/span><\/strong><span style=\"font-size: 10.5pt; font-family: 'Arial',sans-serif;\"> Guilherme Mour\u00e3o\/Bruno Gasparoti<\/span><\/p>\n<p style=\"text-align: justify;\"><strong><span style=\"font-size: 10.5pt; font-family: 'Arial',sans-serif;\">Fotografia:<\/span><\/strong><span style=\"font-size: 10.5pt; font-family: 'Arial',sans-serif;\"> Bruna Lucena<\/span><\/p>\n<p><iframe style=\"width: 100%; max-width: 660px; overflow: hidden; background: transparent;\" src=\"https:\/\/embed.podcasts.apple.com\/br\/podcast\/podcast-cidademarketing\/id1371923283\" height=\"450\" frameborder=\"0\" sandbox=\"allow-forms allow-popups allow-same-origin allow-scripts allow-storage-access-by-user-activation allow-top-navigation-by-user-activation\"><\/iframe><\/p>\n","protected":false},"excerpt":{"rendered":"<p>Outras imagens foram captadas na hist\u00f3rica cidade de Laguna, no litoral de Santa Catarina, onde foram utilizados 4 km da estrada e 50 ve\u00edculos imobilizados para compor o congestionamento. Para o cen\u00e1rio, foram usados 15 caminh\u00f5es de areia e pintados 900 metros de faixa. Do ponto de vista t\u00e9cnico, foram empregados recursos e equipamentos de [&hellip;]<\/p>\n","protected":false},"author":1,"featured_media":38496,"comment_status":"open","ping_status":"open","sticky":false,"template":"","format":"standard","meta":{"tdm_status":"","tdm_grid_status":"","footnotes":""},"categories":[14],"tags":[65,33,356,28,66,181],"class_list":["post-38495","post","type-post","status-publish","format-standard","has-post-thumbnail","hentry","category-videos","tag-campanha","tag-estrategia","tag-fiat","tag-marketing","tag-propaganda","tag-publicidade"],"yoast_head":"<!-- This site is optimized with the Yoast SEO plugin v27.5 - https:\/\/yoast.com\/product\/yoast-seo-wordpress\/ -->\n<title>Fiat lan\u00e7a campanha do seu novo modelo SUV - CidadeMarketing<\/title>\n<meta name=\"robots\" content=\"index, follow, max-snippet:-1, max-image-preview:large, max-video-preview:-1\" \/>\n<link rel=\"canonical\" href=\"https:\/\/www.cidademarketing.com.br\/marketing\/2022\/09\/30\/fiat-lanca-campanha-do-seu-novo-modelo-suv\/\" \/>\n<meta property=\"og:locale\" content=\"pt_BR\" \/>\n<meta property=\"og:type\" content=\"article\" \/>\n<meta property=\"og:title\" content=\"Fiat lan\u00e7a campanha do seu novo modelo SUV - CidadeMarketing\" \/>\n<meta property=\"og:description\" content=\"Outras imagens foram captadas na hist\u00f3rica cidade de Laguna, no litoral de Santa Catarina, onde foram utilizados 4 km da estrada e 50 ve\u00edculos imobilizados para compor o congestionamento. Para o cen\u00e1rio, foram usados 15 caminh\u00f5es de areia e pintados 900 metros de faixa. Do ponto de vista t\u00e9cnico, foram empregados recursos e equipamentos de [&hellip;]\" \/>\n<meta property=\"og:url\" content=\"https:\/\/www.cidademarketing.com.br\/marketing\/2022\/09\/30\/fiat-lanca-campanha-do-seu-novo-modelo-suv\/\" \/>\n<meta property=\"og:site_name\" content=\"CidadeMarketing\" \/>\n<meta property=\"article:publisher\" content=\"https:\/\/www.facebook.com\/portalcidademarketing\" \/>\n<meta property=\"article:author\" content=\"https:\/\/www.facebook.com\/thalesbrandao\" \/>\n<meta property=\"article:published_time\" content=\"2022-10-01T01:44:18+00:00\" \/>\n<meta property=\"og:image\" content=\"https:\/\/www.cidademarketing.com.br\/marketing\/wp-content\/uploads\/2022\/09\/fiat_fastback_campanha.jpg\" \/>\n\t<meta property=\"og:image:width\" content=\"1668\" \/>\n\t<meta property=\"og:image:height\" content=\"900\" \/>\n\t<meta property=\"og:image:type\" content=\"image\/jpeg\" \/>\n<meta name=\"author\" content=\"Thales Brand\u00e3o\" \/>\n<meta name=\"twitter:card\" content=\"summary_large_image\" \/>\n<meta name=\"twitter:creator\" content=\"@http:\/\/www.twitter.com\/thalesbrandao\" \/>\n<meta name=\"twitter:site\" content=\"@CidadeMarketing\" \/>\n<meta name=\"twitter:label1\" content=\"Escrito por\" \/>\n\t<meta name=\"twitter:data1\" content=\"Thales Brand\u00e3o\" \/>\n\t<meta name=\"twitter:label2\" content=\"Est. tempo de leitura\" \/>\n\t<meta name=\"twitter:data2\" content=\"8 minutos\" \/>\n<script type=\"application\/ld+json\" class=\"yoast-schema-graph\">{\"@context\":\"https:\\\/\\\/schema.org\",\"@graph\":[{\"@type\":\"Article\",\"@id\":\"https:\\\/\\\/www.cidademarketing.com.br\\\/marketing\\\/2022\\\/09\\\/30\\\/fiat-lanca-campanha-do-seu-novo-modelo-suv\\\/#article\",\"isPartOf\":{\"@id\":\"https:\\\/\\\/www.cidademarketing.com.br\\\/marketing\\\/2022\\\/09\\\/30\\\/fiat-lanca-campanha-do-seu-novo-modelo-suv\\\/\"},\"author\":{\"name\":\"Thales Brand\u00e3o\",\"@id\":\"https:\\\/\\\/www.cidademarketing.com.br\\\/marketing\\\/#\\\/schema\\\/person\\\/02daff9f18bd9378c9e01eb6b2db155f\"},\"headline\":\"Fiat lan\u00e7a campanha do seu novo modelo SUV\",\"datePublished\":\"2022-10-01T01:44:18+00:00\",\"mainEntityOfPage\":{\"@id\":\"https:\\\/\\\/www.cidademarketing.com.br\\\/marketing\\\/2022\\\/09\\\/30\\\/fiat-lanca-campanha-do-seu-novo-modelo-suv\\\/\"},\"wordCount\":1649,\"commentCount\":0,\"publisher\":{\"@id\":\"https:\\\/\\\/www.cidademarketing.com.br\\\/marketing\\\/#organization\"},\"image\":{\"@id\":\"https:\\\/\\\/www.cidademarketing.com.br\\\/marketing\\\/2022\\\/09\\\/30\\\/fiat-lanca-campanha-do-seu-novo-modelo-suv\\\/#primaryimage\"},\"thumbnailUrl\":\"https:\\\/\\\/www.cidademarketing.com.br\\\/marketing\\\/wp-content\\\/uploads\\\/2022\\\/09\\\/fiat_fastback_campanha.jpg\",\"keywords\":[\"campanha\",\"estrat\u00e9gia\",\"Fiat\",\"marketing\",\"propaganda\",\"publicidade\"],\"articleSection\":[\"Videos\"],\"inLanguage\":\"pt-BR\",\"potentialAction\":[{\"@type\":\"CommentAction\",\"name\":\"Comment\",\"target\":[\"https:\\\/\\\/www.cidademarketing.com.br\\\/marketing\\\/2022\\\/09\\\/30\\\/fiat-lanca-campanha-do-seu-novo-modelo-suv\\\/#respond\"]}]},{\"@type\":\"WebPage\",\"@id\":\"https:\\\/\\\/www.cidademarketing.com.br\\\/marketing\\\/2022\\\/09\\\/30\\\/fiat-lanca-campanha-do-seu-novo-modelo-suv\\\/\",\"url\":\"https:\\\/\\\/www.cidademarketing.com.br\\\/marketing\\\/2022\\\/09\\\/30\\\/fiat-lanca-campanha-do-seu-novo-modelo-suv\\\/\",\"name\":\"Fiat lan\u00e7a campanha do seu novo modelo SUV - CidadeMarketing\",\"isPartOf\":{\"@id\":\"https:\\\/\\\/www.cidademarketing.com.br\\\/marketing\\\/#website\"},\"primaryImageOfPage\":{\"@id\":\"https:\\\/\\\/www.cidademarketing.com.br\\\/marketing\\\/2022\\\/09\\\/30\\\/fiat-lanca-campanha-do-seu-novo-modelo-suv\\\/#primaryimage\"},\"image\":{\"@id\":\"https:\\\/\\\/www.cidademarketing.com.br\\\/marketing\\\/2022\\\/09\\\/30\\\/fiat-lanca-campanha-do-seu-novo-modelo-suv\\\/#primaryimage\"},\"thumbnailUrl\":\"https:\\\/\\\/www.cidademarketing.com.br\\\/marketing\\\/wp-content\\\/uploads\\\/2022\\\/09\\\/fiat_fastback_campanha.jpg\",\"datePublished\":\"2022-10-01T01:44:18+00:00\",\"breadcrumb\":{\"@id\":\"https:\\\/\\\/www.cidademarketing.com.br\\\/marketing\\\/2022\\\/09\\\/30\\\/fiat-lanca-campanha-do-seu-novo-modelo-suv\\\/#breadcrumb\"},\"inLanguage\":\"pt-BR\",\"potentialAction\":[{\"@type\":\"ReadAction\",\"target\":[\"https:\\\/\\\/www.cidademarketing.com.br\\\/marketing\\\/2022\\\/09\\\/30\\\/fiat-lanca-campanha-do-seu-novo-modelo-suv\\\/\"]}]},{\"@type\":\"ImageObject\",\"inLanguage\":\"pt-BR\",\"@id\":\"https:\\\/\\\/www.cidademarketing.com.br\\\/marketing\\\/2022\\\/09\\\/30\\\/fiat-lanca-campanha-do-seu-novo-modelo-suv\\\/#primaryimage\",\"url\":\"https:\\\/\\\/www.cidademarketing.com.br\\\/marketing\\\/wp-content\\\/uploads\\\/2022\\\/09\\\/fiat_fastback_campanha.jpg\",\"contentUrl\":\"https:\\\/\\\/www.cidademarketing.com.br\\\/marketing\\\/wp-content\\\/uploads\\\/2022\\\/09\\\/fiat_fastback_campanha.jpg\",\"width\":1668,\"height\":900,\"caption\":\"Divulga\u00e7\u00e3o\"},{\"@type\":\"BreadcrumbList\",\"@id\":\"https:\\\/\\\/www.cidademarketing.com.br\\\/marketing\\\/2022\\\/09\\\/30\\\/fiat-lanca-campanha-do-seu-novo-modelo-suv\\\/#breadcrumb\",\"itemListElement\":[{\"@type\":\"ListItem\",\"position\":1,\"name\":\"In\u00edcio\",\"item\":\"https:\\\/\\\/www.cidademarketing.com.br\\\/marketing\\\/\"},{\"@type\":\"ListItem\",\"position\":2,\"name\":\"Fiat lan\u00e7a campanha do seu novo modelo SUV\"}]},{\"@type\":\"WebSite\",\"@id\":\"https:\\\/\\\/www.cidademarketing.com.br\\\/marketing\\\/#website\",\"url\":\"https:\\\/\\\/www.cidademarketing.com.br\\\/marketing\\\/\",\"name\":\"CidadeMarketing\",\"description\":\"Somos um ve\u00edculo de comunica\u00e7\u00e3o de destaque no Brasil, reconhecido por conte\u00fados nos segmentos de marketing, empreendedorismo e inova\u00e7\u00e3o.\",\"publisher\":{\"@id\":\"https:\\\/\\\/www.cidademarketing.com.br\\\/marketing\\\/#organization\"},\"alternateName\":\"CidadeMarketing\",\"potentialAction\":[{\"@type\":\"SearchAction\",\"target\":{\"@type\":\"EntryPoint\",\"urlTemplate\":\"https:\\\/\\\/www.cidademarketing.com.br\\\/marketing\\\/?s={search_term_string}\"},\"query-input\":{\"@type\":\"PropertyValueSpecification\",\"valueRequired\":true,\"valueName\":\"search_term_string\"}}],\"inLanguage\":\"pt-BR\"},{\"@type\":\"Organization\",\"@id\":\"https:\\\/\\\/www.cidademarketing.com.br\\\/marketing\\\/#organization\",\"name\":\"CidadeMarketing\",\"alternateName\":\"CidadeMarketing\",\"url\":\"https:\\\/\\\/www.cidademarketing.com.br\\\/marketing\\\/\",\"logo\":{\"@type\":\"ImageObject\",\"inLanguage\":\"pt-BR\",\"@id\":\"https:\\\/\\\/www.cidademarketing.com.br\\\/marketing\\\/#\\\/schema\\\/logo\\\/image\\\/\",\"url\":\"https:\\\/\\\/www.cidademarketing.com.br\\\/marketing\\\/wp-content\\\/uploads\\\/2020\\\/01\\\/cidademarketing_marca_mobile.png\",\"contentUrl\":\"https:\\\/\\\/www.cidademarketing.com.br\\\/marketing\\\/wp-content\\\/uploads\\\/2020\\\/01\\\/cidademarketing_marca_mobile.png\",\"width\":230,\"height\":92,\"caption\":\"CidadeMarketing\"},\"image\":{\"@id\":\"https:\\\/\\\/www.cidademarketing.com.br\\\/marketing\\\/#\\\/schema\\\/logo\\\/image\\\/\"},\"sameAs\":[\"https:\\\/\\\/www.facebook.com\\\/portalcidademarketing\",\"https:\\\/\\\/x.com\\\/CidadeMarketing\",\"https:\\\/\\\/www.instagram.com\\\/cidademarketing\\\/\"]},{\"@type\":\"Person\",\"@id\":\"https:\\\/\\\/www.cidademarketing.com.br\\\/marketing\\\/#\\\/schema\\\/person\\\/02daff9f18bd9378c9e01eb6b2db155f\",\"name\":\"Thales Brand\u00e3o\",\"image\":{\"@type\":\"ImageObject\",\"inLanguage\":\"pt-BR\",\"@id\":\"https:\\\/\\\/secure.gravatar.com\\\/avatar\\\/7ca3206950207cc3cb48feec56a8a7898741ab725c368d99d5d7a5a50aab80c6?s=96&d=mm&r=g\",\"url\":\"https:\\\/\\\/secure.gravatar.com\\\/avatar\\\/7ca3206950207cc3cb48feec56a8a7898741ab725c368d99d5d7a5a50aab80c6?s=96&d=mm&r=g\",\"contentUrl\":\"https:\\\/\\\/secure.gravatar.com\\\/avatar\\\/7ca3206950207cc3cb48feec56a8a7898741ab725c368d99d5d7a5a50aab80c6?s=96&d=mm&r=g\",\"caption\":\"Thales Brand\u00e3o\"},\"description\":\"Editor Executivo do Portal CidadeMarketing.com.br &gt; Mestre em Comunica\u00e7\u00e3o e Sociedade pela Universidade Federal de Sergipe. Possui MBA Executivo em Administra\u00e7\u00e3o com \u00eanfase em Marketing pela Funda\u00e7\u00e3o Get\u00falio Vargas - Rio de Janeiro. Consultor, Palestrante e Pesquisador sobre Empreendedorismo, Marketing, Redes Sociais e Neg\u00f3cios Digitais. Professor, Palestrante TedxTalks e Campus Party. Twitter: @ThalesBrandao\",\"sameAs\":[\"http:\\\/\\\/www.mandacaru.com.br\",\"https:\\\/\\\/www.facebook.com\\\/thalesbrandao\",\"http:\\\/\\\/www.instagram.com.br\\\/thalesbrandaoferreira\",\"https:\\\/\\\/www.linkedin.com\\\/in\\\/thales-brand\u00e3o-3948609\\\/\",\"https:\\\/\\\/x.com\\\/http:\\\/\\\/www.twitter.com\\\/thalesbrandao\"],\"url\":\"https:\\\/\\\/www.cidademarketing.com.br\\\/marketing\\\/author\\\/thalesbrandao\\\/\"}]}<\/script>\n<!-- \/ Yoast SEO plugin. -->","yoast_head_json":{"title":"Fiat lan\u00e7a campanha do seu novo modelo SUV - CidadeMarketing","robots":{"index":"index","follow":"follow","max-snippet":"max-snippet:-1","max-image-preview":"max-image-preview:large","max-video-preview":"max-video-preview:-1"},"canonical":"https:\/\/www.cidademarketing.com.br\/marketing\/2022\/09\/30\/fiat-lanca-campanha-do-seu-novo-modelo-suv\/","og_locale":"pt_BR","og_type":"article","og_title":"Fiat lan\u00e7a campanha do seu novo modelo SUV - CidadeMarketing","og_description":"Outras imagens foram captadas na hist\u00f3rica cidade de Laguna, no litoral de Santa Catarina, onde foram utilizados 4 km da estrada e 50 ve\u00edculos imobilizados para compor o congestionamento. Para o cen\u00e1rio, foram usados 15 caminh\u00f5es de areia e pintados 900 metros de faixa. Do ponto de vista t\u00e9cnico, foram empregados recursos e equipamentos de [&hellip;]","og_url":"https:\/\/www.cidademarketing.com.br\/marketing\/2022\/09\/30\/fiat-lanca-campanha-do-seu-novo-modelo-suv\/","og_site_name":"CidadeMarketing","article_publisher":"https:\/\/www.facebook.com\/portalcidademarketing","article_author":"https:\/\/www.facebook.com\/thalesbrandao","article_published_time":"2022-10-01T01:44:18+00:00","og_image":[{"width":1668,"height":900,"url":"https:\/\/www.cidademarketing.com.br\/marketing\/wp-content\/uploads\/2022\/09\/fiat_fastback_campanha.jpg","type":"image\/jpeg"}],"author":"Thales Brand\u00e3o","twitter_card":"summary_large_image","twitter_creator":"@http:\/\/www.twitter.com\/thalesbrandao","twitter_site":"@CidadeMarketing","twitter_misc":{"Escrito por":"Thales Brand\u00e3o","Est. tempo de leitura":"8 minutos"},"schema":{"@context":"https:\/\/schema.org","@graph":[{"@type":"Article","@id":"https:\/\/www.cidademarketing.com.br\/marketing\/2022\/09\/30\/fiat-lanca-campanha-do-seu-novo-modelo-suv\/#article","isPartOf":{"@id":"https:\/\/www.cidademarketing.com.br\/marketing\/2022\/09\/30\/fiat-lanca-campanha-do-seu-novo-modelo-suv\/"},"author":{"name":"Thales Brand\u00e3o","@id":"https:\/\/www.cidademarketing.com.br\/marketing\/#\/schema\/person\/02daff9f18bd9378c9e01eb6b2db155f"},"headline":"Fiat lan\u00e7a campanha do seu novo modelo SUV","datePublished":"2022-10-01T01:44:18+00:00","mainEntityOfPage":{"@id":"https:\/\/www.cidademarketing.com.br\/marketing\/2022\/09\/30\/fiat-lanca-campanha-do-seu-novo-modelo-suv\/"},"wordCount":1649,"commentCount":0,"publisher":{"@id":"https:\/\/www.cidademarketing.com.br\/marketing\/#organization"},"image":{"@id":"https:\/\/www.cidademarketing.com.br\/marketing\/2022\/09\/30\/fiat-lanca-campanha-do-seu-novo-modelo-suv\/#primaryimage"},"thumbnailUrl":"https:\/\/www.cidademarketing.com.br\/marketing\/wp-content\/uploads\/2022\/09\/fiat_fastback_campanha.jpg","keywords":["campanha","estrat\u00e9gia","Fiat","marketing","propaganda","publicidade"],"articleSection":["Videos"],"inLanguage":"pt-BR","potentialAction":[{"@type":"CommentAction","name":"Comment","target":["https:\/\/www.cidademarketing.com.br\/marketing\/2022\/09\/30\/fiat-lanca-campanha-do-seu-novo-modelo-suv\/#respond"]}]},{"@type":"WebPage","@id":"https:\/\/www.cidademarketing.com.br\/marketing\/2022\/09\/30\/fiat-lanca-campanha-do-seu-novo-modelo-suv\/","url":"https:\/\/www.cidademarketing.com.br\/marketing\/2022\/09\/30\/fiat-lanca-campanha-do-seu-novo-modelo-suv\/","name":"Fiat lan\u00e7a campanha do seu novo modelo SUV - CidadeMarketing","isPartOf":{"@id":"https:\/\/www.cidademarketing.com.br\/marketing\/#website"},"primaryImageOfPage":{"@id":"https:\/\/www.cidademarketing.com.br\/marketing\/2022\/09\/30\/fiat-lanca-campanha-do-seu-novo-modelo-suv\/#primaryimage"},"image":{"@id":"https:\/\/www.cidademarketing.com.br\/marketing\/2022\/09\/30\/fiat-lanca-campanha-do-seu-novo-modelo-suv\/#primaryimage"},"thumbnailUrl":"https:\/\/www.cidademarketing.com.br\/marketing\/wp-content\/uploads\/2022\/09\/fiat_fastback_campanha.jpg","datePublished":"2022-10-01T01:44:18+00:00","breadcrumb":{"@id":"https:\/\/www.cidademarketing.com.br\/marketing\/2022\/09\/30\/fiat-lanca-campanha-do-seu-novo-modelo-suv\/#breadcrumb"},"inLanguage":"pt-BR","potentialAction":[{"@type":"ReadAction","target":["https:\/\/www.cidademarketing.com.br\/marketing\/2022\/09\/30\/fiat-lanca-campanha-do-seu-novo-modelo-suv\/"]}]},{"@type":"ImageObject","inLanguage":"pt-BR","@id":"https:\/\/www.cidademarketing.com.br\/marketing\/2022\/09\/30\/fiat-lanca-campanha-do-seu-novo-modelo-suv\/#primaryimage","url":"https:\/\/www.cidademarketing.com.br\/marketing\/wp-content\/uploads\/2022\/09\/fiat_fastback_campanha.jpg","contentUrl":"https:\/\/www.cidademarketing.com.br\/marketing\/wp-content\/uploads\/2022\/09\/fiat_fastback_campanha.jpg","width":1668,"height":900,"caption":"Divulga\u00e7\u00e3o"},{"@type":"BreadcrumbList","@id":"https:\/\/www.cidademarketing.com.br\/marketing\/2022\/09\/30\/fiat-lanca-campanha-do-seu-novo-modelo-suv\/#breadcrumb","itemListElement":[{"@type":"ListItem","position":1,"name":"In\u00edcio","item":"https:\/\/www.cidademarketing.com.br\/marketing\/"},{"@type":"ListItem","position":2,"name":"Fiat lan\u00e7a campanha do seu novo modelo SUV"}]},{"@type":"WebSite","@id":"https:\/\/www.cidademarketing.com.br\/marketing\/#website","url":"https:\/\/www.cidademarketing.com.br\/marketing\/","name":"CidadeMarketing","description":"Somos um ve\u00edculo de comunica\u00e7\u00e3o de destaque no Brasil, reconhecido por conte\u00fados nos segmentos de marketing, empreendedorismo e inova\u00e7\u00e3o.","publisher":{"@id":"https:\/\/www.cidademarketing.com.br\/marketing\/#organization"},"alternateName":"CidadeMarketing","potentialAction":[{"@type":"SearchAction","target":{"@type":"EntryPoint","urlTemplate":"https:\/\/www.cidademarketing.com.br\/marketing\/?s={search_term_string}"},"query-input":{"@type":"PropertyValueSpecification","valueRequired":true,"valueName":"search_term_string"}}],"inLanguage":"pt-BR"},{"@type":"Organization","@id":"https:\/\/www.cidademarketing.com.br\/marketing\/#organization","name":"CidadeMarketing","alternateName":"CidadeMarketing","url":"https:\/\/www.cidademarketing.com.br\/marketing\/","logo":{"@type":"ImageObject","inLanguage":"pt-BR","@id":"https:\/\/www.cidademarketing.com.br\/marketing\/#\/schema\/logo\/image\/","url":"https:\/\/www.cidademarketing.com.br\/marketing\/wp-content\/uploads\/2020\/01\/cidademarketing_marca_mobile.png","contentUrl":"https:\/\/www.cidademarketing.com.br\/marketing\/wp-content\/uploads\/2020\/01\/cidademarketing_marca_mobile.png","width":230,"height":92,"caption":"CidadeMarketing"},"image":{"@id":"https:\/\/www.cidademarketing.com.br\/marketing\/#\/schema\/logo\/image\/"},"sameAs":["https:\/\/www.facebook.com\/portalcidademarketing","https:\/\/x.com\/CidadeMarketing","https:\/\/www.instagram.com\/cidademarketing\/"]},{"@type":"Person","@id":"https:\/\/www.cidademarketing.com.br\/marketing\/#\/schema\/person\/02daff9f18bd9378c9e01eb6b2db155f","name":"Thales Brand\u00e3o","image":{"@type":"ImageObject","inLanguage":"pt-BR","@id":"https:\/\/secure.gravatar.com\/avatar\/7ca3206950207cc3cb48feec56a8a7898741ab725c368d99d5d7a5a50aab80c6?s=96&d=mm&r=g","url":"https:\/\/secure.gravatar.com\/avatar\/7ca3206950207cc3cb48feec56a8a7898741ab725c368d99d5d7a5a50aab80c6?s=96&d=mm&r=g","contentUrl":"https:\/\/secure.gravatar.com\/avatar\/7ca3206950207cc3cb48feec56a8a7898741ab725c368d99d5d7a5a50aab80c6?s=96&d=mm&r=g","caption":"Thales Brand\u00e3o"},"description":"Editor Executivo do Portal CidadeMarketing.com.br &gt; Mestre em Comunica\u00e7\u00e3o e Sociedade pela Universidade Federal de Sergipe. Possui MBA Executivo em Administra\u00e7\u00e3o com \u00eanfase em Marketing pela Funda\u00e7\u00e3o Get\u00falio Vargas - Rio de Janeiro. Consultor, Palestrante e Pesquisador sobre Empreendedorismo, Marketing, Redes Sociais e Neg\u00f3cios Digitais. Professor, Palestrante TedxTalks e Campus Party. Twitter: @ThalesBrandao","sameAs":["http:\/\/www.mandacaru.com.br","https:\/\/www.facebook.com\/thalesbrandao","http:\/\/www.instagram.com.br\/thalesbrandaoferreira","https:\/\/www.linkedin.com\/in\/thales-brand\u00e3o-3948609\/","https:\/\/x.com\/http:\/\/www.twitter.com\/thalesbrandao"],"url":"https:\/\/www.cidademarketing.com.br\/marketing\/author\/thalesbrandao\/"}]}},"amp_enabled":true,"_links":{"self":[{"href":"https:\/\/www.cidademarketing.com.br\/marketing\/wp-json\/wp\/v2\/posts\/38495","targetHints":{"allow":["GET"]}}],"collection":[{"href":"https:\/\/www.cidademarketing.com.br\/marketing\/wp-json\/wp\/v2\/posts"}],"about":[{"href":"https:\/\/www.cidademarketing.com.br\/marketing\/wp-json\/wp\/v2\/types\/post"}],"author":[{"embeddable":true,"href":"https:\/\/www.cidademarketing.com.br\/marketing\/wp-json\/wp\/v2\/users\/1"}],"replies":[{"embeddable":true,"href":"https:\/\/www.cidademarketing.com.br\/marketing\/wp-json\/wp\/v2\/comments?post=38495"}],"version-history":[{"count":1,"href":"https:\/\/www.cidademarketing.com.br\/marketing\/wp-json\/wp\/v2\/posts\/38495\/revisions"}],"predecessor-version":[{"id":38501,"href":"https:\/\/www.cidademarketing.com.br\/marketing\/wp-json\/wp\/v2\/posts\/38495\/revisions\/38501"}],"wp:featuredmedia":[{"embeddable":true,"href":"https:\/\/www.cidademarketing.com.br\/marketing\/wp-json\/wp\/v2\/media\/38496"}],"wp:attachment":[{"href":"https:\/\/www.cidademarketing.com.br\/marketing\/wp-json\/wp\/v2\/media?parent=38495"}],"wp:term":[{"taxonomy":"category","embeddable":true,"href":"https:\/\/www.cidademarketing.com.br\/marketing\/wp-json\/wp\/v2\/categories?post=38495"},{"taxonomy":"post_tag","embeddable":true,"href":"https:\/\/www.cidademarketing.com.br\/marketing\/wp-json\/wp\/v2\/tags?post=38495"}],"curies":[{"name":"wp","href":"https:\/\/api.w.org\/{rel}","templated":true}]}}