{"id":38488,"date":"2022-09-30T21:52:01","date_gmt":"2022-10-01T00:52:01","guid":{"rendered":"https:\/\/www.cidademarketing.com.br\/marketing\/?p=38488"},"modified":"2022-09-30T21:52:01","modified_gmt":"2022-10-01T00:52:01","slug":"grupo-bandeirantes-disponibiliza-gravacoes-historicas-de-eleicoes-passadas-durante-programacao-do-fim-de-semana","status":"publish","type":"post","link":"https:\/\/www.cidademarketing.com.br\/marketing\/2022\/09\/30\/grupo-bandeirantes-disponibiliza-gravacoes-historicas-de-eleicoes-passadas-durante-programacao-do-fim-de-semana\/","title":{"rendered":"Grupo Bandeirantes disponibiliza grava\u00e7\u00f5es hist\u00f3ricas de elei\u00e7\u00f5es passadas durante programa\u00e7\u00e3o do fim de semana"},"content":{"rendered":"<p><iframe style=\"border-radius: 12px;\" src=\"https:\/\/open.spotify.com\/embed\/show\/4khMKzP3FgFRWVwb73xicc?utm_source=generator&amp;t=0\" width=\"100%\" height=\"232\" frameborder=\"0\" allowfullscreen=\"allowfullscreen\"><\/iframe><br \/>\nOs ve\u00edculos do Grupo Bandeirantes v\u00e3o veicular, durante este fim de semana, um extenso material levantado pelo Centro de Documenta\u00e7\u00e3o e Mem\u00f3ria da R\u00e1dio Bandeirantes (CEDOM) sobre elei\u00e7\u00f5es passadas.<\/p>\n<p>A pesquisa, liderada pelo jornalista Milton Parron, ressalta a credibilidade do Grupo ao longo de d\u00e9cadas de cobertura eleitoral. Uma das sonoras, rar\u00edssima, mostra um trecho do com\u00edcio do brigadeiro Eduardo Gomes que, em 1945, saiu na frente na campanha presidencial, a primeira depois da ditadura Vargas. Outro \u00e1udio traz Get\u00falio Vargas perdendo as estribeiras em uma pra\u00e7a p\u00fablica em Bauru, no interior de S\u00e3o Paulo, em 1950.<\/p>\n<p>Nos arquivos ainda consta uma entrevista com Silvio Santos em frente \u00e0 casa dele, no bairro do Morumbi, onde o apresentador e empres\u00e1rio confirma que estar\u00e1 presente no debate da TV Bandeirantes ap\u00f3s anunciar sua candidatura \u00e0 presid\u00eancia da Rep\u00fablica em 1989 pelo Partido Municipalista Brasileiro (PMB). Em novembro daquele mesmo ano, o Tribunal Superior Eleitoral considerou a legenda ilegal, impedindo que ele concorresse ao cargo. <a href=\"https:\/\/band-my.sharepoint.com\/personal\/tmdias_band_com_br\/_layouts\/15\/onedrive.aspx?id=%2Fpersonal%2Ftmdias%5Fband%5Fcom%5Fbr%2FDocuments%2FCEDOM%20%2D%20ELEI%C3%87%C3%95ES&amp;ga=1\" target=\"_blank\" rel=\"noopener\">Clique aqui e ou\u00e7a<\/a> alguns \u00e1udios hist\u00f3ricos que s\u00e3o mantidos no acervo do CEDOM.<\/p>\n<p><iframe style=\"width: 100%; max-width: 660px; overflow: hidden; background: transparent;\" src=\"https:\/\/embed.podcasts.apple.com\/br\/podcast\/podcast-cidademarketing\/id1371923283\" height=\"450\" frameborder=\"0\" sandbox=\"allow-forms allow-popups allow-same-origin allow-scripts allow-storage-access-by-user-activation allow-top-navigation-by-user-activation\"><\/iframe><\/p>\n","protected":false},"excerpt":{"rendered":"<p>Os ve\u00edculos do Grupo Bandeirantes v\u00e3o veicular, durante este fim de semana, um extenso material levantado pelo Centro de Documenta\u00e7\u00e3o e Mem\u00f3ria da R\u00e1dio Bandeirantes (CEDOM) sobre elei\u00e7\u00f5es passadas. A pesquisa, liderada pelo jornalista Milton Parron, ressalta a credibilidade do Grupo ao longo de d\u00e9cadas de cobertura eleitoral. Uma das sonoras, rar\u00edssima, mostra um trecho [&hellip;]<\/p>\n","protected":false},"author":1,"featured_media":38489,"comment_status":"open","ping_status":"open","sticky":false,"template":"","format":"standard","meta":{"tdm_status":"","tdm_grid_status":"","footnotes":""},"categories":[6],"tags":[383,308,5529,33,28,5531],"class_list":["post-38488","post","type-post","status-publish","format-standard","has-post-thumbnail","hentry","category-noticias","tag-band","tag-comunicacao","tag-eleicoes-2022","tag-estrategia","tag-marketing","tag-radio-bandeirante"],"yoast_head":"<!-- This site is optimized with the Yoast SEO plugin v27.5 - https:\/\/yoast.com\/product\/yoast-seo-wordpress\/ -->\n<title>Grupo Bandeirantes disponibiliza grava\u00e7\u00f5es hist\u00f3ricas de elei\u00e7\u00f5es passadas durante programa\u00e7\u00e3o do fim de semana - CidadeMarketing<\/title>\n<meta name=\"robots\" content=\"index, follow, max-snippet:-1, max-image-preview:large, max-video-preview:-1\" \/>\n<link rel=\"canonical\" href=\"https:\/\/www.cidademarketing.com.br\/marketing\/2022\/09\/30\/grupo-bandeirantes-disponibiliza-gravacoes-historicas-de-eleicoes-passadas-durante-programacao-do-fim-de-semana\/\" \/>\n<meta property=\"og:locale\" content=\"pt_BR\" \/>\n<meta property=\"og:type\" content=\"article\" \/>\n<meta property=\"og:title\" content=\"Grupo Bandeirantes disponibiliza grava\u00e7\u00f5es hist\u00f3ricas de elei\u00e7\u00f5es passadas durante programa\u00e7\u00e3o do fim de semana - CidadeMarketing\" \/>\n<meta property=\"og:description\" content=\"Os ve\u00edculos do Grupo Bandeirantes v\u00e3o veicular, durante este fim de semana, um extenso material levantado pelo Centro de Documenta\u00e7\u00e3o e Mem\u00f3ria da R\u00e1dio Bandeirantes (CEDOM) sobre elei\u00e7\u00f5es passadas. A pesquisa, liderada pelo jornalista Milton Parron, ressalta a credibilidade do Grupo ao longo de d\u00e9cadas de cobertura eleitoral. Uma das sonoras, rar\u00edssima, mostra um trecho [&hellip;]\" \/>\n<meta property=\"og:url\" content=\"https:\/\/www.cidademarketing.com.br\/marketing\/2022\/09\/30\/grupo-bandeirantes-disponibiliza-gravacoes-historicas-de-eleicoes-passadas-durante-programacao-do-fim-de-semana\/\" \/>\n<meta property=\"og:site_name\" content=\"CidadeMarketing\" \/>\n<meta property=\"article:publisher\" content=\"https:\/\/www.facebook.com\/portalcidademarketing\" \/>\n<meta property=\"article:author\" content=\"https:\/\/www.facebook.com\/thalesbrandao\" \/>\n<meta property=\"article:published_time\" content=\"2022-10-01T00:52:01+00:00\" \/>\n<meta property=\"og:image\" content=\"https:\/\/www.cidademarketing.com.br\/marketing\/wp-content\/uploads\/2022\/09\/radio_bandeirante.jpg\" \/>\n\t<meta property=\"og:image:width\" content=\"2000\" \/>\n\t<meta property=\"og:image:height\" content=\"1331\" \/>\n\t<meta property=\"og:image:type\" content=\"image\/jpeg\" \/>\n<meta name=\"author\" content=\"Thales Brand\u00e3o\" \/>\n<meta name=\"twitter:card\" content=\"summary_large_image\" \/>\n<meta name=\"twitter:creator\" content=\"@http:\/\/www.twitter.com\/thalesbrandao\" \/>\n<meta name=\"twitter:site\" content=\"@CidadeMarketing\" \/>\n<meta name=\"twitter:label1\" content=\"Escrito por\" \/>\n\t<meta name=\"twitter:data1\" content=\"Thales Brand\u00e3o\" \/>\n\t<meta name=\"twitter:label2\" content=\"Est. tempo de leitura\" \/>\n\t<meta name=\"twitter:data2\" content=\"1 minuto\" \/>\n<script type=\"application\/ld+json\" class=\"yoast-schema-graph\">{\"@context\":\"https:\\\/\\\/schema.org\",\"@graph\":[{\"@type\":\"Article\",\"@id\":\"https:\\\/\\\/www.cidademarketing.com.br\\\/marketing\\\/2022\\\/09\\\/30\\\/grupo-bandeirantes-disponibiliza-gravacoes-historicas-de-eleicoes-passadas-durante-programacao-do-fim-de-semana\\\/#article\",\"isPartOf\":{\"@id\":\"https:\\\/\\\/www.cidademarketing.com.br\\\/marketing\\\/2022\\\/09\\\/30\\\/grupo-bandeirantes-disponibiliza-gravacoes-historicas-de-eleicoes-passadas-durante-programacao-do-fim-de-semana\\\/\"},\"author\":{\"name\":\"Thales Brand\u00e3o\",\"@id\":\"https:\\\/\\\/www.cidademarketing.com.br\\\/marketing\\\/#\\\/schema\\\/person\\\/02daff9f18bd9378c9e01eb6b2db155f\"},\"headline\":\"Grupo Bandeirantes disponibiliza grava\u00e7\u00f5es hist\u00f3ricas de elei\u00e7\u00f5es passadas durante programa\u00e7\u00e3o do fim de semana\",\"datePublished\":\"2022-10-01T00:52:01+00:00\",\"mainEntityOfPage\":{\"@id\":\"https:\\\/\\\/www.cidademarketing.com.br\\\/marketing\\\/2022\\\/09\\\/30\\\/grupo-bandeirantes-disponibiliza-gravacoes-historicas-de-eleicoes-passadas-durante-programacao-do-fim-de-semana\\\/\"},\"wordCount\":210,\"commentCount\":0,\"publisher\":{\"@id\":\"https:\\\/\\\/www.cidademarketing.com.br\\\/marketing\\\/#organization\"},\"image\":{\"@id\":\"https:\\\/\\\/www.cidademarketing.com.br\\\/marketing\\\/2022\\\/09\\\/30\\\/grupo-bandeirantes-disponibiliza-gravacoes-historicas-de-eleicoes-passadas-durante-programacao-do-fim-de-semana\\\/#primaryimage\"},\"thumbnailUrl\":\"https:\\\/\\\/www.cidademarketing.com.br\\\/marketing\\\/wp-content\\\/uploads\\\/2022\\\/09\\\/radio_bandeirante.jpg\",\"keywords\":[\"Band\",\"comunica\u00e7\u00e3o\",\"elei\u00e7\u00f5es 2022\",\"estrat\u00e9gia\",\"marketing\",\"R\u00e1dio Bandeirante\"],\"articleSection\":[\"Not\u00edcias\"],\"inLanguage\":\"pt-BR\",\"potentialAction\":[{\"@type\":\"CommentAction\",\"name\":\"Comment\",\"target\":[\"https:\\\/\\\/www.cidademarketing.com.br\\\/marketing\\\/2022\\\/09\\\/30\\\/grupo-bandeirantes-disponibiliza-gravacoes-historicas-de-eleicoes-passadas-durante-programacao-do-fim-de-semana\\\/#respond\"]}]},{\"@type\":\"WebPage\",\"@id\":\"https:\\\/\\\/www.cidademarketing.com.br\\\/marketing\\\/2022\\\/09\\\/30\\\/grupo-bandeirantes-disponibiliza-gravacoes-historicas-de-eleicoes-passadas-durante-programacao-do-fim-de-semana\\\/\",\"url\":\"https:\\\/\\\/www.cidademarketing.com.br\\\/marketing\\\/2022\\\/09\\\/30\\\/grupo-bandeirantes-disponibiliza-gravacoes-historicas-de-eleicoes-passadas-durante-programacao-do-fim-de-semana\\\/\",\"name\":\"Grupo Bandeirantes disponibiliza grava\u00e7\u00f5es hist\u00f3ricas de elei\u00e7\u00f5es passadas durante programa\u00e7\u00e3o do fim de semana - CidadeMarketing\",\"isPartOf\":{\"@id\":\"https:\\\/\\\/www.cidademarketing.com.br\\\/marketing\\\/#website\"},\"primaryImageOfPage\":{\"@id\":\"https:\\\/\\\/www.cidademarketing.com.br\\\/marketing\\\/2022\\\/09\\\/30\\\/grupo-bandeirantes-disponibiliza-gravacoes-historicas-de-eleicoes-passadas-durante-programacao-do-fim-de-semana\\\/#primaryimage\"},\"image\":{\"@id\":\"https:\\\/\\\/www.cidademarketing.com.br\\\/marketing\\\/2022\\\/09\\\/30\\\/grupo-bandeirantes-disponibiliza-gravacoes-historicas-de-eleicoes-passadas-durante-programacao-do-fim-de-semana\\\/#primaryimage\"},\"thumbnailUrl\":\"https:\\\/\\\/www.cidademarketing.com.br\\\/marketing\\\/wp-content\\\/uploads\\\/2022\\\/09\\\/radio_bandeirante.jpg\",\"datePublished\":\"2022-10-01T00:52:01+00:00\",\"breadcrumb\":{\"@id\":\"https:\\\/\\\/www.cidademarketing.com.br\\\/marketing\\\/2022\\\/09\\\/30\\\/grupo-bandeirantes-disponibiliza-gravacoes-historicas-de-eleicoes-passadas-durante-programacao-do-fim-de-semana\\\/#breadcrumb\"},\"inLanguage\":\"pt-BR\",\"potentialAction\":[{\"@type\":\"ReadAction\",\"target\":[\"https:\\\/\\\/www.cidademarketing.com.br\\\/marketing\\\/2022\\\/09\\\/30\\\/grupo-bandeirantes-disponibiliza-gravacoes-historicas-de-eleicoes-passadas-durante-programacao-do-fim-de-semana\\\/\"]}]},{\"@type\":\"ImageObject\",\"inLanguage\":\"pt-BR\",\"@id\":\"https:\\\/\\\/www.cidademarketing.com.br\\\/marketing\\\/2022\\\/09\\\/30\\\/grupo-bandeirantes-disponibiliza-gravacoes-historicas-de-eleicoes-passadas-durante-programacao-do-fim-de-semana\\\/#primaryimage\",\"url\":\"https:\\\/\\\/www.cidademarketing.com.br\\\/marketing\\\/wp-content\\\/uploads\\\/2022\\\/09\\\/radio_bandeirante.jpg\",\"contentUrl\":\"https:\\\/\\\/www.cidademarketing.com.br\\\/marketing\\\/wp-content\\\/uploads\\\/2022\\\/09\\\/radio_bandeirante.jpg\",\"width\":2000,\"height\":1331,\"caption\":\"CEDOM re\u00fane grava\u00e7\u00f5es dos fatos mais importantes dos \u00faltimos 85 anos. Cr\u00e9dito da foto: Renato Pizzutto\\\/Band\"},{\"@type\":\"BreadcrumbList\",\"@id\":\"https:\\\/\\\/www.cidademarketing.com.br\\\/marketing\\\/2022\\\/09\\\/30\\\/grupo-bandeirantes-disponibiliza-gravacoes-historicas-de-eleicoes-passadas-durante-programacao-do-fim-de-semana\\\/#breadcrumb\",\"itemListElement\":[{\"@type\":\"ListItem\",\"position\":1,\"name\":\"In\u00edcio\",\"item\":\"https:\\\/\\\/www.cidademarketing.com.br\\\/marketing\\\/\"},{\"@type\":\"ListItem\",\"position\":2,\"name\":\"Grupo Bandeirantes disponibiliza grava\u00e7\u00f5es hist\u00f3ricas de elei\u00e7\u00f5es passadas durante programa\u00e7\u00e3o do fim de semana\"}]},{\"@type\":\"WebSite\",\"@id\":\"https:\\\/\\\/www.cidademarketing.com.br\\\/marketing\\\/#website\",\"url\":\"https:\\\/\\\/www.cidademarketing.com.br\\\/marketing\\\/\",\"name\":\"CidadeMarketing\",\"description\":\"Somos um ve\u00edculo de comunica\u00e7\u00e3o de destaque no Brasil, reconhecido por conte\u00fados nos segmentos de marketing, empreendedorismo e inova\u00e7\u00e3o.\",\"publisher\":{\"@id\":\"https:\\\/\\\/www.cidademarketing.com.br\\\/marketing\\\/#organization\"},\"alternateName\":\"CidadeMarketing\",\"potentialAction\":[{\"@type\":\"SearchAction\",\"target\":{\"@type\":\"EntryPoint\",\"urlTemplate\":\"https:\\\/\\\/www.cidademarketing.com.br\\\/marketing\\\/?s={search_term_string}\"},\"query-input\":{\"@type\":\"PropertyValueSpecification\",\"valueRequired\":true,\"valueName\":\"search_term_string\"}}],\"inLanguage\":\"pt-BR\"},{\"@type\":\"Organization\",\"@id\":\"https:\\\/\\\/www.cidademarketing.com.br\\\/marketing\\\/#organization\",\"name\":\"CidadeMarketing\",\"alternateName\":\"CidadeMarketing\",\"url\":\"https:\\\/\\\/www.cidademarketing.com.br\\\/marketing\\\/\",\"logo\":{\"@type\":\"ImageObject\",\"inLanguage\":\"pt-BR\",\"@id\":\"https:\\\/\\\/www.cidademarketing.com.br\\\/marketing\\\/#\\\/schema\\\/logo\\\/image\\\/\",\"url\":\"https:\\\/\\\/www.cidademarketing.com.br\\\/marketing\\\/wp-content\\\/uploads\\\/2020\\\/01\\\/cidademarketing_marca_mobile.png\",\"contentUrl\":\"https:\\\/\\\/www.cidademarketing.com.br\\\/marketing\\\/wp-content\\\/uploads\\\/2020\\\/01\\\/cidademarketing_marca_mobile.png\",\"width\":230,\"height\":92,\"caption\":\"CidadeMarketing\"},\"image\":{\"@id\":\"https:\\\/\\\/www.cidademarketing.com.br\\\/marketing\\\/#\\\/schema\\\/logo\\\/image\\\/\"},\"sameAs\":[\"https:\\\/\\\/www.facebook.com\\\/portalcidademarketing\",\"https:\\\/\\\/x.com\\\/CidadeMarketing\",\"https:\\\/\\\/www.instagram.com\\\/cidademarketing\\\/\"]},{\"@type\":\"Person\",\"@id\":\"https:\\\/\\\/www.cidademarketing.com.br\\\/marketing\\\/#\\\/schema\\\/person\\\/02daff9f18bd9378c9e01eb6b2db155f\",\"name\":\"Thales Brand\u00e3o\",\"image\":{\"@type\":\"ImageObject\",\"inLanguage\":\"pt-BR\",\"@id\":\"https:\\\/\\\/secure.gravatar.com\\\/avatar\\\/7ca3206950207cc3cb48feec56a8a7898741ab725c368d99d5d7a5a50aab80c6?s=96&d=mm&r=g\",\"url\":\"https:\\\/\\\/secure.gravatar.com\\\/avatar\\\/7ca3206950207cc3cb48feec56a8a7898741ab725c368d99d5d7a5a50aab80c6?s=96&d=mm&r=g\",\"contentUrl\":\"https:\\\/\\\/secure.gravatar.com\\\/avatar\\\/7ca3206950207cc3cb48feec56a8a7898741ab725c368d99d5d7a5a50aab80c6?s=96&d=mm&r=g\",\"caption\":\"Thales Brand\u00e3o\"},\"description\":\"Editor Executivo do Portal CidadeMarketing.com.br &gt; Mestre em Comunica\u00e7\u00e3o e Sociedade pela Universidade Federal de Sergipe. Possui MBA Executivo em Administra\u00e7\u00e3o com \u00eanfase em Marketing pela Funda\u00e7\u00e3o Get\u00falio Vargas - Rio de Janeiro. Consultor, Palestrante e Pesquisador sobre Empreendedorismo, Marketing, Redes Sociais e Neg\u00f3cios Digitais. Professor, Palestrante TedxTalks e Campus Party. Twitter: @ThalesBrandao\",\"sameAs\":[\"http:\\\/\\\/www.mandacaru.com.br\",\"https:\\\/\\\/www.facebook.com\\\/thalesbrandao\",\"http:\\\/\\\/www.instagram.com.br\\\/thalesbrandaoferreira\",\"https:\\\/\\\/www.linkedin.com\\\/in\\\/thales-brand\u00e3o-3948609\\\/\",\"https:\\\/\\\/x.com\\\/http:\\\/\\\/www.twitter.com\\\/thalesbrandao\"],\"url\":\"https:\\\/\\\/www.cidademarketing.com.br\\\/marketing\\\/author\\\/thalesbrandao\\\/\"}]}<\/script>\n<!-- \/ Yoast SEO plugin. -->","yoast_head_json":{"title":"Grupo Bandeirantes disponibiliza grava\u00e7\u00f5es hist\u00f3ricas de elei\u00e7\u00f5es passadas durante programa\u00e7\u00e3o do fim de semana - CidadeMarketing","robots":{"index":"index","follow":"follow","max-snippet":"max-snippet:-1","max-image-preview":"max-image-preview:large","max-video-preview":"max-video-preview:-1"},"canonical":"https:\/\/www.cidademarketing.com.br\/marketing\/2022\/09\/30\/grupo-bandeirantes-disponibiliza-gravacoes-historicas-de-eleicoes-passadas-durante-programacao-do-fim-de-semana\/","og_locale":"pt_BR","og_type":"article","og_title":"Grupo Bandeirantes disponibiliza grava\u00e7\u00f5es hist\u00f3ricas de elei\u00e7\u00f5es passadas durante programa\u00e7\u00e3o do fim de semana - CidadeMarketing","og_description":"Os ve\u00edculos do Grupo Bandeirantes v\u00e3o veicular, durante este fim de semana, um extenso material levantado pelo Centro de Documenta\u00e7\u00e3o e Mem\u00f3ria da R\u00e1dio Bandeirantes (CEDOM) sobre elei\u00e7\u00f5es passadas. A pesquisa, liderada pelo jornalista Milton Parron, ressalta a credibilidade do Grupo ao longo de d\u00e9cadas de cobertura eleitoral. Uma das sonoras, rar\u00edssima, mostra um trecho [&hellip;]","og_url":"https:\/\/www.cidademarketing.com.br\/marketing\/2022\/09\/30\/grupo-bandeirantes-disponibiliza-gravacoes-historicas-de-eleicoes-passadas-durante-programacao-do-fim-de-semana\/","og_site_name":"CidadeMarketing","article_publisher":"https:\/\/www.facebook.com\/portalcidademarketing","article_author":"https:\/\/www.facebook.com\/thalesbrandao","article_published_time":"2022-10-01T00:52:01+00:00","og_image":[{"width":2000,"height":1331,"url":"https:\/\/www.cidademarketing.com.br\/marketing\/wp-content\/uploads\/2022\/09\/radio_bandeirante.jpg","type":"image\/jpeg"}],"author":"Thales Brand\u00e3o","twitter_card":"summary_large_image","twitter_creator":"@http:\/\/www.twitter.com\/thalesbrandao","twitter_site":"@CidadeMarketing","twitter_misc":{"Escrito por":"Thales Brand\u00e3o","Est. tempo de leitura":"1 minuto"},"schema":{"@context":"https:\/\/schema.org","@graph":[{"@type":"Article","@id":"https:\/\/www.cidademarketing.com.br\/marketing\/2022\/09\/30\/grupo-bandeirantes-disponibiliza-gravacoes-historicas-de-eleicoes-passadas-durante-programacao-do-fim-de-semana\/#article","isPartOf":{"@id":"https:\/\/www.cidademarketing.com.br\/marketing\/2022\/09\/30\/grupo-bandeirantes-disponibiliza-gravacoes-historicas-de-eleicoes-passadas-durante-programacao-do-fim-de-semana\/"},"author":{"name":"Thales Brand\u00e3o","@id":"https:\/\/www.cidademarketing.com.br\/marketing\/#\/schema\/person\/02daff9f18bd9378c9e01eb6b2db155f"},"headline":"Grupo Bandeirantes disponibiliza grava\u00e7\u00f5es hist\u00f3ricas de elei\u00e7\u00f5es passadas durante programa\u00e7\u00e3o do fim de semana","datePublished":"2022-10-01T00:52:01+00:00","mainEntityOfPage":{"@id":"https:\/\/www.cidademarketing.com.br\/marketing\/2022\/09\/30\/grupo-bandeirantes-disponibiliza-gravacoes-historicas-de-eleicoes-passadas-durante-programacao-do-fim-de-semana\/"},"wordCount":210,"commentCount":0,"publisher":{"@id":"https:\/\/www.cidademarketing.com.br\/marketing\/#organization"},"image":{"@id":"https:\/\/www.cidademarketing.com.br\/marketing\/2022\/09\/30\/grupo-bandeirantes-disponibiliza-gravacoes-historicas-de-eleicoes-passadas-durante-programacao-do-fim-de-semana\/#primaryimage"},"thumbnailUrl":"https:\/\/www.cidademarketing.com.br\/marketing\/wp-content\/uploads\/2022\/09\/radio_bandeirante.jpg","keywords":["Band","comunica\u00e7\u00e3o","elei\u00e7\u00f5es 2022","estrat\u00e9gia","marketing","R\u00e1dio Bandeirante"],"articleSection":["Not\u00edcias"],"inLanguage":"pt-BR","potentialAction":[{"@type":"CommentAction","name":"Comment","target":["https:\/\/www.cidademarketing.com.br\/marketing\/2022\/09\/30\/grupo-bandeirantes-disponibiliza-gravacoes-historicas-de-eleicoes-passadas-durante-programacao-do-fim-de-semana\/#respond"]}]},{"@type":"WebPage","@id":"https:\/\/www.cidademarketing.com.br\/marketing\/2022\/09\/30\/grupo-bandeirantes-disponibiliza-gravacoes-historicas-de-eleicoes-passadas-durante-programacao-do-fim-de-semana\/","url":"https:\/\/www.cidademarketing.com.br\/marketing\/2022\/09\/30\/grupo-bandeirantes-disponibiliza-gravacoes-historicas-de-eleicoes-passadas-durante-programacao-do-fim-de-semana\/","name":"Grupo Bandeirantes disponibiliza grava\u00e7\u00f5es hist\u00f3ricas de elei\u00e7\u00f5es passadas durante programa\u00e7\u00e3o do fim de semana - CidadeMarketing","isPartOf":{"@id":"https:\/\/www.cidademarketing.com.br\/marketing\/#website"},"primaryImageOfPage":{"@id":"https:\/\/www.cidademarketing.com.br\/marketing\/2022\/09\/30\/grupo-bandeirantes-disponibiliza-gravacoes-historicas-de-eleicoes-passadas-durante-programacao-do-fim-de-semana\/#primaryimage"},"image":{"@id":"https:\/\/www.cidademarketing.com.br\/marketing\/2022\/09\/30\/grupo-bandeirantes-disponibiliza-gravacoes-historicas-de-eleicoes-passadas-durante-programacao-do-fim-de-semana\/#primaryimage"},"thumbnailUrl":"https:\/\/www.cidademarketing.com.br\/marketing\/wp-content\/uploads\/2022\/09\/radio_bandeirante.jpg","datePublished":"2022-10-01T00:52:01+00:00","breadcrumb":{"@id":"https:\/\/www.cidademarketing.com.br\/marketing\/2022\/09\/30\/grupo-bandeirantes-disponibiliza-gravacoes-historicas-de-eleicoes-passadas-durante-programacao-do-fim-de-semana\/#breadcrumb"},"inLanguage":"pt-BR","potentialAction":[{"@type":"ReadAction","target":["https:\/\/www.cidademarketing.com.br\/marketing\/2022\/09\/30\/grupo-bandeirantes-disponibiliza-gravacoes-historicas-de-eleicoes-passadas-durante-programacao-do-fim-de-semana\/"]}]},{"@type":"ImageObject","inLanguage":"pt-BR","@id":"https:\/\/www.cidademarketing.com.br\/marketing\/2022\/09\/30\/grupo-bandeirantes-disponibiliza-gravacoes-historicas-de-eleicoes-passadas-durante-programacao-do-fim-de-semana\/#primaryimage","url":"https:\/\/www.cidademarketing.com.br\/marketing\/wp-content\/uploads\/2022\/09\/radio_bandeirante.jpg","contentUrl":"https:\/\/www.cidademarketing.com.br\/marketing\/wp-content\/uploads\/2022\/09\/radio_bandeirante.jpg","width":2000,"height":1331,"caption":"CEDOM re\u00fane grava\u00e7\u00f5es dos fatos mais importantes dos \u00faltimos 85 anos. Cr\u00e9dito da foto: Renato Pizzutto\/Band"},{"@type":"BreadcrumbList","@id":"https:\/\/www.cidademarketing.com.br\/marketing\/2022\/09\/30\/grupo-bandeirantes-disponibiliza-gravacoes-historicas-de-eleicoes-passadas-durante-programacao-do-fim-de-semana\/#breadcrumb","itemListElement":[{"@type":"ListItem","position":1,"name":"In\u00edcio","item":"https:\/\/www.cidademarketing.com.br\/marketing\/"},{"@type":"ListItem","position":2,"name":"Grupo Bandeirantes disponibiliza grava\u00e7\u00f5es hist\u00f3ricas de elei\u00e7\u00f5es passadas durante programa\u00e7\u00e3o do fim de semana"}]},{"@type":"WebSite","@id":"https:\/\/www.cidademarketing.com.br\/marketing\/#website","url":"https:\/\/www.cidademarketing.com.br\/marketing\/","name":"CidadeMarketing","description":"Somos um ve\u00edculo de comunica\u00e7\u00e3o de destaque no Brasil, reconhecido por conte\u00fados nos segmentos de marketing, empreendedorismo e inova\u00e7\u00e3o.","publisher":{"@id":"https:\/\/www.cidademarketing.com.br\/marketing\/#organization"},"alternateName":"CidadeMarketing","potentialAction":[{"@type":"SearchAction","target":{"@type":"EntryPoint","urlTemplate":"https:\/\/www.cidademarketing.com.br\/marketing\/?s={search_term_string}"},"query-input":{"@type":"PropertyValueSpecification","valueRequired":true,"valueName":"search_term_string"}}],"inLanguage":"pt-BR"},{"@type":"Organization","@id":"https:\/\/www.cidademarketing.com.br\/marketing\/#organization","name":"CidadeMarketing","alternateName":"CidadeMarketing","url":"https:\/\/www.cidademarketing.com.br\/marketing\/","logo":{"@type":"ImageObject","inLanguage":"pt-BR","@id":"https:\/\/www.cidademarketing.com.br\/marketing\/#\/schema\/logo\/image\/","url":"https:\/\/www.cidademarketing.com.br\/marketing\/wp-content\/uploads\/2020\/01\/cidademarketing_marca_mobile.png","contentUrl":"https:\/\/www.cidademarketing.com.br\/marketing\/wp-content\/uploads\/2020\/01\/cidademarketing_marca_mobile.png","width":230,"height":92,"caption":"CidadeMarketing"},"image":{"@id":"https:\/\/www.cidademarketing.com.br\/marketing\/#\/schema\/logo\/image\/"},"sameAs":["https:\/\/www.facebook.com\/portalcidademarketing","https:\/\/x.com\/CidadeMarketing","https:\/\/www.instagram.com\/cidademarketing\/"]},{"@type":"Person","@id":"https:\/\/www.cidademarketing.com.br\/marketing\/#\/schema\/person\/02daff9f18bd9378c9e01eb6b2db155f","name":"Thales Brand\u00e3o","image":{"@type":"ImageObject","inLanguage":"pt-BR","@id":"https:\/\/secure.gravatar.com\/avatar\/7ca3206950207cc3cb48feec56a8a7898741ab725c368d99d5d7a5a50aab80c6?s=96&d=mm&r=g","url":"https:\/\/secure.gravatar.com\/avatar\/7ca3206950207cc3cb48feec56a8a7898741ab725c368d99d5d7a5a50aab80c6?s=96&d=mm&r=g","contentUrl":"https:\/\/secure.gravatar.com\/avatar\/7ca3206950207cc3cb48feec56a8a7898741ab725c368d99d5d7a5a50aab80c6?s=96&d=mm&r=g","caption":"Thales Brand\u00e3o"},"description":"Editor Executivo do Portal CidadeMarketing.com.br &gt; Mestre em Comunica\u00e7\u00e3o e Sociedade pela Universidade Federal de Sergipe. Possui MBA Executivo em Administra\u00e7\u00e3o com \u00eanfase em Marketing pela Funda\u00e7\u00e3o Get\u00falio Vargas - Rio de Janeiro. Consultor, Palestrante e Pesquisador sobre Empreendedorismo, Marketing, Redes Sociais e Neg\u00f3cios Digitais. Professor, Palestrante TedxTalks e Campus Party. Twitter: @ThalesBrandao","sameAs":["http:\/\/www.mandacaru.com.br","https:\/\/www.facebook.com\/thalesbrandao","http:\/\/www.instagram.com.br\/thalesbrandaoferreira","https:\/\/www.linkedin.com\/in\/thales-brand\u00e3o-3948609\/","https:\/\/x.com\/http:\/\/www.twitter.com\/thalesbrandao"],"url":"https:\/\/www.cidademarketing.com.br\/marketing\/author\/thalesbrandao\/"}]}},"amp_enabled":true,"_links":{"self":[{"href":"https:\/\/www.cidademarketing.com.br\/marketing\/wp-json\/wp\/v2\/posts\/38488","targetHints":{"allow":["GET"]}}],"collection":[{"href":"https:\/\/www.cidademarketing.com.br\/marketing\/wp-json\/wp\/v2\/posts"}],"about":[{"href":"https:\/\/www.cidademarketing.com.br\/marketing\/wp-json\/wp\/v2\/types\/post"}],"author":[{"embeddable":true,"href":"https:\/\/www.cidademarketing.com.br\/marketing\/wp-json\/wp\/v2\/users\/1"}],"replies":[{"embeddable":true,"href":"https:\/\/www.cidademarketing.com.br\/marketing\/wp-json\/wp\/v2\/comments?post=38488"}],"version-history":[{"count":1,"href":"https:\/\/www.cidademarketing.com.br\/marketing\/wp-json\/wp\/v2\/posts\/38488\/revisions"}],"predecessor-version":[{"id":38490,"href":"https:\/\/www.cidademarketing.com.br\/marketing\/wp-json\/wp\/v2\/posts\/38488\/revisions\/38490"}],"wp:featuredmedia":[{"embeddable":true,"href":"https:\/\/www.cidademarketing.com.br\/marketing\/wp-json\/wp\/v2\/media\/38489"}],"wp:attachment":[{"href":"https:\/\/www.cidademarketing.com.br\/marketing\/wp-json\/wp\/v2\/media?parent=38488"}],"wp:term":[{"taxonomy":"category","embeddable":true,"href":"https:\/\/www.cidademarketing.com.br\/marketing\/wp-json\/wp\/v2\/categories?post=38488"},{"taxonomy":"post_tag","embeddable":true,"href":"https:\/\/www.cidademarketing.com.br\/marketing\/wp-json\/wp\/v2\/tags?post=38488"}],"curies":[{"name":"wp","href":"https:\/\/api.w.org\/{rel}","templated":true}]}}