{"id":38456,"date":"2022-09-28T17:38:38","date_gmt":"2022-09-28T20:38:38","guid":{"rendered":"https:\/\/www.cidademarketing.com.br\/marketing\/?p=38456"},"modified":"2022-09-28T17:38:38","modified_gmt":"2022-09-28T20:38:38","slug":"bmw-xm-e-revelado-com-design-extravagante-e-motor-v8-hibrido-mais-potente-da-historia-da-bmw-m-gmbh","status":"publish","type":"post","link":"https:\/\/www.cidademarketing.com.br\/marketing\/2022\/09\/28\/bmw-xm-e-revelado-com-design-extravagante-e-motor-v8-hibrido-mais-potente-da-historia-da-bmw-m-gmbh\/","title":{"rendered":"BMW XM \u00e9 revelado com design extravagante e motor V8 h\u00edbrido mais potente da hist\u00f3ria da BMW M GmbH"},"content":{"rendered":"<p><iframe style=\"border-radius: 12px;\" src=\"https:\/\/open.spotify.com\/embed\/show\/4khMKzP3FgFRWVwb73xicc?utm_source=generator&amp;t=0\" width=\"100%\" height=\"232\" frameborder=\"0\" allowfullscreen=\"allowfullscreen\"><\/iframe><br \/>\nQuarenta e quatro anos desde o primeiro e at\u00e9 ent\u00e3o \u00fanico lan\u00e7amento exclusivo da BMW M GmbH. O lend\u00e1rio BMW M1, superesportivo repleto de desempenho e linhas futuristas se tornou um \u00edcone da marca. E podemos dizer que mais um \u00edcone nasce no dia de hoje. Trata-se do BMW XM, o segundo carro desenvolvido e criado exclusivamente pela BMW M GmbH. Um utilit\u00e1rio com visual marcante, propuls\u00e3o h\u00edbrida e n\u00fameros de tirar o f\u00f4lego: at\u00e9 748cv e 1.000Nm de torque. Trata-se do BMW M GmbH mais potente j\u00e1 produzido em toda a hist\u00f3ria da marca, e o primeiro h\u00edbrido.<\/p>\n<p>Maior SAV desenvolvido pela marca no mundo, o BMW XM tem linhas marcantes na dianteira, que segue o design aplicado nos mais recentes lan\u00e7amentos da marca, como o BMW i7 e X7. Na traseira, a dupla ponteira vertical de escapamento, incorporada ao para-choque, deixa claro o tom esportivo de todo carro BMW M GmbH.<\/p>\n<p>As rodas podem ser de at\u00e9 23 polegadas e possuem visual exclusivo. Por dentro, o XM traz todo o luxo e esportividade que se espera de um M. A cabine \u00e9 repleta de acabamentos em fibra de carbono.<\/p>\n<p>Produzido na f\u00e1brica do BMW Group em Spartanburg, nos Estados Unidos, o novo BMW XM se destaca pelo trem de for\u00e7a h\u00edbrido. O SAV \u00e9 equipado com um motor V8 M TwinPower Turbo a gasolina de 585cv de pot\u00eancia e 750Nm de torque, que combinado com um motor el\u00e9trico, resultam na pot\u00eancia de at\u00e9 748cv e 1.000Nm de torque. O c\u00e2mbio M Steptronic tem oito marchas e toda a pot\u00eancia \u00e9 distribu\u00edda entre as quatro rodas pelo BMW M xDrive, que possui modos esportivo, off-road e at\u00e9 mesmo puramente el\u00e9trico. Movido apenas a baterias, o XM pode percorrer at\u00e9 88 quil\u00f4metros e atingir a velocidade m\u00e1xima de 140km\/h.<\/p>\n<p>Tratando-se de um leg\u00edtimo BMW M, o XM tem distribui\u00e7\u00e3o de carga por eixo quase perfeita de 50:50 e tecnologia de suspens\u00e3o Adaptive M Professional. Molas e amortecedores s\u00e3o controlados eletronicamente para o m\u00e1ximo de desempenho n\u00e3o s\u00f3 em acelera\u00e7\u00e3o, mas tamb\u00e9m em din\u00e2mica.<\/p>\n<p>Mas nem s\u00f3 de desempenho vive o XM. O SAV \u00e9 equipado com toda a tecnologia dispon\u00edvel para ve\u00edculos da BMW. O painel, por exemplo, \u00e9 do tipo BMW Live Cockpit Professional, que estreou no BMW iX, e \u00e9 composto por duas enormes telas, que fazem as fun\u00e7\u00f5es de painel de instrumentos e multim\u00eddia. H\u00e1 ainda BMW Head-Up Display, sistema de som da renomada Bowers &amp; Wilking com 1.500W de pot\u00eancia, BMW Driving Assistant com diversos aux\u00edlios para a seguran\u00e7a do motorista e passageiros, Active Cruise Control e Parking Assistant Plus.<\/p>\n<p>O novo BMW XM come\u00e7a a ser produzido em dezembro e chega ao mercado norte-americano ainda em 2022. Para a Europa e outros mercados, o modelo ter\u00e1 as primeiras entregas em 2023.<\/p>\n<p><iframe style=\"width: 100%; max-width: 660px; overflow: hidden; background: transparent;\" src=\"https:\/\/embed.podcasts.apple.com\/br\/podcast\/podcast-cidademarketing\/id1371923283\" height=\"450\" frameborder=\"0\" sandbox=\"allow-forms allow-popups allow-same-origin allow-scripts allow-storage-access-by-user-activation allow-top-navigation-by-user-activation\"><\/iframe><\/p>\n","protected":false},"excerpt":{"rendered":"<p>Quarenta e quatro anos desde o primeiro e at\u00e9 ent\u00e3o \u00fanico lan\u00e7amento exclusivo da BMW M GmbH. O lend\u00e1rio BMW M1, superesportivo repleto de desempenho e linhas futuristas se tornou um \u00edcone da marca. E podemos dizer que mais um \u00edcone nasce no dia de hoje. Trata-se do BMW XM, o segundo carro desenvolvido e [&hellip;]<\/p>\n","protected":false},"author":1,"featured_media":38457,"comment_status":"open","ping_status":"open","sticky":false,"template":"","format":"standard","meta":{"tdm_status":"","tdm_grid_status":"","footnotes":""},"categories":[6],"tags":[363,147,2356,33,293,28,185],"class_list":["post-38456","post","type-post","status-publish","format-standard","has-post-thumbnail","hentry","category-noticias","tag-bmw","tag-brasil","tag-carro","tag-estrategia","tag-inovacao","tag-marketing","tag-tecnologia"],"yoast_head":"<!-- This site is optimized with the Yoast SEO plugin v27.5 - https:\/\/yoast.com\/product\/yoast-seo-wordpress\/ -->\n<title>BMW XM \u00e9 revelado com design extravagante e motor V8 h\u00edbrido mais potente da hist\u00f3ria da BMW M GmbH - CidadeMarketing<\/title>\n<meta name=\"robots\" content=\"index, follow, max-snippet:-1, max-image-preview:large, max-video-preview:-1\" \/>\n<link rel=\"canonical\" href=\"https:\/\/www.cidademarketing.com.br\/marketing\/2022\/09\/28\/bmw-xm-e-revelado-com-design-extravagante-e-motor-v8-hibrido-mais-potente-da-historia-da-bmw-m-gmbh\/\" \/>\n<meta property=\"og:locale\" content=\"pt_BR\" \/>\n<meta property=\"og:type\" content=\"article\" \/>\n<meta property=\"og:title\" content=\"BMW XM \u00e9 revelado com design extravagante e motor V8 h\u00edbrido mais potente da hist\u00f3ria da BMW M GmbH - CidadeMarketing\" \/>\n<meta property=\"og:description\" content=\"Quarenta e quatro anos desde o primeiro e at\u00e9 ent\u00e3o \u00fanico lan\u00e7amento exclusivo da BMW M GmbH. O lend\u00e1rio BMW M1, superesportivo repleto de desempenho e linhas futuristas se tornou um \u00edcone da marca. E podemos dizer que mais um \u00edcone nasce no dia de hoje. Trata-se do BMW XM, o segundo carro desenvolvido e [&hellip;]\" \/>\n<meta property=\"og:url\" content=\"https:\/\/www.cidademarketing.com.br\/marketing\/2022\/09\/28\/bmw-xm-e-revelado-com-design-extravagante-e-motor-v8-hibrido-mais-potente-da-historia-da-bmw-m-gmbh\/\" \/>\n<meta property=\"og:site_name\" content=\"CidadeMarketing\" \/>\n<meta property=\"article:publisher\" content=\"https:\/\/www.facebook.com\/portalcidademarketing\" \/>\n<meta property=\"article:author\" content=\"https:\/\/www.facebook.com\/thalesbrandao\" \/>\n<meta property=\"article:published_time\" content=\"2022-09-28T20:38:38+00:00\" \/>\n<meta property=\"og:image\" content=\"https:\/\/www.cidademarketing.com.br\/marketing\/wp-content\/uploads\/2022\/09\/bmw_xm_v8.jpg\" \/>\n\t<meta property=\"og:image:width\" content=\"800\" \/>\n\t<meta property=\"og:image:height\" content=\"533\" \/>\n\t<meta property=\"og:image:type\" content=\"image\/jpeg\" \/>\n<meta name=\"author\" content=\"Thales Brand\u00e3o\" \/>\n<meta name=\"twitter:card\" content=\"summary_large_image\" \/>\n<meta name=\"twitter:creator\" content=\"@http:\/\/www.twitter.com\/thalesbrandao\" \/>\n<meta name=\"twitter:site\" content=\"@CidadeMarketing\" \/>\n<meta name=\"twitter:label1\" content=\"Escrito por\" \/>\n\t<meta name=\"twitter:data1\" content=\"Thales Brand\u00e3o\" \/>\n\t<meta name=\"twitter:label2\" content=\"Est. tempo de leitura\" \/>\n\t<meta name=\"twitter:data2\" content=\"2 minutos\" \/>\n<script type=\"application\/ld+json\" class=\"yoast-schema-graph\">{\"@context\":\"https:\\\/\\\/schema.org\",\"@graph\":[{\"@type\":\"Article\",\"@id\":\"https:\\\/\\\/www.cidademarketing.com.br\\\/marketing\\\/2022\\\/09\\\/28\\\/bmw-xm-e-revelado-com-design-extravagante-e-motor-v8-hibrido-mais-potente-da-historia-da-bmw-m-gmbh\\\/#article\",\"isPartOf\":{\"@id\":\"https:\\\/\\\/www.cidademarketing.com.br\\\/marketing\\\/2022\\\/09\\\/28\\\/bmw-xm-e-revelado-com-design-extravagante-e-motor-v8-hibrido-mais-potente-da-historia-da-bmw-m-gmbh\\\/\"},\"author\":{\"name\":\"Thales Brand\u00e3o\",\"@id\":\"https:\\\/\\\/www.cidademarketing.com.br\\\/marketing\\\/#\\\/schema\\\/person\\\/02daff9f18bd9378c9e01eb6b2db155f\"},\"headline\":\"BMW XM \u00e9 revelado com design extravagante e motor V8 h\u00edbrido mais potente da hist\u00f3ria da BMW M GmbH\",\"datePublished\":\"2022-09-28T20:38:38+00:00\",\"mainEntityOfPage\":{\"@id\":\"https:\\\/\\\/www.cidademarketing.com.br\\\/marketing\\\/2022\\\/09\\\/28\\\/bmw-xm-e-revelado-com-design-extravagante-e-motor-v8-hibrido-mais-potente-da-historia-da-bmw-m-gmbh\\\/\"},\"wordCount\":516,\"commentCount\":0,\"publisher\":{\"@id\":\"https:\\\/\\\/www.cidademarketing.com.br\\\/marketing\\\/#organization\"},\"image\":{\"@id\":\"https:\\\/\\\/www.cidademarketing.com.br\\\/marketing\\\/2022\\\/09\\\/28\\\/bmw-xm-e-revelado-com-design-extravagante-e-motor-v8-hibrido-mais-potente-da-historia-da-bmw-m-gmbh\\\/#primaryimage\"},\"thumbnailUrl\":\"https:\\\/\\\/www.cidademarketing.com.br\\\/marketing\\\/wp-content\\\/uploads\\\/2022\\\/09\\\/bmw_xm_v8.jpg\",\"keywords\":[\"BMW\",\"Brasil\",\"carro\",\"estrat\u00e9gia\",\"inova\u00e7\u00e3o\",\"marketing\",\"tecnologia\"],\"articleSection\":[\"Not\u00edcias\"],\"inLanguage\":\"pt-BR\",\"potentialAction\":[{\"@type\":\"CommentAction\",\"name\":\"Comment\",\"target\":[\"https:\\\/\\\/www.cidademarketing.com.br\\\/marketing\\\/2022\\\/09\\\/28\\\/bmw-xm-e-revelado-com-design-extravagante-e-motor-v8-hibrido-mais-potente-da-historia-da-bmw-m-gmbh\\\/#respond\"]}]},{\"@type\":\"WebPage\",\"@id\":\"https:\\\/\\\/www.cidademarketing.com.br\\\/marketing\\\/2022\\\/09\\\/28\\\/bmw-xm-e-revelado-com-design-extravagante-e-motor-v8-hibrido-mais-potente-da-historia-da-bmw-m-gmbh\\\/\",\"url\":\"https:\\\/\\\/www.cidademarketing.com.br\\\/marketing\\\/2022\\\/09\\\/28\\\/bmw-xm-e-revelado-com-design-extravagante-e-motor-v8-hibrido-mais-potente-da-historia-da-bmw-m-gmbh\\\/\",\"name\":\"BMW XM \u00e9 revelado com design extravagante e motor V8 h\u00edbrido mais potente da hist\u00f3ria da BMW M GmbH - CidadeMarketing\",\"isPartOf\":{\"@id\":\"https:\\\/\\\/www.cidademarketing.com.br\\\/marketing\\\/#website\"},\"primaryImageOfPage\":{\"@id\":\"https:\\\/\\\/www.cidademarketing.com.br\\\/marketing\\\/2022\\\/09\\\/28\\\/bmw-xm-e-revelado-com-design-extravagante-e-motor-v8-hibrido-mais-potente-da-historia-da-bmw-m-gmbh\\\/#primaryimage\"},\"image\":{\"@id\":\"https:\\\/\\\/www.cidademarketing.com.br\\\/marketing\\\/2022\\\/09\\\/28\\\/bmw-xm-e-revelado-com-design-extravagante-e-motor-v8-hibrido-mais-potente-da-historia-da-bmw-m-gmbh\\\/#primaryimage\"},\"thumbnailUrl\":\"https:\\\/\\\/www.cidademarketing.com.br\\\/marketing\\\/wp-content\\\/uploads\\\/2022\\\/09\\\/bmw_xm_v8.jpg\",\"datePublished\":\"2022-09-28T20:38:38+00:00\",\"breadcrumb\":{\"@id\":\"https:\\\/\\\/www.cidademarketing.com.br\\\/marketing\\\/2022\\\/09\\\/28\\\/bmw-xm-e-revelado-com-design-extravagante-e-motor-v8-hibrido-mais-potente-da-historia-da-bmw-m-gmbh\\\/#breadcrumb\"},\"inLanguage\":\"pt-BR\",\"potentialAction\":[{\"@type\":\"ReadAction\",\"target\":[\"https:\\\/\\\/www.cidademarketing.com.br\\\/marketing\\\/2022\\\/09\\\/28\\\/bmw-xm-e-revelado-com-design-extravagante-e-motor-v8-hibrido-mais-potente-da-historia-da-bmw-m-gmbh\\\/\"]}]},{\"@type\":\"ImageObject\",\"inLanguage\":\"pt-BR\",\"@id\":\"https:\\\/\\\/www.cidademarketing.com.br\\\/marketing\\\/2022\\\/09\\\/28\\\/bmw-xm-e-revelado-com-design-extravagante-e-motor-v8-hibrido-mais-potente-da-historia-da-bmw-m-gmbh\\\/#primaryimage\",\"url\":\"https:\\\/\\\/www.cidademarketing.com.br\\\/marketing\\\/wp-content\\\/uploads\\\/2022\\\/09\\\/bmw_xm_v8.jpg\",\"contentUrl\":\"https:\\\/\\\/www.cidademarketing.com.br\\\/marketing\\\/wp-content\\\/uploads\\\/2022\\\/09\\\/bmw_xm_v8.jpg\",\"width\":800,\"height\":533,\"caption\":\"Divulga\u00e7\u00e3o\"},{\"@type\":\"BreadcrumbList\",\"@id\":\"https:\\\/\\\/www.cidademarketing.com.br\\\/marketing\\\/2022\\\/09\\\/28\\\/bmw-xm-e-revelado-com-design-extravagante-e-motor-v8-hibrido-mais-potente-da-historia-da-bmw-m-gmbh\\\/#breadcrumb\",\"itemListElement\":[{\"@type\":\"ListItem\",\"position\":1,\"name\":\"In\u00edcio\",\"item\":\"https:\\\/\\\/www.cidademarketing.com.br\\\/marketing\\\/\"},{\"@type\":\"ListItem\",\"position\":2,\"name\":\"BMW XM \u00e9 revelado com design extravagante e motor V8 h\u00edbrido mais potente da hist\u00f3ria da BMW M GmbH\"}]},{\"@type\":\"WebSite\",\"@id\":\"https:\\\/\\\/www.cidademarketing.com.br\\\/marketing\\\/#website\",\"url\":\"https:\\\/\\\/www.cidademarketing.com.br\\\/marketing\\\/\",\"name\":\"CidadeMarketing\",\"description\":\"Somos um ve\u00edculo de comunica\u00e7\u00e3o de destaque no Brasil, reconhecido por conte\u00fados nos segmentos de marketing, empreendedorismo e inova\u00e7\u00e3o.\",\"publisher\":{\"@id\":\"https:\\\/\\\/www.cidademarketing.com.br\\\/marketing\\\/#organization\"},\"alternateName\":\"CidadeMarketing\",\"potentialAction\":[{\"@type\":\"SearchAction\",\"target\":{\"@type\":\"EntryPoint\",\"urlTemplate\":\"https:\\\/\\\/www.cidademarketing.com.br\\\/marketing\\\/?s={search_term_string}\"},\"query-input\":{\"@type\":\"PropertyValueSpecification\",\"valueRequired\":true,\"valueName\":\"search_term_string\"}}],\"inLanguage\":\"pt-BR\"},{\"@type\":\"Organization\",\"@id\":\"https:\\\/\\\/www.cidademarketing.com.br\\\/marketing\\\/#organization\",\"name\":\"CidadeMarketing\",\"alternateName\":\"CidadeMarketing\",\"url\":\"https:\\\/\\\/www.cidademarketing.com.br\\\/marketing\\\/\",\"logo\":{\"@type\":\"ImageObject\",\"inLanguage\":\"pt-BR\",\"@id\":\"https:\\\/\\\/www.cidademarketing.com.br\\\/marketing\\\/#\\\/schema\\\/logo\\\/image\\\/\",\"url\":\"https:\\\/\\\/www.cidademarketing.com.br\\\/marketing\\\/wp-content\\\/uploads\\\/2020\\\/01\\\/cidademarketing_marca_mobile.png\",\"contentUrl\":\"https:\\\/\\\/www.cidademarketing.com.br\\\/marketing\\\/wp-content\\\/uploads\\\/2020\\\/01\\\/cidademarketing_marca_mobile.png\",\"width\":230,\"height\":92,\"caption\":\"CidadeMarketing\"},\"image\":{\"@id\":\"https:\\\/\\\/www.cidademarketing.com.br\\\/marketing\\\/#\\\/schema\\\/logo\\\/image\\\/\"},\"sameAs\":[\"https:\\\/\\\/www.facebook.com\\\/portalcidademarketing\",\"https:\\\/\\\/x.com\\\/CidadeMarketing\",\"https:\\\/\\\/www.instagram.com\\\/cidademarketing\\\/\"]},{\"@type\":\"Person\",\"@id\":\"https:\\\/\\\/www.cidademarketing.com.br\\\/marketing\\\/#\\\/schema\\\/person\\\/02daff9f18bd9378c9e01eb6b2db155f\",\"name\":\"Thales Brand\u00e3o\",\"image\":{\"@type\":\"ImageObject\",\"inLanguage\":\"pt-BR\",\"@id\":\"https:\\\/\\\/secure.gravatar.com\\\/avatar\\\/7ca3206950207cc3cb48feec56a8a7898741ab725c368d99d5d7a5a50aab80c6?s=96&d=mm&r=g\",\"url\":\"https:\\\/\\\/secure.gravatar.com\\\/avatar\\\/7ca3206950207cc3cb48feec56a8a7898741ab725c368d99d5d7a5a50aab80c6?s=96&d=mm&r=g\",\"contentUrl\":\"https:\\\/\\\/secure.gravatar.com\\\/avatar\\\/7ca3206950207cc3cb48feec56a8a7898741ab725c368d99d5d7a5a50aab80c6?s=96&d=mm&r=g\",\"caption\":\"Thales Brand\u00e3o\"},\"description\":\"Editor Executivo do Portal CidadeMarketing.com.br &gt; Mestre em Comunica\u00e7\u00e3o e Sociedade pela Universidade Federal de Sergipe. Possui MBA Executivo em Administra\u00e7\u00e3o com \u00eanfase em Marketing pela Funda\u00e7\u00e3o Get\u00falio Vargas - Rio de Janeiro. Consultor, Palestrante e Pesquisador sobre Empreendedorismo, Marketing, Redes Sociais e Neg\u00f3cios Digitais. Professor, Palestrante TedxTalks e Campus Party. Twitter: @ThalesBrandao\",\"sameAs\":[\"http:\\\/\\\/www.mandacaru.com.br\",\"https:\\\/\\\/www.facebook.com\\\/thalesbrandao\",\"http:\\\/\\\/www.instagram.com.br\\\/thalesbrandaoferreira\",\"https:\\\/\\\/www.linkedin.com\\\/in\\\/thales-brand\u00e3o-3948609\\\/\",\"https:\\\/\\\/x.com\\\/http:\\\/\\\/www.twitter.com\\\/thalesbrandao\"],\"url\":\"https:\\\/\\\/www.cidademarketing.com.br\\\/marketing\\\/author\\\/thalesbrandao\\\/\"}]}<\/script>\n<!-- \/ Yoast SEO plugin. -->","yoast_head_json":{"title":"BMW XM \u00e9 revelado com design extravagante e motor V8 h\u00edbrido mais potente da hist\u00f3ria da BMW M GmbH - CidadeMarketing","robots":{"index":"index","follow":"follow","max-snippet":"max-snippet:-1","max-image-preview":"max-image-preview:large","max-video-preview":"max-video-preview:-1"},"canonical":"https:\/\/www.cidademarketing.com.br\/marketing\/2022\/09\/28\/bmw-xm-e-revelado-com-design-extravagante-e-motor-v8-hibrido-mais-potente-da-historia-da-bmw-m-gmbh\/","og_locale":"pt_BR","og_type":"article","og_title":"BMW XM \u00e9 revelado com design extravagante e motor V8 h\u00edbrido mais potente da hist\u00f3ria da BMW M GmbH - CidadeMarketing","og_description":"Quarenta e quatro anos desde o primeiro e at\u00e9 ent\u00e3o \u00fanico lan\u00e7amento exclusivo da BMW M GmbH. O lend\u00e1rio BMW M1, superesportivo repleto de desempenho e linhas futuristas se tornou um \u00edcone da marca. E podemos dizer que mais um \u00edcone nasce no dia de hoje. Trata-se do BMW XM, o segundo carro desenvolvido e [&hellip;]","og_url":"https:\/\/www.cidademarketing.com.br\/marketing\/2022\/09\/28\/bmw-xm-e-revelado-com-design-extravagante-e-motor-v8-hibrido-mais-potente-da-historia-da-bmw-m-gmbh\/","og_site_name":"CidadeMarketing","article_publisher":"https:\/\/www.facebook.com\/portalcidademarketing","article_author":"https:\/\/www.facebook.com\/thalesbrandao","article_published_time":"2022-09-28T20:38:38+00:00","og_image":[{"width":800,"height":533,"url":"https:\/\/www.cidademarketing.com.br\/marketing\/wp-content\/uploads\/2022\/09\/bmw_xm_v8.jpg","type":"image\/jpeg"}],"author":"Thales Brand\u00e3o","twitter_card":"summary_large_image","twitter_creator":"@http:\/\/www.twitter.com\/thalesbrandao","twitter_site":"@CidadeMarketing","twitter_misc":{"Escrito por":"Thales Brand\u00e3o","Est. tempo de leitura":"2 minutos"},"schema":{"@context":"https:\/\/schema.org","@graph":[{"@type":"Article","@id":"https:\/\/www.cidademarketing.com.br\/marketing\/2022\/09\/28\/bmw-xm-e-revelado-com-design-extravagante-e-motor-v8-hibrido-mais-potente-da-historia-da-bmw-m-gmbh\/#article","isPartOf":{"@id":"https:\/\/www.cidademarketing.com.br\/marketing\/2022\/09\/28\/bmw-xm-e-revelado-com-design-extravagante-e-motor-v8-hibrido-mais-potente-da-historia-da-bmw-m-gmbh\/"},"author":{"name":"Thales Brand\u00e3o","@id":"https:\/\/www.cidademarketing.com.br\/marketing\/#\/schema\/person\/02daff9f18bd9378c9e01eb6b2db155f"},"headline":"BMW XM \u00e9 revelado com design extravagante e motor V8 h\u00edbrido mais potente da hist\u00f3ria da BMW M GmbH","datePublished":"2022-09-28T20:38:38+00:00","mainEntityOfPage":{"@id":"https:\/\/www.cidademarketing.com.br\/marketing\/2022\/09\/28\/bmw-xm-e-revelado-com-design-extravagante-e-motor-v8-hibrido-mais-potente-da-historia-da-bmw-m-gmbh\/"},"wordCount":516,"commentCount":0,"publisher":{"@id":"https:\/\/www.cidademarketing.com.br\/marketing\/#organization"},"image":{"@id":"https:\/\/www.cidademarketing.com.br\/marketing\/2022\/09\/28\/bmw-xm-e-revelado-com-design-extravagante-e-motor-v8-hibrido-mais-potente-da-historia-da-bmw-m-gmbh\/#primaryimage"},"thumbnailUrl":"https:\/\/www.cidademarketing.com.br\/marketing\/wp-content\/uploads\/2022\/09\/bmw_xm_v8.jpg","keywords":["BMW","Brasil","carro","estrat\u00e9gia","inova\u00e7\u00e3o","marketing","tecnologia"],"articleSection":["Not\u00edcias"],"inLanguage":"pt-BR","potentialAction":[{"@type":"CommentAction","name":"Comment","target":["https:\/\/www.cidademarketing.com.br\/marketing\/2022\/09\/28\/bmw-xm-e-revelado-com-design-extravagante-e-motor-v8-hibrido-mais-potente-da-historia-da-bmw-m-gmbh\/#respond"]}]},{"@type":"WebPage","@id":"https:\/\/www.cidademarketing.com.br\/marketing\/2022\/09\/28\/bmw-xm-e-revelado-com-design-extravagante-e-motor-v8-hibrido-mais-potente-da-historia-da-bmw-m-gmbh\/","url":"https:\/\/www.cidademarketing.com.br\/marketing\/2022\/09\/28\/bmw-xm-e-revelado-com-design-extravagante-e-motor-v8-hibrido-mais-potente-da-historia-da-bmw-m-gmbh\/","name":"BMW XM \u00e9 revelado com design extravagante e motor V8 h\u00edbrido mais potente da hist\u00f3ria da BMW M GmbH - CidadeMarketing","isPartOf":{"@id":"https:\/\/www.cidademarketing.com.br\/marketing\/#website"},"primaryImageOfPage":{"@id":"https:\/\/www.cidademarketing.com.br\/marketing\/2022\/09\/28\/bmw-xm-e-revelado-com-design-extravagante-e-motor-v8-hibrido-mais-potente-da-historia-da-bmw-m-gmbh\/#primaryimage"},"image":{"@id":"https:\/\/www.cidademarketing.com.br\/marketing\/2022\/09\/28\/bmw-xm-e-revelado-com-design-extravagante-e-motor-v8-hibrido-mais-potente-da-historia-da-bmw-m-gmbh\/#primaryimage"},"thumbnailUrl":"https:\/\/www.cidademarketing.com.br\/marketing\/wp-content\/uploads\/2022\/09\/bmw_xm_v8.jpg","datePublished":"2022-09-28T20:38:38+00:00","breadcrumb":{"@id":"https:\/\/www.cidademarketing.com.br\/marketing\/2022\/09\/28\/bmw-xm-e-revelado-com-design-extravagante-e-motor-v8-hibrido-mais-potente-da-historia-da-bmw-m-gmbh\/#breadcrumb"},"inLanguage":"pt-BR","potentialAction":[{"@type":"ReadAction","target":["https:\/\/www.cidademarketing.com.br\/marketing\/2022\/09\/28\/bmw-xm-e-revelado-com-design-extravagante-e-motor-v8-hibrido-mais-potente-da-historia-da-bmw-m-gmbh\/"]}]},{"@type":"ImageObject","inLanguage":"pt-BR","@id":"https:\/\/www.cidademarketing.com.br\/marketing\/2022\/09\/28\/bmw-xm-e-revelado-com-design-extravagante-e-motor-v8-hibrido-mais-potente-da-historia-da-bmw-m-gmbh\/#primaryimage","url":"https:\/\/www.cidademarketing.com.br\/marketing\/wp-content\/uploads\/2022\/09\/bmw_xm_v8.jpg","contentUrl":"https:\/\/www.cidademarketing.com.br\/marketing\/wp-content\/uploads\/2022\/09\/bmw_xm_v8.jpg","width":800,"height":533,"caption":"Divulga\u00e7\u00e3o"},{"@type":"BreadcrumbList","@id":"https:\/\/www.cidademarketing.com.br\/marketing\/2022\/09\/28\/bmw-xm-e-revelado-com-design-extravagante-e-motor-v8-hibrido-mais-potente-da-historia-da-bmw-m-gmbh\/#breadcrumb","itemListElement":[{"@type":"ListItem","position":1,"name":"In\u00edcio","item":"https:\/\/www.cidademarketing.com.br\/marketing\/"},{"@type":"ListItem","position":2,"name":"BMW XM \u00e9 revelado com design extravagante e motor V8 h\u00edbrido mais potente da hist\u00f3ria da BMW M GmbH"}]},{"@type":"WebSite","@id":"https:\/\/www.cidademarketing.com.br\/marketing\/#website","url":"https:\/\/www.cidademarketing.com.br\/marketing\/","name":"CidadeMarketing","description":"Somos um ve\u00edculo de comunica\u00e7\u00e3o de destaque no Brasil, reconhecido por conte\u00fados nos segmentos de marketing, empreendedorismo e inova\u00e7\u00e3o.","publisher":{"@id":"https:\/\/www.cidademarketing.com.br\/marketing\/#organization"},"alternateName":"CidadeMarketing","potentialAction":[{"@type":"SearchAction","target":{"@type":"EntryPoint","urlTemplate":"https:\/\/www.cidademarketing.com.br\/marketing\/?s={search_term_string}"},"query-input":{"@type":"PropertyValueSpecification","valueRequired":true,"valueName":"search_term_string"}}],"inLanguage":"pt-BR"},{"@type":"Organization","@id":"https:\/\/www.cidademarketing.com.br\/marketing\/#organization","name":"CidadeMarketing","alternateName":"CidadeMarketing","url":"https:\/\/www.cidademarketing.com.br\/marketing\/","logo":{"@type":"ImageObject","inLanguage":"pt-BR","@id":"https:\/\/www.cidademarketing.com.br\/marketing\/#\/schema\/logo\/image\/","url":"https:\/\/www.cidademarketing.com.br\/marketing\/wp-content\/uploads\/2020\/01\/cidademarketing_marca_mobile.png","contentUrl":"https:\/\/www.cidademarketing.com.br\/marketing\/wp-content\/uploads\/2020\/01\/cidademarketing_marca_mobile.png","width":230,"height":92,"caption":"CidadeMarketing"},"image":{"@id":"https:\/\/www.cidademarketing.com.br\/marketing\/#\/schema\/logo\/image\/"},"sameAs":["https:\/\/www.facebook.com\/portalcidademarketing","https:\/\/x.com\/CidadeMarketing","https:\/\/www.instagram.com\/cidademarketing\/"]},{"@type":"Person","@id":"https:\/\/www.cidademarketing.com.br\/marketing\/#\/schema\/person\/02daff9f18bd9378c9e01eb6b2db155f","name":"Thales Brand\u00e3o","image":{"@type":"ImageObject","inLanguage":"pt-BR","@id":"https:\/\/secure.gravatar.com\/avatar\/7ca3206950207cc3cb48feec56a8a7898741ab725c368d99d5d7a5a50aab80c6?s=96&d=mm&r=g","url":"https:\/\/secure.gravatar.com\/avatar\/7ca3206950207cc3cb48feec56a8a7898741ab725c368d99d5d7a5a50aab80c6?s=96&d=mm&r=g","contentUrl":"https:\/\/secure.gravatar.com\/avatar\/7ca3206950207cc3cb48feec56a8a7898741ab725c368d99d5d7a5a50aab80c6?s=96&d=mm&r=g","caption":"Thales Brand\u00e3o"},"description":"Editor Executivo do Portal CidadeMarketing.com.br &gt; Mestre em Comunica\u00e7\u00e3o e Sociedade pela Universidade Federal de Sergipe. Possui MBA Executivo em Administra\u00e7\u00e3o com \u00eanfase em Marketing pela Funda\u00e7\u00e3o Get\u00falio Vargas - Rio de Janeiro. Consultor, Palestrante e Pesquisador sobre Empreendedorismo, Marketing, Redes Sociais e Neg\u00f3cios Digitais. Professor, Palestrante TedxTalks e Campus Party. Twitter: @ThalesBrandao","sameAs":["http:\/\/www.mandacaru.com.br","https:\/\/www.facebook.com\/thalesbrandao","http:\/\/www.instagram.com.br\/thalesbrandaoferreira","https:\/\/www.linkedin.com\/in\/thales-brand\u00e3o-3948609\/","https:\/\/x.com\/http:\/\/www.twitter.com\/thalesbrandao"],"url":"https:\/\/www.cidademarketing.com.br\/marketing\/author\/thalesbrandao\/"}]}},"amp_enabled":true,"_links":{"self":[{"href":"https:\/\/www.cidademarketing.com.br\/marketing\/wp-json\/wp\/v2\/posts\/38456","targetHints":{"allow":["GET"]}}],"collection":[{"href":"https:\/\/www.cidademarketing.com.br\/marketing\/wp-json\/wp\/v2\/posts"}],"about":[{"href":"https:\/\/www.cidademarketing.com.br\/marketing\/wp-json\/wp\/v2\/types\/post"}],"author":[{"embeddable":true,"href":"https:\/\/www.cidademarketing.com.br\/marketing\/wp-json\/wp\/v2\/users\/1"}],"replies":[{"embeddable":true,"href":"https:\/\/www.cidademarketing.com.br\/marketing\/wp-json\/wp\/v2\/comments?post=38456"}],"version-history":[{"count":1,"href":"https:\/\/www.cidademarketing.com.br\/marketing\/wp-json\/wp\/v2\/posts\/38456\/revisions"}],"predecessor-version":[{"id":38458,"href":"https:\/\/www.cidademarketing.com.br\/marketing\/wp-json\/wp\/v2\/posts\/38456\/revisions\/38458"}],"wp:featuredmedia":[{"embeddable":true,"href":"https:\/\/www.cidademarketing.com.br\/marketing\/wp-json\/wp\/v2\/media\/38457"}],"wp:attachment":[{"href":"https:\/\/www.cidademarketing.com.br\/marketing\/wp-json\/wp\/v2\/media?parent=38456"}],"wp:term":[{"taxonomy":"category","embeddable":true,"href":"https:\/\/www.cidademarketing.com.br\/marketing\/wp-json\/wp\/v2\/categories?post=38456"},{"taxonomy":"post_tag","embeddable":true,"href":"https:\/\/www.cidademarketing.com.br\/marketing\/wp-json\/wp\/v2\/tags?post=38456"}],"curies":[{"name":"wp","href":"https:\/\/api.w.org\/{rel}","templated":true}]}}