{"id":3840,"date":"2018-12-12T17:57:15","date_gmt":"2018-12-12T19:57:15","guid":{"rendered":"http:\/\/www.cidademarketing.com.br\/marketing\/?p=3840"},"modified":"2018-12-12T17:57:17","modified_gmt":"2018-12-12T19:57:17","slug":"mais-de-40-dos-jovens-formados-ocupam-postos-de-menor-qualificacao","status":"publish","type":"post","link":"https:\/\/www.cidademarketing.com.br\/marketing\/2018\/12\/12\/mais-de-40-dos-jovens-formados-ocupam-postos-de-menor-qualificacao\/","title":{"rendered":"Mais de 40% dos jovens formados ocupam postos de menor qualifica\u00e7\u00e3o"},"content":{"rendered":"\n<p>Pelo menos 44,2% dos jovens entre 24 a 35 anos formados no ensino superior exercem atualmente trabalhos que requerem menor qualifica\u00e7\u00e3o do que a escolaridade adquirida. Em 2012, as taxa era de 38%.<br>\nOs dados foram divulgados a hoje (12) pelo Instituto de Pesquisa Econ\u00f4mica Aplicada (Ipea), dentro da se\u00e7\u00e3o Mercado de Trabalho da Carta de Conjuntura do quarto trimestre de 2018.<\/p>\n\n\n\n<p>O estudo, do Instituto de Pesquisa Econ\u00f4mico Aplicada (Ipea), A evolu\u00e7\u00e3o da popula\u00e7\u00e3o ocupada com n\u00edvel superior foi feito com base nos dados da Pesquisa Nacional por Amostra de Domic\u00edlios Cont\u00ednua (Pnad Cont\u00ednua), realizada pelo Instituto Brasileiro de Geografia e Estat\u00edstica (IBGE) em parceria com o Cadastro Geral de Empregados e Desempregados (Caged), do Minist\u00e9rio do Trabalho e Emprego.<br>Segundo a t\u00e9cnica de Planejamento e Pesquisa do Ipea Maria Andrea Lameiras, o estudo mostra que a economia brasileira ainda n\u00e3o consegue gerar postos de trabalho compat\u00edveis com o aumento da escolaridade da popula\u00e7\u00e3o. O percentual de brasileiros com n\u00edvel superior passou de 10,2% em 2012 para 13,9% em 2018 e o n\u00famero de trabalhadores com n\u00edvel superior passou de 13,1 milh\u00f5es para 19,4 milh\u00f5es no mesmo per\u00edodo.<br>\u201cHoje temos uma popula\u00e7\u00e3o ocupada cada vez mais escolarizada, um momento forte no n\u00famero dos que t\u00eam diploma universit\u00e1rio, mas um ter\u00e7o n\u00e3o consegue emprego compat\u00edvel.&#8221;<br>A propor\u00e7\u00e3o de trabalhadores com n\u00edvel superior, que exercem fun\u00e7\u00e3o de menor qualifica\u00e7\u00e3o, est\u00e1 em 38%, o maior \u00edndice da s\u00e9rie hist\u00f3rica, iniciada em 2012, quando a taxa era de 33%.<br><strong>Vagas<\/strong><br>Segundo a t\u00e9cnica, com a crise econ\u00f4mica iniciada no final de 2014, diminuiu o n\u00famero dos que conseguem cargo compat\u00edvel com a escolariza\u00e7\u00e3o e, consequentemente, eles tiram as vagas de quem n\u00e3o tem gradua\u00e7\u00e3o.<br>&#8220;Hoje tenho uma gama grande de trabalhadores universit\u00e1rios que acabam tendo que desempenhar fun\u00e7\u00f5es de escolaridade m\u00e9dia ou at\u00e9 de escolaridade fundamental, porque n\u00e3o h\u00e1 emprego compat\u00edvel com a gradua\u00e7\u00e3o dele\u201d.<br>A diferen\u00e7a salarial entre a popula\u00e7\u00e3o de n\u00edvel superior ocupada em cargo compat\u00edvel e a que exerce fun\u00e7\u00e3o abaixo de sua qualifica\u00e7\u00e3o tamb\u00e9m aumentou no per\u00edodo.<br>Em 2012, a diferen\u00e7a era de 46% e no terceiro trimestre de 2018 subiu para 74%. \u201cOu seja, um trabalhador que tem um diploma e uma fun\u00e7\u00e3o compat\u00edvel ganha 5.700 reais. E um trabalhador que tamb\u00e9m tem um diploma superior, mas que n\u00e3o tem emprego compat\u00edvel, est\u00e1 ganhando R$ 3.200 reais.\u201d<br><strong>Mercado de Trabalho<\/strong><br>O estudo tamb\u00e9m mostra que a recupera\u00e7\u00e3o do pa\u00eds est\u00e1 moderada. A taxa de desocupa\u00e7\u00e3o caiu no trimestre m\u00f3vel encerrado em outubro, ficando em 11,7%. Por\u00e9m, houve aumento de 10,4% no n\u00famero de pessoas subocupadas, que trabalham menos de 40 horas semanais, mas gostariam de trabalhar mais, chegando a 7 milh\u00f5es, na compara\u00e7\u00e3o com o mesmo per\u00edodo de 2017. Aumentou tamb\u00e9m o n\u00famero de pessoas que procuram trabalho a mais de dois anos, chegando a um quarto do total de 12,7 milh\u00f5es dos desempregados.<br>O Ipea aponta que a recupera\u00e7\u00e3o da economia e do mercado de trabalho em 2018 ficou abaixo da expectativa, apesar da gera\u00e7\u00e3o de 790 mil vagas com carteira assinada no ano.<br>Segundo a pesquisadora, o ano foi \u201cmuito conturbado\u201d, com greve dos caminhoneiros, desvaloriza\u00e7\u00e3o do Real e elei\u00e7\u00f5es, que refletiram em falta de confian\u00e7a no mercado para retomar o crescimento econ\u00f4mico e impediram que os efeitos da reforma trabalhista fossem sentidos no mercado de trabalho.<br>\u201cDo final de 2014 para setembro de 2018 houve piora nos indicadores econ\u00f4micos e no ano passado os n\u00fameros estabilizaram num patamar ruim.&#8221; O mercado de trabalho \u00e9 o \u00faltimo a entrar na crise e o \u00faltimo a retomar. Em 2015 a economia estava muito mal, mas o mercado de trabalho n\u00e3o. Quando a crise chega no mercado de trabalho piora tudo, o que ocorreu no final de 2015 para 2016. Quando os outros setores da economia voltam, demora a refletir no mercado de trabalho\u201d.<br>Os dados mostram que a popula\u00e7\u00e3o economicamente ativa teve leve alta de 0,9 e a popula\u00e7\u00e3o ocupada aumentou 1,5% no trimestre terminado em setembro, o que leva a uma tend\u00eancia de retra\u00e7\u00e3o na desocupa\u00e7\u00e3o.<br>O Ipea destaca que o n\u00edvel de desemprego ainda est\u00e1 muito alto, assim como o desalento, ou seja, pessoas sem ocupa\u00e7\u00e3o que n\u00e3o procuraram trabalho, que est\u00e1 em 4,37 milh\u00f5es de brasileiros, um aumento de 10,6% em rela\u00e7\u00e3o ao mesmo per\u00edodo de 2017. Isso corresponde a 2,7% da popula\u00e7\u00e3o em idade ativa. O n\u00famero de trabalhadores sem carteira assinada aumentou 2,9% e o de trabalhadores por conta pr\u00f3pria subiu 5,2% no trimestre.<br>A expetativa dos pesquisadores do Ipea para 2019 \u00e9 de melhora no mercado de trabalho, mas para isso \u00e9 necess\u00e1rio crescimento econ\u00f4mico mais forte.<\/p>\n\n\n\n<p><em>CidadeMarketing com informa\u00e7\u00f5es da EBC.<\/em><\/p>\n","protected":false},"excerpt":{"rendered":"<p>Pelo menos 44,2% dos jovens entre 24 a 35 anos formados no ensino superior exercem atualmente trabalhos que requerem menor qualifica\u00e7\u00e3o do que a escolaridade adquirida. Em 2012, as taxa era de 38%. Os dados foram divulgados a hoje (12) pelo Instituto de Pesquisa Econ\u00f4mica Aplicada (Ipea), dentro da se\u00e7\u00e3o Mercado de Trabalho da Carta [&hellip;]<\/p>\n","protected":false},"author":1,"featured_media":1454,"comment_status":"open","ping_status":"open","sticky":false,"template":"","format":"standard","meta":{"tdm_status":"","tdm_grid_status":"","footnotes":""},"categories":[6],"tags":[698,28,282],"class_list":["post-3840","post","type-post","status-publish","format-standard","has-post-thumbnail","hentry","category-noticias","tag-emprego","tag-marketing","tag-pessoas"],"yoast_head":"<!-- This site is optimized with the Yoast SEO plugin v27.5 - https:\/\/yoast.com\/product\/yoast-seo-wordpress\/ -->\n<title>Mais de 40% dos jovens formados ocupam postos de menor qualifica\u00e7\u00e3o - CidadeMarketing<\/title>\n<meta name=\"robots\" content=\"index, follow, max-snippet:-1, max-image-preview:large, max-video-preview:-1\" \/>\n<link rel=\"canonical\" href=\"https:\/\/www.cidademarketing.com.br\/marketing\/2018\/12\/12\/mais-de-40-dos-jovens-formados-ocupam-postos-de-menor-qualificacao\/\" \/>\n<meta property=\"og:locale\" content=\"pt_BR\" \/>\n<meta property=\"og:type\" content=\"article\" \/>\n<meta property=\"og:title\" content=\"Mais de 40% dos jovens formados ocupam postos de menor qualifica\u00e7\u00e3o - CidadeMarketing\" \/>\n<meta property=\"og:description\" content=\"Pelo menos 44,2% dos jovens entre 24 a 35 anos formados no ensino superior exercem atualmente trabalhos que requerem menor qualifica\u00e7\u00e3o do que a escolaridade adquirida. Em 2012, as taxa era de 38%. Os dados foram divulgados a hoje (12) pelo Instituto de Pesquisa Econ\u00f4mica Aplicada (Ipea), dentro da se\u00e7\u00e3o Mercado de Trabalho da Carta [&hellip;]\" \/>\n<meta property=\"og:url\" content=\"https:\/\/www.cidademarketing.com.br\/marketing\/2018\/12\/12\/mais-de-40-dos-jovens-formados-ocupam-postos-de-menor-qualificacao\/\" \/>\n<meta property=\"og:site_name\" content=\"CidadeMarketing\" \/>\n<meta property=\"article:publisher\" content=\"https:\/\/www.facebook.com\/portalcidademarketing\" \/>\n<meta property=\"article:author\" content=\"https:\/\/www.facebook.com\/thalesbrandao\" \/>\n<meta property=\"article:published_time\" content=\"2018-12-12T19:57:15+00:00\" \/>\n<meta property=\"article:modified_time\" content=\"2018-12-12T19:57:17+00:00\" \/>\n<meta property=\"og:image\" content=\"https:\/\/www.cidademarketing.com.br\/marketing\/wp-content\/uploads\/2018\/07\/carteiradetrabalho.jpg\" \/>\n\t<meta property=\"og:image:width\" content=\"700\" \/>\n\t<meta property=\"og:image:height\" content=\"402\" \/>\n\t<meta property=\"og:image:type\" content=\"image\/jpeg\" \/>\n<meta name=\"author\" content=\"Thales Brand\u00e3o\" \/>\n<meta name=\"twitter:card\" content=\"summary_large_image\" \/>\n<meta name=\"twitter:creator\" content=\"@http:\/\/www.twitter.com\/thalesbrandao\" \/>\n<meta name=\"twitter:site\" content=\"@CidadeMarketing\" \/>\n<meta name=\"twitter:label1\" content=\"Escrito por\" \/>\n\t<meta name=\"twitter:data1\" content=\"Thales Brand\u00e3o\" \/>\n\t<meta name=\"twitter:label2\" content=\"Est. tempo de leitura\" \/>\n\t<meta name=\"twitter:data2\" content=\"4 minutos\" \/>\n<script type=\"application\/ld+json\" class=\"yoast-schema-graph\">{\"@context\":\"https:\\\/\\\/schema.org\",\"@graph\":[{\"@type\":\"Article\",\"@id\":\"https:\\\/\\\/www.cidademarketing.com.br\\\/marketing\\\/2018\\\/12\\\/12\\\/mais-de-40-dos-jovens-formados-ocupam-postos-de-menor-qualificacao\\\/#article\",\"isPartOf\":{\"@id\":\"https:\\\/\\\/www.cidademarketing.com.br\\\/marketing\\\/2018\\\/12\\\/12\\\/mais-de-40-dos-jovens-formados-ocupam-postos-de-menor-qualificacao\\\/\"},\"author\":{\"name\":\"Thales Brand\u00e3o\",\"@id\":\"https:\\\/\\\/www.cidademarketing.com.br\\\/marketing\\\/#\\\/schema\\\/person\\\/02daff9f18bd9378c9e01eb6b2db155f\"},\"headline\":\"Mais de 40% dos jovens formados ocupam postos de menor qualifica\u00e7\u00e3o\",\"datePublished\":\"2018-12-12T19:57:15+00:00\",\"dateModified\":\"2018-12-12T19:57:17+00:00\",\"mainEntityOfPage\":{\"@id\":\"https:\\\/\\\/www.cidademarketing.com.br\\\/marketing\\\/2018\\\/12\\\/12\\\/mais-de-40-dos-jovens-formados-ocupam-postos-de-menor-qualificacao\\\/\"},\"wordCount\":835,\"commentCount\":0,\"publisher\":{\"@id\":\"https:\\\/\\\/www.cidademarketing.com.br\\\/marketing\\\/#organization\"},\"image\":{\"@id\":\"https:\\\/\\\/www.cidademarketing.com.br\\\/marketing\\\/2018\\\/12\\\/12\\\/mais-de-40-dos-jovens-formados-ocupam-postos-de-menor-qualificacao\\\/#primaryimage\"},\"thumbnailUrl\":\"https:\\\/\\\/www.cidademarketing.com.br\\\/marketing\\\/wp-content\\\/uploads\\\/2018\\\/07\\\/carteiradetrabalho.jpg\",\"keywords\":[\"emprego\",\"marketing\",\"pessoas\"],\"articleSection\":[\"Not\u00edcias\"],\"inLanguage\":\"pt-BR\",\"potentialAction\":[{\"@type\":\"CommentAction\",\"name\":\"Comment\",\"target\":[\"https:\\\/\\\/www.cidademarketing.com.br\\\/marketing\\\/2018\\\/12\\\/12\\\/mais-de-40-dos-jovens-formados-ocupam-postos-de-menor-qualificacao\\\/#respond\"]}]},{\"@type\":\"WebPage\",\"@id\":\"https:\\\/\\\/www.cidademarketing.com.br\\\/marketing\\\/2018\\\/12\\\/12\\\/mais-de-40-dos-jovens-formados-ocupam-postos-de-menor-qualificacao\\\/\",\"url\":\"https:\\\/\\\/www.cidademarketing.com.br\\\/marketing\\\/2018\\\/12\\\/12\\\/mais-de-40-dos-jovens-formados-ocupam-postos-de-menor-qualificacao\\\/\",\"name\":\"Mais de 40% dos jovens formados ocupam postos de menor qualifica\u00e7\u00e3o - CidadeMarketing\",\"isPartOf\":{\"@id\":\"https:\\\/\\\/www.cidademarketing.com.br\\\/marketing\\\/#website\"},\"primaryImageOfPage\":{\"@id\":\"https:\\\/\\\/www.cidademarketing.com.br\\\/marketing\\\/2018\\\/12\\\/12\\\/mais-de-40-dos-jovens-formados-ocupam-postos-de-menor-qualificacao\\\/#primaryimage\"},\"image\":{\"@id\":\"https:\\\/\\\/www.cidademarketing.com.br\\\/marketing\\\/2018\\\/12\\\/12\\\/mais-de-40-dos-jovens-formados-ocupam-postos-de-menor-qualificacao\\\/#primaryimage\"},\"thumbnailUrl\":\"https:\\\/\\\/www.cidademarketing.com.br\\\/marketing\\\/wp-content\\\/uploads\\\/2018\\\/07\\\/carteiradetrabalho.jpg\",\"datePublished\":\"2018-12-12T19:57:15+00:00\",\"dateModified\":\"2018-12-12T19:57:17+00:00\",\"breadcrumb\":{\"@id\":\"https:\\\/\\\/www.cidademarketing.com.br\\\/marketing\\\/2018\\\/12\\\/12\\\/mais-de-40-dos-jovens-formados-ocupam-postos-de-menor-qualificacao\\\/#breadcrumb\"},\"inLanguage\":\"pt-BR\",\"potentialAction\":[{\"@type\":\"ReadAction\",\"target\":[\"https:\\\/\\\/www.cidademarketing.com.br\\\/marketing\\\/2018\\\/12\\\/12\\\/mais-de-40-dos-jovens-formados-ocupam-postos-de-menor-qualificacao\\\/\"]}]},{\"@type\":\"ImageObject\",\"inLanguage\":\"pt-BR\",\"@id\":\"https:\\\/\\\/www.cidademarketing.com.br\\\/marketing\\\/2018\\\/12\\\/12\\\/mais-de-40-dos-jovens-formados-ocupam-postos-de-menor-qualificacao\\\/#primaryimage\",\"url\":\"https:\\\/\\\/www.cidademarketing.com.br\\\/marketing\\\/wp-content\\\/uploads\\\/2018\\\/07\\\/carteiradetrabalho.jpg\",\"contentUrl\":\"https:\\\/\\\/www.cidademarketing.com.br\\\/marketing\\\/wp-content\\\/uploads\\\/2018\\\/07\\\/carteiradetrabalho.jpg\",\"width\":700,\"height\":402},{\"@type\":\"BreadcrumbList\",\"@id\":\"https:\\\/\\\/www.cidademarketing.com.br\\\/marketing\\\/2018\\\/12\\\/12\\\/mais-de-40-dos-jovens-formados-ocupam-postos-de-menor-qualificacao\\\/#breadcrumb\",\"itemListElement\":[{\"@type\":\"ListItem\",\"position\":1,\"name\":\"In\u00edcio\",\"item\":\"https:\\\/\\\/www.cidademarketing.com.br\\\/marketing\\\/\"},{\"@type\":\"ListItem\",\"position\":2,\"name\":\"Mais de 40% dos jovens formados ocupam postos de menor qualifica\u00e7\u00e3o\"}]},{\"@type\":\"WebSite\",\"@id\":\"https:\\\/\\\/www.cidademarketing.com.br\\\/marketing\\\/#website\",\"url\":\"https:\\\/\\\/www.cidademarketing.com.br\\\/marketing\\\/\",\"name\":\"CidadeMarketing\",\"description\":\"Somos um ve\u00edculo de comunica\u00e7\u00e3o de destaque no Brasil, reconhecido por conte\u00fados nos segmentos de marketing, empreendedorismo e inova\u00e7\u00e3o.\",\"publisher\":{\"@id\":\"https:\\\/\\\/www.cidademarketing.com.br\\\/marketing\\\/#organization\"},\"alternateName\":\"CidadeMarketing\",\"potentialAction\":[{\"@type\":\"SearchAction\",\"target\":{\"@type\":\"EntryPoint\",\"urlTemplate\":\"https:\\\/\\\/www.cidademarketing.com.br\\\/marketing\\\/?s={search_term_string}\"},\"query-input\":{\"@type\":\"PropertyValueSpecification\",\"valueRequired\":true,\"valueName\":\"search_term_string\"}}],\"inLanguage\":\"pt-BR\"},{\"@type\":\"Organization\",\"@id\":\"https:\\\/\\\/www.cidademarketing.com.br\\\/marketing\\\/#organization\",\"name\":\"CidadeMarketing\",\"alternateName\":\"CidadeMarketing\",\"url\":\"https:\\\/\\\/www.cidademarketing.com.br\\\/marketing\\\/\",\"logo\":{\"@type\":\"ImageObject\",\"inLanguage\":\"pt-BR\",\"@id\":\"https:\\\/\\\/www.cidademarketing.com.br\\\/marketing\\\/#\\\/schema\\\/logo\\\/image\\\/\",\"url\":\"https:\\\/\\\/www.cidademarketing.com.br\\\/marketing\\\/wp-content\\\/uploads\\\/2020\\\/01\\\/cidademarketing_marca_mobile.png\",\"contentUrl\":\"https:\\\/\\\/www.cidademarketing.com.br\\\/marketing\\\/wp-content\\\/uploads\\\/2020\\\/01\\\/cidademarketing_marca_mobile.png\",\"width\":230,\"height\":92,\"caption\":\"CidadeMarketing\"},\"image\":{\"@id\":\"https:\\\/\\\/www.cidademarketing.com.br\\\/marketing\\\/#\\\/schema\\\/logo\\\/image\\\/\"},\"sameAs\":[\"https:\\\/\\\/www.facebook.com\\\/portalcidademarketing\",\"https:\\\/\\\/x.com\\\/CidadeMarketing\",\"https:\\\/\\\/www.instagram.com\\\/cidademarketing\\\/\"]},{\"@type\":\"Person\",\"@id\":\"https:\\\/\\\/www.cidademarketing.com.br\\\/marketing\\\/#\\\/schema\\\/person\\\/02daff9f18bd9378c9e01eb6b2db155f\",\"name\":\"Thales Brand\u00e3o\",\"image\":{\"@type\":\"ImageObject\",\"inLanguage\":\"pt-BR\",\"@id\":\"https:\\\/\\\/secure.gravatar.com\\\/avatar\\\/7ca3206950207cc3cb48feec56a8a7898741ab725c368d99d5d7a5a50aab80c6?s=96&d=mm&r=g\",\"url\":\"https:\\\/\\\/secure.gravatar.com\\\/avatar\\\/7ca3206950207cc3cb48feec56a8a7898741ab725c368d99d5d7a5a50aab80c6?s=96&d=mm&r=g\",\"contentUrl\":\"https:\\\/\\\/secure.gravatar.com\\\/avatar\\\/7ca3206950207cc3cb48feec56a8a7898741ab725c368d99d5d7a5a50aab80c6?s=96&d=mm&r=g\",\"caption\":\"Thales Brand\u00e3o\"},\"description\":\"Editor Executivo do Portal CidadeMarketing.com.br &gt; Mestre em Comunica\u00e7\u00e3o e Sociedade pela Universidade Federal de Sergipe. Possui MBA Executivo em Administra\u00e7\u00e3o com \u00eanfase em Marketing pela Funda\u00e7\u00e3o Get\u00falio Vargas - Rio de Janeiro. Consultor, Palestrante e Pesquisador sobre Empreendedorismo, Marketing, Redes Sociais e Neg\u00f3cios Digitais. Professor, Palestrante TedxTalks e Campus Party. Twitter: @ThalesBrandao\",\"sameAs\":[\"http:\\\/\\\/www.mandacaru.com.br\",\"https:\\\/\\\/www.facebook.com\\\/thalesbrandao\",\"http:\\\/\\\/www.instagram.com.br\\\/thalesbrandaoferreira\",\"https:\\\/\\\/www.linkedin.com\\\/in\\\/thales-brand\u00e3o-3948609\\\/\",\"https:\\\/\\\/x.com\\\/http:\\\/\\\/www.twitter.com\\\/thalesbrandao\"],\"url\":\"https:\\\/\\\/www.cidademarketing.com.br\\\/marketing\\\/author\\\/thalesbrandao\\\/\"}]}<\/script>\n<!-- \/ Yoast SEO plugin. -->","yoast_head_json":{"title":"Mais de 40% dos jovens formados ocupam postos de menor qualifica\u00e7\u00e3o - CidadeMarketing","robots":{"index":"index","follow":"follow","max-snippet":"max-snippet:-1","max-image-preview":"max-image-preview:large","max-video-preview":"max-video-preview:-1"},"canonical":"https:\/\/www.cidademarketing.com.br\/marketing\/2018\/12\/12\/mais-de-40-dos-jovens-formados-ocupam-postos-de-menor-qualificacao\/","og_locale":"pt_BR","og_type":"article","og_title":"Mais de 40% dos jovens formados ocupam postos de menor qualifica\u00e7\u00e3o - CidadeMarketing","og_description":"Pelo menos 44,2% dos jovens entre 24 a 35 anos formados no ensino superior exercem atualmente trabalhos que requerem menor qualifica\u00e7\u00e3o do que a escolaridade adquirida. Em 2012, as taxa era de 38%. Os dados foram divulgados a hoje (12) pelo Instituto de Pesquisa Econ\u00f4mica Aplicada (Ipea), dentro da se\u00e7\u00e3o Mercado de Trabalho da Carta [&hellip;]","og_url":"https:\/\/www.cidademarketing.com.br\/marketing\/2018\/12\/12\/mais-de-40-dos-jovens-formados-ocupam-postos-de-menor-qualificacao\/","og_site_name":"CidadeMarketing","article_publisher":"https:\/\/www.facebook.com\/portalcidademarketing","article_author":"https:\/\/www.facebook.com\/thalesbrandao","article_published_time":"2018-12-12T19:57:15+00:00","article_modified_time":"2018-12-12T19:57:17+00:00","og_image":[{"width":700,"height":402,"url":"https:\/\/www.cidademarketing.com.br\/marketing\/wp-content\/uploads\/2018\/07\/carteiradetrabalho.jpg","type":"image\/jpeg"}],"author":"Thales Brand\u00e3o","twitter_card":"summary_large_image","twitter_creator":"@http:\/\/www.twitter.com\/thalesbrandao","twitter_site":"@CidadeMarketing","twitter_misc":{"Escrito por":"Thales Brand\u00e3o","Est. tempo de leitura":"4 minutos"},"schema":{"@context":"https:\/\/schema.org","@graph":[{"@type":"Article","@id":"https:\/\/www.cidademarketing.com.br\/marketing\/2018\/12\/12\/mais-de-40-dos-jovens-formados-ocupam-postos-de-menor-qualificacao\/#article","isPartOf":{"@id":"https:\/\/www.cidademarketing.com.br\/marketing\/2018\/12\/12\/mais-de-40-dos-jovens-formados-ocupam-postos-de-menor-qualificacao\/"},"author":{"name":"Thales Brand\u00e3o","@id":"https:\/\/www.cidademarketing.com.br\/marketing\/#\/schema\/person\/02daff9f18bd9378c9e01eb6b2db155f"},"headline":"Mais de 40% dos jovens formados ocupam postos de menor qualifica\u00e7\u00e3o","datePublished":"2018-12-12T19:57:15+00:00","dateModified":"2018-12-12T19:57:17+00:00","mainEntityOfPage":{"@id":"https:\/\/www.cidademarketing.com.br\/marketing\/2018\/12\/12\/mais-de-40-dos-jovens-formados-ocupam-postos-de-menor-qualificacao\/"},"wordCount":835,"commentCount":0,"publisher":{"@id":"https:\/\/www.cidademarketing.com.br\/marketing\/#organization"},"image":{"@id":"https:\/\/www.cidademarketing.com.br\/marketing\/2018\/12\/12\/mais-de-40-dos-jovens-formados-ocupam-postos-de-menor-qualificacao\/#primaryimage"},"thumbnailUrl":"https:\/\/www.cidademarketing.com.br\/marketing\/wp-content\/uploads\/2018\/07\/carteiradetrabalho.jpg","keywords":["emprego","marketing","pessoas"],"articleSection":["Not\u00edcias"],"inLanguage":"pt-BR","potentialAction":[{"@type":"CommentAction","name":"Comment","target":["https:\/\/www.cidademarketing.com.br\/marketing\/2018\/12\/12\/mais-de-40-dos-jovens-formados-ocupam-postos-de-menor-qualificacao\/#respond"]}]},{"@type":"WebPage","@id":"https:\/\/www.cidademarketing.com.br\/marketing\/2018\/12\/12\/mais-de-40-dos-jovens-formados-ocupam-postos-de-menor-qualificacao\/","url":"https:\/\/www.cidademarketing.com.br\/marketing\/2018\/12\/12\/mais-de-40-dos-jovens-formados-ocupam-postos-de-menor-qualificacao\/","name":"Mais de 40% dos jovens formados ocupam postos de menor qualifica\u00e7\u00e3o - CidadeMarketing","isPartOf":{"@id":"https:\/\/www.cidademarketing.com.br\/marketing\/#website"},"primaryImageOfPage":{"@id":"https:\/\/www.cidademarketing.com.br\/marketing\/2018\/12\/12\/mais-de-40-dos-jovens-formados-ocupam-postos-de-menor-qualificacao\/#primaryimage"},"image":{"@id":"https:\/\/www.cidademarketing.com.br\/marketing\/2018\/12\/12\/mais-de-40-dos-jovens-formados-ocupam-postos-de-menor-qualificacao\/#primaryimage"},"thumbnailUrl":"https:\/\/www.cidademarketing.com.br\/marketing\/wp-content\/uploads\/2018\/07\/carteiradetrabalho.jpg","datePublished":"2018-12-12T19:57:15+00:00","dateModified":"2018-12-12T19:57:17+00:00","breadcrumb":{"@id":"https:\/\/www.cidademarketing.com.br\/marketing\/2018\/12\/12\/mais-de-40-dos-jovens-formados-ocupam-postos-de-menor-qualificacao\/#breadcrumb"},"inLanguage":"pt-BR","potentialAction":[{"@type":"ReadAction","target":["https:\/\/www.cidademarketing.com.br\/marketing\/2018\/12\/12\/mais-de-40-dos-jovens-formados-ocupam-postos-de-menor-qualificacao\/"]}]},{"@type":"ImageObject","inLanguage":"pt-BR","@id":"https:\/\/www.cidademarketing.com.br\/marketing\/2018\/12\/12\/mais-de-40-dos-jovens-formados-ocupam-postos-de-menor-qualificacao\/#primaryimage","url":"https:\/\/www.cidademarketing.com.br\/marketing\/wp-content\/uploads\/2018\/07\/carteiradetrabalho.jpg","contentUrl":"https:\/\/www.cidademarketing.com.br\/marketing\/wp-content\/uploads\/2018\/07\/carteiradetrabalho.jpg","width":700,"height":402},{"@type":"BreadcrumbList","@id":"https:\/\/www.cidademarketing.com.br\/marketing\/2018\/12\/12\/mais-de-40-dos-jovens-formados-ocupam-postos-de-menor-qualificacao\/#breadcrumb","itemListElement":[{"@type":"ListItem","position":1,"name":"In\u00edcio","item":"https:\/\/www.cidademarketing.com.br\/marketing\/"},{"@type":"ListItem","position":2,"name":"Mais de 40% dos jovens formados ocupam postos de menor qualifica\u00e7\u00e3o"}]},{"@type":"WebSite","@id":"https:\/\/www.cidademarketing.com.br\/marketing\/#website","url":"https:\/\/www.cidademarketing.com.br\/marketing\/","name":"CidadeMarketing","description":"Somos um ve\u00edculo de comunica\u00e7\u00e3o de destaque no Brasil, reconhecido por conte\u00fados nos segmentos de marketing, empreendedorismo e inova\u00e7\u00e3o.","publisher":{"@id":"https:\/\/www.cidademarketing.com.br\/marketing\/#organization"},"alternateName":"CidadeMarketing","potentialAction":[{"@type":"SearchAction","target":{"@type":"EntryPoint","urlTemplate":"https:\/\/www.cidademarketing.com.br\/marketing\/?s={search_term_string}"},"query-input":{"@type":"PropertyValueSpecification","valueRequired":true,"valueName":"search_term_string"}}],"inLanguage":"pt-BR"},{"@type":"Organization","@id":"https:\/\/www.cidademarketing.com.br\/marketing\/#organization","name":"CidadeMarketing","alternateName":"CidadeMarketing","url":"https:\/\/www.cidademarketing.com.br\/marketing\/","logo":{"@type":"ImageObject","inLanguage":"pt-BR","@id":"https:\/\/www.cidademarketing.com.br\/marketing\/#\/schema\/logo\/image\/","url":"https:\/\/www.cidademarketing.com.br\/marketing\/wp-content\/uploads\/2020\/01\/cidademarketing_marca_mobile.png","contentUrl":"https:\/\/www.cidademarketing.com.br\/marketing\/wp-content\/uploads\/2020\/01\/cidademarketing_marca_mobile.png","width":230,"height":92,"caption":"CidadeMarketing"},"image":{"@id":"https:\/\/www.cidademarketing.com.br\/marketing\/#\/schema\/logo\/image\/"},"sameAs":["https:\/\/www.facebook.com\/portalcidademarketing","https:\/\/x.com\/CidadeMarketing","https:\/\/www.instagram.com\/cidademarketing\/"]},{"@type":"Person","@id":"https:\/\/www.cidademarketing.com.br\/marketing\/#\/schema\/person\/02daff9f18bd9378c9e01eb6b2db155f","name":"Thales Brand\u00e3o","image":{"@type":"ImageObject","inLanguage":"pt-BR","@id":"https:\/\/secure.gravatar.com\/avatar\/7ca3206950207cc3cb48feec56a8a7898741ab725c368d99d5d7a5a50aab80c6?s=96&d=mm&r=g","url":"https:\/\/secure.gravatar.com\/avatar\/7ca3206950207cc3cb48feec56a8a7898741ab725c368d99d5d7a5a50aab80c6?s=96&d=mm&r=g","contentUrl":"https:\/\/secure.gravatar.com\/avatar\/7ca3206950207cc3cb48feec56a8a7898741ab725c368d99d5d7a5a50aab80c6?s=96&d=mm&r=g","caption":"Thales Brand\u00e3o"},"description":"Editor Executivo do Portal CidadeMarketing.com.br &gt; Mestre em Comunica\u00e7\u00e3o e Sociedade pela Universidade Federal de Sergipe. Possui MBA Executivo em Administra\u00e7\u00e3o com \u00eanfase em Marketing pela Funda\u00e7\u00e3o Get\u00falio Vargas - Rio de Janeiro. Consultor, Palestrante e Pesquisador sobre Empreendedorismo, Marketing, Redes Sociais e Neg\u00f3cios Digitais. Professor, Palestrante TedxTalks e Campus Party. Twitter: @ThalesBrandao","sameAs":["http:\/\/www.mandacaru.com.br","https:\/\/www.facebook.com\/thalesbrandao","http:\/\/www.instagram.com.br\/thalesbrandaoferreira","https:\/\/www.linkedin.com\/in\/thales-brand\u00e3o-3948609\/","https:\/\/x.com\/http:\/\/www.twitter.com\/thalesbrandao"],"url":"https:\/\/www.cidademarketing.com.br\/marketing\/author\/thalesbrandao\/"}]}},"amp_enabled":true,"_links":{"self":[{"href":"https:\/\/www.cidademarketing.com.br\/marketing\/wp-json\/wp\/v2\/posts\/3840","targetHints":{"allow":["GET"]}}],"collection":[{"href":"https:\/\/www.cidademarketing.com.br\/marketing\/wp-json\/wp\/v2\/posts"}],"about":[{"href":"https:\/\/www.cidademarketing.com.br\/marketing\/wp-json\/wp\/v2\/types\/post"}],"author":[{"embeddable":true,"href":"https:\/\/www.cidademarketing.com.br\/marketing\/wp-json\/wp\/v2\/users\/1"}],"replies":[{"embeddable":true,"href":"https:\/\/www.cidademarketing.com.br\/marketing\/wp-json\/wp\/v2\/comments?post=3840"}],"version-history":[{"count":1,"href":"https:\/\/www.cidademarketing.com.br\/marketing\/wp-json\/wp\/v2\/posts\/3840\/revisions"}],"predecessor-version":[{"id":3841,"href":"https:\/\/www.cidademarketing.com.br\/marketing\/wp-json\/wp\/v2\/posts\/3840\/revisions\/3841"}],"wp:featuredmedia":[{"embeddable":true,"href":"https:\/\/www.cidademarketing.com.br\/marketing\/wp-json\/wp\/v2\/media\/1454"}],"wp:attachment":[{"href":"https:\/\/www.cidademarketing.com.br\/marketing\/wp-json\/wp\/v2\/media?parent=3840"}],"wp:term":[{"taxonomy":"category","embeddable":true,"href":"https:\/\/www.cidademarketing.com.br\/marketing\/wp-json\/wp\/v2\/categories?post=3840"},{"taxonomy":"post_tag","embeddable":true,"href":"https:\/\/www.cidademarketing.com.br\/marketing\/wp-json\/wp\/v2\/tags?post=3840"}],"curies":[{"name":"wp","href":"https:\/\/api.w.org\/{rel}","templated":true}]}}