{"id":38282,"date":"2022-09-20T16:15:00","date_gmt":"2022-09-20T19:15:00","guid":{"rendered":"https:\/\/www.cidademarketing.com.br\/marketing\/?p=38282"},"modified":"2022-09-20T16:15:00","modified_gmt":"2022-09-20T19:15:00","slug":"americanas-empresas-apresenta-nova-assinatura-de-marca","status":"publish","type":"post","link":"https:\/\/www.cidademarketing.com.br\/marketing\/2022\/09\/20\/americanas-empresas-apresenta-nova-assinatura-de-marca\/","title":{"rendered":"Americanas Empresas apresenta nova assinatura de marca"},"content":{"rendered":"<p><iframe style=\"border-radius: 12px;\" src=\"https:\/\/open.spotify.com\/embed\/show\/4khMKzP3FgFRWVwb73xicc?utm_source=generator&amp;t=0\" width=\"100%\" height=\"232\" frameborder=\"0\" allowfullscreen=\"allowfullscreen\"><\/iframe><br \/>\nJ\u00e1 pensou em adquirir tudo que o seu neg\u00f3cio precisa em um s\u00f3 lugar, desde itens de papelaria at\u00e9 materiais de grande porte? Com a Americanas Empresas \u00e9 assim. Empreendedores n\u00e3o precisam mais se preocupar em fazer cota\u00e7\u00f5es, listas e compara\u00e7\u00f5es. A Americanas Empresas apresenta tudo o que qualquer tipo de neg\u00f3cio precisa com atendimento personalizado, solu\u00e7\u00f5es exclusivas e mais: toda refer\u00eancia da marca Americanas no mercado.<\/p>\n<p>Em campanha assinada pela WMcCann, a marca apresenta sua nova assinatura &#8220;Americanas Empresas. Uma Americanas inteira para sua empresa.&#8221;, refor\u00e7ando como a Americanas se consolidou como grande parceira dos clientes, at\u00e9 mesmo para os neg\u00f3cios. Com a marca sonora da Americanas presente no filme, o p\u00fablico logo se identifica, mas se surpreende ao notar que a campanha se trata de uma frente de neg\u00f3cios especializada para empreendedores, pequenos e grandes neg\u00f3cios.<\/p>\n<p>\u201cA Americanas Empresas nasceu com o objetivo de oferecer atendimento personalizado e uma experi\u00eancia de compra diferenciada para empresas, de todos os tipos e tamanhos. A nova campanha apresenta como a marca traz tudo o que a Americanas j\u00e1 construiu, como confian\u00e7a, variedade, entrega r\u00e1pida e garantida, al\u00e9m de condi\u00e7\u00f5es especiais de pagamento, agora para empresas\u201d, explica Loana Coelho, head de B2B da Americanas S.A..<\/p>\n<p>Com o objetivo de apresentar a Americanas Empresas para o p\u00fablico, a campanha ainda contar\u00e1 com a webs\u00e9rie \u201cCelebridades S.A.\u201d. A a\u00e7\u00e3o refor\u00e7a como por tr\u00e1s de cada celebridade, artista ou influenciador, existe uma empresa, e que a marca \u00e9 a parceira comercial perfeita para seus neg\u00f3cios. Entre as narrativas, ser\u00e3o contadas hist\u00f3rias de influenciadores que se tornaram Pessoa Jur\u00eddica (PJ), e vice-versa, mostrando a variedade de perfis que a Americanas Empresas pode abastecer.<\/p>\n<p>\u201cPara a cria\u00e7\u00e3o desta nova assinatura de marca, n\u00f3s buscamos o que a Americanas apresenta de mais valioso: sua rela\u00e7\u00e3o com o cliente. Sendo uma marca j\u00e1 consolidada no mercado, mostramos como a Americanas Empresas possui em seu DNA os mesmos atributos da Americanas, agora voltada para o neg\u00f3cio de cada um dos nossos clientes\u201d, afirma Marcio Borges, VP executivo e diretor-geral da WMcCann Rio.<\/p>\n<p>A estrat\u00e9gia de comunica\u00e7\u00e3o ainda conta com filmes de TV com divulga\u00e7\u00e3o de abrang\u00eancia nacional, aberta e fechada, al\u00e9m de desdobramentos para o digital, OOH, DOOH, sposts de r\u00e1dio e an\u00fancios impressos.<\/p>\n<p><iframe title=\"O site da Americanas para CNPJ\" width=\"640\" height=\"360\" src=\"https:\/\/www.youtube.com\/embed\/BPJmnuj0f9Q?feature=oembed\" frameborder=\"0\" allow=\"accelerometer; autoplay; clipboard-write; encrypted-media; gyroscope; picture-in-picture; web-share\" referrerpolicy=\"strict-origin-when-cross-origin\" allowfullscreen><\/iframe><\/p>\n<p>Ficha T\u00e9cnica:<\/p>\n<p>Ag\u00eancia: WMcCann<br \/>\nCliente: Americanas Empresas<br \/>\nProduto: Institucional<br \/>\nNome da campanha: Uma Americanas inteira para sua empresa<br \/>\nTime do Cliente: Loana Coelho, J\u00falia Ortman, Marmara Gursel, Wesley Fonte, Carina Ezequiel, Isis Ramos, Milena Rocha Franco, Milena Costa das Dores, Camila Poggi e Ana Flavia Cabral<br \/>\nChairman: Hugo Rodrigues<br \/>\nCEO: Andr\u00e9 Fran\u00e7a<br \/>\nCCO: Mariana S\u00e1<br \/>\nVP executivo e diretor-geral da WMcCann Rio: Marcio Borges<br \/>\nDiretor de Cria\u00e7\u00e3o Executivo: Ricardo Weitsman<br \/>\nDiretor de Cria\u00e7\u00e3o Associado: Jo\u00e3o Resende<br \/>\nCria\u00e7\u00e3o: Ricardo Weitsman, Bruno Reche e Bruno Mukai<br \/>\nCOO &amp; CSO: Renata Bokel<br \/>\nPlanejamento: Hugo Santos e Fabiana Lovate<br \/>\nDiretora de conte\u00fado: Patr\u00edcia Colombo<br \/>\nConte\u00fado: Stella Soares Peixinho e Laila Sena<br \/>\nAtendimento: Bianca Almeida, Larissa Vieira e Marina Sodr\u00e9<br \/>\nVP de M\u00eddia: Andreia Abud<br \/>\nM\u00eddia: Patr\u00edcia Oliveira, Samantha Rodrigues, Guilherme Maciel, Gustavo Biasotto, Vit\u00f3ria Caroline e Jo\u00e3o Lima<br \/>\nDiretora de Produ\u00e7\u00e3o: Camila Naito<br \/>\nProdu\u00e7\u00e3o Integrada: Bianca Repsold, Fernanda Pinheiro, Mariana Veronez e Vitor Hugo Faria<br \/>\nProdutora do filme: Piloto<br \/>\nDire\u00e7\u00e3o: Daniel Soro e Alexandre Chalabi<br \/>\nDiretor de Fotografia: Gabriel Mendes Moraes<br \/>\nProdu\u00e7\u00e3o executiva: Natalia Souza, Ci\u00e7a Bertoche, Larissa Luisi e Willian Sousa<br \/>\nAtendimento: Regina Knapp, Rafael Costa, Roberta Frederico, Mar\u00edlia Raffaeli e Nara Chrysostomo<br \/>\nCoordena\u00e7\u00e3o de produ\u00e7\u00e3o: Mariana Guerra, Marcia Frota<br \/>\nP\u00f3s-produ\u00e7\u00e3o: Rafael Bozzi, Ana Flavia Monteiro, Valqu\u00edria Pacheco, Jessica Madeira, Hugo Ferriolli, Lucas Marini e Arthur Schneider, Junior Fernandes, Rafael Cereda e Ederson Lima, Enio Vital, Bernardo Vaz, Carlos Eduardo Teixeira Edgardo Guerrero, Ivan Franco, Ullisses Soares e Jean Estev\u00e3o<br \/>\nEdi\u00e7\u00e3o: A F\u00faria &#8211; Ruy Prado, Rafael Farina e Toti Loureiro<br \/>\nColorista: Gigio Pelosi<br \/>\nEquipe 3D: Jo\u00e3o Batista da Silne Neto, Deivs Wilson de Paula Azevedo, Wallace Silva Santos, Michel Alexandre Amorim do Nascimento e Michael Jhon de Oliveira Pereira<br \/>\nProdutora: Raw Audio<br \/>\nProdu\u00e7\u00e3o Musical: Fernando Forni, Ricardo Pinda e Rogerinho Pereira<br \/>\nDire\u00e7\u00e3o Musical: Hilton Raw Sound<br \/>\nDesign e Mixagem: Enrico Maccio e Philip Braunstein<br \/>\nAtendimento: Carol Peternelli<br \/>\nCoordena\u00e7\u00e3o: Rob\u00e9rio Barbosa<br \/>\nProdu\u00e7\u00e3o Gr\u00e1fica: Nereu Marinho<br \/>\nGerente de P\u00f3s-produ\u00e7\u00e3o: Mauricio Martim<br \/>\nFinalizador: Claudio Costa<br \/>\nRetoque: Flavio Sato e Douglas Carmo<br \/>\nRevisores: Renata Fontes e Roberto Bagarollo<br \/>\nProjetos: Erika Casal e Lara Falluh<br \/>\nRela\u00e7\u00f5es P\u00fablicas: Kerena Neves e Giulia Camargo<\/p>\n<p><iframe style=\"width: 100%; max-width: 660px; overflow: hidden; background: transparent;\" src=\"https:\/\/embed.podcasts.apple.com\/br\/podcast\/podcast-cidademarketing\/id1371923283\" height=\"450\" frameborder=\"0\" sandbox=\"allow-forms allow-popups allow-same-origin allow-scripts allow-storage-access-by-user-activation allow-top-navigation-by-user-activation\"><\/iframe><\/p>\n","protected":false},"excerpt":{"rendered":"<p>J\u00e1 pensou em adquirir tudo que o seu neg\u00f3cio precisa em um s\u00f3 lugar, desde itens de papelaria at\u00e9 materiais de grande porte? Com a Americanas Empresas \u00e9 assim. Empreendedores n\u00e3o precisam mais se preocupar em fazer cota\u00e7\u00f5es, listas e compara\u00e7\u00f5es. A Americanas Empresas apresenta tudo o que qualquer tipo de neg\u00f3cio precisa com atendimento [&hellip;]<\/p>\n","protected":false},"author":1,"featured_media":38283,"comment_status":"open","ping_status":"open","sticky":false,"template":"","format":"standard","meta":{"tdm_status":"","tdm_grid_status":"","footnotes":""},"categories":[8,6],"tags":[796,65,5519,214,33,5518,28],"class_list":["post-38282","post","type-post","status-publish","format-standard","has-post-thumbnail","hentry","category-marcas","category-noticias","tag-americanas","tag-campanha","tag-cnpj","tag-e-commerce","tag-estrategia","tag-juridica","tag-marketing"],"yoast_head":"<!-- This site is optimized with the Yoast SEO plugin v27.5 - https:\/\/yoast.com\/product\/yoast-seo-wordpress\/ -->\n<title>Americanas Empresas apresenta nova assinatura de marca - CidadeMarketing<\/title>\n<meta name=\"robots\" content=\"index, follow, max-snippet:-1, max-image-preview:large, max-video-preview:-1\" \/>\n<link rel=\"canonical\" href=\"https:\/\/www.cidademarketing.com.br\/marketing\/2022\/09\/20\/americanas-empresas-apresenta-nova-assinatura-de-marca\/\" \/>\n<meta property=\"og:locale\" content=\"pt_BR\" \/>\n<meta property=\"og:type\" content=\"article\" \/>\n<meta property=\"og:title\" content=\"Americanas Empresas apresenta nova assinatura de marca - CidadeMarketing\" \/>\n<meta property=\"og:description\" content=\"J\u00e1 pensou em adquirir tudo que o seu neg\u00f3cio precisa em um s\u00f3 lugar, desde itens de papelaria at\u00e9 materiais de grande porte? Com a Americanas Empresas \u00e9 assim. Empreendedores n\u00e3o precisam mais se preocupar em fazer cota\u00e7\u00f5es, listas e compara\u00e7\u00f5es. A Americanas Empresas apresenta tudo o que qualquer tipo de neg\u00f3cio precisa com atendimento [&hellip;]\" \/>\n<meta property=\"og:url\" content=\"https:\/\/www.cidademarketing.com.br\/marketing\/2022\/09\/20\/americanas-empresas-apresenta-nova-assinatura-de-marca\/\" \/>\n<meta property=\"og:site_name\" content=\"CidadeMarketing\" \/>\n<meta property=\"article:publisher\" content=\"https:\/\/www.facebook.com\/portalcidademarketing\" \/>\n<meta property=\"article:author\" content=\"https:\/\/www.facebook.com\/thalesbrandao\" \/>\n<meta property=\"article:published_time\" content=\"2022-09-20T19:15:00+00:00\" \/>\n<meta property=\"og:image\" content=\"https:\/\/www.cidademarketing.com.br\/marketing\/wp-content\/uploads\/2022\/09\/americanas_empresas.jpg\" \/>\n\t<meta property=\"og:image:width\" content=\"1920\" \/>\n\t<meta property=\"og:image:height\" content=\"1080\" \/>\n\t<meta property=\"og:image:type\" content=\"image\/jpeg\" \/>\n<meta name=\"author\" content=\"Thales Brand\u00e3o\" \/>\n<meta name=\"twitter:card\" content=\"summary_large_image\" \/>\n<meta name=\"twitter:creator\" content=\"@http:\/\/www.twitter.com\/thalesbrandao\" \/>\n<meta name=\"twitter:site\" content=\"@CidadeMarketing\" \/>\n<meta name=\"twitter:label1\" content=\"Escrito por\" \/>\n\t<meta name=\"twitter:data1\" content=\"Thales Brand\u00e3o\" \/>\n\t<meta name=\"twitter:label2\" content=\"Est. tempo de leitura\" \/>\n\t<meta name=\"twitter:data2\" content=\"4 minutos\" \/>\n<script type=\"application\/ld+json\" class=\"yoast-schema-graph\">{\"@context\":\"https:\\\/\\\/schema.org\",\"@graph\":[{\"@type\":\"Article\",\"@id\":\"https:\\\/\\\/www.cidademarketing.com.br\\\/marketing\\\/2022\\\/09\\\/20\\\/americanas-empresas-apresenta-nova-assinatura-de-marca\\\/#article\",\"isPartOf\":{\"@id\":\"https:\\\/\\\/www.cidademarketing.com.br\\\/marketing\\\/2022\\\/09\\\/20\\\/americanas-empresas-apresenta-nova-assinatura-de-marca\\\/\"},\"author\":{\"name\":\"Thales Brand\u00e3o\",\"@id\":\"https:\\\/\\\/www.cidademarketing.com.br\\\/marketing\\\/#\\\/schema\\\/person\\\/02daff9f18bd9378c9e01eb6b2db155f\"},\"headline\":\"Americanas Empresas apresenta nova assinatura de marca\",\"datePublished\":\"2022-09-20T19:15:00+00:00\",\"mainEntityOfPage\":{\"@id\":\"https:\\\/\\\/www.cidademarketing.com.br\\\/marketing\\\/2022\\\/09\\\/20\\\/americanas-empresas-apresenta-nova-assinatura-de-marca\\\/\"},\"wordCount\":813,\"commentCount\":0,\"publisher\":{\"@id\":\"https:\\\/\\\/www.cidademarketing.com.br\\\/marketing\\\/#organization\"},\"image\":{\"@id\":\"https:\\\/\\\/www.cidademarketing.com.br\\\/marketing\\\/2022\\\/09\\\/20\\\/americanas-empresas-apresenta-nova-assinatura-de-marca\\\/#primaryimage\"},\"thumbnailUrl\":\"https:\\\/\\\/www.cidademarketing.com.br\\\/marketing\\\/wp-content\\\/uploads\\\/2022\\\/09\\\/americanas_empresas.jpg\",\"keywords\":[\"Americanas\",\"campanha\",\"CNPJ\",\"e-commerce\",\"estrat\u00e9gia\",\"jur\u00eddica\",\"marketing\"],\"articleSection\":[\"Marcas\",\"Not\u00edcias\"],\"inLanguage\":\"pt-BR\",\"potentialAction\":[{\"@type\":\"CommentAction\",\"name\":\"Comment\",\"target\":[\"https:\\\/\\\/www.cidademarketing.com.br\\\/marketing\\\/2022\\\/09\\\/20\\\/americanas-empresas-apresenta-nova-assinatura-de-marca\\\/#respond\"]}]},{\"@type\":\"WebPage\",\"@id\":\"https:\\\/\\\/www.cidademarketing.com.br\\\/marketing\\\/2022\\\/09\\\/20\\\/americanas-empresas-apresenta-nova-assinatura-de-marca\\\/\",\"url\":\"https:\\\/\\\/www.cidademarketing.com.br\\\/marketing\\\/2022\\\/09\\\/20\\\/americanas-empresas-apresenta-nova-assinatura-de-marca\\\/\",\"name\":\"Americanas Empresas apresenta nova assinatura de marca - CidadeMarketing\",\"isPartOf\":{\"@id\":\"https:\\\/\\\/www.cidademarketing.com.br\\\/marketing\\\/#website\"},\"primaryImageOfPage\":{\"@id\":\"https:\\\/\\\/www.cidademarketing.com.br\\\/marketing\\\/2022\\\/09\\\/20\\\/americanas-empresas-apresenta-nova-assinatura-de-marca\\\/#primaryimage\"},\"image\":{\"@id\":\"https:\\\/\\\/www.cidademarketing.com.br\\\/marketing\\\/2022\\\/09\\\/20\\\/americanas-empresas-apresenta-nova-assinatura-de-marca\\\/#primaryimage\"},\"thumbnailUrl\":\"https:\\\/\\\/www.cidademarketing.com.br\\\/marketing\\\/wp-content\\\/uploads\\\/2022\\\/09\\\/americanas_empresas.jpg\",\"datePublished\":\"2022-09-20T19:15:00+00:00\",\"breadcrumb\":{\"@id\":\"https:\\\/\\\/www.cidademarketing.com.br\\\/marketing\\\/2022\\\/09\\\/20\\\/americanas-empresas-apresenta-nova-assinatura-de-marca\\\/#breadcrumb\"},\"inLanguage\":\"pt-BR\",\"potentialAction\":[{\"@type\":\"ReadAction\",\"target\":[\"https:\\\/\\\/www.cidademarketing.com.br\\\/marketing\\\/2022\\\/09\\\/20\\\/americanas-empresas-apresenta-nova-assinatura-de-marca\\\/\"]}]},{\"@type\":\"ImageObject\",\"inLanguage\":\"pt-BR\",\"@id\":\"https:\\\/\\\/www.cidademarketing.com.br\\\/marketing\\\/2022\\\/09\\\/20\\\/americanas-empresas-apresenta-nova-assinatura-de-marca\\\/#primaryimage\",\"url\":\"https:\\\/\\\/www.cidademarketing.com.br\\\/marketing\\\/wp-content\\\/uploads\\\/2022\\\/09\\\/americanas_empresas.jpg\",\"contentUrl\":\"https:\\\/\\\/www.cidademarketing.com.br\\\/marketing\\\/wp-content\\\/uploads\\\/2022\\\/09\\\/americanas_empresas.jpg\",\"width\":1920,\"height\":1080},{\"@type\":\"BreadcrumbList\",\"@id\":\"https:\\\/\\\/www.cidademarketing.com.br\\\/marketing\\\/2022\\\/09\\\/20\\\/americanas-empresas-apresenta-nova-assinatura-de-marca\\\/#breadcrumb\",\"itemListElement\":[{\"@type\":\"ListItem\",\"position\":1,\"name\":\"In\u00edcio\",\"item\":\"https:\\\/\\\/www.cidademarketing.com.br\\\/marketing\\\/\"},{\"@type\":\"ListItem\",\"position\":2,\"name\":\"Americanas Empresas apresenta nova assinatura de marca\"}]},{\"@type\":\"WebSite\",\"@id\":\"https:\\\/\\\/www.cidademarketing.com.br\\\/marketing\\\/#website\",\"url\":\"https:\\\/\\\/www.cidademarketing.com.br\\\/marketing\\\/\",\"name\":\"CidadeMarketing\",\"description\":\"Somos um ve\u00edculo de comunica\u00e7\u00e3o de destaque no Brasil, reconhecido por conte\u00fados nos segmentos de marketing, empreendedorismo e inova\u00e7\u00e3o.\",\"publisher\":{\"@id\":\"https:\\\/\\\/www.cidademarketing.com.br\\\/marketing\\\/#organization\"},\"alternateName\":\"CidadeMarketing\",\"potentialAction\":[{\"@type\":\"SearchAction\",\"target\":{\"@type\":\"EntryPoint\",\"urlTemplate\":\"https:\\\/\\\/www.cidademarketing.com.br\\\/marketing\\\/?s={search_term_string}\"},\"query-input\":{\"@type\":\"PropertyValueSpecification\",\"valueRequired\":true,\"valueName\":\"search_term_string\"}}],\"inLanguage\":\"pt-BR\"},{\"@type\":\"Organization\",\"@id\":\"https:\\\/\\\/www.cidademarketing.com.br\\\/marketing\\\/#organization\",\"name\":\"CidadeMarketing\",\"alternateName\":\"CidadeMarketing\",\"url\":\"https:\\\/\\\/www.cidademarketing.com.br\\\/marketing\\\/\",\"logo\":{\"@type\":\"ImageObject\",\"inLanguage\":\"pt-BR\",\"@id\":\"https:\\\/\\\/www.cidademarketing.com.br\\\/marketing\\\/#\\\/schema\\\/logo\\\/image\\\/\",\"url\":\"https:\\\/\\\/www.cidademarketing.com.br\\\/marketing\\\/wp-content\\\/uploads\\\/2020\\\/01\\\/cidademarketing_marca_mobile.png\",\"contentUrl\":\"https:\\\/\\\/www.cidademarketing.com.br\\\/marketing\\\/wp-content\\\/uploads\\\/2020\\\/01\\\/cidademarketing_marca_mobile.png\",\"width\":230,\"height\":92,\"caption\":\"CidadeMarketing\"},\"image\":{\"@id\":\"https:\\\/\\\/www.cidademarketing.com.br\\\/marketing\\\/#\\\/schema\\\/logo\\\/image\\\/\"},\"sameAs\":[\"https:\\\/\\\/www.facebook.com\\\/portalcidademarketing\",\"https:\\\/\\\/x.com\\\/CidadeMarketing\",\"https:\\\/\\\/www.instagram.com\\\/cidademarketing\\\/\"]},{\"@type\":\"Person\",\"@id\":\"https:\\\/\\\/www.cidademarketing.com.br\\\/marketing\\\/#\\\/schema\\\/person\\\/02daff9f18bd9378c9e01eb6b2db155f\",\"name\":\"Thales Brand\u00e3o\",\"image\":{\"@type\":\"ImageObject\",\"inLanguage\":\"pt-BR\",\"@id\":\"https:\\\/\\\/secure.gravatar.com\\\/avatar\\\/7ca3206950207cc3cb48feec56a8a7898741ab725c368d99d5d7a5a50aab80c6?s=96&d=mm&r=g\",\"url\":\"https:\\\/\\\/secure.gravatar.com\\\/avatar\\\/7ca3206950207cc3cb48feec56a8a7898741ab725c368d99d5d7a5a50aab80c6?s=96&d=mm&r=g\",\"contentUrl\":\"https:\\\/\\\/secure.gravatar.com\\\/avatar\\\/7ca3206950207cc3cb48feec56a8a7898741ab725c368d99d5d7a5a50aab80c6?s=96&d=mm&r=g\",\"caption\":\"Thales Brand\u00e3o\"},\"description\":\"Editor Executivo do Portal CidadeMarketing.com.br &gt; Mestre em Comunica\u00e7\u00e3o e Sociedade pela Universidade Federal de Sergipe. Possui MBA Executivo em Administra\u00e7\u00e3o com \u00eanfase em Marketing pela Funda\u00e7\u00e3o Get\u00falio Vargas - Rio de Janeiro. Consultor, Palestrante e Pesquisador sobre Empreendedorismo, Marketing, Redes Sociais e Neg\u00f3cios Digitais. Professor, Palestrante TedxTalks e Campus Party. Twitter: @ThalesBrandao\",\"sameAs\":[\"http:\\\/\\\/www.mandacaru.com.br\",\"https:\\\/\\\/www.facebook.com\\\/thalesbrandao\",\"http:\\\/\\\/www.instagram.com.br\\\/thalesbrandaoferreira\",\"https:\\\/\\\/www.linkedin.com\\\/in\\\/thales-brand\u00e3o-3948609\\\/\",\"https:\\\/\\\/x.com\\\/http:\\\/\\\/www.twitter.com\\\/thalesbrandao\"],\"url\":\"https:\\\/\\\/www.cidademarketing.com.br\\\/marketing\\\/author\\\/thalesbrandao\\\/\"}]}<\/script>\n<!-- \/ Yoast SEO plugin. -->","yoast_head_json":{"title":"Americanas Empresas apresenta nova assinatura de marca - CidadeMarketing","robots":{"index":"index","follow":"follow","max-snippet":"max-snippet:-1","max-image-preview":"max-image-preview:large","max-video-preview":"max-video-preview:-1"},"canonical":"https:\/\/www.cidademarketing.com.br\/marketing\/2022\/09\/20\/americanas-empresas-apresenta-nova-assinatura-de-marca\/","og_locale":"pt_BR","og_type":"article","og_title":"Americanas Empresas apresenta nova assinatura de marca - CidadeMarketing","og_description":"J\u00e1 pensou em adquirir tudo que o seu neg\u00f3cio precisa em um s\u00f3 lugar, desde itens de papelaria at\u00e9 materiais de grande porte? Com a Americanas Empresas \u00e9 assim. Empreendedores n\u00e3o precisam mais se preocupar em fazer cota\u00e7\u00f5es, listas e compara\u00e7\u00f5es. A Americanas Empresas apresenta tudo o que qualquer tipo de neg\u00f3cio precisa com atendimento [&hellip;]","og_url":"https:\/\/www.cidademarketing.com.br\/marketing\/2022\/09\/20\/americanas-empresas-apresenta-nova-assinatura-de-marca\/","og_site_name":"CidadeMarketing","article_publisher":"https:\/\/www.facebook.com\/portalcidademarketing","article_author":"https:\/\/www.facebook.com\/thalesbrandao","article_published_time":"2022-09-20T19:15:00+00:00","og_image":[{"width":1920,"height":1080,"url":"https:\/\/www.cidademarketing.com.br\/marketing\/wp-content\/uploads\/2022\/09\/americanas_empresas.jpg","type":"image\/jpeg"}],"author":"Thales Brand\u00e3o","twitter_card":"summary_large_image","twitter_creator":"@http:\/\/www.twitter.com\/thalesbrandao","twitter_site":"@CidadeMarketing","twitter_misc":{"Escrito por":"Thales Brand\u00e3o","Est. tempo de leitura":"4 minutos"},"schema":{"@context":"https:\/\/schema.org","@graph":[{"@type":"Article","@id":"https:\/\/www.cidademarketing.com.br\/marketing\/2022\/09\/20\/americanas-empresas-apresenta-nova-assinatura-de-marca\/#article","isPartOf":{"@id":"https:\/\/www.cidademarketing.com.br\/marketing\/2022\/09\/20\/americanas-empresas-apresenta-nova-assinatura-de-marca\/"},"author":{"name":"Thales Brand\u00e3o","@id":"https:\/\/www.cidademarketing.com.br\/marketing\/#\/schema\/person\/02daff9f18bd9378c9e01eb6b2db155f"},"headline":"Americanas Empresas apresenta nova assinatura de marca","datePublished":"2022-09-20T19:15:00+00:00","mainEntityOfPage":{"@id":"https:\/\/www.cidademarketing.com.br\/marketing\/2022\/09\/20\/americanas-empresas-apresenta-nova-assinatura-de-marca\/"},"wordCount":813,"commentCount":0,"publisher":{"@id":"https:\/\/www.cidademarketing.com.br\/marketing\/#organization"},"image":{"@id":"https:\/\/www.cidademarketing.com.br\/marketing\/2022\/09\/20\/americanas-empresas-apresenta-nova-assinatura-de-marca\/#primaryimage"},"thumbnailUrl":"https:\/\/www.cidademarketing.com.br\/marketing\/wp-content\/uploads\/2022\/09\/americanas_empresas.jpg","keywords":["Americanas","campanha","CNPJ","e-commerce","estrat\u00e9gia","jur\u00eddica","marketing"],"articleSection":["Marcas","Not\u00edcias"],"inLanguage":"pt-BR","potentialAction":[{"@type":"CommentAction","name":"Comment","target":["https:\/\/www.cidademarketing.com.br\/marketing\/2022\/09\/20\/americanas-empresas-apresenta-nova-assinatura-de-marca\/#respond"]}]},{"@type":"WebPage","@id":"https:\/\/www.cidademarketing.com.br\/marketing\/2022\/09\/20\/americanas-empresas-apresenta-nova-assinatura-de-marca\/","url":"https:\/\/www.cidademarketing.com.br\/marketing\/2022\/09\/20\/americanas-empresas-apresenta-nova-assinatura-de-marca\/","name":"Americanas Empresas apresenta nova assinatura de marca - CidadeMarketing","isPartOf":{"@id":"https:\/\/www.cidademarketing.com.br\/marketing\/#website"},"primaryImageOfPage":{"@id":"https:\/\/www.cidademarketing.com.br\/marketing\/2022\/09\/20\/americanas-empresas-apresenta-nova-assinatura-de-marca\/#primaryimage"},"image":{"@id":"https:\/\/www.cidademarketing.com.br\/marketing\/2022\/09\/20\/americanas-empresas-apresenta-nova-assinatura-de-marca\/#primaryimage"},"thumbnailUrl":"https:\/\/www.cidademarketing.com.br\/marketing\/wp-content\/uploads\/2022\/09\/americanas_empresas.jpg","datePublished":"2022-09-20T19:15:00+00:00","breadcrumb":{"@id":"https:\/\/www.cidademarketing.com.br\/marketing\/2022\/09\/20\/americanas-empresas-apresenta-nova-assinatura-de-marca\/#breadcrumb"},"inLanguage":"pt-BR","potentialAction":[{"@type":"ReadAction","target":["https:\/\/www.cidademarketing.com.br\/marketing\/2022\/09\/20\/americanas-empresas-apresenta-nova-assinatura-de-marca\/"]}]},{"@type":"ImageObject","inLanguage":"pt-BR","@id":"https:\/\/www.cidademarketing.com.br\/marketing\/2022\/09\/20\/americanas-empresas-apresenta-nova-assinatura-de-marca\/#primaryimage","url":"https:\/\/www.cidademarketing.com.br\/marketing\/wp-content\/uploads\/2022\/09\/americanas_empresas.jpg","contentUrl":"https:\/\/www.cidademarketing.com.br\/marketing\/wp-content\/uploads\/2022\/09\/americanas_empresas.jpg","width":1920,"height":1080},{"@type":"BreadcrumbList","@id":"https:\/\/www.cidademarketing.com.br\/marketing\/2022\/09\/20\/americanas-empresas-apresenta-nova-assinatura-de-marca\/#breadcrumb","itemListElement":[{"@type":"ListItem","position":1,"name":"In\u00edcio","item":"https:\/\/www.cidademarketing.com.br\/marketing\/"},{"@type":"ListItem","position":2,"name":"Americanas Empresas apresenta nova assinatura de marca"}]},{"@type":"WebSite","@id":"https:\/\/www.cidademarketing.com.br\/marketing\/#website","url":"https:\/\/www.cidademarketing.com.br\/marketing\/","name":"CidadeMarketing","description":"Somos um ve\u00edculo de comunica\u00e7\u00e3o de destaque no Brasil, reconhecido por conte\u00fados nos segmentos de marketing, empreendedorismo e inova\u00e7\u00e3o.","publisher":{"@id":"https:\/\/www.cidademarketing.com.br\/marketing\/#organization"},"alternateName":"CidadeMarketing","potentialAction":[{"@type":"SearchAction","target":{"@type":"EntryPoint","urlTemplate":"https:\/\/www.cidademarketing.com.br\/marketing\/?s={search_term_string}"},"query-input":{"@type":"PropertyValueSpecification","valueRequired":true,"valueName":"search_term_string"}}],"inLanguage":"pt-BR"},{"@type":"Organization","@id":"https:\/\/www.cidademarketing.com.br\/marketing\/#organization","name":"CidadeMarketing","alternateName":"CidadeMarketing","url":"https:\/\/www.cidademarketing.com.br\/marketing\/","logo":{"@type":"ImageObject","inLanguage":"pt-BR","@id":"https:\/\/www.cidademarketing.com.br\/marketing\/#\/schema\/logo\/image\/","url":"https:\/\/www.cidademarketing.com.br\/marketing\/wp-content\/uploads\/2020\/01\/cidademarketing_marca_mobile.png","contentUrl":"https:\/\/www.cidademarketing.com.br\/marketing\/wp-content\/uploads\/2020\/01\/cidademarketing_marca_mobile.png","width":230,"height":92,"caption":"CidadeMarketing"},"image":{"@id":"https:\/\/www.cidademarketing.com.br\/marketing\/#\/schema\/logo\/image\/"},"sameAs":["https:\/\/www.facebook.com\/portalcidademarketing","https:\/\/x.com\/CidadeMarketing","https:\/\/www.instagram.com\/cidademarketing\/"]},{"@type":"Person","@id":"https:\/\/www.cidademarketing.com.br\/marketing\/#\/schema\/person\/02daff9f18bd9378c9e01eb6b2db155f","name":"Thales Brand\u00e3o","image":{"@type":"ImageObject","inLanguage":"pt-BR","@id":"https:\/\/secure.gravatar.com\/avatar\/7ca3206950207cc3cb48feec56a8a7898741ab725c368d99d5d7a5a50aab80c6?s=96&d=mm&r=g","url":"https:\/\/secure.gravatar.com\/avatar\/7ca3206950207cc3cb48feec56a8a7898741ab725c368d99d5d7a5a50aab80c6?s=96&d=mm&r=g","contentUrl":"https:\/\/secure.gravatar.com\/avatar\/7ca3206950207cc3cb48feec56a8a7898741ab725c368d99d5d7a5a50aab80c6?s=96&d=mm&r=g","caption":"Thales Brand\u00e3o"},"description":"Editor Executivo do Portal CidadeMarketing.com.br &gt; Mestre em Comunica\u00e7\u00e3o e Sociedade pela Universidade Federal de Sergipe. Possui MBA Executivo em Administra\u00e7\u00e3o com \u00eanfase em Marketing pela Funda\u00e7\u00e3o Get\u00falio Vargas - Rio de Janeiro. Consultor, Palestrante e Pesquisador sobre Empreendedorismo, Marketing, Redes Sociais e Neg\u00f3cios Digitais. Professor, Palestrante TedxTalks e Campus Party. Twitter: @ThalesBrandao","sameAs":["http:\/\/www.mandacaru.com.br","https:\/\/www.facebook.com\/thalesbrandao","http:\/\/www.instagram.com.br\/thalesbrandaoferreira","https:\/\/www.linkedin.com\/in\/thales-brand\u00e3o-3948609\/","https:\/\/x.com\/http:\/\/www.twitter.com\/thalesbrandao"],"url":"https:\/\/www.cidademarketing.com.br\/marketing\/author\/thalesbrandao\/"}]}},"amp_enabled":true,"_links":{"self":[{"href":"https:\/\/www.cidademarketing.com.br\/marketing\/wp-json\/wp\/v2\/posts\/38282","targetHints":{"allow":["GET"]}}],"collection":[{"href":"https:\/\/www.cidademarketing.com.br\/marketing\/wp-json\/wp\/v2\/posts"}],"about":[{"href":"https:\/\/www.cidademarketing.com.br\/marketing\/wp-json\/wp\/v2\/types\/post"}],"author":[{"embeddable":true,"href":"https:\/\/www.cidademarketing.com.br\/marketing\/wp-json\/wp\/v2\/users\/1"}],"replies":[{"embeddable":true,"href":"https:\/\/www.cidademarketing.com.br\/marketing\/wp-json\/wp\/v2\/comments?post=38282"}],"version-history":[{"count":1,"href":"https:\/\/www.cidademarketing.com.br\/marketing\/wp-json\/wp\/v2\/posts\/38282\/revisions"}],"predecessor-version":[{"id":38284,"href":"https:\/\/www.cidademarketing.com.br\/marketing\/wp-json\/wp\/v2\/posts\/38282\/revisions\/38284"}],"wp:featuredmedia":[{"embeddable":true,"href":"https:\/\/www.cidademarketing.com.br\/marketing\/wp-json\/wp\/v2\/media\/38283"}],"wp:attachment":[{"href":"https:\/\/www.cidademarketing.com.br\/marketing\/wp-json\/wp\/v2\/media?parent=38282"}],"wp:term":[{"taxonomy":"category","embeddable":true,"href":"https:\/\/www.cidademarketing.com.br\/marketing\/wp-json\/wp\/v2\/categories?post=38282"},{"taxonomy":"post_tag","embeddable":true,"href":"https:\/\/www.cidademarketing.com.br\/marketing\/wp-json\/wp\/v2\/tags?post=38282"}],"curies":[{"name":"wp","href":"https:\/\/api.w.org\/{rel}","templated":true}]}}