{"id":38218,"date":"2022-09-16T13:53:16","date_gmt":"2022-09-16T16:53:16","guid":{"rendered":"https:\/\/www.cidademarketing.com.br\/marketing\/?p=38218"},"modified":"2022-09-16T13:53:16","modified_gmt":"2022-09-16T16:53:16","slug":"jack-daniels-e-a-nova-patrocinadora-do-time-da-mclaren-na-formula-1","status":"publish","type":"post","link":"https:\/\/www.cidademarketing.com.br\/marketing\/2022\/09\/16\/jack-daniels-e-a-nova-patrocinadora-do-time-da-mclaren-na-formula-1\/","title":{"rendered":"Jack Daniel\u2019s \u00e9 a nova patrocinadora do time da McLaren na F\u00f3rmula 1"},"content":{"rendered":"<p><iframe style=\"border-radius: 12px;\" src=\"https:\/\/open.spotify.com\/embed\/show\/4khMKzP3FgFRWVwb73xicc?utm_source=generator&amp;t=0\" width=\"100%\" height=\"232\" frameborder=\"0\" allowfullscreen=\"allowfullscreen\"><\/iframe><br \/>\nJack Daniel\u2019s e McLaren Racing firmam parceria que promete se estender por muitos anos no universo da F\u00f3rmula 1. Trata-se do patroc\u00ednio oficial de Jack Daniel\u2019s Tennessee Whiskey \u00e0 equipe McLaren a partir de 2023. Com mais de 155 anos de tradi\u00e7\u00e3o na fabrica\u00e7\u00e3o de whiskey, Jack Daniel\u2019s entra pela primeira vez na F\u00f3rmula 1 ao lado de uma equipe de extrema representatividade para refor\u00e7ar sua presen\u00e7a global e impactar novos consumidores.<\/p>\n<p>\u201cA nossa entrada no universo da F\u00f3rmula 1 com a McLaren Racing refor\u00e7a nossa vis\u00e3o de tornar Jack Daniel\u2019s a marca de destilados mais ic\u00f4nica do mundo\u201d, diz Sophia Angelis, vice-presidente s\u00eanior e diretora global da Jack Daniel\u2019s. \u201cJack Daniel\u2019s e McLaren Racing sempre foram marcas ousadas e confiantes. Estamos empolgados com a magnitude que essa parceria traz para a marca, por poder levar nossa mensagem de consumo respons\u00e1vel para um novo p\u00fablico e cativar f\u00e3s no mundo todo\u201d, comenta a executiva.<\/p>\n<p>A marca Jack Daniel\u2019s estar\u00e1 estampada na dianteira (nariz) dos carros de F1 da McLaren, bem como no macac\u00e3o dos pilotos e nos capacetes da equipe de pit stops. A grande estreia ser\u00e1 marcada tamb\u00e9m por eventos e ativa\u00e7\u00f5es nas principais lojas de varejo, al\u00e9m de a\u00e7\u00f5es de marketing e merchandising, como o lan\u00e7amento de uma garrafa de edi\u00e7\u00e3o limitada, que ser\u00e1 vendida em mercados selecionados no pr\u00f3ximo ano.<\/p>\n<p>\u201cEstamos entusiasmados em receber Jack Daniel\u2019s no time McLaren F1\u201d, comenta Zak Brown, CEO da McLaren Racing. \u201cJuntos, buscaremos alcan\u00e7ar novos p\u00fablicos, al\u00e9m de realizar uma variedade de eventos. Em 2023, comemoramos os 60 anos da McLaren e estamos animados em comemorar ao lado de uma marca ic\u00f4nica como a Jack\u201d, finaliza Zak.<\/p>\n<p><iframe style=\"width: 100%; max-width: 660px; overflow: hidden; background: transparent;\" src=\"https:\/\/embed.podcasts.apple.com\/br\/podcast\/podcast-cidademarketing\/id1371923283\" height=\"450\" frameborder=\"0\" sandbox=\"allow-forms allow-popups allow-same-origin allow-scripts allow-storage-access-by-user-activation allow-top-navigation-by-user-activation\"><\/iframe><\/p>\n","protected":false},"excerpt":{"rendered":"<p>Jack Daniel\u2019s e McLaren Racing firmam parceria que promete se estender por muitos anos no universo da F\u00f3rmula 1. Trata-se do patroc\u00ednio oficial de Jack Daniel\u2019s Tennessee Whiskey \u00e0 equipe McLaren a partir de 2023. Com mais de 155 anos de tradi\u00e7\u00e3o na fabrica\u00e7\u00e3o de whiskey, Jack Daniel\u2019s entra pela primeira vez na F\u00f3rmula 1 [&hellip;]<\/p>\n","protected":false},"author":1,"featured_media":38219,"comment_status":"open","ping_status":"open","sticky":false,"template":"","format":"standard","meta":{"tdm_status":"","tdm_grid_status":"","footnotes":""},"categories":[6],"tags":[786,33,405,4091,778,28,5514],"class_list":["post-38218","post","type-post","status-publish","format-standard","has-post-thumbnail","hentry","category-noticias","tag-esporte","tag-estrategia","tag-f1","tag-formula-1","tag-jack-daniels","tag-marketing","tag-mclaren"],"yoast_head":"<!-- This site is optimized with the Yoast SEO plugin v27.5 - https:\/\/yoast.com\/product\/yoast-seo-wordpress\/ -->\n<title>Jack Daniel\u2019s \u00e9 a nova patrocinadora do time da McLaren na F\u00f3rmula 1 - CidadeMarketing<\/title>\n<meta name=\"robots\" content=\"index, follow, max-snippet:-1, max-image-preview:large, max-video-preview:-1\" \/>\n<link rel=\"canonical\" href=\"https:\/\/www.cidademarketing.com.br\/marketing\/2022\/09\/16\/jack-daniels-e-a-nova-patrocinadora-do-time-da-mclaren-na-formula-1\/\" \/>\n<meta property=\"og:locale\" content=\"pt_BR\" \/>\n<meta property=\"og:type\" content=\"article\" \/>\n<meta property=\"og:title\" content=\"Jack Daniel\u2019s \u00e9 a nova patrocinadora do time da McLaren na F\u00f3rmula 1 - CidadeMarketing\" \/>\n<meta property=\"og:description\" content=\"Jack Daniel\u2019s e McLaren Racing firmam parceria que promete se estender por muitos anos no universo da F\u00f3rmula 1. Trata-se do patroc\u00ednio oficial de Jack Daniel\u2019s Tennessee Whiskey \u00e0 equipe McLaren a partir de 2023. Com mais de 155 anos de tradi\u00e7\u00e3o na fabrica\u00e7\u00e3o de whiskey, Jack Daniel\u2019s entra pela primeira vez na F\u00f3rmula 1 [&hellip;]\" \/>\n<meta property=\"og:url\" content=\"https:\/\/www.cidademarketing.com.br\/marketing\/2022\/09\/16\/jack-daniels-e-a-nova-patrocinadora-do-time-da-mclaren-na-formula-1\/\" \/>\n<meta property=\"og:site_name\" content=\"CidadeMarketing\" \/>\n<meta property=\"article:publisher\" content=\"https:\/\/www.facebook.com\/portalcidademarketing\" \/>\n<meta property=\"article:author\" content=\"https:\/\/www.facebook.com\/thalesbrandao\" \/>\n<meta property=\"article:published_time\" content=\"2022-09-16T16:53:16+00:00\" \/>\n<meta property=\"og:image\" content=\"https:\/\/www.cidademarketing.com.br\/marketing\/wp-content\/uploads\/2022\/09\/jackdaniels_mclaren.jpg\" \/>\n\t<meta property=\"og:image:width\" content=\"1600\" \/>\n\t<meta property=\"og:image:height\" content=\"1066\" \/>\n\t<meta property=\"og:image:type\" content=\"image\/jpeg\" \/>\n<meta name=\"author\" content=\"Thales Brand\u00e3o\" \/>\n<meta name=\"twitter:card\" content=\"summary_large_image\" \/>\n<meta name=\"twitter:creator\" content=\"@http:\/\/www.twitter.com\/thalesbrandao\" \/>\n<meta name=\"twitter:site\" content=\"@CidadeMarketing\" \/>\n<meta name=\"twitter:label1\" content=\"Escrito por\" \/>\n\t<meta name=\"twitter:data1\" content=\"Thales Brand\u00e3o\" \/>\n\t<meta name=\"twitter:label2\" content=\"Est. tempo de leitura\" \/>\n\t<meta name=\"twitter:data2\" content=\"2 minutos\" \/>\n<script type=\"application\/ld+json\" class=\"yoast-schema-graph\">{\"@context\":\"https:\\\/\\\/schema.org\",\"@graph\":[{\"@type\":\"Article\",\"@id\":\"https:\\\/\\\/www.cidademarketing.com.br\\\/marketing\\\/2022\\\/09\\\/16\\\/jack-daniels-e-a-nova-patrocinadora-do-time-da-mclaren-na-formula-1\\\/#article\",\"isPartOf\":{\"@id\":\"https:\\\/\\\/www.cidademarketing.com.br\\\/marketing\\\/2022\\\/09\\\/16\\\/jack-daniels-e-a-nova-patrocinadora-do-time-da-mclaren-na-formula-1\\\/\"},\"author\":{\"name\":\"Thales Brand\u00e3o\",\"@id\":\"https:\\\/\\\/www.cidademarketing.com.br\\\/marketing\\\/#\\\/schema\\\/person\\\/02daff9f18bd9378c9e01eb6b2db155f\"},\"headline\":\"Jack Daniel\u2019s \u00e9 a nova patrocinadora do time da McLaren na F\u00f3rmula 1\",\"datePublished\":\"2022-09-16T16:53:16+00:00\",\"mainEntityOfPage\":{\"@id\":\"https:\\\/\\\/www.cidademarketing.com.br\\\/marketing\\\/2022\\\/09\\\/16\\\/jack-daniels-e-a-nova-patrocinadora-do-time-da-mclaren-na-formula-1\\\/\"},\"wordCount\":316,\"commentCount\":0,\"publisher\":{\"@id\":\"https:\\\/\\\/www.cidademarketing.com.br\\\/marketing\\\/#organization\"},\"image\":{\"@id\":\"https:\\\/\\\/www.cidademarketing.com.br\\\/marketing\\\/2022\\\/09\\\/16\\\/jack-daniels-e-a-nova-patrocinadora-do-time-da-mclaren-na-formula-1\\\/#primaryimage\"},\"thumbnailUrl\":\"https:\\\/\\\/www.cidademarketing.com.br\\\/marketing\\\/wp-content\\\/uploads\\\/2022\\\/09\\\/jackdaniels_mclaren.jpg\",\"keywords\":[\"esporte\",\"estrat\u00e9gia\",\"F1\",\"F\u00f3rmula 1\",\"Jack Daniel\u00b4s\",\"marketing\",\"McLaren\"],\"articleSection\":[\"Not\u00edcias\"],\"inLanguage\":\"pt-BR\",\"potentialAction\":[{\"@type\":\"CommentAction\",\"name\":\"Comment\",\"target\":[\"https:\\\/\\\/www.cidademarketing.com.br\\\/marketing\\\/2022\\\/09\\\/16\\\/jack-daniels-e-a-nova-patrocinadora-do-time-da-mclaren-na-formula-1\\\/#respond\"]}]},{\"@type\":\"WebPage\",\"@id\":\"https:\\\/\\\/www.cidademarketing.com.br\\\/marketing\\\/2022\\\/09\\\/16\\\/jack-daniels-e-a-nova-patrocinadora-do-time-da-mclaren-na-formula-1\\\/\",\"url\":\"https:\\\/\\\/www.cidademarketing.com.br\\\/marketing\\\/2022\\\/09\\\/16\\\/jack-daniels-e-a-nova-patrocinadora-do-time-da-mclaren-na-formula-1\\\/\",\"name\":\"Jack Daniel\u2019s \u00e9 a nova patrocinadora do time da McLaren na F\u00f3rmula 1 - CidadeMarketing\",\"isPartOf\":{\"@id\":\"https:\\\/\\\/www.cidademarketing.com.br\\\/marketing\\\/#website\"},\"primaryImageOfPage\":{\"@id\":\"https:\\\/\\\/www.cidademarketing.com.br\\\/marketing\\\/2022\\\/09\\\/16\\\/jack-daniels-e-a-nova-patrocinadora-do-time-da-mclaren-na-formula-1\\\/#primaryimage\"},\"image\":{\"@id\":\"https:\\\/\\\/www.cidademarketing.com.br\\\/marketing\\\/2022\\\/09\\\/16\\\/jack-daniels-e-a-nova-patrocinadora-do-time-da-mclaren-na-formula-1\\\/#primaryimage\"},\"thumbnailUrl\":\"https:\\\/\\\/www.cidademarketing.com.br\\\/marketing\\\/wp-content\\\/uploads\\\/2022\\\/09\\\/jackdaniels_mclaren.jpg\",\"datePublished\":\"2022-09-16T16:53:16+00:00\",\"breadcrumb\":{\"@id\":\"https:\\\/\\\/www.cidademarketing.com.br\\\/marketing\\\/2022\\\/09\\\/16\\\/jack-daniels-e-a-nova-patrocinadora-do-time-da-mclaren-na-formula-1\\\/#breadcrumb\"},\"inLanguage\":\"pt-BR\",\"potentialAction\":[{\"@type\":\"ReadAction\",\"target\":[\"https:\\\/\\\/www.cidademarketing.com.br\\\/marketing\\\/2022\\\/09\\\/16\\\/jack-daniels-e-a-nova-patrocinadora-do-time-da-mclaren-na-formula-1\\\/\"]}]},{\"@type\":\"ImageObject\",\"inLanguage\":\"pt-BR\",\"@id\":\"https:\\\/\\\/www.cidademarketing.com.br\\\/marketing\\\/2022\\\/09\\\/16\\\/jack-daniels-e-a-nova-patrocinadora-do-time-da-mclaren-na-formula-1\\\/#primaryimage\",\"url\":\"https:\\\/\\\/www.cidademarketing.com.br\\\/marketing\\\/wp-content\\\/uploads\\\/2022\\\/09\\\/jackdaniels_mclaren.jpg\",\"contentUrl\":\"https:\\\/\\\/www.cidademarketing.com.br\\\/marketing\\\/wp-content\\\/uploads\\\/2022\\\/09\\\/jackdaniels_mclaren.jpg\",\"width\":1600,\"height\":1066},{\"@type\":\"BreadcrumbList\",\"@id\":\"https:\\\/\\\/www.cidademarketing.com.br\\\/marketing\\\/2022\\\/09\\\/16\\\/jack-daniels-e-a-nova-patrocinadora-do-time-da-mclaren-na-formula-1\\\/#breadcrumb\",\"itemListElement\":[{\"@type\":\"ListItem\",\"position\":1,\"name\":\"In\u00edcio\",\"item\":\"https:\\\/\\\/www.cidademarketing.com.br\\\/marketing\\\/\"},{\"@type\":\"ListItem\",\"position\":2,\"name\":\"Jack Daniel\u2019s \u00e9 a nova patrocinadora do time da McLaren na F\u00f3rmula 1\"}]},{\"@type\":\"WebSite\",\"@id\":\"https:\\\/\\\/www.cidademarketing.com.br\\\/marketing\\\/#website\",\"url\":\"https:\\\/\\\/www.cidademarketing.com.br\\\/marketing\\\/\",\"name\":\"CidadeMarketing\",\"description\":\"Somos um ve\u00edculo de comunica\u00e7\u00e3o de destaque no Brasil, reconhecido por conte\u00fados nos segmentos de marketing, empreendedorismo e inova\u00e7\u00e3o.\",\"publisher\":{\"@id\":\"https:\\\/\\\/www.cidademarketing.com.br\\\/marketing\\\/#organization\"},\"alternateName\":\"CidadeMarketing\",\"potentialAction\":[{\"@type\":\"SearchAction\",\"target\":{\"@type\":\"EntryPoint\",\"urlTemplate\":\"https:\\\/\\\/www.cidademarketing.com.br\\\/marketing\\\/?s={search_term_string}\"},\"query-input\":{\"@type\":\"PropertyValueSpecification\",\"valueRequired\":true,\"valueName\":\"search_term_string\"}}],\"inLanguage\":\"pt-BR\"},{\"@type\":\"Organization\",\"@id\":\"https:\\\/\\\/www.cidademarketing.com.br\\\/marketing\\\/#organization\",\"name\":\"CidadeMarketing\",\"alternateName\":\"CidadeMarketing\",\"url\":\"https:\\\/\\\/www.cidademarketing.com.br\\\/marketing\\\/\",\"logo\":{\"@type\":\"ImageObject\",\"inLanguage\":\"pt-BR\",\"@id\":\"https:\\\/\\\/www.cidademarketing.com.br\\\/marketing\\\/#\\\/schema\\\/logo\\\/image\\\/\",\"url\":\"https:\\\/\\\/www.cidademarketing.com.br\\\/marketing\\\/wp-content\\\/uploads\\\/2020\\\/01\\\/cidademarketing_marca_mobile.png\",\"contentUrl\":\"https:\\\/\\\/www.cidademarketing.com.br\\\/marketing\\\/wp-content\\\/uploads\\\/2020\\\/01\\\/cidademarketing_marca_mobile.png\",\"width\":230,\"height\":92,\"caption\":\"CidadeMarketing\"},\"image\":{\"@id\":\"https:\\\/\\\/www.cidademarketing.com.br\\\/marketing\\\/#\\\/schema\\\/logo\\\/image\\\/\"},\"sameAs\":[\"https:\\\/\\\/www.facebook.com\\\/portalcidademarketing\",\"https:\\\/\\\/x.com\\\/CidadeMarketing\",\"https:\\\/\\\/www.instagram.com\\\/cidademarketing\\\/\"]},{\"@type\":\"Person\",\"@id\":\"https:\\\/\\\/www.cidademarketing.com.br\\\/marketing\\\/#\\\/schema\\\/person\\\/02daff9f18bd9378c9e01eb6b2db155f\",\"name\":\"Thales Brand\u00e3o\",\"image\":{\"@type\":\"ImageObject\",\"inLanguage\":\"pt-BR\",\"@id\":\"https:\\\/\\\/secure.gravatar.com\\\/avatar\\\/7ca3206950207cc3cb48feec56a8a7898741ab725c368d99d5d7a5a50aab80c6?s=96&d=mm&r=g\",\"url\":\"https:\\\/\\\/secure.gravatar.com\\\/avatar\\\/7ca3206950207cc3cb48feec56a8a7898741ab725c368d99d5d7a5a50aab80c6?s=96&d=mm&r=g\",\"contentUrl\":\"https:\\\/\\\/secure.gravatar.com\\\/avatar\\\/7ca3206950207cc3cb48feec56a8a7898741ab725c368d99d5d7a5a50aab80c6?s=96&d=mm&r=g\",\"caption\":\"Thales Brand\u00e3o\"},\"description\":\"Editor Executivo do Portal CidadeMarketing.com.br &gt; Mestre em Comunica\u00e7\u00e3o e Sociedade pela Universidade Federal de Sergipe. Possui MBA Executivo em Administra\u00e7\u00e3o com \u00eanfase em Marketing pela Funda\u00e7\u00e3o Get\u00falio Vargas - Rio de Janeiro. Consultor, Palestrante e Pesquisador sobre Empreendedorismo, Marketing, Redes Sociais e Neg\u00f3cios Digitais. Professor, Palestrante TedxTalks e Campus Party. Twitter: @ThalesBrandao\",\"sameAs\":[\"http:\\\/\\\/www.mandacaru.com.br\",\"https:\\\/\\\/www.facebook.com\\\/thalesbrandao\",\"http:\\\/\\\/www.instagram.com.br\\\/thalesbrandaoferreira\",\"https:\\\/\\\/www.linkedin.com\\\/in\\\/thales-brand\u00e3o-3948609\\\/\",\"https:\\\/\\\/x.com\\\/http:\\\/\\\/www.twitter.com\\\/thalesbrandao\"],\"url\":\"https:\\\/\\\/www.cidademarketing.com.br\\\/marketing\\\/author\\\/thalesbrandao\\\/\"}]}<\/script>\n<!-- \/ Yoast SEO plugin. -->","yoast_head_json":{"title":"Jack Daniel\u2019s \u00e9 a nova patrocinadora do time da McLaren na F\u00f3rmula 1 - CidadeMarketing","robots":{"index":"index","follow":"follow","max-snippet":"max-snippet:-1","max-image-preview":"max-image-preview:large","max-video-preview":"max-video-preview:-1"},"canonical":"https:\/\/www.cidademarketing.com.br\/marketing\/2022\/09\/16\/jack-daniels-e-a-nova-patrocinadora-do-time-da-mclaren-na-formula-1\/","og_locale":"pt_BR","og_type":"article","og_title":"Jack Daniel\u2019s \u00e9 a nova patrocinadora do time da McLaren na F\u00f3rmula 1 - CidadeMarketing","og_description":"Jack Daniel\u2019s e McLaren Racing firmam parceria que promete se estender por muitos anos no universo da F\u00f3rmula 1. Trata-se do patroc\u00ednio oficial de Jack Daniel\u2019s Tennessee Whiskey \u00e0 equipe McLaren a partir de 2023. Com mais de 155 anos de tradi\u00e7\u00e3o na fabrica\u00e7\u00e3o de whiskey, Jack Daniel\u2019s entra pela primeira vez na F\u00f3rmula 1 [&hellip;]","og_url":"https:\/\/www.cidademarketing.com.br\/marketing\/2022\/09\/16\/jack-daniels-e-a-nova-patrocinadora-do-time-da-mclaren-na-formula-1\/","og_site_name":"CidadeMarketing","article_publisher":"https:\/\/www.facebook.com\/portalcidademarketing","article_author":"https:\/\/www.facebook.com\/thalesbrandao","article_published_time":"2022-09-16T16:53:16+00:00","og_image":[{"width":1600,"height":1066,"url":"https:\/\/www.cidademarketing.com.br\/marketing\/wp-content\/uploads\/2022\/09\/jackdaniels_mclaren.jpg","type":"image\/jpeg"}],"author":"Thales Brand\u00e3o","twitter_card":"summary_large_image","twitter_creator":"@http:\/\/www.twitter.com\/thalesbrandao","twitter_site":"@CidadeMarketing","twitter_misc":{"Escrito por":"Thales Brand\u00e3o","Est. tempo de leitura":"2 minutos"},"schema":{"@context":"https:\/\/schema.org","@graph":[{"@type":"Article","@id":"https:\/\/www.cidademarketing.com.br\/marketing\/2022\/09\/16\/jack-daniels-e-a-nova-patrocinadora-do-time-da-mclaren-na-formula-1\/#article","isPartOf":{"@id":"https:\/\/www.cidademarketing.com.br\/marketing\/2022\/09\/16\/jack-daniels-e-a-nova-patrocinadora-do-time-da-mclaren-na-formula-1\/"},"author":{"name":"Thales Brand\u00e3o","@id":"https:\/\/www.cidademarketing.com.br\/marketing\/#\/schema\/person\/02daff9f18bd9378c9e01eb6b2db155f"},"headline":"Jack Daniel\u2019s \u00e9 a nova patrocinadora do time da McLaren na F\u00f3rmula 1","datePublished":"2022-09-16T16:53:16+00:00","mainEntityOfPage":{"@id":"https:\/\/www.cidademarketing.com.br\/marketing\/2022\/09\/16\/jack-daniels-e-a-nova-patrocinadora-do-time-da-mclaren-na-formula-1\/"},"wordCount":316,"commentCount":0,"publisher":{"@id":"https:\/\/www.cidademarketing.com.br\/marketing\/#organization"},"image":{"@id":"https:\/\/www.cidademarketing.com.br\/marketing\/2022\/09\/16\/jack-daniels-e-a-nova-patrocinadora-do-time-da-mclaren-na-formula-1\/#primaryimage"},"thumbnailUrl":"https:\/\/www.cidademarketing.com.br\/marketing\/wp-content\/uploads\/2022\/09\/jackdaniels_mclaren.jpg","keywords":["esporte","estrat\u00e9gia","F1","F\u00f3rmula 1","Jack Daniel\u00b4s","marketing","McLaren"],"articleSection":["Not\u00edcias"],"inLanguage":"pt-BR","potentialAction":[{"@type":"CommentAction","name":"Comment","target":["https:\/\/www.cidademarketing.com.br\/marketing\/2022\/09\/16\/jack-daniels-e-a-nova-patrocinadora-do-time-da-mclaren-na-formula-1\/#respond"]}]},{"@type":"WebPage","@id":"https:\/\/www.cidademarketing.com.br\/marketing\/2022\/09\/16\/jack-daniels-e-a-nova-patrocinadora-do-time-da-mclaren-na-formula-1\/","url":"https:\/\/www.cidademarketing.com.br\/marketing\/2022\/09\/16\/jack-daniels-e-a-nova-patrocinadora-do-time-da-mclaren-na-formula-1\/","name":"Jack Daniel\u2019s \u00e9 a nova patrocinadora do time da McLaren na F\u00f3rmula 1 - CidadeMarketing","isPartOf":{"@id":"https:\/\/www.cidademarketing.com.br\/marketing\/#website"},"primaryImageOfPage":{"@id":"https:\/\/www.cidademarketing.com.br\/marketing\/2022\/09\/16\/jack-daniels-e-a-nova-patrocinadora-do-time-da-mclaren-na-formula-1\/#primaryimage"},"image":{"@id":"https:\/\/www.cidademarketing.com.br\/marketing\/2022\/09\/16\/jack-daniels-e-a-nova-patrocinadora-do-time-da-mclaren-na-formula-1\/#primaryimage"},"thumbnailUrl":"https:\/\/www.cidademarketing.com.br\/marketing\/wp-content\/uploads\/2022\/09\/jackdaniels_mclaren.jpg","datePublished":"2022-09-16T16:53:16+00:00","breadcrumb":{"@id":"https:\/\/www.cidademarketing.com.br\/marketing\/2022\/09\/16\/jack-daniels-e-a-nova-patrocinadora-do-time-da-mclaren-na-formula-1\/#breadcrumb"},"inLanguage":"pt-BR","potentialAction":[{"@type":"ReadAction","target":["https:\/\/www.cidademarketing.com.br\/marketing\/2022\/09\/16\/jack-daniels-e-a-nova-patrocinadora-do-time-da-mclaren-na-formula-1\/"]}]},{"@type":"ImageObject","inLanguage":"pt-BR","@id":"https:\/\/www.cidademarketing.com.br\/marketing\/2022\/09\/16\/jack-daniels-e-a-nova-patrocinadora-do-time-da-mclaren-na-formula-1\/#primaryimage","url":"https:\/\/www.cidademarketing.com.br\/marketing\/wp-content\/uploads\/2022\/09\/jackdaniels_mclaren.jpg","contentUrl":"https:\/\/www.cidademarketing.com.br\/marketing\/wp-content\/uploads\/2022\/09\/jackdaniels_mclaren.jpg","width":1600,"height":1066},{"@type":"BreadcrumbList","@id":"https:\/\/www.cidademarketing.com.br\/marketing\/2022\/09\/16\/jack-daniels-e-a-nova-patrocinadora-do-time-da-mclaren-na-formula-1\/#breadcrumb","itemListElement":[{"@type":"ListItem","position":1,"name":"In\u00edcio","item":"https:\/\/www.cidademarketing.com.br\/marketing\/"},{"@type":"ListItem","position":2,"name":"Jack Daniel\u2019s \u00e9 a nova patrocinadora do time da McLaren na F\u00f3rmula 1"}]},{"@type":"WebSite","@id":"https:\/\/www.cidademarketing.com.br\/marketing\/#website","url":"https:\/\/www.cidademarketing.com.br\/marketing\/","name":"CidadeMarketing","description":"Somos um ve\u00edculo de comunica\u00e7\u00e3o de destaque no Brasil, reconhecido por conte\u00fados nos segmentos de marketing, empreendedorismo e inova\u00e7\u00e3o.","publisher":{"@id":"https:\/\/www.cidademarketing.com.br\/marketing\/#organization"},"alternateName":"CidadeMarketing","potentialAction":[{"@type":"SearchAction","target":{"@type":"EntryPoint","urlTemplate":"https:\/\/www.cidademarketing.com.br\/marketing\/?s={search_term_string}"},"query-input":{"@type":"PropertyValueSpecification","valueRequired":true,"valueName":"search_term_string"}}],"inLanguage":"pt-BR"},{"@type":"Organization","@id":"https:\/\/www.cidademarketing.com.br\/marketing\/#organization","name":"CidadeMarketing","alternateName":"CidadeMarketing","url":"https:\/\/www.cidademarketing.com.br\/marketing\/","logo":{"@type":"ImageObject","inLanguage":"pt-BR","@id":"https:\/\/www.cidademarketing.com.br\/marketing\/#\/schema\/logo\/image\/","url":"https:\/\/www.cidademarketing.com.br\/marketing\/wp-content\/uploads\/2020\/01\/cidademarketing_marca_mobile.png","contentUrl":"https:\/\/www.cidademarketing.com.br\/marketing\/wp-content\/uploads\/2020\/01\/cidademarketing_marca_mobile.png","width":230,"height":92,"caption":"CidadeMarketing"},"image":{"@id":"https:\/\/www.cidademarketing.com.br\/marketing\/#\/schema\/logo\/image\/"},"sameAs":["https:\/\/www.facebook.com\/portalcidademarketing","https:\/\/x.com\/CidadeMarketing","https:\/\/www.instagram.com\/cidademarketing\/"]},{"@type":"Person","@id":"https:\/\/www.cidademarketing.com.br\/marketing\/#\/schema\/person\/02daff9f18bd9378c9e01eb6b2db155f","name":"Thales Brand\u00e3o","image":{"@type":"ImageObject","inLanguage":"pt-BR","@id":"https:\/\/secure.gravatar.com\/avatar\/7ca3206950207cc3cb48feec56a8a7898741ab725c368d99d5d7a5a50aab80c6?s=96&d=mm&r=g","url":"https:\/\/secure.gravatar.com\/avatar\/7ca3206950207cc3cb48feec56a8a7898741ab725c368d99d5d7a5a50aab80c6?s=96&d=mm&r=g","contentUrl":"https:\/\/secure.gravatar.com\/avatar\/7ca3206950207cc3cb48feec56a8a7898741ab725c368d99d5d7a5a50aab80c6?s=96&d=mm&r=g","caption":"Thales Brand\u00e3o"},"description":"Editor Executivo do Portal CidadeMarketing.com.br &gt; Mestre em Comunica\u00e7\u00e3o e Sociedade pela Universidade Federal de Sergipe. Possui MBA Executivo em Administra\u00e7\u00e3o com \u00eanfase em Marketing pela Funda\u00e7\u00e3o Get\u00falio Vargas - Rio de Janeiro. Consultor, Palestrante e Pesquisador sobre Empreendedorismo, Marketing, Redes Sociais e Neg\u00f3cios Digitais. Professor, Palestrante TedxTalks e Campus Party. Twitter: @ThalesBrandao","sameAs":["http:\/\/www.mandacaru.com.br","https:\/\/www.facebook.com\/thalesbrandao","http:\/\/www.instagram.com.br\/thalesbrandaoferreira","https:\/\/www.linkedin.com\/in\/thales-brand\u00e3o-3948609\/","https:\/\/x.com\/http:\/\/www.twitter.com\/thalesbrandao"],"url":"https:\/\/www.cidademarketing.com.br\/marketing\/author\/thalesbrandao\/"}]}},"amp_enabled":true,"_links":{"self":[{"href":"https:\/\/www.cidademarketing.com.br\/marketing\/wp-json\/wp\/v2\/posts\/38218","targetHints":{"allow":["GET"]}}],"collection":[{"href":"https:\/\/www.cidademarketing.com.br\/marketing\/wp-json\/wp\/v2\/posts"}],"about":[{"href":"https:\/\/www.cidademarketing.com.br\/marketing\/wp-json\/wp\/v2\/types\/post"}],"author":[{"embeddable":true,"href":"https:\/\/www.cidademarketing.com.br\/marketing\/wp-json\/wp\/v2\/users\/1"}],"replies":[{"embeddable":true,"href":"https:\/\/www.cidademarketing.com.br\/marketing\/wp-json\/wp\/v2\/comments?post=38218"}],"version-history":[{"count":1,"href":"https:\/\/www.cidademarketing.com.br\/marketing\/wp-json\/wp\/v2\/posts\/38218\/revisions"}],"predecessor-version":[{"id":38220,"href":"https:\/\/www.cidademarketing.com.br\/marketing\/wp-json\/wp\/v2\/posts\/38218\/revisions\/38220"}],"wp:featuredmedia":[{"embeddable":true,"href":"https:\/\/www.cidademarketing.com.br\/marketing\/wp-json\/wp\/v2\/media\/38219"}],"wp:attachment":[{"href":"https:\/\/www.cidademarketing.com.br\/marketing\/wp-json\/wp\/v2\/media?parent=38218"}],"wp:term":[{"taxonomy":"category","embeddable":true,"href":"https:\/\/www.cidademarketing.com.br\/marketing\/wp-json\/wp\/v2\/categories?post=38218"},{"taxonomy":"post_tag","embeddable":true,"href":"https:\/\/www.cidademarketing.com.br\/marketing\/wp-json\/wp\/v2\/tags?post=38218"}],"curies":[{"name":"wp","href":"https:\/\/api.w.org\/{rel}","templated":true}]}}