{"id":38184,"date":"2022-09-14T21:57:27","date_gmt":"2022-09-15T00:57:27","guid":{"rendered":"https:\/\/www.cidademarketing.com.br\/marketing\/?p=38184"},"modified":"2022-09-14T21:57:27","modified_gmt":"2022-09-15T00:57:27","slug":"liza-e-pomarola-vestem-rosa-para-conscientizacao-sobre-cancer-de-mama","status":"publish","type":"post","link":"https:\/\/www.cidademarketing.com.br\/marketing\/2022\/09\/14\/liza-e-pomarola-vestem-rosa-para-conscientizacao-sobre-cancer-de-mama\/","title":{"rendered":"Liza e Pomarola vestem rosa para conscientiza\u00e7\u00e3o sobre c\u00e2ncer de mama"},"content":{"rendered":"<p><iframe style=\"border-radius: 12px;\" src=\"https:\/\/open.spotify.com\/embed\/show\/4khMKzP3FgFRWVwb73xicc?utm_source=generator&amp;t=0\" width=\"100%\" height=\"232\" frameborder=\"0\" allowfullscreen=\"allowfullscreen\"><\/iframe><br \/>\nCuidado e informa\u00e7\u00e3o por meio da alimenta\u00e7\u00e3o: a partir desse conceito, a Cargill Foods vai levar para as g\u00f4ndolas novas embalagens do \u00f3leo Liza Soja e do Molho de tomate Pomarola em refer\u00eancia ao Outubro Rosa, m\u00eas de conscientiza\u00e7\u00e3o sobre preven\u00e7\u00e3o e controle do c\u00e2ncer de mama.<br \/>\nEscolhidos por sua alta popularidade nas cozinhas brasileiras, os produtos chegar\u00e3o aos supermercados como uma edi\u00e7\u00e3o especial, a partir do fim de setembro e durante todo o m\u00eas de outubro. O tradicional amarelo estampado no r\u00f3tulo do Liza Soja dar\u00e1 lugar \u00e0 cor rosa, e o Molho de tomate Pomarola chegar\u00e1 com uma faixa na cor s\u00edmbolo da campanha. As embalagens tamb\u00e9m levar\u00e3o informa\u00e7\u00e3o sobre a doen\u00e7a e a import\u00e2ncia do diagn\u00f3stico precoce. Al\u00e9m disso, nas redes sociais das marcas, o consumidor ter\u00e1 acesso a conte\u00fados exclusivos sobre autoexame, preven\u00e7\u00e3o e cuidados.<br \/>\nEsta a\u00e7\u00e3o est\u00e1 em sinergia com as marcas, j\u00e1 que a presen\u00e7a \u00e9 majorit\u00e1ria em lares de fam\u00edlias com mulheres na faixa et\u00e1ria de risco de c\u00e2ncer de mama. \u201cA conscientiza\u00e7\u00e3o promovida durante o Outubro Rosa est\u00e1 alinhada aos nossos valores corporativos, como o de colocar as pessoas em primeiro lugar. E as marcas Liza e Pomarola tamb\u00e9m se conectam com o bem-estar dos consumidores, j\u00e1 que a alimenta\u00e7\u00e3o, sabor e saudabilidade se tornaram quase sin\u00f4nimos nos \u00faltimos anos\u201d, explica Esdras Junior, L\u00edder de Marketing da Cargill Foods.<\/p>\n<p><img decoding=\"async\" class=\"size-medium wp-image-38186 aligncenter\" src=\"https:\/\/www.cidademarketing.com.br\/marketing\/wp-content\/uploads\/2022\/09\/Oleo-Liza_Outubro-Rosa_imprensa-109x300.png\" alt=\"\" width=\"109\" height=\"300\" srcset=\"https:\/\/www.cidademarketing.com.br\/marketing\/wp-content\/uploads\/2022\/09\/Oleo-Liza_Outubro-Rosa_imprensa-109x300.png 109w, https:\/\/www.cidademarketing.com.br\/marketing\/wp-content\/uploads\/2022\/09\/Oleo-Liza_Outubro-Rosa_imprensa-373x1024.png 373w, https:\/\/www.cidademarketing.com.br\/marketing\/wp-content\/uploads\/2022\/09\/Oleo-Liza_Outubro-Rosa_imprensa-768x2110.png 768w, https:\/\/www.cidademarketing.com.br\/marketing\/wp-content\/uploads\/2022\/09\/Oleo-Liza_Outubro-Rosa_imprensa-559x1536.png 559w, https:\/\/www.cidademarketing.com.br\/marketing\/wp-content\/uploads\/2022\/09\/Oleo-Liza_Outubro-Rosa_imprensa-745x2048.png 745w, https:\/\/www.cidademarketing.com.br\/marketing\/wp-content\/uploads\/2022\/09\/Oleo-Liza_Outubro-Rosa_imprensa-153x420.png 153w, https:\/\/www.cidademarketing.com.br\/marketing\/wp-content\/uploads\/2022\/09\/Oleo-Liza_Outubro-Rosa_imprensa-640x1758.png 640w, https:\/\/www.cidademarketing.com.br\/marketing\/wp-content\/uploads\/2022\/09\/Oleo-Liza_Outubro-Rosa_imprensa-681x1871.png 681w, https:\/\/www.cidademarketing.com.br\/marketing\/wp-content\/uploads\/2022\/09\/Oleo-Liza_Outubro-Rosa_imprensa.png 1950w\" sizes=\"(max-width: 109px) 100vw, 109px\" \/><\/p>\n<p>A\u00e7\u00e3o conectada<br \/>\nA import\u00e2ncia de reunir ingredientes de alta qualidade, priorizando a saudabilidade dos alimentos, j\u00e1 faz parte da receita de sucesso da Cargill. Com a campanha do Outubro Rosa, a empresa abre novos espa\u00e7os de di\u00e1logos com consumidoras fora da cozinha e contribui para preven\u00e7\u00e3o de uma doen\u00e7a que, segundo o Instituto Nacional de C\u00e2ncer (INCA), s\u00f3 em 2022 deve impactar mais de 66 mil pessoas no Brasil.<br \/>\nA campanha ser\u00e1 realizada de forma f\u00edsica, por meio dos produtos, e tamb\u00e9m de forma digital, por meio das redes sociais de Liza e Pomarola, unindo vozes para compartilhar hist\u00f3rias. Com o tema \u201cCuidado que Vem de Dentro\u201d, ser\u00e1 poss\u00edvel conferir, ao longo do m\u00eas de outubro, uma s\u00e9rie de v\u00eddeos com os temas autocuidado, diagn\u00f3stico, conviv\u00eancia com o c\u00e2ncer e rede de apoio, com a participa\u00e7\u00e3o da ginecologista e influencer Cidinha (@cidinha). A especialista deve abordar os assuntos e conversar com consumidoras das marcas que j\u00e1 passaram pela doen\u00e7a e contar\u00e3o suas hist\u00f3rias de supera\u00e7\u00e3o. Al\u00e9m disso, posts informativos sobre a causa ser\u00e3o trabalhados no feed das redes dos dois produtos.<\/p>\n<p><iframe style=\"width: 100%; max-width: 660px; overflow: hidden; background: transparent;\" src=\"https:\/\/embed.podcasts.apple.com\/br\/podcast\/podcast-cidademarketing\/id1371923283\" height=\"450\" frameborder=\"0\" sandbox=\"allow-forms allow-popups allow-same-origin allow-scripts allow-storage-access-by-user-activation allow-top-navigation-by-user-activation\"><\/iframe><\/p>\n","protected":false},"excerpt":{"rendered":"<p>Cuidado e informa\u00e7\u00e3o por meio da alimenta\u00e7\u00e3o: a partir desse conceito, a Cargill Foods vai levar para as g\u00f4ndolas novas embalagens do \u00f3leo Liza Soja e do Molho de tomate Pomarola em refer\u00eancia ao Outubro Rosa, m\u00eas de conscientiza\u00e7\u00e3o sobre preven\u00e7\u00e3o e controle do c\u00e2ncer de mama. Escolhidos por sua alta popularidade nas cozinhas brasileiras, [&hellip;]<\/p>\n","protected":false},"author":1,"featured_media":38185,"comment_status":"open","ping_status":"open","sticky":false,"template":"","format":"standard","meta":{"tdm_status":"","tdm_grid_status":"","footnotes":""},"categories":[6],"tags":[5509,33,5510,28,177,5511,176],"class_list":["post-38184","post","type-post","status-publish","format-standard","has-post-thumbnail","hentry","category-noticias","tag-cargill","tag-estrategia","tag-liza","tag-marketing","tag-marketing-social","tag-pomarola","tag-sustentabilidade"],"yoast_head":"<!-- This site is optimized with the Yoast SEO plugin v27.5 - https:\/\/yoast.com\/product\/yoast-seo-wordpress\/ -->\n<title>Liza e Pomarola vestem rosa para conscientiza\u00e7\u00e3o sobre c\u00e2ncer de mama - CidadeMarketing<\/title>\n<meta name=\"robots\" content=\"index, follow, max-snippet:-1, max-image-preview:large, max-video-preview:-1\" \/>\n<link rel=\"canonical\" href=\"https:\/\/www.cidademarketing.com.br\/marketing\/2022\/09\/14\/liza-e-pomarola-vestem-rosa-para-conscientizacao-sobre-cancer-de-mama\/\" \/>\n<meta property=\"og:locale\" content=\"pt_BR\" \/>\n<meta property=\"og:type\" content=\"article\" \/>\n<meta property=\"og:title\" content=\"Liza e Pomarola vestem rosa para conscientiza\u00e7\u00e3o sobre c\u00e2ncer de mama - CidadeMarketing\" \/>\n<meta property=\"og:description\" content=\"Cuidado e informa\u00e7\u00e3o por meio da alimenta\u00e7\u00e3o: a partir desse conceito, a Cargill Foods vai levar para as g\u00f4ndolas novas embalagens do \u00f3leo Liza Soja e do Molho de tomate Pomarola em refer\u00eancia ao Outubro Rosa, m\u00eas de conscientiza\u00e7\u00e3o sobre preven\u00e7\u00e3o e controle do c\u00e2ncer de mama. Escolhidos por sua alta popularidade nas cozinhas brasileiras, [&hellip;]\" \/>\n<meta property=\"og:url\" content=\"https:\/\/www.cidademarketing.com.br\/marketing\/2022\/09\/14\/liza-e-pomarola-vestem-rosa-para-conscientizacao-sobre-cancer-de-mama\/\" \/>\n<meta property=\"og:site_name\" content=\"CidadeMarketing\" \/>\n<meta property=\"article:publisher\" content=\"https:\/\/www.facebook.com\/portalcidademarketing\" \/>\n<meta property=\"article:author\" content=\"https:\/\/www.facebook.com\/thalesbrandao\" \/>\n<meta property=\"article:published_time\" content=\"2022-09-15T00:57:27+00:00\" \/>\n<meta property=\"og:image\" content=\"https:\/\/www.cidademarketing.com.br\/marketing\/wp-content\/uploads\/2022\/09\/Pomarola300g_divulgacao-797x1024.png\" \/>\n\t<meta property=\"og:image:width\" content=\"797\" \/>\n\t<meta property=\"og:image:height\" content=\"1024\" \/>\n\t<meta property=\"og:image:type\" content=\"image\/png\" \/>\n<meta name=\"author\" content=\"Thales Brand\u00e3o\" \/>\n<meta name=\"twitter:card\" content=\"summary_large_image\" \/>\n<meta name=\"twitter:creator\" content=\"@http:\/\/www.twitter.com\/thalesbrandao\" \/>\n<meta name=\"twitter:site\" content=\"@CidadeMarketing\" \/>\n<meta name=\"twitter:label1\" content=\"Escrito por\" \/>\n\t<meta name=\"twitter:data1\" content=\"Thales Brand\u00e3o\" \/>\n\t<meta name=\"twitter:label2\" content=\"Est. tempo de leitura\" \/>\n\t<meta name=\"twitter:data2\" content=\"2 minutos\" \/>\n<script type=\"application\/ld+json\" class=\"yoast-schema-graph\">{\"@context\":\"https:\\\/\\\/schema.org\",\"@graph\":[{\"@type\":\"Article\",\"@id\":\"https:\\\/\\\/www.cidademarketing.com.br\\\/marketing\\\/2022\\\/09\\\/14\\\/liza-e-pomarola-vestem-rosa-para-conscientizacao-sobre-cancer-de-mama\\\/#article\",\"isPartOf\":{\"@id\":\"https:\\\/\\\/www.cidademarketing.com.br\\\/marketing\\\/2022\\\/09\\\/14\\\/liza-e-pomarola-vestem-rosa-para-conscientizacao-sobre-cancer-de-mama\\\/\"},\"author\":{\"name\":\"Thales Brand\u00e3o\",\"@id\":\"https:\\\/\\\/www.cidademarketing.com.br\\\/marketing\\\/#\\\/schema\\\/person\\\/02daff9f18bd9378c9e01eb6b2db155f\"},\"headline\":\"Liza e Pomarola vestem rosa para conscientiza\u00e7\u00e3o sobre c\u00e2ncer de mama\",\"datePublished\":\"2022-09-15T00:57:27+00:00\",\"mainEntityOfPage\":{\"@id\":\"https:\\\/\\\/www.cidademarketing.com.br\\\/marketing\\\/2022\\\/09\\\/14\\\/liza-e-pomarola-vestem-rosa-para-conscientizacao-sobre-cancer-de-mama\\\/\"},\"wordCount\":474,\"commentCount\":0,\"publisher\":{\"@id\":\"https:\\\/\\\/www.cidademarketing.com.br\\\/marketing\\\/#organization\"},\"image\":{\"@id\":\"https:\\\/\\\/www.cidademarketing.com.br\\\/marketing\\\/2022\\\/09\\\/14\\\/liza-e-pomarola-vestem-rosa-para-conscientizacao-sobre-cancer-de-mama\\\/#primaryimage\"},\"thumbnailUrl\":\"https:\\\/\\\/www.cidademarketing.com.br\\\/marketing\\\/wp-content\\\/uploads\\\/2022\\\/09\\\/Pomarola300g_divulgacao.png\",\"keywords\":[\"Cargill\",\"estrat\u00e9gia\",\"Liza\",\"marketing\",\"marketing social\",\"Pomarola\",\"sustentabilidade\"],\"articleSection\":[\"Not\u00edcias\"],\"inLanguage\":\"pt-BR\",\"potentialAction\":[{\"@type\":\"CommentAction\",\"name\":\"Comment\",\"target\":[\"https:\\\/\\\/www.cidademarketing.com.br\\\/marketing\\\/2022\\\/09\\\/14\\\/liza-e-pomarola-vestem-rosa-para-conscientizacao-sobre-cancer-de-mama\\\/#respond\"]}]},{\"@type\":\"WebPage\",\"@id\":\"https:\\\/\\\/www.cidademarketing.com.br\\\/marketing\\\/2022\\\/09\\\/14\\\/liza-e-pomarola-vestem-rosa-para-conscientizacao-sobre-cancer-de-mama\\\/\",\"url\":\"https:\\\/\\\/www.cidademarketing.com.br\\\/marketing\\\/2022\\\/09\\\/14\\\/liza-e-pomarola-vestem-rosa-para-conscientizacao-sobre-cancer-de-mama\\\/\",\"name\":\"Liza e Pomarola vestem rosa para conscientiza\u00e7\u00e3o sobre c\u00e2ncer de mama - CidadeMarketing\",\"isPartOf\":{\"@id\":\"https:\\\/\\\/www.cidademarketing.com.br\\\/marketing\\\/#website\"},\"primaryImageOfPage\":{\"@id\":\"https:\\\/\\\/www.cidademarketing.com.br\\\/marketing\\\/2022\\\/09\\\/14\\\/liza-e-pomarola-vestem-rosa-para-conscientizacao-sobre-cancer-de-mama\\\/#primaryimage\"},\"image\":{\"@id\":\"https:\\\/\\\/www.cidademarketing.com.br\\\/marketing\\\/2022\\\/09\\\/14\\\/liza-e-pomarola-vestem-rosa-para-conscientizacao-sobre-cancer-de-mama\\\/#primaryimage\"},\"thumbnailUrl\":\"https:\\\/\\\/www.cidademarketing.com.br\\\/marketing\\\/wp-content\\\/uploads\\\/2022\\\/09\\\/Pomarola300g_divulgacao.png\",\"datePublished\":\"2022-09-15T00:57:27+00:00\",\"breadcrumb\":{\"@id\":\"https:\\\/\\\/www.cidademarketing.com.br\\\/marketing\\\/2022\\\/09\\\/14\\\/liza-e-pomarola-vestem-rosa-para-conscientizacao-sobre-cancer-de-mama\\\/#breadcrumb\"},\"inLanguage\":\"pt-BR\",\"potentialAction\":[{\"@type\":\"ReadAction\",\"target\":[\"https:\\\/\\\/www.cidademarketing.com.br\\\/marketing\\\/2022\\\/09\\\/14\\\/liza-e-pomarola-vestem-rosa-para-conscientizacao-sobre-cancer-de-mama\\\/\"]}]},{\"@type\":\"ImageObject\",\"inLanguage\":\"pt-BR\",\"@id\":\"https:\\\/\\\/www.cidademarketing.com.br\\\/marketing\\\/2022\\\/09\\\/14\\\/liza-e-pomarola-vestem-rosa-para-conscientizacao-sobre-cancer-de-mama\\\/#primaryimage\",\"url\":\"https:\\\/\\\/www.cidademarketing.com.br\\\/marketing\\\/wp-content\\\/uploads\\\/2022\\\/09\\\/Pomarola300g_divulgacao.png\",\"contentUrl\":\"https:\\\/\\\/www.cidademarketing.com.br\\\/marketing\\\/wp-content\\\/uploads\\\/2022\\\/09\\\/Pomarola300g_divulgacao.png\",\"width\":3398,\"height\":4367},{\"@type\":\"BreadcrumbList\",\"@id\":\"https:\\\/\\\/www.cidademarketing.com.br\\\/marketing\\\/2022\\\/09\\\/14\\\/liza-e-pomarola-vestem-rosa-para-conscientizacao-sobre-cancer-de-mama\\\/#breadcrumb\",\"itemListElement\":[{\"@type\":\"ListItem\",\"position\":1,\"name\":\"In\u00edcio\",\"item\":\"https:\\\/\\\/www.cidademarketing.com.br\\\/marketing\\\/\"},{\"@type\":\"ListItem\",\"position\":2,\"name\":\"Liza e Pomarola vestem rosa para conscientiza\u00e7\u00e3o sobre c\u00e2ncer de mama\"}]},{\"@type\":\"WebSite\",\"@id\":\"https:\\\/\\\/www.cidademarketing.com.br\\\/marketing\\\/#website\",\"url\":\"https:\\\/\\\/www.cidademarketing.com.br\\\/marketing\\\/\",\"name\":\"CidadeMarketing\",\"description\":\"Somos um ve\u00edculo de comunica\u00e7\u00e3o de destaque no Brasil, reconhecido por conte\u00fados nos segmentos de marketing, empreendedorismo e inova\u00e7\u00e3o.\",\"publisher\":{\"@id\":\"https:\\\/\\\/www.cidademarketing.com.br\\\/marketing\\\/#organization\"},\"alternateName\":\"CidadeMarketing\",\"potentialAction\":[{\"@type\":\"SearchAction\",\"target\":{\"@type\":\"EntryPoint\",\"urlTemplate\":\"https:\\\/\\\/www.cidademarketing.com.br\\\/marketing\\\/?s={search_term_string}\"},\"query-input\":{\"@type\":\"PropertyValueSpecification\",\"valueRequired\":true,\"valueName\":\"search_term_string\"}}],\"inLanguage\":\"pt-BR\"},{\"@type\":\"Organization\",\"@id\":\"https:\\\/\\\/www.cidademarketing.com.br\\\/marketing\\\/#organization\",\"name\":\"CidadeMarketing\",\"alternateName\":\"CidadeMarketing\",\"url\":\"https:\\\/\\\/www.cidademarketing.com.br\\\/marketing\\\/\",\"logo\":{\"@type\":\"ImageObject\",\"inLanguage\":\"pt-BR\",\"@id\":\"https:\\\/\\\/www.cidademarketing.com.br\\\/marketing\\\/#\\\/schema\\\/logo\\\/image\\\/\",\"url\":\"https:\\\/\\\/www.cidademarketing.com.br\\\/marketing\\\/wp-content\\\/uploads\\\/2020\\\/01\\\/cidademarketing_marca_mobile.png\",\"contentUrl\":\"https:\\\/\\\/www.cidademarketing.com.br\\\/marketing\\\/wp-content\\\/uploads\\\/2020\\\/01\\\/cidademarketing_marca_mobile.png\",\"width\":230,\"height\":92,\"caption\":\"CidadeMarketing\"},\"image\":{\"@id\":\"https:\\\/\\\/www.cidademarketing.com.br\\\/marketing\\\/#\\\/schema\\\/logo\\\/image\\\/\"},\"sameAs\":[\"https:\\\/\\\/www.facebook.com\\\/portalcidademarketing\",\"https:\\\/\\\/x.com\\\/CidadeMarketing\",\"https:\\\/\\\/www.instagram.com\\\/cidademarketing\\\/\"]},{\"@type\":\"Person\",\"@id\":\"https:\\\/\\\/www.cidademarketing.com.br\\\/marketing\\\/#\\\/schema\\\/person\\\/02daff9f18bd9378c9e01eb6b2db155f\",\"name\":\"Thales Brand\u00e3o\",\"image\":{\"@type\":\"ImageObject\",\"inLanguage\":\"pt-BR\",\"@id\":\"https:\\\/\\\/secure.gravatar.com\\\/avatar\\\/7ca3206950207cc3cb48feec56a8a7898741ab725c368d99d5d7a5a50aab80c6?s=96&d=mm&r=g\",\"url\":\"https:\\\/\\\/secure.gravatar.com\\\/avatar\\\/7ca3206950207cc3cb48feec56a8a7898741ab725c368d99d5d7a5a50aab80c6?s=96&d=mm&r=g\",\"contentUrl\":\"https:\\\/\\\/secure.gravatar.com\\\/avatar\\\/7ca3206950207cc3cb48feec56a8a7898741ab725c368d99d5d7a5a50aab80c6?s=96&d=mm&r=g\",\"caption\":\"Thales Brand\u00e3o\"},\"description\":\"Editor Executivo do Portal CidadeMarketing.com.br &gt; Mestre em Comunica\u00e7\u00e3o e Sociedade pela Universidade Federal de Sergipe. Possui MBA Executivo em Administra\u00e7\u00e3o com \u00eanfase em Marketing pela Funda\u00e7\u00e3o Get\u00falio Vargas - Rio de Janeiro. Consultor, Palestrante e Pesquisador sobre Empreendedorismo, Marketing, Redes Sociais e Neg\u00f3cios Digitais. Professor, Palestrante TedxTalks e Campus Party. Twitter: @ThalesBrandao\",\"sameAs\":[\"http:\\\/\\\/www.mandacaru.com.br\",\"https:\\\/\\\/www.facebook.com\\\/thalesbrandao\",\"http:\\\/\\\/www.instagram.com.br\\\/thalesbrandaoferreira\",\"https:\\\/\\\/www.linkedin.com\\\/in\\\/thales-brand\u00e3o-3948609\\\/\",\"https:\\\/\\\/x.com\\\/http:\\\/\\\/www.twitter.com\\\/thalesbrandao\"],\"url\":\"https:\\\/\\\/www.cidademarketing.com.br\\\/marketing\\\/author\\\/thalesbrandao\\\/\"}]}<\/script>\n<!-- \/ Yoast SEO plugin. -->","yoast_head_json":{"title":"Liza e Pomarola vestem rosa para conscientiza\u00e7\u00e3o sobre c\u00e2ncer de mama - CidadeMarketing","robots":{"index":"index","follow":"follow","max-snippet":"max-snippet:-1","max-image-preview":"max-image-preview:large","max-video-preview":"max-video-preview:-1"},"canonical":"https:\/\/www.cidademarketing.com.br\/marketing\/2022\/09\/14\/liza-e-pomarola-vestem-rosa-para-conscientizacao-sobre-cancer-de-mama\/","og_locale":"pt_BR","og_type":"article","og_title":"Liza e Pomarola vestem rosa para conscientiza\u00e7\u00e3o sobre c\u00e2ncer de mama - CidadeMarketing","og_description":"Cuidado e informa\u00e7\u00e3o por meio da alimenta\u00e7\u00e3o: a partir desse conceito, a Cargill Foods vai levar para as g\u00f4ndolas novas embalagens do \u00f3leo Liza Soja e do Molho de tomate Pomarola em refer\u00eancia ao Outubro Rosa, m\u00eas de conscientiza\u00e7\u00e3o sobre preven\u00e7\u00e3o e controle do c\u00e2ncer de mama. Escolhidos por sua alta popularidade nas cozinhas brasileiras, [&hellip;]","og_url":"https:\/\/www.cidademarketing.com.br\/marketing\/2022\/09\/14\/liza-e-pomarola-vestem-rosa-para-conscientizacao-sobre-cancer-de-mama\/","og_site_name":"CidadeMarketing","article_publisher":"https:\/\/www.facebook.com\/portalcidademarketing","article_author":"https:\/\/www.facebook.com\/thalesbrandao","article_published_time":"2022-09-15T00:57:27+00:00","og_image":[{"width":797,"height":1024,"url":"https:\/\/www.cidademarketing.com.br\/marketing\/wp-content\/uploads\/2022\/09\/Pomarola300g_divulgacao-797x1024.png","type":"image\/png"}],"author":"Thales Brand\u00e3o","twitter_card":"summary_large_image","twitter_creator":"@http:\/\/www.twitter.com\/thalesbrandao","twitter_site":"@CidadeMarketing","twitter_misc":{"Escrito por":"Thales Brand\u00e3o","Est. tempo de leitura":"2 minutos"},"schema":{"@context":"https:\/\/schema.org","@graph":[{"@type":"Article","@id":"https:\/\/www.cidademarketing.com.br\/marketing\/2022\/09\/14\/liza-e-pomarola-vestem-rosa-para-conscientizacao-sobre-cancer-de-mama\/#article","isPartOf":{"@id":"https:\/\/www.cidademarketing.com.br\/marketing\/2022\/09\/14\/liza-e-pomarola-vestem-rosa-para-conscientizacao-sobre-cancer-de-mama\/"},"author":{"name":"Thales Brand\u00e3o","@id":"https:\/\/www.cidademarketing.com.br\/marketing\/#\/schema\/person\/02daff9f18bd9378c9e01eb6b2db155f"},"headline":"Liza e Pomarola vestem rosa para conscientiza\u00e7\u00e3o sobre c\u00e2ncer de mama","datePublished":"2022-09-15T00:57:27+00:00","mainEntityOfPage":{"@id":"https:\/\/www.cidademarketing.com.br\/marketing\/2022\/09\/14\/liza-e-pomarola-vestem-rosa-para-conscientizacao-sobre-cancer-de-mama\/"},"wordCount":474,"commentCount":0,"publisher":{"@id":"https:\/\/www.cidademarketing.com.br\/marketing\/#organization"},"image":{"@id":"https:\/\/www.cidademarketing.com.br\/marketing\/2022\/09\/14\/liza-e-pomarola-vestem-rosa-para-conscientizacao-sobre-cancer-de-mama\/#primaryimage"},"thumbnailUrl":"https:\/\/www.cidademarketing.com.br\/marketing\/wp-content\/uploads\/2022\/09\/Pomarola300g_divulgacao.png","keywords":["Cargill","estrat\u00e9gia","Liza","marketing","marketing social","Pomarola","sustentabilidade"],"articleSection":["Not\u00edcias"],"inLanguage":"pt-BR","potentialAction":[{"@type":"CommentAction","name":"Comment","target":["https:\/\/www.cidademarketing.com.br\/marketing\/2022\/09\/14\/liza-e-pomarola-vestem-rosa-para-conscientizacao-sobre-cancer-de-mama\/#respond"]}]},{"@type":"WebPage","@id":"https:\/\/www.cidademarketing.com.br\/marketing\/2022\/09\/14\/liza-e-pomarola-vestem-rosa-para-conscientizacao-sobre-cancer-de-mama\/","url":"https:\/\/www.cidademarketing.com.br\/marketing\/2022\/09\/14\/liza-e-pomarola-vestem-rosa-para-conscientizacao-sobre-cancer-de-mama\/","name":"Liza e Pomarola vestem rosa para conscientiza\u00e7\u00e3o sobre c\u00e2ncer de mama - CidadeMarketing","isPartOf":{"@id":"https:\/\/www.cidademarketing.com.br\/marketing\/#website"},"primaryImageOfPage":{"@id":"https:\/\/www.cidademarketing.com.br\/marketing\/2022\/09\/14\/liza-e-pomarola-vestem-rosa-para-conscientizacao-sobre-cancer-de-mama\/#primaryimage"},"image":{"@id":"https:\/\/www.cidademarketing.com.br\/marketing\/2022\/09\/14\/liza-e-pomarola-vestem-rosa-para-conscientizacao-sobre-cancer-de-mama\/#primaryimage"},"thumbnailUrl":"https:\/\/www.cidademarketing.com.br\/marketing\/wp-content\/uploads\/2022\/09\/Pomarola300g_divulgacao.png","datePublished":"2022-09-15T00:57:27+00:00","breadcrumb":{"@id":"https:\/\/www.cidademarketing.com.br\/marketing\/2022\/09\/14\/liza-e-pomarola-vestem-rosa-para-conscientizacao-sobre-cancer-de-mama\/#breadcrumb"},"inLanguage":"pt-BR","potentialAction":[{"@type":"ReadAction","target":["https:\/\/www.cidademarketing.com.br\/marketing\/2022\/09\/14\/liza-e-pomarola-vestem-rosa-para-conscientizacao-sobre-cancer-de-mama\/"]}]},{"@type":"ImageObject","inLanguage":"pt-BR","@id":"https:\/\/www.cidademarketing.com.br\/marketing\/2022\/09\/14\/liza-e-pomarola-vestem-rosa-para-conscientizacao-sobre-cancer-de-mama\/#primaryimage","url":"https:\/\/www.cidademarketing.com.br\/marketing\/wp-content\/uploads\/2022\/09\/Pomarola300g_divulgacao.png","contentUrl":"https:\/\/www.cidademarketing.com.br\/marketing\/wp-content\/uploads\/2022\/09\/Pomarola300g_divulgacao.png","width":3398,"height":4367},{"@type":"BreadcrumbList","@id":"https:\/\/www.cidademarketing.com.br\/marketing\/2022\/09\/14\/liza-e-pomarola-vestem-rosa-para-conscientizacao-sobre-cancer-de-mama\/#breadcrumb","itemListElement":[{"@type":"ListItem","position":1,"name":"In\u00edcio","item":"https:\/\/www.cidademarketing.com.br\/marketing\/"},{"@type":"ListItem","position":2,"name":"Liza e Pomarola vestem rosa para conscientiza\u00e7\u00e3o sobre c\u00e2ncer de mama"}]},{"@type":"WebSite","@id":"https:\/\/www.cidademarketing.com.br\/marketing\/#website","url":"https:\/\/www.cidademarketing.com.br\/marketing\/","name":"CidadeMarketing","description":"Somos um ve\u00edculo de comunica\u00e7\u00e3o de destaque no Brasil, reconhecido por conte\u00fados nos segmentos de marketing, empreendedorismo e inova\u00e7\u00e3o.","publisher":{"@id":"https:\/\/www.cidademarketing.com.br\/marketing\/#organization"},"alternateName":"CidadeMarketing","potentialAction":[{"@type":"SearchAction","target":{"@type":"EntryPoint","urlTemplate":"https:\/\/www.cidademarketing.com.br\/marketing\/?s={search_term_string}"},"query-input":{"@type":"PropertyValueSpecification","valueRequired":true,"valueName":"search_term_string"}}],"inLanguage":"pt-BR"},{"@type":"Organization","@id":"https:\/\/www.cidademarketing.com.br\/marketing\/#organization","name":"CidadeMarketing","alternateName":"CidadeMarketing","url":"https:\/\/www.cidademarketing.com.br\/marketing\/","logo":{"@type":"ImageObject","inLanguage":"pt-BR","@id":"https:\/\/www.cidademarketing.com.br\/marketing\/#\/schema\/logo\/image\/","url":"https:\/\/www.cidademarketing.com.br\/marketing\/wp-content\/uploads\/2020\/01\/cidademarketing_marca_mobile.png","contentUrl":"https:\/\/www.cidademarketing.com.br\/marketing\/wp-content\/uploads\/2020\/01\/cidademarketing_marca_mobile.png","width":230,"height":92,"caption":"CidadeMarketing"},"image":{"@id":"https:\/\/www.cidademarketing.com.br\/marketing\/#\/schema\/logo\/image\/"},"sameAs":["https:\/\/www.facebook.com\/portalcidademarketing","https:\/\/x.com\/CidadeMarketing","https:\/\/www.instagram.com\/cidademarketing\/"]},{"@type":"Person","@id":"https:\/\/www.cidademarketing.com.br\/marketing\/#\/schema\/person\/02daff9f18bd9378c9e01eb6b2db155f","name":"Thales Brand\u00e3o","image":{"@type":"ImageObject","inLanguage":"pt-BR","@id":"https:\/\/secure.gravatar.com\/avatar\/7ca3206950207cc3cb48feec56a8a7898741ab725c368d99d5d7a5a50aab80c6?s=96&d=mm&r=g","url":"https:\/\/secure.gravatar.com\/avatar\/7ca3206950207cc3cb48feec56a8a7898741ab725c368d99d5d7a5a50aab80c6?s=96&d=mm&r=g","contentUrl":"https:\/\/secure.gravatar.com\/avatar\/7ca3206950207cc3cb48feec56a8a7898741ab725c368d99d5d7a5a50aab80c6?s=96&d=mm&r=g","caption":"Thales Brand\u00e3o"},"description":"Editor Executivo do Portal CidadeMarketing.com.br &gt; Mestre em Comunica\u00e7\u00e3o e Sociedade pela Universidade Federal de Sergipe. Possui MBA Executivo em Administra\u00e7\u00e3o com \u00eanfase em Marketing pela Funda\u00e7\u00e3o Get\u00falio Vargas - Rio de Janeiro. Consultor, Palestrante e Pesquisador sobre Empreendedorismo, Marketing, Redes Sociais e Neg\u00f3cios Digitais. Professor, Palestrante TedxTalks e Campus Party. Twitter: @ThalesBrandao","sameAs":["http:\/\/www.mandacaru.com.br","https:\/\/www.facebook.com\/thalesbrandao","http:\/\/www.instagram.com.br\/thalesbrandaoferreira","https:\/\/www.linkedin.com\/in\/thales-brand\u00e3o-3948609\/","https:\/\/x.com\/http:\/\/www.twitter.com\/thalesbrandao"],"url":"https:\/\/www.cidademarketing.com.br\/marketing\/author\/thalesbrandao\/"}]}},"amp_enabled":true,"_links":{"self":[{"href":"https:\/\/www.cidademarketing.com.br\/marketing\/wp-json\/wp\/v2\/posts\/38184","targetHints":{"allow":["GET"]}}],"collection":[{"href":"https:\/\/www.cidademarketing.com.br\/marketing\/wp-json\/wp\/v2\/posts"}],"about":[{"href":"https:\/\/www.cidademarketing.com.br\/marketing\/wp-json\/wp\/v2\/types\/post"}],"author":[{"embeddable":true,"href":"https:\/\/www.cidademarketing.com.br\/marketing\/wp-json\/wp\/v2\/users\/1"}],"replies":[{"embeddable":true,"href":"https:\/\/www.cidademarketing.com.br\/marketing\/wp-json\/wp\/v2\/comments?post=38184"}],"version-history":[{"count":1,"href":"https:\/\/www.cidademarketing.com.br\/marketing\/wp-json\/wp\/v2\/posts\/38184\/revisions"}],"predecessor-version":[{"id":38187,"href":"https:\/\/www.cidademarketing.com.br\/marketing\/wp-json\/wp\/v2\/posts\/38184\/revisions\/38187"}],"wp:featuredmedia":[{"embeddable":true,"href":"https:\/\/www.cidademarketing.com.br\/marketing\/wp-json\/wp\/v2\/media\/38185"}],"wp:attachment":[{"href":"https:\/\/www.cidademarketing.com.br\/marketing\/wp-json\/wp\/v2\/media?parent=38184"}],"wp:term":[{"taxonomy":"category","embeddable":true,"href":"https:\/\/www.cidademarketing.com.br\/marketing\/wp-json\/wp\/v2\/categories?post=38184"},{"taxonomy":"post_tag","embeddable":true,"href":"https:\/\/www.cidademarketing.com.br\/marketing\/wp-json\/wp\/v2\/tags?post=38184"}],"curies":[{"name":"wp","href":"https:\/\/api.w.org\/{rel}","templated":true}]}}