{"id":38178,"date":"2022-09-14T15:33:39","date_gmt":"2022-09-14T18:33:39","guid":{"rendered":"https:\/\/www.cidademarketing.com.br\/marketing\/?p=38178"},"modified":"2022-09-14T15:33:39","modified_gmt":"2022-09-14T18:33:39","slug":"pao-de-acucar-apresenta-nova-musica-oficial-na-voz-de-flor-gil","status":"publish","type":"post","link":"https:\/\/www.cidademarketing.com.br\/marketing\/2022\/09\/14\/pao-de-acucar-apresenta-nova-musica-oficial-na-voz-de-flor-gil\/","title":{"rendered":"P\u00e3o de A\u00e7\u00facar apresenta nova m\u00fasica oficial na voz de Flor Gil"},"content":{"rendered":"<p><iframe style=\"border-radius: 12px;\" src=\"https:\/\/open.spotify.com\/embed\/show\/4khMKzP3FgFRWVwb73xicc?utm_source=generator&amp;t=0\" width=\"100%\" height=\"232\" frameborder=\"0\" allowfullscreen=\"allowfullscreen\"><\/iframe><br \/>\nFelicidade pode ser tanta coisa e, celebrando as pequenas felicidades da vida, o P\u00e3o de A\u00e7\u00facar anunciou o nome do ganhador no domingo (4\/9). A m\u00fasica \u00e9 muito especial, j\u00e1 que foi a escolhida a partir do concurso cultural Nova M\u00fasica do P\u00e3o, lan\u00e7ado em junho deste ano, e \u00e9 cantada pela Flor Gil, neta de Gilberto Gil, que tamb\u00e9m participou do lan\u00e7amento do concurso. A m\u00fasica e o clipe j\u00e1 est\u00e3o dispon\u00edveis nos canais oficiais da marca, al\u00e9m de serem divulgados em canais de TV aberta e paga, site oficial do concurso (<a href=\"https:\/\/novamusicadopao.com.br\/\" target=\"_blank\" rel=\"noopener\">https:\/\/novamusicadopao.com.br\/<\/a>) e na Novabrasil FM, parceira oficial da din\u00e2mica.<\/p>\n<p><a href=\"https:\/\/www.youtube.com\/watch?v=i2BtwwcSgUM&#038;t=4s\">https:\/\/www.youtube.com\/watch?v=i2BtwwcSgUM&amp;t=4s<\/a><\/p>\n<p>Foram quase 5 mil m\u00fasicas inscritas que passaram por avalia\u00e7\u00e3o de j\u00fari t\u00e9cnico da Nova Brasil FM e as finalistas passaram por uma banca avaliadora da marca para chegar \u00e0 decis\u00e3o final. E na voz de Flor Gil, fala sobre pequenas felicidades da vida, como tomar um chocolate quente, colocar o p\u00e9 na areia e tomar um caf\u00e9 da tarde. A can\u00e7\u00e3o celebra o amor, o afeto, as alegrias, diversidade, explorando a felicidade como grande fio condutor, que \u00e9 o territ\u00f3rio da marca.<\/p>\n<p>\u201cA m\u00fasica faz parte da hist\u00f3ria do P\u00e3o de A\u00e7\u00facar, sendo um ponto de conex\u00e3o com nossos consumidores. Este \u00e9 o ano da Musicalidade para n\u00f3s, estamos resgatando este pilar com tudo, tanto que, al\u00e9m do lan\u00e7amento da m\u00fasica, o P\u00e3o \u00e9 apoiador oficial do Rock in Rio Brasil 2022 e teremos um espa\u00e7o super especial no Rock District, onde o p\u00fablico ter\u00e1 a oportunidade de conferir o clipe oficial da nossa nova m\u00fasica. O P\u00e3o est\u00e1 vivendo um momento muito importante, estamos avan\u00e7ando com nosso plano de expans\u00e3o, temos fortalecido nosso aplicativo P\u00e3o de A\u00e7\u00facar Mais como principal ferramenta de ominicanalidade, e, agora, temos o lan\u00e7amento dessa m\u00fasica que resgata um dos pilares da marca\u201d, comenta Christiane Cruz Citr\u00e2ngulo, diretora de Marketing do GPA, grupo controlador do P\u00e3o de A\u00e7\u00facar.<\/p>\n<p>Lan\u00e7amento e divulga\u00e7\u00e3o<\/p>\n<p>O an\u00fancio oficial da m\u00fasica ganhadora e da campanha, criada pela BETC HAVAS, aconteceu no domingo (4\/9), com uma divulga\u00e7\u00e3o massiva a partir de segunda-feira (5\/9), onde ser\u00e1 reproduzido o videoclipe oficial, no intervalo da novela Pantanal, da Rede Globo. Ainda, como este ano o P\u00e3o de A\u00e7\u00facar \u00e9 apoiador oficial do Rock in Rio Brasil 2022, o videoclipe ser\u00e1 transmitido no espa\u00e7o da marca no Rock District a partir do dia 8\/9 para que o p\u00fablico possa conhecer a nova m\u00fasica. A a\u00e7\u00e3o conta com filmes de 30 e 60 segundos, que tamb\u00e9m ser\u00e3o divulgados nas redes sociais oficiais do P\u00e3o de A\u00e7\u00facar.<\/p>\n<p>O lan\u00e7amento est\u00e1 sendo amplamente divulgado no perfil do P\u00e3o de A\u00e7\u00facar no TikTok, criado junto com o lan\u00e7amento do concurso cultural. A plataforma contar\u00e1 com conte\u00fados exclusivos da Flor Gil para divulga\u00e7\u00e3o e engajamento do p\u00fablico com a nova m\u00fasica.<\/p>\n<p>\u201cA qualidade e a quantidade de inscri\u00e7\u00f5es surpreendeu. As m\u00fasicas finalistas s\u00e3o excelentes. Isso mostra a consist\u00eancia do que P\u00e3o de A\u00e7\u00facar e BETC v\u00eam construindo nestes anos. O entendimento que as pessoas t\u00eam da marca \u00e9 incr\u00edvel&#8221;, diz Paula Junqueira, Diretora de Cria\u00e7\u00e3o da BETC HAVAS.<\/p>\n<p>O vencedor ganhou um pr\u00eamio de R$ 50 mil, ingressos VIPS para o Festival Novabrasil com acesso a pista premium e ao camarim da atra\u00e7\u00e3o principal do evento, os Gilsons, e participa\u00e7\u00e3o no programa Mesa para Dois, da Novabrasil FM<\/p>\n<p><iframe style=\"width: 100%; max-width: 660px; overflow: hidden; background: transparent;\" src=\"https:\/\/embed.podcasts.apple.com\/br\/podcast\/podcast-cidademarketing\/id1371923283\" height=\"450\" frameborder=\"0\" sandbox=\"allow-forms allow-popups allow-same-origin allow-scripts allow-storage-access-by-user-activation allow-top-navigation-by-user-activation\"><\/iframe><\/p>\n","protected":false},"excerpt":{"rendered":"<p>Felicidade pode ser tanta coisa e, celebrando as pequenas felicidades da vida, o P\u00e3o de A\u00e7\u00facar anunciou o nome do ganhador no domingo (4\/9). A m\u00fasica \u00e9 muito especial, j\u00e1 que foi a escolhida a partir do concurso cultural Nova M\u00fasica do P\u00e3o, lan\u00e7ado em junho deste ano, e \u00e9 cantada pela Flor Gil, neta [&hellip;]<\/p>\n","protected":false},"author":1,"featured_media":38179,"comment_status":"open","ping_status":"open","sticky":false,"template":"","format":"standard","meta":{"tdm_status":"","tdm_grid_status":"","footnotes":""},"categories":[14],"tags":[65,308,33,28,1742,172],"class_list":["post-38178","post","type-post","status-publish","format-standard","has-post-thumbnail","hentry","category-videos","tag-campanha","tag-comunicacao","tag-estrategia","tag-marketing","tag-musica","tag-pao-de-acucar"],"yoast_head":"<!-- This site is optimized with the Yoast SEO plugin v27.5 - https:\/\/yoast.com\/product\/yoast-seo-wordpress\/ -->\n<title>P\u00e3o de A\u00e7\u00facar apresenta nova m\u00fasica oficial na voz de Flor Gil - CidadeMarketing<\/title>\n<meta name=\"robots\" content=\"index, follow, max-snippet:-1, max-image-preview:large, max-video-preview:-1\" \/>\n<link rel=\"canonical\" href=\"https:\/\/www.cidademarketing.com.br\/marketing\/2022\/09\/14\/pao-de-acucar-apresenta-nova-musica-oficial-na-voz-de-flor-gil\/\" \/>\n<meta property=\"og:locale\" content=\"pt_BR\" \/>\n<meta property=\"og:type\" content=\"article\" \/>\n<meta property=\"og:title\" content=\"P\u00e3o de A\u00e7\u00facar apresenta nova m\u00fasica oficial na voz de Flor Gil - CidadeMarketing\" \/>\n<meta property=\"og:description\" content=\"Felicidade pode ser tanta coisa e, celebrando as pequenas felicidades da vida, o P\u00e3o de A\u00e7\u00facar anunciou o nome do ganhador no domingo (4\/9). A m\u00fasica \u00e9 muito especial, j\u00e1 que foi a escolhida a partir do concurso cultural Nova M\u00fasica do P\u00e3o, lan\u00e7ado em junho deste ano, e \u00e9 cantada pela Flor Gil, neta [&hellip;]\" \/>\n<meta property=\"og:url\" content=\"https:\/\/www.cidademarketing.com.br\/marketing\/2022\/09\/14\/pao-de-acucar-apresenta-nova-musica-oficial-na-voz-de-flor-gil\/\" \/>\n<meta property=\"og:site_name\" content=\"CidadeMarketing\" \/>\n<meta property=\"article:publisher\" content=\"https:\/\/www.facebook.com\/portalcidademarketing\" \/>\n<meta property=\"article:author\" content=\"https:\/\/www.facebook.com\/thalesbrandao\" \/>\n<meta property=\"article:published_time\" content=\"2022-09-14T18:33:39+00:00\" \/>\n<meta property=\"og:image\" content=\"https:\/\/www.cidademarketing.com.br\/marketing\/wp-content\/uploads\/2022\/09\/paodeacucar_florgil.png\" \/>\n\t<meta property=\"og:image:width\" content=\"567\" \/>\n\t<meta property=\"og:image:height\" content=\"319\" \/>\n\t<meta property=\"og:image:type\" content=\"image\/png\" \/>\n<meta name=\"author\" content=\"Thales Brand\u00e3o\" \/>\n<meta name=\"twitter:card\" content=\"summary_large_image\" \/>\n<meta name=\"twitter:creator\" content=\"@http:\/\/www.twitter.com\/thalesbrandao\" \/>\n<meta name=\"twitter:site\" content=\"@CidadeMarketing\" \/>\n<meta name=\"twitter:label1\" content=\"Escrito por\" \/>\n\t<meta name=\"twitter:data1\" content=\"Thales Brand\u00e3o\" \/>\n\t<meta name=\"twitter:label2\" content=\"Est. tempo de leitura\" \/>\n\t<meta name=\"twitter:data2\" content=\"3 minutos\" \/>\n<script type=\"application\/ld+json\" class=\"yoast-schema-graph\">{\"@context\":\"https:\\\/\\\/schema.org\",\"@graph\":[{\"@type\":\"Article\",\"@id\":\"https:\\\/\\\/www.cidademarketing.com.br\\\/marketing\\\/2022\\\/09\\\/14\\\/pao-de-acucar-apresenta-nova-musica-oficial-na-voz-de-flor-gil\\\/#article\",\"isPartOf\":{\"@id\":\"https:\\\/\\\/www.cidademarketing.com.br\\\/marketing\\\/2022\\\/09\\\/14\\\/pao-de-acucar-apresenta-nova-musica-oficial-na-voz-de-flor-gil\\\/\"},\"author\":{\"name\":\"Thales Brand\u00e3o\",\"@id\":\"https:\\\/\\\/www.cidademarketing.com.br\\\/marketing\\\/#\\\/schema\\\/person\\\/02daff9f18bd9378c9e01eb6b2db155f\"},\"headline\":\"P\u00e3o de A\u00e7\u00facar apresenta nova m\u00fasica oficial na voz de Flor Gil\",\"datePublished\":\"2022-09-14T18:33:39+00:00\",\"mainEntityOfPage\":{\"@id\":\"https:\\\/\\\/www.cidademarketing.com.br\\\/marketing\\\/2022\\\/09\\\/14\\\/pao-de-acucar-apresenta-nova-musica-oficial-na-voz-de-flor-gil\\\/\"},\"wordCount\":642,\"commentCount\":0,\"publisher\":{\"@id\":\"https:\\\/\\\/www.cidademarketing.com.br\\\/marketing\\\/#organization\"},\"image\":{\"@id\":\"https:\\\/\\\/www.cidademarketing.com.br\\\/marketing\\\/2022\\\/09\\\/14\\\/pao-de-acucar-apresenta-nova-musica-oficial-na-voz-de-flor-gil\\\/#primaryimage\"},\"thumbnailUrl\":\"https:\\\/\\\/www.cidademarketing.com.br\\\/marketing\\\/wp-content\\\/uploads\\\/2022\\\/09\\\/paodeacucar_florgil.png\",\"keywords\":[\"campanha\",\"comunica\u00e7\u00e3o\",\"estrat\u00e9gia\",\"marketing\",\"m\u00fasica\",\"p\u00e3o de a\u00e7\u00facar\"],\"articleSection\":[\"Videos\"],\"inLanguage\":\"pt-BR\",\"potentialAction\":[{\"@type\":\"CommentAction\",\"name\":\"Comment\",\"target\":[\"https:\\\/\\\/www.cidademarketing.com.br\\\/marketing\\\/2022\\\/09\\\/14\\\/pao-de-acucar-apresenta-nova-musica-oficial-na-voz-de-flor-gil\\\/#respond\"]}]},{\"@type\":\"WebPage\",\"@id\":\"https:\\\/\\\/www.cidademarketing.com.br\\\/marketing\\\/2022\\\/09\\\/14\\\/pao-de-acucar-apresenta-nova-musica-oficial-na-voz-de-flor-gil\\\/\",\"url\":\"https:\\\/\\\/www.cidademarketing.com.br\\\/marketing\\\/2022\\\/09\\\/14\\\/pao-de-acucar-apresenta-nova-musica-oficial-na-voz-de-flor-gil\\\/\",\"name\":\"P\u00e3o de A\u00e7\u00facar apresenta nova m\u00fasica oficial na voz de Flor Gil - CidadeMarketing\",\"isPartOf\":{\"@id\":\"https:\\\/\\\/www.cidademarketing.com.br\\\/marketing\\\/#website\"},\"primaryImageOfPage\":{\"@id\":\"https:\\\/\\\/www.cidademarketing.com.br\\\/marketing\\\/2022\\\/09\\\/14\\\/pao-de-acucar-apresenta-nova-musica-oficial-na-voz-de-flor-gil\\\/#primaryimage\"},\"image\":{\"@id\":\"https:\\\/\\\/www.cidademarketing.com.br\\\/marketing\\\/2022\\\/09\\\/14\\\/pao-de-acucar-apresenta-nova-musica-oficial-na-voz-de-flor-gil\\\/#primaryimage\"},\"thumbnailUrl\":\"https:\\\/\\\/www.cidademarketing.com.br\\\/marketing\\\/wp-content\\\/uploads\\\/2022\\\/09\\\/paodeacucar_florgil.png\",\"datePublished\":\"2022-09-14T18:33:39+00:00\",\"breadcrumb\":{\"@id\":\"https:\\\/\\\/www.cidademarketing.com.br\\\/marketing\\\/2022\\\/09\\\/14\\\/pao-de-acucar-apresenta-nova-musica-oficial-na-voz-de-flor-gil\\\/#breadcrumb\"},\"inLanguage\":\"pt-BR\",\"potentialAction\":[{\"@type\":\"ReadAction\",\"target\":[\"https:\\\/\\\/www.cidademarketing.com.br\\\/marketing\\\/2022\\\/09\\\/14\\\/pao-de-acucar-apresenta-nova-musica-oficial-na-voz-de-flor-gil\\\/\"]}]},{\"@type\":\"ImageObject\",\"inLanguage\":\"pt-BR\",\"@id\":\"https:\\\/\\\/www.cidademarketing.com.br\\\/marketing\\\/2022\\\/09\\\/14\\\/pao-de-acucar-apresenta-nova-musica-oficial-na-voz-de-flor-gil\\\/#primaryimage\",\"url\":\"https:\\\/\\\/www.cidademarketing.com.br\\\/marketing\\\/wp-content\\\/uploads\\\/2022\\\/09\\\/paodeacucar_florgil.png\",\"contentUrl\":\"https:\\\/\\\/www.cidademarketing.com.br\\\/marketing\\\/wp-content\\\/uploads\\\/2022\\\/09\\\/paodeacucar_florgil.png\",\"width\":567,\"height\":319,\"caption\":\"Reprodu\u00e7\u00e3o\"},{\"@type\":\"BreadcrumbList\",\"@id\":\"https:\\\/\\\/www.cidademarketing.com.br\\\/marketing\\\/2022\\\/09\\\/14\\\/pao-de-acucar-apresenta-nova-musica-oficial-na-voz-de-flor-gil\\\/#breadcrumb\",\"itemListElement\":[{\"@type\":\"ListItem\",\"position\":1,\"name\":\"In\u00edcio\",\"item\":\"https:\\\/\\\/www.cidademarketing.com.br\\\/marketing\\\/\"},{\"@type\":\"ListItem\",\"position\":2,\"name\":\"P\u00e3o de A\u00e7\u00facar apresenta nova m\u00fasica oficial na voz de Flor Gil\"}]},{\"@type\":\"WebSite\",\"@id\":\"https:\\\/\\\/www.cidademarketing.com.br\\\/marketing\\\/#website\",\"url\":\"https:\\\/\\\/www.cidademarketing.com.br\\\/marketing\\\/\",\"name\":\"CidadeMarketing\",\"description\":\"Somos um ve\u00edculo de comunica\u00e7\u00e3o de destaque no Brasil, reconhecido por conte\u00fados nos segmentos de marketing, empreendedorismo e inova\u00e7\u00e3o.\",\"publisher\":{\"@id\":\"https:\\\/\\\/www.cidademarketing.com.br\\\/marketing\\\/#organization\"},\"alternateName\":\"CidadeMarketing\",\"potentialAction\":[{\"@type\":\"SearchAction\",\"target\":{\"@type\":\"EntryPoint\",\"urlTemplate\":\"https:\\\/\\\/www.cidademarketing.com.br\\\/marketing\\\/?s={search_term_string}\"},\"query-input\":{\"@type\":\"PropertyValueSpecification\",\"valueRequired\":true,\"valueName\":\"search_term_string\"}}],\"inLanguage\":\"pt-BR\"},{\"@type\":\"Organization\",\"@id\":\"https:\\\/\\\/www.cidademarketing.com.br\\\/marketing\\\/#organization\",\"name\":\"CidadeMarketing\",\"alternateName\":\"CidadeMarketing\",\"url\":\"https:\\\/\\\/www.cidademarketing.com.br\\\/marketing\\\/\",\"logo\":{\"@type\":\"ImageObject\",\"inLanguage\":\"pt-BR\",\"@id\":\"https:\\\/\\\/www.cidademarketing.com.br\\\/marketing\\\/#\\\/schema\\\/logo\\\/image\\\/\",\"url\":\"https:\\\/\\\/www.cidademarketing.com.br\\\/marketing\\\/wp-content\\\/uploads\\\/2020\\\/01\\\/cidademarketing_marca_mobile.png\",\"contentUrl\":\"https:\\\/\\\/www.cidademarketing.com.br\\\/marketing\\\/wp-content\\\/uploads\\\/2020\\\/01\\\/cidademarketing_marca_mobile.png\",\"width\":230,\"height\":92,\"caption\":\"CidadeMarketing\"},\"image\":{\"@id\":\"https:\\\/\\\/www.cidademarketing.com.br\\\/marketing\\\/#\\\/schema\\\/logo\\\/image\\\/\"},\"sameAs\":[\"https:\\\/\\\/www.facebook.com\\\/portalcidademarketing\",\"https:\\\/\\\/x.com\\\/CidadeMarketing\",\"https:\\\/\\\/www.instagram.com\\\/cidademarketing\\\/\"]},{\"@type\":\"Person\",\"@id\":\"https:\\\/\\\/www.cidademarketing.com.br\\\/marketing\\\/#\\\/schema\\\/person\\\/02daff9f18bd9378c9e01eb6b2db155f\",\"name\":\"Thales Brand\u00e3o\",\"image\":{\"@type\":\"ImageObject\",\"inLanguage\":\"pt-BR\",\"@id\":\"https:\\\/\\\/secure.gravatar.com\\\/avatar\\\/7ca3206950207cc3cb48feec56a8a7898741ab725c368d99d5d7a5a50aab80c6?s=96&d=mm&r=g\",\"url\":\"https:\\\/\\\/secure.gravatar.com\\\/avatar\\\/7ca3206950207cc3cb48feec56a8a7898741ab725c368d99d5d7a5a50aab80c6?s=96&d=mm&r=g\",\"contentUrl\":\"https:\\\/\\\/secure.gravatar.com\\\/avatar\\\/7ca3206950207cc3cb48feec56a8a7898741ab725c368d99d5d7a5a50aab80c6?s=96&d=mm&r=g\",\"caption\":\"Thales Brand\u00e3o\"},\"description\":\"Editor Executivo do Portal CidadeMarketing.com.br &gt; Mestre em Comunica\u00e7\u00e3o e Sociedade pela Universidade Federal de Sergipe. Possui MBA Executivo em Administra\u00e7\u00e3o com \u00eanfase em Marketing pela Funda\u00e7\u00e3o Get\u00falio Vargas - Rio de Janeiro. Consultor, Palestrante e Pesquisador sobre Empreendedorismo, Marketing, Redes Sociais e Neg\u00f3cios Digitais. Professor, Palestrante TedxTalks e Campus Party. Twitter: @ThalesBrandao\",\"sameAs\":[\"http:\\\/\\\/www.mandacaru.com.br\",\"https:\\\/\\\/www.facebook.com\\\/thalesbrandao\",\"http:\\\/\\\/www.instagram.com.br\\\/thalesbrandaoferreira\",\"https:\\\/\\\/www.linkedin.com\\\/in\\\/thales-brand\u00e3o-3948609\\\/\",\"https:\\\/\\\/x.com\\\/http:\\\/\\\/www.twitter.com\\\/thalesbrandao\"],\"url\":\"https:\\\/\\\/www.cidademarketing.com.br\\\/marketing\\\/author\\\/thalesbrandao\\\/\"}]}<\/script>\n<!-- \/ Yoast SEO plugin. -->","yoast_head_json":{"title":"P\u00e3o de A\u00e7\u00facar apresenta nova m\u00fasica oficial na voz de Flor Gil - CidadeMarketing","robots":{"index":"index","follow":"follow","max-snippet":"max-snippet:-1","max-image-preview":"max-image-preview:large","max-video-preview":"max-video-preview:-1"},"canonical":"https:\/\/www.cidademarketing.com.br\/marketing\/2022\/09\/14\/pao-de-acucar-apresenta-nova-musica-oficial-na-voz-de-flor-gil\/","og_locale":"pt_BR","og_type":"article","og_title":"P\u00e3o de A\u00e7\u00facar apresenta nova m\u00fasica oficial na voz de Flor Gil - CidadeMarketing","og_description":"Felicidade pode ser tanta coisa e, celebrando as pequenas felicidades da vida, o P\u00e3o de A\u00e7\u00facar anunciou o nome do ganhador no domingo (4\/9). A m\u00fasica \u00e9 muito especial, j\u00e1 que foi a escolhida a partir do concurso cultural Nova M\u00fasica do P\u00e3o, lan\u00e7ado em junho deste ano, e \u00e9 cantada pela Flor Gil, neta [&hellip;]","og_url":"https:\/\/www.cidademarketing.com.br\/marketing\/2022\/09\/14\/pao-de-acucar-apresenta-nova-musica-oficial-na-voz-de-flor-gil\/","og_site_name":"CidadeMarketing","article_publisher":"https:\/\/www.facebook.com\/portalcidademarketing","article_author":"https:\/\/www.facebook.com\/thalesbrandao","article_published_time":"2022-09-14T18:33:39+00:00","og_image":[{"width":567,"height":319,"url":"https:\/\/www.cidademarketing.com.br\/marketing\/wp-content\/uploads\/2022\/09\/paodeacucar_florgil.png","type":"image\/png"}],"author":"Thales Brand\u00e3o","twitter_card":"summary_large_image","twitter_creator":"@http:\/\/www.twitter.com\/thalesbrandao","twitter_site":"@CidadeMarketing","twitter_misc":{"Escrito por":"Thales Brand\u00e3o","Est. tempo de leitura":"3 minutos"},"schema":{"@context":"https:\/\/schema.org","@graph":[{"@type":"Article","@id":"https:\/\/www.cidademarketing.com.br\/marketing\/2022\/09\/14\/pao-de-acucar-apresenta-nova-musica-oficial-na-voz-de-flor-gil\/#article","isPartOf":{"@id":"https:\/\/www.cidademarketing.com.br\/marketing\/2022\/09\/14\/pao-de-acucar-apresenta-nova-musica-oficial-na-voz-de-flor-gil\/"},"author":{"name":"Thales Brand\u00e3o","@id":"https:\/\/www.cidademarketing.com.br\/marketing\/#\/schema\/person\/02daff9f18bd9378c9e01eb6b2db155f"},"headline":"P\u00e3o de A\u00e7\u00facar apresenta nova m\u00fasica oficial na voz de Flor Gil","datePublished":"2022-09-14T18:33:39+00:00","mainEntityOfPage":{"@id":"https:\/\/www.cidademarketing.com.br\/marketing\/2022\/09\/14\/pao-de-acucar-apresenta-nova-musica-oficial-na-voz-de-flor-gil\/"},"wordCount":642,"commentCount":0,"publisher":{"@id":"https:\/\/www.cidademarketing.com.br\/marketing\/#organization"},"image":{"@id":"https:\/\/www.cidademarketing.com.br\/marketing\/2022\/09\/14\/pao-de-acucar-apresenta-nova-musica-oficial-na-voz-de-flor-gil\/#primaryimage"},"thumbnailUrl":"https:\/\/www.cidademarketing.com.br\/marketing\/wp-content\/uploads\/2022\/09\/paodeacucar_florgil.png","keywords":["campanha","comunica\u00e7\u00e3o","estrat\u00e9gia","marketing","m\u00fasica","p\u00e3o de a\u00e7\u00facar"],"articleSection":["Videos"],"inLanguage":"pt-BR","potentialAction":[{"@type":"CommentAction","name":"Comment","target":["https:\/\/www.cidademarketing.com.br\/marketing\/2022\/09\/14\/pao-de-acucar-apresenta-nova-musica-oficial-na-voz-de-flor-gil\/#respond"]}]},{"@type":"WebPage","@id":"https:\/\/www.cidademarketing.com.br\/marketing\/2022\/09\/14\/pao-de-acucar-apresenta-nova-musica-oficial-na-voz-de-flor-gil\/","url":"https:\/\/www.cidademarketing.com.br\/marketing\/2022\/09\/14\/pao-de-acucar-apresenta-nova-musica-oficial-na-voz-de-flor-gil\/","name":"P\u00e3o de A\u00e7\u00facar apresenta nova m\u00fasica oficial na voz de Flor Gil - CidadeMarketing","isPartOf":{"@id":"https:\/\/www.cidademarketing.com.br\/marketing\/#website"},"primaryImageOfPage":{"@id":"https:\/\/www.cidademarketing.com.br\/marketing\/2022\/09\/14\/pao-de-acucar-apresenta-nova-musica-oficial-na-voz-de-flor-gil\/#primaryimage"},"image":{"@id":"https:\/\/www.cidademarketing.com.br\/marketing\/2022\/09\/14\/pao-de-acucar-apresenta-nova-musica-oficial-na-voz-de-flor-gil\/#primaryimage"},"thumbnailUrl":"https:\/\/www.cidademarketing.com.br\/marketing\/wp-content\/uploads\/2022\/09\/paodeacucar_florgil.png","datePublished":"2022-09-14T18:33:39+00:00","breadcrumb":{"@id":"https:\/\/www.cidademarketing.com.br\/marketing\/2022\/09\/14\/pao-de-acucar-apresenta-nova-musica-oficial-na-voz-de-flor-gil\/#breadcrumb"},"inLanguage":"pt-BR","potentialAction":[{"@type":"ReadAction","target":["https:\/\/www.cidademarketing.com.br\/marketing\/2022\/09\/14\/pao-de-acucar-apresenta-nova-musica-oficial-na-voz-de-flor-gil\/"]}]},{"@type":"ImageObject","inLanguage":"pt-BR","@id":"https:\/\/www.cidademarketing.com.br\/marketing\/2022\/09\/14\/pao-de-acucar-apresenta-nova-musica-oficial-na-voz-de-flor-gil\/#primaryimage","url":"https:\/\/www.cidademarketing.com.br\/marketing\/wp-content\/uploads\/2022\/09\/paodeacucar_florgil.png","contentUrl":"https:\/\/www.cidademarketing.com.br\/marketing\/wp-content\/uploads\/2022\/09\/paodeacucar_florgil.png","width":567,"height":319,"caption":"Reprodu\u00e7\u00e3o"},{"@type":"BreadcrumbList","@id":"https:\/\/www.cidademarketing.com.br\/marketing\/2022\/09\/14\/pao-de-acucar-apresenta-nova-musica-oficial-na-voz-de-flor-gil\/#breadcrumb","itemListElement":[{"@type":"ListItem","position":1,"name":"In\u00edcio","item":"https:\/\/www.cidademarketing.com.br\/marketing\/"},{"@type":"ListItem","position":2,"name":"P\u00e3o de A\u00e7\u00facar apresenta nova m\u00fasica oficial na voz de Flor Gil"}]},{"@type":"WebSite","@id":"https:\/\/www.cidademarketing.com.br\/marketing\/#website","url":"https:\/\/www.cidademarketing.com.br\/marketing\/","name":"CidadeMarketing","description":"Somos um ve\u00edculo de comunica\u00e7\u00e3o de destaque no Brasil, reconhecido por conte\u00fados nos segmentos de marketing, empreendedorismo e inova\u00e7\u00e3o.","publisher":{"@id":"https:\/\/www.cidademarketing.com.br\/marketing\/#organization"},"alternateName":"CidadeMarketing","potentialAction":[{"@type":"SearchAction","target":{"@type":"EntryPoint","urlTemplate":"https:\/\/www.cidademarketing.com.br\/marketing\/?s={search_term_string}"},"query-input":{"@type":"PropertyValueSpecification","valueRequired":true,"valueName":"search_term_string"}}],"inLanguage":"pt-BR"},{"@type":"Organization","@id":"https:\/\/www.cidademarketing.com.br\/marketing\/#organization","name":"CidadeMarketing","alternateName":"CidadeMarketing","url":"https:\/\/www.cidademarketing.com.br\/marketing\/","logo":{"@type":"ImageObject","inLanguage":"pt-BR","@id":"https:\/\/www.cidademarketing.com.br\/marketing\/#\/schema\/logo\/image\/","url":"https:\/\/www.cidademarketing.com.br\/marketing\/wp-content\/uploads\/2020\/01\/cidademarketing_marca_mobile.png","contentUrl":"https:\/\/www.cidademarketing.com.br\/marketing\/wp-content\/uploads\/2020\/01\/cidademarketing_marca_mobile.png","width":230,"height":92,"caption":"CidadeMarketing"},"image":{"@id":"https:\/\/www.cidademarketing.com.br\/marketing\/#\/schema\/logo\/image\/"},"sameAs":["https:\/\/www.facebook.com\/portalcidademarketing","https:\/\/x.com\/CidadeMarketing","https:\/\/www.instagram.com\/cidademarketing\/"]},{"@type":"Person","@id":"https:\/\/www.cidademarketing.com.br\/marketing\/#\/schema\/person\/02daff9f18bd9378c9e01eb6b2db155f","name":"Thales Brand\u00e3o","image":{"@type":"ImageObject","inLanguage":"pt-BR","@id":"https:\/\/secure.gravatar.com\/avatar\/7ca3206950207cc3cb48feec56a8a7898741ab725c368d99d5d7a5a50aab80c6?s=96&d=mm&r=g","url":"https:\/\/secure.gravatar.com\/avatar\/7ca3206950207cc3cb48feec56a8a7898741ab725c368d99d5d7a5a50aab80c6?s=96&d=mm&r=g","contentUrl":"https:\/\/secure.gravatar.com\/avatar\/7ca3206950207cc3cb48feec56a8a7898741ab725c368d99d5d7a5a50aab80c6?s=96&d=mm&r=g","caption":"Thales Brand\u00e3o"},"description":"Editor Executivo do Portal CidadeMarketing.com.br &gt; Mestre em Comunica\u00e7\u00e3o e Sociedade pela Universidade Federal de Sergipe. Possui MBA Executivo em Administra\u00e7\u00e3o com \u00eanfase em Marketing pela Funda\u00e7\u00e3o Get\u00falio Vargas - Rio de Janeiro. Consultor, Palestrante e Pesquisador sobre Empreendedorismo, Marketing, Redes Sociais e Neg\u00f3cios Digitais. Professor, Palestrante TedxTalks e Campus Party. Twitter: @ThalesBrandao","sameAs":["http:\/\/www.mandacaru.com.br","https:\/\/www.facebook.com\/thalesbrandao","http:\/\/www.instagram.com.br\/thalesbrandaoferreira","https:\/\/www.linkedin.com\/in\/thales-brand\u00e3o-3948609\/","https:\/\/x.com\/http:\/\/www.twitter.com\/thalesbrandao"],"url":"https:\/\/www.cidademarketing.com.br\/marketing\/author\/thalesbrandao\/"}]}},"amp_enabled":true,"_links":{"self":[{"href":"https:\/\/www.cidademarketing.com.br\/marketing\/wp-json\/wp\/v2\/posts\/38178","targetHints":{"allow":["GET"]}}],"collection":[{"href":"https:\/\/www.cidademarketing.com.br\/marketing\/wp-json\/wp\/v2\/posts"}],"about":[{"href":"https:\/\/www.cidademarketing.com.br\/marketing\/wp-json\/wp\/v2\/types\/post"}],"author":[{"embeddable":true,"href":"https:\/\/www.cidademarketing.com.br\/marketing\/wp-json\/wp\/v2\/users\/1"}],"replies":[{"embeddable":true,"href":"https:\/\/www.cidademarketing.com.br\/marketing\/wp-json\/wp\/v2\/comments?post=38178"}],"version-history":[{"count":1,"href":"https:\/\/www.cidademarketing.com.br\/marketing\/wp-json\/wp\/v2\/posts\/38178\/revisions"}],"predecessor-version":[{"id":38180,"href":"https:\/\/www.cidademarketing.com.br\/marketing\/wp-json\/wp\/v2\/posts\/38178\/revisions\/38180"}],"wp:featuredmedia":[{"embeddable":true,"href":"https:\/\/www.cidademarketing.com.br\/marketing\/wp-json\/wp\/v2\/media\/38179"}],"wp:attachment":[{"href":"https:\/\/www.cidademarketing.com.br\/marketing\/wp-json\/wp\/v2\/media?parent=38178"}],"wp:term":[{"taxonomy":"category","embeddable":true,"href":"https:\/\/www.cidademarketing.com.br\/marketing\/wp-json\/wp\/v2\/categories?post=38178"},{"taxonomy":"post_tag","embeddable":true,"href":"https:\/\/www.cidademarketing.com.br\/marketing\/wp-json\/wp\/v2\/tags?post=38178"}],"curies":[{"name":"wp","href":"https:\/\/api.w.org\/{rel}","templated":true}]}}