{"id":37981,"date":"2022-09-07T23:27:25","date_gmt":"2022-09-08T02:27:25","guid":{"rendered":"https:\/\/www.cidademarketing.com.br\/marketing\/?p=37981"},"modified":"2022-09-07T23:27:25","modified_gmt":"2022-09-08T02:27:25","slug":"fila-lanca-webserie-malvadao-do-bem-que-conta-a-historia-de-vida-do-rapper-xama","status":"publish","type":"post","link":"https:\/\/www.cidademarketing.com.br\/marketing\/2022\/09\/07\/fila-lanca-webserie-malvadao-do-bem-que-conta-a-historia-de-vida-do-rapper-xama\/","title":{"rendered":"Fila lan\u00e7a webs\u00e9rie &#8220;Malvad\u00e3o do Bem&#8221; que conta a hist\u00f3ria de vida do rapper Xam\u00e3"},"content":{"rendered":"<p><iframe style=\"border-radius: 12px;\" src=\"https:\/\/open.spotify.com\/embed\/show\/4khMKzP3FgFRWVwb73xicc?utm_source=generator&amp;t=0\" width=\"100%\" height=\"232\" frameborder=\"0\" allowfullscreen=\"allowfullscreen\"><\/iframe><br \/>\nGeizon Carlos da Cruz Fernandes para alguns e Xam\u00e3 para centenas de milh\u00f5es de pessoas \u00e9 um dos principais nomes da m\u00fasica no Brasil e embaixador da FILA. A hist\u00f3ria do rapper \u00e9 repleta de inspira\u00e7\u00e3o e totalmente conectada ao posicionamento change the game da marca, feat perfeito que originou o \u201cMalvad\u00e3o do Bem\u201d, um filme que conta a trajet\u00f3ria do artista desde os primeiros sonhos musicais at\u00e9 o sucesso &#8212; quando se consagrou #1 do Brasil com a batida \u201cMalvad\u00e3o 3\u201d, letra que inspirou o nome da produ\u00e7\u00e3o.<\/p>\n<p>A webs\u00e9rie foi capturada no Rio de Janeiro pelas lentes de Thiago Jenne, filmmaker mais conhecido como Cabelo. Junto com o artista, a equipe percorreu os principais bairros que o cantor viveu antes de mudar o jogo por meio da m\u00fasica. Sepetiba, local onde Xam\u00e3 cresceu ao lado da fam\u00edlia e que deu in\u00edcio \u00e0s suas primeiras cria\u00e7\u00f5es, e Santa Cruz, regi\u00e3o conhecida pelo trajeto at\u00e9 o trabalho nas esta\u00e7\u00f5es e trens do Rio de Janeiro, ganharam os holofotes e foram escolhidas como os grandes cen\u00e1rios do filme.<\/p>\n<p>O artista possui uma jornada de muita batalha antes de se destacar nos palcos. Foi campe\u00e3o de reda\u00e7\u00e3o no col\u00e9gio e se encontrou como artista por meio da poesia. Logo em seguida, deixou de trabalhar como camel\u00f4 e come\u00e7ou a rimar vendendo amendoim nos trens da capital carioca. Antes da explos\u00e3o na m\u00eddia, nas plataformas streaming e nos grandes shows, Xam\u00e3 participou de in\u00fameras batalhas por todo o Brasil e ganhou diversas delas, at\u00e9 alcan\u00e7ar o sucesso e se tornar um dos principais nomes do rap nacional.<\/p>\n<p>\u201cO meu \u2018Change The Game\u2019 come\u00e7ou nesses lugares que representam o in\u00edcio de tudo. Onde eu cresci e entrei para o jogo, mudando minha vida e realizando meus sonhos. Afinal, foi a inspira\u00e7\u00e3o que eu tirei das ruas que fez eu chegar onde estou hoje\u201d, diz Xam\u00e3.<\/p>\n<p>Ao longo de d\u00e9cadas a FILA escreveu sua narrativa nas ruas, promovendo parcerias ic\u00f4nicas com grandes nomes da m\u00fasica. Esse projeto \u00e9 uni\u00e3o da marca com o rapper Xam\u00e3, uma refer\u00eancia ao posicionamento Change The Game e uma grande inspira\u00e7\u00e3o no street style e no cen\u00e1rio musical brasileiro. \u201cNossa rela\u00e7\u00e3o com o Xam\u00e3 j\u00e1 \u00e9 de longa data, ele \u00e9 embaixador da FILA e sua trajet\u00f3ria representa muito o que queremos transmitir. Dessa forma, conseguimos contar sobre o nosso crescimento junto com a hist\u00f3ria dele, que est\u00e1 conectada com a nossa\u201d, comenta Adriana Magalh\u00e3es, gerente de branding e marketing da FILA Brasil.<br \/>\nA webs\u00e9rie \u00e9 composta por 3 epis\u00f3dios e estar\u00e1 dispon\u00edvel a partir do dia 8 de setembro no canal oficial da FILA.<\/p>\n<div class=\"youtube-embed\" data-video_id=\"SLS-MeVjFv8\"><iframe title=\"Xam\u00e3, Malvad\u00e3o do Bem: a m\u00fasica mudou o jogo!\" width=\"640\" height=\"360\" src=\"https:\/\/www.youtube.com\/embed\/SLS-MeVjFv8?feature=oembed&#038;enablejsapi=1\" frameborder=\"0\" allow=\"accelerometer; autoplay; clipboard-write; encrypted-media; gyroscope; picture-in-picture; web-share\" referrerpolicy=\"strict-origin-when-cross-origin\" allowfullscreen><\/iframe><\/div>\n<p>FICHA T\u00c9CNICA:<br \/>\nGERENTE DE ARTE FILA &#8211; ALLYSSON FUKUMOTHI<br \/>\nDESIGNER FILA &#8211; ANDRE LUIZ PORTO ALEGRE<br \/>\nASSISTENTE PROD. EXECUTIVA FILA &#8211; BEATRIZ LIET TAKAOKA CASELLATTO<br \/>\nASSIT. FOTOGRAFO &#8211; DANIEL MARCELO DE OLIVEIRA SULIMA<br \/>\nSTORYMAKER &#8211; EDUARDO CALIL BRAZ DE CASTRO DIAZ<br \/>\nMYND- FERNANDA DA SILVA SAMPAIO<br \/>\nPRODUTOR LOCA\u00c7\u00c3O &#8211; FL\u00c1VIO CARVALHO CAETANO<br \/>\nPROD. EXECUTIVA FILA &#8211; FRANCINE STEINER<br \/>\nASSIT. FILMAKER &#8211; GABRIEL AKIO YKEDA<br \/>\nRELA\u00c7\u00d5ES P\u00daBLICAS FILA &#8211; GABRIELA NARDY SILVA<br \/>\nSOM DIRETO &#8211; JO\u00c3O PAULO MENDON\u00c7A<br \/>\nPRODUTOR EXECUTIVO &#8211; JOS\u00c9 WILSON ROM\u00c3O BESERRA<br \/>\nFOTOGRAFO &#8211; MARCUS VINICIUS SABAH DA COSTA<br \/>\nBRAND MARKETING FILA &#8211; MARIA CAROLINA MACHADO LAGO<br \/>\nASSIT. FILMAKER &#8211; PEDRO HENRIQUE GUEDES DRYGALA<br \/>\nPRODUTOR EXECUTIVO &#8211; RAMON MATTOS PAULINO<br \/>\nSTYLIST &#8211; T\u00c2MARA GUZM\u00c1N SANCHES<br \/>\nEQUIPE T\u00c9CNICA &#8211; THALLES MATTOS PAULINO<br \/>\nFILMAKER &#8211; THIAGO JENNE CAVALCANTE MELLO<br \/>\nPRODUTOR XAM\u00c3 &#8211; MATHEUS MERRELHO MONTEIRO<br \/>\nMAKE &#8211; ROBERTA DE MENEZES CASAGRANDE HERDEIRO<\/p>\n<p><iframe style=\"width: 100%; max-width: 660px; overflow: hidden; background: transparent;\" src=\"https:\/\/embed.podcasts.apple.com\/br\/podcast\/podcast-cidademarketing\/id1371923283\" height=\"450\" frameborder=\"0\" sandbox=\"allow-forms allow-popups allow-same-origin allow-scripts allow-storage-access-by-user-activation allow-top-navigation-by-user-activation\"><\/iframe><\/p>\n","protected":false},"excerpt":{"rendered":"<p>Geizon Carlos da Cruz Fernandes para alguns e Xam\u00e3 para centenas de milh\u00f5es de pessoas \u00e9 um dos principais nomes da m\u00fasica no Brasil e embaixador da FILA. A hist\u00f3ria do rapper \u00e9 repleta de inspira\u00e7\u00e3o e totalmente conectada ao posicionamento change the game da marca, feat perfeito que originou o \u201cMalvad\u00e3o do Bem\u201d, um [&hellip;]<\/p>\n","protected":false},"author":1,"featured_media":37982,"comment_status":"open","ping_status":"open","sticky":false,"template":"","format":"standard","meta":{"tdm_status":"","tdm_grid_status":"","footnotes":""},"categories":[14],"tags":[33,3949,28,1742,5493,540,5492],"class_list":["post-37981","post","type-post","status-publish","format-standard","has-post-thumbnail","hentry","category-videos","tag-estrategia","tag-fila","tag-marketing","tag-musica","tag-rapper","tag-webserie","tag-xama"],"yoast_head":"<!-- This site is optimized with the Yoast SEO plugin v27.5 - https:\/\/yoast.com\/product\/yoast-seo-wordpress\/ -->\n<title>Fila lan\u00e7a webs\u00e9rie &quot;Malvad\u00e3o do Bem&quot; que conta a hist\u00f3ria de vida do rapper Xam\u00e3 - CidadeMarketing<\/title>\n<meta name=\"robots\" content=\"index, follow, max-snippet:-1, max-image-preview:large, max-video-preview:-1\" \/>\n<link rel=\"canonical\" href=\"https:\/\/www.cidademarketing.com.br\/marketing\/2022\/09\/07\/fila-lanca-webserie-malvadao-do-bem-que-conta-a-historia-de-vida-do-rapper-xama\/\" \/>\n<meta property=\"og:locale\" content=\"pt_BR\" \/>\n<meta property=\"og:type\" content=\"article\" \/>\n<meta property=\"og:title\" content=\"Fila lan\u00e7a webs\u00e9rie &quot;Malvad\u00e3o do Bem&quot; que conta a hist\u00f3ria de vida do rapper Xam\u00e3 - CidadeMarketing\" \/>\n<meta property=\"og:description\" content=\"Geizon Carlos da Cruz Fernandes para alguns e Xam\u00e3 para centenas de milh\u00f5es de pessoas \u00e9 um dos principais nomes da m\u00fasica no Brasil e embaixador da FILA. A hist\u00f3ria do rapper \u00e9 repleta de inspira\u00e7\u00e3o e totalmente conectada ao posicionamento change the game da marca, feat perfeito que originou o \u201cMalvad\u00e3o do Bem\u201d, um [&hellip;]\" \/>\n<meta property=\"og:url\" content=\"https:\/\/www.cidademarketing.com.br\/marketing\/2022\/09\/07\/fila-lanca-webserie-malvadao-do-bem-que-conta-a-historia-de-vida-do-rapper-xama\/\" \/>\n<meta property=\"og:site_name\" content=\"CidadeMarketing\" \/>\n<meta property=\"article:publisher\" content=\"https:\/\/www.facebook.com\/portalcidademarketing\" \/>\n<meta property=\"article:author\" content=\"https:\/\/www.facebook.com\/thalesbrandao\" \/>\n<meta property=\"article:published_time\" content=\"2022-09-08T02:27:25+00:00\" \/>\n<meta property=\"og:image\" content=\"https:\/\/www.cidademarketing.com.br\/marketing\/wp-content\/uploads\/2022\/09\/xama_webserie_fila.jpg\" \/>\n\t<meta property=\"og:image:width\" content=\"1160\" \/>\n\t<meta property=\"og:image:height\" content=\"581\" \/>\n\t<meta property=\"og:image:type\" content=\"image\/jpeg\" \/>\n<meta name=\"author\" content=\"Thales Brand\u00e3o\" \/>\n<meta name=\"twitter:card\" content=\"summary_large_image\" \/>\n<meta name=\"twitter:creator\" content=\"@http:\/\/www.twitter.com\/thalesbrandao\" \/>\n<meta name=\"twitter:site\" content=\"@CidadeMarketing\" \/>\n<meta name=\"twitter:label1\" content=\"Escrito por\" \/>\n\t<meta name=\"twitter:data1\" content=\"Thales Brand\u00e3o\" \/>\n\t<meta name=\"twitter:label2\" content=\"Est. tempo de leitura\" \/>\n\t<meta name=\"twitter:data2\" content=\"3 minutos\" \/>\n<script type=\"application\/ld+json\" class=\"yoast-schema-graph\">{\"@context\":\"https:\\\/\\\/schema.org\",\"@graph\":[{\"@type\":\"Article\",\"@id\":\"https:\\\/\\\/www.cidademarketing.com.br\\\/marketing\\\/2022\\\/09\\\/07\\\/fila-lanca-webserie-malvadao-do-bem-que-conta-a-historia-de-vida-do-rapper-xama\\\/#article\",\"isPartOf\":{\"@id\":\"https:\\\/\\\/www.cidademarketing.com.br\\\/marketing\\\/2022\\\/09\\\/07\\\/fila-lanca-webserie-malvadao-do-bem-que-conta-a-historia-de-vida-do-rapper-xama\\\/\"},\"author\":{\"name\":\"Thales Brand\u00e3o\",\"@id\":\"https:\\\/\\\/www.cidademarketing.com.br\\\/marketing\\\/#\\\/schema\\\/person\\\/02daff9f18bd9378c9e01eb6b2db155f\"},\"headline\":\"Fila lan\u00e7a webs\u00e9rie &#8220;Malvad\u00e3o do Bem&#8221; que conta a hist\u00f3ria de vida do rapper Xam\u00e3\",\"datePublished\":\"2022-09-08T02:27:25+00:00\",\"mainEntityOfPage\":{\"@id\":\"https:\\\/\\\/www.cidademarketing.com.br\\\/marketing\\\/2022\\\/09\\\/07\\\/fila-lanca-webserie-malvadao-do-bem-que-conta-a-historia-de-vida-do-rapper-xama\\\/\"},\"wordCount\":647,\"commentCount\":0,\"publisher\":{\"@id\":\"https:\\\/\\\/www.cidademarketing.com.br\\\/marketing\\\/#organization\"},\"image\":{\"@id\":\"https:\\\/\\\/www.cidademarketing.com.br\\\/marketing\\\/2022\\\/09\\\/07\\\/fila-lanca-webserie-malvadao-do-bem-que-conta-a-historia-de-vida-do-rapper-xama\\\/#primaryimage\"},\"thumbnailUrl\":\"https:\\\/\\\/www.cidademarketing.com.br\\\/marketing\\\/wp-content\\\/uploads\\\/2022\\\/09\\\/xama_webserie_fila.jpg\",\"keywords\":[\"estrat\u00e9gia\",\"Fila\",\"marketing\",\"m\u00fasica\",\"rapper\",\"webs\u00e9rie\",\"Xam\u00e3\"],\"articleSection\":[\"Videos\"],\"inLanguage\":\"pt-BR\",\"potentialAction\":[{\"@type\":\"CommentAction\",\"name\":\"Comment\",\"target\":[\"https:\\\/\\\/www.cidademarketing.com.br\\\/marketing\\\/2022\\\/09\\\/07\\\/fila-lanca-webserie-malvadao-do-bem-que-conta-a-historia-de-vida-do-rapper-xama\\\/#respond\"]}]},{\"@type\":\"WebPage\",\"@id\":\"https:\\\/\\\/www.cidademarketing.com.br\\\/marketing\\\/2022\\\/09\\\/07\\\/fila-lanca-webserie-malvadao-do-bem-que-conta-a-historia-de-vida-do-rapper-xama\\\/\",\"url\":\"https:\\\/\\\/www.cidademarketing.com.br\\\/marketing\\\/2022\\\/09\\\/07\\\/fila-lanca-webserie-malvadao-do-bem-que-conta-a-historia-de-vida-do-rapper-xama\\\/\",\"name\":\"Fila lan\u00e7a webs\u00e9rie \\\"Malvad\u00e3o do Bem\\\" que conta a hist\u00f3ria de vida do rapper Xam\u00e3 - CidadeMarketing\",\"isPartOf\":{\"@id\":\"https:\\\/\\\/www.cidademarketing.com.br\\\/marketing\\\/#website\"},\"primaryImageOfPage\":{\"@id\":\"https:\\\/\\\/www.cidademarketing.com.br\\\/marketing\\\/2022\\\/09\\\/07\\\/fila-lanca-webserie-malvadao-do-bem-que-conta-a-historia-de-vida-do-rapper-xama\\\/#primaryimage\"},\"image\":{\"@id\":\"https:\\\/\\\/www.cidademarketing.com.br\\\/marketing\\\/2022\\\/09\\\/07\\\/fila-lanca-webserie-malvadao-do-bem-que-conta-a-historia-de-vida-do-rapper-xama\\\/#primaryimage\"},\"thumbnailUrl\":\"https:\\\/\\\/www.cidademarketing.com.br\\\/marketing\\\/wp-content\\\/uploads\\\/2022\\\/09\\\/xama_webserie_fila.jpg\",\"datePublished\":\"2022-09-08T02:27:25+00:00\",\"breadcrumb\":{\"@id\":\"https:\\\/\\\/www.cidademarketing.com.br\\\/marketing\\\/2022\\\/09\\\/07\\\/fila-lanca-webserie-malvadao-do-bem-que-conta-a-historia-de-vida-do-rapper-xama\\\/#breadcrumb\"},\"inLanguage\":\"pt-BR\",\"potentialAction\":[{\"@type\":\"ReadAction\",\"target\":[\"https:\\\/\\\/www.cidademarketing.com.br\\\/marketing\\\/2022\\\/09\\\/07\\\/fila-lanca-webserie-malvadao-do-bem-que-conta-a-historia-de-vida-do-rapper-xama\\\/\"]}]},{\"@type\":\"ImageObject\",\"inLanguage\":\"pt-BR\",\"@id\":\"https:\\\/\\\/www.cidademarketing.com.br\\\/marketing\\\/2022\\\/09\\\/07\\\/fila-lanca-webserie-malvadao-do-bem-que-conta-a-historia-de-vida-do-rapper-xama\\\/#primaryimage\",\"url\":\"https:\\\/\\\/www.cidademarketing.com.br\\\/marketing\\\/wp-content\\\/uploads\\\/2022\\\/09\\\/xama_webserie_fila.jpg\",\"contentUrl\":\"https:\\\/\\\/www.cidademarketing.com.br\\\/marketing\\\/wp-content\\\/uploads\\\/2022\\\/09\\\/xama_webserie_fila.jpg\",\"width\":1160,\"height\":581},{\"@type\":\"BreadcrumbList\",\"@id\":\"https:\\\/\\\/www.cidademarketing.com.br\\\/marketing\\\/2022\\\/09\\\/07\\\/fila-lanca-webserie-malvadao-do-bem-que-conta-a-historia-de-vida-do-rapper-xama\\\/#breadcrumb\",\"itemListElement\":[{\"@type\":\"ListItem\",\"position\":1,\"name\":\"In\u00edcio\",\"item\":\"https:\\\/\\\/www.cidademarketing.com.br\\\/marketing\\\/\"},{\"@type\":\"ListItem\",\"position\":2,\"name\":\"Fila lan\u00e7a webs\u00e9rie &#8220;Malvad\u00e3o do Bem&#8221; que conta a hist\u00f3ria de vida do rapper Xam\u00e3\"}]},{\"@type\":\"WebSite\",\"@id\":\"https:\\\/\\\/www.cidademarketing.com.br\\\/marketing\\\/#website\",\"url\":\"https:\\\/\\\/www.cidademarketing.com.br\\\/marketing\\\/\",\"name\":\"CidadeMarketing\",\"description\":\"Somos um ve\u00edculo de comunica\u00e7\u00e3o de destaque no Brasil, reconhecido por conte\u00fados nos segmentos de marketing, empreendedorismo e inova\u00e7\u00e3o.\",\"publisher\":{\"@id\":\"https:\\\/\\\/www.cidademarketing.com.br\\\/marketing\\\/#organization\"},\"alternateName\":\"CidadeMarketing\",\"potentialAction\":[{\"@type\":\"SearchAction\",\"target\":{\"@type\":\"EntryPoint\",\"urlTemplate\":\"https:\\\/\\\/www.cidademarketing.com.br\\\/marketing\\\/?s={search_term_string}\"},\"query-input\":{\"@type\":\"PropertyValueSpecification\",\"valueRequired\":true,\"valueName\":\"search_term_string\"}}],\"inLanguage\":\"pt-BR\"},{\"@type\":\"Organization\",\"@id\":\"https:\\\/\\\/www.cidademarketing.com.br\\\/marketing\\\/#organization\",\"name\":\"CidadeMarketing\",\"alternateName\":\"CidadeMarketing\",\"url\":\"https:\\\/\\\/www.cidademarketing.com.br\\\/marketing\\\/\",\"logo\":{\"@type\":\"ImageObject\",\"inLanguage\":\"pt-BR\",\"@id\":\"https:\\\/\\\/www.cidademarketing.com.br\\\/marketing\\\/#\\\/schema\\\/logo\\\/image\\\/\",\"url\":\"https:\\\/\\\/www.cidademarketing.com.br\\\/marketing\\\/wp-content\\\/uploads\\\/2020\\\/01\\\/cidademarketing_marca_mobile.png\",\"contentUrl\":\"https:\\\/\\\/www.cidademarketing.com.br\\\/marketing\\\/wp-content\\\/uploads\\\/2020\\\/01\\\/cidademarketing_marca_mobile.png\",\"width\":230,\"height\":92,\"caption\":\"CidadeMarketing\"},\"image\":{\"@id\":\"https:\\\/\\\/www.cidademarketing.com.br\\\/marketing\\\/#\\\/schema\\\/logo\\\/image\\\/\"},\"sameAs\":[\"https:\\\/\\\/www.facebook.com\\\/portalcidademarketing\",\"https:\\\/\\\/x.com\\\/CidadeMarketing\",\"https:\\\/\\\/www.instagram.com\\\/cidademarketing\\\/\"]},{\"@type\":\"Person\",\"@id\":\"https:\\\/\\\/www.cidademarketing.com.br\\\/marketing\\\/#\\\/schema\\\/person\\\/02daff9f18bd9378c9e01eb6b2db155f\",\"name\":\"Thales Brand\u00e3o\",\"image\":{\"@type\":\"ImageObject\",\"inLanguage\":\"pt-BR\",\"@id\":\"https:\\\/\\\/secure.gravatar.com\\\/avatar\\\/7ca3206950207cc3cb48feec56a8a7898741ab725c368d99d5d7a5a50aab80c6?s=96&d=mm&r=g\",\"url\":\"https:\\\/\\\/secure.gravatar.com\\\/avatar\\\/7ca3206950207cc3cb48feec56a8a7898741ab725c368d99d5d7a5a50aab80c6?s=96&d=mm&r=g\",\"contentUrl\":\"https:\\\/\\\/secure.gravatar.com\\\/avatar\\\/7ca3206950207cc3cb48feec56a8a7898741ab725c368d99d5d7a5a50aab80c6?s=96&d=mm&r=g\",\"caption\":\"Thales Brand\u00e3o\"},\"description\":\"Editor Executivo do Portal CidadeMarketing.com.br &gt; Mestre em Comunica\u00e7\u00e3o e Sociedade pela Universidade Federal de Sergipe. Possui MBA Executivo em Administra\u00e7\u00e3o com \u00eanfase em Marketing pela Funda\u00e7\u00e3o Get\u00falio Vargas - Rio de Janeiro. Consultor, Palestrante e Pesquisador sobre Empreendedorismo, Marketing, Redes Sociais e Neg\u00f3cios Digitais. Professor, Palestrante TedxTalks e Campus Party. Twitter: @ThalesBrandao\",\"sameAs\":[\"http:\\\/\\\/www.mandacaru.com.br\",\"https:\\\/\\\/www.facebook.com\\\/thalesbrandao\",\"http:\\\/\\\/www.instagram.com.br\\\/thalesbrandaoferreira\",\"https:\\\/\\\/www.linkedin.com\\\/in\\\/thales-brand\u00e3o-3948609\\\/\",\"https:\\\/\\\/x.com\\\/http:\\\/\\\/www.twitter.com\\\/thalesbrandao\"],\"url\":\"https:\\\/\\\/www.cidademarketing.com.br\\\/marketing\\\/author\\\/thalesbrandao\\\/\"}]}<\/script>\n<!-- \/ Yoast SEO plugin. -->","yoast_head_json":{"title":"Fila lan\u00e7a webs\u00e9rie \"Malvad\u00e3o do Bem\" que conta a hist\u00f3ria de vida do rapper Xam\u00e3 - CidadeMarketing","robots":{"index":"index","follow":"follow","max-snippet":"max-snippet:-1","max-image-preview":"max-image-preview:large","max-video-preview":"max-video-preview:-1"},"canonical":"https:\/\/www.cidademarketing.com.br\/marketing\/2022\/09\/07\/fila-lanca-webserie-malvadao-do-bem-que-conta-a-historia-de-vida-do-rapper-xama\/","og_locale":"pt_BR","og_type":"article","og_title":"Fila lan\u00e7a webs\u00e9rie \"Malvad\u00e3o do Bem\" que conta a hist\u00f3ria de vida do rapper Xam\u00e3 - CidadeMarketing","og_description":"Geizon Carlos da Cruz Fernandes para alguns e Xam\u00e3 para centenas de milh\u00f5es de pessoas \u00e9 um dos principais nomes da m\u00fasica no Brasil e embaixador da FILA. A hist\u00f3ria do rapper \u00e9 repleta de inspira\u00e7\u00e3o e totalmente conectada ao posicionamento change the game da marca, feat perfeito que originou o \u201cMalvad\u00e3o do Bem\u201d, um [&hellip;]","og_url":"https:\/\/www.cidademarketing.com.br\/marketing\/2022\/09\/07\/fila-lanca-webserie-malvadao-do-bem-que-conta-a-historia-de-vida-do-rapper-xama\/","og_site_name":"CidadeMarketing","article_publisher":"https:\/\/www.facebook.com\/portalcidademarketing","article_author":"https:\/\/www.facebook.com\/thalesbrandao","article_published_time":"2022-09-08T02:27:25+00:00","og_image":[{"width":1160,"height":581,"url":"https:\/\/www.cidademarketing.com.br\/marketing\/wp-content\/uploads\/2022\/09\/xama_webserie_fila.jpg","type":"image\/jpeg"}],"author":"Thales Brand\u00e3o","twitter_card":"summary_large_image","twitter_creator":"@http:\/\/www.twitter.com\/thalesbrandao","twitter_site":"@CidadeMarketing","twitter_misc":{"Escrito por":"Thales Brand\u00e3o","Est. tempo de leitura":"3 minutos"},"schema":{"@context":"https:\/\/schema.org","@graph":[{"@type":"Article","@id":"https:\/\/www.cidademarketing.com.br\/marketing\/2022\/09\/07\/fila-lanca-webserie-malvadao-do-bem-que-conta-a-historia-de-vida-do-rapper-xama\/#article","isPartOf":{"@id":"https:\/\/www.cidademarketing.com.br\/marketing\/2022\/09\/07\/fila-lanca-webserie-malvadao-do-bem-que-conta-a-historia-de-vida-do-rapper-xama\/"},"author":{"name":"Thales Brand\u00e3o","@id":"https:\/\/www.cidademarketing.com.br\/marketing\/#\/schema\/person\/02daff9f18bd9378c9e01eb6b2db155f"},"headline":"Fila lan\u00e7a webs\u00e9rie &#8220;Malvad\u00e3o do Bem&#8221; que conta a hist\u00f3ria de vida do rapper Xam\u00e3","datePublished":"2022-09-08T02:27:25+00:00","mainEntityOfPage":{"@id":"https:\/\/www.cidademarketing.com.br\/marketing\/2022\/09\/07\/fila-lanca-webserie-malvadao-do-bem-que-conta-a-historia-de-vida-do-rapper-xama\/"},"wordCount":647,"commentCount":0,"publisher":{"@id":"https:\/\/www.cidademarketing.com.br\/marketing\/#organization"},"image":{"@id":"https:\/\/www.cidademarketing.com.br\/marketing\/2022\/09\/07\/fila-lanca-webserie-malvadao-do-bem-que-conta-a-historia-de-vida-do-rapper-xama\/#primaryimage"},"thumbnailUrl":"https:\/\/www.cidademarketing.com.br\/marketing\/wp-content\/uploads\/2022\/09\/xama_webserie_fila.jpg","keywords":["estrat\u00e9gia","Fila","marketing","m\u00fasica","rapper","webs\u00e9rie","Xam\u00e3"],"articleSection":["Videos"],"inLanguage":"pt-BR","potentialAction":[{"@type":"CommentAction","name":"Comment","target":["https:\/\/www.cidademarketing.com.br\/marketing\/2022\/09\/07\/fila-lanca-webserie-malvadao-do-bem-que-conta-a-historia-de-vida-do-rapper-xama\/#respond"]}]},{"@type":"WebPage","@id":"https:\/\/www.cidademarketing.com.br\/marketing\/2022\/09\/07\/fila-lanca-webserie-malvadao-do-bem-que-conta-a-historia-de-vida-do-rapper-xama\/","url":"https:\/\/www.cidademarketing.com.br\/marketing\/2022\/09\/07\/fila-lanca-webserie-malvadao-do-bem-que-conta-a-historia-de-vida-do-rapper-xama\/","name":"Fila lan\u00e7a webs\u00e9rie \"Malvad\u00e3o do Bem\" que conta a hist\u00f3ria de vida do rapper Xam\u00e3 - CidadeMarketing","isPartOf":{"@id":"https:\/\/www.cidademarketing.com.br\/marketing\/#website"},"primaryImageOfPage":{"@id":"https:\/\/www.cidademarketing.com.br\/marketing\/2022\/09\/07\/fila-lanca-webserie-malvadao-do-bem-que-conta-a-historia-de-vida-do-rapper-xama\/#primaryimage"},"image":{"@id":"https:\/\/www.cidademarketing.com.br\/marketing\/2022\/09\/07\/fila-lanca-webserie-malvadao-do-bem-que-conta-a-historia-de-vida-do-rapper-xama\/#primaryimage"},"thumbnailUrl":"https:\/\/www.cidademarketing.com.br\/marketing\/wp-content\/uploads\/2022\/09\/xama_webserie_fila.jpg","datePublished":"2022-09-08T02:27:25+00:00","breadcrumb":{"@id":"https:\/\/www.cidademarketing.com.br\/marketing\/2022\/09\/07\/fila-lanca-webserie-malvadao-do-bem-que-conta-a-historia-de-vida-do-rapper-xama\/#breadcrumb"},"inLanguage":"pt-BR","potentialAction":[{"@type":"ReadAction","target":["https:\/\/www.cidademarketing.com.br\/marketing\/2022\/09\/07\/fila-lanca-webserie-malvadao-do-bem-que-conta-a-historia-de-vida-do-rapper-xama\/"]}]},{"@type":"ImageObject","inLanguage":"pt-BR","@id":"https:\/\/www.cidademarketing.com.br\/marketing\/2022\/09\/07\/fila-lanca-webserie-malvadao-do-bem-que-conta-a-historia-de-vida-do-rapper-xama\/#primaryimage","url":"https:\/\/www.cidademarketing.com.br\/marketing\/wp-content\/uploads\/2022\/09\/xama_webserie_fila.jpg","contentUrl":"https:\/\/www.cidademarketing.com.br\/marketing\/wp-content\/uploads\/2022\/09\/xama_webserie_fila.jpg","width":1160,"height":581},{"@type":"BreadcrumbList","@id":"https:\/\/www.cidademarketing.com.br\/marketing\/2022\/09\/07\/fila-lanca-webserie-malvadao-do-bem-que-conta-a-historia-de-vida-do-rapper-xama\/#breadcrumb","itemListElement":[{"@type":"ListItem","position":1,"name":"In\u00edcio","item":"https:\/\/www.cidademarketing.com.br\/marketing\/"},{"@type":"ListItem","position":2,"name":"Fila lan\u00e7a webs\u00e9rie &#8220;Malvad\u00e3o do Bem&#8221; que conta a hist\u00f3ria de vida do rapper Xam\u00e3"}]},{"@type":"WebSite","@id":"https:\/\/www.cidademarketing.com.br\/marketing\/#website","url":"https:\/\/www.cidademarketing.com.br\/marketing\/","name":"CidadeMarketing","description":"Somos um ve\u00edculo de comunica\u00e7\u00e3o de destaque no Brasil, reconhecido por conte\u00fados nos segmentos de marketing, empreendedorismo e inova\u00e7\u00e3o.","publisher":{"@id":"https:\/\/www.cidademarketing.com.br\/marketing\/#organization"},"alternateName":"CidadeMarketing","potentialAction":[{"@type":"SearchAction","target":{"@type":"EntryPoint","urlTemplate":"https:\/\/www.cidademarketing.com.br\/marketing\/?s={search_term_string}"},"query-input":{"@type":"PropertyValueSpecification","valueRequired":true,"valueName":"search_term_string"}}],"inLanguage":"pt-BR"},{"@type":"Organization","@id":"https:\/\/www.cidademarketing.com.br\/marketing\/#organization","name":"CidadeMarketing","alternateName":"CidadeMarketing","url":"https:\/\/www.cidademarketing.com.br\/marketing\/","logo":{"@type":"ImageObject","inLanguage":"pt-BR","@id":"https:\/\/www.cidademarketing.com.br\/marketing\/#\/schema\/logo\/image\/","url":"https:\/\/www.cidademarketing.com.br\/marketing\/wp-content\/uploads\/2020\/01\/cidademarketing_marca_mobile.png","contentUrl":"https:\/\/www.cidademarketing.com.br\/marketing\/wp-content\/uploads\/2020\/01\/cidademarketing_marca_mobile.png","width":230,"height":92,"caption":"CidadeMarketing"},"image":{"@id":"https:\/\/www.cidademarketing.com.br\/marketing\/#\/schema\/logo\/image\/"},"sameAs":["https:\/\/www.facebook.com\/portalcidademarketing","https:\/\/x.com\/CidadeMarketing","https:\/\/www.instagram.com\/cidademarketing\/"]},{"@type":"Person","@id":"https:\/\/www.cidademarketing.com.br\/marketing\/#\/schema\/person\/02daff9f18bd9378c9e01eb6b2db155f","name":"Thales Brand\u00e3o","image":{"@type":"ImageObject","inLanguage":"pt-BR","@id":"https:\/\/secure.gravatar.com\/avatar\/7ca3206950207cc3cb48feec56a8a7898741ab725c368d99d5d7a5a50aab80c6?s=96&d=mm&r=g","url":"https:\/\/secure.gravatar.com\/avatar\/7ca3206950207cc3cb48feec56a8a7898741ab725c368d99d5d7a5a50aab80c6?s=96&d=mm&r=g","contentUrl":"https:\/\/secure.gravatar.com\/avatar\/7ca3206950207cc3cb48feec56a8a7898741ab725c368d99d5d7a5a50aab80c6?s=96&d=mm&r=g","caption":"Thales Brand\u00e3o"},"description":"Editor Executivo do Portal CidadeMarketing.com.br &gt; Mestre em Comunica\u00e7\u00e3o e Sociedade pela Universidade Federal de Sergipe. Possui MBA Executivo em Administra\u00e7\u00e3o com \u00eanfase em Marketing pela Funda\u00e7\u00e3o Get\u00falio Vargas - Rio de Janeiro. Consultor, Palestrante e Pesquisador sobre Empreendedorismo, Marketing, Redes Sociais e Neg\u00f3cios Digitais. Professor, Palestrante TedxTalks e Campus Party. Twitter: @ThalesBrandao","sameAs":["http:\/\/www.mandacaru.com.br","https:\/\/www.facebook.com\/thalesbrandao","http:\/\/www.instagram.com.br\/thalesbrandaoferreira","https:\/\/www.linkedin.com\/in\/thales-brand\u00e3o-3948609\/","https:\/\/x.com\/http:\/\/www.twitter.com\/thalesbrandao"],"url":"https:\/\/www.cidademarketing.com.br\/marketing\/author\/thalesbrandao\/"}]}},"amp_enabled":true,"_links":{"self":[{"href":"https:\/\/www.cidademarketing.com.br\/marketing\/wp-json\/wp\/v2\/posts\/37981","targetHints":{"allow":["GET"]}}],"collection":[{"href":"https:\/\/www.cidademarketing.com.br\/marketing\/wp-json\/wp\/v2\/posts"}],"about":[{"href":"https:\/\/www.cidademarketing.com.br\/marketing\/wp-json\/wp\/v2\/types\/post"}],"author":[{"embeddable":true,"href":"https:\/\/www.cidademarketing.com.br\/marketing\/wp-json\/wp\/v2\/users\/1"}],"replies":[{"embeddable":true,"href":"https:\/\/www.cidademarketing.com.br\/marketing\/wp-json\/wp\/v2\/comments?post=37981"}],"version-history":[{"count":1,"href":"https:\/\/www.cidademarketing.com.br\/marketing\/wp-json\/wp\/v2\/posts\/37981\/revisions"}],"predecessor-version":[{"id":37983,"href":"https:\/\/www.cidademarketing.com.br\/marketing\/wp-json\/wp\/v2\/posts\/37981\/revisions\/37983"}],"wp:featuredmedia":[{"embeddable":true,"href":"https:\/\/www.cidademarketing.com.br\/marketing\/wp-json\/wp\/v2\/media\/37982"}],"wp:attachment":[{"href":"https:\/\/www.cidademarketing.com.br\/marketing\/wp-json\/wp\/v2\/media?parent=37981"}],"wp:term":[{"taxonomy":"category","embeddable":true,"href":"https:\/\/www.cidademarketing.com.br\/marketing\/wp-json\/wp\/v2\/categories?post=37981"},{"taxonomy":"post_tag","embeddable":true,"href":"https:\/\/www.cidademarketing.com.br\/marketing\/wp-json\/wp\/v2\/tags?post=37981"}],"curies":[{"name":"wp","href":"https:\/\/api.w.org\/{rel}","templated":true}]}}