{"id":37943,"date":"2022-09-05T13:18:59","date_gmt":"2022-09-05T16:18:59","guid":{"rendered":"https:\/\/www.cidademarketing.com.br\/marketing\/?p=37943"},"modified":"2025-10-01T18:44:55","modified_gmt":"2025-10-01T21:44:55","slug":"os-dobraveis-vieram-para-ficar-e-tem-tudo-a-ver-com-o-publico-brasileiro-afirma-executivo-da-samsung","status":"publish","type":"post","link":"https:\/\/www.cidademarketing.com.br\/marketing\/2022\/09\/05\/os-dobraveis-vieram-para-ficar-e-tem-tudo-a-ver-com-o-publico-brasileiro-afirma-executivo-da-samsung\/","title":{"rendered":"&#8220;Os dobr\u00e1veis vieram para ficar e t\u00eam tudo a ver com o p\u00fablico brasileiro&#8221;, afirma executivo da Samsung"},"content":{"rendered":"<p><iframe style=\"border-radius: 12px;\" src=\"https:\/\/open.spotify.com\/embed\/show\/4khMKzP3FgFRWVwb73xicc?utm_source=generator&amp;t=0\" width=\"100%\" height=\"232\" frameborder=\"0\" allowfullscreen=\"allowfullscreen\"><\/iframe><br \/>\nA Samsung acaba de lan\u00e7ar no Brasil sua nova gera\u00e7\u00e3o de dispositivos da fam\u00edlia Galaxy Z. As grandes estrelas do an\u00fancio foram os smartphones dobr\u00e1veis Galaxy Z Flip4 5G e Z Fold4 5G1 2, al\u00e9m de dois modelos de smartwatches \u2013 Galaxy Watch5 e Galaxy Watch5 Pro \u2013 e a nova gera\u00e7\u00e3o premium do fone de ouvido sem fio Galaxy Buds2 Pro.<br \/>\nEm conversa com a Samsung Newsroom Entrevista, Antonio Quintas, Vice-Presidente de Mobile Experience da Samsung Brasil, falou sobre o lan\u00e7amento desta quarta gera\u00e7\u00e3o de dobr\u00e1veis e da import\u00e2ncia dos wearables dentro do Ecossistema Galaxy. Tamb\u00e9m aproveitou para tocar em outros temas de extrema relev\u00e2ncia: o avan\u00e7o da tecnologia 5G, a import\u00e2ncia de democratizar inova\u00e7\u00f5es e as novidades da Samsung em sustentabilidade por meio do Galaxy for the Planet e cen\u00e1rio atual do mercado.<\/p>\n<p><strong>1) Newsroom: Quais s\u00e3o as \u00faltimas novidades da Samsung para o mercado brasileiro?<\/strong><br \/>\nQuintas: Lan\u00e7amos em 23 de agosto os novos integrantes da fam\u00edlia Galaxy Z no Brasil. Os dobr\u00e1veis vieram para ficar e t\u00eam tudo a ver com o p\u00fablico brasileiro. Em um pa\u00eds em que a autoexpress\u00e3o e a paix\u00e3o pelas redes sociais fazem parte do DNA, um smartphone como o Galaxy Z Flip4 5G se transforma em uma poderosa ferramenta de comunica\u00e7\u00e3o e entretenimento. J\u00e1 no Galaxy Z Fold4 5G, h\u00e1 uma s\u00e9rie de recursos para quem busca um smartphone com foco em produtividade, com telas imersivas e recursos de multitarefa semelhantes ao de um computador. \u00c9 o formato ideal para quem transformou o smartphone num hub digital, movimento que se consolidou durante a pandemia, junto ao formato h\u00edbrido de trabalho, educa\u00e7\u00e3o e de lazer.<br \/>\nTamb\u00e9m anunciamos os rel\u00f3gios inteligentes, o Galaxy Watch5 e o Galaxy Watch5 Pro, que moldam h\u00e1bitos de sa\u00fade e bem-estar, al\u00e9m do Galaxy Buds2 Pro, nossos novos fones de ouvido sem fio para o segmento premium.<\/p>\n<p><strong>2) Newsroom: A expans\u00e3o do mercado de dobr\u00e1veis, com novos entrantes, mostra uma clara consolida\u00e7\u00e3o do formato?<\/strong><br \/>\nQuintas: H\u00e1 dez anos, quando come\u00e7amos a trabalhar nos dobr\u00e1veis, a nossa principal motiva\u00e7\u00e3o era desenvolver produtos capazes de transformar a vida das pessoas por meio de experi\u00eancias m\u00f3veis incompar\u00e1veis, que superam os limites de versatilidade e portabilidade.<br \/>\nGra\u00e7as \u00e0 nossa tecnologia inovadora e lideran\u00e7a da ind\u00fastria, transformamos essa ideia em uma categoria de sucesso, que acumula f\u00e3s por todo o mundo. N\u00e3o \u00e0 toa, somente no ano passado, quase 10 milh\u00f5es de smartphones dobr\u00e1veis foram exportados globalmente. Isso representa um aumento de mais de 300% se comparado a 2020, com proje\u00e7\u00e3o de ritmo de crescimento acelerado, se difundindo cada vez mais e ocupando o espa\u00e7o de smartphones tradicionais. Daqui a tr\u00eas anos, em 2025, prevemos que os dobr\u00e1veis devem ser o padr\u00e3o da ind\u00fastria, com cada vez mais pessoas utilizando este revolucion\u00e1rio formato.<\/p>\n<p><strong>3) Newsroom: Como os smartphones dobr\u00e1veis est\u00e3o sendo recebidos no Brasil?<\/strong> O an\u00fancio da quarta gera\u00e7\u00e3o traz alguma novidade para o p\u00fablico brasileiro?<br \/>\nQuintas: Essa tend\u00eancia que mostra o avan\u00e7o dos dobr\u00e1veis tamb\u00e9m \u00e9 observada no Brasil. O brasileiro tem um perfil de consumo tecnol\u00f3gico avan\u00e7ado, com uma participa\u00e7\u00e3o relevante no segmento premium, independentemente da classe social. Isso \u00e9 fruto do reconhecimento do smartphone como um personagem central nas nossas vidas digitais. As pessoas topam fazer esse investimento pensando em todos os benef\u00edcios que ter\u00e3o tanto para a produtividade, como para a educa\u00e7\u00e3o e o lazer.<br \/>\nOs brasileiros tamb\u00e9m est\u00e3o entre os maiores usu\u00e1rios de redes sociais do mundo e encontramos nos smartphones a plataforma ideal para compartilhar essas informa\u00e7\u00f5es. E, por fim, somos um povo que sabe reconhecer como um design realmente inovador pode proporcionar, al\u00e9m da beleza, uma experi\u00eancia diferenciada do uso do aparelho. Por isso que nesta quarta gera\u00e7\u00e3o, por exemplo, receberemos pela primeira vez o Galaxy Z Flip4 5G Edi\u00e7\u00e3o Bespoke, permitindo que os brasileiros possam se expressar de formas ainda mais \u00fanicas.<\/p>\n<p><strong>4) Newsroom: Quais as outras possibilidades para a tecnologia dobr\u00e1vel? A Samsung pretende explorar novas aplica\u00e7\u00f5es?<\/strong><br \/>\nQuintas: Estamos diante do in\u00edcio de uma nova era do uso de smartphones. Todas as mudan\u00e7as importantes que ocorreram nos smartphones (quando pensamos no hardware), vieram seguidas de grandes transforma\u00e7\u00f5es tamb\u00e9m no mundo do software e dos aplicativos. A cada nova gera\u00e7\u00e3o de dobr\u00e1veis, vemos as empresas parceiras da Samsung, como Meta, Google e Microsoft, desenvolvendo vers\u00f5es ainda mais incr\u00edveis de seus principais aplicativos que usam toda a versatilidade das telas que dobram. Olhando para o futuro, acreditamos que cada vez mais aplica\u00e7\u00f5es dever\u00e3o nascer da criatividade dos desenvolvedores de aplicativos \u2013 muitas delas que sequer imaginamos.<\/p>\n<p><strong>5) Newsroom: Os novos smartphones da fam\u00edlia Galaxy Z somam-se a um extenso portfolio 5G da Samsung no Brasil. Como voc\u00ea enxerga a chegada do 5G no Brasil? O que vai mudar na vida das pessoas?<\/strong><br \/>\nQuintas: A Samsung possui o maior portf\u00f3lio de dispositivos 5G do Brasil, com 25 smartphones de diversos modelos e valores j\u00e1 dispon\u00edveis em todo o mercado local. Essa grande variedade de equipamentos \u2013 acess\u00edveis a diferentes perfis de pessoas \u2013 traduz um dos principais compromissos da empresa que \u00e9 a inova\u00e7\u00e3o com prop\u00f3sito e de forma democr\u00e1tica.<br \/>\nInovar n\u00e3o \u00e9 apenas sobre implementar novas tecnologias, mas garantir que elas estejam dispon\u00edveis para todos. \u00c9 por isso que a Samsung tem trabalhado constantemente para democratizar as principais inova\u00e7\u00f5es Galaxy para produtos nas mais diversas faixas de pre\u00e7o.<br \/>\nIsso \u00e9 resultado de um investimento consistente da Samsung, que exerceu um papel fundamental para o progresso da rede 5G globalmente. O 5G tamb\u00e9m abre porta para uma s\u00e9rie de inova\u00e7\u00f5es que v\u00e3o al\u00e9m de uma velocidade mais r\u00e1pida nos dispositivos. Estamos falando de todo um ecossistema que poder\u00e1 se beneficiar de uma infraestrutura 5G, especialmente quando pensamos na Internet das Coisas. Casas conectadas com eletrodom\u00e9sticos inteligentes, carros aut\u00f4nomos, inova\u00e7\u00f5es em telemedicina, educa\u00e7\u00e3o e mais uma s\u00e9rie de novidades devem surgir com o avan\u00e7o do 5G. A Samsung acredita num ecossistema aberto e mantem parceria com diversas empresas com dispositivos que se conectam aos produtos da Samsung por meio da plataforma Smart Things.<\/p>\n<p><strong>6) Newsroom: E como a Samsung tem feito para garantir a democratiza\u00e7\u00e3o de suas tecnologias?<\/strong><br \/>\nQuintas: Globalmente, a Samsung foi a primeira a comercializar um smartphone 5G em 2019, o Galaxy S10 5G, e continua a impulsionar a inova\u00e7\u00e3o e a democratiza\u00e7\u00e3o \u00e0 essa tecnologia. Atualmente, somos a marca com mais dispositivos m\u00f3veis que operam na rede 5G no Brasil, e, gra\u00e7as aos nossos esfor\u00e7os em democratizar tecnologias, oferecemos pre\u00e7os que come\u00e7am em R$ 1.700 na linha Galaxy A, por exemplo.<br \/>\nAl\u00e9m disso, temos diversos programas de incentivo para facilitar o acesso das pessoas aos smartphones 5G, como Troca Smart, Samsung Sempre Novo e Samsung Itaucard. A Troca Smart \u00e9 o servi\u00e7o de trade-in, que permite \u00e0s pessoas reaproveitar um smartphone, tablet ou smartwatch antigo como descontos na compra de um novo dispositivo Galaxy. J\u00e1 o Samsung Sempre Novo, em parceria com a Porto Seguro Bank, permite que o consumidor tenha um plano de assinatura mensal no qual consegue ter todo ano sempre o melhor smartphone Samsung Galaxy. E, para facilitar o pagamento e parcelar as compras em at\u00e9 24 vezes sem juros em nossos canais oficiais e parceiros, oferecemos a possibilidade de os consumidores obterem o cart\u00e3o de cr\u00e9dito Samsung Itaucard Visa.<br \/>\nO resultado pr\u00e1tico disso se v\u00ea nos n\u00fameros: a Samsung \u00e9 a l\u00edder no segmento de smartphones em geral, dominando mais de metade do mercado. No segmento premium, essa presen\u00e7a se repete, e com perspectivas bastante positivas por alguns aspectos. Um exemplo \u00e9 o lan\u00e7amento da fam\u00edlia Galaxy S22, no primeiro semestre, nossos smartphones topo de linha. O modelo mais avan\u00e7ado, o Galaxy S22 Ultra 5G1 3 respondeu por 46% das vendas durante o per\u00edodo de pr\u00e9-venda.<\/p>\n<p><strong>7) Newsroom: Qual a import\u00e2ncia da opera\u00e7\u00e3o brasileira para a estrat\u00e9gia global da Samsung?<\/strong><br \/>\nQuintas: Mantemos, h\u00e1 mais de 35 anos, um relacionamento valioso e indissoci\u00e1vel com os brasileiros. Temos mais de 300 pontos de vendas exclusivos por todo o Brasil, tanto em nossas lojas pr\u00f3prias como em quiosques, e mantemos uma forte alian\u00e7a com as principais operadoras e varejistas do pa\u00eds para que as pessoas tenham sempre a melhor experi\u00eancia poss\u00edvel ao adquirir um dispositivo Samsung.<br \/>\nPor acreditar na for\u00e7a e na import\u00e2ncia do mercado brasileiro, a Samsung n\u00e3o s\u00f3 traz seus produtos para c\u00e1. Tamb\u00e9m investimos na expans\u00e3o dos produtos que fabricamos aqui e na gera\u00e7\u00e3o de empregos por meio de nossos esfor\u00e7os em Pesquisa &amp; Desenvolvimento. Exemplo desse compromisso com o pa\u00eds s\u00e3o os nossos dois completos industriais &#8211; um em Manaus (AM) e outro em Campinas (SP), al\u00e9m de dois centros de P&amp;D nas mesmas regi\u00f5es.<br \/>\nTamb\u00e9m investimentos em programas de educa\u00e7\u00e3o e cidadania corporativa, como o Samsung Ocean e o Solve For Tomorrow, entre diversas outras iniciativas que usam a tecnologia como ferramenta de desenvolvimento para as pr\u00f3ximas gera\u00e7\u00f5es. Nos preocupamos em capacitar os estudantes brasileiros e contribuir para o desenvolvimento, inser\u00e7\u00e3o e crescimento no mercado.<\/p>\n<p><strong>8) Newsroom: Al\u00e9m dos novos dobr\u00e1veis, podemos esperar mais destaques da empresa, em produtos, neste segundo semestre de 2022?<\/strong><br \/>\nQuintas: A Samsung sempre apresenta inova\u00e7\u00f5es em seus lan\u00e7amentos e traz novas tecnologias que s\u00e3o capazes de moldar a ind\u00fastria. Neste segundo semestre, al\u00e9m dos novos Galaxy Z Flip4 5G e Galaxy Z Fold4 5G, e os novos dispositivos vest\u00edveis, trouxemos novidades em notebooks: o Galaxy Book2 360 e o Galaxy Book2 Pro, que j\u00e1 come\u00e7aram a ser vendidos no Brasil, e tamb\u00e9m o Galaxy Book2, que ter\u00e1 o in\u00edcio das vendas em setembro.<br \/>\nTamb\u00e9m trouxemos para o Brasil os novos tablets premium da fam\u00edlia Tab S8, o Galaxy Tab S8 Ultra 5G e o Galaxy Tab S8+ 5G1 Al\u00e9m de um hardware potente e recursos para elevar a produtividade do usu\u00e1rio, os produtos oferecem todas as facilidades do Ecossistema Galaxy para que o consumidor brasileiro tenha tudo o que precisa na palma da m\u00e3o, para trabalhar, estudar e se divertir de onde estiver. Esses dispositivos se unem ao Galaxy Tab S8 5G, que lan\u00e7amos em fevereiro deste ano no Pa\u00eds.<\/p>\n<p><strong>9) Newsroom: Em 2021, a Samsung anunciou seu compromisso Galaxy for the Planet e, no Unpacked do primeiro semestre deste ano, lan\u00e7ou o Galaxy S22 5G com componentes feitos a partir de pl\u00e1stico reciclado. Como a Samsung evoluiu nessa iniciativa em rela\u00e7\u00e3o aos novos produtos?<\/strong><br \/>\nQuintas: Desde o an\u00fancio da nossa vis\u00e3o \u201cGalaxy for the Planet\u201d, em agosto de 2021, temos trabalhado para criar outras maneiras de reciclar e reutilizar recursos que se tornariam res\u00edduos prejudiciais, minimizar nossa pegada ambiental e inspirar a inova\u00e7\u00e3o que ajuda a preservar o planeta.<br \/>\nN\u00f3s expandimos o uso de materiais reciclados para os rec\u00e9m-lan\u00e7ados Galaxy Z Fold4 5G e Galaxy Z Flip4 5G, com redes de pesca reaproveitadas. Tamb\u00e9m usamos no Galaxy Buds2 Pro, que \u00e9 mais de 90% feito com materiais reciclados.<br \/>\nTamb\u00e9m j\u00e1 reduzimos uma quantidade consider\u00e1vel de pl\u00e1sticos de uso \u00fanico em nossas embalagens atuais de smartphones Galaxy, incluindo os novos dobr\u00e1veis, al\u00e9m de usar papel 100% reciclado nas embalagens, entre outras iniciativas.<br \/>\nCom estas metas, vamos eliminar todos os pl\u00e1sticos de uso \u00fanico das embalagens dos nossos dispositivos m\u00f3veis at\u00e9 2025, avaliando todos os aspectos de seus designs de embalagens, at\u00e9 o menor dos detalhes, e tamb\u00e9m expandiremos embalagens ecol\u00f3gicas para outras categorias de produtos.<\/p>\n<p><em>1 Habilitado para tecnologia 5G. A velocidade real pode variar, dependendo do pa\u00eds, da operadora e do ambiente do usu\u00e1rio. Verifique com sua operadora a disponibilidade para mais detalhes.<\/em><\/p>\n<p><em>2 \u00c9 poss\u00edvel notar um vinco no centro da tela principal. Isso \u00e9 uma caracter\u00edstica natural do smartphone.<\/em><\/p>\n<p><em>3 Conectada \u00e0s quest\u00f5es de inova\u00e7\u00e3o tecnol\u00f3gica e consumo sustent\u00e1vel, a Samsung n\u00e3o fornece mais o carregador de tomada na caixa do produto (apenas o caso USB-C), por\u00e9m, na compra dos aparelhos eleg\u00edveis, o consumidor tem direito a resgatar gratuitamente um carregador de tomada. O resgate poder\u00e1 ser solicitado em at\u00e9 30 dias a partir da emiss\u00e3o da Nota Fiscal. A entrega ser\u00e1 feita no endere\u00e7o do consumidor. Consulte o regulamento completo em <a href=\"http:\/\/www.samsungparavoce.com.br\" target=\"_blank\" rel=\"noopener\">www.samsungparavoce.com.br<\/a>\/.<\/em><\/p>\n<p>&nbsp;<\/p>\n","protected":false},"excerpt":{"rendered":"<p>A Samsung acaba de lan\u00e7ar no Brasil sua nova gera\u00e7\u00e3o de dispositivos da fam\u00edlia Galaxy Z. As grandes estrelas do an\u00fancio foram os smartphones dobr\u00e1veis Galaxy Z Flip4 5G e Z Fold4 5G1 2, al\u00e9m de dois modelos de smartwatches \u2013 Galaxy Watch5 e Galaxy Watch5 Pro \u2013 e a nova gera\u00e7\u00e3o premium do fone [&hellip;]<\/p>\n","protected":false},"author":1,"featured_media":57788,"comment_status":"open","ping_status":"open","sticky":false,"template":"","format":"standard","meta":{"tdm_status":"","tdm_grid_status":"","footnotes":""},"categories":[15],"tags":[859,33,28,73,228],"class_list":["post-37943","post","type-post","status-publish","format-standard","has-post-thumbnail","hentry","category-entrevistas","tag-entrevista","tag-estrategia","tag-marketing","tag-samsung","tag-segmentacao-de-mercado"],"yoast_head":"<!-- This site is optimized with the Yoast SEO plugin v27.5 - https:\/\/yoast.com\/product\/yoast-seo-wordpress\/ -->\n<title>&quot;Os dobr\u00e1veis vieram para ficar e t\u00eam tudo a ver com o p\u00fablico brasileiro&quot;, afirma executivo da Samsung - CidadeMarketing<\/title>\n<meta name=\"robots\" content=\"index, follow, max-snippet:-1, max-image-preview:large, max-video-preview:-1\" \/>\n<link rel=\"canonical\" href=\"https:\/\/www.cidademarketing.com.br\/marketing\/2022\/09\/05\/os-dobraveis-vieram-para-ficar-e-tem-tudo-a-ver-com-o-publico-brasileiro-afirma-executivo-da-samsung\/\" \/>\n<meta property=\"og:locale\" content=\"pt_BR\" \/>\n<meta property=\"og:type\" content=\"article\" \/>\n<meta property=\"og:title\" content=\"&quot;Os dobr\u00e1veis vieram para ficar e t\u00eam tudo a ver com o p\u00fablico brasileiro&quot;, afirma executivo da Samsung - CidadeMarketing\" \/>\n<meta property=\"og:description\" content=\"A Samsung acaba de lan\u00e7ar no Brasil sua nova gera\u00e7\u00e3o de dispositivos da fam\u00edlia Galaxy Z. As grandes estrelas do an\u00fancio foram os smartphones dobr\u00e1veis Galaxy Z Flip4 5G e Z Fold4 5G1 2, al\u00e9m de dois modelos de smartwatches \u2013 Galaxy Watch5 e Galaxy Watch5 Pro \u2013 e a nova gera\u00e7\u00e3o premium do fone [&hellip;]\" \/>\n<meta property=\"og:url\" content=\"https:\/\/www.cidademarketing.com.br\/marketing\/2022\/09\/05\/os-dobraveis-vieram-para-ficar-e-tem-tudo-a-ver-com-o-publico-brasileiro-afirma-executivo-da-samsung\/\" \/>\n<meta property=\"og:site_name\" content=\"CidadeMarketing\" \/>\n<meta property=\"article:publisher\" content=\"https:\/\/www.facebook.com\/portalcidademarketing\" \/>\n<meta property=\"article:author\" content=\"https:\/\/www.facebook.com\/thalesbrandao\" \/>\n<meta property=\"article:published_time\" content=\"2022-09-05T16:18:59+00:00\" \/>\n<meta property=\"article:modified_time\" content=\"2025-10-01T21:44:55+00:00\" \/>\n<meta property=\"og:image\" content=\"https:\/\/www.cidademarketing.com.br\/marketing\/wp-content\/uploads\/2025\/05\/samsung_dobraveis.webp\" \/>\n\t<meta property=\"og:image:width\" content=\"1000\" \/>\n\t<meta property=\"og:image:height\" content=\"563\" \/>\n\t<meta property=\"og:image:type\" content=\"image\/webp\" \/>\n<meta name=\"author\" content=\"Thales Brand\u00e3o\" \/>\n<meta name=\"twitter:card\" content=\"summary_large_image\" \/>\n<meta name=\"twitter:creator\" content=\"@http:\/\/www.twitter.com\/thalesbrandao\" \/>\n<meta name=\"twitter:site\" content=\"@CidadeMarketing\" \/>\n<meta name=\"twitter:label1\" content=\"Escrito por\" \/>\n\t<meta name=\"twitter:data1\" content=\"Thales Brand\u00e3o\" \/>\n\t<meta name=\"twitter:label2\" content=\"Est. tempo de leitura\" \/>\n\t<meta name=\"twitter:data2\" content=\"12 minutos\" \/>\n<script type=\"application\/ld+json\" class=\"yoast-schema-graph\">{\"@context\":\"https:\\\/\\\/schema.org\",\"@graph\":[{\"@type\":\"Article\",\"@id\":\"https:\\\/\\\/www.cidademarketing.com.br\\\/marketing\\\/2022\\\/09\\\/05\\\/os-dobraveis-vieram-para-ficar-e-tem-tudo-a-ver-com-o-publico-brasileiro-afirma-executivo-da-samsung\\\/#article\",\"isPartOf\":{\"@id\":\"https:\\\/\\\/www.cidademarketing.com.br\\\/marketing\\\/2022\\\/09\\\/05\\\/os-dobraveis-vieram-para-ficar-e-tem-tudo-a-ver-com-o-publico-brasileiro-afirma-executivo-da-samsung\\\/\"},\"author\":{\"name\":\"Thales Brand\u00e3o\",\"@id\":\"https:\\\/\\\/www.cidademarketing.com.br\\\/marketing\\\/#\\\/schema\\\/person\\\/02daff9f18bd9378c9e01eb6b2db155f\"},\"headline\":\"&#8220;Os dobr\u00e1veis vieram para ficar e t\u00eam tudo a ver com o p\u00fablico brasileiro&#8221;, afirma executivo da Samsung\",\"datePublished\":\"2022-09-05T16:18:59+00:00\",\"dateModified\":\"2025-10-01T21:44:55+00:00\",\"mainEntityOfPage\":{\"@id\":\"https:\\\/\\\/www.cidademarketing.com.br\\\/marketing\\\/2022\\\/09\\\/05\\\/os-dobraveis-vieram-para-ficar-e-tem-tudo-a-ver-com-o-publico-brasileiro-afirma-executivo-da-samsung\\\/\"},\"wordCount\":2167,\"commentCount\":0,\"publisher\":{\"@id\":\"https:\\\/\\\/www.cidademarketing.com.br\\\/marketing\\\/#organization\"},\"image\":{\"@id\":\"https:\\\/\\\/www.cidademarketing.com.br\\\/marketing\\\/2022\\\/09\\\/05\\\/os-dobraveis-vieram-para-ficar-e-tem-tudo-a-ver-com-o-publico-brasileiro-afirma-executivo-da-samsung\\\/#primaryimage\"},\"thumbnailUrl\":\"https:\\\/\\\/www.cidademarketing.com.br\\\/marketing\\\/wp-content\\\/uploads\\\/2025\\\/05\\\/samsung_dobraveis.webp\",\"keywords\":[\"entrevista\",\"estrat\u00e9gia\",\"marketing\",\"Samsung\",\"segmenta\u00e7\u00e3o de mercado\"],\"articleSection\":[\"Entrevistas\"],\"inLanguage\":\"pt-BR\",\"potentialAction\":[{\"@type\":\"CommentAction\",\"name\":\"Comment\",\"target\":[\"https:\\\/\\\/www.cidademarketing.com.br\\\/marketing\\\/2022\\\/09\\\/05\\\/os-dobraveis-vieram-para-ficar-e-tem-tudo-a-ver-com-o-publico-brasileiro-afirma-executivo-da-samsung\\\/#respond\"]}]},{\"@type\":\"WebPage\",\"@id\":\"https:\\\/\\\/www.cidademarketing.com.br\\\/marketing\\\/2022\\\/09\\\/05\\\/os-dobraveis-vieram-para-ficar-e-tem-tudo-a-ver-com-o-publico-brasileiro-afirma-executivo-da-samsung\\\/\",\"url\":\"https:\\\/\\\/www.cidademarketing.com.br\\\/marketing\\\/2022\\\/09\\\/05\\\/os-dobraveis-vieram-para-ficar-e-tem-tudo-a-ver-com-o-publico-brasileiro-afirma-executivo-da-samsung\\\/\",\"name\":\"\\\"Os dobr\u00e1veis vieram para ficar e t\u00eam tudo a ver com o p\u00fablico brasileiro\\\", afirma executivo da Samsung - CidadeMarketing\",\"isPartOf\":{\"@id\":\"https:\\\/\\\/www.cidademarketing.com.br\\\/marketing\\\/#website\"},\"primaryImageOfPage\":{\"@id\":\"https:\\\/\\\/www.cidademarketing.com.br\\\/marketing\\\/2022\\\/09\\\/05\\\/os-dobraveis-vieram-para-ficar-e-tem-tudo-a-ver-com-o-publico-brasileiro-afirma-executivo-da-samsung\\\/#primaryimage\"},\"image\":{\"@id\":\"https:\\\/\\\/www.cidademarketing.com.br\\\/marketing\\\/2022\\\/09\\\/05\\\/os-dobraveis-vieram-para-ficar-e-tem-tudo-a-ver-com-o-publico-brasileiro-afirma-executivo-da-samsung\\\/#primaryimage\"},\"thumbnailUrl\":\"https:\\\/\\\/www.cidademarketing.com.br\\\/marketing\\\/wp-content\\\/uploads\\\/2025\\\/05\\\/samsung_dobraveis.webp\",\"datePublished\":\"2022-09-05T16:18:59+00:00\",\"dateModified\":\"2025-10-01T21:44:55+00:00\",\"breadcrumb\":{\"@id\":\"https:\\\/\\\/www.cidademarketing.com.br\\\/marketing\\\/2022\\\/09\\\/05\\\/os-dobraveis-vieram-para-ficar-e-tem-tudo-a-ver-com-o-publico-brasileiro-afirma-executivo-da-samsung\\\/#breadcrumb\"},\"inLanguage\":\"pt-BR\",\"potentialAction\":[{\"@type\":\"ReadAction\",\"target\":[\"https:\\\/\\\/www.cidademarketing.com.br\\\/marketing\\\/2022\\\/09\\\/05\\\/os-dobraveis-vieram-para-ficar-e-tem-tudo-a-ver-com-o-publico-brasileiro-afirma-executivo-da-samsung\\\/\"]}]},{\"@type\":\"ImageObject\",\"inLanguage\":\"pt-BR\",\"@id\":\"https:\\\/\\\/www.cidademarketing.com.br\\\/marketing\\\/2022\\\/09\\\/05\\\/os-dobraveis-vieram-para-ficar-e-tem-tudo-a-ver-com-o-publico-brasileiro-afirma-executivo-da-samsung\\\/#primaryimage\",\"url\":\"https:\\\/\\\/www.cidademarketing.com.br\\\/marketing\\\/wp-content\\\/uploads\\\/2025\\\/05\\\/samsung_dobraveis.webp\",\"contentUrl\":\"https:\\\/\\\/www.cidademarketing.com.br\\\/marketing\\\/wp-content\\\/uploads\\\/2025\\\/05\\\/samsung_dobraveis.webp\",\"width\":1000,\"height\":563},{\"@type\":\"BreadcrumbList\",\"@id\":\"https:\\\/\\\/www.cidademarketing.com.br\\\/marketing\\\/2022\\\/09\\\/05\\\/os-dobraveis-vieram-para-ficar-e-tem-tudo-a-ver-com-o-publico-brasileiro-afirma-executivo-da-samsung\\\/#breadcrumb\",\"itemListElement\":[{\"@type\":\"ListItem\",\"position\":1,\"name\":\"In\u00edcio\",\"item\":\"https:\\\/\\\/www.cidademarketing.com.br\\\/marketing\\\/\"},{\"@type\":\"ListItem\",\"position\":2,\"name\":\"&#8220;Os dobr\u00e1veis vieram para ficar e t\u00eam tudo a ver com o p\u00fablico brasileiro&#8221;, afirma executivo da Samsung\"}]},{\"@type\":\"WebSite\",\"@id\":\"https:\\\/\\\/www.cidademarketing.com.br\\\/marketing\\\/#website\",\"url\":\"https:\\\/\\\/www.cidademarketing.com.br\\\/marketing\\\/\",\"name\":\"CidadeMarketing\",\"description\":\"Somos um ve\u00edculo de comunica\u00e7\u00e3o de destaque no Brasil, reconhecido por conte\u00fados nos segmentos de marketing, empreendedorismo e inova\u00e7\u00e3o.\",\"publisher\":{\"@id\":\"https:\\\/\\\/www.cidademarketing.com.br\\\/marketing\\\/#organization\"},\"alternateName\":\"CidadeMarketing\",\"potentialAction\":[{\"@type\":\"SearchAction\",\"target\":{\"@type\":\"EntryPoint\",\"urlTemplate\":\"https:\\\/\\\/www.cidademarketing.com.br\\\/marketing\\\/?s={search_term_string}\"},\"query-input\":{\"@type\":\"PropertyValueSpecification\",\"valueRequired\":true,\"valueName\":\"search_term_string\"}}],\"inLanguage\":\"pt-BR\"},{\"@type\":\"Organization\",\"@id\":\"https:\\\/\\\/www.cidademarketing.com.br\\\/marketing\\\/#organization\",\"name\":\"CidadeMarketing\",\"alternateName\":\"CidadeMarketing\",\"url\":\"https:\\\/\\\/www.cidademarketing.com.br\\\/marketing\\\/\",\"logo\":{\"@type\":\"ImageObject\",\"inLanguage\":\"pt-BR\",\"@id\":\"https:\\\/\\\/www.cidademarketing.com.br\\\/marketing\\\/#\\\/schema\\\/logo\\\/image\\\/\",\"url\":\"https:\\\/\\\/www.cidademarketing.com.br\\\/marketing\\\/wp-content\\\/uploads\\\/2020\\\/01\\\/cidademarketing_marca_mobile.png\",\"contentUrl\":\"https:\\\/\\\/www.cidademarketing.com.br\\\/marketing\\\/wp-content\\\/uploads\\\/2020\\\/01\\\/cidademarketing_marca_mobile.png\",\"width\":230,\"height\":92,\"caption\":\"CidadeMarketing\"},\"image\":{\"@id\":\"https:\\\/\\\/www.cidademarketing.com.br\\\/marketing\\\/#\\\/schema\\\/logo\\\/image\\\/\"},\"sameAs\":[\"https:\\\/\\\/www.facebook.com\\\/portalcidademarketing\",\"https:\\\/\\\/x.com\\\/CidadeMarketing\",\"https:\\\/\\\/www.instagram.com\\\/cidademarketing\\\/\"]},{\"@type\":\"Person\",\"@id\":\"https:\\\/\\\/www.cidademarketing.com.br\\\/marketing\\\/#\\\/schema\\\/person\\\/02daff9f18bd9378c9e01eb6b2db155f\",\"name\":\"Thales Brand\u00e3o\",\"image\":{\"@type\":\"ImageObject\",\"inLanguage\":\"pt-BR\",\"@id\":\"https:\\\/\\\/secure.gravatar.com\\\/avatar\\\/7ca3206950207cc3cb48feec56a8a7898741ab725c368d99d5d7a5a50aab80c6?s=96&d=mm&r=g\",\"url\":\"https:\\\/\\\/secure.gravatar.com\\\/avatar\\\/7ca3206950207cc3cb48feec56a8a7898741ab725c368d99d5d7a5a50aab80c6?s=96&d=mm&r=g\",\"contentUrl\":\"https:\\\/\\\/secure.gravatar.com\\\/avatar\\\/7ca3206950207cc3cb48feec56a8a7898741ab725c368d99d5d7a5a50aab80c6?s=96&d=mm&r=g\",\"caption\":\"Thales Brand\u00e3o\"},\"description\":\"Editor Executivo do Portal CidadeMarketing.com.br &gt; Mestre em Comunica\u00e7\u00e3o e Sociedade pela Universidade Federal de Sergipe. Possui MBA Executivo em Administra\u00e7\u00e3o com \u00eanfase em Marketing pela Funda\u00e7\u00e3o Get\u00falio Vargas - Rio de Janeiro. Consultor, Palestrante e Pesquisador sobre Empreendedorismo, Marketing, Redes Sociais e Neg\u00f3cios Digitais. Professor, Palestrante TedxTalks e Campus Party. Twitter: @ThalesBrandao\",\"sameAs\":[\"http:\\\/\\\/www.mandacaru.com.br\",\"https:\\\/\\\/www.facebook.com\\\/thalesbrandao\",\"http:\\\/\\\/www.instagram.com.br\\\/thalesbrandaoferreira\",\"https:\\\/\\\/www.linkedin.com\\\/in\\\/thales-brand\u00e3o-3948609\\\/\",\"https:\\\/\\\/x.com\\\/http:\\\/\\\/www.twitter.com\\\/thalesbrandao\"],\"url\":\"https:\\\/\\\/www.cidademarketing.com.br\\\/marketing\\\/author\\\/thalesbrandao\\\/\"}]}<\/script>\n<!-- \/ Yoast SEO plugin. -->","yoast_head_json":{"title":"\"Os dobr\u00e1veis vieram para ficar e t\u00eam tudo a ver com o p\u00fablico brasileiro\", afirma executivo da Samsung - CidadeMarketing","robots":{"index":"index","follow":"follow","max-snippet":"max-snippet:-1","max-image-preview":"max-image-preview:large","max-video-preview":"max-video-preview:-1"},"canonical":"https:\/\/www.cidademarketing.com.br\/marketing\/2022\/09\/05\/os-dobraveis-vieram-para-ficar-e-tem-tudo-a-ver-com-o-publico-brasileiro-afirma-executivo-da-samsung\/","og_locale":"pt_BR","og_type":"article","og_title":"\"Os dobr\u00e1veis vieram para ficar e t\u00eam tudo a ver com o p\u00fablico brasileiro\", afirma executivo da Samsung - CidadeMarketing","og_description":"A Samsung acaba de lan\u00e7ar no Brasil sua nova gera\u00e7\u00e3o de dispositivos da fam\u00edlia Galaxy Z. As grandes estrelas do an\u00fancio foram os smartphones dobr\u00e1veis Galaxy Z Flip4 5G e Z Fold4 5G1 2, al\u00e9m de dois modelos de smartwatches \u2013 Galaxy Watch5 e Galaxy Watch5 Pro \u2013 e a nova gera\u00e7\u00e3o premium do fone [&hellip;]","og_url":"https:\/\/www.cidademarketing.com.br\/marketing\/2022\/09\/05\/os-dobraveis-vieram-para-ficar-e-tem-tudo-a-ver-com-o-publico-brasileiro-afirma-executivo-da-samsung\/","og_site_name":"CidadeMarketing","article_publisher":"https:\/\/www.facebook.com\/portalcidademarketing","article_author":"https:\/\/www.facebook.com\/thalesbrandao","article_published_time":"2022-09-05T16:18:59+00:00","article_modified_time":"2025-10-01T21:44:55+00:00","og_image":[{"width":1000,"height":563,"url":"https:\/\/www.cidademarketing.com.br\/marketing\/wp-content\/uploads\/2025\/05\/samsung_dobraveis.webp","type":"image\/webp"}],"author":"Thales Brand\u00e3o","twitter_card":"summary_large_image","twitter_creator":"@http:\/\/www.twitter.com\/thalesbrandao","twitter_site":"@CidadeMarketing","twitter_misc":{"Escrito por":"Thales Brand\u00e3o","Est. tempo de leitura":"12 minutos"},"schema":{"@context":"https:\/\/schema.org","@graph":[{"@type":"Article","@id":"https:\/\/www.cidademarketing.com.br\/marketing\/2022\/09\/05\/os-dobraveis-vieram-para-ficar-e-tem-tudo-a-ver-com-o-publico-brasileiro-afirma-executivo-da-samsung\/#article","isPartOf":{"@id":"https:\/\/www.cidademarketing.com.br\/marketing\/2022\/09\/05\/os-dobraveis-vieram-para-ficar-e-tem-tudo-a-ver-com-o-publico-brasileiro-afirma-executivo-da-samsung\/"},"author":{"name":"Thales Brand\u00e3o","@id":"https:\/\/www.cidademarketing.com.br\/marketing\/#\/schema\/person\/02daff9f18bd9378c9e01eb6b2db155f"},"headline":"&#8220;Os dobr\u00e1veis vieram para ficar e t\u00eam tudo a ver com o p\u00fablico brasileiro&#8221;, afirma executivo da Samsung","datePublished":"2022-09-05T16:18:59+00:00","dateModified":"2025-10-01T21:44:55+00:00","mainEntityOfPage":{"@id":"https:\/\/www.cidademarketing.com.br\/marketing\/2022\/09\/05\/os-dobraveis-vieram-para-ficar-e-tem-tudo-a-ver-com-o-publico-brasileiro-afirma-executivo-da-samsung\/"},"wordCount":2167,"commentCount":0,"publisher":{"@id":"https:\/\/www.cidademarketing.com.br\/marketing\/#organization"},"image":{"@id":"https:\/\/www.cidademarketing.com.br\/marketing\/2022\/09\/05\/os-dobraveis-vieram-para-ficar-e-tem-tudo-a-ver-com-o-publico-brasileiro-afirma-executivo-da-samsung\/#primaryimage"},"thumbnailUrl":"https:\/\/www.cidademarketing.com.br\/marketing\/wp-content\/uploads\/2025\/05\/samsung_dobraveis.webp","keywords":["entrevista","estrat\u00e9gia","marketing","Samsung","segmenta\u00e7\u00e3o de mercado"],"articleSection":["Entrevistas"],"inLanguage":"pt-BR","potentialAction":[{"@type":"CommentAction","name":"Comment","target":["https:\/\/www.cidademarketing.com.br\/marketing\/2022\/09\/05\/os-dobraveis-vieram-para-ficar-e-tem-tudo-a-ver-com-o-publico-brasileiro-afirma-executivo-da-samsung\/#respond"]}]},{"@type":"WebPage","@id":"https:\/\/www.cidademarketing.com.br\/marketing\/2022\/09\/05\/os-dobraveis-vieram-para-ficar-e-tem-tudo-a-ver-com-o-publico-brasileiro-afirma-executivo-da-samsung\/","url":"https:\/\/www.cidademarketing.com.br\/marketing\/2022\/09\/05\/os-dobraveis-vieram-para-ficar-e-tem-tudo-a-ver-com-o-publico-brasileiro-afirma-executivo-da-samsung\/","name":"\"Os dobr\u00e1veis vieram para ficar e t\u00eam tudo a ver com o p\u00fablico brasileiro\", afirma executivo da Samsung - CidadeMarketing","isPartOf":{"@id":"https:\/\/www.cidademarketing.com.br\/marketing\/#website"},"primaryImageOfPage":{"@id":"https:\/\/www.cidademarketing.com.br\/marketing\/2022\/09\/05\/os-dobraveis-vieram-para-ficar-e-tem-tudo-a-ver-com-o-publico-brasileiro-afirma-executivo-da-samsung\/#primaryimage"},"image":{"@id":"https:\/\/www.cidademarketing.com.br\/marketing\/2022\/09\/05\/os-dobraveis-vieram-para-ficar-e-tem-tudo-a-ver-com-o-publico-brasileiro-afirma-executivo-da-samsung\/#primaryimage"},"thumbnailUrl":"https:\/\/www.cidademarketing.com.br\/marketing\/wp-content\/uploads\/2025\/05\/samsung_dobraveis.webp","datePublished":"2022-09-05T16:18:59+00:00","dateModified":"2025-10-01T21:44:55+00:00","breadcrumb":{"@id":"https:\/\/www.cidademarketing.com.br\/marketing\/2022\/09\/05\/os-dobraveis-vieram-para-ficar-e-tem-tudo-a-ver-com-o-publico-brasileiro-afirma-executivo-da-samsung\/#breadcrumb"},"inLanguage":"pt-BR","potentialAction":[{"@type":"ReadAction","target":["https:\/\/www.cidademarketing.com.br\/marketing\/2022\/09\/05\/os-dobraveis-vieram-para-ficar-e-tem-tudo-a-ver-com-o-publico-brasileiro-afirma-executivo-da-samsung\/"]}]},{"@type":"ImageObject","inLanguage":"pt-BR","@id":"https:\/\/www.cidademarketing.com.br\/marketing\/2022\/09\/05\/os-dobraveis-vieram-para-ficar-e-tem-tudo-a-ver-com-o-publico-brasileiro-afirma-executivo-da-samsung\/#primaryimage","url":"https:\/\/www.cidademarketing.com.br\/marketing\/wp-content\/uploads\/2025\/05\/samsung_dobraveis.webp","contentUrl":"https:\/\/www.cidademarketing.com.br\/marketing\/wp-content\/uploads\/2025\/05\/samsung_dobraveis.webp","width":1000,"height":563},{"@type":"BreadcrumbList","@id":"https:\/\/www.cidademarketing.com.br\/marketing\/2022\/09\/05\/os-dobraveis-vieram-para-ficar-e-tem-tudo-a-ver-com-o-publico-brasileiro-afirma-executivo-da-samsung\/#breadcrumb","itemListElement":[{"@type":"ListItem","position":1,"name":"In\u00edcio","item":"https:\/\/www.cidademarketing.com.br\/marketing\/"},{"@type":"ListItem","position":2,"name":"&#8220;Os dobr\u00e1veis vieram para ficar e t\u00eam tudo a ver com o p\u00fablico brasileiro&#8221;, afirma executivo da Samsung"}]},{"@type":"WebSite","@id":"https:\/\/www.cidademarketing.com.br\/marketing\/#website","url":"https:\/\/www.cidademarketing.com.br\/marketing\/","name":"CidadeMarketing","description":"Somos um ve\u00edculo de comunica\u00e7\u00e3o de destaque no Brasil, reconhecido por conte\u00fados nos segmentos de marketing, empreendedorismo e inova\u00e7\u00e3o.","publisher":{"@id":"https:\/\/www.cidademarketing.com.br\/marketing\/#organization"},"alternateName":"CidadeMarketing","potentialAction":[{"@type":"SearchAction","target":{"@type":"EntryPoint","urlTemplate":"https:\/\/www.cidademarketing.com.br\/marketing\/?s={search_term_string}"},"query-input":{"@type":"PropertyValueSpecification","valueRequired":true,"valueName":"search_term_string"}}],"inLanguage":"pt-BR"},{"@type":"Organization","@id":"https:\/\/www.cidademarketing.com.br\/marketing\/#organization","name":"CidadeMarketing","alternateName":"CidadeMarketing","url":"https:\/\/www.cidademarketing.com.br\/marketing\/","logo":{"@type":"ImageObject","inLanguage":"pt-BR","@id":"https:\/\/www.cidademarketing.com.br\/marketing\/#\/schema\/logo\/image\/","url":"https:\/\/www.cidademarketing.com.br\/marketing\/wp-content\/uploads\/2020\/01\/cidademarketing_marca_mobile.png","contentUrl":"https:\/\/www.cidademarketing.com.br\/marketing\/wp-content\/uploads\/2020\/01\/cidademarketing_marca_mobile.png","width":230,"height":92,"caption":"CidadeMarketing"},"image":{"@id":"https:\/\/www.cidademarketing.com.br\/marketing\/#\/schema\/logo\/image\/"},"sameAs":["https:\/\/www.facebook.com\/portalcidademarketing","https:\/\/x.com\/CidadeMarketing","https:\/\/www.instagram.com\/cidademarketing\/"]},{"@type":"Person","@id":"https:\/\/www.cidademarketing.com.br\/marketing\/#\/schema\/person\/02daff9f18bd9378c9e01eb6b2db155f","name":"Thales Brand\u00e3o","image":{"@type":"ImageObject","inLanguage":"pt-BR","@id":"https:\/\/secure.gravatar.com\/avatar\/7ca3206950207cc3cb48feec56a8a7898741ab725c368d99d5d7a5a50aab80c6?s=96&d=mm&r=g","url":"https:\/\/secure.gravatar.com\/avatar\/7ca3206950207cc3cb48feec56a8a7898741ab725c368d99d5d7a5a50aab80c6?s=96&d=mm&r=g","contentUrl":"https:\/\/secure.gravatar.com\/avatar\/7ca3206950207cc3cb48feec56a8a7898741ab725c368d99d5d7a5a50aab80c6?s=96&d=mm&r=g","caption":"Thales Brand\u00e3o"},"description":"Editor Executivo do Portal CidadeMarketing.com.br &gt; Mestre em Comunica\u00e7\u00e3o e Sociedade pela Universidade Federal de Sergipe. Possui MBA Executivo em Administra\u00e7\u00e3o com \u00eanfase em Marketing pela Funda\u00e7\u00e3o Get\u00falio Vargas - Rio de Janeiro. Consultor, Palestrante e Pesquisador sobre Empreendedorismo, Marketing, Redes Sociais e Neg\u00f3cios Digitais. Professor, Palestrante TedxTalks e Campus Party. Twitter: @ThalesBrandao","sameAs":["http:\/\/www.mandacaru.com.br","https:\/\/www.facebook.com\/thalesbrandao","http:\/\/www.instagram.com.br\/thalesbrandaoferreira","https:\/\/www.linkedin.com\/in\/thales-brand\u00e3o-3948609\/","https:\/\/x.com\/http:\/\/www.twitter.com\/thalesbrandao"],"url":"https:\/\/www.cidademarketing.com.br\/marketing\/author\/thalesbrandao\/"}]}},"amp_enabled":true,"_links":{"self":[{"href":"https:\/\/www.cidademarketing.com.br\/marketing\/wp-json\/wp\/v2\/posts\/37943","targetHints":{"allow":["GET"]}}],"collection":[{"href":"https:\/\/www.cidademarketing.com.br\/marketing\/wp-json\/wp\/v2\/posts"}],"about":[{"href":"https:\/\/www.cidademarketing.com.br\/marketing\/wp-json\/wp\/v2\/types\/post"}],"author":[{"embeddable":true,"href":"https:\/\/www.cidademarketing.com.br\/marketing\/wp-json\/wp\/v2\/users\/1"}],"replies":[{"embeddable":true,"href":"https:\/\/www.cidademarketing.com.br\/marketing\/wp-json\/wp\/v2\/comments?post=37943"}],"version-history":[{"count":2,"href":"https:\/\/www.cidademarketing.com.br\/marketing\/wp-json\/wp\/v2\/posts\/37943\/revisions"}],"predecessor-version":[{"id":57795,"href":"https:\/\/www.cidademarketing.com.br\/marketing\/wp-json\/wp\/v2\/posts\/37943\/revisions\/57795"}],"wp:featuredmedia":[{"embeddable":true,"href":"https:\/\/www.cidademarketing.com.br\/marketing\/wp-json\/wp\/v2\/media\/57788"}],"wp:attachment":[{"href":"https:\/\/www.cidademarketing.com.br\/marketing\/wp-json\/wp\/v2\/media?parent=37943"}],"wp:term":[{"taxonomy":"category","embeddable":true,"href":"https:\/\/www.cidademarketing.com.br\/marketing\/wp-json\/wp\/v2\/categories?post=37943"},{"taxonomy":"post_tag","embeddable":true,"href":"https:\/\/www.cidademarketing.com.br\/marketing\/wp-json\/wp\/v2\/tags?post=37943"}],"curies":[{"name":"wp","href":"https:\/\/api.w.org\/{rel}","templated":true}]}}