{"id":37929,"date":"2022-09-05T12:18:28","date_gmt":"2022-09-05T15:18:28","guid":{"rendered":"https:\/\/www.cidademarketing.com.br\/marketing\/?p=37929"},"modified":"2022-09-05T12:18:28","modified_gmt":"2022-09-05T15:18:28","slug":"volkswagen-caminhoes-e-onibus-aumenta-frota-do-grupo-cervejeiro-modelo-no-mexico","status":"publish","type":"post","link":"https:\/\/www.cidademarketing.com.br\/marketing\/2022\/09\/05\/volkswagen-caminhoes-e-onibus-aumenta-frota-do-grupo-cervejeiro-modelo-no-mexico\/","title":{"rendered":"Volkswagen Caminh\u00f5es e \u00d4nibus aumenta frota do grupo cervejeiro Modelo no M\u00e9xico"},"content":{"rendered":"<p><iframe style=\"border-radius: 12px;\" src=\"https:\/\/open.spotify.com\/embed\/show\/4khMKzP3FgFRWVwb73xicc?utm_source=generator&amp;t=0\" width=\"100%\" height=\"232\" frameborder=\"0\" allowfullscreen=\"allowfullscreen\"><\/iframe><br \/>\nA Volkswagen Caminh\u00f5es e \u00d4nibus j\u00e1 responde por mais de 900 unidades da frota do Grupo Modelo, pertencente \u00e0 Anheuser-Busch InBev. Somente neste ano, j\u00e1 foram 298 novos caminh\u00f5es para distribuir os produtos da cervejaria, refor\u00e7ando essa parceria em neg\u00f3cios.<\/p>\n<p>\u201cEstamos muito felizes com a alian\u00e7a comercial com a Volkswagen Caminh\u00f5es e \u00d4nibus. Temos avan\u00e7ado na melhoria do perfil de nossa frota de forma abrangente, pensando em sempre melhorar nossa entrega de \u00faltima milha, focando em nosso n\u00edvel de servi\u00e7o, seguran\u00e7a e ergonomia para nossa tripula\u00e7\u00e3o. N\u00e3o se trata apenas da aquisi\u00e7\u00e3o das unidades, mas de ter uma rede de cobertura de suporte p\u00f3s-venda em todo o pa\u00eds para manter indicadores de disponibilidade \u00f3timos e suprir nossa demanda\u201d, comentam Carlos Villachica, gerente de Transporte do Grupo Modelo, e Diego Castillo, diretor de Log\u00edstica de Compras do Grupo Modelo.<\/p>\n<p>Diferentes ve\u00edculos da marca comp\u00f5em a frota da cervejaria. Da fam\u00edlia Volkswagen Delivery est\u00e3o os modelos 9.170 e 11.180. J\u00e1 na linha Constellation inclui os 17.230 Robust e 24.280, que contam com carrocerias com 4, 6, 8 e 10 paletes para a distribui\u00e7\u00e3o dos produtos do Grupo Modelo de acordo com cada necessidade espec\u00edfica.<\/p>\n<p>&#8220;Estamos gratos ao Grupo Modelo pela aquisi\u00e7\u00e3o destes caminh\u00f5es e continuamos a nos empenhar para fornecer os melhores produtos e o melhor servi\u00e7o para a satisfa\u00e7\u00e3o dos nossos clientes&#8221;, comemora Giovanni Ju\u00e1rez, diretor de Vendas, P\u00f3s-Vendas e Marketing da Volkswagen Caminh\u00f5es e \u00d4nibus no M\u00e9xico.<\/p>\n<p><iframe style=\"width: 100%; max-width: 660px; overflow: hidden; background: transparent;\" src=\"https:\/\/embed.podcasts.apple.com\/br\/podcast\/podcast-cidademarketing\/id1371923283\" height=\"450\" frameborder=\"0\" sandbox=\"allow-forms allow-popups allow-same-origin allow-scripts allow-storage-access-by-user-activation allow-top-navigation-by-user-activation\"><\/iframe><\/p>\n","protected":false},"excerpt":{"rendered":"<p>A Volkswagen Caminh\u00f5es e \u00d4nibus j\u00e1 responde por mais de 900 unidades da frota do Grupo Modelo, pertencente \u00e0 Anheuser-Busch InBev. Somente neste ano, j\u00e1 foram 298 novos caminh\u00f5es para distribuir os produtos da cervejaria, refor\u00e7ando essa parceria em neg\u00f3cios. \u201cEstamos muito felizes com a alian\u00e7a comercial com a Volkswagen Caminh\u00f5es e \u00d4nibus. Temos avan\u00e7ado [&hellip;]<\/p>\n","protected":false},"author":1,"featured_media":37930,"comment_status":"open","ping_status":"open","sticky":false,"template":"","format":"standard","meta":{"tdm_status":"","tdm_grid_status":"","footnotes":""},"categories":[6],"tags":[33,28,5487,301,193],"class_list":["post-37929","post","type-post","status-publish","format-standard","has-post-thumbnail","hentry","category-noticias","tag-estrategia","tag-marketing","tag-modelo","tag-vendas","tag-volkswagen"],"yoast_head":"<!-- This site is optimized with the Yoast SEO plugin v27.5 - https:\/\/yoast.com\/product\/yoast-seo-wordpress\/ -->\n<title>Volkswagen Caminh\u00f5es e \u00d4nibus aumenta frota do grupo cervejeiro Modelo no M\u00e9xico - CidadeMarketing<\/title>\n<meta name=\"robots\" content=\"index, follow, max-snippet:-1, max-image-preview:large, max-video-preview:-1\" \/>\n<link rel=\"canonical\" href=\"https:\/\/www.cidademarketing.com.br\/marketing\/2022\/09\/05\/volkswagen-caminhoes-e-onibus-aumenta-frota-do-grupo-cervejeiro-modelo-no-mexico\/\" \/>\n<meta property=\"og:locale\" content=\"pt_BR\" \/>\n<meta property=\"og:type\" content=\"article\" \/>\n<meta property=\"og:title\" content=\"Volkswagen Caminh\u00f5es e \u00d4nibus aumenta frota do grupo cervejeiro Modelo no M\u00e9xico - CidadeMarketing\" \/>\n<meta property=\"og:description\" content=\"A Volkswagen Caminh\u00f5es e \u00d4nibus j\u00e1 responde por mais de 900 unidades da frota do Grupo Modelo, pertencente \u00e0 Anheuser-Busch InBev. Somente neste ano, j\u00e1 foram 298 novos caminh\u00f5es para distribuir os produtos da cervejaria, refor\u00e7ando essa parceria em neg\u00f3cios. \u201cEstamos muito felizes com a alian\u00e7a comercial com a Volkswagen Caminh\u00f5es e \u00d4nibus. Temos avan\u00e7ado [&hellip;]\" \/>\n<meta property=\"og:url\" content=\"https:\/\/www.cidademarketing.com.br\/marketing\/2022\/09\/05\/volkswagen-caminhoes-e-onibus-aumenta-frota-do-grupo-cervejeiro-modelo-no-mexico\/\" \/>\n<meta property=\"og:site_name\" content=\"CidadeMarketing\" \/>\n<meta property=\"article:publisher\" content=\"https:\/\/www.facebook.com\/portalcidademarketing\" \/>\n<meta property=\"article:author\" content=\"https:\/\/www.facebook.com\/thalesbrandao\" \/>\n<meta property=\"article:published_time\" content=\"2022-09-05T15:18:28+00:00\" \/>\n<meta property=\"og:image\" content=\"https:\/\/www.cidademarketing.com.br\/marketing\/wp-content\/uploads\/2022\/09\/volkswagen_mexico-scaled.jpg\" \/>\n\t<meta property=\"og:image:width\" content=\"2560\" \/>\n\t<meta property=\"og:image:height\" content=\"1440\" \/>\n\t<meta property=\"og:image:type\" content=\"image\/jpeg\" \/>\n<meta name=\"author\" content=\"Thales Brand\u00e3o\" \/>\n<meta name=\"twitter:card\" content=\"summary_large_image\" \/>\n<meta name=\"twitter:creator\" content=\"@http:\/\/www.twitter.com\/thalesbrandao\" \/>\n<meta name=\"twitter:site\" content=\"@CidadeMarketing\" \/>\n<meta name=\"twitter:label1\" content=\"Escrito por\" \/>\n\t<meta name=\"twitter:data1\" content=\"Thales Brand\u00e3o\" \/>\n\t<meta name=\"twitter:label2\" content=\"Est. tempo de leitura\" \/>\n\t<meta name=\"twitter:data2\" content=\"1 minuto\" \/>\n<script type=\"application\/ld+json\" class=\"yoast-schema-graph\">{\"@context\":\"https:\\\/\\\/schema.org\",\"@graph\":[{\"@type\":\"Article\",\"@id\":\"https:\\\/\\\/www.cidademarketing.com.br\\\/marketing\\\/2022\\\/09\\\/05\\\/volkswagen-caminhoes-e-onibus-aumenta-frota-do-grupo-cervejeiro-modelo-no-mexico\\\/#article\",\"isPartOf\":{\"@id\":\"https:\\\/\\\/www.cidademarketing.com.br\\\/marketing\\\/2022\\\/09\\\/05\\\/volkswagen-caminhoes-e-onibus-aumenta-frota-do-grupo-cervejeiro-modelo-no-mexico\\\/\"},\"author\":{\"name\":\"Thales Brand\u00e3o\",\"@id\":\"https:\\\/\\\/www.cidademarketing.com.br\\\/marketing\\\/#\\\/schema\\\/person\\\/02daff9f18bd9378c9e01eb6b2db155f\"},\"headline\":\"Volkswagen Caminh\u00f5es e \u00d4nibus aumenta frota do grupo cervejeiro Modelo no M\u00e9xico\",\"datePublished\":\"2022-09-05T15:18:28+00:00\",\"mainEntityOfPage\":{\"@id\":\"https:\\\/\\\/www.cidademarketing.com.br\\\/marketing\\\/2022\\\/09\\\/05\\\/volkswagen-caminhoes-e-onibus-aumenta-frota-do-grupo-cervejeiro-modelo-no-mexico\\\/\"},\"wordCount\":270,\"commentCount\":0,\"publisher\":{\"@id\":\"https:\\\/\\\/www.cidademarketing.com.br\\\/marketing\\\/#organization\"},\"image\":{\"@id\":\"https:\\\/\\\/www.cidademarketing.com.br\\\/marketing\\\/2022\\\/09\\\/05\\\/volkswagen-caminhoes-e-onibus-aumenta-frota-do-grupo-cervejeiro-modelo-no-mexico\\\/#primaryimage\"},\"thumbnailUrl\":\"https:\\\/\\\/www.cidademarketing.com.br\\\/marketing\\\/wp-content\\\/uploads\\\/2022\\\/09\\\/volkswagen_mexico-scaled.jpg\",\"keywords\":[\"estrat\u00e9gia\",\"marketing\",\"Modelo\",\"vendas\",\"Volkswagen\"],\"articleSection\":[\"Not\u00edcias\"],\"inLanguage\":\"pt-BR\",\"potentialAction\":[{\"@type\":\"CommentAction\",\"name\":\"Comment\",\"target\":[\"https:\\\/\\\/www.cidademarketing.com.br\\\/marketing\\\/2022\\\/09\\\/05\\\/volkswagen-caminhoes-e-onibus-aumenta-frota-do-grupo-cervejeiro-modelo-no-mexico\\\/#respond\"]}]},{\"@type\":\"WebPage\",\"@id\":\"https:\\\/\\\/www.cidademarketing.com.br\\\/marketing\\\/2022\\\/09\\\/05\\\/volkswagen-caminhoes-e-onibus-aumenta-frota-do-grupo-cervejeiro-modelo-no-mexico\\\/\",\"url\":\"https:\\\/\\\/www.cidademarketing.com.br\\\/marketing\\\/2022\\\/09\\\/05\\\/volkswagen-caminhoes-e-onibus-aumenta-frota-do-grupo-cervejeiro-modelo-no-mexico\\\/\",\"name\":\"Volkswagen Caminh\u00f5es e \u00d4nibus aumenta frota do grupo cervejeiro Modelo no M\u00e9xico - CidadeMarketing\",\"isPartOf\":{\"@id\":\"https:\\\/\\\/www.cidademarketing.com.br\\\/marketing\\\/#website\"},\"primaryImageOfPage\":{\"@id\":\"https:\\\/\\\/www.cidademarketing.com.br\\\/marketing\\\/2022\\\/09\\\/05\\\/volkswagen-caminhoes-e-onibus-aumenta-frota-do-grupo-cervejeiro-modelo-no-mexico\\\/#primaryimage\"},\"image\":{\"@id\":\"https:\\\/\\\/www.cidademarketing.com.br\\\/marketing\\\/2022\\\/09\\\/05\\\/volkswagen-caminhoes-e-onibus-aumenta-frota-do-grupo-cervejeiro-modelo-no-mexico\\\/#primaryimage\"},\"thumbnailUrl\":\"https:\\\/\\\/www.cidademarketing.com.br\\\/marketing\\\/wp-content\\\/uploads\\\/2022\\\/09\\\/volkswagen_mexico-scaled.jpg\",\"datePublished\":\"2022-09-05T15:18:28+00:00\",\"breadcrumb\":{\"@id\":\"https:\\\/\\\/www.cidademarketing.com.br\\\/marketing\\\/2022\\\/09\\\/05\\\/volkswagen-caminhoes-e-onibus-aumenta-frota-do-grupo-cervejeiro-modelo-no-mexico\\\/#breadcrumb\"},\"inLanguage\":\"pt-BR\",\"potentialAction\":[{\"@type\":\"ReadAction\",\"target\":[\"https:\\\/\\\/www.cidademarketing.com.br\\\/marketing\\\/2022\\\/09\\\/05\\\/volkswagen-caminhoes-e-onibus-aumenta-frota-do-grupo-cervejeiro-modelo-no-mexico\\\/\"]}]},{\"@type\":\"ImageObject\",\"inLanguage\":\"pt-BR\",\"@id\":\"https:\\\/\\\/www.cidademarketing.com.br\\\/marketing\\\/2022\\\/09\\\/05\\\/volkswagen-caminhoes-e-onibus-aumenta-frota-do-grupo-cervejeiro-modelo-no-mexico\\\/#primaryimage\",\"url\":\"https:\\\/\\\/www.cidademarketing.com.br\\\/marketing\\\/wp-content\\\/uploads\\\/2022\\\/09\\\/volkswagen_mexico-scaled.jpg\",\"contentUrl\":\"https:\\\/\\\/www.cidademarketing.com.br\\\/marketing\\\/wp-content\\\/uploads\\\/2022\\\/09\\\/volkswagen_mexico-scaled.jpg\",\"width\":2560,\"height\":1440},{\"@type\":\"BreadcrumbList\",\"@id\":\"https:\\\/\\\/www.cidademarketing.com.br\\\/marketing\\\/2022\\\/09\\\/05\\\/volkswagen-caminhoes-e-onibus-aumenta-frota-do-grupo-cervejeiro-modelo-no-mexico\\\/#breadcrumb\",\"itemListElement\":[{\"@type\":\"ListItem\",\"position\":1,\"name\":\"In\u00edcio\",\"item\":\"https:\\\/\\\/www.cidademarketing.com.br\\\/marketing\\\/\"},{\"@type\":\"ListItem\",\"position\":2,\"name\":\"Volkswagen Caminh\u00f5es e \u00d4nibus aumenta frota do grupo cervejeiro Modelo no M\u00e9xico\"}]},{\"@type\":\"WebSite\",\"@id\":\"https:\\\/\\\/www.cidademarketing.com.br\\\/marketing\\\/#website\",\"url\":\"https:\\\/\\\/www.cidademarketing.com.br\\\/marketing\\\/\",\"name\":\"CidadeMarketing\",\"description\":\"Somos um ve\u00edculo de comunica\u00e7\u00e3o de destaque no Brasil, reconhecido por conte\u00fados nos segmentos de marketing, empreendedorismo e inova\u00e7\u00e3o.\",\"publisher\":{\"@id\":\"https:\\\/\\\/www.cidademarketing.com.br\\\/marketing\\\/#organization\"},\"alternateName\":\"CidadeMarketing\",\"potentialAction\":[{\"@type\":\"SearchAction\",\"target\":{\"@type\":\"EntryPoint\",\"urlTemplate\":\"https:\\\/\\\/www.cidademarketing.com.br\\\/marketing\\\/?s={search_term_string}\"},\"query-input\":{\"@type\":\"PropertyValueSpecification\",\"valueRequired\":true,\"valueName\":\"search_term_string\"}}],\"inLanguage\":\"pt-BR\"},{\"@type\":\"Organization\",\"@id\":\"https:\\\/\\\/www.cidademarketing.com.br\\\/marketing\\\/#organization\",\"name\":\"CidadeMarketing\",\"alternateName\":\"CidadeMarketing\",\"url\":\"https:\\\/\\\/www.cidademarketing.com.br\\\/marketing\\\/\",\"logo\":{\"@type\":\"ImageObject\",\"inLanguage\":\"pt-BR\",\"@id\":\"https:\\\/\\\/www.cidademarketing.com.br\\\/marketing\\\/#\\\/schema\\\/logo\\\/image\\\/\",\"url\":\"https:\\\/\\\/www.cidademarketing.com.br\\\/marketing\\\/wp-content\\\/uploads\\\/2020\\\/01\\\/cidademarketing_marca_mobile.png\",\"contentUrl\":\"https:\\\/\\\/www.cidademarketing.com.br\\\/marketing\\\/wp-content\\\/uploads\\\/2020\\\/01\\\/cidademarketing_marca_mobile.png\",\"width\":230,\"height\":92,\"caption\":\"CidadeMarketing\"},\"image\":{\"@id\":\"https:\\\/\\\/www.cidademarketing.com.br\\\/marketing\\\/#\\\/schema\\\/logo\\\/image\\\/\"},\"sameAs\":[\"https:\\\/\\\/www.facebook.com\\\/portalcidademarketing\",\"https:\\\/\\\/x.com\\\/CidadeMarketing\",\"https:\\\/\\\/www.instagram.com\\\/cidademarketing\\\/\"]},{\"@type\":\"Person\",\"@id\":\"https:\\\/\\\/www.cidademarketing.com.br\\\/marketing\\\/#\\\/schema\\\/person\\\/02daff9f18bd9378c9e01eb6b2db155f\",\"name\":\"Thales Brand\u00e3o\",\"image\":{\"@type\":\"ImageObject\",\"inLanguage\":\"pt-BR\",\"@id\":\"https:\\\/\\\/secure.gravatar.com\\\/avatar\\\/7ca3206950207cc3cb48feec56a8a7898741ab725c368d99d5d7a5a50aab80c6?s=96&d=mm&r=g\",\"url\":\"https:\\\/\\\/secure.gravatar.com\\\/avatar\\\/7ca3206950207cc3cb48feec56a8a7898741ab725c368d99d5d7a5a50aab80c6?s=96&d=mm&r=g\",\"contentUrl\":\"https:\\\/\\\/secure.gravatar.com\\\/avatar\\\/7ca3206950207cc3cb48feec56a8a7898741ab725c368d99d5d7a5a50aab80c6?s=96&d=mm&r=g\",\"caption\":\"Thales Brand\u00e3o\"},\"description\":\"Editor Executivo do Portal CidadeMarketing.com.br &gt; Mestre em Comunica\u00e7\u00e3o e Sociedade pela Universidade Federal de Sergipe. Possui MBA Executivo em Administra\u00e7\u00e3o com \u00eanfase em Marketing pela Funda\u00e7\u00e3o Get\u00falio Vargas - Rio de Janeiro. Consultor, Palestrante e Pesquisador sobre Empreendedorismo, Marketing, Redes Sociais e Neg\u00f3cios Digitais. Professor, Palestrante TedxTalks e Campus Party. Twitter: @ThalesBrandao\",\"sameAs\":[\"http:\\\/\\\/www.mandacaru.com.br\",\"https:\\\/\\\/www.facebook.com\\\/thalesbrandao\",\"http:\\\/\\\/www.instagram.com.br\\\/thalesbrandaoferreira\",\"https:\\\/\\\/www.linkedin.com\\\/in\\\/thales-brand\u00e3o-3948609\\\/\",\"https:\\\/\\\/x.com\\\/http:\\\/\\\/www.twitter.com\\\/thalesbrandao\"],\"url\":\"https:\\\/\\\/www.cidademarketing.com.br\\\/marketing\\\/author\\\/thalesbrandao\\\/\"}]}<\/script>\n<!-- \/ Yoast SEO plugin. -->","yoast_head_json":{"title":"Volkswagen Caminh\u00f5es e \u00d4nibus aumenta frota do grupo cervejeiro Modelo no M\u00e9xico - CidadeMarketing","robots":{"index":"index","follow":"follow","max-snippet":"max-snippet:-1","max-image-preview":"max-image-preview:large","max-video-preview":"max-video-preview:-1"},"canonical":"https:\/\/www.cidademarketing.com.br\/marketing\/2022\/09\/05\/volkswagen-caminhoes-e-onibus-aumenta-frota-do-grupo-cervejeiro-modelo-no-mexico\/","og_locale":"pt_BR","og_type":"article","og_title":"Volkswagen Caminh\u00f5es e \u00d4nibus aumenta frota do grupo cervejeiro Modelo no M\u00e9xico - CidadeMarketing","og_description":"A Volkswagen Caminh\u00f5es e \u00d4nibus j\u00e1 responde por mais de 900 unidades da frota do Grupo Modelo, pertencente \u00e0 Anheuser-Busch InBev. Somente neste ano, j\u00e1 foram 298 novos caminh\u00f5es para distribuir os produtos da cervejaria, refor\u00e7ando essa parceria em neg\u00f3cios. \u201cEstamos muito felizes com a alian\u00e7a comercial com a Volkswagen Caminh\u00f5es e \u00d4nibus. Temos avan\u00e7ado [&hellip;]","og_url":"https:\/\/www.cidademarketing.com.br\/marketing\/2022\/09\/05\/volkswagen-caminhoes-e-onibus-aumenta-frota-do-grupo-cervejeiro-modelo-no-mexico\/","og_site_name":"CidadeMarketing","article_publisher":"https:\/\/www.facebook.com\/portalcidademarketing","article_author":"https:\/\/www.facebook.com\/thalesbrandao","article_published_time":"2022-09-05T15:18:28+00:00","og_image":[{"width":2560,"height":1440,"url":"https:\/\/www.cidademarketing.com.br\/marketing\/wp-content\/uploads\/2022\/09\/volkswagen_mexico-scaled.jpg","type":"image\/jpeg"}],"author":"Thales Brand\u00e3o","twitter_card":"summary_large_image","twitter_creator":"@http:\/\/www.twitter.com\/thalesbrandao","twitter_site":"@CidadeMarketing","twitter_misc":{"Escrito por":"Thales Brand\u00e3o","Est. tempo de leitura":"1 minuto"},"schema":{"@context":"https:\/\/schema.org","@graph":[{"@type":"Article","@id":"https:\/\/www.cidademarketing.com.br\/marketing\/2022\/09\/05\/volkswagen-caminhoes-e-onibus-aumenta-frota-do-grupo-cervejeiro-modelo-no-mexico\/#article","isPartOf":{"@id":"https:\/\/www.cidademarketing.com.br\/marketing\/2022\/09\/05\/volkswagen-caminhoes-e-onibus-aumenta-frota-do-grupo-cervejeiro-modelo-no-mexico\/"},"author":{"name":"Thales Brand\u00e3o","@id":"https:\/\/www.cidademarketing.com.br\/marketing\/#\/schema\/person\/02daff9f18bd9378c9e01eb6b2db155f"},"headline":"Volkswagen Caminh\u00f5es e \u00d4nibus aumenta frota do grupo cervejeiro Modelo no M\u00e9xico","datePublished":"2022-09-05T15:18:28+00:00","mainEntityOfPage":{"@id":"https:\/\/www.cidademarketing.com.br\/marketing\/2022\/09\/05\/volkswagen-caminhoes-e-onibus-aumenta-frota-do-grupo-cervejeiro-modelo-no-mexico\/"},"wordCount":270,"commentCount":0,"publisher":{"@id":"https:\/\/www.cidademarketing.com.br\/marketing\/#organization"},"image":{"@id":"https:\/\/www.cidademarketing.com.br\/marketing\/2022\/09\/05\/volkswagen-caminhoes-e-onibus-aumenta-frota-do-grupo-cervejeiro-modelo-no-mexico\/#primaryimage"},"thumbnailUrl":"https:\/\/www.cidademarketing.com.br\/marketing\/wp-content\/uploads\/2022\/09\/volkswagen_mexico-scaled.jpg","keywords":["estrat\u00e9gia","marketing","Modelo","vendas","Volkswagen"],"articleSection":["Not\u00edcias"],"inLanguage":"pt-BR","potentialAction":[{"@type":"CommentAction","name":"Comment","target":["https:\/\/www.cidademarketing.com.br\/marketing\/2022\/09\/05\/volkswagen-caminhoes-e-onibus-aumenta-frota-do-grupo-cervejeiro-modelo-no-mexico\/#respond"]}]},{"@type":"WebPage","@id":"https:\/\/www.cidademarketing.com.br\/marketing\/2022\/09\/05\/volkswagen-caminhoes-e-onibus-aumenta-frota-do-grupo-cervejeiro-modelo-no-mexico\/","url":"https:\/\/www.cidademarketing.com.br\/marketing\/2022\/09\/05\/volkswagen-caminhoes-e-onibus-aumenta-frota-do-grupo-cervejeiro-modelo-no-mexico\/","name":"Volkswagen Caminh\u00f5es e \u00d4nibus aumenta frota do grupo cervejeiro Modelo no M\u00e9xico - CidadeMarketing","isPartOf":{"@id":"https:\/\/www.cidademarketing.com.br\/marketing\/#website"},"primaryImageOfPage":{"@id":"https:\/\/www.cidademarketing.com.br\/marketing\/2022\/09\/05\/volkswagen-caminhoes-e-onibus-aumenta-frota-do-grupo-cervejeiro-modelo-no-mexico\/#primaryimage"},"image":{"@id":"https:\/\/www.cidademarketing.com.br\/marketing\/2022\/09\/05\/volkswagen-caminhoes-e-onibus-aumenta-frota-do-grupo-cervejeiro-modelo-no-mexico\/#primaryimage"},"thumbnailUrl":"https:\/\/www.cidademarketing.com.br\/marketing\/wp-content\/uploads\/2022\/09\/volkswagen_mexico-scaled.jpg","datePublished":"2022-09-05T15:18:28+00:00","breadcrumb":{"@id":"https:\/\/www.cidademarketing.com.br\/marketing\/2022\/09\/05\/volkswagen-caminhoes-e-onibus-aumenta-frota-do-grupo-cervejeiro-modelo-no-mexico\/#breadcrumb"},"inLanguage":"pt-BR","potentialAction":[{"@type":"ReadAction","target":["https:\/\/www.cidademarketing.com.br\/marketing\/2022\/09\/05\/volkswagen-caminhoes-e-onibus-aumenta-frota-do-grupo-cervejeiro-modelo-no-mexico\/"]}]},{"@type":"ImageObject","inLanguage":"pt-BR","@id":"https:\/\/www.cidademarketing.com.br\/marketing\/2022\/09\/05\/volkswagen-caminhoes-e-onibus-aumenta-frota-do-grupo-cervejeiro-modelo-no-mexico\/#primaryimage","url":"https:\/\/www.cidademarketing.com.br\/marketing\/wp-content\/uploads\/2022\/09\/volkswagen_mexico-scaled.jpg","contentUrl":"https:\/\/www.cidademarketing.com.br\/marketing\/wp-content\/uploads\/2022\/09\/volkswagen_mexico-scaled.jpg","width":2560,"height":1440},{"@type":"BreadcrumbList","@id":"https:\/\/www.cidademarketing.com.br\/marketing\/2022\/09\/05\/volkswagen-caminhoes-e-onibus-aumenta-frota-do-grupo-cervejeiro-modelo-no-mexico\/#breadcrumb","itemListElement":[{"@type":"ListItem","position":1,"name":"In\u00edcio","item":"https:\/\/www.cidademarketing.com.br\/marketing\/"},{"@type":"ListItem","position":2,"name":"Volkswagen Caminh\u00f5es e \u00d4nibus aumenta frota do grupo cervejeiro Modelo no M\u00e9xico"}]},{"@type":"WebSite","@id":"https:\/\/www.cidademarketing.com.br\/marketing\/#website","url":"https:\/\/www.cidademarketing.com.br\/marketing\/","name":"CidadeMarketing","description":"Somos um ve\u00edculo de comunica\u00e7\u00e3o de destaque no Brasil, reconhecido por conte\u00fados nos segmentos de marketing, empreendedorismo e inova\u00e7\u00e3o.","publisher":{"@id":"https:\/\/www.cidademarketing.com.br\/marketing\/#organization"},"alternateName":"CidadeMarketing","potentialAction":[{"@type":"SearchAction","target":{"@type":"EntryPoint","urlTemplate":"https:\/\/www.cidademarketing.com.br\/marketing\/?s={search_term_string}"},"query-input":{"@type":"PropertyValueSpecification","valueRequired":true,"valueName":"search_term_string"}}],"inLanguage":"pt-BR"},{"@type":"Organization","@id":"https:\/\/www.cidademarketing.com.br\/marketing\/#organization","name":"CidadeMarketing","alternateName":"CidadeMarketing","url":"https:\/\/www.cidademarketing.com.br\/marketing\/","logo":{"@type":"ImageObject","inLanguage":"pt-BR","@id":"https:\/\/www.cidademarketing.com.br\/marketing\/#\/schema\/logo\/image\/","url":"https:\/\/www.cidademarketing.com.br\/marketing\/wp-content\/uploads\/2020\/01\/cidademarketing_marca_mobile.png","contentUrl":"https:\/\/www.cidademarketing.com.br\/marketing\/wp-content\/uploads\/2020\/01\/cidademarketing_marca_mobile.png","width":230,"height":92,"caption":"CidadeMarketing"},"image":{"@id":"https:\/\/www.cidademarketing.com.br\/marketing\/#\/schema\/logo\/image\/"},"sameAs":["https:\/\/www.facebook.com\/portalcidademarketing","https:\/\/x.com\/CidadeMarketing","https:\/\/www.instagram.com\/cidademarketing\/"]},{"@type":"Person","@id":"https:\/\/www.cidademarketing.com.br\/marketing\/#\/schema\/person\/02daff9f18bd9378c9e01eb6b2db155f","name":"Thales Brand\u00e3o","image":{"@type":"ImageObject","inLanguage":"pt-BR","@id":"https:\/\/secure.gravatar.com\/avatar\/7ca3206950207cc3cb48feec56a8a7898741ab725c368d99d5d7a5a50aab80c6?s=96&d=mm&r=g","url":"https:\/\/secure.gravatar.com\/avatar\/7ca3206950207cc3cb48feec56a8a7898741ab725c368d99d5d7a5a50aab80c6?s=96&d=mm&r=g","contentUrl":"https:\/\/secure.gravatar.com\/avatar\/7ca3206950207cc3cb48feec56a8a7898741ab725c368d99d5d7a5a50aab80c6?s=96&d=mm&r=g","caption":"Thales Brand\u00e3o"},"description":"Editor Executivo do Portal CidadeMarketing.com.br &gt; Mestre em Comunica\u00e7\u00e3o e Sociedade pela Universidade Federal de Sergipe. Possui MBA Executivo em Administra\u00e7\u00e3o com \u00eanfase em Marketing pela Funda\u00e7\u00e3o Get\u00falio Vargas - Rio de Janeiro. Consultor, Palestrante e Pesquisador sobre Empreendedorismo, Marketing, Redes Sociais e Neg\u00f3cios Digitais. Professor, Palestrante TedxTalks e Campus Party. Twitter: @ThalesBrandao","sameAs":["http:\/\/www.mandacaru.com.br","https:\/\/www.facebook.com\/thalesbrandao","http:\/\/www.instagram.com.br\/thalesbrandaoferreira","https:\/\/www.linkedin.com\/in\/thales-brand\u00e3o-3948609\/","https:\/\/x.com\/http:\/\/www.twitter.com\/thalesbrandao"],"url":"https:\/\/www.cidademarketing.com.br\/marketing\/author\/thalesbrandao\/"}]}},"amp_enabled":true,"_links":{"self":[{"href":"https:\/\/www.cidademarketing.com.br\/marketing\/wp-json\/wp\/v2\/posts\/37929","targetHints":{"allow":["GET"]}}],"collection":[{"href":"https:\/\/www.cidademarketing.com.br\/marketing\/wp-json\/wp\/v2\/posts"}],"about":[{"href":"https:\/\/www.cidademarketing.com.br\/marketing\/wp-json\/wp\/v2\/types\/post"}],"author":[{"embeddable":true,"href":"https:\/\/www.cidademarketing.com.br\/marketing\/wp-json\/wp\/v2\/users\/1"}],"replies":[{"embeddable":true,"href":"https:\/\/www.cidademarketing.com.br\/marketing\/wp-json\/wp\/v2\/comments?post=37929"}],"version-history":[{"count":1,"href":"https:\/\/www.cidademarketing.com.br\/marketing\/wp-json\/wp\/v2\/posts\/37929\/revisions"}],"predecessor-version":[{"id":37931,"href":"https:\/\/www.cidademarketing.com.br\/marketing\/wp-json\/wp\/v2\/posts\/37929\/revisions\/37931"}],"wp:featuredmedia":[{"embeddable":true,"href":"https:\/\/www.cidademarketing.com.br\/marketing\/wp-json\/wp\/v2\/media\/37930"}],"wp:attachment":[{"href":"https:\/\/www.cidademarketing.com.br\/marketing\/wp-json\/wp\/v2\/media?parent=37929"}],"wp:term":[{"taxonomy":"category","embeddable":true,"href":"https:\/\/www.cidademarketing.com.br\/marketing\/wp-json\/wp\/v2\/categories?post=37929"},{"taxonomy":"post_tag","embeddable":true,"href":"https:\/\/www.cidademarketing.com.br\/marketing\/wp-json\/wp\/v2\/tags?post=37929"}],"curies":[{"name":"wp","href":"https:\/\/api.w.org\/{rel}","templated":true}]}}