{"id":37862,"date":"2022-09-03T14:53:23","date_gmt":"2022-09-03T17:53:23","guid":{"rendered":"https:\/\/www.cidademarketing.com.br\/marketing\/?p=37862"},"modified":"2022-09-03T14:53:23","modified_gmt":"2022-09-03T17:53:23","slug":"famosos-curtem-lounge-kitkat-na-primeira-noite-do-rock-in-rio","status":"publish","type":"post","link":"https:\/\/www.cidademarketing.com.br\/marketing\/2022\/09\/03\/famosos-curtem-lounge-kitkat-na-primeira-noite-do-rock-in-rio\/","title":{"rendered":"Famosos curtem lounge KITKAT\u00ae na primeira noite do Rock in Rio"},"content":{"rendered":"<p><iframe style=\"border-radius: 12px;\" src=\"https:\/\/open.spotify.com\/embed\/show\/4khMKzP3FgFRWVwb73xicc?utm_source=generator&amp;t=0\" width=\"100%\" height=\"232\" frameborder=\"0\" allowfullscreen=\"allowfullscreen\"><\/iframe><br \/>\nA edi\u00e7\u00e3o 2022 do Rock in Rio come\u00e7ou na \u00faltima sexta-feira (2) e quem curtiu a agita\u00e7\u00e3o do festival foram diversos artistas e influenciadores que passaram pelo ponto de encontro no Jockey e no lounge da marca KITKAT\u00ae e celebraram os shows dos headliners da noite: Iron Maiden, Dream Theater e Sepultura.<\/p>\n<p>A noite de shows de Rock do festival foi aberta pela presen\u00e7a da Ex-BBB Tha\u00eds Braz e do Rela\u00e7\u00f5es P\u00fablicas Dudu Melo no lounge de KITKAT\u00ae.<\/p>\n<p>Outro grande destaque que tamb\u00e9m compareceu ao lounge da marca foi Cau\u00ea Campos &#8211; Roberto da novela Pantanal, junto de outros colegas atores, como Allexandre Colman \u2013 ator presente na \u00faltima temporada de Bom dia Ver\u00f4nica, da Netflix; Lucas Vasconcelos \u2013 ex Malha\u00e7\u00e3o; Hugo Bonemer, Gabriel M\u00e1ximo, Giselle Batista e Bruno Mozka.<\/p>\n\r\n                <style type=\"text\/css\">\r\n                    \r\n                    #tdi_1  .td-doubleSlider-2 .td-item1 {\r\n                        background: url(https:\/\/www.cidademarketing.com.br\/marketing\/wp-content\/uploads\/2022\/09\/Allexandre-Colman-1_kitkat-rock-in-rio-cred-victor-chapetta-agnews-80x60.jpg) 0 0 no-repeat;\r\n                    }\r\n                    #tdi_1  .td-doubleSlider-2 .td-item2 {\r\n                        background: url(https:\/\/www.cidademarketing.com.br\/marketing\/wp-content\/uploads\/2022\/09\/Bruno-Mozka-1_kitkat-rock-in-rio-cred-victor-chapetta-agnews-80x60.jpg) 0 0 no-repeat;\r\n                    }\r\n                    #tdi_1  .td-doubleSlider-2 .td-item3 {\r\n                        background: url(https:\/\/www.cidademarketing.com.br\/marketing\/wp-content\/uploads\/2022\/09\/Caue-Campos-e-Allexandre-Colman-2_kitkat-rock-in-rio-cred-victor-chapetta-agnews-80x60.jpg) 0 0 no-repeat;\r\n                    }\r\n                    #tdi_1  .td-doubleSlider-2 .td-item4 {\r\n                        background: url(https:\/\/www.cidademarketing.com.br\/marketing\/wp-content\/uploads\/2022\/09\/Caue-Campos-e-Luana-Braz-3_kitkat-rock-in-rio-cred-victor-chapetta-agnews-80x60.jpg) 0 0 no-repeat;\r\n                    }\r\n                    #tdi_1  .td-doubleSlider-2 .td-item5 {\r\n                        background: url(https:\/\/www.cidademarketing.com.br\/marketing\/wp-content\/uploads\/2022\/09\/Dudu-Mello-3_kitkat-rock-in-rio-cred-victor-chapetta-agnews-80x60.jpg) 0 0 no-repeat;\r\n                    }\r\n                    #tdi_1  .td-doubleSlider-2 .td-item6 {\r\n                        background: url(https:\/\/www.cidademarketing.com.br\/marketing\/wp-content\/uploads\/2022\/09\/Giselle-Batista-2_kitkat-rock-in-rio-cred-victor-chapetta-agnews-80x60.jpg) 0 0 no-repeat;\r\n                    }\r\n                    #tdi_1  .td-doubleSlider-2 .td-item7 {\r\n                        background: url(https:\/\/www.cidademarketing.com.br\/marketing\/wp-content\/uploads\/2022\/09\/Hugo-Bonemer-4_kitkat-rock-in-rio-cred-victor-chapetta-agnews-80x60.jpg) 0 0 no-repeat;\r\n                    }\r\n                    #tdi_1  .td-doubleSlider-2 .td-item8 {\r\n                        background: url(https:\/\/www.cidademarketing.com.br\/marketing\/wp-content\/uploads\/2022\/09\/Lucas-Vasconcelos-kitkat-rock-in-rio-2_credito-victor-chapetta-agnews-80x60.jpg) 0 0 no-repeat;\r\n                    }\r\n                    #tdi_1  .td-doubleSlider-2 .td-item9 {\r\n                        background: url(https:\/\/www.cidademarketing.com.br\/marketing\/wp-content\/uploads\/2022\/09\/Thais-Braz-5_kitkat-rock-in-rio-cred-victor-chapetta-agnews-80x60.jpg) 0 0 no-repeat;\r\n                    }\r\n                <\/style>\r\n\r\n                <div id=\"tdi_1\" class=\"td-gallery td-slide-on-2-columns\">\r\n                    <div class=\"post_td_gallery\">\r\n                        <div class=\"td-gallery-slide-top\">\r\n                           <div class=\"td-gallery-title\"><\/div>\r\n\r\n                            <div class=\"td-gallery-controls-wrapper\">\r\n                                <div class=\"td-gallery-slide-count\"><span class=\"td-gallery-slide-item-focus\">1<\/span> de 9<\/div>\r\n                                <div class=\"td-gallery-slide-prev-next-but\">\r\n                                    <i class = \"td-icon-left doubleSliderPrevButton\"><\/i>\r\n                                    <i class = \"td-icon-right doubleSliderNextButton\"><\/i>\r\n                                <\/div>\r\n                            <\/div>\r\n                        <\/div>\r\n\r\n                        <div class = \"td-doubleSlider-1 \">\r\n                            <div class = \"td-slider\">\r\n                                \r\n                    <div class = \"td-slide-item td-item1\">\r\n                        <figure class=\"td-slide-galery-figure td-slide-popup-gallery\">\r\n                            <a class=\"slide-gallery-image-link\" href=\"https:\/\/www.cidademarketing.com.br\/marketing\/wp-content\/uploads\/2022\/09\/Allexandre-Colman-1_kitkat-rock-in-rio-cred-victor-chapetta-agnews.jpg\" title=\"Allexandre Colman -1_kitkat rock in rio cred victor chapetta agnews\"  data-caption=\"Allexandre Colman  no lounge KitKat. Foto: Victor Chapetta\/Agnews\"  data-description=\"\">\r\n                                <img decoding=\"async\" src=\"https:\/\/www.cidademarketing.com.br\/marketing\/wp-content\/uploads\/2022\/09\/Allexandre-Colman-1_kitkat-rock-in-rio-cred-victor-chapetta-agnews-368x420.jpg\" srcset=\"https:\/\/www.cidademarketing.com.br\/marketing\/wp-content\/uploads\/2022\/09\/Allexandre-Colman-1_kitkat-rock-in-rio-cred-victor-chapetta-agnews-368x420.jpg 368w, https:\/\/www.cidademarketing.com.br\/marketing\/wp-content\/uploads\/2022\/09\/Allexandre-Colman-1_kitkat-rock-in-rio-cred-victor-chapetta-agnews-263x300.jpg 263w, https:\/\/www.cidademarketing.com.br\/marketing\/wp-content\/uploads\/2022\/09\/Allexandre-Colman-1_kitkat-rock-in-rio-cred-victor-chapetta-agnews-898x1024.jpg 898w, https:\/\/www.cidademarketing.com.br\/marketing\/wp-content\/uploads\/2022\/09\/Allexandre-Colman-1_kitkat-rock-in-rio-cred-victor-chapetta-agnews-768x876.jpg 768w, https:\/\/www.cidademarketing.com.br\/marketing\/wp-content\/uploads\/2022\/09\/Allexandre-Colman-1_kitkat-rock-in-rio-cred-victor-chapetta-agnews-640x730.jpg 640w, https:\/\/www.cidademarketing.com.br\/marketing\/wp-content\/uploads\/2022\/09\/Allexandre-Colman-1_kitkat-rock-in-rio-cred-victor-chapetta-agnews-681x776.jpg 681w, https:\/\/www.cidademarketing.com.br\/marketing\/wp-content\/uploads\/2022\/09\/Allexandre-Colman-1_kitkat-rock-in-rio-cred-victor-chapetta-agnews.jpg 1200w\" sizes=\"(max-width: 368px) 100vw, 368px\" alt=\"\">\r\n                            <\/a>\r\n                            <figcaption class = \"td-slide-caption td-gallery-slide-content\"><div class = \"td-gallery-slide-copywrite\">Allexandre Colman  no lounge KitKat. Foto: Victor Chapetta\/Agnews<\/div><\/figcaption>\r\n                        <\/figure>\r\n                    <\/div>\r\n                    <div class = \"td-slide-item td-item2\">\r\n                        <figure class=\"td-slide-galery-figure td-slide-popup-gallery\">\r\n                            <a class=\"slide-gallery-image-link\" href=\"https:\/\/www.cidademarketing.com.br\/marketing\/wp-content\/uploads\/2022\/09\/Bruno-Mozka-1_kitkat-rock-in-rio-cred-victor-chapetta-agnews.jpg\" title=\"Bruno Mozka-1_kitkat rock in rio cred victor chapetta agnews\"  data-caption=\"Bruno Mozka no lounge KitKat. Foto: Victor Chapetta\/Agnews\"  data-description=\"\">\r\n                                <img decoding=\"async\" src=\"https:\/\/www.cidademarketing.com.br\/marketing\/wp-content\/uploads\/2022\/09\/Bruno-Mozka-1_kitkat-rock-in-rio-cred-victor-chapetta-agnews-280x420.jpg\" srcset=\"https:\/\/www.cidademarketing.com.br\/marketing\/wp-content\/uploads\/2022\/09\/Bruno-Mozka-1_kitkat-rock-in-rio-cred-victor-chapetta-agnews-280x420.jpg 280w, https:\/\/www.cidademarketing.com.br\/marketing\/wp-content\/uploads\/2022\/09\/Bruno-Mozka-1_kitkat-rock-in-rio-cred-victor-chapetta-agnews-200x300.jpg 200w, https:\/\/www.cidademarketing.com.br\/marketing\/wp-content\/uploads\/2022\/09\/Bruno-Mozka-1_kitkat-rock-in-rio-cred-victor-chapetta-agnews-683x1024.jpg 683w, https:\/\/www.cidademarketing.com.br\/marketing\/wp-content\/uploads\/2022\/09\/Bruno-Mozka-1_kitkat-rock-in-rio-cred-victor-chapetta-agnews-768x1151.jpg 768w, https:\/\/www.cidademarketing.com.br\/marketing\/wp-content\/uploads\/2022\/09\/Bruno-Mozka-1_kitkat-rock-in-rio-cred-victor-chapetta-agnews-1025x1536.jpg 1025w, https:\/\/www.cidademarketing.com.br\/marketing\/wp-content\/uploads\/2022\/09\/Bruno-Mozka-1_kitkat-rock-in-rio-cred-victor-chapetta-agnews-640x959.jpg 640w, https:\/\/www.cidademarketing.com.br\/marketing\/wp-content\/uploads\/2022\/09\/Bruno-Mozka-1_kitkat-rock-in-rio-cred-victor-chapetta-agnews-681x1021.jpg 681w, https:\/\/www.cidademarketing.com.br\/marketing\/wp-content\/uploads\/2022\/09\/Bruno-Mozka-1_kitkat-rock-in-rio-cred-victor-chapetta-agnews.jpg 1200w\" sizes=\"(max-width: 280px) 100vw, 280px\" alt=\"\">\r\n                            <\/a>\r\n                            <figcaption class = \"td-slide-caption td-gallery-slide-content\"><div class = \"td-gallery-slide-copywrite\">Bruno Mozka no lounge KitKat. Foto: Victor Chapetta\/Agnews<\/div><\/figcaption>\r\n                        <\/figure>\r\n                    <\/div>\r\n                    <div class = \"td-slide-item td-item3\">\r\n                        <figure class=\"td-slide-galery-figure td-slide-popup-gallery\">\r\n                            <a class=\"slide-gallery-image-link\" href=\"https:\/\/www.cidademarketing.com.br\/marketing\/wp-content\/uploads\/2022\/09\/Caue-Campos-e-Allexandre-Colman-2_kitkat-rock-in-rio-cred-victor-chapetta-agnews.jpg\" title=\"Cau\u00ea Campos e Allexandre Colman -2_kitkat rock in rio cred victor chapetta agnews\"  data-caption=\"Cau\u00ea Campos e Allexandre Colman no lounge KitKat. Foto: Victor Chapetta\/Agnews\"  data-description=\"\">\r\n                                <img decoding=\"async\" src=\"https:\/\/www.cidademarketing.com.br\/marketing\/wp-content\/uploads\/2022\/09\/Caue-Campos-e-Allexandre-Colman-2_kitkat-rock-in-rio-cred-victor-chapetta-agnews-280x420.jpg\" srcset=\"https:\/\/www.cidademarketing.com.br\/marketing\/wp-content\/uploads\/2022\/09\/Caue-Campos-e-Allexandre-Colman-2_kitkat-rock-in-rio-cred-victor-chapetta-agnews-280x420.jpg 280w, https:\/\/www.cidademarketing.com.br\/marketing\/wp-content\/uploads\/2022\/09\/Caue-Campos-e-Allexandre-Colman-2_kitkat-rock-in-rio-cred-victor-chapetta-agnews-200x300.jpg 200w, https:\/\/www.cidademarketing.com.br\/marketing\/wp-content\/uploads\/2022\/09\/Caue-Campos-e-Allexandre-Colman-2_kitkat-rock-in-rio-cred-victor-chapetta-agnews-683x1024.jpg 683w, https:\/\/www.cidademarketing.com.br\/marketing\/wp-content\/uploads\/2022\/09\/Caue-Campos-e-Allexandre-Colman-2_kitkat-rock-in-rio-cred-victor-chapetta-agnews-768x1151.jpg 768w, https:\/\/www.cidademarketing.com.br\/marketing\/wp-content\/uploads\/2022\/09\/Caue-Campos-e-Allexandre-Colman-2_kitkat-rock-in-rio-cred-victor-chapetta-agnews-1025x1536.jpg 1025w, https:\/\/www.cidademarketing.com.br\/marketing\/wp-content\/uploads\/2022\/09\/Caue-Campos-e-Allexandre-Colman-2_kitkat-rock-in-rio-cred-victor-chapetta-agnews-640x959.jpg 640w, https:\/\/www.cidademarketing.com.br\/marketing\/wp-content\/uploads\/2022\/09\/Caue-Campos-e-Allexandre-Colman-2_kitkat-rock-in-rio-cred-victor-chapetta-agnews-681x1021.jpg 681w, https:\/\/www.cidademarketing.com.br\/marketing\/wp-content\/uploads\/2022\/09\/Caue-Campos-e-Allexandre-Colman-2_kitkat-rock-in-rio-cred-victor-chapetta-agnews.jpg 1200w\" sizes=\"(max-width: 280px) 100vw, 280px\" alt=\"\">\r\n                            <\/a>\r\n                            <figcaption class = \"td-slide-caption td-gallery-slide-content\"><div class = \"td-gallery-slide-copywrite\">Cau\u00ea Campos e Allexandre Colman no lounge KitKat. Foto: Victor Chapetta\/Agnews<\/div><\/figcaption>\r\n                        <\/figure>\r\n                    <\/div>\r\n                    <div class = \"td-slide-item td-item4\">\r\n                        <figure class=\"td-slide-galery-figure td-slide-popup-gallery\">\r\n                            <a class=\"slide-gallery-image-link\" href=\"https:\/\/www.cidademarketing.com.br\/marketing\/wp-content\/uploads\/2022\/09\/Caue-Campos-e-Luana-Braz-3_kitkat-rock-in-rio-cred-victor-chapetta-agnews.jpg\" title=\"Cau\u00ea Campos e Luana Braz -3_kitkat rock in rio cred victor chapetta agnews\"  data-caption=\"Cau\u00ea Campos e Luana Braz no lounge KitKat. Foto: Victor Chapetta\/Agnews\"  data-description=\"\">\r\n                                <img decoding=\"async\" src=\"https:\/\/www.cidademarketing.com.br\/marketing\/wp-content\/uploads\/2022\/09\/Caue-Campos-e-Luana-Braz-3_kitkat-rock-in-rio-cred-victor-chapetta-agnews-280x420.jpg\" srcset=\"https:\/\/www.cidademarketing.com.br\/marketing\/wp-content\/uploads\/2022\/09\/Caue-Campos-e-Luana-Braz-3_kitkat-rock-in-rio-cred-victor-chapetta-agnews-280x420.jpg 280w, https:\/\/www.cidademarketing.com.br\/marketing\/wp-content\/uploads\/2022\/09\/Caue-Campos-e-Luana-Braz-3_kitkat-rock-in-rio-cred-victor-chapetta-agnews-200x300.jpg 200w, https:\/\/www.cidademarketing.com.br\/marketing\/wp-content\/uploads\/2022\/09\/Caue-Campos-e-Luana-Braz-3_kitkat-rock-in-rio-cred-victor-chapetta-agnews-683x1024.jpg 683w, https:\/\/www.cidademarketing.com.br\/marketing\/wp-content\/uploads\/2022\/09\/Caue-Campos-e-Luana-Braz-3_kitkat-rock-in-rio-cred-victor-chapetta-agnews-768x1151.jpg 768w, https:\/\/www.cidademarketing.com.br\/marketing\/wp-content\/uploads\/2022\/09\/Caue-Campos-e-Luana-Braz-3_kitkat-rock-in-rio-cred-victor-chapetta-agnews-1025x1536.jpg 1025w, https:\/\/www.cidademarketing.com.br\/marketing\/wp-content\/uploads\/2022\/09\/Caue-Campos-e-Luana-Braz-3_kitkat-rock-in-rio-cred-victor-chapetta-agnews-640x959.jpg 640w, https:\/\/www.cidademarketing.com.br\/marketing\/wp-content\/uploads\/2022\/09\/Caue-Campos-e-Luana-Braz-3_kitkat-rock-in-rio-cred-victor-chapetta-agnews-681x1021.jpg 681w, https:\/\/www.cidademarketing.com.br\/marketing\/wp-content\/uploads\/2022\/09\/Caue-Campos-e-Luana-Braz-3_kitkat-rock-in-rio-cred-victor-chapetta-agnews.jpg 1200w\" sizes=\"(max-width: 280px) 100vw, 280px\" alt=\"\">\r\n                            <\/a>\r\n                            <figcaption class = \"td-slide-caption td-gallery-slide-content\"><div class = \"td-gallery-slide-copywrite\">Cau\u00ea Campos e Luana Braz no lounge KitKat. Foto: Victor Chapetta\/Agnews<\/div><\/figcaption>\r\n                        <\/figure>\r\n                    <\/div>\r\n                    <div class = \"td-slide-item td-item5\">\r\n                        <figure class=\"td-slide-galery-figure td-slide-popup-gallery\">\r\n                            <a class=\"slide-gallery-image-link\" href=\"https:\/\/www.cidademarketing.com.br\/marketing\/wp-content\/uploads\/2022\/09\/Dudu-Mello-3_kitkat-rock-in-rio-cred-victor-chapetta-agnews.jpg\" title=\"Dudu Mello-3_kitkat rock in rio cred victor chapetta agnews\"  data-caption=\"Dudu Mello no lounge KitKat. Foto: Victor Chapetta\/Agnews\"  data-description=\"\">\r\n                                <img decoding=\"async\" src=\"https:\/\/www.cidademarketing.com.br\/marketing\/wp-content\/uploads\/2022\/09\/Dudu-Mello-3_kitkat-rock-in-rio-cred-victor-chapetta-agnews-280x420.jpg\" srcset=\"https:\/\/www.cidademarketing.com.br\/marketing\/wp-content\/uploads\/2022\/09\/Dudu-Mello-3_kitkat-rock-in-rio-cred-victor-chapetta-agnews-280x420.jpg 280w, https:\/\/www.cidademarketing.com.br\/marketing\/wp-content\/uploads\/2022\/09\/Dudu-Mello-3_kitkat-rock-in-rio-cred-victor-chapetta-agnews-200x300.jpg 200w, https:\/\/www.cidademarketing.com.br\/marketing\/wp-content\/uploads\/2022\/09\/Dudu-Mello-3_kitkat-rock-in-rio-cred-victor-chapetta-agnews-683x1024.jpg 683w, https:\/\/www.cidademarketing.com.br\/marketing\/wp-content\/uploads\/2022\/09\/Dudu-Mello-3_kitkat-rock-in-rio-cred-victor-chapetta-agnews-768x1151.jpg 768w, https:\/\/www.cidademarketing.com.br\/marketing\/wp-content\/uploads\/2022\/09\/Dudu-Mello-3_kitkat-rock-in-rio-cred-victor-chapetta-agnews-1025x1536.jpg 1025w, https:\/\/www.cidademarketing.com.br\/marketing\/wp-content\/uploads\/2022\/09\/Dudu-Mello-3_kitkat-rock-in-rio-cred-victor-chapetta-agnews-640x959.jpg 640w, https:\/\/www.cidademarketing.com.br\/marketing\/wp-content\/uploads\/2022\/09\/Dudu-Mello-3_kitkat-rock-in-rio-cred-victor-chapetta-agnews-681x1021.jpg 681w, https:\/\/www.cidademarketing.com.br\/marketing\/wp-content\/uploads\/2022\/09\/Dudu-Mello-3_kitkat-rock-in-rio-cred-victor-chapetta-agnews.jpg 1200w\" sizes=\"(max-width: 280px) 100vw, 280px\" alt=\"\">\r\n                            <\/a>\r\n                            <figcaption class = \"td-slide-caption td-gallery-slide-content\"><div class = \"td-gallery-slide-copywrite\">Dudu Mello no lounge KitKat. Foto: Victor Chapetta\/Agnews<\/div><\/figcaption>\r\n                        <\/figure>\r\n                    <\/div>\r\n                    <div class = \"td-slide-item td-item6\">\r\n                        <figure class=\"td-slide-galery-figure td-slide-popup-gallery\">\r\n                            <a class=\"slide-gallery-image-link\" href=\"https:\/\/www.cidademarketing.com.br\/marketing\/wp-content\/uploads\/2022\/09\/Giselle-Batista-2_kitkat-rock-in-rio-cred-victor-chapetta-agnews.jpg\" title=\"Giselle Batista-2_kitkat rock in rio cred victor chapetta agnews\"  data-caption=\"Giselle Batista no lounge KitKat. Foto: Victor Chapetta\/Agnews\"  data-description=\"\">\r\n                                <img decoding=\"async\" src=\"https:\/\/www.cidademarketing.com.br\/marketing\/wp-content\/uploads\/2022\/09\/Giselle-Batista-2_kitkat-rock-in-rio-cred-victor-chapetta-agnews-280x420.jpg\" srcset=\"https:\/\/www.cidademarketing.com.br\/marketing\/wp-content\/uploads\/2022\/09\/Giselle-Batista-2_kitkat-rock-in-rio-cred-victor-chapetta-agnews-280x420.jpg 280w, https:\/\/www.cidademarketing.com.br\/marketing\/wp-content\/uploads\/2022\/09\/Giselle-Batista-2_kitkat-rock-in-rio-cred-victor-chapetta-agnews-200x300.jpg 200w, https:\/\/www.cidademarketing.com.br\/marketing\/wp-content\/uploads\/2022\/09\/Giselle-Batista-2_kitkat-rock-in-rio-cred-victor-chapetta-agnews-683x1024.jpg 683w, https:\/\/www.cidademarketing.com.br\/marketing\/wp-content\/uploads\/2022\/09\/Giselle-Batista-2_kitkat-rock-in-rio-cred-victor-chapetta-agnews-768x1151.jpg 768w, https:\/\/www.cidademarketing.com.br\/marketing\/wp-content\/uploads\/2022\/09\/Giselle-Batista-2_kitkat-rock-in-rio-cred-victor-chapetta-agnews-1025x1536.jpg 1025w, https:\/\/www.cidademarketing.com.br\/marketing\/wp-content\/uploads\/2022\/09\/Giselle-Batista-2_kitkat-rock-in-rio-cred-victor-chapetta-agnews-640x959.jpg 640w, https:\/\/www.cidademarketing.com.br\/marketing\/wp-content\/uploads\/2022\/09\/Giselle-Batista-2_kitkat-rock-in-rio-cred-victor-chapetta-agnews-681x1021.jpg 681w, https:\/\/www.cidademarketing.com.br\/marketing\/wp-content\/uploads\/2022\/09\/Giselle-Batista-2_kitkat-rock-in-rio-cred-victor-chapetta-agnews.jpg 1200w\" sizes=\"(max-width: 280px) 100vw, 280px\" alt=\"\">\r\n                            <\/a>\r\n                            <figcaption class = \"td-slide-caption td-gallery-slide-content\"><div class = \"td-gallery-slide-copywrite\">Giselle Batista no lounge KitKat. Foto: Victor Chapetta\/Agnews<\/div><\/figcaption>\r\n                        <\/figure>\r\n                    <\/div>\r\n                    <div class = \"td-slide-item td-item7\">\r\n                        <figure class=\"td-slide-galery-figure td-slide-popup-gallery\">\r\n                            <a class=\"slide-gallery-image-link\" href=\"https:\/\/www.cidademarketing.com.br\/marketing\/wp-content\/uploads\/2022\/09\/Hugo-Bonemer-4_kitkat-rock-in-rio-cred-victor-chapetta-agnews.jpg\" title=\"Hugo Bonemer -4_kitkat rock in rio cred victor chapetta agnews\"  data-caption=\"Hugo Bonemer no lounge KitKat. Foto: Victor Chapetta\/Agnews\"  data-description=\"\">\r\n                                <img decoding=\"async\" src=\"https:\/\/www.cidademarketing.com.br\/marketing\/wp-content\/uploads\/2022\/09\/Hugo-Bonemer-4_kitkat-rock-in-rio-cred-victor-chapetta-agnews-280x420.jpg\" srcset=\"https:\/\/www.cidademarketing.com.br\/marketing\/wp-content\/uploads\/2022\/09\/Hugo-Bonemer-4_kitkat-rock-in-rio-cred-victor-chapetta-agnews-280x420.jpg 280w, https:\/\/www.cidademarketing.com.br\/marketing\/wp-content\/uploads\/2022\/09\/Hugo-Bonemer-4_kitkat-rock-in-rio-cred-victor-chapetta-agnews-200x300.jpg 200w, https:\/\/www.cidademarketing.com.br\/marketing\/wp-content\/uploads\/2022\/09\/Hugo-Bonemer-4_kitkat-rock-in-rio-cred-victor-chapetta-agnews-683x1024.jpg 683w, https:\/\/www.cidademarketing.com.br\/marketing\/wp-content\/uploads\/2022\/09\/Hugo-Bonemer-4_kitkat-rock-in-rio-cred-victor-chapetta-agnews-768x1151.jpg 768w, https:\/\/www.cidademarketing.com.br\/marketing\/wp-content\/uploads\/2022\/09\/Hugo-Bonemer-4_kitkat-rock-in-rio-cred-victor-chapetta-agnews-1025x1536.jpg 1025w, https:\/\/www.cidademarketing.com.br\/marketing\/wp-content\/uploads\/2022\/09\/Hugo-Bonemer-4_kitkat-rock-in-rio-cred-victor-chapetta-agnews-640x959.jpg 640w, https:\/\/www.cidademarketing.com.br\/marketing\/wp-content\/uploads\/2022\/09\/Hugo-Bonemer-4_kitkat-rock-in-rio-cred-victor-chapetta-agnews-681x1021.jpg 681w, https:\/\/www.cidademarketing.com.br\/marketing\/wp-content\/uploads\/2022\/09\/Hugo-Bonemer-4_kitkat-rock-in-rio-cred-victor-chapetta-agnews.jpg 1200w\" sizes=\"(max-width: 280px) 100vw, 280px\" alt=\"\">\r\n                            <\/a>\r\n                            <figcaption class = \"td-slide-caption td-gallery-slide-content\"><div class = \"td-gallery-slide-copywrite\">Hugo Bonemer no lounge KitKat. Foto: Victor Chapetta\/Agnews<\/div><\/figcaption>\r\n                        <\/figure>\r\n                    <\/div>\r\n                    <div class = \"td-slide-item td-item8\">\r\n                        <figure class=\"td-slide-galery-figure td-slide-popup-gallery\">\r\n                            <a class=\"slide-gallery-image-link\" href=\"https:\/\/www.cidademarketing.com.br\/marketing\/wp-content\/uploads\/2022\/09\/Lucas-Vasconcelos-kitkat-rock-in-rio-2_credito-victor-chapetta-agnews.jpg\" title=\"Lucas Vasconcelos kitkat rock in rio-2_credito victor chapetta agnews\"  data-caption=\"Lucas Vasconcelos  no lounge KitKat. Foto: Victor Chapetta\/Agnews\"  data-description=\"Lucas Vasconcelos  no lounge KitKat. Foto: Victor Chapetta\/Agnews\">\r\n                                <img decoding=\"async\" src=\"https:\/\/www.cidademarketing.com.br\/marketing\/wp-content\/uploads\/2022\/09\/Lucas-Vasconcelos-kitkat-rock-in-rio-2_credito-victor-chapetta-agnews-280x420.jpg\" srcset=\"https:\/\/www.cidademarketing.com.br\/marketing\/wp-content\/uploads\/2022\/09\/Lucas-Vasconcelos-kitkat-rock-in-rio-2_credito-victor-chapetta-agnews-280x420.jpg 280w, https:\/\/www.cidademarketing.com.br\/marketing\/wp-content\/uploads\/2022\/09\/Lucas-Vasconcelos-kitkat-rock-in-rio-2_credito-victor-chapetta-agnews-200x300.jpg 200w, https:\/\/www.cidademarketing.com.br\/marketing\/wp-content\/uploads\/2022\/09\/Lucas-Vasconcelos-kitkat-rock-in-rio-2_credito-victor-chapetta-agnews-683x1024.jpg 683w, https:\/\/www.cidademarketing.com.br\/marketing\/wp-content\/uploads\/2022\/09\/Lucas-Vasconcelos-kitkat-rock-in-rio-2_credito-victor-chapetta-agnews-768x1151.jpg 768w, https:\/\/www.cidademarketing.com.br\/marketing\/wp-content\/uploads\/2022\/09\/Lucas-Vasconcelos-kitkat-rock-in-rio-2_credito-victor-chapetta-agnews-1025x1536.jpg 1025w, https:\/\/www.cidademarketing.com.br\/marketing\/wp-content\/uploads\/2022\/09\/Lucas-Vasconcelos-kitkat-rock-in-rio-2_credito-victor-chapetta-agnews-640x959.jpg 640w, https:\/\/www.cidademarketing.com.br\/marketing\/wp-content\/uploads\/2022\/09\/Lucas-Vasconcelos-kitkat-rock-in-rio-2_credito-victor-chapetta-agnews-681x1021.jpg 681w, https:\/\/www.cidademarketing.com.br\/marketing\/wp-content\/uploads\/2022\/09\/Lucas-Vasconcelos-kitkat-rock-in-rio-2_credito-victor-chapetta-agnews.jpg 1200w\" sizes=\"(max-width: 280px) 100vw, 280px\" alt=\"\">\r\n                            <\/a>\r\n                            <figcaption class = \"td-slide-caption td-gallery-slide-content\"><div class = \"td-gallery-slide-copywrite\">Lucas Vasconcelos  no lounge KitKat. Foto: Victor Chapetta\/Agnews<\/div><span>Lucas Vasconcelos  no lounge KitKat. Foto: Victor Chapetta\/Agnews<\/span><\/figcaption>\r\n                        <\/figure>\r\n                    <\/div>\r\n                    <div class = \"td-slide-item td-item9\">\r\n                        <figure class=\"td-slide-galery-figure td-slide-popup-gallery\">\r\n                            <a class=\"slide-gallery-image-link\" href=\"https:\/\/www.cidademarketing.com.br\/marketing\/wp-content\/uploads\/2022\/09\/Thais-Braz-5_kitkat-rock-in-rio-cred-victor-chapetta-agnews.jpg\" title=\"Tha\u00eds Braz-5_kitkat rock in rio cred victor chapetta agnews\"  data-caption=\"Tha\u00eds Braz no lounge KitKat. Foto: Victor Chapetta\/Agnews\"  data-description=\"\">\r\n                                <img decoding=\"async\" src=\"https:\/\/www.cidademarketing.com.br\/marketing\/wp-content\/uploads\/2022\/09\/Thais-Braz-5_kitkat-rock-in-rio-cred-victor-chapetta-agnews-280x420.jpg\" srcset=\"https:\/\/www.cidademarketing.com.br\/marketing\/wp-content\/uploads\/2022\/09\/Thais-Braz-5_kitkat-rock-in-rio-cred-victor-chapetta-agnews-280x420.jpg 280w, https:\/\/www.cidademarketing.com.br\/marketing\/wp-content\/uploads\/2022\/09\/Thais-Braz-5_kitkat-rock-in-rio-cred-victor-chapetta-agnews-200x300.jpg 200w, https:\/\/www.cidademarketing.com.br\/marketing\/wp-content\/uploads\/2022\/09\/Thais-Braz-5_kitkat-rock-in-rio-cred-victor-chapetta-agnews-683x1024.jpg 683w, https:\/\/www.cidademarketing.com.br\/marketing\/wp-content\/uploads\/2022\/09\/Thais-Braz-5_kitkat-rock-in-rio-cred-victor-chapetta-agnews-768x1151.jpg 768w, https:\/\/www.cidademarketing.com.br\/marketing\/wp-content\/uploads\/2022\/09\/Thais-Braz-5_kitkat-rock-in-rio-cred-victor-chapetta-agnews-1025x1536.jpg 1025w, https:\/\/www.cidademarketing.com.br\/marketing\/wp-content\/uploads\/2022\/09\/Thais-Braz-5_kitkat-rock-in-rio-cred-victor-chapetta-agnews-640x959.jpg 640w, https:\/\/www.cidademarketing.com.br\/marketing\/wp-content\/uploads\/2022\/09\/Thais-Braz-5_kitkat-rock-in-rio-cred-victor-chapetta-agnews-681x1021.jpg 681w, https:\/\/www.cidademarketing.com.br\/marketing\/wp-content\/uploads\/2022\/09\/Thais-Braz-5_kitkat-rock-in-rio-cred-victor-chapetta-agnews.jpg 1200w\" sizes=\"(max-width: 280px) 100vw, 280px\" alt=\"\">\r\n                            <\/a>\r\n                            <figcaption class = \"td-slide-caption td-gallery-slide-content\"><div class = \"td-gallery-slide-copywrite\">Tha\u00eds Braz no lounge KitKat. Foto: Victor Chapetta\/Agnews<\/div><\/figcaption>\r\n                        <\/figure>\r\n                    <\/div>\r\n                            <\/div>\r\n                        <\/div>\r\n\r\n                        <div class = \"td-doubleSlider-2\">\r\n                            <div class = \"td-slider\">\r\n                                \r\n                    <div class = \"td-button td-item1\">\r\n                        <div class = \"td-border\"><\/div>\r\n                    <\/div>\r\n                    <div class = \"td-button td-item2\">\r\n                        <div class = \"td-border\"><\/div>\r\n                    <\/div>\r\n                    <div class = \"td-button td-item3\">\r\n                        <div class = \"td-border\"><\/div>\r\n                    <\/div>\r\n                    <div class = \"td-button td-item4\">\r\n                        <div class = \"td-border\"><\/div>\r\n                    <\/div>\r\n                    <div class = \"td-button td-item5\">\r\n                        <div class = \"td-border\"><\/div>\r\n                    <\/div>\r\n                    <div class = \"td-button td-item6\">\r\n                        <div class = \"td-border\"><\/div>\r\n                    <\/div>\r\n                    <div class = \"td-button td-item7\">\r\n                        <div class = \"td-border\"><\/div>\r\n                    <\/div>\r\n                    <div class = \"td-button td-item8\">\r\n                        <div class = \"td-border\"><\/div>\r\n                    <\/div>\r\n                    <div class = \"td-button td-item9\">\r\n                        <div class = \"td-border\"><\/div>\r\n                    <\/div>\r\n                            <\/div>\r\n                        <\/div>\r\n\r\n                    <\/div>\r\n\r\n                <\/div>\r\n                \n<p>E al\u00e9m das presen\u00e7as marcantes, a noite de sexta-feira rendeu para quem estivesse presente no camarote. A marca distribuiu brindes de pins e copos a toda galera que participasse da ativa\u00e7\u00e3o do estande. Ainda, os convidados do camarote puderam levar uma sidebag. A marca planeja outras ativa\u00e7\u00f5es para ao longo dos pr\u00f3ximos dias do festival.<\/p>\n<p><iframe style=\"width: 100%; max-width: 660px; overflow: hidden; background: transparent;\" src=\"https:\/\/embed.podcasts.apple.com\/br\/podcast\/podcast-cidademarketing\/id1371923283\" height=\"450\" frameborder=\"0\" sandbox=\"allow-forms allow-popups allow-same-origin allow-scripts allow-storage-access-by-user-activation allow-top-navigation-by-user-activation\"><\/iframe><\/p>\n","protected":false},"excerpt":{"rendered":"<p>A edi\u00e7\u00e3o 2022 do Rock in Rio come\u00e7ou na \u00faltima sexta-feira (2) e quem curtiu a agita\u00e7\u00e3o do festival foram diversos artistas e influenciadores que passaram pelo ponto de encontro no Jockey e no lounge da marca KITKAT\u00ae e celebraram os shows dos headliners da noite: Iron Maiden, Dream Theater e Sepultura. A noite de [&hellip;]<\/p>\n","protected":false},"author":1,"featured_media":37872,"comment_status":"open","ping_status":"open","sticky":false,"template":"","format":"standard","meta":{"tdm_status":"","tdm_grid_status":"","footnotes":""},"categories":[6],"tags":[33,805,332,630,37,28,2136],"class_list":["post-37862","post","type-post","status-publish","format-standard","has-post-thumbnail","hentry","category-noticias","tag-estrategia","tag-experiencia","tag-influenciadores-digitais","tag-kitkat","tag-marca","tag-marketing","tag-rock-in-rio"],"yoast_head":"<!-- This site is optimized with the Yoast SEO plugin v27.5 - https:\/\/yoast.com\/product\/yoast-seo-wordpress\/ -->\n<title>Famosos curtem lounge KITKAT\u00ae na primeira noite do Rock in Rio - CidadeMarketing<\/title>\n<meta name=\"robots\" content=\"index, follow, max-snippet:-1, max-image-preview:large, max-video-preview:-1\" \/>\n<link rel=\"canonical\" href=\"https:\/\/www.cidademarketing.com.br\/marketing\/2022\/09\/03\/famosos-curtem-lounge-kitkat-na-primeira-noite-do-rock-in-rio\/\" \/>\n<meta property=\"og:locale\" content=\"pt_BR\" \/>\n<meta property=\"og:type\" content=\"article\" \/>\n<meta property=\"og:title\" content=\"Famosos curtem lounge KITKAT\u00ae na primeira noite do Rock in Rio - CidadeMarketing\" \/>\n<meta property=\"og:description\" content=\"A edi\u00e7\u00e3o 2022 do Rock in Rio come\u00e7ou na \u00faltima sexta-feira (2) e quem curtiu a agita\u00e7\u00e3o do festival foram diversos artistas e influenciadores que passaram pelo ponto de encontro no Jockey e no lounge da marca KITKAT\u00ae e celebraram os shows dos headliners da noite: Iron Maiden, Dream Theater e Sepultura. A noite de [&hellip;]\" \/>\n<meta property=\"og:url\" content=\"https:\/\/www.cidademarketing.com.br\/marketing\/2022\/09\/03\/famosos-curtem-lounge-kitkat-na-primeira-noite-do-rock-in-rio\/\" \/>\n<meta property=\"og:site_name\" content=\"CidadeMarketing\" \/>\n<meta property=\"article:publisher\" content=\"https:\/\/www.facebook.com\/portalcidademarketing\" \/>\n<meta property=\"article:author\" content=\"https:\/\/www.facebook.com\/thalesbrandao\" \/>\n<meta property=\"article:published_time\" content=\"2022-09-03T17:53:23+00:00\" \/>\n<meta property=\"og:image\" content=\"https:\/\/www.cidademarketing.com.br\/marketing\/wp-content\/uploads\/2022\/09\/Thais-Braz-3_kitkat-rock-in-rio-cred-victor-chapetta-agnews.jpg\" \/>\n\t<meta property=\"og:image:width\" content=\"1200\" \/>\n\t<meta property=\"og:image:height\" content=\"1799\" \/>\n\t<meta property=\"og:image:type\" content=\"image\/jpeg\" \/>\n<meta name=\"author\" content=\"Thales Brand\u00e3o\" \/>\n<meta name=\"twitter:card\" content=\"summary_large_image\" \/>\n<meta name=\"twitter:creator\" content=\"@http:\/\/www.twitter.com\/thalesbrandao\" \/>\n<meta name=\"twitter:site\" content=\"@CidadeMarketing\" \/>\n<meta name=\"twitter:label1\" content=\"Escrito por\" \/>\n\t<meta name=\"twitter:data1\" content=\"Thales Brand\u00e3o\" \/>\n\t<meta name=\"twitter:label2\" content=\"Est. tempo de leitura\" \/>\n\t<meta name=\"twitter:data2\" content=\"1 minuto\" \/>\n<script type=\"application\/ld+json\" class=\"yoast-schema-graph\">{\"@context\":\"https:\\\/\\\/schema.org\",\"@graph\":[{\"@type\":\"Article\",\"@id\":\"https:\\\/\\\/www.cidademarketing.com.br\\\/marketing\\\/2022\\\/09\\\/03\\\/famosos-curtem-lounge-kitkat-na-primeira-noite-do-rock-in-rio\\\/#article\",\"isPartOf\":{\"@id\":\"https:\\\/\\\/www.cidademarketing.com.br\\\/marketing\\\/2022\\\/09\\\/03\\\/famosos-curtem-lounge-kitkat-na-primeira-noite-do-rock-in-rio\\\/\"},\"author\":{\"name\":\"Thales Brand\u00e3o\",\"@id\":\"https:\\\/\\\/www.cidademarketing.com.br\\\/marketing\\\/#\\\/schema\\\/person\\\/02daff9f18bd9378c9e01eb6b2db155f\"},\"headline\":\"Famosos curtem lounge KITKAT\u00ae na primeira noite do Rock in Rio\",\"datePublished\":\"2022-09-03T17:53:23+00:00\",\"mainEntityOfPage\":{\"@id\":\"https:\\\/\\\/www.cidademarketing.com.br\\\/marketing\\\/2022\\\/09\\\/03\\\/famosos-curtem-lounge-kitkat-na-primeira-noite-do-rock-in-rio\\\/\"},\"wordCount\":215,\"commentCount\":0,\"publisher\":{\"@id\":\"https:\\\/\\\/www.cidademarketing.com.br\\\/marketing\\\/#organization\"},\"image\":{\"@id\":\"https:\\\/\\\/www.cidademarketing.com.br\\\/marketing\\\/2022\\\/09\\\/03\\\/famosos-curtem-lounge-kitkat-na-primeira-noite-do-rock-in-rio\\\/#primaryimage\"},\"thumbnailUrl\":\"https:\\\/\\\/www.cidademarketing.com.br\\\/marketing\\\/wp-content\\\/uploads\\\/2022\\\/09\\\/Thais-Braz-3_kitkat-rock-in-rio-cred-victor-chapetta-agnews.jpg\",\"keywords\":[\"estrat\u00e9gia\",\"experi\u00eancia\",\"Influenciadores Digitais\",\"KitKat\",\"marca\",\"marketing\",\"Rock in Rio\"],\"articleSection\":[\"Not\u00edcias\"],\"inLanguage\":\"pt-BR\",\"potentialAction\":[{\"@type\":\"CommentAction\",\"name\":\"Comment\",\"target\":[\"https:\\\/\\\/www.cidademarketing.com.br\\\/marketing\\\/2022\\\/09\\\/03\\\/famosos-curtem-lounge-kitkat-na-primeira-noite-do-rock-in-rio\\\/#respond\"]}]},{\"@type\":\"WebPage\",\"@id\":\"https:\\\/\\\/www.cidademarketing.com.br\\\/marketing\\\/2022\\\/09\\\/03\\\/famosos-curtem-lounge-kitkat-na-primeira-noite-do-rock-in-rio\\\/\",\"url\":\"https:\\\/\\\/www.cidademarketing.com.br\\\/marketing\\\/2022\\\/09\\\/03\\\/famosos-curtem-lounge-kitkat-na-primeira-noite-do-rock-in-rio\\\/\",\"name\":\"Famosos curtem lounge KITKAT\u00ae na primeira noite do Rock in Rio - CidadeMarketing\",\"isPartOf\":{\"@id\":\"https:\\\/\\\/www.cidademarketing.com.br\\\/marketing\\\/#website\"},\"primaryImageOfPage\":{\"@id\":\"https:\\\/\\\/www.cidademarketing.com.br\\\/marketing\\\/2022\\\/09\\\/03\\\/famosos-curtem-lounge-kitkat-na-primeira-noite-do-rock-in-rio\\\/#primaryimage\"},\"image\":{\"@id\":\"https:\\\/\\\/www.cidademarketing.com.br\\\/marketing\\\/2022\\\/09\\\/03\\\/famosos-curtem-lounge-kitkat-na-primeira-noite-do-rock-in-rio\\\/#primaryimage\"},\"thumbnailUrl\":\"https:\\\/\\\/www.cidademarketing.com.br\\\/marketing\\\/wp-content\\\/uploads\\\/2022\\\/09\\\/Thais-Braz-3_kitkat-rock-in-rio-cred-victor-chapetta-agnews.jpg\",\"datePublished\":\"2022-09-03T17:53:23+00:00\",\"breadcrumb\":{\"@id\":\"https:\\\/\\\/www.cidademarketing.com.br\\\/marketing\\\/2022\\\/09\\\/03\\\/famosos-curtem-lounge-kitkat-na-primeira-noite-do-rock-in-rio\\\/#breadcrumb\"},\"inLanguage\":\"pt-BR\",\"potentialAction\":[{\"@type\":\"ReadAction\",\"target\":[\"https:\\\/\\\/www.cidademarketing.com.br\\\/marketing\\\/2022\\\/09\\\/03\\\/famosos-curtem-lounge-kitkat-na-primeira-noite-do-rock-in-rio\\\/\"]}]},{\"@type\":\"ImageObject\",\"inLanguage\":\"pt-BR\",\"@id\":\"https:\\\/\\\/www.cidademarketing.com.br\\\/marketing\\\/2022\\\/09\\\/03\\\/famosos-curtem-lounge-kitkat-na-primeira-noite-do-rock-in-rio\\\/#primaryimage\",\"url\":\"https:\\\/\\\/www.cidademarketing.com.br\\\/marketing\\\/wp-content\\\/uploads\\\/2022\\\/09\\\/Thais-Braz-3_kitkat-rock-in-rio-cred-victor-chapetta-agnews.jpg\",\"contentUrl\":\"https:\\\/\\\/www.cidademarketing.com.br\\\/marketing\\\/wp-content\\\/uploads\\\/2022\\\/09\\\/Thais-Braz-3_kitkat-rock-in-rio-cred-victor-chapetta-agnews.jpg\",\"width\":1200,\"height\":1799,\"caption\":\"Tha\u00eds Braz no lounge KitKat. Foto: Victor Chapetta\\\/Agnews\"},{\"@type\":\"BreadcrumbList\",\"@id\":\"https:\\\/\\\/www.cidademarketing.com.br\\\/marketing\\\/2022\\\/09\\\/03\\\/famosos-curtem-lounge-kitkat-na-primeira-noite-do-rock-in-rio\\\/#breadcrumb\",\"itemListElement\":[{\"@type\":\"ListItem\",\"position\":1,\"name\":\"In\u00edcio\",\"item\":\"https:\\\/\\\/www.cidademarketing.com.br\\\/marketing\\\/\"},{\"@type\":\"ListItem\",\"position\":2,\"name\":\"Famosos curtem lounge KITKAT\u00ae na primeira noite do Rock in Rio\"}]},{\"@type\":\"WebSite\",\"@id\":\"https:\\\/\\\/www.cidademarketing.com.br\\\/marketing\\\/#website\",\"url\":\"https:\\\/\\\/www.cidademarketing.com.br\\\/marketing\\\/\",\"name\":\"CidadeMarketing\",\"description\":\"Somos um ve\u00edculo de comunica\u00e7\u00e3o de destaque no Brasil, reconhecido por conte\u00fados nos segmentos de marketing, empreendedorismo e inova\u00e7\u00e3o.\",\"publisher\":{\"@id\":\"https:\\\/\\\/www.cidademarketing.com.br\\\/marketing\\\/#organization\"},\"alternateName\":\"CidadeMarketing\",\"potentialAction\":[{\"@type\":\"SearchAction\",\"target\":{\"@type\":\"EntryPoint\",\"urlTemplate\":\"https:\\\/\\\/www.cidademarketing.com.br\\\/marketing\\\/?s={search_term_string}\"},\"query-input\":{\"@type\":\"PropertyValueSpecification\",\"valueRequired\":true,\"valueName\":\"search_term_string\"}}],\"inLanguage\":\"pt-BR\"},{\"@type\":\"Organization\",\"@id\":\"https:\\\/\\\/www.cidademarketing.com.br\\\/marketing\\\/#organization\",\"name\":\"CidadeMarketing\",\"alternateName\":\"CidadeMarketing\",\"url\":\"https:\\\/\\\/www.cidademarketing.com.br\\\/marketing\\\/\",\"logo\":{\"@type\":\"ImageObject\",\"inLanguage\":\"pt-BR\",\"@id\":\"https:\\\/\\\/www.cidademarketing.com.br\\\/marketing\\\/#\\\/schema\\\/logo\\\/image\\\/\",\"url\":\"https:\\\/\\\/www.cidademarketing.com.br\\\/marketing\\\/wp-content\\\/uploads\\\/2020\\\/01\\\/cidademarketing_marca_mobile.png\",\"contentUrl\":\"https:\\\/\\\/www.cidademarketing.com.br\\\/marketing\\\/wp-content\\\/uploads\\\/2020\\\/01\\\/cidademarketing_marca_mobile.png\",\"width\":230,\"height\":92,\"caption\":\"CidadeMarketing\"},\"image\":{\"@id\":\"https:\\\/\\\/www.cidademarketing.com.br\\\/marketing\\\/#\\\/schema\\\/logo\\\/image\\\/\"},\"sameAs\":[\"https:\\\/\\\/www.facebook.com\\\/portalcidademarketing\",\"https:\\\/\\\/x.com\\\/CidadeMarketing\",\"https:\\\/\\\/www.instagram.com\\\/cidademarketing\\\/\"]},{\"@type\":\"Person\",\"@id\":\"https:\\\/\\\/www.cidademarketing.com.br\\\/marketing\\\/#\\\/schema\\\/person\\\/02daff9f18bd9378c9e01eb6b2db155f\",\"name\":\"Thales Brand\u00e3o\",\"image\":{\"@type\":\"ImageObject\",\"inLanguage\":\"pt-BR\",\"@id\":\"https:\\\/\\\/secure.gravatar.com\\\/avatar\\\/7ca3206950207cc3cb48feec56a8a7898741ab725c368d99d5d7a5a50aab80c6?s=96&d=mm&r=g\",\"url\":\"https:\\\/\\\/secure.gravatar.com\\\/avatar\\\/7ca3206950207cc3cb48feec56a8a7898741ab725c368d99d5d7a5a50aab80c6?s=96&d=mm&r=g\",\"contentUrl\":\"https:\\\/\\\/secure.gravatar.com\\\/avatar\\\/7ca3206950207cc3cb48feec56a8a7898741ab725c368d99d5d7a5a50aab80c6?s=96&d=mm&r=g\",\"caption\":\"Thales Brand\u00e3o\"},\"description\":\"Editor Executivo do Portal CidadeMarketing.com.br &gt; Mestre em Comunica\u00e7\u00e3o e Sociedade pela Universidade Federal de Sergipe. Possui MBA Executivo em Administra\u00e7\u00e3o com \u00eanfase em Marketing pela Funda\u00e7\u00e3o Get\u00falio Vargas - Rio de Janeiro. Consultor, Palestrante e Pesquisador sobre Empreendedorismo, Marketing, Redes Sociais e Neg\u00f3cios Digitais. Professor, Palestrante TedxTalks e Campus Party. Twitter: @ThalesBrandao\",\"sameAs\":[\"http:\\\/\\\/www.mandacaru.com.br\",\"https:\\\/\\\/www.facebook.com\\\/thalesbrandao\",\"http:\\\/\\\/www.instagram.com.br\\\/thalesbrandaoferreira\",\"https:\\\/\\\/www.linkedin.com\\\/in\\\/thales-brand\u00e3o-3948609\\\/\",\"https:\\\/\\\/x.com\\\/http:\\\/\\\/www.twitter.com\\\/thalesbrandao\"],\"url\":\"https:\\\/\\\/www.cidademarketing.com.br\\\/marketing\\\/author\\\/thalesbrandao\\\/\"}]}<\/script>\n<!-- \/ Yoast SEO plugin. -->","yoast_head_json":{"title":"Famosos curtem lounge KITKAT\u00ae na primeira noite do Rock in Rio - CidadeMarketing","robots":{"index":"index","follow":"follow","max-snippet":"max-snippet:-1","max-image-preview":"max-image-preview:large","max-video-preview":"max-video-preview:-1"},"canonical":"https:\/\/www.cidademarketing.com.br\/marketing\/2022\/09\/03\/famosos-curtem-lounge-kitkat-na-primeira-noite-do-rock-in-rio\/","og_locale":"pt_BR","og_type":"article","og_title":"Famosos curtem lounge KITKAT\u00ae na primeira noite do Rock in Rio - CidadeMarketing","og_description":"A edi\u00e7\u00e3o 2022 do Rock in Rio come\u00e7ou na \u00faltima sexta-feira (2) e quem curtiu a agita\u00e7\u00e3o do festival foram diversos artistas e influenciadores que passaram pelo ponto de encontro no Jockey e no lounge da marca KITKAT\u00ae e celebraram os shows dos headliners da noite: Iron Maiden, Dream Theater e Sepultura. A noite de [&hellip;]","og_url":"https:\/\/www.cidademarketing.com.br\/marketing\/2022\/09\/03\/famosos-curtem-lounge-kitkat-na-primeira-noite-do-rock-in-rio\/","og_site_name":"CidadeMarketing","article_publisher":"https:\/\/www.facebook.com\/portalcidademarketing","article_author":"https:\/\/www.facebook.com\/thalesbrandao","article_published_time":"2022-09-03T17:53:23+00:00","og_image":[{"width":1200,"height":1799,"url":"https:\/\/www.cidademarketing.com.br\/marketing\/wp-content\/uploads\/2022\/09\/Thais-Braz-3_kitkat-rock-in-rio-cred-victor-chapetta-agnews.jpg","type":"image\/jpeg"}],"author":"Thales Brand\u00e3o","twitter_card":"summary_large_image","twitter_creator":"@http:\/\/www.twitter.com\/thalesbrandao","twitter_site":"@CidadeMarketing","twitter_misc":{"Escrito por":"Thales Brand\u00e3o","Est. tempo de leitura":"1 minuto"},"schema":{"@context":"https:\/\/schema.org","@graph":[{"@type":"Article","@id":"https:\/\/www.cidademarketing.com.br\/marketing\/2022\/09\/03\/famosos-curtem-lounge-kitkat-na-primeira-noite-do-rock-in-rio\/#article","isPartOf":{"@id":"https:\/\/www.cidademarketing.com.br\/marketing\/2022\/09\/03\/famosos-curtem-lounge-kitkat-na-primeira-noite-do-rock-in-rio\/"},"author":{"name":"Thales Brand\u00e3o","@id":"https:\/\/www.cidademarketing.com.br\/marketing\/#\/schema\/person\/02daff9f18bd9378c9e01eb6b2db155f"},"headline":"Famosos curtem lounge KITKAT\u00ae na primeira noite do Rock in Rio","datePublished":"2022-09-03T17:53:23+00:00","mainEntityOfPage":{"@id":"https:\/\/www.cidademarketing.com.br\/marketing\/2022\/09\/03\/famosos-curtem-lounge-kitkat-na-primeira-noite-do-rock-in-rio\/"},"wordCount":215,"commentCount":0,"publisher":{"@id":"https:\/\/www.cidademarketing.com.br\/marketing\/#organization"},"image":{"@id":"https:\/\/www.cidademarketing.com.br\/marketing\/2022\/09\/03\/famosos-curtem-lounge-kitkat-na-primeira-noite-do-rock-in-rio\/#primaryimage"},"thumbnailUrl":"https:\/\/www.cidademarketing.com.br\/marketing\/wp-content\/uploads\/2022\/09\/Thais-Braz-3_kitkat-rock-in-rio-cred-victor-chapetta-agnews.jpg","keywords":["estrat\u00e9gia","experi\u00eancia","Influenciadores Digitais","KitKat","marca","marketing","Rock in Rio"],"articleSection":["Not\u00edcias"],"inLanguage":"pt-BR","potentialAction":[{"@type":"CommentAction","name":"Comment","target":["https:\/\/www.cidademarketing.com.br\/marketing\/2022\/09\/03\/famosos-curtem-lounge-kitkat-na-primeira-noite-do-rock-in-rio\/#respond"]}]},{"@type":"WebPage","@id":"https:\/\/www.cidademarketing.com.br\/marketing\/2022\/09\/03\/famosos-curtem-lounge-kitkat-na-primeira-noite-do-rock-in-rio\/","url":"https:\/\/www.cidademarketing.com.br\/marketing\/2022\/09\/03\/famosos-curtem-lounge-kitkat-na-primeira-noite-do-rock-in-rio\/","name":"Famosos curtem lounge KITKAT\u00ae na primeira noite do Rock in Rio - CidadeMarketing","isPartOf":{"@id":"https:\/\/www.cidademarketing.com.br\/marketing\/#website"},"primaryImageOfPage":{"@id":"https:\/\/www.cidademarketing.com.br\/marketing\/2022\/09\/03\/famosos-curtem-lounge-kitkat-na-primeira-noite-do-rock-in-rio\/#primaryimage"},"image":{"@id":"https:\/\/www.cidademarketing.com.br\/marketing\/2022\/09\/03\/famosos-curtem-lounge-kitkat-na-primeira-noite-do-rock-in-rio\/#primaryimage"},"thumbnailUrl":"https:\/\/www.cidademarketing.com.br\/marketing\/wp-content\/uploads\/2022\/09\/Thais-Braz-3_kitkat-rock-in-rio-cred-victor-chapetta-agnews.jpg","datePublished":"2022-09-03T17:53:23+00:00","breadcrumb":{"@id":"https:\/\/www.cidademarketing.com.br\/marketing\/2022\/09\/03\/famosos-curtem-lounge-kitkat-na-primeira-noite-do-rock-in-rio\/#breadcrumb"},"inLanguage":"pt-BR","potentialAction":[{"@type":"ReadAction","target":["https:\/\/www.cidademarketing.com.br\/marketing\/2022\/09\/03\/famosos-curtem-lounge-kitkat-na-primeira-noite-do-rock-in-rio\/"]}]},{"@type":"ImageObject","inLanguage":"pt-BR","@id":"https:\/\/www.cidademarketing.com.br\/marketing\/2022\/09\/03\/famosos-curtem-lounge-kitkat-na-primeira-noite-do-rock-in-rio\/#primaryimage","url":"https:\/\/www.cidademarketing.com.br\/marketing\/wp-content\/uploads\/2022\/09\/Thais-Braz-3_kitkat-rock-in-rio-cred-victor-chapetta-agnews.jpg","contentUrl":"https:\/\/www.cidademarketing.com.br\/marketing\/wp-content\/uploads\/2022\/09\/Thais-Braz-3_kitkat-rock-in-rio-cred-victor-chapetta-agnews.jpg","width":1200,"height":1799,"caption":"Tha\u00eds Braz no lounge KitKat. Foto: Victor Chapetta\/Agnews"},{"@type":"BreadcrumbList","@id":"https:\/\/www.cidademarketing.com.br\/marketing\/2022\/09\/03\/famosos-curtem-lounge-kitkat-na-primeira-noite-do-rock-in-rio\/#breadcrumb","itemListElement":[{"@type":"ListItem","position":1,"name":"In\u00edcio","item":"https:\/\/www.cidademarketing.com.br\/marketing\/"},{"@type":"ListItem","position":2,"name":"Famosos curtem lounge KITKAT\u00ae na primeira noite do Rock in Rio"}]},{"@type":"WebSite","@id":"https:\/\/www.cidademarketing.com.br\/marketing\/#website","url":"https:\/\/www.cidademarketing.com.br\/marketing\/","name":"CidadeMarketing","description":"Somos um ve\u00edculo de comunica\u00e7\u00e3o de destaque no Brasil, reconhecido por conte\u00fados nos segmentos de marketing, empreendedorismo e inova\u00e7\u00e3o.","publisher":{"@id":"https:\/\/www.cidademarketing.com.br\/marketing\/#organization"},"alternateName":"CidadeMarketing","potentialAction":[{"@type":"SearchAction","target":{"@type":"EntryPoint","urlTemplate":"https:\/\/www.cidademarketing.com.br\/marketing\/?s={search_term_string}"},"query-input":{"@type":"PropertyValueSpecification","valueRequired":true,"valueName":"search_term_string"}}],"inLanguage":"pt-BR"},{"@type":"Organization","@id":"https:\/\/www.cidademarketing.com.br\/marketing\/#organization","name":"CidadeMarketing","alternateName":"CidadeMarketing","url":"https:\/\/www.cidademarketing.com.br\/marketing\/","logo":{"@type":"ImageObject","inLanguage":"pt-BR","@id":"https:\/\/www.cidademarketing.com.br\/marketing\/#\/schema\/logo\/image\/","url":"https:\/\/www.cidademarketing.com.br\/marketing\/wp-content\/uploads\/2020\/01\/cidademarketing_marca_mobile.png","contentUrl":"https:\/\/www.cidademarketing.com.br\/marketing\/wp-content\/uploads\/2020\/01\/cidademarketing_marca_mobile.png","width":230,"height":92,"caption":"CidadeMarketing"},"image":{"@id":"https:\/\/www.cidademarketing.com.br\/marketing\/#\/schema\/logo\/image\/"},"sameAs":["https:\/\/www.facebook.com\/portalcidademarketing","https:\/\/x.com\/CidadeMarketing","https:\/\/www.instagram.com\/cidademarketing\/"]},{"@type":"Person","@id":"https:\/\/www.cidademarketing.com.br\/marketing\/#\/schema\/person\/02daff9f18bd9378c9e01eb6b2db155f","name":"Thales Brand\u00e3o","image":{"@type":"ImageObject","inLanguage":"pt-BR","@id":"https:\/\/secure.gravatar.com\/avatar\/7ca3206950207cc3cb48feec56a8a7898741ab725c368d99d5d7a5a50aab80c6?s=96&d=mm&r=g","url":"https:\/\/secure.gravatar.com\/avatar\/7ca3206950207cc3cb48feec56a8a7898741ab725c368d99d5d7a5a50aab80c6?s=96&d=mm&r=g","contentUrl":"https:\/\/secure.gravatar.com\/avatar\/7ca3206950207cc3cb48feec56a8a7898741ab725c368d99d5d7a5a50aab80c6?s=96&d=mm&r=g","caption":"Thales Brand\u00e3o"},"description":"Editor Executivo do Portal CidadeMarketing.com.br &gt; Mestre em Comunica\u00e7\u00e3o e Sociedade pela Universidade Federal de Sergipe. Possui MBA Executivo em Administra\u00e7\u00e3o com \u00eanfase em Marketing pela Funda\u00e7\u00e3o Get\u00falio Vargas - Rio de Janeiro. Consultor, Palestrante e Pesquisador sobre Empreendedorismo, Marketing, Redes Sociais e Neg\u00f3cios Digitais. Professor, Palestrante TedxTalks e Campus Party. Twitter: @ThalesBrandao","sameAs":["http:\/\/www.mandacaru.com.br","https:\/\/www.facebook.com\/thalesbrandao","http:\/\/www.instagram.com.br\/thalesbrandaoferreira","https:\/\/www.linkedin.com\/in\/thales-brand\u00e3o-3948609\/","https:\/\/x.com\/http:\/\/www.twitter.com\/thalesbrandao"],"url":"https:\/\/www.cidademarketing.com.br\/marketing\/author\/thalesbrandao\/"}]}},"amp_enabled":true,"_links":{"self":[{"href":"https:\/\/www.cidademarketing.com.br\/marketing\/wp-json\/wp\/v2\/posts\/37862","targetHints":{"allow":["GET"]}}],"collection":[{"href":"https:\/\/www.cidademarketing.com.br\/marketing\/wp-json\/wp\/v2\/posts"}],"about":[{"href":"https:\/\/www.cidademarketing.com.br\/marketing\/wp-json\/wp\/v2\/types\/post"}],"author":[{"embeddable":true,"href":"https:\/\/www.cidademarketing.com.br\/marketing\/wp-json\/wp\/v2\/users\/1"}],"replies":[{"embeddable":true,"href":"https:\/\/www.cidademarketing.com.br\/marketing\/wp-json\/wp\/v2\/comments?post=37862"}],"version-history":[{"count":1,"href":"https:\/\/www.cidademarketing.com.br\/marketing\/wp-json\/wp\/v2\/posts\/37862\/revisions"}],"predecessor-version":[{"id":37873,"href":"https:\/\/www.cidademarketing.com.br\/marketing\/wp-json\/wp\/v2\/posts\/37862\/revisions\/37873"}],"wp:featuredmedia":[{"embeddable":true,"href":"https:\/\/www.cidademarketing.com.br\/marketing\/wp-json\/wp\/v2\/media\/37872"}],"wp:attachment":[{"href":"https:\/\/www.cidademarketing.com.br\/marketing\/wp-json\/wp\/v2\/media?parent=37862"}],"wp:term":[{"taxonomy":"category","embeddable":true,"href":"https:\/\/www.cidademarketing.com.br\/marketing\/wp-json\/wp\/v2\/categories?post=37862"},{"taxonomy":"post_tag","embeddable":true,"href":"https:\/\/www.cidademarketing.com.br\/marketing\/wp-json\/wp\/v2\/tags?post=37862"}],"curies":[{"name":"wp","href":"https:\/\/api.w.org\/{rel}","templated":true}]}}