{"id":37781,"date":"2022-08-31T11:15:53","date_gmt":"2022-08-31T14:15:53","guid":{"rendered":"https:\/\/www.cidademarketing.com.br\/marketing\/?p=37781"},"modified":"2022-08-31T11:15:53","modified_gmt":"2022-08-31T14:15:53","slug":"bmw-motorrad-international-gs-trophy-2022-tem-quinteto-brasileiro-na-albania-em-setembro","status":"publish","type":"post","link":"https:\/\/www.cidademarketing.com.br\/marketing\/2022\/08\/31\/bmw-motorrad-international-gs-trophy-2022-tem-quinteto-brasileiro-na-albania-em-setembro\/","title":{"rendered":"BMW Motorrad International GS Trophy 2022 tem quinteto brasileiro na Alb\u00e2nia, em setembro"},"content":{"rendered":"<p><iframe style=\"border-radius: 12px;\" src=\"https:\/\/open.spotify.com\/embed\/show\/4khMKzP3FgFRWVwb73xicc?utm_source=generator&amp;t=0\" width=\"100%\" height=\"232\" frameborder=\"0\" allowfullscreen=\"allowfullscreen\"><\/iframe><br \/>\nFaltam poucos dias para o in\u00edcio do BMW Motorrad International GS Trophy 2022 na Alb\u00e2nia. O evento, que acontecer\u00e1 entre os dias 4 e 10 de setembro, contar\u00e1 com 57 finalistas divididos entre 21 equipes internacionais. A equipe que representar\u00e1 o Brasil na 8\u00aa edi\u00e7\u00e3o do campeonato \u00e9 composta por duas mulheres e tr\u00eas homens. Eles come\u00e7ar\u00e3o sua jornada para a Alb\u00e2nia e ter\u00e3o experi\u00eancias \u00fanicas em um dos \u00faltimos para\u00edsos off-road praticamente intocados da Europa.<\/p>\n<p>A BMW Motorrad far\u00e1 uma cobertura multim\u00eddia do evento. Os f\u00e3s da GS de todo o mundo poder\u00e3o experimentar o GS Trophy 2022 todos os dias com reportagens, fotos e videoclipes por meio do <a href=\"https:\/\/www.bmw-motorrad.com\/en\/experience\/stories\/adventure\/gs-trophy-2022.html\" target=\"_blank\" rel=\"noopener\">site<\/a> da competi\u00e7\u00e3o e das redes sociais da BMW Motorrad (Facebook, Instagram, YouTube, Twitter, LinkedIn e TikTok) e at\u00e9 participar da vota\u00e7\u00e3o de fotos e v\u00eddeos, em que as pr\u00f3prias equipes ir\u00e3o capturar os momentos mais emocionantes de sua aventura durante os dois dias do campeonato. O tema da competi\u00e7\u00e3o \u00e9 totalmente aberto: pode ser uma foto de a\u00e7\u00e3o de companheiros de equipe, uma paisagem espetacular ou at\u00e9 um aspecto \u00fanico da vida local.<\/p>\n<p>Ao final dos dois dias, cada equipe enviar\u00e1 seu melhor material, que ser\u00e1 postado no site do GS Trophy, onde tamb\u00e9m dever\u00e1 ser realizada a vota\u00e7\u00e3o, que poder\u00e1 ser feita apenas uma vez por dia. A vota\u00e7\u00e3o para a escolha do v\u00eddeo acontece no dia 6 de setembro, das 7h00 \u00e0s 18h59, hor\u00e1rio de Bras\u00edlia, e a vota\u00e7\u00e3o para o concurso de fotos acontece no dia 8 de setembro, das 7h00 \u00e0s 18h59, hor\u00e1rio de Bras\u00edlia. Com os resultados, as equipes receber\u00e3o pontos que contar\u00e3o para a pontua\u00e7\u00e3o geral da competi\u00e7\u00e3o.<\/p>\n<p>Sobre o GS Trophy internacional<br \/>\nO International GS Trophy \u00e9 um evento que celebra o \u201cesp\u00edrito\u201d dos lend\u00e1rios modelos BMW GS. Ele oferece tudo aquilo para qual o modelo GS foi criado: divers\u00e3o, aventura e desafios. O Southeast Europe Event 2022, que ser\u00e1 realizado na Alb\u00e2nia, \u00e9 a oitava edi\u00e7\u00e3o do International GS Trophy. As edi\u00e7\u00f5es anteriores aconteceram em 2020 na Oceania (Nova Zel\u00e2ndia), em 2018 na \u00c1sia Central (Mong\u00f3lia), em 2016 no Sudeste Asi\u00e1tico (Tail\u00e2ndia), em 2014 na Am\u00e9rica do Norte (Canad\u00e1), em 2012 na Am\u00e9rica do Sul (Chile, Argentina), em 2010 na \u00c1frica do Sul (\u00c1frica do Sul, Suazil\u00e2ndia, Mo\u00e7ambique) e em 2008 na \u00c1frica do Norte (Tun\u00edsia).<\/p>\n<p>Na edi\u00e7\u00e3o de 2022, 22 equipes competem com 60 pilotos de todo o mundo. Estes s\u00e3o acompanhados por GS Trophy Marshals, representantes da m\u00eddia, m\u00e9dicos, patrocinadores, bem como por uma equipe de fotografia e filmagem.<\/p>\n<p>O International GS Trophy n\u00e3o \u00e9 uma corrida, mas uma competi\u00e7\u00e3o de equipes na qual uma sele\u00e7\u00e3o internacional de entusiastas off-road competem juntos em v\u00e1rias etapas especiais. O evento n\u00e3o se limita apenas a provas de pilotagem, tamb\u00e9m inclui conhecimento e trabalho em equipe. Como os competidores passam muito tempo juntos, essa aventura promove ainda um sentimento de uni\u00e3o e parceria. N\u00e3o \u00e9 raro surgirem amizades que duram a vida toda. Desta forma, o GS Trophy conecta pessoas, culturas e motociclistas de todo o mundo \u2014 assim como fazem as motos BMW GS.<\/p>\n<p>Com base na experi\u00eancia em eventos anteriores do GS Trophy, a equipe de maior sucesso ser\u00e1 aquela que melhor se preparar, tiver o melhor trabalho em equipe e pilotar com mais habilidade, enquanto todos se divertem muito e aproveitam o grande sentimento de camaradagem internacional.<\/p>\n<p><iframe style=\"width: 100%; max-width: 660px; overflow: hidden; background: transparent;\" src=\"https:\/\/embed.podcasts.apple.com\/br\/podcast\/podcast-cidademarketing\/id1371923283\" height=\"450\" frameborder=\"0\" sandbox=\"allow-forms allow-popups allow-same-origin allow-scripts allow-storage-access-by-user-activation allow-top-navigation-by-user-activation\"><\/iframe><\/p>\n","protected":false},"excerpt":{"rendered":"<p>Faltam poucos dias para o in\u00edcio do BMW Motorrad International GS Trophy 2022 na Alb\u00e2nia. O evento, que acontecer\u00e1 entre os dias 4 e 10 de setembro, contar\u00e1 com 57 finalistas divididos entre 21 equipes internacionais. A equipe que representar\u00e1 o Brasil na 8\u00aa edi\u00e7\u00e3o do campeonato \u00e9 composta por duas mulheres e tr\u00eas homens. [&hellip;]<\/p>\n","protected":false},"author":1,"featured_media":37782,"comment_status":"open","ping_status":"open","sticky":false,"template":"","format":"standard","meta":{"tdm_status":"","tdm_grid_status":"","footnotes":""},"categories":[6],"tags":[363,5475,786,33,293,28,185],"class_list":["post-37781","post","type-post","status-publish","format-standard","has-post-thumbnail","hentry","category-noticias","tag-bmw","tag-bmw-motorrad","tag-esporte","tag-estrategia","tag-inovacao","tag-marketing","tag-tecnologia"],"yoast_head":"<!-- This site is optimized with the Yoast SEO plugin v27.4 - https:\/\/yoast.com\/product\/yoast-seo-wordpress\/ -->\n<title>BMW Motorrad International GS Trophy 2022 tem quinteto brasileiro na Alb\u00e2nia, em setembro - CidadeMarketing<\/title>\n<meta name=\"robots\" content=\"index, follow, max-snippet:-1, max-image-preview:large, max-video-preview:-1\" \/>\n<link rel=\"canonical\" href=\"https:\/\/www.cidademarketing.com.br\/marketing\/2022\/08\/31\/bmw-motorrad-international-gs-trophy-2022-tem-quinteto-brasileiro-na-albania-em-setembro\/\" \/>\n<meta property=\"og:locale\" content=\"pt_BR\" \/>\n<meta property=\"og:type\" content=\"article\" \/>\n<meta property=\"og:title\" content=\"BMW Motorrad International GS Trophy 2022 tem quinteto brasileiro na Alb\u00e2nia, em setembro - CidadeMarketing\" \/>\n<meta property=\"og:description\" content=\"Faltam poucos dias para o in\u00edcio do BMW Motorrad International GS Trophy 2022 na Alb\u00e2nia. O evento, que acontecer\u00e1 entre os dias 4 e 10 de setembro, contar\u00e1 com 57 finalistas divididos entre 21 equipes internacionais. A equipe que representar\u00e1 o Brasil na 8\u00aa edi\u00e7\u00e3o do campeonato \u00e9 composta por duas mulheres e tr\u00eas homens. [&hellip;]\" \/>\n<meta property=\"og:url\" content=\"https:\/\/www.cidademarketing.com.br\/marketing\/2022\/08\/31\/bmw-motorrad-international-gs-trophy-2022-tem-quinteto-brasileiro-na-albania-em-setembro\/\" \/>\n<meta property=\"og:site_name\" content=\"CidadeMarketing\" \/>\n<meta property=\"article:publisher\" content=\"https:\/\/www.facebook.com\/portalcidademarketing\" \/>\n<meta property=\"article:author\" content=\"https:\/\/www.facebook.com\/thalesbrandao\" \/>\n<meta property=\"article:published_time\" content=\"2022-08-31T14:15:53+00:00\" \/>\n<meta property=\"og:image\" content=\"https:\/\/www.cidademarketing.com.br\/marketing\/wp-content\/uploads\/2022\/08\/bmw_motorrad_.jpg\" \/>\n\t<meta property=\"og:image:width\" content=\"800\" \/>\n\t<meta property=\"og:image:height\" content=\"533\" \/>\n\t<meta property=\"og:image:type\" content=\"image\/jpeg\" \/>\n<meta name=\"author\" content=\"Thales Brand\u00e3o\" \/>\n<meta name=\"twitter:card\" content=\"summary_large_image\" \/>\n<meta name=\"twitter:creator\" content=\"@http:\/\/www.twitter.com\/thalesbrandao\" \/>\n<meta name=\"twitter:site\" content=\"@CidadeMarketing\" \/>\n<meta name=\"twitter:label1\" content=\"Escrito por\" \/>\n\t<meta name=\"twitter:data1\" content=\"Thales Brand\u00e3o\" \/>\n\t<meta name=\"twitter:label2\" content=\"Est. tempo de leitura\" \/>\n\t<meta name=\"twitter:data2\" content=\"3 minutos\" \/>\n<script type=\"application\/ld+json\" class=\"yoast-schema-graph\">{\"@context\":\"https:\\\/\\\/schema.org\",\"@graph\":[{\"@type\":\"Article\",\"@id\":\"https:\\\/\\\/www.cidademarketing.com.br\\\/marketing\\\/2022\\\/08\\\/31\\\/bmw-motorrad-international-gs-trophy-2022-tem-quinteto-brasileiro-na-albania-em-setembro\\\/#article\",\"isPartOf\":{\"@id\":\"https:\\\/\\\/www.cidademarketing.com.br\\\/marketing\\\/2022\\\/08\\\/31\\\/bmw-motorrad-international-gs-trophy-2022-tem-quinteto-brasileiro-na-albania-em-setembro\\\/\"},\"author\":{\"name\":\"Thales Brand\u00e3o\",\"@id\":\"https:\\\/\\\/www.cidademarketing.com.br\\\/marketing\\\/#\\\/schema\\\/person\\\/02daff9f18bd9378c9e01eb6b2db155f\"},\"headline\":\"BMW Motorrad International GS Trophy 2022 tem quinteto brasileiro na Alb\u00e2nia, em setembro\",\"datePublished\":\"2022-08-31T14:15:53+00:00\",\"mainEntityOfPage\":{\"@id\":\"https:\\\/\\\/www.cidademarketing.com.br\\\/marketing\\\/2022\\\/08\\\/31\\\/bmw-motorrad-international-gs-trophy-2022-tem-quinteto-brasileiro-na-albania-em-setembro\\\/\"},\"wordCount\":605,\"commentCount\":0,\"publisher\":{\"@id\":\"https:\\\/\\\/www.cidademarketing.com.br\\\/marketing\\\/#organization\"},\"image\":{\"@id\":\"https:\\\/\\\/www.cidademarketing.com.br\\\/marketing\\\/2022\\\/08\\\/31\\\/bmw-motorrad-international-gs-trophy-2022-tem-quinteto-brasileiro-na-albania-em-setembro\\\/#primaryimage\"},\"thumbnailUrl\":\"https:\\\/\\\/www.cidademarketing.com.br\\\/marketing\\\/wp-content\\\/uploads\\\/2022\\\/08\\\/bmw_motorrad_.jpg\",\"keywords\":[\"BMW\",\"BMW Motorrad\",\"esporte\",\"estrat\u00e9gia\",\"inova\u00e7\u00e3o\",\"marketing\",\"tecnologia\"],\"articleSection\":[\"Not\u00edcias\"],\"inLanguage\":\"pt-BR\",\"potentialAction\":[{\"@type\":\"CommentAction\",\"name\":\"Comment\",\"target\":[\"https:\\\/\\\/www.cidademarketing.com.br\\\/marketing\\\/2022\\\/08\\\/31\\\/bmw-motorrad-international-gs-trophy-2022-tem-quinteto-brasileiro-na-albania-em-setembro\\\/#respond\"]}]},{\"@type\":\"WebPage\",\"@id\":\"https:\\\/\\\/www.cidademarketing.com.br\\\/marketing\\\/2022\\\/08\\\/31\\\/bmw-motorrad-international-gs-trophy-2022-tem-quinteto-brasileiro-na-albania-em-setembro\\\/\",\"url\":\"https:\\\/\\\/www.cidademarketing.com.br\\\/marketing\\\/2022\\\/08\\\/31\\\/bmw-motorrad-international-gs-trophy-2022-tem-quinteto-brasileiro-na-albania-em-setembro\\\/\",\"name\":\"BMW Motorrad International GS Trophy 2022 tem quinteto brasileiro na Alb\u00e2nia, em setembro - CidadeMarketing\",\"isPartOf\":{\"@id\":\"https:\\\/\\\/www.cidademarketing.com.br\\\/marketing\\\/#website\"},\"primaryImageOfPage\":{\"@id\":\"https:\\\/\\\/www.cidademarketing.com.br\\\/marketing\\\/2022\\\/08\\\/31\\\/bmw-motorrad-international-gs-trophy-2022-tem-quinteto-brasileiro-na-albania-em-setembro\\\/#primaryimage\"},\"image\":{\"@id\":\"https:\\\/\\\/www.cidademarketing.com.br\\\/marketing\\\/2022\\\/08\\\/31\\\/bmw-motorrad-international-gs-trophy-2022-tem-quinteto-brasileiro-na-albania-em-setembro\\\/#primaryimage\"},\"thumbnailUrl\":\"https:\\\/\\\/www.cidademarketing.com.br\\\/marketing\\\/wp-content\\\/uploads\\\/2022\\\/08\\\/bmw_motorrad_.jpg\",\"datePublished\":\"2022-08-31T14:15:53+00:00\",\"breadcrumb\":{\"@id\":\"https:\\\/\\\/www.cidademarketing.com.br\\\/marketing\\\/2022\\\/08\\\/31\\\/bmw-motorrad-international-gs-trophy-2022-tem-quinteto-brasileiro-na-albania-em-setembro\\\/#breadcrumb\"},\"inLanguage\":\"pt-BR\",\"potentialAction\":[{\"@type\":\"ReadAction\",\"target\":[\"https:\\\/\\\/www.cidademarketing.com.br\\\/marketing\\\/2022\\\/08\\\/31\\\/bmw-motorrad-international-gs-trophy-2022-tem-quinteto-brasileiro-na-albania-em-setembro\\\/\"]}]},{\"@type\":\"ImageObject\",\"inLanguage\":\"pt-BR\",\"@id\":\"https:\\\/\\\/www.cidademarketing.com.br\\\/marketing\\\/2022\\\/08\\\/31\\\/bmw-motorrad-international-gs-trophy-2022-tem-quinteto-brasileiro-na-albania-em-setembro\\\/#primaryimage\",\"url\":\"https:\\\/\\\/www.cidademarketing.com.br\\\/marketing\\\/wp-content\\\/uploads\\\/2022\\\/08\\\/bmw_motorrad_.jpg\",\"contentUrl\":\"https:\\\/\\\/www.cidademarketing.com.br\\\/marketing\\\/wp-content\\\/uploads\\\/2022\\\/08\\\/bmw_motorrad_.jpg\",\"width\":800,\"height\":533,\"caption\":\"Divulga\u00e7\u00e3o\"},{\"@type\":\"BreadcrumbList\",\"@id\":\"https:\\\/\\\/www.cidademarketing.com.br\\\/marketing\\\/2022\\\/08\\\/31\\\/bmw-motorrad-international-gs-trophy-2022-tem-quinteto-brasileiro-na-albania-em-setembro\\\/#breadcrumb\",\"itemListElement\":[{\"@type\":\"ListItem\",\"position\":1,\"name\":\"In\u00edcio\",\"item\":\"https:\\\/\\\/www.cidademarketing.com.br\\\/marketing\\\/\"},{\"@type\":\"ListItem\",\"position\":2,\"name\":\"BMW Motorrad International GS Trophy 2022 tem quinteto brasileiro na Alb\u00e2nia, em setembro\"}]},{\"@type\":\"WebSite\",\"@id\":\"https:\\\/\\\/www.cidademarketing.com.br\\\/marketing\\\/#website\",\"url\":\"https:\\\/\\\/www.cidademarketing.com.br\\\/marketing\\\/\",\"name\":\"CidadeMarketing\",\"description\":\"Somos um ve\u00edculo de comunica\u00e7\u00e3o de destaque no Brasil, reconhecido por conte\u00fados nos segmentos de marketing, empreendedorismo e inova\u00e7\u00e3o.\",\"publisher\":{\"@id\":\"https:\\\/\\\/www.cidademarketing.com.br\\\/marketing\\\/#organization\"},\"alternateName\":\"CidadeMarketing\",\"potentialAction\":[{\"@type\":\"SearchAction\",\"target\":{\"@type\":\"EntryPoint\",\"urlTemplate\":\"https:\\\/\\\/www.cidademarketing.com.br\\\/marketing\\\/?s={search_term_string}\"},\"query-input\":{\"@type\":\"PropertyValueSpecification\",\"valueRequired\":true,\"valueName\":\"search_term_string\"}}],\"inLanguage\":\"pt-BR\"},{\"@type\":\"Organization\",\"@id\":\"https:\\\/\\\/www.cidademarketing.com.br\\\/marketing\\\/#organization\",\"name\":\"CidadeMarketing\",\"alternateName\":\"CidadeMarketing\",\"url\":\"https:\\\/\\\/www.cidademarketing.com.br\\\/marketing\\\/\",\"logo\":{\"@type\":\"ImageObject\",\"inLanguage\":\"pt-BR\",\"@id\":\"https:\\\/\\\/www.cidademarketing.com.br\\\/marketing\\\/#\\\/schema\\\/logo\\\/image\\\/\",\"url\":\"https:\\\/\\\/www.cidademarketing.com.br\\\/marketing\\\/wp-content\\\/uploads\\\/2020\\\/01\\\/cidademarketing_marca_mobile.png\",\"contentUrl\":\"https:\\\/\\\/www.cidademarketing.com.br\\\/marketing\\\/wp-content\\\/uploads\\\/2020\\\/01\\\/cidademarketing_marca_mobile.png\",\"width\":230,\"height\":92,\"caption\":\"CidadeMarketing\"},\"image\":{\"@id\":\"https:\\\/\\\/www.cidademarketing.com.br\\\/marketing\\\/#\\\/schema\\\/logo\\\/image\\\/\"},\"sameAs\":[\"https:\\\/\\\/www.facebook.com\\\/portalcidademarketing\",\"https:\\\/\\\/x.com\\\/CidadeMarketing\",\"https:\\\/\\\/www.instagram.com\\\/cidademarketing\\\/\"]},{\"@type\":\"Person\",\"@id\":\"https:\\\/\\\/www.cidademarketing.com.br\\\/marketing\\\/#\\\/schema\\\/person\\\/02daff9f18bd9378c9e01eb6b2db155f\",\"name\":\"Thales Brand\u00e3o\",\"image\":{\"@type\":\"ImageObject\",\"inLanguage\":\"pt-BR\",\"@id\":\"https:\\\/\\\/secure.gravatar.com\\\/avatar\\\/7ca3206950207cc3cb48feec56a8a7898741ab725c368d99d5d7a5a50aab80c6?s=96&d=mm&r=g\",\"url\":\"https:\\\/\\\/secure.gravatar.com\\\/avatar\\\/7ca3206950207cc3cb48feec56a8a7898741ab725c368d99d5d7a5a50aab80c6?s=96&d=mm&r=g\",\"contentUrl\":\"https:\\\/\\\/secure.gravatar.com\\\/avatar\\\/7ca3206950207cc3cb48feec56a8a7898741ab725c368d99d5d7a5a50aab80c6?s=96&d=mm&r=g\",\"caption\":\"Thales Brand\u00e3o\"},\"description\":\"Editor Executivo do Portal CidadeMarketing.com.br &gt; Mestre em Comunica\u00e7\u00e3o e Sociedade pela Universidade Federal de Sergipe. Possui MBA Executivo em Administra\u00e7\u00e3o com \u00eanfase em Marketing pela Funda\u00e7\u00e3o Get\u00falio Vargas - Rio de Janeiro. Consultor, Palestrante e Pesquisador sobre Empreendedorismo, Marketing, Redes Sociais e Neg\u00f3cios Digitais. Professor, Palestrante TedxTalks e Campus Party. Twitter: @ThalesBrandao\",\"sameAs\":[\"http:\\\/\\\/www.mandacaru.com.br\",\"https:\\\/\\\/www.facebook.com\\\/thalesbrandao\",\"http:\\\/\\\/www.instagram.com.br\\\/thalesbrandaoferreira\",\"https:\\\/\\\/www.linkedin.com\\\/in\\\/thales-brand\u00e3o-3948609\\\/\",\"https:\\\/\\\/x.com\\\/http:\\\/\\\/www.twitter.com\\\/thalesbrandao\"],\"url\":\"https:\\\/\\\/www.cidademarketing.com.br\\\/marketing\\\/author\\\/thalesbrandao\\\/\"}]}<\/script>\n<!-- \/ Yoast SEO plugin. -->","yoast_head_json":{"title":"BMW Motorrad International GS Trophy 2022 tem quinteto brasileiro na Alb\u00e2nia, em setembro - CidadeMarketing","robots":{"index":"index","follow":"follow","max-snippet":"max-snippet:-1","max-image-preview":"max-image-preview:large","max-video-preview":"max-video-preview:-1"},"canonical":"https:\/\/www.cidademarketing.com.br\/marketing\/2022\/08\/31\/bmw-motorrad-international-gs-trophy-2022-tem-quinteto-brasileiro-na-albania-em-setembro\/","og_locale":"pt_BR","og_type":"article","og_title":"BMW Motorrad International GS Trophy 2022 tem quinteto brasileiro na Alb\u00e2nia, em setembro - CidadeMarketing","og_description":"Faltam poucos dias para o in\u00edcio do BMW Motorrad International GS Trophy 2022 na Alb\u00e2nia. O evento, que acontecer\u00e1 entre os dias 4 e 10 de setembro, contar\u00e1 com 57 finalistas divididos entre 21 equipes internacionais. A equipe que representar\u00e1 o Brasil na 8\u00aa edi\u00e7\u00e3o do campeonato \u00e9 composta por duas mulheres e tr\u00eas homens. [&hellip;]","og_url":"https:\/\/www.cidademarketing.com.br\/marketing\/2022\/08\/31\/bmw-motorrad-international-gs-trophy-2022-tem-quinteto-brasileiro-na-albania-em-setembro\/","og_site_name":"CidadeMarketing","article_publisher":"https:\/\/www.facebook.com\/portalcidademarketing","article_author":"https:\/\/www.facebook.com\/thalesbrandao","article_published_time":"2022-08-31T14:15:53+00:00","og_image":[{"width":800,"height":533,"url":"https:\/\/www.cidademarketing.com.br\/marketing\/wp-content\/uploads\/2022\/08\/bmw_motorrad_.jpg","type":"image\/jpeg"}],"author":"Thales Brand\u00e3o","twitter_card":"summary_large_image","twitter_creator":"@http:\/\/www.twitter.com\/thalesbrandao","twitter_site":"@CidadeMarketing","twitter_misc":{"Escrito por":"Thales Brand\u00e3o","Est. tempo de leitura":"3 minutos"},"schema":{"@context":"https:\/\/schema.org","@graph":[{"@type":"Article","@id":"https:\/\/www.cidademarketing.com.br\/marketing\/2022\/08\/31\/bmw-motorrad-international-gs-trophy-2022-tem-quinteto-brasileiro-na-albania-em-setembro\/#article","isPartOf":{"@id":"https:\/\/www.cidademarketing.com.br\/marketing\/2022\/08\/31\/bmw-motorrad-international-gs-trophy-2022-tem-quinteto-brasileiro-na-albania-em-setembro\/"},"author":{"name":"Thales Brand\u00e3o","@id":"https:\/\/www.cidademarketing.com.br\/marketing\/#\/schema\/person\/02daff9f18bd9378c9e01eb6b2db155f"},"headline":"BMW Motorrad International GS Trophy 2022 tem quinteto brasileiro na Alb\u00e2nia, em setembro","datePublished":"2022-08-31T14:15:53+00:00","mainEntityOfPage":{"@id":"https:\/\/www.cidademarketing.com.br\/marketing\/2022\/08\/31\/bmw-motorrad-international-gs-trophy-2022-tem-quinteto-brasileiro-na-albania-em-setembro\/"},"wordCount":605,"commentCount":0,"publisher":{"@id":"https:\/\/www.cidademarketing.com.br\/marketing\/#organization"},"image":{"@id":"https:\/\/www.cidademarketing.com.br\/marketing\/2022\/08\/31\/bmw-motorrad-international-gs-trophy-2022-tem-quinteto-brasileiro-na-albania-em-setembro\/#primaryimage"},"thumbnailUrl":"https:\/\/www.cidademarketing.com.br\/marketing\/wp-content\/uploads\/2022\/08\/bmw_motorrad_.jpg","keywords":["BMW","BMW Motorrad","esporte","estrat\u00e9gia","inova\u00e7\u00e3o","marketing","tecnologia"],"articleSection":["Not\u00edcias"],"inLanguage":"pt-BR","potentialAction":[{"@type":"CommentAction","name":"Comment","target":["https:\/\/www.cidademarketing.com.br\/marketing\/2022\/08\/31\/bmw-motorrad-international-gs-trophy-2022-tem-quinteto-brasileiro-na-albania-em-setembro\/#respond"]}]},{"@type":"WebPage","@id":"https:\/\/www.cidademarketing.com.br\/marketing\/2022\/08\/31\/bmw-motorrad-international-gs-trophy-2022-tem-quinteto-brasileiro-na-albania-em-setembro\/","url":"https:\/\/www.cidademarketing.com.br\/marketing\/2022\/08\/31\/bmw-motorrad-international-gs-trophy-2022-tem-quinteto-brasileiro-na-albania-em-setembro\/","name":"BMW Motorrad International GS Trophy 2022 tem quinteto brasileiro na Alb\u00e2nia, em setembro - CidadeMarketing","isPartOf":{"@id":"https:\/\/www.cidademarketing.com.br\/marketing\/#website"},"primaryImageOfPage":{"@id":"https:\/\/www.cidademarketing.com.br\/marketing\/2022\/08\/31\/bmw-motorrad-international-gs-trophy-2022-tem-quinteto-brasileiro-na-albania-em-setembro\/#primaryimage"},"image":{"@id":"https:\/\/www.cidademarketing.com.br\/marketing\/2022\/08\/31\/bmw-motorrad-international-gs-trophy-2022-tem-quinteto-brasileiro-na-albania-em-setembro\/#primaryimage"},"thumbnailUrl":"https:\/\/www.cidademarketing.com.br\/marketing\/wp-content\/uploads\/2022\/08\/bmw_motorrad_.jpg","datePublished":"2022-08-31T14:15:53+00:00","breadcrumb":{"@id":"https:\/\/www.cidademarketing.com.br\/marketing\/2022\/08\/31\/bmw-motorrad-international-gs-trophy-2022-tem-quinteto-brasileiro-na-albania-em-setembro\/#breadcrumb"},"inLanguage":"pt-BR","potentialAction":[{"@type":"ReadAction","target":["https:\/\/www.cidademarketing.com.br\/marketing\/2022\/08\/31\/bmw-motorrad-international-gs-trophy-2022-tem-quinteto-brasileiro-na-albania-em-setembro\/"]}]},{"@type":"ImageObject","inLanguage":"pt-BR","@id":"https:\/\/www.cidademarketing.com.br\/marketing\/2022\/08\/31\/bmw-motorrad-international-gs-trophy-2022-tem-quinteto-brasileiro-na-albania-em-setembro\/#primaryimage","url":"https:\/\/www.cidademarketing.com.br\/marketing\/wp-content\/uploads\/2022\/08\/bmw_motorrad_.jpg","contentUrl":"https:\/\/www.cidademarketing.com.br\/marketing\/wp-content\/uploads\/2022\/08\/bmw_motorrad_.jpg","width":800,"height":533,"caption":"Divulga\u00e7\u00e3o"},{"@type":"BreadcrumbList","@id":"https:\/\/www.cidademarketing.com.br\/marketing\/2022\/08\/31\/bmw-motorrad-international-gs-trophy-2022-tem-quinteto-brasileiro-na-albania-em-setembro\/#breadcrumb","itemListElement":[{"@type":"ListItem","position":1,"name":"In\u00edcio","item":"https:\/\/www.cidademarketing.com.br\/marketing\/"},{"@type":"ListItem","position":2,"name":"BMW Motorrad International GS Trophy 2022 tem quinteto brasileiro na Alb\u00e2nia, em setembro"}]},{"@type":"WebSite","@id":"https:\/\/www.cidademarketing.com.br\/marketing\/#website","url":"https:\/\/www.cidademarketing.com.br\/marketing\/","name":"CidadeMarketing","description":"Somos um ve\u00edculo de comunica\u00e7\u00e3o de destaque no Brasil, reconhecido por conte\u00fados nos segmentos de marketing, empreendedorismo e inova\u00e7\u00e3o.","publisher":{"@id":"https:\/\/www.cidademarketing.com.br\/marketing\/#organization"},"alternateName":"CidadeMarketing","potentialAction":[{"@type":"SearchAction","target":{"@type":"EntryPoint","urlTemplate":"https:\/\/www.cidademarketing.com.br\/marketing\/?s={search_term_string}"},"query-input":{"@type":"PropertyValueSpecification","valueRequired":true,"valueName":"search_term_string"}}],"inLanguage":"pt-BR"},{"@type":"Organization","@id":"https:\/\/www.cidademarketing.com.br\/marketing\/#organization","name":"CidadeMarketing","alternateName":"CidadeMarketing","url":"https:\/\/www.cidademarketing.com.br\/marketing\/","logo":{"@type":"ImageObject","inLanguage":"pt-BR","@id":"https:\/\/www.cidademarketing.com.br\/marketing\/#\/schema\/logo\/image\/","url":"https:\/\/www.cidademarketing.com.br\/marketing\/wp-content\/uploads\/2020\/01\/cidademarketing_marca_mobile.png","contentUrl":"https:\/\/www.cidademarketing.com.br\/marketing\/wp-content\/uploads\/2020\/01\/cidademarketing_marca_mobile.png","width":230,"height":92,"caption":"CidadeMarketing"},"image":{"@id":"https:\/\/www.cidademarketing.com.br\/marketing\/#\/schema\/logo\/image\/"},"sameAs":["https:\/\/www.facebook.com\/portalcidademarketing","https:\/\/x.com\/CidadeMarketing","https:\/\/www.instagram.com\/cidademarketing\/"]},{"@type":"Person","@id":"https:\/\/www.cidademarketing.com.br\/marketing\/#\/schema\/person\/02daff9f18bd9378c9e01eb6b2db155f","name":"Thales Brand\u00e3o","image":{"@type":"ImageObject","inLanguage":"pt-BR","@id":"https:\/\/secure.gravatar.com\/avatar\/7ca3206950207cc3cb48feec56a8a7898741ab725c368d99d5d7a5a50aab80c6?s=96&d=mm&r=g","url":"https:\/\/secure.gravatar.com\/avatar\/7ca3206950207cc3cb48feec56a8a7898741ab725c368d99d5d7a5a50aab80c6?s=96&d=mm&r=g","contentUrl":"https:\/\/secure.gravatar.com\/avatar\/7ca3206950207cc3cb48feec56a8a7898741ab725c368d99d5d7a5a50aab80c6?s=96&d=mm&r=g","caption":"Thales Brand\u00e3o"},"description":"Editor Executivo do Portal CidadeMarketing.com.br &gt; Mestre em Comunica\u00e7\u00e3o e Sociedade pela Universidade Federal de Sergipe. Possui MBA Executivo em Administra\u00e7\u00e3o com \u00eanfase em Marketing pela Funda\u00e7\u00e3o Get\u00falio Vargas - Rio de Janeiro. Consultor, Palestrante e Pesquisador sobre Empreendedorismo, Marketing, Redes Sociais e Neg\u00f3cios Digitais. Professor, Palestrante TedxTalks e Campus Party. Twitter: @ThalesBrandao","sameAs":["http:\/\/www.mandacaru.com.br","https:\/\/www.facebook.com\/thalesbrandao","http:\/\/www.instagram.com.br\/thalesbrandaoferreira","https:\/\/www.linkedin.com\/in\/thales-brand\u00e3o-3948609\/","https:\/\/x.com\/http:\/\/www.twitter.com\/thalesbrandao"],"url":"https:\/\/www.cidademarketing.com.br\/marketing\/author\/thalesbrandao\/"}]}},"amp_enabled":true,"_links":{"self":[{"href":"https:\/\/www.cidademarketing.com.br\/marketing\/wp-json\/wp\/v2\/posts\/37781","targetHints":{"allow":["GET"]}}],"collection":[{"href":"https:\/\/www.cidademarketing.com.br\/marketing\/wp-json\/wp\/v2\/posts"}],"about":[{"href":"https:\/\/www.cidademarketing.com.br\/marketing\/wp-json\/wp\/v2\/types\/post"}],"author":[{"embeddable":true,"href":"https:\/\/www.cidademarketing.com.br\/marketing\/wp-json\/wp\/v2\/users\/1"}],"replies":[{"embeddable":true,"href":"https:\/\/www.cidademarketing.com.br\/marketing\/wp-json\/wp\/v2\/comments?post=37781"}],"version-history":[{"count":1,"href":"https:\/\/www.cidademarketing.com.br\/marketing\/wp-json\/wp\/v2\/posts\/37781\/revisions"}],"predecessor-version":[{"id":37783,"href":"https:\/\/www.cidademarketing.com.br\/marketing\/wp-json\/wp\/v2\/posts\/37781\/revisions\/37783"}],"wp:featuredmedia":[{"embeddable":true,"href":"https:\/\/www.cidademarketing.com.br\/marketing\/wp-json\/wp\/v2\/media\/37782"}],"wp:attachment":[{"href":"https:\/\/www.cidademarketing.com.br\/marketing\/wp-json\/wp\/v2\/media?parent=37781"}],"wp:term":[{"taxonomy":"category","embeddable":true,"href":"https:\/\/www.cidademarketing.com.br\/marketing\/wp-json\/wp\/v2\/categories?post=37781"},{"taxonomy":"post_tag","embeddable":true,"href":"https:\/\/www.cidademarketing.com.br\/marketing\/wp-json\/wp\/v2\/tags?post=37781"}],"curies":[{"name":"wp","href":"https:\/\/api.w.org\/{rel}","templated":true}]}}