{"id":37778,"date":"2022-08-31T11:01:45","date_gmt":"2022-08-31T14:01:45","guid":{"rendered":"https:\/\/www.cidademarketing.com.br\/marketing\/?p=37778"},"modified":"2022-08-31T11:01:45","modified_gmt":"2022-08-31T14:01:45","slug":"latam-inicia-seu-primeiro-programa-de-neutralizacao-de-carbono-no-brasil-para-apoiar-projeto-que-conserva-65-mil-hectares-de-floresta-amazonica","status":"publish","type":"post","link":"https:\/\/www.cidademarketing.com.br\/marketing\/2022\/08\/31\/latam-inicia-seu-primeiro-programa-de-neutralizacao-de-carbono-no-brasil-para-apoiar-projeto-que-conserva-65-mil-hectares-de-floresta-amazonica\/","title":{"rendered":"LATAM inicia seu primeiro programa de neutraliza\u00e7\u00e3o de carbono no Brasil para apoiar projeto que conserva 65 mil hectares de Floresta Amaz\u00f4nica"},"content":{"rendered":"<p><iframe style=\"border-radius: 12px;\" src=\"https:\/\/open.spotify.com\/embed\/show\/4khMKzP3FgFRWVwb73xicc?utm_source=generator&amp;t=0\" width=\"100%\" height=\"232\" frameborder=\"0\" allowfullscreen=\"allowfullscreen\"><\/iframe><br \/>\nO grupo LATAM Airlines anunciou ontem (30\/8) a sua primeira alian\u00e7a com um projeto para a conserva\u00e7\u00e3o de um ecossistema ic\u00f4nico do Brasil. Trata-se do Projeto REDD+ Jari-Amap\u00e1, uma iniciativa para proteger 65 mil hectares da floresta nos munic\u00edpios amapaenses de Laranjal do Jari e Vit\u00f3ria do Jari, em plena Amaz\u00f4nia. Em parceria com a Biof\u00edlica Ambipar, empresa brasileira focada na conserva\u00e7\u00e3o de florestas nativas por meio da comercializa\u00e7\u00e3o de servi\u00e7os ambientais, a LATAM est\u00e1 adquirindo 10 mil cr\u00e9ditos de carbono que ajudar\u00e3o a manter em p\u00e9 cerca de 2,5 mil \u00e1rvores no Amap\u00e1.<\/p>\n<p>Os primeiros cr\u00e9ditos adquiridos pela LATAM ser\u00e3o utilizados para neutralizar as emiss\u00f5es (mais de 3,3 mil toneladas de CO2) de 240 voos na Ponte A\u00e9rea Congonhas\u2013Santos Dumont durante os sete dias do Rock in Rio Brasil 2022, al\u00e9m das atividades da opera\u00e7\u00e3o do estande da companhia no evento. A LATAM Brasil, vale lembrar, \u00e9 a companhia a\u00e9rea oficial do festival que ser\u00e1 realizado no Rio de Janeiro entre 2 e 4 de setembro e de 8 a 11 de setembro deste ano.<\/p>\n<p>Conforme explica Jerome Cadier, CEO da LATAM Brasil, \u201cestamos apenas no in\u00edcio da nossa jornada para identificar projetos colaborativos de conserva\u00e7\u00e3o e compensa\u00e7\u00e3o de ecossistemas ic\u00f4nicos como a Amaz\u00f4nia brasileira. Nosso desafio \u00e9 identificar e fazer alian\u00e7as com projetos que n\u00e3o apenas capturem ou removam CO2, mas que tamb\u00e9m tragam cobenef\u00edcios para todos. \u00c9 isso que estamos realizando hoje com o Projeto REDD+ Jari-Amap\u00e1 e essa \u00e9 apenas a primeira de outras iniciativas que vamos buscar no Brasil\u201d.<\/p>\n<p>Em 2021, vale lembrar, o grupo LATAM atualizou a sua estrat\u00e9gia de Sustentabilidade, com metas que ser\u00e3o alcan\u00e7adas por meio de a\u00e7\u00f5es nos pilares de Mudan\u00e7as Clim\u00e1ticas, Economia Circular e Valor Compartilhado. Todas as a\u00e7\u00f5es est\u00e3o conectadas com o cumprimento dos Objetivos de Desenvolvimento Sustent\u00e1vel (ODS) da Organiza\u00e7\u00e3o das Na\u00e7\u00f5es Unidas (ONU). As principais metas da LATAM s\u00e3o: eliminar os pl\u00e1sticos descart\u00e1veis at\u00e9 2023, ser uma companhia zero res\u00edduos para aterro sanit\u00e1rio at\u00e9 2027, reduzir 50% das suas emiss\u00f5es dom\u00e9sticas de CO2 at\u00e9 2030 e ser uma companhia 100% carbono neutro at\u00e9 2050. Em sua jornada pela descarboniza\u00e7\u00e3o, o grupo LATAM trabalha prioritariamente em uma agenda de desenvolvimento do SAF (Sustainable Aviation Fuel), medidas operacionais para a redu\u00e7\u00e3o das emiss\u00f5es e no investimento em novas tecnologias como aeronaves mais eficientes que contam com o sistema DACCS (Direct Air Carbon Capture and Storage).<\/p>\n<p>Tamb\u00e9m em 2021, o grupo LATAM j\u00e1 havia anunciado a sua primeira alian\u00e7a com um projeto de conserva\u00e7\u00e3o e restaura\u00e7\u00e3o de outro ecossistema ic\u00f4nico da Am\u00e9rica do Sul para promover a neutralidade do carbono. No caso, o projeto CO2BIO, localizado na Orinoquia colombiana e que cobre mais de 200 mil hectares de savana inundada.<\/p>\n<p>OS COBENEF\u00cdCIOS GERADOS NO PROJETO REDD+ JARI-AMAP\u00c1<\/p>\n<p>O Projeto REDD+ Jari-Amap\u00e1 \u00e9 uma iniciativa de extrema import\u00e2ncia para evitar o desmatamento e minimizar seus impactos socioambientais, promovendo cobenef\u00edcios ao clima, \u00e0s comunidades e \u00e0 biodiversidade local, constantemente amea\u00e7ada pela degrada\u00e7\u00e3o das florestas. O projeto \u00e9 verificado e validado e pelos principais padr\u00f5es internacionais de certifica\u00e7\u00e3o de projetos florestais: o VCS (Verified Carbon Standard) e o CCBS (Climate, Community &amp; Biodiversity Standards). Seu principal objetivo \u00e9 fomentar a conserva\u00e7\u00e3o florestal e a redu\u00e7\u00e3o de emiss\u00f5es potenciais de gases de efeito estufa (GEE) baseado em um modelo de desenvolvimento econ\u00f4mico local que valorize a \u201cfloresta em p\u00e9\u201d.<\/p>\n<p>\u201cA ind\u00fastria a\u00e9rea \u00e9 um dos setores que mais emitem gases de efeito estufa e que, infelizmente, ainda n\u00e3o h\u00e1 combust\u00edveis ou tecnologias 100% limpas para emiss\u00e3o reduzida ou zero de carbono para sua opera\u00e7\u00e3o. Dessa forma, faz grande sentido a LATAM desenvolver iniciativas que apoiam projetos que reduzem ou removem carbono da atmosfera. A LATAM e seus programas de compensa\u00e7\u00e3o levam mensagens importantes ao mercado: reconhecimento, transpar\u00eancia e responsabilidade com o impacto ambiental em carbono gerado pelas suas viagens, engajamento com seus clientes e funcion\u00e1rios da tem\u00e1tica de mudan\u00e7as clim\u00e1ticas\u201d, afirma Plinio Ribeiro, CEO e cofundador da Biof\u00edlica Ambipar.<\/p>\n<p>O Projeto REDD+ Jari-Amap\u00e1 tem o potencial de reduzir 3.450.270 tCO2eq de emiss\u00f5es de gases de efeito estufa em 30 anos. Os cr\u00e9ditos de carbono s\u00e3o gerados pela preven\u00e7\u00e3o do desmatamento total de 65 mil hectares de floresta nativa. O projeto promove a conserva\u00e7\u00e3o da biodiversidade, garantindo a manuten\u00e7\u00e3o dos servi\u00e7os ecossist\u00eamicos, protegendo as \u00c1reas de Alto Valor de Conserva\u00e7\u00e3o (AAVC) e servindo de corredor ecol\u00f3gico para \u00e1reas preservadas da regi\u00e3o, protegendo 133 esp\u00e9cies de fauna e 54 esp\u00e9cies de flora amea\u00e7adas, incluindo uma parcela de esp\u00e9cies end\u00eamicas.<\/p>\n<p>A iniciativa tamb\u00e9m beneficia 33 fam\u00edlias por meio da intensifica\u00e7\u00e3o dos servi\u00e7os de Assist\u00eancia T\u00e9cnica e Extens\u00e3o Rural, bem como no oferecimento de treinamento voltado ao vi\u00e9s de produ\u00e7\u00e3o, organiza\u00e7\u00e3o social, cooperativismo, lideran\u00e7a e gest\u00e3o financeira, desenvolvendo habilidades t\u00e9cnicas e profissionais. Essas fam\u00edlias tradicionais rurais trabalham com agricultura familiar de subsist\u00eancia e agroextrativistas, al\u00e9m de servirem como um corredor ecol\u00f3gico, que conecta diferentes Unidades de Conserva\u00e7\u00e3o (UCs). Assim, as atividades do projeto fomentam a conserva\u00e7\u00e3o florestal por meio da extra\u00e7\u00e3o sustent\u00e1vel de produtos da floresta (como o a\u00e7a\u00ed), da gera\u00e7\u00e3o de renda local e promo\u00e7\u00e3o do bem-estar social, da redu\u00e7\u00e3o do \u00eaxodo rural e marginaliza\u00e7\u00e3o social urbana, da conserva\u00e7\u00e3o da biodiversidade e da promo\u00e7\u00e3o de pesquisas cient\u00edficas relacionadas.<\/p>\n<p>LATAM E ROCK IN RIO BRASIL MAIS SUSTENT\u00c1VEIS<\/p>\n<p>Al\u00e9m de usar os cr\u00e9ditos de carbono para neutralizar as emiss\u00f5es de mais de 3,3 mil toneladas de CO2 durante os sete dias do Rock in Rio Brasil 2022, a LATAM vai realizar outras a\u00e7\u00f5es relacionadas \u00e0 sua agenda de Sustentabilidade, inclusive com o seu projeto de upcycling (reutiliza\u00e7\u00e3o criativa) de uniformes usados, um neg\u00f3cio de impacto socioambiental que atua por meio da Economia Circular. No Brasil, o projeto \u00e9 realizado em parceria com a Revoada, consultoria sediada em Porto Alegre (RS) e em S\u00e3o Paulo (SP) especializada em upcycling para reduzir o uso de recursos por meio da moda sustent\u00e1vel.<\/p>\n<p>Junto com a Revoada, o projeto no Brasil contou com uma estrat\u00e9gia circular para fazer o reaproveitamento de 10 toneladas de uniformes usados pela LATAM, envolvendo diferentes reusos dos materiais e impactando uma rede de mais de 5 mil pessoas, em sua maioria mulheres em situa\u00e7\u00e3o de vulnerabilidade. Os uniformes transformados foram doados para diferentes ONGs e viraram mat\u00e9ria-prima para a cria\u00e7\u00e3o de novos produtos em workshops de upcycling realizados em algumas comunidades de periferias. Agora, a LATAM vai distribuir para 176 passageiros de um dos voos na rota Congonhas-Santos Dumont de 10\/9, durante o Rock in Rio Brasil 2022, as bolsas confeccionadas com seus uniformes.<\/p>\n<p>Focado no pilar de Economia Circular, este \u00e9 um exemplo pr\u00e1tico de iniciativa com impacto socioambiental, envolvendo a transforma\u00e7\u00e3o de res\u00edduos e o empoderamento de mulheres. Todas as bolsas distribu\u00eddas aos passageiros pela LATAM s\u00e3o fruto do trabalho de 12 costureiras entre os grupos Copearte, Filhas de Eva e Atelier Em\u00edlio das cidades de Porto Alegre e Novo Hamburgo. No total, a rede formada pela Revoada em parceria com a LATAM vai produzir 1 mil bolsas a partir da transforma\u00e7\u00e3o dos uniformes.<\/p>\n<p>Outra a\u00e7\u00e3o prevista ser\u00e1 resultado de parceria da LATAM com a Natura, presente na Amaz\u00f4nia h\u00e1 mais de 20 anos por meio de um modelo de neg\u00f3cio baseado na sociobiodiversidade brasileira que j\u00e1 contribuiu para a conserva\u00e7\u00e3o de 2 milh\u00f5es de hectares de floresta. Isso porque a LATAM vai distribuir kits com hidratantes da linha Natura Ekos Castanha para todos os 176 passageiros de um dos voos da Ponte A\u00e9rea Congonhas\u2013Santos Dumont de 2\/9, durante o Rock in Rio Brasil 2022. Hidratantes de Natura Ekos tamb\u00e9m ser\u00e3o distribu\u00eddos aos passageiros de dois voos por dia na Ponte A\u00e9rea Congonhas\u2013Santos Dumont em todos os dias do festival.<\/p>\n<p>OUTRAS INICIATIVAS<\/p>\n<p>Em mar\u00e7o deste ano, vale lembrar, o grupo LATAM iniciou o programa Sextas Compensam, que, em todas as sextas-feiras, neutraliza a emiss\u00e3o de carbono em 9 rotas emblem\u00e1ticas da empresa na Am\u00e9rica do Sul. No Brasil, fazem parte do programa a rota de passageiros da Ponte A\u00e9rea Congonhas-Santos Dumont e a rota de cargas Bras\u00edlia-Bel\u00e9m.<\/p>\n<p>Antes, em janeiro de 2022, o grupo LATAM, por meio do seu programa Voe Neutro, come\u00e7ou a oferecer a seus clientes corporativos a possibilidade de escolher entre um portf\u00f3lio de projetos com alto valor ambiental para compensar as emiss\u00f5es geradas por suas viagens a\u00e9reas. Como parte da proposta e compromisso com o programa, o grupo LATAM iguala o n\u00famero de toneladas compensadas por seus clientes corporativos, por meio do mecanismo 1+1<\/p>\n<p><iframe style=\"width: 100%; max-width: 660px; overflow: hidden; background: transparent;\" src=\"https:\/\/embed.podcasts.apple.com\/br\/podcast\/podcast-cidademarketing\/id1371923283\" height=\"450\" frameborder=\"0\" sandbox=\"allow-forms allow-popups allow-same-origin allow-scripts allow-storage-access-by-user-activation allow-top-navigation-by-user-activation\"><\/iframe><\/p>\n","protected":false},"excerpt":{"rendered":"<p>O grupo LATAM Airlines anunciou ontem (30\/8) a sua primeira alian\u00e7a com um projeto para a conserva\u00e7\u00e3o de um ecossistema ic\u00f4nico do Brasil. Trata-se do Projeto REDD+ Jari-Amap\u00e1, uma iniciativa para proteger 65 mil hectares da floresta nos munic\u00edpios amapaenses de Laranjal do Jari e Vit\u00f3ria do Jari, em plena Amaz\u00f4nia. Em parceria com a [&hellip;]<\/p>\n","protected":false},"author":1,"featured_media":37779,"comment_status":"open","ping_status":"open","sticky":false,"template":"","format":"standard","meta":{"tdm_status":"","tdm_grid_status":"","footnotes":""},"categories":[6],"tags":[33,155,28,177,176],"class_list":["post-37778","post","type-post","status-publish","format-standard","has-post-thumbnail","hentry","category-noticias","tag-estrategia","tag-latam","tag-marketing","tag-marketing-social","tag-sustentabilidade"],"yoast_head":"<!-- This site is optimized with the Yoast SEO plugin v27.5 - https:\/\/yoast.com\/product\/yoast-seo-wordpress\/ -->\n<title>LATAM inicia seu primeiro programa de neutraliza\u00e7\u00e3o de carbono no Brasil para apoiar projeto que conserva 65 mil hectares de Floresta Amaz\u00f4nica - CidadeMarketing<\/title>\n<meta name=\"robots\" content=\"index, follow, max-snippet:-1, max-image-preview:large, max-video-preview:-1\" \/>\n<link rel=\"canonical\" href=\"https:\/\/www.cidademarketing.com.br\/marketing\/2022\/08\/31\/latam-inicia-seu-primeiro-programa-de-neutralizacao-de-carbono-no-brasil-para-apoiar-projeto-que-conserva-65-mil-hectares-de-floresta-amazonica\/\" \/>\n<meta property=\"og:locale\" content=\"pt_BR\" \/>\n<meta property=\"og:type\" content=\"article\" \/>\n<meta property=\"og:title\" content=\"LATAM inicia seu primeiro programa de neutraliza\u00e7\u00e3o de carbono no Brasil para apoiar projeto que conserva 65 mil hectares de Floresta Amaz\u00f4nica - CidadeMarketing\" \/>\n<meta property=\"og:description\" content=\"O grupo LATAM Airlines anunciou ontem (30\/8) a sua primeira alian\u00e7a com um projeto para a conserva\u00e7\u00e3o de um ecossistema ic\u00f4nico do Brasil. Trata-se do Projeto REDD+ Jari-Amap\u00e1, uma iniciativa para proteger 65 mil hectares da floresta nos munic\u00edpios amapaenses de Laranjal do Jari e Vit\u00f3ria do Jari, em plena Amaz\u00f4nia. Em parceria com a [&hellip;]\" \/>\n<meta property=\"og:url\" content=\"https:\/\/www.cidademarketing.com.br\/marketing\/2022\/08\/31\/latam-inicia-seu-primeiro-programa-de-neutralizacao-de-carbono-no-brasil-para-apoiar-projeto-que-conserva-65-mil-hectares-de-floresta-amazonica\/\" \/>\n<meta property=\"og:site_name\" content=\"CidadeMarketing\" \/>\n<meta property=\"article:publisher\" content=\"https:\/\/www.facebook.com\/portalcidademarketing\" \/>\n<meta property=\"article:author\" content=\"https:\/\/www.facebook.com\/thalesbrandao\" \/>\n<meta property=\"article:published_time\" content=\"2022-08-31T14:01:45+00:00\" \/>\n<meta property=\"og:image\" content=\"https:\/\/www.cidademarketing.com.br\/marketing\/wp-content\/uploads\/2022\/08\/latam_marketingsocial.jpg\" \/>\n\t<meta property=\"og:image:width\" content=\"567\" \/>\n\t<meta property=\"og:image:height\" content=\"379\" \/>\n\t<meta property=\"og:image:type\" content=\"image\/jpeg\" \/>\n<meta name=\"author\" content=\"Thales Brand\u00e3o\" \/>\n<meta name=\"twitter:card\" content=\"summary_large_image\" \/>\n<meta name=\"twitter:creator\" content=\"@http:\/\/www.twitter.com\/thalesbrandao\" \/>\n<meta name=\"twitter:site\" content=\"@CidadeMarketing\" \/>\n<meta name=\"twitter:label1\" content=\"Escrito por\" \/>\n\t<meta name=\"twitter:data1\" content=\"Thales Brand\u00e3o\" \/>\n\t<meta name=\"twitter:label2\" content=\"Est. tempo de leitura\" \/>\n\t<meta name=\"twitter:data2\" content=\"8 minutos\" \/>\n<script type=\"application\/ld+json\" class=\"yoast-schema-graph\">{\"@context\":\"https:\\\/\\\/schema.org\",\"@graph\":[{\"@type\":\"Article\",\"@id\":\"https:\\\/\\\/www.cidademarketing.com.br\\\/marketing\\\/2022\\\/08\\\/31\\\/latam-inicia-seu-primeiro-programa-de-neutralizacao-de-carbono-no-brasil-para-apoiar-projeto-que-conserva-65-mil-hectares-de-floresta-amazonica\\\/#article\",\"isPartOf\":{\"@id\":\"https:\\\/\\\/www.cidademarketing.com.br\\\/marketing\\\/2022\\\/08\\\/31\\\/latam-inicia-seu-primeiro-programa-de-neutralizacao-de-carbono-no-brasil-para-apoiar-projeto-que-conserva-65-mil-hectares-de-floresta-amazonica\\\/\"},\"author\":{\"name\":\"Thales Brand\u00e3o\",\"@id\":\"https:\\\/\\\/www.cidademarketing.com.br\\\/marketing\\\/#\\\/schema\\\/person\\\/02daff9f18bd9378c9e01eb6b2db155f\"},\"headline\":\"LATAM inicia seu primeiro programa de neutraliza\u00e7\u00e3o de carbono no Brasil para apoiar projeto que conserva 65 mil hectares de Floresta Amaz\u00f4nica\",\"datePublished\":\"2022-08-31T14:01:45+00:00\",\"mainEntityOfPage\":{\"@id\":\"https:\\\/\\\/www.cidademarketing.com.br\\\/marketing\\\/2022\\\/08\\\/31\\\/latam-inicia-seu-primeiro-programa-de-neutralizacao-de-carbono-no-brasil-para-apoiar-projeto-que-conserva-65-mil-hectares-de-floresta-amazonica\\\/\"},\"wordCount\":1530,\"commentCount\":0,\"publisher\":{\"@id\":\"https:\\\/\\\/www.cidademarketing.com.br\\\/marketing\\\/#organization\"},\"image\":{\"@id\":\"https:\\\/\\\/www.cidademarketing.com.br\\\/marketing\\\/2022\\\/08\\\/31\\\/latam-inicia-seu-primeiro-programa-de-neutralizacao-de-carbono-no-brasil-para-apoiar-projeto-que-conserva-65-mil-hectares-de-floresta-amazonica\\\/#primaryimage\"},\"thumbnailUrl\":\"https:\\\/\\\/www.cidademarketing.com.br\\\/marketing\\\/wp-content\\\/uploads\\\/2022\\\/08\\\/latam_marketingsocial.jpg\",\"keywords\":[\"estrat\u00e9gia\",\"Latam\",\"marketing\",\"marketing social\",\"sustentabilidade\"],\"articleSection\":[\"Not\u00edcias\"],\"inLanguage\":\"pt-BR\",\"potentialAction\":[{\"@type\":\"CommentAction\",\"name\":\"Comment\",\"target\":[\"https:\\\/\\\/www.cidademarketing.com.br\\\/marketing\\\/2022\\\/08\\\/31\\\/latam-inicia-seu-primeiro-programa-de-neutralizacao-de-carbono-no-brasil-para-apoiar-projeto-que-conserva-65-mil-hectares-de-floresta-amazonica\\\/#respond\"]}]},{\"@type\":\"WebPage\",\"@id\":\"https:\\\/\\\/www.cidademarketing.com.br\\\/marketing\\\/2022\\\/08\\\/31\\\/latam-inicia-seu-primeiro-programa-de-neutralizacao-de-carbono-no-brasil-para-apoiar-projeto-que-conserva-65-mil-hectares-de-floresta-amazonica\\\/\",\"url\":\"https:\\\/\\\/www.cidademarketing.com.br\\\/marketing\\\/2022\\\/08\\\/31\\\/latam-inicia-seu-primeiro-programa-de-neutralizacao-de-carbono-no-brasil-para-apoiar-projeto-que-conserva-65-mil-hectares-de-floresta-amazonica\\\/\",\"name\":\"LATAM inicia seu primeiro programa de neutraliza\u00e7\u00e3o de carbono no Brasil para apoiar projeto que conserva 65 mil hectares de Floresta Amaz\u00f4nica - CidadeMarketing\",\"isPartOf\":{\"@id\":\"https:\\\/\\\/www.cidademarketing.com.br\\\/marketing\\\/#website\"},\"primaryImageOfPage\":{\"@id\":\"https:\\\/\\\/www.cidademarketing.com.br\\\/marketing\\\/2022\\\/08\\\/31\\\/latam-inicia-seu-primeiro-programa-de-neutralizacao-de-carbono-no-brasil-para-apoiar-projeto-que-conserva-65-mil-hectares-de-floresta-amazonica\\\/#primaryimage\"},\"image\":{\"@id\":\"https:\\\/\\\/www.cidademarketing.com.br\\\/marketing\\\/2022\\\/08\\\/31\\\/latam-inicia-seu-primeiro-programa-de-neutralizacao-de-carbono-no-brasil-para-apoiar-projeto-que-conserva-65-mil-hectares-de-floresta-amazonica\\\/#primaryimage\"},\"thumbnailUrl\":\"https:\\\/\\\/www.cidademarketing.com.br\\\/marketing\\\/wp-content\\\/uploads\\\/2022\\\/08\\\/latam_marketingsocial.jpg\",\"datePublished\":\"2022-08-31T14:01:45+00:00\",\"breadcrumb\":{\"@id\":\"https:\\\/\\\/www.cidademarketing.com.br\\\/marketing\\\/2022\\\/08\\\/31\\\/latam-inicia-seu-primeiro-programa-de-neutralizacao-de-carbono-no-brasil-para-apoiar-projeto-que-conserva-65-mil-hectares-de-floresta-amazonica\\\/#breadcrumb\"},\"inLanguage\":\"pt-BR\",\"potentialAction\":[{\"@type\":\"ReadAction\",\"target\":[\"https:\\\/\\\/www.cidademarketing.com.br\\\/marketing\\\/2022\\\/08\\\/31\\\/latam-inicia-seu-primeiro-programa-de-neutralizacao-de-carbono-no-brasil-para-apoiar-projeto-que-conserva-65-mil-hectares-de-floresta-amazonica\\\/\"]}]},{\"@type\":\"ImageObject\",\"inLanguage\":\"pt-BR\",\"@id\":\"https:\\\/\\\/www.cidademarketing.com.br\\\/marketing\\\/2022\\\/08\\\/31\\\/latam-inicia-seu-primeiro-programa-de-neutralizacao-de-carbono-no-brasil-para-apoiar-projeto-que-conserva-65-mil-hectares-de-floresta-amazonica\\\/#primaryimage\",\"url\":\"https:\\\/\\\/www.cidademarketing.com.br\\\/marketing\\\/wp-content\\\/uploads\\\/2022\\\/08\\\/latam_marketingsocial.jpg\",\"contentUrl\":\"https:\\\/\\\/www.cidademarketing.com.br\\\/marketing\\\/wp-content\\\/uploads\\\/2022\\\/08\\\/latam_marketingsocial.jpg\",\"width\":567,\"height\":379,\"caption\":\"(cr\u00e9dito: LATAM\\\/Revoada)\"},{\"@type\":\"BreadcrumbList\",\"@id\":\"https:\\\/\\\/www.cidademarketing.com.br\\\/marketing\\\/2022\\\/08\\\/31\\\/latam-inicia-seu-primeiro-programa-de-neutralizacao-de-carbono-no-brasil-para-apoiar-projeto-que-conserva-65-mil-hectares-de-floresta-amazonica\\\/#breadcrumb\",\"itemListElement\":[{\"@type\":\"ListItem\",\"position\":1,\"name\":\"In\u00edcio\",\"item\":\"https:\\\/\\\/www.cidademarketing.com.br\\\/marketing\\\/\"},{\"@type\":\"ListItem\",\"position\":2,\"name\":\"LATAM inicia seu primeiro programa de neutraliza\u00e7\u00e3o de carbono no Brasil para apoiar projeto que conserva 65 mil hectares de Floresta Amaz\u00f4nica\"}]},{\"@type\":\"WebSite\",\"@id\":\"https:\\\/\\\/www.cidademarketing.com.br\\\/marketing\\\/#website\",\"url\":\"https:\\\/\\\/www.cidademarketing.com.br\\\/marketing\\\/\",\"name\":\"CidadeMarketing\",\"description\":\"Somos um ve\u00edculo de comunica\u00e7\u00e3o de destaque no Brasil, reconhecido por conte\u00fados nos segmentos de marketing, empreendedorismo e inova\u00e7\u00e3o.\",\"publisher\":{\"@id\":\"https:\\\/\\\/www.cidademarketing.com.br\\\/marketing\\\/#organization\"},\"alternateName\":\"CidadeMarketing\",\"potentialAction\":[{\"@type\":\"SearchAction\",\"target\":{\"@type\":\"EntryPoint\",\"urlTemplate\":\"https:\\\/\\\/www.cidademarketing.com.br\\\/marketing\\\/?s={search_term_string}\"},\"query-input\":{\"@type\":\"PropertyValueSpecification\",\"valueRequired\":true,\"valueName\":\"search_term_string\"}}],\"inLanguage\":\"pt-BR\"},{\"@type\":\"Organization\",\"@id\":\"https:\\\/\\\/www.cidademarketing.com.br\\\/marketing\\\/#organization\",\"name\":\"CidadeMarketing\",\"alternateName\":\"CidadeMarketing\",\"url\":\"https:\\\/\\\/www.cidademarketing.com.br\\\/marketing\\\/\",\"logo\":{\"@type\":\"ImageObject\",\"inLanguage\":\"pt-BR\",\"@id\":\"https:\\\/\\\/www.cidademarketing.com.br\\\/marketing\\\/#\\\/schema\\\/logo\\\/image\\\/\",\"url\":\"https:\\\/\\\/www.cidademarketing.com.br\\\/marketing\\\/wp-content\\\/uploads\\\/2020\\\/01\\\/cidademarketing_marca_mobile.png\",\"contentUrl\":\"https:\\\/\\\/www.cidademarketing.com.br\\\/marketing\\\/wp-content\\\/uploads\\\/2020\\\/01\\\/cidademarketing_marca_mobile.png\",\"width\":230,\"height\":92,\"caption\":\"CidadeMarketing\"},\"image\":{\"@id\":\"https:\\\/\\\/www.cidademarketing.com.br\\\/marketing\\\/#\\\/schema\\\/logo\\\/image\\\/\"},\"sameAs\":[\"https:\\\/\\\/www.facebook.com\\\/portalcidademarketing\",\"https:\\\/\\\/x.com\\\/CidadeMarketing\",\"https:\\\/\\\/www.instagram.com\\\/cidademarketing\\\/\"]},{\"@type\":\"Person\",\"@id\":\"https:\\\/\\\/www.cidademarketing.com.br\\\/marketing\\\/#\\\/schema\\\/person\\\/02daff9f18bd9378c9e01eb6b2db155f\",\"name\":\"Thales Brand\u00e3o\",\"image\":{\"@type\":\"ImageObject\",\"inLanguage\":\"pt-BR\",\"@id\":\"https:\\\/\\\/secure.gravatar.com\\\/avatar\\\/7ca3206950207cc3cb48feec56a8a7898741ab725c368d99d5d7a5a50aab80c6?s=96&d=mm&r=g\",\"url\":\"https:\\\/\\\/secure.gravatar.com\\\/avatar\\\/7ca3206950207cc3cb48feec56a8a7898741ab725c368d99d5d7a5a50aab80c6?s=96&d=mm&r=g\",\"contentUrl\":\"https:\\\/\\\/secure.gravatar.com\\\/avatar\\\/7ca3206950207cc3cb48feec56a8a7898741ab725c368d99d5d7a5a50aab80c6?s=96&d=mm&r=g\",\"caption\":\"Thales Brand\u00e3o\"},\"description\":\"Editor Executivo do Portal CidadeMarketing.com.br &gt; Mestre em Comunica\u00e7\u00e3o e Sociedade pela Universidade Federal de Sergipe. Possui MBA Executivo em Administra\u00e7\u00e3o com \u00eanfase em Marketing pela Funda\u00e7\u00e3o Get\u00falio Vargas - Rio de Janeiro. Consultor, Palestrante e Pesquisador sobre Empreendedorismo, Marketing, Redes Sociais e Neg\u00f3cios Digitais. Professor, Palestrante TedxTalks e Campus Party. Twitter: @ThalesBrandao\",\"sameAs\":[\"http:\\\/\\\/www.mandacaru.com.br\",\"https:\\\/\\\/www.facebook.com\\\/thalesbrandao\",\"http:\\\/\\\/www.instagram.com.br\\\/thalesbrandaoferreira\",\"https:\\\/\\\/www.linkedin.com\\\/in\\\/thales-brand\u00e3o-3948609\\\/\",\"https:\\\/\\\/x.com\\\/http:\\\/\\\/www.twitter.com\\\/thalesbrandao\"],\"url\":\"https:\\\/\\\/www.cidademarketing.com.br\\\/marketing\\\/author\\\/thalesbrandao\\\/\"}]}<\/script>\n<!-- \/ Yoast SEO plugin. -->","yoast_head_json":{"title":"LATAM inicia seu primeiro programa de neutraliza\u00e7\u00e3o de carbono no Brasil para apoiar projeto que conserva 65 mil hectares de Floresta Amaz\u00f4nica - CidadeMarketing","robots":{"index":"index","follow":"follow","max-snippet":"max-snippet:-1","max-image-preview":"max-image-preview:large","max-video-preview":"max-video-preview:-1"},"canonical":"https:\/\/www.cidademarketing.com.br\/marketing\/2022\/08\/31\/latam-inicia-seu-primeiro-programa-de-neutralizacao-de-carbono-no-brasil-para-apoiar-projeto-que-conserva-65-mil-hectares-de-floresta-amazonica\/","og_locale":"pt_BR","og_type":"article","og_title":"LATAM inicia seu primeiro programa de neutraliza\u00e7\u00e3o de carbono no Brasil para apoiar projeto que conserva 65 mil hectares de Floresta Amaz\u00f4nica - CidadeMarketing","og_description":"O grupo LATAM Airlines anunciou ontem (30\/8) a sua primeira alian\u00e7a com um projeto para a conserva\u00e7\u00e3o de um ecossistema ic\u00f4nico do Brasil. Trata-se do Projeto REDD+ Jari-Amap\u00e1, uma iniciativa para proteger 65 mil hectares da floresta nos munic\u00edpios amapaenses de Laranjal do Jari e Vit\u00f3ria do Jari, em plena Amaz\u00f4nia. Em parceria com a [&hellip;]","og_url":"https:\/\/www.cidademarketing.com.br\/marketing\/2022\/08\/31\/latam-inicia-seu-primeiro-programa-de-neutralizacao-de-carbono-no-brasil-para-apoiar-projeto-que-conserva-65-mil-hectares-de-floresta-amazonica\/","og_site_name":"CidadeMarketing","article_publisher":"https:\/\/www.facebook.com\/portalcidademarketing","article_author":"https:\/\/www.facebook.com\/thalesbrandao","article_published_time":"2022-08-31T14:01:45+00:00","og_image":[{"width":567,"height":379,"url":"https:\/\/www.cidademarketing.com.br\/marketing\/wp-content\/uploads\/2022\/08\/latam_marketingsocial.jpg","type":"image\/jpeg"}],"author":"Thales Brand\u00e3o","twitter_card":"summary_large_image","twitter_creator":"@http:\/\/www.twitter.com\/thalesbrandao","twitter_site":"@CidadeMarketing","twitter_misc":{"Escrito por":"Thales Brand\u00e3o","Est. tempo de leitura":"8 minutos"},"schema":{"@context":"https:\/\/schema.org","@graph":[{"@type":"Article","@id":"https:\/\/www.cidademarketing.com.br\/marketing\/2022\/08\/31\/latam-inicia-seu-primeiro-programa-de-neutralizacao-de-carbono-no-brasil-para-apoiar-projeto-que-conserva-65-mil-hectares-de-floresta-amazonica\/#article","isPartOf":{"@id":"https:\/\/www.cidademarketing.com.br\/marketing\/2022\/08\/31\/latam-inicia-seu-primeiro-programa-de-neutralizacao-de-carbono-no-brasil-para-apoiar-projeto-que-conserva-65-mil-hectares-de-floresta-amazonica\/"},"author":{"name":"Thales Brand\u00e3o","@id":"https:\/\/www.cidademarketing.com.br\/marketing\/#\/schema\/person\/02daff9f18bd9378c9e01eb6b2db155f"},"headline":"LATAM inicia seu primeiro programa de neutraliza\u00e7\u00e3o de carbono no Brasil para apoiar projeto que conserva 65 mil hectares de Floresta Amaz\u00f4nica","datePublished":"2022-08-31T14:01:45+00:00","mainEntityOfPage":{"@id":"https:\/\/www.cidademarketing.com.br\/marketing\/2022\/08\/31\/latam-inicia-seu-primeiro-programa-de-neutralizacao-de-carbono-no-brasil-para-apoiar-projeto-que-conserva-65-mil-hectares-de-floresta-amazonica\/"},"wordCount":1530,"commentCount":0,"publisher":{"@id":"https:\/\/www.cidademarketing.com.br\/marketing\/#organization"},"image":{"@id":"https:\/\/www.cidademarketing.com.br\/marketing\/2022\/08\/31\/latam-inicia-seu-primeiro-programa-de-neutralizacao-de-carbono-no-brasil-para-apoiar-projeto-que-conserva-65-mil-hectares-de-floresta-amazonica\/#primaryimage"},"thumbnailUrl":"https:\/\/www.cidademarketing.com.br\/marketing\/wp-content\/uploads\/2022\/08\/latam_marketingsocial.jpg","keywords":["estrat\u00e9gia","Latam","marketing","marketing social","sustentabilidade"],"articleSection":["Not\u00edcias"],"inLanguage":"pt-BR","potentialAction":[{"@type":"CommentAction","name":"Comment","target":["https:\/\/www.cidademarketing.com.br\/marketing\/2022\/08\/31\/latam-inicia-seu-primeiro-programa-de-neutralizacao-de-carbono-no-brasil-para-apoiar-projeto-que-conserva-65-mil-hectares-de-floresta-amazonica\/#respond"]}]},{"@type":"WebPage","@id":"https:\/\/www.cidademarketing.com.br\/marketing\/2022\/08\/31\/latam-inicia-seu-primeiro-programa-de-neutralizacao-de-carbono-no-brasil-para-apoiar-projeto-que-conserva-65-mil-hectares-de-floresta-amazonica\/","url":"https:\/\/www.cidademarketing.com.br\/marketing\/2022\/08\/31\/latam-inicia-seu-primeiro-programa-de-neutralizacao-de-carbono-no-brasil-para-apoiar-projeto-que-conserva-65-mil-hectares-de-floresta-amazonica\/","name":"LATAM inicia seu primeiro programa de neutraliza\u00e7\u00e3o de carbono no Brasil para apoiar projeto que conserva 65 mil hectares de Floresta Amaz\u00f4nica - CidadeMarketing","isPartOf":{"@id":"https:\/\/www.cidademarketing.com.br\/marketing\/#website"},"primaryImageOfPage":{"@id":"https:\/\/www.cidademarketing.com.br\/marketing\/2022\/08\/31\/latam-inicia-seu-primeiro-programa-de-neutralizacao-de-carbono-no-brasil-para-apoiar-projeto-que-conserva-65-mil-hectares-de-floresta-amazonica\/#primaryimage"},"image":{"@id":"https:\/\/www.cidademarketing.com.br\/marketing\/2022\/08\/31\/latam-inicia-seu-primeiro-programa-de-neutralizacao-de-carbono-no-brasil-para-apoiar-projeto-que-conserva-65-mil-hectares-de-floresta-amazonica\/#primaryimage"},"thumbnailUrl":"https:\/\/www.cidademarketing.com.br\/marketing\/wp-content\/uploads\/2022\/08\/latam_marketingsocial.jpg","datePublished":"2022-08-31T14:01:45+00:00","breadcrumb":{"@id":"https:\/\/www.cidademarketing.com.br\/marketing\/2022\/08\/31\/latam-inicia-seu-primeiro-programa-de-neutralizacao-de-carbono-no-brasil-para-apoiar-projeto-que-conserva-65-mil-hectares-de-floresta-amazonica\/#breadcrumb"},"inLanguage":"pt-BR","potentialAction":[{"@type":"ReadAction","target":["https:\/\/www.cidademarketing.com.br\/marketing\/2022\/08\/31\/latam-inicia-seu-primeiro-programa-de-neutralizacao-de-carbono-no-brasil-para-apoiar-projeto-que-conserva-65-mil-hectares-de-floresta-amazonica\/"]}]},{"@type":"ImageObject","inLanguage":"pt-BR","@id":"https:\/\/www.cidademarketing.com.br\/marketing\/2022\/08\/31\/latam-inicia-seu-primeiro-programa-de-neutralizacao-de-carbono-no-brasil-para-apoiar-projeto-que-conserva-65-mil-hectares-de-floresta-amazonica\/#primaryimage","url":"https:\/\/www.cidademarketing.com.br\/marketing\/wp-content\/uploads\/2022\/08\/latam_marketingsocial.jpg","contentUrl":"https:\/\/www.cidademarketing.com.br\/marketing\/wp-content\/uploads\/2022\/08\/latam_marketingsocial.jpg","width":567,"height":379,"caption":"(cr\u00e9dito: LATAM\/Revoada)"},{"@type":"BreadcrumbList","@id":"https:\/\/www.cidademarketing.com.br\/marketing\/2022\/08\/31\/latam-inicia-seu-primeiro-programa-de-neutralizacao-de-carbono-no-brasil-para-apoiar-projeto-que-conserva-65-mil-hectares-de-floresta-amazonica\/#breadcrumb","itemListElement":[{"@type":"ListItem","position":1,"name":"In\u00edcio","item":"https:\/\/www.cidademarketing.com.br\/marketing\/"},{"@type":"ListItem","position":2,"name":"LATAM inicia seu primeiro programa de neutraliza\u00e7\u00e3o de carbono no Brasil para apoiar projeto que conserva 65 mil hectares de Floresta Amaz\u00f4nica"}]},{"@type":"WebSite","@id":"https:\/\/www.cidademarketing.com.br\/marketing\/#website","url":"https:\/\/www.cidademarketing.com.br\/marketing\/","name":"CidadeMarketing","description":"Somos um ve\u00edculo de comunica\u00e7\u00e3o de destaque no Brasil, reconhecido por conte\u00fados nos segmentos de marketing, empreendedorismo e inova\u00e7\u00e3o.","publisher":{"@id":"https:\/\/www.cidademarketing.com.br\/marketing\/#organization"},"alternateName":"CidadeMarketing","potentialAction":[{"@type":"SearchAction","target":{"@type":"EntryPoint","urlTemplate":"https:\/\/www.cidademarketing.com.br\/marketing\/?s={search_term_string}"},"query-input":{"@type":"PropertyValueSpecification","valueRequired":true,"valueName":"search_term_string"}}],"inLanguage":"pt-BR"},{"@type":"Organization","@id":"https:\/\/www.cidademarketing.com.br\/marketing\/#organization","name":"CidadeMarketing","alternateName":"CidadeMarketing","url":"https:\/\/www.cidademarketing.com.br\/marketing\/","logo":{"@type":"ImageObject","inLanguage":"pt-BR","@id":"https:\/\/www.cidademarketing.com.br\/marketing\/#\/schema\/logo\/image\/","url":"https:\/\/www.cidademarketing.com.br\/marketing\/wp-content\/uploads\/2020\/01\/cidademarketing_marca_mobile.png","contentUrl":"https:\/\/www.cidademarketing.com.br\/marketing\/wp-content\/uploads\/2020\/01\/cidademarketing_marca_mobile.png","width":230,"height":92,"caption":"CidadeMarketing"},"image":{"@id":"https:\/\/www.cidademarketing.com.br\/marketing\/#\/schema\/logo\/image\/"},"sameAs":["https:\/\/www.facebook.com\/portalcidademarketing","https:\/\/x.com\/CidadeMarketing","https:\/\/www.instagram.com\/cidademarketing\/"]},{"@type":"Person","@id":"https:\/\/www.cidademarketing.com.br\/marketing\/#\/schema\/person\/02daff9f18bd9378c9e01eb6b2db155f","name":"Thales Brand\u00e3o","image":{"@type":"ImageObject","inLanguage":"pt-BR","@id":"https:\/\/secure.gravatar.com\/avatar\/7ca3206950207cc3cb48feec56a8a7898741ab725c368d99d5d7a5a50aab80c6?s=96&d=mm&r=g","url":"https:\/\/secure.gravatar.com\/avatar\/7ca3206950207cc3cb48feec56a8a7898741ab725c368d99d5d7a5a50aab80c6?s=96&d=mm&r=g","contentUrl":"https:\/\/secure.gravatar.com\/avatar\/7ca3206950207cc3cb48feec56a8a7898741ab725c368d99d5d7a5a50aab80c6?s=96&d=mm&r=g","caption":"Thales Brand\u00e3o"},"description":"Editor Executivo do Portal CidadeMarketing.com.br &gt; Mestre em Comunica\u00e7\u00e3o e Sociedade pela Universidade Federal de Sergipe. Possui MBA Executivo em Administra\u00e7\u00e3o com \u00eanfase em Marketing pela Funda\u00e7\u00e3o Get\u00falio Vargas - Rio de Janeiro. Consultor, Palestrante e Pesquisador sobre Empreendedorismo, Marketing, Redes Sociais e Neg\u00f3cios Digitais. Professor, Palestrante TedxTalks e Campus Party. Twitter: @ThalesBrandao","sameAs":["http:\/\/www.mandacaru.com.br","https:\/\/www.facebook.com\/thalesbrandao","http:\/\/www.instagram.com.br\/thalesbrandaoferreira","https:\/\/www.linkedin.com\/in\/thales-brand\u00e3o-3948609\/","https:\/\/x.com\/http:\/\/www.twitter.com\/thalesbrandao"],"url":"https:\/\/www.cidademarketing.com.br\/marketing\/author\/thalesbrandao\/"}]}},"amp_enabled":true,"_links":{"self":[{"href":"https:\/\/www.cidademarketing.com.br\/marketing\/wp-json\/wp\/v2\/posts\/37778","targetHints":{"allow":["GET"]}}],"collection":[{"href":"https:\/\/www.cidademarketing.com.br\/marketing\/wp-json\/wp\/v2\/posts"}],"about":[{"href":"https:\/\/www.cidademarketing.com.br\/marketing\/wp-json\/wp\/v2\/types\/post"}],"author":[{"embeddable":true,"href":"https:\/\/www.cidademarketing.com.br\/marketing\/wp-json\/wp\/v2\/users\/1"}],"replies":[{"embeddable":true,"href":"https:\/\/www.cidademarketing.com.br\/marketing\/wp-json\/wp\/v2\/comments?post=37778"}],"version-history":[{"count":1,"href":"https:\/\/www.cidademarketing.com.br\/marketing\/wp-json\/wp\/v2\/posts\/37778\/revisions"}],"predecessor-version":[{"id":37780,"href":"https:\/\/www.cidademarketing.com.br\/marketing\/wp-json\/wp\/v2\/posts\/37778\/revisions\/37780"}],"wp:featuredmedia":[{"embeddable":true,"href":"https:\/\/www.cidademarketing.com.br\/marketing\/wp-json\/wp\/v2\/media\/37779"}],"wp:attachment":[{"href":"https:\/\/www.cidademarketing.com.br\/marketing\/wp-json\/wp\/v2\/media?parent=37778"}],"wp:term":[{"taxonomy":"category","embeddable":true,"href":"https:\/\/www.cidademarketing.com.br\/marketing\/wp-json\/wp\/v2\/categories?post=37778"},{"taxonomy":"post_tag","embeddable":true,"href":"https:\/\/www.cidademarketing.com.br\/marketing\/wp-json\/wp\/v2\/tags?post=37778"}],"curies":[{"name":"wp","href":"https:\/\/api.w.org\/{rel}","templated":true}]}}