{"id":3776,"date":"2018-12-12T09:53:04","date_gmt":"2018-12-12T11:53:04","guid":{"rendered":"http:\/\/www.cidademarketing.com.br\/marketing\/?p=3776"},"modified":"2018-12-12T09:53:06","modified_gmt":"2018-12-12T11:53:06","slug":"volkswagen-anuncia-recall-para-gol-e-voyage-por-falha-no-cinto-de-seguranca","status":"publish","type":"post","link":"https:\/\/www.cidademarketing.com.br\/marketing\/2018\/12\/12\/volkswagen-anuncia-recall-para-gol-e-voyage-por-falha-no-cinto-de-seguranca\/","title":{"rendered":"Volkswagen anuncia recall para Gol e Voyage por falha no cinto de seguran\u00e7a"},"content":{"rendered":"\n<p>A Volkswagen anunciou um recall para Gol e Voyage. Os propriet\u00e1rios dos dois modelos dever\u00e3o agendar uma ida a qualquer concession\u00e1ria para efetuar um reparo no  fecho duplo do cinto de seguran\u00e7a traseiro. Em caso de acidente, a fixa\u00e7\u00e3o dos dispositivos dos passageiros acomodados ao centro e \u00e0 esquerda do banco de tr\u00e1s pode se soltar.\u00a0\u00a0Segundo a Volkswagen, houve um \u201cdesvio dimensional na rosca da porca de fixa\u00e7\u00e3o do fecho duplo do cinto de seguran\u00e7a traseiro\u201d dos modelos Gol e Voyage. .Se ocorrer uma colis\u00e3o, tais equipamentos de seguran\u00e7a \u201cn\u00e3o oferecer\u00e3o a prote\u00e7\u00e3o especificada, podendo ocasionar danos f\u00edsicos aos ocupantes do ve\u00edculo\u201d, de acordo com um comunicado emitido pela empresa.<\/p>\n\n\n\n<figure class=\"wp-block-image\"><img fetchpriority=\"high\" decoding=\"async\" width=\"620\" height=\"413\" src=\"http:\/\/www.cidademarketing.com.br\/marketing\/wp-content\/uploads\/2018\/12\/gol_e_voyage_2019__5_.jpg\" alt=\"\" class=\"wp-image-3778\" srcset=\"https:\/\/www.cidademarketing.com.br\/marketing\/wp-content\/uploads\/2018\/12\/gol_e_voyage_2019__5_.jpg 620w, https:\/\/www.cidademarketing.com.br\/marketing\/wp-content\/uploads\/2018\/12\/gol_e_voyage_2019__5_-300x200.jpg 300w\" sizes=\"(max-width: 620px) 100vw, 620px\" \/><figcaption>Divulga\u00e7\u00e3o<\/figcaption><\/figure>\n\n\n\n<p><\/p>\n\n\n\n<p>As unidades de Gol e Voyage convocadas para o recall foram produzidas entre os dias  16 de maio e 14 de junho deste ano. A Volkswagen n\u00e3o informou quantos ve\u00edculos foram relacionados, mas h\u00e1 exemplares das linhas 2018 e 2019. Para solucionar a falha, ser\u00e1 instalada uma porca de fixa\u00e7\u00e3o no fecho do cinto de seguran\u00e7a. Confira a numera\u00e7\u00e3o de chassi (n\u00e3o-sequencial) dos ve\u00edculos envolvidos na a\u00e7\u00e3o:<\/p>\n\n\n\n<p>Gol (linhas 2018 e 2019): de JT156496 a KT010470<br>Voyage (linhas 2018 e 2019): de JT156496 a KT010470<\/p>\n\n\n\n<p>O servi\u00e7o de reparo \u00e9 gratuito e tem tempo de execu\u00e7\u00e3o previsto para 50 minutos. Todavia, o atendimento na rede de concession\u00e1rias come\u00e7a somente no pr\u00f3ximo dia 17. Propriet\u00e1rios de Gol e Voyage podem obter mais informa\u00e7\u00f5es pelo telefone 0800 019 8866 e ou no site <a href=\"http:\/\/www.vw.com.br\" target=\"_blank\" rel=\"noreferrer noopener\" aria-label=\"O servi\u00e7o de reparo \u00e9 gratuito e tem tempo de execu\u00e7\u00e3o previsto para 50 minutos. Todavia, o atendimento na rede de concession\u00e1rias come\u00e7a somente no pr\u00f3ximo dia 17. Propriet\u00e1rios de Gol e Voyage podem obter mais informa\u00e7\u00f5es pelo telefone 0800 019 8866 e ou no site www.vw.com.br. (opens in a new tab)\">www.vw.com.br<\/a>.<\/p>\n","protected":false},"excerpt":{"rendered":"<p>A Volkswagen anunciou um recall para Gol e Voyage. Os propriet\u00e1rios dos dois modelos dever\u00e3o agendar uma ida a qualquer concession\u00e1ria para efetuar um reparo no fecho duplo do cinto de seguran\u00e7a traseiro. Em caso de acidente, a fixa\u00e7\u00e3o dos dispositivos dos passageiros acomodados ao centro e \u00e0 esquerda do banco de tr\u00e1s pode se [&hellip;]<\/p>\n","protected":false},"author":1,"featured_media":3777,"comment_status":"open","ping_status":"open","sticky":false,"template":"","format":"standard","meta":{"tdm_status":"","tdm_grid_status":"","footnotes":""},"categories":[6],"tags":[117,807],"class_list":["post-3776","post","type-post","status-publish","format-standard","has-post-thumbnail","hentry","category-noticias","tag-recall","tag-voyage"],"yoast_head":"<!-- This site is optimized with the Yoast SEO plugin v27.5 - https:\/\/yoast.com\/product\/yoast-seo-wordpress\/ -->\n<title>Volkswagen anuncia recall para Gol e Voyage por falha no cinto de seguran\u00e7a - CidadeMarketing<\/title>\n<meta name=\"robots\" content=\"index, follow, max-snippet:-1, max-image-preview:large, max-video-preview:-1\" \/>\n<link rel=\"canonical\" href=\"https:\/\/www.cidademarketing.com.br\/marketing\/2018\/12\/12\/volkswagen-anuncia-recall-para-gol-e-voyage-por-falha-no-cinto-de-seguranca\/\" \/>\n<meta property=\"og:locale\" content=\"pt_BR\" \/>\n<meta property=\"og:type\" content=\"article\" \/>\n<meta property=\"og:title\" content=\"Volkswagen anuncia recall para Gol e Voyage por falha no cinto de seguran\u00e7a - CidadeMarketing\" \/>\n<meta property=\"og:description\" content=\"A Volkswagen anunciou um recall para Gol e Voyage. Os propriet\u00e1rios dos dois modelos dever\u00e3o agendar uma ida a qualquer concession\u00e1ria para efetuar um reparo no fecho duplo do cinto de seguran\u00e7a traseiro. Em caso de acidente, a fixa\u00e7\u00e3o dos dispositivos dos passageiros acomodados ao centro e \u00e0 esquerda do banco de tr\u00e1s pode se [&hellip;]\" \/>\n<meta property=\"og:url\" content=\"https:\/\/www.cidademarketing.com.br\/marketing\/2018\/12\/12\/volkswagen-anuncia-recall-para-gol-e-voyage-por-falha-no-cinto-de-seguranca\/\" \/>\n<meta property=\"og:site_name\" content=\"CidadeMarketing\" \/>\n<meta property=\"article:publisher\" content=\"https:\/\/www.facebook.com\/portalcidademarketing\" \/>\n<meta property=\"article:author\" content=\"https:\/\/www.facebook.com\/thalesbrandao\" \/>\n<meta property=\"article:published_time\" content=\"2018-12-12T11:53:04+00:00\" \/>\n<meta property=\"article:modified_time\" content=\"2018-12-12T11:53:06+00:00\" \/>\n<meta property=\"og:image\" content=\"https:\/\/www.cidademarketing.com.br\/marketing\/wp-content\/uploads\/2018\/12\/gol_e_voyage_2019__9_-e1526935241764.jpg\" \/>\n\t<meta property=\"og:image:width\" content=\"1268\" \/>\n\t<meta property=\"og:image:height\" content=\"844\" \/>\n\t<meta property=\"og:image:type\" content=\"image\/jpeg\" \/>\n<meta name=\"author\" content=\"Thales Brand\u00e3o\" \/>\n<meta name=\"twitter:card\" content=\"summary_large_image\" \/>\n<meta name=\"twitter:creator\" content=\"@http:\/\/www.twitter.com\/thalesbrandao\" \/>\n<meta name=\"twitter:site\" content=\"@CidadeMarketing\" \/>\n<meta name=\"twitter:label1\" content=\"Escrito por\" \/>\n\t<meta name=\"twitter:data1\" content=\"Thales Brand\u00e3o\" \/>\n\t<meta name=\"twitter:label2\" content=\"Est. tempo de leitura\" \/>\n\t<meta name=\"twitter:data2\" content=\"1 minuto\" \/>\n<script type=\"application\/ld+json\" class=\"yoast-schema-graph\">{\"@context\":\"https:\\\/\\\/schema.org\",\"@graph\":[{\"@type\":\"Article\",\"@id\":\"https:\\\/\\\/www.cidademarketing.com.br\\\/marketing\\\/2018\\\/12\\\/12\\\/volkswagen-anuncia-recall-para-gol-e-voyage-por-falha-no-cinto-de-seguranca\\\/#article\",\"isPartOf\":{\"@id\":\"https:\\\/\\\/www.cidademarketing.com.br\\\/marketing\\\/2018\\\/12\\\/12\\\/volkswagen-anuncia-recall-para-gol-e-voyage-por-falha-no-cinto-de-seguranca\\\/\"},\"author\":{\"name\":\"Thales Brand\u00e3o\",\"@id\":\"https:\\\/\\\/www.cidademarketing.com.br\\\/marketing\\\/#\\\/schema\\\/person\\\/02daff9f18bd9378c9e01eb6b2db155f\"},\"headline\":\"Volkswagen anuncia recall para Gol e Voyage por falha no cinto de seguran\u00e7a\",\"datePublished\":\"2018-12-12T11:53:04+00:00\",\"dateModified\":\"2018-12-12T11:53:06+00:00\",\"mainEntityOfPage\":{\"@id\":\"https:\\\/\\\/www.cidademarketing.com.br\\\/marketing\\\/2018\\\/12\\\/12\\\/volkswagen-anuncia-recall-para-gol-e-voyage-por-falha-no-cinto-de-seguranca\\\/\"},\"wordCount\":277,\"commentCount\":0,\"publisher\":{\"@id\":\"https:\\\/\\\/www.cidademarketing.com.br\\\/marketing\\\/#organization\"},\"image\":{\"@id\":\"https:\\\/\\\/www.cidademarketing.com.br\\\/marketing\\\/2018\\\/12\\\/12\\\/volkswagen-anuncia-recall-para-gol-e-voyage-por-falha-no-cinto-de-seguranca\\\/#primaryimage\"},\"thumbnailUrl\":\"https:\\\/\\\/www.cidademarketing.com.br\\\/marketing\\\/wp-content\\\/uploads\\\/2018\\\/12\\\/gol_e_voyage_2019__9_-e1526935241764.jpg\",\"keywords\":[\"recall\",\"Voyage\"],\"articleSection\":[\"Not\u00edcias\"],\"inLanguage\":\"pt-BR\",\"potentialAction\":[{\"@type\":\"CommentAction\",\"name\":\"Comment\",\"target\":[\"https:\\\/\\\/www.cidademarketing.com.br\\\/marketing\\\/2018\\\/12\\\/12\\\/volkswagen-anuncia-recall-para-gol-e-voyage-por-falha-no-cinto-de-seguranca\\\/#respond\"]}]},{\"@type\":\"WebPage\",\"@id\":\"https:\\\/\\\/www.cidademarketing.com.br\\\/marketing\\\/2018\\\/12\\\/12\\\/volkswagen-anuncia-recall-para-gol-e-voyage-por-falha-no-cinto-de-seguranca\\\/\",\"url\":\"https:\\\/\\\/www.cidademarketing.com.br\\\/marketing\\\/2018\\\/12\\\/12\\\/volkswagen-anuncia-recall-para-gol-e-voyage-por-falha-no-cinto-de-seguranca\\\/\",\"name\":\"Volkswagen anuncia recall para Gol e Voyage por falha no cinto de seguran\u00e7a - CidadeMarketing\",\"isPartOf\":{\"@id\":\"https:\\\/\\\/www.cidademarketing.com.br\\\/marketing\\\/#website\"},\"primaryImageOfPage\":{\"@id\":\"https:\\\/\\\/www.cidademarketing.com.br\\\/marketing\\\/2018\\\/12\\\/12\\\/volkswagen-anuncia-recall-para-gol-e-voyage-por-falha-no-cinto-de-seguranca\\\/#primaryimage\"},\"image\":{\"@id\":\"https:\\\/\\\/www.cidademarketing.com.br\\\/marketing\\\/2018\\\/12\\\/12\\\/volkswagen-anuncia-recall-para-gol-e-voyage-por-falha-no-cinto-de-seguranca\\\/#primaryimage\"},\"thumbnailUrl\":\"https:\\\/\\\/www.cidademarketing.com.br\\\/marketing\\\/wp-content\\\/uploads\\\/2018\\\/12\\\/gol_e_voyage_2019__9_-e1526935241764.jpg\",\"datePublished\":\"2018-12-12T11:53:04+00:00\",\"dateModified\":\"2018-12-12T11:53:06+00:00\",\"breadcrumb\":{\"@id\":\"https:\\\/\\\/www.cidademarketing.com.br\\\/marketing\\\/2018\\\/12\\\/12\\\/volkswagen-anuncia-recall-para-gol-e-voyage-por-falha-no-cinto-de-seguranca\\\/#breadcrumb\"},\"inLanguage\":\"pt-BR\",\"potentialAction\":[{\"@type\":\"ReadAction\",\"target\":[\"https:\\\/\\\/www.cidademarketing.com.br\\\/marketing\\\/2018\\\/12\\\/12\\\/volkswagen-anuncia-recall-para-gol-e-voyage-por-falha-no-cinto-de-seguranca\\\/\"]}]},{\"@type\":\"ImageObject\",\"inLanguage\":\"pt-BR\",\"@id\":\"https:\\\/\\\/www.cidademarketing.com.br\\\/marketing\\\/2018\\\/12\\\/12\\\/volkswagen-anuncia-recall-para-gol-e-voyage-por-falha-no-cinto-de-seguranca\\\/#primaryimage\",\"url\":\"https:\\\/\\\/www.cidademarketing.com.br\\\/marketing\\\/wp-content\\\/uploads\\\/2018\\\/12\\\/gol_e_voyage_2019__9_-e1526935241764.jpg\",\"contentUrl\":\"https:\\\/\\\/www.cidademarketing.com.br\\\/marketing\\\/wp-content\\\/uploads\\\/2018\\\/12\\\/gol_e_voyage_2019__9_-e1526935241764.jpg\",\"width\":1268,\"height\":844,\"caption\":\"Divulga\u00e7\u00e3o\"},{\"@type\":\"BreadcrumbList\",\"@id\":\"https:\\\/\\\/www.cidademarketing.com.br\\\/marketing\\\/2018\\\/12\\\/12\\\/volkswagen-anuncia-recall-para-gol-e-voyage-por-falha-no-cinto-de-seguranca\\\/#breadcrumb\",\"itemListElement\":[{\"@type\":\"ListItem\",\"position\":1,\"name\":\"In\u00edcio\",\"item\":\"https:\\\/\\\/www.cidademarketing.com.br\\\/marketing\\\/\"},{\"@type\":\"ListItem\",\"position\":2,\"name\":\"Volkswagen anuncia recall para Gol e Voyage por falha no cinto de seguran\u00e7a\"}]},{\"@type\":\"WebSite\",\"@id\":\"https:\\\/\\\/www.cidademarketing.com.br\\\/marketing\\\/#website\",\"url\":\"https:\\\/\\\/www.cidademarketing.com.br\\\/marketing\\\/\",\"name\":\"CidadeMarketing\",\"description\":\"Somos um ve\u00edculo de comunica\u00e7\u00e3o de destaque no Brasil, reconhecido por conte\u00fados nos segmentos de marketing, empreendedorismo e inova\u00e7\u00e3o.\",\"publisher\":{\"@id\":\"https:\\\/\\\/www.cidademarketing.com.br\\\/marketing\\\/#organization\"},\"alternateName\":\"CidadeMarketing\",\"potentialAction\":[{\"@type\":\"SearchAction\",\"target\":{\"@type\":\"EntryPoint\",\"urlTemplate\":\"https:\\\/\\\/www.cidademarketing.com.br\\\/marketing\\\/?s={search_term_string}\"},\"query-input\":{\"@type\":\"PropertyValueSpecification\",\"valueRequired\":true,\"valueName\":\"search_term_string\"}}],\"inLanguage\":\"pt-BR\"},{\"@type\":\"Organization\",\"@id\":\"https:\\\/\\\/www.cidademarketing.com.br\\\/marketing\\\/#organization\",\"name\":\"CidadeMarketing\",\"alternateName\":\"CidadeMarketing\",\"url\":\"https:\\\/\\\/www.cidademarketing.com.br\\\/marketing\\\/\",\"logo\":{\"@type\":\"ImageObject\",\"inLanguage\":\"pt-BR\",\"@id\":\"https:\\\/\\\/www.cidademarketing.com.br\\\/marketing\\\/#\\\/schema\\\/logo\\\/image\\\/\",\"url\":\"https:\\\/\\\/www.cidademarketing.com.br\\\/marketing\\\/wp-content\\\/uploads\\\/2020\\\/01\\\/cidademarketing_marca_mobile.png\",\"contentUrl\":\"https:\\\/\\\/www.cidademarketing.com.br\\\/marketing\\\/wp-content\\\/uploads\\\/2020\\\/01\\\/cidademarketing_marca_mobile.png\",\"width\":230,\"height\":92,\"caption\":\"CidadeMarketing\"},\"image\":{\"@id\":\"https:\\\/\\\/www.cidademarketing.com.br\\\/marketing\\\/#\\\/schema\\\/logo\\\/image\\\/\"},\"sameAs\":[\"https:\\\/\\\/www.facebook.com\\\/portalcidademarketing\",\"https:\\\/\\\/x.com\\\/CidadeMarketing\",\"https:\\\/\\\/www.instagram.com\\\/cidademarketing\\\/\"]},{\"@type\":\"Person\",\"@id\":\"https:\\\/\\\/www.cidademarketing.com.br\\\/marketing\\\/#\\\/schema\\\/person\\\/02daff9f18bd9378c9e01eb6b2db155f\",\"name\":\"Thales Brand\u00e3o\",\"image\":{\"@type\":\"ImageObject\",\"inLanguage\":\"pt-BR\",\"@id\":\"https:\\\/\\\/secure.gravatar.com\\\/avatar\\\/7ca3206950207cc3cb48feec56a8a7898741ab725c368d99d5d7a5a50aab80c6?s=96&d=mm&r=g\",\"url\":\"https:\\\/\\\/secure.gravatar.com\\\/avatar\\\/7ca3206950207cc3cb48feec56a8a7898741ab725c368d99d5d7a5a50aab80c6?s=96&d=mm&r=g\",\"contentUrl\":\"https:\\\/\\\/secure.gravatar.com\\\/avatar\\\/7ca3206950207cc3cb48feec56a8a7898741ab725c368d99d5d7a5a50aab80c6?s=96&d=mm&r=g\",\"caption\":\"Thales Brand\u00e3o\"},\"description\":\"Editor Executivo do Portal CidadeMarketing.com.br &gt; Mestre em Comunica\u00e7\u00e3o e Sociedade pela Universidade Federal de Sergipe. Possui MBA Executivo em Administra\u00e7\u00e3o com \u00eanfase em Marketing pela Funda\u00e7\u00e3o Get\u00falio Vargas - Rio de Janeiro. Consultor, Palestrante e Pesquisador sobre Empreendedorismo, Marketing, Redes Sociais e Neg\u00f3cios Digitais. Professor, Palestrante TedxTalks e Campus Party. Twitter: @ThalesBrandao\",\"sameAs\":[\"http:\\\/\\\/www.mandacaru.com.br\",\"https:\\\/\\\/www.facebook.com\\\/thalesbrandao\",\"http:\\\/\\\/www.instagram.com.br\\\/thalesbrandaoferreira\",\"https:\\\/\\\/www.linkedin.com\\\/in\\\/thales-brand\u00e3o-3948609\\\/\",\"https:\\\/\\\/x.com\\\/http:\\\/\\\/www.twitter.com\\\/thalesbrandao\"],\"url\":\"https:\\\/\\\/www.cidademarketing.com.br\\\/marketing\\\/author\\\/thalesbrandao\\\/\"}]}<\/script>\n<!-- \/ Yoast SEO plugin. -->","yoast_head_json":{"title":"Volkswagen anuncia recall para Gol e Voyage por falha no cinto de seguran\u00e7a - CidadeMarketing","robots":{"index":"index","follow":"follow","max-snippet":"max-snippet:-1","max-image-preview":"max-image-preview:large","max-video-preview":"max-video-preview:-1"},"canonical":"https:\/\/www.cidademarketing.com.br\/marketing\/2018\/12\/12\/volkswagen-anuncia-recall-para-gol-e-voyage-por-falha-no-cinto-de-seguranca\/","og_locale":"pt_BR","og_type":"article","og_title":"Volkswagen anuncia recall para Gol e Voyage por falha no cinto de seguran\u00e7a - CidadeMarketing","og_description":"A Volkswagen anunciou um recall para Gol e Voyage. Os propriet\u00e1rios dos dois modelos dever\u00e3o agendar uma ida a qualquer concession\u00e1ria para efetuar um reparo no fecho duplo do cinto de seguran\u00e7a traseiro. Em caso de acidente, a fixa\u00e7\u00e3o dos dispositivos dos passageiros acomodados ao centro e \u00e0 esquerda do banco de tr\u00e1s pode se [&hellip;]","og_url":"https:\/\/www.cidademarketing.com.br\/marketing\/2018\/12\/12\/volkswagen-anuncia-recall-para-gol-e-voyage-por-falha-no-cinto-de-seguranca\/","og_site_name":"CidadeMarketing","article_publisher":"https:\/\/www.facebook.com\/portalcidademarketing","article_author":"https:\/\/www.facebook.com\/thalesbrandao","article_published_time":"2018-12-12T11:53:04+00:00","article_modified_time":"2018-12-12T11:53:06+00:00","og_image":[{"width":1268,"height":844,"url":"https:\/\/www.cidademarketing.com.br\/marketing\/wp-content\/uploads\/2018\/12\/gol_e_voyage_2019__9_-e1526935241764.jpg","type":"image\/jpeg"}],"author":"Thales Brand\u00e3o","twitter_card":"summary_large_image","twitter_creator":"@http:\/\/www.twitter.com\/thalesbrandao","twitter_site":"@CidadeMarketing","twitter_misc":{"Escrito por":"Thales Brand\u00e3o","Est. tempo de leitura":"1 minuto"},"schema":{"@context":"https:\/\/schema.org","@graph":[{"@type":"Article","@id":"https:\/\/www.cidademarketing.com.br\/marketing\/2018\/12\/12\/volkswagen-anuncia-recall-para-gol-e-voyage-por-falha-no-cinto-de-seguranca\/#article","isPartOf":{"@id":"https:\/\/www.cidademarketing.com.br\/marketing\/2018\/12\/12\/volkswagen-anuncia-recall-para-gol-e-voyage-por-falha-no-cinto-de-seguranca\/"},"author":{"name":"Thales Brand\u00e3o","@id":"https:\/\/www.cidademarketing.com.br\/marketing\/#\/schema\/person\/02daff9f18bd9378c9e01eb6b2db155f"},"headline":"Volkswagen anuncia recall para Gol e Voyage por falha no cinto de seguran\u00e7a","datePublished":"2018-12-12T11:53:04+00:00","dateModified":"2018-12-12T11:53:06+00:00","mainEntityOfPage":{"@id":"https:\/\/www.cidademarketing.com.br\/marketing\/2018\/12\/12\/volkswagen-anuncia-recall-para-gol-e-voyage-por-falha-no-cinto-de-seguranca\/"},"wordCount":277,"commentCount":0,"publisher":{"@id":"https:\/\/www.cidademarketing.com.br\/marketing\/#organization"},"image":{"@id":"https:\/\/www.cidademarketing.com.br\/marketing\/2018\/12\/12\/volkswagen-anuncia-recall-para-gol-e-voyage-por-falha-no-cinto-de-seguranca\/#primaryimage"},"thumbnailUrl":"https:\/\/www.cidademarketing.com.br\/marketing\/wp-content\/uploads\/2018\/12\/gol_e_voyage_2019__9_-e1526935241764.jpg","keywords":["recall","Voyage"],"articleSection":["Not\u00edcias"],"inLanguage":"pt-BR","potentialAction":[{"@type":"CommentAction","name":"Comment","target":["https:\/\/www.cidademarketing.com.br\/marketing\/2018\/12\/12\/volkswagen-anuncia-recall-para-gol-e-voyage-por-falha-no-cinto-de-seguranca\/#respond"]}]},{"@type":"WebPage","@id":"https:\/\/www.cidademarketing.com.br\/marketing\/2018\/12\/12\/volkswagen-anuncia-recall-para-gol-e-voyage-por-falha-no-cinto-de-seguranca\/","url":"https:\/\/www.cidademarketing.com.br\/marketing\/2018\/12\/12\/volkswagen-anuncia-recall-para-gol-e-voyage-por-falha-no-cinto-de-seguranca\/","name":"Volkswagen anuncia recall para Gol e Voyage por falha no cinto de seguran\u00e7a - CidadeMarketing","isPartOf":{"@id":"https:\/\/www.cidademarketing.com.br\/marketing\/#website"},"primaryImageOfPage":{"@id":"https:\/\/www.cidademarketing.com.br\/marketing\/2018\/12\/12\/volkswagen-anuncia-recall-para-gol-e-voyage-por-falha-no-cinto-de-seguranca\/#primaryimage"},"image":{"@id":"https:\/\/www.cidademarketing.com.br\/marketing\/2018\/12\/12\/volkswagen-anuncia-recall-para-gol-e-voyage-por-falha-no-cinto-de-seguranca\/#primaryimage"},"thumbnailUrl":"https:\/\/www.cidademarketing.com.br\/marketing\/wp-content\/uploads\/2018\/12\/gol_e_voyage_2019__9_-e1526935241764.jpg","datePublished":"2018-12-12T11:53:04+00:00","dateModified":"2018-12-12T11:53:06+00:00","breadcrumb":{"@id":"https:\/\/www.cidademarketing.com.br\/marketing\/2018\/12\/12\/volkswagen-anuncia-recall-para-gol-e-voyage-por-falha-no-cinto-de-seguranca\/#breadcrumb"},"inLanguage":"pt-BR","potentialAction":[{"@type":"ReadAction","target":["https:\/\/www.cidademarketing.com.br\/marketing\/2018\/12\/12\/volkswagen-anuncia-recall-para-gol-e-voyage-por-falha-no-cinto-de-seguranca\/"]}]},{"@type":"ImageObject","inLanguage":"pt-BR","@id":"https:\/\/www.cidademarketing.com.br\/marketing\/2018\/12\/12\/volkswagen-anuncia-recall-para-gol-e-voyage-por-falha-no-cinto-de-seguranca\/#primaryimage","url":"https:\/\/www.cidademarketing.com.br\/marketing\/wp-content\/uploads\/2018\/12\/gol_e_voyage_2019__9_-e1526935241764.jpg","contentUrl":"https:\/\/www.cidademarketing.com.br\/marketing\/wp-content\/uploads\/2018\/12\/gol_e_voyage_2019__9_-e1526935241764.jpg","width":1268,"height":844,"caption":"Divulga\u00e7\u00e3o"},{"@type":"BreadcrumbList","@id":"https:\/\/www.cidademarketing.com.br\/marketing\/2018\/12\/12\/volkswagen-anuncia-recall-para-gol-e-voyage-por-falha-no-cinto-de-seguranca\/#breadcrumb","itemListElement":[{"@type":"ListItem","position":1,"name":"In\u00edcio","item":"https:\/\/www.cidademarketing.com.br\/marketing\/"},{"@type":"ListItem","position":2,"name":"Volkswagen anuncia recall para Gol e Voyage por falha no cinto de seguran\u00e7a"}]},{"@type":"WebSite","@id":"https:\/\/www.cidademarketing.com.br\/marketing\/#website","url":"https:\/\/www.cidademarketing.com.br\/marketing\/","name":"CidadeMarketing","description":"Somos um ve\u00edculo de comunica\u00e7\u00e3o de destaque no Brasil, reconhecido por conte\u00fados nos segmentos de marketing, empreendedorismo e inova\u00e7\u00e3o.","publisher":{"@id":"https:\/\/www.cidademarketing.com.br\/marketing\/#organization"},"alternateName":"CidadeMarketing","potentialAction":[{"@type":"SearchAction","target":{"@type":"EntryPoint","urlTemplate":"https:\/\/www.cidademarketing.com.br\/marketing\/?s={search_term_string}"},"query-input":{"@type":"PropertyValueSpecification","valueRequired":true,"valueName":"search_term_string"}}],"inLanguage":"pt-BR"},{"@type":"Organization","@id":"https:\/\/www.cidademarketing.com.br\/marketing\/#organization","name":"CidadeMarketing","alternateName":"CidadeMarketing","url":"https:\/\/www.cidademarketing.com.br\/marketing\/","logo":{"@type":"ImageObject","inLanguage":"pt-BR","@id":"https:\/\/www.cidademarketing.com.br\/marketing\/#\/schema\/logo\/image\/","url":"https:\/\/www.cidademarketing.com.br\/marketing\/wp-content\/uploads\/2020\/01\/cidademarketing_marca_mobile.png","contentUrl":"https:\/\/www.cidademarketing.com.br\/marketing\/wp-content\/uploads\/2020\/01\/cidademarketing_marca_mobile.png","width":230,"height":92,"caption":"CidadeMarketing"},"image":{"@id":"https:\/\/www.cidademarketing.com.br\/marketing\/#\/schema\/logo\/image\/"},"sameAs":["https:\/\/www.facebook.com\/portalcidademarketing","https:\/\/x.com\/CidadeMarketing","https:\/\/www.instagram.com\/cidademarketing\/"]},{"@type":"Person","@id":"https:\/\/www.cidademarketing.com.br\/marketing\/#\/schema\/person\/02daff9f18bd9378c9e01eb6b2db155f","name":"Thales Brand\u00e3o","image":{"@type":"ImageObject","inLanguage":"pt-BR","@id":"https:\/\/secure.gravatar.com\/avatar\/7ca3206950207cc3cb48feec56a8a7898741ab725c368d99d5d7a5a50aab80c6?s=96&d=mm&r=g","url":"https:\/\/secure.gravatar.com\/avatar\/7ca3206950207cc3cb48feec56a8a7898741ab725c368d99d5d7a5a50aab80c6?s=96&d=mm&r=g","contentUrl":"https:\/\/secure.gravatar.com\/avatar\/7ca3206950207cc3cb48feec56a8a7898741ab725c368d99d5d7a5a50aab80c6?s=96&d=mm&r=g","caption":"Thales Brand\u00e3o"},"description":"Editor Executivo do Portal CidadeMarketing.com.br &gt; Mestre em Comunica\u00e7\u00e3o e Sociedade pela Universidade Federal de Sergipe. Possui MBA Executivo em Administra\u00e7\u00e3o com \u00eanfase em Marketing pela Funda\u00e7\u00e3o Get\u00falio Vargas - Rio de Janeiro. Consultor, Palestrante e Pesquisador sobre Empreendedorismo, Marketing, Redes Sociais e Neg\u00f3cios Digitais. Professor, Palestrante TedxTalks e Campus Party. Twitter: @ThalesBrandao","sameAs":["http:\/\/www.mandacaru.com.br","https:\/\/www.facebook.com\/thalesbrandao","http:\/\/www.instagram.com.br\/thalesbrandaoferreira","https:\/\/www.linkedin.com\/in\/thales-brand\u00e3o-3948609\/","https:\/\/x.com\/http:\/\/www.twitter.com\/thalesbrandao"],"url":"https:\/\/www.cidademarketing.com.br\/marketing\/author\/thalesbrandao\/"}]}},"amp_enabled":true,"_links":{"self":[{"href":"https:\/\/www.cidademarketing.com.br\/marketing\/wp-json\/wp\/v2\/posts\/3776","targetHints":{"allow":["GET"]}}],"collection":[{"href":"https:\/\/www.cidademarketing.com.br\/marketing\/wp-json\/wp\/v2\/posts"}],"about":[{"href":"https:\/\/www.cidademarketing.com.br\/marketing\/wp-json\/wp\/v2\/types\/post"}],"author":[{"embeddable":true,"href":"https:\/\/www.cidademarketing.com.br\/marketing\/wp-json\/wp\/v2\/users\/1"}],"replies":[{"embeddable":true,"href":"https:\/\/www.cidademarketing.com.br\/marketing\/wp-json\/wp\/v2\/comments?post=3776"}],"version-history":[{"count":1,"href":"https:\/\/www.cidademarketing.com.br\/marketing\/wp-json\/wp\/v2\/posts\/3776\/revisions"}],"predecessor-version":[{"id":3779,"href":"https:\/\/www.cidademarketing.com.br\/marketing\/wp-json\/wp\/v2\/posts\/3776\/revisions\/3779"}],"wp:featuredmedia":[{"embeddable":true,"href":"https:\/\/www.cidademarketing.com.br\/marketing\/wp-json\/wp\/v2\/media\/3777"}],"wp:attachment":[{"href":"https:\/\/www.cidademarketing.com.br\/marketing\/wp-json\/wp\/v2\/media?parent=3776"}],"wp:term":[{"taxonomy":"category","embeddable":true,"href":"https:\/\/www.cidademarketing.com.br\/marketing\/wp-json\/wp\/v2\/categories?post=3776"},{"taxonomy":"post_tag","embeddable":true,"href":"https:\/\/www.cidademarketing.com.br\/marketing\/wp-json\/wp\/v2\/tags?post=3776"}],"curies":[{"name":"wp","href":"https:\/\/api.w.org\/{rel}","templated":true}]}}