{"id":37638,"date":"2022-08-21T22:47:23","date_gmt":"2022-08-22T01:47:23","guid":{"rendered":"https:\/\/www.cidademarketing.com.br\/marketing\/?p=37638"},"modified":"2022-08-21T22:47:23","modified_gmt":"2022-08-22T01:47:23","slug":"ram-e-paramount-anunciam-parceria-e-levam-picape-da-serie-yellowstone-para-a-festa-de-barretos","status":"publish","type":"post","link":"https:\/\/www.cidademarketing.com.br\/marketing\/2022\/08\/21\/ram-e-paramount-anunciam-parceria-e-levam-picape-da-serie-yellowstone-para-a-festa-de-barretos\/","title":{"rendered":"Ram e Paramount anunciam parceria e levam picape da s\u00e9rie Yellowstone para a Festa de Barretos"},"content":{"rendered":"<p><iframe style=\"border-radius: 12px;\" src=\"https:\/\/open.spotify.com\/embed\/show\/4khMKzP3FgFRWVwb73xicc?utm_source=generator&amp;t=0\" width=\"100%\" height=\"232\" frameborder=\"0\" allowfullscreen=\"allowfullscreen\"><\/iframe><br \/>\nSucesso de p\u00fablico e m\u00eddia, universo agropecu\u00e1rio e aut\u00eantico estilo norte-americano s\u00e3o caracter\u00edsticas da marca Ram e tamb\u00e9m de Yellowstone, uma das s\u00e9ries mais aclamadas do servi\u00e7o premium de streaming, Paramount+. Em iniciativa in\u00e9dita no Brasil, a marca do carneiro e a Paramount anunciam uma parceria muito especial e exibir\u00e3o uma picape inspirada no ic\u00f4nico ve\u00edculo de John Dutton, protagonista da trama interpretado por Kevin Costner, durante a Festa do Pe\u00e3o de Barretos, maior evento da cultura country da Am\u00e9rica Latina, com grande presen\u00e7a da Ram.<br \/>\nQuem assiste a Yellowstone sabe que o personagem de Costner possui uma parceira insepar\u00e1vel: sua Ram 3500 Heavy Duty, que \u00e9 apenas uma das picapes Ram que aparecem na tela. Pensando nisso, a Ram e a Paramount montaram um espa\u00e7o \u201cinstagram\u00e1vel\u201d com um modelo similar ao do protagonista, para os f\u00e3s da marca se sentirem parte deste universo. E o palco n\u00e3o poderia ser outro: a Festa do Pe\u00e3o de Barretos, no interior paulista. Ap\u00f3s dois anos de pandemia, o evento (que acontece entre 18 e 28 de agosto) retorna ao formato 100% presencial e promete fazer mais sucesso do que nunca.<br \/>\n\u201cEstamos constantemente investindo em parcerias interessantes e cativantes para o nosso p\u00fablico. Agora, unimos uma das s\u00e9ries que mais representa o estilo Ram com o festival que \u00e9 a cara da marca. Com certeza, os apaixonados pelas nossas picapes ir\u00e3o adorar esta ativa\u00e7\u00e3o e, claro, as novidades que est\u00e3o por vir\u201d, afirma Breno Kamei, diretor da Ram para a Am\u00e9rica do Sul.<br \/>\n\u201cO portf\u00f3lio de licenciamentos da Paramount no Brasil est\u00e1 em constante desenvolvimento e com parceiros-chave na constru\u00e7\u00e3o dos neg\u00f3cios. O an\u00fancio de mais uma parceria, desta vez, com dois nomes t\u00e3o fortes do mercado, Ram e Yellowstone, s\u00f3 vem a refor\u00e7ar o quanto nosso pa\u00eds tem uma posi\u00e7\u00e3o estrat\u00e9gica para os neg\u00f3cios da Paramount na regi\u00e3o,\u201d comenta Victor Fonseca, vice-presidente de Licenciamento da Paramount Am\u00e9rica Latina.<\/p>\n<p>A parceria entre Ram e Paramount \u2013 que vem desde o in\u00edcio da s\u00e9rie nos EUA em 2018 \u2013 tamb\u00e9m incluir\u00e1 outras iniciativas como a\u00e7\u00f5es de marketing e, possivelmente, um novo produto de tiragem limitada. Um minitrailer do seriado pode ser assistido no perfil da Ram no LinkedIn.<\/p>\n<p>A s\u00e9rie<br \/>\nYellowstone bateu recorde de audi\u00eancia em TV paga nos Estados Unidos e est\u00e1 dispon\u00edvel no Brasil atrav\u00e9s do servi\u00e7o premium de streaming, Paramount+. O enredo conta a hist\u00f3ria da fam\u00edlia encabe\u00e7ada por John Dutton, que controla a maior fazenda cont\u00edgua de gado nos EUA. Em meio a alian\u00e7as divergentes, assassinatos n\u00e3o resolvidos, feridas abertas e o respeito conquistado arduamente, a fazenda est\u00e1 em constante conflito com suas fronteiras: uma cidade extensa, uma reserva ind\u00edgena e o primeiro parque nacional do pa\u00eds.<\/p>\n<p><iframe style=\"width: 100%; max-width: 660px; overflow: hidden; background: transparent;\" src=\"https:\/\/embed.podcasts.apple.com\/br\/podcast\/podcast-cidademarketing\/id1371923283\" height=\"450\" frameborder=\"0\" sandbox=\"allow-forms allow-popups allow-same-origin allow-scripts allow-storage-access-by-user-activation allow-top-navigation-by-user-activation\"><\/iframe><\/p>\n","protected":false},"excerpt":{"rendered":"<p>Sucesso de p\u00fablico e m\u00eddia, universo agropecu\u00e1rio e aut\u00eantico estilo norte-americano s\u00e3o caracter\u00edsticas da marca Ram e tamb\u00e9m de Yellowstone, uma das s\u00e9ries mais aclamadas do servi\u00e7o premium de streaming, Paramount+. Em iniciativa in\u00e9dita no Brasil, a marca do carneiro e a Paramount anunciam uma parceria muito especial e exibir\u00e3o uma picape inspirada no ic\u00f4nico [&hellip;]<\/p>\n","protected":false},"author":1,"featured_media":37639,"comment_status":"open","ping_status":"open","sticky":false,"template":"","format":"standard","meta":{"tdm_status":"","tdm_grid_status":"","footnotes":""},"categories":[6],"tags":[65,33,5460,28,447,3214],"class_list":["post-37638","post","type-post","status-publish","format-standard","has-post-thumbnail","hentry","category-noticias","tag-campanha","tag-estrategia","tag-festa-de-barretos","tag-marketing","tag-patrocinio","tag-ram"],"yoast_head":"<!-- This site is optimized with the Yoast SEO plugin v27.5 - https:\/\/yoast.com\/product\/yoast-seo-wordpress\/ -->\n<title>Ram e Paramount anunciam parceria e levam picape da s\u00e9rie Yellowstone para a Festa de Barretos - CidadeMarketing<\/title>\n<meta name=\"robots\" content=\"index, follow, max-snippet:-1, max-image-preview:large, max-video-preview:-1\" \/>\n<link rel=\"canonical\" href=\"https:\/\/www.cidademarketing.com.br\/marketing\/2022\/08\/21\/ram-e-paramount-anunciam-parceria-e-levam-picape-da-serie-yellowstone-para-a-festa-de-barretos\/\" \/>\n<meta property=\"og:locale\" content=\"pt_BR\" \/>\n<meta property=\"og:type\" content=\"article\" \/>\n<meta property=\"og:title\" content=\"Ram e Paramount anunciam parceria e levam picape da s\u00e9rie Yellowstone para a Festa de Barretos - CidadeMarketing\" \/>\n<meta property=\"og:description\" content=\"Sucesso de p\u00fablico e m\u00eddia, universo agropecu\u00e1rio e aut\u00eantico estilo norte-americano s\u00e3o caracter\u00edsticas da marca Ram e tamb\u00e9m de Yellowstone, uma das s\u00e9ries mais aclamadas do servi\u00e7o premium de streaming, Paramount+. Em iniciativa in\u00e9dita no Brasil, a marca do carneiro e a Paramount anunciam uma parceria muito especial e exibir\u00e3o uma picape inspirada no ic\u00f4nico [&hellip;]\" \/>\n<meta property=\"og:url\" content=\"https:\/\/www.cidademarketing.com.br\/marketing\/2022\/08\/21\/ram-e-paramount-anunciam-parceria-e-levam-picape-da-serie-yellowstone-para-a-festa-de-barretos\/\" \/>\n<meta property=\"og:site_name\" content=\"CidadeMarketing\" \/>\n<meta property=\"article:publisher\" content=\"https:\/\/www.facebook.com\/portalcidademarketing\" \/>\n<meta property=\"article:author\" content=\"https:\/\/www.facebook.com\/thalesbrandao\" \/>\n<meta property=\"article:published_time\" content=\"2022-08-22T01:47:23+00:00\" \/>\n<meta property=\"og:image\" content=\"https:\/\/www.cidademarketing.com.br\/marketing\/wp-content\/uploads\/2022\/08\/ram_barretos-2-scaled.jpeg\" \/>\n\t<meta property=\"og:image:width\" content=\"2560\" \/>\n\t<meta property=\"og:image:height\" content=\"1607\" \/>\n\t<meta property=\"og:image:type\" content=\"image\/jpeg\" \/>\n<meta name=\"author\" content=\"Thales Brand\u00e3o\" \/>\n<meta name=\"twitter:card\" content=\"summary_large_image\" \/>\n<meta name=\"twitter:creator\" content=\"@http:\/\/www.twitter.com\/thalesbrandao\" \/>\n<meta name=\"twitter:site\" content=\"@CidadeMarketing\" \/>\n<meta name=\"twitter:label1\" content=\"Escrito por\" \/>\n\t<meta name=\"twitter:data1\" content=\"Thales Brand\u00e3o\" \/>\n\t<meta name=\"twitter:label2\" content=\"Est. tempo de leitura\" \/>\n\t<meta name=\"twitter:data2\" content=\"2 minutos\" \/>\n<script type=\"application\/ld+json\" class=\"yoast-schema-graph\">{\"@context\":\"https:\\\/\\\/schema.org\",\"@graph\":[{\"@type\":\"Article\",\"@id\":\"https:\\\/\\\/www.cidademarketing.com.br\\\/marketing\\\/2022\\\/08\\\/21\\\/ram-e-paramount-anunciam-parceria-e-levam-picape-da-serie-yellowstone-para-a-festa-de-barretos\\\/#article\",\"isPartOf\":{\"@id\":\"https:\\\/\\\/www.cidademarketing.com.br\\\/marketing\\\/2022\\\/08\\\/21\\\/ram-e-paramount-anunciam-parceria-e-levam-picape-da-serie-yellowstone-para-a-festa-de-barretos\\\/\"},\"author\":{\"name\":\"Thales Brand\u00e3o\",\"@id\":\"https:\\\/\\\/www.cidademarketing.com.br\\\/marketing\\\/#\\\/schema\\\/person\\\/02daff9f18bd9378c9e01eb6b2db155f\"},\"headline\":\"Ram e Paramount anunciam parceria e levam picape da s\u00e9rie Yellowstone para a Festa de Barretos\",\"datePublished\":\"2022-08-22T01:47:23+00:00\",\"mainEntityOfPage\":{\"@id\":\"https:\\\/\\\/www.cidademarketing.com.br\\\/marketing\\\/2022\\\/08\\\/21\\\/ram-e-paramount-anunciam-parceria-e-levam-picape-da-serie-yellowstone-para-a-festa-de-barretos\\\/\"},\"wordCount\":513,\"commentCount\":0,\"publisher\":{\"@id\":\"https:\\\/\\\/www.cidademarketing.com.br\\\/marketing\\\/#organization\"},\"image\":{\"@id\":\"https:\\\/\\\/www.cidademarketing.com.br\\\/marketing\\\/2022\\\/08\\\/21\\\/ram-e-paramount-anunciam-parceria-e-levam-picape-da-serie-yellowstone-para-a-festa-de-barretos\\\/#primaryimage\"},\"thumbnailUrl\":\"https:\\\/\\\/www.cidademarketing.com.br\\\/marketing\\\/wp-content\\\/uploads\\\/2022\\\/08\\\/ram_barretos-2-scaled.jpeg\",\"keywords\":[\"campanha\",\"estrat\u00e9gia\",\"Festa de Barretos\",\"marketing\",\"patroc\u00ednio\",\"Ram\"],\"articleSection\":[\"Not\u00edcias\"],\"inLanguage\":\"pt-BR\",\"potentialAction\":[{\"@type\":\"CommentAction\",\"name\":\"Comment\",\"target\":[\"https:\\\/\\\/www.cidademarketing.com.br\\\/marketing\\\/2022\\\/08\\\/21\\\/ram-e-paramount-anunciam-parceria-e-levam-picape-da-serie-yellowstone-para-a-festa-de-barretos\\\/#respond\"]}]},{\"@type\":\"WebPage\",\"@id\":\"https:\\\/\\\/www.cidademarketing.com.br\\\/marketing\\\/2022\\\/08\\\/21\\\/ram-e-paramount-anunciam-parceria-e-levam-picape-da-serie-yellowstone-para-a-festa-de-barretos\\\/\",\"url\":\"https:\\\/\\\/www.cidademarketing.com.br\\\/marketing\\\/2022\\\/08\\\/21\\\/ram-e-paramount-anunciam-parceria-e-levam-picape-da-serie-yellowstone-para-a-festa-de-barretos\\\/\",\"name\":\"Ram e Paramount anunciam parceria e levam picape da s\u00e9rie Yellowstone para a Festa de Barretos - CidadeMarketing\",\"isPartOf\":{\"@id\":\"https:\\\/\\\/www.cidademarketing.com.br\\\/marketing\\\/#website\"},\"primaryImageOfPage\":{\"@id\":\"https:\\\/\\\/www.cidademarketing.com.br\\\/marketing\\\/2022\\\/08\\\/21\\\/ram-e-paramount-anunciam-parceria-e-levam-picape-da-serie-yellowstone-para-a-festa-de-barretos\\\/#primaryimage\"},\"image\":{\"@id\":\"https:\\\/\\\/www.cidademarketing.com.br\\\/marketing\\\/2022\\\/08\\\/21\\\/ram-e-paramount-anunciam-parceria-e-levam-picape-da-serie-yellowstone-para-a-festa-de-barretos\\\/#primaryimage\"},\"thumbnailUrl\":\"https:\\\/\\\/www.cidademarketing.com.br\\\/marketing\\\/wp-content\\\/uploads\\\/2022\\\/08\\\/ram_barretos-2-scaled.jpeg\",\"datePublished\":\"2022-08-22T01:47:23+00:00\",\"breadcrumb\":{\"@id\":\"https:\\\/\\\/www.cidademarketing.com.br\\\/marketing\\\/2022\\\/08\\\/21\\\/ram-e-paramount-anunciam-parceria-e-levam-picape-da-serie-yellowstone-para-a-festa-de-barretos\\\/#breadcrumb\"},\"inLanguage\":\"pt-BR\",\"potentialAction\":[{\"@type\":\"ReadAction\",\"target\":[\"https:\\\/\\\/www.cidademarketing.com.br\\\/marketing\\\/2022\\\/08\\\/21\\\/ram-e-paramount-anunciam-parceria-e-levam-picape-da-serie-yellowstone-para-a-festa-de-barretos\\\/\"]}]},{\"@type\":\"ImageObject\",\"inLanguage\":\"pt-BR\",\"@id\":\"https:\\\/\\\/www.cidademarketing.com.br\\\/marketing\\\/2022\\\/08\\\/21\\\/ram-e-paramount-anunciam-parceria-e-levam-picape-da-serie-yellowstone-para-a-festa-de-barretos\\\/#primaryimage\",\"url\":\"https:\\\/\\\/www.cidademarketing.com.br\\\/marketing\\\/wp-content\\\/uploads\\\/2022\\\/08\\\/ram_barretos-2-scaled.jpeg\",\"contentUrl\":\"https:\\\/\\\/www.cidademarketing.com.br\\\/marketing\\\/wp-content\\\/uploads\\\/2022\\\/08\\\/ram_barretos-2-scaled.jpeg\",\"width\":2560,\"height\":1607},{\"@type\":\"BreadcrumbList\",\"@id\":\"https:\\\/\\\/www.cidademarketing.com.br\\\/marketing\\\/2022\\\/08\\\/21\\\/ram-e-paramount-anunciam-parceria-e-levam-picape-da-serie-yellowstone-para-a-festa-de-barretos\\\/#breadcrumb\",\"itemListElement\":[{\"@type\":\"ListItem\",\"position\":1,\"name\":\"In\u00edcio\",\"item\":\"https:\\\/\\\/www.cidademarketing.com.br\\\/marketing\\\/\"},{\"@type\":\"ListItem\",\"position\":2,\"name\":\"Ram e Paramount anunciam parceria e levam picape da s\u00e9rie Yellowstone para a Festa de Barretos\"}]},{\"@type\":\"WebSite\",\"@id\":\"https:\\\/\\\/www.cidademarketing.com.br\\\/marketing\\\/#website\",\"url\":\"https:\\\/\\\/www.cidademarketing.com.br\\\/marketing\\\/\",\"name\":\"CidadeMarketing\",\"description\":\"Somos um ve\u00edculo de comunica\u00e7\u00e3o de destaque no Brasil, reconhecido por conte\u00fados nos segmentos de marketing, empreendedorismo e inova\u00e7\u00e3o.\",\"publisher\":{\"@id\":\"https:\\\/\\\/www.cidademarketing.com.br\\\/marketing\\\/#organization\"},\"alternateName\":\"CidadeMarketing\",\"potentialAction\":[{\"@type\":\"SearchAction\",\"target\":{\"@type\":\"EntryPoint\",\"urlTemplate\":\"https:\\\/\\\/www.cidademarketing.com.br\\\/marketing\\\/?s={search_term_string}\"},\"query-input\":{\"@type\":\"PropertyValueSpecification\",\"valueRequired\":true,\"valueName\":\"search_term_string\"}}],\"inLanguage\":\"pt-BR\"},{\"@type\":\"Organization\",\"@id\":\"https:\\\/\\\/www.cidademarketing.com.br\\\/marketing\\\/#organization\",\"name\":\"CidadeMarketing\",\"alternateName\":\"CidadeMarketing\",\"url\":\"https:\\\/\\\/www.cidademarketing.com.br\\\/marketing\\\/\",\"logo\":{\"@type\":\"ImageObject\",\"inLanguage\":\"pt-BR\",\"@id\":\"https:\\\/\\\/www.cidademarketing.com.br\\\/marketing\\\/#\\\/schema\\\/logo\\\/image\\\/\",\"url\":\"https:\\\/\\\/www.cidademarketing.com.br\\\/marketing\\\/wp-content\\\/uploads\\\/2020\\\/01\\\/cidademarketing_marca_mobile.png\",\"contentUrl\":\"https:\\\/\\\/www.cidademarketing.com.br\\\/marketing\\\/wp-content\\\/uploads\\\/2020\\\/01\\\/cidademarketing_marca_mobile.png\",\"width\":230,\"height\":92,\"caption\":\"CidadeMarketing\"},\"image\":{\"@id\":\"https:\\\/\\\/www.cidademarketing.com.br\\\/marketing\\\/#\\\/schema\\\/logo\\\/image\\\/\"},\"sameAs\":[\"https:\\\/\\\/www.facebook.com\\\/portalcidademarketing\",\"https:\\\/\\\/x.com\\\/CidadeMarketing\",\"https:\\\/\\\/www.instagram.com\\\/cidademarketing\\\/\"]},{\"@type\":\"Person\",\"@id\":\"https:\\\/\\\/www.cidademarketing.com.br\\\/marketing\\\/#\\\/schema\\\/person\\\/02daff9f18bd9378c9e01eb6b2db155f\",\"name\":\"Thales Brand\u00e3o\",\"image\":{\"@type\":\"ImageObject\",\"inLanguage\":\"pt-BR\",\"@id\":\"https:\\\/\\\/secure.gravatar.com\\\/avatar\\\/7ca3206950207cc3cb48feec56a8a7898741ab725c368d99d5d7a5a50aab80c6?s=96&d=mm&r=g\",\"url\":\"https:\\\/\\\/secure.gravatar.com\\\/avatar\\\/7ca3206950207cc3cb48feec56a8a7898741ab725c368d99d5d7a5a50aab80c6?s=96&d=mm&r=g\",\"contentUrl\":\"https:\\\/\\\/secure.gravatar.com\\\/avatar\\\/7ca3206950207cc3cb48feec56a8a7898741ab725c368d99d5d7a5a50aab80c6?s=96&d=mm&r=g\",\"caption\":\"Thales Brand\u00e3o\"},\"description\":\"Editor Executivo do Portal CidadeMarketing.com.br &gt; Mestre em Comunica\u00e7\u00e3o e Sociedade pela Universidade Federal de Sergipe. Possui MBA Executivo em Administra\u00e7\u00e3o com \u00eanfase em Marketing pela Funda\u00e7\u00e3o Get\u00falio Vargas - Rio de Janeiro. Consultor, Palestrante e Pesquisador sobre Empreendedorismo, Marketing, Redes Sociais e Neg\u00f3cios Digitais. Professor, Palestrante TedxTalks e Campus Party. Twitter: @ThalesBrandao\",\"sameAs\":[\"http:\\\/\\\/www.mandacaru.com.br\",\"https:\\\/\\\/www.facebook.com\\\/thalesbrandao\",\"http:\\\/\\\/www.instagram.com.br\\\/thalesbrandaoferreira\",\"https:\\\/\\\/www.linkedin.com\\\/in\\\/thales-brand\u00e3o-3948609\\\/\",\"https:\\\/\\\/x.com\\\/http:\\\/\\\/www.twitter.com\\\/thalesbrandao\"],\"url\":\"https:\\\/\\\/www.cidademarketing.com.br\\\/marketing\\\/author\\\/thalesbrandao\\\/\"}]}<\/script>\n<!-- \/ Yoast SEO plugin. -->","yoast_head_json":{"title":"Ram e Paramount anunciam parceria e levam picape da s\u00e9rie Yellowstone para a Festa de Barretos - CidadeMarketing","robots":{"index":"index","follow":"follow","max-snippet":"max-snippet:-1","max-image-preview":"max-image-preview:large","max-video-preview":"max-video-preview:-1"},"canonical":"https:\/\/www.cidademarketing.com.br\/marketing\/2022\/08\/21\/ram-e-paramount-anunciam-parceria-e-levam-picape-da-serie-yellowstone-para-a-festa-de-barretos\/","og_locale":"pt_BR","og_type":"article","og_title":"Ram e Paramount anunciam parceria e levam picape da s\u00e9rie Yellowstone para a Festa de Barretos - CidadeMarketing","og_description":"Sucesso de p\u00fablico e m\u00eddia, universo agropecu\u00e1rio e aut\u00eantico estilo norte-americano s\u00e3o caracter\u00edsticas da marca Ram e tamb\u00e9m de Yellowstone, uma das s\u00e9ries mais aclamadas do servi\u00e7o premium de streaming, Paramount+. Em iniciativa in\u00e9dita no Brasil, a marca do carneiro e a Paramount anunciam uma parceria muito especial e exibir\u00e3o uma picape inspirada no ic\u00f4nico [&hellip;]","og_url":"https:\/\/www.cidademarketing.com.br\/marketing\/2022\/08\/21\/ram-e-paramount-anunciam-parceria-e-levam-picape-da-serie-yellowstone-para-a-festa-de-barretos\/","og_site_name":"CidadeMarketing","article_publisher":"https:\/\/www.facebook.com\/portalcidademarketing","article_author":"https:\/\/www.facebook.com\/thalesbrandao","article_published_time":"2022-08-22T01:47:23+00:00","og_image":[{"width":2560,"height":1607,"url":"https:\/\/www.cidademarketing.com.br\/marketing\/wp-content\/uploads\/2022\/08\/ram_barretos-2-scaled.jpeg","type":"image\/jpeg"}],"author":"Thales Brand\u00e3o","twitter_card":"summary_large_image","twitter_creator":"@http:\/\/www.twitter.com\/thalesbrandao","twitter_site":"@CidadeMarketing","twitter_misc":{"Escrito por":"Thales Brand\u00e3o","Est. tempo de leitura":"2 minutos"},"schema":{"@context":"https:\/\/schema.org","@graph":[{"@type":"Article","@id":"https:\/\/www.cidademarketing.com.br\/marketing\/2022\/08\/21\/ram-e-paramount-anunciam-parceria-e-levam-picape-da-serie-yellowstone-para-a-festa-de-barretos\/#article","isPartOf":{"@id":"https:\/\/www.cidademarketing.com.br\/marketing\/2022\/08\/21\/ram-e-paramount-anunciam-parceria-e-levam-picape-da-serie-yellowstone-para-a-festa-de-barretos\/"},"author":{"name":"Thales Brand\u00e3o","@id":"https:\/\/www.cidademarketing.com.br\/marketing\/#\/schema\/person\/02daff9f18bd9378c9e01eb6b2db155f"},"headline":"Ram e Paramount anunciam parceria e levam picape da s\u00e9rie Yellowstone para a Festa de Barretos","datePublished":"2022-08-22T01:47:23+00:00","mainEntityOfPage":{"@id":"https:\/\/www.cidademarketing.com.br\/marketing\/2022\/08\/21\/ram-e-paramount-anunciam-parceria-e-levam-picape-da-serie-yellowstone-para-a-festa-de-barretos\/"},"wordCount":513,"commentCount":0,"publisher":{"@id":"https:\/\/www.cidademarketing.com.br\/marketing\/#organization"},"image":{"@id":"https:\/\/www.cidademarketing.com.br\/marketing\/2022\/08\/21\/ram-e-paramount-anunciam-parceria-e-levam-picape-da-serie-yellowstone-para-a-festa-de-barretos\/#primaryimage"},"thumbnailUrl":"https:\/\/www.cidademarketing.com.br\/marketing\/wp-content\/uploads\/2022\/08\/ram_barretos-2-scaled.jpeg","keywords":["campanha","estrat\u00e9gia","Festa de Barretos","marketing","patroc\u00ednio","Ram"],"articleSection":["Not\u00edcias"],"inLanguage":"pt-BR","potentialAction":[{"@type":"CommentAction","name":"Comment","target":["https:\/\/www.cidademarketing.com.br\/marketing\/2022\/08\/21\/ram-e-paramount-anunciam-parceria-e-levam-picape-da-serie-yellowstone-para-a-festa-de-barretos\/#respond"]}]},{"@type":"WebPage","@id":"https:\/\/www.cidademarketing.com.br\/marketing\/2022\/08\/21\/ram-e-paramount-anunciam-parceria-e-levam-picape-da-serie-yellowstone-para-a-festa-de-barretos\/","url":"https:\/\/www.cidademarketing.com.br\/marketing\/2022\/08\/21\/ram-e-paramount-anunciam-parceria-e-levam-picape-da-serie-yellowstone-para-a-festa-de-barretos\/","name":"Ram e Paramount anunciam parceria e levam picape da s\u00e9rie Yellowstone para a Festa de Barretos - CidadeMarketing","isPartOf":{"@id":"https:\/\/www.cidademarketing.com.br\/marketing\/#website"},"primaryImageOfPage":{"@id":"https:\/\/www.cidademarketing.com.br\/marketing\/2022\/08\/21\/ram-e-paramount-anunciam-parceria-e-levam-picape-da-serie-yellowstone-para-a-festa-de-barretos\/#primaryimage"},"image":{"@id":"https:\/\/www.cidademarketing.com.br\/marketing\/2022\/08\/21\/ram-e-paramount-anunciam-parceria-e-levam-picape-da-serie-yellowstone-para-a-festa-de-barretos\/#primaryimage"},"thumbnailUrl":"https:\/\/www.cidademarketing.com.br\/marketing\/wp-content\/uploads\/2022\/08\/ram_barretos-2-scaled.jpeg","datePublished":"2022-08-22T01:47:23+00:00","breadcrumb":{"@id":"https:\/\/www.cidademarketing.com.br\/marketing\/2022\/08\/21\/ram-e-paramount-anunciam-parceria-e-levam-picape-da-serie-yellowstone-para-a-festa-de-barretos\/#breadcrumb"},"inLanguage":"pt-BR","potentialAction":[{"@type":"ReadAction","target":["https:\/\/www.cidademarketing.com.br\/marketing\/2022\/08\/21\/ram-e-paramount-anunciam-parceria-e-levam-picape-da-serie-yellowstone-para-a-festa-de-barretos\/"]}]},{"@type":"ImageObject","inLanguage":"pt-BR","@id":"https:\/\/www.cidademarketing.com.br\/marketing\/2022\/08\/21\/ram-e-paramount-anunciam-parceria-e-levam-picape-da-serie-yellowstone-para-a-festa-de-barretos\/#primaryimage","url":"https:\/\/www.cidademarketing.com.br\/marketing\/wp-content\/uploads\/2022\/08\/ram_barretos-2-scaled.jpeg","contentUrl":"https:\/\/www.cidademarketing.com.br\/marketing\/wp-content\/uploads\/2022\/08\/ram_barretos-2-scaled.jpeg","width":2560,"height":1607},{"@type":"BreadcrumbList","@id":"https:\/\/www.cidademarketing.com.br\/marketing\/2022\/08\/21\/ram-e-paramount-anunciam-parceria-e-levam-picape-da-serie-yellowstone-para-a-festa-de-barretos\/#breadcrumb","itemListElement":[{"@type":"ListItem","position":1,"name":"In\u00edcio","item":"https:\/\/www.cidademarketing.com.br\/marketing\/"},{"@type":"ListItem","position":2,"name":"Ram e Paramount anunciam parceria e levam picape da s\u00e9rie Yellowstone para a Festa de Barretos"}]},{"@type":"WebSite","@id":"https:\/\/www.cidademarketing.com.br\/marketing\/#website","url":"https:\/\/www.cidademarketing.com.br\/marketing\/","name":"CidadeMarketing","description":"Somos um ve\u00edculo de comunica\u00e7\u00e3o de destaque no Brasil, reconhecido por conte\u00fados nos segmentos de marketing, empreendedorismo e inova\u00e7\u00e3o.","publisher":{"@id":"https:\/\/www.cidademarketing.com.br\/marketing\/#organization"},"alternateName":"CidadeMarketing","potentialAction":[{"@type":"SearchAction","target":{"@type":"EntryPoint","urlTemplate":"https:\/\/www.cidademarketing.com.br\/marketing\/?s={search_term_string}"},"query-input":{"@type":"PropertyValueSpecification","valueRequired":true,"valueName":"search_term_string"}}],"inLanguage":"pt-BR"},{"@type":"Organization","@id":"https:\/\/www.cidademarketing.com.br\/marketing\/#organization","name":"CidadeMarketing","alternateName":"CidadeMarketing","url":"https:\/\/www.cidademarketing.com.br\/marketing\/","logo":{"@type":"ImageObject","inLanguage":"pt-BR","@id":"https:\/\/www.cidademarketing.com.br\/marketing\/#\/schema\/logo\/image\/","url":"https:\/\/www.cidademarketing.com.br\/marketing\/wp-content\/uploads\/2020\/01\/cidademarketing_marca_mobile.png","contentUrl":"https:\/\/www.cidademarketing.com.br\/marketing\/wp-content\/uploads\/2020\/01\/cidademarketing_marca_mobile.png","width":230,"height":92,"caption":"CidadeMarketing"},"image":{"@id":"https:\/\/www.cidademarketing.com.br\/marketing\/#\/schema\/logo\/image\/"},"sameAs":["https:\/\/www.facebook.com\/portalcidademarketing","https:\/\/x.com\/CidadeMarketing","https:\/\/www.instagram.com\/cidademarketing\/"]},{"@type":"Person","@id":"https:\/\/www.cidademarketing.com.br\/marketing\/#\/schema\/person\/02daff9f18bd9378c9e01eb6b2db155f","name":"Thales Brand\u00e3o","image":{"@type":"ImageObject","inLanguage":"pt-BR","@id":"https:\/\/secure.gravatar.com\/avatar\/7ca3206950207cc3cb48feec56a8a7898741ab725c368d99d5d7a5a50aab80c6?s=96&d=mm&r=g","url":"https:\/\/secure.gravatar.com\/avatar\/7ca3206950207cc3cb48feec56a8a7898741ab725c368d99d5d7a5a50aab80c6?s=96&d=mm&r=g","contentUrl":"https:\/\/secure.gravatar.com\/avatar\/7ca3206950207cc3cb48feec56a8a7898741ab725c368d99d5d7a5a50aab80c6?s=96&d=mm&r=g","caption":"Thales Brand\u00e3o"},"description":"Editor Executivo do Portal CidadeMarketing.com.br &gt; Mestre em Comunica\u00e7\u00e3o e Sociedade pela Universidade Federal de Sergipe. Possui MBA Executivo em Administra\u00e7\u00e3o com \u00eanfase em Marketing pela Funda\u00e7\u00e3o Get\u00falio Vargas - Rio de Janeiro. Consultor, Palestrante e Pesquisador sobre Empreendedorismo, Marketing, Redes Sociais e Neg\u00f3cios Digitais. Professor, Palestrante TedxTalks e Campus Party. Twitter: @ThalesBrandao","sameAs":["http:\/\/www.mandacaru.com.br","https:\/\/www.facebook.com\/thalesbrandao","http:\/\/www.instagram.com.br\/thalesbrandaoferreira","https:\/\/www.linkedin.com\/in\/thales-brand\u00e3o-3948609\/","https:\/\/x.com\/http:\/\/www.twitter.com\/thalesbrandao"],"url":"https:\/\/www.cidademarketing.com.br\/marketing\/author\/thalesbrandao\/"}]}},"amp_enabled":true,"_links":{"self":[{"href":"https:\/\/www.cidademarketing.com.br\/marketing\/wp-json\/wp\/v2\/posts\/37638","targetHints":{"allow":["GET"]}}],"collection":[{"href":"https:\/\/www.cidademarketing.com.br\/marketing\/wp-json\/wp\/v2\/posts"}],"about":[{"href":"https:\/\/www.cidademarketing.com.br\/marketing\/wp-json\/wp\/v2\/types\/post"}],"author":[{"embeddable":true,"href":"https:\/\/www.cidademarketing.com.br\/marketing\/wp-json\/wp\/v2\/users\/1"}],"replies":[{"embeddable":true,"href":"https:\/\/www.cidademarketing.com.br\/marketing\/wp-json\/wp\/v2\/comments?post=37638"}],"version-history":[{"count":1,"href":"https:\/\/www.cidademarketing.com.br\/marketing\/wp-json\/wp\/v2\/posts\/37638\/revisions"}],"predecessor-version":[{"id":37640,"href":"https:\/\/www.cidademarketing.com.br\/marketing\/wp-json\/wp\/v2\/posts\/37638\/revisions\/37640"}],"wp:featuredmedia":[{"embeddable":true,"href":"https:\/\/www.cidademarketing.com.br\/marketing\/wp-json\/wp\/v2\/media\/37639"}],"wp:attachment":[{"href":"https:\/\/www.cidademarketing.com.br\/marketing\/wp-json\/wp\/v2\/media?parent=37638"}],"wp:term":[{"taxonomy":"category","embeddable":true,"href":"https:\/\/www.cidademarketing.com.br\/marketing\/wp-json\/wp\/v2\/categories?post=37638"},{"taxonomy":"post_tag","embeddable":true,"href":"https:\/\/www.cidademarketing.com.br\/marketing\/wp-json\/wp\/v2\/tags?post=37638"}],"curies":[{"name":"wp","href":"https:\/\/api.w.org\/{rel}","templated":true}]}}